{"id":92762,"date":"2020-10-20T08:45:40","date_gmt":"2020-10-20T11:45:40","guid":{"rendered":"https:\/\/www.suno.com.br\/noticias\/?p=92762"},"modified":"2020-10-20T08:45:40","modified_gmt":"2020-10-20T11:45:40","slug":"destaques-corporativos-c-a-big-banrisul-csn-vale","status":"publish","type":"post","link":"https:\/\/www.suno.com.br\/noticias\/destaques-corporativos-c-a-big-banrisul-csn-vale\/","title":{"rendered":"Destaques de empresas: C&#038;A; CVC; Big; CSN; Vale"},"content":{"rendered":"<p>Nos <strong>destaques de empresas <\/strong>desta ter\u00e7a-feira (20), chama aten\u00e7\u00e3o a not\u00edcia de que a C&amp;A negou o desejo de vender sua opera\u00e7\u00e3o no Brasil. Al\u00e9m disso, o mercado vai reagir hoje aos dados de produ\u00e7\u00e3o divulgados na noite de ontem pela Vale, e acompanhar as novidades sobre os planos de abertura de capital do Grupo Big Brasil e da CSN. Nesta manh\u00e3, a CVC divulgou seu resultado do segundo trimestre.<\/p>\t<div class=\"wrapper-featured-image\">\n\t\t<figure class=\"spotlightImg\">\n\n\t\t\t<picture>\n\t\t\t\t<source media=\"(max-width: 768px)\" srcset=\"https:\/\/files.sunoresearch.com.br\/n\/uploads\/2019\/09\/d2a9b529-cea-400x200.webp\">\n\t\t\t\t<img loading=\"lazy\" decoding=\"async\" class=\"newsContent__article__imgCapa lazyloadDisabled \" src=\"https:\/\/files.sunoresearch.com.br\/n\/uploads\/2019\/09\/d2a9b529-cea-800x450.webp\" width=\"800\" height=\"450\" alt=\"Destaques de empresas: C&#038;A; CVC; Big; CSN; Vale\" fetchpriority=high \/>\n\t\t\t<\/picture>\n\n\t\t\t<figcaption class=\"wp-caption-text wp-caption-text--show\"> C&amp;A (CEAB3). Foto: Divulga\u00e7\u00e3o <\/figcaption>\n\t\t<\/figure>\n\t<\/div>\n\n\n<p>Confira as principais informa\u00e7\u00f5es:<\/p>\n<h2><strong>C&amp;A<\/strong><\/h2>\n<p>A <a href=\"https:\/\/www.suno.com.br\/acoes\/ceab3\/\"><strong>C&amp;A <\/strong>(CEAB3)<\/a> negou, na noite da \u00faltima segunda-feira (19), a informa\u00e7\u00e3o dada por um jornal de que a fam\u00edlia Brenninkmeijer, detentora das opera\u00e7\u00f5es da varejista, desejava vender a opera\u00e7\u00e3o da companhia no Brasil. De acordo com a not\u00edcia veiculada na mesma data pelo jornal &#8220;Valor Econ\u00f4mico&#8221;, a ideia do grupo de investidores era focar nos neg\u00f3cios na Europa.<\/p>\n<p><a href=\"https:\/\/lp.suno.com.br\/suno-one\/\">Suno One: acesse gratuitamente eBooks, Minicursos, Artigos e Video Aulas sobre investimentos com um \u00fanico cadastro. Clique para saber mais!<\/a><\/p>\n<p>Em comunicado ao mercado, a <strong>varejista<\/strong> informou que os &#8220;<a href=\"https:\/\/www.suno.com.br\/artigos\/acionista-controlador\/\"><strong>acionistas controladores<\/strong><\/a> (COFRA Holding) confirmam que nenhum processo est\u00e1 em andamento no que diz \u00e0 respeito \u00e0 C&amp;A Modas&#8221;.<\/p>\n<p>De acordo com a publica\u00e7\u00e3o, a fam\u00edlia Brenninkmeijer considerava vender 65% das opera\u00e7\u00f5es no Brasil, ap\u00f3s ter desfeito das opera\u00e7\u00f5es na China e no M\u00e9xico.<\/p>\n\t<div data-element=\"shortcode-read-more\" class=\"knowMore\">\n\t\t\t\t<span class=\"knowMore__title\">Saiba mais<\/span>\n\t\t\t\t<a class=\"knowMore__link\" href=\"https:\/\/www.suno.com.br\/noticias\/cea-nega-venda-de-ativos-no-brasil-ceab3\/\">\n\t\t\tC&amp;A (CEAB3) nega not\u00edcia sobre venda de ativos no Brasil\t\t<\/a>\n\t<\/div>\n\n\n<h2><strong>CVC<\/strong><\/h2>\n<p>A\u00a0<a href=\"https:\/\/www.suno.com.br\/acoes\/cvcb3\/\"><strong>CVC<\/strong>\u00a0(CVCB3)<\/a>\u00a0registrou\u00a0<a href=\"https:\/\/www.suno.com.br\/artigos\/prejuizos-acumulados\/\">preju\u00edzo l\u00edquido<\/a>\u00a0de R$ 252,1 milh\u00f5es no segundo trimestre de 2020, frente a um\u00a0<a href=\"https:\/\/www.suno.com.br\/artigos\/lucro-liquido\/\">lucro l\u00edquido<\/a>\u00a0proforma de R$ 98,5 milh\u00f5es no mesmo per\u00edodo no ano passado. Segundo a operadora de viagens, as atividades no Brasil foram impactadas pela abrupta queda na\u00a0<a href=\"https:\/\/www.suno.com.br\/artigos\/o-que-receita-liquida\/\">receita l\u00edquida<\/a> decorrente da pandemia do novo coronav\u00edrus (covid-19).<\/p>\n<p>O balan\u00e7o mostrou ainda uma queda de 99,4% da receita l\u00edquida em compara\u00e7\u00e3o com segundo trimestre de 2019, para R$ 3 milh\u00f5es. O <a href=\"https:\/\/www.suno.com.br\/artigos\/ebitda-ajustado\/\">Ebitda ajustado (lucros antes de juros, impostos, deprecia\u00e7\u00e3o e amortiza\u00e7\u00e3o)<\/a>\u00a0foi negativo em R$ 155,3 milh\u00f5es, comparado a um resultado positivo de R$ 197,3 milh\u00f5es no mesmo per\u00edodo em 2019.<\/p>\n\t<div data-element=\"shortcode-read-more\" class=\"knowMore\">\n\t\t\t\t<span class=\"knowMore__title\">Saiba mais<\/span>\n\t\t\t\t<a class=\"knowMore__link\" href=\"https:\/\/www.suno.com.br\/noticias\/cvc-cvcb3-prejuizo-de-228-milhoes-2t20-segundo-trimestre\/\">\n\t\t\tCVC (CVCB3) reverte lucro e tem preju\u00edzo de R$ 252,1 milh\u00f5es no 2T20\t\t<\/a>\n\t<\/div>\n\n\n<h2>Vale<\/h2>\n<p>A produ\u00e7\u00e3o de min\u00e9rio de ferro da <a href=\"https:\/\/www.suno.com.br\/acoes\/vale3\/\"><strong>Vale (VALE3)<\/strong><\/a> ficou em 88.676 milh\u00f5es de toneladas no terceiro trimestre deste ano. O valor representa uma alta de 2,3% frente ao mesmo per\u00edodo de 2019. Em rela\u00e7\u00e3o ao segundo trimestre deste ano, o avan\u00e7o chegou a 31,2%.<\/p>\n<p>No acumulado do ano at\u00e9 setembro, a produ\u00e7\u00e3o chegou em 215.877 milh\u00f5es de toneladas, queda de 3,5% em compara\u00e7\u00e3o ao per\u00edodo de janeiro a setembro do ano passado. A meta da companhia para a produ\u00e7\u00e3o \u00e9 de 310 milh\u00f5es a 330 milh\u00f5es de toneladas at\u00e9 o fim de 2020.<\/p>\n<p>No relat\u00f3rio que divulgou na \u00faltima segunda-feira (19), a companhia informou que est\u00e1 evoluindo com seu plano de estabiliza\u00e7\u00e3o e entregou uma forte produ\u00e7\u00e3o de min\u00e9rio de ferro no terceiro trimestre.<\/p>\n\t<div data-element=\"shortcode-read-more\" class=\"knowMore\">\n\t\t\t\t<span class=\"knowMore__title\">Saiba mais<\/span>\n\t\t\t\t<a class=\"knowMore__link\" href=\"https:\/\/www.suno.com.br\/noticias\/vale-vale3-producao-minerio-de-ferro-3t20\/\">\n\t\t\tVale (VALE3) produz 88,7 mi de t de min\u00e9rio de ferro no 3T20; alta de 2,3%\t\t<\/a>\n\t<\/div>\n\n\n<h2>Grupo Big Brasil<\/h2>\n<p>O <strong>Grupo Big<\/strong> <strong>Brasil<\/strong> divulgou, tamb\u00e9m na \u00faltima segunda-feira (19), o <a href=\"https:\/\/www.suno.com.br\/artigos\/prospecto-preliminar\/\">prospecto preliminar<\/a> de <a href=\"https:\/\/www.suno.com.br\/artigos\/ipo\/\">oferta inicial de a\u00e7\u00f5es (IPO, na sigla em ingl\u00eas)<\/a>. A rede de varejo aliment\u00edcio pretende realizar oferta prim\u00e1ria e secund\u00e1ria de a\u00e7\u00f5es.<\/p>\n<p>Segundo o prospecto, o valor que for levantado pela<strong> oferta prim\u00e1ria<\/strong> ser\u00e1 destinado \u00e0:<\/p>\n<ul>\n<li>Abertura de novas lojas de atacado e postos de combust\u00edveis;<\/li>\n<li>Convers\u00e3o de lojas de varejo em lojas de atacado;<\/li>\n<li>Reformas de lojas existentes;<\/li>\n<li>Investimentos em sistemas de TI e outros projetos.<\/li>\n<\/ul>\n<p>A oferta ser\u00e1 coordenada pelo <strong>Ita\u00fa<\/strong> <strong>BBA<\/strong>; <strong>Bank<\/strong> <strong>of<\/strong> <strong>America<\/strong>; <strong>BTG<\/strong> <strong>Pactual<\/strong>; <strong>Credit<\/strong> <strong>Suisse<\/strong>; <strong>Bradesco<\/strong> <strong>BBI<\/strong> e <strong>J.P. Morgan<\/strong>.<\/p>\n\t<div data-element=\"shortcode-read-more\" class=\"knowMore\">\n\t\t\t\t<span class=\"knowMore__title\">Saiba mais<\/span>\n\t\t\t\t<a class=\"knowMore__link\" href=\"https:\/\/www.suno.com.br\/noticias\/grupo-big-brasil-prospecto-abertura-de-capital-ipo\/\">\n\t\t\tGrupo Big Brasil divulga prospecto preliminar para abertura de capital\t\t<\/a>\n\t<\/div>\n\n\n<h2>CSN<\/h2>\n<p>Entre os destaques de empresas, outra not\u00edcia relevante \u00e9 sobre a <a href=\"https:\/\/www.suno.com.br\/acoes\/csna3\/\"><strong>CSN (CSNA3)<\/strong><\/a>. A empresa apresentou um pedido de registro de oferta p\u00fablica de distribui\u00e7\u00e3o prim\u00e1ria e secund\u00e1ria (IPO) das a\u00e7\u00f5es da<strong> CSN Minera\u00e7\u00e3o<\/strong> na <a href=\"https:\/\/www.suno.com.br\/artigos\/cvm\/\">Comiss\u00e3o de Valores Mobili\u00e1rios (CVM)<\/a>.<\/p>\n<p>A empresa informou que a oferta foi aprovada em Assembleia Geral Extraordin\u00e1ria e reuni\u00e3o do <a href=\"https:\/\/www.suno.com.br\/artigos\/conselho-administracao\/\">Conselho de Administra\u00e7\u00e3o<\/a> da CSN Minera\u00e7\u00e3o realizadas no \u00faltimo dia 15 de outubro, junto ao pedido de ades\u00e3o da empresa no segmento N\u00edvel 2 da B3.<\/p>\n<p>&#8220;A eventual participa\u00e7\u00e3o da companhia na oferta, mediante a aliena\u00e7\u00e3o de a\u00e7\u00f5es ordin\u00e1rias de emiss\u00e3o da CSN Minera\u00e7\u00e3o que sejam de sua titularidade, est\u00e1 sob avalia\u00e7\u00e3o pela companhia&#8221;, informou a CSN em seu comunicado.<\/p>\n\t<div data-element=\"shortcode-read-more\" class=\"knowMore\">\n\t\t\t\t<span class=\"knowMore__title\">Saiba mais<\/span>\n\t\t\t\t<a class=\"knowMore__link\" href=\"https:\/\/www.suno.com.br\/noticias\/csn-csna3-registro-ipo-mineracao\/\">\n\t\t\tCSN (CSNA3) pede registro de IPO para CSN Minera\u00e7\u00e3o\t\t<\/a>\n\t<\/div>\n\n\n<h2>Banrisul<\/h2>\n<p>O <a href=\"https:\/\/www.suno.com.br\/acoes\/brsr6\/\"><strong>Banrisul (BRSR6)<\/strong> <\/a>informou, na \u00faltima segunda, via fato relevante, que concluiu o per\u00edodo de manifesta\u00e7\u00e3o de interesse e homologa\u00e7\u00e3o de seu Plano de Desligamento Volunt\u00e1rio (PDV), com ades\u00e3o de 903 funcion\u00e1rios.<\/p>\n<p>De acordo com a institui\u00e7\u00e3o financeira, o atual PDV, al\u00e9m de superar o n\u00famero de ades\u00f5es dos empregados dos Planos de Desligamento anteriores, inovou ao ser firmado atrav\u00e9s de um acordo coletivo realizado com sindicatos representantes da categoria banc\u00e1ria, com uma cl\u00e1usula espec\u00edfica de quita\u00e7\u00e3o total do contrato de trabalho.<\/p>\n<p><em>Com informa\u00e7\u00f5es do Estad\u00e3o Conte\u00fado.\u00a0<\/em><\/p>\n<p>Os <strong>destaques de empresas<\/strong>\u00a0do<a href=\"https:\/\/www.suno.com.br\/noticias\/\"> Suno Not\u00edcias<\/a> mostram os principais acontecimentos que prometem movimentar o mercado durante o dia.<\/p>\n\t<p>\n\t\t<a href=\"https:\/\/lp.suno.com.br\/planilha-de-controle-de-investimentos\/\" target=\"_blank\" data-element=\"shortcode-suno-banner\" title=\"Banner SUNO, clique e saiba mais\">\n\t\t\t<picture>\n\t\t\t\t<source media=\"(max-width: 500px)\" srcset=\"https:\/\/files.sunoresearch.com.br\/n\/uploads\/2023\/03\/400x300-Controle-de-Investimentos.png\">\n\t\t\t\t<img class=\"newsContent__article__imgCapa newsContent__article__imgCapa--banner\"\n\t\t\t\t\tsrc=\"https:\/\/files.sunoresearch.com.br\/n\/uploads\/2023\/03\/1420x240-Controle-de-Investimentos.png\"\n\t\t\t\t\tdata-promo-id=\"75934\"\t\t\t\t\t\t\t\t\t\twidth='1420' height='240'\t\t\t\t\talt=\"https:\/\/files.sunoresearch.com.br\/n\/uploads\/2023\/03\/1420x240-Controle-de-Investimentos.png\"\n\t\t\t\t>\n\t\t\t<\/picture>\n\t\t<\/a>\n\t<\/p>\n\n\n","protected":false},"excerpt":{"rendered":"<p>Nos destaques de empresas desta ter\u00e7a-feira (20), chama aten\u00e7\u00e3o a not\u00edcia de que a C&amp;A negou o desejo de vender sua opera\u00e7\u00e3o no Brasil. Al\u00e9m disso, o mercado vai reagir hoje aos dados de produ\u00e7\u00e3o divulgados na noite de ontem pela Vale, e acompanhar as novidades sobre os planos de abertura de capital do Grupo [&hellip;]<\/p>\n","protected":false},"author":19,"featured_media":36576,"comment_status":"closed","ping_status":"closed","sticky":false,"template":"","format":"standard","meta":[],"categories":[64],"tags":[374,1898,1388,442,104686,676],"suno_strategy":[],"class_list":["post-92762","post","type-post","status-publish","format-standard","has-post-thumbnail","hentry","category-negocios","tag-banco-banrisul-brsr3-brsr5-brsr6","tag-ca-ceab3","tag-csn-csna3","tag-cvc-cvcb3","tag-grupo-big","tag-vale-vale3"],"yoast_head":"<!-- This site is optimized with the Yoast SEO plugin v24.4 - https:\/\/yoast.com\/wordpress\/plugins\/seo\/ -->\n<title>Destaques corporativos: C&amp;A; Big; Banrisul; CSN; Vale<\/title>\n<meta name=\"description\" content=\"Destaques corporativos: C&amp;A nega inten\u00e7\u00e3o de sair do Brasil; Big pode ser listado na B3; Banrisul; CSN; Vale. Clique e saiba mais.\" \/>\n<meta name=\"robots\" content=\"index, follow, max-snippet:-1, max-image-preview:large, max-video-preview:-1\" \/>\n<link rel=\"canonical\" href=\"https:\/\/www.suno.com.br\/noticias\/destaques-corporativos-c-a-big-banrisul-csn-vale\/\" \/>\n<meta property=\"og:locale\" content=\"pt_BR\" \/>\n<meta property=\"og:type\" content=\"article\" \/>\n<meta property=\"og:title\" content=\"Destaques corporativos: C&amp;A; Big; Banrisul; CSN; Vale\" \/>\n<meta property=\"og:description\" content=\"Destaques corporativos: C&amp;A nega inten\u00e7\u00e3o de sair do Brasil; Big pode ser listado na B3; Banrisul; CSN; Vale. Clique e saiba mais.\" \/>\n<meta property=\"og:url\" content=\"https:\/\/www.suno.com.br\/noticias\/destaques-corporativos-c-a-big-banrisul-csn-vale\/\" \/>\n<meta property=\"og:site_name\" content=\"Suno Not\u00edcias\" \/>\n<meta property=\"article:publisher\" content=\"https:\/\/facebook.com\/sunoresearch\" \/>\n<meta property=\"og:image\" content=\"https:\/\/files.sunoresearch.com.br\/n\/uploads\/2019\/09\/d2a9b529-cea.jpg\" \/>\n\t<meta property=\"og:image:width\" content=\"2048\" \/>\n\t<meta property=\"og:image:height\" content=\"1368\" \/>\n\t<meta property=\"og:image:type\" content=\"image\/jpeg\" \/>\n<meta name=\"author\" content=\"Juliano Passaro\" \/>\n<meta name=\"twitter:card\" content=\"summary_large_image\" \/>\n<meta name=\"twitter:creator\" content=\"@sunoresearch\" \/>\n<meta name=\"twitter:site\" content=\"@sunoresearch\" \/>\n<meta name=\"twitter:label1\" content=\"Escrito por\" \/>\n\t<meta name=\"twitter:data1\" content=\"Juliano Passaro\" \/>\n\t<meta name=\"twitter:label2\" content=\"Est. tempo de leitura\" \/>\n\t<meta name=\"twitter:data2\" content=\"4 minutos\" \/>\n<script type=\"application\/ld+json\" class=\"yoast-schema-graph\">{\"@context\":\"https:\/\/schema.org\",\"@graph\":[{\"@type\":\"NewsArticle\",\"@id\":\"https:\/\/www.suno.com.br\/noticias\/destaques-corporativos-c-a-big-banrisul-csn-vale\/#article\",\"isPartOf\":{\"@id\":\"https:\/\/www.suno.com.br\/noticias\/destaques-corporativos-c-a-big-banrisul-csn-vale\/\"},\"author\":{\"name\":\"Juliano Passaro\",\"@id\":\"https:\/\/www.suno.com.br\/noticias\/#\/schema\/person\/1db762f78ffd8919a648a63e425953e3\"},\"headline\":\"Destaques de empresas: C&#038;A; CVC; Big; CSN; Vale\",\"datePublished\":\"2020-10-20T11:45:40+00:00\",\"mainEntityOfPage\":{\"@id\":\"https:\/\/www.suno.com.br\/noticias\/destaques-corporativos-c-a-big-banrisul-csn-vale\/\"},\"wordCount\":898,\"publisher\":{\"@id\":\"https:\/\/www.suno.com.br\/noticias\/#organization\"},\"image\":{\"@id\":\"https:\/\/www.suno.com.br\/noticias\/destaques-corporativos-c-a-big-banrisul-csn-vale\/#primaryimage\"},\"thumbnailUrl\":\"https:\/\/files.sunoresearch.com.br\/n\/uploads\/2019\/09\/d2a9b529-cea-jpg.webp\",\"keywords\":[\"Banco Banrisul (BRSR3\/BRSR5\/BRSR6)\",\"C&amp;A (CEAB3)\",\"CSN (CSNA3)\",\"CVC (CVCB3)\",\"grupo Big\",\"Vale (VALE3)\"],\"articleSection\":[\"Neg\u00f3cios\"],\"inLanguage\":\"pt-BR\"},{\"@type\":\"WebPage\",\"@id\":\"https:\/\/www.suno.com.br\/noticias\/destaques-corporativos-c-a-big-banrisul-csn-vale\/\",\"url\":\"https:\/\/www.suno.com.br\/noticias\/destaques-corporativos-c-a-big-banrisul-csn-vale\/\",\"name\":\"Destaques corporativos: C&A; Big; Banrisul; CSN; Vale\",\"isPartOf\":{\"@id\":\"https:\/\/www.suno.com.br\/noticias\/#website\"},\"primaryImageOfPage\":{\"@id\":\"https:\/\/www.suno.com.br\/noticias\/destaques-corporativos-c-a-big-banrisul-csn-vale\/#primaryimage\"},\"image\":{\"@id\":\"https:\/\/www.suno.com.br\/noticias\/destaques-corporativos-c-a-big-banrisul-csn-vale\/#primaryimage\"},\"thumbnailUrl\":\"https:\/\/files.sunoresearch.com.br\/n\/uploads\/2019\/09\/d2a9b529-cea-jpg.webp\",\"datePublished\":\"2020-10-20T11:45:40+00:00\",\"description\":\"Destaques corporativos: C&A nega inten\u00e7\u00e3o de sair do Brasil; Big pode ser listado na B3; Banrisul; CSN; Vale. Clique e saiba mais.\",\"breadcrumb\":{\"@id\":\"https:\/\/www.suno.com.br\/noticias\/destaques-corporativos-c-a-big-banrisul-csn-vale\/#breadcrumb\"},\"inLanguage\":\"pt-BR\",\"potentialAction\":[{\"@type\":\"ReadAction\",\"target\":[\"https:\/\/www.suno.com.br\/noticias\/destaques-corporativos-c-a-big-banrisul-csn-vale\/\"]}]},{\"@type\":\"ImageObject\",\"inLanguage\":\"pt-BR\",\"@id\":\"https:\/\/www.suno.com.br\/noticias\/destaques-corporativos-c-a-big-banrisul-csn-vale\/#primaryimage\",\"url\":\"https:\/\/files.sunoresearch.com.br\/n\/uploads\/2019\/09\/d2a9b529-cea-jpg.webp\",\"contentUrl\":\"https:\/\/files.sunoresearch.com.br\/n\/uploads\/2019\/09\/d2a9b529-cea-jpg.webp\",\"width\":2048,\"height\":1368,\"caption\":\"C&A (CEAB3). Foto: Divulga\u00e7\u00e3o\"},{\"@type\":\"BreadcrumbList\",\"@id\":\"https:\/\/www.suno.com.br\/noticias\/destaques-corporativos-c-a-big-banrisul-csn-vale\/#breadcrumb\",\"itemListElement\":[{\"@type\":\"ListItem\",\"position\":1,\"name\":\"Not\u00edcias\",\"item\":\"https:\/\/www.suno.com.br\/noticias\/\"},{\"@type\":\"ListItem\",\"position\":2,\"name\":\"Neg\u00f3cios\",\"item\":\"https:\/\/www.suno.com.br\/noticias\/negocios\/\"},{\"@type\":\"ListItem\",\"position\":3,\"name\":\"Destaques de empresas: C&#038;A; CVC; Big; CSN; Vale\"}]},{\"@type\":\"WebSite\",\"@id\":\"https:\/\/www.suno.com.br\/noticias\/#website\",\"url\":\"https:\/\/www.suno.com.br\/noticias\/\",\"name\":\"Suno Not\u00edcias\",\"description\":\"Seu portal de informa\u00e7\u00e3o sobre o mundo dos investimentos\",\"publisher\":{\"@id\":\"https:\/\/www.suno.com.br\/noticias\/#organization\"},\"potentialAction\":[{\"@type\":\"SearchAction\",\"target\":{\"@type\":\"EntryPoint\",\"urlTemplate\":\"https:\/\/www.suno.com.br\/noticias\/?s={search_term_string}\"},\"query-input\":{\"@type\":\"PropertyValueSpecification\",\"valueRequired\":true,\"valueName\":\"search_term_string\"}}],\"inLanguage\":\"pt-BR\"},{\"@type\":\"Organization\",\"@id\":\"https:\/\/www.suno.com.br\/noticias\/#organization\",\"name\":\"Suno Not\u00edcias\",\"url\":\"https:\/\/www.suno.com.br\/noticias\/\",\"logo\":{\"@type\":\"ImageObject\",\"inLanguage\":\"pt-BR\",\"@id\":\"https:\/\/www.suno.com.br\/noticias\/#\/schema\/logo\/image\/\",\"url\":\"https:\/\/files.sunoresearch.com.br\/n\/uploads\/2021\/09\/suno-logo.png\",\"contentUrl\":\"https:\/\/files.sunoresearch.com.br\/n\/uploads\/2021\/09\/suno-logo.png\",\"width\":180,\"height\":180,\"caption\":\"Suno Not\u00edcias\"},\"image\":{\"@id\":\"https:\/\/www.suno.com.br\/noticias\/#\/schema\/logo\/image\/\"},\"sameAs\":[\"https:\/\/facebook.com\/sunoresearch\",\"https:\/\/x.com\/sunoresearch\",\"https:\/\/www.instagram.com\/suno\",\"https:\/\/www.linkedin.com\/company\/suno-research\/\",\"https:\/\/www.youtube.com\/c\/sunoresearch\"]},{\"@type\":\"Person\",\"@id\":\"https:\/\/www.suno.com.br\/noticias\/#\/schema\/person\/1db762f78ffd8919a648a63e425953e3\",\"name\":\"Juliano Passaro\",\"image\":{\"@type\":\"ImageObject\",\"inLanguage\":\"pt-BR\",\"@id\":\"https:\/\/www.suno.com.br\/noticias\/#\/schema\/person\/image\/\",\"url\":\"https:\/\/secure.gravatar.com\/avatar\/743d4df28eebf6dcc46b4ad03c319e92?s=96&r=g\",\"contentUrl\":\"https:\/\/secure.gravatar.com\/avatar\/743d4df28eebf6dcc46b4ad03c319e92?s=96&r=g\",\"caption\":\"Juliano Passaro\"},\"description\":\"Juliano Passaro escreve sobre pol\u00edtica, economia e neg\u00f3cios para o portal da Suno Research. Antes da Suno, trabalhou no Portal da Band. \u00c9 formado em jornalismo pela Universidade Presbiteriana Mackenzie.\",\"url\":\"https:\/\/www.suno.com.br\/noticias\/author\/juliano\/\"}]}<\/script>\n<!-- \/ Yoast SEO plugin. -->","yoast_head_json":{"title":"Destaques corporativos: C&A; Big; Banrisul; CSN; Vale","description":"Destaques corporativos: C&A nega inten\u00e7\u00e3o de sair do Brasil; Big pode ser listado na B3; Banrisul; CSN; Vale. Clique e saiba mais.","robots":{"index":"index","follow":"follow","max-snippet":"max-snippet:-1","max-image-preview":"max-image-preview:large","max-video-preview":"max-video-preview:-1"},"canonical":"https:\/\/www.suno.com.br\/noticias\/destaques-corporativos-c-a-big-banrisul-csn-vale\/","og_locale":"pt_BR","og_type":"article","og_title":"Destaques corporativos: C&A; Big; Banrisul; CSN; Vale","og_description":"Destaques corporativos: C&A nega inten\u00e7\u00e3o de sair do Brasil; Big pode ser listado na B3; Banrisul; CSN; Vale. Clique e saiba mais.","og_url":"https:\/\/www.suno.com.br\/noticias\/destaques-corporativos-c-a-big-banrisul-csn-vale\/","og_site_name":"Suno Not\u00edcias","article_publisher":"https:\/\/facebook.com\/sunoresearch","og_image":[{"width":2048,"height":1368,"url":"https:\/\/files.sunoresearch.com.br\/n\/uploads\/2019\/09\/d2a9b529-cea.jpg","type":"image\/jpeg"}],"author":"Juliano Passaro","twitter_card":"summary_large_image","twitter_creator":"@sunoresearch","twitter_site":"@sunoresearch","twitter_misc":{"Escrito por":"Juliano Passaro","Est. tempo de leitura":"4 minutos"},"schema":{"@context":"https:\/\/schema.org","@graph":[{"@type":"NewsArticle","@id":"https:\/\/www.suno.com.br\/noticias\/destaques-corporativos-c-a-big-banrisul-csn-vale\/#article","isPartOf":{"@id":"https:\/\/www.suno.com.br\/noticias\/destaques-corporativos-c-a-big-banrisul-csn-vale\/"},"author":{"name":"Juliano Passaro","@id":"https:\/\/www.suno.com.br\/noticias\/#\/schema\/person\/1db762f78ffd8919a648a63e425953e3"},"headline":"Destaques de empresas: C&#038;A; CVC; Big; CSN; Vale","datePublished":"2020-10-20T11:45:40+00:00","mainEntityOfPage":{"@id":"https:\/\/www.suno.com.br\/noticias\/destaques-corporativos-c-a-big-banrisul-csn-vale\/"},"wordCount":898,"publisher":{"@id":"https:\/\/www.suno.com.br\/noticias\/#organization"},"image":{"@id":"https:\/\/www.suno.com.br\/noticias\/destaques-corporativos-c-a-big-banrisul-csn-vale\/#primaryimage"},"thumbnailUrl":"https:\/\/files.sunoresearch.com.br\/n\/uploads\/2019\/09\/d2a9b529-cea-jpg.webp","keywords":["Banco Banrisul (BRSR3\/BRSR5\/BRSR6)","C&amp;A (CEAB3)","CSN (CSNA3)","CVC (CVCB3)","grupo Big","Vale (VALE3)"],"articleSection":["Neg\u00f3cios"],"inLanguage":"pt-BR"},{"@type":"WebPage","@id":"https:\/\/www.suno.com.br\/noticias\/destaques-corporativos-c-a-big-banrisul-csn-vale\/","url":"https:\/\/www.suno.com.br\/noticias\/destaques-corporativos-c-a-big-banrisul-csn-vale\/","name":"Destaques corporativos: C&A; Big; Banrisul; CSN; Vale","isPartOf":{"@id":"https:\/\/www.suno.com.br\/noticias\/#website"},"primaryImageOfPage":{"@id":"https:\/\/www.suno.com.br\/noticias\/destaques-corporativos-c-a-big-banrisul-csn-vale\/#primaryimage"},"image":{"@id":"https:\/\/www.suno.com.br\/noticias\/destaques-corporativos-c-a-big-banrisul-csn-vale\/#primaryimage"},"thumbnailUrl":"https:\/\/files.sunoresearch.com.br\/n\/uploads\/2019\/09\/d2a9b529-cea-jpg.webp","datePublished":"2020-10-20T11:45:40+00:00","description":"Destaques corporativos: C&A nega inten\u00e7\u00e3o de sair do Brasil; Big pode ser listado na B3; Banrisul; CSN; Vale. Clique e saiba mais.","breadcrumb":{"@id":"https:\/\/www.suno.com.br\/noticias\/destaques-corporativos-c-a-big-banrisul-csn-vale\/#breadcrumb"},"inLanguage":"pt-BR","potentialAction":[{"@type":"ReadAction","target":["https:\/\/www.suno.com.br\/noticias\/destaques-corporativos-c-a-big-banrisul-csn-vale\/"]}]},{"@type":"ImageObject","inLanguage":"pt-BR","@id":"https:\/\/www.suno.com.br\/noticias\/destaques-corporativos-c-a-big-banrisul-csn-vale\/#primaryimage","url":"https:\/\/files.sunoresearch.com.br\/n\/uploads\/2019\/09\/d2a9b529-cea-jpg.webp","contentUrl":"https:\/\/files.sunoresearch.com.br\/n\/uploads\/2019\/09\/d2a9b529-cea-jpg.webp","width":2048,"height":1368,"caption":"C&A (CEAB3). Foto: Divulga\u00e7\u00e3o"},{"@type":"BreadcrumbList","@id":"https:\/\/www.suno.com.br\/noticias\/destaques-corporativos-c-a-big-banrisul-csn-vale\/#breadcrumb","itemListElement":[{"@type":"ListItem","position":1,"name":"Not\u00edcias","item":"https:\/\/www.suno.com.br\/noticias\/"},{"@type":"ListItem","position":2,"name":"Neg\u00f3cios","item":"https:\/\/www.suno.com.br\/noticias\/negocios\/"},{"@type":"ListItem","position":3,"name":"Destaques de empresas: C&#038;A; CVC; Big; CSN; Vale"}]},{"@type":"WebSite","@id":"https:\/\/www.suno.com.br\/noticias\/#website","url":"https:\/\/www.suno.com.br\/noticias\/","name":"Suno Not\u00edcias","description":"Seu portal de informa\u00e7\u00e3o sobre o mundo dos investimentos","publisher":{"@id":"https:\/\/www.suno.com.br\/noticias\/#organization"},"potentialAction":[{"@type":"SearchAction","target":{"@type":"EntryPoint","urlTemplate":"https:\/\/www.suno.com.br\/noticias\/?s={search_term_string}"},"query-input":{"@type":"PropertyValueSpecification","valueRequired":true,"valueName":"search_term_string"}}],"inLanguage":"pt-BR"},{"@type":"Organization","@id":"https:\/\/www.suno.com.br\/noticias\/#organization","name":"Suno Not\u00edcias","url":"https:\/\/www.suno.com.br\/noticias\/","logo":{"@type":"ImageObject","inLanguage":"pt-BR","@id":"https:\/\/www.suno.com.br\/noticias\/#\/schema\/logo\/image\/","url":"https:\/\/files.sunoresearch.com.br\/n\/uploads\/2021\/09\/suno-logo.png","contentUrl":"https:\/\/files.sunoresearch.com.br\/n\/uploads\/2021\/09\/suno-logo.png","width":180,"height":180,"caption":"Suno Not\u00edcias"},"image":{"@id":"https:\/\/www.suno.com.br\/noticias\/#\/schema\/logo\/image\/"},"sameAs":["https:\/\/facebook.com\/sunoresearch","https:\/\/x.com\/sunoresearch","https:\/\/www.instagram.com\/suno","https:\/\/www.linkedin.com\/company\/suno-research\/","https:\/\/www.youtube.com\/c\/sunoresearch"]},{"@type":"Person","@id":"https:\/\/www.suno.com.br\/noticias\/#\/schema\/person\/1db762f78ffd8919a648a63e425953e3","name":"Juliano Passaro","image":{"@type":"ImageObject","inLanguage":"pt-BR","@id":"https:\/\/www.suno.com.br\/noticias\/#\/schema\/person\/image\/","url":"https:\/\/secure.gravatar.com\/avatar\/743d4df28eebf6dcc46b4ad03c319e92?s=96&r=g","contentUrl":"https:\/\/secure.gravatar.com\/avatar\/743d4df28eebf6dcc46b4ad03c319e92?s=96&r=g","caption":"Juliano Passaro"},"description":"Juliano Passaro escreve sobre pol\u00edtica, economia e neg\u00f3cios para o portal da Suno Research. Antes da Suno, trabalhou no Portal da Band. \u00c9 formado em jornalismo pela Universidade Presbiteriana Mackenzie.","url":"https:\/\/www.suno.com.br\/noticias\/author\/juliano\/"}]}},"default_loop_html":"<div class=\"cardsPage__listCard__boxs\"><div class=\"cardsPage__listCard__boxs__img\"><a href=\"https:\/\/www.suno.com.br\/noticias\/destaques-corporativos-c-a-big-banrisul-csn-vale\/\"><img class=\"mask\" src=\"https:\/\/www.suno.com.br\/noticias\/wp-content\/themes\/suno\/resources\/images\/spotlight\/spotlight1img\/bg-mask.png\" alt=\"Image Mask\"\/><img src=\"https:\/\/files.sunoresearch.com.br\/n\/uploads\/2019\/09\/d2a9b529-cea-400x200.webp\" alt=\"Destaques de empresas: C&#038;A; CVC; Big; CSN; Vale\"\/><\/a><span class=\"spotlightCategory\"><a href=\"https:\/\/www.suno.com.br\/noticias\/negocios\/\">Neg\u00f3cios<\/a><\/span><\/div><div class=\"cardsPage__listCard__boxs__content\"><a href=\"https:\/\/www.suno.com.br\/noticias\/destaques-corporativos-c-a-big-banrisul-csn-vale\/\"><h2 class=\"content__title\">Destaques de empresas: C&#038;A; CVC; Big; CSN; Vale<\/h2><\/a><div class=\"newsContent__article__meta\"><div class=\"newsContent__article__meta__authorBox\"><a href=\"https:\/\/www.suno.com.br\/noticias\/author\/juliano\/\" class=\"authorBox__avatar noMobi\"><img src=\"https:\/\/files.sunoresearch.com.br\/n\/uploads\/2019\/06\/7cc3efea-whatsapp-image-2019-07-18-at-21.59.33-e1563499821209-150x150.webp\" alt=\"Juliano Passaro\"><\/a><div class=\"authorBox__name\"><span>por\n\t\t\t<a href=\"https:\/\/www.suno.com.br\/noticias\/author\/juliano\/\"><span itemprop=\"author\">Juliano Passaro<\/span><\/a><\/span><time datetime=\"2020-10-20T08:45:40-03:00\" itemprop=\"datePublished\">20\/10\/2020 08:45<\/time><\/div><\/div><\/div><\/div><\/div>","single_layout":"posts","amp_enabled":true,"_links":{"self":[{"href":"https:\/\/www.suno.com.br\/noticias\/wp-json\/wp\/v2\/posts\/92762"}],"collection":[{"href":"https:\/\/www.suno.com.br\/noticias\/wp-json\/wp\/v2\/posts"}],"about":[{"href":"https:\/\/www.suno.com.br\/noticias\/wp-json\/wp\/v2\/types\/post"}],"author":[{"embeddable":true,"href":"https:\/\/www.suno.com.br\/noticias\/wp-json\/wp\/v2\/users\/19"}],"replies":[{"embeddable":true,"href":"https:\/\/www.suno.com.br\/noticias\/wp-json\/wp\/v2\/comments?post=92762"}],"version-history":[{"count":0,"href":"https:\/\/www.suno.com.br\/noticias\/wp-json\/wp\/v2\/posts\/92762\/revisions"}],"wp:featuredmedia":[{"embeddable":true,"href":"https:\/\/www.suno.com.br\/noticias\/wp-json\/wp\/v2\/media\/36576"}],"wp:attachment":[{"href":"https:\/\/www.suno.com.br\/noticias\/wp-json\/wp\/v2\/media?parent=92762"}],"wp:term":[{"taxonomy":"category","embeddable":true,"href":"https:\/\/www.suno.com.br\/noticias\/wp-json\/wp\/v2\/categories?post=92762"},{"taxonomy":"post_tag","embeddable":true,"href":"https:\/\/www.suno.com.br\/noticias\/wp-json\/wp\/v2\/tags?post=92762"},{"taxonomy":"suno_strategy","embeddable":true,"href":"https:\/\/www.suno.com.br\/noticias\/wp-json\/wp\/v2\/suno_strategy?post=92762"}],"curies":[{"name":"wp","href":"https:\/\/api.w.org\/{rel}","templated":true}]}}