{"id":92757,"date":"2020-10-20T08:28:30","date_gmt":"2020-10-20T11:28:30","guid":{"rendered":"https:\/\/www.suno.com.br\/noticias\/?p=92757"},"modified":"2021-06-21T06:18:56","modified_gmt":"2021-06-21T09:18:56","slug":"cvc-cvcb3-prejuizo-de-228-milhoes-2t20-segundo-trimestre","status":"publish","type":"post","link":"https:\/\/www.suno.com.br\/noticias\/cvc-cvcb3-prejuizo-de-228-milhoes-2t20-segundo-trimestre\/","title":{"rendered":"CVC (CVCB3) reverte lucro e tem preju\u00edzo de R$ 252,1 milh\u00f5es no 2T20"},"content":{"rendered":"<p>A <a href=\"https:\/\/www.suno.com.br\/acoes\/cvcb3\/\"><strong>CVC<\/strong> (CVCB3)<\/a>\u00a0registrou <a href=\"https:\/\/www.suno.com.br\/artigos\/prejuizos-acumulados\/\">preju\u00edzo l\u00edquido<\/a> de R$ 252,1 milh\u00f5es no segundo trimestre de 2020, frente a um <a href=\"https:\/\/www.suno.com.br\/artigos\/lucro-liquido\/\">lucro l\u00edquido<\/a> proforma de R$ 98,5 milh\u00f5es no mesmo per\u00edodo no ano passado. Segundo a operadora de viagens, as atividades no Brasil foram impactadas pela abrupta queda na <a href=\"https:\/\/www.suno.com.br\/artigos\/o-que-receita-liquida\/\">receita l\u00edquida<\/a> decorrente da pandemia do novo coronav\u00edrus (covid-19).<br \/>\n\t<p>\n\t\t<a href=\"\" target=\"_blank\" data-element=\"shortcode-suno-banner\" title=\"Banner SUNO, clique e saiba mais\">\n\t\t\t<picture>\n\t\t\t\t<source media=\"(max-width: 500px)\" srcset=\"\">\n\t\t\t\t<img class=\"newsContent__article__imgCapa newsContent__article__imgCapa--banner\"\n\t\t\t\t\tsrc=\"\"\n\t\t\t\t\tdata-promo-id=\"92842\"\t\t\t\t\t\t\t\t\t\t\t\t\t\t\talt=\"\"\n\t\t\t\t>\n\t\t\t<\/picture>\n\t\t<\/a>\n\t<\/p>\n\n\t<\/p>\t<div class=\"wrapper-featured-image\">\n\t\t<figure class=\"spotlightImg\">\n\n\t\t\t<picture>\n\t\t\t\t<source media=\"(max-width: 768px)\" srcset=\"https:\/\/files.sunoresearch.com.br\/n\/uploads\/2020\/09\/89851e25-cvc-300x200-1-jpg.webp\">\n\t\t\t\t<img loading=\"lazy\" decoding=\"async\" class=\"newsContent__article__imgCapa lazyloadDisabled \" src=\"https:\/\/files.sunoresearch.com.br\/n\/uploads\/2020\/09\/89851e25-cvc-300x200-1-jpg.webp\" width=\"800\" height=\"450\" alt=\"CVC (CVCB3) reverte lucro e tem preju\u00edzo de R$ 252,1 milh\u00f5es no 2T20\" fetchpriority=high \/>\n\t\t\t<\/picture>\n\n\t\t\t<figcaption class=\"wp-caption-text wp-caption-text--show\">Apesar do cen\u00e1rio pand\u00eamico, a gera\u00e7\u00e3o de caixa operacional da CVC nos primeiros seis meses de 2020 atingiu R$ 916,1 milh\u00f5es.<\/figcaption>\n\t\t<\/figure>\n\t<\/div>\n\n<p>A <a href=\"https:\/\/www.suno.com.br\/acoes\/cvcb3\/\"><strong>CVC<\/strong> (CVCB3)<\/a>\u00a0registrou <a href=\"https:\/\/www.suno.com.br\/artigos\/prejuizos-acumulados\/\">preju\u00edzo l\u00edquido<\/a> de R$ 252,1 milh\u00f5es no segundo trimestre de 2020, frente a um <a href=\"https:\/\/www.suno.com.br\/artigos\/lucro-liquido\/\">lucro l\u00edquido<\/a> proforma de R$ 98,5 milh\u00f5es no mesmo per\u00edodo no ano passado. Segundo a operadora de viagens, as atividades no Brasil foram impactadas pela abrupta queda na <a href=\"https:\/\/www.suno.com.br\/artigos\/o-que-receita-liquida\/\">receita l\u00edquida<\/a> decorrente da pandemia do novo coronav\u00edrus (covid-19).<br \/>\n\t<p>\n\t\t<a href=\"\" target=\"_blank\" data-element=\"shortcode-suno-banner\" title=\"Banner SUNO, clique e saiba mais\">\n\t\t\t<picture>\n\t\t\t\t<source media=\"(max-width: 500px)\" srcset=\"\">\n\t\t\t\t<img class=\"newsContent__article__imgCapa newsContent__article__imgCapa--banner\"\n\t\t\t\t\tsrc=\"\"\n\t\t\t\t\tdata-promo-id=\"92842\"\t\t\t\t\t\t\t\t\t\t\t\t\t\t\talt=\"\"\n\t\t\t\t>\n\t\t\t<\/picture>\n\t\t<\/a>\n\t<\/p>\n\n\t<\/p>\n\n<p>De acordo com o <strong>balan\u00e7o<\/strong>, as despesas operacionais recorrentes da companhia recuaram 40% e totalizaram R$ 135 milh\u00f5es.<\/p>\n<p><a href=\"https:\/\/lp.suno.com.br\/suno-one\/\">Suno One: acesse gratuitamente eBooks, Minicursos, Artigos e Video Aulas sobre investimentos com um \u00fanico cadastro. Clique para saber mais!<\/a><\/p>\n<p>Apesar do cen\u00e1rio pand\u00eamico, a <a href=\"https:\/\/www.suno.com.br\/artigos\/geracao-de-caixa\/\">gera\u00e7\u00e3o de caixa<\/a> operacional nos primeiros seis meses de 2020 atingiu R$ 916,1 milh\u00f5es, em rela\u00e7\u00e3o ao primeiro semestre de 2019 quando registrou R$ 119 milh\u00f5es, &#8220;em fun\u00e7\u00e3o da posterga\u00e7\u00e3o dos embarques j\u00e1 contratados e redu\u00e7\u00e3o significativas das novas vendas&#8221;.<\/p>\n<h2>CVC no Brasil e na Argentina<\/h2>\n<p>As reservas totais da CVC no Brasil tiveram queda de 95,1% , totalizando R$ 174,8 milh\u00f5es. &#8220;Essa queda \u00e9 decorrente da desacelera\u00e7\u00e3o nos segmentos B2C (-98,5%) e B2B (-92,6%), decorrente da suspens\u00e3o de <strong>viagens<\/strong> a partir de mar\u00e7o de 2020&#8243;.<br \/>\n<div class=\"hubspot-form-wrapper\">\n\t<div id=\"single-form-target\"><\/div>\n<\/div>\n<\/p>\n<p>Por sua vez, as reservas confirmadas na <strong>Argentina<\/strong> somaram R$ 75,7 milh\u00f5es, uma queda de 90,5%. A receita l\u00edquida no pa\u00eds ficou negativa em R$ 1,5 milh\u00e3o. O Ebitda foi negativo em R$ 21,3 milh\u00f5es e o preju\u00edzo l\u00edquido ajustado foi de R$ 2,1 milh\u00f5es.<\/p>\n\t<div data-element=\"shortcode-read-more\" class=\"knowMore\">\n\t\t\t\t<span class=\"knowMore__title\">Veja Tamb\u00e9m<\/span>\n\t\t\t\t<a class=\"knowMore__link\" href=\"https:\/\/www.suno.com.br\/noticias\/cvc-cvcb3-auditoria-incerteza-continuidade-operacional\/\">\n\t\t\tCVC (CVCB3): auditoria aponta \u2018incerteza\u2019 para continuidade operacional\t\t<\/a>\n\t<\/div>\n\n\n<p>Os investimentos da CVC, concentrados no desenvolvimento tecnol\u00f3gico da <strong>operadora<\/strong>, totalizaram R$ 27,1 milh\u00f5es, queda de aproximadamente 23,3%, &#8220;em decorr\u00eancia da suspens\u00e3o de investimentos n\u00e3o priorit\u00e1rios para a preserva\u00e7\u00e3o do caixa da companhia durante a pandemia&#8221;.<\/p>\n<h2>Sa\u00fade financeira<\/h2>\n<p>Al\u00e9m dos <strong>resultados<\/strong> do <strong>trimestre<\/strong>, a CVC detalhou hoje sua sa\u00fade financeira. Segundo a empresa, de um endividamento total na ordem de R$ 2 bilh\u00f5es, uma parcela de R$600 milh\u00f5es vencem em novembro de 2020. No momento, a empresa est\u00e1 avaliando alternativas de capta\u00e7\u00e3o ou rolagem da d\u00edvida.<\/p>\n<p>Al\u00e9m disso, a empresa segue discutindo com os detentores de suas deb\u00eantures a obten\u00e7\u00e3o de waiver para evitar o seu\u00a0 vencimento antecipado. O saldo de caixa e de equivalentes de caixa em 15 de outubro de 2020 foi de\u00a0 aproximadamente R$1,551 bilh\u00e3o.<\/p>\n<h2>Vendas em setembro chegam a 37%<\/h2>\n<p>A CVC disse ainda que segue preparada para a retomada integral de suas opera\u00e7\u00f5es, com 1200 lojas abertas nesta data e equipes trabalhando remotamente. Nos meses de abril, maio e junho de 2020, as vendas novas foram pr\u00f3ximas a zero, mas v\u00eam crescendo desde o in\u00edcio de julho. Ao final de setembro, a empresa atingiu 37% do volume de vendas do mesmo per\u00edodo do ano anterior.<br \/>\n\t<p>\n\t\t<a href=\"\" target=\"_blank\" data-element=\"shortcode-suno-banner\" title=\"Banner SUNO, clique e saiba mais\">\n\t\t\t<picture>\n\t\t\t\t<source media=\"(max-width: 500px)\" srcset=\"\">\n\t\t\t\t<img class=\"newsContent__article__imgCapa newsContent__article__imgCapa--banner\"\n\t\t\t\t\tsrc=\"\"\n\t\t\t\t\tdata-promo-id=\"92842\"\t\t\t\t\t\t\t\t\t\t\t\t\t\t\talt=\"\"\n\t\t\t\t>\n\t\t\t<\/picture>\n\t\t<\/a>\n\t<\/p>\n\n<br \/>\nDe acordo com a companhia, 81% de seus hot\u00e9is parceiros est\u00e3o reabertos. Considerando os bookings realizados em setembro de 2020, a empresa registrou 89% do volume de vendas no mesmo per\u00edodo de 2019.<\/p>\n<p>As opera\u00e7\u00f5es da <strong>CVC<\/strong> na Argentina t\u00eam tido uma recupera\u00e7\u00e3o mais lenta, com volume de vendas novas por volta de 10% no m\u00eas de setembro, comparado com o mesmo per\u00edodo do ano anterior.<\/p>\n\t<p>\n\t\t<a href=\"https:\/\/lp.suno.com.br\/planilha-de-controle-de-investimentos\/\" target=\"_blank\" data-element=\"shortcode-suno-banner\" title=\"Banner SUNO, clique e saiba mais\">\n\t\t\t<picture>\n\t\t\t\t<source media=\"(max-width: 500px)\" srcset=\"https:\/\/files.sunoresearch.com.br\/n\/uploads\/2023\/03\/400x300-Controle-de-Investimentos.png\">\n\t\t\t\t<img class=\"newsContent__article__imgCapa newsContent__article__imgCapa--banner\"\n\t\t\t\t\tsrc=\"https:\/\/files.sunoresearch.com.br\/n\/uploads\/2023\/03\/1420x240-Controle-de-Investimentos.png\"\n\t\t\t\t\tdata-promo-id=\"75934\"\t\t\t\t\t\t\t\t\t\twidth='1420' height='240'\t\t\t\t\talt=\"https:\/\/files.sunoresearch.com.br\/n\/uploads\/2023\/03\/1420x240-Controle-de-Investimentos.png\"\n\t\t\t\t>\n\t\t\t<\/picture>\n\t\t<\/a>\n\t<\/p>\n\n\n","protected":false},"excerpt":{"rendered":"<p>A CVC (CVCB3)\u00a0registrou preju\u00edzo l\u00edquido de R$ 252,1 milh\u00f5es no segundo trimestre de 2020, frente a um lucro l\u00edquido proforma de R$ 98,5 milh\u00f5es no mesmo per\u00edodo no ano passado. Segundo a operadora de viagens, as atividades no Brasil foram impactadas pela abrupta queda na receita l\u00edquida decorrente da pandemia do novo coronav\u00edrus (covid-19). Apesar [&hellip;]<\/p>\n","protected":false},"author":15,"featured_media":81884,"comment_status":"closed","ping_status":"closed","sticky":false,"template":"","format":"standard","meta":[],"categories":[64],"tags":[442,1607],"suno_strategy":[],"class_list":["post-92757","post","type-post","status-publish","format-standard","has-post-thumbnail","hentry","category-negocios","tag-cvc-cvcb3","tag-resultado-das-empresas"],"yoast_head":"<!-- This site is optimized with the Yoast SEO plugin v24.4 - https:\/\/yoast.com\/wordpress\/plugins\/seo\/ -->\n<title>CVC (CVCB3) registra preju\u00edzo de R$ 228,9 milh\u00f5es no 2T20<\/title>\n<meta name=\"description\" content=\"A CVC (CVCB3)\u00a0registrou preju\u00edzo l\u00edquido de R$ 228,9 milh\u00f5es no segundo trimestre de 2020. Para saber mais clique aqui e confira\" \/>\n<meta name=\"robots\" content=\"index, follow, max-snippet:-1, max-image-preview:large, max-video-preview:-1\" \/>\n<link rel=\"canonical\" href=\"https:\/\/www.suno.com.br\/noticias\/cvc-cvcb3-prejuizo-de-228-milhoes-2t20-segundo-trimestre\/\" \/>\n<meta property=\"og:locale\" content=\"pt_BR\" \/>\n<meta property=\"og:type\" content=\"article\" \/>\n<meta property=\"og:title\" content=\"CVC (CVCB3) registra preju\u00edzo de R$ 228,9 milh\u00f5es no 2T20\" \/>\n<meta property=\"og:description\" content=\"A CVC (CVCB3)\u00a0registrou preju\u00edzo l\u00edquido de R$ 228,9 milh\u00f5es no segundo trimestre de 2020. Para saber mais clique aqui e confira\" \/>\n<meta property=\"og:url\" content=\"https:\/\/www.suno.com.br\/noticias\/cvc-cvcb3-prejuizo-de-228-milhoes-2t20-segundo-trimestre\/\" \/>\n<meta property=\"og:site_name\" content=\"Suno Not\u00edcias\" \/>\n<meta property=\"article:publisher\" content=\"https:\/\/facebook.com\/sunoresearch\" \/>\n<meta property=\"og:image\" content=\"https:\/\/files.sunoresearch.com.br\/n\/uploads\/2020\/09\/89851e25-cvc-300x200-1.jpg\" \/>\n\t<meta property=\"og:image:width\" content=\"300\" \/>\n\t<meta property=\"og:image:height\" content=\"200\" \/>\n\t<meta property=\"og:image:type\" content=\"image\/jpeg\" \/>\n<meta name=\"author\" content=\"Poliana Santos\" \/>\n<meta name=\"twitter:card\" content=\"summary_large_image\" \/>\n<meta name=\"twitter:creator\" content=\"@sunoresearch\" \/>\n<meta name=\"twitter:site\" content=\"@sunoresearch\" \/>\n<meta name=\"twitter:label1\" content=\"Escrito por\" \/>\n\t<meta name=\"twitter:data1\" content=\"Poliana Santos\" \/>\n\t<meta name=\"twitter:label2\" content=\"Est. tempo de leitura\" \/>\n\t<meta name=\"twitter:data2\" content=\"3 minutos\" \/>\n<script type=\"application\/ld+json\" class=\"yoast-schema-graph\">{\"@context\":\"https:\/\/schema.org\",\"@graph\":[{\"@type\":\"NewsArticle\",\"@id\":\"https:\/\/www.suno.com.br\/noticias\/cvc-cvcb3-prejuizo-de-228-milhoes-2t20-segundo-trimestre\/#article\",\"isPartOf\":{\"@id\":\"https:\/\/www.suno.com.br\/noticias\/cvc-cvcb3-prejuizo-de-228-milhoes-2t20-segundo-trimestre\/\"},\"author\":{\"name\":\"Poliana Santos\",\"@id\":\"https:\/\/www.suno.com.br\/noticias\/#\/schema\/person\/02ec1f752758247878a2bf4abee1aeda\"},\"headline\":\"CVC (CVCB3) reverte lucro e tem preju\u00edzo de R$ 252,1 milh\u00f5es no 2T20\",\"datePublished\":\"2020-10-20T11:28:30+00:00\",\"dateModified\":\"2021-06-21T09:18:56+00:00\",\"mainEntityOfPage\":{\"@id\":\"https:\/\/www.suno.com.br\/noticias\/cvc-cvcb3-prejuizo-de-228-milhoes-2t20-segundo-trimestre\/\"},\"wordCount\":620,\"publisher\":{\"@id\":\"https:\/\/www.suno.com.br\/noticias\/#organization\"},\"image\":{\"@id\":\"https:\/\/www.suno.com.br\/noticias\/cvc-cvcb3-prejuizo-de-228-milhoes-2t20-segundo-trimestre\/#primaryimage\"},\"thumbnailUrl\":\"https:\/\/files.sunoresearch.com.br\/n\/uploads\/2020\/09\/89851e25-cvc-300x200-1-jpg.webp\",\"keywords\":[\"CVC (CVCB3)\",\"Resultado das empresas\"],\"articleSection\":[\"Neg\u00f3cios\"],\"inLanguage\":\"pt-BR\"},{\"@type\":\"WebPage\",\"@id\":\"https:\/\/www.suno.com.br\/noticias\/cvc-cvcb3-prejuizo-de-228-milhoes-2t20-segundo-trimestre\/\",\"url\":\"https:\/\/www.suno.com.br\/noticias\/cvc-cvcb3-prejuizo-de-228-milhoes-2t20-segundo-trimestre\/\",\"name\":\"CVC (CVCB3) registra preju\u00edzo de R$ 228,9 milh\u00f5es no 2T20\",\"isPartOf\":{\"@id\":\"https:\/\/www.suno.com.br\/noticias\/#website\"},\"primaryImageOfPage\":{\"@id\":\"https:\/\/www.suno.com.br\/noticias\/cvc-cvcb3-prejuizo-de-228-milhoes-2t20-segundo-trimestre\/#primaryimage\"},\"image\":{\"@id\":\"https:\/\/www.suno.com.br\/noticias\/cvc-cvcb3-prejuizo-de-228-milhoes-2t20-segundo-trimestre\/#primaryimage\"},\"thumbnailUrl\":\"https:\/\/files.sunoresearch.com.br\/n\/uploads\/2020\/09\/89851e25-cvc-300x200-1-jpg.webp\",\"datePublished\":\"2020-10-20T11:28:30+00:00\",\"dateModified\":\"2021-06-21T09:18:56+00:00\",\"description\":\"A CVC (CVCB3)\u00a0registrou preju\u00edzo l\u00edquido de R$ 228,9 milh\u00f5es no segundo trimestre de 2020. Para saber mais clique aqui e confira\",\"breadcrumb\":{\"@id\":\"https:\/\/www.suno.com.br\/noticias\/cvc-cvcb3-prejuizo-de-228-milhoes-2t20-segundo-trimestre\/#breadcrumb\"},\"inLanguage\":\"pt-BR\",\"potentialAction\":[{\"@type\":\"ReadAction\",\"target\":[\"https:\/\/www.suno.com.br\/noticias\/cvc-cvcb3-prejuizo-de-228-milhoes-2t20-segundo-trimestre\/\"]}]},{\"@type\":\"ImageObject\",\"inLanguage\":\"pt-BR\",\"@id\":\"https:\/\/www.suno.com.br\/noticias\/cvc-cvcb3-prejuizo-de-228-milhoes-2t20-segundo-trimestre\/#primaryimage\",\"url\":\"https:\/\/files.sunoresearch.com.br\/n\/uploads\/2020\/09\/89851e25-cvc-300x200-1-jpg.webp\",\"contentUrl\":\"https:\/\/files.sunoresearch.com.br\/n\/uploads\/2020\/09\/89851e25-cvc-300x200-1-jpg.webp\",\"width\":300,\"height\":200,\"caption\":\"Apesar do cen\u00e1rio pand\u00eamico, a gera\u00e7\u00e3o de caixa operacional da CVC nos primeiros seis meses de 2020 atingiu R$ 916,1 milh\u00f5es.\"},{\"@type\":\"BreadcrumbList\",\"@id\":\"https:\/\/www.suno.com.br\/noticias\/cvc-cvcb3-prejuizo-de-228-milhoes-2t20-segundo-trimestre\/#breadcrumb\",\"itemListElement\":[{\"@type\":\"ListItem\",\"position\":1,\"name\":\"Not\u00edcias\",\"item\":\"https:\/\/www.suno.com.br\/noticias\/\"},{\"@type\":\"ListItem\",\"position\":2,\"name\":\"Neg\u00f3cios\",\"item\":\"https:\/\/www.suno.com.br\/noticias\/negocios\/\"},{\"@type\":\"ListItem\",\"position\":3,\"name\":\"CVC (CVCB3) reverte lucro e tem preju\u00edzo de R$ 252,1 milh\u00f5es no 2T20\"}]},{\"@type\":\"WebSite\",\"@id\":\"https:\/\/www.suno.com.br\/noticias\/#website\",\"url\":\"https:\/\/www.suno.com.br\/noticias\/\",\"name\":\"Suno Not\u00edcias\",\"description\":\"Seu portal de informa\u00e7\u00e3o sobre o mundo dos investimentos\",\"publisher\":{\"@id\":\"https:\/\/www.suno.com.br\/noticias\/#organization\"},\"potentialAction\":[{\"@type\":\"SearchAction\",\"target\":{\"@type\":\"EntryPoint\",\"urlTemplate\":\"https:\/\/www.suno.com.br\/noticias\/?s={search_term_string}\"},\"query-input\":{\"@type\":\"PropertyValueSpecification\",\"valueRequired\":true,\"valueName\":\"search_term_string\"}}],\"inLanguage\":\"pt-BR\"},{\"@type\":\"Organization\",\"@id\":\"https:\/\/www.suno.com.br\/noticias\/#organization\",\"name\":\"Suno Not\u00edcias\",\"url\":\"https:\/\/www.suno.com.br\/noticias\/\",\"logo\":{\"@type\":\"ImageObject\",\"inLanguage\":\"pt-BR\",\"@id\":\"https:\/\/www.suno.com.br\/noticias\/#\/schema\/logo\/image\/\",\"url\":\"https:\/\/files.sunoresearch.com.br\/n\/uploads\/2021\/09\/suno-logo.png\",\"contentUrl\":\"https:\/\/files.sunoresearch.com.br\/n\/uploads\/2021\/09\/suno-logo.png\",\"width\":180,\"height\":180,\"caption\":\"Suno Not\u00edcias\"},\"image\":{\"@id\":\"https:\/\/www.suno.com.br\/noticias\/#\/schema\/logo\/image\/\"},\"sameAs\":[\"https:\/\/facebook.com\/sunoresearch\",\"https:\/\/x.com\/sunoresearch\",\"https:\/\/www.instagram.com\/suno\",\"https:\/\/www.linkedin.com\/company\/suno-research\/\",\"https:\/\/www.youtube.com\/c\/sunoresearch\"]},{\"@type\":\"Person\",\"@id\":\"https:\/\/www.suno.com.br\/noticias\/#\/schema\/person\/02ec1f752758247878a2bf4abee1aeda\",\"name\":\"Poliana Santos\",\"image\":{\"@type\":\"ImageObject\",\"inLanguage\":\"pt-BR\",\"@id\":\"https:\/\/www.suno.com.br\/noticias\/#\/schema\/person\/image\/\",\"url\":\"https:\/\/secure.gravatar.com\/avatar\/0645bd32f23d87b2130f2b2dff1d3f8d?s=96&r=g\",\"contentUrl\":\"https:\/\/secure.gravatar.com\/avatar\/0645bd32f23d87b2130f2b2dff1d3f8d?s=96&r=g\",\"caption\":\"Poliana Santos\"},\"description\":\"Rep\u00f3rter no Suno Not\u00edcias, com cobertura em mercado financeiro, economia, finan\u00e7as pessoais, renda fixa e varejo. Jornalista formada pela Faculdade C\u00e1sper L\u00edbero e possui passagem na R\u00e1dio Gazeta AM com a produ\u00e7\u00e3o de conte\u00fado sobre economia, pol\u00edtica, sa\u00fade, moda e m\u00fasica. Possui certificado de conclus\u00e3o do curso de An\u00e1lise de Balan\u00e7os pela Funda\u00e7\u00e3o Bradesco, Agenda Brasil pela FAAP, Educa\u00e7\u00e3o Pol\u00edtica por Alexandre Garcia e do Tesouro Direto e Mercado de A\u00e7\u00f5es pela B3.\",\"url\":\"https:\/\/www.suno.com.br\/noticias\/author\/poliana-santos\/\"}]}<\/script>\n<!-- \/ Yoast SEO plugin. -->","yoast_head_json":{"title":"CVC (CVCB3) registra preju\u00edzo de R$ 228,9 milh\u00f5es no 2T20","description":"A CVC (CVCB3)\u00a0registrou preju\u00edzo l\u00edquido de R$ 228,9 milh\u00f5es no segundo trimestre de 2020. Para saber mais clique aqui e confira","robots":{"index":"index","follow":"follow","max-snippet":"max-snippet:-1","max-image-preview":"max-image-preview:large","max-video-preview":"max-video-preview:-1"},"canonical":"https:\/\/www.suno.com.br\/noticias\/cvc-cvcb3-prejuizo-de-228-milhoes-2t20-segundo-trimestre\/","og_locale":"pt_BR","og_type":"article","og_title":"CVC (CVCB3) registra preju\u00edzo de R$ 228,9 milh\u00f5es no 2T20","og_description":"A CVC (CVCB3)\u00a0registrou preju\u00edzo l\u00edquido de R$ 228,9 milh\u00f5es no segundo trimestre de 2020. Para saber mais clique aqui e confira","og_url":"https:\/\/www.suno.com.br\/noticias\/cvc-cvcb3-prejuizo-de-228-milhoes-2t20-segundo-trimestre\/","og_site_name":"Suno Not\u00edcias","article_publisher":"https:\/\/facebook.com\/sunoresearch","og_image":[{"width":300,"height":200,"url":"https:\/\/files.sunoresearch.com.br\/n\/uploads\/2020\/09\/89851e25-cvc-300x200-1.jpg","type":"image\/jpeg"}],"author":"Poliana Santos","twitter_card":"summary_large_image","twitter_creator":"@sunoresearch","twitter_site":"@sunoresearch","twitter_misc":{"Escrito por":"Poliana Santos","Est. tempo de leitura":"3 minutos"},"schema":{"@context":"https:\/\/schema.org","@graph":[{"@type":"NewsArticle","@id":"https:\/\/www.suno.com.br\/noticias\/cvc-cvcb3-prejuizo-de-228-milhoes-2t20-segundo-trimestre\/#article","isPartOf":{"@id":"https:\/\/www.suno.com.br\/noticias\/cvc-cvcb3-prejuizo-de-228-milhoes-2t20-segundo-trimestre\/"},"author":{"name":"Poliana Santos","@id":"https:\/\/www.suno.com.br\/noticias\/#\/schema\/person\/02ec1f752758247878a2bf4abee1aeda"},"headline":"CVC (CVCB3) reverte lucro e tem preju\u00edzo de R$ 252,1 milh\u00f5es no 2T20","datePublished":"2020-10-20T11:28:30+00:00","dateModified":"2021-06-21T09:18:56+00:00","mainEntityOfPage":{"@id":"https:\/\/www.suno.com.br\/noticias\/cvc-cvcb3-prejuizo-de-228-milhoes-2t20-segundo-trimestre\/"},"wordCount":620,"publisher":{"@id":"https:\/\/www.suno.com.br\/noticias\/#organization"},"image":{"@id":"https:\/\/www.suno.com.br\/noticias\/cvc-cvcb3-prejuizo-de-228-milhoes-2t20-segundo-trimestre\/#primaryimage"},"thumbnailUrl":"https:\/\/files.sunoresearch.com.br\/n\/uploads\/2020\/09\/89851e25-cvc-300x200-1-jpg.webp","keywords":["CVC (CVCB3)","Resultado das empresas"],"articleSection":["Neg\u00f3cios"],"inLanguage":"pt-BR"},{"@type":"WebPage","@id":"https:\/\/www.suno.com.br\/noticias\/cvc-cvcb3-prejuizo-de-228-milhoes-2t20-segundo-trimestre\/","url":"https:\/\/www.suno.com.br\/noticias\/cvc-cvcb3-prejuizo-de-228-milhoes-2t20-segundo-trimestre\/","name":"CVC (CVCB3) registra preju\u00edzo de R$ 228,9 milh\u00f5es no 2T20","isPartOf":{"@id":"https:\/\/www.suno.com.br\/noticias\/#website"},"primaryImageOfPage":{"@id":"https:\/\/www.suno.com.br\/noticias\/cvc-cvcb3-prejuizo-de-228-milhoes-2t20-segundo-trimestre\/#primaryimage"},"image":{"@id":"https:\/\/www.suno.com.br\/noticias\/cvc-cvcb3-prejuizo-de-228-milhoes-2t20-segundo-trimestre\/#primaryimage"},"thumbnailUrl":"https:\/\/files.sunoresearch.com.br\/n\/uploads\/2020\/09\/89851e25-cvc-300x200-1-jpg.webp","datePublished":"2020-10-20T11:28:30+00:00","dateModified":"2021-06-21T09:18:56+00:00","description":"A CVC (CVCB3)\u00a0registrou preju\u00edzo l\u00edquido de R$ 228,9 milh\u00f5es no segundo trimestre de 2020. Para saber mais clique aqui e confira","breadcrumb":{"@id":"https:\/\/www.suno.com.br\/noticias\/cvc-cvcb3-prejuizo-de-228-milhoes-2t20-segundo-trimestre\/#breadcrumb"},"inLanguage":"pt-BR","potentialAction":[{"@type":"ReadAction","target":["https:\/\/www.suno.com.br\/noticias\/cvc-cvcb3-prejuizo-de-228-milhoes-2t20-segundo-trimestre\/"]}]},{"@type":"ImageObject","inLanguage":"pt-BR","@id":"https:\/\/www.suno.com.br\/noticias\/cvc-cvcb3-prejuizo-de-228-milhoes-2t20-segundo-trimestre\/#primaryimage","url":"https:\/\/files.sunoresearch.com.br\/n\/uploads\/2020\/09\/89851e25-cvc-300x200-1-jpg.webp","contentUrl":"https:\/\/files.sunoresearch.com.br\/n\/uploads\/2020\/09\/89851e25-cvc-300x200-1-jpg.webp","width":300,"height":200,"caption":"Apesar do cen\u00e1rio pand\u00eamico, a gera\u00e7\u00e3o de caixa operacional da CVC nos primeiros seis meses de 2020 atingiu R$ 916,1 milh\u00f5es."},{"@type":"BreadcrumbList","@id":"https:\/\/www.suno.com.br\/noticias\/cvc-cvcb3-prejuizo-de-228-milhoes-2t20-segundo-trimestre\/#breadcrumb","itemListElement":[{"@type":"ListItem","position":1,"name":"Not\u00edcias","item":"https:\/\/www.suno.com.br\/noticias\/"},{"@type":"ListItem","position":2,"name":"Neg\u00f3cios","item":"https:\/\/www.suno.com.br\/noticias\/negocios\/"},{"@type":"ListItem","position":3,"name":"CVC (CVCB3) reverte lucro e tem preju\u00edzo de R$ 252,1 milh\u00f5es no 2T20"}]},{"@type":"WebSite","@id":"https:\/\/www.suno.com.br\/noticias\/#website","url":"https:\/\/www.suno.com.br\/noticias\/","name":"Suno Not\u00edcias","description":"Seu portal de informa\u00e7\u00e3o sobre o mundo dos investimentos","publisher":{"@id":"https:\/\/www.suno.com.br\/noticias\/#organization"},"potentialAction":[{"@type":"SearchAction","target":{"@type":"EntryPoint","urlTemplate":"https:\/\/www.suno.com.br\/noticias\/?s={search_term_string}"},"query-input":{"@type":"PropertyValueSpecification","valueRequired":true,"valueName":"search_term_string"}}],"inLanguage":"pt-BR"},{"@type":"Organization","@id":"https:\/\/www.suno.com.br\/noticias\/#organization","name":"Suno Not\u00edcias","url":"https:\/\/www.suno.com.br\/noticias\/","logo":{"@type":"ImageObject","inLanguage":"pt-BR","@id":"https:\/\/www.suno.com.br\/noticias\/#\/schema\/logo\/image\/","url":"https:\/\/files.sunoresearch.com.br\/n\/uploads\/2021\/09\/suno-logo.png","contentUrl":"https:\/\/files.sunoresearch.com.br\/n\/uploads\/2021\/09\/suno-logo.png","width":180,"height":180,"caption":"Suno Not\u00edcias"},"image":{"@id":"https:\/\/www.suno.com.br\/noticias\/#\/schema\/logo\/image\/"},"sameAs":["https:\/\/facebook.com\/sunoresearch","https:\/\/x.com\/sunoresearch","https:\/\/www.instagram.com\/suno","https:\/\/www.linkedin.com\/company\/suno-research\/","https:\/\/www.youtube.com\/c\/sunoresearch"]},{"@type":"Person","@id":"https:\/\/www.suno.com.br\/noticias\/#\/schema\/person\/02ec1f752758247878a2bf4abee1aeda","name":"Poliana Santos","image":{"@type":"ImageObject","inLanguage":"pt-BR","@id":"https:\/\/www.suno.com.br\/noticias\/#\/schema\/person\/image\/","url":"https:\/\/secure.gravatar.com\/avatar\/0645bd32f23d87b2130f2b2dff1d3f8d?s=96&r=g","contentUrl":"https:\/\/secure.gravatar.com\/avatar\/0645bd32f23d87b2130f2b2dff1d3f8d?s=96&r=g","caption":"Poliana Santos"},"description":"Rep\u00f3rter no Suno Not\u00edcias, com cobertura em mercado financeiro, economia, finan\u00e7as pessoais, renda fixa e varejo. Jornalista formada pela Faculdade C\u00e1sper L\u00edbero e possui passagem na R\u00e1dio Gazeta AM com a produ\u00e7\u00e3o de conte\u00fado sobre economia, pol\u00edtica, sa\u00fade, moda e m\u00fasica. Possui certificado de conclus\u00e3o do curso de An\u00e1lise de Balan\u00e7os pela Funda\u00e7\u00e3o Bradesco, Agenda Brasil pela FAAP, Educa\u00e7\u00e3o Pol\u00edtica por Alexandre Garcia e do Tesouro Direto e Mercado de A\u00e7\u00f5es pela B3.","url":"https:\/\/www.suno.com.br\/noticias\/author\/poliana-santos\/"}]}},"default_loop_html":"<div class=\"cardsPage__listCard__boxs\"><div class=\"cardsPage__listCard__boxs__img\"><a href=\"https:\/\/www.suno.com.br\/noticias\/cvc-cvcb3-prejuizo-de-228-milhoes-2t20-segundo-trimestre\/\"><img class=\"mask\" src=\"https:\/\/www.suno.com.br\/noticias\/wp-content\/themes\/suno\/resources\/images\/spotlight\/spotlight1img\/bg-mask.png\" alt=\"Image Mask\"\/><img src=\"https:\/\/files.sunoresearch.com.br\/n\/uploads\/2020\/09\/89851e25-cvc-300x200-1-jpg.webp\" alt=\"CVC (CVCB3) reverte lucro e tem preju\u00edzo de R$ 252,1 milh\u00f5es no 2T20\"\/><\/a><span class=\"spotlightCategory\"><a href=\"https:\/\/www.suno.com.br\/noticias\/negocios\/\">Neg\u00f3cios<\/a><\/span><\/div><div class=\"cardsPage__listCard__boxs__content\"><a href=\"https:\/\/www.suno.com.br\/noticias\/cvc-cvcb3-prejuizo-de-228-milhoes-2t20-segundo-trimestre\/\"><h2 class=\"content__title\">CVC (CVCB3) reverte lucro e tem preju\u00edzo de R$ 252,1 milh\u00f5es no 2T20<\/h2><\/a><div class=\"newsContent__article__meta\"><div class=\"newsContent__article__meta__authorBox\"><a href=\"https:\/\/www.suno.com.br\/noticias\/author\/poliana-santos\/\" class=\"authorBox__avatar noMobi\"><img src=\"https:\/\/files.sunoresearch.com.br\/n\/uploads\/2020\/08\/7ef34026-whatsapp-image-2020-08-03-at-12.37.57-150x150.webp\" alt=\"Poliana Santos\"><\/a><div class=\"authorBox__name\"><span>por\n\t\t\t<a href=\"https:\/\/www.suno.com.br\/noticias\/author\/poliana-santos\/\"><span itemprop=\"author\">Poliana Santos<\/span><\/a><\/span><time datetime=\"2020-10-20T08:28:30-03:00\" itemprop=\"datePublished\">20\/10\/2020 08:28<\/time><\/div><\/div><\/div><\/div><\/div>","single_layout":"posts","amp_enabled":true,"_links":{"self":[{"href":"https:\/\/www.suno.com.br\/noticias\/wp-json\/wp\/v2\/posts\/92757"}],"collection":[{"href":"https:\/\/www.suno.com.br\/noticias\/wp-json\/wp\/v2\/posts"}],"about":[{"href":"https:\/\/www.suno.com.br\/noticias\/wp-json\/wp\/v2\/types\/post"}],"author":[{"embeddable":true,"href":"https:\/\/www.suno.com.br\/noticias\/wp-json\/wp\/v2\/users\/15"}],"replies":[{"embeddable":true,"href":"https:\/\/www.suno.com.br\/noticias\/wp-json\/wp\/v2\/comments?post=92757"}],"version-history":[{"count":1,"href":"https:\/\/www.suno.com.br\/noticias\/wp-json\/wp\/v2\/posts\/92757\/revisions"}],"predecessor-version":[{"id":159687,"href":"https:\/\/www.suno.com.br\/noticias\/wp-json\/wp\/v2\/posts\/92757\/revisions\/159687"}],"wp:featuredmedia":[{"embeddable":true,"href":"https:\/\/www.suno.com.br\/noticias\/wp-json\/wp\/v2\/media\/81884"}],"wp:attachment":[{"href":"https:\/\/www.suno.com.br\/noticias\/wp-json\/wp\/v2\/media?parent=92757"}],"wp:term":[{"taxonomy":"category","embeddable":true,"href":"https:\/\/www.suno.com.br\/noticias\/wp-json\/wp\/v2\/categories?post=92757"},{"taxonomy":"post_tag","embeddable":true,"href":"https:\/\/www.suno.com.br\/noticias\/wp-json\/wp\/v2\/tags?post=92757"},{"taxonomy":"suno_strategy","embeddable":true,"href":"https:\/\/www.suno.com.br\/noticias\/wp-json\/wp\/v2\/suno_strategy?post=92757"}],"curies":[{"name":"wp","href":"https:\/\/api.w.org\/{rel}","templated":true}]}}