{"id":92613,"date":"2020-10-19T16:24:15","date_gmt":"2020-10-19T19:24:15","guid":{"rendered":"https:\/\/www.suno.com.br\/noticias\/?p=92613"},"modified":"2021-02-17T22:45:35","modified_gmt":"2021-02-18T01:45:35","slug":"argentina-planeja-criar-nova-taxa-de-juros-unificada","status":"publish","type":"post","link":"https:\/\/www.suno.com.br\/noticias\/argentina-planeja-criar-nova-taxa-de-juros-unificada\/","title":{"rendered":"Argentina planeja criar nova taxa de juros unificada"},"content":{"rendered":"<p>A <strong>Argentina<\/strong> informou nesta segunda-feira (19) que decidiu fazer altera\u00e7\u00f5es em sua <a href=\"https:\/\/www.suno.com.br\/artigos\/politica-monetaria\/#:~:text=Ou%20seja%2C%20o%20dep%C3%B3sito%20compuls%C3%B3rio,de%20uma%20pol%C3%ADtica%20monet%C3%A1ria%20expansionista.\">pol\u00edtica monet\u00e1ria<\/a>, planejando, portanto, agrupar duas taxas de refer\u00eancia diferentes com a finalidade de reduzir o excesso de <a href=\"https:\/\/www.suno.com.br\/artigos\/liquidez-financeira\/#:~:text=Liquidez%20financeira%20%C3%A9%20a%20capacidade,mais%20liquidez%20possui%20esse%20ativo.\">liquidez<\/a> em pesos no mercado.<\/p>\t<div class=\"wrapper-featured-image\">\n\t\t<figure class=\"spotlightImg\">\n\n\t\t\t<picture>\n\t\t\t\t<source media=\"(max-width: 768px)\" srcset=\"https:\/\/files.sunoresearch.com.br\/n\/uploads\/2020\/10\/f38af246-argentina-800x450-1-400x200.webp\">\n\t\t\t\t<img loading=\"lazy\" decoding=\"async\" class=\"newsContent__article__imgCapa lazyloadDisabled \" src=\"https:\/\/files.sunoresearch.com.br\/n\/uploads\/2020\/10\/f38af246-argentina-800x450-1-jpg.webp\" width=\"800\" height=\"450\" alt=\"Argentina planeja criar nova taxa de juros unificada\" fetchpriority=high \/>\n\t\t\t<\/picture>\n\n\t\t\t<figcaption class=\"wp-caption-text wp-caption-text--show\">Argentina planeja criar nova taxa de juros unificada<\/figcaption>\n\t\t<\/figure>\n\t<\/div>\n\n\n<div class=\"hubspot-form-wrapper\">\n\t<div id=\"single-form-target\"><\/div>\n<\/div>\n\n<p>O <strong>Banco Central<\/strong> da Argentina informou que sua taxa real de pol\u00edtica monet\u00e1ria deve estar entre as taxas de recompra e taxa de juros das letras de liquidez (<strong>Leliq<\/strong>), ou pr\u00f3xima a 33%, de acordo com pessoas as quais t\u00eam conhecimento direto do assunto, que pediram anonimato.<\/p>\n<p>O ministro da Economia, <strong>Mart\u00edn Guzm\u00e1n<\/strong>, informou na \u00faltima sexta-feira (16) durante teleconfer\u00eancia com investidores, que o governo tem a inten\u00e7\u00e3o de aproximar as diferentes taxas para que haja apenas uma taxa de refer\u00eancia, entre 32% e 33%, segundo uma pessoa que participou da liga\u00e7\u00e3o.<\/p>\n<p><a href=\"https:\/\/lp.suno.com.br\/suno-one\/\">Conhe\u00e7a o Suno One, a central gratuita de informa\u00e7\u00f5es da Suno para quem quer aprender a investir. Acesse clicando aqui.<\/a><\/p>\n<p>Um porta-voz do banco central, ao ser contatado para se pronunciar sobre o tema, declarou que isso faz parte de uma \u201cestrat\u00e9gia para harmonizar as taxas\u201d.<\/p>\n<p>Al\u00e9m disso, nas \u00faltimas semanas, o banco argentino tem aumentado as taxas de recompra e cortado a taxa Leliq, explicando que desta forma a pol\u00edtica monet\u00e1ria se tornar\u00e1 mais eficiente e reduzir\u00e1 o custo de absor\u00e7\u00e3o do excesso de liquidez.<\/p>\n<h2>PIB da Argentina cai 19,1% no 2T20 com impactos da pandemia<\/h2>\n<p>O Instituto Nacional de Estat\u00edsticas e Censo (Indec) divulgou no dia 22 de setembro os c\u00e1lculos preliminares sobre a atividade econ\u00f4mica da <strong>Argentina<\/strong> e apontou que o <a href=\"https:\/\/www.suno.com.br\/artigos\/pib-produto-interno-bruto\/\">Produto Interno Bruto (PIB)<\/a> do pa\u00eds teve um queda de 19,1% no segundo trimestre desse ano ante o segundo trimestre de 2019.<\/p>\n<p>Os dados divulgados ainda mostram que na compara\u00e7\u00e3o com o primeiro trimestre desse ano, a <strong>atividade econ\u00f4mica<\/strong> do pa\u00eds caiu 16,2%. J\u00e1 no acumulado do semestre \u00e9 anotada uma queda de 12,6%.<\/p>\n\t<div data-element=\"shortcode-read-more\" class=\"knowMore\">\n\t\t\t\t<span class=\"knowMore__title\">Saiba mais<\/span>\n\t\t\t\t<a class=\"knowMore__link\" href=\"https:\/\/www.suno.com.br\/noticias\/pib-argentina-2t20-pandemia\/\">\n\t\t\tPIB da Argentina cai 19,1% no 2T20 com impactos da pandemia\t\t<\/a>\n\t<\/div>\n\n\n<p>O <strong>Indec<\/strong> apontou que o desempenho negativo da <strong>Argentina<\/strong> foi puxado pelos setores de hot\u00e9is e restaurantes<strong>,<\/strong> com uma queda anualizada de 73,4%, ao passo que as atividades de servi\u00e7os comunit\u00e1rios sociais e pessoais tamb\u00e9m puxaram o desempenho, com uma queda de 67,7%.<\/p>\n<p><em>Com informa\u00e7\u00f5es do Estad\u00e3o Conte\u00fado.<\/em><\/p>\n\t<p>\n\t\t<a href=\"https:\/\/lp.suno.com.br\/planilha-de-controle-de-investimentos\/\" target=\"_blank\" data-element=\"shortcode-suno-banner\" title=\"Banner SUNO, clique e saiba mais\">\n\t\t\t<picture>\n\t\t\t\t<source media=\"(max-width: 500px)\" srcset=\"https:\/\/files.sunoresearch.com.br\/n\/uploads\/2023\/03\/400x300-Controle-de-Investimentos.png\">\n\t\t\t\t<img class=\"newsContent__article__imgCapa newsContent__article__imgCapa--banner\"\n\t\t\t\t\tsrc=\"https:\/\/files.sunoresearch.com.br\/n\/uploads\/2023\/03\/1420x240-Controle-de-Investimentos.png\"\n\t\t\t\t\tdata-promo-id=\"75934\"\t\t\t\t\t\t\t\t\t\twidth='1420' height='240'\t\t\t\t\talt=\"https:\/\/files.sunoresearch.com.br\/n\/uploads\/2023\/03\/1420x240-Controle-de-Investimentos.png\"\n\t\t\t\t>\n\t\t\t<\/picture>\n\t\t<\/a>\n\t<\/p>\n\n\n<p>&nbsp;<\/p>\n","protected":false},"excerpt":{"rendered":"<p>A Argentina informou nesta segunda-feira (19) que decidiu fazer altera\u00e7\u00f5es em sua pol\u00edtica monet\u00e1ria, planejando, portanto, agrupar duas taxas de refer\u00eancia diferentes com a finalidade de reduzir o excesso de liquidez em pesos no mercado. Argentina planeja criar nova taxa de juros unificada O Banco Central da Argentina informou que sua taxa real de pol\u00edtica [&hellip;]<\/p>\n","protected":false},"author":56,"featured_media":92621,"comment_status":"closed","ping_status":"closed","sticky":false,"template":"","format":"standard","meta":[],"categories":[63],"tags":[699,1842,2448],"suno_strategy":[],"class_list":["post-92613","post","type-post","status-publish","format-standard","has-post-thumbnail","hentry","category-internacional","tag-argentina","tag-banco-central-bc","tag-politica-monetaria"],"yoast_head":"<!-- This site is optimized with the Yoast SEO plugin v24.4 - https:\/\/yoast.com\/wordpress\/plugins\/seo\/ -->\n<title>Argentina planeja criar nova taxa de juros unificada<\/title>\n<meta name=\"description\" content=\"A Argentina disse que far\u00e1 altera\u00e7\u00f5es em sua pol\u00edtica monet\u00e1ria, planejando agrupar duas taxas de refer\u00eancia. Clique aqui para saber mais.\" \/>\n<meta name=\"robots\" content=\"index, follow, max-snippet:-1, max-image-preview:large, max-video-preview:-1\" \/>\n<link rel=\"canonical\" href=\"https:\/\/www.suno.com.br\/noticias\/argentina-planeja-criar-nova-taxa-de-juros-unificada\/\" \/>\n<meta property=\"og:locale\" content=\"pt_BR\" \/>\n<meta property=\"og:type\" content=\"article\" \/>\n<meta property=\"og:title\" content=\"Argentina planeja criar nova taxa de juros unificada\" \/>\n<meta property=\"og:description\" content=\"A Argentina disse que far\u00e1 altera\u00e7\u00f5es em sua pol\u00edtica monet\u00e1ria, planejando agrupar duas taxas de refer\u00eancia. Clique aqui para saber mais.\" \/>\n<meta property=\"og:url\" content=\"https:\/\/www.suno.com.br\/noticias\/argentina-planeja-criar-nova-taxa-de-juros-unificada\/\" \/>\n<meta property=\"og:site_name\" content=\"Suno Not\u00edcias\" \/>\n<meta property=\"article:publisher\" content=\"https:\/\/facebook.com\/sunoresearch\" \/>\n<meta property=\"og:image\" content=\"https:\/\/files.sunoresearch.com.br\/n\/uploads\/2020\/10\/f38af246-argentina-800x450-1.jpg\" \/>\n\t<meta property=\"og:image:width\" content=\"800\" \/>\n\t<meta property=\"og:image:height\" content=\"450\" \/>\n\t<meta property=\"og:image:type\" content=\"image\/jpeg\" \/>\n<meta name=\"author\" content=\"Rafaela La Regina\" \/>\n<meta name=\"twitter:card\" content=\"summary_large_image\" \/>\n<meta name=\"twitter:creator\" content=\"@sunoresearch\" \/>\n<meta name=\"twitter:site\" content=\"@sunoresearch\" \/>\n<meta name=\"twitter:label1\" content=\"Escrito por\" \/>\n\t<meta name=\"twitter:data1\" content=\"Rafaela La Regina\" \/>\n\t<meta name=\"twitter:label2\" content=\"Est. tempo de leitura\" \/>\n\t<meta name=\"twitter:data2\" content=\"2 minutos\" \/>\n<script type=\"application\/ld+json\" class=\"yoast-schema-graph\">{\"@context\":\"https:\/\/schema.org\",\"@graph\":[{\"@type\":\"NewsArticle\",\"@id\":\"https:\/\/www.suno.com.br\/noticias\/argentina-planeja-criar-nova-taxa-de-juros-unificada\/#article\",\"isPartOf\":{\"@id\":\"https:\/\/www.suno.com.br\/noticias\/argentina-planeja-criar-nova-taxa-de-juros-unificada\/\"},\"author\":{\"name\":\"Rafaela La Regina\",\"@id\":\"https:\/\/www.suno.com.br\/noticias\/#\/schema\/person\/e672ca8cea627fe715fa29bca7da95e0\"},\"headline\":\"Argentina planeja criar nova taxa de juros unificada\",\"datePublished\":\"2020-10-19T19:24:15+00:00\",\"dateModified\":\"2021-02-18T01:45:35+00:00\",\"mainEntityOfPage\":{\"@id\":\"https:\/\/www.suno.com.br\/noticias\/argentina-planeja-criar-nova-taxa-de-juros-unificada\/\"},\"wordCount\":406,\"publisher\":{\"@id\":\"https:\/\/www.suno.com.br\/noticias\/#organization\"},\"image\":{\"@id\":\"https:\/\/www.suno.com.br\/noticias\/argentina-planeja-criar-nova-taxa-de-juros-unificada\/#primaryimage\"},\"thumbnailUrl\":\"https:\/\/files.sunoresearch.com.br\/n\/uploads\/2020\/10\/f38af246-argentina-800x450-1-jpg.webp\",\"keywords\":[\"Argentina\",\"Banco Central (BC)\",\"pol\u00edtica monet\u00e1ria\"],\"articleSection\":[\"Internacional\"],\"inLanguage\":\"pt-BR\"},{\"@type\":\"WebPage\",\"@id\":\"https:\/\/www.suno.com.br\/noticias\/argentina-planeja-criar-nova-taxa-de-juros-unificada\/\",\"url\":\"https:\/\/www.suno.com.br\/noticias\/argentina-planeja-criar-nova-taxa-de-juros-unificada\/\",\"name\":\"Argentina planeja criar nova taxa de juros unificada\",\"isPartOf\":{\"@id\":\"https:\/\/www.suno.com.br\/noticias\/#website\"},\"primaryImageOfPage\":{\"@id\":\"https:\/\/www.suno.com.br\/noticias\/argentina-planeja-criar-nova-taxa-de-juros-unificada\/#primaryimage\"},\"image\":{\"@id\":\"https:\/\/www.suno.com.br\/noticias\/argentina-planeja-criar-nova-taxa-de-juros-unificada\/#primaryimage\"},\"thumbnailUrl\":\"https:\/\/files.sunoresearch.com.br\/n\/uploads\/2020\/10\/f38af246-argentina-800x450-1-jpg.webp\",\"datePublished\":\"2020-10-19T19:24:15+00:00\",\"dateModified\":\"2021-02-18T01:45:35+00:00\",\"description\":\"A Argentina disse que far\u00e1 altera\u00e7\u00f5es em sua pol\u00edtica monet\u00e1ria, planejando agrupar duas taxas de refer\u00eancia. Clique aqui para saber mais.\",\"breadcrumb\":{\"@id\":\"https:\/\/www.suno.com.br\/noticias\/argentina-planeja-criar-nova-taxa-de-juros-unificada\/#breadcrumb\"},\"inLanguage\":\"pt-BR\",\"potentialAction\":[{\"@type\":\"ReadAction\",\"target\":[\"https:\/\/www.suno.com.br\/noticias\/argentina-planeja-criar-nova-taxa-de-juros-unificada\/\"]}]},{\"@type\":\"ImageObject\",\"inLanguage\":\"pt-BR\",\"@id\":\"https:\/\/www.suno.com.br\/noticias\/argentina-planeja-criar-nova-taxa-de-juros-unificada\/#primaryimage\",\"url\":\"https:\/\/files.sunoresearch.com.br\/n\/uploads\/2020\/10\/f38af246-argentina-800x450-1-jpg.webp\",\"contentUrl\":\"https:\/\/files.sunoresearch.com.br\/n\/uploads\/2020\/10\/f38af246-argentina-800x450-1-jpg.webp\",\"width\":800,\"height\":450,\"caption\":\"Argentina planeja criar nova taxa de juros unificada\"},{\"@type\":\"BreadcrumbList\",\"@id\":\"https:\/\/www.suno.com.br\/noticias\/argentina-planeja-criar-nova-taxa-de-juros-unificada\/#breadcrumb\",\"itemListElement\":[{\"@type\":\"ListItem\",\"position\":1,\"name\":\"Not\u00edcias\",\"item\":\"https:\/\/www.suno.com.br\/noticias\/\"},{\"@type\":\"ListItem\",\"position\":2,\"name\":\"Internacional\",\"item\":\"https:\/\/www.suno.com.br\/noticias\/internacional\/\"},{\"@type\":\"ListItem\",\"position\":3,\"name\":\"Argentina planeja criar nova taxa de juros unificada\"}]},{\"@type\":\"WebSite\",\"@id\":\"https:\/\/www.suno.com.br\/noticias\/#website\",\"url\":\"https:\/\/www.suno.com.br\/noticias\/\",\"name\":\"Suno Not\u00edcias\",\"description\":\"Seu portal de informa\u00e7\u00e3o sobre o mundo dos investimentos\",\"publisher\":{\"@id\":\"https:\/\/www.suno.com.br\/noticias\/#organization\"},\"potentialAction\":[{\"@type\":\"SearchAction\",\"target\":{\"@type\":\"EntryPoint\",\"urlTemplate\":\"https:\/\/www.suno.com.br\/noticias\/?s={search_term_string}\"},\"query-input\":{\"@type\":\"PropertyValueSpecification\",\"valueRequired\":true,\"valueName\":\"search_term_string\"}}],\"inLanguage\":\"pt-BR\"},{\"@type\":\"Organization\",\"@id\":\"https:\/\/www.suno.com.br\/noticias\/#organization\",\"name\":\"Suno Not\u00edcias\",\"url\":\"https:\/\/www.suno.com.br\/noticias\/\",\"logo\":{\"@type\":\"ImageObject\",\"inLanguage\":\"pt-BR\",\"@id\":\"https:\/\/www.suno.com.br\/noticias\/#\/schema\/logo\/image\/\",\"url\":\"https:\/\/files.sunoresearch.com.br\/n\/uploads\/2021\/09\/suno-logo.png\",\"contentUrl\":\"https:\/\/files.sunoresearch.com.br\/n\/uploads\/2021\/09\/suno-logo.png\",\"width\":180,\"height\":180,\"caption\":\"Suno Not\u00edcias\"},\"image\":{\"@id\":\"https:\/\/www.suno.com.br\/noticias\/#\/schema\/logo\/image\/\"},\"sameAs\":[\"https:\/\/facebook.com\/sunoresearch\",\"https:\/\/x.com\/sunoresearch\",\"https:\/\/www.instagram.com\/suno\",\"https:\/\/www.linkedin.com\/company\/suno-research\/\",\"https:\/\/www.youtube.com\/c\/sunoresearch\"]},{\"@type\":\"Person\",\"@id\":\"https:\/\/www.suno.com.br\/noticias\/#\/schema\/person\/e672ca8cea627fe715fa29bca7da95e0\",\"name\":\"Rafaela La Regina\",\"image\":{\"@type\":\"ImageObject\",\"inLanguage\":\"pt-BR\",\"@id\":\"https:\/\/www.suno.com.br\/noticias\/#\/schema\/person\/image\/\",\"url\":\"https:\/\/secure.gravatar.com\/avatar\/d2c75a52d243deb93d0465fdcb21bd37?s=96&r=g\",\"contentUrl\":\"https:\/\/secure.gravatar.com\/avatar\/d2c75a52d243deb93d0465fdcb21bd37?s=96&r=g\",\"caption\":\"Rafaela La Regina\"},\"description\":\"Estagi\u00e1ria no Suno Not\u00edcias. Escreve sobre economia, pol\u00edtica e neg\u00f3cios. Estuda Rela\u00e7\u00f5es Internacionais no IBMEC-SP.\",\"url\":\"https:\/\/www.suno.com.br\/noticias\/author\/rafaela-la-regina\/\"}]}<\/script>\n<!-- \/ Yoast SEO plugin. -->","yoast_head_json":{"title":"Argentina planeja criar nova taxa de juros unificada","description":"A Argentina disse que far\u00e1 altera\u00e7\u00f5es em sua pol\u00edtica monet\u00e1ria, planejando agrupar duas taxas de refer\u00eancia. Clique aqui para saber mais.","robots":{"index":"index","follow":"follow","max-snippet":"max-snippet:-1","max-image-preview":"max-image-preview:large","max-video-preview":"max-video-preview:-1"},"canonical":"https:\/\/www.suno.com.br\/noticias\/argentina-planeja-criar-nova-taxa-de-juros-unificada\/","og_locale":"pt_BR","og_type":"article","og_title":"Argentina planeja criar nova taxa de juros unificada","og_description":"A Argentina disse que far\u00e1 altera\u00e7\u00f5es em sua pol\u00edtica monet\u00e1ria, planejando agrupar duas taxas de refer\u00eancia. Clique aqui para saber mais.","og_url":"https:\/\/www.suno.com.br\/noticias\/argentina-planeja-criar-nova-taxa-de-juros-unificada\/","og_site_name":"Suno Not\u00edcias","article_publisher":"https:\/\/facebook.com\/sunoresearch","og_image":[{"width":800,"height":450,"url":"https:\/\/files.sunoresearch.com.br\/n\/uploads\/2020\/10\/f38af246-argentina-800x450-1.jpg","type":"image\/jpeg"}],"author":"Rafaela La Regina","twitter_card":"summary_large_image","twitter_creator":"@sunoresearch","twitter_site":"@sunoresearch","twitter_misc":{"Escrito por":"Rafaela La Regina","Est. tempo de leitura":"2 minutos"},"schema":{"@context":"https:\/\/schema.org","@graph":[{"@type":"NewsArticle","@id":"https:\/\/www.suno.com.br\/noticias\/argentina-planeja-criar-nova-taxa-de-juros-unificada\/#article","isPartOf":{"@id":"https:\/\/www.suno.com.br\/noticias\/argentina-planeja-criar-nova-taxa-de-juros-unificada\/"},"author":{"name":"Rafaela La Regina","@id":"https:\/\/www.suno.com.br\/noticias\/#\/schema\/person\/e672ca8cea627fe715fa29bca7da95e0"},"headline":"Argentina planeja criar nova taxa de juros unificada","datePublished":"2020-10-19T19:24:15+00:00","dateModified":"2021-02-18T01:45:35+00:00","mainEntityOfPage":{"@id":"https:\/\/www.suno.com.br\/noticias\/argentina-planeja-criar-nova-taxa-de-juros-unificada\/"},"wordCount":406,"publisher":{"@id":"https:\/\/www.suno.com.br\/noticias\/#organization"},"image":{"@id":"https:\/\/www.suno.com.br\/noticias\/argentina-planeja-criar-nova-taxa-de-juros-unificada\/#primaryimage"},"thumbnailUrl":"https:\/\/files.sunoresearch.com.br\/n\/uploads\/2020\/10\/f38af246-argentina-800x450-1-jpg.webp","keywords":["Argentina","Banco Central (BC)","pol\u00edtica monet\u00e1ria"],"articleSection":["Internacional"],"inLanguage":"pt-BR"},{"@type":"WebPage","@id":"https:\/\/www.suno.com.br\/noticias\/argentina-planeja-criar-nova-taxa-de-juros-unificada\/","url":"https:\/\/www.suno.com.br\/noticias\/argentina-planeja-criar-nova-taxa-de-juros-unificada\/","name":"Argentina planeja criar nova taxa de juros unificada","isPartOf":{"@id":"https:\/\/www.suno.com.br\/noticias\/#website"},"primaryImageOfPage":{"@id":"https:\/\/www.suno.com.br\/noticias\/argentina-planeja-criar-nova-taxa-de-juros-unificada\/#primaryimage"},"image":{"@id":"https:\/\/www.suno.com.br\/noticias\/argentina-planeja-criar-nova-taxa-de-juros-unificada\/#primaryimage"},"thumbnailUrl":"https:\/\/files.sunoresearch.com.br\/n\/uploads\/2020\/10\/f38af246-argentina-800x450-1-jpg.webp","datePublished":"2020-10-19T19:24:15+00:00","dateModified":"2021-02-18T01:45:35+00:00","description":"A Argentina disse que far\u00e1 altera\u00e7\u00f5es em sua pol\u00edtica monet\u00e1ria, planejando agrupar duas taxas de refer\u00eancia. Clique aqui para saber mais.","breadcrumb":{"@id":"https:\/\/www.suno.com.br\/noticias\/argentina-planeja-criar-nova-taxa-de-juros-unificada\/#breadcrumb"},"inLanguage":"pt-BR","potentialAction":[{"@type":"ReadAction","target":["https:\/\/www.suno.com.br\/noticias\/argentina-planeja-criar-nova-taxa-de-juros-unificada\/"]}]},{"@type":"ImageObject","inLanguage":"pt-BR","@id":"https:\/\/www.suno.com.br\/noticias\/argentina-planeja-criar-nova-taxa-de-juros-unificada\/#primaryimage","url":"https:\/\/files.sunoresearch.com.br\/n\/uploads\/2020\/10\/f38af246-argentina-800x450-1-jpg.webp","contentUrl":"https:\/\/files.sunoresearch.com.br\/n\/uploads\/2020\/10\/f38af246-argentina-800x450-1-jpg.webp","width":800,"height":450,"caption":"Argentina planeja criar nova taxa de juros unificada"},{"@type":"BreadcrumbList","@id":"https:\/\/www.suno.com.br\/noticias\/argentina-planeja-criar-nova-taxa-de-juros-unificada\/#breadcrumb","itemListElement":[{"@type":"ListItem","position":1,"name":"Not\u00edcias","item":"https:\/\/www.suno.com.br\/noticias\/"},{"@type":"ListItem","position":2,"name":"Internacional","item":"https:\/\/www.suno.com.br\/noticias\/internacional\/"},{"@type":"ListItem","position":3,"name":"Argentina planeja criar nova taxa de juros unificada"}]},{"@type":"WebSite","@id":"https:\/\/www.suno.com.br\/noticias\/#website","url":"https:\/\/www.suno.com.br\/noticias\/","name":"Suno Not\u00edcias","description":"Seu portal de informa\u00e7\u00e3o sobre o mundo dos investimentos","publisher":{"@id":"https:\/\/www.suno.com.br\/noticias\/#organization"},"potentialAction":[{"@type":"SearchAction","target":{"@type":"EntryPoint","urlTemplate":"https:\/\/www.suno.com.br\/noticias\/?s={search_term_string}"},"query-input":{"@type":"PropertyValueSpecification","valueRequired":true,"valueName":"search_term_string"}}],"inLanguage":"pt-BR"},{"@type":"Organization","@id":"https:\/\/www.suno.com.br\/noticias\/#organization","name":"Suno Not\u00edcias","url":"https:\/\/www.suno.com.br\/noticias\/","logo":{"@type":"ImageObject","inLanguage":"pt-BR","@id":"https:\/\/www.suno.com.br\/noticias\/#\/schema\/logo\/image\/","url":"https:\/\/files.sunoresearch.com.br\/n\/uploads\/2021\/09\/suno-logo.png","contentUrl":"https:\/\/files.sunoresearch.com.br\/n\/uploads\/2021\/09\/suno-logo.png","width":180,"height":180,"caption":"Suno Not\u00edcias"},"image":{"@id":"https:\/\/www.suno.com.br\/noticias\/#\/schema\/logo\/image\/"},"sameAs":["https:\/\/facebook.com\/sunoresearch","https:\/\/x.com\/sunoresearch","https:\/\/www.instagram.com\/suno","https:\/\/www.linkedin.com\/company\/suno-research\/","https:\/\/www.youtube.com\/c\/sunoresearch"]},{"@type":"Person","@id":"https:\/\/www.suno.com.br\/noticias\/#\/schema\/person\/e672ca8cea627fe715fa29bca7da95e0","name":"Rafaela La Regina","image":{"@type":"ImageObject","inLanguage":"pt-BR","@id":"https:\/\/www.suno.com.br\/noticias\/#\/schema\/person\/image\/","url":"https:\/\/secure.gravatar.com\/avatar\/d2c75a52d243deb93d0465fdcb21bd37?s=96&r=g","contentUrl":"https:\/\/secure.gravatar.com\/avatar\/d2c75a52d243deb93d0465fdcb21bd37?s=96&r=g","caption":"Rafaela La Regina"},"description":"Estagi\u00e1ria no Suno Not\u00edcias. Escreve sobre economia, pol\u00edtica e neg\u00f3cios. Estuda Rela\u00e7\u00f5es Internacionais no IBMEC-SP.","url":"https:\/\/www.suno.com.br\/noticias\/author\/rafaela-la-regina\/"}]}},"default_loop_html":"<div class=\"cardsPage__listCard__boxs\"><div class=\"cardsPage__listCard__boxs__img\"><a href=\"https:\/\/www.suno.com.br\/noticias\/argentina-planeja-criar-nova-taxa-de-juros-unificada\/\"><img class=\"mask\" src=\"https:\/\/www.suno.com.br\/noticias\/wp-content\/themes\/suno\/resources\/images\/spotlight\/spotlight1img\/bg-mask.png\" alt=\"Image Mask\"\/><img src=\"https:\/\/files.sunoresearch.com.br\/n\/uploads\/2020\/10\/f38af246-argentina-800x450-1-400x200.webp\" alt=\"Argentina planeja criar nova taxa de juros unificada\"\/><\/a><span class=\"spotlightCategory\"><a href=\"https:\/\/www.suno.com.br\/noticias\/internacional\/\">Internacional<\/a><\/span><\/div><div class=\"cardsPage__listCard__boxs__content\"><a href=\"https:\/\/www.suno.com.br\/noticias\/argentina-planeja-criar-nova-taxa-de-juros-unificada\/\"><h2 class=\"content__title\">Argentina planeja criar nova taxa de juros unificada<\/h2><\/a><div class=\"newsContent__article__meta\"><div class=\"newsContent__article__meta__authorBox\"><a href=\"https:\/\/www.suno.com.br\/noticias\/author\/rafaela-la-regina\/\" class=\"authorBox__avatar noMobi\"><img src=\"https:\/\/secure.gravatar.com\/avatar\/d2c75a52d243deb93d0465fdcb21bd37?s=96&#038;r=g\" alt=\"Rafaela La Regina\"><\/a><div class=\"authorBox__name\"><span>por\n\t\t\t<a href=\"https:\/\/www.suno.com.br\/noticias\/author\/rafaela-la-regina\/\"><span itemprop=\"author\">Rafaela La Regina<\/span><\/a><\/span><time datetime=\"2020-10-19T16:24:15-03:00\" itemprop=\"datePublished\">19\/10\/2020 16:24<\/time><\/div><\/div><\/div><\/div><\/div>","single_layout":"posts","amp_enabled":true,"_links":{"self":[{"href":"https:\/\/www.suno.com.br\/noticias\/wp-json\/wp\/v2\/posts\/92613"}],"collection":[{"href":"https:\/\/www.suno.com.br\/noticias\/wp-json\/wp\/v2\/posts"}],"about":[{"href":"https:\/\/www.suno.com.br\/noticias\/wp-json\/wp\/v2\/types\/post"}],"author":[{"embeddable":true,"href":"https:\/\/www.suno.com.br\/noticias\/wp-json\/wp\/v2\/users\/56"}],"replies":[{"embeddable":true,"href":"https:\/\/www.suno.com.br\/noticias\/wp-json\/wp\/v2\/comments?post=92613"}],"version-history":[{"count":0,"href":"https:\/\/www.suno.com.br\/noticias\/wp-json\/wp\/v2\/posts\/92613\/revisions"}],"wp:featuredmedia":[{"embeddable":true,"href":"https:\/\/www.suno.com.br\/noticias\/wp-json\/wp\/v2\/media\/92621"}],"wp:attachment":[{"href":"https:\/\/www.suno.com.br\/noticias\/wp-json\/wp\/v2\/media?parent=92613"}],"wp:term":[{"taxonomy":"category","embeddable":true,"href":"https:\/\/www.suno.com.br\/noticias\/wp-json\/wp\/v2\/categories?post=92613"},{"taxonomy":"post_tag","embeddable":true,"href":"https:\/\/www.suno.com.br\/noticias\/wp-json\/wp\/v2\/tags?post=92613"},{"taxonomy":"suno_strategy","embeddable":true,"href":"https:\/\/www.suno.com.br\/noticias\/wp-json\/wp\/v2\/suno_strategy?post=92613"}],"curies":[{"name":"wp","href":"https:\/\/api.w.org\/{rel}","templated":true}]}}