{"id":92600,"date":"2020-10-19T17:13:59","date_gmt":"2020-10-19T20:13:59","guid":{"rendered":"https:\/\/www.suno.com.br\/noticias\/?p=92600"},"modified":"2020-10-19T17:13:59","modified_gmt":"2020-10-19T20:13:59","slug":"coronavirus-nao-e-possivel-liberar-auxilio-para-companhias-aereas-diz-anac","status":"publish","type":"post","link":"https:\/\/www.suno.com.br\/noticias\/coronavirus-nao-e-possivel-liberar-auxilio-para-companhias-aereas-diz-anac\/","title":{"rendered":"Coronav\u00edrus: N\u00e3o \u00e9 poss\u00edvel liberar aux\u00edlio para companhias a\u00e9reas, diz Anac"},"content":{"rendered":"<p>O diretor-presidente substituto da Ag\u00eancia Nacional de Avia\u00e7\u00e3o Civil (Anac), Juliano Alc\u00e2ntara Noman, declarou nesta segunda-feira (19) que n\u00e3o ser\u00e1 poss\u00edvel liberar recursos para o aux\u00edlio das companhias a\u00e9reas brasileiras, que foram afetadas pela pandemia do <strong><a href=\"https:\/\/www.suno.com.br\/noticias\/tags\/coronavirus\/\">novo coronav\u00edrus (Covid-19)<\/a><\/strong>.<\/p>\t<div class=\"wrapper-featured-image\">\n\t\t<figure class=\"spotlightImg\">\n\n\t\t\t<picture>\n\t\t\t\t<source media=\"(max-width: 768px)\" srcset=\"https:\/\/files.sunoresearch.com.br\/n\/uploads\/2020\/10\/a78accaf-setor-aereo-800x450-1-400x200.webp\">\n\t\t\t\t<img loading=\"lazy\" decoding=\"async\" class=\"newsContent__article__imgCapa lazyloadDisabled \" src=\"https:\/\/files.sunoresearch.com.br\/n\/uploads\/2020\/10\/a78accaf-setor-aereo-800x450-1-jpeg.webp\" width=\"800\" height=\"450\" alt=\"Coronav\u00edrus: N\u00e3o \u00e9 poss\u00edvel liberar aux\u00edlio para companhias a\u00e9reas, diz Anac\" fetchpriority=high \/>\n\t\t\t<\/picture>\n\n\t\t\t<figcaption class=\"wp-caption-text wp-caption-text--show\">Coronav\u00edrus: N\u00e3o \u00e9 poss\u00edvel liberar aux\u00edlio para companhias a\u00e9reas, diz Anac<\/figcaption>\n\t\t<\/figure>\n\t<\/div>\n\n\n<div class=\"hubspot-form-wrapper\">\n\t<div id=\"single-form-target\"><\/div>\n<\/div>\n\n<p>Noman citou ainda como exemplo o aux\u00edlio dado pelo governo dos <strong>EUA<\/strong>, ressaltando que no Brasil, n\u00e3o seria poss\u00edvel fazer o mesmo em meio \u00e0 pandemia do coronav\u00edrus.<\/p>\n<p><a href=\"https:\/\/lp.suno.com.br\/suno-one\/\">Suno One: acesse gratuitamente eBooks, Minicursos, Artigos e Video Aulas sobre investimentos com um \u00fanico cadastro. Clique para saber mais!<\/a><\/p>\n<p>Durante sess\u00e3o de sabatina em comiss\u00e3o que aprovou sua efetiva\u00e7\u00e3o no cargo de presidente da ag\u00eancia, no Senado, Noman disse que \u201cA gente, no Brasil, vive outra realidade, o que refor\u00e7a mais ainda a urg\u00eancia de fazer as atualiza\u00e7\u00f5es regulat\u00f3rias legais necess\u00e1rias. Se a gente n\u00e3o tem tantos recursos assim para poder socorrer, ent\u00e3o, o ambiente regulat\u00f3rio tem que ser o mais moderno e eficiente poss\u00edvel&#8221;.<\/p>\n<p>O diretor reconheceu ainda que o setor a\u00e9reo foi fortemente prejudicado pelo coronav\u00edrus, com redu\u00e7\u00e3o dos voos \u201cpraticamente a zero\u201d. Deste modo, \u00e9 preciso fazer uma \u201cfaxina\u201d no C\u00f3digo Brasileiro de Aeron\u00e1utica para destravar processos e estimular a retomada do setor, argumentou.<\/p>\n<p>Al\u00e9m disso, Rog\u00e9rio Benevides Carvalho, candidato a uma cadeira de diretor na Anac, informou que as tr\u00eas principais companhias a\u00e9reas brasileiras acumulam, no per\u00edodo da pandemia, preju\u00edzos de R$ 2 bilh\u00f5es a cada trimestre. &#8220;Esse passivo foi criado e ser\u00e1 carregado\u201d, revelou.<\/p>\n<h2>Coronav\u00edrus: crise do setor a\u00e9reo amea\u00e7a 46 milh\u00f5es de empregos<\/h2>\n<p>O <strong>Grupo de A\u00e7\u00e3o do Transporte A\u00e9reo (Atag)<\/strong> divulgou em setembro um relat\u00f3rio informando que o colapso do setor a\u00e9reo causado pela pandemia do novo coronav\u00edrus (Covid-19), o qual levou pa\u00edses a fecharem suas fronteiras e aplicarem medidas de isolamento social, pode acabar com 46 milh\u00f5es de postos de trabalho ao redor do mundo, afetando mais da metade dos 87,7 milh\u00f5es de empregos gerados pela ind\u00fastria.<\/p>\n<p>O<strong> setor a\u00e9reo<\/strong>, o qual inclui empresas a\u00e9reas, fabricantes de aeronaves, aeroportos e gerenciamento do tr\u00e1fego, tinha 11 milh\u00f5es de empregados antes da crise do coronav\u00edrus, ao passo que 4,8 milh\u00f5es destes postos de trabalho devem desaparecer, estimou o relat\u00f3rio produzido pela Atag em conjunto com a Oxford Economics.<\/p>\n<p>\u201cA paralisa\u00e7\u00e3o quase total do sistema por v\u00e1rios meses, assim como a natureza inconsistente da reabertura, aponta que as viagens a\u00e9reas n\u00e3o ir\u00e3o recuperar os n\u00edveis <strong>pr\u00e9-covid<\/strong> at\u00e9 2024\u201d, relataram os dados.<\/p>\n<p>De acordo com o diretor executivo da Atag, Michael Gill, a an\u00e1lise prev\u00ea que devem ser perdidos at\u00e9 4,8 milh\u00f5es de empregos na avia\u00e7\u00e3o at\u00e9 o in\u00edcio de 2021, resultando em uma redu\u00e7\u00e3o de 43% em compara\u00e7\u00e3o com o per\u00edodo antes da crise.<\/p>\n<p>&#8221; Quando expandimos os efeitos para todos os empregos apoiados pela avia\u00e7\u00e3o, 46 milh\u00f5es de postos est\u00e3o em risco. Esse n\u00famero inclui fun\u00e7\u00f5es altamente qualificadas na avia\u00e7\u00e3o, neg\u00f3cios no turismo impactados pela falta de viagens a\u00e9reas e empregos ao longo da cadeia de suprimentos em constru\u00e7\u00e3o, servi\u00e7os de alimenta\u00e7\u00e3o entre outros&#8221;, concluiu.<\/p>\n<p><a href=\"https:\/\/www.suno.com.br\/noticias\/coronavirus-crise-do-setor-aereo-ameaca-46-milhoes-de-empregos\/\">Saiba Mais: Coronav\u00edrus: crise do setor a\u00e9reo amea\u00e7a 46 milh\u00f5es de empregos<\/a><\/p>\n<p>O relat\u00f3rio tamb\u00e9m apontou quantos empregos est\u00e3o em risco por segmentos, sendo eles:<\/p>\n<ul>\n<li>Segmento de viagens a\u00e9reas: 26 milh\u00f5es de postos de trabalho<\/li>\n<li>Companhias de bens e servi\u00e7os para empresas e funcion\u00e1rios do setor a\u00e9reo: 15 milh\u00f5es de postos de trabalho<\/li>\n<li>Empresas a\u00e9reas: 1,3 milh\u00f5es de postos perdidos.<\/li>\n<\/ul>\n<p>Ao passo que os empregos gerados pela avia\u00e7\u00e3o devem diminuir em 52%, o que revela uma perda de US$ 1,8 trilh\u00e3o no <strong><a href=\"https:\/\/www.suno.com.br\/artigos\/pib-produto-interno-bruto\/\">PIB<\/a> Global<\/strong>. A pesquisa prev\u00ea que os efeitos da <strong>pandemia do coronav\u00edrus<\/strong> ser\u00e3o sentidos pela ind\u00fastria por muitos anos, sendo a pior crise j\u00e1 enfrentada pelo setor.<\/p>\n\t<p>\n\t\t<a href=\"https:\/\/lp.suno.com.br\/planilha-de-controle-de-investimentos\/\" target=\"_blank\" data-element=\"shortcode-suno-banner\" title=\"Banner SUNO, clique e saiba mais\">\n\t\t\t<picture>\n\t\t\t\t<source media=\"(max-width: 500px)\" srcset=\"https:\/\/files.sunoresearch.com.br\/n\/uploads\/2023\/03\/400x300-Controle-de-Investimentos.png\">\n\t\t\t\t<img class=\"newsContent__article__imgCapa newsContent__article__imgCapa--banner\"\n\t\t\t\t\tsrc=\"https:\/\/files.sunoresearch.com.br\/n\/uploads\/2023\/03\/1420x240-Controle-de-Investimentos.png\"\n\t\t\t\t\tdata-promo-id=\"75934\"\t\t\t\t\t\t\t\t\t\twidth='1420' height='240'\t\t\t\t\talt=\"https:\/\/files.sunoresearch.com.br\/n\/uploads\/2023\/03\/1420x240-Controle-de-Investimentos.png\"\n\t\t\t\t>\n\t\t\t<\/picture>\n\t\t<\/a>\n\t<\/p>\n\n\n","protected":false},"excerpt":{"rendered":"<p>O diretor-presidente substituto da Ag\u00eancia Nacional de Avia\u00e7\u00e3o Civil (Anac), Juliano Alc\u00e2ntara Noman, declarou nesta segunda-feira (19) que n\u00e3o ser\u00e1 poss\u00edvel liberar recursos para o aux\u00edlio das companhias a\u00e9reas brasileiras, que foram afetadas pela pandemia do novo coronav\u00edrus (Covid-19). Coronav\u00edrus: N\u00e3o \u00e9 poss\u00edvel liberar aux\u00edlio para companhias a\u00e9reas, diz Anac Noman citou ainda como exemplo [&hellip;]<\/p>\n","protected":false},"author":56,"featured_media":92640,"comment_status":"closed","ping_status":"closed","sticky":false,"template":"","format":"standard","meta":[],"categories":[64],"tags":[1013,1594,2487,5255],"suno_strategy":[],"class_list":["post-92600","post","type-post","status-publish","format-standard","has-post-thumbnail","hentry","category-negocios","tag-anac","tag-companhias-aereas","tag-coronavirus","tag-covid-19"],"yoast_head":"<!-- This site is optimized with the Yoast SEO plugin v24.4 - https:\/\/yoast.com\/wordpress\/plugins\/seo\/ -->\n<title>Coronav\u00edrus: N\u00e3o \u00e9 poss\u00edvel liberar aux\u00edlio para a\u00e9reas, diz Anac<\/title>\n<meta name=\"description\" content=\"A Anac disse que as principais a\u00e9reas acumulam, durante a pandemia do coronav\u00edrus, preju\u00edzos de R$ 2 bi a cada tri. Clique para saber mais.\" \/>\n<meta name=\"robots\" content=\"index, follow, max-snippet:-1, max-image-preview:large, max-video-preview:-1\" \/>\n<link rel=\"canonical\" href=\"https:\/\/www.suno.com.br\/noticias\/coronavirus-nao-e-possivel-liberar-auxilio-para-companhias-aereas-diz-anac\/\" \/>\n<meta property=\"og:locale\" content=\"pt_BR\" \/>\n<meta property=\"og:type\" content=\"article\" \/>\n<meta property=\"og:title\" content=\"Coronav\u00edrus: N\u00e3o \u00e9 poss\u00edvel liberar aux\u00edlio para a\u00e9reas, diz Anac\" \/>\n<meta property=\"og:description\" content=\"A Anac disse que as principais a\u00e9reas acumulam, durante a pandemia do coronav\u00edrus, preju\u00edzos de R$ 2 bi a cada tri. Clique para saber mais.\" \/>\n<meta property=\"og:url\" content=\"https:\/\/www.suno.com.br\/noticias\/coronavirus-nao-e-possivel-liberar-auxilio-para-companhias-aereas-diz-anac\/\" \/>\n<meta property=\"og:site_name\" content=\"Suno Not\u00edcias\" \/>\n<meta property=\"article:publisher\" content=\"https:\/\/facebook.com\/sunoresearch\" \/>\n<meta property=\"og:image\" content=\"https:\/\/files.sunoresearch.com.br\/n\/uploads\/2020\/10\/a78accaf-setor-aereo-800x450-1.jpeg\" \/>\n\t<meta property=\"og:image:width\" content=\"800\" \/>\n\t<meta property=\"og:image:height\" content=\"450\" \/>\n\t<meta property=\"og:image:type\" content=\"image\/jpeg\" \/>\n<meta name=\"author\" content=\"Rafaela La Regina\" \/>\n<meta name=\"twitter:card\" content=\"summary_large_image\" \/>\n<meta name=\"twitter:creator\" content=\"@sunoresearch\" \/>\n<meta name=\"twitter:site\" content=\"@sunoresearch\" \/>\n<meta name=\"twitter:label1\" content=\"Escrito por\" \/>\n\t<meta name=\"twitter:data1\" content=\"Rafaela La Regina\" \/>\n\t<meta name=\"twitter:label2\" content=\"Est. tempo de leitura\" \/>\n\t<meta name=\"twitter:data2\" content=\"3 minutos\" \/>\n<script type=\"application\/ld+json\" class=\"yoast-schema-graph\">{\"@context\":\"https:\/\/schema.org\",\"@graph\":[{\"@type\":\"NewsArticle\",\"@id\":\"https:\/\/www.suno.com.br\/noticias\/coronavirus-nao-e-possivel-liberar-auxilio-para-companhias-aereas-diz-anac\/#article\",\"isPartOf\":{\"@id\":\"https:\/\/www.suno.com.br\/noticias\/coronavirus-nao-e-possivel-liberar-auxilio-para-companhias-aereas-diz-anac\/\"},\"author\":{\"name\":\"Rafaela La Regina\",\"@id\":\"https:\/\/www.suno.com.br\/noticias\/#\/schema\/person\/e672ca8cea627fe715fa29bca7da95e0\"},\"headline\":\"Coronav\u00edrus: N\u00e3o \u00e9 poss\u00edvel liberar aux\u00edlio para companhias a\u00e9reas, diz Anac\",\"datePublished\":\"2020-10-19T20:13:59+00:00\",\"mainEntityOfPage\":{\"@id\":\"https:\/\/www.suno.com.br\/noticias\/coronavirus-nao-e-possivel-liberar-auxilio-para-companhias-aereas-diz-anac\/\"},\"wordCount\":710,\"publisher\":{\"@id\":\"https:\/\/www.suno.com.br\/noticias\/#organization\"},\"image\":{\"@id\":\"https:\/\/www.suno.com.br\/noticias\/coronavirus-nao-e-possivel-liberar-auxilio-para-companhias-aereas-diz-anac\/#primaryimage\"},\"thumbnailUrl\":\"https:\/\/files.sunoresearch.com.br\/n\/uploads\/2020\/10\/a78accaf-setor-aereo-800x450-1-jpeg.webp\",\"keywords\":[\"Anac\",\"companhias a\u00e9reas\",\"coronav\u00edrus\",\"covid-19\"],\"articleSection\":[\"Neg\u00f3cios\"],\"inLanguage\":\"pt-BR\"},{\"@type\":\"WebPage\",\"@id\":\"https:\/\/www.suno.com.br\/noticias\/coronavirus-nao-e-possivel-liberar-auxilio-para-companhias-aereas-diz-anac\/\",\"url\":\"https:\/\/www.suno.com.br\/noticias\/coronavirus-nao-e-possivel-liberar-auxilio-para-companhias-aereas-diz-anac\/\",\"name\":\"Coronav\u00edrus: N\u00e3o \u00e9 poss\u00edvel liberar aux\u00edlio para a\u00e9reas, diz Anac\",\"isPartOf\":{\"@id\":\"https:\/\/www.suno.com.br\/noticias\/#website\"},\"primaryImageOfPage\":{\"@id\":\"https:\/\/www.suno.com.br\/noticias\/coronavirus-nao-e-possivel-liberar-auxilio-para-companhias-aereas-diz-anac\/#primaryimage\"},\"image\":{\"@id\":\"https:\/\/www.suno.com.br\/noticias\/coronavirus-nao-e-possivel-liberar-auxilio-para-companhias-aereas-diz-anac\/#primaryimage\"},\"thumbnailUrl\":\"https:\/\/files.sunoresearch.com.br\/n\/uploads\/2020\/10\/a78accaf-setor-aereo-800x450-1-jpeg.webp\",\"datePublished\":\"2020-10-19T20:13:59+00:00\",\"description\":\"A Anac disse que as principais a\u00e9reas acumulam, durante a pandemia do coronav\u00edrus, preju\u00edzos de R$ 2 bi a cada tri. Clique para saber mais.\",\"breadcrumb\":{\"@id\":\"https:\/\/www.suno.com.br\/noticias\/coronavirus-nao-e-possivel-liberar-auxilio-para-companhias-aereas-diz-anac\/#breadcrumb\"},\"inLanguage\":\"pt-BR\",\"potentialAction\":[{\"@type\":\"ReadAction\",\"target\":[\"https:\/\/www.suno.com.br\/noticias\/coronavirus-nao-e-possivel-liberar-auxilio-para-companhias-aereas-diz-anac\/\"]}]},{\"@type\":\"ImageObject\",\"inLanguage\":\"pt-BR\",\"@id\":\"https:\/\/www.suno.com.br\/noticias\/coronavirus-nao-e-possivel-liberar-auxilio-para-companhias-aereas-diz-anac\/#primaryimage\",\"url\":\"https:\/\/files.sunoresearch.com.br\/n\/uploads\/2020\/10\/a78accaf-setor-aereo-800x450-1-jpeg.webp\",\"contentUrl\":\"https:\/\/files.sunoresearch.com.br\/n\/uploads\/2020\/10\/a78accaf-setor-aereo-800x450-1-jpeg.webp\",\"width\":800,\"height\":450,\"caption\":\"Coronav\u00edrus: N\u00e3o \u00e9 poss\u00edvel liberar aux\u00edlio para companhias a\u00e9reas, diz Anac\"},{\"@type\":\"BreadcrumbList\",\"@id\":\"https:\/\/www.suno.com.br\/noticias\/coronavirus-nao-e-possivel-liberar-auxilio-para-companhias-aereas-diz-anac\/#breadcrumb\",\"itemListElement\":[{\"@type\":\"ListItem\",\"position\":1,\"name\":\"Not\u00edcias\",\"item\":\"https:\/\/www.suno.com.br\/noticias\/\"},{\"@type\":\"ListItem\",\"position\":2,\"name\":\"Neg\u00f3cios\",\"item\":\"https:\/\/www.suno.com.br\/noticias\/negocios\/\"},{\"@type\":\"ListItem\",\"position\":3,\"name\":\"Coronav\u00edrus: N\u00e3o \u00e9 poss\u00edvel liberar aux\u00edlio para companhias a\u00e9reas, diz Anac\"}]},{\"@type\":\"WebSite\",\"@id\":\"https:\/\/www.suno.com.br\/noticias\/#website\",\"url\":\"https:\/\/www.suno.com.br\/noticias\/\",\"name\":\"Suno Not\u00edcias\",\"description\":\"Seu portal de informa\u00e7\u00e3o sobre o mundo dos investimentos\",\"publisher\":{\"@id\":\"https:\/\/www.suno.com.br\/noticias\/#organization\"},\"potentialAction\":[{\"@type\":\"SearchAction\",\"target\":{\"@type\":\"EntryPoint\",\"urlTemplate\":\"https:\/\/www.suno.com.br\/noticias\/?s={search_term_string}\"},\"query-input\":{\"@type\":\"PropertyValueSpecification\",\"valueRequired\":true,\"valueName\":\"search_term_string\"}}],\"inLanguage\":\"pt-BR\"},{\"@type\":\"Organization\",\"@id\":\"https:\/\/www.suno.com.br\/noticias\/#organization\",\"name\":\"Suno Not\u00edcias\",\"url\":\"https:\/\/www.suno.com.br\/noticias\/\",\"logo\":{\"@type\":\"ImageObject\",\"inLanguage\":\"pt-BR\",\"@id\":\"https:\/\/www.suno.com.br\/noticias\/#\/schema\/logo\/image\/\",\"url\":\"https:\/\/files.sunoresearch.com.br\/n\/uploads\/2021\/09\/suno-logo.png\",\"contentUrl\":\"https:\/\/files.sunoresearch.com.br\/n\/uploads\/2021\/09\/suno-logo.png\",\"width\":180,\"height\":180,\"caption\":\"Suno Not\u00edcias\"},\"image\":{\"@id\":\"https:\/\/www.suno.com.br\/noticias\/#\/schema\/logo\/image\/\"},\"sameAs\":[\"https:\/\/facebook.com\/sunoresearch\",\"https:\/\/x.com\/sunoresearch\",\"https:\/\/www.instagram.com\/suno\",\"https:\/\/www.linkedin.com\/company\/suno-research\/\",\"https:\/\/www.youtube.com\/c\/sunoresearch\"]},{\"@type\":\"Person\",\"@id\":\"https:\/\/www.suno.com.br\/noticias\/#\/schema\/person\/e672ca8cea627fe715fa29bca7da95e0\",\"name\":\"Rafaela La Regina\",\"image\":{\"@type\":\"ImageObject\",\"inLanguage\":\"pt-BR\",\"@id\":\"https:\/\/www.suno.com.br\/noticias\/#\/schema\/person\/image\/\",\"url\":\"https:\/\/secure.gravatar.com\/avatar\/d2c75a52d243deb93d0465fdcb21bd37?s=96&r=g\",\"contentUrl\":\"https:\/\/secure.gravatar.com\/avatar\/d2c75a52d243deb93d0465fdcb21bd37?s=96&r=g\",\"caption\":\"Rafaela La Regina\"},\"description\":\"Estagi\u00e1ria no Suno Not\u00edcias. Escreve sobre economia, pol\u00edtica e neg\u00f3cios. Estuda Rela\u00e7\u00f5es Internacionais no IBMEC-SP.\",\"url\":\"https:\/\/www.suno.com.br\/noticias\/author\/rafaela-la-regina\/\"}]}<\/script>\n<!-- \/ Yoast SEO plugin. -->","yoast_head_json":{"title":"Coronav\u00edrus: N\u00e3o \u00e9 poss\u00edvel liberar aux\u00edlio para a\u00e9reas, diz Anac","description":"A Anac disse que as principais a\u00e9reas acumulam, durante a pandemia do coronav\u00edrus, preju\u00edzos de R$ 2 bi a cada tri. Clique para saber mais.","robots":{"index":"index","follow":"follow","max-snippet":"max-snippet:-1","max-image-preview":"max-image-preview:large","max-video-preview":"max-video-preview:-1"},"canonical":"https:\/\/www.suno.com.br\/noticias\/coronavirus-nao-e-possivel-liberar-auxilio-para-companhias-aereas-diz-anac\/","og_locale":"pt_BR","og_type":"article","og_title":"Coronav\u00edrus: N\u00e3o \u00e9 poss\u00edvel liberar aux\u00edlio para a\u00e9reas, diz Anac","og_description":"A Anac disse que as principais a\u00e9reas acumulam, durante a pandemia do coronav\u00edrus, preju\u00edzos de R$ 2 bi a cada tri. Clique para saber mais.","og_url":"https:\/\/www.suno.com.br\/noticias\/coronavirus-nao-e-possivel-liberar-auxilio-para-companhias-aereas-diz-anac\/","og_site_name":"Suno Not\u00edcias","article_publisher":"https:\/\/facebook.com\/sunoresearch","og_image":[{"width":800,"height":450,"url":"https:\/\/files.sunoresearch.com.br\/n\/uploads\/2020\/10\/a78accaf-setor-aereo-800x450-1.jpeg","type":"image\/jpeg"}],"author":"Rafaela La Regina","twitter_card":"summary_large_image","twitter_creator":"@sunoresearch","twitter_site":"@sunoresearch","twitter_misc":{"Escrito por":"Rafaela La Regina","Est. tempo de leitura":"3 minutos"},"schema":{"@context":"https:\/\/schema.org","@graph":[{"@type":"NewsArticle","@id":"https:\/\/www.suno.com.br\/noticias\/coronavirus-nao-e-possivel-liberar-auxilio-para-companhias-aereas-diz-anac\/#article","isPartOf":{"@id":"https:\/\/www.suno.com.br\/noticias\/coronavirus-nao-e-possivel-liberar-auxilio-para-companhias-aereas-diz-anac\/"},"author":{"name":"Rafaela La Regina","@id":"https:\/\/www.suno.com.br\/noticias\/#\/schema\/person\/e672ca8cea627fe715fa29bca7da95e0"},"headline":"Coronav\u00edrus: N\u00e3o \u00e9 poss\u00edvel liberar aux\u00edlio para companhias a\u00e9reas, diz Anac","datePublished":"2020-10-19T20:13:59+00:00","mainEntityOfPage":{"@id":"https:\/\/www.suno.com.br\/noticias\/coronavirus-nao-e-possivel-liberar-auxilio-para-companhias-aereas-diz-anac\/"},"wordCount":710,"publisher":{"@id":"https:\/\/www.suno.com.br\/noticias\/#organization"},"image":{"@id":"https:\/\/www.suno.com.br\/noticias\/coronavirus-nao-e-possivel-liberar-auxilio-para-companhias-aereas-diz-anac\/#primaryimage"},"thumbnailUrl":"https:\/\/files.sunoresearch.com.br\/n\/uploads\/2020\/10\/a78accaf-setor-aereo-800x450-1-jpeg.webp","keywords":["Anac","companhias a\u00e9reas","coronav\u00edrus","covid-19"],"articleSection":["Neg\u00f3cios"],"inLanguage":"pt-BR"},{"@type":"WebPage","@id":"https:\/\/www.suno.com.br\/noticias\/coronavirus-nao-e-possivel-liberar-auxilio-para-companhias-aereas-diz-anac\/","url":"https:\/\/www.suno.com.br\/noticias\/coronavirus-nao-e-possivel-liberar-auxilio-para-companhias-aereas-diz-anac\/","name":"Coronav\u00edrus: N\u00e3o \u00e9 poss\u00edvel liberar aux\u00edlio para a\u00e9reas, diz Anac","isPartOf":{"@id":"https:\/\/www.suno.com.br\/noticias\/#website"},"primaryImageOfPage":{"@id":"https:\/\/www.suno.com.br\/noticias\/coronavirus-nao-e-possivel-liberar-auxilio-para-companhias-aereas-diz-anac\/#primaryimage"},"image":{"@id":"https:\/\/www.suno.com.br\/noticias\/coronavirus-nao-e-possivel-liberar-auxilio-para-companhias-aereas-diz-anac\/#primaryimage"},"thumbnailUrl":"https:\/\/files.sunoresearch.com.br\/n\/uploads\/2020\/10\/a78accaf-setor-aereo-800x450-1-jpeg.webp","datePublished":"2020-10-19T20:13:59+00:00","description":"A Anac disse que as principais a\u00e9reas acumulam, durante a pandemia do coronav\u00edrus, preju\u00edzos de R$ 2 bi a cada tri. Clique para saber mais.","breadcrumb":{"@id":"https:\/\/www.suno.com.br\/noticias\/coronavirus-nao-e-possivel-liberar-auxilio-para-companhias-aereas-diz-anac\/#breadcrumb"},"inLanguage":"pt-BR","potentialAction":[{"@type":"ReadAction","target":["https:\/\/www.suno.com.br\/noticias\/coronavirus-nao-e-possivel-liberar-auxilio-para-companhias-aereas-diz-anac\/"]}]},{"@type":"ImageObject","inLanguage":"pt-BR","@id":"https:\/\/www.suno.com.br\/noticias\/coronavirus-nao-e-possivel-liberar-auxilio-para-companhias-aereas-diz-anac\/#primaryimage","url":"https:\/\/files.sunoresearch.com.br\/n\/uploads\/2020\/10\/a78accaf-setor-aereo-800x450-1-jpeg.webp","contentUrl":"https:\/\/files.sunoresearch.com.br\/n\/uploads\/2020\/10\/a78accaf-setor-aereo-800x450-1-jpeg.webp","width":800,"height":450,"caption":"Coronav\u00edrus: N\u00e3o \u00e9 poss\u00edvel liberar aux\u00edlio para companhias a\u00e9reas, diz Anac"},{"@type":"BreadcrumbList","@id":"https:\/\/www.suno.com.br\/noticias\/coronavirus-nao-e-possivel-liberar-auxilio-para-companhias-aereas-diz-anac\/#breadcrumb","itemListElement":[{"@type":"ListItem","position":1,"name":"Not\u00edcias","item":"https:\/\/www.suno.com.br\/noticias\/"},{"@type":"ListItem","position":2,"name":"Neg\u00f3cios","item":"https:\/\/www.suno.com.br\/noticias\/negocios\/"},{"@type":"ListItem","position":3,"name":"Coronav\u00edrus: N\u00e3o \u00e9 poss\u00edvel liberar aux\u00edlio para companhias a\u00e9reas, diz Anac"}]},{"@type":"WebSite","@id":"https:\/\/www.suno.com.br\/noticias\/#website","url":"https:\/\/www.suno.com.br\/noticias\/","name":"Suno Not\u00edcias","description":"Seu portal de informa\u00e7\u00e3o sobre o mundo dos investimentos","publisher":{"@id":"https:\/\/www.suno.com.br\/noticias\/#organization"},"potentialAction":[{"@type":"SearchAction","target":{"@type":"EntryPoint","urlTemplate":"https:\/\/www.suno.com.br\/noticias\/?s={search_term_string}"},"query-input":{"@type":"PropertyValueSpecification","valueRequired":true,"valueName":"search_term_string"}}],"inLanguage":"pt-BR"},{"@type":"Organization","@id":"https:\/\/www.suno.com.br\/noticias\/#organization","name":"Suno Not\u00edcias","url":"https:\/\/www.suno.com.br\/noticias\/","logo":{"@type":"ImageObject","inLanguage":"pt-BR","@id":"https:\/\/www.suno.com.br\/noticias\/#\/schema\/logo\/image\/","url":"https:\/\/files.sunoresearch.com.br\/n\/uploads\/2021\/09\/suno-logo.png","contentUrl":"https:\/\/files.sunoresearch.com.br\/n\/uploads\/2021\/09\/suno-logo.png","width":180,"height":180,"caption":"Suno Not\u00edcias"},"image":{"@id":"https:\/\/www.suno.com.br\/noticias\/#\/schema\/logo\/image\/"},"sameAs":["https:\/\/facebook.com\/sunoresearch","https:\/\/x.com\/sunoresearch","https:\/\/www.instagram.com\/suno","https:\/\/www.linkedin.com\/company\/suno-research\/","https:\/\/www.youtube.com\/c\/sunoresearch"]},{"@type":"Person","@id":"https:\/\/www.suno.com.br\/noticias\/#\/schema\/person\/e672ca8cea627fe715fa29bca7da95e0","name":"Rafaela La Regina","image":{"@type":"ImageObject","inLanguage":"pt-BR","@id":"https:\/\/www.suno.com.br\/noticias\/#\/schema\/person\/image\/","url":"https:\/\/secure.gravatar.com\/avatar\/d2c75a52d243deb93d0465fdcb21bd37?s=96&r=g","contentUrl":"https:\/\/secure.gravatar.com\/avatar\/d2c75a52d243deb93d0465fdcb21bd37?s=96&r=g","caption":"Rafaela La Regina"},"description":"Estagi\u00e1ria no Suno Not\u00edcias. Escreve sobre economia, pol\u00edtica e neg\u00f3cios. Estuda Rela\u00e7\u00f5es Internacionais no IBMEC-SP.","url":"https:\/\/www.suno.com.br\/noticias\/author\/rafaela-la-regina\/"}]}},"default_loop_html":"<div class=\"cardsPage__listCard__boxs\"><div class=\"cardsPage__listCard__boxs__img\"><a href=\"https:\/\/www.suno.com.br\/noticias\/coronavirus-nao-e-possivel-liberar-auxilio-para-companhias-aereas-diz-anac\/\"><img class=\"mask\" src=\"https:\/\/www.suno.com.br\/noticias\/wp-content\/themes\/suno\/resources\/images\/spotlight\/spotlight1img\/bg-mask.png\" alt=\"Image Mask\"\/><img src=\"https:\/\/files.sunoresearch.com.br\/n\/uploads\/2020\/10\/a78accaf-setor-aereo-800x450-1-400x200.webp\" alt=\"Coronav\u00edrus: N\u00e3o \u00e9 poss\u00edvel liberar aux\u00edlio para companhias a\u00e9reas, diz Anac\"\/><\/a><span class=\"spotlightCategory\"><a href=\"https:\/\/www.suno.com.br\/noticias\/negocios\/\">Neg\u00f3cios<\/a><\/span><\/div><div class=\"cardsPage__listCard__boxs__content\"><a href=\"https:\/\/www.suno.com.br\/noticias\/coronavirus-nao-e-possivel-liberar-auxilio-para-companhias-aereas-diz-anac\/\"><h2 class=\"content__title\">Coronav\u00edrus: N\u00e3o \u00e9 poss\u00edvel liberar aux\u00edlio para companhias a\u00e9reas, diz Anac<\/h2><\/a><div class=\"newsContent__article__meta\"><div class=\"newsContent__article__meta__authorBox\"><a href=\"https:\/\/www.suno.com.br\/noticias\/author\/rafaela-la-regina\/\" class=\"authorBox__avatar noMobi\"><img src=\"https:\/\/secure.gravatar.com\/avatar\/d2c75a52d243deb93d0465fdcb21bd37?s=96&#038;r=g\" alt=\"Rafaela La Regina\"><\/a><div class=\"authorBox__name\"><span>por\n\t\t\t<a href=\"https:\/\/www.suno.com.br\/noticias\/author\/rafaela-la-regina\/\"><span itemprop=\"author\">Rafaela La Regina<\/span><\/a><\/span><time datetime=\"2020-10-19T17:13:59-03:00\" itemprop=\"datePublished\">19\/10\/2020 17:13<\/time><\/div><\/div><\/div><\/div><\/div>","single_layout":"posts","amp_enabled":true,"_links":{"self":[{"href":"https:\/\/www.suno.com.br\/noticias\/wp-json\/wp\/v2\/posts\/92600"}],"collection":[{"href":"https:\/\/www.suno.com.br\/noticias\/wp-json\/wp\/v2\/posts"}],"about":[{"href":"https:\/\/www.suno.com.br\/noticias\/wp-json\/wp\/v2\/types\/post"}],"author":[{"embeddable":true,"href":"https:\/\/www.suno.com.br\/noticias\/wp-json\/wp\/v2\/users\/56"}],"replies":[{"embeddable":true,"href":"https:\/\/www.suno.com.br\/noticias\/wp-json\/wp\/v2\/comments?post=92600"}],"version-history":[{"count":0,"href":"https:\/\/www.suno.com.br\/noticias\/wp-json\/wp\/v2\/posts\/92600\/revisions"}],"wp:featuredmedia":[{"embeddable":true,"href":"https:\/\/www.suno.com.br\/noticias\/wp-json\/wp\/v2\/media\/92640"}],"wp:attachment":[{"href":"https:\/\/www.suno.com.br\/noticias\/wp-json\/wp\/v2\/media?parent=92600"}],"wp:term":[{"taxonomy":"category","embeddable":true,"href":"https:\/\/www.suno.com.br\/noticias\/wp-json\/wp\/v2\/categories?post=92600"},{"taxonomy":"post_tag","embeddable":true,"href":"https:\/\/www.suno.com.br\/noticias\/wp-json\/wp\/v2\/tags?post=92600"},{"taxonomy":"suno_strategy","embeddable":true,"href":"https:\/\/www.suno.com.br\/noticias\/wp-json\/wp\/v2\/suno_strategy?post=92600"}],"curies":[{"name":"wp","href":"https:\/\/api.w.org\/{rel}","templated":true}]}}