{"id":9259,"date":"2018-12-18T10:51:30","date_gmt":"2018-12-18T12:51:30","guid":{"rendered":"https:\/\/www.suno.com.br\/noticias\/?p=9259"},"modified":"2018-12-18T10:51:30","modified_gmt":"2018-12-18T12:51:30","slug":"equipe-bolsonaro-estuda-acabar-simples","status":"publish","type":"post","link":"https:\/\/www.suno.com.br\/noticias\/equipe-bolsonaro-estuda-acabar-simples\/","title":{"rendered":"Estudo coordenado por equipe de Bolsonaro prop\u00f5e acabar com Simples"},"content":{"rendered":"<p>Uma proposta coordenada por membros da equipe do presidente eleito Jair Bolsonaro prop\u00f5e acabar com o Simples Nacional.<\/p>\t<div class=\"wrapper-featured-image\">\n\t\t<figure class=\"spotlightImg\">\n\n\t\t\t<picture>\n\t\t\t\t<source media=\"(max-width: 768px)\" srcset=\"https:\/\/files.sunoresearch.com.br\/n\/uploads\/2018\/12\/c47dd200-simples-nacional-400x200.webp\">\n\t\t\t\t<img loading=\"lazy\" decoding=\"async\" class=\"newsContent__article__imgCapa lazyloadDisabled newsContent__article__imgCapa--noCaption\" src=\"https:\/\/files.sunoresearch.com.br\/n\/uploads\/2018\/12\/c47dd200-simples-nacional-800x450.webp\" width=\"800\" height=\"450\" alt=\"Estudo coordenado por equipe de Bolsonaro prop\u00f5e acabar com Simples\" fetchpriority=high \/>\n\t\t\t<\/picture>\n\n\t\t\t<figcaption class=\"wp-caption-text wp-caption-text--hide\">Simples nacional<\/figcaption>\n\t\t<\/figure>\n\t<\/div>\n\n\n<p>A proposta de eliminar o <strong>Simples<\/strong> foi apresentada em um estudo do Instituto de Pesquisa Econ\u00f4mica Aplicada (<strong>Ipea<\/strong>). Uma an\u00e1lise coordenada por dois economistas que hoje participam da equipe de transi\u00e7\u00e3o do governo Bolsonaro: Adolfo Sachsida e Alexandre Ywata.<\/p>\n<p>Segundo o estudo, as modalidades de al\u00edquota de imposto de renda para empresas \u2014<strong>lucro real<\/strong>, <strong>lucro presumido<\/strong> e <strong>Simples<\/strong>\u2014 distorcem o mercado. Por isso precisariam ser repensadas e unificadas. S\u00f3 a partir desse momento pode se pensar em <strong>taxar lucros e dividendos<\/strong>, uma quest\u00e3o discutida durante a campanha eleitoral de 2018.<\/p>\n<p><a href=\"https:\/\/www.suno.com.br\/noticias\/carga-tributaria-chega-324-pib\/\">Saiba mais: Carga tribut\u00e1ria chega a 32,4% do PIB em 2017, maior n\u00edvel em 4 anos\u00a0<\/a><\/p>\n<p>Paulo Guedes, que ser\u00e1 o superministro da economia, chegou a falar de al\u00edquota \u00fanica de 20% para pessoas f\u00edsicas, empresas e lucros e dividendos.<\/p>\n<p>Entretanto, segundo o diagn\u00f3stico do Ipea o Imposto de Renda da pessoa jur\u00eddica pelo regime do lucro real \u00e9 alto. A al\u00edquota \u00e9 de 34%, 11 pontos percentuais a mais que a m\u00e9dia global.<\/p>\n<p>Somente se essa al\u00edquota baixar haver\u00e1 espa\u00e7o fiscal para introduzir uma eventual tributa\u00e7\u00e3o de lucros e dividendos.<\/p>\n<p>Segundo a economista Melina Rocha Lukic, uma das autoras do estudo, seria necess\u00e1rio rever os incentivos dos regimes de lucro presumido e Simples, diminu\u00ed-los e, eventualmente, elimin\u00e1-los.<\/p>\n<p>S\u00f3 depois a elimina\u00e7\u00e3o dos regimes de <strong>lucro presumido<\/strong> e <strong>Simples<\/strong>, segundo o Ipea, \u201chaver\u00e1 a possibilidade de alguma tributa\u00e7\u00e3o de lucros e dividendos distribu\u00eddos, de prefer\u00eancia com isen\u00e7\u00e3o das parcelas reinvestidas&#8221;.<\/p>\n","protected":false},"excerpt":{"rendered":"<p>Uma proposta coordenada por membros da equipe do presidente eleito Jair Bolsonaro prop\u00f5e acabar com o Simples Nacional. Simples nacional A proposta de eliminar o Simples foi apresentada em um estudo do Instituto de Pesquisa Econ\u00f4mica Aplicada (Ipea). Uma an\u00e1lise coordenada por dois economistas que hoje participam da equipe de transi\u00e7\u00e3o do governo Bolsonaro: Adolfo [&hellip;]<\/p>\n","protected":false},"author":9,"featured_media":9263,"comment_status":"closed","ping_status":"closed","sticky":false,"template":"","format":"standard","meta":[],"categories":[64],"tags":[303,880],"suno_strategy":[],"class_list":["post-9259","post","type-post","status-publish","format-standard","has-post-thumbnail","hentry","category-negocios","tag-imposto-de-renda","tag-simples-nacional"],"yoast_head":"<!-- This site is optimized with the Yoast SEO plugin v24.4 - https:\/\/yoast.com\/wordpress\/plugins\/seo\/ -->\n<title>Estudo coordenado por equipe de Bolsonaro prop\u00f5e acabar com Simples<\/title>\n<meta name=\"description\" content=\"Proposta coordenada por membros da equipe do presidente eleito prop\u00f5e acabar com o Simples Nacional.\u00a0Clique aqui para saber mais.\" \/>\n<meta name=\"robots\" content=\"index, follow, max-snippet:-1, max-image-preview:large, max-video-preview:-1\" \/>\n<link rel=\"canonical\" href=\"https:\/\/www.suno.com.br\/noticias\/equipe-bolsonaro-estuda-acabar-simples\/\" \/>\n<meta property=\"og:locale\" content=\"pt_BR\" \/>\n<meta property=\"og:type\" content=\"article\" \/>\n<meta property=\"og:title\" content=\"Estudo coordenado por equipe de Bolsonaro prop\u00f5e acabar com Simples\" \/>\n<meta property=\"og:description\" content=\"Proposta coordenada por membros da equipe do presidente eleito prop\u00f5e acabar com o Simples Nacional.\u00a0Clique aqui para saber mais.\" \/>\n<meta property=\"og:url\" content=\"https:\/\/www.suno.com.br\/noticias\/equipe-bolsonaro-estuda-acabar-simples\/\" \/>\n<meta property=\"og:site_name\" content=\"Suno Not\u00edcias\" \/>\n<meta property=\"article:publisher\" content=\"https:\/\/facebook.com\/sunoresearch\" \/>\n<meta property=\"og:image\" content=\"https:\/\/files.sunoresearch.com.br\/n\/uploads\/2018\/12\/c47dd200-simples-nacional.jpg\" \/>\n\t<meta property=\"og:image:width\" content=\"1200\" \/>\n\t<meta property=\"og:image:height\" content=\"675\" \/>\n\t<meta property=\"og:image:type\" content=\"image\/jpeg\" \/>\n<meta name=\"author\" content=\"Carlo Cauti\" \/>\n<meta name=\"twitter:card\" content=\"summary_large_image\" \/>\n<meta name=\"twitter:creator\" content=\"@sunoresearch\" \/>\n<meta name=\"twitter:site\" content=\"@sunoresearch\" \/>\n<meta name=\"twitter:label1\" content=\"Escrito por\" \/>\n\t<meta name=\"twitter:data1\" content=\"Carlo Cauti\" \/>\n\t<meta name=\"twitter:label2\" content=\"Est. tempo de leitura\" \/>\n\t<meta name=\"twitter:data2\" content=\"1 minuto\" \/>\n<script type=\"application\/ld+json\" class=\"yoast-schema-graph\">{\"@context\":\"https:\/\/schema.org\",\"@graph\":[{\"@type\":\"NewsArticle\",\"@id\":\"https:\/\/www.suno.com.br\/noticias\/equipe-bolsonaro-estuda-acabar-simples\/#article\",\"isPartOf\":{\"@id\":\"https:\/\/www.suno.com.br\/noticias\/equipe-bolsonaro-estuda-acabar-simples\/\"},\"author\":{\"name\":\"Carlo Cauti\",\"@id\":\"https:\/\/www.suno.com.br\/noticias\/#\/schema\/person\/e6e0f723cc177805027f4566c1d5e0c8\"},\"headline\":\"Estudo coordenado por equipe de Bolsonaro prop\u00f5e acabar com Simples\",\"datePublished\":\"2018-12-18T12:51:30+00:00\",\"mainEntityOfPage\":{\"@id\":\"https:\/\/www.suno.com.br\/noticias\/equipe-bolsonaro-estuda-acabar-simples\/\"},\"wordCount\":285,\"publisher\":{\"@id\":\"https:\/\/www.suno.com.br\/noticias\/#organization\"},\"image\":{\"@id\":\"https:\/\/www.suno.com.br\/noticias\/equipe-bolsonaro-estuda-acabar-simples\/#primaryimage\"},\"thumbnailUrl\":\"https:\/\/files.sunoresearch.com.br\/n\/uploads\/2018\/12\/c47dd200-simples-nacional-jpg.webp\",\"keywords\":[\"Imposto de Renda\",\"Simples Nacional\"],\"articleSection\":[\"Neg\u00f3cios\"],\"inLanguage\":\"pt-BR\"},{\"@type\":\"WebPage\",\"@id\":\"https:\/\/www.suno.com.br\/noticias\/equipe-bolsonaro-estuda-acabar-simples\/\",\"url\":\"https:\/\/www.suno.com.br\/noticias\/equipe-bolsonaro-estuda-acabar-simples\/\",\"name\":\"Estudo coordenado por equipe de Bolsonaro prop\u00f5e acabar com Simples\",\"isPartOf\":{\"@id\":\"https:\/\/www.suno.com.br\/noticias\/#website\"},\"primaryImageOfPage\":{\"@id\":\"https:\/\/www.suno.com.br\/noticias\/equipe-bolsonaro-estuda-acabar-simples\/#primaryimage\"},\"image\":{\"@id\":\"https:\/\/www.suno.com.br\/noticias\/equipe-bolsonaro-estuda-acabar-simples\/#primaryimage\"},\"thumbnailUrl\":\"https:\/\/files.sunoresearch.com.br\/n\/uploads\/2018\/12\/c47dd200-simples-nacional-jpg.webp\",\"datePublished\":\"2018-12-18T12:51:30+00:00\",\"description\":\"Proposta coordenada por membros da equipe do presidente eleito prop\u00f5e acabar com o Simples Nacional.\u00a0Clique aqui para saber mais.\",\"breadcrumb\":{\"@id\":\"https:\/\/www.suno.com.br\/noticias\/equipe-bolsonaro-estuda-acabar-simples\/#breadcrumb\"},\"inLanguage\":\"pt-BR\",\"potentialAction\":[{\"@type\":\"ReadAction\",\"target\":[\"https:\/\/www.suno.com.br\/noticias\/equipe-bolsonaro-estuda-acabar-simples\/\"]}]},{\"@type\":\"ImageObject\",\"inLanguage\":\"pt-BR\",\"@id\":\"https:\/\/www.suno.com.br\/noticias\/equipe-bolsonaro-estuda-acabar-simples\/#primaryimage\",\"url\":\"https:\/\/files.sunoresearch.com.br\/n\/uploads\/2018\/12\/c47dd200-simples-nacional-jpg.webp\",\"contentUrl\":\"https:\/\/files.sunoresearch.com.br\/n\/uploads\/2018\/12\/c47dd200-simples-nacional-jpg.webp\",\"width\":1200,\"height\":675,\"caption\":\"Simples nacional\"},{\"@type\":\"BreadcrumbList\",\"@id\":\"https:\/\/www.suno.com.br\/noticias\/equipe-bolsonaro-estuda-acabar-simples\/#breadcrumb\",\"itemListElement\":[{\"@type\":\"ListItem\",\"position\":1,\"name\":\"Not\u00edcias\",\"item\":\"https:\/\/www.suno.com.br\/noticias\/\"},{\"@type\":\"ListItem\",\"position\":2,\"name\":\"Neg\u00f3cios\",\"item\":\"https:\/\/www.suno.com.br\/noticias\/negocios\/\"},{\"@type\":\"ListItem\",\"position\":3,\"name\":\"Estudo coordenado por equipe de Bolsonaro prop\u00f5e acabar com Simples\"}]},{\"@type\":\"WebSite\",\"@id\":\"https:\/\/www.suno.com.br\/noticias\/#website\",\"url\":\"https:\/\/www.suno.com.br\/noticias\/\",\"name\":\"Suno Not\u00edcias\",\"description\":\"Seu portal de informa\u00e7\u00e3o sobre o mundo dos investimentos\",\"publisher\":{\"@id\":\"https:\/\/www.suno.com.br\/noticias\/#organization\"},\"potentialAction\":[{\"@type\":\"SearchAction\",\"target\":{\"@type\":\"EntryPoint\",\"urlTemplate\":\"https:\/\/www.suno.com.br\/noticias\/?s={search_term_string}\"},\"query-input\":{\"@type\":\"PropertyValueSpecification\",\"valueRequired\":true,\"valueName\":\"search_term_string\"}}],\"inLanguage\":\"pt-BR\"},{\"@type\":\"Organization\",\"@id\":\"https:\/\/www.suno.com.br\/noticias\/#organization\",\"name\":\"Suno Not\u00edcias\",\"url\":\"https:\/\/www.suno.com.br\/noticias\/\",\"logo\":{\"@type\":\"ImageObject\",\"inLanguage\":\"pt-BR\",\"@id\":\"https:\/\/www.suno.com.br\/noticias\/#\/schema\/logo\/image\/\",\"url\":\"https:\/\/files.sunoresearch.com.br\/n\/uploads\/2021\/09\/suno-logo.png\",\"contentUrl\":\"https:\/\/files.sunoresearch.com.br\/n\/uploads\/2021\/09\/suno-logo.png\",\"width\":180,\"height\":180,\"caption\":\"Suno Not\u00edcias\"},\"image\":{\"@id\":\"https:\/\/www.suno.com.br\/noticias\/#\/schema\/logo\/image\/\"},\"sameAs\":[\"https:\/\/facebook.com\/sunoresearch\",\"https:\/\/x.com\/sunoresearch\",\"https:\/\/www.instagram.com\/suno\",\"https:\/\/www.linkedin.com\/company\/suno-research\/\",\"https:\/\/www.youtube.com\/c\/sunoresearch\"]},{\"@type\":\"Person\",\"@id\":\"https:\/\/www.suno.com.br\/noticias\/#\/schema\/person\/e6e0f723cc177805027f4566c1d5e0c8\",\"name\":\"Carlo Cauti\",\"image\":{\"@type\":\"ImageObject\",\"inLanguage\":\"pt-BR\",\"@id\":\"https:\/\/www.suno.com.br\/noticias\/#\/schema\/person\/image\/\",\"url\":\"https:\/\/secure.gravatar.com\/avatar\/3ada9e0bd164c23abd4792a9606d583c?s=96&r=g\",\"contentUrl\":\"https:\/\/secure.gravatar.com\/avatar\/3ada9e0bd164c23abd4792a9606d583c?s=96&r=g\",\"caption\":\"Carlo Cauti\"},\"description\":\"Editor multim\u00eddia do SUNO Not\u00edcias. Italiano, formado em Ci\u00eancias Pol\u00edticas pela universidade LUISS G. Carli de Roma e mestre cum laude em Rela\u00e7\u00f5es Internacionais, Jornalismo Internacional e de Guerra e em Economia Internacional. Concluiu tamb\u00e9m um MBA em Finan\u00e7as na B3. No Brasil, teve passagem por ve\u00edculos como Estad\u00e3o, Globo, Veja e EXAME. e nas ag\u00eancias de not\u00edcias italianas ANSA e NOVA.\",\"url\":\"https:\/\/www.suno.com.br\/noticias\/author\/carlo-cauti\/\"}]}<\/script>\n<!-- \/ Yoast SEO plugin. -->","yoast_head_json":{"title":"Estudo coordenado por equipe de Bolsonaro prop\u00f5e acabar com Simples","description":"Proposta coordenada por membros da equipe do presidente eleito prop\u00f5e acabar com o Simples Nacional.\u00a0Clique aqui para saber mais.","robots":{"index":"index","follow":"follow","max-snippet":"max-snippet:-1","max-image-preview":"max-image-preview:large","max-video-preview":"max-video-preview:-1"},"canonical":"https:\/\/www.suno.com.br\/noticias\/equipe-bolsonaro-estuda-acabar-simples\/","og_locale":"pt_BR","og_type":"article","og_title":"Estudo coordenado por equipe de Bolsonaro prop\u00f5e acabar com Simples","og_description":"Proposta coordenada por membros da equipe do presidente eleito prop\u00f5e acabar com o Simples Nacional.\u00a0Clique aqui para saber mais.","og_url":"https:\/\/www.suno.com.br\/noticias\/equipe-bolsonaro-estuda-acabar-simples\/","og_site_name":"Suno Not\u00edcias","article_publisher":"https:\/\/facebook.com\/sunoresearch","og_image":[{"width":1200,"height":675,"url":"https:\/\/files.sunoresearch.com.br\/n\/uploads\/2018\/12\/c47dd200-simples-nacional.jpg","type":"image\/jpeg"}],"author":"Carlo Cauti","twitter_card":"summary_large_image","twitter_creator":"@sunoresearch","twitter_site":"@sunoresearch","twitter_misc":{"Escrito por":"Carlo Cauti","Est. tempo de leitura":"1 minuto"},"schema":{"@context":"https:\/\/schema.org","@graph":[{"@type":"NewsArticle","@id":"https:\/\/www.suno.com.br\/noticias\/equipe-bolsonaro-estuda-acabar-simples\/#article","isPartOf":{"@id":"https:\/\/www.suno.com.br\/noticias\/equipe-bolsonaro-estuda-acabar-simples\/"},"author":{"name":"Carlo Cauti","@id":"https:\/\/www.suno.com.br\/noticias\/#\/schema\/person\/e6e0f723cc177805027f4566c1d5e0c8"},"headline":"Estudo coordenado por equipe de Bolsonaro prop\u00f5e acabar com Simples","datePublished":"2018-12-18T12:51:30+00:00","mainEntityOfPage":{"@id":"https:\/\/www.suno.com.br\/noticias\/equipe-bolsonaro-estuda-acabar-simples\/"},"wordCount":285,"publisher":{"@id":"https:\/\/www.suno.com.br\/noticias\/#organization"},"image":{"@id":"https:\/\/www.suno.com.br\/noticias\/equipe-bolsonaro-estuda-acabar-simples\/#primaryimage"},"thumbnailUrl":"https:\/\/files.sunoresearch.com.br\/n\/uploads\/2018\/12\/c47dd200-simples-nacional-jpg.webp","keywords":["Imposto de Renda","Simples Nacional"],"articleSection":["Neg\u00f3cios"],"inLanguage":"pt-BR"},{"@type":"WebPage","@id":"https:\/\/www.suno.com.br\/noticias\/equipe-bolsonaro-estuda-acabar-simples\/","url":"https:\/\/www.suno.com.br\/noticias\/equipe-bolsonaro-estuda-acabar-simples\/","name":"Estudo coordenado por equipe de Bolsonaro prop\u00f5e acabar com Simples","isPartOf":{"@id":"https:\/\/www.suno.com.br\/noticias\/#website"},"primaryImageOfPage":{"@id":"https:\/\/www.suno.com.br\/noticias\/equipe-bolsonaro-estuda-acabar-simples\/#primaryimage"},"image":{"@id":"https:\/\/www.suno.com.br\/noticias\/equipe-bolsonaro-estuda-acabar-simples\/#primaryimage"},"thumbnailUrl":"https:\/\/files.sunoresearch.com.br\/n\/uploads\/2018\/12\/c47dd200-simples-nacional-jpg.webp","datePublished":"2018-12-18T12:51:30+00:00","description":"Proposta coordenada por membros da equipe do presidente eleito prop\u00f5e acabar com o Simples Nacional.\u00a0Clique aqui para saber mais.","breadcrumb":{"@id":"https:\/\/www.suno.com.br\/noticias\/equipe-bolsonaro-estuda-acabar-simples\/#breadcrumb"},"inLanguage":"pt-BR","potentialAction":[{"@type":"ReadAction","target":["https:\/\/www.suno.com.br\/noticias\/equipe-bolsonaro-estuda-acabar-simples\/"]}]},{"@type":"ImageObject","inLanguage":"pt-BR","@id":"https:\/\/www.suno.com.br\/noticias\/equipe-bolsonaro-estuda-acabar-simples\/#primaryimage","url":"https:\/\/files.sunoresearch.com.br\/n\/uploads\/2018\/12\/c47dd200-simples-nacional-jpg.webp","contentUrl":"https:\/\/files.sunoresearch.com.br\/n\/uploads\/2018\/12\/c47dd200-simples-nacional-jpg.webp","width":1200,"height":675,"caption":"Simples nacional"},{"@type":"BreadcrumbList","@id":"https:\/\/www.suno.com.br\/noticias\/equipe-bolsonaro-estuda-acabar-simples\/#breadcrumb","itemListElement":[{"@type":"ListItem","position":1,"name":"Not\u00edcias","item":"https:\/\/www.suno.com.br\/noticias\/"},{"@type":"ListItem","position":2,"name":"Neg\u00f3cios","item":"https:\/\/www.suno.com.br\/noticias\/negocios\/"},{"@type":"ListItem","position":3,"name":"Estudo coordenado por equipe de Bolsonaro prop\u00f5e acabar com Simples"}]},{"@type":"WebSite","@id":"https:\/\/www.suno.com.br\/noticias\/#website","url":"https:\/\/www.suno.com.br\/noticias\/","name":"Suno Not\u00edcias","description":"Seu portal de informa\u00e7\u00e3o sobre o mundo dos investimentos","publisher":{"@id":"https:\/\/www.suno.com.br\/noticias\/#organization"},"potentialAction":[{"@type":"SearchAction","target":{"@type":"EntryPoint","urlTemplate":"https:\/\/www.suno.com.br\/noticias\/?s={search_term_string}"},"query-input":{"@type":"PropertyValueSpecification","valueRequired":true,"valueName":"search_term_string"}}],"inLanguage":"pt-BR"},{"@type":"Organization","@id":"https:\/\/www.suno.com.br\/noticias\/#organization","name":"Suno Not\u00edcias","url":"https:\/\/www.suno.com.br\/noticias\/","logo":{"@type":"ImageObject","inLanguage":"pt-BR","@id":"https:\/\/www.suno.com.br\/noticias\/#\/schema\/logo\/image\/","url":"https:\/\/files.sunoresearch.com.br\/n\/uploads\/2021\/09\/suno-logo.png","contentUrl":"https:\/\/files.sunoresearch.com.br\/n\/uploads\/2021\/09\/suno-logo.png","width":180,"height":180,"caption":"Suno Not\u00edcias"},"image":{"@id":"https:\/\/www.suno.com.br\/noticias\/#\/schema\/logo\/image\/"},"sameAs":["https:\/\/facebook.com\/sunoresearch","https:\/\/x.com\/sunoresearch","https:\/\/www.instagram.com\/suno","https:\/\/www.linkedin.com\/company\/suno-research\/","https:\/\/www.youtube.com\/c\/sunoresearch"]},{"@type":"Person","@id":"https:\/\/www.suno.com.br\/noticias\/#\/schema\/person\/e6e0f723cc177805027f4566c1d5e0c8","name":"Carlo Cauti","image":{"@type":"ImageObject","inLanguage":"pt-BR","@id":"https:\/\/www.suno.com.br\/noticias\/#\/schema\/person\/image\/","url":"https:\/\/secure.gravatar.com\/avatar\/3ada9e0bd164c23abd4792a9606d583c?s=96&r=g","contentUrl":"https:\/\/secure.gravatar.com\/avatar\/3ada9e0bd164c23abd4792a9606d583c?s=96&r=g","caption":"Carlo Cauti"},"description":"Editor multim\u00eddia do SUNO Not\u00edcias. Italiano, formado em Ci\u00eancias Pol\u00edticas pela universidade LUISS G. Carli de Roma e mestre cum laude em Rela\u00e7\u00f5es Internacionais, Jornalismo Internacional e de Guerra e em Economia Internacional. Concluiu tamb\u00e9m um MBA em Finan\u00e7as na B3. No Brasil, teve passagem por ve\u00edculos como Estad\u00e3o, Globo, Veja e EXAME. e nas ag\u00eancias de not\u00edcias italianas ANSA e NOVA.","url":"https:\/\/www.suno.com.br\/noticias\/author\/carlo-cauti\/"}]}},"default_loop_html":"<div class=\"cardsPage__listCard__boxs\"><div class=\"cardsPage__listCard__boxs__img\"><a href=\"https:\/\/www.suno.com.br\/noticias\/equipe-bolsonaro-estuda-acabar-simples\/\"><img class=\"mask\" src=\"https:\/\/www.suno.com.br\/noticias\/wp-content\/themes\/suno\/resources\/images\/spotlight\/spotlight1img\/bg-mask.png\" alt=\"Image Mask\"\/><img src=\"https:\/\/files.sunoresearch.com.br\/n\/uploads\/2018\/12\/c47dd200-simples-nacional-400x200.webp\" alt=\"Estudo coordenado por equipe de Bolsonaro prop\u00f5e acabar com Simples\"\/><\/a><span class=\"spotlightCategory\"><a href=\"https:\/\/www.suno.com.br\/noticias\/negocios\/\">Neg\u00f3cios<\/a><\/span><\/div><div class=\"cardsPage__listCard__boxs__content\"><a href=\"https:\/\/www.suno.com.br\/noticias\/equipe-bolsonaro-estuda-acabar-simples\/\"><h2 class=\"content__title\">Estudo coordenado por equipe de Bolsonaro prop\u00f5e acabar com Simples<\/h2><\/a><div class=\"newsContent__article__meta\"><div class=\"newsContent__article__meta__authorBox\"><a href=\"https:\/\/www.suno.com.br\/noticias\/author\/carlo-cauti\/\" class=\"authorBox__avatar noMobi\"><img src=\"https:\/\/files.sunoresearch.com.br\/n\/uploads\/2020\/08\/e3745f9a-perfil-carlo-cauti-150x150.webp\" alt=\"Carlo Cauti\"><\/a><div class=\"authorBox__name\"><span>por\n\t\t\t<a href=\"https:\/\/www.suno.com.br\/noticias\/author\/carlo-cauti\/\"><span itemprop=\"author\">Carlo Cauti<\/span><\/a><\/span><time datetime=\"2018-12-18T10:51:30-02:00\" itemprop=\"datePublished\">18\/12\/2018 10:51<\/time><\/div><\/div><\/div><\/div><\/div>","single_layout":"posts","amp_enabled":true,"_links":{"self":[{"href":"https:\/\/www.suno.com.br\/noticias\/wp-json\/wp\/v2\/posts\/9259"}],"collection":[{"href":"https:\/\/www.suno.com.br\/noticias\/wp-json\/wp\/v2\/posts"}],"about":[{"href":"https:\/\/www.suno.com.br\/noticias\/wp-json\/wp\/v2\/types\/post"}],"author":[{"embeddable":true,"href":"https:\/\/www.suno.com.br\/noticias\/wp-json\/wp\/v2\/users\/9"}],"replies":[{"embeddable":true,"href":"https:\/\/www.suno.com.br\/noticias\/wp-json\/wp\/v2\/comments?post=9259"}],"version-history":[{"count":0,"href":"https:\/\/www.suno.com.br\/noticias\/wp-json\/wp\/v2\/posts\/9259\/revisions"}],"wp:featuredmedia":[{"embeddable":true,"href":"https:\/\/www.suno.com.br\/noticias\/wp-json\/wp\/v2\/media\/9263"}],"wp:attachment":[{"href":"https:\/\/www.suno.com.br\/noticias\/wp-json\/wp\/v2\/media?parent=9259"}],"wp:term":[{"taxonomy":"category","embeddable":true,"href":"https:\/\/www.suno.com.br\/noticias\/wp-json\/wp\/v2\/categories?post=9259"},{"taxonomy":"post_tag","embeddable":true,"href":"https:\/\/www.suno.com.br\/noticias\/wp-json\/wp\/v2\/tags?post=9259"},{"taxonomy":"suno_strategy","embeddable":true,"href":"https:\/\/www.suno.com.br\/noticias\/wp-json\/wp\/v2\/suno_strategy?post=9259"}],"curies":[{"name":"wp","href":"https:\/\/api.w.org\/{rel}","templated":true}]}}