{"id":92573,"date":"2020-10-19T15:00:16","date_gmt":"2020-10-19T18:00:16","guid":{"rendered":"https:\/\/www.suno.com.br\/noticias\/?p=92573"},"modified":"2021-02-17T22:18:00","modified_gmt":"2021-02-18T01:18:00","slug":"pib-4-5-2020-banco-central-campos-neto-19102020","status":"publish","type":"post","link":"https:\/\/www.suno.com.br\/noticias\/pib-4-5-2020-banco-central-campos-neto-19102020\/","title":{"rendered":"Banco Central estima queda de 4,5% do PIB em 2020, diz Campos Neto"},"content":{"rendered":"<p>O presidente do<a href=\"https:\/\/www.suno.com.br\/artigos\/bacen\/\"> Banco Central (BC)<\/a>, <a href=\"https:\/\/www.suno.com.br\/tudo-sobre\/roberto-campos-neto\/\">Roberto Campos Neto<\/a>, afirmou nesta segunda-feira (19) que estima uma queda de 4,5% no <a href=\"https:\/\/www.suno.com.br\/noticias\/pib-segundo-trimestre-2020-ibge\/\">Produto Interno Bruto (PIB)<\/a> do Brasil este ano. Trata-se de uma melhora na perspectiva econ\u00f4mica visto que no final de setembro o BC havia projetado queda de 5% no \u00faltimo Relat\u00f3rio de Infla\u00e7\u00e3o (RTI).<\/p>\t<div class=\"wrapper-featured-image\">\n\t\t<figure class=\"spotlightImg\">\n\n\t\t\t<picture>\n\t\t\t\t<source media=\"(max-width: 768px)\" srcset=\"https:\/\/files.sunoresearch.com.br\/n\/uploads\/2020\/08\/b3fe2447-roberto-campos-neto-400x400-1-400x200.webp\">\n\t\t\t\t<img loading=\"lazy\" decoding=\"async\" class=\"newsContent__article__imgCapa lazyloadDisabled \" src=\"https:\/\/files.sunoresearch.com.br\/n\/uploads\/2020\/08\/b3fe2447-roberto-campos-neto-400x400-1-jpg.webp\" width=\"800\" height=\"450\" alt=\"Banco Central estima queda de 4,5% do PIB em 2020, diz Campos Neto\" fetchpriority=high \/>\n\t\t\t<\/picture>\n\n\t\t\t<figcaption class=\"wp-caption-text wp-caption-text--show\">Presidente do BC estima queda de 4,5% no PIB em 2020<\/figcaption>\n\t\t<\/figure>\n\t<\/div>\n\n\n<div class=\"hubspot-form-wrapper\">\n\t<div id=\"single-form-target\"><\/div>\n<\/div>\n\n<p>&#8220;Entre os emergentes, fomos o pa\u00eds que mais gastou na pandemia, com o aux\u00edlio emergencial e outras medidas, mas tamb\u00e9m fomos o que caiu menos e que teve recupera\u00e7\u00e3o mais forte&#8221;, disse Campos Neto em um evento virtual promovido pelo Milken Institute.<\/p>\n<p>A proje\u00e7\u00e3o do presidente permanece abaixo das expectativas dos especialistas ouvidos pelo BC, respons\u00e1veis pela elabora\u00e7\u00e3o do<a href=\"https:\/\/www.suno.com.br\/noticias\/boletim-focus-eleva-projecao-ipca-inflacao-10-semana-19102020\/\"> Boletim Focus<\/a>, que estimam uma retra\u00e7\u00e3o de 5%. No entanto, acima da proje\u00e7\u00e3o do ministro da Economia, <a href=\"https:\/\/www.suno.com.br\/tudo-sobre\/paulo-guedes\/\">Paulo Guedes<\/a>, que disse nesta segunda, em v\u00eddeo gravado para C\u00e2mara de Com\u00e9rcio dos EUA, que a economia dever\u00e1 recuar 4% este ano. Por\u00e9m, a previs\u00e3o oficial do Minist\u00e9rio da Economia permanece sendo uma queda de 4,7%.<\/p>\n<p><a href=\"https:\/\/lp.suno.com.br\/suno-one\/\">Suno One: acesse gratuitamente eBooks, Minicursos, Artigos e Video Aulas sobre investimentos com um \u00fanico cadastro. Clique para saber mais!<\/a><\/p>\n<p>No segundo trimestre deste ano, o PIB do Brasil caiu 9,7%, em compara\u00e7\u00e3o com o primeiro trimestre quando registrou queda de 1,5% . Desse modo, o pa\u00eds entrou em recess\u00e3o t\u00e9cnica ap\u00f3s duas baixas consecutivas. Trata-se da maior queda trimestral registrada desde o in\u00edcio da s\u00e9rie hist\u00f3rica revisada, em 1996.<\/p>\n<h2>IBC-Br, pr\u00e9via do PIB, sobe 1,06% em agosto, quarta alta consecutiva<\/h2>\n<p>O Banco Central informou na \u00faltima quinta-feira (15) que seu \u00cdndice de Atividade Econ\u00f4mica (<strong>IBC-Br<\/strong>), uma esp\u00e9cie de pr\u00e9via do PIB, teve alta de 1,06% em agosto frente ao m\u00eas de julho. Este foi o quarto m\u00eas consecutivo de altas.<\/p>\n<p>O resultado ficou um pouco abaixo da expectativa dos economistas ouvidos pela ag\u00eancia de not\u00edcias Reuters. Eles esperavam que o indicador registrasse um crescimento de 1,60% em agosto.\u00a0De acordo com o <strong>Banco Central<\/strong>, o dado divulgado hoje \u00e9 dessazonalizado pela institui\u00e7\u00e3o.<\/p>\n\t<div data-element=\"shortcode-read-more\" class=\"knowMore\">\n\t\t\t\t<span class=\"knowMore__title\">Saiba Mais<\/span>\n\t\t\t\t<a class=\"knowMore__link\" href=\"https:\/\/www.suno.com.br\/noticias\/ibc-br-sobe-106-em-agosto-quarta-alta-consecutiva\/\">\n\t\t\tIBC-Br, pr\u00e9via do PIB, sobe 1,06% em agosto, quarta alta consecutiva\t\t<\/a>\n\t<\/div>\n\n\n<p>Apesar do avan\u00e7o mensal, o indicador de pr\u00e9via do <strong>PIB<\/strong> cai 3,92% na compara\u00e7\u00e3o com o mesmo m\u00eas do ano passado. O \u00edndice foi pressionado no in\u00edcio deste ano devido \u00e0 pandemia do coronav\u00edrus, com quedas em mar\u00e7o e abril. A partir de ent\u00e3o, houve uma retomada no desempenho da economia.<\/p>\n\t<p>\n\t\t<a href=\"https:\/\/lp.suno.com.br\/planilha-de-controle-de-investimentos\/\" target=\"_blank\" data-element=\"shortcode-suno-banner\" title=\"Banner SUNO, clique e saiba mais\">\n\t\t\t<picture>\n\t\t\t\t<source media=\"(max-width: 500px)\" srcset=\"https:\/\/files.sunoresearch.com.br\/n\/uploads\/2023\/03\/400x300-Controle-de-Investimentos.png\">\n\t\t\t\t<img class=\"newsContent__article__imgCapa newsContent__article__imgCapa--banner\"\n\t\t\t\t\tsrc=\"https:\/\/files.sunoresearch.com.br\/n\/uploads\/2023\/03\/1420x240-Controle-de-Investimentos.png\"\n\t\t\t\t\tdata-promo-id=\"75934\"\t\t\t\t\t\t\t\t\t\twidth='1420' height='240'\t\t\t\t\talt=\"https:\/\/files.sunoresearch.com.br\/n\/uploads\/2023\/03\/1420x240-Controle-de-Investimentos.png\"\n\t\t\t\t>\n\t\t\t<\/picture>\n\t\t<\/a>\n\t<\/p>\n\n\n","protected":false},"excerpt":{"rendered":"<p>O presidente do Banco Central (BC), Roberto Campos Neto, afirmou nesta segunda-feira (19) que estima uma queda de 4,5% no Produto Interno Bruto (PIB) do Brasil este ano. Trata-se de uma melhora na perspectiva econ\u00f4mica visto que no final de setembro o BC havia projetado queda de 5% no \u00faltimo Relat\u00f3rio de Infla\u00e7\u00e3o (RTI). Presidente [&hellip;]<\/p>\n","protected":false},"author":15,"featured_media":78922,"comment_status":"closed","ping_status":"closed","sticky":false,"template":"","format":"standard","meta":[],"categories":[62],"tags":[1842,796,807,1113],"suno_strategy":[],"class_list":["post-92573","post","type-post","status-publish","format-standard","has-post-thumbnail","hentry","category-economia","tag-banco-central-bc","tag-paulo-guedes","tag-produto-interno-bruto-pib","tag-roberto-campos-neto"],"yoast_head":"<!-- This site is optimized with the Yoast SEO plugin v24.4 - https:\/\/yoast.com\/wordpress\/plugins\/seo\/ -->\n<title>Banco Central estima queda de 4,5% do PIB em 2020, diz Campos Neto<\/title>\n<meta name=\"description\" content=\"O presidente do BC afirmou nesta segunda (19) que estima uma queda de 4,5% no PIB do Brasil este ano. Para saber mais clique aqui\" \/>\n<meta name=\"robots\" content=\"index, follow, max-snippet:-1, max-image-preview:large, max-video-preview:-1\" \/>\n<link rel=\"canonical\" href=\"https:\/\/www.suno.com.br\/noticias\/pib-4-5-2020-banco-central-campos-neto-19102020\/\" \/>\n<meta property=\"og:locale\" content=\"pt_BR\" \/>\n<meta property=\"og:type\" content=\"article\" \/>\n<meta property=\"og:title\" content=\"Banco Central estima queda de 4,5% do PIB em 2020, diz Campos Neto\" \/>\n<meta property=\"og:description\" content=\"O presidente do BC afirmou nesta segunda (19) que estima uma queda de 4,5% no PIB do Brasil este ano. Para saber mais clique aqui\" \/>\n<meta property=\"og:url\" content=\"https:\/\/www.suno.com.br\/noticias\/pib-4-5-2020-banco-central-campos-neto-19102020\/\" \/>\n<meta property=\"og:site_name\" content=\"Suno Not\u00edcias\" \/>\n<meta property=\"article:publisher\" content=\"https:\/\/facebook.com\/sunoresearch\" \/>\n<meta property=\"og:image\" content=\"https:\/\/files.sunoresearch.com.br\/n\/uploads\/2020\/08\/b3fe2447-roberto-campos-neto-400x400-1.jpg\" \/>\n\t<meta property=\"og:image:width\" content=\"400\" \/>\n\t<meta property=\"og:image:height\" content=\"400\" \/>\n\t<meta property=\"og:image:type\" content=\"image\/jpeg\" \/>\n<meta name=\"author\" content=\"Poliana Santos\" \/>\n<meta name=\"twitter:card\" content=\"summary_large_image\" \/>\n<meta name=\"twitter:creator\" content=\"@sunoresearch\" \/>\n<meta name=\"twitter:site\" content=\"@sunoresearch\" \/>\n<meta name=\"twitter:label1\" content=\"Escrito por\" \/>\n\t<meta name=\"twitter:data1\" content=\"Poliana Santos\" \/>\n\t<meta name=\"twitter:label2\" content=\"Est. tempo de leitura\" \/>\n\t<meta name=\"twitter:data2\" content=\"2 minutos\" \/>\n<script type=\"application\/ld+json\" class=\"yoast-schema-graph\">{\"@context\":\"https:\/\/schema.org\",\"@graph\":[{\"@type\":\"NewsArticle\",\"@id\":\"https:\/\/www.suno.com.br\/noticias\/pib-4-5-2020-banco-central-campos-neto-19102020\/#article\",\"isPartOf\":{\"@id\":\"https:\/\/www.suno.com.br\/noticias\/pib-4-5-2020-banco-central-campos-neto-19102020\/\"},\"author\":{\"name\":\"Poliana Santos\",\"@id\":\"https:\/\/www.suno.com.br\/noticias\/#\/schema\/person\/02ec1f752758247878a2bf4abee1aeda\"},\"headline\":\"Banco Central estima queda de 4,5% do PIB em 2020, diz Campos Neto\",\"datePublished\":\"2020-10-19T18:00:16+00:00\",\"dateModified\":\"2021-02-18T01:18:00+00:00\",\"mainEntityOfPage\":{\"@id\":\"https:\/\/www.suno.com.br\/noticias\/pib-4-5-2020-banco-central-campos-neto-19102020\/\"},\"wordCount\":441,\"publisher\":{\"@id\":\"https:\/\/www.suno.com.br\/noticias\/#organization\"},\"image\":{\"@id\":\"https:\/\/www.suno.com.br\/noticias\/pib-4-5-2020-banco-central-campos-neto-19102020\/#primaryimage\"},\"thumbnailUrl\":\"https:\/\/files.sunoresearch.com.br\/n\/uploads\/2020\/08\/b3fe2447-roberto-campos-neto-400x400-1-jpg.webp\",\"keywords\":[\"Banco Central (BC)\",\"Paulo Guedes\",\"Produto Interno Bruto (PIB)\",\"Roberto Campos Neto\"],\"articleSection\":[\"Economia\"],\"inLanguage\":\"pt-BR\"},{\"@type\":\"WebPage\",\"@id\":\"https:\/\/www.suno.com.br\/noticias\/pib-4-5-2020-banco-central-campos-neto-19102020\/\",\"url\":\"https:\/\/www.suno.com.br\/noticias\/pib-4-5-2020-banco-central-campos-neto-19102020\/\",\"name\":\"Banco Central estima queda de 4,5% do PIB em 2020, diz Campos Neto\",\"isPartOf\":{\"@id\":\"https:\/\/www.suno.com.br\/noticias\/#website\"},\"primaryImageOfPage\":{\"@id\":\"https:\/\/www.suno.com.br\/noticias\/pib-4-5-2020-banco-central-campos-neto-19102020\/#primaryimage\"},\"image\":{\"@id\":\"https:\/\/www.suno.com.br\/noticias\/pib-4-5-2020-banco-central-campos-neto-19102020\/#primaryimage\"},\"thumbnailUrl\":\"https:\/\/files.sunoresearch.com.br\/n\/uploads\/2020\/08\/b3fe2447-roberto-campos-neto-400x400-1-jpg.webp\",\"datePublished\":\"2020-10-19T18:00:16+00:00\",\"dateModified\":\"2021-02-18T01:18:00+00:00\",\"description\":\"O presidente do BC afirmou nesta segunda (19) que estima uma queda de 4,5% no PIB do Brasil este ano. Para saber mais clique aqui\",\"breadcrumb\":{\"@id\":\"https:\/\/www.suno.com.br\/noticias\/pib-4-5-2020-banco-central-campos-neto-19102020\/#breadcrumb\"},\"inLanguage\":\"pt-BR\",\"potentialAction\":[{\"@type\":\"ReadAction\",\"target\":[\"https:\/\/www.suno.com.br\/noticias\/pib-4-5-2020-banco-central-campos-neto-19102020\/\"]}]},{\"@type\":\"ImageObject\",\"inLanguage\":\"pt-BR\",\"@id\":\"https:\/\/www.suno.com.br\/noticias\/pib-4-5-2020-banco-central-campos-neto-19102020\/#primaryimage\",\"url\":\"https:\/\/files.sunoresearch.com.br\/n\/uploads\/2020\/08\/b3fe2447-roberto-campos-neto-400x400-1-jpg.webp\",\"contentUrl\":\"https:\/\/files.sunoresearch.com.br\/n\/uploads\/2020\/08\/b3fe2447-roberto-campos-neto-400x400-1-jpg.webp\",\"width\":400,\"height\":400,\"caption\":\"Presidente do BC estima queda de 4,5% no PIB em 2020\"},{\"@type\":\"BreadcrumbList\",\"@id\":\"https:\/\/www.suno.com.br\/noticias\/pib-4-5-2020-banco-central-campos-neto-19102020\/#breadcrumb\",\"itemListElement\":[{\"@type\":\"ListItem\",\"position\":1,\"name\":\"Not\u00edcias\",\"item\":\"https:\/\/www.suno.com.br\/noticias\/\"},{\"@type\":\"ListItem\",\"position\":2,\"name\":\"Economia\",\"item\":\"https:\/\/www.suno.com.br\/noticias\/economia\/\"},{\"@type\":\"ListItem\",\"position\":3,\"name\":\"Banco Central estima queda de 4,5% do PIB em 2020, diz Campos Neto\"}]},{\"@type\":\"WebSite\",\"@id\":\"https:\/\/www.suno.com.br\/noticias\/#website\",\"url\":\"https:\/\/www.suno.com.br\/noticias\/\",\"name\":\"Suno Not\u00edcias\",\"description\":\"Seu portal de informa\u00e7\u00e3o sobre o mundo dos investimentos\",\"publisher\":{\"@id\":\"https:\/\/www.suno.com.br\/noticias\/#organization\"},\"potentialAction\":[{\"@type\":\"SearchAction\",\"target\":{\"@type\":\"EntryPoint\",\"urlTemplate\":\"https:\/\/www.suno.com.br\/noticias\/?s={search_term_string}\"},\"query-input\":{\"@type\":\"PropertyValueSpecification\",\"valueRequired\":true,\"valueName\":\"search_term_string\"}}],\"inLanguage\":\"pt-BR\"},{\"@type\":\"Organization\",\"@id\":\"https:\/\/www.suno.com.br\/noticias\/#organization\",\"name\":\"Suno Not\u00edcias\",\"url\":\"https:\/\/www.suno.com.br\/noticias\/\",\"logo\":{\"@type\":\"ImageObject\",\"inLanguage\":\"pt-BR\",\"@id\":\"https:\/\/www.suno.com.br\/noticias\/#\/schema\/logo\/image\/\",\"url\":\"https:\/\/files.sunoresearch.com.br\/n\/uploads\/2021\/09\/suno-logo.png\",\"contentUrl\":\"https:\/\/files.sunoresearch.com.br\/n\/uploads\/2021\/09\/suno-logo.png\",\"width\":180,\"height\":180,\"caption\":\"Suno Not\u00edcias\"},\"image\":{\"@id\":\"https:\/\/www.suno.com.br\/noticias\/#\/schema\/logo\/image\/\"},\"sameAs\":[\"https:\/\/facebook.com\/sunoresearch\",\"https:\/\/x.com\/sunoresearch\",\"https:\/\/www.instagram.com\/suno\",\"https:\/\/www.linkedin.com\/company\/suno-research\/\",\"https:\/\/www.youtube.com\/c\/sunoresearch\"]},{\"@type\":\"Person\",\"@id\":\"https:\/\/www.suno.com.br\/noticias\/#\/schema\/person\/02ec1f752758247878a2bf4abee1aeda\",\"name\":\"Poliana Santos\",\"image\":{\"@type\":\"ImageObject\",\"inLanguage\":\"pt-BR\",\"@id\":\"https:\/\/www.suno.com.br\/noticias\/#\/schema\/person\/image\/\",\"url\":\"https:\/\/secure.gravatar.com\/avatar\/0645bd32f23d87b2130f2b2dff1d3f8d?s=96&r=g\",\"contentUrl\":\"https:\/\/secure.gravatar.com\/avatar\/0645bd32f23d87b2130f2b2dff1d3f8d?s=96&r=g\",\"caption\":\"Poliana Santos\"},\"description\":\"Rep\u00f3rter no Suno Not\u00edcias, com cobertura em mercado financeiro, economia, finan\u00e7as pessoais, renda fixa e varejo. Jornalista formada pela Faculdade C\u00e1sper L\u00edbero e possui passagem na R\u00e1dio Gazeta AM com a produ\u00e7\u00e3o de conte\u00fado sobre economia, pol\u00edtica, sa\u00fade, moda e m\u00fasica. Possui certificado de conclus\u00e3o do curso de An\u00e1lise de Balan\u00e7os pela Funda\u00e7\u00e3o Bradesco, Agenda Brasil pela FAAP, Educa\u00e7\u00e3o Pol\u00edtica por Alexandre Garcia e do Tesouro Direto e Mercado de A\u00e7\u00f5es pela B3.\",\"url\":\"https:\/\/www.suno.com.br\/noticias\/author\/poliana-santos\/\"}]}<\/script>\n<!-- \/ Yoast SEO plugin. -->","yoast_head_json":{"title":"Banco Central estima queda de 4,5% do PIB em 2020, diz Campos Neto","description":"O presidente do BC afirmou nesta segunda (19) que estima uma queda de 4,5% no PIB do Brasil este ano. Para saber mais clique aqui","robots":{"index":"index","follow":"follow","max-snippet":"max-snippet:-1","max-image-preview":"max-image-preview:large","max-video-preview":"max-video-preview:-1"},"canonical":"https:\/\/www.suno.com.br\/noticias\/pib-4-5-2020-banco-central-campos-neto-19102020\/","og_locale":"pt_BR","og_type":"article","og_title":"Banco Central estima queda de 4,5% do PIB em 2020, diz Campos Neto","og_description":"O presidente do BC afirmou nesta segunda (19) que estima uma queda de 4,5% no PIB do Brasil este ano. Para saber mais clique aqui","og_url":"https:\/\/www.suno.com.br\/noticias\/pib-4-5-2020-banco-central-campos-neto-19102020\/","og_site_name":"Suno Not\u00edcias","article_publisher":"https:\/\/facebook.com\/sunoresearch","og_image":[{"width":400,"height":400,"url":"https:\/\/files.sunoresearch.com.br\/n\/uploads\/2020\/08\/b3fe2447-roberto-campos-neto-400x400-1.jpg","type":"image\/jpeg"}],"author":"Poliana Santos","twitter_card":"summary_large_image","twitter_creator":"@sunoresearch","twitter_site":"@sunoresearch","twitter_misc":{"Escrito por":"Poliana Santos","Est. tempo de leitura":"2 minutos"},"schema":{"@context":"https:\/\/schema.org","@graph":[{"@type":"NewsArticle","@id":"https:\/\/www.suno.com.br\/noticias\/pib-4-5-2020-banco-central-campos-neto-19102020\/#article","isPartOf":{"@id":"https:\/\/www.suno.com.br\/noticias\/pib-4-5-2020-banco-central-campos-neto-19102020\/"},"author":{"name":"Poliana Santos","@id":"https:\/\/www.suno.com.br\/noticias\/#\/schema\/person\/02ec1f752758247878a2bf4abee1aeda"},"headline":"Banco Central estima queda de 4,5% do PIB em 2020, diz Campos Neto","datePublished":"2020-10-19T18:00:16+00:00","dateModified":"2021-02-18T01:18:00+00:00","mainEntityOfPage":{"@id":"https:\/\/www.suno.com.br\/noticias\/pib-4-5-2020-banco-central-campos-neto-19102020\/"},"wordCount":441,"publisher":{"@id":"https:\/\/www.suno.com.br\/noticias\/#organization"},"image":{"@id":"https:\/\/www.suno.com.br\/noticias\/pib-4-5-2020-banco-central-campos-neto-19102020\/#primaryimage"},"thumbnailUrl":"https:\/\/files.sunoresearch.com.br\/n\/uploads\/2020\/08\/b3fe2447-roberto-campos-neto-400x400-1-jpg.webp","keywords":["Banco Central (BC)","Paulo Guedes","Produto Interno Bruto (PIB)","Roberto Campos Neto"],"articleSection":["Economia"],"inLanguage":"pt-BR"},{"@type":"WebPage","@id":"https:\/\/www.suno.com.br\/noticias\/pib-4-5-2020-banco-central-campos-neto-19102020\/","url":"https:\/\/www.suno.com.br\/noticias\/pib-4-5-2020-banco-central-campos-neto-19102020\/","name":"Banco Central estima queda de 4,5% do PIB em 2020, diz Campos Neto","isPartOf":{"@id":"https:\/\/www.suno.com.br\/noticias\/#website"},"primaryImageOfPage":{"@id":"https:\/\/www.suno.com.br\/noticias\/pib-4-5-2020-banco-central-campos-neto-19102020\/#primaryimage"},"image":{"@id":"https:\/\/www.suno.com.br\/noticias\/pib-4-5-2020-banco-central-campos-neto-19102020\/#primaryimage"},"thumbnailUrl":"https:\/\/files.sunoresearch.com.br\/n\/uploads\/2020\/08\/b3fe2447-roberto-campos-neto-400x400-1-jpg.webp","datePublished":"2020-10-19T18:00:16+00:00","dateModified":"2021-02-18T01:18:00+00:00","description":"O presidente do BC afirmou nesta segunda (19) que estima uma queda de 4,5% no PIB do Brasil este ano. Para saber mais clique aqui","breadcrumb":{"@id":"https:\/\/www.suno.com.br\/noticias\/pib-4-5-2020-banco-central-campos-neto-19102020\/#breadcrumb"},"inLanguage":"pt-BR","potentialAction":[{"@type":"ReadAction","target":["https:\/\/www.suno.com.br\/noticias\/pib-4-5-2020-banco-central-campos-neto-19102020\/"]}]},{"@type":"ImageObject","inLanguage":"pt-BR","@id":"https:\/\/www.suno.com.br\/noticias\/pib-4-5-2020-banco-central-campos-neto-19102020\/#primaryimage","url":"https:\/\/files.sunoresearch.com.br\/n\/uploads\/2020\/08\/b3fe2447-roberto-campos-neto-400x400-1-jpg.webp","contentUrl":"https:\/\/files.sunoresearch.com.br\/n\/uploads\/2020\/08\/b3fe2447-roberto-campos-neto-400x400-1-jpg.webp","width":400,"height":400,"caption":"Presidente do BC estima queda de 4,5% no PIB em 2020"},{"@type":"BreadcrumbList","@id":"https:\/\/www.suno.com.br\/noticias\/pib-4-5-2020-banco-central-campos-neto-19102020\/#breadcrumb","itemListElement":[{"@type":"ListItem","position":1,"name":"Not\u00edcias","item":"https:\/\/www.suno.com.br\/noticias\/"},{"@type":"ListItem","position":2,"name":"Economia","item":"https:\/\/www.suno.com.br\/noticias\/economia\/"},{"@type":"ListItem","position":3,"name":"Banco Central estima queda de 4,5% do PIB em 2020, diz Campos Neto"}]},{"@type":"WebSite","@id":"https:\/\/www.suno.com.br\/noticias\/#website","url":"https:\/\/www.suno.com.br\/noticias\/","name":"Suno Not\u00edcias","description":"Seu portal de informa\u00e7\u00e3o sobre o mundo dos investimentos","publisher":{"@id":"https:\/\/www.suno.com.br\/noticias\/#organization"},"potentialAction":[{"@type":"SearchAction","target":{"@type":"EntryPoint","urlTemplate":"https:\/\/www.suno.com.br\/noticias\/?s={search_term_string}"},"query-input":{"@type":"PropertyValueSpecification","valueRequired":true,"valueName":"search_term_string"}}],"inLanguage":"pt-BR"},{"@type":"Organization","@id":"https:\/\/www.suno.com.br\/noticias\/#organization","name":"Suno Not\u00edcias","url":"https:\/\/www.suno.com.br\/noticias\/","logo":{"@type":"ImageObject","inLanguage":"pt-BR","@id":"https:\/\/www.suno.com.br\/noticias\/#\/schema\/logo\/image\/","url":"https:\/\/files.sunoresearch.com.br\/n\/uploads\/2021\/09\/suno-logo.png","contentUrl":"https:\/\/files.sunoresearch.com.br\/n\/uploads\/2021\/09\/suno-logo.png","width":180,"height":180,"caption":"Suno Not\u00edcias"},"image":{"@id":"https:\/\/www.suno.com.br\/noticias\/#\/schema\/logo\/image\/"},"sameAs":["https:\/\/facebook.com\/sunoresearch","https:\/\/x.com\/sunoresearch","https:\/\/www.instagram.com\/suno","https:\/\/www.linkedin.com\/company\/suno-research\/","https:\/\/www.youtube.com\/c\/sunoresearch"]},{"@type":"Person","@id":"https:\/\/www.suno.com.br\/noticias\/#\/schema\/person\/02ec1f752758247878a2bf4abee1aeda","name":"Poliana Santos","image":{"@type":"ImageObject","inLanguage":"pt-BR","@id":"https:\/\/www.suno.com.br\/noticias\/#\/schema\/person\/image\/","url":"https:\/\/secure.gravatar.com\/avatar\/0645bd32f23d87b2130f2b2dff1d3f8d?s=96&r=g","contentUrl":"https:\/\/secure.gravatar.com\/avatar\/0645bd32f23d87b2130f2b2dff1d3f8d?s=96&r=g","caption":"Poliana Santos"},"description":"Rep\u00f3rter no Suno Not\u00edcias, com cobertura em mercado financeiro, economia, finan\u00e7as pessoais, renda fixa e varejo. Jornalista formada pela Faculdade C\u00e1sper L\u00edbero e possui passagem na R\u00e1dio Gazeta AM com a produ\u00e7\u00e3o de conte\u00fado sobre economia, pol\u00edtica, sa\u00fade, moda e m\u00fasica. Possui certificado de conclus\u00e3o do curso de An\u00e1lise de Balan\u00e7os pela Funda\u00e7\u00e3o Bradesco, Agenda Brasil pela FAAP, Educa\u00e7\u00e3o Pol\u00edtica por Alexandre Garcia e do Tesouro Direto e Mercado de A\u00e7\u00f5es pela B3.","url":"https:\/\/www.suno.com.br\/noticias\/author\/poliana-santos\/"}]}},"default_loop_html":"<div class=\"cardsPage__listCard__boxs\"><div class=\"cardsPage__listCard__boxs__img\"><a href=\"https:\/\/www.suno.com.br\/noticias\/pib-4-5-2020-banco-central-campos-neto-19102020\/\"><img class=\"mask\" src=\"https:\/\/www.suno.com.br\/noticias\/wp-content\/themes\/suno\/resources\/images\/spotlight\/spotlight1img\/bg-mask.png\" alt=\"Image Mask\"\/><img src=\"https:\/\/files.sunoresearch.com.br\/n\/uploads\/2020\/08\/b3fe2447-roberto-campos-neto-400x400-1-400x200.webp\" alt=\"Banco Central estima queda de 4,5% do PIB em 2020, diz Campos Neto\"\/><\/a><span class=\"spotlightCategory\"><a href=\"https:\/\/www.suno.com.br\/noticias\/economia\/\">Economia<\/a><\/span><\/div><div class=\"cardsPage__listCard__boxs__content\"><a href=\"https:\/\/www.suno.com.br\/noticias\/pib-4-5-2020-banco-central-campos-neto-19102020\/\"><h2 class=\"content__title\">Banco Central estima queda de 4,5% do PIB em 2020, diz Campos Neto<\/h2><\/a><div class=\"newsContent__article__meta\"><div class=\"newsContent__article__meta__authorBox\"><a href=\"https:\/\/www.suno.com.br\/noticias\/author\/poliana-santos\/\" class=\"authorBox__avatar noMobi\"><img src=\"https:\/\/files.sunoresearch.com.br\/n\/uploads\/2020\/08\/7ef34026-whatsapp-image-2020-08-03-at-12.37.57-150x150.webp\" alt=\"Poliana Santos\"><\/a><div class=\"authorBox__name\"><span>por\n\t\t\t<a href=\"https:\/\/www.suno.com.br\/noticias\/author\/poliana-santos\/\"><span itemprop=\"author\">Poliana Santos<\/span><\/a><\/span><time datetime=\"2020-10-19T15:00:16-03:00\" itemprop=\"datePublished\">19\/10\/2020 15:00<\/time><\/div><\/div><\/div><\/div><\/div>","single_layout":"posts","amp_enabled":true,"_links":{"self":[{"href":"https:\/\/www.suno.com.br\/noticias\/wp-json\/wp\/v2\/posts\/92573"}],"collection":[{"href":"https:\/\/www.suno.com.br\/noticias\/wp-json\/wp\/v2\/posts"}],"about":[{"href":"https:\/\/www.suno.com.br\/noticias\/wp-json\/wp\/v2\/types\/post"}],"author":[{"embeddable":true,"href":"https:\/\/www.suno.com.br\/noticias\/wp-json\/wp\/v2\/users\/15"}],"replies":[{"embeddable":true,"href":"https:\/\/www.suno.com.br\/noticias\/wp-json\/wp\/v2\/comments?post=92573"}],"version-history":[{"count":0,"href":"https:\/\/www.suno.com.br\/noticias\/wp-json\/wp\/v2\/posts\/92573\/revisions"}],"wp:featuredmedia":[{"embeddable":true,"href":"https:\/\/www.suno.com.br\/noticias\/wp-json\/wp\/v2\/media\/78922"}],"wp:attachment":[{"href":"https:\/\/www.suno.com.br\/noticias\/wp-json\/wp\/v2\/media?parent=92573"}],"wp:term":[{"taxonomy":"category","embeddable":true,"href":"https:\/\/www.suno.com.br\/noticias\/wp-json\/wp\/v2\/categories?post=92573"},{"taxonomy":"post_tag","embeddable":true,"href":"https:\/\/www.suno.com.br\/noticias\/wp-json\/wp\/v2\/tags?post=92573"},{"taxonomy":"suno_strategy","embeddable":true,"href":"https:\/\/www.suno.com.br\/noticias\/wp-json\/wp\/v2\/suno_strategy?post=92573"}],"curies":[{"name":"wp","href":"https:\/\/api.w.org\/{rel}","templated":true}]}}