{"id":92396,"date":"2020-10-19T08:40:53","date_gmt":"2020-10-19T11:40:53","guid":{"rendered":"https:\/\/www.suno.com.br\/noticias\/?p=92396"},"modified":"2020-10-19T08:40:53","modified_gmt":"2020-10-19T11:40:53","slug":"rede-d-or-sao-luiz-adquire-100-clinica-sao-lucas","status":"publish","type":"post","link":"https:\/\/www.suno.com.br\/noticias\/rede-d-or-sao-luiz-adquire-100-clinica-sao-lucas\/","title":{"rendered":"Rede D\u2019Or S\u00e3o Luiz compra Cl\u00ednica S\u00e3o Lucas por R$ 67,2 milh\u00f5es"},"content":{"rendered":"<p>A <strong>Rede D\u2019Or S\u00e3o Luiz S.A.<\/strong> fechou a aquisi\u00e7\u00e3o de 100% da Cl\u00ednica S\u00e3o Lucas, localizada no munic\u00edpio de Maca\u00e9, no norte do Estado do Rio de Janeiro. O valor atribu\u00eddo ao ativo \u00e9 de R$ 67,2 milh\u00f5es, dos quais ser\u00e3o abatidos as d\u00edvidas existentes.<\/p>\t<div class=\"wrapper-featured-image\">\n\t\t<figure class=\"spotlightImg\">\n\n\t\t\t<picture>\n\t\t\t\t<source media=\"(max-width: 768px)\" srcset=\"https:\/\/files.sunoresearch.com.br\/n\/uploads\/2019\/12\/c5244feb-rede-dor-400x200.webp\">\n\t\t\t\t<img loading=\"lazy\" decoding=\"async\" class=\"newsContent__article__imgCapa lazyloadDisabled \" src=\"https:\/\/files.sunoresearch.com.br\/n\/uploads\/2019\/12\/c5244feb-rede-dor-800x450.webp\" width=\"800\" height=\"450\" alt=\"Rede D\u2019Or S\u00e3o Luiz compra Cl\u00ednica S\u00e3o Lucas por R$ 67,2 milh\u00f5es\" fetchpriority=high \/>\n\t\t\t<\/picture>\n\n\t\t\t<figcaption class=\"wp-caption-text wp-caption-text--show\">Destaques de Empresas: Rede D&#039;Or, \u00c2nima (ANIM3) e Gol (GOLL4) <\/figcaption>\n\t\t<\/figure>\n\t<\/div>\n\n\n<div class=\"hubspot-form-wrapper\">\n\t<div id=\"single-form-target\"><\/div>\n<\/div>\n\n<p>A cl\u00ednica conta com 55 leitos instalados. A aquisi\u00e7\u00e3o pela Rede D\u2019Or de participa\u00e7\u00e3o de 75% na Cl\u00ednica S\u00e3o Lucas j\u00e1 foi consumada, entretanto os outros 25% s\u00f3 ser\u00e3o adquiridos pela empresa ap\u00f3s a obten\u00e7\u00e3o de autoriza\u00e7\u00e3o judicial (por ser de titularidade de um esp\u00f3lio).<\/p>\n<h2>IPO da <strong>Rede D&#8217;Or S\u00e3o Luiz<\/strong><\/h2>\n<p>A Rede D&#8217;Or S\u00e3o Luiz informou, no dia 9 de outubro, que apresentou seu pedido de registro de <a href=\"https:\/\/www.suno.com.br\/artigos\/ipo\/\">oferta p\u00fablica de a\u00e7\u00f5es (IPO, na sigla em ingl\u00eas)<\/a> na <a href=\"https:\/\/www.suno.com.br\/artigos\/cvm\/\">Comiss\u00e3o de Valores Mobili\u00e1rios (CVM).<\/a>\u00a0A Rede D&#8217;Or comunicou ao mercado a inten\u00e7\u00e3o de abrir seu capital atrav\u00e9s de um fato relevante. Conforme indicado no documento, a oferta ser\u00e1 tanto prim\u00e1ria quanto secund\u00e1ria.<\/p>\n<p><a href=\"https:\/\/lp.suno.com.br\/suno-one\/\">Suno One: o primeiro passo para alcan\u00e7ar a sua independ\u00eancia financeira. Acesse agora, \u00e9 gratuito!<\/a><\/p>\n<p>A empresa ser\u00e1 listada no segmento <a href=\"https:\/\/www.suno.com.br\/artigos\/novo-mercado\/\"><strong>Novo Mercado<\/strong><\/a><strong>,<\/strong> o mais alto n\u00edvel de governan\u00e7a da <a href=\"https:\/\/www.suno.com.br\/artigos\/b3\/\"><strong>Bolsa de Valores de S\u00e3o Paulo (B3)<\/strong><\/a><strong>.<\/strong> Al\u00e9m disso, a companhia solicitou uma convers\u00e3o de registro, de categoria B para categoria A. As institui\u00e7\u00f5es coordenadoras da oferta da Rede D&#8217;Or S\u00e3o Luiz ser\u00e3o:<\/p>\n<ul>\n<li>Bank of America;<\/li>\n<li>J.P. Morgan;<\/li>\n<li><a href=\"https:\/\/www.suno.com.br\/acoes\/bpac11\/\">BTG Pactual (BPAC11)<\/a>;<\/li>\n<li>Bradesco BBI;<\/li>\n<li>XP Investimentos.<\/li>\n<\/ul>\n<p>De acordo com o comunicado da Rede D&#8217;Or, n\u00e3o ser\u00e3o apresentados pedidos de listagem em outros pa\u00edses, al\u00e9m do Brasil. Ao final do m\u00eas de setembro, a empresa tinha convocado seus acionistas para uma Assembleia Geral Extraordin\u00e1ria para a delibera\u00e7\u00e3o de algumas mat\u00e9rias, entre as quais a abertura de capital.<\/p>\n\t<div data-element=\"shortcode-read-more\" class=\"knowMore\">\n\t\t\t\t<span class=\"knowMore__title\">Saiba mais<\/span>\n\t\t\t\t<a class=\"knowMore__link\" href=\"https:\/\/www.suno.com.br\/noticias\/rede-dor-sao-luiz-ampliar-leitos-cinco-anos\/\">\n\t\t\tRede D\u2019Or S\u00e3o Luiz planeja ampliar oferta de leitos em 80% em 5 anos\t\t<\/a>\n\t<\/div>\n\n\n<p>Entre os assuntos tratados na assembleia citada acima estavam: a altera\u00e7\u00e3o na reda\u00e7\u00e3o do objeto social, a mudan\u00e7a das compet\u00eancias exclusivas da assembleia geral, a altera\u00e7\u00e3o do n\u00famero de membros e a elei\u00e7\u00e3o e\/ou reelei\u00e7\u00e3o do <a href=\"https:\/\/www.suno.com.br\/artigos\/conselho-administracao\/\"><strong>Conselho de Administra\u00e7\u00e3o<\/strong><\/a>, assim como seus suplentes e compet\u00eancias dos mesmos.<\/p>\n<p>A <strong>Rede D&#8217;Or<\/strong> quer levantar entre R$ 12 bilh\u00f5es e R$ 15 bilh\u00f5es com a sua oferta. Caso isso aconte\u00e7a, o valor de mercado do grupo hospitalar pode chegar a marca de aproximadamente R$ 100 bilh\u00f5es.<\/p>\n\t<p>\n\t\t<a href=\"https:\/\/lp.suno.com.br\/planilha-de-controle-de-investimentos\/\" target=\"_blank\" data-element=\"shortcode-suno-banner\" title=\"Banner SUNO, clique e saiba mais\">\n\t\t\t<picture>\n\t\t\t\t<source media=\"(max-width: 500px)\" srcset=\"https:\/\/files.sunoresearch.com.br\/n\/uploads\/2023\/03\/400x300-Controle-de-Investimentos.png\">\n\t\t\t\t<img class=\"newsContent__article__imgCapa newsContent__article__imgCapa--banner\"\n\t\t\t\t\tsrc=\"https:\/\/files.sunoresearch.com.br\/n\/uploads\/2023\/03\/1420x240-Controle-de-Investimentos.png\"\n\t\t\t\t\tdata-promo-id=\"75934\"\t\t\t\t\t\t\t\t\t\twidth='1420' height='240'\t\t\t\t\talt=\"https:\/\/files.sunoresearch.com.br\/n\/uploads\/2023\/03\/1420x240-Controle-de-Investimentos.png\"\n\t\t\t\t>\n\t\t\t<\/picture>\n\t\t<\/a>\n\t<\/p>\n\n\n","protected":false},"excerpt":{"rendered":"<p>A Rede D\u2019Or S\u00e3o Luiz S.A. fechou a aquisi\u00e7\u00e3o de 100% da Cl\u00ednica S\u00e3o Lucas, localizada no munic\u00edpio de Maca\u00e9, no norte do Estado do Rio de Janeiro. O valor atribu\u00eddo ao ativo \u00e9 de R$ 67,2 milh\u00f5es, dos quais ser\u00e3o abatidos as d\u00edvidas existentes. Destaques de Empresas: Rede D&#039;Or, \u00c2nima (ANIM3) e Gol (GOLL4) [&hellip;]<\/p>\n","protected":false},"author":19,"featured_media":47137,"comment_status":"closed","ping_status":"closed","sticky":false,"template":"","format":"standard","meta":[],"categories":[64],"tags":[2312],"suno_strategy":[],"class_list":["post-92396","post","type-post","status-publish","format-standard","has-post-thumbnail","hentry","category-negocios","tag-rede-dor-rdor3"],"yoast_head":"<!-- This site is optimized with the Yoast SEO plugin v24.4 - https:\/\/yoast.com\/wordpress\/plugins\/seo\/ -->\n<title>Rede D\u2019Or S\u00e3o Luiz adquire 100% da Cl\u00ednica S\u00e3o Lucas<\/title>\n<meta name=\"description\" content=\"A Rede D\u2019Or S\u00e3o Luiz S.A. comunicou, no \u00faltimo domingo (18) que fechou a aquisi\u00e7\u00e3o de 100% da Cl\u00ednica S\u00e3o Lucas. Clique e saiba mais.\" \/>\n<meta name=\"robots\" content=\"index, follow, max-snippet:-1, max-image-preview:large, max-video-preview:-1\" \/>\n<link rel=\"canonical\" href=\"https:\/\/www.suno.com.br\/noticias\/rede-d-or-sao-luiz-adquire-100-clinica-sao-lucas\/\" \/>\n<meta property=\"og:locale\" content=\"pt_BR\" \/>\n<meta property=\"og:type\" content=\"article\" \/>\n<meta property=\"og:title\" content=\"Rede D\u2019Or S\u00e3o Luiz adquire 100% da Cl\u00ednica S\u00e3o Lucas\" \/>\n<meta property=\"og:description\" content=\"A Rede D\u2019Or S\u00e3o Luiz S.A. comunicou, no \u00faltimo domingo (18) que fechou a aquisi\u00e7\u00e3o de 100% da Cl\u00ednica S\u00e3o Lucas. Clique e saiba mais.\" \/>\n<meta property=\"og:url\" content=\"https:\/\/www.suno.com.br\/noticias\/rede-d-or-sao-luiz-adquire-100-clinica-sao-lucas\/\" \/>\n<meta property=\"og:site_name\" content=\"Suno Not\u00edcias\" \/>\n<meta property=\"article:publisher\" content=\"https:\/\/facebook.com\/sunoresearch\" \/>\n<meta property=\"og:image\" content=\"https:\/\/files.sunoresearch.com.br\/n\/uploads\/2019\/12\/c5244feb-rede-dor.png\" \/>\n\t<meta property=\"og:image:width\" content=\"1107\" \/>\n\t<meta property=\"og:image:height\" content=\"605\" \/>\n\t<meta property=\"og:image:type\" content=\"image\/png\" \/>\n<meta name=\"author\" content=\"Juliano Passaro\" \/>\n<meta name=\"twitter:card\" content=\"summary_large_image\" \/>\n<meta name=\"twitter:creator\" content=\"@sunoresearch\" \/>\n<meta name=\"twitter:site\" content=\"@sunoresearch\" \/>\n<meta name=\"twitter:label1\" content=\"Escrito por\" \/>\n\t<meta name=\"twitter:data1\" content=\"Juliano Passaro\" \/>\n\t<meta name=\"twitter:label2\" content=\"Est. tempo de leitura\" \/>\n\t<meta name=\"twitter:data2\" content=\"2 minutos\" \/>\n<script type=\"application\/ld+json\" class=\"yoast-schema-graph\">{\"@context\":\"https:\/\/schema.org\",\"@graph\":[{\"@type\":\"NewsArticle\",\"@id\":\"https:\/\/www.suno.com.br\/noticias\/rede-d-or-sao-luiz-adquire-100-clinica-sao-lucas\/#article\",\"isPartOf\":{\"@id\":\"https:\/\/www.suno.com.br\/noticias\/rede-d-or-sao-luiz-adquire-100-clinica-sao-lucas\/\"},\"author\":{\"name\":\"Juliano Passaro\",\"@id\":\"https:\/\/www.suno.com.br\/noticias\/#\/schema\/person\/1db762f78ffd8919a648a63e425953e3\"},\"headline\":\"Rede D\u2019Or S\u00e3o Luiz compra Cl\u00ednica S\u00e3o Lucas por R$ 67,2 milh\u00f5es\",\"datePublished\":\"2020-10-19T11:40:53+00:00\",\"mainEntityOfPage\":{\"@id\":\"https:\/\/www.suno.com.br\/noticias\/rede-d-or-sao-luiz-adquire-100-clinica-sao-lucas\/\"},\"wordCount\":466,\"publisher\":{\"@id\":\"https:\/\/www.suno.com.br\/noticias\/#organization\"},\"image\":{\"@id\":\"https:\/\/www.suno.com.br\/noticias\/rede-d-or-sao-luiz-adquire-100-clinica-sao-lucas\/#primaryimage\"},\"thumbnailUrl\":\"https:\/\/files.sunoresearch.com.br\/n\/uploads\/2019\/12\/c5244feb-rede-dor-png.webp\",\"keywords\":[\"Rede D'or (RDOR3)\"],\"articleSection\":[\"Neg\u00f3cios\"],\"inLanguage\":\"pt-BR\"},{\"@type\":\"WebPage\",\"@id\":\"https:\/\/www.suno.com.br\/noticias\/rede-d-or-sao-luiz-adquire-100-clinica-sao-lucas\/\",\"url\":\"https:\/\/www.suno.com.br\/noticias\/rede-d-or-sao-luiz-adquire-100-clinica-sao-lucas\/\",\"name\":\"Rede D\u2019Or S\u00e3o Luiz adquire 100% da Cl\u00ednica S\u00e3o Lucas\",\"isPartOf\":{\"@id\":\"https:\/\/www.suno.com.br\/noticias\/#website\"},\"primaryImageOfPage\":{\"@id\":\"https:\/\/www.suno.com.br\/noticias\/rede-d-or-sao-luiz-adquire-100-clinica-sao-lucas\/#primaryimage\"},\"image\":{\"@id\":\"https:\/\/www.suno.com.br\/noticias\/rede-d-or-sao-luiz-adquire-100-clinica-sao-lucas\/#primaryimage\"},\"thumbnailUrl\":\"https:\/\/files.sunoresearch.com.br\/n\/uploads\/2019\/12\/c5244feb-rede-dor-png.webp\",\"datePublished\":\"2020-10-19T11:40:53+00:00\",\"description\":\"A Rede D\u2019Or S\u00e3o Luiz S.A. comunicou, no \u00faltimo domingo (18) que fechou a aquisi\u00e7\u00e3o de 100% da Cl\u00ednica S\u00e3o Lucas. Clique e saiba mais.\",\"breadcrumb\":{\"@id\":\"https:\/\/www.suno.com.br\/noticias\/rede-d-or-sao-luiz-adquire-100-clinica-sao-lucas\/#breadcrumb\"},\"inLanguage\":\"pt-BR\",\"potentialAction\":[{\"@type\":\"ReadAction\",\"target\":[\"https:\/\/www.suno.com.br\/noticias\/rede-d-or-sao-luiz-adquire-100-clinica-sao-lucas\/\"]}]},{\"@type\":\"ImageObject\",\"inLanguage\":\"pt-BR\",\"@id\":\"https:\/\/www.suno.com.br\/noticias\/rede-d-or-sao-luiz-adquire-100-clinica-sao-lucas\/#primaryimage\",\"url\":\"https:\/\/files.sunoresearch.com.br\/n\/uploads\/2019\/12\/c5244feb-rede-dor-png.webp\",\"contentUrl\":\"https:\/\/files.sunoresearch.com.br\/n\/uploads\/2019\/12\/c5244feb-rede-dor-png.webp\",\"width\":1107,\"height\":605,\"caption\":\"Destaques de Empresas: Rede D'Or, \u00c2nima (ANIM3) e Gol (GOLL4)\"},{\"@type\":\"BreadcrumbList\",\"@id\":\"https:\/\/www.suno.com.br\/noticias\/rede-d-or-sao-luiz-adquire-100-clinica-sao-lucas\/#breadcrumb\",\"itemListElement\":[{\"@type\":\"ListItem\",\"position\":1,\"name\":\"Not\u00edcias\",\"item\":\"https:\/\/www.suno.com.br\/noticias\/\"},{\"@type\":\"ListItem\",\"position\":2,\"name\":\"Neg\u00f3cios\",\"item\":\"https:\/\/www.suno.com.br\/noticias\/negocios\/\"},{\"@type\":\"ListItem\",\"position\":3,\"name\":\"Rede D\u2019Or S\u00e3o Luiz compra Cl\u00ednica S\u00e3o Lucas por R$ 67,2 milh\u00f5es\"}]},{\"@type\":\"WebSite\",\"@id\":\"https:\/\/www.suno.com.br\/noticias\/#website\",\"url\":\"https:\/\/www.suno.com.br\/noticias\/\",\"name\":\"Suno Not\u00edcias\",\"description\":\"Seu portal de informa\u00e7\u00e3o sobre o mundo dos investimentos\",\"publisher\":{\"@id\":\"https:\/\/www.suno.com.br\/noticias\/#organization\"},\"potentialAction\":[{\"@type\":\"SearchAction\",\"target\":{\"@type\":\"EntryPoint\",\"urlTemplate\":\"https:\/\/www.suno.com.br\/noticias\/?s={search_term_string}\"},\"query-input\":{\"@type\":\"PropertyValueSpecification\",\"valueRequired\":true,\"valueName\":\"search_term_string\"}}],\"inLanguage\":\"pt-BR\"},{\"@type\":\"Organization\",\"@id\":\"https:\/\/www.suno.com.br\/noticias\/#organization\",\"name\":\"Suno Not\u00edcias\",\"url\":\"https:\/\/www.suno.com.br\/noticias\/\",\"logo\":{\"@type\":\"ImageObject\",\"inLanguage\":\"pt-BR\",\"@id\":\"https:\/\/www.suno.com.br\/noticias\/#\/schema\/logo\/image\/\",\"url\":\"https:\/\/files.sunoresearch.com.br\/n\/uploads\/2021\/09\/suno-logo.png\",\"contentUrl\":\"https:\/\/files.sunoresearch.com.br\/n\/uploads\/2021\/09\/suno-logo.png\",\"width\":180,\"height\":180,\"caption\":\"Suno Not\u00edcias\"},\"image\":{\"@id\":\"https:\/\/www.suno.com.br\/noticias\/#\/schema\/logo\/image\/\"},\"sameAs\":[\"https:\/\/facebook.com\/sunoresearch\",\"https:\/\/x.com\/sunoresearch\",\"https:\/\/www.instagram.com\/suno\",\"https:\/\/www.linkedin.com\/company\/suno-research\/\",\"https:\/\/www.youtube.com\/c\/sunoresearch\"]},{\"@type\":\"Person\",\"@id\":\"https:\/\/www.suno.com.br\/noticias\/#\/schema\/person\/1db762f78ffd8919a648a63e425953e3\",\"name\":\"Juliano Passaro\",\"image\":{\"@type\":\"ImageObject\",\"inLanguage\":\"pt-BR\",\"@id\":\"https:\/\/www.suno.com.br\/noticias\/#\/schema\/person\/image\/\",\"url\":\"https:\/\/secure.gravatar.com\/avatar\/743d4df28eebf6dcc46b4ad03c319e92?s=96&r=g\",\"contentUrl\":\"https:\/\/secure.gravatar.com\/avatar\/743d4df28eebf6dcc46b4ad03c319e92?s=96&r=g\",\"caption\":\"Juliano Passaro\"},\"description\":\"Juliano Passaro escreve sobre pol\u00edtica, economia e neg\u00f3cios para o portal da Suno Research. Antes da Suno, trabalhou no Portal da Band. \u00c9 formado em jornalismo pela Universidade Presbiteriana Mackenzie.\",\"url\":\"https:\/\/www.suno.com.br\/noticias\/author\/juliano\/\"}]}<\/script>\n<!-- \/ Yoast SEO plugin. -->","yoast_head_json":{"title":"Rede D\u2019Or S\u00e3o Luiz adquire 100% da Cl\u00ednica S\u00e3o Lucas","description":"A Rede D\u2019Or S\u00e3o Luiz S.A. comunicou, no \u00faltimo domingo (18) que fechou a aquisi\u00e7\u00e3o de 100% da Cl\u00ednica S\u00e3o Lucas. Clique e saiba mais.","robots":{"index":"index","follow":"follow","max-snippet":"max-snippet:-1","max-image-preview":"max-image-preview:large","max-video-preview":"max-video-preview:-1"},"canonical":"https:\/\/www.suno.com.br\/noticias\/rede-d-or-sao-luiz-adquire-100-clinica-sao-lucas\/","og_locale":"pt_BR","og_type":"article","og_title":"Rede D\u2019Or S\u00e3o Luiz adquire 100% da Cl\u00ednica S\u00e3o Lucas","og_description":"A Rede D\u2019Or S\u00e3o Luiz S.A. comunicou, no \u00faltimo domingo (18) que fechou a aquisi\u00e7\u00e3o de 100% da Cl\u00ednica S\u00e3o Lucas. Clique e saiba mais.","og_url":"https:\/\/www.suno.com.br\/noticias\/rede-d-or-sao-luiz-adquire-100-clinica-sao-lucas\/","og_site_name":"Suno Not\u00edcias","article_publisher":"https:\/\/facebook.com\/sunoresearch","og_image":[{"width":1107,"height":605,"url":"https:\/\/files.sunoresearch.com.br\/n\/uploads\/2019\/12\/c5244feb-rede-dor.png","type":"image\/png"}],"author":"Juliano Passaro","twitter_card":"summary_large_image","twitter_creator":"@sunoresearch","twitter_site":"@sunoresearch","twitter_misc":{"Escrito por":"Juliano Passaro","Est. tempo de leitura":"2 minutos"},"schema":{"@context":"https:\/\/schema.org","@graph":[{"@type":"NewsArticle","@id":"https:\/\/www.suno.com.br\/noticias\/rede-d-or-sao-luiz-adquire-100-clinica-sao-lucas\/#article","isPartOf":{"@id":"https:\/\/www.suno.com.br\/noticias\/rede-d-or-sao-luiz-adquire-100-clinica-sao-lucas\/"},"author":{"name":"Juliano Passaro","@id":"https:\/\/www.suno.com.br\/noticias\/#\/schema\/person\/1db762f78ffd8919a648a63e425953e3"},"headline":"Rede D\u2019Or S\u00e3o Luiz compra Cl\u00ednica S\u00e3o Lucas por R$ 67,2 milh\u00f5es","datePublished":"2020-10-19T11:40:53+00:00","mainEntityOfPage":{"@id":"https:\/\/www.suno.com.br\/noticias\/rede-d-or-sao-luiz-adquire-100-clinica-sao-lucas\/"},"wordCount":466,"publisher":{"@id":"https:\/\/www.suno.com.br\/noticias\/#organization"},"image":{"@id":"https:\/\/www.suno.com.br\/noticias\/rede-d-or-sao-luiz-adquire-100-clinica-sao-lucas\/#primaryimage"},"thumbnailUrl":"https:\/\/files.sunoresearch.com.br\/n\/uploads\/2019\/12\/c5244feb-rede-dor-png.webp","keywords":["Rede D'or (RDOR3)"],"articleSection":["Neg\u00f3cios"],"inLanguage":"pt-BR"},{"@type":"WebPage","@id":"https:\/\/www.suno.com.br\/noticias\/rede-d-or-sao-luiz-adquire-100-clinica-sao-lucas\/","url":"https:\/\/www.suno.com.br\/noticias\/rede-d-or-sao-luiz-adquire-100-clinica-sao-lucas\/","name":"Rede D\u2019Or S\u00e3o Luiz adquire 100% da Cl\u00ednica S\u00e3o Lucas","isPartOf":{"@id":"https:\/\/www.suno.com.br\/noticias\/#website"},"primaryImageOfPage":{"@id":"https:\/\/www.suno.com.br\/noticias\/rede-d-or-sao-luiz-adquire-100-clinica-sao-lucas\/#primaryimage"},"image":{"@id":"https:\/\/www.suno.com.br\/noticias\/rede-d-or-sao-luiz-adquire-100-clinica-sao-lucas\/#primaryimage"},"thumbnailUrl":"https:\/\/files.sunoresearch.com.br\/n\/uploads\/2019\/12\/c5244feb-rede-dor-png.webp","datePublished":"2020-10-19T11:40:53+00:00","description":"A Rede D\u2019Or S\u00e3o Luiz S.A. comunicou, no \u00faltimo domingo (18) que fechou a aquisi\u00e7\u00e3o de 100% da Cl\u00ednica S\u00e3o Lucas. Clique e saiba mais.","breadcrumb":{"@id":"https:\/\/www.suno.com.br\/noticias\/rede-d-or-sao-luiz-adquire-100-clinica-sao-lucas\/#breadcrumb"},"inLanguage":"pt-BR","potentialAction":[{"@type":"ReadAction","target":["https:\/\/www.suno.com.br\/noticias\/rede-d-or-sao-luiz-adquire-100-clinica-sao-lucas\/"]}]},{"@type":"ImageObject","inLanguage":"pt-BR","@id":"https:\/\/www.suno.com.br\/noticias\/rede-d-or-sao-luiz-adquire-100-clinica-sao-lucas\/#primaryimage","url":"https:\/\/files.sunoresearch.com.br\/n\/uploads\/2019\/12\/c5244feb-rede-dor-png.webp","contentUrl":"https:\/\/files.sunoresearch.com.br\/n\/uploads\/2019\/12\/c5244feb-rede-dor-png.webp","width":1107,"height":605,"caption":"Destaques de Empresas: Rede D'Or, \u00c2nima (ANIM3) e Gol (GOLL4)"},{"@type":"BreadcrumbList","@id":"https:\/\/www.suno.com.br\/noticias\/rede-d-or-sao-luiz-adquire-100-clinica-sao-lucas\/#breadcrumb","itemListElement":[{"@type":"ListItem","position":1,"name":"Not\u00edcias","item":"https:\/\/www.suno.com.br\/noticias\/"},{"@type":"ListItem","position":2,"name":"Neg\u00f3cios","item":"https:\/\/www.suno.com.br\/noticias\/negocios\/"},{"@type":"ListItem","position":3,"name":"Rede D\u2019Or S\u00e3o Luiz compra Cl\u00ednica S\u00e3o Lucas por R$ 67,2 milh\u00f5es"}]},{"@type":"WebSite","@id":"https:\/\/www.suno.com.br\/noticias\/#website","url":"https:\/\/www.suno.com.br\/noticias\/","name":"Suno Not\u00edcias","description":"Seu portal de informa\u00e7\u00e3o sobre o mundo dos investimentos","publisher":{"@id":"https:\/\/www.suno.com.br\/noticias\/#organization"},"potentialAction":[{"@type":"SearchAction","target":{"@type":"EntryPoint","urlTemplate":"https:\/\/www.suno.com.br\/noticias\/?s={search_term_string}"},"query-input":{"@type":"PropertyValueSpecification","valueRequired":true,"valueName":"search_term_string"}}],"inLanguage":"pt-BR"},{"@type":"Organization","@id":"https:\/\/www.suno.com.br\/noticias\/#organization","name":"Suno Not\u00edcias","url":"https:\/\/www.suno.com.br\/noticias\/","logo":{"@type":"ImageObject","inLanguage":"pt-BR","@id":"https:\/\/www.suno.com.br\/noticias\/#\/schema\/logo\/image\/","url":"https:\/\/files.sunoresearch.com.br\/n\/uploads\/2021\/09\/suno-logo.png","contentUrl":"https:\/\/files.sunoresearch.com.br\/n\/uploads\/2021\/09\/suno-logo.png","width":180,"height":180,"caption":"Suno Not\u00edcias"},"image":{"@id":"https:\/\/www.suno.com.br\/noticias\/#\/schema\/logo\/image\/"},"sameAs":["https:\/\/facebook.com\/sunoresearch","https:\/\/x.com\/sunoresearch","https:\/\/www.instagram.com\/suno","https:\/\/www.linkedin.com\/company\/suno-research\/","https:\/\/www.youtube.com\/c\/sunoresearch"]},{"@type":"Person","@id":"https:\/\/www.suno.com.br\/noticias\/#\/schema\/person\/1db762f78ffd8919a648a63e425953e3","name":"Juliano Passaro","image":{"@type":"ImageObject","inLanguage":"pt-BR","@id":"https:\/\/www.suno.com.br\/noticias\/#\/schema\/person\/image\/","url":"https:\/\/secure.gravatar.com\/avatar\/743d4df28eebf6dcc46b4ad03c319e92?s=96&r=g","contentUrl":"https:\/\/secure.gravatar.com\/avatar\/743d4df28eebf6dcc46b4ad03c319e92?s=96&r=g","caption":"Juliano Passaro"},"description":"Juliano Passaro escreve sobre pol\u00edtica, economia e neg\u00f3cios para o portal da Suno Research. Antes da Suno, trabalhou no Portal da Band. \u00c9 formado em jornalismo pela Universidade Presbiteriana Mackenzie.","url":"https:\/\/www.suno.com.br\/noticias\/author\/juliano\/"}]}},"default_loop_html":"<div class=\"cardsPage__listCard__boxs\"><div class=\"cardsPage__listCard__boxs__img\"><a href=\"https:\/\/www.suno.com.br\/noticias\/rede-d-or-sao-luiz-adquire-100-clinica-sao-lucas\/\"><img class=\"mask\" src=\"https:\/\/www.suno.com.br\/noticias\/wp-content\/themes\/suno\/resources\/images\/spotlight\/spotlight1img\/bg-mask.png\" alt=\"Image Mask\"\/><img src=\"https:\/\/files.sunoresearch.com.br\/n\/uploads\/2019\/12\/c5244feb-rede-dor-400x200.webp\" alt=\"Rede D\u2019Or S\u00e3o Luiz compra Cl\u00ednica S\u00e3o Lucas por R$ 67,2 milh\u00f5es\"\/><\/a><span class=\"spotlightCategory\"><a href=\"https:\/\/www.suno.com.br\/noticias\/negocios\/\">Neg\u00f3cios<\/a><\/span><\/div><div class=\"cardsPage__listCard__boxs__content\"><a href=\"https:\/\/www.suno.com.br\/noticias\/rede-d-or-sao-luiz-adquire-100-clinica-sao-lucas\/\"><h2 class=\"content__title\">Rede D\u2019Or S\u00e3o Luiz compra Cl\u00ednica S\u00e3o Lucas por R$ 67,2 milh\u00f5es<\/h2><\/a><div class=\"newsContent__article__meta\"><div class=\"newsContent__article__meta__authorBox\"><a href=\"https:\/\/www.suno.com.br\/noticias\/author\/juliano\/\" class=\"authorBox__avatar noMobi\"><img src=\"https:\/\/files.sunoresearch.com.br\/n\/uploads\/2019\/06\/7cc3efea-whatsapp-image-2019-07-18-at-21.59.33-e1563499821209-150x150.webp\" alt=\"Juliano Passaro\"><\/a><div class=\"authorBox__name\"><span>por\n\t\t\t<a href=\"https:\/\/www.suno.com.br\/noticias\/author\/juliano\/\"><span itemprop=\"author\">Juliano Passaro<\/span><\/a><\/span><time datetime=\"2020-10-19T08:40:53-03:00\" itemprop=\"datePublished\">19\/10\/2020 08:40<\/time><\/div><\/div><\/div><\/div><\/div>","single_layout":"posts","amp_enabled":true,"_links":{"self":[{"href":"https:\/\/www.suno.com.br\/noticias\/wp-json\/wp\/v2\/posts\/92396"}],"collection":[{"href":"https:\/\/www.suno.com.br\/noticias\/wp-json\/wp\/v2\/posts"}],"about":[{"href":"https:\/\/www.suno.com.br\/noticias\/wp-json\/wp\/v2\/types\/post"}],"author":[{"embeddable":true,"href":"https:\/\/www.suno.com.br\/noticias\/wp-json\/wp\/v2\/users\/19"}],"replies":[{"embeddable":true,"href":"https:\/\/www.suno.com.br\/noticias\/wp-json\/wp\/v2\/comments?post=92396"}],"version-history":[{"count":0,"href":"https:\/\/www.suno.com.br\/noticias\/wp-json\/wp\/v2\/posts\/92396\/revisions"}],"wp:featuredmedia":[{"embeddable":true,"href":"https:\/\/www.suno.com.br\/noticias\/wp-json\/wp\/v2\/media\/47137"}],"wp:attachment":[{"href":"https:\/\/www.suno.com.br\/noticias\/wp-json\/wp\/v2\/media?parent=92396"}],"wp:term":[{"taxonomy":"category","embeddable":true,"href":"https:\/\/www.suno.com.br\/noticias\/wp-json\/wp\/v2\/categories?post=92396"},{"taxonomy":"post_tag","embeddable":true,"href":"https:\/\/www.suno.com.br\/noticias\/wp-json\/wp\/v2\/tags?post=92396"},{"taxonomy":"suno_strategy","embeddable":true,"href":"https:\/\/www.suno.com.br\/noticias\/wp-json\/wp\/v2\/suno_strategy?post=92396"}],"curies":[{"name":"wp","href":"https:\/\/api.w.org\/{rel}","templated":true}]}}