{"id":92345,"date":"2020-10-18T11:22:41","date_gmt":"2020-10-18T14:22:41","guid":{"rendered":"https:\/\/www.suno.com.br\/noticias\/?p=92345"},"modified":"2021-06-21T05:27:26","modified_gmt":"2021-06-21T08:27:26","slug":"brasil-mexico-rating-rebaixado-sp","status":"publish","type":"post","link":"https:\/\/www.suno.com.br\/noticias\/brasil-mexico-rating-rebaixado-sp\/","title":{"rendered":"Brasil, M\u00e9xico e Col\u00f4mbia poderiam ter rating rebaixado, alerta S&#038;P"},"content":{"rendered":"<p>O Brasil, junto com o M\u00e9xico e a Col\u00f4mbia, <a href=\"https:\/\/www.suno.com.br\/artigos\/rating\/\">poderia ter sua nota de cr\u00e9dito <strong>(rating)<\/strong><\/a> sobre a d\u00edvida soberana cortado por causa do impacto fiscal do coronav\u00edrus (covid-19).<\/p>\t<div class=\"wrapper-featured-image\">\n\t\t<figure class=\"spotlightImg\">\n\n\t\t\t<picture>\n\t\t\t\t<source media=\"(max-width: 768px)\" srcset=\"https:\/\/files.sunoresearch.com.br\/n\/uploads\/2019\/12\/a5a8b51e-sp-400x200.webp\">\n\t\t\t\t<img loading=\"lazy\" decoding=\"async\" class=\"newsContent__article__imgCapa lazyloadDisabled \" src=\"https:\/\/files.sunoresearch.com.br\/n\/uploads\/2019\/12\/a5a8b51e-sp-800x450.webp\" width=\"800\" height=\"450\" alt=\"Brasil, M\u00e9xico e Col\u00f4mbia poderiam ter rating rebaixado, alerta S&#038;P\" fetchpriority=high \/>\n\t\t\t<\/picture>\n\n\t\t\t<figcaption class=\"wp-caption-text wp-caption-text--show\">Brasil, M\u00e9xico e Col\u00f4mbia poderiam ter rating rebaixado, alerta S&amp;P <\/figcaption>\n\t\t<\/figure>\n\t<\/div>\n\n\n<div class=\"hubspot-form-wrapper\">\n\t<div id=\"single-form-target\"><\/div>\n<\/div>\n\n<p>O alerta sobre o risco de rebaixamento do rating brasileiro foi lan\u00e7ado pela <a href=\"https:\/\/www.suno.com.br\/artigos\/agencias-de-rating\/\">ag\u00eancia de classifica\u00e7\u00e3o de riscos<\/a>\u00a0Standard &amp; Poor&#8217;s (S&amp;P Global).<\/p>\n<p>O diretor-gerente da <strong>S&amp;P,<\/strong> Roberto Sifon-Arevalo, declarou \u00e0 Reuters que os custos gigantescos que os pa\u00edses devem arcar para manter seus sistemas de sa\u00fade, ajudar empresas em dificuldades e auxiliar trabalhadores afetados pelas consequ\u00eancias da pandemia est\u00e3o provocando altera\u00e7\u00f5es profundas e muito negativas sobre as finan\u00e7as de alguns pa\u00edses do mundo.<\/p>\n<p><a href=\"https:\/\/lp.suno.com.br\/suno-one\/\">No Suno One voc\u00ea aprende a fazer seu dinheiro trabalhar para voc\u00ea. Cadastre-se gratuitamente agora!<\/a><\/p>\n<p>Por isso, nos pr\u00f3ximos meses muitas economias, at\u00e9 mesmo as maiores do planeta, poderiam ter o rating de cr\u00e9dito cortado ou colocado sob advert\u00eancia de rebaixamento. Isso especialmente caso ocorra uma segunda onda global de coronav\u00edrus.<\/p>\n<p>Na Am\u00e9rica Latina, al\u00e9m de M\u00e9xico e Brasil a Col\u00f4mbia est\u00e1 sob press\u00e3o. Atualmente Bogot\u00e1 est\u00e1 no \u00faltimo degrau do grau de investimento segundo a S&amp;P Global, e tem um alerta de que pode ser reduzida \u00e0 classifica\u00e7\u00e3o de calote <strong>(<a href=\"https:\/\/www.suno.com.br\/artigos\/junk-bonds\/\">junk<\/a>).<\/strong><\/p>\n<p>Em 2020 a S&amp;P Global j\u00e1 rebaixou o rating ou aplicou uma revis\u00e3o das perspectivas para cerca de 60 pa\u00edses. Entretanto, apenas poucas eram na\u00e7\u00f5es mais ricas que j\u00e1 tinham classifica\u00e7\u00f5es mais altas.<\/p>\n<p>Alguns desses pa\u00edses acumularam nesse ano um aumento entre 15 e 20 pontos de <a href=\"https:\/\/www.suno.com.br\/artigos\/divida-publica\/\"><strong>d\u00edvida p\u00fablica<\/strong><\/a> sobre o <a href=\"https:\/\/www.suno.com.br\/artigos\/pib-produto-interno-bruto\/\"><strong>Produto Interno Bruto (PIB)<\/strong><\/a>. Porcentagens que, em condi\u00e7\u00f5es normais, levariam quatro ou cinco anos para serem acumulados.<\/p>\n<p>Al\u00e9m disso, nos pr\u00f3ximos 3-5 anos, j\u00e1 est\u00e3o previstos gastos muito elevados por causa dos efeitos da pandemia. Um conjunto de fatores que poderia provocar uma mudan\u00e7a na avalia\u00e7\u00e3o da ag\u00eancia de classifica\u00e7\u00e3o de risco.<\/p>\n<p>\u201cVoc\u00ea est\u00e1 falando sobre ratings na <strong><a href=\"https:\/\/www.suno.com.br\/artigos\/uniao-europeia\/\">Uni\u00e3o Europeia<\/a>,<\/strong> ou em pa\u00edses altamente desenvolvidos, como o Jap\u00e3o ou o Reino Unido, ou nesta parte do mundo, nos Estados Unidos, que foram capazes de implementar pacotes fiscais e monet\u00e1rios bastante massivos para se defender\u201d, declarou Sifon-Arevalo.<\/p>\n\t<div data-element=\"shortcode-read-more\" class=\"knowMore\">\n\t\t\t\t<span class=\"knowMore__title\">Veja Tamb\u00e9m<\/span>\n\t\t\t\t<a class=\"knowMore__link\" href=\"https:\/\/www.suno.com.br\/noticias\/moodys-sinaliza-revisar-rating-se-brasil-abandonar-teto-de-gastos-em-2021\/\">\n\t\t\tMoody&#039;s sinaliza revisar rating se Brasil abandonar teto de gastos em 2021\t\t<\/a>\n\t<\/div>\n\n\n<p>Cerca de 31 pa\u00edses est\u00e3o atualmente em \u201cperspectiva negativa\u201d por parte da S&amp;P Global, que est\u00e1 reavaliando seus ratings. Isso representa cerca de um quarto de todas as na\u00e7\u00f5es avaliadas pela ag\u00eancia de classifica\u00e7\u00e3o de risco, que, na maioria das vezes, acaba convertendo essas revis\u00f5es em rebaixamentos.<\/p>\n<h2>Fitch e Moody&#8217;s tamb\u00e9m revisaram rating<\/h2>\n<p>Al\u00e9m da S&amp;P Global, tamb\u00e9m outras ag\u00eancias de classifica\u00e7\u00e3o de risco alertaram nos \u00faltimos meses sobre a possibilidade de corte no rating do Brasil.<\/p>\n<p>A vice-presidente e analista s\u00eanior do rating do Brasil na <strong>Moody&#8217;s<\/strong>, Samar Maziad, sinalizou na semana passada que a nota de cr\u00e9dito do Pa\u00eds pode mudar se n\u00e3o houver uma manuten\u00e7\u00e3o do <strong>teto de gastos<\/strong> no pr\u00f3ximo ano.<\/p>\n<p>Segundo Maziad, o rating do Brasil \u00e9 &#8220;<strong><a href=\"https:\/\/www.suno.com.br\/artigos\/grau-de-investimento\/\">Ba2<\/a><\/strong>&#8220;, com perspectiva est\u00e1vel, conforme a revis\u00e3o realizada em maio, que &#8220;incorpora a deteriora\u00e7\u00e3o [econ\u00f4mica] deste ano, mas tamb\u00e9m considerada a retomada da consolida\u00e7\u00e3o fiscal no ano que vem. Se o apoio a reformas diminuir, haver\u00e1 impacto negativo em nosso cen\u00e1rio&#8221;.<\/p>\n\t<div data-element=\"shortcode-read-more\" class=\"knowMore\">\n\t\t\t\t<span class=\"knowMore__title\">Veja Tamb\u00e9m<\/span>\n\t\t\t\t<a class=\"knowMore__link\" href=\"https:\/\/www.suno.com.br\/noticias\/america-latina-ratings-rebaixados-fitch\/\">\n\t\t\tAm\u00e9rica Latina tem ratings rebaixados com coronav\u00edrus, diz Fitch\t\t<\/a>\n\t<\/div>\n\n\n<p>Na an\u00e1lise da ag\u00eancia, uma flexibiliza\u00e7\u00e3o ou abandono do teto de gastos pode iniciar um processo de revis\u00e3o da nota de cr\u00e9dito. &#8220;O teto \u00e9 a principal \u00e2ncora fiscal [do Brasil] e um ponto chave para a expectativa do <strong>investidores<\/strong> sobre o rumo do <strong>endividamento<\/strong> e <strong>crescimento<\/strong> do peso da <strong>d\u00edvida<\/strong>&#8220;.<\/p>\n<p>Por sua vez, a Fitch Ratings informou em julho que poderia rever o <strong>rating<\/strong> dos pa\u00edses da Am\u00e9rica Latina, inclusive do Brasil, por causa dos efeitos da pandemia do novo coronav\u00edrus.<\/p>\n\t<p>\n\t\t<a href=\"https:\/\/lp.suno.com.br\/planilha-de-controle-de-investimentos\/\" target=\"_blank\" data-element=\"shortcode-suno-banner\" title=\"Banner SUNO, clique e saiba mais\">\n\t\t\t<picture>\n\t\t\t\t<source media=\"(max-width: 500px)\" srcset=\"https:\/\/files.sunoresearch.com.br\/n\/uploads\/2023\/03\/400x300-Controle-de-Investimentos.png\">\n\t\t\t\t<img class=\"newsContent__article__imgCapa newsContent__article__imgCapa--banner\"\n\t\t\t\t\tsrc=\"https:\/\/files.sunoresearch.com.br\/n\/uploads\/2023\/03\/1420x240-Controle-de-Investimentos.png\"\n\t\t\t\t\tdata-promo-id=\"75934\"\t\t\t\t\t\t\t\t\t\twidth='1420' height='240'\t\t\t\t\talt=\"https:\/\/files.sunoresearch.com.br\/n\/uploads\/2023\/03\/1420x240-Controle-de-Investimentos.png\"\n\t\t\t\t>\n\t\t\t<\/picture>\n\t\t<\/a>\n\t<\/p>\n\n\n","protected":false},"excerpt":{"rendered":"<p>O Brasil, junto com o M\u00e9xico e a Col\u00f4mbia, poderia ter sua nota de cr\u00e9dito (rating) sobre a d\u00edvida soberana cortado por causa do impacto fiscal do coronav\u00edrus (covid-19). Brasil, M\u00e9xico e Col\u00f4mbia poderiam ter rating rebaixado, alerta S&amp;P O alerta sobre o risco de rebaixamento do rating brasileiro foi lan\u00e7ado pela ag\u00eancia de classifica\u00e7\u00e3o [&hellip;]<\/p>\n","protected":false},"author":9,"featured_media":47661,"comment_status":"closed","ping_status":"closed","sticky":false,"template":"","format":"standard","meta":[],"categories":[62],"tags":[1034,2487,2337],"suno_strategy":[],"class_list":["post-92345","post","type-post","status-publish","format-standard","has-post-thumbnail","hentry","category-economia","tag-classificacao-de-risco-rating","tag-coronavirus","tag-standard-poors-sp"],"yoast_head":"<!-- This site is optimized with the Yoast SEO plugin v24.4 - https:\/\/yoast.com\/wordpress\/plugins\/seo\/ -->\n<title>Brasil, M\u00e9xico e Col\u00f4mbia poderiam ter rating rebaixado, alerta S&amp;P<\/title>\n<meta name=\"description\" content=\"Segundo a S&amp;P Global o Brasil poderia ter seu rating rebaixado por causa das despesas geradas pelo coronav\u00edrus. Clique aqui para saber mais.\" \/>\n<meta name=\"robots\" content=\"index, follow, max-snippet:-1, max-image-preview:large, max-video-preview:-1\" \/>\n<link rel=\"canonical\" href=\"https:\/\/www.suno.com.br\/noticias\/brasil-mexico-rating-rebaixado-sp\/\" \/>\n<meta property=\"og:locale\" content=\"pt_BR\" \/>\n<meta property=\"og:type\" content=\"article\" \/>\n<meta property=\"og:title\" content=\"Brasil, M\u00e9xico e Col\u00f4mbia poderiam ter rating rebaixado, alerta S&amp;P\" \/>\n<meta property=\"og:description\" content=\"Segundo a S&amp;P Global o Brasil poderia ter seu rating rebaixado por causa das despesas geradas pelo coronav\u00edrus. Clique aqui para saber mais.\" \/>\n<meta property=\"og:url\" content=\"https:\/\/www.suno.com.br\/noticias\/brasil-mexico-rating-rebaixado-sp\/\" \/>\n<meta property=\"og:site_name\" content=\"Suno Not\u00edcias\" \/>\n<meta property=\"article:publisher\" content=\"https:\/\/facebook.com\/sunoresearch\" \/>\n<meta property=\"og:image\" content=\"https:\/\/files.sunoresearch.com.br\/n\/uploads\/2019\/12\/a5a8b51e-sp.jpeg\" \/>\n\t<meta property=\"og:image:width\" content=\"1021\" \/>\n\t<meta property=\"og:image:height\" content=\"600\" \/>\n\t<meta property=\"og:image:type\" content=\"image\/jpeg\" \/>\n<meta name=\"author\" content=\"Carlo Cauti\" \/>\n<meta name=\"twitter:card\" content=\"summary_large_image\" \/>\n<meta name=\"twitter:creator\" content=\"@sunoresearch\" \/>\n<meta name=\"twitter:site\" content=\"@sunoresearch\" \/>\n<meta name=\"twitter:label1\" content=\"Escrito por\" \/>\n\t<meta name=\"twitter:data1\" content=\"Carlo Cauti\" \/>\n\t<meta name=\"twitter:label2\" content=\"Est. tempo de leitura\" \/>\n\t<meta name=\"twitter:data2\" content=\"3 minutos\" \/>\n<script type=\"application\/ld+json\" class=\"yoast-schema-graph\">{\"@context\":\"https:\/\/schema.org\",\"@graph\":[{\"@type\":\"NewsArticle\",\"@id\":\"https:\/\/www.suno.com.br\/noticias\/brasil-mexico-rating-rebaixado-sp\/#article\",\"isPartOf\":{\"@id\":\"https:\/\/www.suno.com.br\/noticias\/brasil-mexico-rating-rebaixado-sp\/\"},\"author\":{\"name\":\"Carlo Cauti\",\"@id\":\"https:\/\/www.suno.com.br\/noticias\/#\/schema\/person\/e6e0f723cc177805027f4566c1d5e0c8\"},\"headline\":\"Brasil, M\u00e9xico e Col\u00f4mbia poderiam ter rating rebaixado, alerta S&#038;P\",\"datePublished\":\"2020-10-18T14:22:41+00:00\",\"dateModified\":\"2021-06-21T08:27:26+00:00\",\"mainEntityOfPage\":{\"@id\":\"https:\/\/www.suno.com.br\/noticias\/brasil-mexico-rating-rebaixado-sp\/\"},\"wordCount\":715,\"publisher\":{\"@id\":\"https:\/\/www.suno.com.br\/noticias\/#organization\"},\"image\":{\"@id\":\"https:\/\/www.suno.com.br\/noticias\/brasil-mexico-rating-rebaixado-sp\/#primaryimage\"},\"thumbnailUrl\":\"https:\/\/files.sunoresearch.com.br\/n\/uploads\/2019\/12\/a5a8b51e-sp-jpeg.webp\",\"keywords\":[\"Classifica\u00e7\u00e3o de Risco (Rating)\",\"coronav\u00edrus\",\"Standard &amp; Poor's (S&amp;P)\"],\"articleSection\":[\"Economia\"],\"inLanguage\":\"pt-BR\"},{\"@type\":\"WebPage\",\"@id\":\"https:\/\/www.suno.com.br\/noticias\/brasil-mexico-rating-rebaixado-sp\/\",\"url\":\"https:\/\/www.suno.com.br\/noticias\/brasil-mexico-rating-rebaixado-sp\/\",\"name\":\"Brasil, M\u00e9xico e Col\u00f4mbia poderiam ter rating rebaixado, alerta S&P\",\"isPartOf\":{\"@id\":\"https:\/\/www.suno.com.br\/noticias\/#website\"},\"primaryImageOfPage\":{\"@id\":\"https:\/\/www.suno.com.br\/noticias\/brasil-mexico-rating-rebaixado-sp\/#primaryimage\"},\"image\":{\"@id\":\"https:\/\/www.suno.com.br\/noticias\/brasil-mexico-rating-rebaixado-sp\/#primaryimage\"},\"thumbnailUrl\":\"https:\/\/files.sunoresearch.com.br\/n\/uploads\/2019\/12\/a5a8b51e-sp-jpeg.webp\",\"datePublished\":\"2020-10-18T14:22:41+00:00\",\"dateModified\":\"2021-06-21T08:27:26+00:00\",\"description\":\"Segundo a S&P Global o Brasil poderia ter seu rating rebaixado por causa das despesas geradas pelo coronav\u00edrus. Clique aqui para saber mais.\",\"breadcrumb\":{\"@id\":\"https:\/\/www.suno.com.br\/noticias\/brasil-mexico-rating-rebaixado-sp\/#breadcrumb\"},\"inLanguage\":\"pt-BR\",\"potentialAction\":[{\"@type\":\"ReadAction\",\"target\":[\"https:\/\/www.suno.com.br\/noticias\/brasil-mexico-rating-rebaixado-sp\/\"]}]},{\"@type\":\"ImageObject\",\"inLanguage\":\"pt-BR\",\"@id\":\"https:\/\/www.suno.com.br\/noticias\/brasil-mexico-rating-rebaixado-sp\/#primaryimage\",\"url\":\"https:\/\/files.sunoresearch.com.br\/n\/uploads\/2019\/12\/a5a8b51e-sp-jpeg.webp\",\"contentUrl\":\"https:\/\/files.sunoresearch.com.br\/n\/uploads\/2019\/12\/a5a8b51e-sp-jpeg.webp\",\"width\":1021,\"height\":600,\"caption\":\"Brasil, M\u00e9xico e Col\u00f4mbia poderiam ter rating rebaixado, alerta S&P\"},{\"@type\":\"BreadcrumbList\",\"@id\":\"https:\/\/www.suno.com.br\/noticias\/brasil-mexico-rating-rebaixado-sp\/#breadcrumb\",\"itemListElement\":[{\"@type\":\"ListItem\",\"position\":1,\"name\":\"Not\u00edcias\",\"item\":\"https:\/\/www.suno.com.br\/noticias\/\"},{\"@type\":\"ListItem\",\"position\":2,\"name\":\"Economia\",\"item\":\"https:\/\/www.suno.com.br\/noticias\/economia\/\"},{\"@type\":\"ListItem\",\"position\":3,\"name\":\"Brasil, M\u00e9xico e Col\u00f4mbia poderiam ter rating rebaixado, alerta S&#038;P\"}]},{\"@type\":\"WebSite\",\"@id\":\"https:\/\/www.suno.com.br\/noticias\/#website\",\"url\":\"https:\/\/www.suno.com.br\/noticias\/\",\"name\":\"Suno Not\u00edcias\",\"description\":\"Seu portal de informa\u00e7\u00e3o sobre o mundo dos investimentos\",\"publisher\":{\"@id\":\"https:\/\/www.suno.com.br\/noticias\/#organization\"},\"potentialAction\":[{\"@type\":\"SearchAction\",\"target\":{\"@type\":\"EntryPoint\",\"urlTemplate\":\"https:\/\/www.suno.com.br\/noticias\/?s={search_term_string}\"},\"query-input\":{\"@type\":\"PropertyValueSpecification\",\"valueRequired\":true,\"valueName\":\"search_term_string\"}}],\"inLanguage\":\"pt-BR\"},{\"@type\":\"Organization\",\"@id\":\"https:\/\/www.suno.com.br\/noticias\/#organization\",\"name\":\"Suno Not\u00edcias\",\"url\":\"https:\/\/www.suno.com.br\/noticias\/\",\"logo\":{\"@type\":\"ImageObject\",\"inLanguage\":\"pt-BR\",\"@id\":\"https:\/\/www.suno.com.br\/noticias\/#\/schema\/logo\/image\/\",\"url\":\"https:\/\/files.sunoresearch.com.br\/n\/uploads\/2021\/09\/suno-logo.png\",\"contentUrl\":\"https:\/\/files.sunoresearch.com.br\/n\/uploads\/2021\/09\/suno-logo.png\",\"width\":180,\"height\":180,\"caption\":\"Suno Not\u00edcias\"},\"image\":{\"@id\":\"https:\/\/www.suno.com.br\/noticias\/#\/schema\/logo\/image\/\"},\"sameAs\":[\"https:\/\/facebook.com\/sunoresearch\",\"https:\/\/x.com\/sunoresearch\",\"https:\/\/www.instagram.com\/suno\",\"https:\/\/www.linkedin.com\/company\/suno-research\/\",\"https:\/\/www.youtube.com\/c\/sunoresearch\"]},{\"@type\":\"Person\",\"@id\":\"https:\/\/www.suno.com.br\/noticias\/#\/schema\/person\/e6e0f723cc177805027f4566c1d5e0c8\",\"name\":\"Carlo Cauti\",\"image\":{\"@type\":\"ImageObject\",\"inLanguage\":\"pt-BR\",\"@id\":\"https:\/\/www.suno.com.br\/noticias\/#\/schema\/person\/image\/\",\"url\":\"https:\/\/secure.gravatar.com\/avatar\/3ada9e0bd164c23abd4792a9606d583c?s=96&r=g\",\"contentUrl\":\"https:\/\/secure.gravatar.com\/avatar\/3ada9e0bd164c23abd4792a9606d583c?s=96&r=g\",\"caption\":\"Carlo Cauti\"},\"description\":\"Editor multim\u00eddia do SUNO Not\u00edcias. Italiano, formado em Ci\u00eancias Pol\u00edticas pela universidade LUISS G. Carli de Roma e mestre cum laude em Rela\u00e7\u00f5es Internacionais, Jornalismo Internacional e de Guerra e em Economia Internacional. Concluiu tamb\u00e9m um MBA em Finan\u00e7as na B3. No Brasil, teve passagem por ve\u00edculos como Estad\u00e3o, Globo, Veja e EXAME. e nas ag\u00eancias de not\u00edcias italianas ANSA e NOVA.\",\"url\":\"https:\/\/www.suno.com.br\/noticias\/author\/carlo-cauti\/\"}]}<\/script>\n<!-- \/ Yoast SEO plugin. -->","yoast_head_json":{"title":"Brasil, M\u00e9xico e Col\u00f4mbia poderiam ter rating rebaixado, alerta S&P","description":"Segundo a S&P Global o Brasil poderia ter seu rating rebaixado por causa das despesas geradas pelo coronav\u00edrus. Clique aqui para saber mais.","robots":{"index":"index","follow":"follow","max-snippet":"max-snippet:-1","max-image-preview":"max-image-preview:large","max-video-preview":"max-video-preview:-1"},"canonical":"https:\/\/www.suno.com.br\/noticias\/brasil-mexico-rating-rebaixado-sp\/","og_locale":"pt_BR","og_type":"article","og_title":"Brasil, M\u00e9xico e Col\u00f4mbia poderiam ter rating rebaixado, alerta S&P","og_description":"Segundo a S&P Global o Brasil poderia ter seu rating rebaixado por causa das despesas geradas pelo coronav\u00edrus. Clique aqui para saber mais.","og_url":"https:\/\/www.suno.com.br\/noticias\/brasil-mexico-rating-rebaixado-sp\/","og_site_name":"Suno Not\u00edcias","article_publisher":"https:\/\/facebook.com\/sunoresearch","og_image":[{"width":1021,"height":600,"url":"https:\/\/files.sunoresearch.com.br\/n\/uploads\/2019\/12\/a5a8b51e-sp.jpeg","type":"image\/jpeg"}],"author":"Carlo Cauti","twitter_card":"summary_large_image","twitter_creator":"@sunoresearch","twitter_site":"@sunoresearch","twitter_misc":{"Escrito por":"Carlo Cauti","Est. tempo de leitura":"3 minutos"},"schema":{"@context":"https:\/\/schema.org","@graph":[{"@type":"NewsArticle","@id":"https:\/\/www.suno.com.br\/noticias\/brasil-mexico-rating-rebaixado-sp\/#article","isPartOf":{"@id":"https:\/\/www.suno.com.br\/noticias\/brasil-mexico-rating-rebaixado-sp\/"},"author":{"name":"Carlo Cauti","@id":"https:\/\/www.suno.com.br\/noticias\/#\/schema\/person\/e6e0f723cc177805027f4566c1d5e0c8"},"headline":"Brasil, M\u00e9xico e Col\u00f4mbia poderiam ter rating rebaixado, alerta S&#038;P","datePublished":"2020-10-18T14:22:41+00:00","dateModified":"2021-06-21T08:27:26+00:00","mainEntityOfPage":{"@id":"https:\/\/www.suno.com.br\/noticias\/brasil-mexico-rating-rebaixado-sp\/"},"wordCount":715,"publisher":{"@id":"https:\/\/www.suno.com.br\/noticias\/#organization"},"image":{"@id":"https:\/\/www.suno.com.br\/noticias\/brasil-mexico-rating-rebaixado-sp\/#primaryimage"},"thumbnailUrl":"https:\/\/files.sunoresearch.com.br\/n\/uploads\/2019\/12\/a5a8b51e-sp-jpeg.webp","keywords":["Classifica\u00e7\u00e3o de Risco (Rating)","coronav\u00edrus","Standard &amp; Poor's (S&amp;P)"],"articleSection":["Economia"],"inLanguage":"pt-BR"},{"@type":"WebPage","@id":"https:\/\/www.suno.com.br\/noticias\/brasil-mexico-rating-rebaixado-sp\/","url":"https:\/\/www.suno.com.br\/noticias\/brasil-mexico-rating-rebaixado-sp\/","name":"Brasil, M\u00e9xico e Col\u00f4mbia poderiam ter rating rebaixado, alerta S&P","isPartOf":{"@id":"https:\/\/www.suno.com.br\/noticias\/#website"},"primaryImageOfPage":{"@id":"https:\/\/www.suno.com.br\/noticias\/brasil-mexico-rating-rebaixado-sp\/#primaryimage"},"image":{"@id":"https:\/\/www.suno.com.br\/noticias\/brasil-mexico-rating-rebaixado-sp\/#primaryimage"},"thumbnailUrl":"https:\/\/files.sunoresearch.com.br\/n\/uploads\/2019\/12\/a5a8b51e-sp-jpeg.webp","datePublished":"2020-10-18T14:22:41+00:00","dateModified":"2021-06-21T08:27:26+00:00","description":"Segundo a S&P Global o Brasil poderia ter seu rating rebaixado por causa das despesas geradas pelo coronav\u00edrus. Clique aqui para saber mais.","breadcrumb":{"@id":"https:\/\/www.suno.com.br\/noticias\/brasil-mexico-rating-rebaixado-sp\/#breadcrumb"},"inLanguage":"pt-BR","potentialAction":[{"@type":"ReadAction","target":["https:\/\/www.suno.com.br\/noticias\/brasil-mexico-rating-rebaixado-sp\/"]}]},{"@type":"ImageObject","inLanguage":"pt-BR","@id":"https:\/\/www.suno.com.br\/noticias\/brasil-mexico-rating-rebaixado-sp\/#primaryimage","url":"https:\/\/files.sunoresearch.com.br\/n\/uploads\/2019\/12\/a5a8b51e-sp-jpeg.webp","contentUrl":"https:\/\/files.sunoresearch.com.br\/n\/uploads\/2019\/12\/a5a8b51e-sp-jpeg.webp","width":1021,"height":600,"caption":"Brasil, M\u00e9xico e Col\u00f4mbia poderiam ter rating rebaixado, alerta S&P"},{"@type":"BreadcrumbList","@id":"https:\/\/www.suno.com.br\/noticias\/brasil-mexico-rating-rebaixado-sp\/#breadcrumb","itemListElement":[{"@type":"ListItem","position":1,"name":"Not\u00edcias","item":"https:\/\/www.suno.com.br\/noticias\/"},{"@type":"ListItem","position":2,"name":"Economia","item":"https:\/\/www.suno.com.br\/noticias\/economia\/"},{"@type":"ListItem","position":3,"name":"Brasil, M\u00e9xico e Col\u00f4mbia poderiam ter rating rebaixado, alerta S&#038;P"}]},{"@type":"WebSite","@id":"https:\/\/www.suno.com.br\/noticias\/#website","url":"https:\/\/www.suno.com.br\/noticias\/","name":"Suno Not\u00edcias","description":"Seu portal de informa\u00e7\u00e3o sobre o mundo dos investimentos","publisher":{"@id":"https:\/\/www.suno.com.br\/noticias\/#organization"},"potentialAction":[{"@type":"SearchAction","target":{"@type":"EntryPoint","urlTemplate":"https:\/\/www.suno.com.br\/noticias\/?s={search_term_string}"},"query-input":{"@type":"PropertyValueSpecification","valueRequired":true,"valueName":"search_term_string"}}],"inLanguage":"pt-BR"},{"@type":"Organization","@id":"https:\/\/www.suno.com.br\/noticias\/#organization","name":"Suno Not\u00edcias","url":"https:\/\/www.suno.com.br\/noticias\/","logo":{"@type":"ImageObject","inLanguage":"pt-BR","@id":"https:\/\/www.suno.com.br\/noticias\/#\/schema\/logo\/image\/","url":"https:\/\/files.sunoresearch.com.br\/n\/uploads\/2021\/09\/suno-logo.png","contentUrl":"https:\/\/files.sunoresearch.com.br\/n\/uploads\/2021\/09\/suno-logo.png","width":180,"height":180,"caption":"Suno Not\u00edcias"},"image":{"@id":"https:\/\/www.suno.com.br\/noticias\/#\/schema\/logo\/image\/"},"sameAs":["https:\/\/facebook.com\/sunoresearch","https:\/\/x.com\/sunoresearch","https:\/\/www.instagram.com\/suno","https:\/\/www.linkedin.com\/company\/suno-research\/","https:\/\/www.youtube.com\/c\/sunoresearch"]},{"@type":"Person","@id":"https:\/\/www.suno.com.br\/noticias\/#\/schema\/person\/e6e0f723cc177805027f4566c1d5e0c8","name":"Carlo Cauti","image":{"@type":"ImageObject","inLanguage":"pt-BR","@id":"https:\/\/www.suno.com.br\/noticias\/#\/schema\/person\/image\/","url":"https:\/\/secure.gravatar.com\/avatar\/3ada9e0bd164c23abd4792a9606d583c?s=96&r=g","contentUrl":"https:\/\/secure.gravatar.com\/avatar\/3ada9e0bd164c23abd4792a9606d583c?s=96&r=g","caption":"Carlo Cauti"},"description":"Editor multim\u00eddia do SUNO Not\u00edcias. Italiano, formado em Ci\u00eancias Pol\u00edticas pela universidade LUISS G. Carli de Roma e mestre cum laude em Rela\u00e7\u00f5es Internacionais, Jornalismo Internacional e de Guerra e em Economia Internacional. Concluiu tamb\u00e9m um MBA em Finan\u00e7as na B3. No Brasil, teve passagem por ve\u00edculos como Estad\u00e3o, Globo, Veja e EXAME. e nas ag\u00eancias de not\u00edcias italianas ANSA e NOVA.","url":"https:\/\/www.suno.com.br\/noticias\/author\/carlo-cauti\/"}]}},"default_loop_html":"<div class=\"cardsPage__listCard__boxs\"><div class=\"cardsPage__listCard__boxs__img\"><a href=\"https:\/\/www.suno.com.br\/noticias\/brasil-mexico-rating-rebaixado-sp\/\"><img class=\"mask\" src=\"https:\/\/www.suno.com.br\/noticias\/wp-content\/themes\/suno\/resources\/images\/spotlight\/spotlight1img\/bg-mask.png\" alt=\"Image Mask\"\/><img src=\"https:\/\/files.sunoresearch.com.br\/n\/uploads\/2019\/12\/a5a8b51e-sp-400x200.webp\" alt=\"Brasil, M\u00e9xico e Col\u00f4mbia poderiam ter rating rebaixado, alerta S&#038;P\"\/><\/a><span class=\"spotlightCategory\"><a href=\"https:\/\/www.suno.com.br\/noticias\/economia\/\">Economia<\/a><\/span><\/div><div class=\"cardsPage__listCard__boxs__content\"><a href=\"https:\/\/www.suno.com.br\/noticias\/brasil-mexico-rating-rebaixado-sp\/\"><h2 class=\"content__title\">Brasil, M\u00e9xico e Col\u00f4mbia poderiam ter rating rebaixado, alerta S&#038;P<\/h2><\/a><div class=\"newsContent__article__meta\"><div class=\"newsContent__article__meta__authorBox\"><a href=\"https:\/\/www.suno.com.br\/noticias\/author\/carlo-cauti\/\" class=\"authorBox__avatar noMobi\"><img src=\"https:\/\/files.sunoresearch.com.br\/n\/uploads\/2020\/08\/e3745f9a-perfil-carlo-cauti-150x150.webp\" alt=\"Carlo Cauti\"><\/a><div class=\"authorBox__name\"><span>por\n\t\t\t<a href=\"https:\/\/www.suno.com.br\/noticias\/author\/carlo-cauti\/\"><span itemprop=\"author\">Carlo Cauti<\/span><\/a><\/span><time datetime=\"2020-10-18T11:22:41-03:00\" itemprop=\"datePublished\">18\/10\/2020 11:22<\/time><\/div><\/div><\/div><\/div><\/div>","single_layout":"posts","amp_enabled":true,"_links":{"self":[{"href":"https:\/\/www.suno.com.br\/noticias\/wp-json\/wp\/v2\/posts\/92345"}],"collection":[{"href":"https:\/\/www.suno.com.br\/noticias\/wp-json\/wp\/v2\/posts"}],"about":[{"href":"https:\/\/www.suno.com.br\/noticias\/wp-json\/wp\/v2\/types\/post"}],"author":[{"embeddable":true,"href":"https:\/\/www.suno.com.br\/noticias\/wp-json\/wp\/v2\/users\/9"}],"replies":[{"embeddable":true,"href":"https:\/\/www.suno.com.br\/noticias\/wp-json\/wp\/v2\/comments?post=92345"}],"version-history":[{"count":1,"href":"https:\/\/www.suno.com.br\/noticias\/wp-json\/wp\/v2\/posts\/92345\/revisions"}],"predecessor-version":[{"id":147319,"href":"https:\/\/www.suno.com.br\/noticias\/wp-json\/wp\/v2\/posts\/92345\/revisions\/147319"}],"wp:featuredmedia":[{"embeddable":true,"href":"https:\/\/www.suno.com.br\/noticias\/wp-json\/wp\/v2\/media\/47661"}],"wp:attachment":[{"href":"https:\/\/www.suno.com.br\/noticias\/wp-json\/wp\/v2\/media?parent=92345"}],"wp:term":[{"taxonomy":"category","embeddable":true,"href":"https:\/\/www.suno.com.br\/noticias\/wp-json\/wp\/v2\/categories?post=92345"},{"taxonomy":"post_tag","embeddable":true,"href":"https:\/\/www.suno.com.br\/noticias\/wp-json\/wp\/v2\/tags?post=92345"},{"taxonomy":"suno_strategy","embeddable":true,"href":"https:\/\/www.suno.com.br\/noticias\/wp-json\/wp\/v2\/suno_strategy?post=92345"}],"curies":[{"name":"wp","href":"https:\/\/api.w.org\/{rel}","templated":true}]}}