{"id":92135,"date":"2020-10-18T12:05:18","date_gmt":"2020-10-18T15:05:18","guid":{"rendered":"https:\/\/www.suno.com.br\/noticias\/?p=92135"},"modified":"2021-02-17T22:02:05","modified_gmt":"2021-02-18T01:02:05","slug":"possivel-aumento-imposto-sucessao-planejamento-tributario","status":"publish","type":"post","link":"https:\/\/www.suno.com.br\/noticias\/possivel-aumento-imposto-sucessao-planejamento-tributario\/","title":{"rendered":"Poss\u00edvel aumento de imposto de sucess\u00e3o gera corrida para planejamento tribut\u00e1rio"},"content":{"rendered":"<p>O projeto de lei (PL) 529\/20 enviado em meados de agosto pelo governador do Estado de S\u00e3o Paulo, Jo\u00e3o Doria, para a Assembleia Legislativa do Estado de S\u00e3o Paulo (Alesp), acabou gerando uma corrida para o planejamento tribut\u00e1rio entre os paulistas mais ricos. Isso pois a proposta previa um aumento consider\u00e1vel do <strong>imposto de sucess\u00e3o,<\/strong> o <a href=\"https:\/\/www.suno.com.br\/artigos\/itcmd\/\">Imposto sobre a Transmiss\u00e3o Causa Mortis e Doa\u00e7\u00e3o de Quaisquer Bens ou Direitos (ITCMD)<\/a>.<\/p>\t<div class=\"wrapper-featured-image\">\n\t\t<figure class=\"spotlightImg\">\n\n\t\t\t<picture>\n\t\t\t\t<source media=\"(max-width: 768px)\" srcset=\"https:\/\/files.sunoresearch.com.br\/n\/uploads\/2020\/10\/7d28a900-possivel-aumento-de-imposto-de-sucessao-gera-corrida-para-planejamento-tributario-400x200.webp\">\n\t\t\t\t<img loading=\"lazy\" decoding=\"async\" class=\"newsContent__article__imgCapa lazyloadDisabled \" src=\"https:\/\/files.sunoresearch.com.br\/n\/uploads\/2020\/10\/7d28a900-possivel-aumento-de-imposto-de-sucessao-gera-corrida-para-planejamento-tributario-800x450.webp\" width=\"800\" height=\"450\" alt=\"Poss\u00edvel aumento de imposto de sucess\u00e3o gera corrida para planejamento tribut\u00e1rio\" fetchpriority=high \/>\n\t\t\t<\/picture>\n\n\t\t\t<figcaption class=\"wp-caption-text wp-caption-text--show\">Poss\u00edvel aumento de imposto de sucess\u00e3o gera corrida para planejamento tribut\u00e1rio<\/figcaption>\n\t\t<\/figure>\n\t<\/div>\n\n\n<div class=\"hubspot-form-wrapper\">\n\t<div id=\"single-form-target\"><\/div>\n<\/div>\n\n<p>O megapacote enviado por Doria para tentar ajustar as contas p\u00fablicas estaduais, que se encontram em uma situa\u00e7\u00e3o muito complicada, previa que o imposto de sucess\u00e3o, atualmente em 4% dobraria para 8% em caso de patrim\u00f4nios acima de R$ 2.484.900.<\/p>\n<p>O PL foi aprovado pela <strong>Alesp<\/strong> na \u00faltima semana, mas o trecho que previa o aumento do <strong>ITCMD<\/strong> foi retirado do texto. Isso, todavia, n\u00e3o impediu que uma onda de preocupa\u00e7\u00e3o se instalasse entre os paulistas com patrim\u00f4nios elevados, que seriam o alvo desse aumento de carga tribut\u00e1ria.<\/p>\n<p><a href=\"https:\/\/lp.suno.com.br\/suno-one\/\">Suno One: acesse gratuitamente eBooks, Minicursos, Artigos e Video Aulas sobre investimentos com um \u00fanico cadastro. Clique para saber mais!<\/a><\/p>\n<p>&#8220;O setor do planejamento tribut\u00e1rio se tornou superaquecido. Todo o mundo est\u00e1 correndo para evitar que esse aumento do imposto sobre seus patrim\u00f4nios&#8221;, explicou para o <strong>SUNO Not\u00edcias Fernanda Lains,<\/strong> advogada e s\u00f3cia do escrit\u00f3rio Bueno &amp; Castro Tax Lawyers de S\u00e3o Paulo, especializado em direito tribut\u00e1rio.<\/p>\n<p><img decoding=\"async\" class=\"aligncenter\" src=\"https:\/\/media-exp1.licdn.com\/dms\/image\/C4D03AQEmXLlGPeMJzg\/profile-displayphoto-shrink_200_200\/0?e=1603324800&amp;v=beta&amp;t=vWQrP8nzj9lKQitMsDaW-dMUmBRAa5FE4Npe_9IQmrA\" alt=\"Fernanda Lains - Partner - Bueno &amp; Castro Tax Lawyers | LinkedIn\" \/><\/p>\n<p>Segundo Lains, o aumento do ITCMD pode ter n\u00e3o passado, mas a necessidade urgente de novas receitas por parte do estado de S\u00e3o Paulo levar\u00e1, cedo o tarde, para um aumento da carga tribut\u00e1ria sobre doa\u00e7\u00f5es e sucess\u00f5es.<\/p>\n<p>O megapacote apresentado pelo governo estadual previa uma s\u00e9rie de medidas como redu\u00e7\u00e3o dos gastos do governo, planos de demiss\u00e3o volunt\u00e1ria (PDV), entre outros. &#8220;Todas reformas administrativas. O \u00fanico imposto que foi modificado foi o <a href=\"https:\/\/www.suno.com.br\/artigos\/icms\/#:~:text=O%20ICMS%20%C3%A9%20o%20Imposto,os%20produtos%20comercializados%20no%20Brasil.&amp;text=Por%20ser%20um%20imposto%20estadual,onde%20o%20produto%20ser%C3%A1%20comercializado.\"><strong>Imposto sobre Circula\u00e7\u00e3o de Mercadorias e Servi\u00e7os (ICMS)<\/strong><\/a>. Mas outro foco da reforma, o aumento do imposto de sucess\u00e3o, acabou n\u00e3o sendo aprovado&#8221;, explicou a advogada.<\/p>\n<p>&#8220;Por isso o mercado acredita que teremos mais uma reforma em breve. Dessa vez o aumento do ITCMD s\u00f3 n\u00e3o passou pois o governo estadual pediu a tramita\u00e7\u00e3o em car\u00e1ter de urg\u00eancia, e isso n\u00e3o deu tempo para que pudessem ser fechados acordos entre os deputados estaduais. Mas as contas p\u00fablicas est\u00e3o deterioradas, e \u00e9 necess\u00e1ria alguma forma para encher novamente os cofres estaduais, seja para prestar contas para a popula\u00e7\u00e3o que para fazer frente a pandemia do novo coronav\u00edrus (covid-19)&#8221;, salientou Lains.<\/p>\n<h2>Aumento de imposto de sucess\u00e3o vai afetar opera\u00e7\u00f5es comuns<\/h2>\n<p>Segundo a advogada, uma eventual mudan\u00e7a afetar\u00e1 opera\u00e7\u00f5es muito comuns, como transmiss\u00e3o de propriedades de <a href=\"https:\/\/www.suno.com.br\/artigos\/mercado-imobiliario\/\"><strong>im\u00f3veis<\/strong> <\/a>ou de bens financeiros. Por isso grandes players com elevada disponibilidade financeira estariam exercendo uma forte press\u00e3o sobre o Legislativo paulista.<\/p>\n<p>Mas, segundo a advogada, todo o mundo est\u00e1 ciente que a reforma vai ocorrer, e por isso h\u00e1 uma verdadeira &#8220;corrida para o planejamento patrimonial e sucess\u00f3rio em andamento&#8221;. &#8220;Todos est\u00e3o querendo realizar essas opera\u00e7\u00f5es o mais r\u00e1pido poss\u00edvel, isso pois uma eventual reforma do ITCMD afetar\u00e1 at\u00e9 opera\u00e7\u00f5es realizadas no exterior&#8221;, explicou Lains.<\/p>\n\t<div data-element=\"shortcode-read-more\" class=\"knowMore\">\n\t\t\t\t<span class=\"knowMore__title\">Saiba mais<\/span>\n\t\t\t\t<a class=\"knowMore__link\" href=\"https:\/\/www.suno.com.br\/noticias\/reforma-administrativa-fundamental-sp-doria\/\">\n\t\t\tReforma administrativa \u00e9 fundamental para S\u00e3o Paulo, diz Doria\t\t<\/a>\n\t<\/div>\n\n\n<p>Segundo a advogada a mudan\u00e7a sobre o imposto de sucess\u00e3o poderia ocorrer em 2021. &#8220;Isso pois pelo regimento da <strong>Alesp<\/strong> o governo n\u00e3o pode reapresentar uma proposta no mesmo ano. Mas o ano que vem o problema das contas estaduais estar\u00e1 ainda presente. E a possibilidade de um aumento do <strong>imposto de<\/strong>\u00a0<strong>sucess\u00e3o<\/strong> com certeza voltar\u00e1 na pauta da Assembleia&#8221;, explicou a advogada.<\/p>\n\t<p>\n\t\t<a href=\"https:\/\/lp.suno.com.br\/planilha-de-controle-de-investimentos\/\" target=\"_blank\" data-element=\"shortcode-suno-banner\" title=\"Banner SUNO, clique e saiba mais\">\n\t\t\t<picture>\n\t\t\t\t<source media=\"(max-width: 500px)\" srcset=\"https:\/\/files.sunoresearch.com.br\/n\/uploads\/2023\/03\/400x300-Controle-de-Investimentos.png\">\n\t\t\t\t<img class=\"newsContent__article__imgCapa newsContent__article__imgCapa--banner\"\n\t\t\t\t\tsrc=\"https:\/\/files.sunoresearch.com.br\/n\/uploads\/2023\/03\/1420x240-Controle-de-Investimentos.png\"\n\t\t\t\t\tdata-promo-id=\"75934\"\t\t\t\t\t\t\t\t\t\twidth='1420' height='240'\t\t\t\t\talt=\"https:\/\/files.sunoresearch.com.br\/n\/uploads\/2023\/03\/1420x240-Controle-de-Investimentos.png\"\n\t\t\t\t>\n\t\t\t<\/picture>\n\t\t<\/a>\n\t<\/p>\n\n\n","protected":false},"excerpt":{"rendered":"<p>O projeto de lei (PL) 529\/20 enviado em meados de agosto pelo governador do Estado de S\u00e3o Paulo, Jo\u00e3o Doria, para a Assembleia Legislativa do Estado de S\u00e3o Paulo (Alesp), acabou gerando uma corrida para o planejamento tribut\u00e1rio entre os paulistas mais ricos. Isso pois a proposta previa um aumento consider\u00e1vel do imposto de sucess\u00e3o, [&hellip;]<\/p>\n","protected":false},"author":9,"featured_media":92351,"comment_status":"closed","ping_status":"closed","sticky":false,"template":"","format":"standard","meta":[],"categories":[65],"tags":[704,843],"suno_strategy":[],"class_list":["post-92135","post","type-post","status-publish","format-standard","has-post-thumbnail","hentry","category-financas-pessoais","tag-impostos","tag-sao-paulo"],"yoast_head":"<!-- This site is optimized with the Yoast SEO plugin v24.4 - https:\/\/yoast.com\/wordpress\/plugins\/seo\/ -->\n<title>Poss\u00edvel aumento de ITCMD gera corrida para planejamento tribut\u00e1rio<\/title>\n<meta name=\"description\" content=\"O aumento do imposto de sucess\u00e3o n\u00e3o passou na ALESP, mas gerou uma corrida para planejamento tribut\u00e1rio. Clique aqui para saber mais.\" \/>\n<meta name=\"robots\" content=\"index, follow, max-snippet:-1, max-image-preview:large, max-video-preview:-1\" \/>\n<link rel=\"canonical\" href=\"https:\/\/www.suno.com.br\/noticias\/possivel-aumento-imposto-sucessao-planejamento-tributario\/\" \/>\n<meta property=\"og:locale\" content=\"pt_BR\" \/>\n<meta property=\"og:type\" content=\"article\" \/>\n<meta property=\"og:title\" content=\"Poss\u00edvel aumento de ITCMD gera corrida para planejamento tribut\u00e1rio\" \/>\n<meta property=\"og:description\" content=\"O aumento do imposto de sucess\u00e3o n\u00e3o passou na ALESP, mas gerou uma corrida para planejamento tribut\u00e1rio. Clique aqui para saber mais.\" \/>\n<meta property=\"og:url\" content=\"https:\/\/www.suno.com.br\/noticias\/possivel-aumento-imposto-sucessao-planejamento-tributario\/\" \/>\n<meta property=\"og:site_name\" content=\"Suno Not\u00edcias\" \/>\n<meta property=\"article:publisher\" content=\"https:\/\/facebook.com\/sunoresearch\" \/>\n<meta property=\"og:image\" content=\"https:\/\/files.sunoresearch.com.br\/n\/uploads\/2020\/10\/7d28a900-possivel-aumento-de-imposto-de-sucessao-gera-corrida-para-planejamento-tributario.jpg\" \/>\n\t<meta property=\"og:image:width\" content=\"1024\" \/>\n\t<meta property=\"og:image:height\" content=\"682\" \/>\n\t<meta property=\"og:image:type\" content=\"image\/jpeg\" \/>\n<meta name=\"author\" content=\"Carlo Cauti\" \/>\n<meta name=\"twitter:card\" content=\"summary_large_image\" \/>\n<meta name=\"twitter:creator\" content=\"@sunoresearch\" \/>\n<meta name=\"twitter:site\" content=\"@sunoresearch\" \/>\n<meta name=\"twitter:label1\" content=\"Escrito por\" \/>\n\t<meta name=\"twitter:data1\" content=\"Carlo Cauti\" \/>\n\t<meta name=\"twitter:label2\" content=\"Est. tempo de leitura\" \/>\n\t<meta name=\"twitter:data2\" content=\"3 minutos\" \/>\n<script type=\"application\/ld+json\" class=\"yoast-schema-graph\">{\"@context\":\"https:\/\/schema.org\",\"@graph\":[{\"@type\":\"NewsArticle\",\"@id\":\"https:\/\/www.suno.com.br\/noticias\/possivel-aumento-imposto-sucessao-planejamento-tributario\/#article\",\"isPartOf\":{\"@id\":\"https:\/\/www.suno.com.br\/noticias\/possivel-aumento-imposto-sucessao-planejamento-tributario\/\"},\"author\":{\"name\":\"Carlo Cauti\",\"@id\":\"https:\/\/www.suno.com.br\/noticias\/#\/schema\/person\/e6e0f723cc177805027f4566c1d5e0c8\"},\"headline\":\"Poss\u00edvel aumento de imposto de sucess\u00e3o gera corrida para planejamento tribut\u00e1rio\",\"datePublished\":\"2020-10-18T15:05:18+00:00\",\"dateModified\":\"2021-02-18T01:02:05+00:00\",\"mainEntityOfPage\":{\"@id\":\"https:\/\/www.suno.com.br\/noticias\/possivel-aumento-imposto-sucessao-planejamento-tributario\/\"},\"wordCount\":664,\"publisher\":{\"@id\":\"https:\/\/www.suno.com.br\/noticias\/#organization\"},\"image\":{\"@id\":\"https:\/\/www.suno.com.br\/noticias\/possivel-aumento-imposto-sucessao-planejamento-tributario\/#primaryimage\"},\"thumbnailUrl\":\"https:\/\/files.sunoresearch.com.br\/n\/uploads\/2020\/10\/7d28a900-possivel-aumento-de-imposto-de-sucessao-gera-corrida-para-planejamento-tributario-jpg.webp\",\"keywords\":[\"impostos\",\"S\u00e3o Paulo\"],\"articleSection\":[\"Finan\u00e7as Pessoais\"],\"inLanguage\":\"pt-BR\"},{\"@type\":\"WebPage\",\"@id\":\"https:\/\/www.suno.com.br\/noticias\/possivel-aumento-imposto-sucessao-planejamento-tributario\/\",\"url\":\"https:\/\/www.suno.com.br\/noticias\/possivel-aumento-imposto-sucessao-planejamento-tributario\/\",\"name\":\"Poss\u00edvel aumento de ITCMD gera corrida para planejamento tribut\u00e1rio\",\"isPartOf\":{\"@id\":\"https:\/\/www.suno.com.br\/noticias\/#website\"},\"primaryImageOfPage\":{\"@id\":\"https:\/\/www.suno.com.br\/noticias\/possivel-aumento-imposto-sucessao-planejamento-tributario\/#primaryimage\"},\"image\":{\"@id\":\"https:\/\/www.suno.com.br\/noticias\/possivel-aumento-imposto-sucessao-planejamento-tributario\/#primaryimage\"},\"thumbnailUrl\":\"https:\/\/files.sunoresearch.com.br\/n\/uploads\/2020\/10\/7d28a900-possivel-aumento-de-imposto-de-sucessao-gera-corrida-para-planejamento-tributario-jpg.webp\",\"datePublished\":\"2020-10-18T15:05:18+00:00\",\"dateModified\":\"2021-02-18T01:02:05+00:00\",\"description\":\"O aumento do imposto de sucess\u00e3o n\u00e3o passou na ALESP, mas gerou uma corrida para planejamento tribut\u00e1rio. Clique aqui para saber mais.\",\"breadcrumb\":{\"@id\":\"https:\/\/www.suno.com.br\/noticias\/possivel-aumento-imposto-sucessao-planejamento-tributario\/#breadcrumb\"},\"inLanguage\":\"pt-BR\",\"potentialAction\":[{\"@type\":\"ReadAction\",\"target\":[\"https:\/\/www.suno.com.br\/noticias\/possivel-aumento-imposto-sucessao-planejamento-tributario\/\"]}]},{\"@type\":\"ImageObject\",\"inLanguage\":\"pt-BR\",\"@id\":\"https:\/\/www.suno.com.br\/noticias\/possivel-aumento-imposto-sucessao-planejamento-tributario\/#primaryimage\",\"url\":\"https:\/\/files.sunoresearch.com.br\/n\/uploads\/2020\/10\/7d28a900-possivel-aumento-de-imposto-de-sucessao-gera-corrida-para-planejamento-tributario-jpg.webp\",\"contentUrl\":\"https:\/\/files.sunoresearch.com.br\/n\/uploads\/2020\/10\/7d28a900-possivel-aumento-de-imposto-de-sucessao-gera-corrida-para-planejamento-tributario-jpg.webp\",\"width\":1024,\"height\":682,\"caption\":\"Poss\u00edvel aumento de imposto de sucess\u00e3o gera corrida para planejamento tribut\u00e1rio\"},{\"@type\":\"BreadcrumbList\",\"@id\":\"https:\/\/www.suno.com.br\/noticias\/possivel-aumento-imposto-sucessao-planejamento-tributario\/#breadcrumb\",\"itemListElement\":[{\"@type\":\"ListItem\",\"position\":1,\"name\":\"Not\u00edcias\",\"item\":\"https:\/\/www.suno.com.br\/noticias\/\"},{\"@type\":\"ListItem\",\"position\":2,\"name\":\"Finan\u00e7as Pessoais\",\"item\":\"https:\/\/www.suno.com.br\/noticias\/financas-pessoais\/\"},{\"@type\":\"ListItem\",\"position\":3,\"name\":\"Poss\u00edvel aumento de imposto de sucess\u00e3o gera corrida para planejamento tribut\u00e1rio\"}]},{\"@type\":\"WebSite\",\"@id\":\"https:\/\/www.suno.com.br\/noticias\/#website\",\"url\":\"https:\/\/www.suno.com.br\/noticias\/\",\"name\":\"Suno Not\u00edcias\",\"description\":\"Seu portal de informa\u00e7\u00e3o sobre o mundo dos investimentos\",\"publisher\":{\"@id\":\"https:\/\/www.suno.com.br\/noticias\/#organization\"},\"potentialAction\":[{\"@type\":\"SearchAction\",\"target\":{\"@type\":\"EntryPoint\",\"urlTemplate\":\"https:\/\/www.suno.com.br\/noticias\/?s={search_term_string}\"},\"query-input\":{\"@type\":\"PropertyValueSpecification\",\"valueRequired\":true,\"valueName\":\"search_term_string\"}}],\"inLanguage\":\"pt-BR\"},{\"@type\":\"Organization\",\"@id\":\"https:\/\/www.suno.com.br\/noticias\/#organization\",\"name\":\"Suno Not\u00edcias\",\"url\":\"https:\/\/www.suno.com.br\/noticias\/\",\"logo\":{\"@type\":\"ImageObject\",\"inLanguage\":\"pt-BR\",\"@id\":\"https:\/\/www.suno.com.br\/noticias\/#\/schema\/logo\/image\/\",\"url\":\"https:\/\/files.sunoresearch.com.br\/n\/uploads\/2021\/09\/suno-logo.png\",\"contentUrl\":\"https:\/\/files.sunoresearch.com.br\/n\/uploads\/2021\/09\/suno-logo.png\",\"width\":180,\"height\":180,\"caption\":\"Suno Not\u00edcias\"},\"image\":{\"@id\":\"https:\/\/www.suno.com.br\/noticias\/#\/schema\/logo\/image\/\"},\"sameAs\":[\"https:\/\/facebook.com\/sunoresearch\",\"https:\/\/x.com\/sunoresearch\",\"https:\/\/www.instagram.com\/suno\",\"https:\/\/www.linkedin.com\/company\/suno-research\/\",\"https:\/\/www.youtube.com\/c\/sunoresearch\"]},{\"@type\":\"Person\",\"@id\":\"https:\/\/www.suno.com.br\/noticias\/#\/schema\/person\/e6e0f723cc177805027f4566c1d5e0c8\",\"name\":\"Carlo Cauti\",\"image\":{\"@type\":\"ImageObject\",\"inLanguage\":\"pt-BR\",\"@id\":\"https:\/\/www.suno.com.br\/noticias\/#\/schema\/person\/image\/\",\"url\":\"https:\/\/secure.gravatar.com\/avatar\/3ada9e0bd164c23abd4792a9606d583c?s=96&r=g\",\"contentUrl\":\"https:\/\/secure.gravatar.com\/avatar\/3ada9e0bd164c23abd4792a9606d583c?s=96&r=g\",\"caption\":\"Carlo Cauti\"},\"description\":\"Editor multim\u00eddia do SUNO Not\u00edcias. Italiano, formado em Ci\u00eancias Pol\u00edticas pela universidade LUISS G. Carli de Roma e mestre cum laude em Rela\u00e7\u00f5es Internacionais, Jornalismo Internacional e de Guerra e em Economia Internacional. Concluiu tamb\u00e9m um MBA em Finan\u00e7as na B3. No Brasil, teve passagem por ve\u00edculos como Estad\u00e3o, Globo, Veja e EXAME. e nas ag\u00eancias de not\u00edcias italianas ANSA e NOVA.\",\"url\":\"https:\/\/www.suno.com.br\/noticias\/author\/carlo-cauti\/\"}]}<\/script>\n<!-- \/ Yoast SEO plugin. -->","yoast_head_json":{"title":"Poss\u00edvel aumento de ITCMD gera corrida para planejamento tribut\u00e1rio","description":"O aumento do imposto de sucess\u00e3o n\u00e3o passou na ALESP, mas gerou uma corrida para planejamento tribut\u00e1rio. Clique aqui para saber mais.","robots":{"index":"index","follow":"follow","max-snippet":"max-snippet:-1","max-image-preview":"max-image-preview:large","max-video-preview":"max-video-preview:-1"},"canonical":"https:\/\/www.suno.com.br\/noticias\/possivel-aumento-imposto-sucessao-planejamento-tributario\/","og_locale":"pt_BR","og_type":"article","og_title":"Poss\u00edvel aumento de ITCMD gera corrida para planejamento tribut\u00e1rio","og_description":"O aumento do imposto de sucess\u00e3o n\u00e3o passou na ALESP, mas gerou uma corrida para planejamento tribut\u00e1rio. Clique aqui para saber mais.","og_url":"https:\/\/www.suno.com.br\/noticias\/possivel-aumento-imposto-sucessao-planejamento-tributario\/","og_site_name":"Suno Not\u00edcias","article_publisher":"https:\/\/facebook.com\/sunoresearch","og_image":[{"width":1024,"height":682,"url":"https:\/\/files.sunoresearch.com.br\/n\/uploads\/2020\/10\/7d28a900-possivel-aumento-de-imposto-de-sucessao-gera-corrida-para-planejamento-tributario.jpg","type":"image\/jpeg"}],"author":"Carlo Cauti","twitter_card":"summary_large_image","twitter_creator":"@sunoresearch","twitter_site":"@sunoresearch","twitter_misc":{"Escrito por":"Carlo Cauti","Est. tempo de leitura":"3 minutos"},"schema":{"@context":"https:\/\/schema.org","@graph":[{"@type":"NewsArticle","@id":"https:\/\/www.suno.com.br\/noticias\/possivel-aumento-imposto-sucessao-planejamento-tributario\/#article","isPartOf":{"@id":"https:\/\/www.suno.com.br\/noticias\/possivel-aumento-imposto-sucessao-planejamento-tributario\/"},"author":{"name":"Carlo Cauti","@id":"https:\/\/www.suno.com.br\/noticias\/#\/schema\/person\/e6e0f723cc177805027f4566c1d5e0c8"},"headline":"Poss\u00edvel aumento de imposto de sucess\u00e3o gera corrida para planejamento tribut\u00e1rio","datePublished":"2020-10-18T15:05:18+00:00","dateModified":"2021-02-18T01:02:05+00:00","mainEntityOfPage":{"@id":"https:\/\/www.suno.com.br\/noticias\/possivel-aumento-imposto-sucessao-planejamento-tributario\/"},"wordCount":664,"publisher":{"@id":"https:\/\/www.suno.com.br\/noticias\/#organization"},"image":{"@id":"https:\/\/www.suno.com.br\/noticias\/possivel-aumento-imposto-sucessao-planejamento-tributario\/#primaryimage"},"thumbnailUrl":"https:\/\/files.sunoresearch.com.br\/n\/uploads\/2020\/10\/7d28a900-possivel-aumento-de-imposto-de-sucessao-gera-corrida-para-planejamento-tributario-jpg.webp","keywords":["impostos","S\u00e3o Paulo"],"articleSection":["Finan\u00e7as Pessoais"],"inLanguage":"pt-BR"},{"@type":"WebPage","@id":"https:\/\/www.suno.com.br\/noticias\/possivel-aumento-imposto-sucessao-planejamento-tributario\/","url":"https:\/\/www.suno.com.br\/noticias\/possivel-aumento-imposto-sucessao-planejamento-tributario\/","name":"Poss\u00edvel aumento de ITCMD gera corrida para planejamento tribut\u00e1rio","isPartOf":{"@id":"https:\/\/www.suno.com.br\/noticias\/#website"},"primaryImageOfPage":{"@id":"https:\/\/www.suno.com.br\/noticias\/possivel-aumento-imposto-sucessao-planejamento-tributario\/#primaryimage"},"image":{"@id":"https:\/\/www.suno.com.br\/noticias\/possivel-aumento-imposto-sucessao-planejamento-tributario\/#primaryimage"},"thumbnailUrl":"https:\/\/files.sunoresearch.com.br\/n\/uploads\/2020\/10\/7d28a900-possivel-aumento-de-imposto-de-sucessao-gera-corrida-para-planejamento-tributario-jpg.webp","datePublished":"2020-10-18T15:05:18+00:00","dateModified":"2021-02-18T01:02:05+00:00","description":"O aumento do imposto de sucess\u00e3o n\u00e3o passou na ALESP, mas gerou uma corrida para planejamento tribut\u00e1rio. Clique aqui para saber mais.","breadcrumb":{"@id":"https:\/\/www.suno.com.br\/noticias\/possivel-aumento-imposto-sucessao-planejamento-tributario\/#breadcrumb"},"inLanguage":"pt-BR","potentialAction":[{"@type":"ReadAction","target":["https:\/\/www.suno.com.br\/noticias\/possivel-aumento-imposto-sucessao-planejamento-tributario\/"]}]},{"@type":"ImageObject","inLanguage":"pt-BR","@id":"https:\/\/www.suno.com.br\/noticias\/possivel-aumento-imposto-sucessao-planejamento-tributario\/#primaryimage","url":"https:\/\/files.sunoresearch.com.br\/n\/uploads\/2020\/10\/7d28a900-possivel-aumento-de-imposto-de-sucessao-gera-corrida-para-planejamento-tributario-jpg.webp","contentUrl":"https:\/\/files.sunoresearch.com.br\/n\/uploads\/2020\/10\/7d28a900-possivel-aumento-de-imposto-de-sucessao-gera-corrida-para-planejamento-tributario-jpg.webp","width":1024,"height":682,"caption":"Poss\u00edvel aumento de imposto de sucess\u00e3o gera corrida para planejamento tribut\u00e1rio"},{"@type":"BreadcrumbList","@id":"https:\/\/www.suno.com.br\/noticias\/possivel-aumento-imposto-sucessao-planejamento-tributario\/#breadcrumb","itemListElement":[{"@type":"ListItem","position":1,"name":"Not\u00edcias","item":"https:\/\/www.suno.com.br\/noticias\/"},{"@type":"ListItem","position":2,"name":"Finan\u00e7as Pessoais","item":"https:\/\/www.suno.com.br\/noticias\/financas-pessoais\/"},{"@type":"ListItem","position":3,"name":"Poss\u00edvel aumento de imposto de sucess\u00e3o gera corrida para planejamento tribut\u00e1rio"}]},{"@type":"WebSite","@id":"https:\/\/www.suno.com.br\/noticias\/#website","url":"https:\/\/www.suno.com.br\/noticias\/","name":"Suno Not\u00edcias","description":"Seu portal de informa\u00e7\u00e3o sobre o mundo dos investimentos","publisher":{"@id":"https:\/\/www.suno.com.br\/noticias\/#organization"},"potentialAction":[{"@type":"SearchAction","target":{"@type":"EntryPoint","urlTemplate":"https:\/\/www.suno.com.br\/noticias\/?s={search_term_string}"},"query-input":{"@type":"PropertyValueSpecification","valueRequired":true,"valueName":"search_term_string"}}],"inLanguage":"pt-BR"},{"@type":"Organization","@id":"https:\/\/www.suno.com.br\/noticias\/#organization","name":"Suno Not\u00edcias","url":"https:\/\/www.suno.com.br\/noticias\/","logo":{"@type":"ImageObject","inLanguage":"pt-BR","@id":"https:\/\/www.suno.com.br\/noticias\/#\/schema\/logo\/image\/","url":"https:\/\/files.sunoresearch.com.br\/n\/uploads\/2021\/09\/suno-logo.png","contentUrl":"https:\/\/files.sunoresearch.com.br\/n\/uploads\/2021\/09\/suno-logo.png","width":180,"height":180,"caption":"Suno Not\u00edcias"},"image":{"@id":"https:\/\/www.suno.com.br\/noticias\/#\/schema\/logo\/image\/"},"sameAs":["https:\/\/facebook.com\/sunoresearch","https:\/\/x.com\/sunoresearch","https:\/\/www.instagram.com\/suno","https:\/\/www.linkedin.com\/company\/suno-research\/","https:\/\/www.youtube.com\/c\/sunoresearch"]},{"@type":"Person","@id":"https:\/\/www.suno.com.br\/noticias\/#\/schema\/person\/e6e0f723cc177805027f4566c1d5e0c8","name":"Carlo Cauti","image":{"@type":"ImageObject","inLanguage":"pt-BR","@id":"https:\/\/www.suno.com.br\/noticias\/#\/schema\/person\/image\/","url":"https:\/\/secure.gravatar.com\/avatar\/3ada9e0bd164c23abd4792a9606d583c?s=96&r=g","contentUrl":"https:\/\/secure.gravatar.com\/avatar\/3ada9e0bd164c23abd4792a9606d583c?s=96&r=g","caption":"Carlo Cauti"},"description":"Editor multim\u00eddia do SUNO Not\u00edcias. Italiano, formado em Ci\u00eancias Pol\u00edticas pela universidade LUISS G. Carli de Roma e mestre cum laude em Rela\u00e7\u00f5es Internacionais, Jornalismo Internacional e de Guerra e em Economia Internacional. Concluiu tamb\u00e9m um MBA em Finan\u00e7as na B3. No Brasil, teve passagem por ve\u00edculos como Estad\u00e3o, Globo, Veja e EXAME. e nas ag\u00eancias de not\u00edcias italianas ANSA e NOVA.","url":"https:\/\/www.suno.com.br\/noticias\/author\/carlo-cauti\/"}]}},"default_loop_html":"<div class=\"cardsPage__listCard__boxs\"><div class=\"cardsPage__listCard__boxs__img\"><a href=\"https:\/\/www.suno.com.br\/noticias\/possivel-aumento-imposto-sucessao-planejamento-tributario\/\"><img class=\"mask\" src=\"https:\/\/www.suno.com.br\/noticias\/wp-content\/themes\/suno\/resources\/images\/spotlight\/spotlight1img\/bg-mask.png\" alt=\"Image Mask\"\/><img src=\"https:\/\/files.sunoresearch.com.br\/n\/uploads\/2020\/10\/7d28a900-possivel-aumento-de-imposto-de-sucessao-gera-corrida-para-planejamento-tributario-400x200.webp\" alt=\"Poss\u00edvel aumento de imposto de sucess\u00e3o gera corrida para planejamento tribut\u00e1rio\"\/><\/a><span class=\"spotlightCategory\"><a href=\"https:\/\/www.suno.com.br\/noticias\/financas-pessoais\/\">Finan\u00e7as Pessoais<\/a><\/span><\/div><div class=\"cardsPage__listCard__boxs__content\"><a href=\"https:\/\/www.suno.com.br\/noticias\/possivel-aumento-imposto-sucessao-planejamento-tributario\/\"><h2 class=\"content__title\">Poss\u00edvel aumento de imposto de sucess\u00e3o gera corrida para planejamento tribut\u00e1rio<\/h2><\/a><div class=\"newsContent__article__meta\"><div class=\"newsContent__article__meta__authorBox\"><a href=\"https:\/\/www.suno.com.br\/noticias\/author\/carlo-cauti\/\" class=\"authorBox__avatar noMobi\"><img src=\"https:\/\/files.sunoresearch.com.br\/n\/uploads\/2020\/08\/e3745f9a-perfil-carlo-cauti-150x150.webp\" alt=\"Carlo Cauti\"><\/a><div class=\"authorBox__name\"><span>por\n\t\t\t<a href=\"https:\/\/www.suno.com.br\/noticias\/author\/carlo-cauti\/\"><span itemprop=\"author\">Carlo Cauti<\/span><\/a><\/span><time datetime=\"2020-10-18T12:05:18-03:00\" itemprop=\"datePublished\">18\/10\/2020 12:05<\/time><\/div><\/div><\/div><\/div><\/div>","single_layout":"posts","amp_enabled":true,"_links":{"self":[{"href":"https:\/\/www.suno.com.br\/noticias\/wp-json\/wp\/v2\/posts\/92135"}],"collection":[{"href":"https:\/\/www.suno.com.br\/noticias\/wp-json\/wp\/v2\/posts"}],"about":[{"href":"https:\/\/www.suno.com.br\/noticias\/wp-json\/wp\/v2\/types\/post"}],"author":[{"embeddable":true,"href":"https:\/\/www.suno.com.br\/noticias\/wp-json\/wp\/v2\/users\/9"}],"replies":[{"embeddable":true,"href":"https:\/\/www.suno.com.br\/noticias\/wp-json\/wp\/v2\/comments?post=92135"}],"version-history":[{"count":0,"href":"https:\/\/www.suno.com.br\/noticias\/wp-json\/wp\/v2\/posts\/92135\/revisions"}],"wp:featuredmedia":[{"embeddable":true,"href":"https:\/\/www.suno.com.br\/noticias\/wp-json\/wp\/v2\/media\/92351"}],"wp:attachment":[{"href":"https:\/\/www.suno.com.br\/noticias\/wp-json\/wp\/v2\/media?parent=92135"}],"wp:term":[{"taxonomy":"category","embeddable":true,"href":"https:\/\/www.suno.com.br\/noticias\/wp-json\/wp\/v2\/categories?post=92135"},{"taxonomy":"post_tag","embeddable":true,"href":"https:\/\/www.suno.com.br\/noticias\/wp-json\/wp\/v2\/tags?post=92135"},{"taxonomy":"suno_strategy","embeddable":true,"href":"https:\/\/www.suno.com.br\/noticias\/wp-json\/wp\/v2\/suno_strategy?post=92135"}],"curies":[{"name":"wp","href":"https:\/\/api.w.org\/{rel}","templated":true}]}}