{"id":9213,"date":"2018-12-17T19:49:17","date_gmt":"2018-12-17T21:49:17","guid":{"rendered":"https:\/\/www.suno.com.br\/noticias\/?p=9213"},"modified":"2018-12-17T19:49:17","modified_gmt":"2018-12-17T21:49:17","slug":"presidente-cni-atrair-investimentos-2019","status":"publish","type":"post","link":"https:\/\/www.suno.com.br\/noticias\/presidente-cni-atrair-investimentos-2019\/","title":{"rendered":"Presidente da CNI diz que Pa\u00eds voltar\u00e1 a atrair investimentos em 2019"},"content":{"rendered":"<p>O presidente da Confedera\u00e7\u00e3o Nacional da Ind\u00fastria (CNI), Robson Andrade, disse nesta segunda (17) que o Brasil voltar\u00e1 a atrair investimentos em 2019. A fala foi feita no audit\u00f3rio do jornal &#8220;Correio Braziliense&#8221;, em Bras\u00edlia.<\/p>\t<div class=\"wrapper-featured-image\">\n\t\t<figure class=\"spotlightImg\">\n\n\t\t\t<picture>\n\t\t\t\t<source media=\"(max-width: 768px)\" srcset=\"https:\/\/files.sunoresearch.com.br\/n\/uploads\/2018\/11\/22c2df9c-industria-400x200.webp\">\n\t\t\t\t<img loading=\"lazy\" decoding=\"async\" class=\"newsContent__article__imgCapa lazyloadDisabled newsContent__article__imgCapa--noCaption\" src=\"https:\/\/files.sunoresearch.com.br\/n\/uploads\/2018\/11\/22c2df9c-industria-800x450.webp\" width=\"800\" height=\"450\" alt=\"Presidente da CNI diz que Pa\u00eds voltar\u00e1 a atrair investimentos em 2019\" fetchpriority=high \/>\n\t\t\t<\/picture>\n\n\t\t\t<figcaption class=\"wp-caption-text wp-caption-text--hide\">CNI<\/figcaption>\n\t\t<\/figure>\n\t<\/div>\n\n\n<p>Para o presidente da <strong>CNI<\/strong>, a confian\u00e7a do empres\u00e1rio e do consumidor deve voltar a crescer a partir do pr\u00f3ximo ano, com a implementa\u00e7\u00e3o de agendas liberais.<\/p>\n<p><a href=\"https:\/\/www.suno.com.br\/noticias\/producao-industrial-alta-outubro\/\">Saiba mais: Produ\u00e7\u00e3o industrial tem alta de 0,2% em outubro ap\u00f3s 3 quedas seguidas<\/a><\/p>\n<p>&#8220;O pr\u00f3ximo ano ser\u00e1 um ano dif\u00edcil, de arrumar a casa. Todos temos a expectativa de que o pa\u00eds vai mudar. Vamos ter mais oportunidade de investimento, e atrair empresas para o Brasil&#8221;, afirmou Andrade.<\/p>\n<p>Al\u00e9m disso, Andrade acrescenta que se as mudan\u00e7as propostas foram feitas, a competitividade e a produtividade do Pa\u00eds v\u00e3o melhorar. Ele disse que o Brasil precisa voltar a atrair investimentos.<\/p>\n<p>&#8220;Temos uma expectativa muito grande de crescimento e desenvolvimento do Brasil. N\u00e3o s\u00f3 da ind\u00fastria, mas tamb\u00e9m em outros setores. A melhora na expectativa de empres\u00e1rios e de consumidores certamente vai fazer com que a ind\u00fastria possa implantar novos investimentos e projetos que possam fazer o pa\u00eds voltar a crescer&#8221;, afirmou Andrade.<\/p>\n<h2>Novo governo<\/h2>\n<p>Andrade elogiou a fala de Carlos da Costa, futuro secret\u00e1rio especial de Produtividade, Emprego e Competitividade, do Minist\u00e9rio da Economia. Costa defendeu a redu\u00e7\u00e3o da carga tribut\u00e1ria para que o governo &#8220;atrapalhe&#8221; menos os processos produtivos. &#8220;Pode ter certeza que vamos ajudar o novo governo e investir mais&#8221;, disse Andrade.<\/p>\n<h2>Parceria com MIT<\/h2>\n<p>Al\u00e9m disso, durante o encontro promovido pelo jornal Correio Braziliense,\u00a0 Andrade adiantou que a <strong>CNI<\/strong> acaba de assinar um acordo com o Massachusetts Institute of Technology (MIT), dos Estados Unidos.\u00a0O\u00a0objetivo da parceria \u00e9 trocar conhecimentos sobre sistemas de informa\u00e7\u00e3o e de automa\u00e7\u00e3o.<\/p>\n","protected":false},"excerpt":{"rendered":"<p>O presidente da Confedera\u00e7\u00e3o Nacional da Ind\u00fastria (CNI), Robson Andrade, disse nesta segunda (17) que o Brasil voltar\u00e1 a atrair investimentos em 2019. A fala foi feita no audit\u00f3rio do jornal &#8220;Correio Braziliense&#8221;, em Bras\u00edlia. CNI Para o presidente da CNI, a confian\u00e7a do empres\u00e1rio e do consumidor deve voltar a crescer a partir do [&hellip;]<\/p>\n","protected":false},"author":14,"featured_media":7413,"comment_status":"closed","ping_status":"closed","sticky":false,"template":"","format":"standard","meta":[],"categories":[62],"tags":[878],"suno_strategy":[],"class_list":["post-9213","post","type-post","status-publish","format-standard","has-post-thumbnail","hentry","category-economia","tag-cni"],"yoast_head":"<!-- This site is optimized with the Yoast SEO plugin v24.4 - https:\/\/yoast.com\/wordpress\/plugins\/seo\/ -->\n<title>Presidente da CNI diz que pa\u00eds voltar\u00e1 a atrair investimentos em 2019<\/title>\n<meta name=\"description\" content=\"O presidente da CNI disse tamb\u00e9m que a agenda liberal do novo governo aumentar\u00e1 a produtividade e a competividade. Clique para saber mais.\" \/>\n<meta name=\"robots\" content=\"index, follow, max-snippet:-1, max-image-preview:large, max-video-preview:-1\" \/>\n<link rel=\"canonical\" href=\"https:\/\/www.suno.com.br\/noticias\/presidente-cni-atrair-investimentos-2019\/\" \/>\n<meta property=\"og:locale\" content=\"pt_BR\" \/>\n<meta property=\"og:type\" content=\"article\" \/>\n<meta property=\"og:title\" content=\"Presidente da CNI diz que pa\u00eds voltar\u00e1 a atrair investimentos em 2019\" \/>\n<meta property=\"og:description\" content=\"O presidente da CNI disse tamb\u00e9m que a agenda liberal do novo governo aumentar\u00e1 a produtividade e a competividade. Clique para saber mais.\" \/>\n<meta property=\"og:url\" content=\"https:\/\/www.suno.com.br\/noticias\/presidente-cni-atrair-investimentos-2019\/\" \/>\n<meta property=\"og:site_name\" content=\"Suno Not\u00edcias\" \/>\n<meta property=\"article:publisher\" content=\"https:\/\/facebook.com\/sunoresearch\" \/>\n<meta property=\"og:image\" content=\"https:\/\/files.sunoresearch.com.br\/n\/uploads\/2018\/11\/22c2df9c-industria.jpg\" \/>\n\t<meta property=\"og:image:width\" content=\"960\" \/>\n\t<meta property=\"og:image:height\" content=\"539\" \/>\n\t<meta property=\"og:image:type\" content=\"image\/jpeg\" \/>\n<meta name=\"author\" content=\"Renan Dantas\" \/>\n<meta name=\"twitter:card\" content=\"summary_large_image\" \/>\n<meta name=\"twitter:creator\" content=\"@sunoresearch\" \/>\n<meta name=\"twitter:site\" content=\"@sunoresearch\" \/>\n<meta name=\"twitter:label1\" content=\"Escrito por\" \/>\n\t<meta name=\"twitter:data1\" content=\"Renan Dantas\" \/>\n\t<meta name=\"twitter:label2\" content=\"Est. tempo de leitura\" \/>\n\t<meta name=\"twitter:data2\" content=\"2 minutos\" \/>\n<script type=\"application\/ld+json\" class=\"yoast-schema-graph\">{\"@context\":\"https:\/\/schema.org\",\"@graph\":[{\"@type\":\"NewsArticle\",\"@id\":\"https:\/\/www.suno.com.br\/noticias\/presidente-cni-atrair-investimentos-2019\/#article\",\"isPartOf\":{\"@id\":\"https:\/\/www.suno.com.br\/noticias\/presidente-cni-atrair-investimentos-2019\/\"},\"author\":{\"name\":\"Renan Dantas\",\"@id\":\"https:\/\/www.suno.com.br\/noticias\/#\/schema\/person\/3f7693d5795a3f6d5ce15309ee785699\"},\"headline\":\"Presidente da CNI diz que Pa\u00eds voltar\u00e1 a atrair investimentos em 2019\",\"datePublished\":\"2018-12-17T21:49:17+00:00\",\"mainEntityOfPage\":{\"@id\":\"https:\/\/www.suno.com.br\/noticias\/presidente-cni-atrair-investimentos-2019\/\"},\"wordCount\":329,\"publisher\":{\"@id\":\"https:\/\/www.suno.com.br\/noticias\/#organization\"},\"image\":{\"@id\":\"https:\/\/www.suno.com.br\/noticias\/presidente-cni-atrair-investimentos-2019\/#primaryimage\"},\"thumbnailUrl\":\"https:\/\/files.sunoresearch.com.br\/n\/uploads\/2018\/11\/22c2df9c-industria-jpg.webp\",\"keywords\":[\"CNI\"],\"articleSection\":[\"Economia\"],\"inLanguage\":\"pt-BR\"},{\"@type\":\"WebPage\",\"@id\":\"https:\/\/www.suno.com.br\/noticias\/presidente-cni-atrair-investimentos-2019\/\",\"url\":\"https:\/\/www.suno.com.br\/noticias\/presidente-cni-atrair-investimentos-2019\/\",\"name\":\"Presidente da CNI diz que pa\u00eds voltar\u00e1 a atrair investimentos em 2019\",\"isPartOf\":{\"@id\":\"https:\/\/www.suno.com.br\/noticias\/#website\"},\"primaryImageOfPage\":{\"@id\":\"https:\/\/www.suno.com.br\/noticias\/presidente-cni-atrair-investimentos-2019\/#primaryimage\"},\"image\":{\"@id\":\"https:\/\/www.suno.com.br\/noticias\/presidente-cni-atrair-investimentos-2019\/#primaryimage\"},\"thumbnailUrl\":\"https:\/\/files.sunoresearch.com.br\/n\/uploads\/2018\/11\/22c2df9c-industria-jpg.webp\",\"datePublished\":\"2018-12-17T21:49:17+00:00\",\"description\":\"O presidente da CNI disse tamb\u00e9m que a agenda liberal do novo governo aumentar\u00e1 a produtividade e a competividade. Clique para saber mais.\",\"breadcrumb\":{\"@id\":\"https:\/\/www.suno.com.br\/noticias\/presidente-cni-atrair-investimentos-2019\/#breadcrumb\"},\"inLanguage\":\"pt-BR\",\"potentialAction\":[{\"@type\":\"ReadAction\",\"target\":[\"https:\/\/www.suno.com.br\/noticias\/presidente-cni-atrair-investimentos-2019\/\"]}]},{\"@type\":\"ImageObject\",\"inLanguage\":\"pt-BR\",\"@id\":\"https:\/\/www.suno.com.br\/noticias\/presidente-cni-atrair-investimentos-2019\/#primaryimage\",\"url\":\"https:\/\/files.sunoresearch.com.br\/n\/uploads\/2018\/11\/22c2df9c-industria-jpg.webp\",\"contentUrl\":\"https:\/\/files.sunoresearch.com.br\/n\/uploads\/2018\/11\/22c2df9c-industria-jpg.webp\",\"width\":960,\"height\":539,\"caption\":\"CNI\"},{\"@type\":\"BreadcrumbList\",\"@id\":\"https:\/\/www.suno.com.br\/noticias\/presidente-cni-atrair-investimentos-2019\/#breadcrumb\",\"itemListElement\":[{\"@type\":\"ListItem\",\"position\":1,\"name\":\"Not\u00edcias\",\"item\":\"https:\/\/www.suno.com.br\/noticias\/\"},{\"@type\":\"ListItem\",\"position\":2,\"name\":\"Economia\",\"item\":\"https:\/\/www.suno.com.br\/noticias\/economia\/\"},{\"@type\":\"ListItem\",\"position\":3,\"name\":\"Presidente da CNI diz que Pa\u00eds voltar\u00e1 a atrair investimentos em 2019\"}]},{\"@type\":\"WebSite\",\"@id\":\"https:\/\/www.suno.com.br\/noticias\/#website\",\"url\":\"https:\/\/www.suno.com.br\/noticias\/\",\"name\":\"Suno Not\u00edcias\",\"description\":\"Seu portal de informa\u00e7\u00e3o sobre o mundo dos investimentos\",\"publisher\":{\"@id\":\"https:\/\/www.suno.com.br\/noticias\/#organization\"},\"potentialAction\":[{\"@type\":\"SearchAction\",\"target\":{\"@type\":\"EntryPoint\",\"urlTemplate\":\"https:\/\/www.suno.com.br\/noticias\/?s={search_term_string}\"},\"query-input\":{\"@type\":\"PropertyValueSpecification\",\"valueRequired\":true,\"valueName\":\"search_term_string\"}}],\"inLanguage\":\"pt-BR\"},{\"@type\":\"Organization\",\"@id\":\"https:\/\/www.suno.com.br\/noticias\/#organization\",\"name\":\"Suno Not\u00edcias\",\"url\":\"https:\/\/www.suno.com.br\/noticias\/\",\"logo\":{\"@type\":\"ImageObject\",\"inLanguage\":\"pt-BR\",\"@id\":\"https:\/\/www.suno.com.br\/noticias\/#\/schema\/logo\/image\/\",\"url\":\"https:\/\/files.sunoresearch.com.br\/n\/uploads\/2021\/09\/suno-logo.png\",\"contentUrl\":\"https:\/\/files.sunoresearch.com.br\/n\/uploads\/2021\/09\/suno-logo.png\",\"width\":180,\"height\":180,\"caption\":\"Suno Not\u00edcias\"},\"image\":{\"@id\":\"https:\/\/www.suno.com.br\/noticias\/#\/schema\/logo\/image\/\"},\"sameAs\":[\"https:\/\/facebook.com\/sunoresearch\",\"https:\/\/x.com\/sunoresearch\",\"https:\/\/www.instagram.com\/suno\",\"https:\/\/www.linkedin.com\/company\/suno-research\/\",\"https:\/\/www.youtube.com\/c\/sunoresearch\"]},{\"@type\":\"Person\",\"@id\":\"https:\/\/www.suno.com.br\/noticias\/#\/schema\/person\/3f7693d5795a3f6d5ce15309ee785699\",\"name\":\"Renan Dantas\",\"image\":{\"@type\":\"ImageObject\",\"inLanguage\":\"pt-BR\",\"@id\":\"https:\/\/www.suno.com.br\/noticias\/#\/schema\/person\/image\/\",\"url\":\"https:\/\/secure.gravatar.com\/avatar\/1787b83e7484a08e51d62ac8b41c8396?s=96&r=g\",\"contentUrl\":\"https:\/\/secure.gravatar.com\/avatar\/1787b83e7484a08e51d62ac8b41c8396?s=96&r=g\",\"caption\":\"Renan Dantas\"},\"description\":\"Escreve sobre pol\u00edtica e mercado financeiro para o portal Suno Not\u00edcias. Antes, atuou na assessoria de comunica\u00e7\u00e3o do Minist\u00e9rio P\u00fablico do Trabalho e na R\u00e1dio Mackenzie, onde apresentava e produzia um programa sobre artistas da m\u00fasica brasileira. \u00c9 estudante na Universidade Presbiteriana Mackenzie.\",\"url\":\"https:\/\/www.suno.com.br\/noticias\/author\/renan-dantas\/\"}]}<\/script>\n<!-- \/ Yoast SEO plugin. -->","yoast_head_json":{"title":"Presidente da CNI diz que pa\u00eds voltar\u00e1 a atrair investimentos em 2019","description":"O presidente da CNI disse tamb\u00e9m que a agenda liberal do novo governo aumentar\u00e1 a produtividade e a competividade. Clique para saber mais.","robots":{"index":"index","follow":"follow","max-snippet":"max-snippet:-1","max-image-preview":"max-image-preview:large","max-video-preview":"max-video-preview:-1"},"canonical":"https:\/\/www.suno.com.br\/noticias\/presidente-cni-atrair-investimentos-2019\/","og_locale":"pt_BR","og_type":"article","og_title":"Presidente da CNI diz que pa\u00eds voltar\u00e1 a atrair investimentos em 2019","og_description":"O presidente da CNI disse tamb\u00e9m que a agenda liberal do novo governo aumentar\u00e1 a produtividade e a competividade. Clique para saber mais.","og_url":"https:\/\/www.suno.com.br\/noticias\/presidente-cni-atrair-investimentos-2019\/","og_site_name":"Suno Not\u00edcias","article_publisher":"https:\/\/facebook.com\/sunoresearch","og_image":[{"width":960,"height":539,"url":"https:\/\/files.sunoresearch.com.br\/n\/uploads\/2018\/11\/22c2df9c-industria.jpg","type":"image\/jpeg"}],"author":"Renan Dantas","twitter_card":"summary_large_image","twitter_creator":"@sunoresearch","twitter_site":"@sunoresearch","twitter_misc":{"Escrito por":"Renan Dantas","Est. tempo de leitura":"2 minutos"},"schema":{"@context":"https:\/\/schema.org","@graph":[{"@type":"NewsArticle","@id":"https:\/\/www.suno.com.br\/noticias\/presidente-cni-atrair-investimentos-2019\/#article","isPartOf":{"@id":"https:\/\/www.suno.com.br\/noticias\/presidente-cni-atrair-investimentos-2019\/"},"author":{"name":"Renan Dantas","@id":"https:\/\/www.suno.com.br\/noticias\/#\/schema\/person\/3f7693d5795a3f6d5ce15309ee785699"},"headline":"Presidente da CNI diz que Pa\u00eds voltar\u00e1 a atrair investimentos em 2019","datePublished":"2018-12-17T21:49:17+00:00","mainEntityOfPage":{"@id":"https:\/\/www.suno.com.br\/noticias\/presidente-cni-atrair-investimentos-2019\/"},"wordCount":329,"publisher":{"@id":"https:\/\/www.suno.com.br\/noticias\/#organization"},"image":{"@id":"https:\/\/www.suno.com.br\/noticias\/presidente-cni-atrair-investimentos-2019\/#primaryimage"},"thumbnailUrl":"https:\/\/files.sunoresearch.com.br\/n\/uploads\/2018\/11\/22c2df9c-industria-jpg.webp","keywords":["CNI"],"articleSection":["Economia"],"inLanguage":"pt-BR"},{"@type":"WebPage","@id":"https:\/\/www.suno.com.br\/noticias\/presidente-cni-atrair-investimentos-2019\/","url":"https:\/\/www.suno.com.br\/noticias\/presidente-cni-atrair-investimentos-2019\/","name":"Presidente da CNI diz que pa\u00eds voltar\u00e1 a atrair investimentos em 2019","isPartOf":{"@id":"https:\/\/www.suno.com.br\/noticias\/#website"},"primaryImageOfPage":{"@id":"https:\/\/www.suno.com.br\/noticias\/presidente-cni-atrair-investimentos-2019\/#primaryimage"},"image":{"@id":"https:\/\/www.suno.com.br\/noticias\/presidente-cni-atrair-investimentos-2019\/#primaryimage"},"thumbnailUrl":"https:\/\/files.sunoresearch.com.br\/n\/uploads\/2018\/11\/22c2df9c-industria-jpg.webp","datePublished":"2018-12-17T21:49:17+00:00","description":"O presidente da CNI disse tamb\u00e9m que a agenda liberal do novo governo aumentar\u00e1 a produtividade e a competividade. Clique para saber mais.","breadcrumb":{"@id":"https:\/\/www.suno.com.br\/noticias\/presidente-cni-atrair-investimentos-2019\/#breadcrumb"},"inLanguage":"pt-BR","potentialAction":[{"@type":"ReadAction","target":["https:\/\/www.suno.com.br\/noticias\/presidente-cni-atrair-investimentos-2019\/"]}]},{"@type":"ImageObject","inLanguage":"pt-BR","@id":"https:\/\/www.suno.com.br\/noticias\/presidente-cni-atrair-investimentos-2019\/#primaryimage","url":"https:\/\/files.sunoresearch.com.br\/n\/uploads\/2018\/11\/22c2df9c-industria-jpg.webp","contentUrl":"https:\/\/files.sunoresearch.com.br\/n\/uploads\/2018\/11\/22c2df9c-industria-jpg.webp","width":960,"height":539,"caption":"CNI"},{"@type":"BreadcrumbList","@id":"https:\/\/www.suno.com.br\/noticias\/presidente-cni-atrair-investimentos-2019\/#breadcrumb","itemListElement":[{"@type":"ListItem","position":1,"name":"Not\u00edcias","item":"https:\/\/www.suno.com.br\/noticias\/"},{"@type":"ListItem","position":2,"name":"Economia","item":"https:\/\/www.suno.com.br\/noticias\/economia\/"},{"@type":"ListItem","position":3,"name":"Presidente da CNI diz que Pa\u00eds voltar\u00e1 a atrair investimentos em 2019"}]},{"@type":"WebSite","@id":"https:\/\/www.suno.com.br\/noticias\/#website","url":"https:\/\/www.suno.com.br\/noticias\/","name":"Suno Not\u00edcias","description":"Seu portal de informa\u00e7\u00e3o sobre o mundo dos investimentos","publisher":{"@id":"https:\/\/www.suno.com.br\/noticias\/#organization"},"potentialAction":[{"@type":"SearchAction","target":{"@type":"EntryPoint","urlTemplate":"https:\/\/www.suno.com.br\/noticias\/?s={search_term_string}"},"query-input":{"@type":"PropertyValueSpecification","valueRequired":true,"valueName":"search_term_string"}}],"inLanguage":"pt-BR"},{"@type":"Organization","@id":"https:\/\/www.suno.com.br\/noticias\/#organization","name":"Suno Not\u00edcias","url":"https:\/\/www.suno.com.br\/noticias\/","logo":{"@type":"ImageObject","inLanguage":"pt-BR","@id":"https:\/\/www.suno.com.br\/noticias\/#\/schema\/logo\/image\/","url":"https:\/\/files.sunoresearch.com.br\/n\/uploads\/2021\/09\/suno-logo.png","contentUrl":"https:\/\/files.sunoresearch.com.br\/n\/uploads\/2021\/09\/suno-logo.png","width":180,"height":180,"caption":"Suno Not\u00edcias"},"image":{"@id":"https:\/\/www.suno.com.br\/noticias\/#\/schema\/logo\/image\/"},"sameAs":["https:\/\/facebook.com\/sunoresearch","https:\/\/x.com\/sunoresearch","https:\/\/www.instagram.com\/suno","https:\/\/www.linkedin.com\/company\/suno-research\/","https:\/\/www.youtube.com\/c\/sunoresearch"]},{"@type":"Person","@id":"https:\/\/www.suno.com.br\/noticias\/#\/schema\/person\/3f7693d5795a3f6d5ce15309ee785699","name":"Renan Dantas","image":{"@type":"ImageObject","inLanguage":"pt-BR","@id":"https:\/\/www.suno.com.br\/noticias\/#\/schema\/person\/image\/","url":"https:\/\/secure.gravatar.com\/avatar\/1787b83e7484a08e51d62ac8b41c8396?s=96&r=g","contentUrl":"https:\/\/secure.gravatar.com\/avatar\/1787b83e7484a08e51d62ac8b41c8396?s=96&r=g","caption":"Renan Dantas"},"description":"Escreve sobre pol\u00edtica e mercado financeiro para o portal Suno Not\u00edcias. Antes, atuou na assessoria de comunica\u00e7\u00e3o do Minist\u00e9rio P\u00fablico do Trabalho e na R\u00e1dio Mackenzie, onde apresentava e produzia um programa sobre artistas da m\u00fasica brasileira. \u00c9 estudante na Universidade Presbiteriana Mackenzie.","url":"https:\/\/www.suno.com.br\/noticias\/author\/renan-dantas\/"}]}},"default_loop_html":"<div class=\"cardsPage__listCard__boxs\"><div class=\"cardsPage__listCard__boxs__img\"><a href=\"https:\/\/www.suno.com.br\/noticias\/presidente-cni-atrair-investimentos-2019\/\"><img class=\"mask\" src=\"https:\/\/www.suno.com.br\/noticias\/wp-content\/themes\/suno\/resources\/images\/spotlight\/spotlight1img\/bg-mask.png\" alt=\"Image Mask\"\/><img src=\"https:\/\/files.sunoresearch.com.br\/n\/uploads\/2018\/11\/22c2df9c-industria-400x200.webp\" alt=\"Presidente da CNI diz que Pa\u00eds voltar\u00e1 a atrair investimentos em 2019\"\/><\/a><span class=\"spotlightCategory\"><a href=\"https:\/\/www.suno.com.br\/noticias\/economia\/\">Economia<\/a><\/span><\/div><div class=\"cardsPage__listCard__boxs__content\"><a href=\"https:\/\/www.suno.com.br\/noticias\/presidente-cni-atrair-investimentos-2019\/\"><h2 class=\"content__title\">Presidente da CNI diz que Pa\u00eds voltar\u00e1 a atrair investimentos em 2019<\/h2><\/a><div class=\"newsContent__article__meta\"><div class=\"newsContent__article__meta__authorBox\"><a href=\"https:\/\/www.suno.com.br\/noticias\/author\/renan-dantas\/\" class=\"authorBox__avatar noMobi\"><img src=\"https:\/\/secure.gravatar.com\/avatar\/1787b83e7484a08e51d62ac8b41c8396?s=96&#038;r=g\" alt=\"Renan Dantas\"><\/a><div class=\"authorBox__name\"><span>por\n\t\t\t<a href=\"https:\/\/www.suno.com.br\/noticias\/author\/renan-dantas\/\"><span itemprop=\"author\">Renan Dantas<\/span><\/a><\/span><time datetime=\"2018-12-17T19:49:17-02:00\" itemprop=\"datePublished\">17\/12\/2018 19:49<\/time><\/div><\/div><\/div><\/div><\/div>","single_layout":"posts","amp_enabled":true,"_links":{"self":[{"href":"https:\/\/www.suno.com.br\/noticias\/wp-json\/wp\/v2\/posts\/9213"}],"collection":[{"href":"https:\/\/www.suno.com.br\/noticias\/wp-json\/wp\/v2\/posts"}],"about":[{"href":"https:\/\/www.suno.com.br\/noticias\/wp-json\/wp\/v2\/types\/post"}],"author":[{"embeddable":true,"href":"https:\/\/www.suno.com.br\/noticias\/wp-json\/wp\/v2\/users\/14"}],"replies":[{"embeddable":true,"href":"https:\/\/www.suno.com.br\/noticias\/wp-json\/wp\/v2\/comments?post=9213"}],"version-history":[{"count":0,"href":"https:\/\/www.suno.com.br\/noticias\/wp-json\/wp\/v2\/posts\/9213\/revisions"}],"wp:featuredmedia":[{"embeddable":true,"href":"https:\/\/www.suno.com.br\/noticias\/wp-json\/wp\/v2\/media\/7413"}],"wp:attachment":[{"href":"https:\/\/www.suno.com.br\/noticias\/wp-json\/wp\/v2\/media?parent=9213"}],"wp:term":[{"taxonomy":"category","embeddable":true,"href":"https:\/\/www.suno.com.br\/noticias\/wp-json\/wp\/v2\/categories?post=9213"},{"taxonomy":"post_tag","embeddable":true,"href":"https:\/\/www.suno.com.br\/noticias\/wp-json\/wp\/v2\/tags?post=9213"},{"taxonomy":"suno_strategy","embeddable":true,"href":"https:\/\/www.suno.com.br\/noticias\/wp-json\/wp\/v2\/suno_strategy?post=9213"}],"curies":[{"name":"wp","href":"https:\/\/api.w.org\/{rel}","templated":true}]}}