{"id":91990,"date":"2020-10-16T10:18:06","date_gmt":"2020-10-16T13:18:06","guid":{"rendered":"https:\/\/www.suno.com.br\/noticias\/?p=91990"},"modified":"2020-10-16T12:18:38","modified_gmt":"2020-10-16T15:18:38","slug":"ibovespa-coronavirus-trump-zona-do-euro-teto-de-gastos-16102020","status":"publish","type":"post","link":"https:\/\/www.suno.com.br\/noticias\/ibovespa-coronavirus-trump-zona-do-euro-teto-de-gastos-16102020\/","title":{"rendered":"Ibovespa abre em leve queda, monitorando a situa\u00e7\u00e3o do coronav\u00edrus na Europa"},"content":{"rendered":"<p>O <a href=\"https:\/\/www.suno.com.br\/artigos\/ibovespa\/\"><strong>Ibovespa<\/strong><\/a> abre entre perdas e ganhos nesta sexta-feira (16), digerindo as novas informa\u00e7\u00f5es sobre o avan\u00e7o do <a href=\"https:\/\/www.suno.com.br\/noticias\/?s=coronav%C3%ADrus\">novo coronav\u00edrus (Covid-19)<\/a> na Europa. O temor por uma nova onda de infec\u00e7\u00f5es no Velho Continente, seguida de novas restri\u00e7\u00f5es \u00e0 circula\u00e7\u00e3o e atividade econ\u00f4mica, pressionaram os mercados nesta semana.<\/p>\t<div class=\"wrapper-featured-image\">\n\t\t<figure class=\"spotlightImg\">\n\n\t\t\t<picture>\n\t\t\t\t<source media=\"(max-width: 768px)\" srcset=\"https:\/\/files.sunoresearch.com.br\/n\/uploads\/2020\/08\/5ccb2841-negocios_ibovespa_301118_getty-400x200.webp\">\n\t\t\t\t<img loading=\"lazy\" decoding=\"async\" class=\"newsContent__article__imgCapa lazyloadDisabled \" src=\"https:\/\/files.sunoresearch.com.br\/n\/uploads\/2020\/08\/5ccb2841-negocios_ibovespa_301118_getty-800x450.webp\" width=\"800\" height=\"450\" alt=\"Ibovespa abre em leve queda, monitorando a situa\u00e7\u00e3o do coronav\u00edrus na Europa\" fetchpriority=high \/>\n\t\t\t<\/picture>\n\n\t\t\t<figcaption class=\"wp-caption-text wp-caption-text--show\">Os hor\u00e1rios de negocia\u00e7\u00e3o a Bolsa de Valores de S\u00e3o Paulo (B3) ser\u00e3o alterados a partir desta ter\u00e7a, com negocia\u00e7\u00e3o at\u00e9 \u00e0s 18h<\/figcaption>\n\t\t<\/figure>\n\t<\/div>\n\n\n<div class=\"hubspot-form-wrapper\">\n\t<div id=\"single-form-target\"><\/div>\n<\/div>\n\n<p>Por volta das 10h15, a <strong>cota\u00e7\u00e3o do Ibovespa<\/strong> ca\u00eda 0,22%, para 98.836 pontos. Fran\u00e7a, Espanha e Reino Unido est\u00e3o entre os pa\u00edses que mais preocupam pelo recente aumento dos casos da pandemia &#8212; o presidente franc\u00eas Emmanuel Macron disse que nove regi\u00f5es, incluindo Paris, ter\u00e3o toque de recolher at\u00e9 dezebro. Na \u00faltima quarta-feira (14), a It\u00e1lia registrou o mais elevado n\u00famero di\u00e1rio de novos casos, 7.332.<\/p>\n<p>Segundo o Bank of America, ainda \u00e9 cedo para quantificar a perde econ\u00f4mica dos pa\u00edses europeus com os mais novos casos da doen\u00e7a. Entretanto, o Purchase Managers Index (PMI), o \u00edndice dos gerentes de compra, chama aten\u00e7\u00e3o: em setembro, o indicador de Fran\u00e7a, It\u00e1lia e Espanha ficou abaixo de 50, o que representa uma contra\u00e7\u00e3o da ind\u00fastria.<\/p>\n<p><a href=\"https:\/\/lp.suno.com.br\/suno-one\/\">No Suno One voc\u00ea aprende a fazer seu dinheiro trabalhar para voc\u00ea. Cadastre-se gratuitamente agora!<\/a><\/p>\n<p>Mesmo que a preocupa\u00e7\u00e3o com a pandemia ainda paire sobre os mercados, os investidores europeus mostram estar mais confiantes com a retomada da economia. As exporta\u00e7\u00f5es da <a href=\"https:\/\/www.suno.com.br\/artigos\/zona-do-euro\/\"><strong>zona do euro<\/strong><\/a> avan\u00e7aram 2% em agosto em compara\u00e7\u00e3o a julho, em dados com ajustes sazonais. As informa\u00e7\u00f5es foram divulgadas nesta sexta-feira pela ag\u00eancia de estat\u00edsticas da <a href=\"https:\/\/www.suno.com.br\/artigos\/uniao-europeia\/\">Uni\u00e3o Europeia (UE)<\/a>, Eurostat.<\/p>\n<p>Esse \u00e9 o quarto m\u00eas consecutivo de crescimento do com\u00e9rcio externo da zona do euro, que registrou tombos hist\u00f3ricos nos primeiros meses do ano. Tanto as <strong>exporta\u00e7\u00f5es<\/strong> como as <strong>importa\u00e7\u00f5es<\/strong>, no entanto, ainda figuram 11% e 10,3%, respectivamente, abaixo do n\u00edvel apresentado em fevereiro.<\/p>\n<p>Segue no radar dos mercados mundiais as negocia\u00e7\u00f5es para o novo pacote de est\u00edmulos econ\u00f4micos norte-americanos. O presidente estadunidense, <a href=\"https:\/\/www.suno.com.br\/tudo-sobre\/donald-trump\/\">Donald Trump<\/a>, afirmou que est\u00e1 preparado para aumentar o pacote de US$ 1,8 trilh\u00e3o (cerca de R$ 10,10 trilh\u00f5es) em uma tentativa de garantir a aprova\u00e7\u00e3o dos democratas no Congresso. Todavia, a ideia foi rejeitada pelo l\u00edder da maioria republicana no Senado, Mitch McConnell &#8212; o secret\u00e1rio do Tesouro, Steven Mnuchin, j\u00e1 havia dito que dificilmente o pacote sair\u00e1 antes da elei\u00e7\u00e3o presidencial, marcada para o dia 3 de novembro.<\/p>\n<p>No <em>front<\/em> interno, os investidores permanecem de olho na situa\u00e7\u00e3o econ\u00f4mica e fiscal do Brasil. Segundo um relat\u00f3rio divulgado pelo <a href=\"https:\/\/www.suno.com.br\/acoes\/bpac11\/\">BTG Pactual (BPAC11)<\/a>, mesmo sem a implementa\u00e7\u00e3o do <strong>Renda Cidad\u00e3<\/strong>, novo programa social do governo de Jair Bolsonaro, o <strong>Or\u00e7amento 2021<\/strong> poder\u00e1 superar em R$ 20 bilh\u00f5es o <strong>teto de gastos<\/strong>.<\/p>\n\n\t<div data-element=\"shortcode-read-more\" class=\"readToo\">\n\t\t\t\t<span class=\"readToo__title\">Saiba mais<\/span>\n\t\t\t\t<ul class=\"readToo__list\">\n\t\t\t<li><a href=\"https:\/\/www.suno.com.br\/noticias\/b3-b3sa3-aumento-capital-social\/\">B3 (B3SA3) aumenta capital social em R$ 9 bilh\u00f5es<\/a><\/li><li><a href=\"https:\/\/www.suno.com.br\/noticias\/teto-de-gastos-sustentabilidade-da-divida-brasil\/\">Teto de gastos \u00e9 chave para sustentabilidade da d\u00edvida, afirma FMI<\/a><\/li>\t\t<\/ul>\n\t<\/div>\n\n\n<p>Para chegar a tal conclus\u00e3o, os analistas do banco de investimento consideraram que o <a href=\"https:\/\/www.suno.com.br\/artigos\/inpc\/\">\u00cdndice Nacional de Pre\u00e7os ao Consumidor (INPC)<\/a> deve fechar o ano acima do <a href=\"https:\/\/www.suno.com.br\/artigos\/ipca\/\">\u00cdndice Nacional de Pre\u00e7os ao Consumidor Amplo (<strong>IPCA<\/strong>)<\/a>, \u00edndice oficial de infla\u00e7\u00e3o que corrige o teto. O INPC \u00e9 respons\u00e1vel pelo reajuste de 55% das despesas obrigat\u00f3rias do governo, incluindo as transfer\u00eancias de renda por meio de programas de assist\u00eancia social, seguro-desemprego e previd\u00eancia.<\/p>\n<h2>Destaques corporativos<\/h2>\n<p>A <strong><a href=\"https:\/\/www.suno.com.br\/acoes\/petr4\/\" target=\"_blank\" rel=\"noopener noreferrer\">Petrobras <\/a><\/strong><a href=\"https:\/\/www.suno.com.br\/acoes\/petr4\/\" target=\"_blank\" rel=\"noopener noreferrer\">(PETR4)<\/a> informiu nesta manh\u00e3 que decidiu postergar em cerca de um ano o Projeto Integrado do Parque das Baleias, ficando o in\u00edcio de opera\u00e7\u00e3o e primeiro \u00f3leo para 2024. Em comunicado, a companhia disse que a decis\u00e3o foi motivada pelo contexto econ\u00f4mico mais desafiador, em meio ao cen\u00e1rio da Covid-19.<\/p>\n<p>Com a posterga\u00e7\u00e3o, a estatal cancelou a licita\u00e7\u00e3o de afretamento de plataforma para atender o projeto e autorizou o in\u00edcio de um novo processo licitat\u00f3rio.<\/p>\n<p>A <a href=\"https:\/\/www.suno.com.br\/acoes\/vivt4\/\" target=\"_blank\" rel=\"noopener noreferrer\"><strong>Telef\u00f4nica Brasil <\/strong>(VIVT4)<\/a> informou que recebeu uma san\u00e7\u00e3o administrativa da Controladoria-Geral da Uni\u00e3o (CGU), pela entrega de ingressos para jogos da Copa do Mundo de 2014, realizada no Brasil, para agentes p\u00fablicos, no valor de R$ 45,7 milh\u00f5es.<\/p>\n<p>De acordo com o fato relevante, a entrega de ingressos fez parte de uma a\u00e7\u00e3o de marketing e promo\u00e7\u00e3o institucional realizada em 2014. No entanto, o \u00f3rg\u00e3o p\u00fablico considerou a a\u00e7\u00e3o incompat\u00edvel com os termos do artigo 5\u00ba, inciso I, da Lei n\u00ba 12.846\/2013, em raz\u00e3o de responsabilidade legal objetiva.<\/p>\n<h2>Mercados globais<\/h2>\n<p>Confira o desempenho dos principais \u00edndices acion\u00e1rios no exterior, al\u00e9m do <strong>Ibovespa agora<\/strong>:<\/p>\n<ul>\n<li>Nova York (<a href=\"https:\/\/www.suno.com.br\/artigos\/sp-500\/\">S&amp;P 500<\/a>) futuro: +0,33%<\/li>\n<li>Londres (<a href=\"https:\/\/www.suno.com.br\/artigos\/ftse-100\/\">FTSE 100<\/a>): +1,41%<\/li>\n<li>Frankfurt (<a href=\"https:\/\/www.suno.com.br\/artigos\/dax-30\/\">DAX 30)<\/a>: +1,16%<\/li>\n<li>Paris (<a href=\"https:\/\/www.suno.com.br\/artigos\/cac-40\/\">CAC 40<\/a>): +1,64%<\/li>\n<li>Mil\u00e3o (FTSE\/MIB): +1%<\/li>\n<li>Hong Kong (<a href=\"https:\/\/www.suno.com.br\/artigos\/hang-seng\/\">Hang Seng<\/a>): +0,94% (fechada)<\/li>\n<li>Xangai (SSE Composite): +0,13% (fechada)<\/li>\n<li>T\u00f3quio (<a href=\"https:\/\/www.suno.com.br\/artigos\/nikkei-225\/\">Nikkei 225<\/a>): -0,41% (fechada)<\/li>\n<\/ul>\n<h2>\u00daltima cota\u00e7\u00e3o do Ibovespa<\/h2>\n<p>Da mesma forma que o <strong>Ibovespa hoje<\/strong>, o \u00edndice acion\u00e1rio encerrou as negocia\u00e7\u00f5es na \u00faltima quinta-feira com uma baixa de 0,28%, a 99.054,06 pontos.<\/p>\n\t<p>\n\t\t<a href=\"https:\/\/lp.suno.com.br\/planilha-de-controle-de-investimentos\/\" target=\"_blank\" data-element=\"shortcode-suno-banner\" title=\"Banner SUNO, clique e saiba mais\">\n\t\t\t<picture>\n\t\t\t\t<source media=\"(max-width: 500px)\" srcset=\"https:\/\/files.sunoresearch.com.br\/n\/uploads\/2023\/03\/400x300-Controle-de-Investimentos.png\">\n\t\t\t\t<img class=\"newsContent__article__imgCapa newsContent__article__imgCapa--banner\"\n\t\t\t\t\tsrc=\"https:\/\/files.sunoresearch.com.br\/n\/uploads\/2023\/03\/1420x240-Controle-de-Investimentos.png\"\n\t\t\t\t\tdata-promo-id=\"75934\"\t\t\t\t\t\t\t\t\t\twidth='1420' height='240'\t\t\t\t\talt=\"https:\/\/files.sunoresearch.com.br\/n\/uploads\/2023\/03\/1420x240-Controle-de-Investimentos.png\"\n\t\t\t\t>\n\t\t\t<\/picture>\n\t\t<\/a>\n\t<\/p>\n\n\n","protected":false},"excerpt":{"rendered":"<p>O Ibovespa abre entre perdas e ganhos nesta sexta-feira (16), digerindo as novas informa\u00e7\u00f5es sobre o avan\u00e7o do novo coronav\u00edrus (Covid-19) na Europa. O temor por uma nova onda de infec\u00e7\u00f5es no Velho Continente, seguida de novas restri\u00e7\u00f5es \u00e0 circula\u00e7\u00e3o e atividade econ\u00f4mica, pressionaram os mercados nesta semana. O preg\u00e3o do Tesouro Direto funciona das [&hellip;]<\/p>\n","protected":false},"author":24,"featured_media":77246,"comment_status":"closed","ping_status":"closed","sticky":false,"template":"","format":"standard","meta":[],"categories":[60],"tags":[2487,724,710,721,595,991],"suno_strategy":[],"class_list":["post-91990","post","type-post","status-publish","format-standard","has-post-thumbnail","hentry","category-mercado","tag-coronavirus","tag-donald-trump","tag-europa","tag-ibovespa","tag-petrobras-petr4","tag-zona-do-euro"],"yoast_head":"<!-- This site is optimized with the Yoast SEO plugin v24.4 - https:\/\/yoast.com\/wordpress\/plugins\/seo\/ -->\n<title>Ibovespa abre em leve queda, monitorando o coronav\u00edrus na Europa<\/title>\n<meta name=\"description\" content=\"O Ibovespa abre entre perdas e ganhos nesta sexta-feira (16), digerindo as novas informa\u00e7\u00f5es sobre o avan\u00e7o do novo coronav\u00edrus. Saiba mais.\" \/>\n<meta name=\"robots\" content=\"index, follow, max-snippet:-1, max-image-preview:large, max-video-preview:-1\" \/>\n<link rel=\"canonical\" href=\"https:\/\/www.suno.com.br\/noticias\/ibovespa-coronavirus-trump-zona-do-euro-teto-de-gastos-16102020\/\" \/>\n<meta property=\"og:locale\" content=\"pt_BR\" \/>\n<meta property=\"og:type\" content=\"article\" \/>\n<meta property=\"og:title\" content=\"Ibovespa abre em leve queda, monitorando o coronav\u00edrus na Europa\" \/>\n<meta property=\"og:description\" content=\"O Ibovespa abre entre perdas e ganhos nesta sexta-feira (16), digerindo as novas informa\u00e7\u00f5es sobre o avan\u00e7o do novo coronav\u00edrus. Saiba mais.\" \/>\n<meta property=\"og:url\" content=\"https:\/\/www.suno.com.br\/noticias\/ibovespa-coronavirus-trump-zona-do-euro-teto-de-gastos-16102020\/\" \/>\n<meta property=\"og:site_name\" content=\"Suno Not\u00edcias\" \/>\n<meta property=\"article:publisher\" content=\"https:\/\/facebook.com\/sunoresearch\" \/>\n<meta property=\"og:image\" content=\"https:\/\/files.sunoresearch.com.br\/n\/uploads\/2020\/08\/5ccb2841-negocios_ibovespa_301118_getty.jpg\" \/>\n\t<meta property=\"og:image:width\" content=\"2000\" \/>\n\t<meta property=\"og:image:height\" content=\"1333\" \/>\n\t<meta property=\"og:image:type\" content=\"image\/jpeg\" \/>\n<meta name=\"author\" content=\"Jader Lazarini\" \/>\n<meta name=\"twitter:card\" content=\"summary_large_image\" \/>\n<meta name=\"twitter:creator\" content=\"@sunoresearch\" \/>\n<meta name=\"twitter:site\" content=\"@sunoresearch\" \/>\n<meta name=\"twitter:label1\" content=\"Escrito por\" \/>\n\t<meta name=\"twitter:data1\" content=\"Jader Lazarini\" \/>\n\t<meta name=\"twitter:label2\" content=\"Est. tempo de leitura\" \/>\n\t<meta name=\"twitter:data2\" content=\"4 minutos\" \/>\n<script type=\"application\/ld+json\" class=\"yoast-schema-graph\">{\"@context\":\"https:\/\/schema.org\",\"@graph\":[{\"@type\":\"NewsArticle\",\"@id\":\"https:\/\/www.suno.com.br\/noticias\/ibovespa-coronavirus-trump-zona-do-euro-teto-de-gastos-16102020\/#article\",\"isPartOf\":{\"@id\":\"https:\/\/www.suno.com.br\/noticias\/ibovespa-coronavirus-trump-zona-do-euro-teto-de-gastos-16102020\/\"},\"author\":{\"name\":\"Jader Lazarini\",\"@id\":\"https:\/\/www.suno.com.br\/noticias\/#\/schema\/person\/918d79de1f0281f01599b93f9ea6e23f\"},\"headline\":\"Ibovespa abre em leve queda, monitorando a situa\u00e7\u00e3o do coronav\u00edrus na Europa\",\"datePublished\":\"2020-10-16T13:18:06+00:00\",\"dateModified\":\"2020-10-16T15:18:38+00:00\",\"mainEntityOfPage\":{\"@id\":\"https:\/\/www.suno.com.br\/noticias\/ibovespa-coronavirus-trump-zona-do-euro-teto-de-gastos-16102020\/\"},\"wordCount\":840,\"publisher\":{\"@id\":\"https:\/\/www.suno.com.br\/noticias\/#organization\"},\"image\":{\"@id\":\"https:\/\/www.suno.com.br\/noticias\/ibovespa-coronavirus-trump-zona-do-euro-teto-de-gastos-16102020\/#primaryimage\"},\"thumbnailUrl\":\"https:\/\/files.sunoresearch.com.br\/n\/uploads\/2020\/08\/5ccb2841-negocios_ibovespa_301118_getty-jpg.webp\",\"keywords\":[\"coronav\u00edrus\",\"Donald Trump\",\"Europa\",\"Ibovespa\",\"Petrobras (PETR4)\",\"zona do euro\"],\"articleSection\":[\"Mercado\"],\"inLanguage\":\"pt-BR\"},{\"@type\":\"WebPage\",\"@id\":\"https:\/\/www.suno.com.br\/noticias\/ibovespa-coronavirus-trump-zona-do-euro-teto-de-gastos-16102020\/\",\"url\":\"https:\/\/www.suno.com.br\/noticias\/ibovespa-coronavirus-trump-zona-do-euro-teto-de-gastos-16102020\/\",\"name\":\"Ibovespa abre em leve queda, monitorando o coronav\u00edrus na Europa\",\"isPartOf\":{\"@id\":\"https:\/\/www.suno.com.br\/noticias\/#website\"},\"primaryImageOfPage\":{\"@id\":\"https:\/\/www.suno.com.br\/noticias\/ibovespa-coronavirus-trump-zona-do-euro-teto-de-gastos-16102020\/#primaryimage\"},\"image\":{\"@id\":\"https:\/\/www.suno.com.br\/noticias\/ibovespa-coronavirus-trump-zona-do-euro-teto-de-gastos-16102020\/#primaryimage\"},\"thumbnailUrl\":\"https:\/\/files.sunoresearch.com.br\/n\/uploads\/2020\/08\/5ccb2841-negocios_ibovespa_301118_getty-jpg.webp\",\"datePublished\":\"2020-10-16T13:18:06+00:00\",\"dateModified\":\"2020-10-16T15:18:38+00:00\",\"description\":\"O Ibovespa abre entre perdas e ganhos nesta sexta-feira (16), digerindo as novas informa\u00e7\u00f5es sobre o avan\u00e7o do novo coronav\u00edrus. Saiba mais.\",\"breadcrumb\":{\"@id\":\"https:\/\/www.suno.com.br\/noticias\/ibovespa-coronavirus-trump-zona-do-euro-teto-de-gastos-16102020\/#breadcrumb\"},\"inLanguage\":\"pt-BR\",\"potentialAction\":[{\"@type\":\"ReadAction\",\"target\":[\"https:\/\/www.suno.com.br\/noticias\/ibovespa-coronavirus-trump-zona-do-euro-teto-de-gastos-16102020\/\"]}]},{\"@type\":\"ImageObject\",\"inLanguage\":\"pt-BR\",\"@id\":\"https:\/\/www.suno.com.br\/noticias\/ibovespa-coronavirus-trump-zona-do-euro-teto-de-gastos-16102020\/#primaryimage\",\"url\":\"https:\/\/files.sunoresearch.com.br\/n\/uploads\/2020\/08\/5ccb2841-negocios_ibovespa_301118_getty-jpg.webp\",\"contentUrl\":\"https:\/\/files.sunoresearch.com.br\/n\/uploads\/2020\/08\/5ccb2841-negocios_ibovespa_301118_getty-jpg.webp\",\"width\":2000,\"height\":1333,\"caption\":\"Os hor\u00e1rios de negocia\u00e7\u00e3o a Bolsa de Valores de S\u00e3o Paulo (B3) ser\u00e3o alterados a partir desta ter\u00e7a, com negocia\u00e7\u00e3o at\u00e9 \u00e0s 18h\"},{\"@type\":\"BreadcrumbList\",\"@id\":\"https:\/\/www.suno.com.br\/noticias\/ibovespa-coronavirus-trump-zona-do-euro-teto-de-gastos-16102020\/#breadcrumb\",\"itemListElement\":[{\"@type\":\"ListItem\",\"position\":1,\"name\":\"Not\u00edcias\",\"item\":\"https:\/\/www.suno.com.br\/noticias\/\"},{\"@type\":\"ListItem\",\"position\":2,\"name\":\"Mercado\",\"item\":\"https:\/\/www.suno.com.br\/noticias\/mercado\/\"},{\"@type\":\"ListItem\",\"position\":3,\"name\":\"Ibovespa abre em leve queda, monitorando a situa\u00e7\u00e3o do coronav\u00edrus na Europa\"}]},{\"@type\":\"WebSite\",\"@id\":\"https:\/\/www.suno.com.br\/noticias\/#website\",\"url\":\"https:\/\/www.suno.com.br\/noticias\/\",\"name\":\"Suno Not\u00edcias\",\"description\":\"Seu portal de informa\u00e7\u00e3o sobre o mundo dos investimentos\",\"publisher\":{\"@id\":\"https:\/\/www.suno.com.br\/noticias\/#organization\"},\"potentialAction\":[{\"@type\":\"SearchAction\",\"target\":{\"@type\":\"EntryPoint\",\"urlTemplate\":\"https:\/\/www.suno.com.br\/noticias\/?s={search_term_string}\"},\"query-input\":{\"@type\":\"PropertyValueSpecification\",\"valueRequired\":true,\"valueName\":\"search_term_string\"}}],\"inLanguage\":\"pt-BR\"},{\"@type\":\"Organization\",\"@id\":\"https:\/\/www.suno.com.br\/noticias\/#organization\",\"name\":\"Suno Not\u00edcias\",\"url\":\"https:\/\/www.suno.com.br\/noticias\/\",\"logo\":{\"@type\":\"ImageObject\",\"inLanguage\":\"pt-BR\",\"@id\":\"https:\/\/www.suno.com.br\/noticias\/#\/schema\/logo\/image\/\",\"url\":\"https:\/\/files.sunoresearch.com.br\/n\/uploads\/2021\/09\/suno-logo.png\",\"contentUrl\":\"https:\/\/files.sunoresearch.com.br\/n\/uploads\/2021\/09\/suno-logo.png\",\"width\":180,\"height\":180,\"caption\":\"Suno Not\u00edcias\"},\"image\":{\"@id\":\"https:\/\/www.suno.com.br\/noticias\/#\/schema\/logo\/image\/\"},\"sameAs\":[\"https:\/\/facebook.com\/sunoresearch\",\"https:\/\/x.com\/sunoresearch\",\"https:\/\/www.instagram.com\/suno\",\"https:\/\/www.linkedin.com\/company\/suno-research\/\",\"https:\/\/www.youtube.com\/c\/sunoresearch\"]},{\"@type\":\"Person\",\"@id\":\"https:\/\/www.suno.com.br\/noticias\/#\/schema\/person\/918d79de1f0281f01599b93f9ea6e23f\",\"name\":\"Jader Lazarini\",\"image\":{\"@type\":\"ImageObject\",\"inLanguage\":\"pt-BR\",\"@id\":\"https:\/\/www.suno.com.br\/noticias\/#\/schema\/person\/image\/\",\"url\":\"https:\/\/secure.gravatar.com\/avatar\/3c1ad8caa51589841baeb923fcddea97?s=96&r=g\",\"contentUrl\":\"https:\/\/secure.gravatar.com\/avatar\/3c1ad8caa51589841baeb923fcddea97?s=96&r=g\",\"caption\":\"Jader Lazarini\"},\"description\":\"Jader Lazarini escreve sobre investimentos, finan\u00e7as, economia e neg\u00f3cios. \u00c9 bacharel em Rela\u00e7\u00f5es Internacionais e analista CNPI (2619).\",\"url\":\"https:\/\/www.suno.com.br\/noticias\/author\/jader-lazarini\/\"}]}<\/script>\n<!-- \/ Yoast SEO plugin. -->","yoast_head_json":{"title":"Ibovespa abre em leve queda, monitorando o coronav\u00edrus na Europa","description":"O Ibovespa abre entre perdas e ganhos nesta sexta-feira (16), digerindo as novas informa\u00e7\u00f5es sobre o avan\u00e7o do novo coronav\u00edrus. Saiba mais.","robots":{"index":"index","follow":"follow","max-snippet":"max-snippet:-1","max-image-preview":"max-image-preview:large","max-video-preview":"max-video-preview:-1"},"canonical":"https:\/\/www.suno.com.br\/noticias\/ibovespa-coronavirus-trump-zona-do-euro-teto-de-gastos-16102020\/","og_locale":"pt_BR","og_type":"article","og_title":"Ibovespa abre em leve queda, monitorando o coronav\u00edrus na Europa","og_description":"O Ibovespa abre entre perdas e ganhos nesta sexta-feira (16), digerindo as novas informa\u00e7\u00f5es sobre o avan\u00e7o do novo coronav\u00edrus. Saiba mais.","og_url":"https:\/\/www.suno.com.br\/noticias\/ibovespa-coronavirus-trump-zona-do-euro-teto-de-gastos-16102020\/","og_site_name":"Suno Not\u00edcias","article_publisher":"https:\/\/facebook.com\/sunoresearch","og_image":[{"width":2000,"height":1333,"url":"https:\/\/files.sunoresearch.com.br\/n\/uploads\/2020\/08\/5ccb2841-negocios_ibovespa_301118_getty.jpg","type":"image\/jpeg"}],"author":"Jader Lazarini","twitter_card":"summary_large_image","twitter_creator":"@sunoresearch","twitter_site":"@sunoresearch","twitter_misc":{"Escrito por":"Jader Lazarini","Est. tempo de leitura":"4 minutos"},"schema":{"@context":"https:\/\/schema.org","@graph":[{"@type":"NewsArticle","@id":"https:\/\/www.suno.com.br\/noticias\/ibovespa-coronavirus-trump-zona-do-euro-teto-de-gastos-16102020\/#article","isPartOf":{"@id":"https:\/\/www.suno.com.br\/noticias\/ibovespa-coronavirus-trump-zona-do-euro-teto-de-gastos-16102020\/"},"author":{"name":"Jader Lazarini","@id":"https:\/\/www.suno.com.br\/noticias\/#\/schema\/person\/918d79de1f0281f01599b93f9ea6e23f"},"headline":"Ibovespa abre em leve queda, monitorando a situa\u00e7\u00e3o do coronav\u00edrus na Europa","datePublished":"2020-10-16T13:18:06+00:00","dateModified":"2020-10-16T15:18:38+00:00","mainEntityOfPage":{"@id":"https:\/\/www.suno.com.br\/noticias\/ibovespa-coronavirus-trump-zona-do-euro-teto-de-gastos-16102020\/"},"wordCount":840,"publisher":{"@id":"https:\/\/www.suno.com.br\/noticias\/#organization"},"image":{"@id":"https:\/\/www.suno.com.br\/noticias\/ibovespa-coronavirus-trump-zona-do-euro-teto-de-gastos-16102020\/#primaryimage"},"thumbnailUrl":"https:\/\/files.sunoresearch.com.br\/n\/uploads\/2020\/08\/5ccb2841-negocios_ibovespa_301118_getty-jpg.webp","keywords":["coronav\u00edrus","Donald Trump","Europa","Ibovespa","Petrobras (PETR4)","zona do euro"],"articleSection":["Mercado"],"inLanguage":"pt-BR"},{"@type":"WebPage","@id":"https:\/\/www.suno.com.br\/noticias\/ibovespa-coronavirus-trump-zona-do-euro-teto-de-gastos-16102020\/","url":"https:\/\/www.suno.com.br\/noticias\/ibovespa-coronavirus-trump-zona-do-euro-teto-de-gastos-16102020\/","name":"Ibovespa abre em leve queda, monitorando o coronav\u00edrus na Europa","isPartOf":{"@id":"https:\/\/www.suno.com.br\/noticias\/#website"},"primaryImageOfPage":{"@id":"https:\/\/www.suno.com.br\/noticias\/ibovespa-coronavirus-trump-zona-do-euro-teto-de-gastos-16102020\/#primaryimage"},"image":{"@id":"https:\/\/www.suno.com.br\/noticias\/ibovespa-coronavirus-trump-zona-do-euro-teto-de-gastos-16102020\/#primaryimage"},"thumbnailUrl":"https:\/\/files.sunoresearch.com.br\/n\/uploads\/2020\/08\/5ccb2841-negocios_ibovespa_301118_getty-jpg.webp","datePublished":"2020-10-16T13:18:06+00:00","dateModified":"2020-10-16T15:18:38+00:00","description":"O Ibovespa abre entre perdas e ganhos nesta sexta-feira (16), digerindo as novas informa\u00e7\u00f5es sobre o avan\u00e7o do novo coronav\u00edrus. Saiba mais.","breadcrumb":{"@id":"https:\/\/www.suno.com.br\/noticias\/ibovespa-coronavirus-trump-zona-do-euro-teto-de-gastos-16102020\/#breadcrumb"},"inLanguage":"pt-BR","potentialAction":[{"@type":"ReadAction","target":["https:\/\/www.suno.com.br\/noticias\/ibovespa-coronavirus-trump-zona-do-euro-teto-de-gastos-16102020\/"]}]},{"@type":"ImageObject","inLanguage":"pt-BR","@id":"https:\/\/www.suno.com.br\/noticias\/ibovespa-coronavirus-trump-zona-do-euro-teto-de-gastos-16102020\/#primaryimage","url":"https:\/\/files.sunoresearch.com.br\/n\/uploads\/2020\/08\/5ccb2841-negocios_ibovespa_301118_getty-jpg.webp","contentUrl":"https:\/\/files.sunoresearch.com.br\/n\/uploads\/2020\/08\/5ccb2841-negocios_ibovespa_301118_getty-jpg.webp","width":2000,"height":1333,"caption":"Os hor\u00e1rios de negocia\u00e7\u00e3o a Bolsa de Valores de S\u00e3o Paulo (B3) ser\u00e3o alterados a partir desta ter\u00e7a, com negocia\u00e7\u00e3o at\u00e9 \u00e0s 18h"},{"@type":"BreadcrumbList","@id":"https:\/\/www.suno.com.br\/noticias\/ibovespa-coronavirus-trump-zona-do-euro-teto-de-gastos-16102020\/#breadcrumb","itemListElement":[{"@type":"ListItem","position":1,"name":"Not\u00edcias","item":"https:\/\/www.suno.com.br\/noticias\/"},{"@type":"ListItem","position":2,"name":"Mercado","item":"https:\/\/www.suno.com.br\/noticias\/mercado\/"},{"@type":"ListItem","position":3,"name":"Ibovespa abre em leve queda, monitorando a situa\u00e7\u00e3o do coronav\u00edrus na Europa"}]},{"@type":"WebSite","@id":"https:\/\/www.suno.com.br\/noticias\/#website","url":"https:\/\/www.suno.com.br\/noticias\/","name":"Suno Not\u00edcias","description":"Seu portal de informa\u00e7\u00e3o sobre o mundo dos investimentos","publisher":{"@id":"https:\/\/www.suno.com.br\/noticias\/#organization"},"potentialAction":[{"@type":"SearchAction","target":{"@type":"EntryPoint","urlTemplate":"https:\/\/www.suno.com.br\/noticias\/?s={search_term_string}"},"query-input":{"@type":"PropertyValueSpecification","valueRequired":true,"valueName":"search_term_string"}}],"inLanguage":"pt-BR"},{"@type":"Organization","@id":"https:\/\/www.suno.com.br\/noticias\/#organization","name":"Suno Not\u00edcias","url":"https:\/\/www.suno.com.br\/noticias\/","logo":{"@type":"ImageObject","inLanguage":"pt-BR","@id":"https:\/\/www.suno.com.br\/noticias\/#\/schema\/logo\/image\/","url":"https:\/\/files.sunoresearch.com.br\/n\/uploads\/2021\/09\/suno-logo.png","contentUrl":"https:\/\/files.sunoresearch.com.br\/n\/uploads\/2021\/09\/suno-logo.png","width":180,"height":180,"caption":"Suno Not\u00edcias"},"image":{"@id":"https:\/\/www.suno.com.br\/noticias\/#\/schema\/logo\/image\/"},"sameAs":["https:\/\/facebook.com\/sunoresearch","https:\/\/x.com\/sunoresearch","https:\/\/www.instagram.com\/suno","https:\/\/www.linkedin.com\/company\/suno-research\/","https:\/\/www.youtube.com\/c\/sunoresearch"]},{"@type":"Person","@id":"https:\/\/www.suno.com.br\/noticias\/#\/schema\/person\/918d79de1f0281f01599b93f9ea6e23f","name":"Jader Lazarini","image":{"@type":"ImageObject","inLanguage":"pt-BR","@id":"https:\/\/www.suno.com.br\/noticias\/#\/schema\/person\/image\/","url":"https:\/\/secure.gravatar.com\/avatar\/3c1ad8caa51589841baeb923fcddea97?s=96&r=g","contentUrl":"https:\/\/secure.gravatar.com\/avatar\/3c1ad8caa51589841baeb923fcddea97?s=96&r=g","caption":"Jader Lazarini"},"description":"Jader Lazarini escreve sobre investimentos, finan\u00e7as, economia e neg\u00f3cios. \u00c9 bacharel em Rela\u00e7\u00f5es Internacionais e analista CNPI (2619).","url":"https:\/\/www.suno.com.br\/noticias\/author\/jader-lazarini\/"}]}},"default_loop_html":"<div class=\"cardsPage__listCard__boxs\"><div class=\"cardsPage__listCard__boxs__img\"><a href=\"https:\/\/www.suno.com.br\/noticias\/teto-de-gastos-sustentabilidade-da-divida-brasil\/\"><img class=\"mask\" src=\"https:\/\/www.suno.com.br\/noticias\/wp-content\/themes\/suno\/resources\/images\/spotlight\/spotlight1img\/bg-mask.png\" alt=\"Image Mask\"\/><img src=\"https:\/\/files.sunoresearch.com.br\/n\/uploads\/2019\/04\/95806852-moedas-dinheiro-400x200.webp\" alt=\"Teto de gastos \u00e9 chave para sustentabilidade da d\u00edvida, afirma FMI\"\/><\/a><span class=\"spotlightCategory\"><a href=\"https:\/\/www.suno.com.br\/noticias\/economia\/\">Economia<\/a><\/span><\/div><div class=\"cardsPage__listCard__boxs__content\"><a href=\"https:\/\/www.suno.com.br\/noticias\/teto-de-gastos-sustentabilidade-da-divida-brasil\/\"><h2 class=\"content__title\">Teto de gastos \u00e9 chave para sustentabilidade da d\u00edvida, afirma FMI<\/h2><\/a><div class=\"newsContent__article__meta\"><div class=\"newsContent__article__meta__authorBox\"><a href=\"https:\/\/www.suno.com.br\/noticias\/author\/jader-lazarini\/\" class=\"authorBox__avatar noMobi\"><img src=\"https:\/\/files.sunoresearch.com.br\/n\/uploads\/2021\/01\/178e6598-foto-perfil-2-150x150.jpg\" alt=\"Jader Lazarini\"><\/a><div class=\"authorBox__name\"><span>por\n\t\t\t<a href=\"https:\/\/www.suno.com.br\/noticias\/author\/jader-lazarini\/\"><span itemprop=\"author\">Jader Lazarini<\/span><\/a><\/span><time datetime=\"2020-10-14T13:17:29-03:00\" itemprop=\"datePublished\">14\/10\/2020 13:17<\/time><\/div><\/div><\/div><\/div><\/div>","single_layout":"posts","amp_enabled":true,"_links":{"self":[{"href":"https:\/\/www.suno.com.br\/noticias\/wp-json\/wp\/v2\/posts\/91990"}],"collection":[{"href":"https:\/\/www.suno.com.br\/noticias\/wp-json\/wp\/v2\/posts"}],"about":[{"href":"https:\/\/www.suno.com.br\/noticias\/wp-json\/wp\/v2\/types\/post"}],"author":[{"embeddable":true,"href":"https:\/\/www.suno.com.br\/noticias\/wp-json\/wp\/v2\/users\/24"}],"replies":[{"embeddable":true,"href":"https:\/\/www.suno.com.br\/noticias\/wp-json\/wp\/v2\/comments?post=91990"}],"version-history":[{"count":0,"href":"https:\/\/www.suno.com.br\/noticias\/wp-json\/wp\/v2\/posts\/91990\/revisions"}],"wp:featuredmedia":[{"embeddable":true,"href":"https:\/\/www.suno.com.br\/noticias\/wp-json\/wp\/v2\/media\/77246"}],"wp:attachment":[{"href":"https:\/\/www.suno.com.br\/noticias\/wp-json\/wp\/v2\/media?parent=91990"}],"wp:term":[{"taxonomy":"category","embeddable":true,"href":"https:\/\/www.suno.com.br\/noticias\/wp-json\/wp\/v2\/categories?post=91990"},{"taxonomy":"post_tag","embeddable":true,"href":"https:\/\/www.suno.com.br\/noticias\/wp-json\/wp\/v2\/tags?post=91990"},{"taxonomy":"suno_strategy","embeddable":true,"href":"https:\/\/www.suno.com.br\/noticias\/wp-json\/wp\/v2\/suno_strategy?post=91990"}],"curies":[{"name":"wp","href":"https:\/\/api.w.org\/{rel}","templated":true}]}}