{"id":9166,"date":"2018-12-17T15:58:46","date_gmt":"2018-12-17T17:58:46","guid":{"rendered":"https:\/\/www.suno.com.br\/noticias\/?p=9166"},"modified":"2018-12-17T16:19:28","modified_gmt":"2018-12-17T18:19:28","slug":"theresa-may-brexit-14-janeiro","status":"publish","type":"post","link":"https:\/\/www.suno.com.br\/noticias\/theresa-may-brexit-14-janeiro\/","title":{"rendered":"Theresa May diz que o Brexit ser\u00e1 votado em 14 de janeiro"},"content":{"rendered":"<p>O Parlamento brit\u00e2nico vai votar o acordo para a retirada do Reino Unidos da Uni\u00e3o Europeia em 14 de janeiro. O an\u00fancio foi dado pela primeira-ministra Theresa May, do Partido Conservador, no Parlamento nesta segunda (17).<\/p>\t<div class=\"wrapper-featured-image\">\n\t\t<figure class=\"spotlightImg\">\n\n\t\t\t<picture>\n\t\t\t\t<source media=\"(max-width: 768px)\" srcset=\"https:\/\/files.sunoresearch.com.br\/n\/uploads\/2018\/12\/6dade889-brexit-400x200.webp\">\n\t\t\t\t<img loading=\"lazy\" decoding=\"async\" class=\"newsContent__article__imgCapa lazyloadDisabled newsContent__article__imgCapa--noCaption\" src=\"https:\/\/files.sunoresearch.com.br\/n\/uploads\/2018\/12\/6dade889-brexit-jpg.webp\" width=\"800\" height=\"450\" alt=\"Theresa May diz que o Brexit ser\u00e1 votado em 14 de janeiro\" fetchpriority=high \/>\n\t\t\t<\/picture>\n\n\t\t\t<figcaption class=\"wp-caption-text wp-caption-text--hide\">Parlamento brit\u00e2nico votar\u00e1 plano B do Brexit no fim do m\u00eas. (divulga\u00e7\u00e3o)<\/figcaption>\n\t\t<\/figure>\n\t<\/div>\n\n\n<p>A sa\u00edda do <strong>Reino Unido<\/strong> do bloco comercial, popularmente conhecido como <strong>Brexit<\/strong>, no entanto, deveria ter sido votado na \u00faltima semana. Mas <strong>Theresa May<\/strong> decidiu recuar <a href=\"https:\/\/www.suno.com.br\/noticias\/brexit-nao-sera-votado-parlamento-britanico\/\">ap\u00f3s temer uma derrota<\/a>. A premi\u00ea, inclusive, teve de enfrentar um voto de desconfian\u00e7a de seu pr\u00f3prio partido, que quase a derrubou do governo.<\/p>\n<p>Ao anunciar a nova data para a vota\u00e7\u00e3o do acordo, May lembrou que a <a href=\"https:\/\/www.suno.com.br\/noticias\/brexit-pode-ser-revogado-pelo-reino-unido-diz-corte-europeia-de-justica\/\">Uni\u00e3o Europeia<\/a> deixou claro que o apoio irland\u00eas n\u00e3o era uma trama para prender o Reino Unido.<\/p>\n<p>Anteriormente, os trabalhistas haviam amea\u00e7ado May com um voto de desconfian\u00e7a caso ela n\u00e3o marcasse a data. Apesar de n\u00e3o ter conseguido afast\u00e1-la, Jeremy Corbyn afirmou que a premi\u00ea &#8220;levou o pa\u00eds a uma crise nacional&#8221; e que ela n\u00e3o tinha mais apoio do gabinete. Corbyn \u00e9 o l\u00edder do Partido Trabalhista.<\/p>\n<p>O <strong>Reino Unido<\/strong> sai oficialmente da <strong>Uni\u00e3o Europeia<\/strong> em 29 de mar\u00e7o de 2019. O acordo do Brexit, a ser votado em 14 de mar\u00e7o, estabelece os termos de sa\u00edda do pa\u00eds. Al\u00e9m disso, inclui uma declara\u00e7\u00e3o sobre o esbo\u00e7o das futuras rela\u00e7\u00f5es entre o Reino Unido e o bloco comercial. Mas isso s\u00f3 ser\u00e1 feito se aprovado pelo Parlamento brit\u00e2nico.<\/p>\n<h2>O voto de desconfian\u00e7a de Theresa May<\/h2>\n<p>Theresa May se manteve como primeira-ministra do Reino Unido ap\u00f3s enfrentar um voto de desconfian\u00e7a no Parlamento brit\u00e2nico na \u00faltima quarta (12). Ela conseguiu apoio necess\u00e1rio para continuar \u00e0 frente do partido e, portanto, seguiu no cargo.<\/p>\n<p>O voto de desconfian\u00e7a \u00e9 um processo comum em regimes parlamentaristas. Ele permite que seja questionada a lideran\u00e7a de determinado pol\u00edtico por seu pr\u00f3prio partido, podendo levar ou n\u00e3o ao seu afastamento. A crise gerada pelo Brexit, o acordo para a sa\u00edda do Reino Unido da Uni\u00e3o Europeia, levou Theresa May a esse processo.<\/p>\n<p><a href=\"https:\/\/www.suno.com.br\/noticias\/theresa-may-vence-voto-desconfianca\/\">Saiba mais: Theresa May vence voto de desconfian\u00e7a e continua no cargo<\/a><\/p>\n<p>O voto de desconfian\u00e7a foi convocado ap\u00f3s Graham Brady ter coletado as 48 cartas necess\u00e1rias usar o dispositivo. Desta forma, a premi\u00ea precisava do apoio de 158 dos 315 parlamentares do Partido Conservador para sobreviver no cargo. Conseguiu 200 deles.<\/p>\n<p>\u201cFoi um dia longo e desafiador. Mas ao fim dele, tive o prazer de receber o apoio dos meus colegas na vota\u00e7\u00e3o desta noite. Estou grata por esse apoio. Um n\u00famero significativo de colegas votou contra mim e eu vou ouvir o que eles t\u00eam a dizer\u201d, declarou <strong>Theresa May<\/strong> ap\u00f3s a vota\u00e7\u00e3o do voto de desconfian\u00e7a. \u201cPrecisamos agora seguir com o trabalho de entregar o <strong>Brexit<\/strong> aos brit\u00e2nicos\u201d.<\/p>\n","protected":false},"excerpt":{"rendered":"<p>O Parlamento brit\u00e2nico vai votar o acordo para a retirada do Reino Unidos da Uni\u00e3o Europeia em 14 de janeiro. O an\u00fancio foi dado pela primeira-ministra Theresa May, do Partido Conservador, no Parlamento nesta segunda (17). Parlamento brit\u00e2nico votar\u00e1 plano B do Brexit no fim do m\u00eas. (divulga\u00e7\u00e3o) A sa\u00edda do Reino Unido do bloco [&hellip;]<\/p>\n","protected":false},"author":13,"featured_media":8264,"comment_status":"closed","ping_status":"closed","sticky":false,"template":"","format":"standard","meta":[],"categories":[63],"tags":[753,730,853],"suno_strategy":[],"class_list":["post-9166","post","type-post","status-publish","format-standard","has-post-thumbnail","hentry","category-internacional","tag-brexit","tag-reino-unido","tag-theresa-may"],"yoast_head":"<!-- This site is optimized with the Yoast SEO plugin v24.4 - https:\/\/yoast.com\/wordpress\/plugins\/seo\/ -->\n<title>Theresa May diz que o Brexit ser\u00e1 votado em 14 de janeiro<\/title>\n<meta name=\"description\" content=\"O Parlamento brit\u00e2nico vai votar o acordo para a retirada do Reino Unidos da Uni\u00e3o Europeia em 14 de janeiro de 2019. Clique para saber mais.\" \/>\n<meta name=\"robots\" content=\"index, follow, max-snippet:-1, max-image-preview:large, max-video-preview:-1\" \/>\n<link rel=\"canonical\" href=\"https:\/\/www.suno.com.br\/noticias\/theresa-may-brexit-14-janeiro\/\" \/>\n<meta property=\"og:locale\" content=\"pt_BR\" \/>\n<meta property=\"og:type\" content=\"article\" \/>\n<meta property=\"og:title\" content=\"Theresa May diz que o Brexit ser\u00e1 votado em 14 de janeiro\" \/>\n<meta property=\"og:description\" content=\"O Parlamento brit\u00e2nico vai votar o acordo para a retirada do Reino Unidos da Uni\u00e3o Europeia em 14 de janeiro de 2019. Clique para saber mais.\" \/>\n<meta property=\"og:url\" content=\"https:\/\/www.suno.com.br\/noticias\/theresa-may-brexit-14-janeiro\/\" \/>\n<meta property=\"og:site_name\" content=\"Suno Not\u00edcias\" \/>\n<meta property=\"article:publisher\" content=\"https:\/\/facebook.com\/sunoresearch\" \/>\n<meta property=\"og:image\" content=\"https:\/\/files.sunoresearch.com.br\/n\/uploads\/2018\/12\/6dade889-brexit.jpg\" \/>\n\t<meta property=\"og:image:width\" content=\"660\" \/>\n\t<meta property=\"og:image:height\" content=\"371\" \/>\n\t<meta property=\"og:image:type\" content=\"image\/jpeg\" \/>\n<meta name=\"author\" content=\"Guilherme Caetano\" \/>\n<meta name=\"twitter:card\" content=\"summary_large_image\" \/>\n<meta name=\"twitter:creator\" content=\"@sunoresearch\" \/>\n<meta name=\"twitter:site\" content=\"@sunoresearch\" \/>\n<meta name=\"twitter:label1\" content=\"Escrito por\" \/>\n\t<meta name=\"twitter:data1\" content=\"Guilherme Caetano\" \/>\n\t<meta name=\"twitter:label2\" content=\"Est. tempo de leitura\" \/>\n\t<meta name=\"twitter:data2\" content=\"2 minutos\" \/>\n<script type=\"application\/ld+json\" class=\"yoast-schema-graph\">{\"@context\":\"https:\/\/schema.org\",\"@graph\":[{\"@type\":\"NewsArticle\",\"@id\":\"https:\/\/www.suno.com.br\/noticias\/theresa-may-brexit-14-janeiro\/#article\",\"isPartOf\":{\"@id\":\"https:\/\/www.suno.com.br\/noticias\/theresa-may-brexit-14-janeiro\/\"},\"author\":{\"name\":\"Guilherme Caetano\",\"@id\":\"https:\/\/www.suno.com.br\/noticias\/#\/schema\/person\/0d0c9687cd2f600c564f25980c140de9\"},\"headline\":\"Theresa May diz que o Brexit ser\u00e1 votado em 14 de janeiro\",\"datePublished\":\"2018-12-17T17:58:46+00:00\",\"dateModified\":\"2018-12-17T18:19:28+00:00\",\"mainEntityOfPage\":{\"@id\":\"https:\/\/www.suno.com.br\/noticias\/theresa-may-brexit-14-janeiro\/\"},\"wordCount\":499,\"publisher\":{\"@id\":\"https:\/\/www.suno.com.br\/noticias\/#organization\"},\"image\":{\"@id\":\"https:\/\/www.suno.com.br\/noticias\/theresa-may-brexit-14-janeiro\/#primaryimage\"},\"thumbnailUrl\":\"https:\/\/files.sunoresearch.com.br\/n\/uploads\/2018\/12\/6dade889-brexit-jpg.webp\",\"keywords\":[\"Brexit\",\"Reino Unido\",\"Theresa May\"],\"articleSection\":[\"Internacional\"],\"inLanguage\":\"pt-BR\"},{\"@type\":\"WebPage\",\"@id\":\"https:\/\/www.suno.com.br\/noticias\/theresa-may-brexit-14-janeiro\/\",\"url\":\"https:\/\/www.suno.com.br\/noticias\/theresa-may-brexit-14-janeiro\/\",\"name\":\"Theresa May diz que o Brexit ser\u00e1 votado em 14 de janeiro\",\"isPartOf\":{\"@id\":\"https:\/\/www.suno.com.br\/noticias\/#website\"},\"primaryImageOfPage\":{\"@id\":\"https:\/\/www.suno.com.br\/noticias\/theresa-may-brexit-14-janeiro\/#primaryimage\"},\"image\":{\"@id\":\"https:\/\/www.suno.com.br\/noticias\/theresa-may-brexit-14-janeiro\/#primaryimage\"},\"thumbnailUrl\":\"https:\/\/files.sunoresearch.com.br\/n\/uploads\/2018\/12\/6dade889-brexit-jpg.webp\",\"datePublished\":\"2018-12-17T17:58:46+00:00\",\"dateModified\":\"2018-12-17T18:19:28+00:00\",\"description\":\"O Parlamento brit\u00e2nico vai votar o acordo para a retirada do Reino Unidos da Uni\u00e3o Europeia em 14 de janeiro de 2019. Clique para saber mais.\",\"breadcrumb\":{\"@id\":\"https:\/\/www.suno.com.br\/noticias\/theresa-may-brexit-14-janeiro\/#breadcrumb\"},\"inLanguage\":\"pt-BR\",\"potentialAction\":[{\"@type\":\"ReadAction\",\"target\":[\"https:\/\/www.suno.com.br\/noticias\/theresa-may-brexit-14-janeiro\/\"]}]},{\"@type\":\"ImageObject\",\"inLanguage\":\"pt-BR\",\"@id\":\"https:\/\/www.suno.com.br\/noticias\/theresa-may-brexit-14-janeiro\/#primaryimage\",\"url\":\"https:\/\/files.sunoresearch.com.br\/n\/uploads\/2018\/12\/6dade889-brexit-jpg.webp\",\"contentUrl\":\"https:\/\/files.sunoresearch.com.br\/n\/uploads\/2018\/12\/6dade889-brexit-jpg.webp\",\"width\":660,\"height\":371,\"caption\":\"Parlamento brit\u00e2nico votar\u00e1 plano B do Brexit no fim do m\u00eas. (divulga\u00e7\u00e3o)\"},{\"@type\":\"BreadcrumbList\",\"@id\":\"https:\/\/www.suno.com.br\/noticias\/theresa-may-brexit-14-janeiro\/#breadcrumb\",\"itemListElement\":[{\"@type\":\"ListItem\",\"position\":1,\"name\":\"Not\u00edcias\",\"item\":\"https:\/\/www.suno.com.br\/noticias\/\"},{\"@type\":\"ListItem\",\"position\":2,\"name\":\"Internacional\",\"item\":\"https:\/\/www.suno.com.br\/noticias\/internacional\/\"},{\"@type\":\"ListItem\",\"position\":3,\"name\":\"Theresa May diz que o Brexit ser\u00e1 votado em 14 de janeiro\"}]},{\"@type\":\"WebSite\",\"@id\":\"https:\/\/www.suno.com.br\/noticias\/#website\",\"url\":\"https:\/\/www.suno.com.br\/noticias\/\",\"name\":\"Suno Not\u00edcias\",\"description\":\"Seu portal de informa\u00e7\u00e3o sobre o mundo dos investimentos\",\"publisher\":{\"@id\":\"https:\/\/www.suno.com.br\/noticias\/#organization\"},\"potentialAction\":[{\"@type\":\"SearchAction\",\"target\":{\"@type\":\"EntryPoint\",\"urlTemplate\":\"https:\/\/www.suno.com.br\/noticias\/?s={search_term_string}\"},\"query-input\":{\"@type\":\"PropertyValueSpecification\",\"valueRequired\":true,\"valueName\":\"search_term_string\"}}],\"inLanguage\":\"pt-BR\"},{\"@type\":\"Organization\",\"@id\":\"https:\/\/www.suno.com.br\/noticias\/#organization\",\"name\":\"Suno Not\u00edcias\",\"url\":\"https:\/\/www.suno.com.br\/noticias\/\",\"logo\":{\"@type\":\"ImageObject\",\"inLanguage\":\"pt-BR\",\"@id\":\"https:\/\/www.suno.com.br\/noticias\/#\/schema\/logo\/image\/\",\"url\":\"https:\/\/files.sunoresearch.com.br\/n\/uploads\/2021\/09\/suno-logo.png\",\"contentUrl\":\"https:\/\/files.sunoresearch.com.br\/n\/uploads\/2021\/09\/suno-logo.png\",\"width\":180,\"height\":180,\"caption\":\"Suno Not\u00edcias\"},\"image\":{\"@id\":\"https:\/\/www.suno.com.br\/noticias\/#\/schema\/logo\/image\/\"},\"sameAs\":[\"https:\/\/facebook.com\/sunoresearch\",\"https:\/\/x.com\/sunoresearch\",\"https:\/\/www.instagram.com\/suno\",\"https:\/\/www.linkedin.com\/company\/suno-research\/\",\"https:\/\/www.youtube.com\/c\/sunoresearch\"]},{\"@type\":\"Person\",\"@id\":\"https:\/\/www.suno.com.br\/noticias\/#\/schema\/person\/0d0c9687cd2f600c564f25980c140de9\",\"name\":\"Guilherme Caetano\",\"image\":{\"@type\":\"ImageObject\",\"inLanguage\":\"pt-BR\",\"@id\":\"https:\/\/www.suno.com.br\/noticias\/#\/schema\/person\/image\/\",\"url\":\"https:\/\/secure.gravatar.com\/avatar\/e48357351a01702a0d19307070e081bf?s=96&r=g\",\"contentUrl\":\"https:\/\/secure.gravatar.com\/avatar\/e48357351a01702a0d19307070e081bf?s=96&r=g\",\"caption\":\"Guilherme Caetano\"},\"description\":\"Formado em jornalismo pela Escola de Comunica\u00e7\u00f5es e Artes da USP, Guilherme Caetano escreve para o portal de not\u00edcias da Suno Research. Passou pelas reda\u00e7\u00f5es da Folha de S.Paulo e da revista \u00c9poca.\",\"url\":\"https:\/\/www.suno.com.br\/noticias\/author\/guilherme-caetano\/\"}]}<\/script>\n<!-- \/ Yoast SEO plugin. -->","yoast_head_json":{"title":"Theresa May diz que o Brexit ser\u00e1 votado em 14 de janeiro","description":"O Parlamento brit\u00e2nico vai votar o acordo para a retirada do Reino Unidos da Uni\u00e3o Europeia em 14 de janeiro de 2019. Clique para saber mais.","robots":{"index":"index","follow":"follow","max-snippet":"max-snippet:-1","max-image-preview":"max-image-preview:large","max-video-preview":"max-video-preview:-1"},"canonical":"https:\/\/www.suno.com.br\/noticias\/theresa-may-brexit-14-janeiro\/","og_locale":"pt_BR","og_type":"article","og_title":"Theresa May diz que o Brexit ser\u00e1 votado em 14 de janeiro","og_description":"O Parlamento brit\u00e2nico vai votar o acordo para a retirada do Reino Unidos da Uni\u00e3o Europeia em 14 de janeiro de 2019. Clique para saber mais.","og_url":"https:\/\/www.suno.com.br\/noticias\/theresa-may-brexit-14-janeiro\/","og_site_name":"Suno Not\u00edcias","article_publisher":"https:\/\/facebook.com\/sunoresearch","og_image":[{"width":660,"height":371,"url":"https:\/\/files.sunoresearch.com.br\/n\/uploads\/2018\/12\/6dade889-brexit.jpg","type":"image\/jpeg"}],"author":"Guilherme Caetano","twitter_card":"summary_large_image","twitter_creator":"@sunoresearch","twitter_site":"@sunoresearch","twitter_misc":{"Escrito por":"Guilherme Caetano","Est. tempo de leitura":"2 minutos"},"schema":{"@context":"https:\/\/schema.org","@graph":[{"@type":"NewsArticle","@id":"https:\/\/www.suno.com.br\/noticias\/theresa-may-brexit-14-janeiro\/#article","isPartOf":{"@id":"https:\/\/www.suno.com.br\/noticias\/theresa-may-brexit-14-janeiro\/"},"author":{"name":"Guilherme Caetano","@id":"https:\/\/www.suno.com.br\/noticias\/#\/schema\/person\/0d0c9687cd2f600c564f25980c140de9"},"headline":"Theresa May diz que o Brexit ser\u00e1 votado em 14 de janeiro","datePublished":"2018-12-17T17:58:46+00:00","dateModified":"2018-12-17T18:19:28+00:00","mainEntityOfPage":{"@id":"https:\/\/www.suno.com.br\/noticias\/theresa-may-brexit-14-janeiro\/"},"wordCount":499,"publisher":{"@id":"https:\/\/www.suno.com.br\/noticias\/#organization"},"image":{"@id":"https:\/\/www.suno.com.br\/noticias\/theresa-may-brexit-14-janeiro\/#primaryimage"},"thumbnailUrl":"https:\/\/files.sunoresearch.com.br\/n\/uploads\/2018\/12\/6dade889-brexit-jpg.webp","keywords":["Brexit","Reino Unido","Theresa May"],"articleSection":["Internacional"],"inLanguage":"pt-BR"},{"@type":"WebPage","@id":"https:\/\/www.suno.com.br\/noticias\/theresa-may-brexit-14-janeiro\/","url":"https:\/\/www.suno.com.br\/noticias\/theresa-may-brexit-14-janeiro\/","name":"Theresa May diz que o Brexit ser\u00e1 votado em 14 de janeiro","isPartOf":{"@id":"https:\/\/www.suno.com.br\/noticias\/#website"},"primaryImageOfPage":{"@id":"https:\/\/www.suno.com.br\/noticias\/theresa-may-brexit-14-janeiro\/#primaryimage"},"image":{"@id":"https:\/\/www.suno.com.br\/noticias\/theresa-may-brexit-14-janeiro\/#primaryimage"},"thumbnailUrl":"https:\/\/files.sunoresearch.com.br\/n\/uploads\/2018\/12\/6dade889-brexit-jpg.webp","datePublished":"2018-12-17T17:58:46+00:00","dateModified":"2018-12-17T18:19:28+00:00","description":"O Parlamento brit\u00e2nico vai votar o acordo para a retirada do Reino Unidos da Uni\u00e3o Europeia em 14 de janeiro de 2019. Clique para saber mais.","breadcrumb":{"@id":"https:\/\/www.suno.com.br\/noticias\/theresa-may-brexit-14-janeiro\/#breadcrumb"},"inLanguage":"pt-BR","potentialAction":[{"@type":"ReadAction","target":["https:\/\/www.suno.com.br\/noticias\/theresa-may-brexit-14-janeiro\/"]}]},{"@type":"ImageObject","inLanguage":"pt-BR","@id":"https:\/\/www.suno.com.br\/noticias\/theresa-may-brexit-14-janeiro\/#primaryimage","url":"https:\/\/files.sunoresearch.com.br\/n\/uploads\/2018\/12\/6dade889-brexit-jpg.webp","contentUrl":"https:\/\/files.sunoresearch.com.br\/n\/uploads\/2018\/12\/6dade889-brexit-jpg.webp","width":660,"height":371,"caption":"Parlamento brit\u00e2nico votar\u00e1 plano B do Brexit no fim do m\u00eas. (divulga\u00e7\u00e3o)"},{"@type":"BreadcrumbList","@id":"https:\/\/www.suno.com.br\/noticias\/theresa-may-brexit-14-janeiro\/#breadcrumb","itemListElement":[{"@type":"ListItem","position":1,"name":"Not\u00edcias","item":"https:\/\/www.suno.com.br\/noticias\/"},{"@type":"ListItem","position":2,"name":"Internacional","item":"https:\/\/www.suno.com.br\/noticias\/internacional\/"},{"@type":"ListItem","position":3,"name":"Theresa May diz que o Brexit ser\u00e1 votado em 14 de janeiro"}]},{"@type":"WebSite","@id":"https:\/\/www.suno.com.br\/noticias\/#website","url":"https:\/\/www.suno.com.br\/noticias\/","name":"Suno Not\u00edcias","description":"Seu portal de informa\u00e7\u00e3o sobre o mundo dos investimentos","publisher":{"@id":"https:\/\/www.suno.com.br\/noticias\/#organization"},"potentialAction":[{"@type":"SearchAction","target":{"@type":"EntryPoint","urlTemplate":"https:\/\/www.suno.com.br\/noticias\/?s={search_term_string}"},"query-input":{"@type":"PropertyValueSpecification","valueRequired":true,"valueName":"search_term_string"}}],"inLanguage":"pt-BR"},{"@type":"Organization","@id":"https:\/\/www.suno.com.br\/noticias\/#organization","name":"Suno Not\u00edcias","url":"https:\/\/www.suno.com.br\/noticias\/","logo":{"@type":"ImageObject","inLanguage":"pt-BR","@id":"https:\/\/www.suno.com.br\/noticias\/#\/schema\/logo\/image\/","url":"https:\/\/files.sunoresearch.com.br\/n\/uploads\/2021\/09\/suno-logo.png","contentUrl":"https:\/\/files.sunoresearch.com.br\/n\/uploads\/2021\/09\/suno-logo.png","width":180,"height":180,"caption":"Suno Not\u00edcias"},"image":{"@id":"https:\/\/www.suno.com.br\/noticias\/#\/schema\/logo\/image\/"},"sameAs":["https:\/\/facebook.com\/sunoresearch","https:\/\/x.com\/sunoresearch","https:\/\/www.instagram.com\/suno","https:\/\/www.linkedin.com\/company\/suno-research\/","https:\/\/www.youtube.com\/c\/sunoresearch"]},{"@type":"Person","@id":"https:\/\/www.suno.com.br\/noticias\/#\/schema\/person\/0d0c9687cd2f600c564f25980c140de9","name":"Guilherme Caetano","image":{"@type":"ImageObject","inLanguage":"pt-BR","@id":"https:\/\/www.suno.com.br\/noticias\/#\/schema\/person\/image\/","url":"https:\/\/secure.gravatar.com\/avatar\/e48357351a01702a0d19307070e081bf?s=96&r=g","contentUrl":"https:\/\/secure.gravatar.com\/avatar\/e48357351a01702a0d19307070e081bf?s=96&r=g","caption":"Guilherme Caetano"},"description":"Formado em jornalismo pela Escola de Comunica\u00e7\u00f5es e Artes da USP, Guilherme Caetano escreve para o portal de not\u00edcias da Suno Research. Passou pelas reda\u00e7\u00f5es da Folha de S.Paulo e da revista \u00c9poca.","url":"https:\/\/www.suno.com.br\/noticias\/author\/guilherme-caetano\/"}]}},"default_loop_html":"<div class=\"cardsPage__listCard__boxs\"><div class=\"cardsPage__listCard__boxs__img\"><a href=\"https:\/\/www.suno.com.br\/noticias\/theresa-may-brexit-14-janeiro\/\"><img class=\"mask\" src=\"https:\/\/www.suno.com.br\/noticias\/wp-content\/themes\/suno\/resources\/images\/spotlight\/spotlight1img\/bg-mask.png\" alt=\"Image Mask\"\/><img src=\"https:\/\/files.sunoresearch.com.br\/n\/uploads\/2018\/12\/6dade889-brexit-400x200.webp\" alt=\"Theresa May diz que o Brexit ser\u00e1 votado em 14 de janeiro\"\/><\/a><span class=\"spotlightCategory\"><a href=\"https:\/\/www.suno.com.br\/noticias\/internacional\/\">Internacional<\/a><\/span><\/div><div class=\"cardsPage__listCard__boxs__content\"><a href=\"https:\/\/www.suno.com.br\/noticias\/theresa-may-brexit-14-janeiro\/\"><h2 class=\"content__title\">Theresa May diz que o Brexit ser\u00e1 votado em 14 de janeiro<\/h2><\/a><div class=\"newsContent__article__meta\"><div class=\"newsContent__article__meta__authorBox\"><a href=\"https:\/\/www.suno.com.br\/noticias\/author\/guilherme-caetano\/\" class=\"authorBox__avatar noMobi\"><img src=\"https:\/\/secure.gravatar.com\/avatar\/e48357351a01702a0d19307070e081bf?s=96&#038;r=g\" alt=\"Guilherme Caetano\"><\/a><div class=\"authorBox__name\"><span>por\n\t\t\t<a href=\"https:\/\/www.suno.com.br\/noticias\/author\/guilherme-caetano\/\"><span itemprop=\"author\">Guilherme Caetano<\/span><\/a><\/span><time datetime=\"2018-12-17T15:58:46-02:00\" itemprop=\"datePublished\">17\/12\/2018 15:58<\/time><\/div><\/div><\/div><\/div><\/div>","single_layout":"posts","amp_enabled":true,"_links":{"self":[{"href":"https:\/\/www.suno.com.br\/noticias\/wp-json\/wp\/v2\/posts\/9166"}],"collection":[{"href":"https:\/\/www.suno.com.br\/noticias\/wp-json\/wp\/v2\/posts"}],"about":[{"href":"https:\/\/www.suno.com.br\/noticias\/wp-json\/wp\/v2\/types\/post"}],"author":[{"embeddable":true,"href":"https:\/\/www.suno.com.br\/noticias\/wp-json\/wp\/v2\/users\/13"}],"replies":[{"embeddable":true,"href":"https:\/\/www.suno.com.br\/noticias\/wp-json\/wp\/v2\/comments?post=9166"}],"version-history":[{"count":0,"href":"https:\/\/www.suno.com.br\/noticias\/wp-json\/wp\/v2\/posts\/9166\/revisions"}],"wp:featuredmedia":[{"embeddable":true,"href":"https:\/\/www.suno.com.br\/noticias\/wp-json\/wp\/v2\/media\/8264"}],"wp:attachment":[{"href":"https:\/\/www.suno.com.br\/noticias\/wp-json\/wp\/v2\/media?parent=9166"}],"wp:term":[{"taxonomy":"category","embeddable":true,"href":"https:\/\/www.suno.com.br\/noticias\/wp-json\/wp\/v2\/categories?post=9166"},{"taxonomy":"post_tag","embeddable":true,"href":"https:\/\/www.suno.com.br\/noticias\/wp-json\/wp\/v2\/tags?post=9166"},{"taxonomy":"suno_strategy","embeddable":true,"href":"https:\/\/www.suno.com.br\/noticias\/wp-json\/wp\/v2\/suno_strategy?post=9166"}],"curies":[{"name":"wp","href":"https:\/\/api.w.org\/{rel}","templated":true}]}}