{"id":91618,"date":"2020-10-15T14:21:58","date_gmt":"2020-10-15T17:21:58","guid":{"rendered":"https:\/\/www.suno.com.br\/noticias\/?p=91618"},"modified":"2021-05-11T20:36:51","modified_gmt":"2021-05-11T23:36:51","slug":"na-consumer-coronavirus-ifood","status":"publish","type":"post","link":"https:\/\/www.suno.com.br\/noticias\/na-consumer-coronavirus-ifood\/","title":{"rendered":"Na Consumer, coronav\u00edrus acelerou alta e o &#8220;n\u00e3o&#8221; ao IFood"},"content":{"rendered":"<p>As novas regras de distanciamento social impostas pela pandemia do novo <a href=\"https:\/\/www.suno.com.br\/noticias\/tags\/coronavirus\/\">coronav\u00edrus (covid-19)<\/a> causaram uma revolu\u00e7\u00e3o no setor de <em>food service<\/em>. Se mudan\u00e7as r\u00e1pidas e profundas geralmente aterrorizam quem vivencia tal instante, a startup <strong>Consumer<\/strong> jura que curte o momento intenso.<\/p>\t<div class=\"wrapper-featured-image\">\n\t\t<figure class=\"spotlightImg\">\n\n\t\t\t<picture>\n\t\t\t\t<source media=\"(max-width: 768px)\" srcset=\"https:\/\/files.sunoresearch.com.br\/n\/uploads\/2020\/10\/ce601431-img_1222-400x200.jpg\">\n\t\t\t\t<img loading=\"lazy\" decoding=\"async\" class=\"newsContent__article__imgCapa lazyloadDisabled \" src=\"https:\/\/files.sunoresearch.com.br\/n\/uploads\/2020\/10\/ce601431-img_1222-800x450.jpg\" width=\"800\" height=\"450\" alt=\"Na Consumer, coronav\u00edrus acelerou alta e o &#8220;n\u00e3o&#8221; ao IFood\" fetchpriority=high \/>\n\t\t\t<\/picture>\n\n\t\t\t<figcaption class=\"wp-caption-text wp-caption-text--show\">Segundo CEO da Consumer, Renato Almeida, empresa de food service deve crescer cerca de 150% em 2020<\/figcaption>\n\t\t<\/figure>\n\t<\/div>\n\n\n<div class=\"hubspot-form-wrapper\">\n\t<div id=\"single-form-target\"><\/div>\n<\/div>\n\n<p>Apesar de o setor de <em>food service<\/em> como um todo ter uma proje\u00e7\u00e3o de queda de cerca de 26% no faturamento, segundo pesquisa da Associa\u00e7\u00e3o Brasileira de Franchising (ABF), a import\u00e2ncia do delivery no faturamento das empresas do setor passou de 18% no ano passado para uma estimativa de 36% em 2020, de acordo com o estudo. Essa alta abriu uma avenida para quem j\u00e1 estava posicionado no mercado, como no caso da Consumer.<\/p>\n<p>A startup, com sede em S\u00e3o Jos\u00e9 do Rio Preto (SP) e fundada em 2010, oferece servi\u00e7os online de gest\u00e3o, al\u00e9m de um <a href=\"https:\/\/www.suno.com.br\/artigos\/marketplace\/\">marketplace<\/a> para <strong>restaurantes<\/strong> e card\u00e1pios digitais. Apesar de n\u00e3o revelar os n\u00fameros concretos, a companhia afirma que gra\u00e7as a alta da demanda por produtos online deve crescer 150% neste ano ante 2019.<\/p>\n<p><a href=\"https:\/\/lp.suno.com.br\/suno-one\/\">Suno One: acesse gratuitamente eBooks, Minicursos, Artigos e Video Aulas sobre investimentos com um \u00fanico cadastro. Clique para saber mais!<\/a><\/p>\n<p>&#8220;De uma hora para outra, as empresas se viram obrigados a vender online, como se relacionar com o cliente e o canal de delivery, de venda online, que antes da pandemia era opcional&#8221;, disse ao <strong>SUNO Not\u00edcias<\/strong>, Renato Almeida, CEO da Costumer.<\/p>\n<p>&#8220;Nosso servi\u00e7o de acesso passou de 2 milh\u00f5es para 12 milh\u00f5es de pedidos por m\u00eas&#8221;, afirmou. &#8220;Sem ganhar comiss\u00e3o do cliente e s\u00f3 oferecendo tecnologia para concorrer com as demais empresas&#8221;, disse Almeida.<\/p>\n<p>A Costumer conta com 60 colaboradores e cerca de 30 mil clientes espalhados pelo Brasil, que pagam a partir de R$ 39,90 por m\u00eas para ter acesso a um pacote de recursos.<\/p>\n<h2>N\u00e3o para Ifood e sem medo dos grandes players<\/h2>\n<p>Com o aumento da digitaliza\u00e7\u00e3o do setor, os grandes players, com uma pegada digital, como <strong>Magazine Luiza<\/strong> e <strong>Ambev<\/strong>, compraram empresas do setor. Outros, como <strong>Ifood<\/strong> e <strong>Rappi<\/strong>, potencializaram suas opera\u00e7\u00f5es, enquanto o mercado ainda aguarda a chegada de outras companhias, como a <strong>B2W<\/strong>, por exemplo.<\/p>\n<p>A chegada desses pesos pesados no setor, contudo, n\u00e3o assusta o CEO da Consumer. Enquanto <a href=\"https:\/\/www.suno.com.br\/noticias\/magazine-luiza-mglu3-startup-delivery-aiqfome\/\">a Magazine Luiza comprou a startup paranaense de entrega de alimentos &#8216;AiQFome<\/a>&#8216;, a Ambev investiu na startup Get In.<\/p>\n<p>&#8220;Mesmo com a chegada dos grandes players, continuamos otimistas pois essas empresas com muito dinheiro perdem um pouco de tempo com aquisi\u00e7\u00e3o, gerenciamento dos novos times, integra\u00e7\u00e3o, enquanto isso continuamos com uma equipe focada em ofertar as solu\u00e7\u00f5es&#8221;, disse o CEO.<\/p>\n\t<div data-element=\"shortcode-read-more\" class=\"knowMore\">\n\t\t\t\t<span class=\"knowMore__title\">Saiba mais<\/span>\n\t\t\t\t<a class=\"knowMore__link\" href=\"https:\/\/www.suno.com.br\/noticias\/goomer-viu-na-pandemia\/\">\n\t\t\tGoomer viu na pandemia a oportunidade; agora \u00e9 hora de rentabilizar\t\t<\/a>\n\t<\/div>\n\n\n<p>Agora, de olho nas concorrentes de maior porte, a empresa tamb\u00e9m anunciou uma parceria com o Google para auxiliar pequenas e m\u00e9dias empresas.<\/p>\n<p>Pelo aplicativo chamado de MenuDino,\u00a0 o empres\u00e1rio pode, de forma gratuita, criar seu pr\u00f3prio site de delivery e receber os pedidos via WhatsApp -sem taxa de comiss\u00e3o das vendas.<\/p>\n<p>Al\u00e9m de descartar a preocupa\u00e7\u00e3o, o CEO conta que acabou por rejeitar duas ofertas do Ifood nos \u00faltimos anos e cr\u00ea que possa continuar a concorrer no mercado gra\u00e7as ao foco exclusivo no <em>food service<\/em>.<\/p>\n<p>Segundo Renato Almeida. o n\u00e3o s\u00f3 foi poss\u00edvel gra\u00e7as a pol\u00edtica de n\u00e3o queimar caixa para crescer, que, agora, com a pandemia, s\u00f3 ganhou import\u00e2ncia.<\/p>\n<p>&#8220;Mesmo h\u00e1 2 anos, quando o Ifood tentou a primeira aquisi\u00e7\u00e3o, felizmente, est\u00e1vamos na contram\u00e3o de startups que queimam caixa&#8221;, completou o CEO.<\/p>\n<h2>Consumer prev\u00ea manuten\u00e7\u00e3o do boom digital<\/h2>\n<p>Se os grandes players de varejo e da alimenta\u00e7\u00e3o est\u00e3o chegando nesse momento \u00e9 que, no m\u00ednimo, acreditam no potencial do setor.<\/p>\n<p>Para a Consumer, a valoriza\u00e7\u00e3o da marca do restaurante pr\u00f3prio, e a n\u00e3o cobran\u00e7a de taxa sobre os pedidos traz um diferencial ao servi\u00e7o de marketplace que a startup oferece e deve manter a demanda digital em alta no curto e m\u00e9dio prazo.<\/p>\n<p>No Ifood, por exemplo, o percentual chega a 30% do valor do pedido.<\/p>\n<p>&#8220;Tanto a solu\u00e7\u00e3o de marketplace e, agora com a reabertura, a de auto atendimento na mesa com o card\u00e1pio QR Code, permanecem tendo uma procura enorme tamb\u00e9m&#8221;, disse o CEO.<\/p>\n<p>Grande desafio das startups, dar lucro j\u00e1 n\u00e3o \u00e9 mais fator de preocupa\u00e7\u00e3o para a Consumer, segundo Renato Almeida.<\/p>\n<p>&#8220;J\u00e1 rentabilizamos h\u00e1 10 anos. Tem muitas startups surgindo s\u00f3 buscando market share, mas a pandemia chegou com milhares de clientes nos pagando, em um saud\u00e1vel processo&#8221;, disse.<\/p>\n<p>Para continuar gerando caixa, a Consumer prepara agora uma solu\u00e7\u00e3o para tentar reduzir no piloto em 30% o tempo de entrega de delivery.<\/p>\n<p>&#8220;Um pedido chega para a produ\u00e7\u00e3o e hoje muitos restaurantes n\u00e3o tem intelig\u00eancia log\u00edstica. Eles fazem na sequencia e entregam para o motoqueiro&#8221;, explicou.<\/p>\n<p>&#8220;Ent\u00e3o vamos desenvolver uma solu\u00e7\u00e3o que os pedidos, conforme chegam, s\u00e3o represados nesse software, que come\u00e7a a fazer uma s\u00e9rie de c\u00e1lculos de proximidade e rotas, e depois j\u00e1 sugere qual a sequencia dos pedidos produzidos e entregues&#8221;, disse o CEO da <strong>Consumer<\/strong>.<\/p>\n\t<p>\n\t\t<a href=\"https:\/\/lp.suno.com.br\/planilha-de-controle-de-investimentos\/\" target=\"_blank\" data-element=\"shortcode-suno-banner\" title=\"Banner SUNO, clique e saiba mais\">\n\t\t\t<picture>\n\t\t\t\t<source media=\"(max-width: 500px)\" srcset=\"https:\/\/files.sunoresearch.com.br\/n\/uploads\/2023\/03\/400x300-Controle-de-Investimentos.png\">\n\t\t\t\t<img class=\"newsContent__article__imgCapa newsContent__article__imgCapa--banner\"\n\t\t\t\t\tsrc=\"https:\/\/files.sunoresearch.com.br\/n\/uploads\/2023\/03\/1420x240-Controle-de-Investimentos.png\"\n\t\t\t\t\tdata-promo-id=\"75934\"\t\t\t\t\t\t\t\t\t\twidth='1420' height='240'\t\t\t\t\talt=\"https:\/\/files.sunoresearch.com.br\/n\/uploads\/2023\/03\/1420x240-Controle-de-Investimentos.png\"\n\t\t\t\t>\n\t\t\t<\/picture>\n\t\t<\/a>\n\t<\/p>\n\n\n","protected":false},"excerpt":{"rendered":"<p>As novas regras de distanciamento social impostas pela pandemia do novo coronav\u00edrus (covid-19) causaram uma revolu\u00e7\u00e3o no setor de food service. Se mudan\u00e7as r\u00e1pidas e profundas geralmente aterrorizam quem vivencia tal instante, a startup Consumer jura que curte o momento intenso. Segundo CEO da Consumer, Renato Almeida, empresa de food service deve crescer cerca de [&hellip;]<\/p>\n","protected":false},"author":27,"featured_media":91752,"comment_status":"closed","ping_status":"closed","sticky":false,"template":"","format":"standard","meta":[],"categories":[64],"tags":[1228,976,708],"suno_strategy":[],"class_list":["post-91618","post","type-post","status-publish","format-standard","has-post-thumbnail","hentry","category-negocios","tag-ifood","tag-rappi","tag-startups"],"yoast_head":"<!-- This site is optimized with the Yoast SEO plugin v24.4 - https:\/\/yoast.com\/wordpress\/plugins\/seo\/ -->\n<title>Na Consumer, coronav\u00edrus acelerou alta e o &quot;n\u00e3o&quot; ao IFood<\/title>\n<meta name=\"description\" content=\"Segundo CEO da Consumer, Renato Almeida, empresa de food service deve crescer cerca de 150% em 2020. Clique aqui para ler mais.\" \/>\n<meta name=\"robots\" content=\"index, follow, max-snippet:-1, max-image-preview:large, max-video-preview:-1\" \/>\n<link rel=\"canonical\" href=\"https:\/\/www.suno.com.br\/noticias\/na-consumer-coronavirus-ifood\/\" \/>\n<meta property=\"og:locale\" content=\"pt_BR\" \/>\n<meta property=\"og:type\" content=\"article\" \/>\n<meta property=\"og:title\" content=\"Na Consumer, coronav\u00edrus acelerou alta e o &quot;n\u00e3o&quot; ao IFood\" \/>\n<meta property=\"og:description\" content=\"Segundo CEO da Consumer, Renato Almeida, empresa de food service deve crescer cerca de 150% em 2020. Clique aqui para ler mais.\" \/>\n<meta property=\"og:url\" content=\"https:\/\/www.suno.com.br\/noticias\/na-consumer-coronavirus-ifood\/\" \/>\n<meta property=\"og:site_name\" content=\"Suno Not\u00edcias\" \/>\n<meta property=\"article:publisher\" content=\"https:\/\/facebook.com\/sunoresearch\" \/>\n<meta property=\"og:image\" content=\"https:\/\/files.sunoresearch.com.br\/n\/uploads\/2020\/10\/ce601431-img_1222-scaled.jpg\" \/>\n\t<meta property=\"og:image:width\" content=\"2560\" \/>\n\t<meta property=\"og:image:height\" content=\"1706\" \/>\n\t<meta property=\"og:image:type\" content=\"image\/jpeg\" \/>\n<meta name=\"author\" content=\"Vinicius Pereira\" \/>\n<meta name=\"twitter:card\" content=\"summary_large_image\" \/>\n<meta name=\"twitter:creator\" content=\"@https:\/\/twitter.com\/viniciuspjornal\" \/>\n<meta name=\"twitter:site\" content=\"@sunoresearch\" \/>\n<meta name=\"twitter:label1\" content=\"Escrito por\" \/>\n\t<meta name=\"twitter:data1\" content=\"Vinicius Pereira\" \/>\n\t<meta name=\"twitter:label2\" content=\"Est. tempo de leitura\" \/>\n\t<meta name=\"twitter:data2\" content=\"4 minutos\" \/>\n<script type=\"application\/ld+json\" class=\"yoast-schema-graph\">{\"@context\":\"https:\/\/schema.org\",\"@graph\":[{\"@type\":\"NewsArticle\",\"@id\":\"https:\/\/www.suno.com.br\/noticias\/na-consumer-coronavirus-ifood\/#article\",\"isPartOf\":{\"@id\":\"https:\/\/www.suno.com.br\/noticias\/na-consumer-coronavirus-ifood\/\"},\"author\":{\"name\":\"Vinicius Pereira\",\"@id\":\"https:\/\/www.suno.com.br\/noticias\/#\/schema\/person\/a20761b96e4df7eb57f1f9e41be1dbf3\"},\"headline\":\"Na Consumer, coronav\u00edrus acelerou alta e o &#8220;n\u00e3o&#8221; ao IFood\",\"datePublished\":\"2020-10-15T17:21:58+00:00\",\"dateModified\":\"2021-05-11T23:36:51+00:00\",\"mainEntityOfPage\":{\"@id\":\"https:\/\/www.suno.com.br\/noticias\/na-consumer-coronavirus-ifood\/\"},\"wordCount\":904,\"publisher\":{\"@id\":\"https:\/\/www.suno.com.br\/noticias\/#organization\"},\"image\":{\"@id\":\"https:\/\/www.suno.com.br\/noticias\/na-consumer-coronavirus-ifood\/#primaryimage\"},\"thumbnailUrl\":\"https:\/\/files.sunoresearch.com.br\/n\/uploads\/2020\/10\/ce601431-img_1222-scaled.jpg\",\"keywords\":[\"iFood\",\"Rappi\",\"startups\"],\"articleSection\":[\"Neg\u00f3cios\"],\"inLanguage\":\"pt-BR\"},{\"@type\":\"WebPage\",\"@id\":\"https:\/\/www.suno.com.br\/noticias\/na-consumer-coronavirus-ifood\/\",\"url\":\"https:\/\/www.suno.com.br\/noticias\/na-consumer-coronavirus-ifood\/\",\"name\":\"Na Consumer, coronav\u00edrus acelerou alta e o \\\"n\u00e3o\\\" ao IFood\",\"isPartOf\":{\"@id\":\"https:\/\/www.suno.com.br\/noticias\/#website\"},\"primaryImageOfPage\":{\"@id\":\"https:\/\/www.suno.com.br\/noticias\/na-consumer-coronavirus-ifood\/#primaryimage\"},\"image\":{\"@id\":\"https:\/\/www.suno.com.br\/noticias\/na-consumer-coronavirus-ifood\/#primaryimage\"},\"thumbnailUrl\":\"https:\/\/files.sunoresearch.com.br\/n\/uploads\/2020\/10\/ce601431-img_1222-scaled.jpg\",\"datePublished\":\"2020-10-15T17:21:58+00:00\",\"dateModified\":\"2021-05-11T23:36:51+00:00\",\"description\":\"Segundo CEO da Consumer, Renato Almeida, empresa de food service deve crescer cerca de 150% em 2020. Clique aqui para ler mais.\",\"breadcrumb\":{\"@id\":\"https:\/\/www.suno.com.br\/noticias\/na-consumer-coronavirus-ifood\/#breadcrumb\"},\"inLanguage\":\"pt-BR\",\"potentialAction\":[{\"@type\":\"ReadAction\",\"target\":[\"https:\/\/www.suno.com.br\/noticias\/na-consumer-coronavirus-ifood\/\"]}]},{\"@type\":\"ImageObject\",\"inLanguage\":\"pt-BR\",\"@id\":\"https:\/\/www.suno.com.br\/noticias\/na-consumer-coronavirus-ifood\/#primaryimage\",\"url\":\"https:\/\/files.sunoresearch.com.br\/n\/uploads\/2020\/10\/ce601431-img_1222-scaled.jpg\",\"contentUrl\":\"https:\/\/files.sunoresearch.com.br\/n\/uploads\/2020\/10\/ce601431-img_1222-scaled.jpg\",\"width\":2560,\"height\":1706,\"caption\":\"Segundo CEO da Consumer, Renato Almeida, empresa de food service deve crescer cerca de 150% em 2020\"},{\"@type\":\"BreadcrumbList\",\"@id\":\"https:\/\/www.suno.com.br\/noticias\/na-consumer-coronavirus-ifood\/#breadcrumb\",\"itemListElement\":[{\"@type\":\"ListItem\",\"position\":1,\"name\":\"Not\u00edcias\",\"item\":\"https:\/\/www.suno.com.br\/noticias\/\"},{\"@type\":\"ListItem\",\"position\":2,\"name\":\"Neg\u00f3cios\",\"item\":\"https:\/\/www.suno.com.br\/noticias\/negocios\/\"},{\"@type\":\"ListItem\",\"position\":3,\"name\":\"Na Consumer, coronav\u00edrus acelerou alta e o &#8220;n\u00e3o&#8221; ao IFood\"}]},{\"@type\":\"WebSite\",\"@id\":\"https:\/\/www.suno.com.br\/noticias\/#website\",\"url\":\"https:\/\/www.suno.com.br\/noticias\/\",\"name\":\"Suno Not\u00edcias\",\"description\":\"Seu portal de informa\u00e7\u00e3o sobre o mundo dos investimentos\",\"publisher\":{\"@id\":\"https:\/\/www.suno.com.br\/noticias\/#organization\"},\"potentialAction\":[{\"@type\":\"SearchAction\",\"target\":{\"@type\":\"EntryPoint\",\"urlTemplate\":\"https:\/\/www.suno.com.br\/noticias\/?s={search_term_string}\"},\"query-input\":{\"@type\":\"PropertyValueSpecification\",\"valueRequired\":true,\"valueName\":\"search_term_string\"}}],\"inLanguage\":\"pt-BR\"},{\"@type\":\"Organization\",\"@id\":\"https:\/\/www.suno.com.br\/noticias\/#organization\",\"name\":\"Suno Not\u00edcias\",\"url\":\"https:\/\/www.suno.com.br\/noticias\/\",\"logo\":{\"@type\":\"ImageObject\",\"inLanguage\":\"pt-BR\",\"@id\":\"https:\/\/www.suno.com.br\/noticias\/#\/schema\/logo\/image\/\",\"url\":\"https:\/\/files.sunoresearch.com.br\/n\/uploads\/2021\/09\/suno-logo.png\",\"contentUrl\":\"https:\/\/files.sunoresearch.com.br\/n\/uploads\/2021\/09\/suno-logo.png\",\"width\":180,\"height\":180,\"caption\":\"Suno Not\u00edcias\"},\"image\":{\"@id\":\"https:\/\/www.suno.com.br\/noticias\/#\/schema\/logo\/image\/\"},\"sameAs\":[\"https:\/\/facebook.com\/sunoresearch\",\"https:\/\/x.com\/sunoresearch\",\"https:\/\/www.instagram.com\/suno\",\"https:\/\/www.linkedin.com\/company\/suno-research\/\",\"https:\/\/www.youtube.com\/c\/sunoresearch\"]},{\"@type\":\"Person\",\"@id\":\"https:\/\/www.suno.com.br\/noticias\/#\/schema\/person\/a20761b96e4df7eb57f1f9e41be1dbf3\",\"name\":\"Vinicius Pereira\",\"image\":{\"@type\":\"ImageObject\",\"inLanguage\":\"pt-BR\",\"@id\":\"https:\/\/www.suno.com.br\/noticias\/#\/schema\/person\/image\/\",\"url\":\"https:\/\/secure.gravatar.com\/avatar\/783866b933198f5cc4c5d03fcc8b1301?s=96&r=g\",\"contentUrl\":\"https:\/\/secure.gravatar.com\/avatar\/783866b933198f5cc4c5d03fcc8b1301?s=96&r=g\",\"caption\":\"Vinicius Pereira\"},\"description\":\"Vinicius Pereira foi rep\u00f3rter de economia da Folha de S.Paulo, stringer do jornal no Canad\u00e1 e colaborador de VEJA. J\u00e1 escreveu tamb\u00e9m para BBC Brasil, The Intercept Brasil e UOL. Tem MBA em Informa\u00e7\u00f5es Econ\u00f4mico-Financeiras e Mercado de Capitais pela FIA\/B3.\",\"sameAs\":[\"https:\/\/x.com\/https:\/\/twitter.com\/viniciuspjornal\"],\"url\":\"https:\/\/www.suno.com.br\/noticias\/author\/vinicius-pereira\/\"}]}<\/script>\n<!-- \/ Yoast SEO plugin. -->","yoast_head_json":{"title":"Na Consumer, coronav\u00edrus acelerou alta e o \"n\u00e3o\" ao IFood","description":"Segundo CEO da Consumer, Renato Almeida, empresa de food service deve crescer cerca de 150% em 2020. Clique aqui para ler mais.","robots":{"index":"index","follow":"follow","max-snippet":"max-snippet:-1","max-image-preview":"max-image-preview:large","max-video-preview":"max-video-preview:-1"},"canonical":"https:\/\/www.suno.com.br\/noticias\/na-consumer-coronavirus-ifood\/","og_locale":"pt_BR","og_type":"article","og_title":"Na Consumer, coronav\u00edrus acelerou alta e o \"n\u00e3o\" ao IFood","og_description":"Segundo CEO da Consumer, Renato Almeida, empresa de food service deve crescer cerca de 150% em 2020. Clique aqui para ler mais.","og_url":"https:\/\/www.suno.com.br\/noticias\/na-consumer-coronavirus-ifood\/","og_site_name":"Suno Not\u00edcias","article_publisher":"https:\/\/facebook.com\/sunoresearch","og_image":[{"width":2560,"height":1706,"url":"https:\/\/files.sunoresearch.com.br\/n\/uploads\/2020\/10\/ce601431-img_1222-scaled.jpg","type":"image\/jpeg"}],"author":"Vinicius Pereira","twitter_card":"summary_large_image","twitter_creator":"@https:\/\/twitter.com\/viniciuspjornal","twitter_site":"@sunoresearch","twitter_misc":{"Escrito por":"Vinicius Pereira","Est. tempo de leitura":"4 minutos"},"schema":{"@context":"https:\/\/schema.org","@graph":[{"@type":"NewsArticle","@id":"https:\/\/www.suno.com.br\/noticias\/na-consumer-coronavirus-ifood\/#article","isPartOf":{"@id":"https:\/\/www.suno.com.br\/noticias\/na-consumer-coronavirus-ifood\/"},"author":{"name":"Vinicius Pereira","@id":"https:\/\/www.suno.com.br\/noticias\/#\/schema\/person\/a20761b96e4df7eb57f1f9e41be1dbf3"},"headline":"Na Consumer, coronav\u00edrus acelerou alta e o &#8220;n\u00e3o&#8221; ao IFood","datePublished":"2020-10-15T17:21:58+00:00","dateModified":"2021-05-11T23:36:51+00:00","mainEntityOfPage":{"@id":"https:\/\/www.suno.com.br\/noticias\/na-consumer-coronavirus-ifood\/"},"wordCount":904,"publisher":{"@id":"https:\/\/www.suno.com.br\/noticias\/#organization"},"image":{"@id":"https:\/\/www.suno.com.br\/noticias\/na-consumer-coronavirus-ifood\/#primaryimage"},"thumbnailUrl":"https:\/\/files.sunoresearch.com.br\/n\/uploads\/2020\/10\/ce601431-img_1222-scaled.jpg","keywords":["iFood","Rappi","startups"],"articleSection":["Neg\u00f3cios"],"inLanguage":"pt-BR"},{"@type":"WebPage","@id":"https:\/\/www.suno.com.br\/noticias\/na-consumer-coronavirus-ifood\/","url":"https:\/\/www.suno.com.br\/noticias\/na-consumer-coronavirus-ifood\/","name":"Na Consumer, coronav\u00edrus acelerou alta e o \"n\u00e3o\" ao IFood","isPartOf":{"@id":"https:\/\/www.suno.com.br\/noticias\/#website"},"primaryImageOfPage":{"@id":"https:\/\/www.suno.com.br\/noticias\/na-consumer-coronavirus-ifood\/#primaryimage"},"image":{"@id":"https:\/\/www.suno.com.br\/noticias\/na-consumer-coronavirus-ifood\/#primaryimage"},"thumbnailUrl":"https:\/\/files.sunoresearch.com.br\/n\/uploads\/2020\/10\/ce601431-img_1222-scaled.jpg","datePublished":"2020-10-15T17:21:58+00:00","dateModified":"2021-05-11T23:36:51+00:00","description":"Segundo CEO da Consumer, Renato Almeida, empresa de food service deve crescer cerca de 150% em 2020. Clique aqui para ler mais.","breadcrumb":{"@id":"https:\/\/www.suno.com.br\/noticias\/na-consumer-coronavirus-ifood\/#breadcrumb"},"inLanguage":"pt-BR","potentialAction":[{"@type":"ReadAction","target":["https:\/\/www.suno.com.br\/noticias\/na-consumer-coronavirus-ifood\/"]}]},{"@type":"ImageObject","inLanguage":"pt-BR","@id":"https:\/\/www.suno.com.br\/noticias\/na-consumer-coronavirus-ifood\/#primaryimage","url":"https:\/\/files.sunoresearch.com.br\/n\/uploads\/2020\/10\/ce601431-img_1222-scaled.jpg","contentUrl":"https:\/\/files.sunoresearch.com.br\/n\/uploads\/2020\/10\/ce601431-img_1222-scaled.jpg","width":2560,"height":1706,"caption":"Segundo CEO da Consumer, Renato Almeida, empresa de food service deve crescer cerca de 150% em 2020"},{"@type":"BreadcrumbList","@id":"https:\/\/www.suno.com.br\/noticias\/na-consumer-coronavirus-ifood\/#breadcrumb","itemListElement":[{"@type":"ListItem","position":1,"name":"Not\u00edcias","item":"https:\/\/www.suno.com.br\/noticias\/"},{"@type":"ListItem","position":2,"name":"Neg\u00f3cios","item":"https:\/\/www.suno.com.br\/noticias\/negocios\/"},{"@type":"ListItem","position":3,"name":"Na Consumer, coronav\u00edrus acelerou alta e o &#8220;n\u00e3o&#8221; ao IFood"}]},{"@type":"WebSite","@id":"https:\/\/www.suno.com.br\/noticias\/#website","url":"https:\/\/www.suno.com.br\/noticias\/","name":"Suno Not\u00edcias","description":"Seu portal de informa\u00e7\u00e3o sobre o mundo dos investimentos","publisher":{"@id":"https:\/\/www.suno.com.br\/noticias\/#organization"},"potentialAction":[{"@type":"SearchAction","target":{"@type":"EntryPoint","urlTemplate":"https:\/\/www.suno.com.br\/noticias\/?s={search_term_string}"},"query-input":{"@type":"PropertyValueSpecification","valueRequired":true,"valueName":"search_term_string"}}],"inLanguage":"pt-BR"},{"@type":"Organization","@id":"https:\/\/www.suno.com.br\/noticias\/#organization","name":"Suno Not\u00edcias","url":"https:\/\/www.suno.com.br\/noticias\/","logo":{"@type":"ImageObject","inLanguage":"pt-BR","@id":"https:\/\/www.suno.com.br\/noticias\/#\/schema\/logo\/image\/","url":"https:\/\/files.sunoresearch.com.br\/n\/uploads\/2021\/09\/suno-logo.png","contentUrl":"https:\/\/files.sunoresearch.com.br\/n\/uploads\/2021\/09\/suno-logo.png","width":180,"height":180,"caption":"Suno Not\u00edcias"},"image":{"@id":"https:\/\/www.suno.com.br\/noticias\/#\/schema\/logo\/image\/"},"sameAs":["https:\/\/facebook.com\/sunoresearch","https:\/\/x.com\/sunoresearch","https:\/\/www.instagram.com\/suno","https:\/\/www.linkedin.com\/company\/suno-research\/","https:\/\/www.youtube.com\/c\/sunoresearch"]},{"@type":"Person","@id":"https:\/\/www.suno.com.br\/noticias\/#\/schema\/person\/a20761b96e4df7eb57f1f9e41be1dbf3","name":"Vinicius Pereira","image":{"@type":"ImageObject","inLanguage":"pt-BR","@id":"https:\/\/www.suno.com.br\/noticias\/#\/schema\/person\/image\/","url":"https:\/\/secure.gravatar.com\/avatar\/783866b933198f5cc4c5d03fcc8b1301?s=96&r=g","contentUrl":"https:\/\/secure.gravatar.com\/avatar\/783866b933198f5cc4c5d03fcc8b1301?s=96&r=g","caption":"Vinicius Pereira"},"description":"Vinicius Pereira foi rep\u00f3rter de economia da Folha de S.Paulo, stringer do jornal no Canad\u00e1 e colaborador de VEJA. J\u00e1 escreveu tamb\u00e9m para BBC Brasil, The Intercept Brasil e UOL. Tem MBA em Informa\u00e7\u00f5es Econ\u00f4mico-Financeiras e Mercado de Capitais pela FIA\/B3.","sameAs":["https:\/\/x.com\/https:\/\/twitter.com\/viniciuspjornal"],"url":"https:\/\/www.suno.com.br\/noticias\/author\/vinicius-pereira\/"}]}},"default_loop_html":"<div class=\"cardsPage__listCard__boxs\"><div class=\"cardsPage__listCard__boxs__img\"><a href=\"https:\/\/www.suno.com.br\/noticias\/na-consumer-coronavirus-ifood\/\"><img class=\"mask\" src=\"https:\/\/www.suno.com.br\/noticias\/wp-content\/themes\/suno\/resources\/images\/spotlight\/spotlight1img\/bg-mask.png\" alt=\"Image Mask\"\/><img src=\"https:\/\/files.sunoresearch.com.br\/n\/uploads\/2020\/10\/ce601431-img_1222-400x200.jpg\" alt=\"Na Consumer, coronav\u00edrus acelerou alta e o &#8220;n\u00e3o&#8221; ao IFood\"\/><\/a><span class=\"spotlightCategory\"><a href=\"https:\/\/www.suno.com.br\/noticias\/negocios\/\">Neg\u00f3cios<\/a><\/span><\/div><div class=\"cardsPage__listCard__boxs__content\"><a href=\"https:\/\/www.suno.com.br\/noticias\/na-consumer-coronavirus-ifood\/\"><h2 class=\"content__title\">Na Consumer, coronav\u00edrus acelerou alta e o &#8220;n\u00e3o&#8221; ao IFood<\/h2><\/a><div class=\"newsContent__article__meta\"><div class=\"newsContent__article__meta__authorBox\"><a href=\"https:\/\/www.suno.com.br\/noticias\/author\/vinicius-pereira\/\" class=\"authorBox__avatar noMobi\"><img src=\"https:\/\/files.sunoresearch.com.br\/n\/uploads\/2020\/08\/77510613-whatsapp-image-2020-08-03-at-13.40.40-150x150.webp\" alt=\"Vinicius Pereira\"><\/a><div class=\"authorBox__name\"><span>por\n\t\t\t<a href=\"https:\/\/www.suno.com.br\/noticias\/author\/vinicius-pereira\/\"><span itemprop=\"author\">Vinicius Pereira<\/span><\/a><\/span><time datetime=\"2020-10-15T14:21:58-03:00\" itemprop=\"datePublished\">15\/10\/2020 14:21<\/time><\/div><\/div><\/div><\/div><\/div>","single_layout":"posts","amp_enabled":true,"_links":{"self":[{"href":"https:\/\/www.suno.com.br\/noticias\/wp-json\/wp\/v2\/posts\/91618"}],"collection":[{"href":"https:\/\/www.suno.com.br\/noticias\/wp-json\/wp\/v2\/posts"}],"about":[{"href":"https:\/\/www.suno.com.br\/noticias\/wp-json\/wp\/v2\/types\/post"}],"author":[{"embeddable":true,"href":"https:\/\/www.suno.com.br\/noticias\/wp-json\/wp\/v2\/users\/27"}],"replies":[{"embeddable":true,"href":"https:\/\/www.suno.com.br\/noticias\/wp-json\/wp\/v2\/comments?post=91618"}],"version-history":[{"count":1,"href":"https:\/\/www.suno.com.br\/noticias\/wp-json\/wp\/v2\/posts\/91618\/revisions"}],"predecessor-version":[{"id":147258,"href":"https:\/\/www.suno.com.br\/noticias\/wp-json\/wp\/v2\/posts\/91618\/revisions\/147258"}],"wp:featuredmedia":[{"embeddable":true,"href":"https:\/\/www.suno.com.br\/noticias\/wp-json\/wp\/v2\/media\/91752"}],"wp:attachment":[{"href":"https:\/\/www.suno.com.br\/noticias\/wp-json\/wp\/v2\/media?parent=91618"}],"wp:term":[{"taxonomy":"category","embeddable":true,"href":"https:\/\/www.suno.com.br\/noticias\/wp-json\/wp\/v2\/categories?post=91618"},{"taxonomy":"post_tag","embeddable":true,"href":"https:\/\/www.suno.com.br\/noticias\/wp-json\/wp\/v2\/tags?post=91618"},{"taxonomy":"suno_strategy","embeddable":true,"href":"https:\/\/www.suno.com.br\/noticias\/wp-json\/wp\/v2\/suno_strategy?post=91618"}],"curies":[{"name":"wp","href":"https:\/\/api.w.org\/{rel}","templated":true}]}}