{"id":91590,"date":"2020-10-15T09:55:42","date_gmt":"2020-10-15T12:55:42","guid":{"rendered":"https:\/\/www.suno.com.br\/noticias\/?p=91590"},"modified":"2021-05-11T20:45:57","modified_gmt":"2021-05-11T23:45:57","slug":"natura-ntco3-sp-eleva-rating-de-bb-para-bb-com-perspectiva-estavel","status":"publish","type":"post","link":"https:\/\/www.suno.com.br\/noticias\/natura-ntco3-sp-eleva-rating-de-bb-para-bb-com-perspectiva-estavel\/","title":{"rendered":"Natura (NTCO3): S&#038;P eleva rating de BB- para BB, com perspectiva est\u00e1vel"},"content":{"rendered":"<p>A <a href=\"https:\/\/www.suno.com.br\/artigos\/agencias-de-rating\/\">ag\u00eancia de risco<\/a> S&amp;P Global elevou o <a href=\"https:\/\/www.suno.com.br\/artigos\/rating\/\">rating<\/a> da <a href=\"https:\/\/www.suno.com.br\/acoes\/ntco3\/\"><strong>Natura<\/strong> &amp; Co Holding S.A. (NTCO3)<\/a> de <a href=\"https:\/\/www.suno.com.br\/artigos\/grau-de-investimento\/\">BB-<\/a> para BB, com perspectiva est\u00e1vel.<\/p>\t<div class=\"wrapper-featured-image\">\n\t\t<figure class=\"spotlightImg\">\n\n\t\t\t<picture>\n\t\t\t\t<source media=\"(max-width: 768px)\" srcset=\"https:\/\/files.sunoresearch.com.br\/n\/uploads\/2019\/06\/ca0f871f-natura-400x200.webp\">\n\t\t\t\t<img loading=\"lazy\" decoding=\"async\" class=\"newsContent__article__imgCapa lazyloadDisabled \" src=\"https:\/\/files.sunoresearch.com.br\/n\/uploads\/2019\/06\/ca0f871f-natura-800x450.webp\" width=\"800\" height=\"450\" alt=\"Natura (NTCO3): S&#038;P eleva rating de BB- para BB, com perspectiva est\u00e1vel\" fetchpriority=high \/>\n\t\t\t<\/picture>\n\n\t\t\t<figcaption class=\"wp-caption-text wp-caption-text--show\">A Natura &amp; CO (NTCO3) informou que realizou o pr\u00e9-pagamento de t\u00edtulos de d\u00edvida (&quot;bonds&quot;) de sua subsidi\u00e1ria Avon.<\/figcaption>\n\t\t<\/figure>\n\t<\/div>\n\n\n<div class=\"hubspot-form-wrapper\">\n\t<div id=\"single-form-target\"><\/div>\n<\/div>\n\n<p>A an\u00e1lise da ag\u00eancia observou a oferta subsequente no \u00e2mbito global (<a href=\"https:\/\/www.suno.com.br\/artigos\/follow-on\/\">follow on<\/a>) da Natura que levantou US$ 5,6 bilh\u00f5es (cerca de R$ 31,52 bilh\u00f5es) no qual o recurso ser\u00e1 utilizado para investimentos de crescimento da companhia e integra\u00e7\u00e3o e recupera\u00e7\u00e3o da <strong>Avon Products<\/strong>.<\/p>\n<p>A S&amp;P Global informou que h\u00e1 riscos com a reformula\u00e7\u00e3o operacional da Avon e uma potencial segunda onda do novo coronav\u00edrus (covid-19), mas o mercado de cosm\u00e9tico apresenta uma recupera\u00e7\u00e3o acima do esperado.<\/p>\n<p><a href=\"https:\/\/lp.suno.com.br\/suno-one\/\">Suno One: acesse gratuitamente eBooks, Minicursos, Artigos e Video Aulas sobre investimentos com um \u00fanico cadastro. Clique para saber mais!<\/a><\/p>\n<p>Segundo a ag\u00eancia, a <strong>Natura<\/strong> tem registrado &#8220;resultados s\u00f3lidos&#8221; nos \u00faltimos meses, devido \u00e0s <strong>vendas digitais<\/strong>.<\/p>\n<h2>Natura define pre\u00e7o por a\u00e7\u00e3o em oferta global de R$ 5,6 bilh\u00f5es<\/h2>\n<p>A <strong>Natura<\/strong> em complemento \u00e0s informa\u00e7\u00f5es apresentadas no dia 30 de setembro de 2020 em Fato Relevante, informou ao mercado em geral que concluiu o <a href=\"https:\/\/www.suno.com.br\/artigos\/bookbuilding\/\">Procedimento de Bookbulilding<\/a>, estabelecendo o pre\u00e7o por a\u00e7\u00e3o de R$46,25, no \u00e2mbito da oferta global (follow on) de R$ 5,6 bilh\u00f5es.<\/p>\n<p>A Natura informou que nesta oferta p\u00fablica ser\u00e3o distribu\u00eddas 121.400.000 a\u00e7\u00f5es ordin\u00e1rias, nominativas, escriturais, sem valor nominal, de emiss\u00e3o da companhia, todas livres e desembara\u00e7adas de quaisquer \u00f4nus ou gravames, inclusive sob a forma de American Depositary Shares (ADSs), representados por <a href=\"https:\/\/www.suno.com.br\/artigos\/adr\/\">American Depositary Receipts (ADRs)<\/a>, realizada simultaneamente no Brasil e no exterior, resultando em um montante total da<strong> oferta global<\/strong> de R$ 5.614.750.000,00.<\/p>\n<p>Segundo a companhia, o valor integral do pre\u00e7o por a\u00e7\u00e3o ser\u00e1 destinado \u00e0 conta de capital social da Natura. Devido ao <a href=\"https:\/\/www.suno.com.br\/artigos\/aumento-capital\/\"><strong>aumento do capital social<\/strong><\/a> da Natura no \u00e2mbito da oferta global, o novo capital social da empresa passar\u00e1 a ser de R$ 12.586.978.409,83, dividido em 1.375.018.140 a\u00e7\u00f5es ordin\u00e1rias, todas nominativas, escriturais e sem valor nominal.<\/p>\n\t<div data-element=\"shortcode-read-more\" class=\"knowMore\">\n\t\t\t\t<span class=\"knowMore__title\">Saiba Mais<\/span>\n\t\t\t\t<a class=\"knowMore__link\" href=\"https:\/\/www.suno.com.br\/noticias\/natura-ntco3-conselho-realizacao-oferta-global-r-6-bi\/\">\n\t\t\tNatura (NTCO3): Conselho aprova realiza\u00e7\u00e3o de oferta global de R$ 6 bi\t\t<\/a>\n\t<\/div>\n\n\n<p>Os recursos levantados na opera\u00e7\u00e3o da Natura ser\u00e3o destinados para investimentos, visando acelerar o crescimento da empresa ao longo dos pr\u00f3ximos tr\u00eas anos e implementar a &#8220;Agenda 2030 \u2013 Compromisso com a Vida&#8221;, que tem como intuito &#8220;moldar um futuro de forma mais sustent\u00e1vel e inclusiva&#8221;, com base em investimentos nas seguintes \u00e1reas estrat\u00e9gicas:<\/p>\n<ul>\n<li>integra\u00e7\u00e3o e a recupera\u00e7\u00e3o da <strong>Avon<\/strong> (focando em um novo modelo comercial, inova\u00e7\u00e3o e rejuvenescimento da marca);<\/li>\n<li>digitaliza\u00e7\u00e3o dos neg\u00f3cios por meio de expans\u00e3o de \u201dsocial selling\u201d, incluindo novos servi\u00e7os e fun\u00e7\u00f5es;<\/li>\n<li>oportunidades de expans\u00e3o geogr\u00e1fica alavancando a companhia em locais onde j\u00e1 est\u00e1 presente;<\/li>\n<li>Agenda 2030 \u2013Compromisso com a Vida, principalmente relacionada ao \u201cPrograma Carbono Zero\u201d, circularidade de ingredientes e embalagens e no desenvolvimento de uma for\u00e7a de trabalho mais diversa e inclusiva, e ao mesmo tempo melhorando a qualidade de vida da rede da companhia.<\/li>\n<\/ul>\n<p>Al\u00e9m disso, a <strong>Natura<\/strong> busca melhorar a estrutura de capital, acelerando a desalavancagem e diminuindo o endividamento em d\u00f3lares norte-americanos, volatilidade da taxa de c\u00e2mbio e altos custos de juros.<\/p>\n\t<p>\n\t\t<a href=\"https:\/\/lp.suno.com.br\/planilha-de-controle-de-investimentos\/\" target=\"_blank\" data-element=\"shortcode-suno-banner\" title=\"Banner SUNO, clique e saiba mais\">\n\t\t\t<picture>\n\t\t\t\t<source media=\"(max-width: 500px)\" srcset=\"https:\/\/files.sunoresearch.com.br\/n\/uploads\/2023\/03\/400x300-Controle-de-Investimentos.png\">\n\t\t\t\t<img class=\"newsContent__article__imgCapa newsContent__article__imgCapa--banner\"\n\t\t\t\t\tsrc=\"https:\/\/files.sunoresearch.com.br\/n\/uploads\/2023\/03\/1420x240-Controle-de-Investimentos.png\"\n\t\t\t\t\tdata-promo-id=\"75934\"\t\t\t\t\t\t\t\t\t\twidth='1420' height='240'\t\t\t\t\talt=\"https:\/\/files.sunoresearch.com.br\/n\/uploads\/2023\/03\/1420x240-Controle-de-Investimentos.png\"\n\t\t\t\t>\n\t\t\t<\/picture>\n\t\t<\/a>\n\t<\/p>\n\n\n","protected":false},"excerpt":{"rendered":"<p>A ag\u00eancia de risco S&amp;P Global elevou o rating da Natura &amp; Co Holding S.A. (NTCO3) de BB- para BB, com perspectiva est\u00e1vel. A Natura &amp; CO (NTCO3) informou que realizou o pr\u00e9-pagamento de t\u00edtulos de d\u00edvida (&quot;bonds&quot;) de sua subsidi\u00e1ria Avon. A an\u00e1lise da ag\u00eancia observou a oferta subsequente no \u00e2mbito global (follow on) [&hellip;]<\/p>\n","protected":false},"author":15,"featured_media":28571,"comment_status":"closed","ping_status":"closed","sticky":false,"template":"","format":"standard","meta":[],"categories":[64],"tags":[574,2337],"suno_strategy":[],"class_list":["post-91590","post","type-post","status-publish","format-standard","has-post-thumbnail","hentry","category-negocios","tag-natura-ntco3","tag-standard-poors-sp"],"yoast_head":"<!-- This site is optimized with the Yoast SEO plugin v24.4 - https:\/\/yoast.com\/wordpress\/plugins\/seo\/ -->\n<title>Natura (NTCO3): S&amp;P eleva para BB, com perspectiva est\u00e1vel<\/title>\n<meta name=\"description\" content=\"A ag\u00eancia de risco S&amp;P Global elevou o rating da Natura (NTCO3) de BB- para BB, com perspectiva est\u00e1vel. Clique aqui e saiba mais\" \/>\n<meta name=\"robots\" content=\"index, follow, max-snippet:-1, max-image-preview:large, max-video-preview:-1\" \/>\n<link rel=\"canonical\" href=\"https:\/\/www.suno.com.br\/noticias\/natura-ntco3-sp-eleva-rating-de-bb-para-bb-com-perspectiva-estavel\/\" \/>\n<meta property=\"og:locale\" content=\"pt_BR\" \/>\n<meta property=\"og:type\" content=\"article\" \/>\n<meta property=\"og:title\" content=\"Natura (NTCO3): S&amp;P eleva para BB, com perspectiva est\u00e1vel\" \/>\n<meta property=\"og:description\" content=\"A ag\u00eancia de risco S&amp;P Global elevou o rating da Natura (NTCO3) de BB- para BB, com perspectiva est\u00e1vel. Clique aqui e saiba mais\" \/>\n<meta property=\"og:url\" content=\"https:\/\/www.suno.com.br\/noticias\/natura-ntco3-sp-eleva-rating-de-bb-para-bb-com-perspectiva-estavel\/\" \/>\n<meta property=\"og:site_name\" content=\"Suno Not\u00edcias\" \/>\n<meta property=\"article:publisher\" content=\"https:\/\/facebook.com\/sunoresearch\" \/>\n<meta property=\"og:image\" content=\"https:\/\/files.sunoresearch.com.br\/n\/uploads\/2019\/06\/ca0f871f-natura.jpg\" \/>\n\t<meta property=\"og:image:width\" content=\"810\" \/>\n\t<meta property=\"og:image:height\" content=\"455\" \/>\n\t<meta property=\"og:image:type\" content=\"image\/jpeg\" \/>\n<meta name=\"author\" content=\"Poliana Santos\" \/>\n<meta name=\"twitter:card\" content=\"summary_large_image\" \/>\n<meta name=\"twitter:creator\" content=\"@sunoresearch\" \/>\n<meta name=\"twitter:site\" content=\"@sunoresearch\" \/>\n<meta name=\"twitter:label1\" content=\"Escrito por\" \/>\n\t<meta name=\"twitter:data1\" content=\"Poliana Santos\" \/>\n\t<meta name=\"twitter:label2\" content=\"Est. tempo de leitura\" \/>\n\t<meta name=\"twitter:data2\" content=\"3 minutos\" \/>\n<script type=\"application\/ld+json\" class=\"yoast-schema-graph\">{\"@context\":\"https:\/\/schema.org\",\"@graph\":[{\"@type\":\"NewsArticle\",\"@id\":\"https:\/\/www.suno.com.br\/noticias\/natura-ntco3-sp-eleva-rating-de-bb-para-bb-com-perspectiva-estavel\/#article\",\"isPartOf\":{\"@id\":\"https:\/\/www.suno.com.br\/noticias\/natura-ntco3-sp-eleva-rating-de-bb-para-bb-com-perspectiva-estavel\/\"},\"author\":{\"name\":\"Poliana Santos\",\"@id\":\"https:\/\/www.suno.com.br\/noticias\/#\/schema\/person\/02ec1f752758247878a2bf4abee1aeda\"},\"headline\":\"Natura (NTCO3): S&#038;P eleva rating de BB- para BB, com perspectiva est\u00e1vel\",\"datePublished\":\"2020-10-15T12:55:42+00:00\",\"dateModified\":\"2021-05-11T23:45:57+00:00\",\"mainEntityOfPage\":{\"@id\":\"https:\/\/www.suno.com.br\/noticias\/natura-ntco3-sp-eleva-rating-de-bb-para-bb-com-perspectiva-estavel\/\"},\"wordCount\":564,\"publisher\":{\"@id\":\"https:\/\/www.suno.com.br\/noticias\/#organization\"},\"image\":{\"@id\":\"https:\/\/www.suno.com.br\/noticias\/natura-ntco3-sp-eleva-rating-de-bb-para-bb-com-perspectiva-estavel\/#primaryimage\"},\"thumbnailUrl\":\"https:\/\/files.sunoresearch.com.br\/n\/uploads\/2019\/06\/ca0f871f-natura.jpg\",\"keywords\":[\"Natura (NTCO3)\",\"Standard &amp; Poor's (S&amp;P)\"],\"articleSection\":[\"Neg\u00f3cios\"],\"inLanguage\":\"pt-BR\"},{\"@type\":\"WebPage\",\"@id\":\"https:\/\/www.suno.com.br\/noticias\/natura-ntco3-sp-eleva-rating-de-bb-para-bb-com-perspectiva-estavel\/\",\"url\":\"https:\/\/www.suno.com.br\/noticias\/natura-ntco3-sp-eleva-rating-de-bb-para-bb-com-perspectiva-estavel\/\",\"name\":\"Natura (NTCO3): S&P eleva para BB, com perspectiva est\u00e1vel\",\"isPartOf\":{\"@id\":\"https:\/\/www.suno.com.br\/noticias\/#website\"},\"primaryImageOfPage\":{\"@id\":\"https:\/\/www.suno.com.br\/noticias\/natura-ntco3-sp-eleva-rating-de-bb-para-bb-com-perspectiva-estavel\/#primaryimage\"},\"image\":{\"@id\":\"https:\/\/www.suno.com.br\/noticias\/natura-ntco3-sp-eleva-rating-de-bb-para-bb-com-perspectiva-estavel\/#primaryimage\"},\"thumbnailUrl\":\"https:\/\/files.sunoresearch.com.br\/n\/uploads\/2019\/06\/ca0f871f-natura.jpg\",\"datePublished\":\"2020-10-15T12:55:42+00:00\",\"dateModified\":\"2021-05-11T23:45:57+00:00\",\"description\":\"A ag\u00eancia de risco S&P Global elevou o rating da Natura (NTCO3) de BB- para BB, com perspectiva est\u00e1vel. Clique aqui e saiba mais\",\"breadcrumb\":{\"@id\":\"https:\/\/www.suno.com.br\/noticias\/natura-ntco3-sp-eleva-rating-de-bb-para-bb-com-perspectiva-estavel\/#breadcrumb\"},\"inLanguage\":\"pt-BR\",\"potentialAction\":[{\"@type\":\"ReadAction\",\"target\":[\"https:\/\/www.suno.com.br\/noticias\/natura-ntco3-sp-eleva-rating-de-bb-para-bb-com-perspectiva-estavel\/\"]}]},{\"@type\":\"ImageObject\",\"inLanguage\":\"pt-BR\",\"@id\":\"https:\/\/www.suno.com.br\/noticias\/natura-ntco3-sp-eleva-rating-de-bb-para-bb-com-perspectiva-estavel\/#primaryimage\",\"url\":\"https:\/\/files.sunoresearch.com.br\/n\/uploads\/2019\/06\/ca0f871f-natura.jpg\",\"contentUrl\":\"https:\/\/files.sunoresearch.com.br\/n\/uploads\/2019\/06\/ca0f871f-natura.jpg\",\"width\":810,\"height\":455,\"caption\":\"A Natura & CO (NTCO3) informou que realizou o pr\u00e9-pagamento de t\u00edtulos de d\u00edvida (\\\"bonds\\\") de sua subsidi\u00e1ria Avon.\"},{\"@type\":\"BreadcrumbList\",\"@id\":\"https:\/\/www.suno.com.br\/noticias\/natura-ntco3-sp-eleva-rating-de-bb-para-bb-com-perspectiva-estavel\/#breadcrumb\",\"itemListElement\":[{\"@type\":\"ListItem\",\"position\":1,\"name\":\"Not\u00edcias\",\"item\":\"https:\/\/www.suno.com.br\/noticias\/\"},{\"@type\":\"ListItem\",\"position\":2,\"name\":\"Neg\u00f3cios\",\"item\":\"https:\/\/www.suno.com.br\/noticias\/negocios\/\"},{\"@type\":\"ListItem\",\"position\":3,\"name\":\"Natura (NTCO3): S&#038;P eleva rating de BB- para BB, com perspectiva est\u00e1vel\"}]},{\"@type\":\"WebSite\",\"@id\":\"https:\/\/www.suno.com.br\/noticias\/#website\",\"url\":\"https:\/\/www.suno.com.br\/noticias\/\",\"name\":\"Suno Not\u00edcias\",\"description\":\"Seu portal de informa\u00e7\u00e3o sobre o mundo dos investimentos\",\"publisher\":{\"@id\":\"https:\/\/www.suno.com.br\/noticias\/#organization\"},\"potentialAction\":[{\"@type\":\"SearchAction\",\"target\":{\"@type\":\"EntryPoint\",\"urlTemplate\":\"https:\/\/www.suno.com.br\/noticias\/?s={search_term_string}\"},\"query-input\":{\"@type\":\"PropertyValueSpecification\",\"valueRequired\":true,\"valueName\":\"search_term_string\"}}],\"inLanguage\":\"pt-BR\"},{\"@type\":\"Organization\",\"@id\":\"https:\/\/www.suno.com.br\/noticias\/#organization\",\"name\":\"Suno Not\u00edcias\",\"url\":\"https:\/\/www.suno.com.br\/noticias\/\",\"logo\":{\"@type\":\"ImageObject\",\"inLanguage\":\"pt-BR\",\"@id\":\"https:\/\/www.suno.com.br\/noticias\/#\/schema\/logo\/image\/\",\"url\":\"https:\/\/files.sunoresearch.com.br\/n\/uploads\/2021\/09\/suno-logo.png\",\"contentUrl\":\"https:\/\/files.sunoresearch.com.br\/n\/uploads\/2021\/09\/suno-logo.png\",\"width\":180,\"height\":180,\"caption\":\"Suno Not\u00edcias\"},\"image\":{\"@id\":\"https:\/\/www.suno.com.br\/noticias\/#\/schema\/logo\/image\/\"},\"sameAs\":[\"https:\/\/facebook.com\/sunoresearch\",\"https:\/\/x.com\/sunoresearch\",\"https:\/\/www.instagram.com\/suno\",\"https:\/\/www.linkedin.com\/company\/suno-research\/\",\"https:\/\/www.youtube.com\/c\/sunoresearch\"]},{\"@type\":\"Person\",\"@id\":\"https:\/\/www.suno.com.br\/noticias\/#\/schema\/person\/02ec1f752758247878a2bf4abee1aeda\",\"name\":\"Poliana Santos\",\"image\":{\"@type\":\"ImageObject\",\"inLanguage\":\"pt-BR\",\"@id\":\"https:\/\/www.suno.com.br\/noticias\/#\/schema\/person\/image\/\",\"url\":\"https:\/\/secure.gravatar.com\/avatar\/0645bd32f23d87b2130f2b2dff1d3f8d?s=96&r=g\",\"contentUrl\":\"https:\/\/secure.gravatar.com\/avatar\/0645bd32f23d87b2130f2b2dff1d3f8d?s=96&r=g\",\"caption\":\"Poliana Santos\"},\"description\":\"Rep\u00f3rter no Suno Not\u00edcias, com cobertura em mercado financeiro, economia, finan\u00e7as pessoais, renda fixa e varejo. Jornalista formada pela Faculdade C\u00e1sper L\u00edbero e possui passagem na R\u00e1dio Gazeta AM com a produ\u00e7\u00e3o de conte\u00fado sobre economia, pol\u00edtica, sa\u00fade, moda e m\u00fasica. Possui certificado de conclus\u00e3o do curso de An\u00e1lise de Balan\u00e7os pela Funda\u00e7\u00e3o Bradesco, Agenda Brasil pela FAAP, Educa\u00e7\u00e3o Pol\u00edtica por Alexandre Garcia e do Tesouro Direto e Mercado de A\u00e7\u00f5es pela B3.\",\"url\":\"https:\/\/www.suno.com.br\/noticias\/author\/poliana-santos\/\"}]}<\/script>\n<!-- \/ Yoast SEO plugin. -->","yoast_head_json":{"title":"Natura (NTCO3): S&P eleva para BB, com perspectiva est\u00e1vel","description":"A ag\u00eancia de risco S&P Global elevou o rating da Natura (NTCO3) de BB- para BB, com perspectiva est\u00e1vel. Clique aqui e saiba mais","robots":{"index":"index","follow":"follow","max-snippet":"max-snippet:-1","max-image-preview":"max-image-preview:large","max-video-preview":"max-video-preview:-1"},"canonical":"https:\/\/www.suno.com.br\/noticias\/natura-ntco3-sp-eleva-rating-de-bb-para-bb-com-perspectiva-estavel\/","og_locale":"pt_BR","og_type":"article","og_title":"Natura (NTCO3): S&P eleva para BB, com perspectiva est\u00e1vel","og_description":"A ag\u00eancia de risco S&P Global elevou o rating da Natura (NTCO3) de BB- para BB, com perspectiva est\u00e1vel. Clique aqui e saiba mais","og_url":"https:\/\/www.suno.com.br\/noticias\/natura-ntco3-sp-eleva-rating-de-bb-para-bb-com-perspectiva-estavel\/","og_site_name":"Suno Not\u00edcias","article_publisher":"https:\/\/facebook.com\/sunoresearch","og_image":[{"width":810,"height":455,"url":"https:\/\/files.sunoresearch.com.br\/n\/uploads\/2019\/06\/ca0f871f-natura.jpg","type":"image\/jpeg"}],"author":"Poliana Santos","twitter_card":"summary_large_image","twitter_creator":"@sunoresearch","twitter_site":"@sunoresearch","twitter_misc":{"Escrito por":"Poliana Santos","Est. tempo de leitura":"3 minutos"},"schema":{"@context":"https:\/\/schema.org","@graph":[{"@type":"NewsArticle","@id":"https:\/\/www.suno.com.br\/noticias\/natura-ntco3-sp-eleva-rating-de-bb-para-bb-com-perspectiva-estavel\/#article","isPartOf":{"@id":"https:\/\/www.suno.com.br\/noticias\/natura-ntco3-sp-eleva-rating-de-bb-para-bb-com-perspectiva-estavel\/"},"author":{"name":"Poliana Santos","@id":"https:\/\/www.suno.com.br\/noticias\/#\/schema\/person\/02ec1f752758247878a2bf4abee1aeda"},"headline":"Natura (NTCO3): S&#038;P eleva rating de BB- para BB, com perspectiva est\u00e1vel","datePublished":"2020-10-15T12:55:42+00:00","dateModified":"2021-05-11T23:45:57+00:00","mainEntityOfPage":{"@id":"https:\/\/www.suno.com.br\/noticias\/natura-ntco3-sp-eleva-rating-de-bb-para-bb-com-perspectiva-estavel\/"},"wordCount":564,"publisher":{"@id":"https:\/\/www.suno.com.br\/noticias\/#organization"},"image":{"@id":"https:\/\/www.suno.com.br\/noticias\/natura-ntco3-sp-eleva-rating-de-bb-para-bb-com-perspectiva-estavel\/#primaryimage"},"thumbnailUrl":"https:\/\/files.sunoresearch.com.br\/n\/uploads\/2019\/06\/ca0f871f-natura.jpg","keywords":["Natura (NTCO3)","Standard &amp; Poor's (S&amp;P)"],"articleSection":["Neg\u00f3cios"],"inLanguage":"pt-BR"},{"@type":"WebPage","@id":"https:\/\/www.suno.com.br\/noticias\/natura-ntco3-sp-eleva-rating-de-bb-para-bb-com-perspectiva-estavel\/","url":"https:\/\/www.suno.com.br\/noticias\/natura-ntco3-sp-eleva-rating-de-bb-para-bb-com-perspectiva-estavel\/","name":"Natura (NTCO3): S&P eleva para BB, com perspectiva est\u00e1vel","isPartOf":{"@id":"https:\/\/www.suno.com.br\/noticias\/#website"},"primaryImageOfPage":{"@id":"https:\/\/www.suno.com.br\/noticias\/natura-ntco3-sp-eleva-rating-de-bb-para-bb-com-perspectiva-estavel\/#primaryimage"},"image":{"@id":"https:\/\/www.suno.com.br\/noticias\/natura-ntco3-sp-eleva-rating-de-bb-para-bb-com-perspectiva-estavel\/#primaryimage"},"thumbnailUrl":"https:\/\/files.sunoresearch.com.br\/n\/uploads\/2019\/06\/ca0f871f-natura.jpg","datePublished":"2020-10-15T12:55:42+00:00","dateModified":"2021-05-11T23:45:57+00:00","description":"A ag\u00eancia de risco S&P Global elevou o rating da Natura (NTCO3) de BB- para BB, com perspectiva est\u00e1vel. Clique aqui e saiba mais","breadcrumb":{"@id":"https:\/\/www.suno.com.br\/noticias\/natura-ntco3-sp-eleva-rating-de-bb-para-bb-com-perspectiva-estavel\/#breadcrumb"},"inLanguage":"pt-BR","potentialAction":[{"@type":"ReadAction","target":["https:\/\/www.suno.com.br\/noticias\/natura-ntco3-sp-eleva-rating-de-bb-para-bb-com-perspectiva-estavel\/"]}]},{"@type":"ImageObject","inLanguage":"pt-BR","@id":"https:\/\/www.suno.com.br\/noticias\/natura-ntco3-sp-eleva-rating-de-bb-para-bb-com-perspectiva-estavel\/#primaryimage","url":"https:\/\/files.sunoresearch.com.br\/n\/uploads\/2019\/06\/ca0f871f-natura.jpg","contentUrl":"https:\/\/files.sunoresearch.com.br\/n\/uploads\/2019\/06\/ca0f871f-natura.jpg","width":810,"height":455,"caption":"A Natura & CO (NTCO3) informou que realizou o pr\u00e9-pagamento de t\u00edtulos de d\u00edvida (\"bonds\") de sua subsidi\u00e1ria Avon."},{"@type":"BreadcrumbList","@id":"https:\/\/www.suno.com.br\/noticias\/natura-ntco3-sp-eleva-rating-de-bb-para-bb-com-perspectiva-estavel\/#breadcrumb","itemListElement":[{"@type":"ListItem","position":1,"name":"Not\u00edcias","item":"https:\/\/www.suno.com.br\/noticias\/"},{"@type":"ListItem","position":2,"name":"Neg\u00f3cios","item":"https:\/\/www.suno.com.br\/noticias\/negocios\/"},{"@type":"ListItem","position":3,"name":"Natura (NTCO3): S&#038;P eleva rating de BB- para BB, com perspectiva est\u00e1vel"}]},{"@type":"WebSite","@id":"https:\/\/www.suno.com.br\/noticias\/#website","url":"https:\/\/www.suno.com.br\/noticias\/","name":"Suno Not\u00edcias","description":"Seu portal de informa\u00e7\u00e3o sobre o mundo dos investimentos","publisher":{"@id":"https:\/\/www.suno.com.br\/noticias\/#organization"},"potentialAction":[{"@type":"SearchAction","target":{"@type":"EntryPoint","urlTemplate":"https:\/\/www.suno.com.br\/noticias\/?s={search_term_string}"},"query-input":{"@type":"PropertyValueSpecification","valueRequired":true,"valueName":"search_term_string"}}],"inLanguage":"pt-BR"},{"@type":"Organization","@id":"https:\/\/www.suno.com.br\/noticias\/#organization","name":"Suno Not\u00edcias","url":"https:\/\/www.suno.com.br\/noticias\/","logo":{"@type":"ImageObject","inLanguage":"pt-BR","@id":"https:\/\/www.suno.com.br\/noticias\/#\/schema\/logo\/image\/","url":"https:\/\/files.sunoresearch.com.br\/n\/uploads\/2021\/09\/suno-logo.png","contentUrl":"https:\/\/files.sunoresearch.com.br\/n\/uploads\/2021\/09\/suno-logo.png","width":180,"height":180,"caption":"Suno Not\u00edcias"},"image":{"@id":"https:\/\/www.suno.com.br\/noticias\/#\/schema\/logo\/image\/"},"sameAs":["https:\/\/facebook.com\/sunoresearch","https:\/\/x.com\/sunoresearch","https:\/\/www.instagram.com\/suno","https:\/\/www.linkedin.com\/company\/suno-research\/","https:\/\/www.youtube.com\/c\/sunoresearch"]},{"@type":"Person","@id":"https:\/\/www.suno.com.br\/noticias\/#\/schema\/person\/02ec1f752758247878a2bf4abee1aeda","name":"Poliana Santos","image":{"@type":"ImageObject","inLanguage":"pt-BR","@id":"https:\/\/www.suno.com.br\/noticias\/#\/schema\/person\/image\/","url":"https:\/\/secure.gravatar.com\/avatar\/0645bd32f23d87b2130f2b2dff1d3f8d?s=96&r=g","contentUrl":"https:\/\/secure.gravatar.com\/avatar\/0645bd32f23d87b2130f2b2dff1d3f8d?s=96&r=g","caption":"Poliana Santos"},"description":"Rep\u00f3rter no Suno Not\u00edcias, com cobertura em mercado financeiro, economia, finan\u00e7as pessoais, renda fixa e varejo. Jornalista formada pela Faculdade C\u00e1sper L\u00edbero e possui passagem na R\u00e1dio Gazeta AM com a produ\u00e7\u00e3o de conte\u00fado sobre economia, pol\u00edtica, sa\u00fade, moda e m\u00fasica. Possui certificado de conclus\u00e3o do curso de An\u00e1lise de Balan\u00e7os pela Funda\u00e7\u00e3o Bradesco, Agenda Brasil pela FAAP, Educa\u00e7\u00e3o Pol\u00edtica por Alexandre Garcia e do Tesouro Direto e Mercado de A\u00e7\u00f5es pela B3.","url":"https:\/\/www.suno.com.br\/noticias\/author\/poliana-santos\/"}]}},"default_loop_html":"<div class=\"cardsPage__listCard__boxs\"><div class=\"cardsPage__listCard__boxs__img\"><a href=\"https:\/\/www.suno.com.br\/noticias\/natura-ntco3-sp-eleva-rating-de-bb-para-bb-com-perspectiva-estavel\/\"><img class=\"mask\" src=\"https:\/\/www.suno.com.br\/noticias\/wp-content\/themes\/suno\/resources\/images\/spotlight\/spotlight1img\/bg-mask.png\" alt=\"Image Mask\"\/><img src=\"https:\/\/files.sunoresearch.com.br\/n\/uploads\/2019\/06\/ca0f871f-natura-400x200.webp\" alt=\"Natura (NTCO3): S&#038;P eleva rating de BB- para BB, com perspectiva est\u00e1vel\"\/><\/a><span class=\"spotlightCategory\"><a href=\"https:\/\/www.suno.com.br\/noticias\/negocios\/\">Neg\u00f3cios<\/a><\/span><\/div><div class=\"cardsPage__listCard__boxs__content\"><a href=\"https:\/\/www.suno.com.br\/noticias\/natura-ntco3-sp-eleva-rating-de-bb-para-bb-com-perspectiva-estavel\/\"><h2 class=\"content__title\">Natura (NTCO3): S&#038;P eleva rating de BB- para BB, com perspectiva est\u00e1vel<\/h2><\/a><div class=\"newsContent__article__meta\"><div class=\"newsContent__article__meta__authorBox\"><a href=\"https:\/\/www.suno.com.br\/noticias\/author\/poliana-santos\/\" class=\"authorBox__avatar noMobi\"><img src=\"https:\/\/files.sunoresearch.com.br\/n\/uploads\/2020\/08\/7ef34026-whatsapp-image-2020-08-03-at-12.37.57-150x150.webp\" alt=\"Poliana Santos\"><\/a><div class=\"authorBox__name\"><span>por\n\t\t\t<a href=\"https:\/\/www.suno.com.br\/noticias\/author\/poliana-santos\/\"><span itemprop=\"author\">Poliana Santos<\/span><\/a><\/span><time datetime=\"2020-10-15T09:55:42-03:00\" itemprop=\"datePublished\">15\/10\/2020 09:55<\/time><\/div><\/div><\/div><\/div><\/div>","single_layout":"posts","amp_enabled":true,"_links":{"self":[{"href":"https:\/\/www.suno.com.br\/noticias\/wp-json\/wp\/v2\/posts\/91590"}],"collection":[{"href":"https:\/\/www.suno.com.br\/noticias\/wp-json\/wp\/v2\/posts"}],"about":[{"href":"https:\/\/www.suno.com.br\/noticias\/wp-json\/wp\/v2\/types\/post"}],"author":[{"embeddable":true,"href":"https:\/\/www.suno.com.br\/noticias\/wp-json\/wp\/v2\/users\/15"}],"replies":[{"embeddable":true,"href":"https:\/\/www.suno.com.br\/noticias\/wp-json\/wp\/v2\/comments?post=91590"}],"version-history":[{"count":1,"href":"https:\/\/www.suno.com.br\/noticias\/wp-json\/wp\/v2\/posts\/91590\/revisions"}],"predecessor-version":[{"id":147321,"href":"https:\/\/www.suno.com.br\/noticias\/wp-json\/wp\/v2\/posts\/91590\/revisions\/147321"}],"wp:featuredmedia":[{"embeddable":true,"href":"https:\/\/www.suno.com.br\/noticias\/wp-json\/wp\/v2\/media\/28571"}],"wp:attachment":[{"href":"https:\/\/www.suno.com.br\/noticias\/wp-json\/wp\/v2\/media?parent=91590"}],"wp:term":[{"taxonomy":"category","embeddable":true,"href":"https:\/\/www.suno.com.br\/noticias\/wp-json\/wp\/v2\/categories?post=91590"},{"taxonomy":"post_tag","embeddable":true,"href":"https:\/\/www.suno.com.br\/noticias\/wp-json\/wp\/v2\/tags?post=91590"},{"taxonomy":"suno_strategy","embeddable":true,"href":"https:\/\/www.suno.com.br\/noticias\/wp-json\/wp\/v2\/suno_strategy?post=91590"}],"curies":[{"name":"wp","href":"https:\/\/api.w.org\/{rel}","templated":true}]}}