{"id":91576,"date":"2020-10-15T08:37:46","date_gmt":"2020-10-15T11:37:46","guid":{"rendered":"https:\/\/www.suno.com.br\/noticias\/?p=91576"},"modified":"2021-05-11T20:45:58","modified_gmt":"2021-05-11T23:45:58","slug":"moodys-sinaliza-revisar-rating-se-brasil-abandonar-teto-de-gastos-em-2021","status":"publish","type":"post","link":"https:\/\/www.suno.com.br\/noticias\/moodys-sinaliza-revisar-rating-se-brasil-abandonar-teto-de-gastos-em-2021\/","title":{"rendered":"Moody&#8217;s sinaliza revisar rating se Brasil abandonar teto de gastos em 2021"},"content":{"rendered":"<p>A vice-presidente e analista s\u00eanior do<a href=\"https:\/\/www.suno.com.br\/artigos\/rating\/\"> rating Brasil <\/a>na <strong>Moody&#8217;s<\/strong>, Samar Maziad, sinalizou, na \u00faltima quarta-feira (14), que a <a href=\"https:\/\/www.suno.com.br\/artigos\/agencias-de-rating\/\">ag\u00eancia de risco<\/a> pode mudar a nota de cr\u00e9dito do Pa\u00eds se n\u00e3o houver uma manuten\u00e7\u00e3o do <strong>teto de gastos<\/strong> no pr\u00f3ximo ano.<\/p>\t<div class=\"wrapper-featured-image\">\n\t\t<figure class=\"spotlightImg\">\n\n\t\t\t<picture>\n\t\t\t\t<source media=\"(max-width: 768px)\" srcset=\"https:\/\/files.sunoresearch.com.br\/n\/uploads\/2019\/01\/20456859-moody\u00b4s-400x200.webp\">\n\t\t\t\t<img loading=\"lazy\" decoding=\"async\" class=\"newsContent__article__imgCapa lazyloadDisabled \" src=\"https:\/\/files.sunoresearch.com.br\/n\/uploads\/2019\/01\/20456859-moody\u00b4s-800x450.webp\" width=\"800\" height=\"450\" alt=\"Moody&#8217;s sinaliza revisar rating se Brasil abandonar teto de gastos em 2021\" fetchpriority=high \/>\n\t\t\t<\/picture>\n\n\t\t\t<figcaption class=\"wp-caption-text wp-caption-text--show\">Moody&#039;s (foto: divulga\u00e7\u00e3o)<\/figcaption>\n\t\t<\/figure>\n\t<\/div>\n\n\n<div class=\"hubspot-form-wrapper\">\n\t<div id=\"single-form-target\"><\/div>\n<\/div>\n\n<p>Segundo Maziad, o rating do Brasil \u00e9 &#8220;<strong><a href=\"https:\/\/www.suno.com.br\/artigos\/grau-de-investimento\/\">Ba2<\/a><\/strong>&#8220;, com perspectiva est\u00e1vel, conforme a revis\u00e3o realizada em maio, que &#8220;incorpora a deteriora\u00e7\u00e3o [econ\u00f4mica] deste ano, mas tamb\u00e9m considerada a retomada da consolida\u00e7\u00e3o fiscal no ano que vem. Se o apoio a reformas diminuir, haver\u00e1 impacto negativo em nosso cen\u00e1rio&#8221;.<\/p>\n<p>Na an\u00e1lise da ag\u00eancia, uma flexibiliza\u00e7\u00e3o ou abandono do teto de gastos pode iniciar um processo de revis\u00e3o da nota de cr\u00e9dito. &#8220;O teto \u00e9 a principal \u00e2ncora fiscal [do Brasil] e um ponto chave para a expectativa do <strong>investidores<\/strong> sobre o rumo do <strong>endividamento<\/strong> e <strong>crescimento<\/strong> do peso da <strong>d\u00edvida<\/strong>&#8220;.<\/p>\n<p><a href=\"https:\/\/lp.suno.com.br\/suno-one\/\">No Suno One voc\u00ea aprende a fazer seu dinheiro trabalhar para voc\u00ea. Cadastre-se gratuitamente agora!<\/a><\/p>\n<p>A Moody&#8217;s projeta que a rela\u00e7\u00e3o entre <strong><a href=\"https:\/\/www.suno.com.br\/artigos\/divida-publica\/\">d\u00edvida p\u00fablica bruta<\/a><\/strong> e <a href=\"https:\/\/www.suno.com.br\/artigos\/pib-produto-interno-bruto\/\"><strong>Produto Interno Bruto (PIB)<\/strong><\/a> do Pa\u00eds, que era de 75,8% em 2019, supere os 97% em 2021.<\/p>\n<p>&#8220;Esperamos que o crescimento econ\u00f4mico se recupere em 2021. Contudo, as reformas estruturais e o ajuste fiscal ser\u00e3o importantes para o Brasil conseguir um crescimento sustent\u00e1vel&#8221;, afirmou Maziad.<\/p>\n<p>De acordo com a Moody&#8217;s, a instaura\u00e7\u00e3o de um programa que estenda o alcance do <strong>Bolsa Fam\u00edlia<\/strong> e outro benef\u00edcio, como \u00e9 proposto pelo governo o <strong>Renda Cidad\u00e3<\/strong>, &#8220;vai exigir medidas compensat\u00f3rias e outras a serem aprovadas pelo Congresso&#8221;.<\/p>\n<p>Na semana passada, a ag\u00eancia de risco <strong>S&amp;P Global Ratings<\/strong> apontou que poderia rebaixar a nota de cr\u00e9dito do Pa\u00eds se n\u00e3o houvesse uma maior visibilidade sobre a trajet\u00f3ria fiscal em 2021.<\/p>\n\t<div data-element=\"shortcode-read-more\" class=\"knowMore\">\n\t\t\t\t<span class=\"knowMore__title\">Veja Tamb\u00e9m<\/span>\n\t\t\t\t<a class=\"knowMore__link\" href=\"https:\/\/www.suno.com.br\/noticias\/sp-recuperacao-brasil-mais-acelerada-revisa-pib\/\">\n\t\t\tPIB: S&amp;P v\u00ea recupera\u00e7\u00e3o do Brasil mais acelerada e revisa estimativa\t\t<\/a>\n\t<\/div>\n\n\n<p>A S&amp;P alterou a perspectiva do rating do Brasil de positiva para est\u00e1vel em abril, devido as incertezas do impacto da pandemia do novo coronav\u00edrus (covid-19) na economia brasileira. &#8220;N\u00e3o queremos tomar decis\u00f5es precipitadas&#8221; informou a ag\u00eancia sobre a possibilidade de alterar a perspectiva do rating BB- de est\u00e1vel para negativa ou at\u00e9 rebaixar a nota.<\/p>\n<p>&#8220;Por enquanto pensamos que n\u00e3o \u00e9 um risco de curto prazo, mas se ao passar dos meses a situa\u00e7\u00e3o se tornar mais desafiadora poder\u00edamos considerar que o Brasil tem um perfil mais fraco, na categoria dos B. Mas essa \u00e9 uma diferen\u00e7a importante&#8221;, analisou a ag\u00eancia.<\/p>\n<p>O <strong>Brasil<\/strong> conquistou pela primeira vez o <strong>grau de investimento<\/strong> em 2008. Sete anos depois, a <strong>S&amp;P<\/strong> foi a primeira entre as tr\u00eas maiores a retirar o selo de bom pagador, seguida por <strong>Fitch<\/strong> e depois por <strong>Moody&#8217;s<\/strong>.<\/p>\n\t<p>\n\t\t<a href=\"https:\/\/lp.suno.com.br\/planilha-de-controle-de-investimentos\/\" target=\"_blank\" data-element=\"shortcode-suno-banner\" title=\"Banner SUNO, clique e saiba mais\">\n\t\t\t<picture>\n\t\t\t\t<source media=\"(max-width: 500px)\" srcset=\"https:\/\/files.sunoresearch.com.br\/n\/uploads\/2023\/03\/400x300-Controle-de-Investimentos.png\">\n\t\t\t\t<img class=\"newsContent__article__imgCapa newsContent__article__imgCapa--banner\"\n\t\t\t\t\tsrc=\"https:\/\/files.sunoresearch.com.br\/n\/uploads\/2023\/03\/1420x240-Controle-de-Investimentos.png\"\n\t\t\t\t\tdata-promo-id=\"75934\"\t\t\t\t\t\t\t\t\t\twidth='1420' height='240'\t\t\t\t\talt=\"https:\/\/files.sunoresearch.com.br\/n\/uploads\/2023\/03\/1420x240-Controle-de-Investimentos.png\"\n\t\t\t\t>\n\t\t\t<\/picture>\n\t\t<\/a>\n\t<\/p>\n\n\n","protected":false},"excerpt":{"rendered":"<p>A vice-presidente e analista s\u00eanior do rating Brasil na Moody&#8217;s, Samar Maziad, sinalizou, na \u00faltima quarta-feira (14), que a ag\u00eancia de risco pode mudar a nota de cr\u00e9dito do Pa\u00eds se n\u00e3o houver uma manuten\u00e7\u00e3o do teto de gastos no pr\u00f3ximo ano. Moody&#039;s (foto: divulga\u00e7\u00e3o) Segundo Maziad, o rating do Brasil \u00e9 &#8220;Ba2&#8220;, com perspectiva [&hellip;]<\/p>\n","protected":false},"author":15,"featured_media":13704,"comment_status":"closed","ping_status":"closed","sticky":false,"template":"","format":"standard","meta":[],"categories":[62],"tags":[963,2337,83329],"suno_strategy":[],"class_list":["post-91576","post","type-post","status-publish","format-standard","has-post-thumbnail","hentry","category-economia","tag-moodys","tag-standard-poors-sp","tag-teto-de-gastos"],"yoast_head":"<!-- This site is optimized with the Yoast SEO plugin v24.4 - https:\/\/yoast.com\/wordpress\/plugins\/seo\/ -->\n<title>Moody&#039;s sinaliza revisar rating se Brasil abandonar teto de gastos em 2021<\/title>\n<meta name=\"description\" content=\"A Moody&#039;s sinalizou que pode mudar a nota de cr\u00e9dito do Brasil se n\u00e3o houver uma manuten\u00e7\u00e3o do teto de gastos no pr\u00f3ximo ano. Clique aqui\" \/>\n<meta name=\"robots\" content=\"index, follow, max-snippet:-1, max-image-preview:large, max-video-preview:-1\" \/>\n<link rel=\"canonical\" href=\"https:\/\/www.suno.com.br\/noticias\/moodys-sinaliza-revisar-rating-se-brasil-abandonar-teto-de-gastos-em-2021\/\" \/>\n<meta property=\"og:locale\" content=\"pt_BR\" \/>\n<meta property=\"og:type\" content=\"article\" \/>\n<meta property=\"og:title\" content=\"Moody&#039;s sinaliza revisar rating se Brasil abandonar teto de gastos em 2021\" \/>\n<meta property=\"og:description\" content=\"A Moody&#039;s sinalizou que pode mudar a nota de cr\u00e9dito do Brasil se n\u00e3o houver uma manuten\u00e7\u00e3o do teto de gastos no pr\u00f3ximo ano. Clique aqui\" \/>\n<meta property=\"og:url\" content=\"https:\/\/www.suno.com.br\/noticias\/moodys-sinaliza-revisar-rating-se-brasil-abandonar-teto-de-gastos-em-2021\/\" \/>\n<meta property=\"og:site_name\" content=\"Suno Not\u00edcias\" \/>\n<meta property=\"article:publisher\" content=\"https:\/\/facebook.com\/sunoresearch\" \/>\n<meta property=\"og:image\" content=\"https:\/\/files.sunoresearch.com.br\/n\/uploads\/2019\/01\/20456859-moody\u00b4s.jpg\" \/>\n\t<meta property=\"og:image:width\" content=\"1910\" \/>\n\t<meta property=\"og:image:height\" content=\"1000\" \/>\n\t<meta property=\"og:image:type\" content=\"image\/jpeg\" \/>\n<meta name=\"author\" content=\"Poliana Santos\" \/>\n<meta name=\"twitter:card\" content=\"summary_large_image\" \/>\n<meta name=\"twitter:creator\" content=\"@sunoresearch\" \/>\n<meta name=\"twitter:site\" content=\"@sunoresearch\" \/>\n<meta name=\"twitter:label1\" content=\"Escrito por\" \/>\n\t<meta name=\"twitter:data1\" content=\"Poliana Santos\" \/>\n\t<meta name=\"twitter:label2\" content=\"Est. tempo de leitura\" \/>\n\t<meta name=\"twitter:data2\" content=\"2 minutos\" \/>\n<script type=\"application\/ld+json\" class=\"yoast-schema-graph\">{\"@context\":\"https:\/\/schema.org\",\"@graph\":[{\"@type\":\"NewsArticle\",\"@id\":\"https:\/\/www.suno.com.br\/noticias\/moodys-sinaliza-revisar-rating-se-brasil-abandonar-teto-de-gastos-em-2021\/#article\",\"isPartOf\":{\"@id\":\"https:\/\/www.suno.com.br\/noticias\/moodys-sinaliza-revisar-rating-se-brasil-abandonar-teto-de-gastos-em-2021\/\"},\"author\":{\"name\":\"Poliana Santos\",\"@id\":\"https:\/\/www.suno.com.br\/noticias\/#\/schema\/person\/02ec1f752758247878a2bf4abee1aeda\"},\"headline\":\"Moody&#8217;s sinaliza revisar rating se Brasil abandonar teto de gastos em 2021\",\"datePublished\":\"2020-10-15T11:37:46+00:00\",\"dateModified\":\"2021-05-11T23:45:58+00:00\",\"mainEntityOfPage\":{\"@id\":\"https:\/\/www.suno.com.br\/noticias\/moodys-sinaliza-revisar-rating-se-brasil-abandonar-teto-de-gastos-em-2021\/\"},\"wordCount\":504,\"publisher\":{\"@id\":\"https:\/\/www.suno.com.br\/noticias\/#organization\"},\"image\":{\"@id\":\"https:\/\/www.suno.com.br\/noticias\/moodys-sinaliza-revisar-rating-se-brasil-abandonar-teto-de-gastos-em-2021\/#primaryimage\"},\"thumbnailUrl\":\"https:\/\/files.sunoresearch.com.br\/n\/uploads\/2019\/01\/20456859-moody\u00b4s-jpg.webp\",\"keywords\":[\"Moody's\",\"Standard &amp; Poor's (S&amp;P)\",\"teto de gastos\"],\"articleSection\":[\"Economia\"],\"inLanguage\":\"pt-BR\"},{\"@type\":\"WebPage\",\"@id\":\"https:\/\/www.suno.com.br\/noticias\/moodys-sinaliza-revisar-rating-se-brasil-abandonar-teto-de-gastos-em-2021\/\",\"url\":\"https:\/\/www.suno.com.br\/noticias\/moodys-sinaliza-revisar-rating-se-brasil-abandonar-teto-de-gastos-em-2021\/\",\"name\":\"Moody's sinaliza revisar rating se Brasil abandonar teto de gastos em 2021\",\"isPartOf\":{\"@id\":\"https:\/\/www.suno.com.br\/noticias\/#website\"},\"primaryImageOfPage\":{\"@id\":\"https:\/\/www.suno.com.br\/noticias\/moodys-sinaliza-revisar-rating-se-brasil-abandonar-teto-de-gastos-em-2021\/#primaryimage\"},\"image\":{\"@id\":\"https:\/\/www.suno.com.br\/noticias\/moodys-sinaliza-revisar-rating-se-brasil-abandonar-teto-de-gastos-em-2021\/#primaryimage\"},\"thumbnailUrl\":\"https:\/\/files.sunoresearch.com.br\/n\/uploads\/2019\/01\/20456859-moody\u00b4s-jpg.webp\",\"datePublished\":\"2020-10-15T11:37:46+00:00\",\"dateModified\":\"2021-05-11T23:45:58+00:00\",\"description\":\"A Moody's sinalizou que pode mudar a nota de cr\u00e9dito do Brasil se n\u00e3o houver uma manuten\u00e7\u00e3o do teto de gastos no pr\u00f3ximo ano. Clique aqui\",\"breadcrumb\":{\"@id\":\"https:\/\/www.suno.com.br\/noticias\/moodys-sinaliza-revisar-rating-se-brasil-abandonar-teto-de-gastos-em-2021\/#breadcrumb\"},\"inLanguage\":\"pt-BR\",\"potentialAction\":[{\"@type\":\"ReadAction\",\"target\":[\"https:\/\/www.suno.com.br\/noticias\/moodys-sinaliza-revisar-rating-se-brasil-abandonar-teto-de-gastos-em-2021\/\"]}]},{\"@type\":\"ImageObject\",\"inLanguage\":\"pt-BR\",\"@id\":\"https:\/\/www.suno.com.br\/noticias\/moodys-sinaliza-revisar-rating-se-brasil-abandonar-teto-de-gastos-em-2021\/#primaryimage\",\"url\":\"https:\/\/files.sunoresearch.com.br\/n\/uploads\/2019\/01\/20456859-moody\u00b4s-jpg.webp\",\"contentUrl\":\"https:\/\/files.sunoresearch.com.br\/n\/uploads\/2019\/01\/20456859-moody\u00b4s-jpg.webp\",\"width\":1910,\"height\":1000,\"caption\":\"Moody's (foto: divulga\u00e7\u00e3o)\"},{\"@type\":\"BreadcrumbList\",\"@id\":\"https:\/\/www.suno.com.br\/noticias\/moodys-sinaliza-revisar-rating-se-brasil-abandonar-teto-de-gastos-em-2021\/#breadcrumb\",\"itemListElement\":[{\"@type\":\"ListItem\",\"position\":1,\"name\":\"Not\u00edcias\",\"item\":\"https:\/\/www.suno.com.br\/noticias\/\"},{\"@type\":\"ListItem\",\"position\":2,\"name\":\"Economia\",\"item\":\"https:\/\/www.suno.com.br\/noticias\/economia\/\"},{\"@type\":\"ListItem\",\"position\":3,\"name\":\"Moody&#8217;s sinaliza revisar rating se Brasil abandonar teto de gastos em 2021\"}]},{\"@type\":\"WebSite\",\"@id\":\"https:\/\/www.suno.com.br\/noticias\/#website\",\"url\":\"https:\/\/www.suno.com.br\/noticias\/\",\"name\":\"Suno Not\u00edcias\",\"description\":\"Seu portal de informa\u00e7\u00e3o sobre o mundo dos investimentos\",\"publisher\":{\"@id\":\"https:\/\/www.suno.com.br\/noticias\/#organization\"},\"potentialAction\":[{\"@type\":\"SearchAction\",\"target\":{\"@type\":\"EntryPoint\",\"urlTemplate\":\"https:\/\/www.suno.com.br\/noticias\/?s={search_term_string}\"},\"query-input\":{\"@type\":\"PropertyValueSpecification\",\"valueRequired\":true,\"valueName\":\"search_term_string\"}}],\"inLanguage\":\"pt-BR\"},{\"@type\":\"Organization\",\"@id\":\"https:\/\/www.suno.com.br\/noticias\/#organization\",\"name\":\"Suno Not\u00edcias\",\"url\":\"https:\/\/www.suno.com.br\/noticias\/\",\"logo\":{\"@type\":\"ImageObject\",\"inLanguage\":\"pt-BR\",\"@id\":\"https:\/\/www.suno.com.br\/noticias\/#\/schema\/logo\/image\/\",\"url\":\"https:\/\/files.sunoresearch.com.br\/n\/uploads\/2021\/09\/suno-logo.png\",\"contentUrl\":\"https:\/\/files.sunoresearch.com.br\/n\/uploads\/2021\/09\/suno-logo.png\",\"width\":180,\"height\":180,\"caption\":\"Suno Not\u00edcias\"},\"image\":{\"@id\":\"https:\/\/www.suno.com.br\/noticias\/#\/schema\/logo\/image\/\"},\"sameAs\":[\"https:\/\/facebook.com\/sunoresearch\",\"https:\/\/x.com\/sunoresearch\",\"https:\/\/www.instagram.com\/suno\",\"https:\/\/www.linkedin.com\/company\/suno-research\/\",\"https:\/\/www.youtube.com\/c\/sunoresearch\"]},{\"@type\":\"Person\",\"@id\":\"https:\/\/www.suno.com.br\/noticias\/#\/schema\/person\/02ec1f752758247878a2bf4abee1aeda\",\"name\":\"Poliana Santos\",\"image\":{\"@type\":\"ImageObject\",\"inLanguage\":\"pt-BR\",\"@id\":\"https:\/\/www.suno.com.br\/noticias\/#\/schema\/person\/image\/\",\"url\":\"https:\/\/secure.gravatar.com\/avatar\/0645bd32f23d87b2130f2b2dff1d3f8d?s=96&r=g\",\"contentUrl\":\"https:\/\/secure.gravatar.com\/avatar\/0645bd32f23d87b2130f2b2dff1d3f8d?s=96&r=g\",\"caption\":\"Poliana Santos\"},\"description\":\"Rep\u00f3rter no Suno Not\u00edcias, com cobertura em mercado financeiro, economia, finan\u00e7as pessoais, renda fixa e varejo. Jornalista formada pela Faculdade C\u00e1sper L\u00edbero e possui passagem na R\u00e1dio Gazeta AM com a produ\u00e7\u00e3o de conte\u00fado sobre economia, pol\u00edtica, sa\u00fade, moda e m\u00fasica. Possui certificado de conclus\u00e3o do curso de An\u00e1lise de Balan\u00e7os pela Funda\u00e7\u00e3o Bradesco, Agenda Brasil pela FAAP, Educa\u00e7\u00e3o Pol\u00edtica por Alexandre Garcia e do Tesouro Direto e Mercado de A\u00e7\u00f5es pela B3.\",\"url\":\"https:\/\/www.suno.com.br\/noticias\/author\/poliana-santos\/\"}]}<\/script>\n<!-- \/ Yoast SEO plugin. -->","yoast_head_json":{"title":"Moody's sinaliza revisar rating se Brasil abandonar teto de gastos em 2021","description":"A Moody's sinalizou que pode mudar a nota de cr\u00e9dito do Brasil se n\u00e3o houver uma manuten\u00e7\u00e3o do teto de gastos no pr\u00f3ximo ano. Clique aqui","robots":{"index":"index","follow":"follow","max-snippet":"max-snippet:-1","max-image-preview":"max-image-preview:large","max-video-preview":"max-video-preview:-1"},"canonical":"https:\/\/www.suno.com.br\/noticias\/moodys-sinaliza-revisar-rating-se-brasil-abandonar-teto-de-gastos-em-2021\/","og_locale":"pt_BR","og_type":"article","og_title":"Moody's sinaliza revisar rating se Brasil abandonar teto de gastos em 2021","og_description":"A Moody's sinalizou que pode mudar a nota de cr\u00e9dito do Brasil se n\u00e3o houver uma manuten\u00e7\u00e3o do teto de gastos no pr\u00f3ximo ano. Clique aqui","og_url":"https:\/\/www.suno.com.br\/noticias\/moodys-sinaliza-revisar-rating-se-brasil-abandonar-teto-de-gastos-em-2021\/","og_site_name":"Suno Not\u00edcias","article_publisher":"https:\/\/facebook.com\/sunoresearch","og_image":[{"width":1910,"height":1000,"url":"https:\/\/files.sunoresearch.com.br\/n\/uploads\/2019\/01\/20456859-moody\u00b4s.jpg","type":"image\/jpeg"}],"author":"Poliana Santos","twitter_card":"summary_large_image","twitter_creator":"@sunoresearch","twitter_site":"@sunoresearch","twitter_misc":{"Escrito por":"Poliana Santos","Est. tempo de leitura":"2 minutos"},"schema":{"@context":"https:\/\/schema.org","@graph":[{"@type":"NewsArticle","@id":"https:\/\/www.suno.com.br\/noticias\/moodys-sinaliza-revisar-rating-se-brasil-abandonar-teto-de-gastos-em-2021\/#article","isPartOf":{"@id":"https:\/\/www.suno.com.br\/noticias\/moodys-sinaliza-revisar-rating-se-brasil-abandonar-teto-de-gastos-em-2021\/"},"author":{"name":"Poliana Santos","@id":"https:\/\/www.suno.com.br\/noticias\/#\/schema\/person\/02ec1f752758247878a2bf4abee1aeda"},"headline":"Moody&#8217;s sinaliza revisar rating se Brasil abandonar teto de gastos em 2021","datePublished":"2020-10-15T11:37:46+00:00","dateModified":"2021-05-11T23:45:58+00:00","mainEntityOfPage":{"@id":"https:\/\/www.suno.com.br\/noticias\/moodys-sinaliza-revisar-rating-se-brasil-abandonar-teto-de-gastos-em-2021\/"},"wordCount":504,"publisher":{"@id":"https:\/\/www.suno.com.br\/noticias\/#organization"},"image":{"@id":"https:\/\/www.suno.com.br\/noticias\/moodys-sinaliza-revisar-rating-se-brasil-abandonar-teto-de-gastos-em-2021\/#primaryimage"},"thumbnailUrl":"https:\/\/files.sunoresearch.com.br\/n\/uploads\/2019\/01\/20456859-moody\u00b4s-jpg.webp","keywords":["Moody's","Standard &amp; Poor's (S&amp;P)","teto de gastos"],"articleSection":["Economia"],"inLanguage":"pt-BR"},{"@type":"WebPage","@id":"https:\/\/www.suno.com.br\/noticias\/moodys-sinaliza-revisar-rating-se-brasil-abandonar-teto-de-gastos-em-2021\/","url":"https:\/\/www.suno.com.br\/noticias\/moodys-sinaliza-revisar-rating-se-brasil-abandonar-teto-de-gastos-em-2021\/","name":"Moody's sinaliza revisar rating se Brasil abandonar teto de gastos em 2021","isPartOf":{"@id":"https:\/\/www.suno.com.br\/noticias\/#website"},"primaryImageOfPage":{"@id":"https:\/\/www.suno.com.br\/noticias\/moodys-sinaliza-revisar-rating-se-brasil-abandonar-teto-de-gastos-em-2021\/#primaryimage"},"image":{"@id":"https:\/\/www.suno.com.br\/noticias\/moodys-sinaliza-revisar-rating-se-brasil-abandonar-teto-de-gastos-em-2021\/#primaryimage"},"thumbnailUrl":"https:\/\/files.sunoresearch.com.br\/n\/uploads\/2019\/01\/20456859-moody\u00b4s-jpg.webp","datePublished":"2020-10-15T11:37:46+00:00","dateModified":"2021-05-11T23:45:58+00:00","description":"A Moody's sinalizou que pode mudar a nota de cr\u00e9dito do Brasil se n\u00e3o houver uma manuten\u00e7\u00e3o do teto de gastos no pr\u00f3ximo ano. Clique aqui","breadcrumb":{"@id":"https:\/\/www.suno.com.br\/noticias\/moodys-sinaliza-revisar-rating-se-brasil-abandonar-teto-de-gastos-em-2021\/#breadcrumb"},"inLanguage":"pt-BR","potentialAction":[{"@type":"ReadAction","target":["https:\/\/www.suno.com.br\/noticias\/moodys-sinaliza-revisar-rating-se-brasil-abandonar-teto-de-gastos-em-2021\/"]}]},{"@type":"ImageObject","inLanguage":"pt-BR","@id":"https:\/\/www.suno.com.br\/noticias\/moodys-sinaliza-revisar-rating-se-brasil-abandonar-teto-de-gastos-em-2021\/#primaryimage","url":"https:\/\/files.sunoresearch.com.br\/n\/uploads\/2019\/01\/20456859-moody\u00b4s-jpg.webp","contentUrl":"https:\/\/files.sunoresearch.com.br\/n\/uploads\/2019\/01\/20456859-moody\u00b4s-jpg.webp","width":1910,"height":1000,"caption":"Moody's (foto: divulga\u00e7\u00e3o)"},{"@type":"BreadcrumbList","@id":"https:\/\/www.suno.com.br\/noticias\/moodys-sinaliza-revisar-rating-se-brasil-abandonar-teto-de-gastos-em-2021\/#breadcrumb","itemListElement":[{"@type":"ListItem","position":1,"name":"Not\u00edcias","item":"https:\/\/www.suno.com.br\/noticias\/"},{"@type":"ListItem","position":2,"name":"Economia","item":"https:\/\/www.suno.com.br\/noticias\/economia\/"},{"@type":"ListItem","position":3,"name":"Moody&#8217;s sinaliza revisar rating se Brasil abandonar teto de gastos em 2021"}]},{"@type":"WebSite","@id":"https:\/\/www.suno.com.br\/noticias\/#website","url":"https:\/\/www.suno.com.br\/noticias\/","name":"Suno Not\u00edcias","description":"Seu portal de informa\u00e7\u00e3o sobre o mundo dos investimentos","publisher":{"@id":"https:\/\/www.suno.com.br\/noticias\/#organization"},"potentialAction":[{"@type":"SearchAction","target":{"@type":"EntryPoint","urlTemplate":"https:\/\/www.suno.com.br\/noticias\/?s={search_term_string}"},"query-input":{"@type":"PropertyValueSpecification","valueRequired":true,"valueName":"search_term_string"}}],"inLanguage":"pt-BR"},{"@type":"Organization","@id":"https:\/\/www.suno.com.br\/noticias\/#organization","name":"Suno Not\u00edcias","url":"https:\/\/www.suno.com.br\/noticias\/","logo":{"@type":"ImageObject","inLanguage":"pt-BR","@id":"https:\/\/www.suno.com.br\/noticias\/#\/schema\/logo\/image\/","url":"https:\/\/files.sunoresearch.com.br\/n\/uploads\/2021\/09\/suno-logo.png","contentUrl":"https:\/\/files.sunoresearch.com.br\/n\/uploads\/2021\/09\/suno-logo.png","width":180,"height":180,"caption":"Suno Not\u00edcias"},"image":{"@id":"https:\/\/www.suno.com.br\/noticias\/#\/schema\/logo\/image\/"},"sameAs":["https:\/\/facebook.com\/sunoresearch","https:\/\/x.com\/sunoresearch","https:\/\/www.instagram.com\/suno","https:\/\/www.linkedin.com\/company\/suno-research\/","https:\/\/www.youtube.com\/c\/sunoresearch"]},{"@type":"Person","@id":"https:\/\/www.suno.com.br\/noticias\/#\/schema\/person\/02ec1f752758247878a2bf4abee1aeda","name":"Poliana Santos","image":{"@type":"ImageObject","inLanguage":"pt-BR","@id":"https:\/\/www.suno.com.br\/noticias\/#\/schema\/person\/image\/","url":"https:\/\/secure.gravatar.com\/avatar\/0645bd32f23d87b2130f2b2dff1d3f8d?s=96&r=g","contentUrl":"https:\/\/secure.gravatar.com\/avatar\/0645bd32f23d87b2130f2b2dff1d3f8d?s=96&r=g","caption":"Poliana Santos"},"description":"Rep\u00f3rter no Suno Not\u00edcias, com cobertura em mercado financeiro, economia, finan\u00e7as pessoais, renda fixa e varejo. Jornalista formada pela Faculdade C\u00e1sper L\u00edbero e possui passagem na R\u00e1dio Gazeta AM com a produ\u00e7\u00e3o de conte\u00fado sobre economia, pol\u00edtica, sa\u00fade, moda e m\u00fasica. Possui certificado de conclus\u00e3o do curso de An\u00e1lise de Balan\u00e7os pela Funda\u00e7\u00e3o Bradesco, Agenda Brasil pela FAAP, Educa\u00e7\u00e3o Pol\u00edtica por Alexandre Garcia e do Tesouro Direto e Mercado de A\u00e7\u00f5es pela B3.","url":"https:\/\/www.suno.com.br\/noticias\/author\/poliana-santos\/"}]}},"default_loop_html":"<div class=\"cardsPage__listCard__boxs\"><div class=\"cardsPage__listCard__boxs__img\"><a href=\"https:\/\/www.suno.com.br\/noticias\/moodys-sinaliza-revisar-rating-se-brasil-abandonar-teto-de-gastos-em-2021\/\"><img class=\"mask\" src=\"https:\/\/www.suno.com.br\/noticias\/wp-content\/themes\/suno\/resources\/images\/spotlight\/spotlight1img\/bg-mask.png\" alt=\"Image Mask\"\/><img src=\"https:\/\/files.sunoresearch.com.br\/n\/uploads\/2019\/01\/20456859-moody\u00b4s-400x200.webp\" alt=\"Moody&#8217;s sinaliza revisar rating se Brasil abandonar teto de gastos em 2021\"\/><\/a><span class=\"spotlightCategory\"><a href=\"https:\/\/www.suno.com.br\/noticias\/economia\/\">Economia<\/a><\/span><\/div><div class=\"cardsPage__listCard__boxs__content\"><a href=\"https:\/\/www.suno.com.br\/noticias\/moodys-sinaliza-revisar-rating-se-brasil-abandonar-teto-de-gastos-em-2021\/\"><h2 class=\"content__title\">Moody&#8217;s sinaliza revisar rating se Brasil abandonar teto de gastos em 2021<\/h2><\/a><div class=\"newsContent__article__meta\"><div class=\"newsContent__article__meta__authorBox\"><a href=\"https:\/\/www.suno.com.br\/noticias\/author\/poliana-santos\/\" class=\"authorBox__avatar noMobi\"><img src=\"https:\/\/files.sunoresearch.com.br\/n\/uploads\/2020\/08\/7ef34026-whatsapp-image-2020-08-03-at-12.37.57-150x150.webp\" alt=\"Poliana Santos\"><\/a><div class=\"authorBox__name\"><span>por\n\t\t\t<a href=\"https:\/\/www.suno.com.br\/noticias\/author\/poliana-santos\/\"><span itemprop=\"author\">Poliana Santos<\/span><\/a><\/span><time datetime=\"2020-10-15T08:37:46-03:00\" itemprop=\"datePublished\">15\/10\/2020 08:37<\/time><\/div><\/div><\/div><\/div><\/div>","single_layout":"posts","amp_enabled":true,"_links":{"self":[{"href":"https:\/\/www.suno.com.br\/noticias\/wp-json\/wp\/v2\/posts\/91576"}],"collection":[{"href":"https:\/\/www.suno.com.br\/noticias\/wp-json\/wp\/v2\/posts"}],"about":[{"href":"https:\/\/www.suno.com.br\/noticias\/wp-json\/wp\/v2\/types\/post"}],"author":[{"embeddable":true,"href":"https:\/\/www.suno.com.br\/noticias\/wp-json\/wp\/v2\/users\/15"}],"replies":[{"embeddable":true,"href":"https:\/\/www.suno.com.br\/noticias\/wp-json\/wp\/v2\/comments?post=91576"}],"version-history":[{"count":1,"href":"https:\/\/www.suno.com.br\/noticias\/wp-json\/wp\/v2\/posts\/91576\/revisions"}],"predecessor-version":[{"id":147323,"href":"https:\/\/www.suno.com.br\/noticias\/wp-json\/wp\/v2\/posts\/91576\/revisions\/147323"}],"wp:featuredmedia":[{"embeddable":true,"href":"https:\/\/www.suno.com.br\/noticias\/wp-json\/wp\/v2\/media\/13704"}],"wp:attachment":[{"href":"https:\/\/www.suno.com.br\/noticias\/wp-json\/wp\/v2\/media?parent=91576"}],"wp:term":[{"taxonomy":"category","embeddable":true,"href":"https:\/\/www.suno.com.br\/noticias\/wp-json\/wp\/v2\/categories?post=91576"},{"taxonomy":"post_tag","embeddable":true,"href":"https:\/\/www.suno.com.br\/noticias\/wp-json\/wp\/v2\/tags?post=91576"},{"taxonomy":"suno_strategy","embeddable":true,"href":"https:\/\/www.suno.com.br\/noticias\/wp-json\/wp\/v2\/suno_strategy?post=91576"}],"curies":[{"name":"wp","href":"https:\/\/api.w.org\/{rel}","templated":true}]}}