{"id":91480,"date":"2020-10-14T17:35:44","date_gmt":"2020-10-14T20:35:44","guid":{"rendered":"https:\/\/www.suno.com.br\/noticias\/?p=91480"},"modified":"2021-05-29T20:32:38","modified_gmt":"2021-05-29T23:32:38","slug":"dolar-encerra-em-queda-de-034-negociado-a-598","status":"publish","type":"post","link":"https:\/\/www.suno.com.br\/noticias\/dolar-encerra-em-queda-de-034-negociado-a-598\/","title":{"rendered":"D\u00f3lar encerra em alta de 0,34%, negociado a R$ 5,598"},"content":{"rendered":"<p>O <a href=\"https:\/\/www.suno.com.br\/artigos\/investir-em-dolar\/\"><strong>d\u00f3lar<\/strong> hoje<\/a> encerrou a sess\u00e3o em alta de 0,34%, cotado a R$5,598 na venda, com a cautela dos mercados internacionais em vista dos rumos da pandemia.<\/p>\t<div class=\"wrapper-featured-image\">\n\t\t<figure class=\"spotlightImg\">\n\n\t\t\t<picture>\n\t\t\t\t<source media=\"(max-width: 768px)\" srcset=\"https:\/\/files.sunoresearch.com.br\/n\/uploads\/2020\/10\/e1c128ff-dolarr-1-400x200.webp\">\n\t\t\t\t<img loading=\"lazy\" decoding=\"async\" class=\"newsContent__article__imgCapa lazyloadDisabled \" src=\"https:\/\/files.sunoresearch.com.br\/n\/uploads\/2020\/10\/e1c128ff-dolarr-1-jpg.webp\" width=\"800\" height=\"450\" alt=\"D\u00f3lar encerra em alta de 0,34%, negociado a R$ 5,598\" fetchpriority=high \/>\n\t\t\t<\/picture>\n\n\t\t\t<figcaption class=\"wp-caption-text wp-caption-text--show\">Na \u00faltima sess\u00e3o, o d\u00f3lar caiu 2,597%, a R$ 5,0379.<\/figcaption>\n\t\t<\/figure>\n\t<\/div>\n\n\n<div class=\"hubspot-form-wrapper\">\n\t<div id=\"single-form-target\"><\/div>\n<\/div>\n\n<p>Apesar de ter registrado alta em seu encerramento, o d\u00f3lar iniciou esta manh\u00e3 em queda com a paralisa\u00e7\u00e3o de tratamentos contra <a href=\"https:\/\/www.suno.com.br\/noticias\/?s=coronav%C3%ADrus\">o novo coronav\u00edrus (covid-19)<\/a> e a\u00a0<a href=\"https:\/\/www.suno.com.br\/artigos\/privatizacao\/\">privatiza\u00e7\u00e3o<\/a> dos <strong>Correios<\/strong> no radar.<\/p>\n<p>Por voltas das 9h10, o d\u00f3lar variava negativamente a 0,14%, sendo negociado a R$ 5,576. O mercado internacional opera entre perdas e ganhos com a suspens\u00e3o de ensaios cl\u00ednicos sobre tratamentos contra a covid-19. J\u00e1 no radar do investidor nacional est\u00e1 o projeto de lei que viabiliza a privatiza\u00e7\u00e3o dos Correios.<\/p>\n<p><a href=\"https:\/\/lp.suno.com.br\/suno-one\/\">Conhe\u00e7a o Suno One, a central gratuita de informa\u00e7\u00f5es da Suno para quem quer aprender a investir. Acesse clicando aqui.<\/a><\/p>\n<p>A farmac\u00eautica Johnson &amp; Johnson (<a href=\"https:\/\/www.suno.com.br\/artigos\/nyse\/\">NYSE<\/a>: JNJ) suspendeu, na \u00faltima segunda-feira (12), seus testes para a <strong>vacina<\/strong> contra a\u00a0covid-19. Segundo a empresa, a medida foi tomada ap\u00f3s um dos volunt\u00e1rios nos testes ter adoecido durante o processo.<\/p>\n<p>Diante de sua volatilidade, a moeda americana registrou alta pela primeira vez nesta quarta-feira por volta das 14h20, em +0,02% a R$ 5,58 em sua venda.<\/p>\n<p>Com isso, confira as principais not\u00edcias que afetaram a cota\u00e7\u00e3o do d\u00f3lar nesta quarta-feira:<\/p>\n<ul>\n<li>Fluxo cambial registra entrada l\u00edquida de US$ 204 mi na semana at\u00e9 9 de outubro<\/li>\n<li>Contas p\u00fablicas: Brasil ter\u00e1 rombo at\u00e9 2025, estima FMI<\/li>\n<li>Moody&#8217;s mant\u00e9m previs\u00e3o de crescimento do PIB brasileiro para 2021<\/li>\n<\/ul>\n<h2>Fluxo Cambial:<\/h2>\n<p>O <a href=\"https:\/\/www.suno.com.br\/noticias\/tags\/banco-central-bc\/page\/3\/\">Banco Central (BC)<\/a> informou nesta quarta-feira (14) que o <a href=\"https:\/\/www.suno.com.br\/artigos\/fluxo-cambial\/\"><strong>fluxo cambial<\/strong><\/a> ficou positivo em US$ 204 milh\u00f5es na semana encerrada em 9 de outubro deste ano. Diante disso, entre os dias 5 e 9 deste m\u00eas, entraram US$ 175 milh\u00f5es pela conta financeira e US$ 29 milh\u00f5es pela conta comercial.<\/p>\n\t<div data-element=\"shortcode-read-more\" class=\"knowMore\">\n\t\t\t\t<span class=\"knowMore__title\">Veja mais<\/span>\n\t\t\t\t<a class=\"knowMore__link\" href=\"https:\/\/www.suno.com.br\/noticias\/fluxo-cambial-registra-entrada-liquida-de-us-204-mi-na-semana-ate-9-de-outubro\/\">\n\t\t\tFluxo cambial registra entrada l\u00edquida de US$ 204 mi na semana at\u00e9 9 de outubro\t\t<\/a>\n\t<\/div>\n\n\n<p>De acordo com os dados divulgados pelo BC, o acumulado negativo do fluxo cambial no ano cai para US$ 18,464 bilh\u00f5es. A conta de capital contribui com sa\u00edda l\u00edquida de US$ 52,166 bilh\u00f5es. Ao passo que a conta comercial registou uma entrada l\u00edquida de US$ 33,703 bilh\u00f5es.<\/p>\n<h2>FMI:<\/h2>\n<p>O Brasil dever\u00e1 registrar um d\u00e9ficit prim\u00e1rio at\u00e9 2025, quando o Pa\u00eds passar\u00e1 a apresentar um resultado negativo de 0,1% do <a href=\"https:\/\/www.suno.com.br\/artigos\/pib-produto-interno-bruto\/\">Produto Interno Bruto (PIB)<\/a>, segundo dados divulgados nesta quarta-feira (14) pelo <a href=\"https:\/\/www.suno.com.br\/artigos\/fmi\/\">Fundo Monet\u00e1rio Internacional (FMI)<\/a>. O rombo nas <strong>contas p\u00fablicas<\/strong> acontecer\u00e1, segundo o FMI, devido ao aumento emergencial de gastos p\u00fablicos adotado pelo governo para diminuir o impacto da crise provocada pela pandemia do coronav\u00edrus (Covid-19).<\/p>\n<p>Segundo o FMI, o <a href=\"https:\/\/www.suno.com.br\/artigos\/deficit-primario\/\">d\u00e9ficit prim\u00e1rio (resultado entre os gastos do governo e a sua receita, desconsiderando as despesas com juros da d\u00edvida p\u00fablica)<\/a> deve aumentar de um resultado negativo, como propor\u00e7\u00e3o do PIB, de 1% em 2019 para 12% neste ano. Em abril desta ano, o FMI previa que o d\u00e9ficit prim\u00e1rio neste ano ficaria em 5,2% do PIB.<\/p>\n\t<div data-element=\"shortcode-read-more\" class=\"knowMore\">\n\t\t\t\t<span class=\"knowMore__title\">Veja mais<\/span>\n\t\t\t\t<a class=\"knowMore__link\" href=\"https:\/\/www.suno.com.br\/noticias\/contas-publicas-brasil-rombo-2025-fmi\/\">\n\t\t\tContas p\u00fablicas: Brasil ter\u00e1 rombo at\u00e9 2025, estima FMI\t\t<\/a>\n\t<\/div>\n\n\n<p>Vale destacar que, at\u00e9 2013, o Brasil vinha acumulando super\u00e1vits prim\u00e1rios. Isso significa que o Pa\u00eds gastava menos do que arrecadava. Para a redu\u00e7\u00e3o da d\u00edvida p\u00fablica, este per\u00edodo foi extremamente importante. Al\u00e9m da import\u00e2ncia em rela\u00e7\u00e3o a d\u00edvida p\u00fablica, o Brasil, consequentemente, acabou recebendo o selo de grau de investimento das ag\u00eancias de classifica\u00e7\u00e3o de risco.<\/p>\n<h2>PIB do Brasil:<\/h2>\n<p>A vice-presidente e analista s\u00eanior da <strong>Moody&#8217;s<\/strong>, Samar Maziad, respons\u00e1vel pelo rating soberano do Brasil, declarou nesta quarta-feira (14), durante o evento Inside Latam Brasil, que a <a href=\"https:\/\/www.suno.com.br\/artigos\/agencias-de-rating\/\">ag\u00eancia de classifica\u00e7\u00e3o de risco<\/a>, ainda prev\u00ea um crescimento do <a href=\"https:\/\/www.suno.com.br\/artigos\/pib-produto-interno-bruto\/\">Produto Interno Bruto (PIB)<\/a> de 3,4% para 2021. &#8220;Brasil j\u00e1 est\u00e1 no caminho da recupera\u00e7\u00e3o no terceiro trimestre e esperamos que continue&#8221;, declarou.<\/p>\n\t<div data-element=\"shortcode-read-more\" class=\"knowMore\">\n\t\t\t\t<span class=\"knowMore__title\">Veja mais<\/span>\n\t\t\t\t<a class=\"knowMore__link\" href=\"https:\/\/www.suno.com.br\/noticias\/moodys-mantem-previsao-de-crescimento-do-pib-brasileiro-em-2021\/\">\n\t\t\tMoody&#039;s mant\u00e9m previs\u00e3o de crescimento do PIB brasileiro para 2021\t\t<\/a>\n\t<\/div>\n\n\n<p>A analista da Moody&#8217;s lembrou, entretanto, que o crescimento do Brasil nos \u00faltimos anos foi decepcionante e que seria necess\u00e1rio ver uma expans\u00e3o mais sustent\u00e1vel nos pr\u00f3ximos anos, o que depende do avan\u00e7o de reformas. &#8220;O crescimento potencial do Brasil hoje \u00e9 estimado em 2%. Para um<strong> PIB<\/strong> potencial maior, \u00e9 necess\u00e1rio maior avan\u00e7o de reformas.&#8221;<\/p>\n<p>Segundo Maziad, para o crescimento ser maior tamb\u00e9m \u00e9 necess\u00e1ria a confian\u00e7a na manuten\u00e7\u00e3o do compromisso fiscal do Pa\u00eds.<\/p>\n<h2>\u00daltima cota\u00e7\u00e3o do d\u00f3lar<\/h2>\n<p>Na \u00faltima sess\u00e3o, ter\u00e7a-feira (13), o <strong>d\u00f3lar<\/strong> encerrou em alta de 0,98%, a R$ 5,579.<\/p>\n\t<p>\n\t\t<a href=\"https:\/\/lp.suno.com.br\/planilha-de-controle-de-investimentos\/\" target=\"_blank\" data-element=\"shortcode-suno-banner\" title=\"Banner SUNO, clique e saiba mais\">\n\t\t\t<picture>\n\t\t\t\t<source media=\"(max-width: 500px)\" srcset=\"https:\/\/files.sunoresearch.com.br\/n\/uploads\/2023\/03\/400x300-Controle-de-Investimentos.png\">\n\t\t\t\t<img class=\"newsContent__article__imgCapa newsContent__article__imgCapa--banner\"\n\t\t\t\t\tsrc=\"https:\/\/files.sunoresearch.com.br\/n\/uploads\/2023\/03\/1420x240-Controle-de-Investimentos.png\"\n\t\t\t\t\tdata-promo-id=\"75934\"\t\t\t\t\t\t\t\t\t\twidth='1420' height='240'\t\t\t\t\talt=\"https:\/\/files.sunoresearch.com.br\/n\/uploads\/2023\/03\/1420x240-Controle-de-Investimentos.png\"\n\t\t\t\t>\n\t\t\t<\/picture>\n\t\t<\/a>\n\t<\/p>\n\n\n","protected":false},"excerpt":{"rendered":"<p>O d\u00f3lar hoje encerrou a sess\u00e3o em alta de 0,34%, cotado a R$5,598 na venda, com a cautela dos mercados internacionais em vista dos rumos da pandemia. Na \u00faltima sess\u00e3o, o d\u00f3lar caiu 2,597%, a R$ 5,0379. Apesar de ter registrado alta em seu encerramento, o d\u00f3lar iniciou esta manh\u00e3 em queda com a paralisa\u00e7\u00e3o [&hellip;]<\/p>\n","protected":false},"author":56,"featured_media":91483,"comment_status":"closed","ping_status":"closed","sticky":false,"template":"","format":"standard","meta":[],"categories":[60],"tags":[326,1540,806,963],"suno_strategy":[],"class_list":["post-91480","post","type-post","status-publish","format-standard","has-post-thumbnail","hentry","category-mercado","tag-dolar","tag-fluxo-cambial","tag-fundo-monetario-internacional-fmi","tag-moodys"],"yoast_head":"<!-- This site is optimized with the Yoast SEO plugin v24.4 - https:\/\/yoast.com\/wordpress\/plugins\/seo\/ -->\n<title>D\u00f3lar encerra em alta de 0,34%, negociado a R$ 5,598<\/title>\n<meta name=\"description\" content=\"Apesar da alta, o d\u00f3lar abriu em queda nesta manh\u00e3. Por voltas das 9h10, a moeda variava negativamente a 0,14%. Clique aqui para saber mais.\" \/>\n<meta name=\"robots\" content=\"index, follow, max-snippet:-1, max-image-preview:large, max-video-preview:-1\" \/>\n<link rel=\"canonical\" href=\"https:\/\/www.suno.com.br\/noticias\/dolar-encerra-em-queda-de-034-negociado-a-598\/\" \/>\n<meta property=\"og:locale\" content=\"pt_BR\" \/>\n<meta property=\"og:type\" content=\"article\" \/>\n<meta property=\"og:title\" content=\"D\u00f3lar encerra em alta de 0,34%, negociado a R$ 5,598\" \/>\n<meta property=\"og:description\" content=\"Apesar da alta, o d\u00f3lar abriu em queda nesta manh\u00e3. Por voltas das 9h10, a moeda variava negativamente a 0,14%. Clique aqui para saber mais.\" \/>\n<meta property=\"og:url\" content=\"https:\/\/www.suno.com.br\/noticias\/dolar-encerra-em-queda-de-034-negociado-a-598\/\" \/>\n<meta property=\"og:site_name\" content=\"Suno Not\u00edcias\" \/>\n<meta property=\"article:publisher\" content=\"https:\/\/facebook.com\/sunoresearch\" \/>\n<meta property=\"og:image\" content=\"https:\/\/files.sunoresearch.com.br\/n\/uploads\/2020\/10\/e1c128ff-dolarr-1.jpg\" \/>\n\t<meta property=\"og:image:width\" content=\"640\" \/>\n\t<meta property=\"og:image:height\" content=\"370\" \/>\n\t<meta property=\"og:image:type\" content=\"image\/jpeg\" \/>\n<meta name=\"author\" content=\"Rafaela La Regina\" \/>\n<meta name=\"twitter:card\" content=\"summary_large_image\" \/>\n<meta name=\"twitter:creator\" content=\"@sunoresearch\" \/>\n<meta name=\"twitter:site\" content=\"@sunoresearch\" \/>\n<meta name=\"twitter:label1\" content=\"Escrito por\" \/>\n\t<meta name=\"twitter:data1\" content=\"Rafaela La Regina\" \/>\n\t<meta name=\"twitter:label2\" content=\"Est. tempo de leitura\" \/>\n\t<meta name=\"twitter:data2\" content=\"4 minutos\" \/>\n<script type=\"application\/ld+json\" class=\"yoast-schema-graph\">{\"@context\":\"https:\/\/schema.org\",\"@graph\":[{\"@type\":\"NewsArticle\",\"@id\":\"https:\/\/www.suno.com.br\/noticias\/dolar-encerra-em-queda-de-034-negociado-a-598\/#article\",\"isPartOf\":{\"@id\":\"https:\/\/www.suno.com.br\/noticias\/dolar-encerra-em-queda-de-034-negociado-a-598\/\"},\"author\":{\"name\":\"Rafaela La Regina\",\"@id\":\"https:\/\/www.suno.com.br\/noticias\/#\/schema\/person\/e672ca8cea627fe715fa29bca7da95e0\"},\"headline\":\"D\u00f3lar encerra em alta de 0,34%, negociado a R$ 5,598\",\"datePublished\":\"2020-10-14T20:35:44+00:00\",\"dateModified\":\"2021-05-29T23:32:38+00:00\",\"mainEntityOfPage\":{\"@id\":\"https:\/\/www.suno.com.br\/noticias\/dolar-encerra-em-queda-de-034-negociado-a-598\/\"},\"wordCount\":777,\"publisher\":{\"@id\":\"https:\/\/www.suno.com.br\/noticias\/#organization\"},\"image\":{\"@id\":\"https:\/\/www.suno.com.br\/noticias\/dolar-encerra-em-queda-de-034-negociado-a-598\/#primaryimage\"},\"thumbnailUrl\":\"https:\/\/files.sunoresearch.com.br\/n\/uploads\/2020\/10\/e1c128ff-dolarr-1-jpg.webp\",\"keywords\":[\"d\u00f3lar\",\"fluxo cambial\",\"Fundo Monet\u00e1rio Internacional (FMI)\",\"Moody's\"],\"articleSection\":[\"Mercado\"],\"inLanguage\":\"pt-BR\"},{\"@type\":\"WebPage\",\"@id\":\"https:\/\/www.suno.com.br\/noticias\/dolar-encerra-em-queda-de-034-negociado-a-598\/\",\"url\":\"https:\/\/www.suno.com.br\/noticias\/dolar-encerra-em-queda-de-034-negociado-a-598\/\",\"name\":\"D\u00f3lar encerra em alta de 0,34%, negociado a R$ 5,598\",\"isPartOf\":{\"@id\":\"https:\/\/www.suno.com.br\/noticias\/#website\"},\"primaryImageOfPage\":{\"@id\":\"https:\/\/www.suno.com.br\/noticias\/dolar-encerra-em-queda-de-034-negociado-a-598\/#primaryimage\"},\"image\":{\"@id\":\"https:\/\/www.suno.com.br\/noticias\/dolar-encerra-em-queda-de-034-negociado-a-598\/#primaryimage\"},\"thumbnailUrl\":\"https:\/\/files.sunoresearch.com.br\/n\/uploads\/2020\/10\/e1c128ff-dolarr-1-jpg.webp\",\"datePublished\":\"2020-10-14T20:35:44+00:00\",\"dateModified\":\"2021-05-29T23:32:38+00:00\",\"description\":\"Apesar da alta, o d\u00f3lar abriu em queda nesta manh\u00e3. Por voltas das 9h10, a moeda variava negativamente a 0,14%. Clique aqui para saber mais.\",\"breadcrumb\":{\"@id\":\"https:\/\/www.suno.com.br\/noticias\/dolar-encerra-em-queda-de-034-negociado-a-598\/#breadcrumb\"},\"inLanguage\":\"pt-BR\",\"potentialAction\":[{\"@type\":\"ReadAction\",\"target\":[\"https:\/\/www.suno.com.br\/noticias\/dolar-encerra-em-queda-de-034-negociado-a-598\/\"]}]},{\"@type\":\"ImageObject\",\"inLanguage\":\"pt-BR\",\"@id\":\"https:\/\/www.suno.com.br\/noticias\/dolar-encerra-em-queda-de-034-negociado-a-598\/#primaryimage\",\"url\":\"https:\/\/files.sunoresearch.com.br\/n\/uploads\/2020\/10\/e1c128ff-dolarr-1-jpg.webp\",\"contentUrl\":\"https:\/\/files.sunoresearch.com.br\/n\/uploads\/2020\/10\/e1c128ff-dolarr-1-jpg.webp\",\"width\":640,\"height\":370,\"caption\":\"Na \u00faltima sess\u00e3o, o d\u00f3lar caiu 2,597%, a R$ 5,0379.\"},{\"@type\":\"BreadcrumbList\",\"@id\":\"https:\/\/www.suno.com.br\/noticias\/dolar-encerra-em-queda-de-034-negociado-a-598\/#breadcrumb\",\"itemListElement\":[{\"@type\":\"ListItem\",\"position\":1,\"name\":\"Not\u00edcias\",\"item\":\"https:\/\/www.suno.com.br\/noticias\/\"},{\"@type\":\"ListItem\",\"position\":2,\"name\":\"Mercado\",\"item\":\"https:\/\/www.suno.com.br\/noticias\/mercado\/\"},{\"@type\":\"ListItem\",\"position\":3,\"name\":\"D\u00f3lar encerra em alta de 0,34%, negociado a R$ 5,598\"}]},{\"@type\":\"WebSite\",\"@id\":\"https:\/\/www.suno.com.br\/noticias\/#website\",\"url\":\"https:\/\/www.suno.com.br\/noticias\/\",\"name\":\"Suno Not\u00edcias\",\"description\":\"Seu portal de informa\u00e7\u00e3o sobre o mundo dos investimentos\",\"publisher\":{\"@id\":\"https:\/\/www.suno.com.br\/noticias\/#organization\"},\"potentialAction\":[{\"@type\":\"SearchAction\",\"target\":{\"@type\":\"EntryPoint\",\"urlTemplate\":\"https:\/\/www.suno.com.br\/noticias\/?s={search_term_string}\"},\"query-input\":{\"@type\":\"PropertyValueSpecification\",\"valueRequired\":true,\"valueName\":\"search_term_string\"}}],\"inLanguage\":\"pt-BR\"},{\"@type\":\"Organization\",\"@id\":\"https:\/\/www.suno.com.br\/noticias\/#organization\",\"name\":\"Suno Not\u00edcias\",\"url\":\"https:\/\/www.suno.com.br\/noticias\/\",\"logo\":{\"@type\":\"ImageObject\",\"inLanguage\":\"pt-BR\",\"@id\":\"https:\/\/www.suno.com.br\/noticias\/#\/schema\/logo\/image\/\",\"url\":\"https:\/\/files.sunoresearch.com.br\/n\/uploads\/2021\/09\/suno-logo.png\",\"contentUrl\":\"https:\/\/files.sunoresearch.com.br\/n\/uploads\/2021\/09\/suno-logo.png\",\"width\":180,\"height\":180,\"caption\":\"Suno Not\u00edcias\"},\"image\":{\"@id\":\"https:\/\/www.suno.com.br\/noticias\/#\/schema\/logo\/image\/\"},\"sameAs\":[\"https:\/\/facebook.com\/sunoresearch\",\"https:\/\/x.com\/sunoresearch\",\"https:\/\/www.instagram.com\/suno\",\"https:\/\/www.linkedin.com\/company\/suno-research\/\",\"https:\/\/www.youtube.com\/c\/sunoresearch\"]},{\"@type\":\"Person\",\"@id\":\"https:\/\/www.suno.com.br\/noticias\/#\/schema\/person\/e672ca8cea627fe715fa29bca7da95e0\",\"name\":\"Rafaela La Regina\",\"image\":{\"@type\":\"ImageObject\",\"inLanguage\":\"pt-BR\",\"@id\":\"https:\/\/www.suno.com.br\/noticias\/#\/schema\/person\/image\/\",\"url\":\"https:\/\/secure.gravatar.com\/avatar\/d2c75a52d243deb93d0465fdcb21bd37?s=96&r=g\",\"contentUrl\":\"https:\/\/secure.gravatar.com\/avatar\/d2c75a52d243deb93d0465fdcb21bd37?s=96&r=g\",\"caption\":\"Rafaela La Regina\"},\"description\":\"Estagi\u00e1ria no Suno Not\u00edcias. Escreve sobre economia, pol\u00edtica e neg\u00f3cios. Estuda Rela\u00e7\u00f5es Internacionais no IBMEC-SP.\",\"url\":\"https:\/\/www.suno.com.br\/noticias\/author\/rafaela-la-regina\/\"}]}<\/script>\n<!-- \/ Yoast SEO plugin. -->","yoast_head_json":{"title":"D\u00f3lar encerra em alta de 0,34%, negociado a R$ 5,598","description":"Apesar da alta, o d\u00f3lar abriu em queda nesta manh\u00e3. Por voltas das 9h10, a moeda variava negativamente a 0,14%. Clique aqui para saber mais.","robots":{"index":"index","follow":"follow","max-snippet":"max-snippet:-1","max-image-preview":"max-image-preview:large","max-video-preview":"max-video-preview:-1"},"canonical":"https:\/\/www.suno.com.br\/noticias\/dolar-encerra-em-queda-de-034-negociado-a-598\/","og_locale":"pt_BR","og_type":"article","og_title":"D\u00f3lar encerra em alta de 0,34%, negociado a R$ 5,598","og_description":"Apesar da alta, o d\u00f3lar abriu em queda nesta manh\u00e3. Por voltas das 9h10, a moeda variava negativamente a 0,14%. Clique aqui para saber mais.","og_url":"https:\/\/www.suno.com.br\/noticias\/dolar-encerra-em-queda-de-034-negociado-a-598\/","og_site_name":"Suno Not\u00edcias","article_publisher":"https:\/\/facebook.com\/sunoresearch","og_image":[{"width":640,"height":370,"url":"https:\/\/files.sunoresearch.com.br\/n\/uploads\/2020\/10\/e1c128ff-dolarr-1.jpg","type":"image\/jpeg"}],"author":"Rafaela La Regina","twitter_card":"summary_large_image","twitter_creator":"@sunoresearch","twitter_site":"@sunoresearch","twitter_misc":{"Escrito por":"Rafaela La Regina","Est. tempo de leitura":"4 minutos"},"schema":{"@context":"https:\/\/schema.org","@graph":[{"@type":"NewsArticle","@id":"https:\/\/www.suno.com.br\/noticias\/dolar-encerra-em-queda-de-034-negociado-a-598\/#article","isPartOf":{"@id":"https:\/\/www.suno.com.br\/noticias\/dolar-encerra-em-queda-de-034-negociado-a-598\/"},"author":{"name":"Rafaela La Regina","@id":"https:\/\/www.suno.com.br\/noticias\/#\/schema\/person\/e672ca8cea627fe715fa29bca7da95e0"},"headline":"D\u00f3lar encerra em alta de 0,34%, negociado a R$ 5,598","datePublished":"2020-10-14T20:35:44+00:00","dateModified":"2021-05-29T23:32:38+00:00","mainEntityOfPage":{"@id":"https:\/\/www.suno.com.br\/noticias\/dolar-encerra-em-queda-de-034-negociado-a-598\/"},"wordCount":777,"publisher":{"@id":"https:\/\/www.suno.com.br\/noticias\/#organization"},"image":{"@id":"https:\/\/www.suno.com.br\/noticias\/dolar-encerra-em-queda-de-034-negociado-a-598\/#primaryimage"},"thumbnailUrl":"https:\/\/files.sunoresearch.com.br\/n\/uploads\/2020\/10\/e1c128ff-dolarr-1-jpg.webp","keywords":["d\u00f3lar","fluxo cambial","Fundo Monet\u00e1rio Internacional (FMI)","Moody's"],"articleSection":["Mercado"],"inLanguage":"pt-BR"},{"@type":"WebPage","@id":"https:\/\/www.suno.com.br\/noticias\/dolar-encerra-em-queda-de-034-negociado-a-598\/","url":"https:\/\/www.suno.com.br\/noticias\/dolar-encerra-em-queda-de-034-negociado-a-598\/","name":"D\u00f3lar encerra em alta de 0,34%, negociado a R$ 5,598","isPartOf":{"@id":"https:\/\/www.suno.com.br\/noticias\/#website"},"primaryImageOfPage":{"@id":"https:\/\/www.suno.com.br\/noticias\/dolar-encerra-em-queda-de-034-negociado-a-598\/#primaryimage"},"image":{"@id":"https:\/\/www.suno.com.br\/noticias\/dolar-encerra-em-queda-de-034-negociado-a-598\/#primaryimage"},"thumbnailUrl":"https:\/\/files.sunoresearch.com.br\/n\/uploads\/2020\/10\/e1c128ff-dolarr-1-jpg.webp","datePublished":"2020-10-14T20:35:44+00:00","dateModified":"2021-05-29T23:32:38+00:00","description":"Apesar da alta, o d\u00f3lar abriu em queda nesta manh\u00e3. Por voltas das 9h10, a moeda variava negativamente a 0,14%. Clique aqui para saber mais.","breadcrumb":{"@id":"https:\/\/www.suno.com.br\/noticias\/dolar-encerra-em-queda-de-034-negociado-a-598\/#breadcrumb"},"inLanguage":"pt-BR","potentialAction":[{"@type":"ReadAction","target":["https:\/\/www.suno.com.br\/noticias\/dolar-encerra-em-queda-de-034-negociado-a-598\/"]}]},{"@type":"ImageObject","inLanguage":"pt-BR","@id":"https:\/\/www.suno.com.br\/noticias\/dolar-encerra-em-queda-de-034-negociado-a-598\/#primaryimage","url":"https:\/\/files.sunoresearch.com.br\/n\/uploads\/2020\/10\/e1c128ff-dolarr-1-jpg.webp","contentUrl":"https:\/\/files.sunoresearch.com.br\/n\/uploads\/2020\/10\/e1c128ff-dolarr-1-jpg.webp","width":640,"height":370,"caption":"Na \u00faltima sess\u00e3o, o d\u00f3lar caiu 2,597%, a R$ 5,0379."},{"@type":"BreadcrumbList","@id":"https:\/\/www.suno.com.br\/noticias\/dolar-encerra-em-queda-de-034-negociado-a-598\/#breadcrumb","itemListElement":[{"@type":"ListItem","position":1,"name":"Not\u00edcias","item":"https:\/\/www.suno.com.br\/noticias\/"},{"@type":"ListItem","position":2,"name":"Mercado","item":"https:\/\/www.suno.com.br\/noticias\/mercado\/"},{"@type":"ListItem","position":3,"name":"D\u00f3lar encerra em alta de 0,34%, negociado a R$ 5,598"}]},{"@type":"WebSite","@id":"https:\/\/www.suno.com.br\/noticias\/#website","url":"https:\/\/www.suno.com.br\/noticias\/","name":"Suno Not\u00edcias","description":"Seu portal de informa\u00e7\u00e3o sobre o mundo dos investimentos","publisher":{"@id":"https:\/\/www.suno.com.br\/noticias\/#organization"},"potentialAction":[{"@type":"SearchAction","target":{"@type":"EntryPoint","urlTemplate":"https:\/\/www.suno.com.br\/noticias\/?s={search_term_string}"},"query-input":{"@type":"PropertyValueSpecification","valueRequired":true,"valueName":"search_term_string"}}],"inLanguage":"pt-BR"},{"@type":"Organization","@id":"https:\/\/www.suno.com.br\/noticias\/#organization","name":"Suno Not\u00edcias","url":"https:\/\/www.suno.com.br\/noticias\/","logo":{"@type":"ImageObject","inLanguage":"pt-BR","@id":"https:\/\/www.suno.com.br\/noticias\/#\/schema\/logo\/image\/","url":"https:\/\/files.sunoresearch.com.br\/n\/uploads\/2021\/09\/suno-logo.png","contentUrl":"https:\/\/files.sunoresearch.com.br\/n\/uploads\/2021\/09\/suno-logo.png","width":180,"height":180,"caption":"Suno Not\u00edcias"},"image":{"@id":"https:\/\/www.suno.com.br\/noticias\/#\/schema\/logo\/image\/"},"sameAs":["https:\/\/facebook.com\/sunoresearch","https:\/\/x.com\/sunoresearch","https:\/\/www.instagram.com\/suno","https:\/\/www.linkedin.com\/company\/suno-research\/","https:\/\/www.youtube.com\/c\/sunoresearch"]},{"@type":"Person","@id":"https:\/\/www.suno.com.br\/noticias\/#\/schema\/person\/e672ca8cea627fe715fa29bca7da95e0","name":"Rafaela La Regina","image":{"@type":"ImageObject","inLanguage":"pt-BR","@id":"https:\/\/www.suno.com.br\/noticias\/#\/schema\/person\/image\/","url":"https:\/\/secure.gravatar.com\/avatar\/d2c75a52d243deb93d0465fdcb21bd37?s=96&r=g","contentUrl":"https:\/\/secure.gravatar.com\/avatar\/d2c75a52d243deb93d0465fdcb21bd37?s=96&r=g","caption":"Rafaela La Regina"},"description":"Estagi\u00e1ria no Suno Not\u00edcias. Escreve sobre economia, pol\u00edtica e neg\u00f3cios. Estuda Rela\u00e7\u00f5es Internacionais no IBMEC-SP.","url":"https:\/\/www.suno.com.br\/noticias\/author\/rafaela-la-regina\/"}]}},"default_loop_html":"<div class=\"cardsPage__listCard__boxs\"><div class=\"cardsPage__listCard__boxs__img\"><a href=\"https:\/\/www.suno.com.br\/noticias\/dolar-encerra-em-queda-de-034-negociado-a-598\/\"><img class=\"mask\" src=\"https:\/\/www.suno.com.br\/noticias\/wp-content\/themes\/suno\/resources\/images\/spotlight\/spotlight1img\/bg-mask.png\" alt=\"Image Mask\"\/><img src=\"https:\/\/files.sunoresearch.com.br\/n\/uploads\/2020\/10\/e1c128ff-dolarr-1-400x200.webp\" alt=\"D\u00f3lar encerra em alta de 0,34%, negociado a R$ 5,598\"\/><\/a><span class=\"spotlightCategory\"><a href=\"https:\/\/www.suno.com.br\/noticias\/mercado\/\">Mercado<\/a><\/span><\/div><div class=\"cardsPage__listCard__boxs__content\"><a href=\"https:\/\/www.suno.com.br\/noticias\/dolar-encerra-em-queda-de-034-negociado-a-598\/\"><h2 class=\"content__title\">D\u00f3lar encerra em alta de 0,34%, negociado a R$ 5,598<\/h2><\/a><div class=\"newsContent__article__meta\"><div class=\"newsContent__article__meta__authorBox\"><a href=\"https:\/\/www.suno.com.br\/noticias\/author\/rafaela-la-regina\/\" class=\"authorBox__avatar noMobi\"><img src=\"https:\/\/secure.gravatar.com\/avatar\/d2c75a52d243deb93d0465fdcb21bd37?s=96&#038;r=g\" alt=\"Rafaela La Regina\"><\/a><div class=\"authorBox__name\"><span>por\n\t\t\t<a href=\"https:\/\/www.suno.com.br\/noticias\/author\/rafaela-la-regina\/\"><span itemprop=\"author\">Rafaela La Regina<\/span><\/a><\/span><time datetime=\"2020-10-14T17:35:44-03:00\" itemprop=\"datePublished\">14\/10\/2020 17:35<\/time><\/div><\/div><\/div><\/div><\/div>","single_layout":"posts","amp_enabled":true,"_links":{"self":[{"href":"https:\/\/www.suno.com.br\/noticias\/wp-json\/wp\/v2\/posts\/91480"}],"collection":[{"href":"https:\/\/www.suno.com.br\/noticias\/wp-json\/wp\/v2\/posts"}],"about":[{"href":"https:\/\/www.suno.com.br\/noticias\/wp-json\/wp\/v2\/types\/post"}],"author":[{"embeddable":true,"href":"https:\/\/www.suno.com.br\/noticias\/wp-json\/wp\/v2\/users\/56"}],"replies":[{"embeddable":true,"href":"https:\/\/www.suno.com.br\/noticias\/wp-json\/wp\/v2\/comments?post=91480"}],"version-history":[{"count":1,"href":"https:\/\/www.suno.com.br\/noticias\/wp-json\/wp\/v2\/posts\/91480\/revisions"}],"predecessor-version":[{"id":152134,"href":"https:\/\/www.suno.com.br\/noticias\/wp-json\/wp\/v2\/posts\/91480\/revisions\/152134"}],"wp:featuredmedia":[{"embeddable":true,"href":"https:\/\/www.suno.com.br\/noticias\/wp-json\/wp\/v2\/media\/91483"}],"wp:attachment":[{"href":"https:\/\/www.suno.com.br\/noticias\/wp-json\/wp\/v2\/media?parent=91480"}],"wp:term":[{"taxonomy":"category","embeddable":true,"href":"https:\/\/www.suno.com.br\/noticias\/wp-json\/wp\/v2\/categories?post=91480"},{"taxonomy":"post_tag","embeddable":true,"href":"https:\/\/www.suno.com.br\/noticias\/wp-json\/wp\/v2\/tags?post=91480"},{"taxonomy":"suno_strategy","embeddable":true,"href":"https:\/\/www.suno.com.br\/noticias\/wp-json\/wp\/v2\/suno_strategy?post=91480"}],"curies":[{"name":"wp","href":"https:\/\/api.w.org\/{rel}","templated":true}]}}