{"id":91415,"date":"2020-10-14T14:50:47","date_gmt":"2020-10-14T17:50:47","guid":{"rendered":"https:\/\/www.suno.com.br\/noticias\/?p=91415"},"modified":"2020-10-14T14:50:47","modified_gmt":"2020-10-14T17:50:47","slug":"moodys-mantem-previsao-de-crescimento-do-pib-brasileiro-em-2021","status":"publish","type":"post","link":"https:\/\/www.suno.com.br\/noticias\/moodys-mantem-previsao-de-crescimento-do-pib-brasileiro-em-2021\/","title":{"rendered":"Moody&#8217;s mant\u00e9m previs\u00e3o de crescimento do PIB brasileiro para 2021"},"content":{"rendered":"<p>A vice-presidente e analista s\u00eanior da <strong>Moody&#8217;s<\/strong>, Samar Maziad, respons\u00e1vel pelo rating soberano do Brasil, declarou nesta quarta-feira (14), durante o evento Inside Latam Brasil, que a <a href=\"https:\/\/www.suno.com.br\/artigos\/agencias-de-rating\/\">ag\u00eancia de classifica\u00e7\u00e3o de risco<\/a>, ainda prev\u00ea um crescimento do <a href=\"https:\/\/www.suno.com.br\/artigos\/pib-produto-interno-bruto\/\">Produto Interno Bruto (PIB)<\/a> de 3,4% para 2021. &#8220;Brasil j\u00e1 est\u00e1 no caminho da recupera\u00e7\u00e3o no terceiro trimestre e esperamos que continue&#8221;, declarou.<\/p>\t<div class=\"wrapper-featured-image\">\n\t\t<figure class=\"spotlightImg\">\n\n\t\t\t<picture>\n\t\t\t\t<source media=\"(max-width: 768px)\" srcset=\"https:\/\/files.sunoresearch.com.br\/n\/uploads\/2020\/10\/20456859-moody\u00b4s-800x450-1-400x200.webp\">\n\t\t\t\t<img loading=\"lazy\" decoding=\"async\" class=\"newsContent__article__imgCapa lazyloadDisabled \" src=\"https:\/\/files.sunoresearch.com.br\/n\/uploads\/2020\/10\/20456859-moody\u00b4s-800x450-1-jpg.webp\" width=\"800\" height=\"450\" alt=\"Moody&#8217;s mant\u00e9m previs\u00e3o de crescimento do PIB brasileiro para 2021\" fetchpriority=high \/>\n\t\t\t<\/picture>\n\n\t\t\t<figcaption class=\"wp-caption-text wp-caption-text--show\">A Moody&#039;s rebaixou a nota do Reino Unido de Aa2 para Aa3<\/figcaption>\n\t\t<\/figure>\n\t<\/div>\n\n\n<div class=\"hubspot-form-wrapper\">\n\t<div id=\"single-form-target\"><\/div>\n<\/div>\n\n<p>A analista da Moody&#8217;s lembrou, entretanto, que o crescimento do Brasil nos \u00faltimos anos foi decepcionante e que seria necess\u00e1rio ver uma expans\u00e3o mais sustent\u00e1vel nos pr\u00f3ximos anos, o que depende do avan\u00e7o de reformas. &#8220;O crescimento potencial do Brasil hoje \u00e9 estimado em 2%. Para um<strong> PIB<\/strong> potencial maior, \u00e9 necess\u00e1rio maior avan\u00e7o de reformas.&#8221;<\/p>\n<p>Segundo Maziad, para o crescimento ser maior tamb\u00e9m \u00e9 necess\u00e1ria a confian\u00e7a na manuten\u00e7\u00e3o do compromisso fiscal do Pa\u00eds.<\/p>\n<p><a href=\"https:\/\/lp.suno.com.br\/suno-one\/\">Suno One: acesse gratuitamente eBooks, Minicursos, Artigos e Video Aulas sobre investimentos com um \u00fanico cadastro. Clique para saber mais!<\/a><\/p>\n<p>Al\u00e9m disso, do ponto de vista <a href=\"https:\/\/www.suno.com.br\/artigos\/politica-fiscal\/\">fiscal<\/a>, a analista alertou sobre a necessidade de respeitar o teto e, neste sentido, a aprova\u00e7\u00e3o da chamada <strong>PEC Emergencial<\/strong>, que tem mecanismos para conter gastos p\u00fablicos, \u00e9 a medida mais importante de curto prazo.<\/p>\n<p>Ao passo que do ponto de vista estrutural, Maziad pontuou que a <a href=\"https:\/\/www.suno.com.br\/artigos\/reforma-tributaria\/\">reforma tribut\u00e1ria<\/a> \u00e9 importante, pois resolve distor\u00e7\u00f5es que o Brasil tem em sua estrutura de impostos. &#8220;A <strong>reforma administrativa<\/strong> tamb\u00e9m \u00e9 importante estruturalmente para quest\u00e3o do gasto&#8221;, argumentou.<\/p>\n<p>&#8220;O comprometimento com disciplina fiscal \u00e9 positivo para crescimento do Brasil&#8221;, disse, ressaltando que o PIB potencial do Brasil est\u00e1 na ordem de 2%. Para um n\u00edvel de expans\u00e3o sustentada mais alto, \u00e9 preciso avan\u00e7o com as reformas, ressaltou a analista da Moody&#8217;s aos jornalistas e, mais cedo, em semin\u00e1rio virtual da ag\u00eancia de risco.<\/p>\n<h2><b>Renda Cidad\u00e3 e teto<\/b><\/h2>\n<p>A vice-presidente e analista s\u00eanior do rating soberano do <strong>Brasil<\/strong> da Moody&#8217;s disse, tamb\u00e9m, que o financiamento dentro do teto de gastos do novo programa social do governo, o <strong>Renda Cidad\u00e3<\/strong>, depender\u00e1 da proposta do Planalto, caso seja acomodado dentro do teto, ser\u00e1 positivo para o crescimento do Pa\u00eds.<\/p>\n<p>Em rela\u00e7\u00e3o \u00e0 manuten\u00e7\u00e3o dos est\u00edmulos extraordin\u00e1rios, como o aux\u00edlio emergencial, <a href=\"https:\/\/www.suno.com.br\/noticias\/tags\/coronavoucher\/\">tamb\u00e9m conhecido por coronavocher<\/a>,\u00a0 pela frente, a analista da Moody&#8217;s ressaltou que h\u00e1 espa\u00e7o limitado dentro do teto de gastos para aumentar despesas. Assim, a ideia do ministro <a href=\"https:\/\/www.suno.com.br\/tudo-sobre\/paulo-guedes\/\">Paulo Guedes<\/a> de unificar programas sociais pode requerer medidas compensat\u00f3rias para que se adaptem ao teto, afirmou.<\/p>\n<p>A sinaliza\u00e7\u00e3o de compromisso com o teto e de disciplina fiscal pelo governo, disse Maziad, ser\u00e1 um sinal positivo aos agentes sobre a consolida\u00e7\u00e3o das contas p\u00fablicas brasileiras e no final vai apoiar o crescimento. A Moody&#8217;s espera que o ajuste fiscal seja retomado em 2021.<\/p>\n<p><a href=\"https:\/\/www.suno.com.br\/noticias\/moodys-estresse-economico-receitas-paises-remessas-globais\/\">Veja Tamb\u00e9m: Moody&#8217;s: estresse econ\u00f4mico pode prejudicar receitas de alguns pa\u00edses<\/a><\/p>\n<p>Maziad ressaltou que as medidas emergenciais adotadas pelo Brasil para lidar com a pandemia foram substanciais, especialmente comparadas a outros emergentes. &#8220;Elas contribu\u00edram para a recupera\u00e7\u00e3o da atividade&#8221;, declarou, citando principalmente est\u00edmulos fiscais.<\/p>\n<p>Al\u00e9m de manter a estabilidade macroecon\u00f4mica e progredir com reformas, Maziad falou ainda da necessidade de o Pa\u00eds avan\u00e7ar com as privatiza\u00e7\u00f5es e melhorar o ambiente de neg\u00f3cios, para estimular investimentos. Nesse sentido, a reforma tribut\u00e1ria \u00e9 relevante, pois simplifica a estrutura de impostos do Brasil, o que ajuda a criar um clima positivo para investimentos, informou a analista da <strong>Moody&#8217;s<\/strong>.<\/p>\n<p><em>Com informa\u00e7\u00f5es do Estad\u00e3o Conte\u00fado<\/em><\/p>\n\n","protected":false},"excerpt":{"rendered":"<p>A vice-presidente e analista s\u00eanior da Moody&#8217;s, Samar Maziad, respons\u00e1vel pelo rating soberano do Brasil, declarou nesta quarta-feira (14), durante o evento Inside Latam Brasil, que a ag\u00eancia de classifica\u00e7\u00e3o de risco, ainda prev\u00ea um crescimento do Produto Interno Bruto (PIB) de 3,4% para 2021. &#8220;Brasil j\u00e1 est\u00e1 no caminho da recupera\u00e7\u00e3o no terceiro trimestre [&hellip;]<\/p>\n","protected":false},"author":56,"featured_media":91434,"comment_status":"closed","ping_status":"closed","sticky":false,"template":"","format":"standard","meta":[],"categories":[62],"tags":[12737,740,963,807,104572],"suno_strategy":[],"class_list":["post-91415","post","type-post","status-publish","format-standard","has-post-thumbnail","hentry","category-economia","tag-coronavoucher","tag-economia","tag-moodys","tag-produto-interno-bruto-pib","tag-renda-cidada"],"yoast_head":"<!-- This site is optimized with the Yoast SEO plugin v24.4 - https:\/\/yoast.com\/wordpress\/plugins\/seo\/ -->\n<title>Moody&#039;s mant\u00e9m previs\u00e3o de crescimento do PIB brasileiro para 2021<\/title>\n<meta name=\"description\" content=\"A ag\u00eancia de classifica\u00e7\u00e3o de risco, Moody&#039;s, ainda prev\u00ea um crescimento do PIB de 3,4% para 2021. Clique aqui para saber mais.\" \/>\n<meta name=\"robots\" content=\"index, follow, max-snippet:-1, max-image-preview:large, max-video-preview:-1\" \/>\n<link rel=\"canonical\" href=\"https:\/\/www.suno.com.br\/noticias\/moodys-mantem-previsao-de-crescimento-do-pib-brasileiro-em-2021\/\" \/>\n<meta property=\"og:locale\" content=\"pt_BR\" \/>\n<meta property=\"og:type\" content=\"article\" \/>\n<meta property=\"og:title\" content=\"Moody&#039;s mant\u00e9m previs\u00e3o de crescimento do PIB brasileiro para 2021\" \/>\n<meta property=\"og:description\" content=\"A ag\u00eancia de classifica\u00e7\u00e3o de risco, Moody&#039;s, ainda prev\u00ea um crescimento do PIB de 3,4% para 2021. Clique aqui para saber mais.\" \/>\n<meta property=\"og:url\" content=\"https:\/\/www.suno.com.br\/noticias\/moodys-mantem-previsao-de-crescimento-do-pib-brasileiro-em-2021\/\" \/>\n<meta property=\"og:site_name\" content=\"Suno Not\u00edcias\" \/>\n<meta property=\"article:publisher\" content=\"https:\/\/facebook.com\/sunoresearch\" \/>\n<meta property=\"og:image\" content=\"https:\/\/files.sunoresearch.com.br\/n\/uploads\/2020\/10\/20456859-moody\u00b4s-800x450-1.jpg\" \/>\n\t<meta property=\"og:image:width\" content=\"800\" \/>\n\t<meta property=\"og:image:height\" content=\"450\" \/>\n\t<meta property=\"og:image:type\" content=\"image\/jpeg\" \/>\n<meta name=\"author\" content=\"Rafaela La Regina\" \/>\n<meta name=\"twitter:card\" content=\"summary_large_image\" \/>\n<meta name=\"twitter:creator\" content=\"@sunoresearch\" \/>\n<meta name=\"twitter:site\" content=\"@sunoresearch\" \/>\n<meta name=\"twitter:label1\" content=\"Escrito por\" \/>\n\t<meta name=\"twitter:data1\" content=\"Rafaela La Regina\" \/>\n\t<meta name=\"twitter:label2\" content=\"Est. tempo de leitura\" \/>\n\t<meta name=\"twitter:data2\" content=\"3 minutos\" \/>\n<script type=\"application\/ld+json\" class=\"yoast-schema-graph\">{\"@context\":\"https:\/\/schema.org\",\"@graph\":[{\"@type\":\"NewsArticle\",\"@id\":\"https:\/\/www.suno.com.br\/noticias\/moodys-mantem-previsao-de-crescimento-do-pib-brasileiro-em-2021\/#article\",\"isPartOf\":{\"@id\":\"https:\/\/www.suno.com.br\/noticias\/moodys-mantem-previsao-de-crescimento-do-pib-brasileiro-em-2021\/\"},\"author\":{\"name\":\"Rafaela La Regina\",\"@id\":\"https:\/\/www.suno.com.br\/noticias\/#\/schema\/person\/e672ca8cea627fe715fa29bca7da95e0\"},\"headline\":\"Moody&#8217;s mant\u00e9m previs\u00e3o de crescimento do PIB brasileiro para 2021\",\"datePublished\":\"2020-10-14T17:50:47+00:00\",\"mainEntityOfPage\":{\"@id\":\"https:\/\/www.suno.com.br\/noticias\/moodys-mantem-previsao-de-crescimento-do-pib-brasileiro-em-2021\/\"},\"wordCount\":638,\"publisher\":{\"@id\":\"https:\/\/www.suno.com.br\/noticias\/#organization\"},\"image\":{\"@id\":\"https:\/\/www.suno.com.br\/noticias\/moodys-mantem-previsao-de-crescimento-do-pib-brasileiro-em-2021\/#primaryimage\"},\"thumbnailUrl\":\"https:\/\/files.sunoresearch.com.br\/n\/uploads\/2020\/10\/20456859-moody\u00b4s-800x450-1-jpg.webp\",\"keywords\":[\"coronavoucher\",\"Economia\",\"Moody's\",\"Produto Interno Bruto (PIB)\",\"Renda Cidad\u00e3\"],\"articleSection\":[\"Economia\"],\"inLanguage\":\"pt-BR\"},{\"@type\":\"WebPage\",\"@id\":\"https:\/\/www.suno.com.br\/noticias\/moodys-mantem-previsao-de-crescimento-do-pib-brasileiro-em-2021\/\",\"url\":\"https:\/\/www.suno.com.br\/noticias\/moodys-mantem-previsao-de-crescimento-do-pib-brasileiro-em-2021\/\",\"name\":\"Moody's mant\u00e9m previs\u00e3o de crescimento do PIB brasileiro para 2021\",\"isPartOf\":{\"@id\":\"https:\/\/www.suno.com.br\/noticias\/#website\"},\"primaryImageOfPage\":{\"@id\":\"https:\/\/www.suno.com.br\/noticias\/moodys-mantem-previsao-de-crescimento-do-pib-brasileiro-em-2021\/#primaryimage\"},\"image\":{\"@id\":\"https:\/\/www.suno.com.br\/noticias\/moodys-mantem-previsao-de-crescimento-do-pib-brasileiro-em-2021\/#primaryimage\"},\"thumbnailUrl\":\"https:\/\/files.sunoresearch.com.br\/n\/uploads\/2020\/10\/20456859-moody\u00b4s-800x450-1-jpg.webp\",\"datePublished\":\"2020-10-14T17:50:47+00:00\",\"description\":\"A ag\u00eancia de classifica\u00e7\u00e3o de risco, Moody's, ainda prev\u00ea um crescimento do PIB de 3,4% para 2021. Clique aqui para saber mais.\",\"breadcrumb\":{\"@id\":\"https:\/\/www.suno.com.br\/noticias\/moodys-mantem-previsao-de-crescimento-do-pib-brasileiro-em-2021\/#breadcrumb\"},\"inLanguage\":\"pt-BR\",\"potentialAction\":[{\"@type\":\"ReadAction\",\"target\":[\"https:\/\/www.suno.com.br\/noticias\/moodys-mantem-previsao-de-crescimento-do-pib-brasileiro-em-2021\/\"]}]},{\"@type\":\"ImageObject\",\"inLanguage\":\"pt-BR\",\"@id\":\"https:\/\/www.suno.com.br\/noticias\/moodys-mantem-previsao-de-crescimento-do-pib-brasileiro-em-2021\/#primaryimage\",\"url\":\"https:\/\/files.sunoresearch.com.br\/n\/uploads\/2020\/10\/20456859-moody\u00b4s-800x450-1-jpg.webp\",\"contentUrl\":\"https:\/\/files.sunoresearch.com.br\/n\/uploads\/2020\/10\/20456859-moody\u00b4s-800x450-1-jpg.webp\",\"width\":800,\"height\":450,\"caption\":\"A Moody's rebaixou a nota do Reino Unido de Aa2 para Aa3\"},{\"@type\":\"BreadcrumbList\",\"@id\":\"https:\/\/www.suno.com.br\/noticias\/moodys-mantem-previsao-de-crescimento-do-pib-brasileiro-em-2021\/#breadcrumb\",\"itemListElement\":[{\"@type\":\"ListItem\",\"position\":1,\"name\":\"Not\u00edcias\",\"item\":\"https:\/\/www.suno.com.br\/noticias\/\"},{\"@type\":\"ListItem\",\"position\":2,\"name\":\"Economia\",\"item\":\"https:\/\/www.suno.com.br\/noticias\/economia\/\"},{\"@type\":\"ListItem\",\"position\":3,\"name\":\"Moody&#8217;s mant\u00e9m previs\u00e3o de crescimento do PIB brasileiro para 2021\"}]},{\"@type\":\"WebSite\",\"@id\":\"https:\/\/www.suno.com.br\/noticias\/#website\",\"url\":\"https:\/\/www.suno.com.br\/noticias\/\",\"name\":\"Suno Not\u00edcias\",\"description\":\"Seu portal de informa\u00e7\u00e3o sobre o mundo dos investimentos\",\"publisher\":{\"@id\":\"https:\/\/www.suno.com.br\/noticias\/#organization\"},\"potentialAction\":[{\"@type\":\"SearchAction\",\"target\":{\"@type\":\"EntryPoint\",\"urlTemplate\":\"https:\/\/www.suno.com.br\/noticias\/?s={search_term_string}\"},\"query-input\":{\"@type\":\"PropertyValueSpecification\",\"valueRequired\":true,\"valueName\":\"search_term_string\"}}],\"inLanguage\":\"pt-BR\"},{\"@type\":\"Organization\",\"@id\":\"https:\/\/www.suno.com.br\/noticias\/#organization\",\"name\":\"Suno Not\u00edcias\",\"url\":\"https:\/\/www.suno.com.br\/noticias\/\",\"logo\":{\"@type\":\"ImageObject\",\"inLanguage\":\"pt-BR\",\"@id\":\"https:\/\/www.suno.com.br\/noticias\/#\/schema\/logo\/image\/\",\"url\":\"https:\/\/files.sunoresearch.com.br\/n\/uploads\/2021\/09\/suno-logo.png\",\"contentUrl\":\"https:\/\/files.sunoresearch.com.br\/n\/uploads\/2021\/09\/suno-logo.png\",\"width\":180,\"height\":180,\"caption\":\"Suno Not\u00edcias\"},\"image\":{\"@id\":\"https:\/\/www.suno.com.br\/noticias\/#\/schema\/logo\/image\/\"},\"sameAs\":[\"https:\/\/facebook.com\/sunoresearch\",\"https:\/\/x.com\/sunoresearch\",\"https:\/\/www.instagram.com\/suno\",\"https:\/\/www.linkedin.com\/company\/suno-research\/\",\"https:\/\/www.youtube.com\/c\/sunoresearch\"]},{\"@type\":\"Person\",\"@id\":\"https:\/\/www.suno.com.br\/noticias\/#\/schema\/person\/e672ca8cea627fe715fa29bca7da95e0\",\"name\":\"Rafaela La Regina\",\"image\":{\"@type\":\"ImageObject\",\"inLanguage\":\"pt-BR\",\"@id\":\"https:\/\/www.suno.com.br\/noticias\/#\/schema\/person\/image\/\",\"url\":\"https:\/\/secure.gravatar.com\/avatar\/d2c75a52d243deb93d0465fdcb21bd37?s=96&r=g\",\"contentUrl\":\"https:\/\/secure.gravatar.com\/avatar\/d2c75a52d243deb93d0465fdcb21bd37?s=96&r=g\",\"caption\":\"Rafaela La Regina\"},\"description\":\"Estagi\u00e1ria no Suno Not\u00edcias. Escreve sobre economia, pol\u00edtica e neg\u00f3cios. Estuda Rela\u00e7\u00f5es Internacionais no IBMEC-SP.\",\"url\":\"https:\/\/www.suno.com.br\/noticias\/author\/rafaela-la-regina\/\"}]}<\/script>\n<!-- \/ Yoast SEO plugin. -->","yoast_head_json":{"title":"Moody's mant\u00e9m previs\u00e3o de crescimento do PIB brasileiro para 2021","description":"A ag\u00eancia de classifica\u00e7\u00e3o de risco, Moody's, ainda prev\u00ea um crescimento do PIB de 3,4% para 2021. Clique aqui para saber mais.","robots":{"index":"index","follow":"follow","max-snippet":"max-snippet:-1","max-image-preview":"max-image-preview:large","max-video-preview":"max-video-preview:-1"},"canonical":"https:\/\/www.suno.com.br\/noticias\/moodys-mantem-previsao-de-crescimento-do-pib-brasileiro-em-2021\/","og_locale":"pt_BR","og_type":"article","og_title":"Moody's mant\u00e9m previs\u00e3o de crescimento do PIB brasileiro para 2021","og_description":"A ag\u00eancia de classifica\u00e7\u00e3o de risco, Moody's, ainda prev\u00ea um crescimento do PIB de 3,4% para 2021. Clique aqui para saber mais.","og_url":"https:\/\/www.suno.com.br\/noticias\/moodys-mantem-previsao-de-crescimento-do-pib-brasileiro-em-2021\/","og_site_name":"Suno Not\u00edcias","article_publisher":"https:\/\/facebook.com\/sunoresearch","og_image":[{"width":800,"height":450,"url":"https:\/\/files.sunoresearch.com.br\/n\/uploads\/2020\/10\/20456859-moody\u00b4s-800x450-1.jpg","type":"image\/jpeg"}],"author":"Rafaela La Regina","twitter_card":"summary_large_image","twitter_creator":"@sunoresearch","twitter_site":"@sunoresearch","twitter_misc":{"Escrito por":"Rafaela La Regina","Est. tempo de leitura":"3 minutos"},"schema":{"@context":"https:\/\/schema.org","@graph":[{"@type":"NewsArticle","@id":"https:\/\/www.suno.com.br\/noticias\/moodys-mantem-previsao-de-crescimento-do-pib-brasileiro-em-2021\/#article","isPartOf":{"@id":"https:\/\/www.suno.com.br\/noticias\/moodys-mantem-previsao-de-crescimento-do-pib-brasileiro-em-2021\/"},"author":{"name":"Rafaela La Regina","@id":"https:\/\/www.suno.com.br\/noticias\/#\/schema\/person\/e672ca8cea627fe715fa29bca7da95e0"},"headline":"Moody&#8217;s mant\u00e9m previs\u00e3o de crescimento do PIB brasileiro para 2021","datePublished":"2020-10-14T17:50:47+00:00","mainEntityOfPage":{"@id":"https:\/\/www.suno.com.br\/noticias\/moodys-mantem-previsao-de-crescimento-do-pib-brasileiro-em-2021\/"},"wordCount":638,"publisher":{"@id":"https:\/\/www.suno.com.br\/noticias\/#organization"},"image":{"@id":"https:\/\/www.suno.com.br\/noticias\/moodys-mantem-previsao-de-crescimento-do-pib-brasileiro-em-2021\/#primaryimage"},"thumbnailUrl":"https:\/\/files.sunoresearch.com.br\/n\/uploads\/2020\/10\/20456859-moody\u00b4s-800x450-1-jpg.webp","keywords":["coronavoucher","Economia","Moody's","Produto Interno Bruto (PIB)","Renda Cidad\u00e3"],"articleSection":["Economia"],"inLanguage":"pt-BR"},{"@type":"WebPage","@id":"https:\/\/www.suno.com.br\/noticias\/moodys-mantem-previsao-de-crescimento-do-pib-brasileiro-em-2021\/","url":"https:\/\/www.suno.com.br\/noticias\/moodys-mantem-previsao-de-crescimento-do-pib-brasileiro-em-2021\/","name":"Moody's mant\u00e9m previs\u00e3o de crescimento do PIB brasileiro para 2021","isPartOf":{"@id":"https:\/\/www.suno.com.br\/noticias\/#website"},"primaryImageOfPage":{"@id":"https:\/\/www.suno.com.br\/noticias\/moodys-mantem-previsao-de-crescimento-do-pib-brasileiro-em-2021\/#primaryimage"},"image":{"@id":"https:\/\/www.suno.com.br\/noticias\/moodys-mantem-previsao-de-crescimento-do-pib-brasileiro-em-2021\/#primaryimage"},"thumbnailUrl":"https:\/\/files.sunoresearch.com.br\/n\/uploads\/2020\/10\/20456859-moody\u00b4s-800x450-1-jpg.webp","datePublished":"2020-10-14T17:50:47+00:00","description":"A ag\u00eancia de classifica\u00e7\u00e3o de risco, Moody's, ainda prev\u00ea um crescimento do PIB de 3,4% para 2021. Clique aqui para saber mais.","breadcrumb":{"@id":"https:\/\/www.suno.com.br\/noticias\/moodys-mantem-previsao-de-crescimento-do-pib-brasileiro-em-2021\/#breadcrumb"},"inLanguage":"pt-BR","potentialAction":[{"@type":"ReadAction","target":["https:\/\/www.suno.com.br\/noticias\/moodys-mantem-previsao-de-crescimento-do-pib-brasileiro-em-2021\/"]}]},{"@type":"ImageObject","inLanguage":"pt-BR","@id":"https:\/\/www.suno.com.br\/noticias\/moodys-mantem-previsao-de-crescimento-do-pib-brasileiro-em-2021\/#primaryimage","url":"https:\/\/files.sunoresearch.com.br\/n\/uploads\/2020\/10\/20456859-moody\u00b4s-800x450-1-jpg.webp","contentUrl":"https:\/\/files.sunoresearch.com.br\/n\/uploads\/2020\/10\/20456859-moody\u00b4s-800x450-1-jpg.webp","width":800,"height":450,"caption":"A Moody's rebaixou a nota do Reino Unido de Aa2 para Aa3"},{"@type":"BreadcrumbList","@id":"https:\/\/www.suno.com.br\/noticias\/moodys-mantem-previsao-de-crescimento-do-pib-brasileiro-em-2021\/#breadcrumb","itemListElement":[{"@type":"ListItem","position":1,"name":"Not\u00edcias","item":"https:\/\/www.suno.com.br\/noticias\/"},{"@type":"ListItem","position":2,"name":"Economia","item":"https:\/\/www.suno.com.br\/noticias\/economia\/"},{"@type":"ListItem","position":3,"name":"Moody&#8217;s mant\u00e9m previs\u00e3o de crescimento do PIB brasileiro para 2021"}]},{"@type":"WebSite","@id":"https:\/\/www.suno.com.br\/noticias\/#website","url":"https:\/\/www.suno.com.br\/noticias\/","name":"Suno Not\u00edcias","description":"Seu portal de informa\u00e7\u00e3o sobre o mundo dos investimentos","publisher":{"@id":"https:\/\/www.suno.com.br\/noticias\/#organization"},"potentialAction":[{"@type":"SearchAction","target":{"@type":"EntryPoint","urlTemplate":"https:\/\/www.suno.com.br\/noticias\/?s={search_term_string}"},"query-input":{"@type":"PropertyValueSpecification","valueRequired":true,"valueName":"search_term_string"}}],"inLanguage":"pt-BR"},{"@type":"Organization","@id":"https:\/\/www.suno.com.br\/noticias\/#organization","name":"Suno Not\u00edcias","url":"https:\/\/www.suno.com.br\/noticias\/","logo":{"@type":"ImageObject","inLanguage":"pt-BR","@id":"https:\/\/www.suno.com.br\/noticias\/#\/schema\/logo\/image\/","url":"https:\/\/files.sunoresearch.com.br\/n\/uploads\/2021\/09\/suno-logo.png","contentUrl":"https:\/\/files.sunoresearch.com.br\/n\/uploads\/2021\/09\/suno-logo.png","width":180,"height":180,"caption":"Suno Not\u00edcias"},"image":{"@id":"https:\/\/www.suno.com.br\/noticias\/#\/schema\/logo\/image\/"},"sameAs":["https:\/\/facebook.com\/sunoresearch","https:\/\/x.com\/sunoresearch","https:\/\/www.instagram.com\/suno","https:\/\/www.linkedin.com\/company\/suno-research\/","https:\/\/www.youtube.com\/c\/sunoresearch"]},{"@type":"Person","@id":"https:\/\/www.suno.com.br\/noticias\/#\/schema\/person\/e672ca8cea627fe715fa29bca7da95e0","name":"Rafaela La Regina","image":{"@type":"ImageObject","inLanguage":"pt-BR","@id":"https:\/\/www.suno.com.br\/noticias\/#\/schema\/person\/image\/","url":"https:\/\/secure.gravatar.com\/avatar\/d2c75a52d243deb93d0465fdcb21bd37?s=96&r=g","contentUrl":"https:\/\/secure.gravatar.com\/avatar\/d2c75a52d243deb93d0465fdcb21bd37?s=96&r=g","caption":"Rafaela La Regina"},"description":"Estagi\u00e1ria no Suno Not\u00edcias. Escreve sobre economia, pol\u00edtica e neg\u00f3cios. Estuda Rela\u00e7\u00f5es Internacionais no IBMEC-SP.","url":"https:\/\/www.suno.com.br\/noticias\/author\/rafaela-la-regina\/"}]}},"default_loop_html":"<div class=\"cardsPage__listCard__boxs\"><div class=\"cardsPage__listCard__boxs__img\"><a href=\"https:\/\/www.suno.com.br\/noticias\/moodys-mantem-previsao-de-crescimento-do-pib-brasileiro-em-2021\/\"><img class=\"mask\" src=\"https:\/\/www.suno.com.br\/noticias\/wp-content\/themes\/suno\/resources\/images\/spotlight\/spotlight1img\/bg-mask.png\" alt=\"Image Mask\"\/><img src=\"https:\/\/files.sunoresearch.com.br\/n\/uploads\/2020\/10\/20456859-moody\u00b4s-800x450-1-400x200.webp\" alt=\"Moody&#8217;s mant\u00e9m previs\u00e3o de crescimento do PIB brasileiro para 2021\"\/><\/a><span class=\"spotlightCategory\"><a href=\"https:\/\/www.suno.com.br\/noticias\/economia\/\">Economia<\/a><\/span><\/div><div class=\"cardsPage__listCard__boxs__content\"><a href=\"https:\/\/www.suno.com.br\/noticias\/moodys-mantem-previsao-de-crescimento-do-pib-brasileiro-em-2021\/\"><h2 class=\"content__title\">Moody&#8217;s mant\u00e9m previs\u00e3o de crescimento do PIB brasileiro para 2021<\/h2><\/a><div class=\"newsContent__article__meta\"><div class=\"newsContent__article__meta__authorBox\"><a href=\"https:\/\/www.suno.com.br\/noticias\/author\/rafaela-la-regina\/\" class=\"authorBox__avatar noMobi\"><img src=\"https:\/\/secure.gravatar.com\/avatar\/d2c75a52d243deb93d0465fdcb21bd37?s=96&#038;r=g\" alt=\"Rafaela La Regina\"><\/a><div class=\"authorBox__name\"><span>por\n\t\t\t<a href=\"https:\/\/www.suno.com.br\/noticias\/author\/rafaela-la-regina\/\"><span itemprop=\"author\">Rafaela La Regina<\/span><\/a><\/span><time datetime=\"2020-10-14T14:50:47-03:00\" itemprop=\"datePublished\">14\/10\/2020 14:50<\/time><\/div><\/div><\/div><\/div><\/div>","single_layout":"posts","amp_enabled":true,"_links":{"self":[{"href":"https:\/\/www.suno.com.br\/noticias\/wp-json\/wp\/v2\/posts\/91415"}],"collection":[{"href":"https:\/\/www.suno.com.br\/noticias\/wp-json\/wp\/v2\/posts"}],"about":[{"href":"https:\/\/www.suno.com.br\/noticias\/wp-json\/wp\/v2\/types\/post"}],"author":[{"embeddable":true,"href":"https:\/\/www.suno.com.br\/noticias\/wp-json\/wp\/v2\/users\/56"}],"replies":[{"embeddable":true,"href":"https:\/\/www.suno.com.br\/noticias\/wp-json\/wp\/v2\/comments?post=91415"}],"version-history":[{"count":0,"href":"https:\/\/www.suno.com.br\/noticias\/wp-json\/wp\/v2\/posts\/91415\/revisions"}],"wp:featuredmedia":[{"embeddable":true,"href":"https:\/\/www.suno.com.br\/noticias\/wp-json\/wp\/v2\/media\/91434"}],"wp:attachment":[{"href":"https:\/\/www.suno.com.br\/noticias\/wp-json\/wp\/v2\/media?parent=91415"}],"wp:term":[{"taxonomy":"category","embeddable":true,"href":"https:\/\/www.suno.com.br\/noticias\/wp-json\/wp\/v2\/categories?post=91415"},{"taxonomy":"post_tag","embeddable":true,"href":"https:\/\/www.suno.com.br\/noticias\/wp-json\/wp\/v2\/tags?post=91415"},{"taxonomy":"suno_strategy","embeddable":true,"href":"https:\/\/www.suno.com.br\/noticias\/wp-json\/wp\/v2\/suno_strategy?post=91415"}],"curies":[{"name":"wp","href":"https:\/\/api.w.org\/{rel}","templated":true}]}}