{"id":91393,"date":"2020-10-14T14:07:17","date_gmt":"2020-10-14T17:07:17","guid":{"rendered":"https:\/\/www.suno.com.br\/noticias\/?p=91393"},"modified":"2020-10-14T14:11:41","modified_gmt":"2020-10-14T17:11:41","slug":"brasil-registra-avanco-recorde-de-65-em-fusoes-e-aquisicoes-no-mes-de-agosto","status":"publish","type":"post","link":"https:\/\/www.suno.com.br\/noticias\/brasil-registra-avanco-recorde-de-65-em-fusoes-e-aquisicoes-no-mes-de-agosto\/","title":{"rendered":"Brasil registra avan\u00e7o recorde de 65% em fus\u00f5es e aquisi\u00e7\u00f5es no m\u00eas de agosto"},"content":{"rendered":"<p>Em agosto, o <strong>Brasil<\/strong> registrou 112 opera\u00e7\u00f5es de <a href=\"https:\/\/www.suno.com.br\/artigos\/fusoes-aquisicoes\/\"><strong>fus\u00f5es<\/strong> e <strong>aquisi\u00e7\u00f5es<\/strong><\/a>, volume 65% superior ao do mesmo m\u00eas de 2019, quando houve 68 transa\u00e7\u00f5es. Foi o melhor desempenho para o m\u00eas nas quase duas d\u00e9cadas compiladas em relat\u00f3rio da consultoria PwC Brasil &#8211; obtido com pelo jornal &#8220;Estado de S.Paulo&#8221;.<\/p>\t<div class=\"wrapper-featured-image\">\n\t\t<figure class=\"spotlightImg\">\n\n\t\t\t<picture>\n\t\t\t\t<source media=\"(max-width: 768px)\" srcset=\"https:\/\/files.sunoresearch.com.br\/n\/uploads\/2020\/10\/9e5bbdd9-fusoes-aquisicoes-400x200.webp\">\n\t\t\t\t<img loading=\"lazy\" decoding=\"async\" class=\"newsContent__article__imgCapa lazyloadDisabled \" src=\"https:\/\/files.sunoresearch.com.br\/n\/uploads\/2020\/10\/9e5bbdd9-fusoes-aquisicoes-800x450.webp\" width=\"800\" height=\"450\" alt=\"Brasil registra avan\u00e7o recorde de 65% em fus\u00f5es e aquisi\u00e7\u00f5es no m\u00eas de agosto\" fetchpriority=high \/>\n\t\t\t<\/picture>\n\n\t\t\t<figcaption class=\"wp-caption-text wp-caption-text--show\">Impulsionado pelo dado de agosto, o Pa\u00eds soma agora 595 fus\u00f5es e aquisi\u00e7\u00f5es nos oito primeiros meses de 2020, recorde para esse per\u00edodo do ano pela s\u00e9rie hist\u00f3rica.<\/figcaption>\n\t\t<\/figure>\n\t<\/div>\n\n\n<div class=\"hubspot-form-wrapper\">\n\t<div id=\"single-form-target\"><\/div>\n<\/div>\n\n<p>Passada a fase mais aguda da crise provocada pela <a href=\"https:\/\/www.suno.com.br\/noticias\/?s=coronav%C3%ADrus\">pandemia do novo coronav\u00edrus (covid-19)<\/a>, que reduziu o volume de transa\u00e7\u00f5es no mundo corporativo, a necessidade de reestruturar os neg\u00f3cios, equilibrar as contas e manter a competitividade levaram a um recorde de fus\u00f5es e aquisi\u00e7\u00f5es no Brasil.<\/p>\n<p>Em geral, movimentos de <strong>fus\u00e3o<\/strong> e aquisi\u00e7\u00e3o t\u00eam como base projetos de crescimento. Desta vez, segundo Leonardo Dell&#8217;Oso, s\u00f3cio da PwC, o foco das empresas se voltou para sua pr\u00f3pria sobreviv\u00eancia.<\/p>\n<p><a href=\"https:\/\/lp.suno.com.br\/suno-one\/\">Suno One: acesse gratuitamente eBooks, Minicursos, Artigos e Video Aulas sobre investimentos com um \u00fanico cadastro. Clique para saber mais!<\/a><\/p>\n<p>&#8220;As empresas come\u00e7aram a se movimentar pela necessidade de fazer movimentos estrat\u00e9gicos para sobreviver. N\u00e3o mais um movimento estrat\u00e9gico como vinha sendo feito, at\u00e9 ent\u00e3o, para maior crescimento, para maior investimento&#8221;, disse ele.<\/p>\n<p>&#8220;As empresas passaram a ter de vender parte do neg\u00f3cio, a admitir um s\u00f3cio que pudesse colocar dinheiro na opera\u00e7\u00e3o, se fundir com algu\u00e9m para ter uma importante redu\u00e7\u00e3o de custos de estruturas, muitas venderam partes de ativos. Come\u00e7aram a fazer movimentos estrat\u00e9gicos para sobreviver e poder voltar a crescer no p\u00f3s-pandemia&#8221;, concluiu Dell&#8217;Oso.<\/p>\n\t<div data-element=\"shortcode-read-more\" class=\"knowMore\">\n\t\t\t\t<span class=\"knowMore__title\">Veja Tamb\u00e9m<\/span>\n\t\t\t\t<a class=\"knowMore__link\" href=\"https:\/\/www.suno.com.br\/noticias\/moodys-unidas-lcam3-credito-localiza-rent3-longo-prazo\/\">\n\t\t\tFus\u00e3o com Unidas \u00e9 positiva a cr\u00e9dito da Localiza (RENT3) a longo prazo\t\t<\/a>\n\t<\/div>\n\n\n<p>O resultado de agosto sinaliza uma tend\u00eancia de recupera\u00e7\u00e3o do mercado de fus\u00f5es e aquisi\u00e7\u00f5es, que foi afetado nos meses anteriores pelos efeitos da pandemia no Brasil.<\/p>\n<p>&#8220;Muitas dessas empresas afetadas pela falta de receita tiveram de reestruturar seus neg\u00f3cios. Pararam de fazer pagamentos, seguraram o caixa, mandaram gente embora, botaram gente em redu\u00e7\u00e3o de jornada, n\u00e3o pagaram mais fornecedores, praticamente pararam a opera\u00e7\u00e3o. E, consequentemente, come\u00e7aram a sofrer o risco de continuidade. As grandes empresas que tinham caixa foram queimando caixa ao longo desse per\u00edodo e, no caso das empresas que n\u00e3o tinham caixa, a solu\u00e7\u00e3o foi renegocia\u00e7\u00e3o de d\u00edvidas ou simplesmente fechar as portas&#8221;, afirmou o s\u00f3cio.<\/p>\n<h2>Brasil registra 595 transa\u00e7\u00f5es nos primeiros 8 meses de 2020<\/h2>\n<p>Impulsionado pelo dado de agosto, o Pa\u00eds soma agora 595 <strong>transa\u00e7\u00f5es<\/strong> nos oito primeiros meses de 2020, recorde para esse per\u00edodo do ano pela s\u00e9rie hist\u00f3rica. Dell&#8217;Oso prev\u00ea que esse n\u00famero ultrapasse mil transa\u00e7\u00f5es ao fim deste ano. Em 2019, foram contabilizadas 912 transa\u00e7\u00f5es, maior volume at\u00e9 ent\u00e3o.<\/p>\n\t<div data-element=\"shortcode-read-more\" class=\"knowMore\">\n\t\t\t\t<span class=\"knowMore__title\">Veja Tamb\u00e9m<\/span>\n\t\t\t\t<a class=\"knowMore__link\" href=\"https:\/\/www.suno.com.br\/noticias\/gafisa-gfsa3-segue-tentando-fusao-tecnisa-jornal\/\">\n\t\t\tGafisa (GFSA3) segue tentando fus\u00e3o com Tecnisa, diz jornal\t\t<\/a>\n\t<\/div>\n\n\n<p>De janeiro a agosto, houve um crescimento na participa\u00e7\u00e3o de<strong> investidores nacionais<\/strong>, com 426 transa\u00e7\u00f5es, alta de 24% comparado ao mesmo per\u00edodo do ano de 2019. Por outro lado, os<strong> investidores estrangeiros<\/strong> fizeram 151 transa\u00e7\u00f5es, queda de 4% ante 2019. Dell&#8217;Oso disse que o car\u00e1ter global da crise atual fez com que grupos estrangeiros enfrentassem dificuldades em seus mercados de origem. Como consequ\u00eancia, essas companhias estariam priorizando pa\u00edses onde t\u00eam redes ou opera\u00e7\u00f5es j\u00e1 mais estabelecidas.<\/p>\n<p>A Regi\u00e3o Sudeste do <strong>Brasil<\/strong> concentrou 66% dos neg\u00f3cios anunciados, com 391 transa\u00e7\u00f5es at\u00e9 agosto de 2020, um aumento de 16% em compara\u00e7\u00e3o ao mesmo per\u00edodo do ano anterior. O Estado de <strong>S\u00e3o Paulo<\/strong> foi respons\u00e1vel por mais da metade (52%) de todas as fus\u00f5es e aquisi\u00e7\u00f5es registradas de janeiro a agosto.<\/p>\n<p><em>Com informa\u00e7\u00f5es do Estad\u00e3o Conte\u00fado.<\/em><\/p>\n\t<p>\n\t\t<a href=\"https:\/\/lp.suno.com.br\/planilha-de-controle-de-investimentos\/\" target=\"_blank\" data-element=\"shortcode-suno-banner\" title=\"Banner SUNO, clique e saiba mais\">\n\t\t\t<picture>\n\t\t\t\t<source media=\"(max-width: 500px)\" srcset=\"https:\/\/files.sunoresearch.com.br\/n\/uploads\/2023\/03\/400x300-Controle-de-Investimentos.png\">\n\t\t\t\t<img class=\"newsContent__article__imgCapa newsContent__article__imgCapa--banner\"\n\t\t\t\t\tsrc=\"https:\/\/files.sunoresearch.com.br\/n\/uploads\/2023\/03\/1420x240-Controle-de-Investimentos.png\"\n\t\t\t\t\tdata-promo-id=\"75934\"\t\t\t\t\t\t\t\t\t\twidth='1420' height='240'\t\t\t\t\talt=\"https:\/\/files.sunoresearch.com.br\/n\/uploads\/2023\/03\/1420x240-Controle-de-Investimentos.png\"\n\t\t\t\t>\n\t\t\t<\/picture>\n\t\t<\/a>\n\t<\/p>\n\n\n","protected":false},"excerpt":{"rendered":"<p>Em agosto, o Brasil registrou 112 opera\u00e7\u00f5es de fus\u00f5es e aquisi\u00e7\u00f5es, volume 65% superior ao do mesmo m\u00eas de 2019, quando houve 68 transa\u00e7\u00f5es. Foi o melhor desempenho para o m\u00eas nas quase duas d\u00e9cadas compiladas em relat\u00f3rio da consultoria PwC Brasil &#8211; obtido com pelo jornal &#8220;Estado de S.Paulo&#8221;. Impulsionado pelo dado de agosto, [&hellip;]<\/p>\n","protected":false},"author":15,"featured_media":91423,"comment_status":"closed","ping_status":"closed","sticky":false,"template":"","format":"standard","meta":[],"categories":[64],"tags":[62812],"suno_strategy":[],"class_list":["post-91393","post","type-post","status-publish","format-standard","has-post-thumbnail","hentry","category-negocios","tag-fusoes-e-aquisicoes"],"yoast_head":"<!-- This site is optimized with the Yoast SEO plugin v24.4 - https:\/\/yoast.com\/wordpress\/plugins\/seo\/ -->\n<title>Brasil registra avan\u00e7o recorde de 65% em fus\u00f5es e aquisi\u00e7\u00f5es em agosto<\/title>\n<meta name=\"description\" content=\"Em agosto, o Brasil registrou 112 opera\u00e7\u00f5es de fus\u00f5es e aquisi\u00e7\u00f5es, volume 65% superior ao do mesmo m\u00eas de 2019. Clique aqui e saiba mais\" \/>\n<meta name=\"robots\" content=\"index, follow, max-snippet:-1, max-image-preview:large, max-video-preview:-1\" \/>\n<link rel=\"canonical\" href=\"https:\/\/www.suno.com.br\/noticias\/brasil-registra-avanco-recorde-de-65-em-fusoes-e-aquisicoes-no-mes-de-agosto\/\" \/>\n<meta property=\"og:locale\" content=\"pt_BR\" \/>\n<meta property=\"og:type\" content=\"article\" \/>\n<meta property=\"og:title\" content=\"Brasil registra avan\u00e7o recorde de 65% em fus\u00f5es e aquisi\u00e7\u00f5es em agosto\" \/>\n<meta property=\"og:description\" content=\"Em agosto, o Brasil registrou 112 opera\u00e7\u00f5es de fus\u00f5es e aquisi\u00e7\u00f5es, volume 65% superior ao do mesmo m\u00eas de 2019. Clique aqui e saiba mais\" \/>\n<meta property=\"og:url\" content=\"https:\/\/www.suno.com.br\/noticias\/brasil-registra-avanco-recorde-de-65-em-fusoes-e-aquisicoes-no-mes-de-agosto\/\" \/>\n<meta property=\"og:site_name\" content=\"Suno Not\u00edcias\" \/>\n<meta property=\"article:publisher\" content=\"https:\/\/facebook.com\/sunoresearch\" \/>\n<meta property=\"og:image\" content=\"https:\/\/files.sunoresearch.com.br\/n\/uploads\/2020\/10\/9e5bbdd9-fusoes-aquisicoes.jpg\" \/>\n\t<meta property=\"og:image:width\" content=\"1200\" \/>\n\t<meta property=\"og:image:height\" content=\"630\" \/>\n\t<meta property=\"og:image:type\" content=\"image\/jpeg\" \/>\n<meta name=\"author\" content=\"Poliana Santos\" \/>\n<meta name=\"twitter:card\" content=\"summary_large_image\" \/>\n<meta name=\"twitter:creator\" content=\"@sunoresearch\" \/>\n<meta name=\"twitter:site\" content=\"@sunoresearch\" \/>\n<meta name=\"twitter:label1\" content=\"Escrito por\" \/>\n\t<meta name=\"twitter:data1\" content=\"Poliana Santos\" \/>\n\t<meta name=\"twitter:label2\" content=\"Est. tempo de leitura\" \/>\n\t<meta name=\"twitter:data2\" content=\"3 minutos\" \/>\n<script type=\"application\/ld+json\" class=\"yoast-schema-graph\">{\"@context\":\"https:\/\/schema.org\",\"@graph\":[{\"@type\":\"NewsArticle\",\"@id\":\"https:\/\/www.suno.com.br\/noticias\/brasil-registra-avanco-recorde-de-65-em-fusoes-e-aquisicoes-no-mes-de-agosto\/#article\",\"isPartOf\":{\"@id\":\"https:\/\/www.suno.com.br\/noticias\/brasil-registra-avanco-recorde-de-65-em-fusoes-e-aquisicoes-no-mes-de-agosto\/\"},\"author\":{\"name\":\"Poliana Santos\",\"@id\":\"https:\/\/www.suno.com.br\/noticias\/#\/schema\/person\/02ec1f752758247878a2bf4abee1aeda\"},\"headline\":\"Brasil registra avan\u00e7o recorde de 65% em fus\u00f5es e aquisi\u00e7\u00f5es no m\u00eas de agosto\",\"datePublished\":\"2020-10-14T17:07:17+00:00\",\"dateModified\":\"2020-10-14T17:11:41+00:00\",\"mainEntityOfPage\":{\"@id\":\"https:\/\/www.suno.com.br\/noticias\/brasil-registra-avanco-recorde-de-65-em-fusoes-e-aquisicoes-no-mes-de-agosto\/\"},\"wordCount\":644,\"publisher\":{\"@id\":\"https:\/\/www.suno.com.br\/noticias\/#organization\"},\"image\":{\"@id\":\"https:\/\/www.suno.com.br\/noticias\/brasil-registra-avanco-recorde-de-65-em-fusoes-e-aquisicoes-no-mes-de-agosto\/#primaryimage\"},\"thumbnailUrl\":\"https:\/\/files.sunoresearch.com.br\/n\/uploads\/2020\/10\/9e5bbdd9-fusoes-aquisicoes-jpg.webp\",\"keywords\":[\"fus\u00f5es e aquisi\u00e7\u00f5es\"],\"articleSection\":[\"Neg\u00f3cios\"],\"inLanguage\":\"pt-BR\"},{\"@type\":\"WebPage\",\"@id\":\"https:\/\/www.suno.com.br\/noticias\/brasil-registra-avanco-recorde-de-65-em-fusoes-e-aquisicoes-no-mes-de-agosto\/\",\"url\":\"https:\/\/www.suno.com.br\/noticias\/brasil-registra-avanco-recorde-de-65-em-fusoes-e-aquisicoes-no-mes-de-agosto\/\",\"name\":\"Brasil registra avan\u00e7o recorde de 65% em fus\u00f5es e aquisi\u00e7\u00f5es em agosto\",\"isPartOf\":{\"@id\":\"https:\/\/www.suno.com.br\/noticias\/#website\"},\"primaryImageOfPage\":{\"@id\":\"https:\/\/www.suno.com.br\/noticias\/brasil-registra-avanco-recorde-de-65-em-fusoes-e-aquisicoes-no-mes-de-agosto\/#primaryimage\"},\"image\":{\"@id\":\"https:\/\/www.suno.com.br\/noticias\/brasil-registra-avanco-recorde-de-65-em-fusoes-e-aquisicoes-no-mes-de-agosto\/#primaryimage\"},\"thumbnailUrl\":\"https:\/\/files.sunoresearch.com.br\/n\/uploads\/2020\/10\/9e5bbdd9-fusoes-aquisicoes-jpg.webp\",\"datePublished\":\"2020-10-14T17:07:17+00:00\",\"dateModified\":\"2020-10-14T17:11:41+00:00\",\"description\":\"Em agosto, o Brasil registrou 112 opera\u00e7\u00f5es de fus\u00f5es e aquisi\u00e7\u00f5es, volume 65% superior ao do mesmo m\u00eas de 2019. Clique aqui e saiba mais\",\"breadcrumb\":{\"@id\":\"https:\/\/www.suno.com.br\/noticias\/brasil-registra-avanco-recorde-de-65-em-fusoes-e-aquisicoes-no-mes-de-agosto\/#breadcrumb\"},\"inLanguage\":\"pt-BR\",\"potentialAction\":[{\"@type\":\"ReadAction\",\"target\":[\"https:\/\/www.suno.com.br\/noticias\/brasil-registra-avanco-recorde-de-65-em-fusoes-e-aquisicoes-no-mes-de-agosto\/\"]}]},{\"@type\":\"ImageObject\",\"inLanguage\":\"pt-BR\",\"@id\":\"https:\/\/www.suno.com.br\/noticias\/brasil-registra-avanco-recorde-de-65-em-fusoes-e-aquisicoes-no-mes-de-agosto\/#primaryimage\",\"url\":\"https:\/\/files.sunoresearch.com.br\/n\/uploads\/2020\/10\/9e5bbdd9-fusoes-aquisicoes-jpg.webp\",\"contentUrl\":\"https:\/\/files.sunoresearch.com.br\/n\/uploads\/2020\/10\/9e5bbdd9-fusoes-aquisicoes-jpg.webp\",\"width\":1200,\"height\":630,\"caption\":\"Impulsionado pelo dado de agosto, o Pa\u00eds soma agora 595 fus\u00f5es e aquisi\u00e7\u00f5es nos oito primeiros meses de 2020, recorde para esse per\u00edodo do ano pela s\u00e9rie hist\u00f3rica.\"},{\"@type\":\"BreadcrumbList\",\"@id\":\"https:\/\/www.suno.com.br\/noticias\/brasil-registra-avanco-recorde-de-65-em-fusoes-e-aquisicoes-no-mes-de-agosto\/#breadcrumb\",\"itemListElement\":[{\"@type\":\"ListItem\",\"position\":1,\"name\":\"Not\u00edcias\",\"item\":\"https:\/\/www.suno.com.br\/noticias\/\"},{\"@type\":\"ListItem\",\"position\":2,\"name\":\"Neg\u00f3cios\",\"item\":\"https:\/\/www.suno.com.br\/noticias\/negocios\/\"},{\"@type\":\"ListItem\",\"position\":3,\"name\":\"Brasil registra avan\u00e7o recorde de 65% em fus\u00f5es e aquisi\u00e7\u00f5es no m\u00eas de agosto\"}]},{\"@type\":\"WebSite\",\"@id\":\"https:\/\/www.suno.com.br\/noticias\/#website\",\"url\":\"https:\/\/www.suno.com.br\/noticias\/\",\"name\":\"Suno Not\u00edcias\",\"description\":\"Seu portal de informa\u00e7\u00e3o sobre o mundo dos investimentos\",\"publisher\":{\"@id\":\"https:\/\/www.suno.com.br\/noticias\/#organization\"},\"potentialAction\":[{\"@type\":\"SearchAction\",\"target\":{\"@type\":\"EntryPoint\",\"urlTemplate\":\"https:\/\/www.suno.com.br\/noticias\/?s={search_term_string}\"},\"query-input\":{\"@type\":\"PropertyValueSpecification\",\"valueRequired\":true,\"valueName\":\"search_term_string\"}}],\"inLanguage\":\"pt-BR\"},{\"@type\":\"Organization\",\"@id\":\"https:\/\/www.suno.com.br\/noticias\/#organization\",\"name\":\"Suno Not\u00edcias\",\"url\":\"https:\/\/www.suno.com.br\/noticias\/\",\"logo\":{\"@type\":\"ImageObject\",\"inLanguage\":\"pt-BR\",\"@id\":\"https:\/\/www.suno.com.br\/noticias\/#\/schema\/logo\/image\/\",\"url\":\"https:\/\/files.sunoresearch.com.br\/n\/uploads\/2021\/09\/suno-logo.png\",\"contentUrl\":\"https:\/\/files.sunoresearch.com.br\/n\/uploads\/2021\/09\/suno-logo.png\",\"width\":180,\"height\":180,\"caption\":\"Suno Not\u00edcias\"},\"image\":{\"@id\":\"https:\/\/www.suno.com.br\/noticias\/#\/schema\/logo\/image\/\"},\"sameAs\":[\"https:\/\/facebook.com\/sunoresearch\",\"https:\/\/x.com\/sunoresearch\",\"https:\/\/www.instagram.com\/suno\",\"https:\/\/www.linkedin.com\/company\/suno-research\/\",\"https:\/\/www.youtube.com\/c\/sunoresearch\"]},{\"@type\":\"Person\",\"@id\":\"https:\/\/www.suno.com.br\/noticias\/#\/schema\/person\/02ec1f752758247878a2bf4abee1aeda\",\"name\":\"Poliana Santos\",\"image\":{\"@type\":\"ImageObject\",\"inLanguage\":\"pt-BR\",\"@id\":\"https:\/\/www.suno.com.br\/noticias\/#\/schema\/person\/image\/\",\"url\":\"https:\/\/secure.gravatar.com\/avatar\/0645bd32f23d87b2130f2b2dff1d3f8d?s=96&r=g\",\"contentUrl\":\"https:\/\/secure.gravatar.com\/avatar\/0645bd32f23d87b2130f2b2dff1d3f8d?s=96&r=g\",\"caption\":\"Poliana Santos\"},\"description\":\"Rep\u00f3rter no Suno Not\u00edcias, com cobertura em mercado financeiro, economia, finan\u00e7as pessoais, renda fixa e varejo. Jornalista formada pela Faculdade C\u00e1sper L\u00edbero e possui passagem na R\u00e1dio Gazeta AM com a produ\u00e7\u00e3o de conte\u00fado sobre economia, pol\u00edtica, sa\u00fade, moda e m\u00fasica. Possui certificado de conclus\u00e3o do curso de An\u00e1lise de Balan\u00e7os pela Funda\u00e7\u00e3o Bradesco, Agenda Brasil pela FAAP, Educa\u00e7\u00e3o Pol\u00edtica por Alexandre Garcia e do Tesouro Direto e Mercado de A\u00e7\u00f5es pela B3.\",\"url\":\"https:\/\/www.suno.com.br\/noticias\/author\/poliana-santos\/\"}]}<\/script>\n<!-- \/ Yoast SEO plugin. -->","yoast_head_json":{"title":"Brasil registra avan\u00e7o recorde de 65% em fus\u00f5es e aquisi\u00e7\u00f5es em agosto","description":"Em agosto, o Brasil registrou 112 opera\u00e7\u00f5es de fus\u00f5es e aquisi\u00e7\u00f5es, volume 65% superior ao do mesmo m\u00eas de 2019. Clique aqui e saiba mais","robots":{"index":"index","follow":"follow","max-snippet":"max-snippet:-1","max-image-preview":"max-image-preview:large","max-video-preview":"max-video-preview:-1"},"canonical":"https:\/\/www.suno.com.br\/noticias\/brasil-registra-avanco-recorde-de-65-em-fusoes-e-aquisicoes-no-mes-de-agosto\/","og_locale":"pt_BR","og_type":"article","og_title":"Brasil registra avan\u00e7o recorde de 65% em fus\u00f5es e aquisi\u00e7\u00f5es em agosto","og_description":"Em agosto, o Brasil registrou 112 opera\u00e7\u00f5es de fus\u00f5es e aquisi\u00e7\u00f5es, volume 65% superior ao do mesmo m\u00eas de 2019. Clique aqui e saiba mais","og_url":"https:\/\/www.suno.com.br\/noticias\/brasil-registra-avanco-recorde-de-65-em-fusoes-e-aquisicoes-no-mes-de-agosto\/","og_site_name":"Suno Not\u00edcias","article_publisher":"https:\/\/facebook.com\/sunoresearch","og_image":[{"width":1200,"height":630,"url":"https:\/\/files.sunoresearch.com.br\/n\/uploads\/2020\/10\/9e5bbdd9-fusoes-aquisicoes.jpg","type":"image\/jpeg"}],"author":"Poliana Santos","twitter_card":"summary_large_image","twitter_creator":"@sunoresearch","twitter_site":"@sunoresearch","twitter_misc":{"Escrito por":"Poliana Santos","Est. tempo de leitura":"3 minutos"},"schema":{"@context":"https:\/\/schema.org","@graph":[{"@type":"NewsArticle","@id":"https:\/\/www.suno.com.br\/noticias\/brasil-registra-avanco-recorde-de-65-em-fusoes-e-aquisicoes-no-mes-de-agosto\/#article","isPartOf":{"@id":"https:\/\/www.suno.com.br\/noticias\/brasil-registra-avanco-recorde-de-65-em-fusoes-e-aquisicoes-no-mes-de-agosto\/"},"author":{"name":"Poliana Santos","@id":"https:\/\/www.suno.com.br\/noticias\/#\/schema\/person\/02ec1f752758247878a2bf4abee1aeda"},"headline":"Brasil registra avan\u00e7o recorde de 65% em fus\u00f5es e aquisi\u00e7\u00f5es no m\u00eas de agosto","datePublished":"2020-10-14T17:07:17+00:00","dateModified":"2020-10-14T17:11:41+00:00","mainEntityOfPage":{"@id":"https:\/\/www.suno.com.br\/noticias\/brasil-registra-avanco-recorde-de-65-em-fusoes-e-aquisicoes-no-mes-de-agosto\/"},"wordCount":644,"publisher":{"@id":"https:\/\/www.suno.com.br\/noticias\/#organization"},"image":{"@id":"https:\/\/www.suno.com.br\/noticias\/brasil-registra-avanco-recorde-de-65-em-fusoes-e-aquisicoes-no-mes-de-agosto\/#primaryimage"},"thumbnailUrl":"https:\/\/files.sunoresearch.com.br\/n\/uploads\/2020\/10\/9e5bbdd9-fusoes-aquisicoes-jpg.webp","keywords":["fus\u00f5es e aquisi\u00e7\u00f5es"],"articleSection":["Neg\u00f3cios"],"inLanguage":"pt-BR"},{"@type":"WebPage","@id":"https:\/\/www.suno.com.br\/noticias\/brasil-registra-avanco-recorde-de-65-em-fusoes-e-aquisicoes-no-mes-de-agosto\/","url":"https:\/\/www.suno.com.br\/noticias\/brasil-registra-avanco-recorde-de-65-em-fusoes-e-aquisicoes-no-mes-de-agosto\/","name":"Brasil registra avan\u00e7o recorde de 65% em fus\u00f5es e aquisi\u00e7\u00f5es em agosto","isPartOf":{"@id":"https:\/\/www.suno.com.br\/noticias\/#website"},"primaryImageOfPage":{"@id":"https:\/\/www.suno.com.br\/noticias\/brasil-registra-avanco-recorde-de-65-em-fusoes-e-aquisicoes-no-mes-de-agosto\/#primaryimage"},"image":{"@id":"https:\/\/www.suno.com.br\/noticias\/brasil-registra-avanco-recorde-de-65-em-fusoes-e-aquisicoes-no-mes-de-agosto\/#primaryimage"},"thumbnailUrl":"https:\/\/files.sunoresearch.com.br\/n\/uploads\/2020\/10\/9e5bbdd9-fusoes-aquisicoes-jpg.webp","datePublished":"2020-10-14T17:07:17+00:00","dateModified":"2020-10-14T17:11:41+00:00","description":"Em agosto, o Brasil registrou 112 opera\u00e7\u00f5es de fus\u00f5es e aquisi\u00e7\u00f5es, volume 65% superior ao do mesmo m\u00eas de 2019. Clique aqui e saiba mais","breadcrumb":{"@id":"https:\/\/www.suno.com.br\/noticias\/brasil-registra-avanco-recorde-de-65-em-fusoes-e-aquisicoes-no-mes-de-agosto\/#breadcrumb"},"inLanguage":"pt-BR","potentialAction":[{"@type":"ReadAction","target":["https:\/\/www.suno.com.br\/noticias\/brasil-registra-avanco-recorde-de-65-em-fusoes-e-aquisicoes-no-mes-de-agosto\/"]}]},{"@type":"ImageObject","inLanguage":"pt-BR","@id":"https:\/\/www.suno.com.br\/noticias\/brasil-registra-avanco-recorde-de-65-em-fusoes-e-aquisicoes-no-mes-de-agosto\/#primaryimage","url":"https:\/\/files.sunoresearch.com.br\/n\/uploads\/2020\/10\/9e5bbdd9-fusoes-aquisicoes-jpg.webp","contentUrl":"https:\/\/files.sunoresearch.com.br\/n\/uploads\/2020\/10\/9e5bbdd9-fusoes-aquisicoes-jpg.webp","width":1200,"height":630,"caption":"Impulsionado pelo dado de agosto, o Pa\u00eds soma agora 595 fus\u00f5es e aquisi\u00e7\u00f5es nos oito primeiros meses de 2020, recorde para esse per\u00edodo do ano pela s\u00e9rie hist\u00f3rica."},{"@type":"BreadcrumbList","@id":"https:\/\/www.suno.com.br\/noticias\/brasil-registra-avanco-recorde-de-65-em-fusoes-e-aquisicoes-no-mes-de-agosto\/#breadcrumb","itemListElement":[{"@type":"ListItem","position":1,"name":"Not\u00edcias","item":"https:\/\/www.suno.com.br\/noticias\/"},{"@type":"ListItem","position":2,"name":"Neg\u00f3cios","item":"https:\/\/www.suno.com.br\/noticias\/negocios\/"},{"@type":"ListItem","position":3,"name":"Brasil registra avan\u00e7o recorde de 65% em fus\u00f5es e aquisi\u00e7\u00f5es no m\u00eas de agosto"}]},{"@type":"WebSite","@id":"https:\/\/www.suno.com.br\/noticias\/#website","url":"https:\/\/www.suno.com.br\/noticias\/","name":"Suno Not\u00edcias","description":"Seu portal de informa\u00e7\u00e3o sobre o mundo dos investimentos","publisher":{"@id":"https:\/\/www.suno.com.br\/noticias\/#organization"},"potentialAction":[{"@type":"SearchAction","target":{"@type":"EntryPoint","urlTemplate":"https:\/\/www.suno.com.br\/noticias\/?s={search_term_string}"},"query-input":{"@type":"PropertyValueSpecification","valueRequired":true,"valueName":"search_term_string"}}],"inLanguage":"pt-BR"},{"@type":"Organization","@id":"https:\/\/www.suno.com.br\/noticias\/#organization","name":"Suno Not\u00edcias","url":"https:\/\/www.suno.com.br\/noticias\/","logo":{"@type":"ImageObject","inLanguage":"pt-BR","@id":"https:\/\/www.suno.com.br\/noticias\/#\/schema\/logo\/image\/","url":"https:\/\/files.sunoresearch.com.br\/n\/uploads\/2021\/09\/suno-logo.png","contentUrl":"https:\/\/files.sunoresearch.com.br\/n\/uploads\/2021\/09\/suno-logo.png","width":180,"height":180,"caption":"Suno Not\u00edcias"},"image":{"@id":"https:\/\/www.suno.com.br\/noticias\/#\/schema\/logo\/image\/"},"sameAs":["https:\/\/facebook.com\/sunoresearch","https:\/\/x.com\/sunoresearch","https:\/\/www.instagram.com\/suno","https:\/\/www.linkedin.com\/company\/suno-research\/","https:\/\/www.youtube.com\/c\/sunoresearch"]},{"@type":"Person","@id":"https:\/\/www.suno.com.br\/noticias\/#\/schema\/person\/02ec1f752758247878a2bf4abee1aeda","name":"Poliana Santos","image":{"@type":"ImageObject","inLanguage":"pt-BR","@id":"https:\/\/www.suno.com.br\/noticias\/#\/schema\/person\/image\/","url":"https:\/\/secure.gravatar.com\/avatar\/0645bd32f23d87b2130f2b2dff1d3f8d?s=96&r=g","contentUrl":"https:\/\/secure.gravatar.com\/avatar\/0645bd32f23d87b2130f2b2dff1d3f8d?s=96&r=g","caption":"Poliana Santos"},"description":"Rep\u00f3rter no Suno Not\u00edcias, com cobertura em mercado financeiro, economia, finan\u00e7as pessoais, renda fixa e varejo. Jornalista formada pela Faculdade C\u00e1sper L\u00edbero e possui passagem na R\u00e1dio Gazeta AM com a produ\u00e7\u00e3o de conte\u00fado sobre economia, pol\u00edtica, sa\u00fade, moda e m\u00fasica. Possui certificado de conclus\u00e3o do curso de An\u00e1lise de Balan\u00e7os pela Funda\u00e7\u00e3o Bradesco, Agenda Brasil pela FAAP, Educa\u00e7\u00e3o Pol\u00edtica por Alexandre Garcia e do Tesouro Direto e Mercado de A\u00e7\u00f5es pela B3.","url":"https:\/\/www.suno.com.br\/noticias\/author\/poliana-santos\/"}]}},"default_loop_html":"<div class=\"cardsPage__listCard__boxs\"><div class=\"cardsPage__listCard__boxs__img\"><a href=\"https:\/\/www.suno.com.br\/noticias\/brasil-registra-avanco-recorde-de-65-em-fusoes-e-aquisicoes-no-mes-de-agosto\/\"><img class=\"mask\" src=\"https:\/\/www.suno.com.br\/noticias\/wp-content\/themes\/suno\/resources\/images\/spotlight\/spotlight1img\/bg-mask.png\" alt=\"Image Mask\"\/><img src=\"https:\/\/files.sunoresearch.com.br\/n\/uploads\/2020\/10\/9e5bbdd9-fusoes-aquisicoes-400x200.webp\" alt=\"Brasil registra avan\u00e7o recorde de 65% em fus\u00f5es e aquisi\u00e7\u00f5es no m\u00eas de agosto\"\/><\/a><span class=\"spotlightCategory\"><a href=\"https:\/\/www.suno.com.br\/noticias\/negocios\/\">Neg\u00f3cios<\/a><\/span><\/div><div class=\"cardsPage__listCard__boxs__content\"><a href=\"https:\/\/www.suno.com.br\/noticias\/brasil-registra-avanco-recorde-de-65-em-fusoes-e-aquisicoes-no-mes-de-agosto\/\"><h2 class=\"content__title\">Brasil registra avan\u00e7o recorde de 65% em fus\u00f5es e aquisi\u00e7\u00f5es no m\u00eas de agosto<\/h2><\/a><div class=\"newsContent__article__meta\"><div class=\"newsContent__article__meta__authorBox\"><a href=\"https:\/\/www.suno.com.br\/noticias\/author\/poliana-santos\/\" class=\"authorBox__avatar noMobi\"><img src=\"https:\/\/files.sunoresearch.com.br\/n\/uploads\/2020\/08\/7ef34026-whatsapp-image-2020-08-03-at-12.37.57-150x150.webp\" alt=\"Poliana Santos\"><\/a><div class=\"authorBox__name\"><span>por\n\t\t\t<a href=\"https:\/\/www.suno.com.br\/noticias\/author\/poliana-santos\/\"><span itemprop=\"author\">Poliana Santos<\/span><\/a><\/span><time datetime=\"2020-10-14T14:07:17-03:00\" itemprop=\"datePublished\">14\/10\/2020 14:07<\/time><\/div><\/div><\/div><\/div><\/div>","single_layout":"posts","amp_enabled":true,"_links":{"self":[{"href":"https:\/\/www.suno.com.br\/noticias\/wp-json\/wp\/v2\/posts\/91393"}],"collection":[{"href":"https:\/\/www.suno.com.br\/noticias\/wp-json\/wp\/v2\/posts"}],"about":[{"href":"https:\/\/www.suno.com.br\/noticias\/wp-json\/wp\/v2\/types\/post"}],"author":[{"embeddable":true,"href":"https:\/\/www.suno.com.br\/noticias\/wp-json\/wp\/v2\/users\/15"}],"replies":[{"embeddable":true,"href":"https:\/\/www.suno.com.br\/noticias\/wp-json\/wp\/v2\/comments?post=91393"}],"version-history":[{"count":0,"href":"https:\/\/www.suno.com.br\/noticias\/wp-json\/wp\/v2\/posts\/91393\/revisions"}],"wp:featuredmedia":[{"embeddable":true,"href":"https:\/\/www.suno.com.br\/noticias\/wp-json\/wp\/v2\/media\/91423"}],"wp:attachment":[{"href":"https:\/\/www.suno.com.br\/noticias\/wp-json\/wp\/v2\/media?parent=91393"}],"wp:term":[{"taxonomy":"category","embeddable":true,"href":"https:\/\/www.suno.com.br\/noticias\/wp-json\/wp\/v2\/categories?post=91393"},{"taxonomy":"post_tag","embeddable":true,"href":"https:\/\/www.suno.com.br\/noticias\/wp-json\/wp\/v2\/tags?post=91393"},{"taxonomy":"suno_strategy","embeddable":true,"href":"https:\/\/www.suno.com.br\/noticias\/wp-json\/wp\/v2\/suno_strategy?post=91393"}],"curies":[{"name":"wp","href":"https:\/\/api.w.org\/{rel}","templated":true}]}}