{"id":9134,"date":"2018-12-17T14:05:12","date_gmt":"2018-12-17T16:05:12","guid":{"rendered":"https:\/\/www.suno.com.br\/noticias\/?p=9134"},"modified":"2018-12-17T14:05:12","modified_gmt":"2018-12-17T16:05:12","slug":"fusao-parceria-embraer-boeing-relembre","status":"publish","type":"post","link":"https:\/\/www.suno.com.br\/noticias\/fusao-parceria-embraer-boeing-relembre\/","title":{"rendered":"A fus\u00e3o de Embraer e Boeing: relembre o caso desde o in\u00edcio"},"content":{"rendered":"<p>A Embraer afirmou nesta segunda (17) que seu conselho aprovou a fus\u00e3o com a fabricante americana Boeing.<\/p>\t<div class=\"wrapper-featured-image\">\n\t\t<figure class=\"spotlightImg\">\n\n\t\t\t<picture>\n\t\t\t\t<source media=\"(max-width: 768px)\" srcset=\"https:\/\/files.sunoresearch.com.br\/n\/uploads\/2018\/12\/e6d85e24-embraer-400x200.webp\">\n\t\t\t\t<img loading=\"lazy\" decoding=\"async\" class=\"newsContent__article__imgCapa lazyloadDisabled newsContent__article__imgCapa--noCaption\" src=\"https:\/\/files.sunoresearch.com.br\/n\/uploads\/2018\/12\/e6d85e24-embraer-800x450.webp\" width=\"800\" height=\"450\" alt=\"A fus\u00e3o de Embraer e Boeing: relembre o caso desde o in\u00edcio\" fetchpriority=high \/>\n\t\t\t<\/picture>\n\n\t\t\t<figcaption class=\"wp-caption-text wp-caption-text--hide\">Acionistas da Embraer aprovam acordo com a Boeing. (divulga\u00e7\u00e3o)<\/figcaption>\n\t\t<\/figure>\n\t<\/div>\n\n\n<p>A <strong>Embraer<\/strong> est\u00e1 negociando um acordo estrat\u00e9gico com a fabricante norte-americana de aeronaves <strong>Boeing<\/strong> desde julho de 2017. O objetivo \u00e9 criar uma joint venture no Brasil, chamada JV Avia\u00e7\u00e3o Comercial.<\/p>\n<p><a href=\"https:\/\/www.suno.com.br\/noticias\/conselho-embraer-aprova-parceria-boeing\/\">Saiba mais: Conselho da Embraer aprova parceria com a Boeing<\/a><\/p>\n<p>O novo neg\u00f3cio de avia\u00e7\u00e3o comercial seria avaliado em US$ 5,26 e teria participa\u00e7\u00e3o de 80% da Boeing e 20% da Embraer. A Boeing far\u00e1 um aporte de US$ 4,2 bilh\u00f5es na nova empresa.<\/p>\n<h2>Relembre o caso da fus\u00e3o entre Embraer e Boeing<\/h2>\n<p>Em 21 de dezembro de 2017, h\u00e1 quase um ano exato, o jornal americano Wall Street Journal divulgava que as fabricantes de aeronaves Embraer e Boeing negociavam uma fus\u00e3o.<\/p>\n<p>A not\u00edcia levou as a\u00e7\u00f5es da Embraer a dispararem cerca de 40% durante aquele dia. Fecharam em alta de 22,5% a R$ 20,20 (hoje est\u00e3o em R$ 21,55). O valor de mercado da empresa brasileira subiu R$ 2,7 bilh\u00f5es, atingindo R$ 14,8 bilh\u00f5es, conforme c\u00e1lculo da Economatica.<\/p>\n<p>O objetivo da uni\u00e3o era criar uma gigante global de avia\u00e7\u00e3o. Assim, poderiam fazer frente a uma uni\u00e3o semelhante entre Airbus e Bombardier.<\/p>\n<p>No dia seguinte, o presidente <strong>Michel Temer<\/strong> afirmou descartar a venda do controle da Embraer \u00e0 americana. O receio do governo era perder soberania, visto que a fabricante brasileira tem papel estrat\u00e9gico na \u00e1rea militar. &#8220;A participa\u00e7\u00e3o estrangeira na Embraer \u00e9 muito intensa, se nesta altura ampliasse a participa\u00e7\u00e3o estrangeira, tanto melhor. Mas n\u00e3o h\u00e1 a menor cogita\u00e7\u00e3o de vendermos o controle para outra empresa&#8221;, declarou o mandat\u00e1rio.<\/p>\n<p>Posteriormente, seria revelado que a proposta de associa\u00e7\u00e3o entre as fabricantes incluiria a divis\u00e3o de defesa da Embraer. N\u00e3o se restringia, portanto, \u00e0 \u00e1rea de avia\u00e7\u00e3o comercial. Por isso, o fato tornou a conversa mais sens\u00edvel, j\u00e1 que o governo havia afirmado descartar a perda do controle nacional da empresa.<\/p>\n<p>A Embraer justificou a negocia\u00e7\u00e3o por ser &#8220;estret\u00e9gica&#8221; e citou a uni\u00e3o entre Airbus e Bombardier como um dos motivos para sua fus\u00e3o com a Boeing. &#8220;A fim de permanecermos competitivos no mercado de fabrica\u00e7\u00e3o de aeronaves comerciais no longo prazo, devemos continuar a fazer melhorias tecnol\u00f3gicas, de efici\u00eancia e desempenho em nossas aeronaves&#8221;, declarou a fabricante.<\/p>\n<h2>Negocia\u00e7\u00f5es avan\u00e7am<\/h2>\n<p>Em abril, ap\u00f3s meses de negocia\u00e7\u00e3o, as tratativas andaram mais rapidamente. O grupo de trabalho montado pelo governo federal, que envolvia os minist\u00e9rios da Defesa e da Fazenda, o BNDES e a FAB (For\u00e7a A\u00e9rea Brasileira), avaliou que os termos estavam melhores naquele momento do que quando propostos pela Boeing.<\/p>\n<p>Havia ainda um debate acerca do percentual de participa\u00e7\u00e3o de cada fabricante na nova empresa. A Boeing queria ter mais de 80% da joint-venture, enquanto a Embraer insistia em ficar com 20%.<\/p>\n<p>A Embraer e a Boeing anunciaram em 5 de julho um acordo preliminar para a sociedade comercial entre as duas gigantes. A americana se dispunha a pagar US$ 3,8 bilh\u00f5es por 80% da brasileira. &#8220;Esse acordo com a Boeing criar\u00e1 a mais importante parceria estrat\u00e9gia da ind\u00fastria aeroespacial, fortalecendo ambas as empresas e sua posi\u00e7\u00e3o de lideran\u00e7a do mercado mundial&#8221;, afirmou em comunicado o presidente e CEO da Embraer, Paulo Cesar de Souza e Silva.<\/p>\n<h2>Os temores envolvendo a negocia\u00e7\u00e3o<\/h2>\n<p>Mas ainda havia alguma apreens\u00e3o. Sindicatos e o Minist\u00e9rio P\u00fablico do Trabalho manifestaram receio com a possibilidade de demiss\u00f5es. Temia-se que os servi\u00e7os de avia\u00e7\u00e3o comercial da Embraer fossem retirados do Pa\u00eds. Assim, gerariam preju\u00edzos como a perda do polo tecnol\u00f3gico at\u00e9 a extin\u00e7\u00e3o de cerca de 26 mil postos de trabalho. J\u00e1 que a fabricante brasileira n\u00e3o teria participa\u00e7\u00e3o nas decis\u00f5es estrat\u00e9gicas da nova empresa, todo o controle social e administrativo seria da Boeing.<\/p>\n<p>Em dezembro, o juiz da 24\u00aa Vara C\u00edvel Federal de S\u00e3o Paulo, Giuzio Neto, havia dado uma liminar para que fosse suspenso o acordo entre as \u00e1reas. Dias depois, o desembargador Luiz Alberto de Souza Ribeiro <a href=\"https:\/\/www.suno.com.br\/noticias\/trf-acordo-embraer-boeing\/\">derrubou a liminar<\/a>, alegando que a invas\u00e3o do Judici\u00e1rio no neg\u00f3cio causaria inseguran\u00e7a jur\u00eddica.<\/p>\n<p>Por fim, o neg\u00f3cio com a <strong>Boeing<\/strong> ainda precisa ser aprovado pelo governo federal e pelos acionistas, mesmo ap\u00f3s a aprova\u00e7\u00e3o da fus\u00e3o pelo conselho da <strong>Embraer<\/strong>. O presidente <strong>Michel Temer<\/strong> tem poder de veto na negocia\u00e7\u00e3o, por ser uma a\u00e7\u00e3o especial, chamada golden share.<\/p>\n","protected":false},"excerpt":{"rendered":"<p>A Embraer afirmou nesta segunda (17) que seu conselho aprovou a fus\u00e3o com a fabricante americana Boeing. Acionistas da Embraer aprovam acordo com a Boeing. (divulga\u00e7\u00e3o) A Embraer est\u00e1 negociando um acordo estrat\u00e9gico com a fabricante norte-americana de aeronaves Boeing desde julho de 2017. O objetivo \u00e9 criar uma joint venture no Brasil, chamada JV [&hellip;]<\/p>\n","protected":false},"author":13,"featured_media":8292,"comment_status":"closed","ping_status":"closed","sticky":false,"template":"","format":"standard","meta":[],"categories":[60],"tags":[828,460,734],"suno_strategy":[],"class_list":["post-9134","post","type-post","status-publish","format-standard","has-post-thumbnail","hentry","category-mercado","tag-boeing-boei34","tag-embraer-embr3","tag-michel-temer"],"yoast_head":"<!-- This site is optimized with the Yoast SEO plugin v24.4 - https:\/\/yoast.com\/wordpress\/plugins\/seo\/ -->\n<title>A fus\u00e3o de Embraer e Boeing: relembre o caso desde o in\u00edcio<\/title>\n<meta name=\"description\" content=\"Em 2017, a negocia\u00e7\u00e3o entre Embraer e Boeing era divulgada. Um ano depois, a fus\u00e3o est\u00e1 perto de se concretizar. Clique e saiba mais.\" \/>\n<meta name=\"robots\" content=\"index, follow, max-snippet:-1, max-image-preview:large, max-video-preview:-1\" \/>\n<link rel=\"canonical\" href=\"https:\/\/www.suno.com.br\/noticias\/fusao-parceria-embraer-boeing-relembre\/\" \/>\n<meta property=\"og:locale\" content=\"pt_BR\" \/>\n<meta property=\"og:type\" content=\"article\" \/>\n<meta property=\"og:title\" content=\"A fus\u00e3o de Embraer e Boeing: relembre o caso desde o in\u00edcio\" \/>\n<meta property=\"og:description\" content=\"Em 2017, a negocia\u00e7\u00e3o entre Embraer e Boeing era divulgada. Um ano depois, a fus\u00e3o est\u00e1 perto de se concretizar. Clique e saiba mais.\" \/>\n<meta property=\"og:url\" content=\"https:\/\/www.suno.com.br\/noticias\/fusao-parceria-embraer-boeing-relembre\/\" \/>\n<meta property=\"og:site_name\" content=\"Suno Not\u00edcias\" \/>\n<meta property=\"article:publisher\" content=\"https:\/\/facebook.com\/sunoresearch\" \/>\n<meta property=\"og:image\" content=\"https:\/\/files.sunoresearch.com.br\/n\/uploads\/2018\/12\/e6d85e24-embraer.jpeg\" \/>\n\t<meta property=\"og:image:width\" content=\"1024\" \/>\n\t<meta property=\"og:image:height\" content=\"678\" \/>\n\t<meta property=\"og:image:type\" content=\"image\/jpeg\" \/>\n<meta name=\"author\" content=\"Guilherme Caetano\" \/>\n<meta name=\"twitter:card\" content=\"summary_large_image\" \/>\n<meta name=\"twitter:creator\" content=\"@sunoresearch\" \/>\n<meta name=\"twitter:site\" content=\"@sunoresearch\" \/>\n<meta name=\"twitter:label1\" content=\"Escrito por\" \/>\n\t<meta name=\"twitter:data1\" content=\"Guilherme Caetano\" \/>\n\t<meta name=\"twitter:label2\" content=\"Est. tempo de leitura\" \/>\n\t<meta name=\"twitter:data2\" content=\"4 minutos\" \/>\n<script type=\"application\/ld+json\" class=\"yoast-schema-graph\">{\"@context\":\"https:\/\/schema.org\",\"@graph\":[{\"@type\":\"NewsArticle\",\"@id\":\"https:\/\/www.suno.com.br\/noticias\/fusao-parceria-embraer-boeing-relembre\/#article\",\"isPartOf\":{\"@id\":\"https:\/\/www.suno.com.br\/noticias\/fusao-parceria-embraer-boeing-relembre\/\"},\"author\":{\"name\":\"Guilherme Caetano\",\"@id\":\"https:\/\/www.suno.com.br\/noticias\/#\/schema\/person\/0d0c9687cd2f600c564f25980c140de9\"},\"headline\":\"A fus\u00e3o de Embraer e Boeing: relembre o caso desde o in\u00edcio\",\"datePublished\":\"2018-12-17T16:05:12+00:00\",\"mainEntityOfPage\":{\"@id\":\"https:\/\/www.suno.com.br\/noticias\/fusao-parceria-embraer-boeing-relembre\/\"},\"wordCount\":775,\"publisher\":{\"@id\":\"https:\/\/www.suno.com.br\/noticias\/#organization\"},\"image\":{\"@id\":\"https:\/\/www.suno.com.br\/noticias\/fusao-parceria-embraer-boeing-relembre\/#primaryimage\"},\"thumbnailUrl\":\"https:\/\/files.sunoresearch.com.br\/n\/uploads\/2018\/12\/e6d85e24-embraer-jpeg.webp\",\"keywords\":[\"Boeing (BOEI34)\",\"Embraer (EMBR3)\",\"Michel Temer\"],\"articleSection\":[\"Mercado\"],\"inLanguage\":\"pt-BR\"},{\"@type\":\"WebPage\",\"@id\":\"https:\/\/www.suno.com.br\/noticias\/fusao-parceria-embraer-boeing-relembre\/\",\"url\":\"https:\/\/www.suno.com.br\/noticias\/fusao-parceria-embraer-boeing-relembre\/\",\"name\":\"A fus\u00e3o de Embraer e Boeing: relembre o caso desde o in\u00edcio\",\"isPartOf\":{\"@id\":\"https:\/\/www.suno.com.br\/noticias\/#website\"},\"primaryImageOfPage\":{\"@id\":\"https:\/\/www.suno.com.br\/noticias\/fusao-parceria-embraer-boeing-relembre\/#primaryimage\"},\"image\":{\"@id\":\"https:\/\/www.suno.com.br\/noticias\/fusao-parceria-embraer-boeing-relembre\/#primaryimage\"},\"thumbnailUrl\":\"https:\/\/files.sunoresearch.com.br\/n\/uploads\/2018\/12\/e6d85e24-embraer-jpeg.webp\",\"datePublished\":\"2018-12-17T16:05:12+00:00\",\"description\":\"Em 2017, a negocia\u00e7\u00e3o entre Embraer e Boeing era divulgada. Um ano depois, a fus\u00e3o est\u00e1 perto de se concretizar. Clique e saiba mais.\",\"breadcrumb\":{\"@id\":\"https:\/\/www.suno.com.br\/noticias\/fusao-parceria-embraer-boeing-relembre\/#breadcrumb\"},\"inLanguage\":\"pt-BR\",\"potentialAction\":[{\"@type\":\"ReadAction\",\"target\":[\"https:\/\/www.suno.com.br\/noticias\/fusao-parceria-embraer-boeing-relembre\/\"]}]},{\"@type\":\"ImageObject\",\"inLanguage\":\"pt-BR\",\"@id\":\"https:\/\/www.suno.com.br\/noticias\/fusao-parceria-embraer-boeing-relembre\/#primaryimage\",\"url\":\"https:\/\/files.sunoresearch.com.br\/n\/uploads\/2018\/12\/e6d85e24-embraer-jpeg.webp\",\"contentUrl\":\"https:\/\/files.sunoresearch.com.br\/n\/uploads\/2018\/12\/e6d85e24-embraer-jpeg.webp\",\"width\":1024,\"height\":678,\"caption\":\"Acionistas da Embraer aprovam acordo com a Boeing. (divulga\u00e7\u00e3o)\"},{\"@type\":\"BreadcrumbList\",\"@id\":\"https:\/\/www.suno.com.br\/noticias\/fusao-parceria-embraer-boeing-relembre\/#breadcrumb\",\"itemListElement\":[{\"@type\":\"ListItem\",\"position\":1,\"name\":\"Not\u00edcias\",\"item\":\"https:\/\/www.suno.com.br\/noticias\/\"},{\"@type\":\"ListItem\",\"position\":2,\"name\":\"Mercado\",\"item\":\"https:\/\/www.suno.com.br\/noticias\/mercado\/\"},{\"@type\":\"ListItem\",\"position\":3,\"name\":\"A fus\u00e3o de Embraer e Boeing: relembre o caso desde o in\u00edcio\"}]},{\"@type\":\"WebSite\",\"@id\":\"https:\/\/www.suno.com.br\/noticias\/#website\",\"url\":\"https:\/\/www.suno.com.br\/noticias\/\",\"name\":\"Suno Not\u00edcias\",\"description\":\"Seu portal de informa\u00e7\u00e3o sobre o mundo dos investimentos\",\"publisher\":{\"@id\":\"https:\/\/www.suno.com.br\/noticias\/#organization\"},\"potentialAction\":[{\"@type\":\"SearchAction\",\"target\":{\"@type\":\"EntryPoint\",\"urlTemplate\":\"https:\/\/www.suno.com.br\/noticias\/?s={search_term_string}\"},\"query-input\":{\"@type\":\"PropertyValueSpecification\",\"valueRequired\":true,\"valueName\":\"search_term_string\"}}],\"inLanguage\":\"pt-BR\"},{\"@type\":\"Organization\",\"@id\":\"https:\/\/www.suno.com.br\/noticias\/#organization\",\"name\":\"Suno Not\u00edcias\",\"url\":\"https:\/\/www.suno.com.br\/noticias\/\",\"logo\":{\"@type\":\"ImageObject\",\"inLanguage\":\"pt-BR\",\"@id\":\"https:\/\/www.suno.com.br\/noticias\/#\/schema\/logo\/image\/\",\"url\":\"https:\/\/files.sunoresearch.com.br\/n\/uploads\/2021\/09\/suno-logo.png\",\"contentUrl\":\"https:\/\/files.sunoresearch.com.br\/n\/uploads\/2021\/09\/suno-logo.png\",\"width\":180,\"height\":180,\"caption\":\"Suno Not\u00edcias\"},\"image\":{\"@id\":\"https:\/\/www.suno.com.br\/noticias\/#\/schema\/logo\/image\/\"},\"sameAs\":[\"https:\/\/facebook.com\/sunoresearch\",\"https:\/\/x.com\/sunoresearch\",\"https:\/\/www.instagram.com\/suno\",\"https:\/\/www.linkedin.com\/company\/suno-research\/\",\"https:\/\/www.youtube.com\/c\/sunoresearch\"]},{\"@type\":\"Person\",\"@id\":\"https:\/\/www.suno.com.br\/noticias\/#\/schema\/person\/0d0c9687cd2f600c564f25980c140de9\",\"name\":\"Guilherme Caetano\",\"image\":{\"@type\":\"ImageObject\",\"inLanguage\":\"pt-BR\",\"@id\":\"https:\/\/www.suno.com.br\/noticias\/#\/schema\/person\/image\/\",\"url\":\"https:\/\/secure.gravatar.com\/avatar\/e48357351a01702a0d19307070e081bf?s=96&r=g\",\"contentUrl\":\"https:\/\/secure.gravatar.com\/avatar\/e48357351a01702a0d19307070e081bf?s=96&r=g\",\"caption\":\"Guilherme Caetano\"},\"description\":\"Formado em jornalismo pela Escola de Comunica\u00e7\u00f5es e Artes da USP, Guilherme Caetano escreve para o portal de not\u00edcias da Suno Research. Passou pelas reda\u00e7\u00f5es da Folha de S.Paulo e da revista \u00c9poca.\",\"url\":\"https:\/\/www.suno.com.br\/noticias\/author\/guilherme-caetano\/\"}]}<\/script>\n<!-- \/ Yoast SEO plugin. -->","yoast_head_json":{"title":"A fus\u00e3o de Embraer e Boeing: relembre o caso desde o in\u00edcio","description":"Em 2017, a negocia\u00e7\u00e3o entre Embraer e Boeing era divulgada. Um ano depois, a fus\u00e3o est\u00e1 perto de se concretizar. Clique e saiba mais.","robots":{"index":"index","follow":"follow","max-snippet":"max-snippet:-1","max-image-preview":"max-image-preview:large","max-video-preview":"max-video-preview:-1"},"canonical":"https:\/\/www.suno.com.br\/noticias\/fusao-parceria-embraer-boeing-relembre\/","og_locale":"pt_BR","og_type":"article","og_title":"A fus\u00e3o de Embraer e Boeing: relembre o caso desde o in\u00edcio","og_description":"Em 2017, a negocia\u00e7\u00e3o entre Embraer e Boeing era divulgada. Um ano depois, a fus\u00e3o est\u00e1 perto de se concretizar. Clique e saiba mais.","og_url":"https:\/\/www.suno.com.br\/noticias\/fusao-parceria-embraer-boeing-relembre\/","og_site_name":"Suno Not\u00edcias","article_publisher":"https:\/\/facebook.com\/sunoresearch","og_image":[{"width":1024,"height":678,"url":"https:\/\/files.sunoresearch.com.br\/n\/uploads\/2018\/12\/e6d85e24-embraer.jpeg","type":"image\/jpeg"}],"author":"Guilherme Caetano","twitter_card":"summary_large_image","twitter_creator":"@sunoresearch","twitter_site":"@sunoresearch","twitter_misc":{"Escrito por":"Guilherme Caetano","Est. tempo de leitura":"4 minutos"},"schema":{"@context":"https:\/\/schema.org","@graph":[{"@type":"NewsArticle","@id":"https:\/\/www.suno.com.br\/noticias\/fusao-parceria-embraer-boeing-relembre\/#article","isPartOf":{"@id":"https:\/\/www.suno.com.br\/noticias\/fusao-parceria-embraer-boeing-relembre\/"},"author":{"name":"Guilherme Caetano","@id":"https:\/\/www.suno.com.br\/noticias\/#\/schema\/person\/0d0c9687cd2f600c564f25980c140de9"},"headline":"A fus\u00e3o de Embraer e Boeing: relembre o caso desde o in\u00edcio","datePublished":"2018-12-17T16:05:12+00:00","mainEntityOfPage":{"@id":"https:\/\/www.suno.com.br\/noticias\/fusao-parceria-embraer-boeing-relembre\/"},"wordCount":775,"publisher":{"@id":"https:\/\/www.suno.com.br\/noticias\/#organization"},"image":{"@id":"https:\/\/www.suno.com.br\/noticias\/fusao-parceria-embraer-boeing-relembre\/#primaryimage"},"thumbnailUrl":"https:\/\/files.sunoresearch.com.br\/n\/uploads\/2018\/12\/e6d85e24-embraer-jpeg.webp","keywords":["Boeing (BOEI34)","Embraer (EMBR3)","Michel Temer"],"articleSection":["Mercado"],"inLanguage":"pt-BR"},{"@type":"WebPage","@id":"https:\/\/www.suno.com.br\/noticias\/fusao-parceria-embraer-boeing-relembre\/","url":"https:\/\/www.suno.com.br\/noticias\/fusao-parceria-embraer-boeing-relembre\/","name":"A fus\u00e3o de Embraer e Boeing: relembre o caso desde o in\u00edcio","isPartOf":{"@id":"https:\/\/www.suno.com.br\/noticias\/#website"},"primaryImageOfPage":{"@id":"https:\/\/www.suno.com.br\/noticias\/fusao-parceria-embraer-boeing-relembre\/#primaryimage"},"image":{"@id":"https:\/\/www.suno.com.br\/noticias\/fusao-parceria-embraer-boeing-relembre\/#primaryimage"},"thumbnailUrl":"https:\/\/files.sunoresearch.com.br\/n\/uploads\/2018\/12\/e6d85e24-embraer-jpeg.webp","datePublished":"2018-12-17T16:05:12+00:00","description":"Em 2017, a negocia\u00e7\u00e3o entre Embraer e Boeing era divulgada. Um ano depois, a fus\u00e3o est\u00e1 perto de se concretizar. Clique e saiba mais.","breadcrumb":{"@id":"https:\/\/www.suno.com.br\/noticias\/fusao-parceria-embraer-boeing-relembre\/#breadcrumb"},"inLanguage":"pt-BR","potentialAction":[{"@type":"ReadAction","target":["https:\/\/www.suno.com.br\/noticias\/fusao-parceria-embraer-boeing-relembre\/"]}]},{"@type":"ImageObject","inLanguage":"pt-BR","@id":"https:\/\/www.suno.com.br\/noticias\/fusao-parceria-embraer-boeing-relembre\/#primaryimage","url":"https:\/\/files.sunoresearch.com.br\/n\/uploads\/2018\/12\/e6d85e24-embraer-jpeg.webp","contentUrl":"https:\/\/files.sunoresearch.com.br\/n\/uploads\/2018\/12\/e6d85e24-embraer-jpeg.webp","width":1024,"height":678,"caption":"Acionistas da Embraer aprovam acordo com a Boeing. (divulga\u00e7\u00e3o)"},{"@type":"BreadcrumbList","@id":"https:\/\/www.suno.com.br\/noticias\/fusao-parceria-embraer-boeing-relembre\/#breadcrumb","itemListElement":[{"@type":"ListItem","position":1,"name":"Not\u00edcias","item":"https:\/\/www.suno.com.br\/noticias\/"},{"@type":"ListItem","position":2,"name":"Mercado","item":"https:\/\/www.suno.com.br\/noticias\/mercado\/"},{"@type":"ListItem","position":3,"name":"A fus\u00e3o de Embraer e Boeing: relembre o caso desde o in\u00edcio"}]},{"@type":"WebSite","@id":"https:\/\/www.suno.com.br\/noticias\/#website","url":"https:\/\/www.suno.com.br\/noticias\/","name":"Suno Not\u00edcias","description":"Seu portal de informa\u00e7\u00e3o sobre o mundo dos investimentos","publisher":{"@id":"https:\/\/www.suno.com.br\/noticias\/#organization"},"potentialAction":[{"@type":"SearchAction","target":{"@type":"EntryPoint","urlTemplate":"https:\/\/www.suno.com.br\/noticias\/?s={search_term_string}"},"query-input":{"@type":"PropertyValueSpecification","valueRequired":true,"valueName":"search_term_string"}}],"inLanguage":"pt-BR"},{"@type":"Organization","@id":"https:\/\/www.suno.com.br\/noticias\/#organization","name":"Suno Not\u00edcias","url":"https:\/\/www.suno.com.br\/noticias\/","logo":{"@type":"ImageObject","inLanguage":"pt-BR","@id":"https:\/\/www.suno.com.br\/noticias\/#\/schema\/logo\/image\/","url":"https:\/\/files.sunoresearch.com.br\/n\/uploads\/2021\/09\/suno-logo.png","contentUrl":"https:\/\/files.sunoresearch.com.br\/n\/uploads\/2021\/09\/suno-logo.png","width":180,"height":180,"caption":"Suno Not\u00edcias"},"image":{"@id":"https:\/\/www.suno.com.br\/noticias\/#\/schema\/logo\/image\/"},"sameAs":["https:\/\/facebook.com\/sunoresearch","https:\/\/x.com\/sunoresearch","https:\/\/www.instagram.com\/suno","https:\/\/www.linkedin.com\/company\/suno-research\/","https:\/\/www.youtube.com\/c\/sunoresearch"]},{"@type":"Person","@id":"https:\/\/www.suno.com.br\/noticias\/#\/schema\/person\/0d0c9687cd2f600c564f25980c140de9","name":"Guilherme Caetano","image":{"@type":"ImageObject","inLanguage":"pt-BR","@id":"https:\/\/www.suno.com.br\/noticias\/#\/schema\/person\/image\/","url":"https:\/\/secure.gravatar.com\/avatar\/e48357351a01702a0d19307070e081bf?s=96&r=g","contentUrl":"https:\/\/secure.gravatar.com\/avatar\/e48357351a01702a0d19307070e081bf?s=96&r=g","caption":"Guilherme Caetano"},"description":"Formado em jornalismo pela Escola de Comunica\u00e7\u00f5es e Artes da USP, Guilherme Caetano escreve para o portal de not\u00edcias da Suno Research. Passou pelas reda\u00e7\u00f5es da Folha de S.Paulo e da revista \u00c9poca.","url":"https:\/\/www.suno.com.br\/noticias\/author\/guilherme-caetano\/"}]}},"default_loop_html":"<div class=\"cardsPage__listCard__boxs\"><div class=\"cardsPage__listCard__boxs__img\"><a href=\"https:\/\/www.suno.com.br\/noticias\/fusao-parceria-embraer-boeing-relembre\/\"><img class=\"mask\" src=\"https:\/\/www.suno.com.br\/noticias\/wp-content\/themes\/suno\/resources\/images\/spotlight\/spotlight1img\/bg-mask.png\" alt=\"Image Mask\"\/><img src=\"https:\/\/files.sunoresearch.com.br\/n\/uploads\/2018\/12\/e6d85e24-embraer-400x200.webp\" alt=\"A fus\u00e3o de Embraer e Boeing: relembre o caso desde o in\u00edcio\"\/><\/a><span class=\"spotlightCategory\"><a href=\"https:\/\/www.suno.com.br\/noticias\/mercado\/\">Mercado<\/a><\/span><\/div><div class=\"cardsPage__listCard__boxs__content\"><a href=\"https:\/\/www.suno.com.br\/noticias\/fusao-parceria-embraer-boeing-relembre\/\"><h2 class=\"content__title\">A fus\u00e3o de Embraer e Boeing: relembre o caso desde o in\u00edcio<\/h2><\/a><div class=\"newsContent__article__meta\"><div class=\"newsContent__article__meta__authorBox\"><a href=\"https:\/\/www.suno.com.br\/noticias\/author\/guilherme-caetano\/\" class=\"authorBox__avatar noMobi\"><img src=\"https:\/\/secure.gravatar.com\/avatar\/e48357351a01702a0d19307070e081bf?s=96&#038;r=g\" alt=\"Guilherme Caetano\"><\/a><div class=\"authorBox__name\"><span>por\n\t\t\t<a href=\"https:\/\/www.suno.com.br\/noticias\/author\/guilherme-caetano\/\"><span itemprop=\"author\">Guilherme Caetano<\/span><\/a><\/span><time datetime=\"2018-12-17T14:05:12-02:00\" itemprop=\"datePublished\">17\/12\/2018 14:05<\/time><\/div><\/div><\/div><\/div><\/div>","single_layout":"posts","amp_enabled":true,"_links":{"self":[{"href":"https:\/\/www.suno.com.br\/noticias\/wp-json\/wp\/v2\/posts\/9134"}],"collection":[{"href":"https:\/\/www.suno.com.br\/noticias\/wp-json\/wp\/v2\/posts"}],"about":[{"href":"https:\/\/www.suno.com.br\/noticias\/wp-json\/wp\/v2\/types\/post"}],"author":[{"embeddable":true,"href":"https:\/\/www.suno.com.br\/noticias\/wp-json\/wp\/v2\/users\/13"}],"replies":[{"embeddable":true,"href":"https:\/\/www.suno.com.br\/noticias\/wp-json\/wp\/v2\/comments?post=9134"}],"version-history":[{"count":0,"href":"https:\/\/www.suno.com.br\/noticias\/wp-json\/wp\/v2\/posts\/9134\/revisions"}],"wp:featuredmedia":[{"embeddable":true,"href":"https:\/\/www.suno.com.br\/noticias\/wp-json\/wp\/v2\/media\/8292"}],"wp:attachment":[{"href":"https:\/\/www.suno.com.br\/noticias\/wp-json\/wp\/v2\/media?parent=9134"}],"wp:term":[{"taxonomy":"category","embeddable":true,"href":"https:\/\/www.suno.com.br\/noticias\/wp-json\/wp\/v2\/categories?post=9134"},{"taxonomy":"post_tag","embeddable":true,"href":"https:\/\/www.suno.com.br\/noticias\/wp-json\/wp\/v2\/tags?post=9134"},{"taxonomy":"suno_strategy","embeddable":true,"href":"https:\/\/www.suno.com.br\/noticias\/wp-json\/wp\/v2\/suno_strategy?post=9134"}],"curies":[{"name":"wp","href":"https:\/\/api.w.org\/{rel}","templated":true}]}}