{"id":9123,"date":"2018-12-17T11:46:08","date_gmt":"2018-12-17T13:46:08","guid":{"rendered":"https:\/\/www.suno.com.br\/noticias\/?p=9123"},"modified":"2018-12-17T13:07:44","modified_gmt":"2018-12-17T15:07:44","slug":"mansueto-analise-fusao-boeing-embraer-governo-bolsonaro","status":"publish","type":"post","link":"https:\/\/www.suno.com.br\/noticias\/mansueto-analise-fusao-boeing-embraer-governo-bolsonaro\/","title":{"rendered":"Mansueto: an\u00e1lise da fus\u00e3o Boeing-Embraer pode terminar no governo Bolsonaro"},"content":{"rendered":"<p>A an\u00e1lise do governo da fus\u00e3o entre Boeing e Embraer poderia terminar no in\u00edcio do mandato de Jair Bolsonaro.<\/p>\t<div class=\"wrapper-featured-image\">\n\t\t<figure class=\"spotlightImg\">\n\n\t\t\t<picture>\n\t\t\t\t<source media=\"(max-width: 768px)\" srcset=\"https:\/\/files.sunoresearch.com.br\/n\/uploads\/2018\/12\/ec49485a-boeing-embraer2-400x200.webp\">\n\t\t\t\t<img loading=\"lazy\" decoding=\"async\" class=\"newsContent__article__imgCapa lazyloadDisabled newsContent__article__imgCapa--noCaption\" src=\"https:\/\/files.sunoresearch.com.br\/n\/uploads\/2018\/12\/ec49485a-boeing-embraer2-jpg.webp\" width=\"800\" height=\"450\" alt=\"Mansueto: an\u00e1lise da fus\u00e3o Boeing-Embraer pode terminar no governo Bolsonaro\" fetchpriority=high \/>\n\t\t\t<\/picture>\n\n\t\t\t<figcaption class=\"wp-caption-text wp-caption-text--hide\">A Embraer (EMBR3) comunicou que a decis\u00e3o foi tomada devido \u00e0 divulga\u00e7\u00e3o de \u201cinforma\u00e7\u00f5es falsas e manipuladas&quot; por parte do sindicato<\/figcaption>\n\t\t<\/figure>\n\t<\/div>\n\n\n<p>A declara\u00e7\u00e3o foi feita pelo\u00a0secret\u00e1rio do <strong>Tesouro Nacional<\/strong>, <strong>Mansueto Almeida<\/strong>, nesta segunda-feira (17).<\/p>\n<p>Segundo Mansueto, o processo an\u00e1lise do governo da fus\u00e3o entre <strong>Boeing <\/strong>e <strong>Embraer\u00a0<\/strong>pode se estender para al\u00e9m de duas semanas. Ela come\u00e7aria no in\u00edcio do governo <strong>Bolsonaro<\/strong>.<\/p>\n<p><a href=\"https:\/\/www.suno.com.br\/noticias\/conselho-embraer-aprova-parceria-boeing\/\">Saiba mais: Conselho da Embraer aprova parceria com a Boeing\u00a0<\/a><\/p>\n<h2>Entenda a fus\u00e3o Boeing-Embraer<\/h2>\n<p>A Embraer informou nesta segunda-feira (17) que seu conselho aprovou a fus\u00e3o com a Boeing.<\/p>\n<p>A empresa brasileira\u00a0est\u00e1 negociando um acordo estrat\u00e9gico com a fabricante norte-americana de aeronaves\u00a0desde julho do ano passado.<\/p>\n<p>O objetivo \u00e9 criar uma <a href=\"https:\/\/www.suno.com.br\/artigos\/joint-venture\/\"><strong>joint venture<\/strong> <\/a>no Brasil, chamada JV Avia\u00e7\u00e3o Comercial.<\/p>\n<p>O novo neg\u00f3cio\u00a0 de <strong>avia\u00e7\u00e3o comercial<\/strong> seria avaliado em US$ 5,26 e teria participa\u00e7\u00e3o de 80% da Boeing e 20% da Embraer.<\/p>\n<p>A Boeing far\u00e1 um aporte de US$ 4,2 bilh\u00f5es na nova empresa.<\/p>\n<p>A nova empresa deveria assumir os neg\u00f3cios da divis\u00e3o de avia\u00e7\u00e3o comercial da Embraer e de suas opera\u00e7\u00f5es relacionadas, servi\u00e7os e capacidades de engenharia. A transa\u00e7\u00e3o ainda depende do aval dos acionistas, entre os quais est\u00e1 o governo brasileiro que det\u00e9m uma golden share. Al\u00e9m disso, os \u00f3rg\u00e3os reguladores do mercado brasileiro e americano tamb\u00e9m devem aprovar a opera\u00e7\u00e3o. A expectativa \u00e9 que o neg\u00f3cio seja conclu\u00eddo at\u00e9 2019.<\/p>\n<p>&#8220;Voc\u00ea tem um tr\u00e2mite burocr\u00e1tico porque eles t\u00eam que pedir um posicionamento do governo em rela\u00e7\u00e3o \u00e0 golden share. E a\u00ed o governo tem que analisar, isso n\u00e3o necessariamente \u00e9 feito em uma semana, mas tamb\u00e9m n\u00e3o \u00e9 um processo muito longo&#8221;, disse Mansueto, &#8220;o\u00a0governo tem que analisar, tem que ver se tem alguma implica\u00e7\u00e3o para aquelas atribui\u00e7\u00f5es da golden share e depois o governo tem que se manifestar via Procuradoria-Geral da Fazenda e o ministro da Fazenda, que manda isso para o presidente&#8221;.<\/p>\n<p>Mansueto disse n\u00e3o saber se a an\u00e1lise da fus\u00e3o entre <strong>Boeing<\/strong> e <strong>Embraer<\/strong> possa ser feita em poucos dias. &#8220;N\u00e3o sei se isso d\u00e1 para ser feito em uma ou duas semanas. Ent\u00e3o talvez seja um processo que tenha come\u00e7ado agora e termine no in\u00edcio do pr\u00f3ximo governo&#8221;, acrescentou o secret\u00e1rio do Tesouro. <strong>Mansueto de Almeida<\/strong> seguir\u00e1 no mesmo cargo no governo Bolsonaro.<\/p>\n","protected":false},"excerpt":{"rendered":"<p>A an\u00e1lise do governo da fus\u00e3o entre Boeing e Embraer poderia terminar no in\u00edcio do mandato de Jair Bolsonaro. A Embraer (EMBR3) comunicou que a decis\u00e3o foi tomada devido \u00e0 divulga\u00e7\u00e3o de \u201cinforma\u00e7\u00f5es falsas e manipuladas&quot; por parte do sindicato A declara\u00e7\u00e3o foi feita pelo\u00a0secret\u00e1rio do Tesouro Nacional, Mansueto Almeida, nesta segunda-feira (17). Segundo Mansueto, [&hellip;]<\/p>\n","protected":false},"author":9,"featured_media":9126,"comment_status":"closed","ping_status":"closed","sticky":false,"template":"","format":"standard","meta":[],"categories":[64],"tags":[828,460,719],"suno_strategy":[],"class_list":["post-9123","post","type-post","status-publish","format-standard","has-post-thumbnail","hentry","category-negocios","tag-boeing-boei34","tag-embraer-embr3","tag-jair-bolsonaro"],"yoast_head":"<!-- This site is optimized with the Yoast SEO plugin v24.4 - https:\/\/yoast.com\/wordpress\/plugins\/seo\/ -->\n<title>Mansueto: fus\u00e3o Boeing-Embraer pode terminar no governo Bolsonaro<\/title>\n<meta name=\"description\" content=\"A an\u00e1lise da fus\u00e3o entre Boeing e Embraer poderia terminar no in\u00edcio do mandato de Bolsonaro, disse Mansueto. Clique aqui para saber mais.\" \/>\n<meta name=\"robots\" content=\"index, follow, max-snippet:-1, max-image-preview:large, max-video-preview:-1\" \/>\n<link rel=\"canonical\" href=\"https:\/\/www.suno.com.br\/noticias\/mansueto-analise-fusao-boeing-embraer-governo-bolsonaro\/\" \/>\n<meta property=\"og:locale\" content=\"pt_BR\" \/>\n<meta property=\"og:type\" content=\"article\" \/>\n<meta property=\"og:title\" content=\"Mansueto: fus\u00e3o Boeing-Embraer pode terminar no governo Bolsonaro\" \/>\n<meta property=\"og:description\" content=\"A an\u00e1lise da fus\u00e3o entre Boeing e Embraer poderia terminar no in\u00edcio do mandato de Bolsonaro, disse Mansueto. Clique aqui para saber mais.\" \/>\n<meta property=\"og:url\" content=\"https:\/\/www.suno.com.br\/noticias\/mansueto-analise-fusao-boeing-embraer-governo-bolsonaro\/\" \/>\n<meta property=\"og:site_name\" content=\"Suno Not\u00edcias\" \/>\n<meta property=\"article:publisher\" content=\"https:\/\/facebook.com\/sunoresearch\" \/>\n<meta property=\"og:image\" content=\"https:\/\/files.sunoresearch.com.br\/n\/uploads\/2018\/12\/ec49485a-boeing-embraer2.jpg\" \/>\n\t<meta property=\"og:image:width\" content=\"748\" \/>\n\t<meta property=\"og:image:height\" content=\"410\" \/>\n\t<meta property=\"og:image:type\" content=\"image\/jpeg\" \/>\n<meta name=\"author\" content=\"Carlo Cauti\" \/>\n<meta name=\"twitter:card\" content=\"summary_large_image\" \/>\n<meta name=\"twitter:creator\" content=\"@sunoresearch\" \/>\n<meta name=\"twitter:site\" content=\"@sunoresearch\" \/>\n<meta name=\"twitter:label1\" content=\"Escrito por\" \/>\n\t<meta name=\"twitter:data1\" content=\"Carlo Cauti\" \/>\n\t<meta name=\"twitter:label2\" content=\"Est. tempo de leitura\" \/>\n\t<meta name=\"twitter:data2\" content=\"2 minutos\" \/>\n<script type=\"application\/ld+json\" class=\"yoast-schema-graph\">{\"@context\":\"https:\/\/schema.org\",\"@graph\":[{\"@type\":\"NewsArticle\",\"@id\":\"https:\/\/www.suno.com.br\/noticias\/mansueto-analise-fusao-boeing-embraer-governo-bolsonaro\/#article\",\"isPartOf\":{\"@id\":\"https:\/\/www.suno.com.br\/noticias\/mansueto-analise-fusao-boeing-embraer-governo-bolsonaro\/\"},\"author\":{\"name\":\"Carlo Cauti\",\"@id\":\"https:\/\/www.suno.com.br\/noticias\/#\/schema\/person\/e6e0f723cc177805027f4566c1d5e0c8\"},\"headline\":\"Mansueto: an\u00e1lise da fus\u00e3o Boeing-Embraer pode terminar no governo Bolsonaro\",\"datePublished\":\"2018-12-17T13:46:08+00:00\",\"dateModified\":\"2018-12-17T15:07:44+00:00\",\"mainEntityOfPage\":{\"@id\":\"https:\/\/www.suno.com.br\/noticias\/mansueto-analise-fusao-boeing-embraer-governo-bolsonaro\/\"},\"wordCount\":422,\"publisher\":{\"@id\":\"https:\/\/www.suno.com.br\/noticias\/#organization\"},\"image\":{\"@id\":\"https:\/\/www.suno.com.br\/noticias\/mansueto-analise-fusao-boeing-embraer-governo-bolsonaro\/#primaryimage\"},\"thumbnailUrl\":\"https:\/\/files.sunoresearch.com.br\/n\/uploads\/2018\/12\/ec49485a-boeing-embraer2-jpg.webp\",\"keywords\":[\"Boeing (BOEI34)\",\"Embraer (EMBR3)\",\"Jair Bolsonaro\"],\"articleSection\":[\"Neg\u00f3cios\"],\"inLanguage\":\"pt-BR\"},{\"@type\":\"WebPage\",\"@id\":\"https:\/\/www.suno.com.br\/noticias\/mansueto-analise-fusao-boeing-embraer-governo-bolsonaro\/\",\"url\":\"https:\/\/www.suno.com.br\/noticias\/mansueto-analise-fusao-boeing-embraer-governo-bolsonaro\/\",\"name\":\"Mansueto: fus\u00e3o Boeing-Embraer pode terminar no governo Bolsonaro\",\"isPartOf\":{\"@id\":\"https:\/\/www.suno.com.br\/noticias\/#website\"},\"primaryImageOfPage\":{\"@id\":\"https:\/\/www.suno.com.br\/noticias\/mansueto-analise-fusao-boeing-embraer-governo-bolsonaro\/#primaryimage\"},\"image\":{\"@id\":\"https:\/\/www.suno.com.br\/noticias\/mansueto-analise-fusao-boeing-embraer-governo-bolsonaro\/#primaryimage\"},\"thumbnailUrl\":\"https:\/\/files.sunoresearch.com.br\/n\/uploads\/2018\/12\/ec49485a-boeing-embraer2-jpg.webp\",\"datePublished\":\"2018-12-17T13:46:08+00:00\",\"dateModified\":\"2018-12-17T15:07:44+00:00\",\"description\":\"A an\u00e1lise da fus\u00e3o entre Boeing e Embraer poderia terminar no in\u00edcio do mandato de Bolsonaro, disse Mansueto. Clique aqui para saber mais.\",\"breadcrumb\":{\"@id\":\"https:\/\/www.suno.com.br\/noticias\/mansueto-analise-fusao-boeing-embraer-governo-bolsonaro\/#breadcrumb\"},\"inLanguage\":\"pt-BR\",\"potentialAction\":[{\"@type\":\"ReadAction\",\"target\":[\"https:\/\/www.suno.com.br\/noticias\/mansueto-analise-fusao-boeing-embraer-governo-bolsonaro\/\"]}]},{\"@type\":\"ImageObject\",\"inLanguage\":\"pt-BR\",\"@id\":\"https:\/\/www.suno.com.br\/noticias\/mansueto-analise-fusao-boeing-embraer-governo-bolsonaro\/#primaryimage\",\"url\":\"https:\/\/files.sunoresearch.com.br\/n\/uploads\/2018\/12\/ec49485a-boeing-embraer2-jpg.webp\",\"contentUrl\":\"https:\/\/files.sunoresearch.com.br\/n\/uploads\/2018\/12\/ec49485a-boeing-embraer2-jpg.webp\",\"width\":748,\"height\":410,\"caption\":\"A Embraer (EMBR3) comunicou que a decis\u00e3o foi tomada devido \u00e0 divulga\u00e7\u00e3o de \u201cinforma\u00e7\u00f5es falsas e manipuladas\\\" por parte do sindicato\"},{\"@type\":\"BreadcrumbList\",\"@id\":\"https:\/\/www.suno.com.br\/noticias\/mansueto-analise-fusao-boeing-embraer-governo-bolsonaro\/#breadcrumb\",\"itemListElement\":[{\"@type\":\"ListItem\",\"position\":1,\"name\":\"Not\u00edcias\",\"item\":\"https:\/\/www.suno.com.br\/noticias\/\"},{\"@type\":\"ListItem\",\"position\":2,\"name\":\"Neg\u00f3cios\",\"item\":\"https:\/\/www.suno.com.br\/noticias\/negocios\/\"},{\"@type\":\"ListItem\",\"position\":3,\"name\":\"Mansueto: an\u00e1lise da fus\u00e3o Boeing-Embraer pode terminar no governo Bolsonaro\"}]},{\"@type\":\"WebSite\",\"@id\":\"https:\/\/www.suno.com.br\/noticias\/#website\",\"url\":\"https:\/\/www.suno.com.br\/noticias\/\",\"name\":\"Suno Not\u00edcias\",\"description\":\"Seu portal de informa\u00e7\u00e3o sobre o mundo dos investimentos\",\"publisher\":{\"@id\":\"https:\/\/www.suno.com.br\/noticias\/#organization\"},\"potentialAction\":[{\"@type\":\"SearchAction\",\"target\":{\"@type\":\"EntryPoint\",\"urlTemplate\":\"https:\/\/www.suno.com.br\/noticias\/?s={search_term_string}\"},\"query-input\":{\"@type\":\"PropertyValueSpecification\",\"valueRequired\":true,\"valueName\":\"search_term_string\"}}],\"inLanguage\":\"pt-BR\"},{\"@type\":\"Organization\",\"@id\":\"https:\/\/www.suno.com.br\/noticias\/#organization\",\"name\":\"Suno Not\u00edcias\",\"url\":\"https:\/\/www.suno.com.br\/noticias\/\",\"logo\":{\"@type\":\"ImageObject\",\"inLanguage\":\"pt-BR\",\"@id\":\"https:\/\/www.suno.com.br\/noticias\/#\/schema\/logo\/image\/\",\"url\":\"https:\/\/files.sunoresearch.com.br\/n\/uploads\/2021\/09\/suno-logo.png\",\"contentUrl\":\"https:\/\/files.sunoresearch.com.br\/n\/uploads\/2021\/09\/suno-logo.png\",\"width\":180,\"height\":180,\"caption\":\"Suno Not\u00edcias\"},\"image\":{\"@id\":\"https:\/\/www.suno.com.br\/noticias\/#\/schema\/logo\/image\/\"},\"sameAs\":[\"https:\/\/facebook.com\/sunoresearch\",\"https:\/\/x.com\/sunoresearch\",\"https:\/\/www.instagram.com\/suno\",\"https:\/\/www.linkedin.com\/company\/suno-research\/\",\"https:\/\/www.youtube.com\/c\/sunoresearch\"]},{\"@type\":\"Person\",\"@id\":\"https:\/\/www.suno.com.br\/noticias\/#\/schema\/person\/e6e0f723cc177805027f4566c1d5e0c8\",\"name\":\"Carlo Cauti\",\"image\":{\"@type\":\"ImageObject\",\"inLanguage\":\"pt-BR\",\"@id\":\"https:\/\/www.suno.com.br\/noticias\/#\/schema\/person\/image\/\",\"url\":\"https:\/\/secure.gravatar.com\/avatar\/3ada9e0bd164c23abd4792a9606d583c?s=96&r=g\",\"contentUrl\":\"https:\/\/secure.gravatar.com\/avatar\/3ada9e0bd164c23abd4792a9606d583c?s=96&r=g\",\"caption\":\"Carlo Cauti\"},\"description\":\"Editor multim\u00eddia do SUNO Not\u00edcias. Italiano, formado em Ci\u00eancias Pol\u00edticas pela universidade LUISS G. Carli de Roma e mestre cum laude em Rela\u00e7\u00f5es Internacionais, Jornalismo Internacional e de Guerra e em Economia Internacional. Concluiu tamb\u00e9m um MBA em Finan\u00e7as na B3. No Brasil, teve passagem por ve\u00edculos como Estad\u00e3o, Globo, Veja e EXAME. e nas ag\u00eancias de not\u00edcias italianas ANSA e NOVA.\",\"url\":\"https:\/\/www.suno.com.br\/noticias\/author\/carlo-cauti\/\"}]}<\/script>\n<!-- \/ Yoast SEO plugin. -->","yoast_head_json":{"title":"Mansueto: fus\u00e3o Boeing-Embraer pode terminar no governo Bolsonaro","description":"A an\u00e1lise da fus\u00e3o entre Boeing e Embraer poderia terminar no in\u00edcio do mandato de Bolsonaro, disse Mansueto. Clique aqui para saber mais.","robots":{"index":"index","follow":"follow","max-snippet":"max-snippet:-1","max-image-preview":"max-image-preview:large","max-video-preview":"max-video-preview:-1"},"canonical":"https:\/\/www.suno.com.br\/noticias\/mansueto-analise-fusao-boeing-embraer-governo-bolsonaro\/","og_locale":"pt_BR","og_type":"article","og_title":"Mansueto: fus\u00e3o Boeing-Embraer pode terminar no governo Bolsonaro","og_description":"A an\u00e1lise da fus\u00e3o entre Boeing e Embraer poderia terminar no in\u00edcio do mandato de Bolsonaro, disse Mansueto. Clique aqui para saber mais.","og_url":"https:\/\/www.suno.com.br\/noticias\/mansueto-analise-fusao-boeing-embraer-governo-bolsonaro\/","og_site_name":"Suno Not\u00edcias","article_publisher":"https:\/\/facebook.com\/sunoresearch","og_image":[{"width":748,"height":410,"url":"https:\/\/files.sunoresearch.com.br\/n\/uploads\/2018\/12\/ec49485a-boeing-embraer2.jpg","type":"image\/jpeg"}],"author":"Carlo Cauti","twitter_card":"summary_large_image","twitter_creator":"@sunoresearch","twitter_site":"@sunoresearch","twitter_misc":{"Escrito por":"Carlo Cauti","Est. tempo de leitura":"2 minutos"},"schema":{"@context":"https:\/\/schema.org","@graph":[{"@type":"NewsArticle","@id":"https:\/\/www.suno.com.br\/noticias\/mansueto-analise-fusao-boeing-embraer-governo-bolsonaro\/#article","isPartOf":{"@id":"https:\/\/www.suno.com.br\/noticias\/mansueto-analise-fusao-boeing-embraer-governo-bolsonaro\/"},"author":{"name":"Carlo Cauti","@id":"https:\/\/www.suno.com.br\/noticias\/#\/schema\/person\/e6e0f723cc177805027f4566c1d5e0c8"},"headline":"Mansueto: an\u00e1lise da fus\u00e3o Boeing-Embraer pode terminar no governo Bolsonaro","datePublished":"2018-12-17T13:46:08+00:00","dateModified":"2018-12-17T15:07:44+00:00","mainEntityOfPage":{"@id":"https:\/\/www.suno.com.br\/noticias\/mansueto-analise-fusao-boeing-embraer-governo-bolsonaro\/"},"wordCount":422,"publisher":{"@id":"https:\/\/www.suno.com.br\/noticias\/#organization"},"image":{"@id":"https:\/\/www.suno.com.br\/noticias\/mansueto-analise-fusao-boeing-embraer-governo-bolsonaro\/#primaryimage"},"thumbnailUrl":"https:\/\/files.sunoresearch.com.br\/n\/uploads\/2018\/12\/ec49485a-boeing-embraer2-jpg.webp","keywords":["Boeing (BOEI34)","Embraer (EMBR3)","Jair Bolsonaro"],"articleSection":["Neg\u00f3cios"],"inLanguage":"pt-BR"},{"@type":"WebPage","@id":"https:\/\/www.suno.com.br\/noticias\/mansueto-analise-fusao-boeing-embraer-governo-bolsonaro\/","url":"https:\/\/www.suno.com.br\/noticias\/mansueto-analise-fusao-boeing-embraer-governo-bolsonaro\/","name":"Mansueto: fus\u00e3o Boeing-Embraer pode terminar no governo Bolsonaro","isPartOf":{"@id":"https:\/\/www.suno.com.br\/noticias\/#website"},"primaryImageOfPage":{"@id":"https:\/\/www.suno.com.br\/noticias\/mansueto-analise-fusao-boeing-embraer-governo-bolsonaro\/#primaryimage"},"image":{"@id":"https:\/\/www.suno.com.br\/noticias\/mansueto-analise-fusao-boeing-embraer-governo-bolsonaro\/#primaryimage"},"thumbnailUrl":"https:\/\/files.sunoresearch.com.br\/n\/uploads\/2018\/12\/ec49485a-boeing-embraer2-jpg.webp","datePublished":"2018-12-17T13:46:08+00:00","dateModified":"2018-12-17T15:07:44+00:00","description":"A an\u00e1lise da fus\u00e3o entre Boeing e Embraer poderia terminar no in\u00edcio do mandato de Bolsonaro, disse Mansueto. Clique aqui para saber mais.","breadcrumb":{"@id":"https:\/\/www.suno.com.br\/noticias\/mansueto-analise-fusao-boeing-embraer-governo-bolsonaro\/#breadcrumb"},"inLanguage":"pt-BR","potentialAction":[{"@type":"ReadAction","target":["https:\/\/www.suno.com.br\/noticias\/mansueto-analise-fusao-boeing-embraer-governo-bolsonaro\/"]}]},{"@type":"ImageObject","inLanguage":"pt-BR","@id":"https:\/\/www.suno.com.br\/noticias\/mansueto-analise-fusao-boeing-embraer-governo-bolsonaro\/#primaryimage","url":"https:\/\/files.sunoresearch.com.br\/n\/uploads\/2018\/12\/ec49485a-boeing-embraer2-jpg.webp","contentUrl":"https:\/\/files.sunoresearch.com.br\/n\/uploads\/2018\/12\/ec49485a-boeing-embraer2-jpg.webp","width":748,"height":410,"caption":"A Embraer (EMBR3) comunicou que a decis\u00e3o foi tomada devido \u00e0 divulga\u00e7\u00e3o de \u201cinforma\u00e7\u00f5es falsas e manipuladas\" por parte do sindicato"},{"@type":"BreadcrumbList","@id":"https:\/\/www.suno.com.br\/noticias\/mansueto-analise-fusao-boeing-embraer-governo-bolsonaro\/#breadcrumb","itemListElement":[{"@type":"ListItem","position":1,"name":"Not\u00edcias","item":"https:\/\/www.suno.com.br\/noticias\/"},{"@type":"ListItem","position":2,"name":"Neg\u00f3cios","item":"https:\/\/www.suno.com.br\/noticias\/negocios\/"},{"@type":"ListItem","position":3,"name":"Mansueto: an\u00e1lise da fus\u00e3o Boeing-Embraer pode terminar no governo Bolsonaro"}]},{"@type":"WebSite","@id":"https:\/\/www.suno.com.br\/noticias\/#website","url":"https:\/\/www.suno.com.br\/noticias\/","name":"Suno Not\u00edcias","description":"Seu portal de informa\u00e7\u00e3o sobre o mundo dos investimentos","publisher":{"@id":"https:\/\/www.suno.com.br\/noticias\/#organization"},"potentialAction":[{"@type":"SearchAction","target":{"@type":"EntryPoint","urlTemplate":"https:\/\/www.suno.com.br\/noticias\/?s={search_term_string}"},"query-input":{"@type":"PropertyValueSpecification","valueRequired":true,"valueName":"search_term_string"}}],"inLanguage":"pt-BR"},{"@type":"Organization","@id":"https:\/\/www.suno.com.br\/noticias\/#organization","name":"Suno Not\u00edcias","url":"https:\/\/www.suno.com.br\/noticias\/","logo":{"@type":"ImageObject","inLanguage":"pt-BR","@id":"https:\/\/www.suno.com.br\/noticias\/#\/schema\/logo\/image\/","url":"https:\/\/files.sunoresearch.com.br\/n\/uploads\/2021\/09\/suno-logo.png","contentUrl":"https:\/\/files.sunoresearch.com.br\/n\/uploads\/2021\/09\/suno-logo.png","width":180,"height":180,"caption":"Suno Not\u00edcias"},"image":{"@id":"https:\/\/www.suno.com.br\/noticias\/#\/schema\/logo\/image\/"},"sameAs":["https:\/\/facebook.com\/sunoresearch","https:\/\/x.com\/sunoresearch","https:\/\/www.instagram.com\/suno","https:\/\/www.linkedin.com\/company\/suno-research\/","https:\/\/www.youtube.com\/c\/sunoresearch"]},{"@type":"Person","@id":"https:\/\/www.suno.com.br\/noticias\/#\/schema\/person\/e6e0f723cc177805027f4566c1d5e0c8","name":"Carlo Cauti","image":{"@type":"ImageObject","inLanguage":"pt-BR","@id":"https:\/\/www.suno.com.br\/noticias\/#\/schema\/person\/image\/","url":"https:\/\/secure.gravatar.com\/avatar\/3ada9e0bd164c23abd4792a9606d583c?s=96&r=g","contentUrl":"https:\/\/secure.gravatar.com\/avatar\/3ada9e0bd164c23abd4792a9606d583c?s=96&r=g","caption":"Carlo Cauti"},"description":"Editor multim\u00eddia do SUNO Not\u00edcias. Italiano, formado em Ci\u00eancias Pol\u00edticas pela universidade LUISS G. Carli de Roma e mestre cum laude em Rela\u00e7\u00f5es Internacionais, Jornalismo Internacional e de Guerra e em Economia Internacional. Concluiu tamb\u00e9m um MBA em Finan\u00e7as na B3. No Brasil, teve passagem por ve\u00edculos como Estad\u00e3o, Globo, Veja e EXAME. e nas ag\u00eancias de not\u00edcias italianas ANSA e NOVA.","url":"https:\/\/www.suno.com.br\/noticias\/author\/carlo-cauti\/"}]}},"default_loop_html":"<div class=\"cardsPage__listCard__boxs\"><div class=\"cardsPage__listCard__boxs__img\"><a href=\"https:\/\/www.suno.com.br\/noticias\/mansueto-analise-fusao-boeing-embraer-governo-bolsonaro\/\"><img class=\"mask\" src=\"https:\/\/www.suno.com.br\/noticias\/wp-content\/themes\/suno\/resources\/images\/spotlight\/spotlight1img\/bg-mask.png\" alt=\"Image Mask\"\/><img src=\"https:\/\/files.sunoresearch.com.br\/n\/uploads\/2018\/12\/ec49485a-boeing-embraer2-400x200.webp\" alt=\"Mansueto: an\u00e1lise da fus\u00e3o Boeing-Embraer pode terminar no governo Bolsonaro\"\/><\/a><span class=\"spotlightCategory\"><a href=\"https:\/\/www.suno.com.br\/noticias\/negocios\/\">Neg\u00f3cios<\/a><\/span><\/div><div class=\"cardsPage__listCard__boxs__content\"><a href=\"https:\/\/www.suno.com.br\/noticias\/mansueto-analise-fusao-boeing-embraer-governo-bolsonaro\/\"><h2 class=\"content__title\">Mansueto: an\u00e1lise da fus\u00e3o Boeing-Embraer pode terminar no governo Bolsonaro<\/h2><\/a><div class=\"newsContent__article__meta\"><div class=\"newsContent__article__meta__authorBox\"><a href=\"https:\/\/www.suno.com.br\/noticias\/author\/carlo-cauti\/\" class=\"authorBox__avatar noMobi\"><img src=\"https:\/\/files.sunoresearch.com.br\/n\/uploads\/2020\/08\/e3745f9a-perfil-carlo-cauti-150x150.webp\" alt=\"Carlo Cauti\"><\/a><div class=\"authorBox__name\"><span>por\n\t\t\t<a href=\"https:\/\/www.suno.com.br\/noticias\/author\/carlo-cauti\/\"><span itemprop=\"author\">Carlo Cauti<\/span><\/a><\/span><time datetime=\"2018-12-17T11:46:08-02:00\" itemprop=\"datePublished\">17\/12\/2018 11:46<\/time><\/div><\/div><\/div><\/div><\/div>","single_layout":"posts","amp_enabled":true,"_links":{"self":[{"href":"https:\/\/www.suno.com.br\/noticias\/wp-json\/wp\/v2\/posts\/9123"}],"collection":[{"href":"https:\/\/www.suno.com.br\/noticias\/wp-json\/wp\/v2\/posts"}],"about":[{"href":"https:\/\/www.suno.com.br\/noticias\/wp-json\/wp\/v2\/types\/post"}],"author":[{"embeddable":true,"href":"https:\/\/www.suno.com.br\/noticias\/wp-json\/wp\/v2\/users\/9"}],"replies":[{"embeddable":true,"href":"https:\/\/www.suno.com.br\/noticias\/wp-json\/wp\/v2\/comments?post=9123"}],"version-history":[{"count":0,"href":"https:\/\/www.suno.com.br\/noticias\/wp-json\/wp\/v2\/posts\/9123\/revisions"}],"wp:featuredmedia":[{"embeddable":true,"href":"https:\/\/www.suno.com.br\/noticias\/wp-json\/wp\/v2\/media\/9126"}],"wp:attachment":[{"href":"https:\/\/www.suno.com.br\/noticias\/wp-json\/wp\/v2\/media?parent=9123"}],"wp:term":[{"taxonomy":"category","embeddable":true,"href":"https:\/\/www.suno.com.br\/noticias\/wp-json\/wp\/v2\/categories?post=9123"},{"taxonomy":"post_tag","embeddable":true,"href":"https:\/\/www.suno.com.br\/noticias\/wp-json\/wp\/v2\/tags?post=9123"},{"taxonomy":"suno_strategy","embeddable":true,"href":"https:\/\/www.suno.com.br\/noticias\/wp-json\/wp\/v2\/suno_strategy?post=9123"}],"curies":[{"name":"wp","href":"https:\/\/api.w.org\/{rel}","templated":true}]}}