{"id":91133,"date":"2020-10-13T15:55:17","date_gmt":"2020-10-13T18:55:17","guid":{"rendered":"https:\/\/www.suno.com.br\/noticias\/?p=91133"},"modified":"2020-10-14T19:47:07","modified_gmt":"2020-10-14T22:47:07","slug":"rede-dor-sao-luiz-ampliar-leitos-cinco-anos","status":"publish","type":"post","link":"https:\/\/www.suno.com.br\/noticias\/rede-dor-sao-luiz-ampliar-leitos-cinco-anos\/","title":{"rendered":"Rede D\u2019Or S\u00e3o Luiz planeja ampliar oferta de leitos em 80% em 5 anos"},"content":{"rendered":"<p>O grupo hospitalar privado <strong>Rede D\u2019Or S\u00e3o Luiz <\/strong>informou que planeja ampliar a oferta de leitos de sua rede em cerca de 80% nos pr\u00f3ximos cinco anos ap\u00f3s a <a href=\"https:\/\/www.suno.com.br\/artigos\/ipo\/\">oferta p\u00fablica inicial de a\u00e7\u00f5es (IPO<\/a>, na sigla em ingl\u00eas).<\/p>\t<div class=\"wrapper-featured-image\">\n\t\t<figure class=\"spotlightImg\">\n\n\t\t\t<picture>\n\t\t\t\t<source media=\"(max-width: 768px)\" srcset=\"https:\/\/files.sunoresearch.com.br\/n\/uploads\/2020\/10\/db6a5fa2-rede-dor-apresenta-pedido-de-registro-para-abertura-de-capital-400x200.webp\">\n\t\t\t\t<img loading=\"lazy\" decoding=\"async\" class=\"newsContent__article__imgCapa lazyloadDisabled \" src=\"https:\/\/files.sunoresearch.com.br\/n\/uploads\/2020\/10\/db6a5fa2-rede-dor-apresenta-pedido-de-registro-para-abertura-de-capital-800x450.webp\" width=\"800\" height=\"450\" alt=\"Rede D\u2019Or S\u00e3o Luiz planeja ampliar oferta de leitos em 80% em 5 anos\" fetchpriority=high \/>\n\t\t\t<\/picture>\n\n\t\t\t<figcaption class=\"wp-caption-text wp-caption-text--show\">Rede D&#039;or (RDOR3). Foto: divulga\u00e7\u00e3o<\/figcaption>\n\t\t<\/figure>\n\t<\/div>\n\n\n<div class=\"hubspot-form-wrapper\">\n\t<div id=\"single-form-target\"><\/div>\n<\/div>\n\n<p>\u201cA companhia pretende incrementar sua capacidade operacional em mais de 5,2 mil novos leitos at\u00e9 o fim de 2025, al\u00e9m da possibilidade de expans\u00e3o em hospitais em mais de 1,7 mil leitos\u201d, comunicou a Rede D\u2019Or, no prospecto preliminar enviado \u00e0 <a href=\"https:\/\/www.suno.com.br\/artigos\/cvm\/\">Comiss\u00e3o de Valores Mobili\u00e1rios (CVM)<\/a>.<\/p>\n<p>Segundo o documento, a companhia possu\u00eda, no final de setembro, um total de 8.505 leitos, distribu\u00eddos em 51 hospitais pr\u00f3prios, um sob administra\u00e7\u00e3o e outros 32 projetos em desenvolvimento.<\/p>\n<p><a href=\"https:\/\/lp.suno.com.br\/suno-one\/\">Suno One: acesse gratuitamente eBooks, Minicursos, Artigos e Video Aulas sobre investimentos com um \u00fanico cadastro. Clique para saber mais!<\/a><\/p>\n<p>Al\u00e9m disso, a empresa informou que pretende utilizar uma fatia dos recursos da oferta prim\u00e1ria de a\u00e7\u00f5es para construir hospitais e comprar mais unidades, incluindo hospitais, cl\u00ednicas de oncologia, corretoras de seguros, entre outros neg\u00f3cios.<\/p>\n<p>\u201cA companhia entende haver <strong>significativas oportunidades<\/strong> para expandir ainda mais seus neg\u00f3cios e sua participa\u00e7\u00e3o de mercado em um setor altamente fragmentado\u201d, escreveu o grupo no documento.<\/p>\n<h2>Rede D\u2019Or anuncia pedido de registro para IPO<\/h2>\n<p>A maior rede de hospitais privada do Brasil anunciou na noite da \u00faltima sexta-feira (9) que apresentou o pedido para registro de oferta p\u00fablica de a\u00e7\u00f5es na CVM.<\/p>\n<p>Ap\u00f3s o processo de IPO, a Rede D\u2019Or ser\u00e1 listada no segmento de alta governan\u00e7a da <a href=\"https:\/\/www.suno.com.br\/artigos\/b3\/\">B3<\/a>, o <a href=\"https:\/\/www.suno.com.br\/artigos\/novo-mercado\/\">Novo Mercado<\/a>. O grupo hospitalar tamb\u00e9m pediu uma convers\u00e3o de registro da empresa, de categoria B para categoria A.<\/p>\n<p>A opera\u00e7\u00e3o, que ser\u00e1 coordenada pelas institui\u00e7\u00f5es financeiras Bank America, <a href=\"https:\/\/www.suno.com.br\/acoes\/bpac11\/\">BTG Pactual (BPAC11)<\/a>, JPMorgan Chase, Bradesco BBI, XP, BB-Banco de Investimento, Citi, Credit Suisse, Safra e <a href=\"https:\/\/www.suno.com.br\/acoes\/sanb11\/\">Santander Brasil (SANB11)<\/a>; ser\u00e1 uma oferta prim\u00e1ria e secund\u00e1ria. Os principais acionistas vendedores ser\u00e3o o fundo de <a href=\"https:\/\/www.suno.com.br\/artigos\/private-equity\/\"><em>private equity<\/em><\/a> <strong>Carlyle <\/strong>e o FIP Delta, al\u00e9m de investidores pessoas f\u00edsicas.<\/p>\n\t<div data-element=\"shortcode-read-more\" class=\"knowMore\">\n\t\t\t\t<span class=\"knowMore__title\">Saiba mais<\/span>\n\t\t\t\t<a class=\"knowMore__link\" href=\"https:\/\/www.suno.com.br\/noticias\/rede-dor-pedido-registro-abertura-capital\/\">\n\t\t\tRede D&#039;Or apresenta pedido de registro para abertura de capital\t\t<\/a>\n\t<\/div>\n\n\n<p>A <strong>Rede D\u2019Or\u00a0<\/strong>informou no prospecto preliminar que registrou uma <a href=\"https:\/\/www.suno.com.br\/artigos\/o-que-receita-liquida\/\">receita l\u00edquida<\/a> de R$ 9,86 bilh\u00f5es entre os meses de janeiro e setembro, patamar est\u00e1vel em compara\u00e7\u00e3o com o mesmo per\u00edodo de 2019. A <a href=\"https:\/\/www.suno.com.br\/artigos\/margem-ebitda\/\">margem Ebitda<\/a> da empresa, no entanto, anotou uma queda, de 26,6% para 14,8%, em vista dos impactos da pandemia do novo coronav\u00edrus.<\/p>\n\t<p>\n\t\t<a href=\"https:\/\/lp.suno.com.br\/planilha-de-controle-de-investimentos\/\" target=\"_blank\" data-element=\"shortcode-suno-banner\" title=\"Banner SUNO, clique e saiba mais\">\n\t\t\t<picture>\n\t\t\t\t<source media=\"(max-width: 500px)\" srcset=\"https:\/\/files.sunoresearch.com.br\/n\/uploads\/2023\/03\/400x300-Controle-de-Investimentos.png\">\n\t\t\t\t<img class=\"newsContent__article__imgCapa newsContent__article__imgCapa--banner\"\n\t\t\t\t\tsrc=\"https:\/\/files.sunoresearch.com.br\/n\/uploads\/2023\/03\/1420x240-Controle-de-Investimentos.png\"\n\t\t\t\t\tdata-promo-id=\"75934\"\t\t\t\t\t\t\t\t\t\twidth='1420' height='240'\t\t\t\t\talt=\"https:\/\/files.sunoresearch.com.br\/n\/uploads\/2023\/03\/1420x240-Controle-de-Investimentos.png\"\n\t\t\t\t>\n\t\t\t<\/picture>\n\t\t<\/a>\n\t<\/p>\n\n\n","protected":false},"excerpt":{"rendered":"<p>O grupo hospitalar privado Rede D\u2019Or S\u00e3o Luiz informou que planeja ampliar a oferta de leitos de sua rede em cerca de 80% nos pr\u00f3ximos cinco anos ap\u00f3s a oferta p\u00fablica inicial de a\u00e7\u00f5es (IPO, na sigla em ingl\u00eas). Rede D&#039;or (RDOR3). Foto: divulga\u00e7\u00e3o \u201cA companhia pretende incrementar sua capacidade operacional em mais de 5,2 [&hellip;]<\/p>\n","protected":false},"author":35,"featured_media":90874,"comment_status":"closed","ping_status":"closed","sticky":false,"template":"","format":"standard","meta":[],"categories":[64],"tags":[319,2312],"suno_strategy":[],"class_list":["post-91133","post","type-post","status-publish","format-standard","has-post-thumbnail","hentry","category-negocios","tag-ipo-oferta-inicial-de-acoes","tag-rede-dor-rdor3"],"yoast_head":"<!-- This site is optimized with the Yoast SEO plugin v24.4 - https:\/\/yoast.com\/wordpress\/plugins\/seo\/ -->\n<title>Rede D\u2019Or S\u00e3o Luiz planeja ampliar oferta de leitos em 80% em 5 anos<\/title>\n<meta name=\"description\" content=\"A Rede D\u2019Or S\u00e3o Luiz planeja ampliar a oferta de leitos em cerca de 80% nos pr\u00f3ximos cinco anos ap\u00f3s o IPO. Clique para saber mais\" \/>\n<meta name=\"robots\" content=\"index, follow, max-snippet:-1, max-image-preview:large, max-video-preview:-1\" \/>\n<link rel=\"canonical\" href=\"https:\/\/www.suno.com.br\/noticias\/rede-dor-sao-luiz-ampliar-leitos-cinco-anos\/\" \/>\n<meta property=\"og:locale\" content=\"pt_BR\" \/>\n<meta property=\"og:type\" content=\"article\" \/>\n<meta property=\"og:title\" content=\"Rede D\u2019Or S\u00e3o Luiz planeja ampliar oferta de leitos em 80% em 5 anos\" \/>\n<meta property=\"og:description\" content=\"A Rede D\u2019Or S\u00e3o Luiz planeja ampliar a oferta de leitos em cerca de 80% nos pr\u00f3ximos cinco anos ap\u00f3s o IPO. Clique para saber mais\" \/>\n<meta property=\"og:url\" content=\"https:\/\/www.suno.com.br\/noticias\/rede-dor-sao-luiz-ampliar-leitos-cinco-anos\/\" \/>\n<meta property=\"og:site_name\" content=\"Suno Not\u00edcias\" \/>\n<meta property=\"article:publisher\" content=\"https:\/\/facebook.com\/sunoresearch\" \/>\n<meta property=\"og:image\" content=\"https:\/\/files.sunoresearch.com.br\/n\/uploads\/2020\/10\/db6a5fa2-rede-dor-apresenta-pedido-de-registro-para-abertura-de-capital.jpg\" \/>\n\t<meta property=\"og:image:width\" content=\"1535\" \/>\n\t<meta property=\"og:image:height\" content=\"1131\" \/>\n\t<meta property=\"og:image:type\" content=\"image\/jpeg\" \/>\n<meta name=\"author\" content=\"Arthur Guimar\u00e3es\" \/>\n<meta name=\"twitter:card\" content=\"summary_large_image\" \/>\n<meta name=\"twitter:creator\" content=\"@sunoresearch\" \/>\n<meta name=\"twitter:site\" content=\"@sunoresearch\" \/>\n<meta name=\"twitter:label1\" content=\"Escrito por\" \/>\n\t<meta name=\"twitter:data1\" content=\"Arthur Guimar\u00e3es\" \/>\n\t<meta name=\"twitter:label2\" content=\"Est. tempo de leitura\" \/>\n\t<meta name=\"twitter:data2\" content=\"2 minutos\" \/>\n<script type=\"application\/ld+json\" class=\"yoast-schema-graph\">{\"@context\":\"https:\/\/schema.org\",\"@graph\":[{\"@type\":\"NewsArticle\",\"@id\":\"https:\/\/www.suno.com.br\/noticias\/rede-dor-sao-luiz-ampliar-leitos-cinco-anos\/#article\",\"isPartOf\":{\"@id\":\"https:\/\/www.suno.com.br\/noticias\/rede-dor-sao-luiz-ampliar-leitos-cinco-anos\/\"},\"author\":{\"name\":\"Arthur Guimar\u00e3es\",\"@id\":\"https:\/\/www.suno.com.br\/noticias\/#\/schema\/person\/053a750a709a263919a20f976caae91c\"},\"headline\":\"Rede D\u2019Or S\u00e3o Luiz planeja ampliar oferta de leitos em 80% em 5 anos\",\"datePublished\":\"2020-10-13T18:55:17+00:00\",\"dateModified\":\"2020-10-14T22:47:07+00:00\",\"mainEntityOfPage\":{\"@id\":\"https:\/\/www.suno.com.br\/noticias\/rede-dor-sao-luiz-ampliar-leitos-cinco-anos\/\"},\"wordCount\":449,\"publisher\":{\"@id\":\"https:\/\/www.suno.com.br\/noticias\/#organization\"},\"image\":{\"@id\":\"https:\/\/www.suno.com.br\/noticias\/rede-dor-sao-luiz-ampliar-leitos-cinco-anos\/#primaryimage\"},\"thumbnailUrl\":\"https:\/\/files.sunoresearch.com.br\/n\/uploads\/2020\/10\/db6a5fa2-rede-dor-apresenta-pedido-de-registro-para-abertura-de-capital-jpg.webp\",\"keywords\":[\"IPO (Oferta Inicial de A\u00e7\u00f5es)\",\"Rede D'or (RDOR3)\"],\"articleSection\":[\"Neg\u00f3cios\"],\"inLanguage\":\"pt-BR\"},{\"@type\":\"WebPage\",\"@id\":\"https:\/\/www.suno.com.br\/noticias\/rede-dor-sao-luiz-ampliar-leitos-cinco-anos\/\",\"url\":\"https:\/\/www.suno.com.br\/noticias\/rede-dor-sao-luiz-ampliar-leitos-cinco-anos\/\",\"name\":\"Rede D\u2019Or S\u00e3o Luiz planeja ampliar oferta de leitos em 80% em 5 anos\",\"isPartOf\":{\"@id\":\"https:\/\/www.suno.com.br\/noticias\/#website\"},\"primaryImageOfPage\":{\"@id\":\"https:\/\/www.suno.com.br\/noticias\/rede-dor-sao-luiz-ampliar-leitos-cinco-anos\/#primaryimage\"},\"image\":{\"@id\":\"https:\/\/www.suno.com.br\/noticias\/rede-dor-sao-luiz-ampliar-leitos-cinco-anos\/#primaryimage\"},\"thumbnailUrl\":\"https:\/\/files.sunoresearch.com.br\/n\/uploads\/2020\/10\/db6a5fa2-rede-dor-apresenta-pedido-de-registro-para-abertura-de-capital-jpg.webp\",\"datePublished\":\"2020-10-13T18:55:17+00:00\",\"dateModified\":\"2020-10-14T22:47:07+00:00\",\"description\":\"A Rede D\u2019Or S\u00e3o Luiz planeja ampliar a oferta de leitos em cerca de 80% nos pr\u00f3ximos cinco anos ap\u00f3s o IPO. Clique para saber mais\",\"breadcrumb\":{\"@id\":\"https:\/\/www.suno.com.br\/noticias\/rede-dor-sao-luiz-ampliar-leitos-cinco-anos\/#breadcrumb\"},\"inLanguage\":\"pt-BR\",\"potentialAction\":[{\"@type\":\"ReadAction\",\"target\":[\"https:\/\/www.suno.com.br\/noticias\/rede-dor-sao-luiz-ampliar-leitos-cinco-anos\/\"]}]},{\"@type\":\"ImageObject\",\"inLanguage\":\"pt-BR\",\"@id\":\"https:\/\/www.suno.com.br\/noticias\/rede-dor-sao-luiz-ampliar-leitos-cinco-anos\/#primaryimage\",\"url\":\"https:\/\/files.sunoresearch.com.br\/n\/uploads\/2020\/10\/db6a5fa2-rede-dor-apresenta-pedido-de-registro-para-abertura-de-capital-jpg.webp\",\"contentUrl\":\"https:\/\/files.sunoresearch.com.br\/n\/uploads\/2020\/10\/db6a5fa2-rede-dor-apresenta-pedido-de-registro-para-abertura-de-capital-jpg.webp\",\"width\":1535,\"height\":1131,\"caption\":\"Rede D'or (RDOR3). Foto: divulga\u00e7\u00e3o\"},{\"@type\":\"BreadcrumbList\",\"@id\":\"https:\/\/www.suno.com.br\/noticias\/rede-dor-sao-luiz-ampliar-leitos-cinco-anos\/#breadcrumb\",\"itemListElement\":[{\"@type\":\"ListItem\",\"position\":1,\"name\":\"Not\u00edcias\",\"item\":\"https:\/\/www.suno.com.br\/noticias\/\"},{\"@type\":\"ListItem\",\"position\":2,\"name\":\"Neg\u00f3cios\",\"item\":\"https:\/\/www.suno.com.br\/noticias\/negocios\/\"},{\"@type\":\"ListItem\",\"position\":3,\"name\":\"Rede D\u2019Or S\u00e3o Luiz planeja ampliar oferta de leitos em 80% em 5 anos\"}]},{\"@type\":\"WebSite\",\"@id\":\"https:\/\/www.suno.com.br\/noticias\/#website\",\"url\":\"https:\/\/www.suno.com.br\/noticias\/\",\"name\":\"Suno Not\u00edcias\",\"description\":\"Seu portal de informa\u00e7\u00e3o sobre o mundo dos investimentos\",\"publisher\":{\"@id\":\"https:\/\/www.suno.com.br\/noticias\/#organization\"},\"potentialAction\":[{\"@type\":\"SearchAction\",\"target\":{\"@type\":\"EntryPoint\",\"urlTemplate\":\"https:\/\/www.suno.com.br\/noticias\/?s={search_term_string}\"},\"query-input\":{\"@type\":\"PropertyValueSpecification\",\"valueRequired\":true,\"valueName\":\"search_term_string\"}}],\"inLanguage\":\"pt-BR\"},{\"@type\":\"Organization\",\"@id\":\"https:\/\/www.suno.com.br\/noticias\/#organization\",\"name\":\"Suno Not\u00edcias\",\"url\":\"https:\/\/www.suno.com.br\/noticias\/\",\"logo\":{\"@type\":\"ImageObject\",\"inLanguage\":\"pt-BR\",\"@id\":\"https:\/\/www.suno.com.br\/noticias\/#\/schema\/logo\/image\/\",\"url\":\"https:\/\/files.sunoresearch.com.br\/n\/uploads\/2021\/09\/suno-logo.png\",\"contentUrl\":\"https:\/\/files.sunoresearch.com.br\/n\/uploads\/2021\/09\/suno-logo.png\",\"width\":180,\"height\":180,\"caption\":\"Suno Not\u00edcias\"},\"image\":{\"@id\":\"https:\/\/www.suno.com.br\/noticias\/#\/schema\/logo\/image\/\"},\"sameAs\":[\"https:\/\/facebook.com\/sunoresearch\",\"https:\/\/x.com\/sunoresearch\",\"https:\/\/www.instagram.com\/suno\",\"https:\/\/www.linkedin.com\/company\/suno-research\/\",\"https:\/\/www.youtube.com\/c\/sunoresearch\"]},{\"@type\":\"Person\",\"@id\":\"https:\/\/www.suno.com.br\/noticias\/#\/schema\/person\/053a750a709a263919a20f976caae91c\",\"name\":\"Arthur Guimar\u00e3es\",\"image\":{\"@type\":\"ImageObject\",\"inLanguage\":\"pt-BR\",\"@id\":\"https:\/\/www.suno.com.br\/noticias\/#\/schema\/person\/image\/\",\"url\":\"https:\/\/secure.gravatar.com\/avatar\/1affd86a11209ae09eb6dd3bcad3e96c?s=96&r=g\",\"contentUrl\":\"https:\/\/secure.gravatar.com\/avatar\/1affd86a11209ae09eb6dd3bcad3e96c?s=96&r=g\",\"caption\":\"Arthur Guimar\u00e3es\"},\"description\":\"Arthur Guimar\u00e3es escreve sobre pol\u00edtica, economia e neg\u00f3cios para o portal de not\u00edcias da Suno Research. Atualmente, \u00e9 estudante de jornalismo pela Faculdade C\u00e1sper L\u00edbero.\",\"url\":\"https:\/\/www.suno.com.br\/noticias\/author\/arthur-guimaraes\/\"}]}<\/script>\n<!-- \/ Yoast SEO plugin. -->","yoast_head_json":{"title":"Rede D\u2019Or S\u00e3o Luiz planeja ampliar oferta de leitos em 80% em 5 anos","description":"A Rede D\u2019Or S\u00e3o Luiz planeja ampliar a oferta de leitos em cerca de 80% nos pr\u00f3ximos cinco anos ap\u00f3s o IPO. Clique para saber mais","robots":{"index":"index","follow":"follow","max-snippet":"max-snippet:-1","max-image-preview":"max-image-preview:large","max-video-preview":"max-video-preview:-1"},"canonical":"https:\/\/www.suno.com.br\/noticias\/rede-dor-sao-luiz-ampliar-leitos-cinco-anos\/","og_locale":"pt_BR","og_type":"article","og_title":"Rede D\u2019Or S\u00e3o Luiz planeja ampliar oferta de leitos em 80% em 5 anos","og_description":"A Rede D\u2019Or S\u00e3o Luiz planeja ampliar a oferta de leitos em cerca de 80% nos pr\u00f3ximos cinco anos ap\u00f3s o IPO. Clique para saber mais","og_url":"https:\/\/www.suno.com.br\/noticias\/rede-dor-sao-luiz-ampliar-leitos-cinco-anos\/","og_site_name":"Suno Not\u00edcias","article_publisher":"https:\/\/facebook.com\/sunoresearch","og_image":[{"width":1535,"height":1131,"url":"https:\/\/files.sunoresearch.com.br\/n\/uploads\/2020\/10\/db6a5fa2-rede-dor-apresenta-pedido-de-registro-para-abertura-de-capital.jpg","type":"image\/jpeg"}],"author":"Arthur Guimar\u00e3es","twitter_card":"summary_large_image","twitter_creator":"@sunoresearch","twitter_site":"@sunoresearch","twitter_misc":{"Escrito por":"Arthur Guimar\u00e3es","Est. tempo de leitura":"2 minutos"},"schema":{"@context":"https:\/\/schema.org","@graph":[{"@type":"NewsArticle","@id":"https:\/\/www.suno.com.br\/noticias\/rede-dor-sao-luiz-ampliar-leitos-cinco-anos\/#article","isPartOf":{"@id":"https:\/\/www.suno.com.br\/noticias\/rede-dor-sao-luiz-ampliar-leitos-cinco-anos\/"},"author":{"name":"Arthur Guimar\u00e3es","@id":"https:\/\/www.suno.com.br\/noticias\/#\/schema\/person\/053a750a709a263919a20f976caae91c"},"headline":"Rede D\u2019Or S\u00e3o Luiz planeja ampliar oferta de leitos em 80% em 5 anos","datePublished":"2020-10-13T18:55:17+00:00","dateModified":"2020-10-14T22:47:07+00:00","mainEntityOfPage":{"@id":"https:\/\/www.suno.com.br\/noticias\/rede-dor-sao-luiz-ampliar-leitos-cinco-anos\/"},"wordCount":449,"publisher":{"@id":"https:\/\/www.suno.com.br\/noticias\/#organization"},"image":{"@id":"https:\/\/www.suno.com.br\/noticias\/rede-dor-sao-luiz-ampliar-leitos-cinco-anos\/#primaryimage"},"thumbnailUrl":"https:\/\/files.sunoresearch.com.br\/n\/uploads\/2020\/10\/db6a5fa2-rede-dor-apresenta-pedido-de-registro-para-abertura-de-capital-jpg.webp","keywords":["IPO (Oferta Inicial de A\u00e7\u00f5es)","Rede D'or (RDOR3)"],"articleSection":["Neg\u00f3cios"],"inLanguage":"pt-BR"},{"@type":"WebPage","@id":"https:\/\/www.suno.com.br\/noticias\/rede-dor-sao-luiz-ampliar-leitos-cinco-anos\/","url":"https:\/\/www.suno.com.br\/noticias\/rede-dor-sao-luiz-ampliar-leitos-cinco-anos\/","name":"Rede D\u2019Or S\u00e3o Luiz planeja ampliar oferta de leitos em 80% em 5 anos","isPartOf":{"@id":"https:\/\/www.suno.com.br\/noticias\/#website"},"primaryImageOfPage":{"@id":"https:\/\/www.suno.com.br\/noticias\/rede-dor-sao-luiz-ampliar-leitos-cinco-anos\/#primaryimage"},"image":{"@id":"https:\/\/www.suno.com.br\/noticias\/rede-dor-sao-luiz-ampliar-leitos-cinco-anos\/#primaryimage"},"thumbnailUrl":"https:\/\/files.sunoresearch.com.br\/n\/uploads\/2020\/10\/db6a5fa2-rede-dor-apresenta-pedido-de-registro-para-abertura-de-capital-jpg.webp","datePublished":"2020-10-13T18:55:17+00:00","dateModified":"2020-10-14T22:47:07+00:00","description":"A Rede D\u2019Or S\u00e3o Luiz planeja ampliar a oferta de leitos em cerca de 80% nos pr\u00f3ximos cinco anos ap\u00f3s o IPO. Clique para saber mais","breadcrumb":{"@id":"https:\/\/www.suno.com.br\/noticias\/rede-dor-sao-luiz-ampliar-leitos-cinco-anos\/#breadcrumb"},"inLanguage":"pt-BR","potentialAction":[{"@type":"ReadAction","target":["https:\/\/www.suno.com.br\/noticias\/rede-dor-sao-luiz-ampliar-leitos-cinco-anos\/"]}]},{"@type":"ImageObject","inLanguage":"pt-BR","@id":"https:\/\/www.suno.com.br\/noticias\/rede-dor-sao-luiz-ampliar-leitos-cinco-anos\/#primaryimage","url":"https:\/\/files.sunoresearch.com.br\/n\/uploads\/2020\/10\/db6a5fa2-rede-dor-apresenta-pedido-de-registro-para-abertura-de-capital-jpg.webp","contentUrl":"https:\/\/files.sunoresearch.com.br\/n\/uploads\/2020\/10\/db6a5fa2-rede-dor-apresenta-pedido-de-registro-para-abertura-de-capital-jpg.webp","width":1535,"height":1131,"caption":"Rede D'or (RDOR3). Foto: divulga\u00e7\u00e3o"},{"@type":"BreadcrumbList","@id":"https:\/\/www.suno.com.br\/noticias\/rede-dor-sao-luiz-ampliar-leitos-cinco-anos\/#breadcrumb","itemListElement":[{"@type":"ListItem","position":1,"name":"Not\u00edcias","item":"https:\/\/www.suno.com.br\/noticias\/"},{"@type":"ListItem","position":2,"name":"Neg\u00f3cios","item":"https:\/\/www.suno.com.br\/noticias\/negocios\/"},{"@type":"ListItem","position":3,"name":"Rede D\u2019Or S\u00e3o Luiz planeja ampliar oferta de leitos em 80% em 5 anos"}]},{"@type":"WebSite","@id":"https:\/\/www.suno.com.br\/noticias\/#website","url":"https:\/\/www.suno.com.br\/noticias\/","name":"Suno Not\u00edcias","description":"Seu portal de informa\u00e7\u00e3o sobre o mundo dos investimentos","publisher":{"@id":"https:\/\/www.suno.com.br\/noticias\/#organization"},"potentialAction":[{"@type":"SearchAction","target":{"@type":"EntryPoint","urlTemplate":"https:\/\/www.suno.com.br\/noticias\/?s={search_term_string}"},"query-input":{"@type":"PropertyValueSpecification","valueRequired":true,"valueName":"search_term_string"}}],"inLanguage":"pt-BR"},{"@type":"Organization","@id":"https:\/\/www.suno.com.br\/noticias\/#organization","name":"Suno Not\u00edcias","url":"https:\/\/www.suno.com.br\/noticias\/","logo":{"@type":"ImageObject","inLanguage":"pt-BR","@id":"https:\/\/www.suno.com.br\/noticias\/#\/schema\/logo\/image\/","url":"https:\/\/files.sunoresearch.com.br\/n\/uploads\/2021\/09\/suno-logo.png","contentUrl":"https:\/\/files.sunoresearch.com.br\/n\/uploads\/2021\/09\/suno-logo.png","width":180,"height":180,"caption":"Suno Not\u00edcias"},"image":{"@id":"https:\/\/www.suno.com.br\/noticias\/#\/schema\/logo\/image\/"},"sameAs":["https:\/\/facebook.com\/sunoresearch","https:\/\/x.com\/sunoresearch","https:\/\/www.instagram.com\/suno","https:\/\/www.linkedin.com\/company\/suno-research\/","https:\/\/www.youtube.com\/c\/sunoresearch"]},{"@type":"Person","@id":"https:\/\/www.suno.com.br\/noticias\/#\/schema\/person\/053a750a709a263919a20f976caae91c","name":"Arthur Guimar\u00e3es","image":{"@type":"ImageObject","inLanguage":"pt-BR","@id":"https:\/\/www.suno.com.br\/noticias\/#\/schema\/person\/image\/","url":"https:\/\/secure.gravatar.com\/avatar\/1affd86a11209ae09eb6dd3bcad3e96c?s=96&r=g","contentUrl":"https:\/\/secure.gravatar.com\/avatar\/1affd86a11209ae09eb6dd3bcad3e96c?s=96&r=g","caption":"Arthur Guimar\u00e3es"},"description":"Arthur Guimar\u00e3es escreve sobre pol\u00edtica, economia e neg\u00f3cios para o portal de not\u00edcias da Suno Research. Atualmente, \u00e9 estudante de jornalismo pela Faculdade C\u00e1sper L\u00edbero.","url":"https:\/\/www.suno.com.br\/noticias\/author\/arthur-guimaraes\/"}]}},"default_loop_html":"<div class=\"cardsPage__listCard__boxs\"><div class=\"cardsPage__listCard__boxs__img\"><a href=\"https:\/\/www.suno.com.br\/noticias\/rede-dor-sao-luiz-ampliar-leitos-cinco-anos\/\"><img class=\"mask\" src=\"https:\/\/www.suno.com.br\/noticias\/wp-content\/themes\/suno\/resources\/images\/spotlight\/spotlight1img\/bg-mask.png\" alt=\"Image Mask\"\/><img src=\"https:\/\/files.sunoresearch.com.br\/n\/uploads\/2020\/10\/db6a5fa2-rede-dor-apresenta-pedido-de-registro-para-abertura-de-capital-400x200.webp\" alt=\"Rede D\u2019Or S\u00e3o Luiz planeja ampliar oferta de leitos em 80% em 5 anos\"\/><\/a><span class=\"spotlightCategory\"><a href=\"https:\/\/www.suno.com.br\/noticias\/negocios\/\">Neg\u00f3cios<\/a><\/span><\/div><div class=\"cardsPage__listCard__boxs__content\"><a href=\"https:\/\/www.suno.com.br\/noticias\/rede-dor-sao-luiz-ampliar-leitos-cinco-anos\/\"><h2 class=\"content__title\">Rede D\u2019Or S\u00e3o Luiz planeja ampliar oferta de leitos em 80% em 5 anos<\/h2><\/a><div class=\"newsContent__article__meta\"><div class=\"newsContent__article__meta__authorBox\"><a href=\"https:\/\/www.suno.com.br\/noticias\/author\/arthur-guimaraes\/\" class=\"authorBox__avatar noMobi\"><img src=\"https:\/\/files.sunoresearch.com.br\/n\/uploads\/2020\/02\/dfb40897-eu-150x150.webp\" alt=\"Arthur Guimar\u00e3es\"><\/a><div class=\"authorBox__name\"><span>por\n\t\t\t<a href=\"https:\/\/www.suno.com.br\/noticias\/author\/arthur-guimaraes\/\"><span itemprop=\"author\">Arthur Guimar\u00e3es<\/span><\/a><\/span><time datetime=\"2020-10-13T15:55:17-03:00\" itemprop=\"datePublished\">13\/10\/2020 15:55<\/time><\/div><\/div><\/div><\/div><\/div>","single_layout":"posts","amp_enabled":true,"_links":{"self":[{"href":"https:\/\/www.suno.com.br\/noticias\/wp-json\/wp\/v2\/posts\/91133"}],"collection":[{"href":"https:\/\/www.suno.com.br\/noticias\/wp-json\/wp\/v2\/posts"}],"about":[{"href":"https:\/\/www.suno.com.br\/noticias\/wp-json\/wp\/v2\/types\/post"}],"author":[{"embeddable":true,"href":"https:\/\/www.suno.com.br\/noticias\/wp-json\/wp\/v2\/users\/35"}],"replies":[{"embeddable":true,"href":"https:\/\/www.suno.com.br\/noticias\/wp-json\/wp\/v2\/comments?post=91133"}],"version-history":[{"count":0,"href":"https:\/\/www.suno.com.br\/noticias\/wp-json\/wp\/v2\/posts\/91133\/revisions"}],"wp:featuredmedia":[{"embeddable":true,"href":"https:\/\/www.suno.com.br\/noticias\/wp-json\/wp\/v2\/media\/90874"}],"wp:attachment":[{"href":"https:\/\/www.suno.com.br\/noticias\/wp-json\/wp\/v2\/media?parent=91133"}],"wp:term":[{"taxonomy":"category","embeddable":true,"href":"https:\/\/www.suno.com.br\/noticias\/wp-json\/wp\/v2\/categories?post=91133"},{"taxonomy":"post_tag","embeddable":true,"href":"https:\/\/www.suno.com.br\/noticias\/wp-json\/wp\/v2\/tags?post=91133"},{"taxonomy":"suno_strategy","embeddable":true,"href":"https:\/\/www.suno.com.br\/noticias\/wp-json\/wp\/v2\/suno_strategy?post=91133"}],"curies":[{"name":"wp","href":"https:\/\/api.w.org\/{rel}","templated":true}]}}