{"id":9079,"date":"2018-12-16T15:47:59","date_gmt":"2018-12-16T17:47:59","guid":{"rendered":"https:\/\/www.suno.com.br\/noticias\/?p=9079"},"modified":"2018-12-16T15:57:07","modified_gmt":"2018-12-16T17:57:07","slug":"coreia-norte-desnuclearizacao","status":"publish","type":"post","link":"https:\/\/www.suno.com.br\/noticias\/coreia-norte-desnuclearizacao\/","title":{"rendered":"Coreia do Norte condena e responde \u00e0s san\u00e7\u00f5es dos EUA"},"content":{"rendered":"<p>A Coreia do Norte condenou neste domingo (16) os EUA por ampliarem as san\u00e7\u00f5es e a press\u00e3o sobre o pa\u00eds. Os norte-coreanos, que det\u00e9m armas nucleares, alertaram que com um retorno das &#8220;trocas de fogo&#8221;, o desarmamento de Pyongyang pode ser bloqueado para sempre, segundo a Reuters.<\/p>\t<div class=\"wrapper-featured-image\">\n\t\t<figure class=\"spotlightImg\">\n\n\t\t\t<picture>\n\t\t\t\t<source media=\"(max-width: 768px)\" srcset=\"https:\/\/files.sunoresearch.com.br\/n\/uploads\/2018\/12\/03b34797-coreia-do-norte-400x200.webp\">\n\t\t\t\t<img loading=\"lazy\" decoding=\"async\" class=\"newsContent__article__imgCapa lazyloadDisabled newsContent__article__imgCapa--noCaption\" src=\"https:\/\/files.sunoresearch.com.br\/n\/uploads\/2018\/12\/03b34797-coreia-do-norte-jpg.webp\" width=\"800\" height=\"450\" alt=\"Coreia do Norte condena e responde \u00e0s san\u00e7\u00f5es dos EUA\" fetchpriority=high \/>\n\t\t\t<\/picture>\n\n\t\t\t<figcaption class=\"wp-caption-text wp-caption-text--hide\">Trump se torna primeiro presidente dos EUA a pisar na Coreia do Norte. (divulga\u00e7\u00e3o)<\/figcaption>\n\t\t<\/figure>\n\t<\/div>\n\n\n<p>O alerta ocorreu em resposta aos EUA. Na \u00faltima segunda-feira (15) os estadunidenses introduziram san\u00e7\u00f5es contra tr\u00eas autoridades da<strong> Coreia do Norte<\/strong>.<\/p>\n<p>A motiva\u00e7\u00e3o seria a suposta viola\u00e7\u00e3o aos direitos humanos. Dentre as autoridades est\u00e1 um importante assessor do l\u00edder norte-coreano Kim Jong Un.<\/p>\n<p>O processo de <strong>desnucleariza\u00e7\u00e3o<\/strong> do pa\u00eds asi\u00e1tico n\u00e3o obteve grandes avan\u00e7os desde o encontro em Cingapura entre Kim Jong Un e Donald Trump, o presidente dos EUA.<\/p>\n<p>Em novembro, reuni\u00f5es entre o secret\u00e1rio de Estado norte-americano e o oficial norte-coreano Mike Pompeo foram canceladas. N\u00e3o h\u00e1 previs\u00e3o de novas datas para que os encontros ocorram.<\/p>\n<p><a href=\"https:\/\/www.suno.com.br\/noticias\/estados-unidos-reuniao-coreia-norte\/\">Saiba mais &#8211;\u00a0Estados Unidos cancelam reuni\u00e3o com Coreia do Norte\u00a0<\/a><\/p>\n<p>Apesar de Trump ser reconhecido pela abertura em melhorar as rela\u00e7\u00f5es com a Coreia do Norte, Pyongyang declarou que o Departamento de Estado dos EUA est\u00e1\u00a0\u201cpronto a levar a rela\u00e7\u00e3o entre Coreia do Norte e EUA de volta ao \u2018status do ano passado, quando era marcada por trocas de fogo.\u201d<\/p>\n<p><a href=\"https:\/\/www.suno.com.br\/noticias\/trump-coreia-eua-kim\/\">Saiba mais &#8211;\u00a0Trump diz que existem progressos nas rela\u00e7\u00f5es entre Estados Unidos e Coreia do Norte\u00a0<\/a><\/p>\n<p>Ainda conforme a declara\u00e7\u00e3o do minist\u00e9rio de Rela\u00e7\u00f5es Exteriores da Coreia do Norte, Washington tomou \u201cmedidas de san\u00e7\u00e3o at\u00e9 oito vezes contra as companhias, indiv\u00edduos e navios n\u00e3o apenas norte-coreanos, mas tamb\u00e9m da R\u00fassia, da China e de outros pa\u00edses\u201d.<\/p>\n<p>O comunicado do minist\u00e9rio da <strong>Coreia do Norte<\/strong> acrescentou que se os EUA pretendem aumentar o peso das san\u00e7\u00f5es a fim de pressionar Pyongyang a abandonar as armas nucleares, este\u00a0&#8220;ser\u00e1 seu maior erro de c\u00e1lculo, e isso ir\u00e1 travar o caminho para a <strong>desnucleariza\u00e7\u00e3o<\/strong> da pen\u00ednsula coreana para sempre- um resultado n\u00e3o desejado por ningu\u00e9m\u201d.<\/p>\n","protected":false},"excerpt":{"rendered":"<p>A Coreia do Norte condenou neste domingo (16) os EUA por ampliarem as san\u00e7\u00f5es e a press\u00e3o sobre o pa\u00eds. Os norte-coreanos, que det\u00e9m armas nucleares, alertaram que com um retorno das &#8220;trocas de fogo&#8221;, o desarmamento de Pyongyang pode ser bloqueado para sempre, segundo a Reuters. Trump se torna primeiro presidente dos EUA a [&hellip;]<\/p>\n","protected":false},"author":12,"featured_media":9080,"comment_status":"closed","ping_status":"closed","sticky":false,"template":"","format":"standard","meta":[],"categories":[63],"tags":[874,724,793],"suno_strategy":[],"class_list":["post-9079","post","type-post","status-publish","format-standard","has-post-thumbnail","hentry","category-internacional","tag-coreia-do-norte","tag-donald-trump","tag-estados-unidos-eua"],"yoast_head":"<!-- This site is optimized with the Yoast SEO plugin v24.4 - https:\/\/yoast.com\/wordpress\/plugins\/seo\/ -->\n<title>Coreia do Norte condena e responde \u00e0s san\u00e7\u00f5es dos EUA<\/title>\n<meta name=\"description\" content=\"A Coreia do Norte respondeu no domingo (16) \u00e0s san\u00e7\u00f5es impostas pelos EUA contra tr\u00eas autoridades do pa\u00eds asi\u00e1tico. Clique para saber mais.\" \/>\n<meta name=\"robots\" content=\"index, follow, max-snippet:-1, max-image-preview:large, max-video-preview:-1\" \/>\n<link rel=\"canonical\" href=\"https:\/\/www.suno.com.br\/noticias\/coreia-norte-desnuclearizacao\/\" \/>\n<meta property=\"og:locale\" content=\"pt_BR\" \/>\n<meta property=\"og:type\" content=\"article\" \/>\n<meta property=\"og:title\" content=\"Coreia do Norte condena e responde \u00e0s san\u00e7\u00f5es dos EUA\" \/>\n<meta property=\"og:description\" content=\"A Coreia do Norte respondeu no domingo (16) \u00e0s san\u00e7\u00f5es impostas pelos EUA contra tr\u00eas autoridades do pa\u00eds asi\u00e1tico. Clique para saber mais.\" \/>\n<meta property=\"og:url\" content=\"https:\/\/www.suno.com.br\/noticias\/coreia-norte-desnuclearizacao\/\" \/>\n<meta property=\"og:site_name\" content=\"Suno Not\u00edcias\" \/>\n<meta property=\"article:publisher\" content=\"https:\/\/facebook.com\/sunoresearch\" \/>\n<meta property=\"og:image\" content=\"https:\/\/files.sunoresearch.com.br\/n\/uploads\/2018\/12\/03b34797-coreia-do-norte.jpg\" \/>\n\t<meta property=\"og:image:width\" content=\"663\" \/>\n\t<meta property=\"og:image:height\" content=\"499\" \/>\n\t<meta property=\"og:image:type\" content=\"image\/jpeg\" \/>\n<meta name=\"author\" content=\"Amanda Gushiken\" \/>\n<meta name=\"twitter:card\" content=\"summary_large_image\" \/>\n<meta name=\"twitter:creator\" content=\"@sunoresearch\" \/>\n<meta name=\"twitter:site\" content=\"@sunoresearch\" \/>\n<meta name=\"twitter:label1\" content=\"Escrito por\" \/>\n\t<meta name=\"twitter:data1\" content=\"Amanda Gushiken\" \/>\n\t<meta name=\"twitter:label2\" content=\"Est. tempo de leitura\" \/>\n\t<meta name=\"twitter:data2\" content=\"2 minutos\" \/>\n<script type=\"application\/ld+json\" class=\"yoast-schema-graph\">{\"@context\":\"https:\/\/schema.org\",\"@graph\":[{\"@type\":\"NewsArticle\",\"@id\":\"https:\/\/www.suno.com.br\/noticias\/coreia-norte-desnuclearizacao\/#article\",\"isPartOf\":{\"@id\":\"https:\/\/www.suno.com.br\/noticias\/coreia-norte-desnuclearizacao\/\"},\"author\":{\"name\":\"Amanda Gushiken\",\"@id\":\"https:\/\/www.suno.com.br\/noticias\/#\/schema\/person\/a5b06fa4e879d8e8e119c6ed3cd630d1\"},\"headline\":\"Coreia do Norte condena e responde \u00e0s san\u00e7\u00f5es dos EUA\",\"datePublished\":\"2018-12-16T17:47:59+00:00\",\"dateModified\":\"2018-12-16T17:57:07+00:00\",\"mainEntityOfPage\":{\"@id\":\"https:\/\/www.suno.com.br\/noticias\/coreia-norte-desnuclearizacao\/\"},\"wordCount\":368,\"publisher\":{\"@id\":\"https:\/\/www.suno.com.br\/noticias\/#organization\"},\"image\":{\"@id\":\"https:\/\/www.suno.com.br\/noticias\/coreia-norte-desnuclearizacao\/#primaryimage\"},\"thumbnailUrl\":\"https:\/\/files.sunoresearch.com.br\/n\/uploads\/2018\/12\/03b34797-coreia-do-norte-jpg.webp\",\"keywords\":[\"Coreia do Norte\",\"Donald Trump\",\"Estados Unidos (EUA)\"],\"articleSection\":[\"Internacional\"],\"inLanguage\":\"pt-BR\"},{\"@type\":\"WebPage\",\"@id\":\"https:\/\/www.suno.com.br\/noticias\/coreia-norte-desnuclearizacao\/\",\"url\":\"https:\/\/www.suno.com.br\/noticias\/coreia-norte-desnuclearizacao\/\",\"name\":\"Coreia do Norte condena e responde \u00e0s san\u00e7\u00f5es dos EUA\",\"isPartOf\":{\"@id\":\"https:\/\/www.suno.com.br\/noticias\/#website\"},\"primaryImageOfPage\":{\"@id\":\"https:\/\/www.suno.com.br\/noticias\/coreia-norte-desnuclearizacao\/#primaryimage\"},\"image\":{\"@id\":\"https:\/\/www.suno.com.br\/noticias\/coreia-norte-desnuclearizacao\/#primaryimage\"},\"thumbnailUrl\":\"https:\/\/files.sunoresearch.com.br\/n\/uploads\/2018\/12\/03b34797-coreia-do-norte-jpg.webp\",\"datePublished\":\"2018-12-16T17:47:59+00:00\",\"dateModified\":\"2018-12-16T17:57:07+00:00\",\"description\":\"A Coreia do Norte respondeu no domingo (16) \u00e0s san\u00e7\u00f5es impostas pelos EUA contra tr\u00eas autoridades do pa\u00eds asi\u00e1tico. Clique para saber mais.\",\"breadcrumb\":{\"@id\":\"https:\/\/www.suno.com.br\/noticias\/coreia-norte-desnuclearizacao\/#breadcrumb\"},\"inLanguage\":\"pt-BR\",\"potentialAction\":[{\"@type\":\"ReadAction\",\"target\":[\"https:\/\/www.suno.com.br\/noticias\/coreia-norte-desnuclearizacao\/\"]}]},{\"@type\":\"ImageObject\",\"inLanguage\":\"pt-BR\",\"@id\":\"https:\/\/www.suno.com.br\/noticias\/coreia-norte-desnuclearizacao\/#primaryimage\",\"url\":\"https:\/\/files.sunoresearch.com.br\/n\/uploads\/2018\/12\/03b34797-coreia-do-norte-jpg.webp\",\"contentUrl\":\"https:\/\/files.sunoresearch.com.br\/n\/uploads\/2018\/12\/03b34797-coreia-do-norte-jpg.webp\",\"width\":663,\"height\":499,\"caption\":\"Trump se torna primeiro presidente dos EUA a pisar na Coreia do Norte. (divulga\u00e7\u00e3o)\"},{\"@type\":\"BreadcrumbList\",\"@id\":\"https:\/\/www.suno.com.br\/noticias\/coreia-norte-desnuclearizacao\/#breadcrumb\",\"itemListElement\":[{\"@type\":\"ListItem\",\"position\":1,\"name\":\"Not\u00edcias\",\"item\":\"https:\/\/www.suno.com.br\/noticias\/\"},{\"@type\":\"ListItem\",\"position\":2,\"name\":\"Internacional\",\"item\":\"https:\/\/www.suno.com.br\/noticias\/internacional\/\"},{\"@type\":\"ListItem\",\"position\":3,\"name\":\"Coreia do Norte condena e responde \u00e0s san\u00e7\u00f5es dos EUA\"}]},{\"@type\":\"WebSite\",\"@id\":\"https:\/\/www.suno.com.br\/noticias\/#website\",\"url\":\"https:\/\/www.suno.com.br\/noticias\/\",\"name\":\"Suno Not\u00edcias\",\"description\":\"Seu portal de informa\u00e7\u00e3o sobre o mundo dos investimentos\",\"publisher\":{\"@id\":\"https:\/\/www.suno.com.br\/noticias\/#organization\"},\"potentialAction\":[{\"@type\":\"SearchAction\",\"target\":{\"@type\":\"EntryPoint\",\"urlTemplate\":\"https:\/\/www.suno.com.br\/noticias\/?s={search_term_string}\"},\"query-input\":{\"@type\":\"PropertyValueSpecification\",\"valueRequired\":true,\"valueName\":\"search_term_string\"}}],\"inLanguage\":\"pt-BR\"},{\"@type\":\"Organization\",\"@id\":\"https:\/\/www.suno.com.br\/noticias\/#organization\",\"name\":\"Suno Not\u00edcias\",\"url\":\"https:\/\/www.suno.com.br\/noticias\/\",\"logo\":{\"@type\":\"ImageObject\",\"inLanguage\":\"pt-BR\",\"@id\":\"https:\/\/www.suno.com.br\/noticias\/#\/schema\/logo\/image\/\",\"url\":\"https:\/\/files.sunoresearch.com.br\/n\/uploads\/2021\/09\/suno-logo.png\",\"contentUrl\":\"https:\/\/files.sunoresearch.com.br\/n\/uploads\/2021\/09\/suno-logo.png\",\"width\":180,\"height\":180,\"caption\":\"Suno Not\u00edcias\"},\"image\":{\"@id\":\"https:\/\/www.suno.com.br\/noticias\/#\/schema\/logo\/image\/\"},\"sameAs\":[\"https:\/\/facebook.com\/sunoresearch\",\"https:\/\/x.com\/sunoresearch\",\"https:\/\/www.instagram.com\/suno\",\"https:\/\/www.linkedin.com\/company\/suno-research\/\",\"https:\/\/www.youtube.com\/c\/sunoresearch\"]},{\"@type\":\"Person\",\"@id\":\"https:\/\/www.suno.com.br\/noticias\/#\/schema\/person\/a5b06fa4e879d8e8e119c6ed3cd630d1\",\"name\":\"Amanda Gushiken\",\"image\":{\"@type\":\"ImageObject\",\"inLanguage\":\"pt-BR\",\"@id\":\"https:\/\/www.suno.com.br\/noticias\/#\/schema\/person\/image\/\",\"url\":\"https:\/\/secure.gravatar.com\/avatar\/ecd84705e6b65e3685ae80d725501fbe?s=96&r=g\",\"contentUrl\":\"https:\/\/secure.gravatar.com\/avatar\/ecd84705e6b65e3685ae80d725501fbe?s=96&r=g\",\"caption\":\"Amanda Gushiken\"},\"description\":\"Amanda Sayuri Gushiken escreve sobre finan\u00e7as e neg\u00f3cios para o portal Suno Not\u00edcias. Antes, trabalhou selecionando not\u00edcias da imprensa para clientes do mercado financeiro. Tamb\u00e9m desenvolveu pesquisa acad\u00eamica pela Universidade Anhembi Morumbi na \u00e1rea de Teorias da Comunica\u00e7\u00e3o e \u00e9 fot\u00f3grafa nas horas vagas.\",\"url\":\"https:\/\/www.suno.com.br\/noticias\/author\/amanda\/\"}]}<\/script>\n<!-- \/ Yoast SEO plugin. -->","yoast_head_json":{"title":"Coreia do Norte condena e responde \u00e0s san\u00e7\u00f5es dos EUA","description":"A Coreia do Norte respondeu no domingo (16) \u00e0s san\u00e7\u00f5es impostas pelos EUA contra tr\u00eas autoridades do pa\u00eds asi\u00e1tico. Clique para saber mais.","robots":{"index":"index","follow":"follow","max-snippet":"max-snippet:-1","max-image-preview":"max-image-preview:large","max-video-preview":"max-video-preview:-1"},"canonical":"https:\/\/www.suno.com.br\/noticias\/coreia-norte-desnuclearizacao\/","og_locale":"pt_BR","og_type":"article","og_title":"Coreia do Norte condena e responde \u00e0s san\u00e7\u00f5es dos EUA","og_description":"A Coreia do Norte respondeu no domingo (16) \u00e0s san\u00e7\u00f5es impostas pelos EUA contra tr\u00eas autoridades do pa\u00eds asi\u00e1tico. Clique para saber mais.","og_url":"https:\/\/www.suno.com.br\/noticias\/coreia-norte-desnuclearizacao\/","og_site_name":"Suno Not\u00edcias","article_publisher":"https:\/\/facebook.com\/sunoresearch","og_image":[{"width":663,"height":499,"url":"https:\/\/files.sunoresearch.com.br\/n\/uploads\/2018\/12\/03b34797-coreia-do-norte.jpg","type":"image\/jpeg"}],"author":"Amanda Gushiken","twitter_card":"summary_large_image","twitter_creator":"@sunoresearch","twitter_site":"@sunoresearch","twitter_misc":{"Escrito por":"Amanda Gushiken","Est. tempo de leitura":"2 minutos"},"schema":{"@context":"https:\/\/schema.org","@graph":[{"@type":"NewsArticle","@id":"https:\/\/www.suno.com.br\/noticias\/coreia-norte-desnuclearizacao\/#article","isPartOf":{"@id":"https:\/\/www.suno.com.br\/noticias\/coreia-norte-desnuclearizacao\/"},"author":{"name":"Amanda Gushiken","@id":"https:\/\/www.suno.com.br\/noticias\/#\/schema\/person\/a5b06fa4e879d8e8e119c6ed3cd630d1"},"headline":"Coreia do Norte condena e responde \u00e0s san\u00e7\u00f5es dos EUA","datePublished":"2018-12-16T17:47:59+00:00","dateModified":"2018-12-16T17:57:07+00:00","mainEntityOfPage":{"@id":"https:\/\/www.suno.com.br\/noticias\/coreia-norte-desnuclearizacao\/"},"wordCount":368,"publisher":{"@id":"https:\/\/www.suno.com.br\/noticias\/#organization"},"image":{"@id":"https:\/\/www.suno.com.br\/noticias\/coreia-norte-desnuclearizacao\/#primaryimage"},"thumbnailUrl":"https:\/\/files.sunoresearch.com.br\/n\/uploads\/2018\/12\/03b34797-coreia-do-norte-jpg.webp","keywords":["Coreia do Norte","Donald Trump","Estados Unidos (EUA)"],"articleSection":["Internacional"],"inLanguage":"pt-BR"},{"@type":"WebPage","@id":"https:\/\/www.suno.com.br\/noticias\/coreia-norte-desnuclearizacao\/","url":"https:\/\/www.suno.com.br\/noticias\/coreia-norte-desnuclearizacao\/","name":"Coreia do Norte condena e responde \u00e0s san\u00e7\u00f5es dos EUA","isPartOf":{"@id":"https:\/\/www.suno.com.br\/noticias\/#website"},"primaryImageOfPage":{"@id":"https:\/\/www.suno.com.br\/noticias\/coreia-norte-desnuclearizacao\/#primaryimage"},"image":{"@id":"https:\/\/www.suno.com.br\/noticias\/coreia-norte-desnuclearizacao\/#primaryimage"},"thumbnailUrl":"https:\/\/files.sunoresearch.com.br\/n\/uploads\/2018\/12\/03b34797-coreia-do-norte-jpg.webp","datePublished":"2018-12-16T17:47:59+00:00","dateModified":"2018-12-16T17:57:07+00:00","description":"A Coreia do Norte respondeu no domingo (16) \u00e0s san\u00e7\u00f5es impostas pelos EUA contra tr\u00eas autoridades do pa\u00eds asi\u00e1tico. Clique para saber mais.","breadcrumb":{"@id":"https:\/\/www.suno.com.br\/noticias\/coreia-norte-desnuclearizacao\/#breadcrumb"},"inLanguage":"pt-BR","potentialAction":[{"@type":"ReadAction","target":["https:\/\/www.suno.com.br\/noticias\/coreia-norte-desnuclearizacao\/"]}]},{"@type":"ImageObject","inLanguage":"pt-BR","@id":"https:\/\/www.suno.com.br\/noticias\/coreia-norte-desnuclearizacao\/#primaryimage","url":"https:\/\/files.sunoresearch.com.br\/n\/uploads\/2018\/12\/03b34797-coreia-do-norte-jpg.webp","contentUrl":"https:\/\/files.sunoresearch.com.br\/n\/uploads\/2018\/12\/03b34797-coreia-do-norte-jpg.webp","width":663,"height":499,"caption":"Trump se torna primeiro presidente dos EUA a pisar na Coreia do Norte. (divulga\u00e7\u00e3o)"},{"@type":"BreadcrumbList","@id":"https:\/\/www.suno.com.br\/noticias\/coreia-norte-desnuclearizacao\/#breadcrumb","itemListElement":[{"@type":"ListItem","position":1,"name":"Not\u00edcias","item":"https:\/\/www.suno.com.br\/noticias\/"},{"@type":"ListItem","position":2,"name":"Internacional","item":"https:\/\/www.suno.com.br\/noticias\/internacional\/"},{"@type":"ListItem","position":3,"name":"Coreia do Norte condena e responde \u00e0s san\u00e7\u00f5es dos EUA"}]},{"@type":"WebSite","@id":"https:\/\/www.suno.com.br\/noticias\/#website","url":"https:\/\/www.suno.com.br\/noticias\/","name":"Suno Not\u00edcias","description":"Seu portal de informa\u00e7\u00e3o sobre o mundo dos investimentos","publisher":{"@id":"https:\/\/www.suno.com.br\/noticias\/#organization"},"potentialAction":[{"@type":"SearchAction","target":{"@type":"EntryPoint","urlTemplate":"https:\/\/www.suno.com.br\/noticias\/?s={search_term_string}"},"query-input":{"@type":"PropertyValueSpecification","valueRequired":true,"valueName":"search_term_string"}}],"inLanguage":"pt-BR"},{"@type":"Organization","@id":"https:\/\/www.suno.com.br\/noticias\/#organization","name":"Suno Not\u00edcias","url":"https:\/\/www.suno.com.br\/noticias\/","logo":{"@type":"ImageObject","inLanguage":"pt-BR","@id":"https:\/\/www.suno.com.br\/noticias\/#\/schema\/logo\/image\/","url":"https:\/\/files.sunoresearch.com.br\/n\/uploads\/2021\/09\/suno-logo.png","contentUrl":"https:\/\/files.sunoresearch.com.br\/n\/uploads\/2021\/09\/suno-logo.png","width":180,"height":180,"caption":"Suno Not\u00edcias"},"image":{"@id":"https:\/\/www.suno.com.br\/noticias\/#\/schema\/logo\/image\/"},"sameAs":["https:\/\/facebook.com\/sunoresearch","https:\/\/x.com\/sunoresearch","https:\/\/www.instagram.com\/suno","https:\/\/www.linkedin.com\/company\/suno-research\/","https:\/\/www.youtube.com\/c\/sunoresearch"]},{"@type":"Person","@id":"https:\/\/www.suno.com.br\/noticias\/#\/schema\/person\/a5b06fa4e879d8e8e119c6ed3cd630d1","name":"Amanda Gushiken","image":{"@type":"ImageObject","inLanguage":"pt-BR","@id":"https:\/\/www.suno.com.br\/noticias\/#\/schema\/person\/image\/","url":"https:\/\/secure.gravatar.com\/avatar\/ecd84705e6b65e3685ae80d725501fbe?s=96&r=g","contentUrl":"https:\/\/secure.gravatar.com\/avatar\/ecd84705e6b65e3685ae80d725501fbe?s=96&r=g","caption":"Amanda Gushiken"},"description":"Amanda Sayuri Gushiken escreve sobre finan\u00e7as e neg\u00f3cios para o portal Suno Not\u00edcias. Antes, trabalhou selecionando not\u00edcias da imprensa para clientes do mercado financeiro. Tamb\u00e9m desenvolveu pesquisa acad\u00eamica pela Universidade Anhembi Morumbi na \u00e1rea de Teorias da Comunica\u00e7\u00e3o e \u00e9 fot\u00f3grafa nas horas vagas.","url":"https:\/\/www.suno.com.br\/noticias\/author\/amanda\/"}]}},"default_loop_html":"<div class=\"cardsPage__listCard__boxs\"><div class=\"cardsPage__listCard__boxs__img\"><a href=\"https:\/\/www.suno.com.br\/noticias\/coreia-norte-desnuclearizacao\/\"><img class=\"mask\" src=\"https:\/\/www.suno.com.br\/noticias\/wp-content\/themes\/suno\/resources\/images\/spotlight\/spotlight1img\/bg-mask.png\" alt=\"Image Mask\"\/><img src=\"https:\/\/files.sunoresearch.com.br\/n\/uploads\/2018\/12\/03b34797-coreia-do-norte-400x200.webp\" alt=\"Coreia do Norte condena e responde \u00e0s san\u00e7\u00f5es dos EUA\"\/><\/a><span class=\"spotlightCategory\"><a href=\"https:\/\/www.suno.com.br\/noticias\/internacional\/\">Internacional<\/a><\/span><\/div><div class=\"cardsPage__listCard__boxs__content\"><a href=\"https:\/\/www.suno.com.br\/noticias\/coreia-norte-desnuclearizacao\/\"><h2 class=\"content__title\">Coreia do Norte condena e responde \u00e0s san\u00e7\u00f5es dos EUA<\/h2><\/a><div class=\"newsContent__article__meta\"><div class=\"newsContent__article__meta__authorBox\"><a href=\"https:\/\/www.suno.com.br\/noticias\/author\/amanda\/\" class=\"authorBox__avatar noMobi\"><img src=\"https:\/\/files.sunoresearch.com.br\/n\/uploads\/2018\/11\/c6ad30be-amanda-150x150.webp\" alt=\"Amanda Gushiken\"><\/a><div class=\"authorBox__name\"><span>por\n\t\t\t<a href=\"https:\/\/www.suno.com.br\/noticias\/author\/amanda\/\"><span itemprop=\"author\">Amanda Gushiken<\/span><\/a><\/span><time datetime=\"2018-12-16T15:47:59-02:00\" itemprop=\"datePublished\">16\/12\/2018 15:47<\/time><\/div><\/div><\/div><\/div><\/div>","single_layout":"posts","amp_enabled":true,"_links":{"self":[{"href":"https:\/\/www.suno.com.br\/noticias\/wp-json\/wp\/v2\/posts\/9079"}],"collection":[{"href":"https:\/\/www.suno.com.br\/noticias\/wp-json\/wp\/v2\/posts"}],"about":[{"href":"https:\/\/www.suno.com.br\/noticias\/wp-json\/wp\/v2\/types\/post"}],"author":[{"embeddable":true,"href":"https:\/\/www.suno.com.br\/noticias\/wp-json\/wp\/v2\/users\/12"}],"replies":[{"embeddable":true,"href":"https:\/\/www.suno.com.br\/noticias\/wp-json\/wp\/v2\/comments?post=9079"}],"version-history":[{"count":0,"href":"https:\/\/www.suno.com.br\/noticias\/wp-json\/wp\/v2\/posts\/9079\/revisions"}],"wp:featuredmedia":[{"embeddable":true,"href":"https:\/\/www.suno.com.br\/noticias\/wp-json\/wp\/v2\/media\/9080"}],"wp:attachment":[{"href":"https:\/\/www.suno.com.br\/noticias\/wp-json\/wp\/v2\/media?parent=9079"}],"wp:term":[{"taxonomy":"category","embeddable":true,"href":"https:\/\/www.suno.com.br\/noticias\/wp-json\/wp\/v2\/categories?post=9079"},{"taxonomy":"post_tag","embeddable":true,"href":"https:\/\/www.suno.com.br\/noticias\/wp-json\/wp\/v2\/tags?post=9079"},{"taxonomy":"suno_strategy","embeddable":true,"href":"https:\/\/www.suno.com.br\/noticias\/wp-json\/wp\/v2\/suno_strategy?post=9079"}],"curies":[{"name":"wp","href":"https:\/\/api.w.org\/{rel}","templated":true}]}}