{"id":9057,"date":"2018-12-16T11:54:16","date_gmt":"2018-12-16T13:54:16","guid":{"rendered":"https:\/\/www.suno.com.br\/noticias\/?p=9057"},"modified":"2018-12-16T12:55:18","modified_gmt":"2018-12-16T14:55:18","slug":"huawei-5g-europa","status":"publish","type":"post","link":"https:\/\/www.suno.com.br\/noticias\/huawei-5g-europa\/","title":{"rendered":"Huawei encara seis pa\u00edses que n\u00e3o contratar\u00e3o servi\u00e7os de 5g"},"content":{"rendered":"<p>A <strong>Orange<\/strong> S.A., principal empresa de telecomunica\u00e7\u00f5es da Fran\u00e7a, anunciou na \u00faltima quinta-feira (13) que recorrer\u00e1 aos rivais da Huawei Technologies para compra de equipamentos de implanta\u00e7\u00e3o do 5g. O pa\u00eds torna-se o sexto que n\u00e3o contratar\u00e1 os servi\u00e7os da gigante chinesa.<\/p>\t<div class=\"wrapper-featured-image\">\n\t\t<figure class=\"spotlightImg\">\n\n\t\t\t<picture>\n\t\t\t\t<source media=\"(max-width: 768px)\" srcset=\"https:\/\/files.sunoresearch.com.br\/n\/uploads\/2018\/12\/881c5a6f-huawei-400x200.webp\">\n\t\t\t\t<img loading=\"lazy\" decoding=\"async\" class=\"newsContent__article__imgCapa lazyloadDisabled newsContent__article__imgCapa--noCaption\" src=\"https:\/\/files.sunoresearch.com.br\/n\/uploads\/2018\/12\/881c5a6f-huawei-800x450.webp\" width=\"800\" height=\"450\" alt=\"Huawei encara seis pa\u00edses que n\u00e3o contratar\u00e3o servi\u00e7os de 5g\" fetchpriority=high \/>\n\t\t\t<\/picture>\n\n\t\t\t<figcaption class=\"wp-caption-text wp-caption-text--hide\">Pol\u00f4nia estuda proibir o uso de produtos da Huawei por \u00f3rg\u00e3os p\u00fablicos<\/figcaption>\n\t\t<\/figure>\n\t<\/div>\n\n\n<p>Os demais pa\u00edses que n\u00e3o negociar\u00e3o com a <strong>Huawei<\/strong> s\u00e3o:<\/p>\n<ul>\n<li>EUA<\/li>\n<li>Austr\u00e1lia<\/li>\n<li>Nova Zel\u00e2ndia<\/li>\n<li>Reino Unido<\/li>\n<li>Jap\u00e3o<\/li>\n<\/ul>\n<p>Conforme a apura\u00e7\u00e3o da Reuters, o presidente-executivo da <strong>Orange<\/strong>,\u00a0St\u00e9phane Richard, afirmou que a companhia trabalhar\u00e1 com os parceiros tradicionais: Ericsson e Nokia.<\/p>\n<p>O an\u00fancio ocorreu um dia ap\u00f3s a libera\u00e7\u00e3o sob fian\u00e7a da CFO da Huawei. Meng Wanzhou foi <a href=\"https:\/\/www.suno.com.br\/noticias\/diretora-da-huawei-e-presa-no-canada-e-gera-protestos-da-china\/\">presa no Canad\u00e1 \u00e0 pedido dos EUA<\/a> em 1\u00ba de dezembro.<\/p>\n<p><a href=\"https:\/\/www.suno.com.br\/noticias\/china-eua-cfo-huawei\/\">Saiba mais &#8211;\u00a0China exige que EUA desista do pedido de pris\u00e3o da CFO da Huawei<\/a><\/p>\n<p>Tamb\u00e9m em 1\u00ba de dezembro, o acordo da <a href=\"https:\/\/www.suno.com.br\/artigos\/guerra-comercial\/\">guerra comercial<\/a> foi firmado na c\u00fapula do G20. Os presidentes Donald Trump e Xi Jinping, dos EUA e da China respectivamente, concordaram em uma tr\u00e9gua de 90 dias nos conflitos tarif\u00e1rios que vinham afetando negativamente a economia global.<\/p>\n<p>Apesar do respiro que o acordo significou para o mercado financeiro, a empresa chinesa continua a lidar com as investidas norte-americanas.<\/p>\n<p>Os estadunidenses levantaram d\u00favidas referentes \u00e0 seguran\u00e7a dos aparelhos da empresa chinesa, visto que os la\u00e7os da empresa com o governo chin\u00eas poderiam ser utilizados para a espionagem cibern\u00e9tica.<\/p>\n<p>Al\u00e9m disso, permanecem as acusa\u00e7\u00f5es de que a <strong>Huawei<\/strong> desrespeitou o embargo imposto ao Ir\u00e3. Este foi o motivo alegado no pedido de pris\u00e3o da CFO.<\/p>\n<p>A Huawei passou a Apple em 2018, e conquistou o segundo lugar no ramo dos smartphones. Em primeiro lugar est\u00e1 a Samsung.<\/p>\n<h2>Deutsche Telekom<\/h2>\n<p>A alem\u00e3 <strong>Deutsche Telekom<\/strong>, maior empresa de telecomunica\u00e7\u00f5es da Europa, tamb\u00e9m informou que est\u00e1 reconsiderando a negocia\u00e7\u00e3o com a <strong>Huawei<\/strong>. O motivo alegado \u00e9 a suspeita acerca da seguran\u00e7a dos equipamentos fornecidos pela companhia chinesa.<\/p>\n<p>A Deutsche Telekom possui 12 subsidi\u00e1rias, dentre as quais est\u00e1 a T-Mobile que atua nos EUA. Cerca de 50% da receita da companhia alem\u00e3 tem origem de sua unidade norte-americana.<\/p>\n<p>De acordo com fonte entrevistada pela Reuters, &#8220;o\u00a0movimento parece uma estrat\u00e9gia de apaziguamento em rela\u00e7\u00e3o ao governo dos EUA sobre o neg\u00f3cio da Sprint&#8221;. A fala refere-se \u00e0 reavalia\u00e7\u00e3o da negocia\u00e7\u00e3o com a Huawei.<\/p>\n<p>A Sprint Nextel, empresa de telecomunica\u00e7\u00f5es estadunidense, recebeu oferta de compra de US$ 26 bilh\u00f5es da <strong>Deutsche Telekom<\/strong>.<\/p>\n<p>Contudo, a estrat\u00e9gia de n\u00e3o contratar a <strong>Huawei<\/strong> a fim de facilitar negocia\u00e7\u00e3o com os EUA pode n\u00e3o ser totalmente ben\u00e9fica para a empresa alem\u00e3, ao passo que em muito ainda dependem da chinesa, segundo analistas.<\/p>\n","protected":false},"excerpt":{"rendered":"<p>A Orange S.A., principal empresa de telecomunica\u00e7\u00f5es da Fran\u00e7a, anunciou na \u00faltima quinta-feira (13) que recorrer\u00e1 aos rivais da Huawei Technologies para compra de equipamentos de implanta\u00e7\u00e3o do 5g. O pa\u00eds torna-se o sexto que n\u00e3o contratar\u00e1 os servi\u00e7os da gigante chinesa. Pol\u00f4nia estuda proibir o uso de produtos da Huawei por \u00f3rg\u00e3os p\u00fablicos Os [&hellip;]<\/p>\n","protected":false},"author":12,"featured_media":9058,"comment_status":"closed","ping_status":"closed","sticky":false,"template":"","format":"standard","meta":[],"categories":[63,64],"tags":[856,711,793,710,773,826],"suno_strategy":[],"class_list":["post-9057","post","type-post","status-publish","format-standard","has-post-thumbnail","hentry","category-internacional","category-negocios","tag-alemanha","tag-china","tag-estados-unidos-eua","tag-europa","tag-franca","tag-huawei"],"yoast_head":"<!-- This site is optimized with the Yoast SEO plugin v24.4 - https:\/\/yoast.com\/wordpress\/plugins\/seo\/ -->\n<title>Huawei encara seis pa\u00edses que n\u00e3o contratar\u00e3o servi\u00e7os de 5g<\/title>\n<meta name=\"description\" content=\"A Huawei Technologies encara seis pa\u00edses que n\u00e3o contratar\u00e3o implanta\u00e7\u00e3o de 5g sob influ\u00eancia norte-americana. Clique para saber mais.\" \/>\n<meta name=\"robots\" content=\"index, follow, max-snippet:-1, max-image-preview:large, max-video-preview:-1\" \/>\n<link rel=\"canonical\" href=\"https:\/\/www.suno.com.br\/noticias\/huawei-5g-europa\/\" \/>\n<meta property=\"og:locale\" content=\"pt_BR\" \/>\n<meta property=\"og:type\" content=\"article\" \/>\n<meta property=\"og:title\" content=\"Huawei encara seis pa\u00edses que n\u00e3o contratar\u00e3o servi\u00e7os de 5g\" \/>\n<meta property=\"og:description\" content=\"A Huawei Technologies encara seis pa\u00edses que n\u00e3o contratar\u00e3o implanta\u00e7\u00e3o de 5g sob influ\u00eancia norte-americana. Clique para saber mais.\" \/>\n<meta property=\"og:url\" content=\"https:\/\/www.suno.com.br\/noticias\/huawei-5g-europa\/\" \/>\n<meta property=\"og:site_name\" content=\"Suno Not\u00edcias\" \/>\n<meta property=\"article:publisher\" content=\"https:\/\/facebook.com\/sunoresearch\" \/>\n<meta property=\"og:image\" content=\"https:\/\/files.sunoresearch.com.br\/n\/uploads\/2018\/12\/881c5a6f-huawei.jpg\" \/>\n\t<meta property=\"og:image:width\" content=\"1024\" \/>\n\t<meta property=\"og:image:height\" content=\"683\" \/>\n\t<meta property=\"og:image:type\" content=\"image\/jpeg\" \/>\n<meta name=\"author\" content=\"Amanda Gushiken\" \/>\n<meta name=\"twitter:card\" content=\"summary_large_image\" \/>\n<meta name=\"twitter:creator\" content=\"@sunoresearch\" \/>\n<meta name=\"twitter:site\" content=\"@sunoresearch\" \/>\n<meta name=\"twitter:label1\" content=\"Escrito por\" \/>\n\t<meta name=\"twitter:data1\" content=\"Amanda Gushiken\" \/>\n\t<meta name=\"twitter:label2\" content=\"Est. tempo de leitura\" \/>\n\t<meta name=\"twitter:data2\" content=\"2 minutos\" \/>\n<script type=\"application\/ld+json\" class=\"yoast-schema-graph\">{\"@context\":\"https:\/\/schema.org\",\"@graph\":[{\"@type\":\"NewsArticle\",\"@id\":\"https:\/\/www.suno.com.br\/noticias\/huawei-5g-europa\/#article\",\"isPartOf\":{\"@id\":\"https:\/\/www.suno.com.br\/noticias\/huawei-5g-europa\/\"},\"author\":{\"name\":\"Amanda Gushiken\",\"@id\":\"https:\/\/www.suno.com.br\/noticias\/#\/schema\/person\/a5b06fa4e879d8e8e119c6ed3cd630d1\"},\"headline\":\"Huawei encara seis pa\u00edses que n\u00e3o contratar\u00e3o servi\u00e7os de 5g\",\"datePublished\":\"2018-12-16T13:54:16+00:00\",\"dateModified\":\"2018-12-16T14:55:18+00:00\",\"mainEntityOfPage\":{\"@id\":\"https:\/\/www.suno.com.br\/noticias\/huawei-5g-europa\/\"},\"wordCount\":478,\"publisher\":{\"@id\":\"https:\/\/www.suno.com.br\/noticias\/#organization\"},\"image\":{\"@id\":\"https:\/\/www.suno.com.br\/noticias\/huawei-5g-europa\/#primaryimage\"},\"thumbnailUrl\":\"https:\/\/files.sunoresearch.com.br\/n\/uploads\/2018\/12\/881c5a6f-huawei-jpg.webp\",\"keywords\":[\"Alemanha\",\"China\",\"Estados Unidos (EUA)\",\"Europa\",\"Fran\u00e7a\",\"Huawei\"],\"articleSection\":[\"Internacional\",\"Neg\u00f3cios\"],\"inLanguage\":\"pt-BR\"},{\"@type\":\"WebPage\",\"@id\":\"https:\/\/www.suno.com.br\/noticias\/huawei-5g-europa\/\",\"url\":\"https:\/\/www.suno.com.br\/noticias\/huawei-5g-europa\/\",\"name\":\"Huawei encara seis pa\u00edses que n\u00e3o contratar\u00e3o servi\u00e7os de 5g\",\"isPartOf\":{\"@id\":\"https:\/\/www.suno.com.br\/noticias\/#website\"},\"primaryImageOfPage\":{\"@id\":\"https:\/\/www.suno.com.br\/noticias\/huawei-5g-europa\/#primaryimage\"},\"image\":{\"@id\":\"https:\/\/www.suno.com.br\/noticias\/huawei-5g-europa\/#primaryimage\"},\"thumbnailUrl\":\"https:\/\/files.sunoresearch.com.br\/n\/uploads\/2018\/12\/881c5a6f-huawei-jpg.webp\",\"datePublished\":\"2018-12-16T13:54:16+00:00\",\"dateModified\":\"2018-12-16T14:55:18+00:00\",\"description\":\"A Huawei Technologies encara seis pa\u00edses que n\u00e3o contratar\u00e3o implanta\u00e7\u00e3o de 5g sob influ\u00eancia norte-americana. Clique para saber mais.\",\"breadcrumb\":{\"@id\":\"https:\/\/www.suno.com.br\/noticias\/huawei-5g-europa\/#breadcrumb\"},\"inLanguage\":\"pt-BR\",\"potentialAction\":[{\"@type\":\"ReadAction\",\"target\":[\"https:\/\/www.suno.com.br\/noticias\/huawei-5g-europa\/\"]}]},{\"@type\":\"ImageObject\",\"inLanguage\":\"pt-BR\",\"@id\":\"https:\/\/www.suno.com.br\/noticias\/huawei-5g-europa\/#primaryimage\",\"url\":\"https:\/\/files.sunoresearch.com.br\/n\/uploads\/2018\/12\/881c5a6f-huawei-jpg.webp\",\"contentUrl\":\"https:\/\/files.sunoresearch.com.br\/n\/uploads\/2018\/12\/881c5a6f-huawei-jpg.webp\",\"width\":1024,\"height\":683,\"caption\":\"Pol\u00f4nia estuda proibir o uso de produtos da Huawei por \u00f3rg\u00e3os p\u00fablicos\"},{\"@type\":\"BreadcrumbList\",\"@id\":\"https:\/\/www.suno.com.br\/noticias\/huawei-5g-europa\/#breadcrumb\",\"itemListElement\":[{\"@type\":\"ListItem\",\"position\":1,\"name\":\"Not\u00edcias\",\"item\":\"https:\/\/www.suno.com.br\/noticias\/\"},{\"@type\":\"ListItem\",\"position\":2,\"name\":\"Internacional\",\"item\":\"https:\/\/www.suno.com.br\/noticias\/internacional\/\"},{\"@type\":\"ListItem\",\"position\":3,\"name\":\"Huawei encara seis pa\u00edses que n\u00e3o contratar\u00e3o servi\u00e7os de 5g\"}]},{\"@type\":\"WebSite\",\"@id\":\"https:\/\/www.suno.com.br\/noticias\/#website\",\"url\":\"https:\/\/www.suno.com.br\/noticias\/\",\"name\":\"Suno Not\u00edcias\",\"description\":\"Seu portal de informa\u00e7\u00e3o sobre o mundo dos investimentos\",\"publisher\":{\"@id\":\"https:\/\/www.suno.com.br\/noticias\/#organization\"},\"potentialAction\":[{\"@type\":\"SearchAction\",\"target\":{\"@type\":\"EntryPoint\",\"urlTemplate\":\"https:\/\/www.suno.com.br\/noticias\/?s={search_term_string}\"},\"query-input\":{\"@type\":\"PropertyValueSpecification\",\"valueRequired\":true,\"valueName\":\"search_term_string\"}}],\"inLanguage\":\"pt-BR\"},{\"@type\":\"Organization\",\"@id\":\"https:\/\/www.suno.com.br\/noticias\/#organization\",\"name\":\"Suno Not\u00edcias\",\"url\":\"https:\/\/www.suno.com.br\/noticias\/\",\"logo\":{\"@type\":\"ImageObject\",\"inLanguage\":\"pt-BR\",\"@id\":\"https:\/\/www.suno.com.br\/noticias\/#\/schema\/logo\/image\/\",\"url\":\"https:\/\/files.sunoresearch.com.br\/n\/uploads\/2021\/09\/suno-logo.png\",\"contentUrl\":\"https:\/\/files.sunoresearch.com.br\/n\/uploads\/2021\/09\/suno-logo.png\",\"width\":180,\"height\":180,\"caption\":\"Suno Not\u00edcias\"},\"image\":{\"@id\":\"https:\/\/www.suno.com.br\/noticias\/#\/schema\/logo\/image\/\"},\"sameAs\":[\"https:\/\/facebook.com\/sunoresearch\",\"https:\/\/x.com\/sunoresearch\",\"https:\/\/www.instagram.com\/suno\",\"https:\/\/www.linkedin.com\/company\/suno-research\/\",\"https:\/\/www.youtube.com\/c\/sunoresearch\"]},{\"@type\":\"Person\",\"@id\":\"https:\/\/www.suno.com.br\/noticias\/#\/schema\/person\/a5b06fa4e879d8e8e119c6ed3cd630d1\",\"name\":\"Amanda Gushiken\",\"image\":{\"@type\":\"ImageObject\",\"inLanguage\":\"pt-BR\",\"@id\":\"https:\/\/www.suno.com.br\/noticias\/#\/schema\/person\/image\/\",\"url\":\"https:\/\/secure.gravatar.com\/avatar\/ecd84705e6b65e3685ae80d725501fbe?s=96&r=g\",\"contentUrl\":\"https:\/\/secure.gravatar.com\/avatar\/ecd84705e6b65e3685ae80d725501fbe?s=96&r=g\",\"caption\":\"Amanda Gushiken\"},\"description\":\"Amanda Sayuri Gushiken escreve sobre finan\u00e7as e neg\u00f3cios para o portal Suno Not\u00edcias. Antes, trabalhou selecionando not\u00edcias da imprensa para clientes do mercado financeiro. Tamb\u00e9m desenvolveu pesquisa acad\u00eamica pela Universidade Anhembi Morumbi na \u00e1rea de Teorias da Comunica\u00e7\u00e3o e \u00e9 fot\u00f3grafa nas horas vagas.\",\"url\":\"https:\/\/www.suno.com.br\/noticias\/author\/amanda\/\"}]}<\/script>\n<!-- \/ Yoast SEO plugin. -->","yoast_head_json":{"title":"Huawei encara seis pa\u00edses que n\u00e3o contratar\u00e3o servi\u00e7os de 5g","description":"A Huawei Technologies encara seis pa\u00edses que n\u00e3o contratar\u00e3o implanta\u00e7\u00e3o de 5g sob influ\u00eancia norte-americana. Clique para saber mais.","robots":{"index":"index","follow":"follow","max-snippet":"max-snippet:-1","max-image-preview":"max-image-preview:large","max-video-preview":"max-video-preview:-1"},"canonical":"https:\/\/www.suno.com.br\/noticias\/huawei-5g-europa\/","og_locale":"pt_BR","og_type":"article","og_title":"Huawei encara seis pa\u00edses que n\u00e3o contratar\u00e3o servi\u00e7os de 5g","og_description":"A Huawei Technologies encara seis pa\u00edses que n\u00e3o contratar\u00e3o implanta\u00e7\u00e3o de 5g sob influ\u00eancia norte-americana. Clique para saber mais.","og_url":"https:\/\/www.suno.com.br\/noticias\/huawei-5g-europa\/","og_site_name":"Suno Not\u00edcias","article_publisher":"https:\/\/facebook.com\/sunoresearch","og_image":[{"width":1024,"height":683,"url":"https:\/\/files.sunoresearch.com.br\/n\/uploads\/2018\/12\/881c5a6f-huawei.jpg","type":"image\/jpeg"}],"author":"Amanda Gushiken","twitter_card":"summary_large_image","twitter_creator":"@sunoresearch","twitter_site":"@sunoresearch","twitter_misc":{"Escrito por":"Amanda Gushiken","Est. tempo de leitura":"2 minutos"},"schema":{"@context":"https:\/\/schema.org","@graph":[{"@type":"NewsArticle","@id":"https:\/\/www.suno.com.br\/noticias\/huawei-5g-europa\/#article","isPartOf":{"@id":"https:\/\/www.suno.com.br\/noticias\/huawei-5g-europa\/"},"author":{"name":"Amanda Gushiken","@id":"https:\/\/www.suno.com.br\/noticias\/#\/schema\/person\/a5b06fa4e879d8e8e119c6ed3cd630d1"},"headline":"Huawei encara seis pa\u00edses que n\u00e3o contratar\u00e3o servi\u00e7os de 5g","datePublished":"2018-12-16T13:54:16+00:00","dateModified":"2018-12-16T14:55:18+00:00","mainEntityOfPage":{"@id":"https:\/\/www.suno.com.br\/noticias\/huawei-5g-europa\/"},"wordCount":478,"publisher":{"@id":"https:\/\/www.suno.com.br\/noticias\/#organization"},"image":{"@id":"https:\/\/www.suno.com.br\/noticias\/huawei-5g-europa\/#primaryimage"},"thumbnailUrl":"https:\/\/files.sunoresearch.com.br\/n\/uploads\/2018\/12\/881c5a6f-huawei-jpg.webp","keywords":["Alemanha","China","Estados Unidos (EUA)","Europa","Fran\u00e7a","Huawei"],"articleSection":["Internacional","Neg\u00f3cios"],"inLanguage":"pt-BR"},{"@type":"WebPage","@id":"https:\/\/www.suno.com.br\/noticias\/huawei-5g-europa\/","url":"https:\/\/www.suno.com.br\/noticias\/huawei-5g-europa\/","name":"Huawei encara seis pa\u00edses que n\u00e3o contratar\u00e3o servi\u00e7os de 5g","isPartOf":{"@id":"https:\/\/www.suno.com.br\/noticias\/#website"},"primaryImageOfPage":{"@id":"https:\/\/www.suno.com.br\/noticias\/huawei-5g-europa\/#primaryimage"},"image":{"@id":"https:\/\/www.suno.com.br\/noticias\/huawei-5g-europa\/#primaryimage"},"thumbnailUrl":"https:\/\/files.sunoresearch.com.br\/n\/uploads\/2018\/12\/881c5a6f-huawei-jpg.webp","datePublished":"2018-12-16T13:54:16+00:00","dateModified":"2018-12-16T14:55:18+00:00","description":"A Huawei Technologies encara seis pa\u00edses que n\u00e3o contratar\u00e3o implanta\u00e7\u00e3o de 5g sob influ\u00eancia norte-americana. Clique para saber mais.","breadcrumb":{"@id":"https:\/\/www.suno.com.br\/noticias\/huawei-5g-europa\/#breadcrumb"},"inLanguage":"pt-BR","potentialAction":[{"@type":"ReadAction","target":["https:\/\/www.suno.com.br\/noticias\/huawei-5g-europa\/"]}]},{"@type":"ImageObject","inLanguage":"pt-BR","@id":"https:\/\/www.suno.com.br\/noticias\/huawei-5g-europa\/#primaryimage","url":"https:\/\/files.sunoresearch.com.br\/n\/uploads\/2018\/12\/881c5a6f-huawei-jpg.webp","contentUrl":"https:\/\/files.sunoresearch.com.br\/n\/uploads\/2018\/12\/881c5a6f-huawei-jpg.webp","width":1024,"height":683,"caption":"Pol\u00f4nia estuda proibir o uso de produtos da Huawei por \u00f3rg\u00e3os p\u00fablicos"},{"@type":"BreadcrumbList","@id":"https:\/\/www.suno.com.br\/noticias\/huawei-5g-europa\/#breadcrumb","itemListElement":[{"@type":"ListItem","position":1,"name":"Not\u00edcias","item":"https:\/\/www.suno.com.br\/noticias\/"},{"@type":"ListItem","position":2,"name":"Internacional","item":"https:\/\/www.suno.com.br\/noticias\/internacional\/"},{"@type":"ListItem","position":3,"name":"Huawei encara seis pa\u00edses que n\u00e3o contratar\u00e3o servi\u00e7os de 5g"}]},{"@type":"WebSite","@id":"https:\/\/www.suno.com.br\/noticias\/#website","url":"https:\/\/www.suno.com.br\/noticias\/","name":"Suno Not\u00edcias","description":"Seu portal de informa\u00e7\u00e3o sobre o mundo dos investimentos","publisher":{"@id":"https:\/\/www.suno.com.br\/noticias\/#organization"},"potentialAction":[{"@type":"SearchAction","target":{"@type":"EntryPoint","urlTemplate":"https:\/\/www.suno.com.br\/noticias\/?s={search_term_string}"},"query-input":{"@type":"PropertyValueSpecification","valueRequired":true,"valueName":"search_term_string"}}],"inLanguage":"pt-BR"},{"@type":"Organization","@id":"https:\/\/www.suno.com.br\/noticias\/#organization","name":"Suno Not\u00edcias","url":"https:\/\/www.suno.com.br\/noticias\/","logo":{"@type":"ImageObject","inLanguage":"pt-BR","@id":"https:\/\/www.suno.com.br\/noticias\/#\/schema\/logo\/image\/","url":"https:\/\/files.sunoresearch.com.br\/n\/uploads\/2021\/09\/suno-logo.png","contentUrl":"https:\/\/files.sunoresearch.com.br\/n\/uploads\/2021\/09\/suno-logo.png","width":180,"height":180,"caption":"Suno Not\u00edcias"},"image":{"@id":"https:\/\/www.suno.com.br\/noticias\/#\/schema\/logo\/image\/"},"sameAs":["https:\/\/facebook.com\/sunoresearch","https:\/\/x.com\/sunoresearch","https:\/\/www.instagram.com\/suno","https:\/\/www.linkedin.com\/company\/suno-research\/","https:\/\/www.youtube.com\/c\/sunoresearch"]},{"@type":"Person","@id":"https:\/\/www.suno.com.br\/noticias\/#\/schema\/person\/a5b06fa4e879d8e8e119c6ed3cd630d1","name":"Amanda Gushiken","image":{"@type":"ImageObject","inLanguage":"pt-BR","@id":"https:\/\/www.suno.com.br\/noticias\/#\/schema\/person\/image\/","url":"https:\/\/secure.gravatar.com\/avatar\/ecd84705e6b65e3685ae80d725501fbe?s=96&r=g","contentUrl":"https:\/\/secure.gravatar.com\/avatar\/ecd84705e6b65e3685ae80d725501fbe?s=96&r=g","caption":"Amanda Gushiken"},"description":"Amanda Sayuri Gushiken escreve sobre finan\u00e7as e neg\u00f3cios para o portal Suno Not\u00edcias. Antes, trabalhou selecionando not\u00edcias da imprensa para clientes do mercado financeiro. Tamb\u00e9m desenvolveu pesquisa acad\u00eamica pela Universidade Anhembi Morumbi na \u00e1rea de Teorias da Comunica\u00e7\u00e3o e \u00e9 fot\u00f3grafa nas horas vagas.","url":"https:\/\/www.suno.com.br\/noticias\/author\/amanda\/"}]}},"default_loop_html":"<div class=\"cardsPage__listCard__boxs\"><div class=\"cardsPage__listCard__boxs__img\"><a href=\"https:\/\/www.suno.com.br\/noticias\/huawei-5g-europa\/\"><img class=\"mask\" src=\"https:\/\/www.suno.com.br\/noticias\/wp-content\/themes\/suno\/resources\/images\/spotlight\/spotlight1img\/bg-mask.png\" alt=\"Image Mask\"\/><img src=\"https:\/\/files.sunoresearch.com.br\/n\/uploads\/2018\/12\/881c5a6f-huawei-400x200.webp\" alt=\"Huawei encara seis pa\u00edses que n\u00e3o contratar\u00e3o servi\u00e7os de 5g\"\/><\/a><span class=\"spotlightCategory\"><a href=\"https:\/\/www.suno.com.br\/noticias\/internacional\/\">Internacional<\/a><\/span><\/div><div class=\"cardsPage__listCard__boxs__content\"><a href=\"https:\/\/www.suno.com.br\/noticias\/huawei-5g-europa\/\"><h2 class=\"content__title\">Huawei encara seis pa\u00edses que n\u00e3o contratar\u00e3o servi\u00e7os de 5g<\/h2><\/a><div class=\"newsContent__article__meta\"><div class=\"newsContent__article__meta__authorBox\"><a href=\"https:\/\/www.suno.com.br\/noticias\/author\/amanda\/\" class=\"authorBox__avatar noMobi\"><img src=\"https:\/\/files.sunoresearch.com.br\/n\/uploads\/2018\/11\/c6ad30be-amanda-150x150.webp\" alt=\"Amanda Gushiken\"><\/a><div class=\"authorBox__name\"><span>por\n\t\t\t<a href=\"https:\/\/www.suno.com.br\/noticias\/author\/amanda\/\"><span itemprop=\"author\">Amanda Gushiken<\/span><\/a><\/span><time datetime=\"2018-12-16T11:54:16-02:00\" itemprop=\"datePublished\">16\/12\/2018 11:54<\/time><\/div><\/div><\/div><\/div><\/div>","single_layout":"posts","amp_enabled":true,"_links":{"self":[{"href":"https:\/\/www.suno.com.br\/noticias\/wp-json\/wp\/v2\/posts\/9057"}],"collection":[{"href":"https:\/\/www.suno.com.br\/noticias\/wp-json\/wp\/v2\/posts"}],"about":[{"href":"https:\/\/www.suno.com.br\/noticias\/wp-json\/wp\/v2\/types\/post"}],"author":[{"embeddable":true,"href":"https:\/\/www.suno.com.br\/noticias\/wp-json\/wp\/v2\/users\/12"}],"replies":[{"embeddable":true,"href":"https:\/\/www.suno.com.br\/noticias\/wp-json\/wp\/v2\/comments?post=9057"}],"version-history":[{"count":0,"href":"https:\/\/www.suno.com.br\/noticias\/wp-json\/wp\/v2\/posts\/9057\/revisions"}],"wp:featuredmedia":[{"embeddable":true,"href":"https:\/\/www.suno.com.br\/noticias\/wp-json\/wp\/v2\/media\/9058"}],"wp:attachment":[{"href":"https:\/\/www.suno.com.br\/noticias\/wp-json\/wp\/v2\/media?parent=9057"}],"wp:term":[{"taxonomy":"category","embeddable":true,"href":"https:\/\/www.suno.com.br\/noticias\/wp-json\/wp\/v2\/categories?post=9057"},{"taxonomy":"post_tag","embeddable":true,"href":"https:\/\/www.suno.com.br\/noticias\/wp-json\/wp\/v2\/tags?post=9057"},{"taxonomy":"suno_strategy","embeddable":true,"href":"https:\/\/www.suno.com.br\/noticias\/wp-json\/wp\/v2\/suno_strategy?post=9057"}],"curies":[{"name":"wp","href":"https:\/\/api.w.org\/{rel}","templated":true}]}}