{"id":90413,"date":"2020-10-08T14:09:43","date_gmt":"2020-10-08T17:09:43","guid":{"rendered":"https:\/\/www.suno.com.br\/noticias\/?p=90413"},"modified":"2021-05-30T23:19:41","modified_gmt":"2021-05-31T02:19:41","slug":"tim-timp3-anuncia-63-novas-lojas-sao-paulo","status":"publish","type":"post","link":"https:\/\/www.suno.com.br\/noticias\/tim-timp3-anuncia-63-novas-lojas-sao-paulo\/","title":{"rendered":"Tim (TIMP3) abrir\u00e1 63 novas lojas em S\u00e3o Paulo"},"content":{"rendered":"<p>O presidente-executivo da <a href=\"https:\/\/www.suno.com.br\/acoes\/timp3\/\"><strong>Tim <\/strong>Brasil (TIMP3)<\/a>, Pietro Labriola, disse, nesta quinta-feira (8), durante uma coletiva remota, que sua empresa abrir\u00e1 63 novas lojas em S\u00e3o Paulo. De acordo com o executivo, o movimento faz parte do plano de expans\u00e3o comercial da companhia no estado.<\/p>\t<div class=\"wrapper-featured-image\">\n\t\t<figure class=\"spotlightImg\">\n\n\t\t\t<picture>\n\t\t\t\t<source media=\"(max-width: 768px)\" srcset=\"https:\/\/files.sunoresearch.com.br\/n\/uploads\/2020\/09\/ccc4540b-tim-400x200.webp\">\n\t\t\t\t<img loading=\"lazy\" decoding=\"async\" class=\"newsContent__article__imgCapa lazyloadDisabled \" src=\"https:\/\/files.sunoresearch.com.br\/n\/uploads\/2020\/09\/ccc4540b-tim-jpg.webp\" width=\"800\" height=\"450\" alt=\"Tim (TIMP3) abrir\u00e1 63 novas lojas em S\u00e3o Paulo\" fetchpriority=high \/>\n\t\t\t<\/picture>\n\n\t\t\t<figcaption class=\"wp-caption-text wp-caption-text--show\">Fachada de loja da Tim (foto: divulga\u00e7\u00e3o)<\/figcaption>\n\t\t<\/figure>\n\t<\/div>\n\n\n<div class=\"hubspot-form-wrapper\">\n\t<div id=\"single-form-target\"><\/div>\n<\/div>\n\n<p>Labriola deixou claro que 42 dessas <strong>lojas<\/strong> v\u00e3o ser inauguradas neste final de ano. O executivo tamb\u00e9m citou que a Tim abrir\u00e1 um escrit\u00f3rio regional em Campinas, no interior de S\u00e3o Paulo. Al\u00e9m disso, o <strong><a href=\"https:\/\/www.suno.com.br\/artigos\/ceo\/\">CEO<\/a> <\/strong>da Tim afirmou que a empresa dever\u00e1 abrir novas unidades tamb\u00e9m em outros estados em breve.<\/p>\n<p>De acordo com o executivo, 60% das novas lojas abertas ficar\u00e3o no interior do estado. Com as novas unidades, 336 novos postos de trabalho ser\u00e3o criados. <strong>Labriola<\/strong> afirmou tamb\u00e9m que o investimento da empresa tem como intuito \u201cdeixar uma mensagem positiva\u201d em rela\u00e7\u00e3o \u00e0 <strong>recupera\u00e7\u00e3o econ\u00f4mica brasileira<\/strong>, que foi abalada ap\u00f3s a chegada do <a href=\"https:\/\/www.suno.com.br\/noticias\/tags\/coronavirus\/\">coronav\u00edrus (Covid-19)<\/a>.<\/p>\n<p><a href=\"https:\/\/lp.suno.com.br\/suno-one\/\">No Suno One voc\u00ea aprende a fazer seu dinheiro trabalhar para voc\u00ea. Cadastre-se gratuitamente agora!<\/a><\/p>\n<p>&#8220;Acreditamos na economia do Pa\u00eds e no desenvolvimento do setor. Por isso decidimos acelerar o investimento no crescimento da empresa&#8221;, disse o presidente da operadora. &#8220;Estamos otimistas com a recupera\u00e7\u00e3o da economia e n\u00e3o queremos perder essa oportunidade&#8221;, acrescentou Labriola.<\/p>\n<p>Do total de unidades anunciadas para 2020, 22 j\u00e1 foram abertas e 18 ser\u00e3o inauguradas antes da Black Friday. Em cidades maiores, as unidades ficar\u00e3o, principalmente, em shoppings. J\u00e1 nas cidades de menor porte, as lojas de rua ser\u00e3o mais comuns. Em rela\u00e7\u00e3o as inaugura\u00e7\u00f5es do ano que vem, os pontos comerciais est\u00e3o sendo prospectados.<\/p>\n<p>Labriola justificou a prefer\u00eancia pelo Estado de S\u00e3o Paulo por ser a regi\u00e3o que concentra a maior parte do <a href=\"https:\/\/www.suno.com.br\/artigos\/pib-produto-interno-bruto\/\">Produto Interno Bruto (PIB)<\/a> nacional. Al\u00e9m disso, o executivo da Tim afirmou que tem expectativa de que o estado puxar\u00e1 a recupera\u00e7\u00e3o econ\u00f4mica brasileira.<\/p>\n<h2>Tim aprova pagamento de R$ 500 mi em JCP<\/h2>\n<p>A <strong>Tim<\/strong> informou, na \u00faltima quarta-feira (7), que seu<a href=\"https:\/\/www.suno.com.br\/artigos\/conselho-administracao\/\"> conselho de administra\u00e7\u00e3o<\/a> aprovou a distribui\u00e7\u00e3o de R$ 500 milh\u00f5es a t\u00edtulo de<a href=\"https:\/\/www.suno.com.br\/artigos\/entenda-o-jcp\/\"> Juros Sobre Capital Pr\u00f3prio (JCP).<\/a> O montante corresponde a um valor bruto por <a href=\"https:\/\/www.suno.com.br\/artigos\/tipos-de-acoes\/\"><strong>a\u00e7\u00e3o<\/strong> <\/a>de pouco mais que R$ 0,206. O pagamento est\u00e1 previsto para acontecer at\u00e9 o dia 30 de novembro.<\/p>\n<p><em>Com informa\u00e7\u00f5es do Estad\u00e3o Conte\u00fado<\/em><\/p>\n\t<p>\n\t\t<a href=\"https:\/\/lp.suno.com.br\/planilha-de-controle-de-investimentos\/\" target=\"_blank\" data-element=\"shortcode-suno-banner\" title=\"Banner SUNO, clique e saiba mais\">\n\t\t\t<picture>\n\t\t\t\t<source media=\"(max-width: 500px)\" srcset=\"https:\/\/files.sunoresearch.com.br\/n\/uploads\/2023\/03\/400x300-Controle-de-Investimentos.png\">\n\t\t\t\t<img class=\"newsContent__article__imgCapa newsContent__article__imgCapa--banner\"\n\t\t\t\t\tsrc=\"https:\/\/files.sunoresearch.com.br\/n\/uploads\/2023\/03\/1420x240-Controle-de-Investimentos.png\"\n\t\t\t\t\tdata-promo-id=\"75934\"\t\t\t\t\t\t\t\t\t\twidth='1420' height='240'\t\t\t\t\talt=\"https:\/\/files.sunoresearch.com.br\/n\/uploads\/2023\/03\/1420x240-Controle-de-Investimentos.png\"\n\t\t\t\t>\n\t\t\t<\/picture>\n\t\t<\/a>\n\t<\/p>\n\n\n","protected":false},"excerpt":{"rendered":"<p>O presidente-executivo da Tim Brasil (TIMP3), Pietro Labriola, disse, nesta quinta-feira (8), durante uma coletiva remota, que sua empresa abrir\u00e1 63 novas lojas em S\u00e3o Paulo. De acordo com o executivo, o movimento faz parte do plano de expans\u00e3o comercial da companhia no estado. Fachada de loja da Tim (foto: divulga\u00e7\u00e3o) Labriola deixou claro que [&hellip;]<\/p>\n","protected":false},"author":19,"featured_media":86045,"comment_status":"closed","ping_status":"closed","sticky":false,"template":"","format":"standard","meta":[],"categories":[64],"tags":[663],"suno_strategy":[],"class_list":["post-90413","post","type-post","status-publish","format-standard","has-post-thumbnail","hentry","category-negocios","tag-tim-tims3"],"yoast_head":"<!-- This site is optimized with the Yoast SEO plugin v24.4 - https:\/\/yoast.com\/wordpress\/plugins\/seo\/ -->\n<title>Tim (TIMP3) anuncia 63 novas lojas em S\u00e3o Paulo<\/title>\n<meta name=\"description\" content=\"O presidente-executivo da Tim Brasil (TIMP3), Pietro Labriola, disse que sua empresa abrir\u00e1 63 novas lojas em S\u00e3o Paulo. Clique e saiba mais.\" \/>\n<meta name=\"robots\" content=\"index, follow, max-snippet:-1, max-image-preview:large, max-video-preview:-1\" \/>\n<link rel=\"canonical\" href=\"https:\/\/www.suno.com.br\/noticias\/tim-timp3-anuncia-63-novas-lojas-sao-paulo\/\" \/>\n<meta property=\"og:locale\" content=\"pt_BR\" \/>\n<meta property=\"og:type\" content=\"article\" \/>\n<meta property=\"og:title\" content=\"Tim (TIMP3) anuncia 63 novas lojas em S\u00e3o Paulo\" \/>\n<meta property=\"og:description\" content=\"O presidente-executivo da Tim Brasil (TIMP3), Pietro Labriola, disse que sua empresa abrir\u00e1 63 novas lojas em S\u00e3o Paulo. Clique e saiba mais.\" \/>\n<meta property=\"og:url\" content=\"https:\/\/www.suno.com.br\/noticias\/tim-timp3-anuncia-63-novas-lojas-sao-paulo\/\" \/>\n<meta property=\"og:site_name\" content=\"Suno Not\u00edcias\" \/>\n<meta property=\"article:publisher\" content=\"https:\/\/facebook.com\/sunoresearch\" \/>\n<meta property=\"og:image\" content=\"https:\/\/files.sunoresearch.com.br\/n\/uploads\/2020\/09\/ccc4540b-tim.jpg\" \/>\n\t<meta property=\"og:image:width\" content=\"680\" \/>\n\t<meta property=\"og:image:height\" content=\"453\" \/>\n\t<meta property=\"og:image:type\" content=\"image\/jpeg\" \/>\n<meta name=\"author\" content=\"Juliano Passaro\" \/>\n<meta name=\"twitter:card\" content=\"summary_large_image\" \/>\n<meta name=\"twitter:creator\" content=\"@sunoresearch\" \/>\n<meta name=\"twitter:site\" content=\"@sunoresearch\" \/>\n<meta name=\"twitter:label1\" content=\"Escrito por\" \/>\n\t<meta name=\"twitter:data1\" content=\"Juliano Passaro\" \/>\n\t<meta name=\"twitter:label2\" content=\"Est. tempo de leitura\" \/>\n\t<meta name=\"twitter:data2\" content=\"2 minutos\" \/>\n<script type=\"application\/ld+json\" class=\"yoast-schema-graph\">{\"@context\":\"https:\/\/schema.org\",\"@graph\":[{\"@type\":\"NewsArticle\",\"@id\":\"https:\/\/www.suno.com.br\/noticias\/tim-timp3-anuncia-63-novas-lojas-sao-paulo\/#article\",\"isPartOf\":{\"@id\":\"https:\/\/www.suno.com.br\/noticias\/tim-timp3-anuncia-63-novas-lojas-sao-paulo\/\"},\"author\":{\"name\":\"Juliano Passaro\",\"@id\":\"https:\/\/www.suno.com.br\/noticias\/#\/schema\/person\/1db762f78ffd8919a648a63e425953e3\"},\"headline\":\"Tim (TIMP3) abrir\u00e1 63 novas lojas em S\u00e3o Paulo\",\"datePublished\":\"2020-10-08T17:09:43+00:00\",\"dateModified\":\"2021-05-31T02:19:41+00:00\",\"mainEntityOfPage\":{\"@id\":\"https:\/\/www.suno.com.br\/noticias\/tim-timp3-anuncia-63-novas-lojas-sao-paulo\/\"},\"wordCount\":424,\"publisher\":{\"@id\":\"https:\/\/www.suno.com.br\/noticias\/#organization\"},\"image\":{\"@id\":\"https:\/\/www.suno.com.br\/noticias\/tim-timp3-anuncia-63-novas-lojas-sao-paulo\/#primaryimage\"},\"thumbnailUrl\":\"https:\/\/files.sunoresearch.com.br\/n\/uploads\/2020\/09\/ccc4540b-tim-jpg.webp\",\"keywords\":[\"TIM (TIMS3)\"],\"articleSection\":[\"Neg\u00f3cios\"],\"inLanguage\":\"pt-BR\"},{\"@type\":\"WebPage\",\"@id\":\"https:\/\/www.suno.com.br\/noticias\/tim-timp3-anuncia-63-novas-lojas-sao-paulo\/\",\"url\":\"https:\/\/www.suno.com.br\/noticias\/tim-timp3-anuncia-63-novas-lojas-sao-paulo\/\",\"name\":\"Tim (TIMP3) anuncia 63 novas lojas em S\u00e3o Paulo\",\"isPartOf\":{\"@id\":\"https:\/\/www.suno.com.br\/noticias\/#website\"},\"primaryImageOfPage\":{\"@id\":\"https:\/\/www.suno.com.br\/noticias\/tim-timp3-anuncia-63-novas-lojas-sao-paulo\/#primaryimage\"},\"image\":{\"@id\":\"https:\/\/www.suno.com.br\/noticias\/tim-timp3-anuncia-63-novas-lojas-sao-paulo\/#primaryimage\"},\"thumbnailUrl\":\"https:\/\/files.sunoresearch.com.br\/n\/uploads\/2020\/09\/ccc4540b-tim-jpg.webp\",\"datePublished\":\"2020-10-08T17:09:43+00:00\",\"dateModified\":\"2021-05-31T02:19:41+00:00\",\"description\":\"O presidente-executivo da Tim Brasil (TIMP3), Pietro Labriola, disse que sua empresa abrir\u00e1 63 novas lojas em S\u00e3o Paulo. Clique e saiba mais.\",\"breadcrumb\":{\"@id\":\"https:\/\/www.suno.com.br\/noticias\/tim-timp3-anuncia-63-novas-lojas-sao-paulo\/#breadcrumb\"},\"inLanguage\":\"pt-BR\",\"potentialAction\":[{\"@type\":\"ReadAction\",\"target\":[\"https:\/\/www.suno.com.br\/noticias\/tim-timp3-anuncia-63-novas-lojas-sao-paulo\/\"]}]},{\"@type\":\"ImageObject\",\"inLanguage\":\"pt-BR\",\"@id\":\"https:\/\/www.suno.com.br\/noticias\/tim-timp3-anuncia-63-novas-lojas-sao-paulo\/#primaryimage\",\"url\":\"https:\/\/files.sunoresearch.com.br\/n\/uploads\/2020\/09\/ccc4540b-tim-jpg.webp\",\"contentUrl\":\"https:\/\/files.sunoresearch.com.br\/n\/uploads\/2020\/09\/ccc4540b-tim-jpg.webp\",\"width\":680,\"height\":453,\"caption\":\"Fachada de loja da Tim (foto: divulga\u00e7\u00e3o)\"},{\"@type\":\"BreadcrumbList\",\"@id\":\"https:\/\/www.suno.com.br\/noticias\/tim-timp3-anuncia-63-novas-lojas-sao-paulo\/#breadcrumb\",\"itemListElement\":[{\"@type\":\"ListItem\",\"position\":1,\"name\":\"Not\u00edcias\",\"item\":\"https:\/\/www.suno.com.br\/noticias\/\"},{\"@type\":\"ListItem\",\"position\":2,\"name\":\"Neg\u00f3cios\",\"item\":\"https:\/\/www.suno.com.br\/noticias\/negocios\/\"},{\"@type\":\"ListItem\",\"position\":3,\"name\":\"Tim (TIMP3) abrir\u00e1 63 novas lojas em S\u00e3o Paulo\"}]},{\"@type\":\"WebSite\",\"@id\":\"https:\/\/www.suno.com.br\/noticias\/#website\",\"url\":\"https:\/\/www.suno.com.br\/noticias\/\",\"name\":\"Suno Not\u00edcias\",\"description\":\"Seu portal de informa\u00e7\u00e3o sobre o mundo dos investimentos\",\"publisher\":{\"@id\":\"https:\/\/www.suno.com.br\/noticias\/#organization\"},\"potentialAction\":[{\"@type\":\"SearchAction\",\"target\":{\"@type\":\"EntryPoint\",\"urlTemplate\":\"https:\/\/www.suno.com.br\/noticias\/?s={search_term_string}\"},\"query-input\":{\"@type\":\"PropertyValueSpecification\",\"valueRequired\":true,\"valueName\":\"search_term_string\"}}],\"inLanguage\":\"pt-BR\"},{\"@type\":\"Organization\",\"@id\":\"https:\/\/www.suno.com.br\/noticias\/#organization\",\"name\":\"Suno Not\u00edcias\",\"url\":\"https:\/\/www.suno.com.br\/noticias\/\",\"logo\":{\"@type\":\"ImageObject\",\"inLanguage\":\"pt-BR\",\"@id\":\"https:\/\/www.suno.com.br\/noticias\/#\/schema\/logo\/image\/\",\"url\":\"https:\/\/files.sunoresearch.com.br\/n\/uploads\/2021\/09\/suno-logo.png\",\"contentUrl\":\"https:\/\/files.sunoresearch.com.br\/n\/uploads\/2021\/09\/suno-logo.png\",\"width\":180,\"height\":180,\"caption\":\"Suno Not\u00edcias\"},\"image\":{\"@id\":\"https:\/\/www.suno.com.br\/noticias\/#\/schema\/logo\/image\/\"},\"sameAs\":[\"https:\/\/facebook.com\/sunoresearch\",\"https:\/\/x.com\/sunoresearch\",\"https:\/\/www.instagram.com\/suno\",\"https:\/\/www.linkedin.com\/company\/suno-research\/\",\"https:\/\/www.youtube.com\/c\/sunoresearch\"]},{\"@type\":\"Person\",\"@id\":\"https:\/\/www.suno.com.br\/noticias\/#\/schema\/person\/1db762f78ffd8919a648a63e425953e3\",\"name\":\"Juliano Passaro\",\"image\":{\"@type\":\"ImageObject\",\"inLanguage\":\"pt-BR\",\"@id\":\"https:\/\/www.suno.com.br\/noticias\/#\/schema\/person\/image\/\",\"url\":\"https:\/\/secure.gravatar.com\/avatar\/743d4df28eebf6dcc46b4ad03c319e92?s=96&r=g\",\"contentUrl\":\"https:\/\/secure.gravatar.com\/avatar\/743d4df28eebf6dcc46b4ad03c319e92?s=96&r=g\",\"caption\":\"Juliano Passaro\"},\"description\":\"Juliano Passaro escreve sobre pol\u00edtica, economia e neg\u00f3cios para o portal da Suno Research. Antes da Suno, trabalhou no Portal da Band. \u00c9 formado em jornalismo pela Universidade Presbiteriana Mackenzie.\",\"url\":\"https:\/\/www.suno.com.br\/noticias\/author\/juliano\/\"}]}<\/script>\n<!-- \/ Yoast SEO plugin. -->","yoast_head_json":{"title":"Tim (TIMP3) anuncia 63 novas lojas em S\u00e3o Paulo","description":"O presidente-executivo da Tim Brasil (TIMP3), Pietro Labriola, disse que sua empresa abrir\u00e1 63 novas lojas em S\u00e3o Paulo. Clique e saiba mais.","robots":{"index":"index","follow":"follow","max-snippet":"max-snippet:-1","max-image-preview":"max-image-preview:large","max-video-preview":"max-video-preview:-1"},"canonical":"https:\/\/www.suno.com.br\/noticias\/tim-timp3-anuncia-63-novas-lojas-sao-paulo\/","og_locale":"pt_BR","og_type":"article","og_title":"Tim (TIMP3) anuncia 63 novas lojas em S\u00e3o Paulo","og_description":"O presidente-executivo da Tim Brasil (TIMP3), Pietro Labriola, disse que sua empresa abrir\u00e1 63 novas lojas em S\u00e3o Paulo. Clique e saiba mais.","og_url":"https:\/\/www.suno.com.br\/noticias\/tim-timp3-anuncia-63-novas-lojas-sao-paulo\/","og_site_name":"Suno Not\u00edcias","article_publisher":"https:\/\/facebook.com\/sunoresearch","og_image":[{"width":680,"height":453,"url":"https:\/\/files.sunoresearch.com.br\/n\/uploads\/2020\/09\/ccc4540b-tim.jpg","type":"image\/jpeg"}],"author":"Juliano Passaro","twitter_card":"summary_large_image","twitter_creator":"@sunoresearch","twitter_site":"@sunoresearch","twitter_misc":{"Escrito por":"Juliano Passaro","Est. tempo de leitura":"2 minutos"},"schema":{"@context":"https:\/\/schema.org","@graph":[{"@type":"NewsArticle","@id":"https:\/\/www.suno.com.br\/noticias\/tim-timp3-anuncia-63-novas-lojas-sao-paulo\/#article","isPartOf":{"@id":"https:\/\/www.suno.com.br\/noticias\/tim-timp3-anuncia-63-novas-lojas-sao-paulo\/"},"author":{"name":"Juliano Passaro","@id":"https:\/\/www.suno.com.br\/noticias\/#\/schema\/person\/1db762f78ffd8919a648a63e425953e3"},"headline":"Tim (TIMP3) abrir\u00e1 63 novas lojas em S\u00e3o Paulo","datePublished":"2020-10-08T17:09:43+00:00","dateModified":"2021-05-31T02:19:41+00:00","mainEntityOfPage":{"@id":"https:\/\/www.suno.com.br\/noticias\/tim-timp3-anuncia-63-novas-lojas-sao-paulo\/"},"wordCount":424,"publisher":{"@id":"https:\/\/www.suno.com.br\/noticias\/#organization"},"image":{"@id":"https:\/\/www.suno.com.br\/noticias\/tim-timp3-anuncia-63-novas-lojas-sao-paulo\/#primaryimage"},"thumbnailUrl":"https:\/\/files.sunoresearch.com.br\/n\/uploads\/2020\/09\/ccc4540b-tim-jpg.webp","keywords":["TIM (TIMS3)"],"articleSection":["Neg\u00f3cios"],"inLanguage":"pt-BR"},{"@type":"WebPage","@id":"https:\/\/www.suno.com.br\/noticias\/tim-timp3-anuncia-63-novas-lojas-sao-paulo\/","url":"https:\/\/www.suno.com.br\/noticias\/tim-timp3-anuncia-63-novas-lojas-sao-paulo\/","name":"Tim (TIMP3) anuncia 63 novas lojas em S\u00e3o Paulo","isPartOf":{"@id":"https:\/\/www.suno.com.br\/noticias\/#website"},"primaryImageOfPage":{"@id":"https:\/\/www.suno.com.br\/noticias\/tim-timp3-anuncia-63-novas-lojas-sao-paulo\/#primaryimage"},"image":{"@id":"https:\/\/www.suno.com.br\/noticias\/tim-timp3-anuncia-63-novas-lojas-sao-paulo\/#primaryimage"},"thumbnailUrl":"https:\/\/files.sunoresearch.com.br\/n\/uploads\/2020\/09\/ccc4540b-tim-jpg.webp","datePublished":"2020-10-08T17:09:43+00:00","dateModified":"2021-05-31T02:19:41+00:00","description":"O presidente-executivo da Tim Brasil (TIMP3), Pietro Labriola, disse que sua empresa abrir\u00e1 63 novas lojas em S\u00e3o Paulo. Clique e saiba mais.","breadcrumb":{"@id":"https:\/\/www.suno.com.br\/noticias\/tim-timp3-anuncia-63-novas-lojas-sao-paulo\/#breadcrumb"},"inLanguage":"pt-BR","potentialAction":[{"@type":"ReadAction","target":["https:\/\/www.suno.com.br\/noticias\/tim-timp3-anuncia-63-novas-lojas-sao-paulo\/"]}]},{"@type":"ImageObject","inLanguage":"pt-BR","@id":"https:\/\/www.suno.com.br\/noticias\/tim-timp3-anuncia-63-novas-lojas-sao-paulo\/#primaryimage","url":"https:\/\/files.sunoresearch.com.br\/n\/uploads\/2020\/09\/ccc4540b-tim-jpg.webp","contentUrl":"https:\/\/files.sunoresearch.com.br\/n\/uploads\/2020\/09\/ccc4540b-tim-jpg.webp","width":680,"height":453,"caption":"Fachada de loja da Tim (foto: divulga\u00e7\u00e3o)"},{"@type":"BreadcrumbList","@id":"https:\/\/www.suno.com.br\/noticias\/tim-timp3-anuncia-63-novas-lojas-sao-paulo\/#breadcrumb","itemListElement":[{"@type":"ListItem","position":1,"name":"Not\u00edcias","item":"https:\/\/www.suno.com.br\/noticias\/"},{"@type":"ListItem","position":2,"name":"Neg\u00f3cios","item":"https:\/\/www.suno.com.br\/noticias\/negocios\/"},{"@type":"ListItem","position":3,"name":"Tim (TIMP3) abrir\u00e1 63 novas lojas em S\u00e3o Paulo"}]},{"@type":"WebSite","@id":"https:\/\/www.suno.com.br\/noticias\/#website","url":"https:\/\/www.suno.com.br\/noticias\/","name":"Suno Not\u00edcias","description":"Seu portal de informa\u00e7\u00e3o sobre o mundo dos investimentos","publisher":{"@id":"https:\/\/www.suno.com.br\/noticias\/#organization"},"potentialAction":[{"@type":"SearchAction","target":{"@type":"EntryPoint","urlTemplate":"https:\/\/www.suno.com.br\/noticias\/?s={search_term_string}"},"query-input":{"@type":"PropertyValueSpecification","valueRequired":true,"valueName":"search_term_string"}}],"inLanguage":"pt-BR"},{"@type":"Organization","@id":"https:\/\/www.suno.com.br\/noticias\/#organization","name":"Suno Not\u00edcias","url":"https:\/\/www.suno.com.br\/noticias\/","logo":{"@type":"ImageObject","inLanguage":"pt-BR","@id":"https:\/\/www.suno.com.br\/noticias\/#\/schema\/logo\/image\/","url":"https:\/\/files.sunoresearch.com.br\/n\/uploads\/2021\/09\/suno-logo.png","contentUrl":"https:\/\/files.sunoresearch.com.br\/n\/uploads\/2021\/09\/suno-logo.png","width":180,"height":180,"caption":"Suno Not\u00edcias"},"image":{"@id":"https:\/\/www.suno.com.br\/noticias\/#\/schema\/logo\/image\/"},"sameAs":["https:\/\/facebook.com\/sunoresearch","https:\/\/x.com\/sunoresearch","https:\/\/www.instagram.com\/suno","https:\/\/www.linkedin.com\/company\/suno-research\/","https:\/\/www.youtube.com\/c\/sunoresearch"]},{"@type":"Person","@id":"https:\/\/www.suno.com.br\/noticias\/#\/schema\/person\/1db762f78ffd8919a648a63e425953e3","name":"Juliano Passaro","image":{"@type":"ImageObject","inLanguage":"pt-BR","@id":"https:\/\/www.suno.com.br\/noticias\/#\/schema\/person\/image\/","url":"https:\/\/secure.gravatar.com\/avatar\/743d4df28eebf6dcc46b4ad03c319e92?s=96&r=g","contentUrl":"https:\/\/secure.gravatar.com\/avatar\/743d4df28eebf6dcc46b4ad03c319e92?s=96&r=g","caption":"Juliano Passaro"},"description":"Juliano Passaro escreve sobre pol\u00edtica, economia e neg\u00f3cios para o portal da Suno Research. Antes da Suno, trabalhou no Portal da Band. \u00c9 formado em jornalismo pela Universidade Presbiteriana Mackenzie.","url":"https:\/\/www.suno.com.br\/noticias\/author\/juliano\/"}]}},"default_loop_html":"<div class=\"cardsPage__listCard__boxs\"><div class=\"cardsPage__listCard__boxs__img\"><a href=\"https:\/\/www.suno.com.br\/noticias\/tim-timp3-anuncia-63-novas-lojas-sao-paulo\/\"><img class=\"mask\" src=\"https:\/\/www.suno.com.br\/noticias\/wp-content\/themes\/suno\/resources\/images\/spotlight\/spotlight1img\/bg-mask.png\" alt=\"Image Mask\"\/><img src=\"https:\/\/files.sunoresearch.com.br\/n\/uploads\/2020\/09\/ccc4540b-tim-400x200.webp\" alt=\"Tim (TIMP3) abrir\u00e1 63 novas lojas em S\u00e3o Paulo\"\/><\/a><span class=\"spotlightCategory\"><a href=\"https:\/\/www.suno.com.br\/noticias\/negocios\/\">Neg\u00f3cios<\/a><\/span><\/div><div class=\"cardsPage__listCard__boxs__content\"><a href=\"https:\/\/www.suno.com.br\/noticias\/tim-timp3-anuncia-63-novas-lojas-sao-paulo\/\"><h2 class=\"content__title\">Tim (TIMP3) abrir\u00e1 63 novas lojas em S\u00e3o Paulo<\/h2><\/a><div class=\"newsContent__article__meta\"><div class=\"newsContent__article__meta__authorBox\"><a href=\"https:\/\/www.suno.com.br\/noticias\/author\/juliano\/\" class=\"authorBox__avatar noMobi\"><img src=\"https:\/\/files.sunoresearch.com.br\/n\/uploads\/2019\/06\/7cc3efea-whatsapp-image-2019-07-18-at-21.59.33-e1563499821209-150x150.webp\" alt=\"Juliano Passaro\"><\/a><div class=\"authorBox__name\"><span>por\n\t\t\t<a href=\"https:\/\/www.suno.com.br\/noticias\/author\/juliano\/\"><span itemprop=\"author\">Juliano Passaro<\/span><\/a><\/span><time datetime=\"2020-10-08T14:09:43-03:00\" itemprop=\"datePublished\">08\/10\/2020 14:09<\/time><\/div><\/div><\/div><\/div><\/div>","single_layout":"posts","amp_enabled":true,"_links":{"self":[{"href":"https:\/\/www.suno.com.br\/noticias\/wp-json\/wp\/v2\/posts\/90413"}],"collection":[{"href":"https:\/\/www.suno.com.br\/noticias\/wp-json\/wp\/v2\/posts"}],"about":[{"href":"https:\/\/www.suno.com.br\/noticias\/wp-json\/wp\/v2\/types\/post"}],"author":[{"embeddable":true,"href":"https:\/\/www.suno.com.br\/noticias\/wp-json\/wp\/v2\/users\/19"}],"replies":[{"embeddable":true,"href":"https:\/\/www.suno.com.br\/noticias\/wp-json\/wp\/v2\/comments?post=90413"}],"version-history":[{"count":1,"href":"https:\/\/www.suno.com.br\/noticias\/wp-json\/wp\/v2\/posts\/90413\/revisions"}],"predecessor-version":[{"id":152677,"href":"https:\/\/www.suno.com.br\/noticias\/wp-json\/wp\/v2\/posts\/90413\/revisions\/152677"}],"wp:featuredmedia":[{"embeddable":true,"href":"https:\/\/www.suno.com.br\/noticias\/wp-json\/wp\/v2\/media\/86045"}],"wp:attachment":[{"href":"https:\/\/www.suno.com.br\/noticias\/wp-json\/wp\/v2\/media?parent=90413"}],"wp:term":[{"taxonomy":"category","embeddable":true,"href":"https:\/\/www.suno.com.br\/noticias\/wp-json\/wp\/v2\/categories?post=90413"},{"taxonomy":"post_tag","embeddable":true,"href":"https:\/\/www.suno.com.br\/noticias\/wp-json\/wp\/v2\/tags?post=90413"},{"taxonomy":"suno_strategy","embeddable":true,"href":"https:\/\/www.suno.com.br\/noticias\/wp-json\/wp\/v2\/suno_strategy?post=90413"}],"curies":[{"name":"wp","href":"https:\/\/api.w.org\/{rel}","templated":true}]}}