{"id":9006,"date":"2018-12-14T19:19:44","date_gmt":"2018-12-14T21:19:44","guid":{"rendered":"https:\/\/www.suno.com.br\/noticias\/?p=9006"},"modified":"2021-02-18T17:55:56","modified_gmt":"2021-02-18T20:55:56","slug":"onu-exodo-venezuelano-53-milhoes","status":"publish","type":"post","link":"https:\/\/www.suno.com.br\/noticias\/onu-exodo-venezuelano-53-milhoes\/","title":{"rendered":"ONU: Venezuela ter\u00e1 \u00eaxodo de 5,3 milh\u00f5es de pessoas em 2019"},"content":{"rendered":"<p>O n\u00famero de venezuelanos fugindo da crise (econ\u00f4mica e humanit\u00e1ria) deve chegar a 5,3 milh\u00f5es em 2019, afirmou a Organiza\u00e7\u00e3o das Na\u00e7\u00f5es Unidas (ONU), nesta sexta-feira (14). Desta forma, o \u00eaxodo da Venezuela seria o maior da hist\u00f3ria moderna na Am\u00e9rica Latina.<\/p>\t<div class=\"wrapper-featured-image\">\n\t\t<figure class=\"spotlightImg\">\n\n\t\t\t<picture>\n\t\t\t\t<source media=\"(max-width: 768px)\" srcset=\"https:\/\/files.sunoresearch.com.br\/n\/uploads\/2018\/12\/81171370-venezuela-400x200.webp\">\n\t\t\t\t<img loading=\"lazy\" decoding=\"async\" class=\"newsContent__article__imgCapa lazyloadDisabled newsContent__article__imgCapa--noCaption\" src=\"https:\/\/files.sunoresearch.com.br\/n\/uploads\/2018\/12\/81171370-venezuela-jpg.webp\" width=\"800\" height=\"450\" alt=\"ONU: Venezuela ter\u00e1 \u00eaxodo de 5,3 milh\u00f5es de pessoas em 2019\" fetchpriority=high \/>\n\t\t\t<\/picture>\n\n\t\t\t<figcaption class=\"wp-caption-text wp-caption-text--hide\">ONU prev\u00ea 5,3 milh\u00f5es de refugiados e migrantes venezuelanos at\u00e9 o final de 2019<\/figcaption>\n\t\t<\/figure>\n\t<\/div>\n\n\n<p>Lan\u00e7ado em Genebra pela <strong>ONU<\/strong>, o Plano Regional de Assist\u00eancia aos Refugiados e Migrantes da <strong>Venezuela<\/strong> (RMRP) \u00e9 o primeiro nas Am\u00e9ricas, de acordo com o Alto Comissariado das Na\u00e7\u00f5es Unidas para os Refugiados (ACNUR) e a Organiza\u00e7\u00e3o Internacional para as Migra\u00e7\u00f5es (OIM)<\/p>\n<h2>\u00caxodo<\/h2>\n<p>Cerca de metade dos<strong> refugiados<\/strong> da Venezuela devem permanecer na Col\u00f4mbia. Entretanto, os outros devem seguir para o Equador, o Peru, Argentina, Chile e Uruguai.<\/p>\n<p>De acordo com o ACNUR, cerca de 2,3 milh\u00f5es de pessoas deixaram a Venezuela desde 2015.<\/p>\n<p>Aproximadamente 5.500 mil venezuelanos fogem do pa\u00eds diariamente em 2018, de acordo com o ACNUR e a OIM.<\/p>\n<p>O &#8220;pico&#8221; de partidas foi alcan\u00e7ado &#8220;em meados de agosto, quando o n\u00famero de venezuelanos que deixaram o pa\u00eds ultrapassou 18 mil por dia. Hoje caiu para menos de 5 mil por dia, em m\u00e9dia&#8221;, declarou <span style=\"font-size: 1.1429rem;\">o enviado especial da ONU, Eduardo Stein, em entrevista coletiva.<\/span><\/p>\n<p><a href=\"https:\/\/www.suno.com.br\/noticias\/vezenuela-retomada-operacoes-goodyear\/\">Saiba mais:\u00a0Venezuela ordena retomada das opera\u00e7\u00f5es da Goodyear no pa\u00eds<\/a><\/p>\n<h2>Pedido ONU<\/h2>\n<p>O pedido de fundos da ONU leva em considera\u00e7\u00e3o a situa\u00e7\u00e3o atual da Venezuela.<\/p>\n<p>De acordo com as Na\u00e7\u00f5es Unidas, s\u00e3o necess\u00e1rios US$ 738 milh\u00f5es para ajudar 2,7 milh\u00f5es de pessoas em 16 pa\u00edses.<\/p>\n<p>Das 2,7 milh\u00f5es de pessoas, 2,2 milh\u00f5es s\u00e3o venezuelanos e outros 500 mil s\u00e3o pessoas nas comunidades de acolhimento.<\/p>\n<p>Na \u00faltima ter\u00e7a-feira (11), a Comiss\u00e3o Europeia anunciou a doa\u00e7\u00e3o de 20 milh\u00f5es de euros (US$ 22,8 milh\u00f5es) para os migrantes venezuelanos.<\/p>\n<p>O \u00eaxodo de venezuelanos \u00e9 o maior deslocamento de pessoas na hist\u00f3ria recente da Am\u00e9rica Latina, segundo a ONU.<\/p>\n<p>A <strong>Venezuela<\/strong>, possui as maiores reservas de petr\u00f3leo do mundo, mas sofre com as san\u00e7\u00f5es financeiras dos <strong>Estados Unidos<\/strong> e com a crise econ\u00f4mica.<\/p>\n","protected":false},"excerpt":{"rendered":"<p>O n\u00famero de venezuelanos fugindo da crise (econ\u00f4mica e humanit\u00e1ria) deve chegar a 5,3 milh\u00f5es em 2019, afirmou a Organiza\u00e7\u00e3o das Na\u00e7\u00f5es Unidas (ONU), nesta sexta-feira (14). Desta forma, o \u00eaxodo da Venezuela seria o maior da hist\u00f3ria moderna na Am\u00e9rica Latina. ONU prev\u00ea 5,3 milh\u00f5es de refugiados e migrantes venezuelanos at\u00e9 o final de [&hellip;]<\/p>\n","protected":false},"author":11,"featured_media":9021,"comment_status":"closed","ping_status":"closed","sticky":false,"template":"","format":"standard","meta":[],"categories":[63],"tags":[793,873,804],"suno_strategy":[],"class_list":["post-9006","post","type-post","status-publish","format-standard","has-post-thumbnail","hentry","category-internacional","tag-estados-unidos-eua","tag-onu","tag-venezuela"],"yoast_head":"<!-- This site is optimized with the Yoast SEO plugin v24.4 - https:\/\/yoast.com\/wordpress\/plugins\/seo\/ -->\n<title>ONU: Venezuela ter\u00e1 \u00eaxodo de 5,3 milh\u00f5es de pessoas em 2019<\/title>\n<meta name=\"description\" content=\"Cerca de 2,3 milh\u00f5es de pessoas deixaram a Venezuela desde 2015; Cerca de 5,5 mil venezuelanos fogem do pa\u00eds diariamente. Clique para saber mais.\" \/>\n<meta name=\"robots\" content=\"index, follow, max-snippet:-1, max-image-preview:large, max-video-preview:-1\" \/>\n<link rel=\"canonical\" href=\"https:\/\/www.suno.com.br\/noticias\/onu-exodo-venezuelano-53-milhoes\/\" \/>\n<meta property=\"og:locale\" content=\"pt_BR\" \/>\n<meta property=\"og:type\" content=\"article\" \/>\n<meta property=\"og:title\" content=\"ONU: Venezuela ter\u00e1 \u00eaxodo de 5,3 milh\u00f5es de pessoas em 2019\" \/>\n<meta property=\"og:description\" content=\"Cerca de 2,3 milh\u00f5es de pessoas deixaram a Venezuela desde 2015; Cerca de 5,5 mil venezuelanos fogem do pa\u00eds diariamente. Clique para saber mais.\" \/>\n<meta property=\"og:url\" content=\"https:\/\/www.suno.com.br\/noticias\/onu-exodo-venezuelano-53-milhoes\/\" \/>\n<meta property=\"og:site_name\" content=\"Suno Not\u00edcias\" \/>\n<meta property=\"article:publisher\" content=\"https:\/\/facebook.com\/sunoresearch\" \/>\n<meta property=\"og:image\" content=\"https:\/\/files.sunoresearch.com.br\/n\/uploads\/2018\/12\/81171370-venezuela.jpg\" \/>\n\t<meta property=\"og:image:width\" content=\"1100\" \/>\n\t<meta property=\"og:image:height\" content=\"370\" \/>\n\t<meta property=\"og:image:type\" content=\"image\/jpeg\" \/>\n<meta name=\"author\" content=\"Renan Bandeira\" \/>\n<meta name=\"twitter:card\" content=\"summary_large_image\" \/>\n<meta name=\"twitter:creator\" content=\"@sunoresearch\" \/>\n<meta name=\"twitter:site\" content=\"@sunoresearch\" \/>\n<meta name=\"twitter:label1\" content=\"Escrito por\" \/>\n\t<meta name=\"twitter:data1\" content=\"Renan Bandeira\" \/>\n\t<meta name=\"twitter:label2\" content=\"Est. tempo de leitura\" \/>\n\t<meta name=\"twitter:data2\" content=\"2 minutos\" \/>\n<script type=\"application\/ld+json\" class=\"yoast-schema-graph\">{\"@context\":\"https:\/\/schema.org\",\"@graph\":[{\"@type\":\"NewsArticle\",\"@id\":\"https:\/\/www.suno.com.br\/noticias\/onu-exodo-venezuelano-53-milhoes\/#article\",\"isPartOf\":{\"@id\":\"https:\/\/www.suno.com.br\/noticias\/onu-exodo-venezuelano-53-milhoes\/\"},\"author\":{\"name\":\"Renan Bandeira\",\"@id\":\"https:\/\/www.suno.com.br\/noticias\/#\/schema\/person\/fc144a1c6108bd1dcd43784e88a3c138\"},\"headline\":\"ONU: Venezuela ter\u00e1 \u00eaxodo de 5,3 milh\u00f5es de pessoas em 2019\",\"datePublished\":\"2018-12-14T21:19:44+00:00\",\"dateModified\":\"2021-02-18T20:55:56+00:00\",\"mainEntityOfPage\":{\"@id\":\"https:\/\/www.suno.com.br\/noticias\/onu-exodo-venezuelano-53-milhoes\/\"},\"wordCount\":357,\"publisher\":{\"@id\":\"https:\/\/www.suno.com.br\/noticias\/#organization\"},\"image\":{\"@id\":\"https:\/\/www.suno.com.br\/noticias\/onu-exodo-venezuelano-53-milhoes\/#primaryimage\"},\"thumbnailUrl\":\"https:\/\/files.sunoresearch.com.br\/n\/uploads\/2018\/12\/81171370-venezuela-jpg.webp\",\"keywords\":[\"Estados Unidos (EUA)\",\"ONU\",\"Venezuela\"],\"articleSection\":[\"Internacional\"],\"inLanguage\":\"pt-BR\"},{\"@type\":\"WebPage\",\"@id\":\"https:\/\/www.suno.com.br\/noticias\/onu-exodo-venezuelano-53-milhoes\/\",\"url\":\"https:\/\/www.suno.com.br\/noticias\/onu-exodo-venezuelano-53-milhoes\/\",\"name\":\"ONU: Venezuela ter\u00e1 \u00eaxodo de 5,3 milh\u00f5es de pessoas em 2019\",\"isPartOf\":{\"@id\":\"https:\/\/www.suno.com.br\/noticias\/#website\"},\"primaryImageOfPage\":{\"@id\":\"https:\/\/www.suno.com.br\/noticias\/onu-exodo-venezuelano-53-milhoes\/#primaryimage\"},\"image\":{\"@id\":\"https:\/\/www.suno.com.br\/noticias\/onu-exodo-venezuelano-53-milhoes\/#primaryimage\"},\"thumbnailUrl\":\"https:\/\/files.sunoresearch.com.br\/n\/uploads\/2018\/12\/81171370-venezuela-jpg.webp\",\"datePublished\":\"2018-12-14T21:19:44+00:00\",\"dateModified\":\"2021-02-18T20:55:56+00:00\",\"description\":\"Cerca de 2,3 milh\u00f5es de pessoas deixaram a Venezuela desde 2015; Cerca de 5,5 mil venezuelanos fogem do pa\u00eds diariamente. Clique para saber mais.\",\"breadcrumb\":{\"@id\":\"https:\/\/www.suno.com.br\/noticias\/onu-exodo-venezuelano-53-milhoes\/#breadcrumb\"},\"inLanguage\":\"pt-BR\",\"potentialAction\":[{\"@type\":\"ReadAction\",\"target\":[\"https:\/\/www.suno.com.br\/noticias\/onu-exodo-venezuelano-53-milhoes\/\"]}]},{\"@type\":\"ImageObject\",\"inLanguage\":\"pt-BR\",\"@id\":\"https:\/\/www.suno.com.br\/noticias\/onu-exodo-venezuelano-53-milhoes\/#primaryimage\",\"url\":\"https:\/\/files.sunoresearch.com.br\/n\/uploads\/2018\/12\/81171370-venezuela-jpg.webp\",\"contentUrl\":\"https:\/\/files.sunoresearch.com.br\/n\/uploads\/2018\/12\/81171370-venezuela-jpg.webp\",\"width\":1100,\"height\":370,\"caption\":\"ONU prev\u00ea 5,3 milh\u00f5es de refugiados e migrantes venezuelanos at\u00e9 o final de 2019\"},{\"@type\":\"BreadcrumbList\",\"@id\":\"https:\/\/www.suno.com.br\/noticias\/onu-exodo-venezuelano-53-milhoes\/#breadcrumb\",\"itemListElement\":[{\"@type\":\"ListItem\",\"position\":1,\"name\":\"Not\u00edcias\",\"item\":\"https:\/\/www.suno.com.br\/noticias\/\"},{\"@type\":\"ListItem\",\"position\":2,\"name\":\"Internacional\",\"item\":\"https:\/\/www.suno.com.br\/noticias\/internacional\/\"},{\"@type\":\"ListItem\",\"position\":3,\"name\":\"ONU: Venezuela ter\u00e1 \u00eaxodo de 5,3 milh\u00f5es de pessoas em 2019\"}]},{\"@type\":\"WebSite\",\"@id\":\"https:\/\/www.suno.com.br\/noticias\/#website\",\"url\":\"https:\/\/www.suno.com.br\/noticias\/\",\"name\":\"Suno Not\u00edcias\",\"description\":\"Seu portal de informa\u00e7\u00e3o sobre o mundo dos investimentos\",\"publisher\":{\"@id\":\"https:\/\/www.suno.com.br\/noticias\/#organization\"},\"potentialAction\":[{\"@type\":\"SearchAction\",\"target\":{\"@type\":\"EntryPoint\",\"urlTemplate\":\"https:\/\/www.suno.com.br\/noticias\/?s={search_term_string}\"},\"query-input\":{\"@type\":\"PropertyValueSpecification\",\"valueRequired\":true,\"valueName\":\"search_term_string\"}}],\"inLanguage\":\"pt-BR\"},{\"@type\":\"Organization\",\"@id\":\"https:\/\/www.suno.com.br\/noticias\/#organization\",\"name\":\"Suno Not\u00edcias\",\"url\":\"https:\/\/www.suno.com.br\/noticias\/\",\"logo\":{\"@type\":\"ImageObject\",\"inLanguage\":\"pt-BR\",\"@id\":\"https:\/\/www.suno.com.br\/noticias\/#\/schema\/logo\/image\/\",\"url\":\"https:\/\/files.sunoresearch.com.br\/n\/uploads\/2021\/09\/suno-logo.png\",\"contentUrl\":\"https:\/\/files.sunoresearch.com.br\/n\/uploads\/2021\/09\/suno-logo.png\",\"width\":180,\"height\":180,\"caption\":\"Suno Not\u00edcias\"},\"image\":{\"@id\":\"https:\/\/www.suno.com.br\/noticias\/#\/schema\/logo\/image\/\"},\"sameAs\":[\"https:\/\/facebook.com\/sunoresearch\",\"https:\/\/x.com\/sunoresearch\",\"https:\/\/www.instagram.com\/suno\",\"https:\/\/www.linkedin.com\/company\/suno-research\/\",\"https:\/\/www.youtube.com\/c\/sunoresearch\"]},{\"@type\":\"Person\",\"@id\":\"https:\/\/www.suno.com.br\/noticias\/#\/schema\/person\/fc144a1c6108bd1dcd43784e88a3c138\",\"name\":\"Renan Bandeira\",\"image\":{\"@type\":\"ImageObject\",\"inLanguage\":\"pt-BR\",\"@id\":\"https:\/\/www.suno.com.br\/noticias\/#\/schema\/person\/image\/\",\"url\":\"https:\/\/secure.gravatar.com\/avatar\/68359cdb608f14f11bbefcb78f3fc747?s=96&r=g\",\"contentUrl\":\"https:\/\/secure.gravatar.com\/avatar\/68359cdb608f14f11bbefcb78f3fc747?s=96&r=g\",\"caption\":\"Renan Bandeira\"},\"description\":\"Renan Bandeira escreve sobre pol\u00edtica e economia para o portal da Suno Research. Antes da Suno, trabalhou em uma rede de televis\u00e3o, onde fazia reportagens sobre os mesmos temas. Estuda na Universidade Metodista de S\u00e3o Paulo.\",\"url\":\"https:\/\/www.suno.com.br\/noticias\/author\/renan-bandeira\/\"}]}<\/script>\n<!-- \/ Yoast SEO plugin. -->","yoast_head_json":{"title":"ONU: Venezuela ter\u00e1 \u00eaxodo de 5,3 milh\u00f5es de pessoas em 2019","description":"Cerca de 2,3 milh\u00f5es de pessoas deixaram a Venezuela desde 2015; Cerca de 5,5 mil venezuelanos fogem do pa\u00eds diariamente. Clique para saber mais.","robots":{"index":"index","follow":"follow","max-snippet":"max-snippet:-1","max-image-preview":"max-image-preview:large","max-video-preview":"max-video-preview:-1"},"canonical":"https:\/\/www.suno.com.br\/noticias\/onu-exodo-venezuelano-53-milhoes\/","og_locale":"pt_BR","og_type":"article","og_title":"ONU: Venezuela ter\u00e1 \u00eaxodo de 5,3 milh\u00f5es de pessoas em 2019","og_description":"Cerca de 2,3 milh\u00f5es de pessoas deixaram a Venezuela desde 2015; Cerca de 5,5 mil venezuelanos fogem do pa\u00eds diariamente. Clique para saber mais.","og_url":"https:\/\/www.suno.com.br\/noticias\/onu-exodo-venezuelano-53-milhoes\/","og_site_name":"Suno Not\u00edcias","article_publisher":"https:\/\/facebook.com\/sunoresearch","og_image":[{"width":1100,"height":370,"url":"https:\/\/files.sunoresearch.com.br\/n\/uploads\/2018\/12\/81171370-venezuela.jpg","type":"image\/jpeg"}],"author":"Renan Bandeira","twitter_card":"summary_large_image","twitter_creator":"@sunoresearch","twitter_site":"@sunoresearch","twitter_misc":{"Escrito por":"Renan Bandeira","Est. tempo de leitura":"2 minutos"},"schema":{"@context":"https:\/\/schema.org","@graph":[{"@type":"NewsArticle","@id":"https:\/\/www.suno.com.br\/noticias\/onu-exodo-venezuelano-53-milhoes\/#article","isPartOf":{"@id":"https:\/\/www.suno.com.br\/noticias\/onu-exodo-venezuelano-53-milhoes\/"},"author":{"name":"Renan Bandeira","@id":"https:\/\/www.suno.com.br\/noticias\/#\/schema\/person\/fc144a1c6108bd1dcd43784e88a3c138"},"headline":"ONU: Venezuela ter\u00e1 \u00eaxodo de 5,3 milh\u00f5es de pessoas em 2019","datePublished":"2018-12-14T21:19:44+00:00","dateModified":"2021-02-18T20:55:56+00:00","mainEntityOfPage":{"@id":"https:\/\/www.suno.com.br\/noticias\/onu-exodo-venezuelano-53-milhoes\/"},"wordCount":357,"publisher":{"@id":"https:\/\/www.suno.com.br\/noticias\/#organization"},"image":{"@id":"https:\/\/www.suno.com.br\/noticias\/onu-exodo-venezuelano-53-milhoes\/#primaryimage"},"thumbnailUrl":"https:\/\/files.sunoresearch.com.br\/n\/uploads\/2018\/12\/81171370-venezuela-jpg.webp","keywords":["Estados Unidos (EUA)","ONU","Venezuela"],"articleSection":["Internacional"],"inLanguage":"pt-BR"},{"@type":"WebPage","@id":"https:\/\/www.suno.com.br\/noticias\/onu-exodo-venezuelano-53-milhoes\/","url":"https:\/\/www.suno.com.br\/noticias\/onu-exodo-venezuelano-53-milhoes\/","name":"ONU: Venezuela ter\u00e1 \u00eaxodo de 5,3 milh\u00f5es de pessoas em 2019","isPartOf":{"@id":"https:\/\/www.suno.com.br\/noticias\/#website"},"primaryImageOfPage":{"@id":"https:\/\/www.suno.com.br\/noticias\/onu-exodo-venezuelano-53-milhoes\/#primaryimage"},"image":{"@id":"https:\/\/www.suno.com.br\/noticias\/onu-exodo-venezuelano-53-milhoes\/#primaryimage"},"thumbnailUrl":"https:\/\/files.sunoresearch.com.br\/n\/uploads\/2018\/12\/81171370-venezuela-jpg.webp","datePublished":"2018-12-14T21:19:44+00:00","dateModified":"2021-02-18T20:55:56+00:00","description":"Cerca de 2,3 milh\u00f5es de pessoas deixaram a Venezuela desde 2015; Cerca de 5,5 mil venezuelanos fogem do pa\u00eds diariamente. Clique para saber mais.","breadcrumb":{"@id":"https:\/\/www.suno.com.br\/noticias\/onu-exodo-venezuelano-53-milhoes\/#breadcrumb"},"inLanguage":"pt-BR","potentialAction":[{"@type":"ReadAction","target":["https:\/\/www.suno.com.br\/noticias\/onu-exodo-venezuelano-53-milhoes\/"]}]},{"@type":"ImageObject","inLanguage":"pt-BR","@id":"https:\/\/www.suno.com.br\/noticias\/onu-exodo-venezuelano-53-milhoes\/#primaryimage","url":"https:\/\/files.sunoresearch.com.br\/n\/uploads\/2018\/12\/81171370-venezuela-jpg.webp","contentUrl":"https:\/\/files.sunoresearch.com.br\/n\/uploads\/2018\/12\/81171370-venezuela-jpg.webp","width":1100,"height":370,"caption":"ONU prev\u00ea 5,3 milh\u00f5es de refugiados e migrantes venezuelanos at\u00e9 o final de 2019"},{"@type":"BreadcrumbList","@id":"https:\/\/www.suno.com.br\/noticias\/onu-exodo-venezuelano-53-milhoes\/#breadcrumb","itemListElement":[{"@type":"ListItem","position":1,"name":"Not\u00edcias","item":"https:\/\/www.suno.com.br\/noticias\/"},{"@type":"ListItem","position":2,"name":"Internacional","item":"https:\/\/www.suno.com.br\/noticias\/internacional\/"},{"@type":"ListItem","position":3,"name":"ONU: Venezuela ter\u00e1 \u00eaxodo de 5,3 milh\u00f5es de pessoas em 2019"}]},{"@type":"WebSite","@id":"https:\/\/www.suno.com.br\/noticias\/#website","url":"https:\/\/www.suno.com.br\/noticias\/","name":"Suno Not\u00edcias","description":"Seu portal de informa\u00e7\u00e3o sobre o mundo dos investimentos","publisher":{"@id":"https:\/\/www.suno.com.br\/noticias\/#organization"},"potentialAction":[{"@type":"SearchAction","target":{"@type":"EntryPoint","urlTemplate":"https:\/\/www.suno.com.br\/noticias\/?s={search_term_string}"},"query-input":{"@type":"PropertyValueSpecification","valueRequired":true,"valueName":"search_term_string"}}],"inLanguage":"pt-BR"},{"@type":"Organization","@id":"https:\/\/www.suno.com.br\/noticias\/#organization","name":"Suno Not\u00edcias","url":"https:\/\/www.suno.com.br\/noticias\/","logo":{"@type":"ImageObject","inLanguage":"pt-BR","@id":"https:\/\/www.suno.com.br\/noticias\/#\/schema\/logo\/image\/","url":"https:\/\/files.sunoresearch.com.br\/n\/uploads\/2021\/09\/suno-logo.png","contentUrl":"https:\/\/files.sunoresearch.com.br\/n\/uploads\/2021\/09\/suno-logo.png","width":180,"height":180,"caption":"Suno Not\u00edcias"},"image":{"@id":"https:\/\/www.suno.com.br\/noticias\/#\/schema\/logo\/image\/"},"sameAs":["https:\/\/facebook.com\/sunoresearch","https:\/\/x.com\/sunoresearch","https:\/\/www.instagram.com\/suno","https:\/\/www.linkedin.com\/company\/suno-research\/","https:\/\/www.youtube.com\/c\/sunoresearch"]},{"@type":"Person","@id":"https:\/\/www.suno.com.br\/noticias\/#\/schema\/person\/fc144a1c6108bd1dcd43784e88a3c138","name":"Renan Bandeira","image":{"@type":"ImageObject","inLanguage":"pt-BR","@id":"https:\/\/www.suno.com.br\/noticias\/#\/schema\/person\/image\/","url":"https:\/\/secure.gravatar.com\/avatar\/68359cdb608f14f11bbefcb78f3fc747?s=96&r=g","contentUrl":"https:\/\/secure.gravatar.com\/avatar\/68359cdb608f14f11bbefcb78f3fc747?s=96&r=g","caption":"Renan Bandeira"},"description":"Renan Bandeira escreve sobre pol\u00edtica e economia para o portal da Suno Research. Antes da Suno, trabalhou em uma rede de televis\u00e3o, onde fazia reportagens sobre os mesmos temas. Estuda na Universidade Metodista de S\u00e3o Paulo.","url":"https:\/\/www.suno.com.br\/noticias\/author\/renan-bandeira\/"}]}},"default_loop_html":"<div class=\"cardsPage__listCard__boxs\"><div class=\"cardsPage__listCard__boxs__img\"><a href=\"https:\/\/www.suno.com.br\/noticias\/onu-exodo-venezuelano-53-milhoes\/\"><img class=\"mask\" src=\"https:\/\/www.suno.com.br\/noticias\/wp-content\/themes\/suno\/resources\/images\/spotlight\/spotlight1img\/bg-mask.png\" alt=\"Image Mask\"\/><img src=\"https:\/\/files.sunoresearch.com.br\/n\/uploads\/2018\/12\/81171370-venezuela-400x200.webp\" alt=\"ONU: Venezuela ter\u00e1 \u00eaxodo de 5,3 milh\u00f5es de pessoas em 2019\"\/><\/a><span class=\"spotlightCategory\"><a href=\"https:\/\/www.suno.com.br\/noticias\/internacional\/\">Internacional<\/a><\/span><\/div><div class=\"cardsPage__listCard__boxs__content\"><a href=\"https:\/\/www.suno.com.br\/noticias\/onu-exodo-venezuelano-53-milhoes\/\"><h2 class=\"content__title\">ONU: Venezuela ter\u00e1 \u00eaxodo de 5,3 milh\u00f5es de pessoas em 2019<\/h2><\/a><div class=\"newsContent__article__meta\"><div class=\"newsContent__article__meta__authorBox\"><a href=\"https:\/\/www.suno.com.br\/noticias\/author\/renan-bandeira\/\" class=\"authorBox__avatar noMobi\"><img src=\"https:\/\/secure.gravatar.com\/avatar\/68359cdb608f14f11bbefcb78f3fc747?s=96&#038;r=g\" alt=\"Renan Bandeira\"><\/a><div class=\"authorBox__name\"><span>por\n\t\t\t<a href=\"https:\/\/www.suno.com.br\/noticias\/author\/renan-bandeira\/\"><span itemprop=\"author\">Renan Bandeira<\/span><\/a><\/span><time datetime=\"2018-12-14T19:19:44-02:00\" itemprop=\"datePublished\">14\/12\/2018 19:19<\/time><\/div><\/div><\/div><\/div><\/div>","single_layout":"posts","amp_enabled":true,"_links":{"self":[{"href":"https:\/\/www.suno.com.br\/noticias\/wp-json\/wp\/v2\/posts\/9006"}],"collection":[{"href":"https:\/\/www.suno.com.br\/noticias\/wp-json\/wp\/v2\/posts"}],"about":[{"href":"https:\/\/www.suno.com.br\/noticias\/wp-json\/wp\/v2\/types\/post"}],"author":[{"embeddable":true,"href":"https:\/\/www.suno.com.br\/noticias\/wp-json\/wp\/v2\/users\/11"}],"replies":[{"embeddable":true,"href":"https:\/\/www.suno.com.br\/noticias\/wp-json\/wp\/v2\/comments?post=9006"}],"version-history":[{"count":0,"href":"https:\/\/www.suno.com.br\/noticias\/wp-json\/wp\/v2\/posts\/9006\/revisions"}],"wp:featuredmedia":[{"embeddable":true,"href":"https:\/\/www.suno.com.br\/noticias\/wp-json\/wp\/v2\/media\/9021"}],"wp:attachment":[{"href":"https:\/\/www.suno.com.br\/noticias\/wp-json\/wp\/v2\/media?parent=9006"}],"wp:term":[{"taxonomy":"category","embeddable":true,"href":"https:\/\/www.suno.com.br\/noticias\/wp-json\/wp\/v2\/categories?post=9006"},{"taxonomy":"post_tag","embeddable":true,"href":"https:\/\/www.suno.com.br\/noticias\/wp-json\/wp\/v2\/tags?post=9006"},{"taxonomy":"suno_strategy","embeddable":true,"href":"https:\/\/www.suno.com.br\/noticias\/wp-json\/wp\/v2\/suno_strategy?post=9006"}],"curies":[{"name":"wp","href":"https:\/\/api.w.org\/{rel}","templated":true}]}}