{"id":89995,"date":"2020-10-07T09:22:20","date_gmt":"2020-10-07T12:22:20","guid":{"rendered":"https:\/\/www.suno.com.br\/noticias\/?p=89995"},"modified":"2020-10-07T10:51:12","modified_gmt":"2020-10-07T13:51:12","slug":"pix-no-exterior-2022-2023-diz-pinho-de-mello","status":"publish","type":"post","link":"https:\/\/www.suno.com.br\/noticias\/pix-no-exterior-2022-2023-diz-pinho-de-mello\/","title":{"rendered":"Pix pode chegar ao exterior em 2022 ou 2023, diz Pinho de Mello"},"content":{"rendered":"<p>Segundo o diretor de Organiza\u00e7\u00e3o do Sistema Financeiro do <a href=\"https:\/\/www.suno.com.br\/artigos\/bacen\/\">Banco Central (BC)<\/a>, Jo\u00e3o Manoel Pinho de Mello, a autoridade monet\u00e1ria central do Pa\u00eds est\u00e1 avaliando a possibilidade de permitir transfer\u00eancias internacionais por meio do <a href=\"https:\/\/www.suno.com.br\/artigos\/pix\/\"><strong>Pix<\/strong>, novo sistema de pagamentos instant\u00e2neos<\/a>. Segundo ele, em declara\u00e7\u00e3o dada na \u00faltima ter\u00e7a-feira (6), esse processo pode entrar em funcionamento entre &#8220;2022 e 2023&#8221;.<\/p>\t<div class=\"wrapper-featured-image\">\n\t\t<figure class=\"spotlightImg\">\n\n\t\t\t<picture>\n\t\t\t\t<source media=\"(max-width: 768px)\" srcset=\"https:\/\/files.sunoresearch.com.br\/n\/uploads\/2020\/10\/4c3f9d4c-joao-manoel-400x200.webp\">\n\t\t\t\t<img loading=\"lazy\" decoding=\"async\" class=\"newsContent__article__imgCapa lazyloadDisabled \" src=\"https:\/\/files.sunoresearch.com.br\/n\/uploads\/2020\/10\/4c3f9d4c-joao-manoel-800x450.webp\" width=\"800\" height=\"450\" alt=\"Pix pode chegar ao exterior em 2022 ou 2023, diz Pinho de Mello\" fetchpriority=high \/>\n\t\t\t<\/picture>\n\n\t\t\t<figcaption class=\"wp-caption-text wp-caption-text--show\">Segundo o diretor do BC Jo\u00e3o Manoel Pinho de Mello, a autoridade monet\u00e1ria est\u00e1 avaliando a implementa\u00e7\u00e3o do Pix no exterior.<\/figcaption>\n\t\t<\/figure>\n\t<\/div>\n\n\n<div class=\"hubspot-form-wrapper\">\n\t<div id=\"single-form-target\"><\/div>\n<\/div>\n\n<p>O diretor pontuou que o maior prazo para o lan\u00e7amento do Pix se deve, por um lado, \u00e0 prioriza\u00e7\u00e3o dada pelo <strong>Banco Central<\/strong> a outros recursos ligados \u00e0 ferramenta, como os poss\u00edveis saques atrav\u00e9s do com\u00e9rcio varejista. Ele, por outro lado, diz que far\u00e1 mais sentido permitir o funcionamento internacional a partir do momento em que a nova <strong>legisla\u00e7\u00e3o cambial<\/strong>, que est\u00e1 sendo analisada pelo Congresso, for aprovada.<\/p>\n<p>&#8220;Dada a agenda abrangente, a internacionaliza\u00e7\u00e3o do Pix fica para depois. E tamb\u00e9m faz sentido ter a internacionaliza\u00e7\u00e3o do Pix ap\u00f3s a lei cambial&#8221;, disse <strong>Pinho de Mello<\/strong>, em evento virtual de lan\u00e7amento das colet\u00e2neas &#8220;<a href=\"https:\/\/www.suno.com.br\/artigos\/fintechs\/\">Fintechs<\/a>, <a href=\"https:\/\/www.suno.com.br\/artigos\/banco-digital\/\">Bancos Digitais<\/a> e Meios de Pagamento&#8221;, promovido por Focaccia Amaral Lamonica (FAS) Advogados.<\/p>\n<p><a href=\"https:\/\/lp.suno.com.br\/suno-one\/\">Suno One: acesse gratuitamente eBooks, Minicursos, Artigos e Video Aulas sobre investimentos com um \u00fanico cadastro. Clique para saber mais!<\/a><\/p>\n<p>Junto a Pinho de Mello, o diretor de Regula\u00e7\u00e3o do BC, <strong>Otavio Ribeiro Damaso<\/strong>, tamb\u00e9m disse que a legisla\u00e7\u00e3o cambial brasileira &#8220;\u00e9 muito antiga, arcaica&#8221;. Para ele, a aprova\u00e7\u00e3o no Congresso abrir\u00e1 espa\u00e7o para o Brasil &#8220;enfim poder fazer uma regula\u00e7\u00e3o mais flex\u00edvel, alinhada aos tempos modernos&#8221;. &#8220;Hoje, a legisla\u00e7\u00e3o cambial atrapalha muito o fluxo internacional&#8221;, frisou o diretor.<\/p>\n<h2>10 milh\u00f5es de chaves j\u00e1 foram registradas no Pix<\/h2>\n<p>O Banco Central comunicou, na \u00faltima ter\u00e7a-feira, o Pix j\u00e1 superou a marca de 10 milh\u00f5es de chaves registradas. De acordo com publica\u00e7\u00e3o da autoridade monet\u00e1ria, em sua <a href=\"https:\/\/twitter.com\/BancoCentralBR?s=20\">conta oficial no Twitter<\/a>, foram registradas 10.148.629 chaves do Pix no sistema, aberto apenas na \u00faltima segunda-feira (20).<\/p>\n\t<div data-element=\"shortcode-read-more\" class=\"knowMore\">\n\t\t\t\t<span class=\"knowMore__title\">Saiba mais<\/span>\n\t\t\t\t<a class=\"knowMore__link\" href=\"https:\/\/www.suno.com.br\/noticias\/bancos-instabilidade-cadastro-chaves-pix\/\">\n\t\t\tApps de bancos t\u00eam instabilidade em meio ao cadastro de chaves do PIX\t\t<\/a>\n\t<\/div>\n\n\n<p>O cadastro para utiliza\u00e7\u00e3o do novo meio de pagamento da autarquia federal exige informa\u00e7\u00f5es como n\u00famero de telefone celular, CPF, CNPJ ou e-mail.<\/p>\n<blockquote class=\"twitter-tweet\">\n<p dir=\"ltr\" lang=\"pt\">J\u00e1 s\u00e3o 10.148.629 de registros! Ja cadastrou a sua chave? Acesse sua conta pelo app e cadastre a sua, pode ser n\u00famero de telefone celular, CPF\/CNPJ ou e-mail! Venha para a nova forma de fazer pagamentos e transfer\u00eancias! <a href=\"https:\/\/twitter.com\/hashtag\/Pix?src=hash&amp;ref_src=twsrc%5Etfw\">#Pix<\/a> <a href=\"https:\/\/twitter.com\/hashtag\/pagamentosinstantaneos?src=hash&amp;ref_src=twsrc%5Etfw\">#pagamentosinstantaneos<\/a> <a href=\"https:\/\/t.co\/CMe6LLbJxB\">https:\/\/t.co\/CMe6LLbJxB<\/a> <a href=\"https:\/\/t.co\/hN1fAItnWb\">pic.twitter.com\/hN1fAItnWb<\/a><\/p>\n<p>\u2014 Banco Central BR (@BancoCentralBR) <a href=\"https:\/\/twitter.com\/BancoCentralBR\/status\/1313592755067772928?ref_src=twsrc%5Etfw\">October 6, 2020<\/a><\/p><\/blockquote>\n<p><script src=\"https:\/\/platform.twitter.com\/widgets.js\" async=\"\" charset=\"utf-8\"><\/script><\/p>\n<p>O <b>Pix <\/b>deve entrar em funcionamento no dia 16 de novembro. O BC estima mudar a forma com que as pessoas realizam o pagamento de contas e fazem compras, eliminando a necessidade de dinheiro ou <a href=\"https:\/\/www.suno.com.br\/artigos\/cartao-de-credito-pre-pago\/\">cart\u00e3o<\/a>. A plataforma trar\u00e1 vantagens como usar o n\u00famero de celular, por exemplo, para fazer uma transfer\u00eancia sem precisar recorrer a todas as informa\u00e7\u00f5es exigidas atualmente para a realiza\u00e7\u00e3o de uma remessa de recursos. <a href=\"https:\/\/www.suno.com.br\/noticias\/bc-anuncia-possibilidade-saques-pix-2021\/\">Tamb\u00e9m ser\u00e1 poss\u00edvel sacar dinheiro em uma loja sem precisar ir ao caixa eletr\u00f4nico<\/a>.<\/p>\n<p><em>Com informa\u00e7\u00f5es do Estad\u00e3o Conte\u00fado.<\/em><\/p>\n\t<p>\n\t\t<a href=\"https:\/\/lp.suno.com.br\/planilha-de-controle-de-investimentos\/\" target=\"_blank\" data-element=\"shortcode-suno-banner\" title=\"Banner SUNO, clique e saiba mais\">\n\t\t\t<picture>\n\t\t\t\t<source media=\"(max-width: 500px)\" srcset=\"https:\/\/files.sunoresearch.com.br\/n\/uploads\/2023\/03\/400x300-Controle-de-Investimentos.png\">\n\t\t\t\t<img class=\"newsContent__article__imgCapa newsContent__article__imgCapa--banner\"\n\t\t\t\t\tsrc=\"https:\/\/files.sunoresearch.com.br\/n\/uploads\/2023\/03\/1420x240-Controle-de-Investimentos.png\"\n\t\t\t\t\tdata-promo-id=\"75934\"\t\t\t\t\t\t\t\t\t\twidth='1420' height='240'\t\t\t\t\talt=\"https:\/\/files.sunoresearch.com.br\/n\/uploads\/2023\/03\/1420x240-Controle-de-Investimentos.png\"\n\t\t\t\t>\n\t\t\t<\/picture>\n\t\t<\/a>\n\t<\/p>\n\n\n","protected":false},"excerpt":{"rendered":"<p>Segundo o diretor de Organiza\u00e7\u00e3o do Sistema Financeiro do Banco Central (BC), Jo\u00e3o Manoel Pinho de Mello, a autoridade monet\u00e1ria central do Pa\u00eds est\u00e1 avaliando a possibilidade de permitir transfer\u00eancias internacionais por meio do Pix, novo sistema de pagamentos instant\u00e2neos. Segundo ele, em declara\u00e7\u00e3o dada na \u00faltima ter\u00e7a-feira (6), esse processo pode entrar em funcionamento [&hellip;]<\/p>\n","protected":false},"author":24,"featured_media":90067,"comment_status":"closed","ping_status":"closed","sticky":false,"template":"","format":"standard","meta":[],"categories":[62],"tags":[1842,2637],"suno_strategy":[],"class_list":["post-89995","post","type-post","status-publish","format-standard","has-post-thumbnail","hentry","category-economia","tag-banco-central-bc","tag-pix"],"yoast_head":"<!-- This site is optimized with the Yoast SEO plugin v24.4 - https:\/\/yoast.com\/wordpress\/plugins\/seo\/ -->\n<title>Pix pode chegar ao exterior em 2022 ou 2023, diz Pinho de Mello<\/title>\n<meta name=\"description\" content=\"Segundo o diretor do BC Jo\u00e3o Manoel Pinho de Mello, a autoridade monet\u00e1ria est\u00e1 avaliando a implementa\u00e7\u00e3o do Pix no exterior. Saiba mais.\" \/>\n<meta name=\"robots\" content=\"index, follow, max-snippet:-1, max-image-preview:large, max-video-preview:-1\" \/>\n<link rel=\"canonical\" href=\"https:\/\/www.suno.com.br\/noticias\/pix-no-exterior-2022-2023-diz-pinho-de-mello\/\" \/>\n<meta property=\"og:locale\" content=\"pt_BR\" \/>\n<meta property=\"og:type\" content=\"article\" \/>\n<meta property=\"og:title\" content=\"Pix pode chegar ao exterior em 2022 ou 2023, diz Pinho de Mello\" \/>\n<meta property=\"og:description\" content=\"Segundo o diretor do BC Jo\u00e3o Manoel Pinho de Mello, a autoridade monet\u00e1ria est\u00e1 avaliando a implementa\u00e7\u00e3o do Pix no exterior. Saiba mais.\" \/>\n<meta property=\"og:url\" content=\"https:\/\/www.suno.com.br\/noticias\/pix-no-exterior-2022-2023-diz-pinho-de-mello\/\" \/>\n<meta property=\"og:site_name\" content=\"Suno Not\u00edcias\" \/>\n<meta property=\"article:publisher\" content=\"https:\/\/facebook.com\/sunoresearch\" \/>\n<meta property=\"og:image\" content=\"https:\/\/files.sunoresearch.com.br\/n\/uploads\/2020\/10\/4c3f9d4c-joao-manoel.jpg\" \/>\n\t<meta property=\"og:image:width\" content=\"1500\" \/>\n\t<meta property=\"og:image:height\" content=\"1000\" \/>\n\t<meta property=\"og:image:type\" content=\"image\/jpeg\" \/>\n<meta name=\"author\" content=\"Jader Lazarini\" \/>\n<meta name=\"twitter:card\" content=\"summary_large_image\" \/>\n<meta name=\"twitter:creator\" content=\"@sunoresearch\" \/>\n<meta name=\"twitter:site\" content=\"@sunoresearch\" \/>\n<meta name=\"twitter:label1\" content=\"Escrito por\" \/>\n\t<meta name=\"twitter:data1\" content=\"Jader Lazarini\" \/>\n\t<meta name=\"twitter:label2\" content=\"Est. tempo de leitura\" \/>\n\t<meta name=\"twitter:data2\" content=\"3 minutos\" \/>\n<script type=\"application\/ld+json\" class=\"yoast-schema-graph\">{\"@context\":\"https:\/\/schema.org\",\"@graph\":[{\"@type\":\"NewsArticle\",\"@id\":\"https:\/\/www.suno.com.br\/noticias\/pix-no-exterior-2022-2023-diz-pinho-de-mello\/#article\",\"isPartOf\":{\"@id\":\"https:\/\/www.suno.com.br\/noticias\/pix-no-exterior-2022-2023-diz-pinho-de-mello\/\"},\"author\":{\"name\":\"Jader Lazarini\",\"@id\":\"https:\/\/www.suno.com.br\/noticias\/#\/schema\/person\/918d79de1f0281f01599b93f9ea6e23f\"},\"headline\":\"Pix pode chegar ao exterior em 2022 ou 2023, diz Pinho de Mello\",\"datePublished\":\"2020-10-07T12:22:20+00:00\",\"dateModified\":\"2020-10-07T13:51:12+00:00\",\"mainEntityOfPage\":{\"@id\":\"https:\/\/www.suno.com.br\/noticias\/pix-no-exterior-2022-2023-diz-pinho-de-mello\/\"},\"wordCount\":549,\"publisher\":{\"@id\":\"https:\/\/www.suno.com.br\/noticias\/#organization\"},\"image\":{\"@id\":\"https:\/\/www.suno.com.br\/noticias\/pix-no-exterior-2022-2023-diz-pinho-de-mello\/#primaryimage\"},\"thumbnailUrl\":\"https:\/\/files.sunoresearch.com.br\/n\/uploads\/2020\/10\/4c3f9d4c-joao-manoel-jpg.webp\",\"keywords\":[\"Banco Central (BC)\",\"PIX\"],\"articleSection\":[\"Economia\"],\"inLanguage\":\"pt-BR\"},{\"@type\":\"WebPage\",\"@id\":\"https:\/\/www.suno.com.br\/noticias\/pix-no-exterior-2022-2023-diz-pinho-de-mello\/\",\"url\":\"https:\/\/www.suno.com.br\/noticias\/pix-no-exterior-2022-2023-diz-pinho-de-mello\/\",\"name\":\"Pix pode chegar ao exterior em 2022 ou 2023, diz Pinho de Mello\",\"isPartOf\":{\"@id\":\"https:\/\/www.suno.com.br\/noticias\/#website\"},\"primaryImageOfPage\":{\"@id\":\"https:\/\/www.suno.com.br\/noticias\/pix-no-exterior-2022-2023-diz-pinho-de-mello\/#primaryimage\"},\"image\":{\"@id\":\"https:\/\/www.suno.com.br\/noticias\/pix-no-exterior-2022-2023-diz-pinho-de-mello\/#primaryimage\"},\"thumbnailUrl\":\"https:\/\/files.sunoresearch.com.br\/n\/uploads\/2020\/10\/4c3f9d4c-joao-manoel-jpg.webp\",\"datePublished\":\"2020-10-07T12:22:20+00:00\",\"dateModified\":\"2020-10-07T13:51:12+00:00\",\"description\":\"Segundo o diretor do BC Jo\u00e3o Manoel Pinho de Mello, a autoridade monet\u00e1ria est\u00e1 avaliando a implementa\u00e7\u00e3o do Pix no exterior. Saiba mais.\",\"breadcrumb\":{\"@id\":\"https:\/\/www.suno.com.br\/noticias\/pix-no-exterior-2022-2023-diz-pinho-de-mello\/#breadcrumb\"},\"inLanguage\":\"pt-BR\",\"potentialAction\":[{\"@type\":\"ReadAction\",\"target\":[\"https:\/\/www.suno.com.br\/noticias\/pix-no-exterior-2022-2023-diz-pinho-de-mello\/\"]}]},{\"@type\":\"ImageObject\",\"inLanguage\":\"pt-BR\",\"@id\":\"https:\/\/www.suno.com.br\/noticias\/pix-no-exterior-2022-2023-diz-pinho-de-mello\/#primaryimage\",\"url\":\"https:\/\/files.sunoresearch.com.br\/n\/uploads\/2020\/10\/4c3f9d4c-joao-manoel-jpg.webp\",\"contentUrl\":\"https:\/\/files.sunoresearch.com.br\/n\/uploads\/2020\/10\/4c3f9d4c-joao-manoel-jpg.webp\",\"width\":1500,\"height\":1000,\"caption\":\"Segundo o diretor do BC Jo\u00e3o Manoel Pinho de Mello, a autoridade monet\u00e1ria est\u00e1 avaliando a implementa\u00e7\u00e3o do Pix no exterior.\"},{\"@type\":\"BreadcrumbList\",\"@id\":\"https:\/\/www.suno.com.br\/noticias\/pix-no-exterior-2022-2023-diz-pinho-de-mello\/#breadcrumb\",\"itemListElement\":[{\"@type\":\"ListItem\",\"position\":1,\"name\":\"Not\u00edcias\",\"item\":\"https:\/\/www.suno.com.br\/noticias\/\"},{\"@type\":\"ListItem\",\"position\":2,\"name\":\"Economia\",\"item\":\"https:\/\/www.suno.com.br\/noticias\/economia\/\"},{\"@type\":\"ListItem\",\"position\":3,\"name\":\"Pix pode chegar ao exterior em 2022 ou 2023, diz Pinho de Mello\"}]},{\"@type\":\"WebSite\",\"@id\":\"https:\/\/www.suno.com.br\/noticias\/#website\",\"url\":\"https:\/\/www.suno.com.br\/noticias\/\",\"name\":\"Suno Not\u00edcias\",\"description\":\"Seu portal de informa\u00e7\u00e3o sobre o mundo dos investimentos\",\"publisher\":{\"@id\":\"https:\/\/www.suno.com.br\/noticias\/#organization\"},\"potentialAction\":[{\"@type\":\"SearchAction\",\"target\":{\"@type\":\"EntryPoint\",\"urlTemplate\":\"https:\/\/www.suno.com.br\/noticias\/?s={search_term_string}\"},\"query-input\":{\"@type\":\"PropertyValueSpecification\",\"valueRequired\":true,\"valueName\":\"search_term_string\"}}],\"inLanguage\":\"pt-BR\"},{\"@type\":\"Organization\",\"@id\":\"https:\/\/www.suno.com.br\/noticias\/#organization\",\"name\":\"Suno Not\u00edcias\",\"url\":\"https:\/\/www.suno.com.br\/noticias\/\",\"logo\":{\"@type\":\"ImageObject\",\"inLanguage\":\"pt-BR\",\"@id\":\"https:\/\/www.suno.com.br\/noticias\/#\/schema\/logo\/image\/\",\"url\":\"https:\/\/files.sunoresearch.com.br\/n\/uploads\/2021\/09\/suno-logo.png\",\"contentUrl\":\"https:\/\/files.sunoresearch.com.br\/n\/uploads\/2021\/09\/suno-logo.png\",\"width\":180,\"height\":180,\"caption\":\"Suno Not\u00edcias\"},\"image\":{\"@id\":\"https:\/\/www.suno.com.br\/noticias\/#\/schema\/logo\/image\/\"},\"sameAs\":[\"https:\/\/facebook.com\/sunoresearch\",\"https:\/\/x.com\/sunoresearch\",\"https:\/\/www.instagram.com\/suno\",\"https:\/\/www.linkedin.com\/company\/suno-research\/\",\"https:\/\/www.youtube.com\/c\/sunoresearch\"]},{\"@type\":\"Person\",\"@id\":\"https:\/\/www.suno.com.br\/noticias\/#\/schema\/person\/918d79de1f0281f01599b93f9ea6e23f\",\"name\":\"Jader Lazarini\",\"image\":{\"@type\":\"ImageObject\",\"inLanguage\":\"pt-BR\",\"@id\":\"https:\/\/www.suno.com.br\/noticias\/#\/schema\/person\/image\/\",\"url\":\"https:\/\/secure.gravatar.com\/avatar\/3c1ad8caa51589841baeb923fcddea97?s=96&r=g\",\"contentUrl\":\"https:\/\/secure.gravatar.com\/avatar\/3c1ad8caa51589841baeb923fcddea97?s=96&r=g\",\"caption\":\"Jader Lazarini\"},\"description\":\"Jader Lazarini escreve sobre investimentos, finan\u00e7as, economia e neg\u00f3cios. \u00c9 bacharel em Rela\u00e7\u00f5es Internacionais e analista CNPI (2619).\",\"url\":\"https:\/\/www.suno.com.br\/noticias\/author\/jader-lazarini\/\"}]}<\/script>\n<!-- \/ Yoast SEO plugin. -->","yoast_head_json":{"title":"Pix pode chegar ao exterior em 2022 ou 2023, diz Pinho de Mello","description":"Segundo o diretor do BC Jo\u00e3o Manoel Pinho de Mello, a autoridade monet\u00e1ria est\u00e1 avaliando a implementa\u00e7\u00e3o do Pix no exterior. Saiba mais.","robots":{"index":"index","follow":"follow","max-snippet":"max-snippet:-1","max-image-preview":"max-image-preview:large","max-video-preview":"max-video-preview:-1"},"canonical":"https:\/\/www.suno.com.br\/noticias\/pix-no-exterior-2022-2023-diz-pinho-de-mello\/","og_locale":"pt_BR","og_type":"article","og_title":"Pix pode chegar ao exterior em 2022 ou 2023, diz Pinho de Mello","og_description":"Segundo o diretor do BC Jo\u00e3o Manoel Pinho de Mello, a autoridade monet\u00e1ria est\u00e1 avaliando a implementa\u00e7\u00e3o do Pix no exterior. Saiba mais.","og_url":"https:\/\/www.suno.com.br\/noticias\/pix-no-exterior-2022-2023-diz-pinho-de-mello\/","og_site_name":"Suno Not\u00edcias","article_publisher":"https:\/\/facebook.com\/sunoresearch","og_image":[{"width":1500,"height":1000,"url":"https:\/\/files.sunoresearch.com.br\/n\/uploads\/2020\/10\/4c3f9d4c-joao-manoel.jpg","type":"image\/jpeg"}],"author":"Jader Lazarini","twitter_card":"summary_large_image","twitter_creator":"@sunoresearch","twitter_site":"@sunoresearch","twitter_misc":{"Escrito por":"Jader Lazarini","Est. tempo de leitura":"3 minutos"},"schema":{"@context":"https:\/\/schema.org","@graph":[{"@type":"NewsArticle","@id":"https:\/\/www.suno.com.br\/noticias\/pix-no-exterior-2022-2023-diz-pinho-de-mello\/#article","isPartOf":{"@id":"https:\/\/www.suno.com.br\/noticias\/pix-no-exterior-2022-2023-diz-pinho-de-mello\/"},"author":{"name":"Jader Lazarini","@id":"https:\/\/www.suno.com.br\/noticias\/#\/schema\/person\/918d79de1f0281f01599b93f9ea6e23f"},"headline":"Pix pode chegar ao exterior em 2022 ou 2023, diz Pinho de Mello","datePublished":"2020-10-07T12:22:20+00:00","dateModified":"2020-10-07T13:51:12+00:00","mainEntityOfPage":{"@id":"https:\/\/www.suno.com.br\/noticias\/pix-no-exterior-2022-2023-diz-pinho-de-mello\/"},"wordCount":549,"publisher":{"@id":"https:\/\/www.suno.com.br\/noticias\/#organization"},"image":{"@id":"https:\/\/www.suno.com.br\/noticias\/pix-no-exterior-2022-2023-diz-pinho-de-mello\/#primaryimage"},"thumbnailUrl":"https:\/\/files.sunoresearch.com.br\/n\/uploads\/2020\/10\/4c3f9d4c-joao-manoel-jpg.webp","keywords":["Banco Central (BC)","PIX"],"articleSection":["Economia"],"inLanguage":"pt-BR"},{"@type":"WebPage","@id":"https:\/\/www.suno.com.br\/noticias\/pix-no-exterior-2022-2023-diz-pinho-de-mello\/","url":"https:\/\/www.suno.com.br\/noticias\/pix-no-exterior-2022-2023-diz-pinho-de-mello\/","name":"Pix pode chegar ao exterior em 2022 ou 2023, diz Pinho de Mello","isPartOf":{"@id":"https:\/\/www.suno.com.br\/noticias\/#website"},"primaryImageOfPage":{"@id":"https:\/\/www.suno.com.br\/noticias\/pix-no-exterior-2022-2023-diz-pinho-de-mello\/#primaryimage"},"image":{"@id":"https:\/\/www.suno.com.br\/noticias\/pix-no-exterior-2022-2023-diz-pinho-de-mello\/#primaryimage"},"thumbnailUrl":"https:\/\/files.sunoresearch.com.br\/n\/uploads\/2020\/10\/4c3f9d4c-joao-manoel-jpg.webp","datePublished":"2020-10-07T12:22:20+00:00","dateModified":"2020-10-07T13:51:12+00:00","description":"Segundo o diretor do BC Jo\u00e3o Manoel Pinho de Mello, a autoridade monet\u00e1ria est\u00e1 avaliando a implementa\u00e7\u00e3o do Pix no exterior. Saiba mais.","breadcrumb":{"@id":"https:\/\/www.suno.com.br\/noticias\/pix-no-exterior-2022-2023-diz-pinho-de-mello\/#breadcrumb"},"inLanguage":"pt-BR","potentialAction":[{"@type":"ReadAction","target":["https:\/\/www.suno.com.br\/noticias\/pix-no-exterior-2022-2023-diz-pinho-de-mello\/"]}]},{"@type":"ImageObject","inLanguage":"pt-BR","@id":"https:\/\/www.suno.com.br\/noticias\/pix-no-exterior-2022-2023-diz-pinho-de-mello\/#primaryimage","url":"https:\/\/files.sunoresearch.com.br\/n\/uploads\/2020\/10\/4c3f9d4c-joao-manoel-jpg.webp","contentUrl":"https:\/\/files.sunoresearch.com.br\/n\/uploads\/2020\/10\/4c3f9d4c-joao-manoel-jpg.webp","width":1500,"height":1000,"caption":"Segundo o diretor do BC Jo\u00e3o Manoel Pinho de Mello, a autoridade monet\u00e1ria est\u00e1 avaliando a implementa\u00e7\u00e3o do Pix no exterior."},{"@type":"BreadcrumbList","@id":"https:\/\/www.suno.com.br\/noticias\/pix-no-exterior-2022-2023-diz-pinho-de-mello\/#breadcrumb","itemListElement":[{"@type":"ListItem","position":1,"name":"Not\u00edcias","item":"https:\/\/www.suno.com.br\/noticias\/"},{"@type":"ListItem","position":2,"name":"Economia","item":"https:\/\/www.suno.com.br\/noticias\/economia\/"},{"@type":"ListItem","position":3,"name":"Pix pode chegar ao exterior em 2022 ou 2023, diz Pinho de Mello"}]},{"@type":"WebSite","@id":"https:\/\/www.suno.com.br\/noticias\/#website","url":"https:\/\/www.suno.com.br\/noticias\/","name":"Suno Not\u00edcias","description":"Seu portal de informa\u00e7\u00e3o sobre o mundo dos investimentos","publisher":{"@id":"https:\/\/www.suno.com.br\/noticias\/#organization"},"potentialAction":[{"@type":"SearchAction","target":{"@type":"EntryPoint","urlTemplate":"https:\/\/www.suno.com.br\/noticias\/?s={search_term_string}"},"query-input":{"@type":"PropertyValueSpecification","valueRequired":true,"valueName":"search_term_string"}}],"inLanguage":"pt-BR"},{"@type":"Organization","@id":"https:\/\/www.suno.com.br\/noticias\/#organization","name":"Suno Not\u00edcias","url":"https:\/\/www.suno.com.br\/noticias\/","logo":{"@type":"ImageObject","inLanguage":"pt-BR","@id":"https:\/\/www.suno.com.br\/noticias\/#\/schema\/logo\/image\/","url":"https:\/\/files.sunoresearch.com.br\/n\/uploads\/2021\/09\/suno-logo.png","contentUrl":"https:\/\/files.sunoresearch.com.br\/n\/uploads\/2021\/09\/suno-logo.png","width":180,"height":180,"caption":"Suno Not\u00edcias"},"image":{"@id":"https:\/\/www.suno.com.br\/noticias\/#\/schema\/logo\/image\/"},"sameAs":["https:\/\/facebook.com\/sunoresearch","https:\/\/x.com\/sunoresearch","https:\/\/www.instagram.com\/suno","https:\/\/www.linkedin.com\/company\/suno-research\/","https:\/\/www.youtube.com\/c\/sunoresearch"]},{"@type":"Person","@id":"https:\/\/www.suno.com.br\/noticias\/#\/schema\/person\/918d79de1f0281f01599b93f9ea6e23f","name":"Jader Lazarini","image":{"@type":"ImageObject","inLanguage":"pt-BR","@id":"https:\/\/www.suno.com.br\/noticias\/#\/schema\/person\/image\/","url":"https:\/\/secure.gravatar.com\/avatar\/3c1ad8caa51589841baeb923fcddea97?s=96&r=g","contentUrl":"https:\/\/secure.gravatar.com\/avatar\/3c1ad8caa51589841baeb923fcddea97?s=96&r=g","caption":"Jader Lazarini"},"description":"Jader Lazarini escreve sobre investimentos, finan\u00e7as, economia e neg\u00f3cios. \u00c9 bacharel em Rela\u00e7\u00f5es Internacionais e analista CNPI (2619).","url":"https:\/\/www.suno.com.br\/noticias\/author\/jader-lazarini\/"}]}},"default_loop_html":"<div class=\"cardsPage__listCard__boxs\"><div class=\"cardsPage__listCard__boxs__img\"><a href=\"https:\/\/www.suno.com.br\/noticias\/pix-no-exterior-2022-2023-diz-pinho-de-mello\/\"><img class=\"mask\" src=\"https:\/\/www.suno.com.br\/noticias\/wp-content\/themes\/suno\/resources\/images\/spotlight\/spotlight1img\/bg-mask.png\" alt=\"Image Mask\"\/><img src=\"https:\/\/files.sunoresearch.com.br\/n\/uploads\/2020\/10\/4c3f9d4c-joao-manoel-400x200.webp\" alt=\"Pix pode chegar ao exterior em 2022 ou 2023, diz Pinho de Mello\"\/><\/a><span class=\"spotlightCategory\"><a href=\"https:\/\/www.suno.com.br\/noticias\/economia\/\">Economia<\/a><\/span><\/div><div class=\"cardsPage__listCard__boxs__content\"><a href=\"https:\/\/www.suno.com.br\/noticias\/pix-no-exterior-2022-2023-diz-pinho-de-mello\/\"><h2 class=\"content__title\">Pix pode chegar ao exterior em 2022 ou 2023, diz Pinho de Mello<\/h2><\/a><div class=\"newsContent__article__meta\"><div class=\"newsContent__article__meta__authorBox\"><a href=\"https:\/\/www.suno.com.br\/noticias\/author\/jader-lazarini\/\" class=\"authorBox__avatar noMobi\"><img src=\"https:\/\/files.sunoresearch.com.br\/n\/uploads\/2021\/01\/178e6598-foto-perfil-2-150x150.jpg\" alt=\"Jader Lazarini\"><\/a><div class=\"authorBox__name\"><span>por\n\t\t\t<a href=\"https:\/\/www.suno.com.br\/noticias\/author\/jader-lazarini\/\"><span itemprop=\"author\">Jader Lazarini<\/span><\/a><\/span><time datetime=\"2020-10-07T09:22:20-03:00\" itemprop=\"datePublished\">07\/10\/2020 09:22<\/time><\/div><\/div><\/div><\/div><\/div>","single_layout":"posts","amp_enabled":true,"_links":{"self":[{"href":"https:\/\/www.suno.com.br\/noticias\/wp-json\/wp\/v2\/posts\/89995"}],"collection":[{"href":"https:\/\/www.suno.com.br\/noticias\/wp-json\/wp\/v2\/posts"}],"about":[{"href":"https:\/\/www.suno.com.br\/noticias\/wp-json\/wp\/v2\/types\/post"}],"author":[{"embeddable":true,"href":"https:\/\/www.suno.com.br\/noticias\/wp-json\/wp\/v2\/users\/24"}],"replies":[{"embeddable":true,"href":"https:\/\/www.suno.com.br\/noticias\/wp-json\/wp\/v2\/comments?post=89995"}],"version-history":[{"count":0,"href":"https:\/\/www.suno.com.br\/noticias\/wp-json\/wp\/v2\/posts\/89995\/revisions"}],"wp:featuredmedia":[{"embeddable":true,"href":"https:\/\/www.suno.com.br\/noticias\/wp-json\/wp\/v2\/media\/90067"}],"wp:attachment":[{"href":"https:\/\/www.suno.com.br\/noticias\/wp-json\/wp\/v2\/media?parent=89995"}],"wp:term":[{"taxonomy":"category","embeddable":true,"href":"https:\/\/www.suno.com.br\/noticias\/wp-json\/wp\/v2\/categories?post=89995"},{"taxonomy":"post_tag","embeddable":true,"href":"https:\/\/www.suno.com.br\/noticias\/wp-json\/wp\/v2\/tags?post=89995"},{"taxonomy":"suno_strategy","embeddable":true,"href":"https:\/\/www.suno.com.br\/noticias\/wp-json\/wp\/v2\/suno_strategy?post=89995"}],"curies":[{"name":"wp","href":"https:\/\/api.w.org\/{rel}","templated":true}]}}