{"id":89955,"date":"2020-10-06T18:42:10","date_gmt":"2020-10-06T21:42:10","guid":{"rendered":"https:\/\/www.suno.com.br\/noticias\/?p=89955"},"modified":"2020-10-06T18:42:10","modified_gmt":"2020-10-06T21:42:10","slug":"boeing-reduz-as-expectativas-de-demanda-global-por-voos-comerciais-em-11","status":"publish","type":"post","link":"https:\/\/www.suno.com.br\/noticias\/boeing-reduz-as-expectativas-de-demanda-global-por-voos-comerciais-em-11\/","title":{"rendered":"Boeing reduz as expectativas de demanda global por voos comerciais em 11%"},"content":{"rendered":"<p>A fabricante de aeronaves dos EUA, <strong>Boeing<\/strong> (<a href=\"https:\/\/www.suno.com.br\/artigos\/nyse\/\">NYSE<\/a>: BA), informou nesta ter\u00e7a-feira (6) ter reduzido suas expectativas para a <a href=\"https:\/\/www.suno.com.br\/artigos\/oferta-demanda\/\">demanda<\/a> global por voos comerciais nos pr\u00f3ximos dez anos em 11%, representando uma perda estimada de receita de US$ 200 bilh\u00f5es para a ind\u00fastria, \u00e0 medida que as <strong>companhias a\u00e9reas<\/strong> reduzem suas frotas.<\/p>\t<div class=\"wrapper-featured-image\">\n\t\t<figure class=\"spotlightImg\">\n\n\t\t\t<picture>\n\t\t\t\t<source media=\"(max-width: 768px)\" srcset=\"https:\/\/files.sunoresearch.com.br\/n\/uploads\/2020\/10\/1ac4c42b-boeing-sofre-com-os-efeitos-da-pandemia-do-coronavirus-covid-19-800x450-1-400x200.webp\">\n\t\t\t\t<img loading=\"lazy\" decoding=\"async\" class=\"newsContent__article__imgCapa lazyloadDisabled \" src=\"https:\/\/files.sunoresearch.com.br\/n\/uploads\/2020\/10\/1ac4c42b-boeing-sofre-com-os-efeitos-da-pandemia-do-coronavirus-covid-19-800x450-1-jpg.webp\" width=\"800\" height=\"450\" alt=\"Boeing reduz as expectativas de demanda global por voos comerciais em 11%\" fetchpriority=high \/>\n\t\t\t<\/picture>\n\n\t\t\t<figcaption class=\"wp-caption-text wp-caption-text--show\">Boeing reduz as expectativas de demanda global por voos comerciais em 11%<\/figcaption>\n\t\t<\/figure>\n\t<\/div>\n\n\n<div class=\"hubspot-form-wrapper\">\n\t<div id=\"single-form-target\"><\/div>\n<\/div>\n\n<p>A Boeing expressou pessimismo ao falar sobre a recupera\u00e7\u00e3o do setor de avia\u00e7\u00e3o em sua perspectiva anual para a demanda de <strong>voos comerciais<\/strong> nas pr\u00f3ximas duas d\u00e9cadas. A nova previs\u00e3o leva o valor da demanda de 10 anos de US$ 3,1 trilh\u00f5es para US$ 2,9 trilh\u00f5es a pre\u00e7os de lista, para 18.350 jatos.<\/p>\n<p>Em particular, a Boeing reduziu significativamente as expectativas para aeronaves de corredor duplo usadas em viagens de longa dist\u00e2ncia.<\/p>\n<p><a href=\"https:\/\/lp.suno.com.br\/suno-one\/\">Conhe\u00e7a o Suno One, a central gratuita de informa\u00e7\u00f5es da Suno para quem quer aprender a investir. Acesse clicando aqui.<\/a><\/p>\n<p>\u201cVemos que leva cinco anos ou mais para recuperar a tend\u00eancia de longo prazo\u201d, disse Darren Hulst, vice-presidente de marketing comercial da Boeing. \u201cA demanda de corpo largo est\u00e1 tendo o maior impacto.\u201d<\/p>\n<p>Hulst ainda declarou que o setor \u201cem 10 a 20 anos retornar\u00e1 \u00e0 tend\u00eancia de crescimento de longo prazo de 4,5% ao ano.\u201d<\/p>\n<h2>Conselho da Boeing \u00e9 acusado de omiss\u00e3o na crise do 737 MAX, diz jornal<\/h2>\n<p>O conselho da <strong>Boeing<\/strong>\u00a0\u00e9 acusado de n\u00e3o supervisionar de maneira adequada a resposta da administra\u00e7\u00e3o da companhia no que concerne aos dois acidentes envolvendo o 737 MAX e os problemas de seguran\u00e7a do modelo. As informa\u00e7\u00f5es s\u00e3o do jornal &#8220;The Wall Street Journal&#8221;.<\/p>\n<p>O processo, movido por acionistas citando documentos internos da companhia,foi protocolado no in\u00edcio deste m\u00eas e alega que o ent\u00e3o <a href=\"https:\/\/www.suno.com.br\/artigos\/ceo\/\">CEO<\/a> da Boeing, Dennis Muilenburg, enganou o que os reclamantes classificaram como um conselho &#8220;amplamente passivo&#8221;. Os diretores ainda estariam supostamente preocupados com not\u00edcias negativas, deixando de pressionar a administra\u00e7\u00e3o obre problemas espec\u00edficos de engenharia do <strong>737 MAX<\/strong>.<\/p>\n<p><a href=\"https:\/\/www.suno.com.br\/noticias\/conselho-boeing-acusado-omissao-737-max\/\">Saiba Mais: Conselho da Boeing \u00e9 acusado de omiss\u00e3o na crise do 737 MAX, diz jornal<\/a><\/p>\n<p>Um <strong>porta-voz<\/strong> da fabricante aeroespacial norte-americano afirmou que a a\u00e7\u00e3o carece de m\u00e9rito e a companhia ir\u00e1 buscar arquiv\u00e1-lo at\u00e9 o final deste ano. O representante da empresa ainda acrescentou que, antes dos dois acidentes, a Boeing apresentava protocolos em vigor que exigiam relat\u00f3rios de n\u00edvel de diretoria sobre o 737 MAX e outros t\u00f3picos de design, desenvolvimento e seguran\u00e7a, enquanto o processo alega que o conselho se omitia repetidamente.<\/p>\n<p>\u201cComo se poderia esperar de uma a\u00e7\u00e3o por parte dos reclamantes em um processo como este, a alega\u00e7\u00e3o apresenta uma imagem unilateral e enganosa das atividades da <strong>Boeing<\/strong> e de seu conselho durante este per\u00edodo de tempo\u201d, destacou o porta-voz.<\/p>\n\t<p>\n\t\t<a href=\"https:\/\/lp.suno.com.br\/planilha-de-controle-de-investimentos\/\" target=\"_blank\" data-element=\"shortcode-suno-banner\" title=\"Banner SUNO, clique e saiba mais\">\n\t\t\t<picture>\n\t\t\t\t<source media=\"(max-width: 500px)\" srcset=\"https:\/\/files.sunoresearch.com.br\/n\/uploads\/2023\/03\/400x300-Controle-de-Investimentos.png\">\n\t\t\t\t<img class=\"newsContent__article__imgCapa newsContent__article__imgCapa--banner\"\n\t\t\t\t\tsrc=\"https:\/\/files.sunoresearch.com.br\/n\/uploads\/2023\/03\/1420x240-Controle-de-Investimentos.png\"\n\t\t\t\t\tdata-promo-id=\"75934\"\t\t\t\t\t\t\t\t\t\twidth='1420' height='240'\t\t\t\t\talt=\"https:\/\/files.sunoresearch.com.br\/n\/uploads\/2023\/03\/1420x240-Controle-de-Investimentos.png\"\n\t\t\t\t>\n\t\t\t<\/picture>\n\t\t<\/a>\n\t<\/p>\n\n\n<p>&nbsp;<\/p>\n","protected":false},"excerpt":{"rendered":"<p>A fabricante de aeronaves dos EUA, Boeing (NYSE: BA), informou nesta ter\u00e7a-feira (6) ter reduzido suas expectativas para a demanda global por voos comerciais nos pr\u00f3ximos dez anos em 11%, representando uma perda estimada de receita de US$ 200 bilh\u00f5es para a ind\u00fastria, \u00e0 medida que as companhias a\u00e9reas reduzem suas frotas. Boeing reduz as [&hellip;]<\/p>\n","protected":false},"author":56,"featured_media":89972,"comment_status":"closed","ping_status":"closed","sticky":false,"template":"","format":"standard","meta":[],"categories":[64],"tags":[828,5255],"suno_strategy":[],"class_list":["post-89955","post","type-post","status-publish","format-standard","has-post-thumbnail","hentry","category-negocios","tag-boeing-boei34","tag-covid-19"],"yoast_head":"<!-- This site is optimized with the Yoast SEO plugin v24.4 - https:\/\/yoast.com\/wordpress\/plugins\/seo\/ -->\n<title>Boeing reduz as expectativas de demanda global por voos em 11%<\/title>\n<meta name=\"description\" content=\"A Boeing informou que a redu\u00e7\u00e3o de 11%, representa uma perda estimada de receita de US$ 200 bi para a ind\u00fastria. Clique aqui para saber mais.\" \/>\n<meta name=\"robots\" content=\"index, follow, max-snippet:-1, max-image-preview:large, max-video-preview:-1\" \/>\n<link rel=\"canonical\" href=\"https:\/\/www.suno.com.br\/noticias\/boeing-reduz-as-expectativas-de-demanda-global-por-voos-comerciais-em-11\/\" \/>\n<meta property=\"og:locale\" content=\"pt_BR\" \/>\n<meta property=\"og:type\" content=\"article\" \/>\n<meta property=\"og:title\" content=\"Boeing reduz as expectativas de demanda global por voos em 11%\" \/>\n<meta property=\"og:description\" content=\"A Boeing informou que a redu\u00e7\u00e3o de 11%, representa uma perda estimada de receita de US$ 200 bi para a ind\u00fastria. Clique aqui para saber mais.\" \/>\n<meta property=\"og:url\" content=\"https:\/\/www.suno.com.br\/noticias\/boeing-reduz-as-expectativas-de-demanda-global-por-voos-comerciais-em-11\/\" \/>\n<meta property=\"og:site_name\" content=\"Suno Not\u00edcias\" \/>\n<meta property=\"article:publisher\" content=\"https:\/\/facebook.com\/sunoresearch\" \/>\n<meta property=\"og:image\" content=\"https:\/\/files.sunoresearch.com.br\/n\/uploads\/2020\/10\/1ac4c42b-boeing-sofre-com-os-efeitos-da-pandemia-do-coronavirus-covid-19-800x450-1.jpg\" \/>\n\t<meta property=\"og:image:width\" content=\"800\" \/>\n\t<meta property=\"og:image:height\" content=\"450\" \/>\n\t<meta property=\"og:image:type\" content=\"image\/jpeg\" \/>\n<meta name=\"author\" content=\"Rafaela La Regina\" \/>\n<meta name=\"twitter:card\" content=\"summary_large_image\" \/>\n<meta name=\"twitter:creator\" content=\"@sunoresearch\" \/>\n<meta name=\"twitter:site\" content=\"@sunoresearch\" \/>\n<meta name=\"twitter:label1\" content=\"Escrito por\" \/>\n\t<meta name=\"twitter:data1\" content=\"Rafaela La Regina\" \/>\n\t<meta name=\"twitter:label2\" content=\"Est. tempo de leitura\" \/>\n\t<meta name=\"twitter:data2\" content=\"2 minutos\" \/>\n<script type=\"application\/ld+json\" class=\"yoast-schema-graph\">{\"@context\":\"https:\/\/schema.org\",\"@graph\":[{\"@type\":\"NewsArticle\",\"@id\":\"https:\/\/www.suno.com.br\/noticias\/boeing-reduz-as-expectativas-de-demanda-global-por-voos-comerciais-em-11\/#article\",\"isPartOf\":{\"@id\":\"https:\/\/www.suno.com.br\/noticias\/boeing-reduz-as-expectativas-de-demanda-global-por-voos-comerciais-em-11\/\"},\"author\":{\"name\":\"Rafaela La Regina\",\"@id\":\"https:\/\/www.suno.com.br\/noticias\/#\/schema\/person\/e672ca8cea627fe715fa29bca7da95e0\"},\"headline\":\"Boeing reduz as expectativas de demanda global por voos comerciais em 11%\",\"datePublished\":\"2020-10-06T21:42:10+00:00\",\"mainEntityOfPage\":{\"@id\":\"https:\/\/www.suno.com.br\/noticias\/boeing-reduz-as-expectativas-de-demanda-global-por-voos-comerciais-em-11\/\"},\"wordCount\":492,\"publisher\":{\"@id\":\"https:\/\/www.suno.com.br\/noticias\/#organization\"},\"image\":{\"@id\":\"https:\/\/www.suno.com.br\/noticias\/boeing-reduz-as-expectativas-de-demanda-global-por-voos-comerciais-em-11\/#primaryimage\"},\"thumbnailUrl\":\"https:\/\/files.sunoresearch.com.br\/n\/uploads\/2020\/10\/1ac4c42b-boeing-sofre-com-os-efeitos-da-pandemia-do-coronavirus-covid-19-800x450-1-jpg.webp\",\"keywords\":[\"Boeing (BOEI34)\",\"covid-19\"],\"articleSection\":[\"Neg\u00f3cios\"],\"inLanguage\":\"pt-BR\"},{\"@type\":\"WebPage\",\"@id\":\"https:\/\/www.suno.com.br\/noticias\/boeing-reduz-as-expectativas-de-demanda-global-por-voos-comerciais-em-11\/\",\"url\":\"https:\/\/www.suno.com.br\/noticias\/boeing-reduz-as-expectativas-de-demanda-global-por-voos-comerciais-em-11\/\",\"name\":\"Boeing reduz as expectativas de demanda global por voos em 11%\",\"isPartOf\":{\"@id\":\"https:\/\/www.suno.com.br\/noticias\/#website\"},\"primaryImageOfPage\":{\"@id\":\"https:\/\/www.suno.com.br\/noticias\/boeing-reduz-as-expectativas-de-demanda-global-por-voos-comerciais-em-11\/#primaryimage\"},\"image\":{\"@id\":\"https:\/\/www.suno.com.br\/noticias\/boeing-reduz-as-expectativas-de-demanda-global-por-voos-comerciais-em-11\/#primaryimage\"},\"thumbnailUrl\":\"https:\/\/files.sunoresearch.com.br\/n\/uploads\/2020\/10\/1ac4c42b-boeing-sofre-com-os-efeitos-da-pandemia-do-coronavirus-covid-19-800x450-1-jpg.webp\",\"datePublished\":\"2020-10-06T21:42:10+00:00\",\"description\":\"A Boeing informou que a redu\u00e7\u00e3o de 11%, representa uma perda estimada de receita de US$ 200 bi para a ind\u00fastria. Clique aqui para saber mais.\",\"breadcrumb\":{\"@id\":\"https:\/\/www.suno.com.br\/noticias\/boeing-reduz-as-expectativas-de-demanda-global-por-voos-comerciais-em-11\/#breadcrumb\"},\"inLanguage\":\"pt-BR\",\"potentialAction\":[{\"@type\":\"ReadAction\",\"target\":[\"https:\/\/www.suno.com.br\/noticias\/boeing-reduz-as-expectativas-de-demanda-global-por-voos-comerciais-em-11\/\"]}]},{\"@type\":\"ImageObject\",\"inLanguage\":\"pt-BR\",\"@id\":\"https:\/\/www.suno.com.br\/noticias\/boeing-reduz-as-expectativas-de-demanda-global-por-voos-comerciais-em-11\/#primaryimage\",\"url\":\"https:\/\/files.sunoresearch.com.br\/n\/uploads\/2020\/10\/1ac4c42b-boeing-sofre-com-os-efeitos-da-pandemia-do-coronavirus-covid-19-800x450-1-jpg.webp\",\"contentUrl\":\"https:\/\/files.sunoresearch.com.br\/n\/uploads\/2020\/10\/1ac4c42b-boeing-sofre-com-os-efeitos-da-pandemia-do-coronavirus-covid-19-800x450-1-jpg.webp\",\"width\":800,\"height\":450,\"caption\":\"Boeing reduz as expectativas de demanda global por voos comerciais em 11%\"},{\"@type\":\"BreadcrumbList\",\"@id\":\"https:\/\/www.suno.com.br\/noticias\/boeing-reduz-as-expectativas-de-demanda-global-por-voos-comerciais-em-11\/#breadcrumb\",\"itemListElement\":[{\"@type\":\"ListItem\",\"position\":1,\"name\":\"Not\u00edcias\",\"item\":\"https:\/\/www.suno.com.br\/noticias\/\"},{\"@type\":\"ListItem\",\"position\":2,\"name\":\"Neg\u00f3cios\",\"item\":\"https:\/\/www.suno.com.br\/noticias\/negocios\/\"},{\"@type\":\"ListItem\",\"position\":3,\"name\":\"Boeing reduz as expectativas de demanda global por voos comerciais em 11%\"}]},{\"@type\":\"WebSite\",\"@id\":\"https:\/\/www.suno.com.br\/noticias\/#website\",\"url\":\"https:\/\/www.suno.com.br\/noticias\/\",\"name\":\"Suno Not\u00edcias\",\"description\":\"Seu portal de informa\u00e7\u00e3o sobre o mundo dos investimentos\",\"publisher\":{\"@id\":\"https:\/\/www.suno.com.br\/noticias\/#organization\"},\"potentialAction\":[{\"@type\":\"SearchAction\",\"target\":{\"@type\":\"EntryPoint\",\"urlTemplate\":\"https:\/\/www.suno.com.br\/noticias\/?s={search_term_string}\"},\"query-input\":{\"@type\":\"PropertyValueSpecification\",\"valueRequired\":true,\"valueName\":\"search_term_string\"}}],\"inLanguage\":\"pt-BR\"},{\"@type\":\"Organization\",\"@id\":\"https:\/\/www.suno.com.br\/noticias\/#organization\",\"name\":\"Suno Not\u00edcias\",\"url\":\"https:\/\/www.suno.com.br\/noticias\/\",\"logo\":{\"@type\":\"ImageObject\",\"inLanguage\":\"pt-BR\",\"@id\":\"https:\/\/www.suno.com.br\/noticias\/#\/schema\/logo\/image\/\",\"url\":\"https:\/\/files.sunoresearch.com.br\/n\/uploads\/2021\/09\/suno-logo.png\",\"contentUrl\":\"https:\/\/files.sunoresearch.com.br\/n\/uploads\/2021\/09\/suno-logo.png\",\"width\":180,\"height\":180,\"caption\":\"Suno Not\u00edcias\"},\"image\":{\"@id\":\"https:\/\/www.suno.com.br\/noticias\/#\/schema\/logo\/image\/\"},\"sameAs\":[\"https:\/\/facebook.com\/sunoresearch\",\"https:\/\/x.com\/sunoresearch\",\"https:\/\/www.instagram.com\/suno\",\"https:\/\/www.linkedin.com\/company\/suno-research\/\",\"https:\/\/www.youtube.com\/c\/sunoresearch\"]},{\"@type\":\"Person\",\"@id\":\"https:\/\/www.suno.com.br\/noticias\/#\/schema\/person\/e672ca8cea627fe715fa29bca7da95e0\",\"name\":\"Rafaela La Regina\",\"image\":{\"@type\":\"ImageObject\",\"inLanguage\":\"pt-BR\",\"@id\":\"https:\/\/www.suno.com.br\/noticias\/#\/schema\/person\/image\/\",\"url\":\"https:\/\/secure.gravatar.com\/avatar\/d2c75a52d243deb93d0465fdcb21bd37?s=96&r=g\",\"contentUrl\":\"https:\/\/secure.gravatar.com\/avatar\/d2c75a52d243deb93d0465fdcb21bd37?s=96&r=g\",\"caption\":\"Rafaela La Regina\"},\"description\":\"Estagi\u00e1ria no Suno Not\u00edcias. Escreve sobre economia, pol\u00edtica e neg\u00f3cios. Estuda Rela\u00e7\u00f5es Internacionais no IBMEC-SP.\",\"url\":\"https:\/\/www.suno.com.br\/noticias\/author\/rafaela-la-regina\/\"}]}<\/script>\n<!-- \/ Yoast SEO plugin. -->","yoast_head_json":{"title":"Boeing reduz as expectativas de demanda global por voos em 11%","description":"A Boeing informou que a redu\u00e7\u00e3o de 11%, representa uma perda estimada de receita de US$ 200 bi para a ind\u00fastria. Clique aqui para saber mais.","robots":{"index":"index","follow":"follow","max-snippet":"max-snippet:-1","max-image-preview":"max-image-preview:large","max-video-preview":"max-video-preview:-1"},"canonical":"https:\/\/www.suno.com.br\/noticias\/boeing-reduz-as-expectativas-de-demanda-global-por-voos-comerciais-em-11\/","og_locale":"pt_BR","og_type":"article","og_title":"Boeing reduz as expectativas de demanda global por voos em 11%","og_description":"A Boeing informou que a redu\u00e7\u00e3o de 11%, representa uma perda estimada de receita de US$ 200 bi para a ind\u00fastria. Clique aqui para saber mais.","og_url":"https:\/\/www.suno.com.br\/noticias\/boeing-reduz-as-expectativas-de-demanda-global-por-voos-comerciais-em-11\/","og_site_name":"Suno Not\u00edcias","article_publisher":"https:\/\/facebook.com\/sunoresearch","og_image":[{"width":800,"height":450,"url":"https:\/\/files.sunoresearch.com.br\/n\/uploads\/2020\/10\/1ac4c42b-boeing-sofre-com-os-efeitos-da-pandemia-do-coronavirus-covid-19-800x450-1.jpg","type":"image\/jpeg"}],"author":"Rafaela La Regina","twitter_card":"summary_large_image","twitter_creator":"@sunoresearch","twitter_site":"@sunoresearch","twitter_misc":{"Escrito por":"Rafaela La Regina","Est. tempo de leitura":"2 minutos"},"schema":{"@context":"https:\/\/schema.org","@graph":[{"@type":"NewsArticle","@id":"https:\/\/www.suno.com.br\/noticias\/boeing-reduz-as-expectativas-de-demanda-global-por-voos-comerciais-em-11\/#article","isPartOf":{"@id":"https:\/\/www.suno.com.br\/noticias\/boeing-reduz-as-expectativas-de-demanda-global-por-voos-comerciais-em-11\/"},"author":{"name":"Rafaela La Regina","@id":"https:\/\/www.suno.com.br\/noticias\/#\/schema\/person\/e672ca8cea627fe715fa29bca7da95e0"},"headline":"Boeing reduz as expectativas de demanda global por voos comerciais em 11%","datePublished":"2020-10-06T21:42:10+00:00","mainEntityOfPage":{"@id":"https:\/\/www.suno.com.br\/noticias\/boeing-reduz-as-expectativas-de-demanda-global-por-voos-comerciais-em-11\/"},"wordCount":492,"publisher":{"@id":"https:\/\/www.suno.com.br\/noticias\/#organization"},"image":{"@id":"https:\/\/www.suno.com.br\/noticias\/boeing-reduz-as-expectativas-de-demanda-global-por-voos-comerciais-em-11\/#primaryimage"},"thumbnailUrl":"https:\/\/files.sunoresearch.com.br\/n\/uploads\/2020\/10\/1ac4c42b-boeing-sofre-com-os-efeitos-da-pandemia-do-coronavirus-covid-19-800x450-1-jpg.webp","keywords":["Boeing (BOEI34)","covid-19"],"articleSection":["Neg\u00f3cios"],"inLanguage":"pt-BR"},{"@type":"WebPage","@id":"https:\/\/www.suno.com.br\/noticias\/boeing-reduz-as-expectativas-de-demanda-global-por-voos-comerciais-em-11\/","url":"https:\/\/www.suno.com.br\/noticias\/boeing-reduz-as-expectativas-de-demanda-global-por-voos-comerciais-em-11\/","name":"Boeing reduz as expectativas de demanda global por voos em 11%","isPartOf":{"@id":"https:\/\/www.suno.com.br\/noticias\/#website"},"primaryImageOfPage":{"@id":"https:\/\/www.suno.com.br\/noticias\/boeing-reduz-as-expectativas-de-demanda-global-por-voos-comerciais-em-11\/#primaryimage"},"image":{"@id":"https:\/\/www.suno.com.br\/noticias\/boeing-reduz-as-expectativas-de-demanda-global-por-voos-comerciais-em-11\/#primaryimage"},"thumbnailUrl":"https:\/\/files.sunoresearch.com.br\/n\/uploads\/2020\/10\/1ac4c42b-boeing-sofre-com-os-efeitos-da-pandemia-do-coronavirus-covid-19-800x450-1-jpg.webp","datePublished":"2020-10-06T21:42:10+00:00","description":"A Boeing informou que a redu\u00e7\u00e3o de 11%, representa uma perda estimada de receita de US$ 200 bi para a ind\u00fastria. Clique aqui para saber mais.","breadcrumb":{"@id":"https:\/\/www.suno.com.br\/noticias\/boeing-reduz-as-expectativas-de-demanda-global-por-voos-comerciais-em-11\/#breadcrumb"},"inLanguage":"pt-BR","potentialAction":[{"@type":"ReadAction","target":["https:\/\/www.suno.com.br\/noticias\/boeing-reduz-as-expectativas-de-demanda-global-por-voos-comerciais-em-11\/"]}]},{"@type":"ImageObject","inLanguage":"pt-BR","@id":"https:\/\/www.suno.com.br\/noticias\/boeing-reduz-as-expectativas-de-demanda-global-por-voos-comerciais-em-11\/#primaryimage","url":"https:\/\/files.sunoresearch.com.br\/n\/uploads\/2020\/10\/1ac4c42b-boeing-sofre-com-os-efeitos-da-pandemia-do-coronavirus-covid-19-800x450-1-jpg.webp","contentUrl":"https:\/\/files.sunoresearch.com.br\/n\/uploads\/2020\/10\/1ac4c42b-boeing-sofre-com-os-efeitos-da-pandemia-do-coronavirus-covid-19-800x450-1-jpg.webp","width":800,"height":450,"caption":"Boeing reduz as expectativas de demanda global por voos comerciais em 11%"},{"@type":"BreadcrumbList","@id":"https:\/\/www.suno.com.br\/noticias\/boeing-reduz-as-expectativas-de-demanda-global-por-voos-comerciais-em-11\/#breadcrumb","itemListElement":[{"@type":"ListItem","position":1,"name":"Not\u00edcias","item":"https:\/\/www.suno.com.br\/noticias\/"},{"@type":"ListItem","position":2,"name":"Neg\u00f3cios","item":"https:\/\/www.suno.com.br\/noticias\/negocios\/"},{"@type":"ListItem","position":3,"name":"Boeing reduz as expectativas de demanda global por voos comerciais em 11%"}]},{"@type":"WebSite","@id":"https:\/\/www.suno.com.br\/noticias\/#website","url":"https:\/\/www.suno.com.br\/noticias\/","name":"Suno Not\u00edcias","description":"Seu portal de informa\u00e7\u00e3o sobre o mundo dos investimentos","publisher":{"@id":"https:\/\/www.suno.com.br\/noticias\/#organization"},"potentialAction":[{"@type":"SearchAction","target":{"@type":"EntryPoint","urlTemplate":"https:\/\/www.suno.com.br\/noticias\/?s={search_term_string}"},"query-input":{"@type":"PropertyValueSpecification","valueRequired":true,"valueName":"search_term_string"}}],"inLanguage":"pt-BR"},{"@type":"Organization","@id":"https:\/\/www.suno.com.br\/noticias\/#organization","name":"Suno Not\u00edcias","url":"https:\/\/www.suno.com.br\/noticias\/","logo":{"@type":"ImageObject","inLanguage":"pt-BR","@id":"https:\/\/www.suno.com.br\/noticias\/#\/schema\/logo\/image\/","url":"https:\/\/files.sunoresearch.com.br\/n\/uploads\/2021\/09\/suno-logo.png","contentUrl":"https:\/\/files.sunoresearch.com.br\/n\/uploads\/2021\/09\/suno-logo.png","width":180,"height":180,"caption":"Suno Not\u00edcias"},"image":{"@id":"https:\/\/www.suno.com.br\/noticias\/#\/schema\/logo\/image\/"},"sameAs":["https:\/\/facebook.com\/sunoresearch","https:\/\/x.com\/sunoresearch","https:\/\/www.instagram.com\/suno","https:\/\/www.linkedin.com\/company\/suno-research\/","https:\/\/www.youtube.com\/c\/sunoresearch"]},{"@type":"Person","@id":"https:\/\/www.suno.com.br\/noticias\/#\/schema\/person\/e672ca8cea627fe715fa29bca7da95e0","name":"Rafaela La Regina","image":{"@type":"ImageObject","inLanguage":"pt-BR","@id":"https:\/\/www.suno.com.br\/noticias\/#\/schema\/person\/image\/","url":"https:\/\/secure.gravatar.com\/avatar\/d2c75a52d243deb93d0465fdcb21bd37?s=96&r=g","contentUrl":"https:\/\/secure.gravatar.com\/avatar\/d2c75a52d243deb93d0465fdcb21bd37?s=96&r=g","caption":"Rafaela La Regina"},"description":"Estagi\u00e1ria no Suno Not\u00edcias. Escreve sobre economia, pol\u00edtica e neg\u00f3cios. Estuda Rela\u00e7\u00f5es Internacionais no IBMEC-SP.","url":"https:\/\/www.suno.com.br\/noticias\/author\/rafaela-la-regina\/"}]}},"default_loop_html":"<div class=\"cardsPage__listCard__boxs\"><div class=\"cardsPage__listCard__boxs__img\"><a href=\"https:\/\/www.suno.com.br\/noticias\/boeing-reduz-as-expectativas-de-demanda-global-por-voos-comerciais-em-11\/\"><img class=\"mask\" src=\"https:\/\/www.suno.com.br\/noticias\/wp-content\/themes\/suno\/resources\/images\/spotlight\/spotlight1img\/bg-mask.png\" alt=\"Image Mask\"\/><img src=\"https:\/\/files.sunoresearch.com.br\/n\/uploads\/2020\/10\/1ac4c42b-boeing-sofre-com-os-efeitos-da-pandemia-do-coronavirus-covid-19-800x450-1-400x200.webp\" alt=\"Boeing reduz as expectativas de demanda global por voos comerciais em 11%\"\/><\/a><span class=\"spotlightCategory\"><a href=\"https:\/\/www.suno.com.br\/noticias\/negocios\/\">Neg\u00f3cios<\/a><\/span><\/div><div class=\"cardsPage__listCard__boxs__content\"><a href=\"https:\/\/www.suno.com.br\/noticias\/boeing-reduz-as-expectativas-de-demanda-global-por-voos-comerciais-em-11\/\"><h2 class=\"content__title\">Boeing reduz as expectativas de demanda global por voos comerciais em 11%<\/h2><\/a><div class=\"newsContent__article__meta\"><div class=\"newsContent__article__meta__authorBox\"><a href=\"https:\/\/www.suno.com.br\/noticias\/author\/rafaela-la-regina\/\" class=\"authorBox__avatar noMobi\"><img src=\"https:\/\/secure.gravatar.com\/avatar\/d2c75a52d243deb93d0465fdcb21bd37?s=96&#038;r=g\" alt=\"Rafaela La Regina\"><\/a><div class=\"authorBox__name\"><span>por\n\t\t\t<a href=\"https:\/\/www.suno.com.br\/noticias\/author\/rafaela-la-regina\/\"><span itemprop=\"author\">Rafaela La Regina<\/span><\/a><\/span><time datetime=\"2020-10-06T18:42:10-03:00\" itemprop=\"datePublished\">06\/10\/2020 18:42<\/time><\/div><\/div><\/div><\/div><\/div>","single_layout":"posts","amp_enabled":true,"_links":{"self":[{"href":"https:\/\/www.suno.com.br\/noticias\/wp-json\/wp\/v2\/posts\/89955"}],"collection":[{"href":"https:\/\/www.suno.com.br\/noticias\/wp-json\/wp\/v2\/posts"}],"about":[{"href":"https:\/\/www.suno.com.br\/noticias\/wp-json\/wp\/v2\/types\/post"}],"author":[{"embeddable":true,"href":"https:\/\/www.suno.com.br\/noticias\/wp-json\/wp\/v2\/users\/56"}],"replies":[{"embeddable":true,"href":"https:\/\/www.suno.com.br\/noticias\/wp-json\/wp\/v2\/comments?post=89955"}],"version-history":[{"count":0,"href":"https:\/\/www.suno.com.br\/noticias\/wp-json\/wp\/v2\/posts\/89955\/revisions"}],"wp:featuredmedia":[{"embeddable":true,"href":"https:\/\/www.suno.com.br\/noticias\/wp-json\/wp\/v2\/media\/89972"}],"wp:attachment":[{"href":"https:\/\/www.suno.com.br\/noticias\/wp-json\/wp\/v2\/media?parent=89955"}],"wp:term":[{"taxonomy":"category","embeddable":true,"href":"https:\/\/www.suno.com.br\/noticias\/wp-json\/wp\/v2\/categories?post=89955"},{"taxonomy":"post_tag","embeddable":true,"href":"https:\/\/www.suno.com.br\/noticias\/wp-json\/wp\/v2\/tags?post=89955"},{"taxonomy":"suno_strategy","embeddable":true,"href":"https:\/\/www.suno.com.br\/noticias\/wp-json\/wp\/v2\/suno_strategy?post=89955"}],"curies":[{"name":"wp","href":"https:\/\/api.w.org\/{rel}","templated":true}]}}