{"id":89761,"date":"2020-10-06T11:44:55","date_gmt":"2020-10-06T14:44:55","guid":{"rendered":"https:\/\/www.suno.com.br\/noticias\/?p=89761"},"modified":"2021-06-11T14:38:35","modified_gmt":"2021-06-11T17:38:35","slug":"latam-propoe-reducao-permanente-salarios","status":"publish","type":"post","link":"https:\/\/www.suno.com.br\/noticias\/latam-propoe-reducao-permanente-salarios\/","title":{"rendered":"Latam prop\u00f5e redu\u00e7\u00e3o permanente de sal\u00e1rios de tripulantes"},"content":{"rendered":"<p>Ap\u00f3s a aceita\u00e7\u00e3o dos aeronautas, a <strong>Latam<\/strong> poder\u00e1 negociar com o Sindicato Nacional dos Aeronautas (SNA) a redu\u00e7\u00e3o permanente dos sal\u00e1rios dos tripulantes. A delibera\u00e7\u00e3o que acata as conversas saiu na \u00faltima sexta-feira (2), com uma vota\u00e7\u00e3o interna realizada pelos associados.<\/p>\t<div class=\"wrapper-featured-image\">\n\t\t<figure class=\"spotlightImg\">\n\n\t\t\t<picture>\n\t\t\t\t<source media=\"(max-width: 768px)\" srcset=\"https:\/\/files.sunoresearch.com.br\/n\/uploads\/2019\/08\/12916b14-latam-400x200.webp\">\n\t\t\t\t<img loading=\"lazy\" decoding=\"async\" class=\"newsContent__article__imgCapa lazyloadDisabled \" src=\"https:\/\/files.sunoresearch.com.br\/n\/uploads\/2019\/08\/12916b14-latam-800x450.webp\" width=\"800\" height=\"450\" alt=\"Latam prop\u00f5e redu\u00e7\u00e3o permanente de sal\u00e1rios de tripulantes\" fetchpriority=high \/>\n\t\t\t<\/picture>\n\n\t\t\t<figcaption class=\"wp-caption-text wp-caption-text--show\">A Latam poder\u00e1 negociar com o SNA ap\u00f3s seus aeronautas aceitarem o in\u00edcio das conversas sobre a redu\u00e7\u00e3o permanente dos sal\u00e1rios.<\/figcaption>\n\t\t<\/figure>\n\t<\/div>\n\n\n<div class=\"hubspot-form-wrapper\">\n\t<div id=\"single-form-target\"><\/div>\n<\/div>\n\n<p>O corte de sal\u00e1rios passou a ser permitida com a entrada em vigor da <strong>reforma trabalhista<\/strong>, em 2017, desde que intermediada pelo sindicato da categoria. No entanto, trata-se de uma pr\u00e1tica ainda incomum. Segundo o <strong>Tribunal Superior do Trabalho (TST)<\/strong>, apenas a Latam e o SNA negociam esse tipo de corte de sal\u00e1rios no tribunal, demonstrando a escalada da crise provocada pela pandemia do <a href=\"https:\/\/www.suno.com.br\/noticias\/?s=coronav%C3%ADrus\">novo <strong>coronav\u00edrus<\/strong> (Covid-19)<\/a> no setor.<\/p>\n<p>Esse assunto \u00e9 motivo de disputa entre a Latam e os tripulantes h\u00e1 meses. Enquanto <a href=\"https:\/\/www.suno.com.br\/acoes\/goll4\/\"><strong>Gol<\/strong> (GOLL4)<\/a> e <a href=\"https:\/\/www.suno.com.br\/acoes\/azul4\/\"><strong>Azul<\/strong> (AZUL4)<\/a> negociaram com seus aeronaturas redu\u00e7\u00f5es tempor\u00e1rias em fun\u00e7\u00e3o da crise, a Latam quer o corte definitivo. A companhia alega que, por ser a mais antiga, tem sal\u00e1rios acima do mercado. A categoria, todavia, havia negado qualquer tipo de conversa nesse sentido e, no fim de julho, a Latam anunciou o <a href=\"https:\/\/www.suno.com.br\/noticias\/latam-demitira-38-porcento-total-tripulantes\/\">desligamento de 2,7 mil tripulantes<\/a>.<\/p>\n<p><a href=\"https:\/\/lp.suno.com.br\/suno-one\/\">Suno One: acesse gratuitamente eBooks, Minicursos, Artigos e Video Aulas sobre investimentos com um \u00fanico cadastro. Clique para saber mais!<\/a><\/p>\n<p>O tema voltou \u00e0 tona no dia 22 de setembro, quando a Latam disse que ainda tinha um excesso de 1,2 mil funcion\u00e1rios e que, sem um acordo para redu\u00e7\u00e3o permanente de sal\u00e1rios, <a href=\"https:\/\/www.suno.com.br\/noticias\/latam-airlines-pode-demitir-mais-12-mil-funcionarios\/\">faria novas demiss\u00f5es<\/a>.<\/p>\n<p>No mesmo dia, o SNA foi intimado pela <strong>Justi\u00e7a do Trabalho<\/strong> a fazer um novo levantamento com a categoria sobre as propostas da companhia. No despacho da intima\u00e7\u00e3o, o ministro do TST Luiz Philippe Vieira de Mello Filho deu 10 dias ao sindicato para submeter a proposta da Latam para manifesta\u00e7\u00e3o da categoria.<\/p>\n<p>Em vota\u00e7\u00e3o virtual realizada nas \u00faltimas quinta e sexta-feira, os tripulantes associados da a\u00e9rea autorizaram que a diretoria do sindicato negocie com a empresa mudan\u00e7as permanentes no modelo de sal\u00e1rios. Dentre os comandantes, 65,5% foram favor\u00e1veis ao in\u00edcio das conversas. J\u00e1 entre os copilotos e comiss\u00e1rios, os porcentuais favor\u00e1veis ficaram em 65,4% e 55,7%, respectivamente.<\/p>\n\t<div data-element=\"shortcode-read-more\" class=\"knowMore\">\n\t\t\t\t<span class=\"knowMore__title\">Veja tamb\u00e9m<\/span>\n\t\t\t\t<a class=\"knowMore__link\" href=\"https:\/\/www.suno.com.br\/noticias\/latam-acordo-financiamento-sec\/\">\n\t\t\tLatam assina acordo para acessar financiamento de US$ 2,4 bilh\u00f5es\t\t<\/a>\n\t<\/div>\n\n\n<p>&#8220;Diante deste resultado, o SNA ir\u00e1 apresentar a resposta da categoria para o <strong>TST<\/strong>, mediador da negocia\u00e7\u00e3o com a Latam, que encaminhar\u00e1 os pr\u00f3ximos passos&#8221;, informou o sindicato, em nota. Tamb\u00e9m em comunicado, a Latam disse que j\u00e1 estava em contato com o SNA para iniciar as conversas. &#8220;O avan\u00e7o deste processo \u00e9 fundamental para o di\u00e1logo conjunto e em prol da competitividade das opera\u00e7\u00f5es e da continuidade das oportunidades de emprego da companhia&#8221;, acrescentou a companhia.<\/p>\n<h2>Latam tem at\u00e9 janeiro para apresentar plano de recupera\u00e7\u00e3o nos EUA<\/h2>\n<p>A Latam ter\u00e1 at\u00e9 o dia 29 de janeiro de 2021 para apresentar seu plano de <strong>recupera\u00e7\u00e3o judicial<\/strong> nos Estados Unidos, segundo a defini\u00e7\u00e3o do juiz James L. Garrity Jr. do Tibunal do Distrito Sul de Nova Iorque.<\/p>\n<p>A companhia entrou com pedido de <a href=\"https:\/\/www.suno.com.br\/artigos\/recuperacao-judicial\/\">recupera\u00e7\u00e3o judicial<\/a><strong>\u00a0<\/strong>em maio desse ano, em meio \u00e0 turbul\u00eancia ocasionada pelo coronav\u00edrus. De acordo com a legisla\u00e7\u00e3o americana, a companhia que solicita recupera\u00e7\u00e3o judicial tem o prazo de 120 dias para apresentar o plano \u00e0 corte. Todavia, a lei permite que o prazo seja estendido.<\/p>\n<p>Al\u00e9m disso, tribunal de fal\u00eancias dos Estados Unidos aprovou no dia 18 de setembro a proposta de financiamento do grupo <strong>Latam<\/strong>, que destravaria US$ 2,45 bilh\u00f5es (cerca de R$ 13,17 bilh\u00f5es) para atravessar as turbul\u00eancias causadas pela pandemia.<\/p>\n<p><em>Com informa\u00e7\u00f5es do Estad\u00e3o Conte\u00fado.<\/em><\/p>\n\t<p>\n\t\t<a href=\"https:\/\/lp.suno.com.br\/planilha-de-controle-de-investimentos\/\" target=\"_blank\" data-element=\"shortcode-suno-banner\" title=\"Banner SUNO, clique e saiba mais\">\n\t\t\t<picture>\n\t\t\t\t<source media=\"(max-width: 500px)\" srcset=\"https:\/\/files.sunoresearch.com.br\/n\/uploads\/2023\/03\/400x300-Controle-de-Investimentos.png\">\n\t\t\t\t<img class=\"newsContent__article__imgCapa newsContent__article__imgCapa--banner\"\n\t\t\t\t\tsrc=\"https:\/\/files.sunoresearch.com.br\/n\/uploads\/2023\/03\/1420x240-Controle-de-Investimentos.png\"\n\t\t\t\t\tdata-promo-id=\"75934\"\t\t\t\t\t\t\t\t\t\twidth='1420' height='240'\t\t\t\t\talt=\"https:\/\/files.sunoresearch.com.br\/n\/uploads\/2023\/03\/1420x240-Controle-de-Investimentos.png\"\n\t\t\t\t>\n\t\t\t<\/picture>\n\t\t<\/a>\n\t<\/p>\n\n\n","protected":false},"excerpt":{"rendered":"<p>Ap\u00f3s a aceita\u00e7\u00e3o dos aeronautas, a Latam poder\u00e1 negociar com o Sindicato Nacional dos Aeronautas (SNA) a redu\u00e7\u00e3o permanente dos sal\u00e1rios dos tripulantes. A delibera\u00e7\u00e3o que acata as conversas saiu na \u00faltima sexta-feira (2), com uma vota\u00e7\u00e3o interna realizada pelos associados. A Latam poder\u00e1 negociar com o SNA ap\u00f3s seus aeronautas aceitarem o in\u00edcio das [&hellip;]<\/p>\n","protected":false},"author":24,"featured_media":35706,"comment_status":"closed","ping_status":"closed","sticky":false,"template":"","format":"standard","meta":[],"categories":[64],"tags":[739,2748,314],"suno_strategy":[],"class_list":["post-89761","post","type-post","status-publish","format-standard","has-post-thumbnail","hentry","category-negocios","tag-latam","tag-pandemia","tag-recuperacao-judicial"],"yoast_head":"<!-- This site is optimized with the Yoast SEO plugin v24.4 - https:\/\/yoast.com\/wordpress\/plugins\/seo\/ -->\n<title>Latam prop\u00f5e redu\u00e7\u00e3o permanente de sal\u00e1rios de tripulantes<\/title>\n<meta name=\"description\" content=\"A Latam poder\u00e1 negociar com o SNA ap\u00f3s seus aeronautas aceitarem o in\u00edcio das conversas sobre a redu\u00e7\u00e3o permanente dos sal\u00e1rios. Saiba mais.\" \/>\n<meta name=\"robots\" content=\"index, follow, max-snippet:-1, max-image-preview:large, max-video-preview:-1\" \/>\n<link rel=\"canonical\" href=\"https:\/\/www.suno.com.br\/noticias\/latam-propoe-reducao-permanente-salarios\/\" \/>\n<meta property=\"og:locale\" content=\"pt_BR\" \/>\n<meta property=\"og:type\" content=\"article\" \/>\n<meta property=\"og:title\" content=\"Latam prop\u00f5e redu\u00e7\u00e3o permanente de sal\u00e1rios de tripulantes\" \/>\n<meta property=\"og:description\" content=\"A Latam poder\u00e1 negociar com o SNA ap\u00f3s seus aeronautas aceitarem o in\u00edcio das conversas sobre a redu\u00e7\u00e3o permanente dos sal\u00e1rios. Saiba mais.\" \/>\n<meta property=\"og:url\" content=\"https:\/\/www.suno.com.br\/noticias\/latam-propoe-reducao-permanente-salarios\/\" \/>\n<meta property=\"og:site_name\" content=\"Suno Not\u00edcias\" \/>\n<meta property=\"article:publisher\" content=\"https:\/\/facebook.com\/sunoresearch\" \/>\n<meta property=\"og:image\" content=\"https:\/\/files.sunoresearch.com.br\/n\/uploads\/2019\/08\/12916b14-latam.jpg\" \/>\n\t<meta property=\"og:image:width\" content=\"1500\" \/>\n\t<meta property=\"og:image:height\" content=\"1000\" \/>\n\t<meta property=\"og:image:type\" content=\"image\/jpeg\" \/>\n<meta name=\"author\" content=\"Jader Lazarini\" \/>\n<meta name=\"twitter:card\" content=\"summary_large_image\" \/>\n<meta name=\"twitter:creator\" content=\"@sunoresearch\" \/>\n<meta name=\"twitter:site\" content=\"@sunoresearch\" \/>\n<meta name=\"twitter:label1\" content=\"Escrito por\" \/>\n\t<meta name=\"twitter:data1\" content=\"Jader Lazarini\" \/>\n\t<meta name=\"twitter:label2\" content=\"Est. tempo de leitura\" \/>\n\t<meta name=\"twitter:data2\" content=\"3 minutos\" \/>\n<script type=\"application\/ld+json\" class=\"yoast-schema-graph\">{\"@context\":\"https:\/\/schema.org\",\"@graph\":[{\"@type\":\"NewsArticle\",\"@id\":\"https:\/\/www.suno.com.br\/noticias\/latam-propoe-reducao-permanente-salarios\/#article\",\"isPartOf\":{\"@id\":\"https:\/\/www.suno.com.br\/noticias\/latam-propoe-reducao-permanente-salarios\/\"},\"author\":{\"name\":\"Jader Lazarini\",\"@id\":\"https:\/\/www.suno.com.br\/noticias\/#\/schema\/person\/918d79de1f0281f01599b93f9ea6e23f\"},\"headline\":\"Latam prop\u00f5e redu\u00e7\u00e3o permanente de sal\u00e1rios de tripulantes\",\"datePublished\":\"2020-10-06T14:44:55+00:00\",\"dateModified\":\"2021-06-11T17:38:35+00:00\",\"mainEntityOfPage\":{\"@id\":\"https:\/\/www.suno.com.br\/noticias\/latam-propoe-reducao-permanente-salarios\/\"},\"wordCount\":636,\"publisher\":{\"@id\":\"https:\/\/www.suno.com.br\/noticias\/#organization\"},\"image\":{\"@id\":\"https:\/\/www.suno.com.br\/noticias\/latam-propoe-reducao-permanente-salarios\/#primaryimage\"},\"thumbnailUrl\":\"https:\/\/files.sunoresearch.com.br\/n\/uploads\/2019\/08\/12916b14-latam-jpg.webp\",\"keywords\":[\"Latam\",\"pandemia\",\"recupera\u00e7\u00e3o judicial\"],\"articleSection\":[\"Neg\u00f3cios\"],\"inLanguage\":\"pt-BR\"},{\"@type\":\"WebPage\",\"@id\":\"https:\/\/www.suno.com.br\/noticias\/latam-propoe-reducao-permanente-salarios\/\",\"url\":\"https:\/\/www.suno.com.br\/noticias\/latam-propoe-reducao-permanente-salarios\/\",\"name\":\"Latam prop\u00f5e redu\u00e7\u00e3o permanente de sal\u00e1rios de tripulantes\",\"isPartOf\":{\"@id\":\"https:\/\/www.suno.com.br\/noticias\/#website\"},\"primaryImageOfPage\":{\"@id\":\"https:\/\/www.suno.com.br\/noticias\/latam-propoe-reducao-permanente-salarios\/#primaryimage\"},\"image\":{\"@id\":\"https:\/\/www.suno.com.br\/noticias\/latam-propoe-reducao-permanente-salarios\/#primaryimage\"},\"thumbnailUrl\":\"https:\/\/files.sunoresearch.com.br\/n\/uploads\/2019\/08\/12916b14-latam-jpg.webp\",\"datePublished\":\"2020-10-06T14:44:55+00:00\",\"dateModified\":\"2021-06-11T17:38:35+00:00\",\"description\":\"A Latam poder\u00e1 negociar com o SNA ap\u00f3s seus aeronautas aceitarem o in\u00edcio das conversas sobre a redu\u00e7\u00e3o permanente dos sal\u00e1rios. Saiba mais.\",\"breadcrumb\":{\"@id\":\"https:\/\/www.suno.com.br\/noticias\/latam-propoe-reducao-permanente-salarios\/#breadcrumb\"},\"inLanguage\":\"pt-BR\",\"potentialAction\":[{\"@type\":\"ReadAction\",\"target\":[\"https:\/\/www.suno.com.br\/noticias\/latam-propoe-reducao-permanente-salarios\/\"]}]},{\"@type\":\"ImageObject\",\"inLanguage\":\"pt-BR\",\"@id\":\"https:\/\/www.suno.com.br\/noticias\/latam-propoe-reducao-permanente-salarios\/#primaryimage\",\"url\":\"https:\/\/files.sunoresearch.com.br\/n\/uploads\/2019\/08\/12916b14-latam-jpg.webp\",\"contentUrl\":\"https:\/\/files.sunoresearch.com.br\/n\/uploads\/2019\/08\/12916b14-latam-jpg.webp\",\"width\":1500,\"height\":1000,\"caption\":\"A Latam poder\u00e1 negociar com o SNA ap\u00f3s seus aeronautas aceitarem o in\u00edcio das conversas sobre a redu\u00e7\u00e3o permanente dos sal\u00e1rios.\"},{\"@type\":\"BreadcrumbList\",\"@id\":\"https:\/\/www.suno.com.br\/noticias\/latam-propoe-reducao-permanente-salarios\/#breadcrumb\",\"itemListElement\":[{\"@type\":\"ListItem\",\"position\":1,\"name\":\"Not\u00edcias\",\"item\":\"https:\/\/www.suno.com.br\/noticias\/\"},{\"@type\":\"ListItem\",\"position\":2,\"name\":\"Neg\u00f3cios\",\"item\":\"https:\/\/www.suno.com.br\/noticias\/negocios\/\"},{\"@type\":\"ListItem\",\"position\":3,\"name\":\"Latam prop\u00f5e redu\u00e7\u00e3o permanente de sal\u00e1rios de tripulantes\"}]},{\"@type\":\"WebSite\",\"@id\":\"https:\/\/www.suno.com.br\/noticias\/#website\",\"url\":\"https:\/\/www.suno.com.br\/noticias\/\",\"name\":\"Suno Not\u00edcias\",\"description\":\"Seu portal de informa\u00e7\u00e3o sobre o mundo dos investimentos\",\"publisher\":{\"@id\":\"https:\/\/www.suno.com.br\/noticias\/#organization\"},\"potentialAction\":[{\"@type\":\"SearchAction\",\"target\":{\"@type\":\"EntryPoint\",\"urlTemplate\":\"https:\/\/www.suno.com.br\/noticias\/?s={search_term_string}\"},\"query-input\":{\"@type\":\"PropertyValueSpecification\",\"valueRequired\":true,\"valueName\":\"search_term_string\"}}],\"inLanguage\":\"pt-BR\"},{\"@type\":\"Organization\",\"@id\":\"https:\/\/www.suno.com.br\/noticias\/#organization\",\"name\":\"Suno Not\u00edcias\",\"url\":\"https:\/\/www.suno.com.br\/noticias\/\",\"logo\":{\"@type\":\"ImageObject\",\"inLanguage\":\"pt-BR\",\"@id\":\"https:\/\/www.suno.com.br\/noticias\/#\/schema\/logo\/image\/\",\"url\":\"https:\/\/files.sunoresearch.com.br\/n\/uploads\/2021\/09\/suno-logo.png\",\"contentUrl\":\"https:\/\/files.sunoresearch.com.br\/n\/uploads\/2021\/09\/suno-logo.png\",\"width\":180,\"height\":180,\"caption\":\"Suno Not\u00edcias\"},\"image\":{\"@id\":\"https:\/\/www.suno.com.br\/noticias\/#\/schema\/logo\/image\/\"},\"sameAs\":[\"https:\/\/facebook.com\/sunoresearch\",\"https:\/\/x.com\/sunoresearch\",\"https:\/\/www.instagram.com\/suno\",\"https:\/\/www.linkedin.com\/company\/suno-research\/\",\"https:\/\/www.youtube.com\/c\/sunoresearch\"]},{\"@type\":\"Person\",\"@id\":\"https:\/\/www.suno.com.br\/noticias\/#\/schema\/person\/918d79de1f0281f01599b93f9ea6e23f\",\"name\":\"Jader Lazarini\",\"image\":{\"@type\":\"ImageObject\",\"inLanguage\":\"pt-BR\",\"@id\":\"https:\/\/www.suno.com.br\/noticias\/#\/schema\/person\/image\/\",\"url\":\"https:\/\/secure.gravatar.com\/avatar\/3c1ad8caa51589841baeb923fcddea97?s=96&r=g\",\"contentUrl\":\"https:\/\/secure.gravatar.com\/avatar\/3c1ad8caa51589841baeb923fcddea97?s=96&r=g\",\"caption\":\"Jader Lazarini\"},\"description\":\"Jader Lazarini escreve sobre investimentos, finan\u00e7as, economia e neg\u00f3cios. \u00c9 bacharel em Rela\u00e7\u00f5es Internacionais e analista CNPI (2619).\",\"url\":\"https:\/\/www.suno.com.br\/noticias\/author\/jader-lazarini\/\"}]}<\/script>\n<!-- \/ Yoast SEO plugin. -->","yoast_head_json":{"title":"Latam prop\u00f5e redu\u00e7\u00e3o permanente de sal\u00e1rios de tripulantes","description":"A Latam poder\u00e1 negociar com o SNA ap\u00f3s seus aeronautas aceitarem o in\u00edcio das conversas sobre a redu\u00e7\u00e3o permanente dos sal\u00e1rios. Saiba mais.","robots":{"index":"index","follow":"follow","max-snippet":"max-snippet:-1","max-image-preview":"max-image-preview:large","max-video-preview":"max-video-preview:-1"},"canonical":"https:\/\/www.suno.com.br\/noticias\/latam-propoe-reducao-permanente-salarios\/","og_locale":"pt_BR","og_type":"article","og_title":"Latam prop\u00f5e redu\u00e7\u00e3o permanente de sal\u00e1rios de tripulantes","og_description":"A Latam poder\u00e1 negociar com o SNA ap\u00f3s seus aeronautas aceitarem o in\u00edcio das conversas sobre a redu\u00e7\u00e3o permanente dos sal\u00e1rios. Saiba mais.","og_url":"https:\/\/www.suno.com.br\/noticias\/latam-propoe-reducao-permanente-salarios\/","og_site_name":"Suno Not\u00edcias","article_publisher":"https:\/\/facebook.com\/sunoresearch","og_image":[{"width":1500,"height":1000,"url":"https:\/\/files.sunoresearch.com.br\/n\/uploads\/2019\/08\/12916b14-latam.jpg","type":"image\/jpeg"}],"author":"Jader Lazarini","twitter_card":"summary_large_image","twitter_creator":"@sunoresearch","twitter_site":"@sunoresearch","twitter_misc":{"Escrito por":"Jader Lazarini","Est. tempo de leitura":"3 minutos"},"schema":{"@context":"https:\/\/schema.org","@graph":[{"@type":"NewsArticle","@id":"https:\/\/www.suno.com.br\/noticias\/latam-propoe-reducao-permanente-salarios\/#article","isPartOf":{"@id":"https:\/\/www.suno.com.br\/noticias\/latam-propoe-reducao-permanente-salarios\/"},"author":{"name":"Jader Lazarini","@id":"https:\/\/www.suno.com.br\/noticias\/#\/schema\/person\/918d79de1f0281f01599b93f9ea6e23f"},"headline":"Latam prop\u00f5e redu\u00e7\u00e3o permanente de sal\u00e1rios de tripulantes","datePublished":"2020-10-06T14:44:55+00:00","dateModified":"2021-06-11T17:38:35+00:00","mainEntityOfPage":{"@id":"https:\/\/www.suno.com.br\/noticias\/latam-propoe-reducao-permanente-salarios\/"},"wordCount":636,"publisher":{"@id":"https:\/\/www.suno.com.br\/noticias\/#organization"},"image":{"@id":"https:\/\/www.suno.com.br\/noticias\/latam-propoe-reducao-permanente-salarios\/#primaryimage"},"thumbnailUrl":"https:\/\/files.sunoresearch.com.br\/n\/uploads\/2019\/08\/12916b14-latam-jpg.webp","keywords":["Latam","pandemia","recupera\u00e7\u00e3o judicial"],"articleSection":["Neg\u00f3cios"],"inLanguage":"pt-BR"},{"@type":"WebPage","@id":"https:\/\/www.suno.com.br\/noticias\/latam-propoe-reducao-permanente-salarios\/","url":"https:\/\/www.suno.com.br\/noticias\/latam-propoe-reducao-permanente-salarios\/","name":"Latam prop\u00f5e redu\u00e7\u00e3o permanente de sal\u00e1rios de tripulantes","isPartOf":{"@id":"https:\/\/www.suno.com.br\/noticias\/#website"},"primaryImageOfPage":{"@id":"https:\/\/www.suno.com.br\/noticias\/latam-propoe-reducao-permanente-salarios\/#primaryimage"},"image":{"@id":"https:\/\/www.suno.com.br\/noticias\/latam-propoe-reducao-permanente-salarios\/#primaryimage"},"thumbnailUrl":"https:\/\/files.sunoresearch.com.br\/n\/uploads\/2019\/08\/12916b14-latam-jpg.webp","datePublished":"2020-10-06T14:44:55+00:00","dateModified":"2021-06-11T17:38:35+00:00","description":"A Latam poder\u00e1 negociar com o SNA ap\u00f3s seus aeronautas aceitarem o in\u00edcio das conversas sobre a redu\u00e7\u00e3o permanente dos sal\u00e1rios. Saiba mais.","breadcrumb":{"@id":"https:\/\/www.suno.com.br\/noticias\/latam-propoe-reducao-permanente-salarios\/#breadcrumb"},"inLanguage":"pt-BR","potentialAction":[{"@type":"ReadAction","target":["https:\/\/www.suno.com.br\/noticias\/latam-propoe-reducao-permanente-salarios\/"]}]},{"@type":"ImageObject","inLanguage":"pt-BR","@id":"https:\/\/www.suno.com.br\/noticias\/latam-propoe-reducao-permanente-salarios\/#primaryimage","url":"https:\/\/files.sunoresearch.com.br\/n\/uploads\/2019\/08\/12916b14-latam-jpg.webp","contentUrl":"https:\/\/files.sunoresearch.com.br\/n\/uploads\/2019\/08\/12916b14-latam-jpg.webp","width":1500,"height":1000,"caption":"A Latam poder\u00e1 negociar com o SNA ap\u00f3s seus aeronautas aceitarem o in\u00edcio das conversas sobre a redu\u00e7\u00e3o permanente dos sal\u00e1rios."},{"@type":"BreadcrumbList","@id":"https:\/\/www.suno.com.br\/noticias\/latam-propoe-reducao-permanente-salarios\/#breadcrumb","itemListElement":[{"@type":"ListItem","position":1,"name":"Not\u00edcias","item":"https:\/\/www.suno.com.br\/noticias\/"},{"@type":"ListItem","position":2,"name":"Neg\u00f3cios","item":"https:\/\/www.suno.com.br\/noticias\/negocios\/"},{"@type":"ListItem","position":3,"name":"Latam prop\u00f5e redu\u00e7\u00e3o permanente de sal\u00e1rios de tripulantes"}]},{"@type":"WebSite","@id":"https:\/\/www.suno.com.br\/noticias\/#website","url":"https:\/\/www.suno.com.br\/noticias\/","name":"Suno Not\u00edcias","description":"Seu portal de informa\u00e7\u00e3o sobre o mundo dos investimentos","publisher":{"@id":"https:\/\/www.suno.com.br\/noticias\/#organization"},"potentialAction":[{"@type":"SearchAction","target":{"@type":"EntryPoint","urlTemplate":"https:\/\/www.suno.com.br\/noticias\/?s={search_term_string}"},"query-input":{"@type":"PropertyValueSpecification","valueRequired":true,"valueName":"search_term_string"}}],"inLanguage":"pt-BR"},{"@type":"Organization","@id":"https:\/\/www.suno.com.br\/noticias\/#organization","name":"Suno Not\u00edcias","url":"https:\/\/www.suno.com.br\/noticias\/","logo":{"@type":"ImageObject","inLanguage":"pt-BR","@id":"https:\/\/www.suno.com.br\/noticias\/#\/schema\/logo\/image\/","url":"https:\/\/files.sunoresearch.com.br\/n\/uploads\/2021\/09\/suno-logo.png","contentUrl":"https:\/\/files.sunoresearch.com.br\/n\/uploads\/2021\/09\/suno-logo.png","width":180,"height":180,"caption":"Suno Not\u00edcias"},"image":{"@id":"https:\/\/www.suno.com.br\/noticias\/#\/schema\/logo\/image\/"},"sameAs":["https:\/\/facebook.com\/sunoresearch","https:\/\/x.com\/sunoresearch","https:\/\/www.instagram.com\/suno","https:\/\/www.linkedin.com\/company\/suno-research\/","https:\/\/www.youtube.com\/c\/sunoresearch"]},{"@type":"Person","@id":"https:\/\/www.suno.com.br\/noticias\/#\/schema\/person\/918d79de1f0281f01599b93f9ea6e23f","name":"Jader Lazarini","image":{"@type":"ImageObject","inLanguage":"pt-BR","@id":"https:\/\/www.suno.com.br\/noticias\/#\/schema\/person\/image\/","url":"https:\/\/secure.gravatar.com\/avatar\/3c1ad8caa51589841baeb923fcddea97?s=96&r=g","contentUrl":"https:\/\/secure.gravatar.com\/avatar\/3c1ad8caa51589841baeb923fcddea97?s=96&r=g","caption":"Jader Lazarini"},"description":"Jader Lazarini escreve sobre investimentos, finan\u00e7as, economia e neg\u00f3cios. \u00c9 bacharel em Rela\u00e7\u00f5es Internacionais e analista CNPI (2619).","url":"https:\/\/www.suno.com.br\/noticias\/author\/jader-lazarini\/"}]}},"default_loop_html":"<div class=\"cardsPage__listCard__boxs\"><div class=\"cardsPage__listCard__boxs__img\"><a href=\"https:\/\/www.suno.com.br\/noticias\/latam-propoe-reducao-permanente-salarios\/\"><img class=\"mask\" src=\"https:\/\/www.suno.com.br\/noticias\/wp-content\/themes\/suno\/resources\/images\/spotlight\/spotlight1img\/bg-mask.png\" alt=\"Image Mask\"\/><img src=\"https:\/\/files.sunoresearch.com.br\/n\/uploads\/2019\/08\/12916b14-latam-400x200.webp\" alt=\"Latam prop\u00f5e redu\u00e7\u00e3o permanente de sal\u00e1rios de tripulantes\"\/><\/a><span class=\"spotlightCategory\"><a href=\"https:\/\/www.suno.com.br\/noticias\/negocios\/\">Neg\u00f3cios<\/a><\/span><\/div><div class=\"cardsPage__listCard__boxs__content\"><a href=\"https:\/\/www.suno.com.br\/noticias\/latam-propoe-reducao-permanente-salarios\/\"><h2 class=\"content__title\">Latam prop\u00f5e redu\u00e7\u00e3o permanente de sal\u00e1rios de tripulantes<\/h2><\/a><div class=\"newsContent__article__meta\"><div class=\"newsContent__article__meta__authorBox\"><a href=\"https:\/\/www.suno.com.br\/noticias\/author\/jader-lazarini\/\" class=\"authorBox__avatar noMobi\"><img src=\"https:\/\/files.sunoresearch.com.br\/n\/uploads\/2021\/01\/178e6598-foto-perfil-2-150x150.jpg\" alt=\"Jader Lazarini\"><\/a><div class=\"authorBox__name\"><span>por\n\t\t\t<a href=\"https:\/\/www.suno.com.br\/noticias\/author\/jader-lazarini\/\"><span itemprop=\"author\">Jader Lazarini<\/span><\/a><\/span><time datetime=\"2020-10-06T11:44:55-03:00\" itemprop=\"datePublished\">06\/10\/2020 11:44<\/time><\/div><\/div><\/div><\/div><\/div>","single_layout":"posts","amp_enabled":true,"_links":{"self":[{"href":"https:\/\/www.suno.com.br\/noticias\/wp-json\/wp\/v2\/posts\/89761"}],"collection":[{"href":"https:\/\/www.suno.com.br\/noticias\/wp-json\/wp\/v2\/posts"}],"about":[{"href":"https:\/\/www.suno.com.br\/noticias\/wp-json\/wp\/v2\/types\/post"}],"author":[{"embeddable":true,"href":"https:\/\/www.suno.com.br\/noticias\/wp-json\/wp\/v2\/users\/24"}],"replies":[{"embeddable":true,"href":"https:\/\/www.suno.com.br\/noticias\/wp-json\/wp\/v2\/comments?post=89761"}],"version-history":[{"count":1,"href":"https:\/\/www.suno.com.br\/noticias\/wp-json\/wp\/v2\/posts\/89761\/revisions"}],"predecessor-version":[{"id":156363,"href":"https:\/\/www.suno.com.br\/noticias\/wp-json\/wp\/v2\/posts\/89761\/revisions\/156363"}],"wp:featuredmedia":[{"embeddable":true,"href":"https:\/\/www.suno.com.br\/noticias\/wp-json\/wp\/v2\/media\/35706"}],"wp:attachment":[{"href":"https:\/\/www.suno.com.br\/noticias\/wp-json\/wp\/v2\/media?parent=89761"}],"wp:term":[{"taxonomy":"category","embeddable":true,"href":"https:\/\/www.suno.com.br\/noticias\/wp-json\/wp\/v2\/categories?post=89761"},{"taxonomy":"post_tag","embeddable":true,"href":"https:\/\/www.suno.com.br\/noticias\/wp-json\/wp\/v2\/tags?post=89761"},{"taxonomy":"suno_strategy","embeddable":true,"href":"https:\/\/www.suno.com.br\/noticias\/wp-json\/wp\/v2\/suno_strategy?post=89761"}],"curies":[{"name":"wp","href":"https:\/\/api.w.org\/{rel}","templated":true}]}}