{"id":89635,"date":"2020-10-05T17:44:44","date_gmt":"2020-10-05T20:44:44","guid":{"rendered":"https:\/\/www.suno.com.br\/noticias\/?p=89635"},"modified":"2021-05-29T20:31:36","modified_gmt":"2021-05-29T23:31:36","slug":"ibovespa-fecha-alta-alivio-exterior-05102020","status":"publish","type":"post","link":"https:\/\/www.suno.com.br\/noticias\/ibovespa-fecha-alta-alivio-exterior-05102020\/","title":{"rendered":"Ibovespa fecha em alta de 2,21% em dia de al\u00edvio no exterior"},"content":{"rendered":"<p>O <a href=\"https:\/\/www.suno.com.br\/artigos\/ibovespa\/\"><strong>Ibovespa<\/strong> hoje<\/a> encerrou o preg\u00e3o desta segunda-feira (5) em alta de 2,21%, a 96.089,19 pontos, seguindo o movimento positivo das bolsas no exterior.<\/p>\t<div class=\"wrapper-featured-image\">\n\t\t<figure class=\"spotlightImg\">\n\n\t\t\t<picture>\n\t\t\t\t<source media=\"(max-width: 768px)\" srcset=\"https:\/\/files.sunoresearch.com.br\/n\/uploads\/2019\/07\/0bff64a7-ibovespa-400x200.webp\">\n\t\t\t\t<img loading=\"lazy\" decoding=\"async\" class=\"newsContent__article__imgCapa lazyloadDisabled \" src=\"https:\/\/files.sunoresearch.com.br\/n\/uploads\/2019\/07\/0bff64a7-ibovespa-800x450.webp\" width=\"800\" height=\"450\" alt=\"Ibovespa fecha em alta de 2,21% em dia de al\u00edvio no exterior\" fetchpriority=high \/>\n\t\t\t<\/picture>\n\n\t\t\t<figcaption class=\"wp-caption-text wp-caption-text--show\">O Ibovespa hoje encerrou em alta acompanhando as bolas internacionais<\/figcaption>\n\t\t<\/figure>\n\t<\/div>\n\n\n<div class=\"hubspot-form-wrapper\">\n\t<div id=\"single-form-target\"><\/div>\n<\/div>\n\n<p>Ap\u00f3s um setembro avermelhado, emendando o segundo m\u00eas consecutivo de queda, o Ibovespa abriu o primeira segunda-feira de outubro em forte alta, acompanhando os mercados internacionais mais aliviados com as not\u00edcias de recupera\u00e7\u00e3o do presidente dos Estados Unidos, <a href=\"https:\/\/www.suno.com.br\/tudo-sobre\/donald-trump\/\">Donald Trump<\/a>, ap\u00f3s contrair covid-19 em meio \u00e0 corrida presidencial.<\/p>\n<p>Ainda nos Estados Unidos, as expectativas de que os congressistas norte-americanos aprovem mais est\u00edmulos \u00e0 economia do pa\u00eds tamb\u00e9m ajudaram na manuten\u00e7\u00e3o do ambiente positivo neste in\u00edcio de semana.<\/p>\n<p><a href=\"https:\/\/lp.suno.com.br\/suno-one\/\">Conhe\u00e7a o Suno One, a central gratuita de informa\u00e7\u00f5es da Suno para quem quer aprender a investir. Acesse clicando aqui.<\/a><\/p>\n<p>Al\u00e9m disso, confira as not\u00edcias que movimentaram o mercado de capitais brasileiro:<\/p>\n<ul>\n<li>Petrobras deve concluir venda de Ba\u00fana neste m\u00eas<\/li>\n<li>Via Varejo demonstra interesse em ativos da Livraria Saraiva, diz revista<\/li>\n<li>Minerva anuncia programa de recompra de a\u00e7\u00f5es<\/li>\n<li>Demanda da Gol cai 71,5% no terceiro trimestre<\/li>\n<\/ul>\n<h2>Petrobras deve concluir venda de Ba\u00fana em outubro<\/h2>\n<p>A Karoon informou que a venda do campo de Ba\u00fana, controlado pela Petrobras (PETR3; PETR4), deve ser finalizada na segunda parte do m\u00eas de outubro.<\/p>\n\t<div data-element=\"shortcode-read-more\" class=\"knowMore\">\n\t\t\t\t<span class=\"knowMore__title\">Saiba mais<\/span>\n\t\t\t\t<a class=\"knowMore__link\" href=\"https:\/\/www.suno.com.br\/noticias\/petrobras-venda-bauna-karoon-outubro\/\">\n\t\t\tPetrobras (PETR4) deve concluir venda de Ba\u00fana para Karoon em outubro\t\t<\/a>\n\t<\/div>\n\n\n<p>O contrato de venda do campo da Petrobras, no p\u00f3s-sal da Bacia de Santos, para a petroleira australiana foi fechado no ano passado, por cerca de US$ 665 milh\u00f5es. A venda estava prevista para ser finalizada em setembro.\u00a0O valor foi dividido em duas parcelas.<\/p>\n<h2>Via Varejo interessada ativos da Livraria Saraiva<\/h2>\n<p>A <a href=\"https:\/\/www.suno.com.br\/acoes\/vvar3\/\"><strong>Via<\/strong> <strong>Varejo<\/strong> (VVAR3)<\/a> demonstrou interesse em comprar ativos da <a href=\"https:\/\/www.suno.com.br\/acoes\/sled4\/\">Livraria Saraiva (SLED4<\/a>;<a href=\"https:\/\/www.suno.com.br\/acoes\/sled3\/\"> SLED3)<\/a>, atualmente em <a href=\"https:\/\/www.suno.com.br\/artigos\/recuperacao-judicial\/\">recupera\u00e7\u00e3o judicial<\/a>, de acordo com uma peti\u00e7\u00e3o protocolada pelos advogados da Saraiva. As informa\u00e7\u00f5es s\u00e3o do &#8220;Radar Econ\u00f4mico&#8221; da revista &#8220;Veja&#8221;.<\/p>\n\t<div data-element=\"shortcode-read-more\" class=\"knowMore\">\n\t\t\t\t<span class=\"knowMore__title\">Confira os detalhes<\/span>\n\t\t\t\t<a class=\"knowMore__link\" href=\"https:\/\/www.suno.com.br\/noticias\/via-varejo-vvar3-interesse-ativos-livraria-saraiva\/\">\n\t\t\tVia Varejo (VVAR3) demonstra interesse em ativos da Livraria Saraiva, diz revista\t\t<\/a>\n\t<\/div>\n\n\n<p>A varejista teria interesse no centro de distribui\u00e7\u00e3o da livraria Saraiva. De acordo com a Via Varejo, seu maior objetivo \u00e9 conseguir os equipamentos do centro de distribui\u00e7\u00e3o da empresa que se encontra em recupera\u00e7\u00e3o judicial. Vale destacar que qualquer neg\u00f3cio que a Saraiva queira fazer necessita de um aval da Justi\u00e7a.<\/p>\n<h2>Recompra de a\u00e7\u00f5es da Minerva<\/h2>\n<p>A <a href=\"https:\/\/www.suno.com.br\/acoes\/beef3\/\"><strong>Minerva<\/strong> (BEEF3)<\/a> comunicou que seu Conselho de Administra\u00e7\u00e3o aprovou um <a href=\"https:\/\/www.youtube.com\/watch?v=DH_JMc6nlAM\">programa de recompra de a\u00e7\u00f5es<\/a>, de at\u00e9 20 milh\u00f5es de pap\u00e9is de emiss\u00e3o da empresa.<\/p>\n<p>O programa ter\u00e1 dura\u00e7\u00e3o de 18 meses, com in\u00edcio nesta segunda-feira e previsto para ser encerrado no dia 4 de abril de 2022. Ser\u00e3o aplicados <strong>lucros<\/strong> ou reservas dispon\u00edveis da empresa para a aquisi\u00e7\u00e3o dos pap\u00e9is. O volume de a\u00e7\u00f5es pass\u00edveis de serem recompradas \u00e9 equivalente a cerca de 3,65% do total de a\u00e7\u00f5es da empresa.<\/p>\n\t<div data-element=\"shortcode-read-more\" class=\"knowMore\">\n\t\t\t\t<span class=\"knowMore__title\">Veja mais<\/span>\n\t\t\t\t<a class=\"knowMore__link\" href=\"https:\/\/www.suno.com.br\/noticias\/minerva-beef3-programa-recompra-de-acoes\/\">\n\t\t\tMinerva (BEEF3) anuncia programa de recompra de a\u00e7\u00f5es\t\t<\/a>\n\t<\/div>\n\n\n<p>&#8220;O principal objetivo da companhia na execu\u00e7\u00e3o do Programa de Recompra \u00e9 incrementar a gera\u00e7\u00e3o de valor para seus acionistas em raz\u00e3o do desconto atual das a\u00e7\u00f5es no mercado, por meio da aplica\u00e7\u00e3o de recursos dispon\u00edveis na aquisi\u00e7\u00e3o das a\u00e7\u00f5es em bolsa de valores&#8221;, salientou a empresa.<\/p>\n<h2>Demanda da Gol cai 71,5% no 3T20<\/h2>\n<p>A <a href=\"https:\/\/www.suno.com.br\/acoes\/goll4\/\"><strong>Gol<\/strong> (GOLL4)<\/a> registrou uma queda de 71,5% n a demanda por seus voos (RPKs, na sigla em ingl\u00eas) no terceiro trimestre de 2020, na compara\u00e7\u00e3o com o mesmo per\u00edodo do ano passado.<\/p>\n<p>A oferta de assentos (ASKs) tamb\u00e9m caiu, em 70,2% frente a 2019. Por outro lado, em setembro, a demanda pelos voos da a\u00e9rea teve alta de 36% em rela\u00e7\u00e3o a agosto, e a oferta aumentou em 35%.<\/p>\n\t<div data-element=\"shortcode-read-more\" class=\"knowMore\">\n\t\t\t\t<span class=\"knowMore__title\">Saiba mais<\/span>\n\t\t\t\t<a class=\"knowMore__link\" href=\"https:\/\/www.suno.com.br\/noticias\/gol-goll4-demanda-cai-715-3t20-2019\/\">\n\t\t\tGol (GOLL4): demanda cai 71,5% no 3T20 frente ao mesmo per\u00edodo de 2019\t\t<\/a>\n\t<\/div>\n\n\n<p>A demanda em setembro foi 60,6% menor do que no mesmo per\u00edodo de 2019, e a oferta de assentos teve queda de 60%. Segundo informou a Gol, os n\u00fameros foram impactados pelas opera\u00e7\u00f5es internacionais. Isso porque a Gol n\u00e3o tem realizado voos para fora do Brasil.<\/p>\n<h2>Bolsas no exterior<\/h2>\n<ul>\n<li>Nova York (<a href=\"https:\/\/www.suno.com.br\/artigos\/sp-500\/\">S&amp;P 500<\/a>): +1,80% &#8211; 3.408,62<\/li>\n<li>Nova York (<a href=\"https:\/\/www.suno.com.br\/artigos\/indice-dow-jones-djia\/\">Dow Jones<\/a>): +1,68% &#8211; 28.148,64<\/li>\n<li>Nova York (<a href=\"https:\/\/www.suno.com.br\/artigos\/nasdaq\/\">Nasdaq<\/a>): +3,32% &#8211; 11.332,48<\/li>\n<li>Frankfurt (<a href=\"https:\/\/www.suno.com.br\/artigos\/dax-30\/\">DAX 30)<\/a>: +1,10% &#8211; 12.828,31<\/li>\n<li>Reino Unido (<a href=\"https:\/\/www.suno.com.br\/artigos\/ftse-100\/\">FTSE 100<\/a>): +0,69%% &#8211; 5.942,94<\/li>\n<li>Paris (<a href=\"https:\/\/www.suno.com.br\/artigos\/cac-40\/\">CAC 40<\/a>): +0,97% &#8211; 4.871,87<\/li>\n<li>It\u00e1lia (<a href=\"https:\/\/www.suno.com.br\/artigos\/ftse-mib\/\">FTSE MIB<\/a>): +1,06% &#8211; 19.265,51<\/li>\n<li>Xangai (SSEC): -0,20% &#8211; 3.218,05<\/li>\n<li>Hong Kong (<a href=\"https:\/\/www.suno.com.br\/artigos\/hang-seng\/\">Hang Seng<\/a>): +1,32% &#8211; 23.767,78<\/li>\n<li>Jap\u00e3o (<a href=\"https:\/\/www.suno.com.br\/artigos\/nikkei-225\/\">Nikkei 225<\/a> ): +1,23% &#8211; 23.312,14<\/li>\n<\/ul>\n<h2>\u00daltima cota\u00e7\u00e3o do Ibovespa<\/h2>\n<p>De forma distinta ao <strong>Ibovespa hoje<\/strong>, o \u00edndice acion\u00e1rio encerrou as negocia\u00e7\u00f5es na \u00faltima sexta-feira com uma queda de 1,26%, a 94.271,277 pontos.<\/p>\n\t<p>\n\t\t<a href=\"https:\/\/lp.suno.com.br\/planilha-de-controle-de-investimentos\/\" target=\"_blank\" data-element=\"shortcode-suno-banner\" title=\"Banner SUNO, clique e saiba mais\">\n\t\t\t<picture>\n\t\t\t\t<source media=\"(max-width: 500px)\" srcset=\"https:\/\/files.sunoresearch.com.br\/n\/uploads\/2023\/03\/400x300-Controle-de-Investimentos.png\">\n\t\t\t\t<img class=\"newsContent__article__imgCapa newsContent__article__imgCapa--banner\"\n\t\t\t\t\tsrc=\"https:\/\/files.sunoresearch.com.br\/n\/uploads\/2023\/03\/1420x240-Controle-de-Investimentos.png\"\n\t\t\t\t\tdata-promo-id=\"75934\"\t\t\t\t\t\t\t\t\t\twidth='1420' height='240'\t\t\t\t\talt=\"https:\/\/files.sunoresearch.com.br\/n\/uploads\/2023\/03\/1420x240-Controle-de-Investimentos.png\"\n\t\t\t\t>\n\t\t\t<\/picture>\n\t\t<\/a>\n\t<\/p>\n\n\n","protected":false},"excerpt":{"rendered":"<p>O Ibovespa hoje encerrou o preg\u00e3o desta segunda-feira (5) em alta de 2,21%, a 96.089,19 pontos, seguindo o movimento positivo das bolsas no exterior. O Ibovespa hoje encerrou em alta acompanhando as bolas internacionais Ap\u00f3s um setembro avermelhado, emendando o segundo m\u00eas consecutivo de queda, o Ibovespa abriu o primeira segunda-feira de outubro em forte [&hellip;]<\/p>\n","protected":false},"author":35,"featured_media":29631,"comment_status":"closed","ping_status":"closed","sticky":false,"template":"","format":"standard","meta":[],"categories":[60],"tags":[489,721,563,595,629,106935],"suno_strategy":[],"class_list":["post-89635","post","type-post","status-publish","format-standard","has-post-thumbnail","hentry","category-mercado","tag-gol-linhas-aereas-goll11-goll4","tag-ibovespa","tag-minerva-beef11-beef3","tag-petrobras-petr4","tag-saraiva-sled3-sled4","tag-via-viia3"],"yoast_head":"<!-- This site is optimized with the Yoast SEO plugin v24.4 - https:\/\/yoast.com\/wordpress\/plugins\/seo\/ -->\n<title>Ibovespa fecha em alta de 2,21% em dia de al\u00edvio no exterior<\/title>\n<meta name=\"description\" content=\"O Ibovespa hoje encerrou em alta de 2,21%, a 96.089,19 pontos, seguindo o movimento positivo das bolsas no exterior. Clique para saber mais\" \/>\n<meta name=\"robots\" content=\"index, follow, max-snippet:-1, max-image-preview:large, max-video-preview:-1\" \/>\n<link rel=\"canonical\" href=\"https:\/\/www.suno.com.br\/noticias\/ibovespa-fecha-alta-alivio-exterior-05102020\/\" \/>\n<meta property=\"og:locale\" content=\"pt_BR\" \/>\n<meta property=\"og:type\" content=\"article\" \/>\n<meta property=\"og:title\" content=\"Ibovespa fecha em alta de 2,21% em dia de al\u00edvio no exterior\" \/>\n<meta property=\"og:description\" content=\"O Ibovespa hoje encerrou em alta de 2,21%, a 96.089,19 pontos, seguindo o movimento positivo das bolsas no exterior. Clique para saber mais\" \/>\n<meta property=\"og:url\" content=\"https:\/\/www.suno.com.br\/noticias\/ibovespa-fecha-alta-alivio-exterior-05102020\/\" \/>\n<meta property=\"og:site_name\" content=\"Suno Not\u00edcias\" \/>\n<meta property=\"article:publisher\" content=\"https:\/\/facebook.com\/sunoresearch\" \/>\n<meta property=\"og:image\" content=\"https:\/\/files.sunoresearch.com.br\/n\/uploads\/2019\/07\/0bff64a7-ibovespa.jpg\" \/>\n\t<meta property=\"og:image:width\" content=\"1200\" \/>\n\t<meta property=\"og:image:height\" content=\"630\" \/>\n\t<meta property=\"og:image:type\" content=\"image\/jpeg\" \/>\n<meta name=\"author\" content=\"Arthur Guimar\u00e3es\" \/>\n<meta name=\"twitter:card\" content=\"summary_large_image\" \/>\n<meta name=\"twitter:creator\" content=\"@sunoresearch\" \/>\n<meta name=\"twitter:site\" content=\"@sunoresearch\" \/>\n<meta name=\"twitter:label1\" content=\"Escrito por\" \/>\n\t<meta name=\"twitter:data1\" content=\"Arthur Guimar\u00e3es\" \/>\n\t<meta name=\"twitter:label2\" content=\"Est. tempo de leitura\" \/>\n\t<meta name=\"twitter:data2\" content=\"4 minutos\" \/>\n<script type=\"application\/ld+json\" class=\"yoast-schema-graph\">{\"@context\":\"https:\/\/schema.org\",\"@graph\":[{\"@type\":\"NewsArticle\",\"@id\":\"https:\/\/www.suno.com.br\/noticias\/ibovespa-fecha-alta-alivio-exterior-05102020\/#article\",\"isPartOf\":{\"@id\":\"https:\/\/www.suno.com.br\/noticias\/ibovespa-fecha-alta-alivio-exterior-05102020\/\"},\"author\":{\"name\":\"Arthur Guimar\u00e3es\",\"@id\":\"https:\/\/www.suno.com.br\/noticias\/#\/schema\/person\/053a750a709a263919a20f976caae91c\"},\"headline\":\"Ibovespa fecha em alta de 2,21% em dia de al\u00edvio no exterior\",\"datePublished\":\"2020-10-05T20:44:44+00:00\",\"dateModified\":\"2021-05-29T23:31:36+00:00\",\"mainEntityOfPage\":{\"@id\":\"https:\/\/www.suno.com.br\/noticias\/ibovespa-fecha-alta-alivio-exterior-05102020\/\"},\"wordCount\":770,\"publisher\":{\"@id\":\"https:\/\/www.suno.com.br\/noticias\/#organization\"},\"image\":{\"@id\":\"https:\/\/www.suno.com.br\/noticias\/ibovespa-fecha-alta-alivio-exterior-05102020\/#primaryimage\"},\"thumbnailUrl\":\"https:\/\/files.sunoresearch.com.br\/n\/uploads\/2019\/07\/0bff64a7-ibovespa-jpg.webp\",\"keywords\":[\"Gol Linhas A\u00e9reas (GOLL11\/GOLL4)\",\"Ibovespa\",\"Minerva (BEEF11\/BEEF3)\",\"Petrobras (PETR4)\",\"Saraiva (SLED3\/SLED4)\",\"Via (VIIA3)\"],\"articleSection\":[\"Mercado\"],\"inLanguage\":\"pt-BR\"},{\"@type\":\"WebPage\",\"@id\":\"https:\/\/www.suno.com.br\/noticias\/ibovespa-fecha-alta-alivio-exterior-05102020\/\",\"url\":\"https:\/\/www.suno.com.br\/noticias\/ibovespa-fecha-alta-alivio-exterior-05102020\/\",\"name\":\"Ibovespa fecha em alta de 2,21% em dia de al\u00edvio no exterior\",\"isPartOf\":{\"@id\":\"https:\/\/www.suno.com.br\/noticias\/#website\"},\"primaryImageOfPage\":{\"@id\":\"https:\/\/www.suno.com.br\/noticias\/ibovespa-fecha-alta-alivio-exterior-05102020\/#primaryimage\"},\"image\":{\"@id\":\"https:\/\/www.suno.com.br\/noticias\/ibovespa-fecha-alta-alivio-exterior-05102020\/#primaryimage\"},\"thumbnailUrl\":\"https:\/\/files.sunoresearch.com.br\/n\/uploads\/2019\/07\/0bff64a7-ibovespa-jpg.webp\",\"datePublished\":\"2020-10-05T20:44:44+00:00\",\"dateModified\":\"2021-05-29T23:31:36+00:00\",\"description\":\"O Ibovespa hoje encerrou em alta de 2,21%, a 96.089,19 pontos, seguindo o movimento positivo das bolsas no exterior. Clique para saber mais\",\"breadcrumb\":{\"@id\":\"https:\/\/www.suno.com.br\/noticias\/ibovespa-fecha-alta-alivio-exterior-05102020\/#breadcrumb\"},\"inLanguage\":\"pt-BR\",\"potentialAction\":[{\"@type\":\"ReadAction\",\"target\":[\"https:\/\/www.suno.com.br\/noticias\/ibovespa-fecha-alta-alivio-exterior-05102020\/\"]}]},{\"@type\":\"ImageObject\",\"inLanguage\":\"pt-BR\",\"@id\":\"https:\/\/www.suno.com.br\/noticias\/ibovespa-fecha-alta-alivio-exterior-05102020\/#primaryimage\",\"url\":\"https:\/\/files.sunoresearch.com.br\/n\/uploads\/2019\/07\/0bff64a7-ibovespa-jpg.webp\",\"contentUrl\":\"https:\/\/files.sunoresearch.com.br\/n\/uploads\/2019\/07\/0bff64a7-ibovespa-jpg.webp\",\"width\":1200,\"height\":630,\"caption\":\"O Ibovespa hoje encerrou em alta acompanhando as bolas internacionais\"},{\"@type\":\"BreadcrumbList\",\"@id\":\"https:\/\/www.suno.com.br\/noticias\/ibovespa-fecha-alta-alivio-exterior-05102020\/#breadcrumb\",\"itemListElement\":[{\"@type\":\"ListItem\",\"position\":1,\"name\":\"Not\u00edcias\",\"item\":\"https:\/\/www.suno.com.br\/noticias\/\"},{\"@type\":\"ListItem\",\"position\":2,\"name\":\"Mercado\",\"item\":\"https:\/\/www.suno.com.br\/noticias\/mercado\/\"},{\"@type\":\"ListItem\",\"position\":3,\"name\":\"Ibovespa fecha em alta de 2,21% em dia de al\u00edvio no exterior\"}]},{\"@type\":\"WebSite\",\"@id\":\"https:\/\/www.suno.com.br\/noticias\/#website\",\"url\":\"https:\/\/www.suno.com.br\/noticias\/\",\"name\":\"Suno Not\u00edcias\",\"description\":\"Seu portal de informa\u00e7\u00e3o sobre o mundo dos investimentos\",\"publisher\":{\"@id\":\"https:\/\/www.suno.com.br\/noticias\/#organization\"},\"potentialAction\":[{\"@type\":\"SearchAction\",\"target\":{\"@type\":\"EntryPoint\",\"urlTemplate\":\"https:\/\/www.suno.com.br\/noticias\/?s={search_term_string}\"},\"query-input\":{\"@type\":\"PropertyValueSpecification\",\"valueRequired\":true,\"valueName\":\"search_term_string\"}}],\"inLanguage\":\"pt-BR\"},{\"@type\":\"Organization\",\"@id\":\"https:\/\/www.suno.com.br\/noticias\/#organization\",\"name\":\"Suno Not\u00edcias\",\"url\":\"https:\/\/www.suno.com.br\/noticias\/\",\"logo\":{\"@type\":\"ImageObject\",\"inLanguage\":\"pt-BR\",\"@id\":\"https:\/\/www.suno.com.br\/noticias\/#\/schema\/logo\/image\/\",\"url\":\"https:\/\/files.sunoresearch.com.br\/n\/uploads\/2021\/09\/suno-logo.png\",\"contentUrl\":\"https:\/\/files.sunoresearch.com.br\/n\/uploads\/2021\/09\/suno-logo.png\",\"width\":180,\"height\":180,\"caption\":\"Suno Not\u00edcias\"},\"image\":{\"@id\":\"https:\/\/www.suno.com.br\/noticias\/#\/schema\/logo\/image\/\"},\"sameAs\":[\"https:\/\/facebook.com\/sunoresearch\",\"https:\/\/x.com\/sunoresearch\",\"https:\/\/www.instagram.com\/suno\",\"https:\/\/www.linkedin.com\/company\/suno-research\/\",\"https:\/\/www.youtube.com\/c\/sunoresearch\"]},{\"@type\":\"Person\",\"@id\":\"https:\/\/www.suno.com.br\/noticias\/#\/schema\/person\/053a750a709a263919a20f976caae91c\",\"name\":\"Arthur Guimar\u00e3es\",\"image\":{\"@type\":\"ImageObject\",\"inLanguage\":\"pt-BR\",\"@id\":\"https:\/\/www.suno.com.br\/noticias\/#\/schema\/person\/image\/\",\"url\":\"https:\/\/secure.gravatar.com\/avatar\/1affd86a11209ae09eb6dd3bcad3e96c?s=96&r=g\",\"contentUrl\":\"https:\/\/secure.gravatar.com\/avatar\/1affd86a11209ae09eb6dd3bcad3e96c?s=96&r=g\",\"caption\":\"Arthur Guimar\u00e3es\"},\"description\":\"Arthur Guimar\u00e3es escreve sobre pol\u00edtica, economia e neg\u00f3cios para o portal de not\u00edcias da Suno Research. Atualmente, \u00e9 estudante de jornalismo pela Faculdade C\u00e1sper L\u00edbero.\",\"url\":\"https:\/\/www.suno.com.br\/noticias\/author\/arthur-guimaraes\/\"}]}<\/script>\n<!-- \/ Yoast SEO plugin. -->","yoast_head_json":{"title":"Ibovespa fecha em alta de 2,21% em dia de al\u00edvio no exterior","description":"O Ibovespa hoje encerrou em alta de 2,21%, a 96.089,19 pontos, seguindo o movimento positivo das bolsas no exterior. Clique para saber mais","robots":{"index":"index","follow":"follow","max-snippet":"max-snippet:-1","max-image-preview":"max-image-preview:large","max-video-preview":"max-video-preview:-1"},"canonical":"https:\/\/www.suno.com.br\/noticias\/ibovespa-fecha-alta-alivio-exterior-05102020\/","og_locale":"pt_BR","og_type":"article","og_title":"Ibovespa fecha em alta de 2,21% em dia de al\u00edvio no exterior","og_description":"O Ibovespa hoje encerrou em alta de 2,21%, a 96.089,19 pontos, seguindo o movimento positivo das bolsas no exterior. Clique para saber mais","og_url":"https:\/\/www.suno.com.br\/noticias\/ibovespa-fecha-alta-alivio-exterior-05102020\/","og_site_name":"Suno Not\u00edcias","article_publisher":"https:\/\/facebook.com\/sunoresearch","og_image":[{"width":1200,"height":630,"url":"https:\/\/files.sunoresearch.com.br\/n\/uploads\/2019\/07\/0bff64a7-ibovespa.jpg","type":"image\/jpeg"}],"author":"Arthur Guimar\u00e3es","twitter_card":"summary_large_image","twitter_creator":"@sunoresearch","twitter_site":"@sunoresearch","twitter_misc":{"Escrito por":"Arthur Guimar\u00e3es","Est. tempo de leitura":"4 minutos"},"schema":{"@context":"https:\/\/schema.org","@graph":[{"@type":"NewsArticle","@id":"https:\/\/www.suno.com.br\/noticias\/ibovespa-fecha-alta-alivio-exterior-05102020\/#article","isPartOf":{"@id":"https:\/\/www.suno.com.br\/noticias\/ibovespa-fecha-alta-alivio-exterior-05102020\/"},"author":{"name":"Arthur Guimar\u00e3es","@id":"https:\/\/www.suno.com.br\/noticias\/#\/schema\/person\/053a750a709a263919a20f976caae91c"},"headline":"Ibovespa fecha em alta de 2,21% em dia de al\u00edvio no exterior","datePublished":"2020-10-05T20:44:44+00:00","dateModified":"2021-05-29T23:31:36+00:00","mainEntityOfPage":{"@id":"https:\/\/www.suno.com.br\/noticias\/ibovespa-fecha-alta-alivio-exterior-05102020\/"},"wordCount":770,"publisher":{"@id":"https:\/\/www.suno.com.br\/noticias\/#organization"},"image":{"@id":"https:\/\/www.suno.com.br\/noticias\/ibovespa-fecha-alta-alivio-exterior-05102020\/#primaryimage"},"thumbnailUrl":"https:\/\/files.sunoresearch.com.br\/n\/uploads\/2019\/07\/0bff64a7-ibovespa-jpg.webp","keywords":["Gol Linhas A\u00e9reas (GOLL11\/GOLL4)","Ibovespa","Minerva (BEEF11\/BEEF3)","Petrobras (PETR4)","Saraiva (SLED3\/SLED4)","Via (VIIA3)"],"articleSection":["Mercado"],"inLanguage":"pt-BR"},{"@type":"WebPage","@id":"https:\/\/www.suno.com.br\/noticias\/ibovespa-fecha-alta-alivio-exterior-05102020\/","url":"https:\/\/www.suno.com.br\/noticias\/ibovespa-fecha-alta-alivio-exterior-05102020\/","name":"Ibovespa fecha em alta de 2,21% em dia de al\u00edvio no exterior","isPartOf":{"@id":"https:\/\/www.suno.com.br\/noticias\/#website"},"primaryImageOfPage":{"@id":"https:\/\/www.suno.com.br\/noticias\/ibovespa-fecha-alta-alivio-exterior-05102020\/#primaryimage"},"image":{"@id":"https:\/\/www.suno.com.br\/noticias\/ibovespa-fecha-alta-alivio-exterior-05102020\/#primaryimage"},"thumbnailUrl":"https:\/\/files.sunoresearch.com.br\/n\/uploads\/2019\/07\/0bff64a7-ibovespa-jpg.webp","datePublished":"2020-10-05T20:44:44+00:00","dateModified":"2021-05-29T23:31:36+00:00","description":"O Ibovespa hoje encerrou em alta de 2,21%, a 96.089,19 pontos, seguindo o movimento positivo das bolsas no exterior. Clique para saber mais","breadcrumb":{"@id":"https:\/\/www.suno.com.br\/noticias\/ibovespa-fecha-alta-alivio-exterior-05102020\/#breadcrumb"},"inLanguage":"pt-BR","potentialAction":[{"@type":"ReadAction","target":["https:\/\/www.suno.com.br\/noticias\/ibovespa-fecha-alta-alivio-exterior-05102020\/"]}]},{"@type":"ImageObject","inLanguage":"pt-BR","@id":"https:\/\/www.suno.com.br\/noticias\/ibovespa-fecha-alta-alivio-exterior-05102020\/#primaryimage","url":"https:\/\/files.sunoresearch.com.br\/n\/uploads\/2019\/07\/0bff64a7-ibovespa-jpg.webp","contentUrl":"https:\/\/files.sunoresearch.com.br\/n\/uploads\/2019\/07\/0bff64a7-ibovespa-jpg.webp","width":1200,"height":630,"caption":"O Ibovespa hoje encerrou em alta acompanhando as bolas internacionais"},{"@type":"BreadcrumbList","@id":"https:\/\/www.suno.com.br\/noticias\/ibovespa-fecha-alta-alivio-exterior-05102020\/#breadcrumb","itemListElement":[{"@type":"ListItem","position":1,"name":"Not\u00edcias","item":"https:\/\/www.suno.com.br\/noticias\/"},{"@type":"ListItem","position":2,"name":"Mercado","item":"https:\/\/www.suno.com.br\/noticias\/mercado\/"},{"@type":"ListItem","position":3,"name":"Ibovespa fecha em alta de 2,21% em dia de al\u00edvio no exterior"}]},{"@type":"WebSite","@id":"https:\/\/www.suno.com.br\/noticias\/#website","url":"https:\/\/www.suno.com.br\/noticias\/","name":"Suno Not\u00edcias","description":"Seu portal de informa\u00e7\u00e3o sobre o mundo dos investimentos","publisher":{"@id":"https:\/\/www.suno.com.br\/noticias\/#organization"},"potentialAction":[{"@type":"SearchAction","target":{"@type":"EntryPoint","urlTemplate":"https:\/\/www.suno.com.br\/noticias\/?s={search_term_string}"},"query-input":{"@type":"PropertyValueSpecification","valueRequired":true,"valueName":"search_term_string"}}],"inLanguage":"pt-BR"},{"@type":"Organization","@id":"https:\/\/www.suno.com.br\/noticias\/#organization","name":"Suno Not\u00edcias","url":"https:\/\/www.suno.com.br\/noticias\/","logo":{"@type":"ImageObject","inLanguage":"pt-BR","@id":"https:\/\/www.suno.com.br\/noticias\/#\/schema\/logo\/image\/","url":"https:\/\/files.sunoresearch.com.br\/n\/uploads\/2021\/09\/suno-logo.png","contentUrl":"https:\/\/files.sunoresearch.com.br\/n\/uploads\/2021\/09\/suno-logo.png","width":180,"height":180,"caption":"Suno Not\u00edcias"},"image":{"@id":"https:\/\/www.suno.com.br\/noticias\/#\/schema\/logo\/image\/"},"sameAs":["https:\/\/facebook.com\/sunoresearch","https:\/\/x.com\/sunoresearch","https:\/\/www.instagram.com\/suno","https:\/\/www.linkedin.com\/company\/suno-research\/","https:\/\/www.youtube.com\/c\/sunoresearch"]},{"@type":"Person","@id":"https:\/\/www.suno.com.br\/noticias\/#\/schema\/person\/053a750a709a263919a20f976caae91c","name":"Arthur Guimar\u00e3es","image":{"@type":"ImageObject","inLanguage":"pt-BR","@id":"https:\/\/www.suno.com.br\/noticias\/#\/schema\/person\/image\/","url":"https:\/\/secure.gravatar.com\/avatar\/1affd86a11209ae09eb6dd3bcad3e96c?s=96&r=g","contentUrl":"https:\/\/secure.gravatar.com\/avatar\/1affd86a11209ae09eb6dd3bcad3e96c?s=96&r=g","caption":"Arthur Guimar\u00e3es"},"description":"Arthur Guimar\u00e3es escreve sobre pol\u00edtica, economia e neg\u00f3cios para o portal de not\u00edcias da Suno Research. Atualmente, \u00e9 estudante de jornalismo pela Faculdade C\u00e1sper L\u00edbero.","url":"https:\/\/www.suno.com.br\/noticias\/author\/arthur-guimaraes\/"}]}},"default_loop_html":"<div class=\"cardsPage__listCard__boxs\"><div class=\"cardsPage__listCard__boxs__img\"><a href=\"https:\/\/www.suno.com.br\/noticias\/ibovespa-fecha-alta-alivio-exterior-05102020\/\"><img class=\"mask\" src=\"https:\/\/www.suno.com.br\/noticias\/wp-content\/themes\/suno\/resources\/images\/spotlight\/spotlight1img\/bg-mask.png\" alt=\"Image Mask\"\/><img src=\"https:\/\/files.sunoresearch.com.br\/n\/uploads\/2019\/07\/0bff64a7-ibovespa-400x200.webp\" alt=\"Ibovespa fecha em alta de 2,21% em dia de al\u00edvio no exterior\"\/><\/a><span class=\"spotlightCategory\"><a href=\"https:\/\/www.suno.com.br\/noticias\/mercado\/\">Mercado<\/a><\/span><\/div><div class=\"cardsPage__listCard__boxs__content\"><a href=\"https:\/\/www.suno.com.br\/noticias\/ibovespa-fecha-alta-alivio-exterior-05102020\/\"><h2 class=\"content__title\">Ibovespa fecha em alta de 2,21% em dia de al\u00edvio no exterior<\/h2><\/a><div class=\"newsContent__article__meta\"><div class=\"newsContent__article__meta__authorBox\"><a href=\"https:\/\/www.suno.com.br\/noticias\/author\/arthur-guimaraes\/\" class=\"authorBox__avatar noMobi\"><img src=\"https:\/\/files.sunoresearch.com.br\/n\/uploads\/2020\/02\/dfb40897-eu-150x150.webp\" alt=\"Arthur Guimar\u00e3es\"><\/a><div class=\"authorBox__name\"><span>por\n\t\t\t<a href=\"https:\/\/www.suno.com.br\/noticias\/author\/arthur-guimaraes\/\"><span itemprop=\"author\">Arthur Guimar\u00e3es<\/span><\/a><\/span><time datetime=\"2020-10-05T17:44:44-03:00\" itemprop=\"datePublished\">05\/10\/2020 17:44<\/time><\/div><\/div><\/div><\/div><\/div>","single_layout":"posts","amp_enabled":true,"_links":{"self":[{"href":"https:\/\/www.suno.com.br\/noticias\/wp-json\/wp\/v2\/posts\/89635"}],"collection":[{"href":"https:\/\/www.suno.com.br\/noticias\/wp-json\/wp\/v2\/posts"}],"about":[{"href":"https:\/\/www.suno.com.br\/noticias\/wp-json\/wp\/v2\/types\/post"}],"author":[{"embeddable":true,"href":"https:\/\/www.suno.com.br\/noticias\/wp-json\/wp\/v2\/users\/35"}],"replies":[{"embeddable":true,"href":"https:\/\/www.suno.com.br\/noticias\/wp-json\/wp\/v2\/comments?post=89635"}],"version-history":[{"count":1,"href":"https:\/\/www.suno.com.br\/noticias\/wp-json\/wp\/v2\/posts\/89635\/revisions"}],"predecessor-version":[{"id":152032,"href":"https:\/\/www.suno.com.br\/noticias\/wp-json\/wp\/v2\/posts\/89635\/revisions\/152032"}],"wp:featuredmedia":[{"embeddable":true,"href":"https:\/\/www.suno.com.br\/noticias\/wp-json\/wp\/v2\/media\/29631"}],"wp:attachment":[{"href":"https:\/\/www.suno.com.br\/noticias\/wp-json\/wp\/v2\/media?parent=89635"}],"wp:term":[{"taxonomy":"category","embeddable":true,"href":"https:\/\/www.suno.com.br\/noticias\/wp-json\/wp\/v2\/categories?post=89635"},{"taxonomy":"post_tag","embeddable":true,"href":"https:\/\/www.suno.com.br\/noticias\/wp-json\/wp\/v2\/tags?post=89635"},{"taxonomy":"suno_strategy","embeddable":true,"href":"https:\/\/www.suno.com.br\/noticias\/wp-json\/wp\/v2\/suno_strategy?post=89635"}],"curies":[{"name":"wp","href":"https:\/\/api.w.org\/{rel}","templated":true}]}}