{"id":8948,"date":"2018-12-14T16:33:24","date_gmt":"2018-12-14T18:33:24","guid":{"rendered":"https:\/\/www.suno.com.br\/noticias\/?p=8948"},"modified":"2018-12-14T16:41:30","modified_gmt":"2018-12-14T18:41:30","slug":"venda-carros-crescer-12-2019","status":"publish","type":"post","link":"https:\/\/www.suno.com.br\/noticias\/venda-carros-crescer-12-2019\/","title":{"rendered":"Venda de carros novos deve crescer at\u00e9 12% em 2019, diz Ford"},"content":{"rendered":"<p>A <a href=\"https:\/\/www.suno.com.br\/noticias\/volkswagen-sobe-vendas-nacionais\/\">venda de ve\u00edculos<\/a> novos no Brasil deve crescer de 10% a 12% em 2019. Pelo menos \u00e9 a previs\u00e3o da montadora Ford.<\/p>\t<div class=\"wrapper-featured-image\">\n\t\t<figure class=\"spotlightImg\">\n\n\t\t\t<picture>\n\t\t\t\t<source media=\"(max-width: 768px)\" srcset=\"https:\/\/files.sunoresearch.com.br\/n\/uploads\/2018\/10\/929cf4fc-fiat-e-ford-400x200.webp\">\n\t\t\t\t<img loading=\"lazy\" decoding=\"async\" class=\"newsContent__article__imgCapa lazyloadDisabled newsContent__article__imgCapa--noCaption\" src=\"https:\/\/files.sunoresearch.com.br\/n\/uploads\/2018\/10\/929cf4fc-fiat-e-ford-800x450.webp\" width=\"800\" height=\"450\" alt=\"Venda de carros novos deve crescer at\u00e9 12% em 2019, diz Ford\" fetchpriority=high \/>\n\t\t\t<\/picture>\n\n\t\t\t<figcaption class=\"wp-caption-text wp-caption-text--hide\">Planta da Ford em S\u00e3o Bernardo do Campo<\/figcaption>\n\t\t<\/figure>\n\t<\/div>\n\n\n<p>A estimativa de crescimento pela <strong>Ford<\/strong> \u00e9 ainda inferior \u00e0 registrada entre janeiro e novembro de 2018. No per\u00edodo, a <strong>venda de carros<\/strong> no Brasil aumentou 15%.<\/p>\n<p>As previs\u00f5es para a Argentina, no entanto, n\u00e3o s\u00e3o boas. Estima-se que haja aprofundamento na retra\u00e7\u00e3o do mercado, por causa da crise econ\u00f4mica. As vendas argentinas registraram um recuo de 9% at\u00e9 novembro deste ano. Mas no ano que vem o resultado deve ser ainda pior. Espera-se que caiam entre 20% e 25% em 2019.<\/p>\n<p>Se isso acontecer, o mercado de carros da Argentina ser\u00e1 reduzido a um total de at\u00e9 600 mil unidades.<\/p>\n<p><a href=\"https:\/\/www.suno.com.br\/noticias\/setor-automotivo-alta-fiat-chrysler\/\">Saiba mais: Setor automotivo deve ter alta de at\u00e9 11% em 2019, diz presidente da FCA<\/a><\/p>\n<p>Conforme a estimativa da Ford, o crescimento esperado para o Brasil ser\u00e1 puxado mais uma vez pelas vendas para clientes corporativos. Isto \u00e9, locadoras, produtores rurais e frotistas est\u00e3o nesse grupo. A empresa considera que a venda para o consumidor comum ser\u00e1 mais lenta. &#8220;N\u00e3o estou vendo uma melhora nos juros em um horizonte de 12 meses&#8221;, declarou Rogelio Goldfarb, vice-presidente da Ford para a Am\u00e9rica do Sul.<\/p>\n<p><a href=\"https:\/\/www.suno.com.br\/noticias\/toyota-carro-hibrido-flex-mundo\/\">Saiba mais: Carro h\u00edbrido da Toyota Brasil ter\u00e1 tecnologia \u00fanica no mundo<\/a><\/p>\n<h2>Previs\u00f5es de crescimento em 2019<\/h2>\n<p>A estimativa da Ford vai ao encontro da proje\u00e7\u00e3o feita por Antonio Filosa, presidente da <strong>Fiat Chrysler<\/strong> (FCA) para a Am\u00e9rica Latina. O executivo disse que a expans\u00e3o do mercado brasileiro de ve\u00edculos deve ser de 8% a 11% em 2019.<\/p>\n<p>As proje\u00e7\u00f5es de Filosa para o crescimento do setor automotivo levam em considera\u00e7\u00e3o a expans\u00e3o do PIB entre 2,2% e 2,5%. Al\u00e9m disso, a infla\u00e7\u00e3o mantida sob controle e a proximidade da taxa b\u00e1sica de juros no n\u00edvel atual, de 6,5%, tamb\u00e9m entram na proje\u00e7\u00e3o.<\/p>\n<p>Entretanto, <strong>Ford<\/strong> e Fiat divergem sobre o motivo de alta do crescimento nas <strong>vendas de carros<\/strong> para 2019. Em 2017 e 2018 o setor automotivo foi puxado pela demanda de clientes corporativos. Filosa acha, no entanto, que em 2019 ser\u00e1 o consumidor comum o principal respons\u00e1vel pela alta nas vendas.<\/p>\n","protected":false},"excerpt":{"rendered":"<p>A venda de ve\u00edculos novos no Brasil deve crescer de 10% a 12% em 2019. Pelo menos \u00e9 a previs\u00e3o da montadora Ford. Planta da Ford em S\u00e3o Bernardo do Campo A estimativa de crescimento pela Ford \u00e9 ainda inferior \u00e0 registrada entre janeiro e novembro de 2018. No per\u00edodo, a venda de carros no [&hellip;]<\/p>\n","protected":false},"author":13,"featured_media":5637,"comment_status":"closed","ping_status":"closed","sticky":false,"template":"","format":"standard","meta":[],"categories":[60],"tags":[699,832,870],"suno_strategy":[],"class_list":["post-8948","post","type-post","status-publish","format-standard","has-post-thumbnail","hentry","category-mercado","tag-argentina","tag-fiat","tag-ford-fdmo34"],"yoast_head":"<!-- This site is optimized with the Yoast SEO plugin v24.4 - https:\/\/yoast.com\/wordpress\/plugins\/seo\/ -->\n<title>Venda de carros novos deve crescer at\u00e9 12% em 2019, diz Ford<\/title>\n<meta name=\"description\" content=\"A venda de ve\u00edculos novos no Brasil deve crescer de 10% a 12% em 2019. Pelo menos \u00e9 a previs\u00e3o da montadora Ford.\" \/>\n<meta name=\"robots\" content=\"index, follow, max-snippet:-1, max-image-preview:large, max-video-preview:-1\" \/>\n<link rel=\"canonical\" href=\"https:\/\/www.suno.com.br\/noticias\/venda-carros-crescer-12-2019\/\" \/>\n<meta property=\"og:locale\" content=\"pt_BR\" \/>\n<meta property=\"og:type\" content=\"article\" \/>\n<meta property=\"og:title\" content=\"Venda de carros novos deve crescer at\u00e9 12% em 2019, diz Ford\" \/>\n<meta property=\"og:description\" content=\"A venda de ve\u00edculos novos no Brasil deve crescer de 10% a 12% em 2019. Pelo menos \u00e9 a previs\u00e3o da montadora Ford.\" \/>\n<meta property=\"og:url\" content=\"https:\/\/www.suno.com.br\/noticias\/venda-carros-crescer-12-2019\/\" \/>\n<meta property=\"og:site_name\" content=\"Suno Not\u00edcias\" \/>\n<meta property=\"article:publisher\" content=\"https:\/\/facebook.com\/sunoresearch\" \/>\n<meta property=\"og:image\" content=\"https:\/\/files.sunoresearch.com.br\/n\/uploads\/2018\/10\/929cf4fc-fiat-e-ford.jpg\" \/>\n\t<meta property=\"og:image:width\" content=\"1920\" \/>\n\t<meta property=\"og:image:height\" content=\"1280\" \/>\n\t<meta property=\"og:image:type\" content=\"image\/jpeg\" \/>\n<meta name=\"author\" content=\"Guilherme Caetano\" \/>\n<meta name=\"twitter:card\" content=\"summary_large_image\" \/>\n<meta name=\"twitter:creator\" content=\"@sunoresearch\" \/>\n<meta name=\"twitter:site\" content=\"@sunoresearch\" \/>\n<meta name=\"twitter:label1\" content=\"Escrito por\" \/>\n\t<meta name=\"twitter:data1\" content=\"Guilherme Caetano\" \/>\n\t<meta name=\"twitter:label2\" content=\"Est. tempo de leitura\" \/>\n\t<meta name=\"twitter:data2\" content=\"2 minutos\" \/>\n<script type=\"application\/ld+json\" class=\"yoast-schema-graph\">{\"@context\":\"https:\/\/schema.org\",\"@graph\":[{\"@type\":\"NewsArticle\",\"@id\":\"https:\/\/www.suno.com.br\/noticias\/venda-carros-crescer-12-2019\/#article\",\"isPartOf\":{\"@id\":\"https:\/\/www.suno.com.br\/noticias\/venda-carros-crescer-12-2019\/\"},\"author\":{\"name\":\"Guilherme Caetano\",\"@id\":\"https:\/\/www.suno.com.br\/noticias\/#\/schema\/person\/0d0c9687cd2f600c564f25980c140de9\"},\"headline\":\"Venda de carros novos deve crescer at\u00e9 12% em 2019, diz Ford\",\"datePublished\":\"2018-12-14T18:33:24+00:00\",\"dateModified\":\"2018-12-14T18:41:30+00:00\",\"mainEntityOfPage\":{\"@id\":\"https:\/\/www.suno.com.br\/noticias\/venda-carros-crescer-12-2019\/\"},\"wordCount\":370,\"publisher\":{\"@id\":\"https:\/\/www.suno.com.br\/noticias\/#organization\"},\"image\":{\"@id\":\"https:\/\/www.suno.com.br\/noticias\/venda-carros-crescer-12-2019\/#primaryimage\"},\"thumbnailUrl\":\"https:\/\/files.sunoresearch.com.br\/n\/uploads\/2018\/10\/929cf4fc-fiat-e-ford-jpg.webp\",\"keywords\":[\"Argentina\",\"FIAT\",\"Ford (FDMO34)\"],\"articleSection\":[\"Mercado\"],\"inLanguage\":\"pt-BR\"},{\"@type\":\"WebPage\",\"@id\":\"https:\/\/www.suno.com.br\/noticias\/venda-carros-crescer-12-2019\/\",\"url\":\"https:\/\/www.suno.com.br\/noticias\/venda-carros-crescer-12-2019\/\",\"name\":\"Venda de carros novos deve crescer at\u00e9 12% em 2019, diz Ford\",\"isPartOf\":{\"@id\":\"https:\/\/www.suno.com.br\/noticias\/#website\"},\"primaryImageOfPage\":{\"@id\":\"https:\/\/www.suno.com.br\/noticias\/venda-carros-crescer-12-2019\/#primaryimage\"},\"image\":{\"@id\":\"https:\/\/www.suno.com.br\/noticias\/venda-carros-crescer-12-2019\/#primaryimage\"},\"thumbnailUrl\":\"https:\/\/files.sunoresearch.com.br\/n\/uploads\/2018\/10\/929cf4fc-fiat-e-ford-jpg.webp\",\"datePublished\":\"2018-12-14T18:33:24+00:00\",\"dateModified\":\"2018-12-14T18:41:30+00:00\",\"description\":\"A venda de ve\u00edculos novos no Brasil deve crescer de 10% a 12% em 2019. Pelo menos \u00e9 a previs\u00e3o da montadora Ford.\",\"breadcrumb\":{\"@id\":\"https:\/\/www.suno.com.br\/noticias\/venda-carros-crescer-12-2019\/#breadcrumb\"},\"inLanguage\":\"pt-BR\",\"potentialAction\":[{\"@type\":\"ReadAction\",\"target\":[\"https:\/\/www.suno.com.br\/noticias\/venda-carros-crescer-12-2019\/\"]}]},{\"@type\":\"ImageObject\",\"inLanguage\":\"pt-BR\",\"@id\":\"https:\/\/www.suno.com.br\/noticias\/venda-carros-crescer-12-2019\/#primaryimage\",\"url\":\"https:\/\/files.sunoresearch.com.br\/n\/uploads\/2018\/10\/929cf4fc-fiat-e-ford-jpg.webp\",\"contentUrl\":\"https:\/\/files.sunoresearch.com.br\/n\/uploads\/2018\/10\/929cf4fc-fiat-e-ford-jpg.webp\",\"width\":1920,\"height\":1280,\"caption\":\"Planta da Ford em S\u00e3o Bernardo do Campo\"},{\"@type\":\"BreadcrumbList\",\"@id\":\"https:\/\/www.suno.com.br\/noticias\/venda-carros-crescer-12-2019\/#breadcrumb\",\"itemListElement\":[{\"@type\":\"ListItem\",\"position\":1,\"name\":\"Not\u00edcias\",\"item\":\"https:\/\/www.suno.com.br\/noticias\/\"},{\"@type\":\"ListItem\",\"position\":2,\"name\":\"Mercado\",\"item\":\"https:\/\/www.suno.com.br\/noticias\/mercado\/\"},{\"@type\":\"ListItem\",\"position\":3,\"name\":\"Venda de carros novos deve crescer at\u00e9 12% em 2019, diz Ford\"}]},{\"@type\":\"WebSite\",\"@id\":\"https:\/\/www.suno.com.br\/noticias\/#website\",\"url\":\"https:\/\/www.suno.com.br\/noticias\/\",\"name\":\"Suno Not\u00edcias\",\"description\":\"Seu portal de informa\u00e7\u00e3o sobre o mundo dos investimentos\",\"publisher\":{\"@id\":\"https:\/\/www.suno.com.br\/noticias\/#organization\"},\"potentialAction\":[{\"@type\":\"SearchAction\",\"target\":{\"@type\":\"EntryPoint\",\"urlTemplate\":\"https:\/\/www.suno.com.br\/noticias\/?s={search_term_string}\"},\"query-input\":{\"@type\":\"PropertyValueSpecification\",\"valueRequired\":true,\"valueName\":\"search_term_string\"}}],\"inLanguage\":\"pt-BR\"},{\"@type\":\"Organization\",\"@id\":\"https:\/\/www.suno.com.br\/noticias\/#organization\",\"name\":\"Suno Not\u00edcias\",\"url\":\"https:\/\/www.suno.com.br\/noticias\/\",\"logo\":{\"@type\":\"ImageObject\",\"inLanguage\":\"pt-BR\",\"@id\":\"https:\/\/www.suno.com.br\/noticias\/#\/schema\/logo\/image\/\",\"url\":\"https:\/\/files.sunoresearch.com.br\/n\/uploads\/2021\/09\/suno-logo.png\",\"contentUrl\":\"https:\/\/files.sunoresearch.com.br\/n\/uploads\/2021\/09\/suno-logo.png\",\"width\":180,\"height\":180,\"caption\":\"Suno Not\u00edcias\"},\"image\":{\"@id\":\"https:\/\/www.suno.com.br\/noticias\/#\/schema\/logo\/image\/\"},\"sameAs\":[\"https:\/\/facebook.com\/sunoresearch\",\"https:\/\/x.com\/sunoresearch\",\"https:\/\/www.instagram.com\/suno\",\"https:\/\/www.linkedin.com\/company\/suno-research\/\",\"https:\/\/www.youtube.com\/c\/sunoresearch\"]},{\"@type\":\"Person\",\"@id\":\"https:\/\/www.suno.com.br\/noticias\/#\/schema\/person\/0d0c9687cd2f600c564f25980c140de9\",\"name\":\"Guilherme Caetano\",\"image\":{\"@type\":\"ImageObject\",\"inLanguage\":\"pt-BR\",\"@id\":\"https:\/\/www.suno.com.br\/noticias\/#\/schema\/person\/image\/\",\"url\":\"https:\/\/secure.gravatar.com\/avatar\/e48357351a01702a0d19307070e081bf?s=96&r=g\",\"contentUrl\":\"https:\/\/secure.gravatar.com\/avatar\/e48357351a01702a0d19307070e081bf?s=96&r=g\",\"caption\":\"Guilherme Caetano\"},\"description\":\"Formado em jornalismo pela Escola de Comunica\u00e7\u00f5es e Artes da USP, Guilherme Caetano escreve para o portal de not\u00edcias da Suno Research. Passou pelas reda\u00e7\u00f5es da Folha de S.Paulo e da revista \u00c9poca.\",\"url\":\"https:\/\/www.suno.com.br\/noticias\/author\/guilherme-caetano\/\"}]}<\/script>\n<!-- \/ Yoast SEO plugin. -->","yoast_head_json":{"title":"Venda de carros novos deve crescer at\u00e9 12% em 2019, diz Ford","description":"A venda de ve\u00edculos novos no Brasil deve crescer de 10% a 12% em 2019. Pelo menos \u00e9 a previs\u00e3o da montadora Ford.","robots":{"index":"index","follow":"follow","max-snippet":"max-snippet:-1","max-image-preview":"max-image-preview:large","max-video-preview":"max-video-preview:-1"},"canonical":"https:\/\/www.suno.com.br\/noticias\/venda-carros-crescer-12-2019\/","og_locale":"pt_BR","og_type":"article","og_title":"Venda de carros novos deve crescer at\u00e9 12% em 2019, diz Ford","og_description":"A venda de ve\u00edculos novos no Brasil deve crescer de 10% a 12% em 2019. Pelo menos \u00e9 a previs\u00e3o da montadora Ford.","og_url":"https:\/\/www.suno.com.br\/noticias\/venda-carros-crescer-12-2019\/","og_site_name":"Suno Not\u00edcias","article_publisher":"https:\/\/facebook.com\/sunoresearch","og_image":[{"width":1920,"height":1280,"url":"https:\/\/files.sunoresearch.com.br\/n\/uploads\/2018\/10\/929cf4fc-fiat-e-ford.jpg","type":"image\/jpeg"}],"author":"Guilherme Caetano","twitter_card":"summary_large_image","twitter_creator":"@sunoresearch","twitter_site":"@sunoresearch","twitter_misc":{"Escrito por":"Guilherme Caetano","Est. tempo de leitura":"2 minutos"},"schema":{"@context":"https:\/\/schema.org","@graph":[{"@type":"NewsArticle","@id":"https:\/\/www.suno.com.br\/noticias\/venda-carros-crescer-12-2019\/#article","isPartOf":{"@id":"https:\/\/www.suno.com.br\/noticias\/venda-carros-crescer-12-2019\/"},"author":{"name":"Guilherme Caetano","@id":"https:\/\/www.suno.com.br\/noticias\/#\/schema\/person\/0d0c9687cd2f600c564f25980c140de9"},"headline":"Venda de carros novos deve crescer at\u00e9 12% em 2019, diz Ford","datePublished":"2018-12-14T18:33:24+00:00","dateModified":"2018-12-14T18:41:30+00:00","mainEntityOfPage":{"@id":"https:\/\/www.suno.com.br\/noticias\/venda-carros-crescer-12-2019\/"},"wordCount":370,"publisher":{"@id":"https:\/\/www.suno.com.br\/noticias\/#organization"},"image":{"@id":"https:\/\/www.suno.com.br\/noticias\/venda-carros-crescer-12-2019\/#primaryimage"},"thumbnailUrl":"https:\/\/files.sunoresearch.com.br\/n\/uploads\/2018\/10\/929cf4fc-fiat-e-ford-jpg.webp","keywords":["Argentina","FIAT","Ford (FDMO34)"],"articleSection":["Mercado"],"inLanguage":"pt-BR"},{"@type":"WebPage","@id":"https:\/\/www.suno.com.br\/noticias\/venda-carros-crescer-12-2019\/","url":"https:\/\/www.suno.com.br\/noticias\/venda-carros-crescer-12-2019\/","name":"Venda de carros novos deve crescer at\u00e9 12% em 2019, diz Ford","isPartOf":{"@id":"https:\/\/www.suno.com.br\/noticias\/#website"},"primaryImageOfPage":{"@id":"https:\/\/www.suno.com.br\/noticias\/venda-carros-crescer-12-2019\/#primaryimage"},"image":{"@id":"https:\/\/www.suno.com.br\/noticias\/venda-carros-crescer-12-2019\/#primaryimage"},"thumbnailUrl":"https:\/\/files.sunoresearch.com.br\/n\/uploads\/2018\/10\/929cf4fc-fiat-e-ford-jpg.webp","datePublished":"2018-12-14T18:33:24+00:00","dateModified":"2018-12-14T18:41:30+00:00","description":"A venda de ve\u00edculos novos no Brasil deve crescer de 10% a 12% em 2019. Pelo menos \u00e9 a previs\u00e3o da montadora Ford.","breadcrumb":{"@id":"https:\/\/www.suno.com.br\/noticias\/venda-carros-crescer-12-2019\/#breadcrumb"},"inLanguage":"pt-BR","potentialAction":[{"@type":"ReadAction","target":["https:\/\/www.suno.com.br\/noticias\/venda-carros-crescer-12-2019\/"]}]},{"@type":"ImageObject","inLanguage":"pt-BR","@id":"https:\/\/www.suno.com.br\/noticias\/venda-carros-crescer-12-2019\/#primaryimage","url":"https:\/\/files.sunoresearch.com.br\/n\/uploads\/2018\/10\/929cf4fc-fiat-e-ford-jpg.webp","contentUrl":"https:\/\/files.sunoresearch.com.br\/n\/uploads\/2018\/10\/929cf4fc-fiat-e-ford-jpg.webp","width":1920,"height":1280,"caption":"Planta da Ford em S\u00e3o Bernardo do Campo"},{"@type":"BreadcrumbList","@id":"https:\/\/www.suno.com.br\/noticias\/venda-carros-crescer-12-2019\/#breadcrumb","itemListElement":[{"@type":"ListItem","position":1,"name":"Not\u00edcias","item":"https:\/\/www.suno.com.br\/noticias\/"},{"@type":"ListItem","position":2,"name":"Mercado","item":"https:\/\/www.suno.com.br\/noticias\/mercado\/"},{"@type":"ListItem","position":3,"name":"Venda de carros novos deve crescer at\u00e9 12% em 2019, diz Ford"}]},{"@type":"WebSite","@id":"https:\/\/www.suno.com.br\/noticias\/#website","url":"https:\/\/www.suno.com.br\/noticias\/","name":"Suno Not\u00edcias","description":"Seu portal de informa\u00e7\u00e3o sobre o mundo dos investimentos","publisher":{"@id":"https:\/\/www.suno.com.br\/noticias\/#organization"},"potentialAction":[{"@type":"SearchAction","target":{"@type":"EntryPoint","urlTemplate":"https:\/\/www.suno.com.br\/noticias\/?s={search_term_string}"},"query-input":{"@type":"PropertyValueSpecification","valueRequired":true,"valueName":"search_term_string"}}],"inLanguage":"pt-BR"},{"@type":"Organization","@id":"https:\/\/www.suno.com.br\/noticias\/#organization","name":"Suno Not\u00edcias","url":"https:\/\/www.suno.com.br\/noticias\/","logo":{"@type":"ImageObject","inLanguage":"pt-BR","@id":"https:\/\/www.suno.com.br\/noticias\/#\/schema\/logo\/image\/","url":"https:\/\/files.sunoresearch.com.br\/n\/uploads\/2021\/09\/suno-logo.png","contentUrl":"https:\/\/files.sunoresearch.com.br\/n\/uploads\/2021\/09\/suno-logo.png","width":180,"height":180,"caption":"Suno Not\u00edcias"},"image":{"@id":"https:\/\/www.suno.com.br\/noticias\/#\/schema\/logo\/image\/"},"sameAs":["https:\/\/facebook.com\/sunoresearch","https:\/\/x.com\/sunoresearch","https:\/\/www.instagram.com\/suno","https:\/\/www.linkedin.com\/company\/suno-research\/","https:\/\/www.youtube.com\/c\/sunoresearch"]},{"@type":"Person","@id":"https:\/\/www.suno.com.br\/noticias\/#\/schema\/person\/0d0c9687cd2f600c564f25980c140de9","name":"Guilherme Caetano","image":{"@type":"ImageObject","inLanguage":"pt-BR","@id":"https:\/\/www.suno.com.br\/noticias\/#\/schema\/person\/image\/","url":"https:\/\/secure.gravatar.com\/avatar\/e48357351a01702a0d19307070e081bf?s=96&r=g","contentUrl":"https:\/\/secure.gravatar.com\/avatar\/e48357351a01702a0d19307070e081bf?s=96&r=g","caption":"Guilherme Caetano"},"description":"Formado em jornalismo pela Escola de Comunica\u00e7\u00f5es e Artes da USP, Guilherme Caetano escreve para o portal de not\u00edcias da Suno Research. Passou pelas reda\u00e7\u00f5es da Folha de S.Paulo e da revista \u00c9poca.","url":"https:\/\/www.suno.com.br\/noticias\/author\/guilherme-caetano\/"}]}},"default_loop_html":"<div class=\"cardsPage__listCard__boxs\"><div class=\"cardsPage__listCard__boxs__img\"><a href=\"https:\/\/www.suno.com.br\/noticias\/venda-carros-crescer-12-2019\/\"><img class=\"mask\" src=\"https:\/\/www.suno.com.br\/noticias\/wp-content\/themes\/suno\/resources\/images\/spotlight\/spotlight1img\/bg-mask.png\" alt=\"Image Mask\"\/><img src=\"https:\/\/files.sunoresearch.com.br\/n\/uploads\/2018\/10\/929cf4fc-fiat-e-ford-400x200.webp\" alt=\"Venda de carros novos deve crescer at\u00e9 12% em 2019, diz Ford\"\/><\/a><span class=\"spotlightCategory\"><a href=\"https:\/\/www.suno.com.br\/noticias\/mercado\/\">Mercado<\/a><\/span><\/div><div class=\"cardsPage__listCard__boxs__content\"><a href=\"https:\/\/www.suno.com.br\/noticias\/venda-carros-crescer-12-2019\/\"><h2 class=\"content__title\">Venda de carros novos deve crescer at\u00e9 12% em 2019, diz Ford<\/h2><\/a><div class=\"newsContent__article__meta\"><div class=\"newsContent__article__meta__authorBox\"><a href=\"https:\/\/www.suno.com.br\/noticias\/author\/guilherme-caetano\/\" class=\"authorBox__avatar noMobi\"><img src=\"https:\/\/secure.gravatar.com\/avatar\/e48357351a01702a0d19307070e081bf?s=96&#038;r=g\" alt=\"Guilherme Caetano\"><\/a><div class=\"authorBox__name\"><span>por\n\t\t\t<a href=\"https:\/\/www.suno.com.br\/noticias\/author\/guilherme-caetano\/\"><span itemprop=\"author\">Guilherme Caetano<\/span><\/a><\/span><time datetime=\"2018-12-14T16:33:24-02:00\" itemprop=\"datePublished\">14\/12\/2018 16:33<\/time><\/div><\/div><\/div><\/div><\/div>","single_layout":"posts","amp_enabled":true,"_links":{"self":[{"href":"https:\/\/www.suno.com.br\/noticias\/wp-json\/wp\/v2\/posts\/8948"}],"collection":[{"href":"https:\/\/www.suno.com.br\/noticias\/wp-json\/wp\/v2\/posts"}],"about":[{"href":"https:\/\/www.suno.com.br\/noticias\/wp-json\/wp\/v2\/types\/post"}],"author":[{"embeddable":true,"href":"https:\/\/www.suno.com.br\/noticias\/wp-json\/wp\/v2\/users\/13"}],"replies":[{"embeddable":true,"href":"https:\/\/www.suno.com.br\/noticias\/wp-json\/wp\/v2\/comments?post=8948"}],"version-history":[{"count":0,"href":"https:\/\/www.suno.com.br\/noticias\/wp-json\/wp\/v2\/posts\/8948\/revisions"}],"wp:featuredmedia":[{"embeddable":true,"href":"https:\/\/www.suno.com.br\/noticias\/wp-json\/wp\/v2\/media\/5637"}],"wp:attachment":[{"href":"https:\/\/www.suno.com.br\/noticias\/wp-json\/wp\/v2\/media?parent=8948"}],"wp:term":[{"taxonomy":"category","embeddable":true,"href":"https:\/\/www.suno.com.br\/noticias\/wp-json\/wp\/v2\/categories?post=8948"},{"taxonomy":"post_tag","embeddable":true,"href":"https:\/\/www.suno.com.br\/noticias\/wp-json\/wp\/v2\/tags?post=8948"},{"taxonomy":"suno_strategy","embeddable":true,"href":"https:\/\/www.suno.com.br\/noticias\/wp-json\/wp\/v2\/suno_strategy?post=8948"}],"curies":[{"name":"wp","href":"https:\/\/api.w.org\/{rel}","templated":true}]}}