{"id":89423,"date":"2020-10-04T13:01:05","date_gmt":"2020-10-04T16:01:05","guid":{"rendered":"https:\/\/www.suno.com.br\/noticias\/?p=89423"},"modified":"2020-10-04T13:01:05","modified_gmt":"2020-10-04T16:01:05","slug":"uniao-europeia-reino-unido-acordo-comercial","status":"publish","type":"post","link":"https:\/\/www.suno.com.br\/noticias\/uniao-europeia-reino-unido-acordo-comercial\/","title":{"rendered":"Uni\u00e3o Europeia e Reino Unido voltar\u00e3o a negociar acordo comercial"},"content":{"rendered":"<p>A presidente da Comiss\u00e3o Europeia, \u00f3rg\u00e3o executivo da <a href=\"https:\/\/www.suno.com.br\/artigos\/uniao-europeia\/\"><strong>Uni\u00e3o Europeia<\/strong> (UE)<\/a>, Ursula von der Leyen, e o primeiro-ministro do Reino Unido, Boris Johnson, disseram a seus negociadores, no \u00faltimo s\u00e1bado (3), que eles devem voltar a discutir um acordo comercial para o p\u00f3s-Brexit.<\/p>\t<div class=\"wrapper-featured-image\">\n\t\t<figure class=\"spotlightImg\">\n\n\t\t\t<picture>\n\t\t\t\t<source media=\"(max-width: 768px)\" srcset=\"https:\/\/files.sunoresearch.com.br\/n\/uploads\/2020\/10\/0823a9b1-skynews-boris-johnson-ursula-von-der-le-yen_4886275-400x200.webp\">\n\t\t\t\t<img loading=\"lazy\" decoding=\"async\" class=\"newsContent__article__imgCapa lazyloadDisabled \" src=\"https:\/\/files.sunoresearch.com.br\/n\/uploads\/2020\/10\/0823a9b1-skynews-boris-johnson-ursula-von-der-le-yen_4886275-800x450.webp\" width=\"800\" height=\"450\" alt=\"Uni\u00e3o Europeia e Reino Unido voltar\u00e3o a negociar acordo comercial\" fetchpriority=high \/>\n\t\t\t<\/picture>\n\n\t\t\t<figcaption class=\"wp-caption-text wp-caption-text--show\">A Uni\u00e3o Europeia e o Reino Unido voltar\u00e3o a negociar os termos de um acordo comercial para o per\u00edodo p\u00f3s-Brexit. <\/figcaption>\n\t\t<\/figure>\n\t<\/div>\n\n\n<div class=\"hubspot-form-wrapper\">\n\t<div id=\"single-form-target\"><\/div>\n<\/div>\n\n<p>Os l\u00edderes realizaram uma videochamada com o objetivo de superar um obst\u00e1culo nas negocia\u00e7\u00f5es comerciais. Em uma declara\u00e7\u00e3o conjunta, os representantes de <strong>Reino Unido<\/strong> e Uni\u00e3o Europeia disseram que &#8220;houve progresso nas \u00faltimas semanas, mas que permaneceram lacunas significativas, principalmente, mas n\u00e3o apenas nas \u00e1reas de pesca, igualdade de condi\u00e7\u00f5es e governan\u00e7a&#8221;.<\/p>\n<p>O comunicado pontua que eles determinaram que seus principais negociadores dever\u00e3o trabalhar intensamente para tentar preencher essas lacunas. O negociador-chefe brit\u00e2nico, David Frost, afirmou em suas redes sociais que iniciaria as negocia\u00e7\u00f5es com o l\u00edder das negocia\u00e7\u00f5es da UE, Michel Barnie, &#8220;assim que poss\u00edvel na pr\u00f3xima semana&#8221;.<\/p>\n<p><a href=\"https:\/\/lp.suno.com.br\/suno-one\/\">No Suno One voc\u00ea aprende a fazer seu dinheiro para trabalhar para voc\u00ea. Cadastre-se gratuitamente agora!<\/a><\/p>\n<p>O Reino Unido deixou o bloco regional europeu em 31 de janeiro deste ano, ap\u00f3s mais de 45 anos de filia\u00e7\u00e3o, mas continua economicamente ligada \u00e0 UE at\u00e9 que o per\u00edodo de <a href=\"https:\/\/www.suno.com.br\/noticias\/brexit-oficial-nesta-sexta\/\">transi\u00e7\u00e3o do Brexit<\/a> seja encerrado em 31 de dezembro.<\/p>\n<h2>Uni\u00e3o Europeia e Reino Unido procuram acordo para minimizar custos da separa\u00e7\u00e3o<\/h2>\n<p><strong>Boris Johnson<\/strong> e <strong>von der Leyen<\/strong> procuram chegar a um acordo comercial que evite uma enxurrada de incertezas, tarifas e burocracias que prejudicaria ambas as economias. Todavia, por mais que os negociadores tenham chegado perto de um acordo em muitas \u00e1reas durante seis meses de negocia\u00e7\u00f5es, permanecem distantes quanto ao acesso dos barcos de pesca europeus \u00e0s \u00e1guas brit\u00e2nicas.<\/p>\n<p>Al\u00e9m disso, o n\u00edvel de apoio que os governos podem dar \u00e0s ind\u00fastrias nacionais tamb\u00e9m est\u00e1 em pauta. A UE avalia a possibilidade dos brit\u00e2nicos subsidiarem setores como a tecnologia, o que poderia resultar em uma concorr\u00eancia desleal.<\/p>\n\t<div data-element=\"shortcode-read-more\" class=\"knowMore\">\n\t\t\t\t<span class=\"knowMore__title\">Saiba mais<\/span>\n\t\t\t\t<a class=\"knowMore__link\" href=\"https:\/\/www.suno.com.br\/noticias\/brexit-reino-unido-dificulta-imigracao\/\">\n\t\t\tBrexit: ap\u00f3s sair da Uni\u00e3o Europeia, Reino Unido altera sistema de imigra\u00e7\u00e3o\t\t<\/a>\n\t<\/div>\n\n\n<p>A presidente da Comiss\u00e3o Europeia afirmou, na \u00faltima sexta-feira (2), que as quest\u00f5es mais dif\u00edceis \u201cainda est\u00e3o completamente abertas\u201d. \u201cQueremos um acordo porque achamos que \u00e9 melhor ter um acordo como vizinhos, al\u00e9m desses tempos de covid com impacto devastador nas economias\u201d, disse von der Leyen. \u201cMas n\u00e3o a qualquer pre\u00e7o.\u201d<\/p>\n<p>Johnson, por sua vez, afirmou antes do encontro com a l\u00edder da <strong>Uni\u00e3o Europeia<\/strong> que &#8220;h\u00e1 muito a ser feito&#8221; com o bloco. O premi\u00ea brit\u00e2nico afirmou que deseja um acordo de <a href=\"https:\/\/www.suno.com.br\/artigos\/livre-mercado\/\">livre com\u00e9rcio<\/a> semelhante ao que a UE tem com o Canad\u00e1, mas tamb\u00e9m est\u00e1 preparado para o fracasso das negocia\u00e7\u00f5es. \u201cEstamos decididos a qualquer um dos cursos, estamos preparados para qualquer um dos cursos e faremos com que funcione, mas depende muito de nossos amigos e parceiros\u201d, disse Johnson.<\/p>\n\t<p>\n\t\t<a href=\"https:\/\/lp.suno.com.br\/planilha-de-controle-de-investimentos\/\" target=\"_blank\" data-element=\"shortcode-suno-banner\" title=\"Banner SUNO, clique e saiba mais\">\n\t\t\t<picture>\n\t\t\t\t<source media=\"(max-width: 500px)\" srcset=\"https:\/\/files.sunoresearch.com.br\/n\/uploads\/2023\/03\/400x300-Controle-de-Investimentos.png\">\n\t\t\t\t<img class=\"newsContent__article__imgCapa newsContent__article__imgCapa--banner\"\n\t\t\t\t\tsrc=\"https:\/\/files.sunoresearch.com.br\/n\/uploads\/2023\/03\/1420x240-Controle-de-Investimentos.png\"\n\t\t\t\t\tdata-promo-id=\"75934\"\t\t\t\t\t\t\t\t\t\twidth='1420' height='240'\t\t\t\t\talt=\"https:\/\/files.sunoresearch.com.br\/n\/uploads\/2023\/03\/1420x240-Controle-de-Investimentos.png\"\n\t\t\t\t>\n\t\t\t<\/picture>\n\t\t<\/a>\n\t<\/p>\n\n\n","protected":false},"excerpt":{"rendered":"<p>A presidente da Comiss\u00e3o Europeia, \u00f3rg\u00e3o executivo da Uni\u00e3o Europeia (UE), Ursula von der Leyen, e o primeiro-ministro do Reino Unido, Boris Johnson, disseram a seus negociadores, no \u00faltimo s\u00e1bado (3), que eles devem voltar a discutir um acordo comercial para o p\u00f3s-Brexit. A Uni\u00e3o Europeia e o Reino Unido voltar\u00e3o a negociar os termos [&hellip;]<\/p>\n","protected":false},"author":24,"featured_media":89424,"comment_status":"closed","ping_status":"closed","sticky":false,"template":"","format":"standard","meta":[],"categories":[63],"tags":[1648,753,730,731],"suno_strategy":[],"class_list":["post-89423","post","type-post","status-publish","format-standard","has-post-thumbnail","hentry","category-internacional","tag-boris-johnson","tag-brexit","tag-reino-unido","tag-uniao-europeia"],"yoast_head":"<!-- This site is optimized with the Yoast SEO plugin v24.4 - https:\/\/yoast.com\/wordpress\/plugins\/seo\/ -->\n<title>Uni\u00e3o Europeia e Reino Unido voltar\u00e3o a negociar acordo comercial<\/title>\n<meta name=\"description\" content=\"A Uni\u00e3o Europeia e o Reino Unido voltar\u00e3o a negociar os termos de um acordo comercial para o per\u00edodo p\u00f3s-Brexit. Clique e saiba mais.\" \/>\n<meta name=\"robots\" content=\"index, follow, max-snippet:-1, max-image-preview:large, max-video-preview:-1\" \/>\n<link rel=\"canonical\" href=\"https:\/\/www.suno.com.br\/noticias\/uniao-europeia-reino-unido-acordo-comercial\/\" \/>\n<meta property=\"og:locale\" content=\"pt_BR\" \/>\n<meta property=\"og:type\" content=\"article\" \/>\n<meta property=\"og:title\" content=\"Uni\u00e3o Europeia e Reino Unido voltar\u00e3o a negociar acordo comercial\" \/>\n<meta property=\"og:description\" content=\"A Uni\u00e3o Europeia e o Reino Unido voltar\u00e3o a negociar os termos de um acordo comercial para o per\u00edodo p\u00f3s-Brexit. Clique e saiba mais.\" \/>\n<meta property=\"og:url\" content=\"https:\/\/www.suno.com.br\/noticias\/uniao-europeia-reino-unido-acordo-comercial\/\" \/>\n<meta property=\"og:site_name\" content=\"Suno Not\u00edcias\" \/>\n<meta property=\"article:publisher\" content=\"https:\/\/facebook.com\/sunoresearch\" \/>\n<meta property=\"og:image\" content=\"https:\/\/files.sunoresearch.com.br\/n\/uploads\/2020\/10\/0823a9b1-skynews-boris-johnson-ursula-von-der-le-yen_4886275.jpg\" \/>\n\t<meta property=\"og:image:width\" content=\"2048\" \/>\n\t<meta property=\"og:image:height\" content=\"1152\" \/>\n\t<meta property=\"og:image:type\" content=\"image\/jpeg\" \/>\n<meta name=\"author\" content=\"Jader Lazarini\" \/>\n<meta name=\"twitter:card\" content=\"summary_large_image\" \/>\n<meta name=\"twitter:creator\" content=\"@sunoresearch\" \/>\n<meta name=\"twitter:site\" content=\"@sunoresearch\" \/>\n<meta name=\"twitter:label1\" content=\"Escrito por\" \/>\n\t<meta name=\"twitter:data1\" content=\"Jader Lazarini\" \/>\n\t<meta name=\"twitter:label2\" content=\"Est. tempo de leitura\" \/>\n\t<meta name=\"twitter:data2\" content=\"3 minutos\" \/>\n<script type=\"application\/ld+json\" class=\"yoast-schema-graph\">{\"@context\":\"https:\/\/schema.org\",\"@graph\":[{\"@type\":\"NewsArticle\",\"@id\":\"https:\/\/www.suno.com.br\/noticias\/uniao-europeia-reino-unido-acordo-comercial\/#article\",\"isPartOf\":{\"@id\":\"https:\/\/www.suno.com.br\/noticias\/uniao-europeia-reino-unido-acordo-comercial\/\"},\"author\":{\"name\":\"Jader Lazarini\",\"@id\":\"https:\/\/www.suno.com.br\/noticias\/#\/schema\/person\/918d79de1f0281f01599b93f9ea6e23f\"},\"headline\":\"Uni\u00e3o Europeia e Reino Unido voltar\u00e3o a negociar acordo comercial\",\"datePublished\":\"2020-10-04T16:01:05+00:00\",\"mainEntityOfPage\":{\"@id\":\"https:\/\/www.suno.com.br\/noticias\/uniao-europeia-reino-unido-acordo-comercial\/\"},\"wordCount\":515,\"publisher\":{\"@id\":\"https:\/\/www.suno.com.br\/noticias\/#organization\"},\"image\":{\"@id\":\"https:\/\/www.suno.com.br\/noticias\/uniao-europeia-reino-unido-acordo-comercial\/#primaryimage\"},\"thumbnailUrl\":\"https:\/\/files.sunoresearch.com.br\/n\/uploads\/2020\/10\/0823a9b1-skynews-boris-johnson-ursula-von-der-le-yen_4886275-jpg.webp\",\"keywords\":[\"Boris Johnson\",\"Brexit\",\"Reino Unido\",\"Uni\u00e3o Europeia\"],\"articleSection\":[\"Internacional\"],\"inLanguage\":\"pt-BR\"},{\"@type\":\"WebPage\",\"@id\":\"https:\/\/www.suno.com.br\/noticias\/uniao-europeia-reino-unido-acordo-comercial\/\",\"url\":\"https:\/\/www.suno.com.br\/noticias\/uniao-europeia-reino-unido-acordo-comercial\/\",\"name\":\"Uni\u00e3o Europeia e Reino Unido voltar\u00e3o a negociar acordo comercial\",\"isPartOf\":{\"@id\":\"https:\/\/www.suno.com.br\/noticias\/#website\"},\"primaryImageOfPage\":{\"@id\":\"https:\/\/www.suno.com.br\/noticias\/uniao-europeia-reino-unido-acordo-comercial\/#primaryimage\"},\"image\":{\"@id\":\"https:\/\/www.suno.com.br\/noticias\/uniao-europeia-reino-unido-acordo-comercial\/#primaryimage\"},\"thumbnailUrl\":\"https:\/\/files.sunoresearch.com.br\/n\/uploads\/2020\/10\/0823a9b1-skynews-boris-johnson-ursula-von-der-le-yen_4886275-jpg.webp\",\"datePublished\":\"2020-10-04T16:01:05+00:00\",\"description\":\"A Uni\u00e3o Europeia e o Reino Unido voltar\u00e3o a negociar os termos de um acordo comercial para o per\u00edodo p\u00f3s-Brexit. Clique e saiba mais.\",\"breadcrumb\":{\"@id\":\"https:\/\/www.suno.com.br\/noticias\/uniao-europeia-reino-unido-acordo-comercial\/#breadcrumb\"},\"inLanguage\":\"pt-BR\",\"potentialAction\":[{\"@type\":\"ReadAction\",\"target\":[\"https:\/\/www.suno.com.br\/noticias\/uniao-europeia-reino-unido-acordo-comercial\/\"]}]},{\"@type\":\"ImageObject\",\"inLanguage\":\"pt-BR\",\"@id\":\"https:\/\/www.suno.com.br\/noticias\/uniao-europeia-reino-unido-acordo-comercial\/#primaryimage\",\"url\":\"https:\/\/files.sunoresearch.com.br\/n\/uploads\/2020\/10\/0823a9b1-skynews-boris-johnson-ursula-von-der-le-yen_4886275-jpg.webp\",\"contentUrl\":\"https:\/\/files.sunoresearch.com.br\/n\/uploads\/2020\/10\/0823a9b1-skynews-boris-johnson-ursula-von-der-le-yen_4886275-jpg.webp\",\"width\":2048,\"height\":1152,\"caption\":\"A Uni\u00e3o Europeia e o Reino Unido voltar\u00e3o a negociar os termos de um acordo comercial para o per\u00edodo p\u00f3s-Brexit.\"},{\"@type\":\"BreadcrumbList\",\"@id\":\"https:\/\/www.suno.com.br\/noticias\/uniao-europeia-reino-unido-acordo-comercial\/#breadcrumb\",\"itemListElement\":[{\"@type\":\"ListItem\",\"position\":1,\"name\":\"Not\u00edcias\",\"item\":\"https:\/\/www.suno.com.br\/noticias\/\"},{\"@type\":\"ListItem\",\"position\":2,\"name\":\"Internacional\",\"item\":\"https:\/\/www.suno.com.br\/noticias\/internacional\/\"},{\"@type\":\"ListItem\",\"position\":3,\"name\":\"Uni\u00e3o Europeia e Reino Unido voltar\u00e3o a negociar acordo comercial\"}]},{\"@type\":\"WebSite\",\"@id\":\"https:\/\/www.suno.com.br\/noticias\/#website\",\"url\":\"https:\/\/www.suno.com.br\/noticias\/\",\"name\":\"Suno Not\u00edcias\",\"description\":\"Seu portal de informa\u00e7\u00e3o sobre o mundo dos investimentos\",\"publisher\":{\"@id\":\"https:\/\/www.suno.com.br\/noticias\/#organization\"},\"potentialAction\":[{\"@type\":\"SearchAction\",\"target\":{\"@type\":\"EntryPoint\",\"urlTemplate\":\"https:\/\/www.suno.com.br\/noticias\/?s={search_term_string}\"},\"query-input\":{\"@type\":\"PropertyValueSpecification\",\"valueRequired\":true,\"valueName\":\"search_term_string\"}}],\"inLanguage\":\"pt-BR\"},{\"@type\":\"Organization\",\"@id\":\"https:\/\/www.suno.com.br\/noticias\/#organization\",\"name\":\"Suno Not\u00edcias\",\"url\":\"https:\/\/www.suno.com.br\/noticias\/\",\"logo\":{\"@type\":\"ImageObject\",\"inLanguage\":\"pt-BR\",\"@id\":\"https:\/\/www.suno.com.br\/noticias\/#\/schema\/logo\/image\/\",\"url\":\"https:\/\/files.sunoresearch.com.br\/n\/uploads\/2021\/09\/suno-logo.png\",\"contentUrl\":\"https:\/\/files.sunoresearch.com.br\/n\/uploads\/2021\/09\/suno-logo.png\",\"width\":180,\"height\":180,\"caption\":\"Suno Not\u00edcias\"},\"image\":{\"@id\":\"https:\/\/www.suno.com.br\/noticias\/#\/schema\/logo\/image\/\"},\"sameAs\":[\"https:\/\/facebook.com\/sunoresearch\",\"https:\/\/x.com\/sunoresearch\",\"https:\/\/www.instagram.com\/suno\",\"https:\/\/www.linkedin.com\/company\/suno-research\/\",\"https:\/\/www.youtube.com\/c\/sunoresearch\"]},{\"@type\":\"Person\",\"@id\":\"https:\/\/www.suno.com.br\/noticias\/#\/schema\/person\/918d79de1f0281f01599b93f9ea6e23f\",\"name\":\"Jader Lazarini\",\"image\":{\"@type\":\"ImageObject\",\"inLanguage\":\"pt-BR\",\"@id\":\"https:\/\/www.suno.com.br\/noticias\/#\/schema\/person\/image\/\",\"url\":\"https:\/\/secure.gravatar.com\/avatar\/3c1ad8caa51589841baeb923fcddea97?s=96&r=g\",\"contentUrl\":\"https:\/\/secure.gravatar.com\/avatar\/3c1ad8caa51589841baeb923fcddea97?s=96&r=g\",\"caption\":\"Jader Lazarini\"},\"description\":\"Jader Lazarini escreve sobre investimentos, finan\u00e7as, economia e neg\u00f3cios. \u00c9 bacharel em Rela\u00e7\u00f5es Internacionais e analista CNPI (2619).\",\"url\":\"https:\/\/www.suno.com.br\/noticias\/author\/jader-lazarini\/\"}]}<\/script>\n<!-- \/ Yoast SEO plugin. -->","yoast_head_json":{"title":"Uni\u00e3o Europeia e Reino Unido voltar\u00e3o a negociar acordo comercial","description":"A Uni\u00e3o Europeia e o Reino Unido voltar\u00e3o a negociar os termos de um acordo comercial para o per\u00edodo p\u00f3s-Brexit. Clique e saiba mais.","robots":{"index":"index","follow":"follow","max-snippet":"max-snippet:-1","max-image-preview":"max-image-preview:large","max-video-preview":"max-video-preview:-1"},"canonical":"https:\/\/www.suno.com.br\/noticias\/uniao-europeia-reino-unido-acordo-comercial\/","og_locale":"pt_BR","og_type":"article","og_title":"Uni\u00e3o Europeia e Reino Unido voltar\u00e3o a negociar acordo comercial","og_description":"A Uni\u00e3o Europeia e o Reino Unido voltar\u00e3o a negociar os termos de um acordo comercial para o per\u00edodo p\u00f3s-Brexit. Clique e saiba mais.","og_url":"https:\/\/www.suno.com.br\/noticias\/uniao-europeia-reino-unido-acordo-comercial\/","og_site_name":"Suno Not\u00edcias","article_publisher":"https:\/\/facebook.com\/sunoresearch","og_image":[{"width":2048,"height":1152,"url":"https:\/\/files.sunoresearch.com.br\/n\/uploads\/2020\/10\/0823a9b1-skynews-boris-johnson-ursula-von-der-le-yen_4886275.jpg","type":"image\/jpeg"}],"author":"Jader Lazarini","twitter_card":"summary_large_image","twitter_creator":"@sunoresearch","twitter_site":"@sunoresearch","twitter_misc":{"Escrito por":"Jader Lazarini","Est. tempo de leitura":"3 minutos"},"schema":{"@context":"https:\/\/schema.org","@graph":[{"@type":"NewsArticle","@id":"https:\/\/www.suno.com.br\/noticias\/uniao-europeia-reino-unido-acordo-comercial\/#article","isPartOf":{"@id":"https:\/\/www.suno.com.br\/noticias\/uniao-europeia-reino-unido-acordo-comercial\/"},"author":{"name":"Jader Lazarini","@id":"https:\/\/www.suno.com.br\/noticias\/#\/schema\/person\/918d79de1f0281f01599b93f9ea6e23f"},"headline":"Uni\u00e3o Europeia e Reino Unido voltar\u00e3o a negociar acordo comercial","datePublished":"2020-10-04T16:01:05+00:00","mainEntityOfPage":{"@id":"https:\/\/www.suno.com.br\/noticias\/uniao-europeia-reino-unido-acordo-comercial\/"},"wordCount":515,"publisher":{"@id":"https:\/\/www.suno.com.br\/noticias\/#organization"},"image":{"@id":"https:\/\/www.suno.com.br\/noticias\/uniao-europeia-reino-unido-acordo-comercial\/#primaryimage"},"thumbnailUrl":"https:\/\/files.sunoresearch.com.br\/n\/uploads\/2020\/10\/0823a9b1-skynews-boris-johnson-ursula-von-der-le-yen_4886275-jpg.webp","keywords":["Boris Johnson","Brexit","Reino Unido","Uni\u00e3o Europeia"],"articleSection":["Internacional"],"inLanguage":"pt-BR"},{"@type":"WebPage","@id":"https:\/\/www.suno.com.br\/noticias\/uniao-europeia-reino-unido-acordo-comercial\/","url":"https:\/\/www.suno.com.br\/noticias\/uniao-europeia-reino-unido-acordo-comercial\/","name":"Uni\u00e3o Europeia e Reino Unido voltar\u00e3o a negociar acordo comercial","isPartOf":{"@id":"https:\/\/www.suno.com.br\/noticias\/#website"},"primaryImageOfPage":{"@id":"https:\/\/www.suno.com.br\/noticias\/uniao-europeia-reino-unido-acordo-comercial\/#primaryimage"},"image":{"@id":"https:\/\/www.suno.com.br\/noticias\/uniao-europeia-reino-unido-acordo-comercial\/#primaryimage"},"thumbnailUrl":"https:\/\/files.sunoresearch.com.br\/n\/uploads\/2020\/10\/0823a9b1-skynews-boris-johnson-ursula-von-der-le-yen_4886275-jpg.webp","datePublished":"2020-10-04T16:01:05+00:00","description":"A Uni\u00e3o Europeia e o Reino Unido voltar\u00e3o a negociar os termos de um acordo comercial para o per\u00edodo p\u00f3s-Brexit. Clique e saiba mais.","breadcrumb":{"@id":"https:\/\/www.suno.com.br\/noticias\/uniao-europeia-reino-unido-acordo-comercial\/#breadcrumb"},"inLanguage":"pt-BR","potentialAction":[{"@type":"ReadAction","target":["https:\/\/www.suno.com.br\/noticias\/uniao-europeia-reino-unido-acordo-comercial\/"]}]},{"@type":"ImageObject","inLanguage":"pt-BR","@id":"https:\/\/www.suno.com.br\/noticias\/uniao-europeia-reino-unido-acordo-comercial\/#primaryimage","url":"https:\/\/files.sunoresearch.com.br\/n\/uploads\/2020\/10\/0823a9b1-skynews-boris-johnson-ursula-von-der-le-yen_4886275-jpg.webp","contentUrl":"https:\/\/files.sunoresearch.com.br\/n\/uploads\/2020\/10\/0823a9b1-skynews-boris-johnson-ursula-von-der-le-yen_4886275-jpg.webp","width":2048,"height":1152,"caption":"A Uni\u00e3o Europeia e o Reino Unido voltar\u00e3o a negociar os termos de um acordo comercial para o per\u00edodo p\u00f3s-Brexit."},{"@type":"BreadcrumbList","@id":"https:\/\/www.suno.com.br\/noticias\/uniao-europeia-reino-unido-acordo-comercial\/#breadcrumb","itemListElement":[{"@type":"ListItem","position":1,"name":"Not\u00edcias","item":"https:\/\/www.suno.com.br\/noticias\/"},{"@type":"ListItem","position":2,"name":"Internacional","item":"https:\/\/www.suno.com.br\/noticias\/internacional\/"},{"@type":"ListItem","position":3,"name":"Uni\u00e3o Europeia e Reino Unido voltar\u00e3o a negociar acordo comercial"}]},{"@type":"WebSite","@id":"https:\/\/www.suno.com.br\/noticias\/#website","url":"https:\/\/www.suno.com.br\/noticias\/","name":"Suno Not\u00edcias","description":"Seu portal de informa\u00e7\u00e3o sobre o mundo dos investimentos","publisher":{"@id":"https:\/\/www.suno.com.br\/noticias\/#organization"},"potentialAction":[{"@type":"SearchAction","target":{"@type":"EntryPoint","urlTemplate":"https:\/\/www.suno.com.br\/noticias\/?s={search_term_string}"},"query-input":{"@type":"PropertyValueSpecification","valueRequired":true,"valueName":"search_term_string"}}],"inLanguage":"pt-BR"},{"@type":"Organization","@id":"https:\/\/www.suno.com.br\/noticias\/#organization","name":"Suno Not\u00edcias","url":"https:\/\/www.suno.com.br\/noticias\/","logo":{"@type":"ImageObject","inLanguage":"pt-BR","@id":"https:\/\/www.suno.com.br\/noticias\/#\/schema\/logo\/image\/","url":"https:\/\/files.sunoresearch.com.br\/n\/uploads\/2021\/09\/suno-logo.png","contentUrl":"https:\/\/files.sunoresearch.com.br\/n\/uploads\/2021\/09\/suno-logo.png","width":180,"height":180,"caption":"Suno Not\u00edcias"},"image":{"@id":"https:\/\/www.suno.com.br\/noticias\/#\/schema\/logo\/image\/"},"sameAs":["https:\/\/facebook.com\/sunoresearch","https:\/\/x.com\/sunoresearch","https:\/\/www.instagram.com\/suno","https:\/\/www.linkedin.com\/company\/suno-research\/","https:\/\/www.youtube.com\/c\/sunoresearch"]},{"@type":"Person","@id":"https:\/\/www.suno.com.br\/noticias\/#\/schema\/person\/918d79de1f0281f01599b93f9ea6e23f","name":"Jader Lazarini","image":{"@type":"ImageObject","inLanguage":"pt-BR","@id":"https:\/\/www.suno.com.br\/noticias\/#\/schema\/person\/image\/","url":"https:\/\/secure.gravatar.com\/avatar\/3c1ad8caa51589841baeb923fcddea97?s=96&r=g","contentUrl":"https:\/\/secure.gravatar.com\/avatar\/3c1ad8caa51589841baeb923fcddea97?s=96&r=g","caption":"Jader Lazarini"},"description":"Jader Lazarini escreve sobre investimentos, finan\u00e7as, economia e neg\u00f3cios. \u00c9 bacharel em Rela\u00e7\u00f5es Internacionais e analista CNPI (2619).","url":"https:\/\/www.suno.com.br\/noticias\/author\/jader-lazarini\/"}]}},"default_loop_html":"<div class=\"cardsPage__listCard__boxs\"><div class=\"cardsPage__listCard__boxs__img\"><a href=\"https:\/\/www.suno.com.br\/noticias\/uniao-europeia-reino-unido-acordo-comercial\/\"><img class=\"mask\" src=\"https:\/\/www.suno.com.br\/noticias\/wp-content\/themes\/suno\/resources\/images\/spotlight\/spotlight1img\/bg-mask.png\" alt=\"Image Mask\"\/><img src=\"https:\/\/files.sunoresearch.com.br\/n\/uploads\/2020\/10\/0823a9b1-skynews-boris-johnson-ursula-von-der-le-yen_4886275-400x200.webp\" alt=\"Uni\u00e3o Europeia e Reino Unido voltar\u00e3o a negociar acordo comercial\"\/><\/a><span class=\"spotlightCategory\"><a href=\"https:\/\/www.suno.com.br\/noticias\/internacional\/\">Internacional<\/a><\/span><\/div><div class=\"cardsPage__listCard__boxs__content\"><a href=\"https:\/\/www.suno.com.br\/noticias\/uniao-europeia-reino-unido-acordo-comercial\/\"><h2 class=\"content__title\">Uni\u00e3o Europeia e Reino Unido voltar\u00e3o a negociar acordo comercial<\/h2><\/a><div class=\"newsContent__article__meta\"><div class=\"newsContent__article__meta__authorBox\"><a href=\"https:\/\/www.suno.com.br\/noticias\/author\/jader-lazarini\/\" class=\"authorBox__avatar noMobi\"><img src=\"https:\/\/files.sunoresearch.com.br\/n\/uploads\/2021\/01\/178e6598-foto-perfil-2-150x150.jpg\" alt=\"Jader Lazarini\"><\/a><div class=\"authorBox__name\"><span>por\n\t\t\t<a href=\"https:\/\/www.suno.com.br\/noticias\/author\/jader-lazarini\/\"><span itemprop=\"author\">Jader Lazarini<\/span><\/a><\/span><time datetime=\"2020-10-04T13:01:05-03:00\" itemprop=\"datePublished\">04\/10\/2020 13:01<\/time><\/div><\/div><\/div><\/div><\/div>","single_layout":"posts","amp_enabled":true,"_links":{"self":[{"href":"https:\/\/www.suno.com.br\/noticias\/wp-json\/wp\/v2\/posts\/89423"}],"collection":[{"href":"https:\/\/www.suno.com.br\/noticias\/wp-json\/wp\/v2\/posts"}],"about":[{"href":"https:\/\/www.suno.com.br\/noticias\/wp-json\/wp\/v2\/types\/post"}],"author":[{"embeddable":true,"href":"https:\/\/www.suno.com.br\/noticias\/wp-json\/wp\/v2\/users\/24"}],"replies":[{"embeddable":true,"href":"https:\/\/www.suno.com.br\/noticias\/wp-json\/wp\/v2\/comments?post=89423"}],"version-history":[{"count":0,"href":"https:\/\/www.suno.com.br\/noticias\/wp-json\/wp\/v2\/posts\/89423\/revisions"}],"wp:featuredmedia":[{"embeddable":true,"href":"https:\/\/www.suno.com.br\/noticias\/wp-json\/wp\/v2\/media\/89424"}],"wp:attachment":[{"href":"https:\/\/www.suno.com.br\/noticias\/wp-json\/wp\/v2\/media?parent=89423"}],"wp:term":[{"taxonomy":"category","embeddable":true,"href":"https:\/\/www.suno.com.br\/noticias\/wp-json\/wp\/v2\/categories?post=89423"},{"taxonomy":"post_tag","embeddable":true,"href":"https:\/\/www.suno.com.br\/noticias\/wp-json\/wp\/v2\/tags?post=89423"},{"taxonomy":"suno_strategy","embeddable":true,"href":"https:\/\/www.suno.com.br\/noticias\/wp-json\/wp\/v2\/suno_strategy?post=89423"}],"curies":[{"name":"wp","href":"https:\/\/api.w.org\/{rel}","templated":true}]}}