{"id":89417,"date":"2020-10-04T12:31:45","date_gmt":"2020-10-04T15:31:45","guid":{"rendered":"https:\/\/www.suno.com.br\/noticias\/?p=89417"},"modified":"2021-06-13T23:33:06","modified_gmt":"2021-06-14T02:33:06","slug":"apos-debate-biden-amplia-vantagem-trump","status":"publish","type":"post","link":"https:\/\/www.suno.com.br\/noticias\/apos-debate-biden-amplia-vantagem-trump\/","title":{"rendered":"Ap\u00f3s debate, Biden amplia vantagem sobre Trump, diz pesquisa"},"content":{"rendered":"<p>Ap\u00f3s a realiza\u00e7\u00e3o do primeiro debate entre os candidatos \u00e0 presid\u00eancia dos Estados Unidos, na noite da \u00faltima ter\u00e7a-feira (29), o representante democrata Joe Biden ampliou sua vantagem sobre o atual mandat\u00e1rio, <a href=\"https:\/\/www.suno.com.br\/tudo-sobre\/donald-trump\/\">Donald <strong>Trump<\/strong><\/a>. Segundo a nova pesquisa do Wall Street Journal\/NBC News, divulgada neste domingo (4), Biden figura com 53% das inten\u00e7\u00f5es de voto, enquanto Trump tem 39%.<\/p>\t<div class=\"wrapper-featured-image\">\n\t\t<figure class=\"spotlightImg\">\n\n\t\t\t<picture>\n\t\t\t\t<source media=\"(max-width: 768px)\" srcset=\"https:\/\/files.sunoresearch.com.br\/n\/uploads\/2020\/10\/93c1cdfb-15810_fbb711bc4fb029dc-400x200.webp\">\n\t\t\t\t<img loading=\"lazy\" decoding=\"async\" class=\"newsContent__article__imgCapa lazyloadDisabled \" src=\"https:\/\/files.sunoresearch.com.br\/n\/uploads\/2020\/10\/93c1cdfb-15810_fbb711bc4fb029dc-800x450.webp\" width=\"800\" height=\"450\" alt=\"Ap\u00f3s debate, Biden amplia vantagem sobre Trump, diz pesquisa\" fetchpriority=high \/>\n\t\t\t<\/picture>\n\n\t\t\t<figcaption class=\"wp-caption-text wp-caption-text--show\">A menos de 20 dias para a elei\u00e7\u00e3o, Joe Biden possui 11 pontos de vantagem sobre o presidente Donald Trump.<\/figcaption>\n\t\t<\/figure>\n\t<\/div>\n\n\n<div class=\"hubspot-form-wrapper\">\n\t<div id=\"single-form-target\"><\/div>\n<\/div>\n\n<p>Essa \u00e9 a primeira vez em toda a corrida \u00e0 presid\u00eancia norte-americana que Trump obt\u00e9m menos de 40% das inten\u00e7\u00f5es. O levantamento foi realizado entre quarta e quinta-feira, antes, portanto, da divulga\u00e7\u00e3o da not\u00edcia de que o presidente havia contra\u00eddo o <a href=\"https:\/\/www.suno.com.br\/noticias\/?s=coronav%C3%ADrus\">novo <strong>coronav\u00edrus<\/strong> (Covid-19)<\/a>.<\/p>\n<p>Para <strong>Bill McInturff<\/strong>, republicano que dirigiu a pesquisa em parceria com o democrata <strong>Jeff Horwitt<\/strong>, a pesquisa foi influenciada por um debate c\u00e1ustico, chamado por ele de &#8220;um choque para o sistema&#8221;, onde Trump saiu perdendo.<\/p>\n<p><a href=\"https:\/\/lp.suno.com.br\/suno-one\/\">No Suno One voc\u00ea aprende a fazer seu dinheiro para trabalhar para voc\u00ea. Cadastre-se gratuitamente agora!<\/a><\/p>\n<p>No entanto, McInturff reitera que o republicano pode recuperar seus eleitores, uma vez que &#8220;ele tem um hist\u00f3rico de voltar a um ponto que j\u00e1 havia estabelecido&#8221;. Entretanto, o pesquisador pontuou que o estudo mostra uma s\u00e9rie de sinais de alerta para Trump.<\/p>\n<p>Al\u00e9m de ter figurado pela primeira vez com menos de 40% das inten\u00e7\u00f5es de voto, Trump deve observar que as <strong>mulheres<\/strong>, maior parte do eleitorado do pa\u00eds, favorecem <strong>Biden<\/strong> por 27 pontos percentuais, 60% a 33%. No m\u00eas passado, esse n\u00famero estava em 20 pontos percentuais. A pesquisa tamb\u00e9m mostrou que o apoio ao republicano \u00e9 menor entre alguns de seus grupos mais leais, como os homens brancos da classe trabalhadora.<\/p>\n<h2>Trump \u00e9 visto como &#8220;perdedor&#8221; do debate<\/h2>\n<p>Segundo a nova pesquisa, as opini\u00f5es negativas sobre Trump dominam as positivas em 16 pontos percentuais, ante 11 pontos do estudo de setembro; a fatia de eleitores com opini\u00f5es &#8220;muito negativas&#8221; atingiu 50% pela primeira vez desde que Trump ascendeu \u00e0 presid\u00eancia, em 2016. Biden, por sua vez, viu as opini\u00f5es acerca de si se tornarem positivas pela primeira vez desde 2018, mas por uma margem pequena.<\/p>\n<p>&#8220;Est\u00e1 claro que o <strong>debate<\/strong> e o comportamento refor\u00e7aram o lado negativo de Trump pessoalmente para muitos entrevistados&#8221;, afirmou Horwitt. Para ele, o presidente &#8220;perdeu o povo estadunidense no estilo, mais do que no conte\u00fado&#8221;.<\/p>\n\t<div data-element=\"shortcode-read-more\" class=\"knowMore\">\n\t\t\t\t<span class=\"knowMore__title\">Saiba mais<\/span>\n\t\t\t\t<a class=\"knowMore__link\" href=\"https:\/\/www.suno.com.br\/noticias\/trump-apresenta-melhora-nao-esta-fora-de-perigo\/\">\n\t\t\tTrump apresenta melhora, mas ainda n\u00e3o est\u00e1 fora de perigo, diz boletim\t\t<\/a>\n\t<\/div>\n\n\n<p>Enquanto 84% dos democratas afirmaram que Biden fez um trabalho melhor no evento, 54% dos republicanos disseram isso de Trump. No geral, cerca de 50% dos eleitores consideraram que Biden teve um desempenho melhor, com um quarto afirmando que Trump saiu como &#8220;vencedor&#8221;. Aproximadamente 17% disseram que nenhum dos candidatos se saiu bem.<\/p>\n<p>Os pesquisadores tamb\u00e9m disseram que um dos fatores a impactar os n\u00fameros p\u00f3s-debate foi o efeito &#8220;destruidor de decoro&#8221;, no qual os dois candidatos trocaram insultos, com Trump interrompendo seu oponente e o mediador com mais frequ\u00eancia. Aproximadamente 75% dos eleitores disseram que o debate n\u00e3o fez diferen\u00e7a para seus votos. No entanto, entre os outros 25%, uma parcela maior disse que o evento os tornava mais dispostos a apoiar Biden do que Trump.<\/p>\n<p>&#8220;O que sabemos com certeza \u00e9 que o debate teve consequ\u00eancias, pelo menos inicialmente&#8221;, disse McInturff, que afirmou que a aten\u00e7\u00e3o do p\u00fablico agora \u00e9 voltada para os poss\u00edveis efeitos da contamina\u00e7\u00e3o de <strong>Trump<\/strong> pela Covid-19. A elei\u00e7\u00e3o presidencial acontecer\u00e1 no dia 3 de novembro deste ano.<\/p>\n\t<p>\n\t\t<a href=\"https:\/\/lp.suno.com.br\/planilha-de-controle-de-investimentos\/\" target=\"_blank\" data-element=\"shortcode-suno-banner\" title=\"Banner SUNO, clique e saiba mais\">\n\t\t\t<picture>\n\t\t\t\t<source media=\"(max-width: 500px)\" srcset=\"https:\/\/files.sunoresearch.com.br\/n\/uploads\/2023\/03\/400x300-Controle-de-Investimentos.png\">\n\t\t\t\t<img class=\"newsContent__article__imgCapa newsContent__article__imgCapa--banner\"\n\t\t\t\t\tsrc=\"https:\/\/files.sunoresearch.com.br\/n\/uploads\/2023\/03\/1420x240-Controle-de-Investimentos.png\"\n\t\t\t\t\tdata-promo-id=\"75934\"\t\t\t\t\t\t\t\t\t\twidth='1420' height='240'\t\t\t\t\talt=\"https:\/\/files.sunoresearch.com.br\/n\/uploads\/2023\/03\/1420x240-Controle-de-Investimentos.png\"\n\t\t\t\t>\n\t\t\t<\/picture>\n\t\t<\/a>\n\t<\/p>\n\n\n","protected":false},"excerpt":{"rendered":"<p>Ap\u00f3s a realiza\u00e7\u00e3o do primeiro debate entre os candidatos \u00e0 presid\u00eancia dos Estados Unidos, na noite da \u00faltima ter\u00e7a-feira (29), o representante democrata Joe Biden ampliou sua vantagem sobre o atual mandat\u00e1rio, Donald Trump. Segundo a nova pesquisa do Wall Street Journal\/NBC News, divulgada neste domingo (4), Biden figura com 53% das inten\u00e7\u00f5es de voto, [&hellip;]<\/p>\n","protected":false},"author":24,"featured_media":89420,"comment_status":"closed","ping_status":"closed","sticky":false,"template":"","format":"standard","meta":[],"categories":[63],"tags":[724,793,73481],"suno_strategy":[],"class_list":["post-89417","post","type-post","status-publish","format-standard","has-post-thumbnail","hentry","category-internacional","tag-donald-trump","tag-estados-unidos-eua","tag-joe-biden"],"yoast_head":"<!-- This site is optimized with the Yoast SEO plugin v24.4 - https:\/\/yoast.com\/wordpress\/plugins\/seo\/ -->\n<title>Ap\u00f3s debate, Biden amplia vantagem sobre Trump, diz pesquisa<\/title>\n<meta name=\"description\" content=\"Ap\u00f3s a realiza\u00e7\u00e3o do 1\u00ba debate entre os candidatos \u00e0 presid\u00eancia dos Estados Unidos, Biden ampliou sua vantagem contra Trump. Saiba mais.\" \/>\n<meta name=\"robots\" content=\"index, follow, max-snippet:-1, max-image-preview:large, max-video-preview:-1\" \/>\n<link rel=\"canonical\" href=\"https:\/\/www.suno.com.br\/noticias\/apos-debate-biden-amplia-vantagem-trump\/\" \/>\n<meta property=\"og:locale\" content=\"pt_BR\" \/>\n<meta property=\"og:type\" content=\"article\" \/>\n<meta property=\"og:title\" content=\"Ap\u00f3s debate, Biden amplia vantagem sobre Trump, diz pesquisa\" \/>\n<meta property=\"og:description\" content=\"Ap\u00f3s a realiza\u00e7\u00e3o do 1\u00ba debate entre os candidatos \u00e0 presid\u00eancia dos Estados Unidos, Biden ampliou sua vantagem contra Trump. Saiba mais.\" \/>\n<meta property=\"og:url\" content=\"https:\/\/www.suno.com.br\/noticias\/apos-debate-biden-amplia-vantagem-trump\/\" \/>\n<meta property=\"og:site_name\" content=\"Suno Not\u00edcias\" \/>\n<meta property=\"article:publisher\" content=\"https:\/\/facebook.com\/sunoresearch\" \/>\n<meta property=\"og:image\" content=\"https:\/\/files.sunoresearch.com.br\/n\/uploads\/2020\/10\/93c1cdfb-15810_fbb711bc4fb029dc.jpg\" \/>\n\t<meta property=\"og:image:width\" content=\"1920\" \/>\n\t<meta property=\"og:image:height\" content=\"1080\" \/>\n\t<meta property=\"og:image:type\" content=\"image\/jpeg\" \/>\n<meta name=\"author\" content=\"Jader Lazarini\" \/>\n<meta name=\"twitter:card\" content=\"summary_large_image\" \/>\n<meta name=\"twitter:creator\" content=\"@sunoresearch\" \/>\n<meta name=\"twitter:site\" content=\"@sunoresearch\" \/>\n<meta name=\"twitter:label1\" content=\"Escrito por\" \/>\n\t<meta name=\"twitter:data1\" content=\"Jader Lazarini\" \/>\n\t<meta name=\"twitter:label2\" content=\"Est. tempo de leitura\" \/>\n\t<meta name=\"twitter:data2\" content=\"3 minutos\" \/>\n<script type=\"application\/ld+json\" class=\"yoast-schema-graph\">{\"@context\":\"https:\/\/schema.org\",\"@graph\":[{\"@type\":\"NewsArticle\",\"@id\":\"https:\/\/www.suno.com.br\/noticias\/apos-debate-biden-amplia-vantagem-trump\/#article\",\"isPartOf\":{\"@id\":\"https:\/\/www.suno.com.br\/noticias\/apos-debate-biden-amplia-vantagem-trump\/\"},\"author\":{\"name\":\"Jader Lazarini\",\"@id\":\"https:\/\/www.suno.com.br\/noticias\/#\/schema\/person\/918d79de1f0281f01599b93f9ea6e23f\"},\"headline\":\"Ap\u00f3s debate, Biden amplia vantagem sobre Trump, diz pesquisa\",\"datePublished\":\"2020-10-04T15:31:45+00:00\",\"dateModified\":\"2021-06-14T02:33:06+00:00\",\"mainEntityOfPage\":{\"@id\":\"https:\/\/www.suno.com.br\/noticias\/apos-debate-biden-amplia-vantagem-trump\/\"},\"wordCount\":596,\"publisher\":{\"@id\":\"https:\/\/www.suno.com.br\/noticias\/#organization\"},\"image\":{\"@id\":\"https:\/\/www.suno.com.br\/noticias\/apos-debate-biden-amplia-vantagem-trump\/#primaryimage\"},\"thumbnailUrl\":\"https:\/\/files.sunoresearch.com.br\/n\/uploads\/2020\/10\/93c1cdfb-15810_fbb711bc4fb029dc-jpg.webp\",\"keywords\":[\"Donald Trump\",\"Estados Unidos (EUA)\",\"Joe Biden\"],\"articleSection\":[\"Internacional\"],\"inLanguage\":\"pt-BR\"},{\"@type\":\"WebPage\",\"@id\":\"https:\/\/www.suno.com.br\/noticias\/apos-debate-biden-amplia-vantagem-trump\/\",\"url\":\"https:\/\/www.suno.com.br\/noticias\/apos-debate-biden-amplia-vantagem-trump\/\",\"name\":\"Ap\u00f3s debate, Biden amplia vantagem sobre Trump, diz pesquisa\",\"isPartOf\":{\"@id\":\"https:\/\/www.suno.com.br\/noticias\/#website\"},\"primaryImageOfPage\":{\"@id\":\"https:\/\/www.suno.com.br\/noticias\/apos-debate-biden-amplia-vantagem-trump\/#primaryimage\"},\"image\":{\"@id\":\"https:\/\/www.suno.com.br\/noticias\/apos-debate-biden-amplia-vantagem-trump\/#primaryimage\"},\"thumbnailUrl\":\"https:\/\/files.sunoresearch.com.br\/n\/uploads\/2020\/10\/93c1cdfb-15810_fbb711bc4fb029dc-jpg.webp\",\"datePublished\":\"2020-10-04T15:31:45+00:00\",\"dateModified\":\"2021-06-14T02:33:06+00:00\",\"description\":\"Ap\u00f3s a realiza\u00e7\u00e3o do 1\u00ba debate entre os candidatos \u00e0 presid\u00eancia dos Estados Unidos, Biden ampliou sua vantagem contra Trump. Saiba mais.\",\"breadcrumb\":{\"@id\":\"https:\/\/www.suno.com.br\/noticias\/apos-debate-biden-amplia-vantagem-trump\/#breadcrumb\"},\"inLanguage\":\"pt-BR\",\"potentialAction\":[{\"@type\":\"ReadAction\",\"target\":[\"https:\/\/www.suno.com.br\/noticias\/apos-debate-biden-amplia-vantagem-trump\/\"]}]},{\"@type\":\"ImageObject\",\"inLanguage\":\"pt-BR\",\"@id\":\"https:\/\/www.suno.com.br\/noticias\/apos-debate-biden-amplia-vantagem-trump\/#primaryimage\",\"url\":\"https:\/\/files.sunoresearch.com.br\/n\/uploads\/2020\/10\/93c1cdfb-15810_fbb711bc4fb029dc-jpg.webp\",\"contentUrl\":\"https:\/\/files.sunoresearch.com.br\/n\/uploads\/2020\/10\/93c1cdfb-15810_fbb711bc4fb029dc-jpg.webp\",\"width\":1920,\"height\":1080,\"caption\":\"A menos de 20 dias para a elei\u00e7\u00e3o, Joe Biden possui 11 pontos de vantagem sobre o presidente Donald Trump.\"},{\"@type\":\"BreadcrumbList\",\"@id\":\"https:\/\/www.suno.com.br\/noticias\/apos-debate-biden-amplia-vantagem-trump\/#breadcrumb\",\"itemListElement\":[{\"@type\":\"ListItem\",\"position\":1,\"name\":\"Not\u00edcias\",\"item\":\"https:\/\/www.suno.com.br\/noticias\/\"},{\"@type\":\"ListItem\",\"position\":2,\"name\":\"Internacional\",\"item\":\"https:\/\/www.suno.com.br\/noticias\/internacional\/\"},{\"@type\":\"ListItem\",\"position\":3,\"name\":\"Ap\u00f3s debate, Biden amplia vantagem sobre Trump, diz pesquisa\"}]},{\"@type\":\"WebSite\",\"@id\":\"https:\/\/www.suno.com.br\/noticias\/#website\",\"url\":\"https:\/\/www.suno.com.br\/noticias\/\",\"name\":\"Suno Not\u00edcias\",\"description\":\"Seu portal de informa\u00e7\u00e3o sobre o mundo dos investimentos\",\"publisher\":{\"@id\":\"https:\/\/www.suno.com.br\/noticias\/#organization\"},\"potentialAction\":[{\"@type\":\"SearchAction\",\"target\":{\"@type\":\"EntryPoint\",\"urlTemplate\":\"https:\/\/www.suno.com.br\/noticias\/?s={search_term_string}\"},\"query-input\":{\"@type\":\"PropertyValueSpecification\",\"valueRequired\":true,\"valueName\":\"search_term_string\"}}],\"inLanguage\":\"pt-BR\"},{\"@type\":\"Organization\",\"@id\":\"https:\/\/www.suno.com.br\/noticias\/#organization\",\"name\":\"Suno Not\u00edcias\",\"url\":\"https:\/\/www.suno.com.br\/noticias\/\",\"logo\":{\"@type\":\"ImageObject\",\"inLanguage\":\"pt-BR\",\"@id\":\"https:\/\/www.suno.com.br\/noticias\/#\/schema\/logo\/image\/\",\"url\":\"https:\/\/files.sunoresearch.com.br\/n\/uploads\/2021\/09\/suno-logo.png\",\"contentUrl\":\"https:\/\/files.sunoresearch.com.br\/n\/uploads\/2021\/09\/suno-logo.png\",\"width\":180,\"height\":180,\"caption\":\"Suno Not\u00edcias\"},\"image\":{\"@id\":\"https:\/\/www.suno.com.br\/noticias\/#\/schema\/logo\/image\/\"},\"sameAs\":[\"https:\/\/facebook.com\/sunoresearch\",\"https:\/\/x.com\/sunoresearch\",\"https:\/\/www.instagram.com\/suno\",\"https:\/\/www.linkedin.com\/company\/suno-research\/\",\"https:\/\/www.youtube.com\/c\/sunoresearch\"]},{\"@type\":\"Person\",\"@id\":\"https:\/\/www.suno.com.br\/noticias\/#\/schema\/person\/918d79de1f0281f01599b93f9ea6e23f\",\"name\":\"Jader Lazarini\",\"image\":{\"@type\":\"ImageObject\",\"inLanguage\":\"pt-BR\",\"@id\":\"https:\/\/www.suno.com.br\/noticias\/#\/schema\/person\/image\/\",\"url\":\"https:\/\/secure.gravatar.com\/avatar\/3c1ad8caa51589841baeb923fcddea97?s=96&r=g\",\"contentUrl\":\"https:\/\/secure.gravatar.com\/avatar\/3c1ad8caa51589841baeb923fcddea97?s=96&r=g\",\"caption\":\"Jader Lazarini\"},\"description\":\"Jader Lazarini escreve sobre investimentos, finan\u00e7as, economia e neg\u00f3cios. \u00c9 bacharel em Rela\u00e7\u00f5es Internacionais e analista CNPI (2619).\",\"url\":\"https:\/\/www.suno.com.br\/noticias\/author\/jader-lazarini\/\"}]}<\/script>\n<!-- \/ Yoast SEO plugin. -->","yoast_head_json":{"title":"Ap\u00f3s debate, Biden amplia vantagem sobre Trump, diz pesquisa","description":"Ap\u00f3s a realiza\u00e7\u00e3o do 1\u00ba debate entre os candidatos \u00e0 presid\u00eancia dos Estados Unidos, Biden ampliou sua vantagem contra Trump. Saiba mais.","robots":{"index":"index","follow":"follow","max-snippet":"max-snippet:-1","max-image-preview":"max-image-preview:large","max-video-preview":"max-video-preview:-1"},"canonical":"https:\/\/www.suno.com.br\/noticias\/apos-debate-biden-amplia-vantagem-trump\/","og_locale":"pt_BR","og_type":"article","og_title":"Ap\u00f3s debate, Biden amplia vantagem sobre Trump, diz pesquisa","og_description":"Ap\u00f3s a realiza\u00e7\u00e3o do 1\u00ba debate entre os candidatos \u00e0 presid\u00eancia dos Estados Unidos, Biden ampliou sua vantagem contra Trump. Saiba mais.","og_url":"https:\/\/www.suno.com.br\/noticias\/apos-debate-biden-amplia-vantagem-trump\/","og_site_name":"Suno Not\u00edcias","article_publisher":"https:\/\/facebook.com\/sunoresearch","og_image":[{"width":1920,"height":1080,"url":"https:\/\/files.sunoresearch.com.br\/n\/uploads\/2020\/10\/93c1cdfb-15810_fbb711bc4fb029dc.jpg","type":"image\/jpeg"}],"author":"Jader Lazarini","twitter_card":"summary_large_image","twitter_creator":"@sunoresearch","twitter_site":"@sunoresearch","twitter_misc":{"Escrito por":"Jader Lazarini","Est. tempo de leitura":"3 minutos"},"schema":{"@context":"https:\/\/schema.org","@graph":[{"@type":"NewsArticle","@id":"https:\/\/www.suno.com.br\/noticias\/apos-debate-biden-amplia-vantagem-trump\/#article","isPartOf":{"@id":"https:\/\/www.suno.com.br\/noticias\/apos-debate-biden-amplia-vantagem-trump\/"},"author":{"name":"Jader Lazarini","@id":"https:\/\/www.suno.com.br\/noticias\/#\/schema\/person\/918d79de1f0281f01599b93f9ea6e23f"},"headline":"Ap\u00f3s debate, Biden amplia vantagem sobre Trump, diz pesquisa","datePublished":"2020-10-04T15:31:45+00:00","dateModified":"2021-06-14T02:33:06+00:00","mainEntityOfPage":{"@id":"https:\/\/www.suno.com.br\/noticias\/apos-debate-biden-amplia-vantagem-trump\/"},"wordCount":596,"publisher":{"@id":"https:\/\/www.suno.com.br\/noticias\/#organization"},"image":{"@id":"https:\/\/www.suno.com.br\/noticias\/apos-debate-biden-amplia-vantagem-trump\/#primaryimage"},"thumbnailUrl":"https:\/\/files.sunoresearch.com.br\/n\/uploads\/2020\/10\/93c1cdfb-15810_fbb711bc4fb029dc-jpg.webp","keywords":["Donald Trump","Estados Unidos (EUA)","Joe Biden"],"articleSection":["Internacional"],"inLanguage":"pt-BR"},{"@type":"WebPage","@id":"https:\/\/www.suno.com.br\/noticias\/apos-debate-biden-amplia-vantagem-trump\/","url":"https:\/\/www.suno.com.br\/noticias\/apos-debate-biden-amplia-vantagem-trump\/","name":"Ap\u00f3s debate, Biden amplia vantagem sobre Trump, diz pesquisa","isPartOf":{"@id":"https:\/\/www.suno.com.br\/noticias\/#website"},"primaryImageOfPage":{"@id":"https:\/\/www.suno.com.br\/noticias\/apos-debate-biden-amplia-vantagem-trump\/#primaryimage"},"image":{"@id":"https:\/\/www.suno.com.br\/noticias\/apos-debate-biden-amplia-vantagem-trump\/#primaryimage"},"thumbnailUrl":"https:\/\/files.sunoresearch.com.br\/n\/uploads\/2020\/10\/93c1cdfb-15810_fbb711bc4fb029dc-jpg.webp","datePublished":"2020-10-04T15:31:45+00:00","dateModified":"2021-06-14T02:33:06+00:00","description":"Ap\u00f3s a realiza\u00e7\u00e3o do 1\u00ba debate entre os candidatos \u00e0 presid\u00eancia dos Estados Unidos, Biden ampliou sua vantagem contra Trump. Saiba mais.","breadcrumb":{"@id":"https:\/\/www.suno.com.br\/noticias\/apos-debate-biden-amplia-vantagem-trump\/#breadcrumb"},"inLanguage":"pt-BR","potentialAction":[{"@type":"ReadAction","target":["https:\/\/www.suno.com.br\/noticias\/apos-debate-biden-amplia-vantagem-trump\/"]}]},{"@type":"ImageObject","inLanguage":"pt-BR","@id":"https:\/\/www.suno.com.br\/noticias\/apos-debate-biden-amplia-vantagem-trump\/#primaryimage","url":"https:\/\/files.sunoresearch.com.br\/n\/uploads\/2020\/10\/93c1cdfb-15810_fbb711bc4fb029dc-jpg.webp","contentUrl":"https:\/\/files.sunoresearch.com.br\/n\/uploads\/2020\/10\/93c1cdfb-15810_fbb711bc4fb029dc-jpg.webp","width":1920,"height":1080,"caption":"A menos de 20 dias para a elei\u00e7\u00e3o, Joe Biden possui 11 pontos de vantagem sobre o presidente Donald Trump."},{"@type":"BreadcrumbList","@id":"https:\/\/www.suno.com.br\/noticias\/apos-debate-biden-amplia-vantagem-trump\/#breadcrumb","itemListElement":[{"@type":"ListItem","position":1,"name":"Not\u00edcias","item":"https:\/\/www.suno.com.br\/noticias\/"},{"@type":"ListItem","position":2,"name":"Internacional","item":"https:\/\/www.suno.com.br\/noticias\/internacional\/"},{"@type":"ListItem","position":3,"name":"Ap\u00f3s debate, Biden amplia vantagem sobre Trump, diz pesquisa"}]},{"@type":"WebSite","@id":"https:\/\/www.suno.com.br\/noticias\/#website","url":"https:\/\/www.suno.com.br\/noticias\/","name":"Suno Not\u00edcias","description":"Seu portal de informa\u00e7\u00e3o sobre o mundo dos investimentos","publisher":{"@id":"https:\/\/www.suno.com.br\/noticias\/#organization"},"potentialAction":[{"@type":"SearchAction","target":{"@type":"EntryPoint","urlTemplate":"https:\/\/www.suno.com.br\/noticias\/?s={search_term_string}"},"query-input":{"@type":"PropertyValueSpecification","valueRequired":true,"valueName":"search_term_string"}}],"inLanguage":"pt-BR"},{"@type":"Organization","@id":"https:\/\/www.suno.com.br\/noticias\/#organization","name":"Suno Not\u00edcias","url":"https:\/\/www.suno.com.br\/noticias\/","logo":{"@type":"ImageObject","inLanguage":"pt-BR","@id":"https:\/\/www.suno.com.br\/noticias\/#\/schema\/logo\/image\/","url":"https:\/\/files.sunoresearch.com.br\/n\/uploads\/2021\/09\/suno-logo.png","contentUrl":"https:\/\/files.sunoresearch.com.br\/n\/uploads\/2021\/09\/suno-logo.png","width":180,"height":180,"caption":"Suno Not\u00edcias"},"image":{"@id":"https:\/\/www.suno.com.br\/noticias\/#\/schema\/logo\/image\/"},"sameAs":["https:\/\/facebook.com\/sunoresearch","https:\/\/x.com\/sunoresearch","https:\/\/www.instagram.com\/suno","https:\/\/www.linkedin.com\/company\/suno-research\/","https:\/\/www.youtube.com\/c\/sunoresearch"]},{"@type":"Person","@id":"https:\/\/www.suno.com.br\/noticias\/#\/schema\/person\/918d79de1f0281f01599b93f9ea6e23f","name":"Jader Lazarini","image":{"@type":"ImageObject","inLanguage":"pt-BR","@id":"https:\/\/www.suno.com.br\/noticias\/#\/schema\/person\/image\/","url":"https:\/\/secure.gravatar.com\/avatar\/3c1ad8caa51589841baeb923fcddea97?s=96&r=g","contentUrl":"https:\/\/secure.gravatar.com\/avatar\/3c1ad8caa51589841baeb923fcddea97?s=96&r=g","caption":"Jader Lazarini"},"description":"Jader Lazarini escreve sobre investimentos, finan\u00e7as, economia e neg\u00f3cios. \u00c9 bacharel em Rela\u00e7\u00f5es Internacionais e analista CNPI (2619).","url":"https:\/\/www.suno.com.br\/noticias\/author\/jader-lazarini\/"}]}},"default_loop_html":"<div class=\"cardsPage__listCard__boxs\"><div class=\"cardsPage__listCard__boxs__img\"><a href=\"https:\/\/www.suno.com.br\/noticias\/apos-debate-biden-amplia-vantagem-trump\/\"><img class=\"mask\" src=\"https:\/\/www.suno.com.br\/noticias\/wp-content\/themes\/suno\/resources\/images\/spotlight\/spotlight1img\/bg-mask.png\" alt=\"Image Mask\"\/><img src=\"https:\/\/files.sunoresearch.com.br\/n\/uploads\/2020\/10\/93c1cdfb-15810_fbb711bc4fb029dc-400x200.webp\" alt=\"Ap\u00f3s debate, Biden amplia vantagem sobre Trump, diz pesquisa\"\/><\/a><span class=\"spotlightCategory\"><a href=\"https:\/\/www.suno.com.br\/noticias\/internacional\/\">Internacional<\/a><\/span><\/div><div class=\"cardsPage__listCard__boxs__content\"><a href=\"https:\/\/www.suno.com.br\/noticias\/apos-debate-biden-amplia-vantagem-trump\/\"><h2 class=\"content__title\">Ap\u00f3s debate, Biden amplia vantagem sobre Trump, diz pesquisa<\/h2><\/a><div class=\"newsContent__article__meta\"><div class=\"newsContent__article__meta__authorBox\"><a href=\"https:\/\/www.suno.com.br\/noticias\/author\/jader-lazarini\/\" class=\"authorBox__avatar noMobi\"><img src=\"https:\/\/files.sunoresearch.com.br\/n\/uploads\/2021\/01\/178e6598-foto-perfil-2-150x150.jpg\" alt=\"Jader Lazarini\"><\/a><div class=\"authorBox__name\"><span>por\n\t\t\t<a href=\"https:\/\/www.suno.com.br\/noticias\/author\/jader-lazarini\/\"><span itemprop=\"author\">Jader Lazarini<\/span><\/a><\/span><time datetime=\"2020-10-04T12:31:45-03:00\" itemprop=\"datePublished\">04\/10\/2020 12:31<\/time><\/div><\/div><\/div><\/div><\/div>","single_layout":"posts","amp_enabled":true,"_links":{"self":[{"href":"https:\/\/www.suno.com.br\/noticias\/wp-json\/wp\/v2\/posts\/89417"}],"collection":[{"href":"https:\/\/www.suno.com.br\/noticias\/wp-json\/wp\/v2\/posts"}],"about":[{"href":"https:\/\/www.suno.com.br\/noticias\/wp-json\/wp\/v2\/types\/post"}],"author":[{"embeddable":true,"href":"https:\/\/www.suno.com.br\/noticias\/wp-json\/wp\/v2\/users\/24"}],"replies":[{"embeddable":true,"href":"https:\/\/www.suno.com.br\/noticias\/wp-json\/wp\/v2\/comments?post=89417"}],"version-history":[{"count":1,"href":"https:\/\/www.suno.com.br\/noticias\/wp-json\/wp\/v2\/posts\/89417\/revisions"}],"predecessor-version":[{"id":156905,"href":"https:\/\/www.suno.com.br\/noticias\/wp-json\/wp\/v2\/posts\/89417\/revisions\/156905"}],"wp:featuredmedia":[{"embeddable":true,"href":"https:\/\/www.suno.com.br\/noticias\/wp-json\/wp\/v2\/media\/89420"}],"wp:attachment":[{"href":"https:\/\/www.suno.com.br\/noticias\/wp-json\/wp\/v2\/media?parent=89417"}],"wp:term":[{"taxonomy":"category","embeddable":true,"href":"https:\/\/www.suno.com.br\/noticias\/wp-json\/wp\/v2\/categories?post=89417"},{"taxonomy":"post_tag","embeddable":true,"href":"https:\/\/www.suno.com.br\/noticias\/wp-json\/wp\/v2\/tags?post=89417"},{"taxonomy":"suno_strategy","embeddable":true,"href":"https:\/\/www.suno.com.br\/noticias\/wp-json\/wp\/v2\/suno_strategy?post=89417"}],"curies":[{"name":"wp","href":"https:\/\/api.w.org\/{rel}","templated":true}]}}