{"id":89406,"date":"2020-10-04T10:02:27","date_gmt":"2020-10-04T13:02:27","guid":{"rendered":"https:\/\/www.suno.com.br\/noticias\/?p=89406"},"modified":"2021-06-13T23:33:08","modified_gmt":"2021-06-14T02:33:08","slug":"trump-apresenta-melhora-nao-esta-fora-de-perigo","status":"publish","type":"post","link":"https:\/\/www.suno.com.br\/noticias\/trump-apresenta-melhora-nao-esta-fora-de-perigo\/","title":{"rendered":"Trump apresenta melhora, mas ainda n\u00e3o est\u00e1 fora de perigo, diz boletim"},"content":{"rendered":"<p>De acordo com um novo boletim sobre a sa\u00fade do presidente norte-americano <a href=\"https:\/\/www.suno.com.br\/tudo-sobre\/donald-trump\/\">Donald <strong>Trump<\/strong><\/a>, assinado pelo m\u00e9dico do mandat\u00e1rio, o presidente teve &#8220;uma melhora substancial, embora ainda n\u00e3o esteja fora de perigo&#8221;, ap\u00f3s ter sido diagnosticado com o <a href=\"https:\/\/www.suno.com.br\/noticias\/?s=coronav%C3%ADrus\">novo coronav\u00edrus (Covid-19)<\/a>. Segundo o documento, divulgado na noite do \u00faltimo s\u00e1bado (3), o presidente est\u00e1 sendo medicado pelo antiviral Remdesivir, e n\u00e3o tem quadro febril nem utiliza oxig\u00eanio suplementar.<\/p>\t<div class=\"wrapper-featured-image\">\n\t\t<figure class=\"spotlightImg\">\n\n\t\t\t<picture>\n\t\t\t\t<source media=\"(max-width: 768px)\" srcset=\"https:\/\/files.sunoresearch.com.br\/n\/uploads\/2020\/03\/7baa82a2-trump-e1583873701423-400x200.webp\">\n\t\t\t\t<img loading=\"lazy\" decoding=\"async\" class=\"newsContent__article__imgCapa lazyloadDisabled \" src=\"https:\/\/files.sunoresearch.com.br\/n\/uploads\/2020\/03\/7baa82a2-trump-e1583873701423-800x450.webp\" width=\"800\" height=\"450\" alt=\"Trump apresenta melhora, mas ainda n\u00e3o est\u00e1 fora de perigo, diz boletim\" fetchpriority=high \/>\n\t\t\t<\/picture>\n\n\t\t\t<figcaption class=\"wp-caption-text wp-caption-text--show\">De acordo com um novo boletim sobre a sa\u00fade de Trump, o presidente apresentou &quot;uma melhora substancial&quot;. <\/figcaption>\n\t\t<\/figure>\n\t<\/div>\n\n\n<div class=\"hubspot-form-wrapper\">\n\t<div id=\"single-form-target\"><\/div>\n<\/div>\n\n<p>Segundo o comunicado, Trump, que apresentou um n\u00edvel de satura\u00e7\u00e3o entre 96% e 98% no s\u00e1bado, passou a tarde trabalhando e se movimentou normalmente no <strong>Centro M\u00e9dico Militar Walter Reed<\/strong>, onde est\u00e1 internado. O boletim diz que a equipe m\u00e9dica continua &#8220;cautelosamente otimista&#8221;.<\/p>\n<p>Em v\u00eddeo publicado nas redes sociais, o mandat\u00e1rio estadunidense agradeceu a equipe que \u00e9 respons\u00e1vel por sua <strong>sa\u00fade<\/strong> no hospital militar, dizendo que &#8220;quando cheguei aqui, n\u00e3o estava me sentindo muito bem. Me sinto melhor agora. Estamos trabalhando para que eu volte&#8221;.<\/p>\n<p><a href=\"https:\/\/lp.suno.com.br\/suno-one\/\">No Suno One voc\u00ea aprende a fazer seu dinheiro para trabalhar para voc\u00ea. Cadastre-se gratuitamente agora!<\/a><\/p>\n<p>Trump tamb\u00e9m afirmou que o &#8220;teste real&#8221; acontecer\u00e1 nos pr\u00f3ximos dias, com o acompanhamento de seu estado de sa\u00fade. &#8220;N\u00e3o tive escolha porque n\u00e3o queria ficar na <strong>Casa Branca<\/strong>. N\u00e3o posso ficar trancado em um quarto, totalmente seguro.&#8221;<\/p>\n<h2>Trump passou por per\u00edodo preocupante e est\u00e1 em grupo de risco<\/h2>\n<p>Na manh\u00e3 do \u00faltimo s\u00e1bado, o chefe de gabinete da Casa Branca, <strong>Mark Meadows<\/strong>, afirmou que o presidente passou por um per\u00edodo &#8220;muito preocupante&#8221; na \u00faltima sexta-feira (2), e que as 48 horas seguintes seriam &#8220;cr\u00edticas&#8221; no enfrentamento da doen\u00e7a. As informa\u00e7\u00f5es foram reveladas pela ag\u00eancia de not\u00edcias Associated Press.<\/p>\n<p>&#8220;Os sinais vitais do presidente ao longo das \u00faltimas 24 horas eram muito preocupantes, e as pr\u00f3ximas 48 horas ser\u00e3o cr\u00edticas no que diz respeito aos seus cuidados. Ainda n\u00e3o estamos em um caminho claro rumo \u00e0 sua completa recupera\u00e7\u00e3o&#8221;, declarou Meadows a jornalistas do lado de fora do hospital.<\/p>\n\t<div data-element=\"shortcode-read-more\" class=\"knowMore\">\n\t\t\t\t<span class=\"knowMore__title\">Saiba mais<\/span>\n\t\t\t\t<a class=\"knowMore__link\" href=\"https:\/\/www.suno.com.br\/noticias\/trump-e-hospitalizado-com-febre-por-covid-19-e-bolsas-desabam\/\">\n\t\t\tTrump \u00e9 hospitalizado com febre, por Covid-19, e bolsas desabam\t\t<\/a>\n\t<\/div>\n\n\n<p>Segundo a ag\u00eancia, os coment\u00e1rios do chefe de gabinete contradizem a avalia\u00e7\u00e3o otimista do estado de sa\u00fade de Trump. Meadows, por sua vez, havia dito na manh\u00e3 da \u00faltima sexta-feira que o presidente dos <strong>Estados Unidos<\/strong> apresentava &#8220;sintomas leves&#8221; e que deveria permanecer trabalhando no cargo.<\/p>\n<p>A interna\u00e7\u00e3o hospitalar do presidente deve durar mais alguns dias. <strong>Trump<\/strong> tem caracter\u00edsticas que o colocam em grupo de risco frente aos sintomas graves do coronav\u00edrus: ele tem 74 anos, apresenta sobrepeso e n\u00e3o h\u00e1 descri\u00e7\u00e3o de que sua dieta seja saud\u00e1vel ou que ele pratique exerc\u00edcios.<\/p>\n\t<p>\n\t\t<a href=\"https:\/\/lp.suno.com.br\/planilha-de-controle-de-investimentos\/\" target=\"_blank\" data-element=\"shortcode-suno-banner\" title=\"Banner SUNO, clique e saiba mais\">\n\t\t\t<picture>\n\t\t\t\t<source media=\"(max-width: 500px)\" srcset=\"https:\/\/files.sunoresearch.com.br\/n\/uploads\/2023\/03\/400x300-Controle-de-Investimentos.png\">\n\t\t\t\t<img class=\"newsContent__article__imgCapa newsContent__article__imgCapa--banner\"\n\t\t\t\t\tsrc=\"https:\/\/files.sunoresearch.com.br\/n\/uploads\/2023\/03\/1420x240-Controle-de-Investimentos.png\"\n\t\t\t\t\tdata-promo-id=\"75934\"\t\t\t\t\t\t\t\t\t\twidth='1420' height='240'\t\t\t\t\talt=\"https:\/\/files.sunoresearch.com.br\/n\/uploads\/2023\/03\/1420x240-Controle-de-Investimentos.png\"\n\t\t\t\t>\n\t\t\t<\/picture>\n\t\t<\/a>\n\t<\/p>\n\n\n","protected":false},"excerpt":{"rendered":"<p>De acordo com um novo boletim sobre a sa\u00fade do presidente norte-americano Donald Trump, assinado pelo m\u00e9dico do mandat\u00e1rio, o presidente teve &#8220;uma melhora substancial, embora ainda n\u00e3o esteja fora de perigo&#8221;, ap\u00f3s ter sido diagnosticado com o novo coronav\u00edrus (Covid-19). Segundo o documento, divulgado na noite do \u00faltimo s\u00e1bado (3), o presidente est\u00e1 sendo [&hellip;]<\/p>\n","protected":false},"author":24,"featured_media":55876,"comment_status":"closed","ping_status":"closed","sticky":false,"template":"","format":"standard","meta":[],"categories":[63],"tags":[2487,724,793],"suno_strategy":[],"class_list":["post-89406","post","type-post","status-publish","format-standard","has-post-thumbnail","hentry","category-internacional","tag-coronavirus","tag-donald-trump","tag-estados-unidos-eua"],"yoast_head":"<!-- This site is optimized with the Yoast SEO plugin v24.4 - https:\/\/yoast.com\/wordpress\/plugins\/seo\/ -->\n<title>Trump apresenta melhora, mas ainda n\u00e3o est\u00e1 fora de perigo, diz boletim<\/title>\n<meta name=\"description\" content=\"De acordo com um novo boletim sobre a sa\u00fade de Trump, o presidente apresentou &quot;uma melhora substancial&quot;. Clique aqui e saiba mais.\" \/>\n<meta name=\"robots\" content=\"index, follow, max-snippet:-1, max-image-preview:large, max-video-preview:-1\" \/>\n<link rel=\"canonical\" href=\"https:\/\/www.suno.com.br\/noticias\/trump-apresenta-melhora-nao-esta-fora-de-perigo\/\" \/>\n<meta property=\"og:locale\" content=\"pt_BR\" \/>\n<meta property=\"og:type\" content=\"article\" \/>\n<meta property=\"og:title\" content=\"Trump apresenta melhora, mas ainda n\u00e3o est\u00e1 fora de perigo, diz boletim\" \/>\n<meta property=\"og:description\" content=\"De acordo com um novo boletim sobre a sa\u00fade de Trump, o presidente apresentou &quot;uma melhora substancial&quot;. Clique aqui e saiba mais.\" \/>\n<meta property=\"og:url\" content=\"https:\/\/www.suno.com.br\/noticias\/trump-apresenta-melhora-nao-esta-fora-de-perigo\/\" \/>\n<meta property=\"og:site_name\" content=\"Suno Not\u00edcias\" \/>\n<meta property=\"article:publisher\" content=\"https:\/\/facebook.com\/sunoresearch\" \/>\n<meta property=\"og:image\" content=\"https:\/\/files.sunoresearch.com.br\/n\/uploads\/2020\/03\/7baa82a2-trump-e1583873701423.jpg\" \/>\n\t<meta property=\"og:image:width\" content=\"1188\" \/>\n\t<meta property=\"og:image:height\" content=\"669\" \/>\n\t<meta property=\"og:image:type\" content=\"image\/jpeg\" \/>\n<meta name=\"author\" content=\"Jader Lazarini\" \/>\n<meta name=\"twitter:card\" content=\"summary_large_image\" \/>\n<meta name=\"twitter:creator\" content=\"@sunoresearch\" \/>\n<meta name=\"twitter:site\" content=\"@sunoresearch\" \/>\n<meta name=\"twitter:label1\" content=\"Escrito por\" \/>\n\t<meta name=\"twitter:data1\" content=\"Jader Lazarini\" \/>\n\t<meta name=\"twitter:label2\" content=\"Est. tempo de leitura\" \/>\n\t<meta name=\"twitter:data2\" content=\"2 minutos\" \/>\n<script type=\"application\/ld+json\" class=\"yoast-schema-graph\">{\"@context\":\"https:\/\/schema.org\",\"@graph\":[{\"@type\":\"NewsArticle\",\"@id\":\"https:\/\/www.suno.com.br\/noticias\/trump-apresenta-melhora-nao-esta-fora-de-perigo\/#article\",\"isPartOf\":{\"@id\":\"https:\/\/www.suno.com.br\/noticias\/trump-apresenta-melhora-nao-esta-fora-de-perigo\/\"},\"author\":{\"name\":\"Jader Lazarini\",\"@id\":\"https:\/\/www.suno.com.br\/noticias\/#\/schema\/person\/918d79de1f0281f01599b93f9ea6e23f\"},\"headline\":\"Trump apresenta melhora, mas ainda n\u00e3o est\u00e1 fora de perigo, diz boletim\",\"datePublished\":\"2020-10-04T13:02:27+00:00\",\"dateModified\":\"2021-06-14T02:33:08+00:00\",\"mainEntityOfPage\":{\"@id\":\"https:\/\/www.suno.com.br\/noticias\/trump-apresenta-melhora-nao-esta-fora-de-perigo\/\"},\"wordCount\":486,\"publisher\":{\"@id\":\"https:\/\/www.suno.com.br\/noticias\/#organization\"},\"image\":{\"@id\":\"https:\/\/www.suno.com.br\/noticias\/trump-apresenta-melhora-nao-esta-fora-de-perigo\/#primaryimage\"},\"thumbnailUrl\":\"https:\/\/files.sunoresearch.com.br\/n\/uploads\/2020\/03\/7baa82a2-trump-e1583873701423-jpg.webp\",\"keywords\":[\"coronav\u00edrus\",\"Donald Trump\",\"Estados Unidos (EUA)\"],\"articleSection\":[\"Internacional\"],\"inLanguage\":\"pt-BR\"},{\"@type\":\"WebPage\",\"@id\":\"https:\/\/www.suno.com.br\/noticias\/trump-apresenta-melhora-nao-esta-fora-de-perigo\/\",\"url\":\"https:\/\/www.suno.com.br\/noticias\/trump-apresenta-melhora-nao-esta-fora-de-perigo\/\",\"name\":\"Trump apresenta melhora, mas ainda n\u00e3o est\u00e1 fora de perigo, diz boletim\",\"isPartOf\":{\"@id\":\"https:\/\/www.suno.com.br\/noticias\/#website\"},\"primaryImageOfPage\":{\"@id\":\"https:\/\/www.suno.com.br\/noticias\/trump-apresenta-melhora-nao-esta-fora-de-perigo\/#primaryimage\"},\"image\":{\"@id\":\"https:\/\/www.suno.com.br\/noticias\/trump-apresenta-melhora-nao-esta-fora-de-perigo\/#primaryimage\"},\"thumbnailUrl\":\"https:\/\/files.sunoresearch.com.br\/n\/uploads\/2020\/03\/7baa82a2-trump-e1583873701423-jpg.webp\",\"datePublished\":\"2020-10-04T13:02:27+00:00\",\"dateModified\":\"2021-06-14T02:33:08+00:00\",\"description\":\"De acordo com um novo boletim sobre a sa\u00fade de Trump, o presidente apresentou \\\"uma melhora substancial\\\". Clique aqui e saiba mais.\",\"breadcrumb\":{\"@id\":\"https:\/\/www.suno.com.br\/noticias\/trump-apresenta-melhora-nao-esta-fora-de-perigo\/#breadcrumb\"},\"inLanguage\":\"pt-BR\",\"potentialAction\":[{\"@type\":\"ReadAction\",\"target\":[\"https:\/\/www.suno.com.br\/noticias\/trump-apresenta-melhora-nao-esta-fora-de-perigo\/\"]}]},{\"@type\":\"ImageObject\",\"inLanguage\":\"pt-BR\",\"@id\":\"https:\/\/www.suno.com.br\/noticias\/trump-apresenta-melhora-nao-esta-fora-de-perigo\/#primaryimage\",\"url\":\"https:\/\/files.sunoresearch.com.br\/n\/uploads\/2020\/03\/7baa82a2-trump-e1583873701423-jpg.webp\",\"contentUrl\":\"https:\/\/files.sunoresearch.com.br\/n\/uploads\/2020\/03\/7baa82a2-trump-e1583873701423-jpg.webp\",\"width\":1188,\"height\":669,\"caption\":\"De acordo com um novo boletim sobre a sa\u00fade de Trump, o presidente apresentou \\\"uma melhora substancial\\\".\"},{\"@type\":\"BreadcrumbList\",\"@id\":\"https:\/\/www.suno.com.br\/noticias\/trump-apresenta-melhora-nao-esta-fora-de-perigo\/#breadcrumb\",\"itemListElement\":[{\"@type\":\"ListItem\",\"position\":1,\"name\":\"Not\u00edcias\",\"item\":\"https:\/\/www.suno.com.br\/noticias\/\"},{\"@type\":\"ListItem\",\"position\":2,\"name\":\"Internacional\",\"item\":\"https:\/\/www.suno.com.br\/noticias\/internacional\/\"},{\"@type\":\"ListItem\",\"position\":3,\"name\":\"Trump apresenta melhora, mas ainda n\u00e3o est\u00e1 fora de perigo, diz boletim\"}]},{\"@type\":\"WebSite\",\"@id\":\"https:\/\/www.suno.com.br\/noticias\/#website\",\"url\":\"https:\/\/www.suno.com.br\/noticias\/\",\"name\":\"Suno Not\u00edcias\",\"description\":\"Seu portal de informa\u00e7\u00e3o sobre o mundo dos investimentos\",\"publisher\":{\"@id\":\"https:\/\/www.suno.com.br\/noticias\/#organization\"},\"potentialAction\":[{\"@type\":\"SearchAction\",\"target\":{\"@type\":\"EntryPoint\",\"urlTemplate\":\"https:\/\/www.suno.com.br\/noticias\/?s={search_term_string}\"},\"query-input\":{\"@type\":\"PropertyValueSpecification\",\"valueRequired\":true,\"valueName\":\"search_term_string\"}}],\"inLanguage\":\"pt-BR\"},{\"@type\":\"Organization\",\"@id\":\"https:\/\/www.suno.com.br\/noticias\/#organization\",\"name\":\"Suno Not\u00edcias\",\"url\":\"https:\/\/www.suno.com.br\/noticias\/\",\"logo\":{\"@type\":\"ImageObject\",\"inLanguage\":\"pt-BR\",\"@id\":\"https:\/\/www.suno.com.br\/noticias\/#\/schema\/logo\/image\/\",\"url\":\"https:\/\/files.sunoresearch.com.br\/n\/uploads\/2021\/09\/suno-logo.png\",\"contentUrl\":\"https:\/\/files.sunoresearch.com.br\/n\/uploads\/2021\/09\/suno-logo.png\",\"width\":180,\"height\":180,\"caption\":\"Suno Not\u00edcias\"},\"image\":{\"@id\":\"https:\/\/www.suno.com.br\/noticias\/#\/schema\/logo\/image\/\"},\"sameAs\":[\"https:\/\/facebook.com\/sunoresearch\",\"https:\/\/x.com\/sunoresearch\",\"https:\/\/www.instagram.com\/suno\",\"https:\/\/www.linkedin.com\/company\/suno-research\/\",\"https:\/\/www.youtube.com\/c\/sunoresearch\"]},{\"@type\":\"Person\",\"@id\":\"https:\/\/www.suno.com.br\/noticias\/#\/schema\/person\/918d79de1f0281f01599b93f9ea6e23f\",\"name\":\"Jader Lazarini\",\"image\":{\"@type\":\"ImageObject\",\"inLanguage\":\"pt-BR\",\"@id\":\"https:\/\/www.suno.com.br\/noticias\/#\/schema\/person\/image\/\",\"url\":\"https:\/\/secure.gravatar.com\/avatar\/3c1ad8caa51589841baeb923fcddea97?s=96&r=g\",\"contentUrl\":\"https:\/\/secure.gravatar.com\/avatar\/3c1ad8caa51589841baeb923fcddea97?s=96&r=g\",\"caption\":\"Jader Lazarini\"},\"description\":\"Jader Lazarini escreve sobre investimentos, finan\u00e7as, economia e neg\u00f3cios. \u00c9 bacharel em Rela\u00e7\u00f5es Internacionais e analista CNPI (2619).\",\"url\":\"https:\/\/www.suno.com.br\/noticias\/author\/jader-lazarini\/\"}]}<\/script>\n<!-- \/ Yoast SEO plugin. -->","yoast_head_json":{"title":"Trump apresenta melhora, mas ainda n\u00e3o est\u00e1 fora de perigo, diz boletim","description":"De acordo com um novo boletim sobre a sa\u00fade de Trump, o presidente apresentou \"uma melhora substancial\". Clique aqui e saiba mais.","robots":{"index":"index","follow":"follow","max-snippet":"max-snippet:-1","max-image-preview":"max-image-preview:large","max-video-preview":"max-video-preview:-1"},"canonical":"https:\/\/www.suno.com.br\/noticias\/trump-apresenta-melhora-nao-esta-fora-de-perigo\/","og_locale":"pt_BR","og_type":"article","og_title":"Trump apresenta melhora, mas ainda n\u00e3o est\u00e1 fora de perigo, diz boletim","og_description":"De acordo com um novo boletim sobre a sa\u00fade de Trump, o presidente apresentou \"uma melhora substancial\". Clique aqui e saiba mais.","og_url":"https:\/\/www.suno.com.br\/noticias\/trump-apresenta-melhora-nao-esta-fora-de-perigo\/","og_site_name":"Suno Not\u00edcias","article_publisher":"https:\/\/facebook.com\/sunoresearch","og_image":[{"width":1188,"height":669,"url":"https:\/\/files.sunoresearch.com.br\/n\/uploads\/2020\/03\/7baa82a2-trump-e1583873701423.jpg","type":"image\/jpeg"}],"author":"Jader Lazarini","twitter_card":"summary_large_image","twitter_creator":"@sunoresearch","twitter_site":"@sunoresearch","twitter_misc":{"Escrito por":"Jader Lazarini","Est. tempo de leitura":"2 minutos"},"schema":{"@context":"https:\/\/schema.org","@graph":[{"@type":"NewsArticle","@id":"https:\/\/www.suno.com.br\/noticias\/trump-apresenta-melhora-nao-esta-fora-de-perigo\/#article","isPartOf":{"@id":"https:\/\/www.suno.com.br\/noticias\/trump-apresenta-melhora-nao-esta-fora-de-perigo\/"},"author":{"name":"Jader Lazarini","@id":"https:\/\/www.suno.com.br\/noticias\/#\/schema\/person\/918d79de1f0281f01599b93f9ea6e23f"},"headline":"Trump apresenta melhora, mas ainda n\u00e3o est\u00e1 fora de perigo, diz boletim","datePublished":"2020-10-04T13:02:27+00:00","dateModified":"2021-06-14T02:33:08+00:00","mainEntityOfPage":{"@id":"https:\/\/www.suno.com.br\/noticias\/trump-apresenta-melhora-nao-esta-fora-de-perigo\/"},"wordCount":486,"publisher":{"@id":"https:\/\/www.suno.com.br\/noticias\/#organization"},"image":{"@id":"https:\/\/www.suno.com.br\/noticias\/trump-apresenta-melhora-nao-esta-fora-de-perigo\/#primaryimage"},"thumbnailUrl":"https:\/\/files.sunoresearch.com.br\/n\/uploads\/2020\/03\/7baa82a2-trump-e1583873701423-jpg.webp","keywords":["coronav\u00edrus","Donald Trump","Estados Unidos (EUA)"],"articleSection":["Internacional"],"inLanguage":"pt-BR"},{"@type":"WebPage","@id":"https:\/\/www.suno.com.br\/noticias\/trump-apresenta-melhora-nao-esta-fora-de-perigo\/","url":"https:\/\/www.suno.com.br\/noticias\/trump-apresenta-melhora-nao-esta-fora-de-perigo\/","name":"Trump apresenta melhora, mas ainda n\u00e3o est\u00e1 fora de perigo, diz boletim","isPartOf":{"@id":"https:\/\/www.suno.com.br\/noticias\/#website"},"primaryImageOfPage":{"@id":"https:\/\/www.suno.com.br\/noticias\/trump-apresenta-melhora-nao-esta-fora-de-perigo\/#primaryimage"},"image":{"@id":"https:\/\/www.suno.com.br\/noticias\/trump-apresenta-melhora-nao-esta-fora-de-perigo\/#primaryimage"},"thumbnailUrl":"https:\/\/files.sunoresearch.com.br\/n\/uploads\/2020\/03\/7baa82a2-trump-e1583873701423-jpg.webp","datePublished":"2020-10-04T13:02:27+00:00","dateModified":"2021-06-14T02:33:08+00:00","description":"De acordo com um novo boletim sobre a sa\u00fade de Trump, o presidente apresentou \"uma melhora substancial\". Clique aqui e saiba mais.","breadcrumb":{"@id":"https:\/\/www.suno.com.br\/noticias\/trump-apresenta-melhora-nao-esta-fora-de-perigo\/#breadcrumb"},"inLanguage":"pt-BR","potentialAction":[{"@type":"ReadAction","target":["https:\/\/www.suno.com.br\/noticias\/trump-apresenta-melhora-nao-esta-fora-de-perigo\/"]}]},{"@type":"ImageObject","inLanguage":"pt-BR","@id":"https:\/\/www.suno.com.br\/noticias\/trump-apresenta-melhora-nao-esta-fora-de-perigo\/#primaryimage","url":"https:\/\/files.sunoresearch.com.br\/n\/uploads\/2020\/03\/7baa82a2-trump-e1583873701423-jpg.webp","contentUrl":"https:\/\/files.sunoresearch.com.br\/n\/uploads\/2020\/03\/7baa82a2-trump-e1583873701423-jpg.webp","width":1188,"height":669,"caption":"De acordo com um novo boletim sobre a sa\u00fade de Trump, o presidente apresentou \"uma melhora substancial\"."},{"@type":"BreadcrumbList","@id":"https:\/\/www.suno.com.br\/noticias\/trump-apresenta-melhora-nao-esta-fora-de-perigo\/#breadcrumb","itemListElement":[{"@type":"ListItem","position":1,"name":"Not\u00edcias","item":"https:\/\/www.suno.com.br\/noticias\/"},{"@type":"ListItem","position":2,"name":"Internacional","item":"https:\/\/www.suno.com.br\/noticias\/internacional\/"},{"@type":"ListItem","position":3,"name":"Trump apresenta melhora, mas ainda n\u00e3o est\u00e1 fora de perigo, diz boletim"}]},{"@type":"WebSite","@id":"https:\/\/www.suno.com.br\/noticias\/#website","url":"https:\/\/www.suno.com.br\/noticias\/","name":"Suno Not\u00edcias","description":"Seu portal de informa\u00e7\u00e3o sobre o mundo dos investimentos","publisher":{"@id":"https:\/\/www.suno.com.br\/noticias\/#organization"},"potentialAction":[{"@type":"SearchAction","target":{"@type":"EntryPoint","urlTemplate":"https:\/\/www.suno.com.br\/noticias\/?s={search_term_string}"},"query-input":{"@type":"PropertyValueSpecification","valueRequired":true,"valueName":"search_term_string"}}],"inLanguage":"pt-BR"},{"@type":"Organization","@id":"https:\/\/www.suno.com.br\/noticias\/#organization","name":"Suno Not\u00edcias","url":"https:\/\/www.suno.com.br\/noticias\/","logo":{"@type":"ImageObject","inLanguage":"pt-BR","@id":"https:\/\/www.suno.com.br\/noticias\/#\/schema\/logo\/image\/","url":"https:\/\/files.sunoresearch.com.br\/n\/uploads\/2021\/09\/suno-logo.png","contentUrl":"https:\/\/files.sunoresearch.com.br\/n\/uploads\/2021\/09\/suno-logo.png","width":180,"height":180,"caption":"Suno Not\u00edcias"},"image":{"@id":"https:\/\/www.suno.com.br\/noticias\/#\/schema\/logo\/image\/"},"sameAs":["https:\/\/facebook.com\/sunoresearch","https:\/\/x.com\/sunoresearch","https:\/\/www.instagram.com\/suno","https:\/\/www.linkedin.com\/company\/suno-research\/","https:\/\/www.youtube.com\/c\/sunoresearch"]},{"@type":"Person","@id":"https:\/\/www.suno.com.br\/noticias\/#\/schema\/person\/918d79de1f0281f01599b93f9ea6e23f","name":"Jader Lazarini","image":{"@type":"ImageObject","inLanguage":"pt-BR","@id":"https:\/\/www.suno.com.br\/noticias\/#\/schema\/person\/image\/","url":"https:\/\/secure.gravatar.com\/avatar\/3c1ad8caa51589841baeb923fcddea97?s=96&r=g","contentUrl":"https:\/\/secure.gravatar.com\/avatar\/3c1ad8caa51589841baeb923fcddea97?s=96&r=g","caption":"Jader Lazarini"},"description":"Jader Lazarini escreve sobre investimentos, finan\u00e7as, economia e neg\u00f3cios. \u00c9 bacharel em Rela\u00e7\u00f5es Internacionais e analista CNPI (2619).","url":"https:\/\/www.suno.com.br\/noticias\/author\/jader-lazarini\/"}]}},"default_loop_html":"<div class=\"cardsPage__listCard__boxs\"><div class=\"cardsPage__listCard__boxs__img\"><a href=\"https:\/\/www.suno.com.br\/noticias\/trump-apresenta-melhora-nao-esta-fora-de-perigo\/\"><img class=\"mask\" src=\"https:\/\/www.suno.com.br\/noticias\/wp-content\/themes\/suno\/resources\/images\/spotlight\/spotlight1img\/bg-mask.png\" alt=\"Image Mask\"\/><img src=\"https:\/\/files.sunoresearch.com.br\/n\/uploads\/2020\/03\/7baa82a2-trump-e1583873701423-400x200.webp\" alt=\"Trump apresenta melhora, mas ainda n\u00e3o est\u00e1 fora de perigo, diz boletim\"\/><\/a><span class=\"spotlightCategory\"><a href=\"https:\/\/www.suno.com.br\/noticias\/internacional\/\">Internacional<\/a><\/span><\/div><div class=\"cardsPage__listCard__boxs__content\"><a href=\"https:\/\/www.suno.com.br\/noticias\/trump-apresenta-melhora-nao-esta-fora-de-perigo\/\"><h2 class=\"content__title\">Trump apresenta melhora, mas ainda n\u00e3o est\u00e1 fora de perigo, diz boletim<\/h2><\/a><div class=\"newsContent__article__meta\"><div class=\"newsContent__article__meta__authorBox\"><a href=\"https:\/\/www.suno.com.br\/noticias\/author\/jader-lazarini\/\" class=\"authorBox__avatar noMobi\"><img src=\"https:\/\/files.sunoresearch.com.br\/n\/uploads\/2021\/01\/178e6598-foto-perfil-2-150x150.jpg\" alt=\"Jader Lazarini\"><\/a><div class=\"authorBox__name\"><span>por\n\t\t\t<a href=\"https:\/\/www.suno.com.br\/noticias\/author\/jader-lazarini\/\"><span itemprop=\"author\">Jader Lazarini<\/span><\/a><\/span><time datetime=\"2020-10-04T10:02:27-03:00\" itemprop=\"datePublished\">04\/10\/2020 10:02<\/time><\/div><\/div><\/div><\/div><\/div>","single_layout":"posts","amp_enabled":true,"_links":{"self":[{"href":"https:\/\/www.suno.com.br\/noticias\/wp-json\/wp\/v2\/posts\/89406"}],"collection":[{"href":"https:\/\/www.suno.com.br\/noticias\/wp-json\/wp\/v2\/posts"}],"about":[{"href":"https:\/\/www.suno.com.br\/noticias\/wp-json\/wp\/v2\/types\/post"}],"author":[{"embeddable":true,"href":"https:\/\/www.suno.com.br\/noticias\/wp-json\/wp\/v2\/users\/24"}],"replies":[{"embeddable":true,"href":"https:\/\/www.suno.com.br\/noticias\/wp-json\/wp\/v2\/comments?post=89406"}],"version-history":[{"count":1,"href":"https:\/\/www.suno.com.br\/noticias\/wp-json\/wp\/v2\/posts\/89406\/revisions"}],"predecessor-version":[{"id":156906,"href":"https:\/\/www.suno.com.br\/noticias\/wp-json\/wp\/v2\/posts\/89406\/revisions\/156906"}],"wp:featuredmedia":[{"embeddable":true,"href":"https:\/\/www.suno.com.br\/noticias\/wp-json\/wp\/v2\/media\/55876"}],"wp:attachment":[{"href":"https:\/\/www.suno.com.br\/noticias\/wp-json\/wp\/v2\/media?parent=89406"}],"wp:term":[{"taxonomy":"category","embeddable":true,"href":"https:\/\/www.suno.com.br\/noticias\/wp-json\/wp\/v2\/categories?post=89406"},{"taxonomy":"post_tag","embeddable":true,"href":"https:\/\/www.suno.com.br\/noticias\/wp-json\/wp\/v2\/tags?post=89406"},{"taxonomy":"suno_strategy","embeddable":true,"href":"https:\/\/www.suno.com.br\/noticias\/wp-json\/wp\/v2\/suno_strategy?post=89406"}],"curies":[{"name":"wp","href":"https:\/\/api.w.org\/{rel}","templated":true}]}}