{"id":89284,"date":"2020-10-02T19:13:31","date_gmt":"2020-10-02T22:13:31","guid":{"rendered":"https:\/\/www.suno.com.br\/noticias\/?p=89284"},"modified":"2021-05-12T13:12:09","modified_gmt":"2021-05-12T16:12:09","slug":"trump-e-hospitalizado-com-febre-por-covid-19-e-bolsas-desabam","status":"publish","type":"post","link":"https:\/\/www.suno.com.br\/noticias\/trump-e-hospitalizado-com-febre-por-covid-19-e-bolsas-desabam\/","title":{"rendered":"Trump \u00e9 hospitalizado com febre, por Covid-19, e bolsas desabam"},"content":{"rendered":"<p>O presidente dos Estados Unidos, <strong><a href=\"https:\/\/www.suno.com.br\/tudo-sobre\/donald-trump\/\">Donald Trump<\/a><\/strong>, diagnosticado nesta sexta-feira (2) com o <a href=\"https:\/\/www.suno.com.br\/noticias\/tags\/covid-19\/\">coronav\u00edrus (Covid-19)<\/a>, tem febre e fadiga e ser\u00e1 levado ao Centro M\u00e9dico Militar Nacional de Walter Reed, no estado de Marylanda.<\/p>\t<div class=\"wrapper-featured-image\">\n\t\t<figure class=\"spotlightImg\">\n\n\t\t\t<picture>\n\t\t\t\t<source media=\"(max-width: 768px)\" srcset=\"https:\/\/files.sunoresearch.com.br\/n\/uploads\/2020\/10\/708a29f0-coronavirus-donald-trump-800x450-1-400x200.webp\">\n\t\t\t\t<img loading=\"lazy\" decoding=\"async\" class=\"newsContent__article__imgCapa lazyloadDisabled \" src=\"https:\/\/files.sunoresearch.com.br\/n\/uploads\/2020\/10\/708a29f0-coronavirus-donald-trump-800x450-1-jpg.webp\" width=\"800\" height=\"450\" alt=\"Trump \u00e9 hospitalizado com febre, por Covid-19, e bolsas desabam\" fetchpriority=high \/>\n\t\t\t<\/picture>\n\n\t\t\t<figcaption class=\"wp-caption-text wp-caption-text--show\">Trump \u00e9 hospitalizado com febre por Covid-19 e bolsas desabam<\/figcaption>\n\t\t<\/figure>\n\t<\/div>\n\n\n<div class=\"hubspot-form-wrapper\">\n\t<div id=\"single-form-target\"><\/div>\n<\/div>\n\n<p>De acordo com a <strong>Casa Branca<\/strong>, Trump deve ficar internado nos pr\u00f3ximos dias como medida de precau\u00e7\u00e3o. O presidente dos EUA n\u00e3o est\u00e1 tomando hidroxicloroquina para tratar a doen\u00e7a, informou boletim m\u00e9dico divulgado mais cedo pela Kayleigh McEnany, assessora de imprensa da Casa Branca.<\/p>\n<h2>Bolsas de NY fecham em baixa com incertezas ap\u00f3s Trump testar positivo para covid-19<\/h2>\n<p>As bolsas de Nova York fecharam em baixa nesta sexta-feira (2), em um dia de cautela nos mercados e avers\u00e3o a riscos, grande parte por conta do an\u00fancio do presidente americano, Donald Trump, de que contraiu covid-19. De maneira semelhante, o\u00a0<span style=\"font-weight: 700 !important;\"><a href=\"https:\/\/www.suno.com.br\/artigos\/ibovespa\/\">Ibovespa<\/a>\u00a0<\/span>encerrou o preg\u00e3o em queda de 1,26%, negociado a 94.271,277 pontos.<\/p>\n<p><a href=\"https:\/\/lp.suno.com.br\/suno-one\/\">No Suno One voc\u00ea aprende a fazer seu dinheiro para trabalhar para voc\u00ea. Cadastre-se gratuitamente agora!<\/a><\/p>\n<p>O \u00edndice <strong><a href=\"https:\/\/www.suno.com.br\/artigos\/indice-dow-jones-djia\/\">Dow Jones<\/a><\/strong> fechou em queda de 0,48%, a 27.682,68 pontos, com avan\u00e7o de 2,00% na semana. O <a href=\"https:\/\/www.suno.com.br\/artigos\/sp-500\/\">S&amp;P 500<\/a> caiu 0,96%, a 3.298,46 pontos, n\u00edvel 1,51% superior ao de sexta-feira passada. O <a href=\"https:\/\/www.suno.com.br\/artigos\/nasdaq\/\">Nasdaq<\/a> caiu 2,22%, a 11.075,02 pontos, com alta de 1,48% na semana.<\/p>\n<p>Logo que foi anunciada a infec\u00e7\u00e3o de Trump, os \u00edndices futuro ca\u00edram. Em relat\u00f3rio a clientes, o Rabobank afirmou, pouco ap\u00f3s a not\u00edcia, que as a\u00e7\u00f5es cairiam, e que &#8220;a avers\u00e3o a riscos&#8221; estava no cen\u00e1rio. Na abertura das bolsas, houve a confirma\u00e7\u00e3o da tend\u00eancia, com a postura sendo refor\u00e7ada pela divulga\u00e7\u00e3o do <strong>payroll<\/strong> de setembro nos EUA mais fraco que o esperado.<\/p>\n<p><a href=\"https:\/\/www.suno.com.br\/noticias\/donald-trump-covid-19-indices-futuros-caem\/\">Saiba Mais: Donald Trump afirma estar com Covid-19; \u00edndices futuros dos EUA caem<\/a><\/p>\n<p>O petr\u00f3leo tamb\u00e9m registrou queda de 3% em Londres e Nova York, as empresas do setor tiveram queda nas a\u00e7\u00f5es, e a ExxonMobil fechou em baixa de 0,45%. A LPL Markets registra que o setor de energia \u00e9 a duas semanas seguidas o com pior performance.<\/p>\n<p>As empresas de tecnologia tiveram perdas generalizadas, e levaram o Nasdaq a ter a maior queda entre os principais \u00edndices. Entre elas:<\/p>\n<ul>\n<li><strong>Facebook<\/strong> : -2,51%,<\/li>\n<li><strong>Amazon: <\/strong>-2,99%<\/li>\n<li><strong>Apple: <\/strong>-3,23%<\/li>\n<li><strong>Netflix: <\/strong>-4,63%<\/li>\n<li><strong>Microsoft: <\/strong>-2,95%<\/li>\n<li><strong>Alphabet: <\/strong>-2,17%<\/li>\n<\/ul>\n<h2>Coronav\u00edrus nos EUA<\/h2>\n<p>Os Estados Unidos possuem 7,2 milh\u00f5es de casos e 207 mil mortes por coronav\u00edrus at\u00e9 o momento, de acordo com dados da Universidade Johns Hopkins. Atr\u00e1s do pa\u00eds de <strong>Donald<\/strong> <strong>Trump<\/strong> est\u00e3o a \u00cdndia, com 6,3 milh\u00f5es de casos, e o Brasil, com 4.8 milh\u00f5es.<\/p>\n<p>Com informa\u00e7\u00f5es do Estad\u00e3o Conte\u00fado.<\/p>\n\t<p>\n\t\t<a href=\"https:\/\/lp.suno.com.br\/planilha-de-controle-de-investimentos\/\" target=\"_blank\" data-element=\"shortcode-suno-banner\" title=\"Banner SUNO, clique e saiba mais\">\n\t\t\t<picture>\n\t\t\t\t<source media=\"(max-width: 500px)\" srcset=\"https:\/\/files.sunoresearch.com.br\/n\/uploads\/2023\/03\/400x300-Controle-de-Investimentos.png\">\n\t\t\t\t<img class=\"newsContent__article__imgCapa newsContent__article__imgCapa--banner\"\n\t\t\t\t\tsrc=\"https:\/\/files.sunoresearch.com.br\/n\/uploads\/2023\/03\/1420x240-Controle-de-Investimentos.png\"\n\t\t\t\t\tdata-promo-id=\"75934\"\t\t\t\t\t\t\t\t\t\twidth='1420' height='240'\t\t\t\t\talt=\"https:\/\/files.sunoresearch.com.br\/n\/uploads\/2023\/03\/1420x240-Controle-de-Investimentos.png\"\n\t\t\t\t>\n\t\t\t<\/picture>\n\t\t<\/a>\n\t<\/p>\n\n\n","protected":false},"excerpt":{"rendered":"<p>O presidente dos Estados Unidos, Donald Trump, diagnosticado nesta sexta-feira (2) com o coronav\u00edrus (Covid-19), tem febre e fadiga e ser\u00e1 levado ao Centro M\u00e9dico Militar Nacional de Walter Reed, no estado de Marylanda. Trump \u00e9 hospitalizado com febre por Covid-19 e bolsas desabam De acordo com a Casa Branca, Trump deve ficar internado nos [&hellip;]<\/p>\n","protected":false},"author":56,"featured_media":89306,"comment_status":"closed","ping_status":"closed","sticky":false,"template":"","format":"standard","meta":[],"categories":[63],"tags":[1271,5255,724,793,964],"suno_strategy":[],"class_list":["post-89284","post","type-post","status-publish","format-standard","has-post-thumbnail","hentry","category-internacional","tag-bolsa-de-nova-york-nyse","tag-covid-19","tag-donald-trump","tag-estados-unidos-eua","tag-nasdaq"],"yoast_head":"<!-- This site is optimized with the Yoast SEO plugin v24.4 - https:\/\/yoast.com\/wordpress\/plugins\/seo\/ -->\n<title>Trump \u00e9 hospitalizado com febre por Covid-19 e bolsas desabam<\/title>\n<meta name=\"description\" content=\"O presidente dos EUA, Donald Trump, com Covid-19, \u00e9 hospitalizado com febre e fadiga. Clique aqui para saber mais.\" \/>\n<meta name=\"robots\" content=\"index, follow, max-snippet:-1, max-image-preview:large, max-video-preview:-1\" \/>\n<link rel=\"canonical\" href=\"https:\/\/www.suno.com.br\/noticias\/trump-e-hospitalizado-com-febre-por-covid-19-e-bolsas-desabam\/\" \/>\n<meta property=\"og:locale\" content=\"pt_BR\" \/>\n<meta property=\"og:type\" content=\"article\" \/>\n<meta property=\"og:title\" content=\"Trump \u00e9 hospitalizado com febre por Covid-19 e bolsas desabam\" \/>\n<meta property=\"og:description\" content=\"O presidente dos EUA, Donald Trump, com Covid-19, \u00e9 hospitalizado com febre e fadiga. Clique aqui para saber mais.\" \/>\n<meta property=\"og:url\" content=\"https:\/\/www.suno.com.br\/noticias\/trump-e-hospitalizado-com-febre-por-covid-19-e-bolsas-desabam\/\" \/>\n<meta property=\"og:site_name\" content=\"Suno Not\u00edcias\" \/>\n<meta property=\"article:publisher\" content=\"https:\/\/facebook.com\/sunoresearch\" \/>\n<meta property=\"og:image\" content=\"https:\/\/files.sunoresearch.com.br\/n\/uploads\/2020\/10\/708a29f0-coronavirus-donald-trump-800x450-1.jpg\" \/>\n\t<meta property=\"og:image:width\" content=\"800\" \/>\n\t<meta property=\"og:image:height\" content=\"450\" \/>\n\t<meta property=\"og:image:type\" content=\"image\/jpeg\" \/>\n<meta name=\"author\" content=\"Rafaela La Regina\" \/>\n<meta name=\"twitter:card\" content=\"summary_large_image\" \/>\n<meta name=\"twitter:creator\" content=\"@sunoresearch\" \/>\n<meta name=\"twitter:site\" content=\"@sunoresearch\" \/>\n<meta name=\"twitter:label1\" content=\"Escrito por\" \/>\n\t<meta name=\"twitter:data1\" content=\"Rafaela La Regina\" \/>\n\t<meta name=\"twitter:label2\" content=\"Est. tempo de leitura\" \/>\n\t<meta name=\"twitter:data2\" content=\"2 minutos\" \/>\n<script type=\"application\/ld+json\" class=\"yoast-schema-graph\">{\"@context\":\"https:\/\/schema.org\",\"@graph\":[{\"@type\":\"NewsArticle\",\"@id\":\"https:\/\/www.suno.com.br\/noticias\/trump-e-hospitalizado-com-febre-por-covid-19-e-bolsas-desabam\/#article\",\"isPartOf\":{\"@id\":\"https:\/\/www.suno.com.br\/noticias\/trump-e-hospitalizado-com-febre-por-covid-19-e-bolsas-desabam\/\"},\"author\":{\"name\":\"Rafaela La Regina\",\"@id\":\"https:\/\/www.suno.com.br\/noticias\/#\/schema\/person\/e672ca8cea627fe715fa29bca7da95e0\"},\"headline\":\"Trump \u00e9 hospitalizado com febre, por Covid-19, e bolsas desabam\",\"datePublished\":\"2020-10-02T22:13:31+00:00\",\"dateModified\":\"2021-05-12T16:12:09+00:00\",\"mainEntityOfPage\":{\"@id\":\"https:\/\/www.suno.com.br\/noticias\/trump-e-hospitalizado-com-febre-por-covid-19-e-bolsas-desabam\/\"},\"wordCount\":461,\"publisher\":{\"@id\":\"https:\/\/www.suno.com.br\/noticias\/#organization\"},\"image\":{\"@id\":\"https:\/\/www.suno.com.br\/noticias\/trump-e-hospitalizado-com-febre-por-covid-19-e-bolsas-desabam\/#primaryimage\"},\"thumbnailUrl\":\"https:\/\/files.sunoresearch.com.br\/n\/uploads\/2020\/10\/708a29f0-coronavirus-donald-trump-800x450-1-jpg.webp\",\"keywords\":[\"Bolsa de Nova York (NYSE)\",\"covid-19\",\"Donald Trump\",\"Estados Unidos (EUA)\",\"Nasdaq\"],\"articleSection\":[\"Internacional\"],\"inLanguage\":\"pt-BR\"},{\"@type\":\"WebPage\",\"@id\":\"https:\/\/www.suno.com.br\/noticias\/trump-e-hospitalizado-com-febre-por-covid-19-e-bolsas-desabam\/\",\"url\":\"https:\/\/www.suno.com.br\/noticias\/trump-e-hospitalizado-com-febre-por-covid-19-e-bolsas-desabam\/\",\"name\":\"Trump \u00e9 hospitalizado com febre por Covid-19 e bolsas desabam\",\"isPartOf\":{\"@id\":\"https:\/\/www.suno.com.br\/noticias\/#website\"},\"primaryImageOfPage\":{\"@id\":\"https:\/\/www.suno.com.br\/noticias\/trump-e-hospitalizado-com-febre-por-covid-19-e-bolsas-desabam\/#primaryimage\"},\"image\":{\"@id\":\"https:\/\/www.suno.com.br\/noticias\/trump-e-hospitalizado-com-febre-por-covid-19-e-bolsas-desabam\/#primaryimage\"},\"thumbnailUrl\":\"https:\/\/files.sunoresearch.com.br\/n\/uploads\/2020\/10\/708a29f0-coronavirus-donald-trump-800x450-1-jpg.webp\",\"datePublished\":\"2020-10-02T22:13:31+00:00\",\"dateModified\":\"2021-05-12T16:12:09+00:00\",\"description\":\"O presidente dos EUA, Donald Trump, com Covid-19, \u00e9 hospitalizado com febre e fadiga. Clique aqui para saber mais.\",\"breadcrumb\":{\"@id\":\"https:\/\/www.suno.com.br\/noticias\/trump-e-hospitalizado-com-febre-por-covid-19-e-bolsas-desabam\/#breadcrumb\"},\"inLanguage\":\"pt-BR\",\"potentialAction\":[{\"@type\":\"ReadAction\",\"target\":[\"https:\/\/www.suno.com.br\/noticias\/trump-e-hospitalizado-com-febre-por-covid-19-e-bolsas-desabam\/\"]}]},{\"@type\":\"ImageObject\",\"inLanguage\":\"pt-BR\",\"@id\":\"https:\/\/www.suno.com.br\/noticias\/trump-e-hospitalizado-com-febre-por-covid-19-e-bolsas-desabam\/#primaryimage\",\"url\":\"https:\/\/files.sunoresearch.com.br\/n\/uploads\/2020\/10\/708a29f0-coronavirus-donald-trump-800x450-1-jpg.webp\",\"contentUrl\":\"https:\/\/files.sunoresearch.com.br\/n\/uploads\/2020\/10\/708a29f0-coronavirus-donald-trump-800x450-1-jpg.webp\",\"width\":800,\"height\":450,\"caption\":\"Trump \u00e9 hospitalizado com febre por Covid-19 e bolsas desabam\"},{\"@type\":\"BreadcrumbList\",\"@id\":\"https:\/\/www.suno.com.br\/noticias\/trump-e-hospitalizado-com-febre-por-covid-19-e-bolsas-desabam\/#breadcrumb\",\"itemListElement\":[{\"@type\":\"ListItem\",\"position\":1,\"name\":\"Not\u00edcias\",\"item\":\"https:\/\/www.suno.com.br\/noticias\/\"},{\"@type\":\"ListItem\",\"position\":2,\"name\":\"Internacional\",\"item\":\"https:\/\/www.suno.com.br\/noticias\/internacional\/\"},{\"@type\":\"ListItem\",\"position\":3,\"name\":\"Trump \u00e9 hospitalizado com febre, por Covid-19, e bolsas desabam\"}]},{\"@type\":\"WebSite\",\"@id\":\"https:\/\/www.suno.com.br\/noticias\/#website\",\"url\":\"https:\/\/www.suno.com.br\/noticias\/\",\"name\":\"Suno Not\u00edcias\",\"description\":\"Seu portal de informa\u00e7\u00e3o sobre o mundo dos investimentos\",\"publisher\":{\"@id\":\"https:\/\/www.suno.com.br\/noticias\/#organization\"},\"potentialAction\":[{\"@type\":\"SearchAction\",\"target\":{\"@type\":\"EntryPoint\",\"urlTemplate\":\"https:\/\/www.suno.com.br\/noticias\/?s={search_term_string}\"},\"query-input\":{\"@type\":\"PropertyValueSpecification\",\"valueRequired\":true,\"valueName\":\"search_term_string\"}}],\"inLanguage\":\"pt-BR\"},{\"@type\":\"Organization\",\"@id\":\"https:\/\/www.suno.com.br\/noticias\/#organization\",\"name\":\"Suno Not\u00edcias\",\"url\":\"https:\/\/www.suno.com.br\/noticias\/\",\"logo\":{\"@type\":\"ImageObject\",\"inLanguage\":\"pt-BR\",\"@id\":\"https:\/\/www.suno.com.br\/noticias\/#\/schema\/logo\/image\/\",\"url\":\"https:\/\/files.sunoresearch.com.br\/n\/uploads\/2021\/09\/suno-logo.png\",\"contentUrl\":\"https:\/\/files.sunoresearch.com.br\/n\/uploads\/2021\/09\/suno-logo.png\",\"width\":180,\"height\":180,\"caption\":\"Suno Not\u00edcias\"},\"image\":{\"@id\":\"https:\/\/www.suno.com.br\/noticias\/#\/schema\/logo\/image\/\"},\"sameAs\":[\"https:\/\/facebook.com\/sunoresearch\",\"https:\/\/x.com\/sunoresearch\",\"https:\/\/www.instagram.com\/suno\",\"https:\/\/www.linkedin.com\/company\/suno-research\/\",\"https:\/\/www.youtube.com\/c\/sunoresearch\"]},{\"@type\":\"Person\",\"@id\":\"https:\/\/www.suno.com.br\/noticias\/#\/schema\/person\/e672ca8cea627fe715fa29bca7da95e0\",\"name\":\"Rafaela La Regina\",\"image\":{\"@type\":\"ImageObject\",\"inLanguage\":\"pt-BR\",\"@id\":\"https:\/\/www.suno.com.br\/noticias\/#\/schema\/person\/image\/\",\"url\":\"https:\/\/secure.gravatar.com\/avatar\/d2c75a52d243deb93d0465fdcb21bd37?s=96&r=g\",\"contentUrl\":\"https:\/\/secure.gravatar.com\/avatar\/d2c75a52d243deb93d0465fdcb21bd37?s=96&r=g\",\"caption\":\"Rafaela La Regina\"},\"description\":\"Estagi\u00e1ria no Suno Not\u00edcias. Escreve sobre economia, pol\u00edtica e neg\u00f3cios. Estuda Rela\u00e7\u00f5es Internacionais no IBMEC-SP.\",\"url\":\"https:\/\/www.suno.com.br\/noticias\/author\/rafaela-la-regina\/\"}]}<\/script>\n<!-- \/ Yoast SEO plugin. -->","yoast_head_json":{"title":"Trump \u00e9 hospitalizado com febre por Covid-19 e bolsas desabam","description":"O presidente dos EUA, Donald Trump, com Covid-19, \u00e9 hospitalizado com febre e fadiga. Clique aqui para saber mais.","robots":{"index":"index","follow":"follow","max-snippet":"max-snippet:-1","max-image-preview":"max-image-preview:large","max-video-preview":"max-video-preview:-1"},"canonical":"https:\/\/www.suno.com.br\/noticias\/trump-e-hospitalizado-com-febre-por-covid-19-e-bolsas-desabam\/","og_locale":"pt_BR","og_type":"article","og_title":"Trump \u00e9 hospitalizado com febre por Covid-19 e bolsas desabam","og_description":"O presidente dos EUA, Donald Trump, com Covid-19, \u00e9 hospitalizado com febre e fadiga. Clique aqui para saber mais.","og_url":"https:\/\/www.suno.com.br\/noticias\/trump-e-hospitalizado-com-febre-por-covid-19-e-bolsas-desabam\/","og_site_name":"Suno Not\u00edcias","article_publisher":"https:\/\/facebook.com\/sunoresearch","og_image":[{"width":800,"height":450,"url":"https:\/\/files.sunoresearch.com.br\/n\/uploads\/2020\/10\/708a29f0-coronavirus-donald-trump-800x450-1.jpg","type":"image\/jpeg"}],"author":"Rafaela La Regina","twitter_card":"summary_large_image","twitter_creator":"@sunoresearch","twitter_site":"@sunoresearch","twitter_misc":{"Escrito por":"Rafaela La Regina","Est. tempo de leitura":"2 minutos"},"schema":{"@context":"https:\/\/schema.org","@graph":[{"@type":"NewsArticle","@id":"https:\/\/www.suno.com.br\/noticias\/trump-e-hospitalizado-com-febre-por-covid-19-e-bolsas-desabam\/#article","isPartOf":{"@id":"https:\/\/www.suno.com.br\/noticias\/trump-e-hospitalizado-com-febre-por-covid-19-e-bolsas-desabam\/"},"author":{"name":"Rafaela La Regina","@id":"https:\/\/www.suno.com.br\/noticias\/#\/schema\/person\/e672ca8cea627fe715fa29bca7da95e0"},"headline":"Trump \u00e9 hospitalizado com febre, por Covid-19, e bolsas desabam","datePublished":"2020-10-02T22:13:31+00:00","dateModified":"2021-05-12T16:12:09+00:00","mainEntityOfPage":{"@id":"https:\/\/www.suno.com.br\/noticias\/trump-e-hospitalizado-com-febre-por-covid-19-e-bolsas-desabam\/"},"wordCount":461,"publisher":{"@id":"https:\/\/www.suno.com.br\/noticias\/#organization"},"image":{"@id":"https:\/\/www.suno.com.br\/noticias\/trump-e-hospitalizado-com-febre-por-covid-19-e-bolsas-desabam\/#primaryimage"},"thumbnailUrl":"https:\/\/files.sunoresearch.com.br\/n\/uploads\/2020\/10\/708a29f0-coronavirus-donald-trump-800x450-1-jpg.webp","keywords":["Bolsa de Nova York (NYSE)","covid-19","Donald Trump","Estados Unidos (EUA)","Nasdaq"],"articleSection":["Internacional"],"inLanguage":"pt-BR"},{"@type":"WebPage","@id":"https:\/\/www.suno.com.br\/noticias\/trump-e-hospitalizado-com-febre-por-covid-19-e-bolsas-desabam\/","url":"https:\/\/www.suno.com.br\/noticias\/trump-e-hospitalizado-com-febre-por-covid-19-e-bolsas-desabam\/","name":"Trump \u00e9 hospitalizado com febre por Covid-19 e bolsas desabam","isPartOf":{"@id":"https:\/\/www.suno.com.br\/noticias\/#website"},"primaryImageOfPage":{"@id":"https:\/\/www.suno.com.br\/noticias\/trump-e-hospitalizado-com-febre-por-covid-19-e-bolsas-desabam\/#primaryimage"},"image":{"@id":"https:\/\/www.suno.com.br\/noticias\/trump-e-hospitalizado-com-febre-por-covid-19-e-bolsas-desabam\/#primaryimage"},"thumbnailUrl":"https:\/\/files.sunoresearch.com.br\/n\/uploads\/2020\/10\/708a29f0-coronavirus-donald-trump-800x450-1-jpg.webp","datePublished":"2020-10-02T22:13:31+00:00","dateModified":"2021-05-12T16:12:09+00:00","description":"O presidente dos EUA, Donald Trump, com Covid-19, \u00e9 hospitalizado com febre e fadiga. Clique aqui para saber mais.","breadcrumb":{"@id":"https:\/\/www.suno.com.br\/noticias\/trump-e-hospitalizado-com-febre-por-covid-19-e-bolsas-desabam\/#breadcrumb"},"inLanguage":"pt-BR","potentialAction":[{"@type":"ReadAction","target":["https:\/\/www.suno.com.br\/noticias\/trump-e-hospitalizado-com-febre-por-covid-19-e-bolsas-desabam\/"]}]},{"@type":"ImageObject","inLanguage":"pt-BR","@id":"https:\/\/www.suno.com.br\/noticias\/trump-e-hospitalizado-com-febre-por-covid-19-e-bolsas-desabam\/#primaryimage","url":"https:\/\/files.sunoresearch.com.br\/n\/uploads\/2020\/10\/708a29f0-coronavirus-donald-trump-800x450-1-jpg.webp","contentUrl":"https:\/\/files.sunoresearch.com.br\/n\/uploads\/2020\/10\/708a29f0-coronavirus-donald-trump-800x450-1-jpg.webp","width":800,"height":450,"caption":"Trump \u00e9 hospitalizado com febre por Covid-19 e bolsas desabam"},{"@type":"BreadcrumbList","@id":"https:\/\/www.suno.com.br\/noticias\/trump-e-hospitalizado-com-febre-por-covid-19-e-bolsas-desabam\/#breadcrumb","itemListElement":[{"@type":"ListItem","position":1,"name":"Not\u00edcias","item":"https:\/\/www.suno.com.br\/noticias\/"},{"@type":"ListItem","position":2,"name":"Internacional","item":"https:\/\/www.suno.com.br\/noticias\/internacional\/"},{"@type":"ListItem","position":3,"name":"Trump \u00e9 hospitalizado com febre, por Covid-19, e bolsas desabam"}]},{"@type":"WebSite","@id":"https:\/\/www.suno.com.br\/noticias\/#website","url":"https:\/\/www.suno.com.br\/noticias\/","name":"Suno Not\u00edcias","description":"Seu portal de informa\u00e7\u00e3o sobre o mundo dos investimentos","publisher":{"@id":"https:\/\/www.suno.com.br\/noticias\/#organization"},"potentialAction":[{"@type":"SearchAction","target":{"@type":"EntryPoint","urlTemplate":"https:\/\/www.suno.com.br\/noticias\/?s={search_term_string}"},"query-input":{"@type":"PropertyValueSpecification","valueRequired":true,"valueName":"search_term_string"}}],"inLanguage":"pt-BR"},{"@type":"Organization","@id":"https:\/\/www.suno.com.br\/noticias\/#organization","name":"Suno Not\u00edcias","url":"https:\/\/www.suno.com.br\/noticias\/","logo":{"@type":"ImageObject","inLanguage":"pt-BR","@id":"https:\/\/www.suno.com.br\/noticias\/#\/schema\/logo\/image\/","url":"https:\/\/files.sunoresearch.com.br\/n\/uploads\/2021\/09\/suno-logo.png","contentUrl":"https:\/\/files.sunoresearch.com.br\/n\/uploads\/2021\/09\/suno-logo.png","width":180,"height":180,"caption":"Suno Not\u00edcias"},"image":{"@id":"https:\/\/www.suno.com.br\/noticias\/#\/schema\/logo\/image\/"},"sameAs":["https:\/\/facebook.com\/sunoresearch","https:\/\/x.com\/sunoresearch","https:\/\/www.instagram.com\/suno","https:\/\/www.linkedin.com\/company\/suno-research\/","https:\/\/www.youtube.com\/c\/sunoresearch"]},{"@type":"Person","@id":"https:\/\/www.suno.com.br\/noticias\/#\/schema\/person\/e672ca8cea627fe715fa29bca7da95e0","name":"Rafaela La Regina","image":{"@type":"ImageObject","inLanguage":"pt-BR","@id":"https:\/\/www.suno.com.br\/noticias\/#\/schema\/person\/image\/","url":"https:\/\/secure.gravatar.com\/avatar\/d2c75a52d243deb93d0465fdcb21bd37?s=96&r=g","contentUrl":"https:\/\/secure.gravatar.com\/avatar\/d2c75a52d243deb93d0465fdcb21bd37?s=96&r=g","caption":"Rafaela La Regina"},"description":"Estagi\u00e1ria no Suno Not\u00edcias. Escreve sobre economia, pol\u00edtica e neg\u00f3cios. Estuda Rela\u00e7\u00f5es Internacionais no IBMEC-SP.","url":"https:\/\/www.suno.com.br\/noticias\/author\/rafaela-la-regina\/"}]}},"default_loop_html":"<div class=\"cardsPage__listCard__boxs\"><div class=\"cardsPage__listCard__boxs__img\"><a href=\"https:\/\/www.suno.com.br\/noticias\/trump-e-hospitalizado-com-febre-por-covid-19-e-bolsas-desabam\/\"><img class=\"mask\" src=\"https:\/\/www.suno.com.br\/noticias\/wp-content\/themes\/suno\/resources\/images\/spotlight\/spotlight1img\/bg-mask.png\" alt=\"Image Mask\"\/><img src=\"https:\/\/files.sunoresearch.com.br\/n\/uploads\/2020\/10\/708a29f0-coronavirus-donald-trump-800x450-1-400x200.webp\" alt=\"Trump \u00e9 hospitalizado com febre, por Covid-19, e bolsas desabam\"\/><\/a><span class=\"spotlightCategory\"><a href=\"https:\/\/www.suno.com.br\/noticias\/internacional\/\">Internacional<\/a><\/span><\/div><div class=\"cardsPage__listCard__boxs__content\"><a href=\"https:\/\/www.suno.com.br\/noticias\/trump-e-hospitalizado-com-febre-por-covid-19-e-bolsas-desabam\/\"><h2 class=\"content__title\">Trump \u00e9 hospitalizado com febre, por Covid-19, e bolsas desabam<\/h2><\/a><div class=\"newsContent__article__meta\"><div class=\"newsContent__article__meta__authorBox\"><a href=\"https:\/\/www.suno.com.br\/noticias\/author\/rafaela-la-regina\/\" class=\"authorBox__avatar noMobi\"><img src=\"https:\/\/secure.gravatar.com\/avatar\/d2c75a52d243deb93d0465fdcb21bd37?s=96&#038;r=g\" alt=\"Rafaela La Regina\"><\/a><div class=\"authorBox__name\"><span>por\n\t\t\t<a href=\"https:\/\/www.suno.com.br\/noticias\/author\/rafaela-la-regina\/\"><span itemprop=\"author\">Rafaela La Regina<\/span><\/a><\/span><time datetime=\"2020-10-02T19:13:31-03:00\" itemprop=\"datePublished\">02\/10\/2020 19:13<\/time><\/div><\/div><\/div><\/div><\/div>","single_layout":"posts","amp_enabled":true,"_links":{"self":[{"href":"https:\/\/www.suno.com.br\/noticias\/wp-json\/wp\/v2\/posts\/89284"}],"collection":[{"href":"https:\/\/www.suno.com.br\/noticias\/wp-json\/wp\/v2\/posts"}],"about":[{"href":"https:\/\/www.suno.com.br\/noticias\/wp-json\/wp\/v2\/types\/post"}],"author":[{"embeddable":true,"href":"https:\/\/www.suno.com.br\/noticias\/wp-json\/wp\/v2\/users\/56"}],"replies":[{"embeddable":true,"href":"https:\/\/www.suno.com.br\/noticias\/wp-json\/wp\/v2\/comments?post=89284"}],"version-history":[{"count":1,"href":"https:\/\/www.suno.com.br\/noticias\/wp-json\/wp\/v2\/posts\/89284\/revisions"}],"predecessor-version":[{"id":147588,"href":"https:\/\/www.suno.com.br\/noticias\/wp-json\/wp\/v2\/posts\/89284\/revisions\/147588"}],"wp:featuredmedia":[{"embeddable":true,"href":"https:\/\/www.suno.com.br\/noticias\/wp-json\/wp\/v2\/media\/89306"}],"wp:attachment":[{"href":"https:\/\/www.suno.com.br\/noticias\/wp-json\/wp\/v2\/media?parent=89284"}],"wp:term":[{"taxonomy":"category","embeddable":true,"href":"https:\/\/www.suno.com.br\/noticias\/wp-json\/wp\/v2\/categories?post=89284"},{"taxonomy":"post_tag","embeddable":true,"href":"https:\/\/www.suno.com.br\/noticias\/wp-json\/wp\/v2\/tags?post=89284"},{"taxonomy":"suno_strategy","embeddable":true,"href":"https:\/\/www.suno.com.br\/noticias\/wp-json\/wp\/v2\/suno_strategy?post=89284"}],"curies":[{"name":"wp","href":"https:\/\/api.w.org\/{rel}","templated":true}]}}