{"id":8915,"date":"2018-12-14T14:33:46","date_gmt":"2018-12-14T16:33:46","guid":{"rendered":"https:\/\/www.suno.com.br\/noticias\/?p=8915"},"modified":"2021-02-18T17:55:57","modified_gmt":"2021-02-18T20:55:57","slug":"china-suspendera-tarifas-sobre-veiculos-e-pecas-dos-eua-por-3-meses","status":"publish","type":"post","link":"https:\/\/www.suno.com.br\/noticias\/china-suspendera-tarifas-sobre-veiculos-e-pecas-dos-eua-por-3-meses\/","title":{"rendered":"China suspender\u00e1 tarifas sobre ve\u00edculos e pe\u00e7as dos EUA por 3 meses"},"content":{"rendered":"<div class=\"mc-column content-text active-extra-styles active-capital-letter\" data-block-type=\"unstyled\" data-block-weight=\"33\" data-block-id=\"2\">\n<p data-track-category=\"Link no Texto\" data-track-links=\"\">A China suspender\u00e1 as tarifas adicionais aplicadas sobre os ve\u00edculos e autope\u00e7as dos Estados Unidos, afirmou o Minist\u00e9rio das Finan\u00e7as da China, nesta sexta-feira (14).<\/p>\t<div class=\"wrapper-featured-image\">\n\t\t<figure class=\"spotlightImg\">\n\n\t\t\t<picture>\n\t\t\t\t<source media=\"(max-width: 768px)\" srcset=\"https:\/\/files.sunoresearch.com.br\/n\/uploads\/2018\/12\/8c32087b-china-400x200.webp\">\n\t\t\t\t<img loading=\"lazy\" decoding=\"async\" class=\"newsContent__article__imgCapa lazyloadDisabled newsContent__article__imgCapa--noCaption\" src=\"https:\/\/files.sunoresearch.com.br\/n\/uploads\/2018\/12\/8c32087b-china-jpg.webp\" width=\"800\" height=\"450\" alt=\"China suspender\u00e1 tarifas sobre ve\u00edculos e pe\u00e7as dos EUA por 3 meses\" fetchpriority=high \/>\n\t\t\t<\/picture>\n\n\t\t\t<figcaption class=\"wp-caption-text wp-caption-text--hide\">China suspender\u00e1 tributos sobre ve\u00edculos e pe\u00e7as norte-americanas<\/figcaption>\n\t\t<\/figure>\n\t<\/div>\n\n<div class=\"mc-column content-text active-extra-styles active-capital-letter\" data-block-type=\"unstyled\" data-block-weight=\"33\" data-block-id=\"2\">\n<p data-track-category=\"Link no Texto\" data-track-links=\"\">A China suspender\u00e1 as tarifas adicionais aplicadas sobre os ve\u00edculos e autope\u00e7as dos Estados Unidos, afirmou o Minist\u00e9rio das Finan\u00e7as da China, nesta sexta-feira (14).<\/p>\n<p data-track-category=\"Link no Texto\" data-track-links=\"\">A suspens\u00e3o dos tributos come\u00e7ar\u00e1 em 1\u00ba de janeiro de 2019 e ter\u00e1 tr\u00eas meses de dura\u00e7\u00e3o. De acordo com o site do minist\u00e9rio, a <strong>China<\/strong> suspender\u00e1:<\/p>\n<ul>\n<li data-track-category=\"Link no Texto\">25% das tarifas sobre 144 ve\u00edculos e autope\u00e7as;<\/li>\n<li data-track-category=\"Link no Texto\">5% das tarifas sobre 67 itens de autom\u00f3veis.<\/li>\n<\/ul>\n<\/div>\n\n<p><a href=\"https:\/\/www.suno.com.br\/noticias\/varejo-e-industria-da-china-crescem-menos-que-o-esperado-em-novembro\/\">Saiba mais: Varejo e ind\u00fastria da China crescem menos que o esperado em novembro<\/a><\/p>\n<div class=\"wall protected-content\">\n<div class=\"mc-column content-text active-extra-styles \" data-block-type=\"unstyled\" data-block-weight=\"31\" data-block-id=\"4\">\n<p class=\"content-text__container \" data-track-category=\"Link no Texto\" data-track-links=\"\">A retirada das tarifas, vem logo ap\u00f3s os chineses comprarem 1,13 toneladas de soja dos estadunidenses. Essa foi a primeira grande aquisi\u00e7\u00e3o desde a reuni\u00e3o entre os presidentes <strong>Donald Trump<\/strong> e <strong>Xi Jinping<\/strong>, na <a href=\"https:\/\/www.suno.com.br\/artigos\/g20\/\">c\u00fapula do G20<\/a>, em Buenos Aires, no in\u00edcio do m\u00eas.<\/p>\n<p data-track-category=\"Link no Texto\" data-track-links=\"\">Na Argentina, os presidentes concordaram com uma tr\u00e9gua de 90 dias na guerra comercial. Com isso, foi adiado o aumento das tarifas norte-americanas sobre US$ 200 bilh\u00f5es em bens chineses, para negocia\u00e7\u00e3o de um acordo comercial.<\/p>\n<\/div>\n<div class=\"mc-column content-text active-extra-styles \" data-block-type=\"unstyled\" data-block-weight=\"37\" data-block-id=\"8\">\n<p class=\"content-text__container \" data-track-category=\"Link no Texto\" data-track-links=\"\">No in\u00edcio de 2018, a <strong>China<\/strong> havia aumentado as tarifas sobre itens automotivos dos <strong>Estados Unidos<\/strong>. No entanto, esse aumento foi uma retalia\u00e7\u00e3o a alta de 27,5% nas tarifas sobre ve\u00edculos e pe\u00e7as chinesas.<\/p>\n<\/div>\n<\/div>\n","protected":false},"excerpt":{"rendered":"<p>A China suspender\u00e1 as tarifas adicionais aplicadas sobre os ve\u00edculos e autope\u00e7as dos Estados Unidos, afirmou o Minist\u00e9rio das Finan\u00e7as da China, nesta sexta-feira (14). China suspender\u00e1 tributos sobre ve\u00edculos e pe\u00e7as norte-americanas A China suspender\u00e1 as tarifas adicionais aplicadas sobre os ve\u00edculos e autope\u00e7as dos Estados Unidos, afirmou o Minist\u00e9rio das Finan\u00e7as da China, [&hellip;]<\/p>\n","protected":false},"author":11,"featured_media":8924,"comment_status":"closed","ping_status":"closed","sticky":false,"template":"","format":"standard","meta":[],"categories":[63],"tags":[711,724,793],"suno_strategy":[],"class_list":["post-8915","post","type-post","status-publish","format-standard","has-post-thumbnail","hentry","category-internacional","tag-china","tag-donald-trump","tag-estados-unidos-eua"],"yoast_head":"<!-- This site is optimized with the Yoast SEO plugin v24.4 - https:\/\/yoast.com\/wordpress\/plugins\/seo\/ -->\n<title>China suspender\u00e1 tarifas sobre ve\u00edculos e pe\u00e7as dos EUA por 3 meses<\/title>\n<meta name=\"description\" content=\"A China suspender\u00e1 os tributos em 1\u00ba de janeiro de 2019; Ser\u00e3o tr\u00eas meses de tr\u00e9gua. Clique para saber mais.\" \/>\n<meta name=\"robots\" content=\"index, follow, max-snippet:-1, max-image-preview:large, max-video-preview:-1\" \/>\n<link rel=\"canonical\" href=\"https:\/\/www.suno.com.br\/noticias\/china-suspendera-tarifas-sobre-veiculos-e-pecas-dos-eua-por-3-meses\/\" \/>\n<meta property=\"og:locale\" content=\"pt_BR\" \/>\n<meta property=\"og:type\" content=\"article\" \/>\n<meta property=\"og:title\" content=\"China suspender\u00e1 tarifas sobre ve\u00edculos e pe\u00e7as dos EUA por 3 meses\" \/>\n<meta property=\"og:description\" content=\"A China suspender\u00e1 os tributos em 1\u00ba de janeiro de 2019; Ser\u00e3o tr\u00eas meses de tr\u00e9gua. Clique para saber mais.\" \/>\n<meta property=\"og:url\" content=\"https:\/\/www.suno.com.br\/noticias\/china-suspendera-tarifas-sobre-veiculos-e-pecas-dos-eua-por-3-meses\/\" \/>\n<meta property=\"og:site_name\" content=\"Suno Not\u00edcias\" \/>\n<meta property=\"article:publisher\" content=\"https:\/\/facebook.com\/sunoresearch\" \/>\n<meta property=\"og:image\" content=\"https:\/\/files.sunoresearch.com.br\/n\/uploads\/2018\/12\/8c32087b-china.jpg\" \/>\n\t<meta property=\"og:image:width\" content=\"1100\" \/>\n\t<meta property=\"og:image:height\" content=\"370\" \/>\n\t<meta property=\"og:image:type\" content=\"image\/jpeg\" \/>\n<meta name=\"author\" content=\"Renan Bandeira\" \/>\n<meta name=\"twitter:card\" content=\"summary_large_image\" \/>\n<meta name=\"twitter:creator\" content=\"@sunoresearch\" \/>\n<meta name=\"twitter:site\" content=\"@sunoresearch\" \/>\n<meta name=\"twitter:label1\" content=\"Escrito por\" \/>\n\t<meta name=\"twitter:data1\" content=\"Renan Bandeira\" \/>\n\t<meta name=\"twitter:label2\" content=\"Est. tempo de leitura\" \/>\n\t<meta name=\"twitter:data2\" content=\"1 minuto\" \/>\n<script type=\"application\/ld+json\" class=\"yoast-schema-graph\">{\"@context\":\"https:\/\/schema.org\",\"@graph\":[{\"@type\":\"NewsArticle\",\"@id\":\"https:\/\/www.suno.com.br\/noticias\/china-suspendera-tarifas-sobre-veiculos-e-pecas-dos-eua-por-3-meses\/#article\",\"isPartOf\":{\"@id\":\"https:\/\/www.suno.com.br\/noticias\/china-suspendera-tarifas-sobre-veiculos-e-pecas-dos-eua-por-3-meses\/\"},\"author\":{\"name\":\"Renan Bandeira\",\"@id\":\"https:\/\/www.suno.com.br\/noticias\/#\/schema\/person\/fc144a1c6108bd1dcd43784e88a3c138\"},\"headline\":\"China suspender\u00e1 tarifas sobre ve\u00edculos e pe\u00e7as dos EUA por 3 meses\",\"datePublished\":\"2018-12-14T16:33:46+00:00\",\"dateModified\":\"2021-02-18T20:55:57+00:00\",\"mainEntityOfPage\":{\"@id\":\"https:\/\/www.suno.com.br\/noticias\/china-suspendera-tarifas-sobre-veiculos-e-pecas-dos-eua-por-3-meses\/\"},\"wordCount\":253,\"publisher\":{\"@id\":\"https:\/\/www.suno.com.br\/noticias\/#organization\"},\"image\":{\"@id\":\"https:\/\/www.suno.com.br\/noticias\/china-suspendera-tarifas-sobre-veiculos-e-pecas-dos-eua-por-3-meses\/#primaryimage\"},\"thumbnailUrl\":\"https:\/\/files.sunoresearch.com.br\/n\/uploads\/2018\/12\/8c32087b-china-jpg.webp\",\"keywords\":[\"China\",\"Donald Trump\",\"Estados Unidos (EUA)\"],\"articleSection\":[\"Internacional\"],\"inLanguage\":\"pt-BR\"},{\"@type\":\"WebPage\",\"@id\":\"https:\/\/www.suno.com.br\/noticias\/china-suspendera-tarifas-sobre-veiculos-e-pecas-dos-eua-por-3-meses\/\",\"url\":\"https:\/\/www.suno.com.br\/noticias\/china-suspendera-tarifas-sobre-veiculos-e-pecas-dos-eua-por-3-meses\/\",\"name\":\"China suspender\u00e1 tarifas sobre ve\u00edculos e pe\u00e7as dos EUA por 3 meses\",\"isPartOf\":{\"@id\":\"https:\/\/www.suno.com.br\/noticias\/#website\"},\"primaryImageOfPage\":{\"@id\":\"https:\/\/www.suno.com.br\/noticias\/china-suspendera-tarifas-sobre-veiculos-e-pecas-dos-eua-por-3-meses\/#primaryimage\"},\"image\":{\"@id\":\"https:\/\/www.suno.com.br\/noticias\/china-suspendera-tarifas-sobre-veiculos-e-pecas-dos-eua-por-3-meses\/#primaryimage\"},\"thumbnailUrl\":\"https:\/\/files.sunoresearch.com.br\/n\/uploads\/2018\/12\/8c32087b-china-jpg.webp\",\"datePublished\":\"2018-12-14T16:33:46+00:00\",\"dateModified\":\"2021-02-18T20:55:57+00:00\",\"description\":\"A China suspender\u00e1 os tributos em 1\u00ba de janeiro de 2019; Ser\u00e3o tr\u00eas meses de tr\u00e9gua. Clique para saber mais.\",\"breadcrumb\":{\"@id\":\"https:\/\/www.suno.com.br\/noticias\/china-suspendera-tarifas-sobre-veiculos-e-pecas-dos-eua-por-3-meses\/#breadcrumb\"},\"inLanguage\":\"pt-BR\",\"potentialAction\":[{\"@type\":\"ReadAction\",\"target\":[\"https:\/\/www.suno.com.br\/noticias\/china-suspendera-tarifas-sobre-veiculos-e-pecas-dos-eua-por-3-meses\/\"]}]},{\"@type\":\"ImageObject\",\"inLanguage\":\"pt-BR\",\"@id\":\"https:\/\/www.suno.com.br\/noticias\/china-suspendera-tarifas-sobre-veiculos-e-pecas-dos-eua-por-3-meses\/#primaryimage\",\"url\":\"https:\/\/files.sunoresearch.com.br\/n\/uploads\/2018\/12\/8c32087b-china-jpg.webp\",\"contentUrl\":\"https:\/\/files.sunoresearch.com.br\/n\/uploads\/2018\/12\/8c32087b-china-jpg.webp\",\"width\":1100,\"height\":370,\"caption\":\"China suspender\u00e1 tributos sobre ve\u00edculos e pe\u00e7as norte-americanas\"},{\"@type\":\"BreadcrumbList\",\"@id\":\"https:\/\/www.suno.com.br\/noticias\/china-suspendera-tarifas-sobre-veiculos-e-pecas-dos-eua-por-3-meses\/#breadcrumb\",\"itemListElement\":[{\"@type\":\"ListItem\",\"position\":1,\"name\":\"Not\u00edcias\",\"item\":\"https:\/\/www.suno.com.br\/noticias\/\"},{\"@type\":\"ListItem\",\"position\":2,\"name\":\"Internacional\",\"item\":\"https:\/\/www.suno.com.br\/noticias\/internacional\/\"},{\"@type\":\"ListItem\",\"position\":3,\"name\":\"China suspender\u00e1 tarifas sobre ve\u00edculos e pe\u00e7as dos EUA por 3 meses\"}]},{\"@type\":\"WebSite\",\"@id\":\"https:\/\/www.suno.com.br\/noticias\/#website\",\"url\":\"https:\/\/www.suno.com.br\/noticias\/\",\"name\":\"Suno Not\u00edcias\",\"description\":\"Seu portal de informa\u00e7\u00e3o sobre o mundo dos investimentos\",\"publisher\":{\"@id\":\"https:\/\/www.suno.com.br\/noticias\/#organization\"},\"potentialAction\":[{\"@type\":\"SearchAction\",\"target\":{\"@type\":\"EntryPoint\",\"urlTemplate\":\"https:\/\/www.suno.com.br\/noticias\/?s={search_term_string}\"},\"query-input\":{\"@type\":\"PropertyValueSpecification\",\"valueRequired\":true,\"valueName\":\"search_term_string\"}}],\"inLanguage\":\"pt-BR\"},{\"@type\":\"Organization\",\"@id\":\"https:\/\/www.suno.com.br\/noticias\/#organization\",\"name\":\"Suno Not\u00edcias\",\"url\":\"https:\/\/www.suno.com.br\/noticias\/\",\"logo\":{\"@type\":\"ImageObject\",\"inLanguage\":\"pt-BR\",\"@id\":\"https:\/\/www.suno.com.br\/noticias\/#\/schema\/logo\/image\/\",\"url\":\"https:\/\/files.sunoresearch.com.br\/n\/uploads\/2021\/09\/suno-logo.png\",\"contentUrl\":\"https:\/\/files.sunoresearch.com.br\/n\/uploads\/2021\/09\/suno-logo.png\",\"width\":180,\"height\":180,\"caption\":\"Suno Not\u00edcias\"},\"image\":{\"@id\":\"https:\/\/www.suno.com.br\/noticias\/#\/schema\/logo\/image\/\"},\"sameAs\":[\"https:\/\/facebook.com\/sunoresearch\",\"https:\/\/x.com\/sunoresearch\",\"https:\/\/www.instagram.com\/suno\",\"https:\/\/www.linkedin.com\/company\/suno-research\/\",\"https:\/\/www.youtube.com\/c\/sunoresearch\"]},{\"@type\":\"Person\",\"@id\":\"https:\/\/www.suno.com.br\/noticias\/#\/schema\/person\/fc144a1c6108bd1dcd43784e88a3c138\",\"name\":\"Renan Bandeira\",\"image\":{\"@type\":\"ImageObject\",\"inLanguage\":\"pt-BR\",\"@id\":\"https:\/\/www.suno.com.br\/noticias\/#\/schema\/person\/image\/\",\"url\":\"https:\/\/secure.gravatar.com\/avatar\/68359cdb608f14f11bbefcb78f3fc747?s=96&r=g\",\"contentUrl\":\"https:\/\/secure.gravatar.com\/avatar\/68359cdb608f14f11bbefcb78f3fc747?s=96&r=g\",\"caption\":\"Renan Bandeira\"},\"description\":\"Renan Bandeira escreve sobre pol\u00edtica e economia para o portal da Suno Research. Antes da Suno, trabalhou em uma rede de televis\u00e3o, onde fazia reportagens sobre os mesmos temas. Estuda na Universidade Metodista de S\u00e3o Paulo.\",\"url\":\"https:\/\/www.suno.com.br\/noticias\/author\/renan-bandeira\/\"}]}<\/script>\n<!-- \/ Yoast SEO plugin. -->","yoast_head_json":{"title":"China suspender\u00e1 tarifas sobre ve\u00edculos e pe\u00e7as dos EUA por 3 meses","description":"A China suspender\u00e1 os tributos em 1\u00ba de janeiro de 2019; Ser\u00e3o tr\u00eas meses de tr\u00e9gua. Clique para saber mais.","robots":{"index":"index","follow":"follow","max-snippet":"max-snippet:-1","max-image-preview":"max-image-preview:large","max-video-preview":"max-video-preview:-1"},"canonical":"https:\/\/www.suno.com.br\/noticias\/china-suspendera-tarifas-sobre-veiculos-e-pecas-dos-eua-por-3-meses\/","og_locale":"pt_BR","og_type":"article","og_title":"China suspender\u00e1 tarifas sobre ve\u00edculos e pe\u00e7as dos EUA por 3 meses","og_description":"A China suspender\u00e1 os tributos em 1\u00ba de janeiro de 2019; Ser\u00e3o tr\u00eas meses de tr\u00e9gua. Clique para saber mais.","og_url":"https:\/\/www.suno.com.br\/noticias\/china-suspendera-tarifas-sobre-veiculos-e-pecas-dos-eua-por-3-meses\/","og_site_name":"Suno Not\u00edcias","article_publisher":"https:\/\/facebook.com\/sunoresearch","og_image":[{"width":1100,"height":370,"url":"https:\/\/files.sunoresearch.com.br\/n\/uploads\/2018\/12\/8c32087b-china.jpg","type":"image\/jpeg"}],"author":"Renan Bandeira","twitter_card":"summary_large_image","twitter_creator":"@sunoresearch","twitter_site":"@sunoresearch","twitter_misc":{"Escrito por":"Renan Bandeira","Est. tempo de leitura":"1 minuto"},"schema":{"@context":"https:\/\/schema.org","@graph":[{"@type":"NewsArticle","@id":"https:\/\/www.suno.com.br\/noticias\/china-suspendera-tarifas-sobre-veiculos-e-pecas-dos-eua-por-3-meses\/#article","isPartOf":{"@id":"https:\/\/www.suno.com.br\/noticias\/china-suspendera-tarifas-sobre-veiculos-e-pecas-dos-eua-por-3-meses\/"},"author":{"name":"Renan Bandeira","@id":"https:\/\/www.suno.com.br\/noticias\/#\/schema\/person\/fc144a1c6108bd1dcd43784e88a3c138"},"headline":"China suspender\u00e1 tarifas sobre ve\u00edculos e pe\u00e7as dos EUA por 3 meses","datePublished":"2018-12-14T16:33:46+00:00","dateModified":"2021-02-18T20:55:57+00:00","mainEntityOfPage":{"@id":"https:\/\/www.suno.com.br\/noticias\/china-suspendera-tarifas-sobre-veiculos-e-pecas-dos-eua-por-3-meses\/"},"wordCount":253,"publisher":{"@id":"https:\/\/www.suno.com.br\/noticias\/#organization"},"image":{"@id":"https:\/\/www.suno.com.br\/noticias\/china-suspendera-tarifas-sobre-veiculos-e-pecas-dos-eua-por-3-meses\/#primaryimage"},"thumbnailUrl":"https:\/\/files.sunoresearch.com.br\/n\/uploads\/2018\/12\/8c32087b-china-jpg.webp","keywords":["China","Donald Trump","Estados Unidos (EUA)"],"articleSection":["Internacional"],"inLanguage":"pt-BR"},{"@type":"WebPage","@id":"https:\/\/www.suno.com.br\/noticias\/china-suspendera-tarifas-sobre-veiculos-e-pecas-dos-eua-por-3-meses\/","url":"https:\/\/www.suno.com.br\/noticias\/china-suspendera-tarifas-sobre-veiculos-e-pecas-dos-eua-por-3-meses\/","name":"China suspender\u00e1 tarifas sobre ve\u00edculos e pe\u00e7as dos EUA por 3 meses","isPartOf":{"@id":"https:\/\/www.suno.com.br\/noticias\/#website"},"primaryImageOfPage":{"@id":"https:\/\/www.suno.com.br\/noticias\/china-suspendera-tarifas-sobre-veiculos-e-pecas-dos-eua-por-3-meses\/#primaryimage"},"image":{"@id":"https:\/\/www.suno.com.br\/noticias\/china-suspendera-tarifas-sobre-veiculos-e-pecas-dos-eua-por-3-meses\/#primaryimage"},"thumbnailUrl":"https:\/\/files.sunoresearch.com.br\/n\/uploads\/2018\/12\/8c32087b-china-jpg.webp","datePublished":"2018-12-14T16:33:46+00:00","dateModified":"2021-02-18T20:55:57+00:00","description":"A China suspender\u00e1 os tributos em 1\u00ba de janeiro de 2019; Ser\u00e3o tr\u00eas meses de tr\u00e9gua. Clique para saber mais.","breadcrumb":{"@id":"https:\/\/www.suno.com.br\/noticias\/china-suspendera-tarifas-sobre-veiculos-e-pecas-dos-eua-por-3-meses\/#breadcrumb"},"inLanguage":"pt-BR","potentialAction":[{"@type":"ReadAction","target":["https:\/\/www.suno.com.br\/noticias\/china-suspendera-tarifas-sobre-veiculos-e-pecas-dos-eua-por-3-meses\/"]}]},{"@type":"ImageObject","inLanguage":"pt-BR","@id":"https:\/\/www.suno.com.br\/noticias\/china-suspendera-tarifas-sobre-veiculos-e-pecas-dos-eua-por-3-meses\/#primaryimage","url":"https:\/\/files.sunoresearch.com.br\/n\/uploads\/2018\/12\/8c32087b-china-jpg.webp","contentUrl":"https:\/\/files.sunoresearch.com.br\/n\/uploads\/2018\/12\/8c32087b-china-jpg.webp","width":1100,"height":370,"caption":"China suspender\u00e1 tributos sobre ve\u00edculos e pe\u00e7as norte-americanas"},{"@type":"BreadcrumbList","@id":"https:\/\/www.suno.com.br\/noticias\/china-suspendera-tarifas-sobre-veiculos-e-pecas-dos-eua-por-3-meses\/#breadcrumb","itemListElement":[{"@type":"ListItem","position":1,"name":"Not\u00edcias","item":"https:\/\/www.suno.com.br\/noticias\/"},{"@type":"ListItem","position":2,"name":"Internacional","item":"https:\/\/www.suno.com.br\/noticias\/internacional\/"},{"@type":"ListItem","position":3,"name":"China suspender\u00e1 tarifas sobre ve\u00edculos e pe\u00e7as dos EUA por 3 meses"}]},{"@type":"WebSite","@id":"https:\/\/www.suno.com.br\/noticias\/#website","url":"https:\/\/www.suno.com.br\/noticias\/","name":"Suno Not\u00edcias","description":"Seu portal de informa\u00e7\u00e3o sobre o mundo dos investimentos","publisher":{"@id":"https:\/\/www.suno.com.br\/noticias\/#organization"},"potentialAction":[{"@type":"SearchAction","target":{"@type":"EntryPoint","urlTemplate":"https:\/\/www.suno.com.br\/noticias\/?s={search_term_string}"},"query-input":{"@type":"PropertyValueSpecification","valueRequired":true,"valueName":"search_term_string"}}],"inLanguage":"pt-BR"},{"@type":"Organization","@id":"https:\/\/www.suno.com.br\/noticias\/#organization","name":"Suno Not\u00edcias","url":"https:\/\/www.suno.com.br\/noticias\/","logo":{"@type":"ImageObject","inLanguage":"pt-BR","@id":"https:\/\/www.suno.com.br\/noticias\/#\/schema\/logo\/image\/","url":"https:\/\/files.sunoresearch.com.br\/n\/uploads\/2021\/09\/suno-logo.png","contentUrl":"https:\/\/files.sunoresearch.com.br\/n\/uploads\/2021\/09\/suno-logo.png","width":180,"height":180,"caption":"Suno Not\u00edcias"},"image":{"@id":"https:\/\/www.suno.com.br\/noticias\/#\/schema\/logo\/image\/"},"sameAs":["https:\/\/facebook.com\/sunoresearch","https:\/\/x.com\/sunoresearch","https:\/\/www.instagram.com\/suno","https:\/\/www.linkedin.com\/company\/suno-research\/","https:\/\/www.youtube.com\/c\/sunoresearch"]},{"@type":"Person","@id":"https:\/\/www.suno.com.br\/noticias\/#\/schema\/person\/fc144a1c6108bd1dcd43784e88a3c138","name":"Renan Bandeira","image":{"@type":"ImageObject","inLanguage":"pt-BR","@id":"https:\/\/www.suno.com.br\/noticias\/#\/schema\/person\/image\/","url":"https:\/\/secure.gravatar.com\/avatar\/68359cdb608f14f11bbefcb78f3fc747?s=96&r=g","contentUrl":"https:\/\/secure.gravatar.com\/avatar\/68359cdb608f14f11bbefcb78f3fc747?s=96&r=g","caption":"Renan Bandeira"},"description":"Renan Bandeira escreve sobre pol\u00edtica e economia para o portal da Suno Research. Antes da Suno, trabalhou em uma rede de televis\u00e3o, onde fazia reportagens sobre os mesmos temas. Estuda na Universidade Metodista de S\u00e3o Paulo.","url":"https:\/\/www.suno.com.br\/noticias\/author\/renan-bandeira\/"}]}},"default_loop_html":"<div class=\"cardsPage__listCard__boxs\"><div class=\"cardsPage__listCard__boxs__img\"><a href=\"https:\/\/www.suno.com.br\/noticias\/china-suspendera-tarifas-sobre-veiculos-e-pecas-dos-eua-por-3-meses\/\"><img class=\"mask\" src=\"https:\/\/www.suno.com.br\/noticias\/wp-content\/themes\/suno\/resources\/images\/spotlight\/spotlight1img\/bg-mask.png\" alt=\"Image Mask\"\/><img src=\"https:\/\/files.sunoresearch.com.br\/n\/uploads\/2018\/12\/8c32087b-china-400x200.webp\" alt=\"China suspender\u00e1 tarifas sobre ve\u00edculos e pe\u00e7as dos EUA por 3 meses\"\/><\/a><span class=\"spotlightCategory\"><a href=\"https:\/\/www.suno.com.br\/noticias\/internacional\/\">Internacional<\/a><\/span><\/div><div class=\"cardsPage__listCard__boxs__content\"><a href=\"https:\/\/www.suno.com.br\/noticias\/china-suspendera-tarifas-sobre-veiculos-e-pecas-dos-eua-por-3-meses\/\"><h2 class=\"content__title\">China suspender\u00e1 tarifas sobre ve\u00edculos e pe\u00e7as dos EUA por 3 meses<\/h2><\/a><div class=\"newsContent__article__meta\"><div class=\"newsContent__article__meta__authorBox\"><a href=\"https:\/\/www.suno.com.br\/noticias\/author\/renan-bandeira\/\" class=\"authorBox__avatar noMobi\"><img src=\"https:\/\/secure.gravatar.com\/avatar\/68359cdb608f14f11bbefcb78f3fc747?s=96&#038;r=g\" alt=\"Renan Bandeira\"><\/a><div class=\"authorBox__name\"><span>por\n\t\t\t<a href=\"https:\/\/www.suno.com.br\/noticias\/author\/renan-bandeira\/\"><span itemprop=\"author\">Renan Bandeira<\/span><\/a><\/span><time datetime=\"2018-12-14T14:33:46-02:00\" itemprop=\"datePublished\">14\/12\/2018 14:33<\/time><\/div><\/div><\/div><\/div><\/div>","single_layout":"posts","amp_enabled":true,"_links":{"self":[{"href":"https:\/\/www.suno.com.br\/noticias\/wp-json\/wp\/v2\/posts\/8915"}],"collection":[{"href":"https:\/\/www.suno.com.br\/noticias\/wp-json\/wp\/v2\/posts"}],"about":[{"href":"https:\/\/www.suno.com.br\/noticias\/wp-json\/wp\/v2\/types\/post"}],"author":[{"embeddable":true,"href":"https:\/\/www.suno.com.br\/noticias\/wp-json\/wp\/v2\/users\/11"}],"replies":[{"embeddable":true,"href":"https:\/\/www.suno.com.br\/noticias\/wp-json\/wp\/v2\/comments?post=8915"}],"version-history":[{"count":0,"href":"https:\/\/www.suno.com.br\/noticias\/wp-json\/wp\/v2\/posts\/8915\/revisions"}],"wp:featuredmedia":[{"embeddable":true,"href":"https:\/\/www.suno.com.br\/noticias\/wp-json\/wp\/v2\/media\/8924"}],"wp:attachment":[{"href":"https:\/\/www.suno.com.br\/noticias\/wp-json\/wp\/v2\/media?parent=8915"}],"wp:term":[{"taxonomy":"category","embeddable":true,"href":"https:\/\/www.suno.com.br\/noticias\/wp-json\/wp\/v2\/categories?post=8915"},{"taxonomy":"post_tag","embeddable":true,"href":"https:\/\/www.suno.com.br\/noticias\/wp-json\/wp\/v2\/tags?post=8915"},{"taxonomy":"suno_strategy","embeddable":true,"href":"https:\/\/www.suno.com.br\/noticias\/wp-json\/wp\/v2\/suno_strategy?post=8915"}],"curies":[{"name":"wp","href":"https:\/\/api.w.org\/{rel}","templated":true}]}}