{"id":89072,"date":"2020-10-02T10:23:16","date_gmt":"2020-10-02T13:23:16","guid":{"rendered":"https:\/\/www.suno.com.br\/noticias\/?p=89072"},"modified":"2020-10-02T10:23:16","modified_gmt":"2020-10-02T13:23:16","slug":"marcopolo-pomo4-fabrica-no-rio-de-janeiro-sera-fechada","status":"publish","type":"post","link":"https:\/\/www.suno.com.br\/noticias\/marcopolo-pomo4-fabrica-no-rio-de-janeiro-sera-fechada\/","title":{"rendered":"Marcopolo (POMO4): f\u00e1brica no Rio de Janeiro ser\u00e1 fechada"},"content":{"rendered":"<p>A<strong> fabricante de \u00f4nibus<\/strong> <a href=\"https:\/\/www.suno.com.br\/acoes\/pomo4\/\"><strong>Marcopolo<\/strong> (POMO4)<\/a> decidiu nesta sexta-feira (2) encerrar as atividades de sua f\u00e1brica localizada em <strong>Duque de Caxias<\/strong>, no <strong>Rio de Janeiro<\/strong>, a partir do dia 30 deste m\u00eas. De acordo com a empresa, a decis\u00e3o \u00e9 parte do processo de &#8220;otimiza\u00e7\u00e3o de plantas&#8221;, e as demais unidades absorver\u00e3o a produ\u00e7\u00e3o conforme os mercados se regularizarem no p\u00f3s-pandemia.<\/p>\t<div class=\"wrapper-featured-image\">\n\t\t<figure class=\"spotlightImg\">\n\n\t\t\t<picture>\n\t\t\t\t<source media=\"(max-width: 768px)\" srcset=\"https:\/\/files.sunoresearch.com.br\/n\/uploads\/2019\/02\/e5b7b98b-marcopolo-400x200.webp\">\n\t\t\t\t<img loading=\"lazy\" decoding=\"async\" class=\"newsContent__article__imgCapa lazyloadDisabled \" src=\"https:\/\/files.sunoresearch.com.br\/n\/uploads\/2019\/02\/e5b7b98b-marcopolo-800x450.webp\" width=\"800\" height=\"450\" alt=\"Marcopolo (POMO4): f\u00e1brica no Rio de Janeiro ser\u00e1 fechada\" fetchpriority=high \/>\n\t\t\t<\/picture>\n\n\t\t\t<figcaption class=\"wp-caption-text wp-caption-text--show\">Marcopolo (Foto: Divulga\u00e7\u00e3o) <\/figcaption>\n\t\t<\/figure>\n\t<\/div>\n\n\n<div class=\"hubspot-form-wrapper\">\n\t<div id=\"single-form-target\"><\/div>\n<\/div>\n\n<p>A empresa afirmou que a decis\u00e3o deve trazer maior racionalidade a seus custos de produ\u00e7\u00e3o. &#8220;A concentra\u00e7\u00e3o das opera\u00e7\u00f5es brasileiras em um n\u00famero menor de f\u00e1bricas vem contribuindo para a redu\u00e7\u00e3o de custos e incremento da efici\u00eancia&#8221;, explicou a Marcopolo em <strong>fato relevante<\/strong> divulgado nesta sexta. N\u00e3o h\u00e1 detalhes sobre a destina\u00e7\u00e3o do quadro de funcion\u00e1rios da empresa.<\/p>\n<p>A unidade da Marcopolo em Duque de Caxias, na Baixada Fluminense, produz os modelos Torino, Viale BRT e Viale BRS, todos destinados \u00e0 mobilidade urbana. Outras plantas da companhia, no entanto, tamb\u00e9m produzem os mesmos modelos.<\/p>\n<p><a href=\"https:\/\/lp.suno.com.br\/suno-one\/\">Suno One: acesse gratuitamente eBooks, Minicursos, Artigos e Video Aulas sobre investimentos com um \u00fanico cadastro. Clique para saber mais!<\/a><\/p>\n<p>A f\u00e1brica existe desde 1955, mas passou a fazer parte do parque da fabricante em 1999. Em 2001, a Marcopolo adquiriu 100% de seu capital, e tornou-se sua \u00fanica propriet\u00e1ria.<\/p>\n<p>Com o fechamento da unidade fluminense, a fabricante de \u00f4nibus passa a contar com tr\u00eas f\u00e1bricas no Pa\u00eds, sendo duas delas em Caxias do Sul, no Rio Grande do Sul, cidade onde est\u00e1 a sede da empresa, e uma em S\u00e3o Mateus, no Esp\u00edrito Santo. No exterior, a empresa tem 11 f\u00e1bricas.<\/p>\n<h2>Marcopolo registra queda de 93,7% no lucro do 2T20<\/h2>\n<p>A <strong>Marcopolo<\/strong> reportou um <a href=\"https:\/\/www.suno.com.br\/artigos\/lucro-liquido\/\">lucro l\u00edquido<\/a> de R$ 5,4 milh\u00f5es referente ao exerc\u00edcio no segundo trimestre de 2020, equivalente a uma queda de 93,7% em compara\u00e7\u00e3o aos R$ 86,3 milh\u00f5es registrados no mesmo per\u00edodo do ano anterior.<\/p>\n<p>\u201cTodos os segmentos de mercado foram afetados pela retra\u00e7\u00e3o de demanda, causada pelas restri\u00e7\u00f5es no transporte de pessoas, afetando os clientes da companhia no Brasil e no exterior\u201d, ressaltou a Marcopolo, no relat\u00f3rio.<\/p>\n<p>Com isso, a companhia especializada na fabrica\u00e7\u00e3o de componentes e carrocerias de \u00f4nibus apresentou uma <a href=\"https:\/\/www.suno.com.br\/artigos\/receita-liquida\/\">receita l\u00edquida<\/a> de R$ 798,5 milh\u00f5es entre os meses de abril e junho, um recuo de 30,1% em rela\u00e7\u00e3o mesmo intervalo de 2019. A receita com vendas no Brasil, registrou um resultado ainda pior, de baixa de 43%, para R$ 356,3 milh\u00f5es; enquanto a receita no exterior encolheu 30%, para R$ 194,5 milh\u00f5es.<\/p>\n\t<div data-element=\"shortcode-read-more\" class=\"knowMore\">\n\t\t\t\t<span class=\"knowMore__title\">Veja Tamb\u00e9m)<\/span>\n\t\t\t\t<a class=\"knowMore__link\" href=\"https:\/\/www.suno.com.br\/noticias\/marcopolo-adaptacoes-onibus-novo-normal\/\">\n\t\t\tMarcopolo (POMO4) faz adapta\u00e7\u00f5es para ajustar \u00f4nibus ao &quot;novo normal&quot;\t\t<\/a>\n\t<\/div>\n\n\n<p>O <a href=\"https:\/\/www.suno.com.br\/artigos\/ebitda\/\">lucro antes de juros, impostos, deprecia\u00e7\u00e3o e amortiza\u00e7\u00e3o (Ebitda<\/a>, na sigla em ingl\u00eas), por sua vez, teve uma retra\u00e7\u00e3o de 61,3%, para R$ 40,9 milh\u00f5es. No mesmo sentido, a <a href=\"https:\/\/www.suno.com.br\/artigos\/margem-ebitda\/\">margem Ebitda<\/a> caiu de 9,2% para 5,1%.<\/p>\n<p>As restri\u00e7\u00f5es de mobilidade e de isolamento social para conter a dissemina\u00e7\u00e3o do novo coronav\u00edrus tamb\u00e9m tiveram impacto na produ\u00e7\u00e3o da <strong>Marcopolo<\/strong> no segundo trimestre, que registrou uma queda de 45,5% no Brasil e de 47,1% no exterior.<\/p>\n<p><em>Com informa\u00e7\u00f5es do Estad\u00e3o Conte\u00fado.<\/em><\/p>\n\t<p>\n\t\t<a href=\"https:\/\/lp.suno.com.br\/planilha-de-controle-de-investimentos\/\" target=\"_blank\" data-element=\"shortcode-suno-banner\" title=\"Banner SUNO, clique e saiba mais\">\n\t\t\t<picture>\n\t\t\t\t<source media=\"(max-width: 500px)\" srcset=\"https:\/\/files.sunoresearch.com.br\/n\/uploads\/2023\/03\/400x300-Controle-de-Investimentos.png\">\n\t\t\t\t<img class=\"newsContent__article__imgCapa newsContent__article__imgCapa--banner\"\n\t\t\t\t\tsrc=\"https:\/\/files.sunoresearch.com.br\/n\/uploads\/2023\/03\/1420x240-Controle-de-Investimentos.png\"\n\t\t\t\t\tdata-promo-id=\"75934\"\t\t\t\t\t\t\t\t\t\twidth='1420' height='240'\t\t\t\t\talt=\"https:\/\/files.sunoresearch.com.br\/n\/uploads\/2023\/03\/1420x240-Controle-de-Investimentos.png\"\n\t\t\t\t>\n\t\t\t<\/picture>\n\t\t<\/a>\n\t<\/p>\n\n\n","protected":false},"excerpt":{"rendered":"<p>A fabricante de \u00f4nibus Marcopolo (POMO4) decidiu nesta sexta-feira (2) encerrar as atividades de sua f\u00e1brica localizada em Duque de Caxias, no Rio de Janeiro, a partir do dia 30 deste m\u00eas. De acordo com a empresa, a decis\u00e3o \u00e9 parte do processo de &#8220;otimiza\u00e7\u00e3o de plantas&#8221;, e as demais unidades absorver\u00e3o a produ\u00e7\u00e3o conforme [&hellip;]<\/p>\n","protected":false},"author":15,"featured_media":16656,"comment_status":"closed","ping_status":"closed","sticky":false,"template":"","format":"standard","meta":[],"categories":[64],"tags":[551,802],"suno_strategy":[],"class_list":["post-89072","post","type-post","status-publish","format-standard","has-post-thumbnail","hentry","category-negocios","tag-marcopolo-pomo3-pomo4","tag-rio-de-janeiro"],"yoast_head":"<!-- This site is optimized with the Yoast SEO plugin v24.4 - https:\/\/yoast.com\/wordpress\/plugins\/seo\/ -->\n<title>Marcopolo (POMO4): f\u00e1brica no Rio de Janeiro ser\u00e1 fechada<\/title>\n<meta name=\"description\" content=\"A Marcopolo (POMO4) decidiu nesta sexta-feira (2) encerrar as atividades de sua f\u00e1brica localizada em Duque de Caxias, no RJ. Clique aqui\" \/>\n<meta name=\"robots\" content=\"index, follow, max-snippet:-1, max-image-preview:large, max-video-preview:-1\" \/>\n<link rel=\"canonical\" href=\"https:\/\/www.suno.com.br\/noticias\/marcopolo-pomo4-fabrica-no-rio-de-janeiro-sera-fechada\/\" \/>\n<meta property=\"og:locale\" content=\"pt_BR\" \/>\n<meta property=\"og:type\" content=\"article\" \/>\n<meta property=\"og:title\" content=\"Marcopolo (POMO4): f\u00e1brica no Rio de Janeiro ser\u00e1 fechada\" \/>\n<meta property=\"og:description\" content=\"A Marcopolo (POMO4) decidiu nesta sexta-feira (2) encerrar as atividades de sua f\u00e1brica localizada em Duque de Caxias, no RJ. Clique aqui\" \/>\n<meta property=\"og:url\" content=\"https:\/\/www.suno.com.br\/noticias\/marcopolo-pomo4-fabrica-no-rio-de-janeiro-sera-fechada\/\" \/>\n<meta property=\"og:site_name\" content=\"Suno Not\u00edcias\" \/>\n<meta property=\"article:publisher\" content=\"https:\/\/facebook.com\/sunoresearch\" \/>\n<meta property=\"og:image\" content=\"https:\/\/files.sunoresearch.com.br\/n\/uploads\/2019\/02\/e5b7b98b-marcopolo.jpg\" \/>\n\t<meta property=\"og:image:width\" content=\"3200\" \/>\n\t<meta property=\"og:image:height\" content=\"2400\" \/>\n\t<meta property=\"og:image:type\" content=\"image\/jpeg\" \/>\n<meta name=\"author\" content=\"Poliana Santos\" \/>\n<meta name=\"twitter:card\" content=\"summary_large_image\" \/>\n<meta name=\"twitter:creator\" content=\"@sunoresearch\" \/>\n<meta name=\"twitter:site\" content=\"@sunoresearch\" \/>\n<meta name=\"twitter:label1\" content=\"Escrito por\" \/>\n\t<meta name=\"twitter:data1\" content=\"Poliana Santos\" \/>\n\t<meta name=\"twitter:label2\" content=\"Est. tempo de leitura\" \/>\n\t<meta name=\"twitter:data2\" content=\"3 minutos\" \/>\n<script type=\"application\/ld+json\" class=\"yoast-schema-graph\">{\"@context\":\"https:\/\/schema.org\",\"@graph\":[{\"@type\":\"NewsArticle\",\"@id\":\"https:\/\/www.suno.com.br\/noticias\/marcopolo-pomo4-fabrica-no-rio-de-janeiro-sera-fechada\/#article\",\"isPartOf\":{\"@id\":\"https:\/\/www.suno.com.br\/noticias\/marcopolo-pomo4-fabrica-no-rio-de-janeiro-sera-fechada\/\"},\"author\":{\"name\":\"Poliana Santos\",\"@id\":\"https:\/\/www.suno.com.br\/noticias\/#\/schema\/person\/02ec1f752758247878a2bf4abee1aeda\"},\"headline\":\"Marcopolo (POMO4): f\u00e1brica no Rio de Janeiro ser\u00e1 fechada\",\"datePublished\":\"2020-10-02T13:23:16+00:00\",\"mainEntityOfPage\":{\"@id\":\"https:\/\/www.suno.com.br\/noticias\/marcopolo-pomo4-fabrica-no-rio-de-janeiro-sera-fechada\/\"},\"wordCount\":546,\"publisher\":{\"@id\":\"https:\/\/www.suno.com.br\/noticias\/#organization\"},\"image\":{\"@id\":\"https:\/\/www.suno.com.br\/noticias\/marcopolo-pomo4-fabrica-no-rio-de-janeiro-sera-fechada\/#primaryimage\"},\"thumbnailUrl\":\"https:\/\/files.sunoresearch.com.br\/n\/uploads\/2019\/02\/e5b7b98b-marcopolo-scaled.webp\",\"keywords\":[\"Marcopolo (POMO3\/POMO4)\",\"Rio de Janeiro\"],\"articleSection\":[\"Neg\u00f3cios\"],\"inLanguage\":\"pt-BR\"},{\"@type\":\"WebPage\",\"@id\":\"https:\/\/www.suno.com.br\/noticias\/marcopolo-pomo4-fabrica-no-rio-de-janeiro-sera-fechada\/\",\"url\":\"https:\/\/www.suno.com.br\/noticias\/marcopolo-pomo4-fabrica-no-rio-de-janeiro-sera-fechada\/\",\"name\":\"Marcopolo (POMO4): f\u00e1brica no Rio de Janeiro ser\u00e1 fechada\",\"isPartOf\":{\"@id\":\"https:\/\/www.suno.com.br\/noticias\/#website\"},\"primaryImageOfPage\":{\"@id\":\"https:\/\/www.suno.com.br\/noticias\/marcopolo-pomo4-fabrica-no-rio-de-janeiro-sera-fechada\/#primaryimage\"},\"image\":{\"@id\":\"https:\/\/www.suno.com.br\/noticias\/marcopolo-pomo4-fabrica-no-rio-de-janeiro-sera-fechada\/#primaryimage\"},\"thumbnailUrl\":\"https:\/\/files.sunoresearch.com.br\/n\/uploads\/2019\/02\/e5b7b98b-marcopolo-scaled.webp\",\"datePublished\":\"2020-10-02T13:23:16+00:00\",\"description\":\"A Marcopolo (POMO4) decidiu nesta sexta-feira (2) encerrar as atividades de sua f\u00e1brica localizada em Duque de Caxias, no RJ. Clique aqui\",\"breadcrumb\":{\"@id\":\"https:\/\/www.suno.com.br\/noticias\/marcopolo-pomo4-fabrica-no-rio-de-janeiro-sera-fechada\/#breadcrumb\"},\"inLanguage\":\"pt-BR\",\"potentialAction\":[{\"@type\":\"ReadAction\",\"target\":[\"https:\/\/www.suno.com.br\/noticias\/marcopolo-pomo4-fabrica-no-rio-de-janeiro-sera-fechada\/\"]}]},{\"@type\":\"ImageObject\",\"inLanguage\":\"pt-BR\",\"@id\":\"https:\/\/www.suno.com.br\/noticias\/marcopolo-pomo4-fabrica-no-rio-de-janeiro-sera-fechada\/#primaryimage\",\"url\":\"https:\/\/files.sunoresearch.com.br\/n\/uploads\/2019\/02\/e5b7b98b-marcopolo-scaled.webp\",\"contentUrl\":\"https:\/\/files.sunoresearch.com.br\/n\/uploads\/2019\/02\/e5b7b98b-marcopolo-scaled.webp\",\"width\":2560,\"height\":1920,\"caption\":\"Marcopolo (Foto: Divulga\u00e7\u00e3o)\"},{\"@type\":\"BreadcrumbList\",\"@id\":\"https:\/\/www.suno.com.br\/noticias\/marcopolo-pomo4-fabrica-no-rio-de-janeiro-sera-fechada\/#breadcrumb\",\"itemListElement\":[{\"@type\":\"ListItem\",\"position\":1,\"name\":\"Not\u00edcias\",\"item\":\"https:\/\/www.suno.com.br\/noticias\/\"},{\"@type\":\"ListItem\",\"position\":2,\"name\":\"Neg\u00f3cios\",\"item\":\"https:\/\/www.suno.com.br\/noticias\/negocios\/\"},{\"@type\":\"ListItem\",\"position\":3,\"name\":\"Marcopolo (POMO4): f\u00e1brica no Rio de Janeiro ser\u00e1 fechada\"}]},{\"@type\":\"WebSite\",\"@id\":\"https:\/\/www.suno.com.br\/noticias\/#website\",\"url\":\"https:\/\/www.suno.com.br\/noticias\/\",\"name\":\"Suno Not\u00edcias\",\"description\":\"Seu portal de informa\u00e7\u00e3o sobre o mundo dos investimentos\",\"publisher\":{\"@id\":\"https:\/\/www.suno.com.br\/noticias\/#organization\"},\"potentialAction\":[{\"@type\":\"SearchAction\",\"target\":{\"@type\":\"EntryPoint\",\"urlTemplate\":\"https:\/\/www.suno.com.br\/noticias\/?s={search_term_string}\"},\"query-input\":{\"@type\":\"PropertyValueSpecification\",\"valueRequired\":true,\"valueName\":\"search_term_string\"}}],\"inLanguage\":\"pt-BR\"},{\"@type\":\"Organization\",\"@id\":\"https:\/\/www.suno.com.br\/noticias\/#organization\",\"name\":\"Suno Not\u00edcias\",\"url\":\"https:\/\/www.suno.com.br\/noticias\/\",\"logo\":{\"@type\":\"ImageObject\",\"inLanguage\":\"pt-BR\",\"@id\":\"https:\/\/www.suno.com.br\/noticias\/#\/schema\/logo\/image\/\",\"url\":\"https:\/\/files.sunoresearch.com.br\/n\/uploads\/2021\/09\/suno-logo.png\",\"contentUrl\":\"https:\/\/files.sunoresearch.com.br\/n\/uploads\/2021\/09\/suno-logo.png\",\"width\":180,\"height\":180,\"caption\":\"Suno Not\u00edcias\"},\"image\":{\"@id\":\"https:\/\/www.suno.com.br\/noticias\/#\/schema\/logo\/image\/\"},\"sameAs\":[\"https:\/\/facebook.com\/sunoresearch\",\"https:\/\/x.com\/sunoresearch\",\"https:\/\/www.instagram.com\/suno\",\"https:\/\/www.linkedin.com\/company\/suno-research\/\",\"https:\/\/www.youtube.com\/c\/sunoresearch\"]},{\"@type\":\"Person\",\"@id\":\"https:\/\/www.suno.com.br\/noticias\/#\/schema\/person\/02ec1f752758247878a2bf4abee1aeda\",\"name\":\"Poliana Santos\",\"image\":{\"@type\":\"ImageObject\",\"inLanguage\":\"pt-BR\",\"@id\":\"https:\/\/www.suno.com.br\/noticias\/#\/schema\/person\/image\/\",\"url\":\"https:\/\/secure.gravatar.com\/avatar\/0645bd32f23d87b2130f2b2dff1d3f8d?s=96&r=g\",\"contentUrl\":\"https:\/\/secure.gravatar.com\/avatar\/0645bd32f23d87b2130f2b2dff1d3f8d?s=96&r=g\",\"caption\":\"Poliana Santos\"},\"description\":\"Rep\u00f3rter no Suno Not\u00edcias, com cobertura em mercado financeiro, economia, finan\u00e7as pessoais, renda fixa e varejo. Jornalista formada pela Faculdade C\u00e1sper L\u00edbero e possui passagem na R\u00e1dio Gazeta AM com a produ\u00e7\u00e3o de conte\u00fado sobre economia, pol\u00edtica, sa\u00fade, moda e m\u00fasica. Possui certificado de conclus\u00e3o do curso de An\u00e1lise de Balan\u00e7os pela Funda\u00e7\u00e3o Bradesco, Agenda Brasil pela FAAP, Educa\u00e7\u00e3o Pol\u00edtica por Alexandre Garcia e do Tesouro Direto e Mercado de A\u00e7\u00f5es pela B3.\",\"url\":\"https:\/\/www.suno.com.br\/noticias\/author\/poliana-santos\/\"}]}<\/script>\n<!-- \/ Yoast SEO plugin. -->","yoast_head_json":{"title":"Marcopolo (POMO4): f\u00e1brica no Rio de Janeiro ser\u00e1 fechada","description":"A Marcopolo (POMO4) decidiu nesta sexta-feira (2) encerrar as atividades de sua f\u00e1brica localizada em Duque de Caxias, no RJ. Clique aqui","robots":{"index":"index","follow":"follow","max-snippet":"max-snippet:-1","max-image-preview":"max-image-preview:large","max-video-preview":"max-video-preview:-1"},"canonical":"https:\/\/www.suno.com.br\/noticias\/marcopolo-pomo4-fabrica-no-rio-de-janeiro-sera-fechada\/","og_locale":"pt_BR","og_type":"article","og_title":"Marcopolo (POMO4): f\u00e1brica no Rio de Janeiro ser\u00e1 fechada","og_description":"A Marcopolo (POMO4) decidiu nesta sexta-feira (2) encerrar as atividades de sua f\u00e1brica localizada em Duque de Caxias, no RJ. Clique aqui","og_url":"https:\/\/www.suno.com.br\/noticias\/marcopolo-pomo4-fabrica-no-rio-de-janeiro-sera-fechada\/","og_site_name":"Suno Not\u00edcias","article_publisher":"https:\/\/facebook.com\/sunoresearch","og_image":[{"width":3200,"height":2400,"url":"https:\/\/files.sunoresearch.com.br\/n\/uploads\/2019\/02\/e5b7b98b-marcopolo.jpg","type":"image\/jpeg"}],"author":"Poliana Santos","twitter_card":"summary_large_image","twitter_creator":"@sunoresearch","twitter_site":"@sunoresearch","twitter_misc":{"Escrito por":"Poliana Santos","Est. tempo de leitura":"3 minutos"},"schema":{"@context":"https:\/\/schema.org","@graph":[{"@type":"NewsArticle","@id":"https:\/\/www.suno.com.br\/noticias\/marcopolo-pomo4-fabrica-no-rio-de-janeiro-sera-fechada\/#article","isPartOf":{"@id":"https:\/\/www.suno.com.br\/noticias\/marcopolo-pomo4-fabrica-no-rio-de-janeiro-sera-fechada\/"},"author":{"name":"Poliana Santos","@id":"https:\/\/www.suno.com.br\/noticias\/#\/schema\/person\/02ec1f752758247878a2bf4abee1aeda"},"headline":"Marcopolo (POMO4): f\u00e1brica no Rio de Janeiro ser\u00e1 fechada","datePublished":"2020-10-02T13:23:16+00:00","mainEntityOfPage":{"@id":"https:\/\/www.suno.com.br\/noticias\/marcopolo-pomo4-fabrica-no-rio-de-janeiro-sera-fechada\/"},"wordCount":546,"publisher":{"@id":"https:\/\/www.suno.com.br\/noticias\/#organization"},"image":{"@id":"https:\/\/www.suno.com.br\/noticias\/marcopolo-pomo4-fabrica-no-rio-de-janeiro-sera-fechada\/#primaryimage"},"thumbnailUrl":"https:\/\/files.sunoresearch.com.br\/n\/uploads\/2019\/02\/e5b7b98b-marcopolo-scaled.webp","keywords":["Marcopolo (POMO3\/POMO4)","Rio de Janeiro"],"articleSection":["Neg\u00f3cios"],"inLanguage":"pt-BR"},{"@type":"WebPage","@id":"https:\/\/www.suno.com.br\/noticias\/marcopolo-pomo4-fabrica-no-rio-de-janeiro-sera-fechada\/","url":"https:\/\/www.suno.com.br\/noticias\/marcopolo-pomo4-fabrica-no-rio-de-janeiro-sera-fechada\/","name":"Marcopolo (POMO4): f\u00e1brica no Rio de Janeiro ser\u00e1 fechada","isPartOf":{"@id":"https:\/\/www.suno.com.br\/noticias\/#website"},"primaryImageOfPage":{"@id":"https:\/\/www.suno.com.br\/noticias\/marcopolo-pomo4-fabrica-no-rio-de-janeiro-sera-fechada\/#primaryimage"},"image":{"@id":"https:\/\/www.suno.com.br\/noticias\/marcopolo-pomo4-fabrica-no-rio-de-janeiro-sera-fechada\/#primaryimage"},"thumbnailUrl":"https:\/\/files.sunoresearch.com.br\/n\/uploads\/2019\/02\/e5b7b98b-marcopolo-scaled.webp","datePublished":"2020-10-02T13:23:16+00:00","description":"A Marcopolo (POMO4) decidiu nesta sexta-feira (2) encerrar as atividades de sua f\u00e1brica localizada em Duque de Caxias, no RJ. Clique aqui","breadcrumb":{"@id":"https:\/\/www.suno.com.br\/noticias\/marcopolo-pomo4-fabrica-no-rio-de-janeiro-sera-fechada\/#breadcrumb"},"inLanguage":"pt-BR","potentialAction":[{"@type":"ReadAction","target":["https:\/\/www.suno.com.br\/noticias\/marcopolo-pomo4-fabrica-no-rio-de-janeiro-sera-fechada\/"]}]},{"@type":"ImageObject","inLanguage":"pt-BR","@id":"https:\/\/www.suno.com.br\/noticias\/marcopolo-pomo4-fabrica-no-rio-de-janeiro-sera-fechada\/#primaryimage","url":"https:\/\/files.sunoresearch.com.br\/n\/uploads\/2019\/02\/e5b7b98b-marcopolo-scaled.webp","contentUrl":"https:\/\/files.sunoresearch.com.br\/n\/uploads\/2019\/02\/e5b7b98b-marcopolo-scaled.webp","width":2560,"height":1920,"caption":"Marcopolo (Foto: Divulga\u00e7\u00e3o)"},{"@type":"BreadcrumbList","@id":"https:\/\/www.suno.com.br\/noticias\/marcopolo-pomo4-fabrica-no-rio-de-janeiro-sera-fechada\/#breadcrumb","itemListElement":[{"@type":"ListItem","position":1,"name":"Not\u00edcias","item":"https:\/\/www.suno.com.br\/noticias\/"},{"@type":"ListItem","position":2,"name":"Neg\u00f3cios","item":"https:\/\/www.suno.com.br\/noticias\/negocios\/"},{"@type":"ListItem","position":3,"name":"Marcopolo (POMO4): f\u00e1brica no Rio de Janeiro ser\u00e1 fechada"}]},{"@type":"WebSite","@id":"https:\/\/www.suno.com.br\/noticias\/#website","url":"https:\/\/www.suno.com.br\/noticias\/","name":"Suno Not\u00edcias","description":"Seu portal de informa\u00e7\u00e3o sobre o mundo dos investimentos","publisher":{"@id":"https:\/\/www.suno.com.br\/noticias\/#organization"},"potentialAction":[{"@type":"SearchAction","target":{"@type":"EntryPoint","urlTemplate":"https:\/\/www.suno.com.br\/noticias\/?s={search_term_string}"},"query-input":{"@type":"PropertyValueSpecification","valueRequired":true,"valueName":"search_term_string"}}],"inLanguage":"pt-BR"},{"@type":"Organization","@id":"https:\/\/www.suno.com.br\/noticias\/#organization","name":"Suno Not\u00edcias","url":"https:\/\/www.suno.com.br\/noticias\/","logo":{"@type":"ImageObject","inLanguage":"pt-BR","@id":"https:\/\/www.suno.com.br\/noticias\/#\/schema\/logo\/image\/","url":"https:\/\/files.sunoresearch.com.br\/n\/uploads\/2021\/09\/suno-logo.png","contentUrl":"https:\/\/files.sunoresearch.com.br\/n\/uploads\/2021\/09\/suno-logo.png","width":180,"height":180,"caption":"Suno Not\u00edcias"},"image":{"@id":"https:\/\/www.suno.com.br\/noticias\/#\/schema\/logo\/image\/"},"sameAs":["https:\/\/facebook.com\/sunoresearch","https:\/\/x.com\/sunoresearch","https:\/\/www.instagram.com\/suno","https:\/\/www.linkedin.com\/company\/suno-research\/","https:\/\/www.youtube.com\/c\/sunoresearch"]},{"@type":"Person","@id":"https:\/\/www.suno.com.br\/noticias\/#\/schema\/person\/02ec1f752758247878a2bf4abee1aeda","name":"Poliana Santos","image":{"@type":"ImageObject","inLanguage":"pt-BR","@id":"https:\/\/www.suno.com.br\/noticias\/#\/schema\/person\/image\/","url":"https:\/\/secure.gravatar.com\/avatar\/0645bd32f23d87b2130f2b2dff1d3f8d?s=96&r=g","contentUrl":"https:\/\/secure.gravatar.com\/avatar\/0645bd32f23d87b2130f2b2dff1d3f8d?s=96&r=g","caption":"Poliana Santos"},"description":"Rep\u00f3rter no Suno Not\u00edcias, com cobertura em mercado financeiro, economia, finan\u00e7as pessoais, renda fixa e varejo. Jornalista formada pela Faculdade C\u00e1sper L\u00edbero e possui passagem na R\u00e1dio Gazeta AM com a produ\u00e7\u00e3o de conte\u00fado sobre economia, pol\u00edtica, sa\u00fade, moda e m\u00fasica. Possui certificado de conclus\u00e3o do curso de An\u00e1lise de Balan\u00e7os pela Funda\u00e7\u00e3o Bradesco, Agenda Brasil pela FAAP, Educa\u00e7\u00e3o Pol\u00edtica por Alexandre Garcia e do Tesouro Direto e Mercado de A\u00e7\u00f5es pela B3.","url":"https:\/\/www.suno.com.br\/noticias\/author\/poliana-santos\/"}]}},"default_loop_html":"<div class=\"cardsPage__listCard__boxs\"><div class=\"cardsPage__listCard__boxs__img\"><a href=\"https:\/\/www.suno.com.br\/noticias\/marcopolo-pomo4-fabrica-no-rio-de-janeiro-sera-fechada\/\"><img class=\"mask\" src=\"https:\/\/www.suno.com.br\/noticias\/wp-content\/themes\/suno\/resources\/images\/spotlight\/spotlight1img\/bg-mask.png\" alt=\"Image Mask\"\/><img src=\"https:\/\/files.sunoresearch.com.br\/n\/uploads\/2019\/02\/e5b7b98b-marcopolo-400x200.webp\" alt=\"Marcopolo (POMO4): f\u00e1brica no Rio de Janeiro ser\u00e1 fechada\"\/><\/a><span class=\"spotlightCategory\"><a href=\"https:\/\/www.suno.com.br\/noticias\/negocios\/\">Neg\u00f3cios<\/a><\/span><\/div><div class=\"cardsPage__listCard__boxs__content\"><a href=\"https:\/\/www.suno.com.br\/noticias\/marcopolo-pomo4-fabrica-no-rio-de-janeiro-sera-fechada\/\"><h2 class=\"content__title\">Marcopolo (POMO4): f\u00e1brica no Rio de Janeiro ser\u00e1 fechada<\/h2><\/a><div class=\"newsContent__article__meta\"><div class=\"newsContent__article__meta__authorBox\"><a href=\"https:\/\/www.suno.com.br\/noticias\/author\/poliana-santos\/\" class=\"authorBox__avatar noMobi\"><img src=\"https:\/\/files.sunoresearch.com.br\/n\/uploads\/2020\/08\/7ef34026-whatsapp-image-2020-08-03-at-12.37.57-150x150.webp\" alt=\"Poliana Santos\"><\/a><div class=\"authorBox__name\"><span>por\n\t\t\t<a href=\"https:\/\/www.suno.com.br\/noticias\/author\/poliana-santos\/\"><span itemprop=\"author\">Poliana Santos<\/span><\/a><\/span><time datetime=\"2020-10-02T10:23:16-03:00\" itemprop=\"datePublished\">02\/10\/2020 10:23<\/time><\/div><\/div><\/div><\/div><\/div>","single_layout":"posts","amp_enabled":true,"_links":{"self":[{"href":"https:\/\/www.suno.com.br\/noticias\/wp-json\/wp\/v2\/posts\/89072"}],"collection":[{"href":"https:\/\/www.suno.com.br\/noticias\/wp-json\/wp\/v2\/posts"}],"about":[{"href":"https:\/\/www.suno.com.br\/noticias\/wp-json\/wp\/v2\/types\/post"}],"author":[{"embeddable":true,"href":"https:\/\/www.suno.com.br\/noticias\/wp-json\/wp\/v2\/users\/15"}],"replies":[{"embeddable":true,"href":"https:\/\/www.suno.com.br\/noticias\/wp-json\/wp\/v2\/comments?post=89072"}],"version-history":[{"count":0,"href":"https:\/\/www.suno.com.br\/noticias\/wp-json\/wp\/v2\/posts\/89072\/revisions"}],"wp:featuredmedia":[{"embeddable":true,"href":"https:\/\/www.suno.com.br\/noticias\/wp-json\/wp\/v2\/media\/16656"}],"wp:attachment":[{"href":"https:\/\/www.suno.com.br\/noticias\/wp-json\/wp\/v2\/media?parent=89072"}],"wp:term":[{"taxonomy":"category","embeddable":true,"href":"https:\/\/www.suno.com.br\/noticias\/wp-json\/wp\/v2\/categories?post=89072"},{"taxonomy":"post_tag","embeddable":true,"href":"https:\/\/www.suno.com.br\/noticias\/wp-json\/wp\/v2\/tags?post=89072"},{"taxonomy":"suno_strategy","embeddable":true,"href":"https:\/\/www.suno.com.br\/noticias\/wp-json\/wp\/v2\/suno_strategy?post=89072"}],"curies":[{"name":"wp","href":"https:\/\/api.w.org\/{rel}","templated":true}]}}