{"id":89017,"date":"2020-10-02T07:52:00","date_gmt":"2020-10-02T10:52:00","guid":{"rendered":"https:\/\/www.suno.com.br\/noticias\/?p=89017"},"modified":"2020-10-03T05:15:37","modified_gmt":"2020-10-03T08:15:37","slug":"notredame-intermedica-gndi3-compra-lifeday-por-r-170-milhoes","status":"publish","type":"post","link":"https:\/\/www.suno.com.br\/noticias\/notredame-intermedica-gndi3-compra-lifeday-por-r-170-milhoes\/","title":{"rendered":"NotreDame Interm\u00e9dica (GNDI3) compra Lifeday por R$ 70 milh\u00f5es"},"content":{"rendered":"<p>A <a href=\"https:\/\/www.suno.com.br\/acoes\/gndi3\/\"><strong>NotreDame Interm\u00e9dica<\/strong> (GNDI3)<\/a> comunicou ao mercado na \u00faltima quinta-feira (01) que celebrou um acordo de compra da<strong> Lifeday Planos de Sa\u00fade<\/strong>. O pre\u00e7o da aquisi\u00e7\u00e3o foi definido em R$ 70 milh\u00f5es.<\/p>\t<div class=\"wrapper-featured-image\">\n\t\t<figure class=\"spotlightImg\">\n\n\t\t\t<picture>\n\t\t\t\t<source media=\"(max-width: 768px)\" srcset=\"https:\/\/files.sunoresearch.com.br\/n\/uploads\/2020\/09\/03fec173-notredame-intermedica-300x300-1-jpg.webp\">\n\t\t\t\t<img loading=\"lazy\" decoding=\"async\" class=\"newsContent__article__imgCapa lazyloadDisabled \" src=\"https:\/\/files.sunoresearch.com.br\/n\/uploads\/2020\/09\/03fec173-notredame-intermedica-300x300-1-jpg.webp\" width=\"800\" height=\"450\" alt=\"NotreDame Interm\u00e9dica (GNDI3) compra Lifeday por R$ 70 milh\u00f5es\" fetchpriority=high \/>\n\t\t\t<\/picture>\n\n\t\t\t<figcaption class=\"wp-caption-text wp-caption-text--show\">Notre Dame Interm\u00e9dica (GNDI3) <\/figcaption>\n\t\t<\/figure>\n\t<\/div>\n\n\n<div class=\"hubspot-form-wrapper\">\n\t<div id=\"single-form-target\"><\/div>\n<\/div>\n\n<p>Com a conclus\u00e3o da transa\u00e7\u00e3o, a NotreDame passar\u00e1 a deter, de forma indireta, 100% das quotas da Lifeday. O valor da opera\u00e7\u00e3o de R$ 70 milh\u00f5es ser\u00e1 pago \u00e0 vista, em dinheiro, descontados o <a href=\"https:\/\/www.suno.com.br\/artigos\/divida-liquida-patrimonio-liquido\/\">endividamento l\u00edquido<\/a> e uma parcela retida para conting\u00eancias.<\/p>\n<p>A Lifeday possui uma carteira de aproximadamente 57 mil benefici\u00e1rios principalmente nos Estados de Santa Catarina e Rio de Grande do Sul, sendo 95,8% pertencentes \u00e0 categoria corporate.<\/p>\n<p><a href=\"https:\/\/lp.suno.com.br\/suno-one\/\">Suno One: acesse gratuitamente eBooks, Minicursos, Artigos e Video Aulas sobre investimentos com um \u00fanico cadastro. Clique para saber mais!<\/a><\/p>\n<p>A Lifeday apresentou, nos \u00faltimos doze meses com final em junho deste ano, um<a href=\"https:\/\/www.suno.com.br\/artigos\/lucro-liquido\/\"> faturamento l\u00edquido<\/a> de R$ 95 milh\u00f5es, com sinistralidade caixa de 82,5%. O plano de integra\u00e7\u00e3o prev\u00ea sinergias operacionais, administrativas e comerciais com as atuais opera\u00e7\u00f5es da NotreDame na regi\u00e3o sul do Pa\u00eds.<\/p>\n<p>A opera\u00e7\u00e3o est\u00e1 sujeita ao cumprimento de determinadas condi\u00e7\u00f5es precedentes, incluindo a aprova\u00e7\u00e3o da <strong>Ag\u00eancia Nacional de Sa\u00fade Suplementar (ANS)<\/strong>.<\/p>\n<p>&#8220;Com a transa\u00e7\u00e3o, a companhia demonstra a inten\u00e7\u00e3o em manter sua estrat\u00e9gia de crescimento na regi\u00e3o sul do Brasil, refor\u00e7ando seu compromisso com a cria\u00e7\u00e3o de valor para seus acionistas, clientes e sociedade&#8221;, informou o <a href=\"https:\/\/www.suno.com.br\/artigos\/fato-relevante\/\">fato relevante<\/a> da NotreDame.<\/p>\n<p>&#8220;A companhia esclarece que a transa\u00e7\u00e3o n\u00e3o est\u00e1 sujeita e, portanto, n\u00e3o ser\u00e1 submetida \u00e0 aprova\u00e7\u00e3o dos seus <a href=\"https:\/\/www.suno.com.br\/artigos\/acionista-controlador\/\">acionistas<\/a>&#8220;, concluiu.<\/p>\n<h2>NotreDame Interm\u00e9dica compra Medisanitas Brasil por R$ 1 bilh\u00e3o<\/h2>\n<p>O grupo <strong>Notre<\/strong><strong>Dame<\/strong> informou ao <a href=\"https:\/\/www.suno.com.br\/artigos\/fato-relevante\/\">mercado<\/a>, em agosto,\u00a0que comprou a OSI Brasil, controladora da Medisanitas Brasil, por R$ 1 bilh\u00e3o.<\/p>\n<p>Com a conclus\u00e3o da transa\u00e7\u00e3o, a companhia passar\u00e1 a deter, de forma indireta, 100% de cada uma das sociedades que comp\u00f5e o Grupo Medisanitas Brasil. O pre\u00e7o da aquisi\u00e7\u00e3o ser\u00e1 pago \u00e0 vista, acrescido do caixa l\u00edquido, sendo que R$ 100 milh\u00f5es ser\u00e3o destinados a &#8220;constitui\u00e7\u00e3o de uma conta garantia para conting\u00eancias futuras&#8221;, informou a NotreDame.<\/p>\n<p>&#8220;A transa\u00e7\u00e3o ser\u00e1 paga atrav\u00e9s de recursos pr\u00f3prios das controladas e linhas de cr\u00e9dito j\u00e1 alinhadas com institui\u00e7\u00f5es financeiras<\/p>\n\t<div data-element=\"shortcode-read-more\" class=\"knowMore\">\n\t\t\t\t<span class=\"knowMore__title\">Veja Tamb\u00e9m<\/span>\n\t\t\t\t<a class=\"knowMore__link\" href=\"https:\/\/www.suno.com.br\/noticias\/blackrock-diminui-participacao-acionaria-na-notredame-intermedica-gndi3\/\">\n\t\t\tBlackRock diminui participa\u00e7\u00e3o acion\u00e1ria na Notredame Interm\u00e9dica (GNDI3)\t\t<\/a>\n\t<\/div>\n\n\n<p>O grupo colombiano concentra suas opera\u00e7\u00f5es no Brasil mas atua nas seguintes localidades:<\/p>\n<ul>\n<li>Venezuela<\/li>\n<li>Col\u00f4mbia<\/li>\n<li>Peru<\/li>\n<li>M\u00e9xico<\/li>\n<li>Estados Unidos<\/li>\n<li>Europa<\/li>\n<li>Indon\u00e9sia<\/li>\n<li>Filipinas<\/li>\n<\/ul>\n<p>&#8220;Desde sua entrada em territ\u00f3rio brasileiro, em 2011, o Medisanitas vem se consolidando em uma posi\u00e7\u00e3o de destaque no mercado de sa\u00fade suplementar nacional, em especial Minas Gerais&#8221;. A conclus\u00e3o da transa\u00e7\u00e3o da <strong>NotreDame<\/strong> est\u00e1 sujeita ao cumprimento de determinadas condi\u00e7\u00f5es precedentes, incluindo a aprova\u00e7\u00e3o da ANS e do <a href=\"https:\/\/www.suno.com.br\/artigos\/cade\/\">Conselho Administrativo de Defesa Econ\u00f4mica (CADE)<\/a>.<\/p>\n\t<p>\n\t\t<a href=\"https:\/\/lp.suno.com.br\/planilha-de-controle-de-investimentos\/\" target=\"_blank\" data-element=\"shortcode-suno-banner\" title=\"Banner SUNO, clique e saiba mais\">\n\t\t\t<picture>\n\t\t\t\t<source media=\"(max-width: 500px)\" srcset=\"https:\/\/files.sunoresearch.com.br\/n\/uploads\/2023\/03\/400x300-Controle-de-Investimentos.png\">\n\t\t\t\t<img class=\"newsContent__article__imgCapa newsContent__article__imgCapa--banner\"\n\t\t\t\t\tsrc=\"https:\/\/files.sunoresearch.com.br\/n\/uploads\/2023\/03\/1420x240-Controle-de-Investimentos.png\"\n\t\t\t\t\tdata-promo-id=\"75934\"\t\t\t\t\t\t\t\t\t\twidth='1420' height='240'\t\t\t\t\talt=\"https:\/\/files.sunoresearch.com.br\/n\/uploads\/2023\/03\/1420x240-Controle-de-Investimentos.png\"\n\t\t\t\t>\n\t\t\t<\/picture>\n\t\t<\/a>\n\t<\/p>\n\n\n","protected":false},"excerpt":{"rendered":"<p>A NotreDame Interm\u00e9dica (GNDI3) comunicou ao mercado na \u00faltima quinta-feira (01) que celebrou um acordo de compra da Lifeday Planos de Sa\u00fade. O pre\u00e7o da aquisi\u00e7\u00e3o foi definido em R$ 70 milh\u00f5es. Notre Dame Interm\u00e9dica (GNDI3) Com a conclus\u00e3o da transa\u00e7\u00e3o, a NotreDame passar\u00e1 a deter, de forma indireta, 100% das quotas da Lifeday. O [&hellip;]<\/p>\n","protected":false},"author":15,"featured_media":82881,"comment_status":"closed","ping_status":"closed","sticky":false,"template":"","format":"standard","meta":[],"categories":[64],"tags":[512],"suno_strategy":[],"class_list":["post-89017","post","type-post","status-publish","format-standard","has-post-thumbnail","hentry","category-negocios","tag-notredame-intermedica-gndi3"],"yoast_head":"<!-- This site is optimized with the Yoast SEO plugin v24.4 - https:\/\/yoast.com\/wordpress\/plugins\/seo\/ -->\n<title>NotreDame Interm\u00e9dica (GNID3) compra Lifeday por R$ 70 milh\u00f5es<\/title>\n<meta name=\"description\" content=\"A NotreDame Interm\u00e9dica (GNID3) celebrou um acordo de compra da Lifeday Planos de Sa\u00fade por R$ 70 milh\u00f5es. Para saber mais clique aqui\" \/>\n<meta name=\"robots\" content=\"index, follow, max-snippet:-1, max-image-preview:large, max-video-preview:-1\" \/>\n<link rel=\"canonical\" href=\"https:\/\/www.suno.com.br\/noticias\/notredame-intermedica-gndi3-compra-lifeday-por-r-170-milhoes\/\" \/>\n<meta property=\"og:locale\" content=\"pt_BR\" \/>\n<meta property=\"og:type\" content=\"article\" \/>\n<meta property=\"og:title\" content=\"NotreDame Interm\u00e9dica (GNID3) compra Lifeday por R$ 70 milh\u00f5es\" \/>\n<meta property=\"og:description\" content=\"A NotreDame Interm\u00e9dica (GNID3) celebrou um acordo de compra da Lifeday Planos de Sa\u00fade por R$ 70 milh\u00f5es. Para saber mais clique aqui\" \/>\n<meta property=\"og:url\" content=\"https:\/\/www.suno.com.br\/noticias\/notredame-intermedica-gndi3-compra-lifeday-por-r-170-milhoes\/\" \/>\n<meta property=\"og:site_name\" content=\"Suno Not\u00edcias\" \/>\n<meta property=\"article:publisher\" content=\"https:\/\/facebook.com\/sunoresearch\" \/>\n<meta property=\"og:image\" content=\"https:\/\/files.sunoresearch.com.br\/n\/uploads\/2020\/09\/03fec173-notredame-intermedica-300x300-1.jpg\" \/>\n\t<meta property=\"og:image:width\" content=\"300\" \/>\n\t<meta property=\"og:image:height\" content=\"300\" \/>\n\t<meta property=\"og:image:type\" content=\"image\/jpeg\" \/>\n<meta name=\"author\" content=\"Poliana Santos\" \/>\n<meta name=\"twitter:card\" content=\"summary_large_image\" \/>\n<meta name=\"twitter:creator\" content=\"@sunoresearch\" \/>\n<meta name=\"twitter:site\" content=\"@sunoresearch\" \/>\n<meta name=\"twitter:label1\" content=\"Escrito por\" \/>\n\t<meta name=\"twitter:data1\" content=\"Poliana Santos\" \/>\n\t<meta name=\"twitter:label2\" content=\"Est. tempo de leitura\" \/>\n\t<meta name=\"twitter:data2\" content=\"2 minutos\" \/>\n<script type=\"application\/ld+json\" class=\"yoast-schema-graph\">{\"@context\":\"https:\/\/schema.org\",\"@graph\":[{\"@type\":\"NewsArticle\",\"@id\":\"https:\/\/www.suno.com.br\/noticias\/notredame-intermedica-gndi3-compra-lifeday-por-r-170-milhoes\/#article\",\"isPartOf\":{\"@id\":\"https:\/\/www.suno.com.br\/noticias\/notredame-intermedica-gndi3-compra-lifeday-por-r-170-milhoes\/\"},\"author\":{\"name\":\"Poliana Santos\",\"@id\":\"https:\/\/www.suno.com.br\/noticias\/#\/schema\/person\/02ec1f752758247878a2bf4abee1aeda\"},\"headline\":\"NotreDame Interm\u00e9dica (GNDI3) compra Lifeday por R$ 70 milh\u00f5es\",\"datePublished\":\"2020-10-02T10:52:00+00:00\",\"dateModified\":\"2020-10-03T08:15:37+00:00\",\"mainEntityOfPage\":{\"@id\":\"https:\/\/www.suno.com.br\/noticias\/notredame-intermedica-gndi3-compra-lifeday-por-r-170-milhoes\/\"},\"wordCount\":510,\"publisher\":{\"@id\":\"https:\/\/www.suno.com.br\/noticias\/#organization\"},\"image\":{\"@id\":\"https:\/\/www.suno.com.br\/noticias\/notredame-intermedica-gndi3-compra-lifeday-por-r-170-milhoes\/#primaryimage\"},\"thumbnailUrl\":\"https:\/\/files.sunoresearch.com.br\/n\/uploads\/2020\/09\/03fec173-notredame-intermedica-300x300-1-jpg.webp\",\"keywords\":[\"NotreDame Intermedica (GNDI3)\"],\"articleSection\":[\"Neg\u00f3cios\"],\"inLanguage\":\"pt-BR\"},{\"@type\":\"WebPage\",\"@id\":\"https:\/\/www.suno.com.br\/noticias\/notredame-intermedica-gndi3-compra-lifeday-por-r-170-milhoes\/\",\"url\":\"https:\/\/www.suno.com.br\/noticias\/notredame-intermedica-gndi3-compra-lifeday-por-r-170-milhoes\/\",\"name\":\"NotreDame Interm\u00e9dica (GNID3) compra Lifeday por R$ 70 milh\u00f5es\",\"isPartOf\":{\"@id\":\"https:\/\/www.suno.com.br\/noticias\/#website\"},\"primaryImageOfPage\":{\"@id\":\"https:\/\/www.suno.com.br\/noticias\/notredame-intermedica-gndi3-compra-lifeday-por-r-170-milhoes\/#primaryimage\"},\"image\":{\"@id\":\"https:\/\/www.suno.com.br\/noticias\/notredame-intermedica-gndi3-compra-lifeday-por-r-170-milhoes\/#primaryimage\"},\"thumbnailUrl\":\"https:\/\/files.sunoresearch.com.br\/n\/uploads\/2020\/09\/03fec173-notredame-intermedica-300x300-1-jpg.webp\",\"datePublished\":\"2020-10-02T10:52:00+00:00\",\"dateModified\":\"2020-10-03T08:15:37+00:00\",\"description\":\"A NotreDame Interm\u00e9dica (GNID3) celebrou um acordo de compra da Lifeday Planos de Sa\u00fade por R$ 70 milh\u00f5es. Para saber mais clique aqui\",\"breadcrumb\":{\"@id\":\"https:\/\/www.suno.com.br\/noticias\/notredame-intermedica-gndi3-compra-lifeday-por-r-170-milhoes\/#breadcrumb\"},\"inLanguage\":\"pt-BR\",\"potentialAction\":[{\"@type\":\"ReadAction\",\"target\":[\"https:\/\/www.suno.com.br\/noticias\/notredame-intermedica-gndi3-compra-lifeday-por-r-170-milhoes\/\"]}]},{\"@type\":\"ImageObject\",\"inLanguage\":\"pt-BR\",\"@id\":\"https:\/\/www.suno.com.br\/noticias\/notredame-intermedica-gndi3-compra-lifeday-por-r-170-milhoes\/#primaryimage\",\"url\":\"https:\/\/files.sunoresearch.com.br\/n\/uploads\/2020\/09\/03fec173-notredame-intermedica-300x300-1-jpg.webp\",\"contentUrl\":\"https:\/\/files.sunoresearch.com.br\/n\/uploads\/2020\/09\/03fec173-notredame-intermedica-300x300-1-jpg.webp\",\"width\":300,\"height\":300,\"caption\":\"Notre Dame Interm\u00e9dica (GNDI3)\"},{\"@type\":\"BreadcrumbList\",\"@id\":\"https:\/\/www.suno.com.br\/noticias\/notredame-intermedica-gndi3-compra-lifeday-por-r-170-milhoes\/#breadcrumb\",\"itemListElement\":[{\"@type\":\"ListItem\",\"position\":1,\"name\":\"Not\u00edcias\",\"item\":\"https:\/\/www.suno.com.br\/noticias\/\"},{\"@type\":\"ListItem\",\"position\":2,\"name\":\"Neg\u00f3cios\",\"item\":\"https:\/\/www.suno.com.br\/noticias\/negocios\/\"},{\"@type\":\"ListItem\",\"position\":3,\"name\":\"NotreDame Interm\u00e9dica (GNDI3) compra Lifeday por R$ 70 milh\u00f5es\"}]},{\"@type\":\"WebSite\",\"@id\":\"https:\/\/www.suno.com.br\/noticias\/#website\",\"url\":\"https:\/\/www.suno.com.br\/noticias\/\",\"name\":\"Suno Not\u00edcias\",\"description\":\"Seu portal de informa\u00e7\u00e3o sobre o mundo dos investimentos\",\"publisher\":{\"@id\":\"https:\/\/www.suno.com.br\/noticias\/#organization\"},\"potentialAction\":[{\"@type\":\"SearchAction\",\"target\":{\"@type\":\"EntryPoint\",\"urlTemplate\":\"https:\/\/www.suno.com.br\/noticias\/?s={search_term_string}\"},\"query-input\":{\"@type\":\"PropertyValueSpecification\",\"valueRequired\":true,\"valueName\":\"search_term_string\"}}],\"inLanguage\":\"pt-BR\"},{\"@type\":\"Organization\",\"@id\":\"https:\/\/www.suno.com.br\/noticias\/#organization\",\"name\":\"Suno Not\u00edcias\",\"url\":\"https:\/\/www.suno.com.br\/noticias\/\",\"logo\":{\"@type\":\"ImageObject\",\"inLanguage\":\"pt-BR\",\"@id\":\"https:\/\/www.suno.com.br\/noticias\/#\/schema\/logo\/image\/\",\"url\":\"https:\/\/files.sunoresearch.com.br\/n\/uploads\/2021\/09\/suno-logo.png\",\"contentUrl\":\"https:\/\/files.sunoresearch.com.br\/n\/uploads\/2021\/09\/suno-logo.png\",\"width\":180,\"height\":180,\"caption\":\"Suno Not\u00edcias\"},\"image\":{\"@id\":\"https:\/\/www.suno.com.br\/noticias\/#\/schema\/logo\/image\/\"},\"sameAs\":[\"https:\/\/facebook.com\/sunoresearch\",\"https:\/\/x.com\/sunoresearch\",\"https:\/\/www.instagram.com\/suno\",\"https:\/\/www.linkedin.com\/company\/suno-research\/\",\"https:\/\/www.youtube.com\/c\/sunoresearch\"]},{\"@type\":\"Person\",\"@id\":\"https:\/\/www.suno.com.br\/noticias\/#\/schema\/person\/02ec1f752758247878a2bf4abee1aeda\",\"name\":\"Poliana Santos\",\"image\":{\"@type\":\"ImageObject\",\"inLanguage\":\"pt-BR\",\"@id\":\"https:\/\/www.suno.com.br\/noticias\/#\/schema\/person\/image\/\",\"url\":\"https:\/\/secure.gravatar.com\/avatar\/0645bd32f23d87b2130f2b2dff1d3f8d?s=96&r=g\",\"contentUrl\":\"https:\/\/secure.gravatar.com\/avatar\/0645bd32f23d87b2130f2b2dff1d3f8d?s=96&r=g\",\"caption\":\"Poliana Santos\"},\"description\":\"Rep\u00f3rter no Suno Not\u00edcias, com cobertura em mercado financeiro, economia, finan\u00e7as pessoais, renda fixa e varejo. Jornalista formada pela Faculdade C\u00e1sper L\u00edbero e possui passagem na R\u00e1dio Gazeta AM com a produ\u00e7\u00e3o de conte\u00fado sobre economia, pol\u00edtica, sa\u00fade, moda e m\u00fasica. Possui certificado de conclus\u00e3o do curso de An\u00e1lise de Balan\u00e7os pela Funda\u00e7\u00e3o Bradesco, Agenda Brasil pela FAAP, Educa\u00e7\u00e3o Pol\u00edtica por Alexandre Garcia e do Tesouro Direto e Mercado de A\u00e7\u00f5es pela B3.\",\"url\":\"https:\/\/www.suno.com.br\/noticias\/author\/poliana-santos\/\"}]}<\/script>\n<!-- \/ Yoast SEO plugin. -->","yoast_head_json":{"title":"NotreDame Interm\u00e9dica (GNID3) compra Lifeday por R$ 70 milh\u00f5es","description":"A NotreDame Interm\u00e9dica (GNID3) celebrou um acordo de compra da Lifeday Planos de Sa\u00fade por R$ 70 milh\u00f5es. Para saber mais clique aqui","robots":{"index":"index","follow":"follow","max-snippet":"max-snippet:-1","max-image-preview":"max-image-preview:large","max-video-preview":"max-video-preview:-1"},"canonical":"https:\/\/www.suno.com.br\/noticias\/notredame-intermedica-gndi3-compra-lifeday-por-r-170-milhoes\/","og_locale":"pt_BR","og_type":"article","og_title":"NotreDame Interm\u00e9dica (GNID3) compra Lifeday por R$ 70 milh\u00f5es","og_description":"A NotreDame Interm\u00e9dica (GNID3) celebrou um acordo de compra da Lifeday Planos de Sa\u00fade por R$ 70 milh\u00f5es. Para saber mais clique aqui","og_url":"https:\/\/www.suno.com.br\/noticias\/notredame-intermedica-gndi3-compra-lifeday-por-r-170-milhoes\/","og_site_name":"Suno Not\u00edcias","article_publisher":"https:\/\/facebook.com\/sunoresearch","og_image":[{"width":300,"height":300,"url":"https:\/\/files.sunoresearch.com.br\/n\/uploads\/2020\/09\/03fec173-notredame-intermedica-300x300-1.jpg","type":"image\/jpeg"}],"author":"Poliana Santos","twitter_card":"summary_large_image","twitter_creator":"@sunoresearch","twitter_site":"@sunoresearch","twitter_misc":{"Escrito por":"Poliana Santos","Est. tempo de leitura":"2 minutos"},"schema":{"@context":"https:\/\/schema.org","@graph":[{"@type":"NewsArticle","@id":"https:\/\/www.suno.com.br\/noticias\/notredame-intermedica-gndi3-compra-lifeday-por-r-170-milhoes\/#article","isPartOf":{"@id":"https:\/\/www.suno.com.br\/noticias\/notredame-intermedica-gndi3-compra-lifeday-por-r-170-milhoes\/"},"author":{"name":"Poliana Santos","@id":"https:\/\/www.suno.com.br\/noticias\/#\/schema\/person\/02ec1f752758247878a2bf4abee1aeda"},"headline":"NotreDame Interm\u00e9dica (GNDI3) compra Lifeday por R$ 70 milh\u00f5es","datePublished":"2020-10-02T10:52:00+00:00","dateModified":"2020-10-03T08:15:37+00:00","mainEntityOfPage":{"@id":"https:\/\/www.suno.com.br\/noticias\/notredame-intermedica-gndi3-compra-lifeday-por-r-170-milhoes\/"},"wordCount":510,"publisher":{"@id":"https:\/\/www.suno.com.br\/noticias\/#organization"},"image":{"@id":"https:\/\/www.suno.com.br\/noticias\/notredame-intermedica-gndi3-compra-lifeday-por-r-170-milhoes\/#primaryimage"},"thumbnailUrl":"https:\/\/files.sunoresearch.com.br\/n\/uploads\/2020\/09\/03fec173-notredame-intermedica-300x300-1-jpg.webp","keywords":["NotreDame Intermedica (GNDI3)"],"articleSection":["Neg\u00f3cios"],"inLanguage":"pt-BR"},{"@type":"WebPage","@id":"https:\/\/www.suno.com.br\/noticias\/notredame-intermedica-gndi3-compra-lifeday-por-r-170-milhoes\/","url":"https:\/\/www.suno.com.br\/noticias\/notredame-intermedica-gndi3-compra-lifeday-por-r-170-milhoes\/","name":"NotreDame Interm\u00e9dica (GNID3) compra Lifeday por R$ 70 milh\u00f5es","isPartOf":{"@id":"https:\/\/www.suno.com.br\/noticias\/#website"},"primaryImageOfPage":{"@id":"https:\/\/www.suno.com.br\/noticias\/notredame-intermedica-gndi3-compra-lifeday-por-r-170-milhoes\/#primaryimage"},"image":{"@id":"https:\/\/www.suno.com.br\/noticias\/notredame-intermedica-gndi3-compra-lifeday-por-r-170-milhoes\/#primaryimage"},"thumbnailUrl":"https:\/\/files.sunoresearch.com.br\/n\/uploads\/2020\/09\/03fec173-notredame-intermedica-300x300-1-jpg.webp","datePublished":"2020-10-02T10:52:00+00:00","dateModified":"2020-10-03T08:15:37+00:00","description":"A NotreDame Interm\u00e9dica (GNID3) celebrou um acordo de compra da Lifeday Planos de Sa\u00fade por R$ 70 milh\u00f5es. Para saber mais clique aqui","breadcrumb":{"@id":"https:\/\/www.suno.com.br\/noticias\/notredame-intermedica-gndi3-compra-lifeday-por-r-170-milhoes\/#breadcrumb"},"inLanguage":"pt-BR","potentialAction":[{"@type":"ReadAction","target":["https:\/\/www.suno.com.br\/noticias\/notredame-intermedica-gndi3-compra-lifeday-por-r-170-milhoes\/"]}]},{"@type":"ImageObject","inLanguage":"pt-BR","@id":"https:\/\/www.suno.com.br\/noticias\/notredame-intermedica-gndi3-compra-lifeday-por-r-170-milhoes\/#primaryimage","url":"https:\/\/files.sunoresearch.com.br\/n\/uploads\/2020\/09\/03fec173-notredame-intermedica-300x300-1-jpg.webp","contentUrl":"https:\/\/files.sunoresearch.com.br\/n\/uploads\/2020\/09\/03fec173-notredame-intermedica-300x300-1-jpg.webp","width":300,"height":300,"caption":"Notre Dame Interm\u00e9dica (GNDI3)"},{"@type":"BreadcrumbList","@id":"https:\/\/www.suno.com.br\/noticias\/notredame-intermedica-gndi3-compra-lifeday-por-r-170-milhoes\/#breadcrumb","itemListElement":[{"@type":"ListItem","position":1,"name":"Not\u00edcias","item":"https:\/\/www.suno.com.br\/noticias\/"},{"@type":"ListItem","position":2,"name":"Neg\u00f3cios","item":"https:\/\/www.suno.com.br\/noticias\/negocios\/"},{"@type":"ListItem","position":3,"name":"NotreDame Interm\u00e9dica (GNDI3) compra Lifeday por R$ 70 milh\u00f5es"}]},{"@type":"WebSite","@id":"https:\/\/www.suno.com.br\/noticias\/#website","url":"https:\/\/www.suno.com.br\/noticias\/","name":"Suno Not\u00edcias","description":"Seu portal de informa\u00e7\u00e3o sobre o mundo dos investimentos","publisher":{"@id":"https:\/\/www.suno.com.br\/noticias\/#organization"},"potentialAction":[{"@type":"SearchAction","target":{"@type":"EntryPoint","urlTemplate":"https:\/\/www.suno.com.br\/noticias\/?s={search_term_string}"},"query-input":{"@type":"PropertyValueSpecification","valueRequired":true,"valueName":"search_term_string"}}],"inLanguage":"pt-BR"},{"@type":"Organization","@id":"https:\/\/www.suno.com.br\/noticias\/#organization","name":"Suno Not\u00edcias","url":"https:\/\/www.suno.com.br\/noticias\/","logo":{"@type":"ImageObject","inLanguage":"pt-BR","@id":"https:\/\/www.suno.com.br\/noticias\/#\/schema\/logo\/image\/","url":"https:\/\/files.sunoresearch.com.br\/n\/uploads\/2021\/09\/suno-logo.png","contentUrl":"https:\/\/files.sunoresearch.com.br\/n\/uploads\/2021\/09\/suno-logo.png","width":180,"height":180,"caption":"Suno Not\u00edcias"},"image":{"@id":"https:\/\/www.suno.com.br\/noticias\/#\/schema\/logo\/image\/"},"sameAs":["https:\/\/facebook.com\/sunoresearch","https:\/\/x.com\/sunoresearch","https:\/\/www.instagram.com\/suno","https:\/\/www.linkedin.com\/company\/suno-research\/","https:\/\/www.youtube.com\/c\/sunoresearch"]},{"@type":"Person","@id":"https:\/\/www.suno.com.br\/noticias\/#\/schema\/person\/02ec1f752758247878a2bf4abee1aeda","name":"Poliana Santos","image":{"@type":"ImageObject","inLanguage":"pt-BR","@id":"https:\/\/www.suno.com.br\/noticias\/#\/schema\/person\/image\/","url":"https:\/\/secure.gravatar.com\/avatar\/0645bd32f23d87b2130f2b2dff1d3f8d?s=96&r=g","contentUrl":"https:\/\/secure.gravatar.com\/avatar\/0645bd32f23d87b2130f2b2dff1d3f8d?s=96&r=g","caption":"Poliana Santos"},"description":"Rep\u00f3rter no Suno Not\u00edcias, com cobertura em mercado financeiro, economia, finan\u00e7as pessoais, renda fixa e varejo. Jornalista formada pela Faculdade C\u00e1sper L\u00edbero e possui passagem na R\u00e1dio Gazeta AM com a produ\u00e7\u00e3o de conte\u00fado sobre economia, pol\u00edtica, sa\u00fade, moda e m\u00fasica. Possui certificado de conclus\u00e3o do curso de An\u00e1lise de Balan\u00e7os pela Funda\u00e7\u00e3o Bradesco, Agenda Brasil pela FAAP, Educa\u00e7\u00e3o Pol\u00edtica por Alexandre Garcia e do Tesouro Direto e Mercado de A\u00e7\u00f5es pela B3.","url":"https:\/\/www.suno.com.br\/noticias\/author\/poliana-santos\/"}]}},"default_loop_html":"<div class=\"cardsPage__listCard__boxs\"><div class=\"cardsPage__listCard__boxs__img\"><a href=\"https:\/\/www.suno.com.br\/noticias\/notredame-intermedica-gndi3-compra-lifeday-por-r-170-milhoes\/\"><img class=\"mask\" src=\"https:\/\/www.suno.com.br\/noticias\/wp-content\/themes\/suno\/resources\/images\/spotlight\/spotlight1img\/bg-mask.png\" alt=\"Image Mask\"\/><img src=\"https:\/\/files.sunoresearch.com.br\/n\/uploads\/2020\/09\/03fec173-notredame-intermedica-300x300-1-jpg.webp\" alt=\"NotreDame Interm\u00e9dica (GNDI3) compra Lifeday por R$ 70 milh\u00f5es\"\/><\/a><span class=\"spotlightCategory\"><a href=\"https:\/\/www.suno.com.br\/noticias\/negocios\/\">Neg\u00f3cios<\/a><\/span><\/div><div class=\"cardsPage__listCard__boxs__content\"><a href=\"https:\/\/www.suno.com.br\/noticias\/notredame-intermedica-gndi3-compra-lifeday-por-r-170-milhoes\/\"><h2 class=\"content__title\">NotreDame Interm\u00e9dica (GNDI3) compra Lifeday por R$ 70 milh\u00f5es<\/h2><\/a><div class=\"newsContent__article__meta\"><div class=\"newsContent__article__meta__authorBox\"><a href=\"https:\/\/www.suno.com.br\/noticias\/author\/poliana-santos\/\" class=\"authorBox__avatar noMobi\"><img src=\"https:\/\/files.sunoresearch.com.br\/n\/uploads\/2020\/08\/7ef34026-whatsapp-image-2020-08-03-at-12.37.57-150x150.webp\" alt=\"Poliana Santos\"><\/a><div class=\"authorBox__name\"><span>por\n\t\t\t<a href=\"https:\/\/www.suno.com.br\/noticias\/author\/poliana-santos\/\"><span itemprop=\"author\">Poliana Santos<\/span><\/a><\/span><time datetime=\"2020-10-02T07:52:00-03:00\" itemprop=\"datePublished\">02\/10\/2020 07:52<\/time><\/div><\/div><\/div><\/div><\/div>","single_layout":"posts","amp_enabled":true,"_links":{"self":[{"href":"https:\/\/www.suno.com.br\/noticias\/wp-json\/wp\/v2\/posts\/89017"}],"collection":[{"href":"https:\/\/www.suno.com.br\/noticias\/wp-json\/wp\/v2\/posts"}],"about":[{"href":"https:\/\/www.suno.com.br\/noticias\/wp-json\/wp\/v2\/types\/post"}],"author":[{"embeddable":true,"href":"https:\/\/www.suno.com.br\/noticias\/wp-json\/wp\/v2\/users\/15"}],"replies":[{"embeddable":true,"href":"https:\/\/www.suno.com.br\/noticias\/wp-json\/wp\/v2\/comments?post=89017"}],"version-history":[{"count":0,"href":"https:\/\/www.suno.com.br\/noticias\/wp-json\/wp\/v2\/posts\/89017\/revisions"}],"wp:featuredmedia":[{"embeddable":true,"href":"https:\/\/www.suno.com.br\/noticias\/wp-json\/wp\/v2\/media\/82881"}],"wp:attachment":[{"href":"https:\/\/www.suno.com.br\/noticias\/wp-json\/wp\/v2\/media?parent=89017"}],"wp:term":[{"taxonomy":"category","embeddable":true,"href":"https:\/\/www.suno.com.br\/noticias\/wp-json\/wp\/v2\/categories?post=89017"},{"taxonomy":"post_tag","embeddable":true,"href":"https:\/\/www.suno.com.br\/noticias\/wp-json\/wp\/v2\/tags?post=89017"},{"taxonomy":"suno_strategy","embeddable":true,"href":"https:\/\/www.suno.com.br\/noticias\/wp-json\/wp\/v2\/suno_strategy?post=89017"}],"curies":[{"name":"wp","href":"https:\/\/api.w.org\/{rel}","templated":true}]}}