{"id":89016,"date":"2020-10-02T07:37:05","date_gmt":"2020-10-02T10:37:05","guid":{"rendered":"https:\/\/www.suno.com.br\/noticias\/?p=89016"},"modified":"2021-06-13T23:33:16","modified_gmt":"2021-06-14T02:33:16","slug":"donald-trump-covid-19-indices-futuros-caem","status":"publish","type":"post","link":"https:\/\/www.suno.com.br\/noticias\/donald-trump-covid-19-indices-futuros-caem\/","title":{"rendered":"Donald Trump afirma estar com Covid-19; \u00edndices futuros dos EUA caem"},"content":{"rendered":"<p>O presidente <strong>Donald<\/strong> <strong>Trump<\/strong> comunicou, durante a madrugada desta sexta-feira (2), que testou positivo para o novo <a href=\"https:\/\/www.suno.com.br\/noticias\/tags\/covid-19\/\">coronav\u00edrus (Covid-19)<\/a>. O an\u00fancio foi feito por meio de um post nas redes sociais. A mulher do presidente norte-americano, Melania Trump, tamb\u00e9m testou positivo. Os \u00edndices futuros dos EUA caem mais de 1% ap\u00f3s a not\u00edcia.<\/p>\t<div class=\"wrapper-featured-image\">\n\t\t<figure class=\"spotlightImg\">\n\n\t\t\t<picture>\n\t\t\t\t<source media=\"(max-width: 768px)\" srcset=\"https:\/\/files.sunoresearch.com.br\/n\/uploads\/2020\/08\/708a29f0-coronav\u00edrus-donald-trump-400x200.webp\">\n\t\t\t\t<img loading=\"lazy\" decoding=\"async\" class=\"newsContent__article__imgCapa lazyloadDisabled \" src=\"https:\/\/files.sunoresearch.com.br\/n\/uploads\/2020\/08\/708a29f0-coronav\u00edrus-donald-trump-800x450.webp\" width=\"800\" height=\"450\" alt=\"Donald Trump afirma estar com Covid-19; \u00edndices futuros dos EUA caem\" fetchpriority=high \/>\n\t\t\t<\/picture>\n\n\t\t\t<figcaption class=\"wp-caption-text wp-caption-text--show\">Donald Trump tem sido alvo de cr\u00edticas por sua postura em rela\u00e7\u00e3o ao coronav\u00edrus. (Foto: divulga\u00e7\u00e3o)<\/figcaption>\n\t\t<\/figure>\n\t<\/div>\n\n\n<div class=\"hubspot-form-wrapper\">\n\t<div id=\"single-form-target\"><\/div>\n<\/div>\n\n<p>Por volta das 6h16, os futuros do S&amp;P 500 registravam queda de 1,84% depois do an\u00fancio do presidente Donald Trump. O &#8220;<a href=\"https:\/\/www.suno.com.br\/artigos\/nasdaq\/\">Nasdaq<\/a> Futures&#8221; ca\u00eda 2,38% perto das 6h18 e o <strong><a href=\"https:\/\/www.suno.com.br\/artigos\/indice-dow-jones-djia\/\">Dow Jones<\/a><\/strong> tinha queda de 1,70%. A not\u00edcia n\u00e3o mexeu apenas com o mercado norte-americano. As bolsas europeias tamb\u00e9m operam em queda, com o <strong>Dax<\/strong> (da Alemanha) caindo 1,19%, o <strong>FTSE<\/strong> contraindo 1,06% e o <strong>CAC<\/strong> com queda de 1,02%.<\/p>\n<p>Confira o an\u00fancio feito pelo presidente Donald Trump em sua rede social: &#8220;Esta noite, Melania e eu testamos positivo para covid-19. Come\u00e7aremos nosso processo de quarentena e recupera\u00e7\u00e3o imediatamente. Vamos superar isso juntos&#8221;, afirmou Trump.<\/p>\n<p><a href=\"https:\/\/lp.suno.com.br\/suno-one\/\">Suno One: acesse gratuitamente eBooks, Minicursos, Artigos e Video Aulas sobre investimentos com um \u00fanico cadastro. Clique para saber mais!<\/a><\/p>\n<p>Em sua p\u00e1gina, a esposa do presidente norte-americano assegurou que os dois passam bem, apesar de terem contra\u00eddo o v\u00edrus. &#8220;Como muitos americanos fizeram este ano, Donald <a href=\"https:\/\/www.suno.com.br\/tudo-sobre\/donald-trump\/\"><strong>Trump<\/strong> <\/a>e eu estamos em quarentena em casa ap\u00f3s teste positivo para covid-19. Estamos nos sentindo bem e adiei todos os pr\u00f3ximos compromissos. Por favor, certifique-se de que voc\u00ea est\u00e1 ficando seguro e todos n\u00f3s passaremos por isso juntos&#8221;, escreveu Melania Trump.<\/p>\n<p>Donald Trump comunicou na noite da \u00faltima quinta-feira (1)\u00a0 que havia realizado um teste de covid-19. Isso porque uma de suas assessoras, Hope Hicks, testou positivo para o v\u00edrus. Hicks \u00e9 uma das principais conselheiras do mandat\u00e1rio norte-americano e est\u00e1 sempre por perto do mandat\u00e1rio. A assessora, inclusive, estava nas \u00faltimas duas viagens de Trump, realizadas no in\u00edcio desta semana, no mesmo avi\u00e3o que o presidente.<\/p>\n<h2>Coronav\u00edrus nos EUA<\/h2>\n<p>Os Estados Unidos possuem 7,2 milh\u00f5es de casos e 207 mil mortes por coronav\u00edrus at\u00e9 o momento, de acordo com dados da Universidade Johns Hopkins. Atr\u00e1s do pa\u00eds de <strong>Donald<\/strong> <strong>Trump<\/strong> est\u00e3o a \u00cdndia, com 6,3 milh\u00f5es de casos, e o Brasil, com 4.8 milh\u00f5es.<\/p>\n\t<p>\n\t\t<a href=\"https:\/\/lp.suno.com.br\/planilha-de-controle-de-investimentos\/\" target=\"_blank\" data-element=\"shortcode-suno-banner\" title=\"Banner SUNO, clique e saiba mais\">\n\t\t\t<picture>\n\t\t\t\t<source media=\"(max-width: 500px)\" srcset=\"https:\/\/files.sunoresearch.com.br\/n\/uploads\/2023\/03\/400x300-Controle-de-Investimentos.png\">\n\t\t\t\t<img class=\"newsContent__article__imgCapa newsContent__article__imgCapa--banner\"\n\t\t\t\t\tsrc=\"https:\/\/files.sunoresearch.com.br\/n\/uploads\/2023\/03\/1420x240-Controle-de-Investimentos.png\"\n\t\t\t\t\tdata-promo-id=\"75934\"\t\t\t\t\t\t\t\t\t\twidth='1420' height='240'\t\t\t\t\talt=\"https:\/\/files.sunoresearch.com.br\/n\/uploads\/2023\/03\/1420x240-Controle-de-Investimentos.png\"\n\t\t\t\t>\n\t\t\t<\/picture>\n\t\t<\/a>\n\t<\/p>\n\n\n","protected":false},"excerpt":{"rendered":"<p>O presidente Donald Trump comunicou, durante a madrugada desta sexta-feira (2), que testou positivo para o novo coronav\u00edrus (Covid-19). O an\u00fancio foi feito por meio de um post nas redes sociais. A mulher do presidente norte-americano, Melania Trump, tamb\u00e9m testou positivo. Os \u00edndices futuros dos EUA caem mais de 1% ap\u00f3s a not\u00edcia. Donald Trump [&hellip;]<\/p>\n","protected":false},"author":19,"featured_media":76806,"comment_status":"closed","ping_status":"closed","sticky":false,"template":"","format":"standard","meta":[],"categories":[63],"tags":[724,793],"suno_strategy":[],"class_list":["post-89016","post","type-post","status-publish","format-standard","has-post-thumbnail","hentry","category-internacional","tag-donald-trump","tag-estados-unidos-eua"],"yoast_head":"<!-- This site is optimized with the Yoast SEO plugin v24.4 - https:\/\/yoast.com\/wordpress\/plugins\/seo\/ -->\n<title>Donald Trump afirma estar com Covid-19; \u00edndices futuros dos EUA caem<\/title>\n<meta name=\"description\" content=\"O presidente Donald Trump comunicou, durante a madrugada desta sexta-feira (2), que testou positivo para o novo coronav\u00edrus (Covid-19).\" \/>\n<meta name=\"robots\" content=\"index, follow, max-snippet:-1, max-image-preview:large, max-video-preview:-1\" \/>\n<link rel=\"canonical\" href=\"https:\/\/www.suno.com.br\/noticias\/donald-trump-covid-19-indices-futuros-caem\/\" \/>\n<meta property=\"og:locale\" content=\"pt_BR\" \/>\n<meta property=\"og:type\" content=\"article\" \/>\n<meta property=\"og:title\" content=\"Donald Trump afirma estar com Covid-19; \u00edndices futuros dos EUA caem\" \/>\n<meta property=\"og:description\" content=\"O presidente Donald Trump comunicou, durante a madrugada desta sexta-feira (2), que testou positivo para o novo coronav\u00edrus (Covid-19).\" \/>\n<meta property=\"og:url\" content=\"https:\/\/www.suno.com.br\/noticias\/donald-trump-covid-19-indices-futuros-caem\/\" \/>\n<meta property=\"og:site_name\" content=\"Suno Not\u00edcias\" \/>\n<meta property=\"article:publisher\" content=\"https:\/\/facebook.com\/sunoresearch\" \/>\n<meta property=\"og:image\" content=\"https:\/\/files.sunoresearch.com.br\/n\/uploads\/2020\/08\/708a29f0-coronav\u00edrus-donald-trump.jpg\" \/>\n\t<meta property=\"og:image:width\" content=\"868\" \/>\n\t<meta property=\"og:image:height\" content=\"644\" \/>\n\t<meta property=\"og:image:type\" content=\"image\/jpeg\" \/>\n<meta name=\"author\" content=\"Juliano Passaro\" \/>\n<meta name=\"twitter:card\" content=\"summary_large_image\" \/>\n<meta name=\"twitter:creator\" content=\"@sunoresearch\" \/>\n<meta name=\"twitter:site\" content=\"@sunoresearch\" \/>\n<meta name=\"twitter:label1\" content=\"Escrito por\" \/>\n\t<meta name=\"twitter:data1\" content=\"Juliano Passaro\" \/>\n\t<meta name=\"twitter:label2\" content=\"Est. tempo de leitura\" \/>\n\t<meta name=\"twitter:data2\" content=\"2 minutos\" \/>\n<script type=\"application\/ld+json\" class=\"yoast-schema-graph\">{\"@context\":\"https:\/\/schema.org\",\"@graph\":[{\"@type\":\"NewsArticle\",\"@id\":\"https:\/\/www.suno.com.br\/noticias\/donald-trump-covid-19-indices-futuros-caem\/#article\",\"isPartOf\":{\"@id\":\"https:\/\/www.suno.com.br\/noticias\/donald-trump-covid-19-indices-futuros-caem\/\"},\"author\":{\"name\":\"Juliano Passaro\",\"@id\":\"https:\/\/www.suno.com.br\/noticias\/#\/schema\/person\/1db762f78ffd8919a648a63e425953e3\"},\"headline\":\"Donald Trump afirma estar com Covid-19; \u00edndices futuros dos EUA caem\",\"datePublished\":\"2020-10-02T10:37:05+00:00\",\"dateModified\":\"2021-06-14T02:33:16+00:00\",\"mainEntityOfPage\":{\"@id\":\"https:\/\/www.suno.com.br\/noticias\/donald-trump-covid-19-indices-futuros-caem\/\"},\"wordCount\":407,\"publisher\":{\"@id\":\"https:\/\/www.suno.com.br\/noticias\/#organization\"},\"image\":{\"@id\":\"https:\/\/www.suno.com.br\/noticias\/donald-trump-covid-19-indices-futuros-caem\/#primaryimage\"},\"thumbnailUrl\":\"https:\/\/files.sunoresearch.com.br\/n\/uploads\/2020\/08\/708a29f0-coronav\u00edrus-donald-trump-jpg.webp\",\"keywords\":[\"Donald Trump\",\"Estados Unidos (EUA)\"],\"articleSection\":[\"Internacional\"],\"inLanguage\":\"pt-BR\"},{\"@type\":\"WebPage\",\"@id\":\"https:\/\/www.suno.com.br\/noticias\/donald-trump-covid-19-indices-futuros-caem\/\",\"url\":\"https:\/\/www.suno.com.br\/noticias\/donald-trump-covid-19-indices-futuros-caem\/\",\"name\":\"Donald Trump afirma estar com Covid-19; \u00edndices futuros dos EUA caem\",\"isPartOf\":{\"@id\":\"https:\/\/www.suno.com.br\/noticias\/#website\"},\"primaryImageOfPage\":{\"@id\":\"https:\/\/www.suno.com.br\/noticias\/donald-trump-covid-19-indices-futuros-caem\/#primaryimage\"},\"image\":{\"@id\":\"https:\/\/www.suno.com.br\/noticias\/donald-trump-covid-19-indices-futuros-caem\/#primaryimage\"},\"thumbnailUrl\":\"https:\/\/files.sunoresearch.com.br\/n\/uploads\/2020\/08\/708a29f0-coronav\u00edrus-donald-trump-jpg.webp\",\"datePublished\":\"2020-10-02T10:37:05+00:00\",\"dateModified\":\"2021-06-14T02:33:16+00:00\",\"description\":\"O presidente Donald Trump comunicou, durante a madrugada desta sexta-feira (2), que testou positivo para o novo coronav\u00edrus (Covid-19).\",\"breadcrumb\":{\"@id\":\"https:\/\/www.suno.com.br\/noticias\/donald-trump-covid-19-indices-futuros-caem\/#breadcrumb\"},\"inLanguage\":\"pt-BR\",\"potentialAction\":[{\"@type\":\"ReadAction\",\"target\":[\"https:\/\/www.suno.com.br\/noticias\/donald-trump-covid-19-indices-futuros-caem\/\"]}]},{\"@type\":\"ImageObject\",\"inLanguage\":\"pt-BR\",\"@id\":\"https:\/\/www.suno.com.br\/noticias\/donald-trump-covid-19-indices-futuros-caem\/#primaryimage\",\"url\":\"https:\/\/files.sunoresearch.com.br\/n\/uploads\/2020\/08\/708a29f0-coronav\u00edrus-donald-trump-jpg.webp\",\"contentUrl\":\"https:\/\/files.sunoresearch.com.br\/n\/uploads\/2020\/08\/708a29f0-coronav\u00edrus-donald-trump-jpg.webp\",\"width\":868,\"height\":644,\"caption\":\"Donald Trump tem sido alvo de cr\u00edticas por sua postura em rela\u00e7\u00e3o ao coronav\u00edrus. (Foto: divulga\u00e7\u00e3o)\"},{\"@type\":\"BreadcrumbList\",\"@id\":\"https:\/\/www.suno.com.br\/noticias\/donald-trump-covid-19-indices-futuros-caem\/#breadcrumb\",\"itemListElement\":[{\"@type\":\"ListItem\",\"position\":1,\"name\":\"Not\u00edcias\",\"item\":\"https:\/\/www.suno.com.br\/noticias\/\"},{\"@type\":\"ListItem\",\"position\":2,\"name\":\"Internacional\",\"item\":\"https:\/\/www.suno.com.br\/noticias\/internacional\/\"},{\"@type\":\"ListItem\",\"position\":3,\"name\":\"Donald Trump afirma estar com Covid-19; \u00edndices futuros dos EUA caem\"}]},{\"@type\":\"WebSite\",\"@id\":\"https:\/\/www.suno.com.br\/noticias\/#website\",\"url\":\"https:\/\/www.suno.com.br\/noticias\/\",\"name\":\"Suno Not\u00edcias\",\"description\":\"Seu portal de informa\u00e7\u00e3o sobre o mundo dos investimentos\",\"publisher\":{\"@id\":\"https:\/\/www.suno.com.br\/noticias\/#organization\"},\"potentialAction\":[{\"@type\":\"SearchAction\",\"target\":{\"@type\":\"EntryPoint\",\"urlTemplate\":\"https:\/\/www.suno.com.br\/noticias\/?s={search_term_string}\"},\"query-input\":{\"@type\":\"PropertyValueSpecification\",\"valueRequired\":true,\"valueName\":\"search_term_string\"}}],\"inLanguage\":\"pt-BR\"},{\"@type\":\"Organization\",\"@id\":\"https:\/\/www.suno.com.br\/noticias\/#organization\",\"name\":\"Suno Not\u00edcias\",\"url\":\"https:\/\/www.suno.com.br\/noticias\/\",\"logo\":{\"@type\":\"ImageObject\",\"inLanguage\":\"pt-BR\",\"@id\":\"https:\/\/www.suno.com.br\/noticias\/#\/schema\/logo\/image\/\",\"url\":\"https:\/\/files.sunoresearch.com.br\/n\/uploads\/2021\/09\/suno-logo.png\",\"contentUrl\":\"https:\/\/files.sunoresearch.com.br\/n\/uploads\/2021\/09\/suno-logo.png\",\"width\":180,\"height\":180,\"caption\":\"Suno Not\u00edcias\"},\"image\":{\"@id\":\"https:\/\/www.suno.com.br\/noticias\/#\/schema\/logo\/image\/\"},\"sameAs\":[\"https:\/\/facebook.com\/sunoresearch\",\"https:\/\/x.com\/sunoresearch\",\"https:\/\/www.instagram.com\/suno\",\"https:\/\/www.linkedin.com\/company\/suno-research\/\",\"https:\/\/www.youtube.com\/c\/sunoresearch\"]},{\"@type\":\"Person\",\"@id\":\"https:\/\/www.suno.com.br\/noticias\/#\/schema\/person\/1db762f78ffd8919a648a63e425953e3\",\"name\":\"Juliano Passaro\",\"image\":{\"@type\":\"ImageObject\",\"inLanguage\":\"pt-BR\",\"@id\":\"https:\/\/www.suno.com.br\/noticias\/#\/schema\/person\/image\/\",\"url\":\"https:\/\/secure.gravatar.com\/avatar\/743d4df28eebf6dcc46b4ad03c319e92?s=96&r=g\",\"contentUrl\":\"https:\/\/secure.gravatar.com\/avatar\/743d4df28eebf6dcc46b4ad03c319e92?s=96&r=g\",\"caption\":\"Juliano Passaro\"},\"description\":\"Juliano Passaro escreve sobre pol\u00edtica, economia e neg\u00f3cios para o portal da Suno Research. Antes da Suno, trabalhou no Portal da Band. \u00c9 formado em jornalismo pela Universidade Presbiteriana Mackenzie.\",\"url\":\"https:\/\/www.suno.com.br\/noticias\/author\/juliano\/\"}]}<\/script>\n<!-- \/ Yoast SEO plugin. -->","yoast_head_json":{"title":"Donald Trump afirma estar com Covid-19; \u00edndices futuros dos EUA caem","description":"O presidente Donald Trump comunicou, durante a madrugada desta sexta-feira (2), que testou positivo para o novo coronav\u00edrus (Covid-19).","robots":{"index":"index","follow":"follow","max-snippet":"max-snippet:-1","max-image-preview":"max-image-preview:large","max-video-preview":"max-video-preview:-1"},"canonical":"https:\/\/www.suno.com.br\/noticias\/donald-trump-covid-19-indices-futuros-caem\/","og_locale":"pt_BR","og_type":"article","og_title":"Donald Trump afirma estar com Covid-19; \u00edndices futuros dos EUA caem","og_description":"O presidente Donald Trump comunicou, durante a madrugada desta sexta-feira (2), que testou positivo para o novo coronav\u00edrus (Covid-19).","og_url":"https:\/\/www.suno.com.br\/noticias\/donald-trump-covid-19-indices-futuros-caem\/","og_site_name":"Suno Not\u00edcias","article_publisher":"https:\/\/facebook.com\/sunoresearch","og_image":[{"width":868,"height":644,"url":"https:\/\/files.sunoresearch.com.br\/n\/uploads\/2020\/08\/708a29f0-coronav\u00edrus-donald-trump.jpg","type":"image\/jpeg"}],"author":"Juliano Passaro","twitter_card":"summary_large_image","twitter_creator":"@sunoresearch","twitter_site":"@sunoresearch","twitter_misc":{"Escrito por":"Juliano Passaro","Est. tempo de leitura":"2 minutos"},"schema":{"@context":"https:\/\/schema.org","@graph":[{"@type":"NewsArticle","@id":"https:\/\/www.suno.com.br\/noticias\/donald-trump-covid-19-indices-futuros-caem\/#article","isPartOf":{"@id":"https:\/\/www.suno.com.br\/noticias\/donald-trump-covid-19-indices-futuros-caem\/"},"author":{"name":"Juliano Passaro","@id":"https:\/\/www.suno.com.br\/noticias\/#\/schema\/person\/1db762f78ffd8919a648a63e425953e3"},"headline":"Donald Trump afirma estar com Covid-19; \u00edndices futuros dos EUA caem","datePublished":"2020-10-02T10:37:05+00:00","dateModified":"2021-06-14T02:33:16+00:00","mainEntityOfPage":{"@id":"https:\/\/www.suno.com.br\/noticias\/donald-trump-covid-19-indices-futuros-caem\/"},"wordCount":407,"publisher":{"@id":"https:\/\/www.suno.com.br\/noticias\/#organization"},"image":{"@id":"https:\/\/www.suno.com.br\/noticias\/donald-trump-covid-19-indices-futuros-caem\/#primaryimage"},"thumbnailUrl":"https:\/\/files.sunoresearch.com.br\/n\/uploads\/2020\/08\/708a29f0-coronav\u00edrus-donald-trump-jpg.webp","keywords":["Donald Trump","Estados Unidos (EUA)"],"articleSection":["Internacional"],"inLanguage":"pt-BR"},{"@type":"WebPage","@id":"https:\/\/www.suno.com.br\/noticias\/donald-trump-covid-19-indices-futuros-caem\/","url":"https:\/\/www.suno.com.br\/noticias\/donald-trump-covid-19-indices-futuros-caem\/","name":"Donald Trump afirma estar com Covid-19; \u00edndices futuros dos EUA caem","isPartOf":{"@id":"https:\/\/www.suno.com.br\/noticias\/#website"},"primaryImageOfPage":{"@id":"https:\/\/www.suno.com.br\/noticias\/donald-trump-covid-19-indices-futuros-caem\/#primaryimage"},"image":{"@id":"https:\/\/www.suno.com.br\/noticias\/donald-trump-covid-19-indices-futuros-caem\/#primaryimage"},"thumbnailUrl":"https:\/\/files.sunoresearch.com.br\/n\/uploads\/2020\/08\/708a29f0-coronav\u00edrus-donald-trump-jpg.webp","datePublished":"2020-10-02T10:37:05+00:00","dateModified":"2021-06-14T02:33:16+00:00","description":"O presidente Donald Trump comunicou, durante a madrugada desta sexta-feira (2), que testou positivo para o novo coronav\u00edrus (Covid-19).","breadcrumb":{"@id":"https:\/\/www.suno.com.br\/noticias\/donald-trump-covid-19-indices-futuros-caem\/#breadcrumb"},"inLanguage":"pt-BR","potentialAction":[{"@type":"ReadAction","target":["https:\/\/www.suno.com.br\/noticias\/donald-trump-covid-19-indices-futuros-caem\/"]}]},{"@type":"ImageObject","inLanguage":"pt-BR","@id":"https:\/\/www.suno.com.br\/noticias\/donald-trump-covid-19-indices-futuros-caem\/#primaryimage","url":"https:\/\/files.sunoresearch.com.br\/n\/uploads\/2020\/08\/708a29f0-coronav\u00edrus-donald-trump-jpg.webp","contentUrl":"https:\/\/files.sunoresearch.com.br\/n\/uploads\/2020\/08\/708a29f0-coronav\u00edrus-donald-trump-jpg.webp","width":868,"height":644,"caption":"Donald Trump tem sido alvo de cr\u00edticas por sua postura em rela\u00e7\u00e3o ao coronav\u00edrus. (Foto: divulga\u00e7\u00e3o)"},{"@type":"BreadcrumbList","@id":"https:\/\/www.suno.com.br\/noticias\/donald-trump-covid-19-indices-futuros-caem\/#breadcrumb","itemListElement":[{"@type":"ListItem","position":1,"name":"Not\u00edcias","item":"https:\/\/www.suno.com.br\/noticias\/"},{"@type":"ListItem","position":2,"name":"Internacional","item":"https:\/\/www.suno.com.br\/noticias\/internacional\/"},{"@type":"ListItem","position":3,"name":"Donald Trump afirma estar com Covid-19; \u00edndices futuros dos EUA caem"}]},{"@type":"WebSite","@id":"https:\/\/www.suno.com.br\/noticias\/#website","url":"https:\/\/www.suno.com.br\/noticias\/","name":"Suno Not\u00edcias","description":"Seu portal de informa\u00e7\u00e3o sobre o mundo dos investimentos","publisher":{"@id":"https:\/\/www.suno.com.br\/noticias\/#organization"},"potentialAction":[{"@type":"SearchAction","target":{"@type":"EntryPoint","urlTemplate":"https:\/\/www.suno.com.br\/noticias\/?s={search_term_string}"},"query-input":{"@type":"PropertyValueSpecification","valueRequired":true,"valueName":"search_term_string"}}],"inLanguage":"pt-BR"},{"@type":"Organization","@id":"https:\/\/www.suno.com.br\/noticias\/#organization","name":"Suno Not\u00edcias","url":"https:\/\/www.suno.com.br\/noticias\/","logo":{"@type":"ImageObject","inLanguage":"pt-BR","@id":"https:\/\/www.suno.com.br\/noticias\/#\/schema\/logo\/image\/","url":"https:\/\/files.sunoresearch.com.br\/n\/uploads\/2021\/09\/suno-logo.png","contentUrl":"https:\/\/files.sunoresearch.com.br\/n\/uploads\/2021\/09\/suno-logo.png","width":180,"height":180,"caption":"Suno Not\u00edcias"},"image":{"@id":"https:\/\/www.suno.com.br\/noticias\/#\/schema\/logo\/image\/"},"sameAs":["https:\/\/facebook.com\/sunoresearch","https:\/\/x.com\/sunoresearch","https:\/\/www.instagram.com\/suno","https:\/\/www.linkedin.com\/company\/suno-research\/","https:\/\/www.youtube.com\/c\/sunoresearch"]},{"@type":"Person","@id":"https:\/\/www.suno.com.br\/noticias\/#\/schema\/person\/1db762f78ffd8919a648a63e425953e3","name":"Juliano Passaro","image":{"@type":"ImageObject","inLanguage":"pt-BR","@id":"https:\/\/www.suno.com.br\/noticias\/#\/schema\/person\/image\/","url":"https:\/\/secure.gravatar.com\/avatar\/743d4df28eebf6dcc46b4ad03c319e92?s=96&r=g","contentUrl":"https:\/\/secure.gravatar.com\/avatar\/743d4df28eebf6dcc46b4ad03c319e92?s=96&r=g","caption":"Juliano Passaro"},"description":"Juliano Passaro escreve sobre pol\u00edtica, economia e neg\u00f3cios para o portal da Suno Research. Antes da Suno, trabalhou no Portal da Band. \u00c9 formado em jornalismo pela Universidade Presbiteriana Mackenzie.","url":"https:\/\/www.suno.com.br\/noticias\/author\/juliano\/"}]}},"default_loop_html":"<div class=\"cardsPage__listCard__boxs\"><div class=\"cardsPage__listCard__boxs__img\"><a href=\"https:\/\/www.suno.com.br\/noticias\/donald-trump-covid-19-indices-futuros-caem\/\"><img class=\"mask\" src=\"https:\/\/www.suno.com.br\/noticias\/wp-content\/themes\/suno\/resources\/images\/spotlight\/spotlight1img\/bg-mask.png\" alt=\"Image Mask\"\/><img src=\"https:\/\/files.sunoresearch.com.br\/n\/uploads\/2020\/08\/708a29f0-coronav\u00edrus-donald-trump-400x200.webp\" alt=\"Donald Trump afirma estar com Covid-19; \u00edndices futuros dos EUA caem\"\/><\/a><span class=\"spotlightCategory\"><a href=\"https:\/\/www.suno.com.br\/noticias\/internacional\/\">Internacional<\/a><\/span><\/div><div class=\"cardsPage__listCard__boxs__content\"><a href=\"https:\/\/www.suno.com.br\/noticias\/donald-trump-covid-19-indices-futuros-caem\/\"><h2 class=\"content__title\">Donald Trump afirma estar com Covid-19; \u00edndices futuros dos EUA caem<\/h2><\/a><div class=\"newsContent__article__meta\"><div class=\"newsContent__article__meta__authorBox\"><a href=\"https:\/\/www.suno.com.br\/noticias\/author\/juliano\/\" class=\"authorBox__avatar noMobi\"><img src=\"https:\/\/files.sunoresearch.com.br\/n\/uploads\/2019\/06\/7cc3efea-whatsapp-image-2019-07-18-at-21.59.33-e1563499821209-150x150.webp\" alt=\"Juliano Passaro\"><\/a><div class=\"authorBox__name\"><span>por\n\t\t\t<a href=\"https:\/\/www.suno.com.br\/noticias\/author\/juliano\/\"><span itemprop=\"author\">Juliano Passaro<\/span><\/a><\/span><time datetime=\"2020-10-02T07:37:05-03:00\" itemprop=\"datePublished\">02\/10\/2020 07:37<\/time><\/div><\/div><\/div><\/div><\/div>","single_layout":"posts","amp_enabled":true,"_links":{"self":[{"href":"https:\/\/www.suno.com.br\/noticias\/wp-json\/wp\/v2\/posts\/89016"}],"collection":[{"href":"https:\/\/www.suno.com.br\/noticias\/wp-json\/wp\/v2\/posts"}],"about":[{"href":"https:\/\/www.suno.com.br\/noticias\/wp-json\/wp\/v2\/types\/post"}],"author":[{"embeddable":true,"href":"https:\/\/www.suno.com.br\/noticias\/wp-json\/wp\/v2\/users\/19"}],"replies":[{"embeddable":true,"href":"https:\/\/www.suno.com.br\/noticias\/wp-json\/wp\/v2\/comments?post=89016"}],"version-history":[{"count":1,"href":"https:\/\/www.suno.com.br\/noticias\/wp-json\/wp\/v2\/posts\/89016\/revisions"}],"predecessor-version":[{"id":156909,"href":"https:\/\/www.suno.com.br\/noticias\/wp-json\/wp\/v2\/posts\/89016\/revisions\/156909"}],"wp:featuredmedia":[{"embeddable":true,"href":"https:\/\/www.suno.com.br\/noticias\/wp-json\/wp\/v2\/media\/76806"}],"wp:attachment":[{"href":"https:\/\/www.suno.com.br\/noticias\/wp-json\/wp\/v2\/media?parent=89016"}],"wp:term":[{"taxonomy":"category","embeddable":true,"href":"https:\/\/www.suno.com.br\/noticias\/wp-json\/wp\/v2\/categories?post=89016"},{"taxonomy":"post_tag","embeddable":true,"href":"https:\/\/www.suno.com.br\/noticias\/wp-json\/wp\/v2\/tags?post=89016"},{"taxonomy":"suno_strategy","embeddable":true,"href":"https:\/\/www.suno.com.br\/noticias\/wp-json\/wp\/v2\/suno_strategy?post=89016"}],"curies":[{"name":"wp","href":"https:\/\/api.w.org\/{rel}","templated":true}]}}