{"id":89014,"date":"2020-10-02T07:27:06","date_gmt":"2020-10-02T10:27:06","guid":{"rendered":"https:\/\/www.suno.com.br\/noticias\/?p=89014"},"modified":"2021-06-21T05:55:59","modified_gmt":"2021-06-21T08:55:59","slug":"vale-vale3-moodys-eleva-rating-esg","status":"publish","type":"post","link":"https:\/\/www.suno.com.br\/noticias\/vale-vale3-moodys-eleva-rating-esg\/","title":{"rendered":"Vale (VALE3): Moody&#8217;s eleva rating da mineradora destacando ESG"},"content":{"rendered":"<p>A Moody&#8217;s, <a href=\"https:\/\/www.suno.com.br\/artigos\/agencias-de-rating\/\">ag\u00eancia de classifica\u00e7\u00e3o de risco<\/a>, elevou, na \u00faltima quinta-feira (1), o rating da <a href=\"https:\/\/www.suno.com.br\/acoes\/vale3\/\"><strong>Vale<\/strong> (VALE3)<\/a>\u00a0para &#8220;Baa3&#8221;, com perspectiva est\u00e1vel. A ag\u00eancia destacou as melhorias da mineradora em aspectos <a href=\"https:\/\/www.suno.com.br\/artigos\/esg\/\">ambientais, sociais e de governan\u00e7a corporativa (ESG)<\/a>.<\/p>\t<div class=\"wrapper-featured-image\">\n\t\t<figure class=\"spotlightImg\">\n\n\t\t\t<picture>\n\t\t\t\t<source media=\"(max-width: 768px)\" srcset=\"https:\/\/files.sunoresearch.com.br\/n\/uploads\/2019\/11\/649c095d-vale-400x200.webp\">\n\t\t\t\t<img loading=\"lazy\" decoding=\"async\" class=\"newsContent__article__imgCapa lazyloadDisabled \" src=\"https:\/\/files.sunoresearch.com.br\/n\/uploads\/2019\/11\/649c095d-vale-800x450.webp\" width=\"800\" height=\"450\" alt=\"Vale (VALE3): Moody&#8217;s eleva rating da mineradora destacando ESG\" fetchpriority=high \/>\n\t\t\t<\/picture>\n\n\t\t\t<figcaption class=\"wp-caption-text wp-caption-text--show\">Vale. Foto: Divulga\u00e7\u00e3o<\/figcaption>\n\t\t<\/figure>\n\t<\/div>\n\n\n<div class=\"hubspot-form-wrapper\">\n\t<div id=\"single-form-target\"><\/div>\n<\/div>\n\n<p>De acordo com a <strong>Moody&#8217;s<\/strong>, a companhia aprimorou a gest\u00e3o de risco e a supervis\u00e3o de governan\u00e7a ap\u00f3s o acidente de <strong>Brumadinho<\/strong> (MG), em janeiro de 2019, que acabou matando 250 pessoas. A ag\u00eancia diz que a Vale atuou na repara\u00e7\u00e3o de afetados, &#8220;reduzindo materialmente o risco de um acidente similar no futuro&#8221;.<\/p>\n<p>A Moody&#8217;s salientou que a mineradora criou um novo padr\u00e3o de gerenciamento de barragens &#8220;alinhado \u00e0s melhores pr\u00e1ticas internacionais&#8221;. A ag\u00eancia tamb\u00e9m destacou a cria\u00e7\u00e3o das diretorias de Seguran\u00e7a, Excel\u00eancia Operacional, de Compliance e a ado\u00e7\u00e3o de metas <strong>ESG<\/strong>.<\/p>\n<p><a href=\"https:\/\/lp.suno.com.br\/suno-one\/\">Suno One: acesse gratuitamente eBooks, Minicursos, Artigos e Video Aulas sobre investimentos com um \u00fanico cadastro. Clique para saber mais!<\/a><\/p>\n<p>Ademais, apesar das implica\u00e7\u00f5es financeiras do acidente com a barragem de rejeitos, a Vale conseguiu manter forte liquidez, disse a ag\u00eancia.<\/p>\n<p>\u201cO rating permanece limitado pelo potencial de novas implica\u00e7\u00f5es financeiras relacionadas ao acidente de Brumadinho e pelos riscos de seguran\u00e7a ainda presentes em sua estrutura de <strong>barragens<\/strong> de rejeitos\u201d, complementou a Moody&#8217;s.<\/p>\n<h2>Vale possui 10 barragens em n\u00edvel de emerg\u00eancia<\/h2>\n<p>No mesmo dia da divulga\u00e7\u00e3o do comunicado da Moody&#8217;s, a Vale apresentou um relat\u00f3rio sobre a condi\u00e7\u00e3o de estabilidade de suas barragens. De um total de 104 estruturas avaliadas, a mineradora informou que 33 n\u00e3o tiveram emiss\u00e3o de Declara\u00e7\u00f5es de Condi\u00e7\u00e3o de Estabilidade (DCE) positiva. Al\u00e9m disso, a comapnhia possui 10 barragens em n\u00edvel 2 ou 3 de emerg\u00eancia, que s\u00e3o as classifica\u00e7\u00f5es mais graves.<\/p>\n<p>Quatro desssas 10 barragens, est\u00e3o no mais alto <strong>n\u00edvel de emerg\u00eancia<\/strong>. S\u00e3o elas: B3\/B4, Forquilha I, Forquilha III e Sul Superior. Das barragens que n\u00e3o tiveram DCE positiva, 32 s\u00e3o de opera\u00e7\u00f5es de minerais ferrosos e uma de metais b\u00e1sicos.<\/p>\n\t<div data-element=\"shortcode-read-more\" class=\"knowMore\">\n\t\t\t\t<span class=\"knowMore__title\">Veja tamb\u00e9m<\/span>\n\t\t\t\t<a class=\"knowMore__link\" href=\"https:\/\/www.suno.com.br\/noticias\/vale-vale3-linhas-credito-rotativo\/\">\n\t\t\tVale (VALE3) quita US$ 5 bilh\u00f5es em linhas de cr\u00e9dito rotativo\t\t<\/a>\n\t<\/div>\n\n\n<p>A <strong>Vale<\/strong> assegurou que todas as barragens de rejeitos em n\u00edvel 2 ou 3 de emerg\u00eancia est\u00e3o situadas em seu plano de descaracteriza\u00e7\u00e3o de barragens. O n\u00edvel 2 de classifica\u00e7\u00e3o \u00e9 atingido quando o resultado das a\u00e7\u00f5es adotadas para corrigir uma anomalia na barragem colocado como &#8220;n\u00e3o controlada&#8221; ou &#8220;n\u00e3o extinta&#8221;, fazendo com que o local seja inspecionado novamente com mais cautela (inspe\u00e7\u00f5es especiais) e interven\u00e7\u00f5es. O n\u00edvel 3 acontece quando uma barragem fica em situa\u00e7\u00e3o de ruptura iminente.<\/p>\n\t<p>\n\t\t<a href=\"https:\/\/lp.suno.com.br\/planilha-de-controle-de-investimentos\/\" target=\"_blank\" data-element=\"shortcode-suno-banner\" title=\"Banner SUNO, clique e saiba mais\">\n\t\t\t<picture>\n\t\t\t\t<source media=\"(max-width: 500px)\" srcset=\"https:\/\/files.sunoresearch.com.br\/n\/uploads\/2023\/03\/400x300-Controle-de-Investimentos.png\">\n\t\t\t\t<img class=\"newsContent__article__imgCapa newsContent__article__imgCapa--banner\"\n\t\t\t\t\tsrc=\"https:\/\/files.sunoresearch.com.br\/n\/uploads\/2023\/03\/1420x240-Controle-de-Investimentos.png\"\n\t\t\t\t\tdata-promo-id=\"75934\"\t\t\t\t\t\t\t\t\t\twidth='1420' height='240'\t\t\t\t\talt=\"https:\/\/files.sunoresearch.com.br\/n\/uploads\/2023\/03\/1420x240-Controle-de-Investimentos.png\"\n\t\t\t\t>\n\t\t\t<\/picture>\n\t\t<\/a>\n\t<\/p>\n\n\n","protected":false},"excerpt":{"rendered":"<p>A Moody&#8217;s, ag\u00eancia de classifica\u00e7\u00e3o de risco, elevou, na \u00faltima quinta-feira (1), o rating da Vale (VALE3)\u00a0para &#8220;Baa3&#8221;, com perspectiva est\u00e1vel. A ag\u00eancia destacou as melhorias da mineradora em aspectos ambientais, sociais e de governan\u00e7a corporativa (ESG). Vale. Foto: Divulga\u00e7\u00e3o De acordo com a Moody&#8217;s, a companhia aprimorou a gest\u00e3o de risco e a supervis\u00e3o [&hellip;]<\/p>\n","protected":false},"author":24,"featured_media":44377,"comment_status":"closed","ping_status":"closed","sticky":false,"template":"","format":"standard","meta":[],"categories":[64],"tags":[1034,676],"suno_strategy":[],"class_list":["post-89014","post","type-post","status-publish","format-standard","has-post-thumbnail","hentry","category-negocios","tag-classificacao-de-risco-rating","tag-vale-vale3"],"yoast_head":"<!-- This site is optimized with the Yoast SEO plugin v24.4 - https:\/\/yoast.com\/wordpress\/plugins\/seo\/ -->\n<title>Vale (VALE3): Moody&#039;s eleva rating da mineradora destacando ESG<\/title>\n<meta name=\"description\" content=\"A Moody&#039;s, ag\u00eancia de classifica\u00e7\u00e3o de risco, elevou o rating da Vale (VALE3)\u00a0para &quot;Baa3&quot;, com perspectiva est\u00e1vel. Saiba mais.\" \/>\n<meta name=\"robots\" content=\"index, follow, max-snippet:-1, max-image-preview:large, max-video-preview:-1\" \/>\n<link rel=\"canonical\" href=\"https:\/\/www.suno.com.br\/noticias\/vale-vale3-moodys-eleva-rating-esg\/\" \/>\n<meta property=\"og:locale\" content=\"pt_BR\" \/>\n<meta property=\"og:type\" content=\"article\" \/>\n<meta property=\"og:title\" content=\"Vale (VALE3): Moody&#039;s eleva rating da mineradora destacando ESG\" \/>\n<meta property=\"og:description\" content=\"A Moody&#039;s, ag\u00eancia de classifica\u00e7\u00e3o de risco, elevou o rating da Vale (VALE3)\u00a0para &quot;Baa3&quot;, com perspectiva est\u00e1vel. Saiba mais.\" \/>\n<meta property=\"og:url\" content=\"https:\/\/www.suno.com.br\/noticias\/vale-vale3-moodys-eleva-rating-esg\/\" \/>\n<meta property=\"og:site_name\" content=\"Suno Not\u00edcias\" \/>\n<meta property=\"article:publisher\" content=\"https:\/\/facebook.com\/sunoresearch\" \/>\n<meta property=\"og:image\" content=\"https:\/\/files.sunoresearch.com.br\/n\/uploads\/2019\/11\/649c095d-vale.jpg\" \/>\n\t<meta property=\"og:image:width\" content=\"1500\" \/>\n\t<meta property=\"og:image:height\" content=\"1000\" \/>\n\t<meta property=\"og:image:type\" content=\"image\/jpeg\" \/>\n<meta name=\"author\" content=\"Jader Lazarini\" \/>\n<meta name=\"twitter:card\" content=\"summary_large_image\" \/>\n<meta name=\"twitter:creator\" content=\"@sunoresearch\" \/>\n<meta name=\"twitter:site\" content=\"@sunoresearch\" \/>\n<meta name=\"twitter:label1\" content=\"Escrito por\" \/>\n\t<meta name=\"twitter:data1\" content=\"Jader Lazarini\" \/>\n\t<meta name=\"twitter:label2\" content=\"Est. tempo de leitura\" \/>\n\t<meta name=\"twitter:data2\" content=\"2 minutos\" \/>\n<script type=\"application\/ld+json\" class=\"yoast-schema-graph\">{\"@context\":\"https:\/\/schema.org\",\"@graph\":[{\"@type\":\"NewsArticle\",\"@id\":\"https:\/\/www.suno.com.br\/noticias\/vale-vale3-moodys-eleva-rating-esg\/#article\",\"isPartOf\":{\"@id\":\"https:\/\/www.suno.com.br\/noticias\/vale-vale3-moodys-eleva-rating-esg\/\"},\"author\":{\"name\":\"Jader Lazarini\",\"@id\":\"https:\/\/www.suno.com.br\/noticias\/#\/schema\/person\/918d79de1f0281f01599b93f9ea6e23f\"},\"headline\":\"Vale (VALE3): Moody&#8217;s eleva rating da mineradora destacando ESG\",\"datePublished\":\"2020-10-02T10:27:06+00:00\",\"dateModified\":\"2021-06-21T08:55:59+00:00\",\"mainEntityOfPage\":{\"@id\":\"https:\/\/www.suno.com.br\/noticias\/vale-vale3-moodys-eleva-rating-esg\/\"},\"wordCount\":477,\"publisher\":{\"@id\":\"https:\/\/www.suno.com.br\/noticias\/#organization\"},\"image\":{\"@id\":\"https:\/\/www.suno.com.br\/noticias\/vale-vale3-moodys-eleva-rating-esg\/#primaryimage\"},\"thumbnailUrl\":\"https:\/\/files.sunoresearch.com.br\/n\/uploads\/2019\/11\/649c095d-vale-jpg.webp\",\"keywords\":[\"Classifica\u00e7\u00e3o de Risco (Rating)\",\"Vale (VALE3)\"],\"articleSection\":[\"Neg\u00f3cios\"],\"inLanguage\":\"pt-BR\"},{\"@type\":\"WebPage\",\"@id\":\"https:\/\/www.suno.com.br\/noticias\/vale-vale3-moodys-eleva-rating-esg\/\",\"url\":\"https:\/\/www.suno.com.br\/noticias\/vale-vale3-moodys-eleva-rating-esg\/\",\"name\":\"Vale (VALE3): Moody's eleva rating da mineradora destacando ESG\",\"isPartOf\":{\"@id\":\"https:\/\/www.suno.com.br\/noticias\/#website\"},\"primaryImageOfPage\":{\"@id\":\"https:\/\/www.suno.com.br\/noticias\/vale-vale3-moodys-eleva-rating-esg\/#primaryimage\"},\"image\":{\"@id\":\"https:\/\/www.suno.com.br\/noticias\/vale-vale3-moodys-eleva-rating-esg\/#primaryimage\"},\"thumbnailUrl\":\"https:\/\/files.sunoresearch.com.br\/n\/uploads\/2019\/11\/649c095d-vale-jpg.webp\",\"datePublished\":\"2020-10-02T10:27:06+00:00\",\"dateModified\":\"2021-06-21T08:55:59+00:00\",\"description\":\"A Moody's, ag\u00eancia de classifica\u00e7\u00e3o de risco, elevou o rating da Vale (VALE3)\u00a0para \\\"Baa3\\\", com perspectiva est\u00e1vel. Saiba mais.\",\"breadcrumb\":{\"@id\":\"https:\/\/www.suno.com.br\/noticias\/vale-vale3-moodys-eleva-rating-esg\/#breadcrumb\"},\"inLanguage\":\"pt-BR\",\"potentialAction\":[{\"@type\":\"ReadAction\",\"target\":[\"https:\/\/www.suno.com.br\/noticias\/vale-vale3-moodys-eleva-rating-esg\/\"]}]},{\"@type\":\"ImageObject\",\"inLanguage\":\"pt-BR\",\"@id\":\"https:\/\/www.suno.com.br\/noticias\/vale-vale3-moodys-eleva-rating-esg\/#primaryimage\",\"url\":\"https:\/\/files.sunoresearch.com.br\/n\/uploads\/2019\/11\/649c095d-vale-jpg.webp\",\"contentUrl\":\"https:\/\/files.sunoresearch.com.br\/n\/uploads\/2019\/11\/649c095d-vale-jpg.webp\",\"width\":1500,\"height\":1000,\"caption\":\"Vale. Foto: Divulga\u00e7\u00e3o\"},{\"@type\":\"BreadcrumbList\",\"@id\":\"https:\/\/www.suno.com.br\/noticias\/vale-vale3-moodys-eleva-rating-esg\/#breadcrumb\",\"itemListElement\":[{\"@type\":\"ListItem\",\"position\":1,\"name\":\"Not\u00edcias\",\"item\":\"https:\/\/www.suno.com.br\/noticias\/\"},{\"@type\":\"ListItem\",\"position\":2,\"name\":\"Neg\u00f3cios\",\"item\":\"https:\/\/www.suno.com.br\/noticias\/negocios\/\"},{\"@type\":\"ListItem\",\"position\":3,\"name\":\"Vale (VALE3): Moody&#8217;s eleva rating da mineradora destacando ESG\"}]},{\"@type\":\"WebSite\",\"@id\":\"https:\/\/www.suno.com.br\/noticias\/#website\",\"url\":\"https:\/\/www.suno.com.br\/noticias\/\",\"name\":\"Suno Not\u00edcias\",\"description\":\"Seu portal de informa\u00e7\u00e3o sobre o mundo dos investimentos\",\"publisher\":{\"@id\":\"https:\/\/www.suno.com.br\/noticias\/#organization\"},\"potentialAction\":[{\"@type\":\"SearchAction\",\"target\":{\"@type\":\"EntryPoint\",\"urlTemplate\":\"https:\/\/www.suno.com.br\/noticias\/?s={search_term_string}\"},\"query-input\":{\"@type\":\"PropertyValueSpecification\",\"valueRequired\":true,\"valueName\":\"search_term_string\"}}],\"inLanguage\":\"pt-BR\"},{\"@type\":\"Organization\",\"@id\":\"https:\/\/www.suno.com.br\/noticias\/#organization\",\"name\":\"Suno Not\u00edcias\",\"url\":\"https:\/\/www.suno.com.br\/noticias\/\",\"logo\":{\"@type\":\"ImageObject\",\"inLanguage\":\"pt-BR\",\"@id\":\"https:\/\/www.suno.com.br\/noticias\/#\/schema\/logo\/image\/\",\"url\":\"https:\/\/files.sunoresearch.com.br\/n\/uploads\/2021\/09\/suno-logo.png\",\"contentUrl\":\"https:\/\/files.sunoresearch.com.br\/n\/uploads\/2021\/09\/suno-logo.png\",\"width\":180,\"height\":180,\"caption\":\"Suno Not\u00edcias\"},\"image\":{\"@id\":\"https:\/\/www.suno.com.br\/noticias\/#\/schema\/logo\/image\/\"},\"sameAs\":[\"https:\/\/facebook.com\/sunoresearch\",\"https:\/\/x.com\/sunoresearch\",\"https:\/\/www.instagram.com\/suno\",\"https:\/\/www.linkedin.com\/company\/suno-research\/\",\"https:\/\/www.youtube.com\/c\/sunoresearch\"]},{\"@type\":\"Person\",\"@id\":\"https:\/\/www.suno.com.br\/noticias\/#\/schema\/person\/918d79de1f0281f01599b93f9ea6e23f\",\"name\":\"Jader Lazarini\",\"image\":{\"@type\":\"ImageObject\",\"inLanguage\":\"pt-BR\",\"@id\":\"https:\/\/www.suno.com.br\/noticias\/#\/schema\/person\/image\/\",\"url\":\"https:\/\/secure.gravatar.com\/avatar\/3c1ad8caa51589841baeb923fcddea97?s=96&r=g\",\"contentUrl\":\"https:\/\/secure.gravatar.com\/avatar\/3c1ad8caa51589841baeb923fcddea97?s=96&r=g\",\"caption\":\"Jader Lazarini\"},\"description\":\"Jader Lazarini escreve sobre investimentos, finan\u00e7as, economia e neg\u00f3cios. \u00c9 bacharel em Rela\u00e7\u00f5es Internacionais e analista CNPI (2619).\",\"url\":\"https:\/\/www.suno.com.br\/noticias\/author\/jader-lazarini\/\"}]}<\/script>\n<!-- \/ Yoast SEO plugin. -->","yoast_head_json":{"title":"Vale (VALE3): Moody's eleva rating da mineradora destacando ESG","description":"A Moody's, ag\u00eancia de classifica\u00e7\u00e3o de risco, elevou o rating da Vale (VALE3)\u00a0para \"Baa3\", com perspectiva est\u00e1vel. Saiba mais.","robots":{"index":"index","follow":"follow","max-snippet":"max-snippet:-1","max-image-preview":"max-image-preview:large","max-video-preview":"max-video-preview:-1"},"canonical":"https:\/\/www.suno.com.br\/noticias\/vale-vale3-moodys-eleva-rating-esg\/","og_locale":"pt_BR","og_type":"article","og_title":"Vale (VALE3): Moody's eleva rating da mineradora destacando ESG","og_description":"A Moody's, ag\u00eancia de classifica\u00e7\u00e3o de risco, elevou o rating da Vale (VALE3)\u00a0para \"Baa3\", com perspectiva est\u00e1vel. Saiba mais.","og_url":"https:\/\/www.suno.com.br\/noticias\/vale-vale3-moodys-eleva-rating-esg\/","og_site_name":"Suno Not\u00edcias","article_publisher":"https:\/\/facebook.com\/sunoresearch","og_image":[{"width":1500,"height":1000,"url":"https:\/\/files.sunoresearch.com.br\/n\/uploads\/2019\/11\/649c095d-vale.jpg","type":"image\/jpeg"}],"author":"Jader Lazarini","twitter_card":"summary_large_image","twitter_creator":"@sunoresearch","twitter_site":"@sunoresearch","twitter_misc":{"Escrito por":"Jader Lazarini","Est. tempo de leitura":"2 minutos"},"schema":{"@context":"https:\/\/schema.org","@graph":[{"@type":"NewsArticle","@id":"https:\/\/www.suno.com.br\/noticias\/vale-vale3-moodys-eleva-rating-esg\/#article","isPartOf":{"@id":"https:\/\/www.suno.com.br\/noticias\/vale-vale3-moodys-eleva-rating-esg\/"},"author":{"name":"Jader Lazarini","@id":"https:\/\/www.suno.com.br\/noticias\/#\/schema\/person\/918d79de1f0281f01599b93f9ea6e23f"},"headline":"Vale (VALE3): Moody&#8217;s eleva rating da mineradora destacando ESG","datePublished":"2020-10-02T10:27:06+00:00","dateModified":"2021-06-21T08:55:59+00:00","mainEntityOfPage":{"@id":"https:\/\/www.suno.com.br\/noticias\/vale-vale3-moodys-eleva-rating-esg\/"},"wordCount":477,"publisher":{"@id":"https:\/\/www.suno.com.br\/noticias\/#organization"},"image":{"@id":"https:\/\/www.suno.com.br\/noticias\/vale-vale3-moodys-eleva-rating-esg\/#primaryimage"},"thumbnailUrl":"https:\/\/files.sunoresearch.com.br\/n\/uploads\/2019\/11\/649c095d-vale-jpg.webp","keywords":["Classifica\u00e7\u00e3o de Risco (Rating)","Vale (VALE3)"],"articleSection":["Neg\u00f3cios"],"inLanguage":"pt-BR"},{"@type":"WebPage","@id":"https:\/\/www.suno.com.br\/noticias\/vale-vale3-moodys-eleva-rating-esg\/","url":"https:\/\/www.suno.com.br\/noticias\/vale-vale3-moodys-eleva-rating-esg\/","name":"Vale (VALE3): Moody's eleva rating da mineradora destacando ESG","isPartOf":{"@id":"https:\/\/www.suno.com.br\/noticias\/#website"},"primaryImageOfPage":{"@id":"https:\/\/www.suno.com.br\/noticias\/vale-vale3-moodys-eleva-rating-esg\/#primaryimage"},"image":{"@id":"https:\/\/www.suno.com.br\/noticias\/vale-vale3-moodys-eleva-rating-esg\/#primaryimage"},"thumbnailUrl":"https:\/\/files.sunoresearch.com.br\/n\/uploads\/2019\/11\/649c095d-vale-jpg.webp","datePublished":"2020-10-02T10:27:06+00:00","dateModified":"2021-06-21T08:55:59+00:00","description":"A Moody's, ag\u00eancia de classifica\u00e7\u00e3o de risco, elevou o rating da Vale (VALE3)\u00a0para \"Baa3\", com perspectiva est\u00e1vel. Saiba mais.","breadcrumb":{"@id":"https:\/\/www.suno.com.br\/noticias\/vale-vale3-moodys-eleva-rating-esg\/#breadcrumb"},"inLanguage":"pt-BR","potentialAction":[{"@type":"ReadAction","target":["https:\/\/www.suno.com.br\/noticias\/vale-vale3-moodys-eleva-rating-esg\/"]}]},{"@type":"ImageObject","inLanguage":"pt-BR","@id":"https:\/\/www.suno.com.br\/noticias\/vale-vale3-moodys-eleva-rating-esg\/#primaryimage","url":"https:\/\/files.sunoresearch.com.br\/n\/uploads\/2019\/11\/649c095d-vale-jpg.webp","contentUrl":"https:\/\/files.sunoresearch.com.br\/n\/uploads\/2019\/11\/649c095d-vale-jpg.webp","width":1500,"height":1000,"caption":"Vale. Foto: Divulga\u00e7\u00e3o"},{"@type":"BreadcrumbList","@id":"https:\/\/www.suno.com.br\/noticias\/vale-vale3-moodys-eleva-rating-esg\/#breadcrumb","itemListElement":[{"@type":"ListItem","position":1,"name":"Not\u00edcias","item":"https:\/\/www.suno.com.br\/noticias\/"},{"@type":"ListItem","position":2,"name":"Neg\u00f3cios","item":"https:\/\/www.suno.com.br\/noticias\/negocios\/"},{"@type":"ListItem","position":3,"name":"Vale (VALE3): Moody&#8217;s eleva rating da mineradora destacando ESG"}]},{"@type":"WebSite","@id":"https:\/\/www.suno.com.br\/noticias\/#website","url":"https:\/\/www.suno.com.br\/noticias\/","name":"Suno Not\u00edcias","description":"Seu portal de informa\u00e7\u00e3o sobre o mundo dos investimentos","publisher":{"@id":"https:\/\/www.suno.com.br\/noticias\/#organization"},"potentialAction":[{"@type":"SearchAction","target":{"@type":"EntryPoint","urlTemplate":"https:\/\/www.suno.com.br\/noticias\/?s={search_term_string}"},"query-input":{"@type":"PropertyValueSpecification","valueRequired":true,"valueName":"search_term_string"}}],"inLanguage":"pt-BR"},{"@type":"Organization","@id":"https:\/\/www.suno.com.br\/noticias\/#organization","name":"Suno Not\u00edcias","url":"https:\/\/www.suno.com.br\/noticias\/","logo":{"@type":"ImageObject","inLanguage":"pt-BR","@id":"https:\/\/www.suno.com.br\/noticias\/#\/schema\/logo\/image\/","url":"https:\/\/files.sunoresearch.com.br\/n\/uploads\/2021\/09\/suno-logo.png","contentUrl":"https:\/\/files.sunoresearch.com.br\/n\/uploads\/2021\/09\/suno-logo.png","width":180,"height":180,"caption":"Suno Not\u00edcias"},"image":{"@id":"https:\/\/www.suno.com.br\/noticias\/#\/schema\/logo\/image\/"},"sameAs":["https:\/\/facebook.com\/sunoresearch","https:\/\/x.com\/sunoresearch","https:\/\/www.instagram.com\/suno","https:\/\/www.linkedin.com\/company\/suno-research\/","https:\/\/www.youtube.com\/c\/sunoresearch"]},{"@type":"Person","@id":"https:\/\/www.suno.com.br\/noticias\/#\/schema\/person\/918d79de1f0281f01599b93f9ea6e23f","name":"Jader Lazarini","image":{"@type":"ImageObject","inLanguage":"pt-BR","@id":"https:\/\/www.suno.com.br\/noticias\/#\/schema\/person\/image\/","url":"https:\/\/secure.gravatar.com\/avatar\/3c1ad8caa51589841baeb923fcddea97?s=96&r=g","contentUrl":"https:\/\/secure.gravatar.com\/avatar\/3c1ad8caa51589841baeb923fcddea97?s=96&r=g","caption":"Jader Lazarini"},"description":"Jader Lazarini escreve sobre investimentos, finan\u00e7as, economia e neg\u00f3cios. \u00c9 bacharel em Rela\u00e7\u00f5es Internacionais e analista CNPI (2619).","url":"https:\/\/www.suno.com.br\/noticias\/author\/jader-lazarini\/"}]}},"default_loop_html":"<div class=\"cardsPage__listCard__boxs\"><div class=\"cardsPage__listCard__boxs__img\"><a href=\"https:\/\/www.suno.com.br\/noticias\/vale-vale3-moodys-eleva-rating-esg\/\"><img class=\"mask\" src=\"https:\/\/www.suno.com.br\/noticias\/wp-content\/themes\/suno\/resources\/images\/spotlight\/spotlight1img\/bg-mask.png\" alt=\"Image Mask\"\/><img src=\"https:\/\/files.sunoresearch.com.br\/n\/uploads\/2019\/11\/649c095d-vale-400x200.webp\" alt=\"Vale (VALE3): Moody&#8217;s eleva rating da mineradora destacando ESG\"\/><\/a><span class=\"spotlightCategory\"><a href=\"https:\/\/www.suno.com.br\/noticias\/negocios\/\">Neg\u00f3cios<\/a><\/span><\/div><div class=\"cardsPage__listCard__boxs__content\"><a href=\"https:\/\/www.suno.com.br\/noticias\/vale-vale3-moodys-eleva-rating-esg\/\"><h2 class=\"content__title\">Vale (VALE3): Moody&#8217;s eleva rating da mineradora destacando ESG<\/h2><\/a><div class=\"newsContent__article__meta\"><div class=\"newsContent__article__meta__authorBox\"><a href=\"https:\/\/www.suno.com.br\/noticias\/author\/jader-lazarini\/\" class=\"authorBox__avatar noMobi\"><img src=\"https:\/\/files.sunoresearch.com.br\/n\/uploads\/2021\/01\/178e6598-foto-perfil-2-150x150.jpg\" alt=\"Jader Lazarini\"><\/a><div class=\"authorBox__name\"><span>por\n\t\t\t<a href=\"https:\/\/www.suno.com.br\/noticias\/author\/jader-lazarini\/\"><span itemprop=\"author\">Jader Lazarini<\/span><\/a><\/span><time datetime=\"2020-10-02T07:27:06-03:00\" itemprop=\"datePublished\">02\/10\/2020 07:27<\/time><\/div><\/div><\/div><\/div><\/div>","single_layout":"posts","amp_enabled":true,"_links":{"self":[{"href":"https:\/\/www.suno.com.br\/noticias\/wp-json\/wp\/v2\/posts\/89014"}],"collection":[{"href":"https:\/\/www.suno.com.br\/noticias\/wp-json\/wp\/v2\/posts"}],"about":[{"href":"https:\/\/www.suno.com.br\/noticias\/wp-json\/wp\/v2\/types\/post"}],"author":[{"embeddable":true,"href":"https:\/\/www.suno.com.br\/noticias\/wp-json\/wp\/v2\/users\/24"}],"replies":[{"embeddable":true,"href":"https:\/\/www.suno.com.br\/noticias\/wp-json\/wp\/v2\/comments?post=89014"}],"version-history":[{"count":1,"href":"https:\/\/www.suno.com.br\/noticias\/wp-json\/wp\/v2\/posts\/89014\/revisions"}],"predecessor-version":[{"id":159660,"href":"https:\/\/www.suno.com.br\/noticias\/wp-json\/wp\/v2\/posts\/89014\/revisions\/159660"}],"wp:featuredmedia":[{"embeddable":true,"href":"https:\/\/www.suno.com.br\/noticias\/wp-json\/wp\/v2\/media\/44377"}],"wp:attachment":[{"href":"https:\/\/www.suno.com.br\/noticias\/wp-json\/wp\/v2\/media?parent=89014"}],"wp:term":[{"taxonomy":"category","embeddable":true,"href":"https:\/\/www.suno.com.br\/noticias\/wp-json\/wp\/v2\/categories?post=89014"},{"taxonomy":"post_tag","embeddable":true,"href":"https:\/\/www.suno.com.br\/noticias\/wp-json\/wp\/v2\/tags?post=89014"},{"taxonomy":"suno_strategy","embeddable":true,"href":"https:\/\/www.suno.com.br\/noticias\/wp-json\/wp\/v2\/suno_strategy?post=89014"}],"curies":[{"name":"wp","href":"https:\/\/api.w.org\/{rel}","templated":true}]}}