{"id":88908,"date":"2020-10-01T19:27:44","date_gmt":"2020-10-01T22:27:44","guid":{"rendered":"https:\/\/www.suno.com.br\/noticias\/?p=88908"},"modified":"2020-10-01T19:27:44","modified_gmt":"2020-10-01T22:27:44","slug":"vacina-da-pfizer-nao-influencia-politica","status":"publish","type":"post","link":"https:\/\/www.suno.com.br\/noticias\/vacina-da-pfizer-nao-influencia-politica\/","title":{"rendered":"Vacina da Pfizer n\u00e3o ser\u00e1 influenciada por pol\u00edtica, diz CEO"},"content":{"rendered":"<p>O <a href=\"https:\/\/www.suno.com.br\/artigos\/ceo\/\">diretor executivo<\/a> da <strong>Pfizer<\/strong>, Albert Bourla, buscou assegurar nesta quinta-feira (1) para os funcion\u00e1rios da farmac\u00eautica que seus estudos para desenvolver uma vacina contra a covid-19 n\u00e3o seriam influenciados por pol\u00edtica. As informa\u00e7\u00f5es s\u00e3o do jornal &#8220;The Wall Street Journal&#8221;.<\/p>\t<div class=\"wrapper-featured-image\">\n\t\t<figure class=\"spotlightImg\">\n\n\t\t\t<picture>\n\t\t\t\t<source media=\"(max-width: 768px)\" srcset=\"https:\/\/files.sunoresearch.com.br\/n\/uploads\/2020\/10\/9789364a-pfizer.2-400x200.webp\">\n\t\t\t\t<img loading=\"lazy\" decoding=\"async\" class=\"newsContent__article__imgCapa lazyloadDisabled \" src=\"https:\/\/files.sunoresearch.com.br\/n\/uploads\/2020\/10\/9789364a-pfizer.2-jpg.webp\" width=\"800\" height=\"450\" alt=\"Vacina da Pfizer n\u00e3o ser\u00e1 influenciada por pol\u00edtica, diz CEO\" fetchpriority=high \/>\n\t\t\t<\/picture>\n\n\t\t\t<figcaption class=\"wp-caption-text wp-caption-text--show\">O CEO da Pfizer assegurou que a vacina contra covid-19 desenvolvida pela empresa n\u00e3o ser\u00e1 influenciada por pol\u00edtica<\/figcaption>\n\t\t<\/figure>\n\t<\/div>\n\n\n<div class=\"hubspot-form-wrapper\">\n\t<div id=\"single-form-target\"><\/div>\n<\/div>\n\n<p>As declara\u00e7\u00f5es do <a href=\"https:\/\/www.suno.com.br\/artigos\/ceo\/\">CEO da Pfizer<\/a> acontece ap\u00f3s o presidente dos Estados Unidos <a href=\"https:\/\/www.suno.com.br\/tudo-sobre\/donald-trump\/\">Donald Trump<\/a> afirmar, h\u00e1 dois dias, manter conversas com a empresa no primeiro debate presidencial, com o tamb\u00e9m candidato vice-presidente Joe Biden.<\/p>\n<p>Nesse sentido, o Bourla enviou uma carta a todos os funcion\u00e1rios, vista pelo jornal, destacando que a farmac\u00eautica &#8220;nunca sucumbiria a press\u00f5es pol\u00edticas enquanto desenvolve uma vacina contra covid-19&#8221;.<\/p>\n<p><a href=\"https:\/\/lp.suno.com.br\/suno-one\/\">Suno One: acesse gratuitamente eBooks, Minicursos, Artigos e Video Aulas sobre investimentos com um \u00fanico cadastro. Clique para saber mais!<\/a><\/p>\n<p>&#8220;A \u00fanica press\u00e3o que sentimos \u2014 e que tem que influ\u00eancia significativa \u2014 s\u00e3o as bilh\u00f5es de pessoas, milh\u00f5es de neg\u00f3cios e centenas de autoridades governamentais que dependem de n\u00f3s&#8221;, salientou o executivo.<\/p>\n<p>O CEO da Pfizer ainda escreveu que ficou decepcionado que o imunizante est\u00e1 sendo discutido durante debates presidenciais &#8220;em termos pol\u00edticos ao inv\u00e9s de fatos cient\u00edficos&#8221;, acrescentando que &#8220;pessoas, que est\u00e3o compreensivelmente confusas, n\u00e3o sabem em quem ou no que acreditar&#8221;.<\/p>\n<h2>Vacina da Pfizer est\u00e1 no est\u00e1gio final de testes<\/h2>\n<p>A farmac\u00eautica norte-americana est\u00e1 recrutando 44 mil pessoas, em mais de 100 localidades em seis pa\u00edses, para se inscreverem no est\u00e1gio final dos testes de sua vacina. Bourla j\u00e1 afirmou que a companhia poderia saber os resultados de efic\u00e1cia do produto ainda neste m\u00eas.<\/p>\n<p>Apesar disso, o executivo escreveu, na carta, que n\u00e3o pode prever quando, ou se, a ag\u00eancia reguladora dos Estados Unidos (FDA) autorizar\u00e1 a vacina.<\/p>\n\t<div data-element=\"shortcode-read-more\" class=\"knowMore\">\n\t\t\t\t<span class=\"knowMore__title\">Saiba mais<\/span>\n\t\t\t\t<a class=\"knowMore__link\" href=\"https:\/\/www.suno.com.br\/noticias\/pfizer-autorizacao-ampliar-estudos-vacina-brasil\/\">\n\t\t\tPfizer recebe autoriza\u00e7\u00e3o para ampliar estudos da vacina no Brasil\t\t<\/a>\n\t<\/div>\n\n\n<p>\u201cMas eu sei que o mundo estar\u00e1 mais seguro se pararmos de falar sobre a entrega das vacinas em termos pol\u00edticos e nos concentrarmos, em vez disso, em uma rigorosa avalia\u00e7\u00e3o cient\u00edfica independente e em um robusto processo de aprova\u00e7\u00e3o independente\u201d, afirmou o CEO da <strong>Pfizer<\/strong>.<\/p>\n\t<p>\n\t\t<a href=\"https:\/\/lp.suno.com.br\/planilha-de-controle-de-investimentos\/\" target=\"_blank\" data-element=\"shortcode-suno-banner\" title=\"Banner SUNO, clique e saiba mais\">\n\t\t\t<picture>\n\t\t\t\t<source media=\"(max-width: 500px)\" srcset=\"https:\/\/files.sunoresearch.com.br\/n\/uploads\/2023\/03\/400x300-Controle-de-Investimentos.png\">\n\t\t\t\t<img class=\"newsContent__article__imgCapa newsContent__article__imgCapa--banner\"\n\t\t\t\t\tsrc=\"https:\/\/files.sunoresearch.com.br\/n\/uploads\/2023\/03\/1420x240-Controle-de-Investimentos.png\"\n\t\t\t\t\tdata-promo-id=\"75934\"\t\t\t\t\t\t\t\t\t\twidth='1420' height='240'\t\t\t\t\talt=\"https:\/\/files.sunoresearch.com.br\/n\/uploads\/2023\/03\/1420x240-Controle-de-Investimentos.png\"\n\t\t\t\t>\n\t\t\t<\/picture>\n\t\t<\/a>\n\t<\/p>\n\n\n","protected":false},"excerpt":{"rendered":"<p>O diretor executivo da Pfizer, Albert Bourla, buscou assegurar nesta quinta-feira (1) para os funcion\u00e1rios da farmac\u00eautica que seus estudos para desenvolver uma vacina contra a covid-19 n\u00e3o seriam influenciados por pol\u00edtica. As informa\u00e7\u00f5es s\u00e3o do jornal &#8220;The Wall Street Journal&#8221;. O CEO da Pfizer assegurou que a vacina contra covid-19 desenvolvida pela empresa n\u00e3o [&hellip;]<\/p>\n","protected":false},"author":35,"featured_media":88956,"comment_status":"closed","ping_status":"closed","sticky":false,"template":"","format":"standard","meta":[],"categories":[64],"tags":[884],"suno_strategy":[],"class_list":["post-88908","post","type-post","status-publish","format-standard","has-post-thumbnail","hentry","category-negocios","tag-pfizer-pfiz34"],"yoast_head":"<!-- This site is optimized with the Yoast SEO plugin v24.4 - https:\/\/yoast.com\/wordpress\/plugins\/seo\/ -->\n<title>Vacina da Pfizer n\u00e3o ser\u00e1 influenciada por pol\u00edtica, diz CEO<\/title>\n<meta name=\"description\" content=\"O CEO da Pfizer buscou assegurar que seus estudos para desenvolver uma vacina n\u00e3o seriam influenciados por pol\u00edtica. Clique para saber mais\" \/>\n<meta name=\"robots\" content=\"index, follow, max-snippet:-1, max-image-preview:large, max-video-preview:-1\" \/>\n<link rel=\"canonical\" href=\"https:\/\/www.suno.com.br\/noticias\/vacina-da-pfizer-nao-influencia-politica\/\" \/>\n<meta property=\"og:locale\" content=\"pt_BR\" \/>\n<meta property=\"og:type\" content=\"article\" \/>\n<meta property=\"og:title\" content=\"Vacina da Pfizer n\u00e3o ser\u00e1 influenciada por pol\u00edtica, diz CEO\" \/>\n<meta property=\"og:description\" content=\"O CEO da Pfizer buscou assegurar que seus estudos para desenvolver uma vacina n\u00e3o seriam influenciados por pol\u00edtica. Clique para saber mais\" \/>\n<meta property=\"og:url\" content=\"https:\/\/www.suno.com.br\/noticias\/vacina-da-pfizer-nao-influencia-politica\/\" \/>\n<meta property=\"og:site_name\" content=\"Suno Not\u00edcias\" \/>\n<meta property=\"article:publisher\" content=\"https:\/\/facebook.com\/sunoresearch\" \/>\n<meta property=\"og:image\" content=\"https:\/\/files.sunoresearch.com.br\/n\/uploads\/2020\/10\/9789364a-pfizer.2.jpg\" \/>\n\t<meta property=\"og:image:width\" content=\"580\" \/>\n\t<meta property=\"og:image:height\" content=\"380\" \/>\n\t<meta property=\"og:image:type\" content=\"image\/jpeg\" \/>\n<meta name=\"author\" content=\"Arthur Guimar\u00e3es\" \/>\n<meta name=\"twitter:card\" content=\"summary_large_image\" \/>\n<meta name=\"twitter:creator\" content=\"@sunoresearch\" \/>\n<meta name=\"twitter:site\" content=\"@sunoresearch\" \/>\n<meta name=\"twitter:label1\" content=\"Escrito por\" \/>\n\t<meta name=\"twitter:data1\" content=\"Arthur Guimar\u00e3es\" \/>\n\t<meta name=\"twitter:label2\" content=\"Est. tempo de leitura\" \/>\n\t<meta name=\"twitter:data2\" content=\"2 minutos\" \/>\n<script type=\"application\/ld+json\" class=\"yoast-schema-graph\">{\"@context\":\"https:\/\/schema.org\",\"@graph\":[{\"@type\":\"NewsArticle\",\"@id\":\"https:\/\/www.suno.com.br\/noticias\/vacina-da-pfizer-nao-influencia-politica\/#article\",\"isPartOf\":{\"@id\":\"https:\/\/www.suno.com.br\/noticias\/vacina-da-pfizer-nao-influencia-politica\/\"},\"author\":{\"name\":\"Arthur Guimar\u00e3es\",\"@id\":\"https:\/\/www.suno.com.br\/noticias\/#\/schema\/person\/053a750a709a263919a20f976caae91c\"},\"headline\":\"Vacina da Pfizer n\u00e3o ser\u00e1 influenciada por pol\u00edtica, diz CEO\",\"datePublished\":\"2020-10-01T22:27:44+00:00\",\"mainEntityOfPage\":{\"@id\":\"https:\/\/www.suno.com.br\/noticias\/vacina-da-pfizer-nao-influencia-politica\/\"},\"wordCount\":389,\"publisher\":{\"@id\":\"https:\/\/www.suno.com.br\/noticias\/#organization\"},\"image\":{\"@id\":\"https:\/\/www.suno.com.br\/noticias\/vacina-da-pfizer-nao-influencia-politica\/#primaryimage\"},\"thumbnailUrl\":\"https:\/\/files.sunoresearch.com.br\/n\/uploads\/2020\/10\/9789364a-pfizer.2-jpg.webp\",\"keywords\":[\"Pfizer (PFIZ34)\"],\"articleSection\":[\"Neg\u00f3cios\"],\"inLanguage\":\"pt-BR\"},{\"@type\":\"WebPage\",\"@id\":\"https:\/\/www.suno.com.br\/noticias\/vacina-da-pfizer-nao-influencia-politica\/\",\"url\":\"https:\/\/www.suno.com.br\/noticias\/vacina-da-pfizer-nao-influencia-politica\/\",\"name\":\"Vacina da Pfizer n\u00e3o ser\u00e1 influenciada por pol\u00edtica, diz CEO\",\"isPartOf\":{\"@id\":\"https:\/\/www.suno.com.br\/noticias\/#website\"},\"primaryImageOfPage\":{\"@id\":\"https:\/\/www.suno.com.br\/noticias\/vacina-da-pfizer-nao-influencia-politica\/#primaryimage\"},\"image\":{\"@id\":\"https:\/\/www.suno.com.br\/noticias\/vacina-da-pfizer-nao-influencia-politica\/#primaryimage\"},\"thumbnailUrl\":\"https:\/\/files.sunoresearch.com.br\/n\/uploads\/2020\/10\/9789364a-pfizer.2-jpg.webp\",\"datePublished\":\"2020-10-01T22:27:44+00:00\",\"description\":\"O CEO da Pfizer buscou assegurar que seus estudos para desenvolver uma vacina n\u00e3o seriam influenciados por pol\u00edtica. Clique para saber mais\",\"breadcrumb\":{\"@id\":\"https:\/\/www.suno.com.br\/noticias\/vacina-da-pfizer-nao-influencia-politica\/#breadcrumb\"},\"inLanguage\":\"pt-BR\",\"potentialAction\":[{\"@type\":\"ReadAction\",\"target\":[\"https:\/\/www.suno.com.br\/noticias\/vacina-da-pfizer-nao-influencia-politica\/\"]}]},{\"@type\":\"ImageObject\",\"inLanguage\":\"pt-BR\",\"@id\":\"https:\/\/www.suno.com.br\/noticias\/vacina-da-pfizer-nao-influencia-politica\/#primaryimage\",\"url\":\"https:\/\/files.sunoresearch.com.br\/n\/uploads\/2020\/10\/9789364a-pfizer.2-jpg.webp\",\"contentUrl\":\"https:\/\/files.sunoresearch.com.br\/n\/uploads\/2020\/10\/9789364a-pfizer.2-jpg.webp\",\"width\":580,\"height\":380,\"caption\":\"O CEO da Pfizer assegurou que a vacina contra covid-19 desenvolvida pela empresa n\u00e3o ser\u00e1 influenciada por pol\u00edtica\"},{\"@type\":\"BreadcrumbList\",\"@id\":\"https:\/\/www.suno.com.br\/noticias\/vacina-da-pfizer-nao-influencia-politica\/#breadcrumb\",\"itemListElement\":[{\"@type\":\"ListItem\",\"position\":1,\"name\":\"Not\u00edcias\",\"item\":\"https:\/\/www.suno.com.br\/noticias\/\"},{\"@type\":\"ListItem\",\"position\":2,\"name\":\"Neg\u00f3cios\",\"item\":\"https:\/\/www.suno.com.br\/noticias\/negocios\/\"},{\"@type\":\"ListItem\",\"position\":3,\"name\":\"Vacina da Pfizer n\u00e3o ser\u00e1 influenciada por pol\u00edtica, diz CEO\"}]},{\"@type\":\"WebSite\",\"@id\":\"https:\/\/www.suno.com.br\/noticias\/#website\",\"url\":\"https:\/\/www.suno.com.br\/noticias\/\",\"name\":\"Suno Not\u00edcias\",\"description\":\"Seu portal de informa\u00e7\u00e3o sobre o mundo dos investimentos\",\"publisher\":{\"@id\":\"https:\/\/www.suno.com.br\/noticias\/#organization\"},\"potentialAction\":[{\"@type\":\"SearchAction\",\"target\":{\"@type\":\"EntryPoint\",\"urlTemplate\":\"https:\/\/www.suno.com.br\/noticias\/?s={search_term_string}\"},\"query-input\":{\"@type\":\"PropertyValueSpecification\",\"valueRequired\":true,\"valueName\":\"search_term_string\"}}],\"inLanguage\":\"pt-BR\"},{\"@type\":\"Organization\",\"@id\":\"https:\/\/www.suno.com.br\/noticias\/#organization\",\"name\":\"Suno Not\u00edcias\",\"url\":\"https:\/\/www.suno.com.br\/noticias\/\",\"logo\":{\"@type\":\"ImageObject\",\"inLanguage\":\"pt-BR\",\"@id\":\"https:\/\/www.suno.com.br\/noticias\/#\/schema\/logo\/image\/\",\"url\":\"https:\/\/files.sunoresearch.com.br\/n\/uploads\/2021\/09\/suno-logo.png\",\"contentUrl\":\"https:\/\/files.sunoresearch.com.br\/n\/uploads\/2021\/09\/suno-logo.png\",\"width\":180,\"height\":180,\"caption\":\"Suno Not\u00edcias\"},\"image\":{\"@id\":\"https:\/\/www.suno.com.br\/noticias\/#\/schema\/logo\/image\/\"},\"sameAs\":[\"https:\/\/facebook.com\/sunoresearch\",\"https:\/\/x.com\/sunoresearch\",\"https:\/\/www.instagram.com\/suno\",\"https:\/\/www.linkedin.com\/company\/suno-research\/\",\"https:\/\/www.youtube.com\/c\/sunoresearch\"]},{\"@type\":\"Person\",\"@id\":\"https:\/\/www.suno.com.br\/noticias\/#\/schema\/person\/053a750a709a263919a20f976caae91c\",\"name\":\"Arthur Guimar\u00e3es\",\"image\":{\"@type\":\"ImageObject\",\"inLanguage\":\"pt-BR\",\"@id\":\"https:\/\/www.suno.com.br\/noticias\/#\/schema\/person\/image\/\",\"url\":\"https:\/\/secure.gravatar.com\/avatar\/1affd86a11209ae09eb6dd3bcad3e96c?s=96&r=g\",\"contentUrl\":\"https:\/\/secure.gravatar.com\/avatar\/1affd86a11209ae09eb6dd3bcad3e96c?s=96&r=g\",\"caption\":\"Arthur Guimar\u00e3es\"},\"description\":\"Arthur Guimar\u00e3es escreve sobre pol\u00edtica, economia e neg\u00f3cios para o portal de not\u00edcias da Suno Research. Atualmente, \u00e9 estudante de jornalismo pela Faculdade C\u00e1sper L\u00edbero.\",\"url\":\"https:\/\/www.suno.com.br\/noticias\/author\/arthur-guimaraes\/\"}]}<\/script>\n<!-- \/ Yoast SEO plugin. -->","yoast_head_json":{"title":"Vacina da Pfizer n\u00e3o ser\u00e1 influenciada por pol\u00edtica, diz CEO","description":"O CEO da Pfizer buscou assegurar que seus estudos para desenvolver uma vacina n\u00e3o seriam influenciados por pol\u00edtica. Clique para saber mais","robots":{"index":"index","follow":"follow","max-snippet":"max-snippet:-1","max-image-preview":"max-image-preview:large","max-video-preview":"max-video-preview:-1"},"canonical":"https:\/\/www.suno.com.br\/noticias\/vacina-da-pfizer-nao-influencia-politica\/","og_locale":"pt_BR","og_type":"article","og_title":"Vacina da Pfizer n\u00e3o ser\u00e1 influenciada por pol\u00edtica, diz CEO","og_description":"O CEO da Pfizer buscou assegurar que seus estudos para desenvolver uma vacina n\u00e3o seriam influenciados por pol\u00edtica. Clique para saber mais","og_url":"https:\/\/www.suno.com.br\/noticias\/vacina-da-pfizer-nao-influencia-politica\/","og_site_name":"Suno Not\u00edcias","article_publisher":"https:\/\/facebook.com\/sunoresearch","og_image":[{"width":580,"height":380,"url":"https:\/\/files.sunoresearch.com.br\/n\/uploads\/2020\/10\/9789364a-pfizer.2.jpg","type":"image\/jpeg"}],"author":"Arthur Guimar\u00e3es","twitter_card":"summary_large_image","twitter_creator":"@sunoresearch","twitter_site":"@sunoresearch","twitter_misc":{"Escrito por":"Arthur Guimar\u00e3es","Est. tempo de leitura":"2 minutos"},"schema":{"@context":"https:\/\/schema.org","@graph":[{"@type":"NewsArticle","@id":"https:\/\/www.suno.com.br\/noticias\/vacina-da-pfizer-nao-influencia-politica\/#article","isPartOf":{"@id":"https:\/\/www.suno.com.br\/noticias\/vacina-da-pfizer-nao-influencia-politica\/"},"author":{"name":"Arthur Guimar\u00e3es","@id":"https:\/\/www.suno.com.br\/noticias\/#\/schema\/person\/053a750a709a263919a20f976caae91c"},"headline":"Vacina da Pfizer n\u00e3o ser\u00e1 influenciada por pol\u00edtica, diz CEO","datePublished":"2020-10-01T22:27:44+00:00","mainEntityOfPage":{"@id":"https:\/\/www.suno.com.br\/noticias\/vacina-da-pfizer-nao-influencia-politica\/"},"wordCount":389,"publisher":{"@id":"https:\/\/www.suno.com.br\/noticias\/#organization"},"image":{"@id":"https:\/\/www.suno.com.br\/noticias\/vacina-da-pfizer-nao-influencia-politica\/#primaryimage"},"thumbnailUrl":"https:\/\/files.sunoresearch.com.br\/n\/uploads\/2020\/10\/9789364a-pfizer.2-jpg.webp","keywords":["Pfizer (PFIZ34)"],"articleSection":["Neg\u00f3cios"],"inLanguage":"pt-BR"},{"@type":"WebPage","@id":"https:\/\/www.suno.com.br\/noticias\/vacina-da-pfizer-nao-influencia-politica\/","url":"https:\/\/www.suno.com.br\/noticias\/vacina-da-pfizer-nao-influencia-politica\/","name":"Vacina da Pfizer n\u00e3o ser\u00e1 influenciada por pol\u00edtica, diz CEO","isPartOf":{"@id":"https:\/\/www.suno.com.br\/noticias\/#website"},"primaryImageOfPage":{"@id":"https:\/\/www.suno.com.br\/noticias\/vacina-da-pfizer-nao-influencia-politica\/#primaryimage"},"image":{"@id":"https:\/\/www.suno.com.br\/noticias\/vacina-da-pfizer-nao-influencia-politica\/#primaryimage"},"thumbnailUrl":"https:\/\/files.sunoresearch.com.br\/n\/uploads\/2020\/10\/9789364a-pfizer.2-jpg.webp","datePublished":"2020-10-01T22:27:44+00:00","description":"O CEO da Pfizer buscou assegurar que seus estudos para desenvolver uma vacina n\u00e3o seriam influenciados por pol\u00edtica. Clique para saber mais","breadcrumb":{"@id":"https:\/\/www.suno.com.br\/noticias\/vacina-da-pfizer-nao-influencia-politica\/#breadcrumb"},"inLanguage":"pt-BR","potentialAction":[{"@type":"ReadAction","target":["https:\/\/www.suno.com.br\/noticias\/vacina-da-pfizer-nao-influencia-politica\/"]}]},{"@type":"ImageObject","inLanguage":"pt-BR","@id":"https:\/\/www.suno.com.br\/noticias\/vacina-da-pfizer-nao-influencia-politica\/#primaryimage","url":"https:\/\/files.sunoresearch.com.br\/n\/uploads\/2020\/10\/9789364a-pfizer.2-jpg.webp","contentUrl":"https:\/\/files.sunoresearch.com.br\/n\/uploads\/2020\/10\/9789364a-pfizer.2-jpg.webp","width":580,"height":380,"caption":"O CEO da Pfizer assegurou que a vacina contra covid-19 desenvolvida pela empresa n\u00e3o ser\u00e1 influenciada por pol\u00edtica"},{"@type":"BreadcrumbList","@id":"https:\/\/www.suno.com.br\/noticias\/vacina-da-pfizer-nao-influencia-politica\/#breadcrumb","itemListElement":[{"@type":"ListItem","position":1,"name":"Not\u00edcias","item":"https:\/\/www.suno.com.br\/noticias\/"},{"@type":"ListItem","position":2,"name":"Neg\u00f3cios","item":"https:\/\/www.suno.com.br\/noticias\/negocios\/"},{"@type":"ListItem","position":3,"name":"Vacina da Pfizer n\u00e3o ser\u00e1 influenciada por pol\u00edtica, diz CEO"}]},{"@type":"WebSite","@id":"https:\/\/www.suno.com.br\/noticias\/#website","url":"https:\/\/www.suno.com.br\/noticias\/","name":"Suno Not\u00edcias","description":"Seu portal de informa\u00e7\u00e3o sobre o mundo dos investimentos","publisher":{"@id":"https:\/\/www.suno.com.br\/noticias\/#organization"},"potentialAction":[{"@type":"SearchAction","target":{"@type":"EntryPoint","urlTemplate":"https:\/\/www.suno.com.br\/noticias\/?s={search_term_string}"},"query-input":{"@type":"PropertyValueSpecification","valueRequired":true,"valueName":"search_term_string"}}],"inLanguage":"pt-BR"},{"@type":"Organization","@id":"https:\/\/www.suno.com.br\/noticias\/#organization","name":"Suno Not\u00edcias","url":"https:\/\/www.suno.com.br\/noticias\/","logo":{"@type":"ImageObject","inLanguage":"pt-BR","@id":"https:\/\/www.suno.com.br\/noticias\/#\/schema\/logo\/image\/","url":"https:\/\/files.sunoresearch.com.br\/n\/uploads\/2021\/09\/suno-logo.png","contentUrl":"https:\/\/files.sunoresearch.com.br\/n\/uploads\/2021\/09\/suno-logo.png","width":180,"height":180,"caption":"Suno Not\u00edcias"},"image":{"@id":"https:\/\/www.suno.com.br\/noticias\/#\/schema\/logo\/image\/"},"sameAs":["https:\/\/facebook.com\/sunoresearch","https:\/\/x.com\/sunoresearch","https:\/\/www.instagram.com\/suno","https:\/\/www.linkedin.com\/company\/suno-research\/","https:\/\/www.youtube.com\/c\/sunoresearch"]},{"@type":"Person","@id":"https:\/\/www.suno.com.br\/noticias\/#\/schema\/person\/053a750a709a263919a20f976caae91c","name":"Arthur Guimar\u00e3es","image":{"@type":"ImageObject","inLanguage":"pt-BR","@id":"https:\/\/www.suno.com.br\/noticias\/#\/schema\/person\/image\/","url":"https:\/\/secure.gravatar.com\/avatar\/1affd86a11209ae09eb6dd3bcad3e96c?s=96&r=g","contentUrl":"https:\/\/secure.gravatar.com\/avatar\/1affd86a11209ae09eb6dd3bcad3e96c?s=96&r=g","caption":"Arthur Guimar\u00e3es"},"description":"Arthur Guimar\u00e3es escreve sobre pol\u00edtica, economia e neg\u00f3cios para o portal de not\u00edcias da Suno Research. Atualmente, \u00e9 estudante de jornalismo pela Faculdade C\u00e1sper L\u00edbero.","url":"https:\/\/www.suno.com.br\/noticias\/author\/arthur-guimaraes\/"}]}},"default_loop_html":"<div class=\"cardsPage__listCard__boxs\"><div class=\"cardsPage__listCard__boxs__img\"><a href=\"https:\/\/www.suno.com.br\/noticias\/vacina-da-pfizer-nao-influencia-politica\/\"><img class=\"mask\" src=\"https:\/\/www.suno.com.br\/noticias\/wp-content\/themes\/suno\/resources\/images\/spotlight\/spotlight1img\/bg-mask.png\" alt=\"Image Mask\"\/><img src=\"https:\/\/files.sunoresearch.com.br\/n\/uploads\/2020\/10\/9789364a-pfizer.2-400x200.webp\" alt=\"Vacina da Pfizer n\u00e3o ser\u00e1 influenciada por pol\u00edtica, diz CEO\"\/><\/a><span class=\"spotlightCategory\"><a href=\"https:\/\/www.suno.com.br\/noticias\/negocios\/\">Neg\u00f3cios<\/a><\/span><\/div><div class=\"cardsPage__listCard__boxs__content\"><a href=\"https:\/\/www.suno.com.br\/noticias\/vacina-da-pfizer-nao-influencia-politica\/\"><h2 class=\"content__title\">Vacina da Pfizer n\u00e3o ser\u00e1 influenciada por pol\u00edtica, diz CEO<\/h2><\/a><div class=\"newsContent__article__meta\"><div class=\"newsContent__article__meta__authorBox\"><a href=\"https:\/\/www.suno.com.br\/noticias\/author\/arthur-guimaraes\/\" class=\"authorBox__avatar noMobi\"><img src=\"https:\/\/files.sunoresearch.com.br\/n\/uploads\/2020\/02\/dfb40897-eu-150x150.webp\" alt=\"Arthur Guimar\u00e3es\"><\/a><div class=\"authorBox__name\"><span>por\n\t\t\t<a href=\"https:\/\/www.suno.com.br\/noticias\/author\/arthur-guimaraes\/\"><span itemprop=\"author\">Arthur Guimar\u00e3es<\/span><\/a><\/span><time datetime=\"2020-10-01T19:27:44-03:00\" itemprop=\"datePublished\">01\/10\/2020 19:27<\/time><\/div><\/div><\/div><\/div><\/div>","single_layout":"posts","amp_enabled":true,"_links":{"self":[{"href":"https:\/\/www.suno.com.br\/noticias\/wp-json\/wp\/v2\/posts\/88908"}],"collection":[{"href":"https:\/\/www.suno.com.br\/noticias\/wp-json\/wp\/v2\/posts"}],"about":[{"href":"https:\/\/www.suno.com.br\/noticias\/wp-json\/wp\/v2\/types\/post"}],"author":[{"embeddable":true,"href":"https:\/\/www.suno.com.br\/noticias\/wp-json\/wp\/v2\/users\/35"}],"replies":[{"embeddable":true,"href":"https:\/\/www.suno.com.br\/noticias\/wp-json\/wp\/v2\/comments?post=88908"}],"version-history":[{"count":0,"href":"https:\/\/www.suno.com.br\/noticias\/wp-json\/wp\/v2\/posts\/88908\/revisions"}],"wp:featuredmedia":[{"embeddable":true,"href":"https:\/\/www.suno.com.br\/noticias\/wp-json\/wp\/v2\/media\/88956"}],"wp:attachment":[{"href":"https:\/\/www.suno.com.br\/noticias\/wp-json\/wp\/v2\/media?parent=88908"}],"wp:term":[{"taxonomy":"category","embeddable":true,"href":"https:\/\/www.suno.com.br\/noticias\/wp-json\/wp\/v2\/categories?post=88908"},{"taxonomy":"post_tag","embeddable":true,"href":"https:\/\/www.suno.com.br\/noticias\/wp-json\/wp\/v2\/tags?post=88908"},{"taxonomy":"suno_strategy","embeddable":true,"href":"https:\/\/www.suno.com.br\/noticias\/wp-json\/wp\/v2\/suno_strategy?post=88908"}],"curies":[{"name":"wp","href":"https:\/\/api.w.org\/{rel}","templated":true}]}}