{"id":88906,"date":"2020-10-01T17:47:42","date_gmt":"2020-10-01T20:47:42","guid":{"rendered":"https:\/\/www.suno.com.br\/noticias\/?p=88906"},"modified":"2021-05-29T20:40:05","modified_gmt":"2021-05-29T23:40:05","slug":"dolar-encerra-em-alta-de-068-negociado-a-r-56540","status":"publish","type":"post","link":"https:\/\/www.suno.com.br\/noticias\/dolar-encerra-em-alta-de-068-negociado-a-r-56540\/","title":{"rendered":"D\u00f3lar encerra em alta de 0,68%, negociado a R$ 5,6540"},"content":{"rendered":"<p>O <a href=\"https:\/\/www.suno.com.br\/artigos\/dolar\/\"><strong>d\u00f3lar<\/strong> <\/a>encerrou esta quinta-feira (1) em alta de <span class=\"ng-binding\">0,68<\/span>%, negociado a R$ 5,6540.<\/p>\t<div class=\"wrapper-featured-image\">\n\t\t<figure class=\"spotlightImg\">\n\n\t\t\t<picture>\n\t\t\t\t<source media=\"(max-width: 768px)\" srcset=\"https:\/\/files.sunoresearch.com.br\/n\/uploads\/2020\/10\/d445a582-dolar-400x200.webp\">\n\t\t\t\t<img loading=\"lazy\" decoding=\"async\" class=\"newsContent__article__imgCapa lazyloadDisabled \" src=\"https:\/\/files.sunoresearch.com.br\/n\/uploads\/2020\/10\/d445a582-dolar-800x450.webp\" width=\"800\" height=\"450\" alt=\"D\u00f3lar encerra em alta de 0,68%, negociado a R$ 5,6540\" fetchpriority=high \/>\n\t\t\t<\/picture>\n\n\t\t\t<figcaption class=\"wp-caption-text wp-caption-text--show\">Por volta das 12h03, nesta sexta-feira (30), o d\u00f3lar operava em queda de 0,17%, negociado a R$ 5,7704<\/figcaption>\n\t\t<\/figure>\n\t<\/div>\n\n\n<div class=\"hubspot-form-wrapper\">\n\t<div id=\"single-form-target\"><\/div>\n<\/div>\n\n<p>O <strong><a href=\"https:\/\/www.suno.com.br\/artigos\/investir-em-dolar\/\">d\u00f3lar<\/a> <\/strong>abriu em leve queda nesta quinta-feira (1). Por volta das 9h10, a moeda estadunidense recuava 0,34%, a R$ 5,5923, com o mercado atento ao pacote fiscal norte-americano de US$ 2,2 trilh\u00f5es (cerca de R$ 12,29 trilh\u00f5es), que teve a vota\u00e7\u00e3o adiada na \u00faltima quarta-feira (30), al\u00e9m das cont\u00ednuas indefini\u00e7\u00f5es acerca da implementa\u00e7\u00e3o do programa social Renda Cidad\u00e3.<\/p>\n<p>Entretanto, por volta das 9h40, o mercado inverteu em uma alta de 0,11%, sendo negociado a R$5,62.<\/p>\n<p><a href=\"https:\/\/lp.suno.com.br\/suno-one\/\">Suno One: acesse gratuitamente eBooks, Minicursos, Artigos e Video Aulas sobre investimentos com um \u00fanico cadastro. Clique para saber mais!<\/a><\/p>\n<p>Al\u00e9m disso, confira as principais not\u00edcias que movimentaram o mercado nessa quinta-feira:<\/p>\n<ul>\n<li>\n<p class=\"newsContent__article__title\">Balan\u00e7a comercial: setembro registra super\u00e1vit recorde de US$ 6,164 bi<\/p>\n<\/li>\n<li>\n<p class=\"newsContent__article__title\">Receita Federal: alta na arrecada\u00e7\u00e3o indica uma recupera\u00e7\u00e3o econ\u00f4mica<\/p>\n<\/li>\n<li>PIB: S&amp;P v\u00ea recupera\u00e7\u00e3o do Brasil mais acelerada e revisa estimativa<\/li>\n<\/ul>\n<h2>Balan\u00e7a comercial brasileira:<\/h2>\n<p>A Secretaria de Com\u00e9rcio Exterior (Secex) do <strong>Minist\u00e9rio da Economia<\/strong> divulgou nesta quinta-feira (1) que a <strong>balan\u00e7a comercial<\/strong> brasileira registrou um <strong>super\u00e1vit<\/strong> recorde em setembro. As exporta\u00e7\u00f5es superaram as importa\u00e7\u00f5es em US$ 6,164 bilh\u00f5es (aproximadamente R$ 34,8 bilh\u00f5es), o maior resultado para o m\u00eas desde 1989. Al\u00e9m disso,\u00a0 o super\u00e1vit anual j\u00e1 soma US$ 42,445 bilh\u00f5es (aproximadamente R$ 239,66 bilh\u00f5es).<\/p>\n<p><a href=\"https:\/\/www.suno.com.br\/noticias\/balanca-comercial-setembro-registra-superavit-de-us-6164-bilhoes\/\">Saiba Mais: Balan\u00e7a comercial: setembro registra super\u00e1vit recorde de US$ 6,164 bi<\/a><\/p>\n<p>Apesar do recorde, tanto as exporta\u00e7\u00f5es quanto as importa\u00e7\u00f5es registraram quedas na m\u00e9dia di\u00e1ria em compara\u00e7\u00e3o ao mesmo per\u00edodo do ano passado. Entretanto, as compras vindas do exterior sofreram redu\u00e7\u00f5es dr\u00e1sticas, o que consequentemente levou a balan\u00e7a comercial a ficar positiva.<\/p>\n<p>Em valores absolutos, as <strong>exporta\u00e7\u00f5es<\/strong> somaram US$ 18,459 bilh\u00f5es em setembro, ao passo que as <strong>importa\u00e7\u00f5es<\/strong> foram de US$ 12,296 bilh\u00f5es.<\/p>\n<h2>Receita Federal:<\/h2>\n<p>O chefe do centro de estudos tribut\u00e1rios e aduaneiros da <strong><a href=\"https:\/\/www.suno.com.br\/noticias\/tags\/receita-federal\/\">Receita Federal<\/a><\/strong>, Claudemir Malaquias, expressou nesta quinta-feira (1) otimismo em rela\u00e7\u00e3o \u00e0 recupera\u00e7\u00e3o econ\u00f4mica do Brasil devido ao aumento da arrecada\u00e7\u00e3o de <a href=\"https:\/\/www.suno.com.br\/artigos\/carga-tributaria\/\">impostos<\/a>\u00a0e contribui\u00e7\u00f5es federais durante o m\u00eas de agosto.<\/p>\n<p>De acordo com a Receita Federal, o crescimento da arrecada\u00e7\u00e3o indica que a economia est\u00e1 se recuperando ap\u00f3s o pior momento da crise decorrente da <a href=\"https:\/\/www.suno.com.br\/noticias\/tags\/coronavirus\/\">pandemia do novo coronav\u00edrus (Covid-19)<\/a>. &#8220;Os principais indicadores macroecon\u00f4micos j\u00e1 indicam a recupera\u00e7\u00e3o da atividade econ\u00f4mica&#8221;, ressaltou.<\/p>\n<p><a href=\"https:\/\/www.suno.com.br\/noticias\/receita-alta-na-arrecadacao-indica-recuperacao-economica\/\">Saiba Mais: Receita Federal: alta na arrecada\u00e7\u00e3o indica uma recupera\u00e7\u00e3o econ\u00f4mica<\/a><\/p>\n<p>Os dados registraram uma arrecada\u00e7\u00e3o de impostos e <a href=\"https:\/\/www.suno.com.br\/artigos\/tributos-federais\/\">contribui\u00e7\u00f5es federais<\/a> de R$ 124 505 bilh\u00f5es no m\u00eas de agosto, o melhor resultado para o m\u00eas desde 2014. O valor indica um aumento real de 1,33% em rela\u00e7\u00e3o ao mesmo per\u00edodo do ano passado, sendo a primeira alta em compara\u00e7\u00e3o anual registrada desde janeiro.<\/p>\n<h2>PIB:<\/h2>\n<p>A <a href=\"https:\/\/www.suno.com.br\/artigos\/agencias-de-rating\/\">ag\u00eancia classifica\u00e7\u00e3o de risco Standard &amp; Poor&#8217;s (<strong>S&amp;P<\/strong>)<\/a> avaliou que a recupera\u00e7\u00e3o do Brasil depois de impactos mais acentuados da pandemia de covid-19 foi mais acelerada do que o previsto e revisou sua proje\u00e7\u00e3o para a queda do <a href=\"https:\/\/www.suno.com.br\/noticias\/pib-segundo-trimestre-2020-ibge\/\">Produto Interno Bruto (<strong>PIB<\/strong>)<\/a> em 2020, de 7% para 5,8%.<\/p>\n<p>De acordo com a S&amp;P, tr\u00eas fatores levaram a atividade econ\u00f4mica brasileira a se recuperar mais rapidamente: os est\u00edmulos monet\u00e1rios e fiscais; as medidas de isolamento social flex\u00edveis e a demanda chinesa. A estimativa para o PIB em 2021 foi mantida em 3,5%.<\/p>\n<p><a href=\"https:\/\/www.suno.com.br\/noticias\/sp-recuperacao-brasil-mais-acelerada-revisa-pib\/\">Saiba Mais: PIB: S&amp;P v\u00ea recupera\u00e7\u00e3o do Brasil mais acelerada e revisa estimativa<\/a><\/p>\n<p>\u201cA <strong>economia brasileira<\/strong>, apesar de o pa\u00eds ter um dos maiores n\u00fameros de casos de covid-19, teve um desempenho melhor do que esper\u00e1vamos no segundo trimestre, com queda anualizada de 33,5%, uma das menores entre os emergentes, excetuando a \u00c1sia\u201d, analisou a ag\u00eancia.<\/p>\n<h2>\u00daltima cota\u00e7\u00e3o do d\u00f3lar<\/h2>\n<p>De maneira distinta ao <strong>d\u00f3lar hoje<\/strong>, a moeda norte-americana encerrou o preg\u00e3o na \u00faltima quarta-feira (30) em queda de <span class=\"ng-binding\">0,44<\/span>%, negociado a R$ 5,616 na venda.<\/p>\n\t<p>\n\t\t<a href=\"https:\/\/lp.suno.com.br\/planilha-de-controle-de-investimentos\/\" target=\"_blank\" data-element=\"shortcode-suno-banner\" title=\"Banner SUNO, clique e saiba mais\">\n\t\t\t<picture>\n\t\t\t\t<source media=\"(max-width: 500px)\" srcset=\"https:\/\/files.sunoresearch.com.br\/n\/uploads\/2023\/03\/400x300-Controle-de-Investimentos.png\">\n\t\t\t\t<img class=\"newsContent__article__imgCapa newsContent__article__imgCapa--banner\"\n\t\t\t\t\tsrc=\"https:\/\/files.sunoresearch.com.br\/n\/uploads\/2023\/03\/1420x240-Controle-de-Investimentos.png\"\n\t\t\t\t\tdata-promo-id=\"75934\"\t\t\t\t\t\t\t\t\t\twidth='1420' height='240'\t\t\t\t\talt=\"https:\/\/files.sunoresearch.com.br\/n\/uploads\/2023\/03\/1420x240-Controle-de-Investimentos.png\"\n\t\t\t\t>\n\t\t\t<\/picture>\n\t\t<\/a>\n\t<\/p>\n\n\n","protected":false},"excerpt":{"rendered":"<p>O d\u00f3lar encerrou esta quinta-feira (1) em alta de 0,68%, negociado a R$ 5,6540. Por volta das 12h03, nesta sexta-feira (30), o d\u00f3lar operava em queda de 0,17%, negociado a R$ 5,7704 O d\u00f3lar abriu em leve queda nesta quinta-feira (1). Por volta das 9h10, a moeda estadunidense recuava 0,34%, a R$ 5,5923, com o [&hellip;]<\/p>\n","protected":false},"author":56,"featured_media":88912,"comment_status":"closed","ping_status":"closed","sticky":false,"template":"","format":"standard","meta":[],"categories":[60],"tags":[914,326,807,847],"suno_strategy":[],"class_list":["post-88906","post","type-post","status-publish","format-standard","has-post-thumbnail","hentry","category-mercado","tag-balanca-comercial","tag-dolar","tag-produto-interno-bruto-pib","tag-receita-federal"],"yoast_head":"<!-- This site is optimized with the Yoast SEO plugin v24.4 - https:\/\/yoast.com\/wordpress\/plugins\/seo\/ -->\n<title>D\u00f3lar encerra em alta de 0,68%, negociado a R$ 5,6540<\/title>\n<meta name=\"description\" content=\"O d\u00f3lar abriu em leve queda nesta quinta-feira (1), invertendo para uma leve alta de 0,11% por volta das 9h40. Clique aqui para saber mais.\" \/>\n<meta name=\"robots\" content=\"index, follow, max-snippet:-1, max-image-preview:large, max-video-preview:-1\" \/>\n<link rel=\"canonical\" href=\"https:\/\/www.suno.com.br\/noticias\/dolar-encerra-em-alta-de-068-negociado-a-r-56540\/\" \/>\n<meta property=\"og:locale\" content=\"pt_BR\" \/>\n<meta property=\"og:type\" content=\"article\" \/>\n<meta property=\"og:title\" content=\"D\u00f3lar encerra em alta de 0,68%, negociado a R$ 5,6540\" \/>\n<meta property=\"og:description\" content=\"O d\u00f3lar abriu em leve queda nesta quinta-feira (1), invertendo para uma leve alta de 0,11% por volta das 9h40. Clique aqui para saber mais.\" \/>\n<meta property=\"og:url\" content=\"https:\/\/www.suno.com.br\/noticias\/dolar-encerra-em-alta-de-068-negociado-a-r-56540\/\" \/>\n<meta property=\"og:site_name\" content=\"Suno Not\u00edcias\" \/>\n<meta property=\"article:publisher\" content=\"https:\/\/facebook.com\/sunoresearch\" \/>\n<meta property=\"og:image\" content=\"https:\/\/files.sunoresearch.com.br\/n\/uploads\/2020\/10\/d445a582-dolar.jpg\" \/>\n\t<meta property=\"og:image:width\" content=\"960\" \/>\n\t<meta property=\"og:image:height\" content=\"540\" \/>\n\t<meta property=\"og:image:type\" content=\"image\/jpeg\" \/>\n<meta name=\"author\" content=\"Rafaela La Regina\" \/>\n<meta name=\"twitter:card\" content=\"summary_large_image\" \/>\n<meta name=\"twitter:creator\" content=\"@sunoresearch\" \/>\n<meta name=\"twitter:site\" content=\"@sunoresearch\" \/>\n<meta name=\"twitter:label1\" content=\"Escrito por\" \/>\n\t<meta name=\"twitter:data1\" content=\"Rafaela La Regina\" \/>\n\t<meta name=\"twitter:label2\" content=\"Est. tempo de leitura\" \/>\n\t<meta name=\"twitter:data2\" content=\"3 minutos\" \/>\n<script type=\"application\/ld+json\" class=\"yoast-schema-graph\">{\"@context\":\"https:\/\/schema.org\",\"@graph\":[{\"@type\":\"NewsArticle\",\"@id\":\"https:\/\/www.suno.com.br\/noticias\/dolar-encerra-em-alta-de-068-negociado-a-r-56540\/#article\",\"isPartOf\":{\"@id\":\"https:\/\/www.suno.com.br\/noticias\/dolar-encerra-em-alta-de-068-negociado-a-r-56540\/\"},\"author\":{\"name\":\"Rafaela La Regina\",\"@id\":\"https:\/\/www.suno.com.br\/noticias\/#\/schema\/person\/e672ca8cea627fe715fa29bca7da95e0\"},\"headline\":\"D\u00f3lar encerra em alta de 0,68%, negociado a R$ 5,6540\",\"datePublished\":\"2020-10-01T20:47:42+00:00\",\"dateModified\":\"2021-05-29T23:40:05+00:00\",\"mainEntityOfPage\":{\"@id\":\"https:\/\/www.suno.com.br\/noticias\/dolar-encerra-em-alta-de-068-negociado-a-r-56540\/\"},\"wordCount\":704,\"publisher\":{\"@id\":\"https:\/\/www.suno.com.br\/noticias\/#organization\"},\"image\":{\"@id\":\"https:\/\/www.suno.com.br\/noticias\/dolar-encerra-em-alta-de-068-negociado-a-r-56540\/#primaryimage\"},\"thumbnailUrl\":\"https:\/\/files.sunoresearch.com.br\/n\/uploads\/2020\/10\/d445a582-dolar-jpg.webp\",\"keywords\":[\"balan\u00e7a comercial\",\"d\u00f3lar\",\"Produto Interno Bruto (PIB)\",\"Receita Federal\"],\"articleSection\":[\"Mercado\"],\"inLanguage\":\"pt-BR\"},{\"@type\":\"WebPage\",\"@id\":\"https:\/\/www.suno.com.br\/noticias\/dolar-encerra-em-alta-de-068-negociado-a-r-56540\/\",\"url\":\"https:\/\/www.suno.com.br\/noticias\/dolar-encerra-em-alta-de-068-negociado-a-r-56540\/\",\"name\":\"D\u00f3lar encerra em alta de 0,68%, negociado a R$ 5,6540\",\"isPartOf\":{\"@id\":\"https:\/\/www.suno.com.br\/noticias\/#website\"},\"primaryImageOfPage\":{\"@id\":\"https:\/\/www.suno.com.br\/noticias\/dolar-encerra-em-alta-de-068-negociado-a-r-56540\/#primaryimage\"},\"image\":{\"@id\":\"https:\/\/www.suno.com.br\/noticias\/dolar-encerra-em-alta-de-068-negociado-a-r-56540\/#primaryimage\"},\"thumbnailUrl\":\"https:\/\/files.sunoresearch.com.br\/n\/uploads\/2020\/10\/d445a582-dolar-jpg.webp\",\"datePublished\":\"2020-10-01T20:47:42+00:00\",\"dateModified\":\"2021-05-29T23:40:05+00:00\",\"description\":\"O d\u00f3lar abriu em leve queda nesta quinta-feira (1), invertendo para uma leve alta de 0,11% por volta das 9h40. Clique aqui para saber mais.\",\"breadcrumb\":{\"@id\":\"https:\/\/www.suno.com.br\/noticias\/dolar-encerra-em-alta-de-068-negociado-a-r-56540\/#breadcrumb\"},\"inLanguage\":\"pt-BR\",\"potentialAction\":[{\"@type\":\"ReadAction\",\"target\":[\"https:\/\/www.suno.com.br\/noticias\/dolar-encerra-em-alta-de-068-negociado-a-r-56540\/\"]}]},{\"@type\":\"ImageObject\",\"inLanguage\":\"pt-BR\",\"@id\":\"https:\/\/www.suno.com.br\/noticias\/dolar-encerra-em-alta-de-068-negociado-a-r-56540\/#primaryimage\",\"url\":\"https:\/\/files.sunoresearch.com.br\/n\/uploads\/2020\/10\/d445a582-dolar-jpg.webp\",\"contentUrl\":\"https:\/\/files.sunoresearch.com.br\/n\/uploads\/2020\/10\/d445a582-dolar-jpg.webp\",\"width\":960,\"height\":540,\"caption\":\"Por volta das 12h03, nesta sexta-feira (30), o d\u00f3lar operava em queda de 0,17%, negociado a R$ 5,7704\"},{\"@type\":\"BreadcrumbList\",\"@id\":\"https:\/\/www.suno.com.br\/noticias\/dolar-encerra-em-alta-de-068-negociado-a-r-56540\/#breadcrumb\",\"itemListElement\":[{\"@type\":\"ListItem\",\"position\":1,\"name\":\"Not\u00edcias\",\"item\":\"https:\/\/www.suno.com.br\/noticias\/\"},{\"@type\":\"ListItem\",\"position\":2,\"name\":\"Mercado\",\"item\":\"https:\/\/www.suno.com.br\/noticias\/mercado\/\"},{\"@type\":\"ListItem\",\"position\":3,\"name\":\"D\u00f3lar encerra em alta de 0,68%, negociado a R$ 5,6540\"}]},{\"@type\":\"WebSite\",\"@id\":\"https:\/\/www.suno.com.br\/noticias\/#website\",\"url\":\"https:\/\/www.suno.com.br\/noticias\/\",\"name\":\"Suno Not\u00edcias\",\"description\":\"Seu portal de informa\u00e7\u00e3o sobre o mundo dos investimentos\",\"publisher\":{\"@id\":\"https:\/\/www.suno.com.br\/noticias\/#organization\"},\"potentialAction\":[{\"@type\":\"SearchAction\",\"target\":{\"@type\":\"EntryPoint\",\"urlTemplate\":\"https:\/\/www.suno.com.br\/noticias\/?s={search_term_string}\"},\"query-input\":{\"@type\":\"PropertyValueSpecification\",\"valueRequired\":true,\"valueName\":\"search_term_string\"}}],\"inLanguage\":\"pt-BR\"},{\"@type\":\"Organization\",\"@id\":\"https:\/\/www.suno.com.br\/noticias\/#organization\",\"name\":\"Suno Not\u00edcias\",\"url\":\"https:\/\/www.suno.com.br\/noticias\/\",\"logo\":{\"@type\":\"ImageObject\",\"inLanguage\":\"pt-BR\",\"@id\":\"https:\/\/www.suno.com.br\/noticias\/#\/schema\/logo\/image\/\",\"url\":\"https:\/\/files.sunoresearch.com.br\/n\/uploads\/2021\/09\/suno-logo.png\",\"contentUrl\":\"https:\/\/files.sunoresearch.com.br\/n\/uploads\/2021\/09\/suno-logo.png\",\"width\":180,\"height\":180,\"caption\":\"Suno Not\u00edcias\"},\"image\":{\"@id\":\"https:\/\/www.suno.com.br\/noticias\/#\/schema\/logo\/image\/\"},\"sameAs\":[\"https:\/\/facebook.com\/sunoresearch\",\"https:\/\/x.com\/sunoresearch\",\"https:\/\/www.instagram.com\/suno\",\"https:\/\/www.linkedin.com\/company\/suno-research\/\",\"https:\/\/www.youtube.com\/c\/sunoresearch\"]},{\"@type\":\"Person\",\"@id\":\"https:\/\/www.suno.com.br\/noticias\/#\/schema\/person\/e672ca8cea627fe715fa29bca7da95e0\",\"name\":\"Rafaela La Regina\",\"image\":{\"@type\":\"ImageObject\",\"inLanguage\":\"pt-BR\",\"@id\":\"https:\/\/www.suno.com.br\/noticias\/#\/schema\/person\/image\/\",\"url\":\"https:\/\/secure.gravatar.com\/avatar\/d2c75a52d243deb93d0465fdcb21bd37?s=96&r=g\",\"contentUrl\":\"https:\/\/secure.gravatar.com\/avatar\/d2c75a52d243deb93d0465fdcb21bd37?s=96&r=g\",\"caption\":\"Rafaela La Regina\"},\"description\":\"Estagi\u00e1ria no Suno Not\u00edcias. Escreve sobre economia, pol\u00edtica e neg\u00f3cios. Estuda Rela\u00e7\u00f5es Internacionais no IBMEC-SP.\",\"url\":\"https:\/\/www.suno.com.br\/noticias\/author\/rafaela-la-regina\/\"}]}<\/script>\n<!-- \/ Yoast SEO plugin. -->","yoast_head_json":{"title":"D\u00f3lar encerra em alta de 0,68%, negociado a R$ 5,6540","description":"O d\u00f3lar abriu em leve queda nesta quinta-feira (1), invertendo para uma leve alta de 0,11% por volta das 9h40. Clique aqui para saber mais.","robots":{"index":"index","follow":"follow","max-snippet":"max-snippet:-1","max-image-preview":"max-image-preview:large","max-video-preview":"max-video-preview:-1"},"canonical":"https:\/\/www.suno.com.br\/noticias\/dolar-encerra-em-alta-de-068-negociado-a-r-56540\/","og_locale":"pt_BR","og_type":"article","og_title":"D\u00f3lar encerra em alta de 0,68%, negociado a R$ 5,6540","og_description":"O d\u00f3lar abriu em leve queda nesta quinta-feira (1), invertendo para uma leve alta de 0,11% por volta das 9h40. Clique aqui para saber mais.","og_url":"https:\/\/www.suno.com.br\/noticias\/dolar-encerra-em-alta-de-068-negociado-a-r-56540\/","og_site_name":"Suno Not\u00edcias","article_publisher":"https:\/\/facebook.com\/sunoresearch","og_image":[{"width":960,"height":540,"url":"https:\/\/files.sunoresearch.com.br\/n\/uploads\/2020\/10\/d445a582-dolar.jpg","type":"image\/jpeg"}],"author":"Rafaela La Regina","twitter_card":"summary_large_image","twitter_creator":"@sunoresearch","twitter_site":"@sunoresearch","twitter_misc":{"Escrito por":"Rafaela La Regina","Est. tempo de leitura":"3 minutos"},"schema":{"@context":"https:\/\/schema.org","@graph":[{"@type":"NewsArticle","@id":"https:\/\/www.suno.com.br\/noticias\/dolar-encerra-em-alta-de-068-negociado-a-r-56540\/#article","isPartOf":{"@id":"https:\/\/www.suno.com.br\/noticias\/dolar-encerra-em-alta-de-068-negociado-a-r-56540\/"},"author":{"name":"Rafaela La Regina","@id":"https:\/\/www.suno.com.br\/noticias\/#\/schema\/person\/e672ca8cea627fe715fa29bca7da95e0"},"headline":"D\u00f3lar encerra em alta de 0,68%, negociado a R$ 5,6540","datePublished":"2020-10-01T20:47:42+00:00","dateModified":"2021-05-29T23:40:05+00:00","mainEntityOfPage":{"@id":"https:\/\/www.suno.com.br\/noticias\/dolar-encerra-em-alta-de-068-negociado-a-r-56540\/"},"wordCount":704,"publisher":{"@id":"https:\/\/www.suno.com.br\/noticias\/#organization"},"image":{"@id":"https:\/\/www.suno.com.br\/noticias\/dolar-encerra-em-alta-de-068-negociado-a-r-56540\/#primaryimage"},"thumbnailUrl":"https:\/\/files.sunoresearch.com.br\/n\/uploads\/2020\/10\/d445a582-dolar-jpg.webp","keywords":["balan\u00e7a comercial","d\u00f3lar","Produto Interno Bruto (PIB)","Receita Federal"],"articleSection":["Mercado"],"inLanguage":"pt-BR"},{"@type":"WebPage","@id":"https:\/\/www.suno.com.br\/noticias\/dolar-encerra-em-alta-de-068-negociado-a-r-56540\/","url":"https:\/\/www.suno.com.br\/noticias\/dolar-encerra-em-alta-de-068-negociado-a-r-56540\/","name":"D\u00f3lar encerra em alta de 0,68%, negociado a R$ 5,6540","isPartOf":{"@id":"https:\/\/www.suno.com.br\/noticias\/#website"},"primaryImageOfPage":{"@id":"https:\/\/www.suno.com.br\/noticias\/dolar-encerra-em-alta-de-068-negociado-a-r-56540\/#primaryimage"},"image":{"@id":"https:\/\/www.suno.com.br\/noticias\/dolar-encerra-em-alta-de-068-negociado-a-r-56540\/#primaryimage"},"thumbnailUrl":"https:\/\/files.sunoresearch.com.br\/n\/uploads\/2020\/10\/d445a582-dolar-jpg.webp","datePublished":"2020-10-01T20:47:42+00:00","dateModified":"2021-05-29T23:40:05+00:00","description":"O d\u00f3lar abriu em leve queda nesta quinta-feira (1), invertendo para uma leve alta de 0,11% por volta das 9h40. Clique aqui para saber mais.","breadcrumb":{"@id":"https:\/\/www.suno.com.br\/noticias\/dolar-encerra-em-alta-de-068-negociado-a-r-56540\/#breadcrumb"},"inLanguage":"pt-BR","potentialAction":[{"@type":"ReadAction","target":["https:\/\/www.suno.com.br\/noticias\/dolar-encerra-em-alta-de-068-negociado-a-r-56540\/"]}]},{"@type":"ImageObject","inLanguage":"pt-BR","@id":"https:\/\/www.suno.com.br\/noticias\/dolar-encerra-em-alta-de-068-negociado-a-r-56540\/#primaryimage","url":"https:\/\/files.sunoresearch.com.br\/n\/uploads\/2020\/10\/d445a582-dolar-jpg.webp","contentUrl":"https:\/\/files.sunoresearch.com.br\/n\/uploads\/2020\/10\/d445a582-dolar-jpg.webp","width":960,"height":540,"caption":"Por volta das 12h03, nesta sexta-feira (30), o d\u00f3lar operava em queda de 0,17%, negociado a R$ 5,7704"},{"@type":"BreadcrumbList","@id":"https:\/\/www.suno.com.br\/noticias\/dolar-encerra-em-alta-de-068-negociado-a-r-56540\/#breadcrumb","itemListElement":[{"@type":"ListItem","position":1,"name":"Not\u00edcias","item":"https:\/\/www.suno.com.br\/noticias\/"},{"@type":"ListItem","position":2,"name":"Mercado","item":"https:\/\/www.suno.com.br\/noticias\/mercado\/"},{"@type":"ListItem","position":3,"name":"D\u00f3lar encerra em alta de 0,68%, negociado a R$ 5,6540"}]},{"@type":"WebSite","@id":"https:\/\/www.suno.com.br\/noticias\/#website","url":"https:\/\/www.suno.com.br\/noticias\/","name":"Suno Not\u00edcias","description":"Seu portal de informa\u00e7\u00e3o sobre o mundo dos investimentos","publisher":{"@id":"https:\/\/www.suno.com.br\/noticias\/#organization"},"potentialAction":[{"@type":"SearchAction","target":{"@type":"EntryPoint","urlTemplate":"https:\/\/www.suno.com.br\/noticias\/?s={search_term_string}"},"query-input":{"@type":"PropertyValueSpecification","valueRequired":true,"valueName":"search_term_string"}}],"inLanguage":"pt-BR"},{"@type":"Organization","@id":"https:\/\/www.suno.com.br\/noticias\/#organization","name":"Suno Not\u00edcias","url":"https:\/\/www.suno.com.br\/noticias\/","logo":{"@type":"ImageObject","inLanguage":"pt-BR","@id":"https:\/\/www.suno.com.br\/noticias\/#\/schema\/logo\/image\/","url":"https:\/\/files.sunoresearch.com.br\/n\/uploads\/2021\/09\/suno-logo.png","contentUrl":"https:\/\/files.sunoresearch.com.br\/n\/uploads\/2021\/09\/suno-logo.png","width":180,"height":180,"caption":"Suno Not\u00edcias"},"image":{"@id":"https:\/\/www.suno.com.br\/noticias\/#\/schema\/logo\/image\/"},"sameAs":["https:\/\/facebook.com\/sunoresearch","https:\/\/x.com\/sunoresearch","https:\/\/www.instagram.com\/suno","https:\/\/www.linkedin.com\/company\/suno-research\/","https:\/\/www.youtube.com\/c\/sunoresearch"]},{"@type":"Person","@id":"https:\/\/www.suno.com.br\/noticias\/#\/schema\/person\/e672ca8cea627fe715fa29bca7da95e0","name":"Rafaela La Regina","image":{"@type":"ImageObject","inLanguage":"pt-BR","@id":"https:\/\/www.suno.com.br\/noticias\/#\/schema\/person\/image\/","url":"https:\/\/secure.gravatar.com\/avatar\/d2c75a52d243deb93d0465fdcb21bd37?s=96&r=g","contentUrl":"https:\/\/secure.gravatar.com\/avatar\/d2c75a52d243deb93d0465fdcb21bd37?s=96&r=g","caption":"Rafaela La Regina"},"description":"Estagi\u00e1ria no Suno Not\u00edcias. Escreve sobre economia, pol\u00edtica e neg\u00f3cios. Estuda Rela\u00e7\u00f5es Internacionais no IBMEC-SP.","url":"https:\/\/www.suno.com.br\/noticias\/author\/rafaela-la-regina\/"}]}},"default_loop_html":"<div class=\"cardsPage__listCard__boxs\"><div class=\"cardsPage__listCard__boxs__img\"><a href=\"https:\/\/www.suno.com.br\/noticias\/dolar-encerra-em-alta-de-068-negociado-a-r-56540\/\"><img class=\"mask\" src=\"https:\/\/www.suno.com.br\/noticias\/wp-content\/themes\/suno\/resources\/images\/spotlight\/spotlight1img\/bg-mask.png\" alt=\"Image Mask\"\/><img src=\"https:\/\/files.sunoresearch.com.br\/n\/uploads\/2020\/10\/d445a582-dolar-400x200.webp\" alt=\"D\u00f3lar encerra em alta de 0,68%, negociado a R$ 5,6540\"\/><\/a><span class=\"spotlightCategory\"><a href=\"https:\/\/www.suno.com.br\/noticias\/mercado\/\">Mercado<\/a><\/span><\/div><div class=\"cardsPage__listCard__boxs__content\"><a href=\"https:\/\/www.suno.com.br\/noticias\/dolar-encerra-em-alta-de-068-negociado-a-r-56540\/\"><h2 class=\"content__title\">D\u00f3lar encerra em alta de 0,68%, negociado a R$ 5,6540<\/h2><\/a><div class=\"newsContent__article__meta\"><div class=\"newsContent__article__meta__authorBox\"><a href=\"https:\/\/www.suno.com.br\/noticias\/author\/rafaela-la-regina\/\" class=\"authorBox__avatar noMobi\"><img src=\"https:\/\/secure.gravatar.com\/avatar\/d2c75a52d243deb93d0465fdcb21bd37?s=96&#038;r=g\" alt=\"Rafaela La Regina\"><\/a><div class=\"authorBox__name\"><span>por\n\t\t\t<a href=\"https:\/\/www.suno.com.br\/noticias\/author\/rafaela-la-regina\/\"><span itemprop=\"author\">Rafaela La Regina<\/span><\/a><\/span><time datetime=\"2020-10-01T17:47:42-03:00\" itemprop=\"datePublished\">01\/10\/2020 17:47<\/time><\/div><\/div><\/div><\/div><\/div>","single_layout":"posts","amp_enabled":true,"_links":{"self":[{"href":"https:\/\/www.suno.com.br\/noticias\/wp-json\/wp\/v2\/posts\/88906"}],"collection":[{"href":"https:\/\/www.suno.com.br\/noticias\/wp-json\/wp\/v2\/posts"}],"about":[{"href":"https:\/\/www.suno.com.br\/noticias\/wp-json\/wp\/v2\/types\/post"}],"author":[{"embeddable":true,"href":"https:\/\/www.suno.com.br\/noticias\/wp-json\/wp\/v2\/users\/56"}],"replies":[{"embeddable":true,"href":"https:\/\/www.suno.com.br\/noticias\/wp-json\/wp\/v2\/comments?post=88906"}],"version-history":[{"count":1,"href":"https:\/\/www.suno.com.br\/noticias\/wp-json\/wp\/v2\/posts\/88906\/revisions"}],"predecessor-version":[{"id":152229,"href":"https:\/\/www.suno.com.br\/noticias\/wp-json\/wp\/v2\/posts\/88906\/revisions\/152229"}],"wp:featuredmedia":[{"embeddable":true,"href":"https:\/\/www.suno.com.br\/noticias\/wp-json\/wp\/v2\/media\/88912"}],"wp:attachment":[{"href":"https:\/\/www.suno.com.br\/noticias\/wp-json\/wp\/v2\/media?parent=88906"}],"wp:term":[{"taxonomy":"category","embeddable":true,"href":"https:\/\/www.suno.com.br\/noticias\/wp-json\/wp\/v2\/categories?post=88906"},{"taxonomy":"post_tag","embeddable":true,"href":"https:\/\/www.suno.com.br\/noticias\/wp-json\/wp\/v2\/tags?post=88906"},{"taxonomy":"suno_strategy","embeddable":true,"href":"https:\/\/www.suno.com.br\/noticias\/wp-json\/wp\/v2\/suno_strategy?post=88906"}],"curies":[{"name":"wp","href":"https:\/\/api.w.org\/{rel}","templated":true}]}}