{"id":88840,"date":"2020-10-01T15:35:36","date_gmt":"2020-10-01T18:35:36","guid":{"rendered":"https:\/\/www.suno.com.br\/noticias\/?p=88840"},"modified":"2020-10-01T15:35:36","modified_gmt":"2020-10-01T18:35:36","slug":"receita-alta-na-arrecadacao-indica-recuperacao-economica","status":"publish","type":"post","link":"https:\/\/www.suno.com.br\/noticias\/receita-alta-na-arrecadacao-indica-recuperacao-economica\/","title":{"rendered":"Receita Federal: alta na arrecada\u00e7\u00e3o indica uma recupera\u00e7\u00e3o econ\u00f4mica"},"content":{"rendered":"<p>O chefe do centro de estudos tribut\u00e1rios e aduaneiros da <strong><a href=\"https:\/\/www.suno.com.br\/noticias\/tags\/receita-federal\/\">Receita Federal<\/a><\/strong>, Claudemir Malaquias, expressou nesta quinta-feira (1) otimismo em rela\u00e7\u00e3o \u00e0 recupera\u00e7\u00e3o econ\u00f4mica do Brasil devido ao aumento da arrecada\u00e7\u00e3o de <a href=\"https:\/\/www.suno.com.br\/artigos\/carga-tributaria\/\">impostos<\/a>\u00a0e contribui\u00e7\u00f5es federais durante o m\u00eas de agosto.<\/p>\t<div class=\"wrapper-featured-image\">\n\t\t<figure class=\"spotlightImg\">\n\n\t\t\t<picture>\n\t\t\t\t<source media=\"(max-width: 768px)\" srcset=\"https:\/\/files.sunoresearch.com.br\/n\/uploads\/2020\/10\/b1fc616a-receita-federal-800x450-1-400x200.webp\">\n\t\t\t\t<img loading=\"lazy\" decoding=\"async\" class=\"newsContent__article__imgCapa lazyloadDisabled \" src=\"https:\/\/files.sunoresearch.com.br\/n\/uploads\/2020\/10\/b1fc616a-receita-federal-800x450-1-jpg.webp\" width=\"800\" height=\"450\" alt=\"Receita Federal: alta na arrecada\u00e7\u00e3o indica uma recupera\u00e7\u00e3o econ\u00f4mica\" fetchpriority=high \/>\n\t\t\t<\/picture>\n\n\t\t\t<figcaption class=\"wp-caption-text wp-caption-text--show\">De acordo com a Receita Federal, o crescimento da arrecada\u00e7\u00e3o indica que a economia est\u00e1 se recuperando ap\u00f3s o pior momento da crise decorrente da pandemia do novo coronav\u00edrus (Covid-19).<\/figcaption>\n\t\t<\/figure>\n\t<\/div>\n\n\n\n<p>De acordo com a Receita Federal, o crescimento da arrecada\u00e7\u00e3o indica que a economia est\u00e1 se recuperando ap\u00f3s o pior momento da crise decorrente da <a href=\"https:\/\/www.suno.com.br\/noticias\/tags\/coronavirus\/\">pandemia do novo coronav\u00edrus (Covid-19)<\/a>. &#8220;Os principais indicadores macroecon\u00f4micos j\u00e1 indicam a recupera\u00e7\u00e3o da atividade econ\u00f4mica&#8221;, ressaltou.<\/p>\n<p>Os dados registraram uma arrecada\u00e7\u00e3o de impostos e <a href=\"https:\/\/www.suno.com.br\/artigos\/tributos-federais\/\">contribui\u00e7\u00f5es federais<\/a> de R$ 124 505 bilh\u00f5es no m\u00eas de agosto, o melhor resultado para o m\u00eas desde 2014. O valor indica um aumento real de 1,33% em rela\u00e7\u00e3o ao mesmo per\u00edodo do ano passado, sendo a primeira alta em compara\u00e7\u00e3o anual registrada desde janeiro.<\/p>\n<p><a href=\"https:\/\/lp.suno.com.br\/suno-one\/\">Suno One: acesse gratuitamente eBooks, Minicursos, Artigos e Video Aulas sobre investimentos com um \u00fanico cadastro. Clique para saber mais!<\/a><\/p>\n<p>A retomada do pagamento de impostos diferidos durante a <strong>pandemia da covid-19<\/strong> alcan\u00e7ou o valor de R$ 17,294 bilh\u00f5es em agosto, ao passo que as previs\u00f5es da Receita era de R$ 23,220 bilh\u00f5es naquele m\u00eas.<\/p>\n<p>&#8220;Verificamos que o crescimento das compensa\u00e7\u00f5es tribut\u00e1rias foi usado para quitar os valores diferidos&#8221;, informou Malaquias. <strong>O Fisco<\/strong> destacou que as compensa\u00e7\u00f5es tribut\u00e1rias cresceram 97,88% no m\u00eas em rela\u00e7\u00e3o ao mesmo per\u00edodo do ano passado, chegando a R$ 18,096 bilh\u00f5es.<\/p>\n<p>Enquanto o recolhimento de <a href=\"https:\/\/www.suno.com.br\/artigos\/csll\/\">IRPJ<\/a> e <a href=\"https:\/\/www.suno.com.br\/artigos\/csll\/\">CSLL<\/a>, por estimativa mensal, caiu 31,60% em agosto em compara\u00e7\u00e3o com agosto de 2019. J\u00e1 a apura\u00e7\u00e3o por <strong>balan\u00e7o trimestral<\/strong> apresentou alta de 19,94% na mesma compara\u00e7\u00e3o. No lucro presumido, houve queda de 3,19%.<\/p>\n<p>Segundo Malaquias, o resultado do desempenho positivo trouxe otimismo ao Fisco, que informou acreditar que o m\u00eas de setembro tamb\u00e9m trar\u00e1 bons resultados. &#8220;J\u00e1 passamos do ponto de inflex\u00e3o e estamos em trajet\u00f3ria ascendente da arrecada\u00e7\u00e3o. A arrecada\u00e7\u00e3o de setembro ser\u00e1 positiva e muito melhor que a de agosto&#8221;, declarou.<\/p>\n<p>As medidas antic\u00edclicas adotadas pelo governo durante a crise gerada pela pandemia do coronav\u00edrus foram bastante assertivas e possibilitar\u00e3o uma retomada mais r\u00e1pida da <strong>economia<\/strong>, informou o chefe do centro.<\/p>\n<p>&#8220;As medidas buscaram preservar a sa\u00fade das empresas e estamos com uma vis\u00e3o otimista sobre retomada da economia. O diferimento de tributos, a <strong>libera\u00e7\u00e3o de cr\u00e9dito<\/strong> e as medidas para a preserva\u00e7\u00e3o do emprego possibilitaram uma retomada mais forte das empresas&#8221;, concluiu.<\/p>\n<h2>Receita Federal fala sobre &#8220;IOF zero&#8221;<\/h2>\n<p>Malaquias tamb\u00e9m afirmou que o governo debate uma nova prorroga\u00e7\u00e3o, at\u00e9 o fim de 2020, da suspens\u00e3o da <a href=\"https:\/\/www.suno.com.br\/artigos\/iof\/\">al\u00edquota do Imposto sobre Opera\u00e7\u00f5es Financeiras<\/a> <a href=\"https:\/\/www.suno.com.br\/artigos\/iof\/\">(IOF)<\/a> que incide sobre opera\u00e7\u00f5es de cr\u00e9dito.<\/p>\n<p><a href=\"https:\/\/www.suno.com.br\/noticias\/imposto-de-renda-receita-federal-declaracoes\/\">Veja tamb\u00e9m: Imposto de Renda: Receita Federal recebe 20,3 milh\u00f5es de declara\u00e7\u00f5es<\/a><\/p>\n<p>A suspens\u00e3o da cobran\u00e7a foi anunciada no come\u00e7o de abril, por 90 dias, e renovada por mais 90 dias em julho. Segundo a Receita Federal, a medida custar\u00e1 R$ 14 bilh\u00f5es ao governo nesses 180 dias.<\/p>\n<p>&#8220;O IOF \u00e9 tributo regulat\u00f3rio, que pode ser flexibilizado a depender da situa\u00e7\u00e3o econ\u00f4mica. O governo discute sim a prorroga\u00e7\u00e3o dessa medida de IOF no cr\u00e9dito at\u00e9 o fim deste ano. Isso pode ser discutido tamb\u00e9m para 2021, se houver necessidade, mas n\u00e3o h\u00e1 nada ainda que aponte para isso&#8221;, finalizou o chefe do centro de estudos tribut\u00e1rios e aduaneiros da <strong>Receita Federal<\/strong>.<\/p>\n<p>Com informa\u00e7\u00f5es do Estad\u00e3o Conte\u00fado<\/p>\n\n","protected":false},"excerpt":{"rendered":"<p>O chefe do centro de estudos tribut\u00e1rios e aduaneiros da Receita Federal, Claudemir Malaquias, expressou nesta quinta-feira (1) otimismo em rela\u00e7\u00e3o \u00e0 recupera\u00e7\u00e3o econ\u00f4mica do Brasil devido ao aumento da arrecada\u00e7\u00e3o de impostos\u00a0e contribui\u00e7\u00f5es federais durante o m\u00eas de agosto. De acordo com a Receita Federal, o crescimento da arrecada\u00e7\u00e3o indica que a economia est\u00e1 [&hellip;]<\/p>\n","protected":false},"author":56,"featured_media":88851,"comment_status":"closed","ping_status":"closed","sticky":false,"template":"","format":"standard","meta":[],"categories":[62],"tags":[5255,2251,847],"suno_strategy":[],"class_list":["post-88840","post","type-post","status-publish","format-standard","has-post-thumbnail","hentry","category-economia","tag-covid-19","tag-economia-brasileira","tag-receita-federal"],"yoast_head":"<!-- This site is optimized with the Yoast SEO plugin v24.4 - https:\/\/yoast.com\/wordpress\/plugins\/seo\/ -->\n<title>Receita Federal: alta na arrecada\u00e7\u00e3o indica uma recupera\u00e7\u00e3o econ\u00f4mica<\/title>\n<meta name=\"description\" content=\"Segundo a Receita Federal, o crescimento da arrecada\u00e7\u00e3o indica que a economia est\u00e1 se recuperando da crise. Clique aqui para saber mais.\" \/>\n<meta name=\"robots\" content=\"index, follow, max-snippet:-1, max-image-preview:large, max-video-preview:-1\" \/>\n<link rel=\"canonical\" href=\"https:\/\/www.suno.com.br\/noticias\/receita-alta-na-arrecadacao-indica-recuperacao-economica\/\" \/>\n<meta property=\"og:locale\" content=\"pt_BR\" \/>\n<meta property=\"og:type\" content=\"article\" \/>\n<meta property=\"og:title\" content=\"Receita Federal: alta na arrecada\u00e7\u00e3o indica uma recupera\u00e7\u00e3o econ\u00f4mica\" \/>\n<meta property=\"og:description\" content=\"Segundo a Receita Federal, o crescimento da arrecada\u00e7\u00e3o indica que a economia est\u00e1 se recuperando da crise. Clique aqui para saber mais.\" \/>\n<meta property=\"og:url\" content=\"https:\/\/www.suno.com.br\/noticias\/receita-alta-na-arrecadacao-indica-recuperacao-economica\/\" \/>\n<meta property=\"og:site_name\" content=\"Suno Not\u00edcias\" \/>\n<meta property=\"article:publisher\" content=\"https:\/\/facebook.com\/sunoresearch\" \/>\n<meta property=\"og:image\" content=\"https:\/\/files.sunoresearch.com.br\/n\/uploads\/2020\/10\/b1fc616a-receita-federal-800x450-1.jpg\" \/>\n\t<meta property=\"og:image:width\" content=\"800\" \/>\n\t<meta property=\"og:image:height\" content=\"450\" \/>\n\t<meta property=\"og:image:type\" content=\"image\/jpeg\" \/>\n<meta name=\"author\" content=\"Rafaela La Regina\" \/>\n<meta name=\"twitter:card\" content=\"summary_large_image\" \/>\n<meta name=\"twitter:creator\" content=\"@sunoresearch\" \/>\n<meta name=\"twitter:site\" content=\"@sunoresearch\" \/>\n<meta name=\"twitter:label1\" content=\"Escrito por\" \/>\n\t<meta name=\"twitter:data1\" content=\"Rafaela La Regina\" \/>\n\t<meta name=\"twitter:label2\" content=\"Est. tempo de leitura\" \/>\n\t<meta name=\"twitter:data2\" content=\"3 minutos\" \/>\n<script type=\"application\/ld+json\" class=\"yoast-schema-graph\">{\"@context\":\"https:\/\/schema.org\",\"@graph\":[{\"@type\":\"NewsArticle\",\"@id\":\"https:\/\/www.suno.com.br\/noticias\/receita-alta-na-arrecadacao-indica-recuperacao-economica\/#article\",\"isPartOf\":{\"@id\":\"https:\/\/www.suno.com.br\/noticias\/receita-alta-na-arrecadacao-indica-recuperacao-economica\/\"},\"author\":{\"name\":\"Rafaela La Regina\",\"@id\":\"https:\/\/www.suno.com.br\/noticias\/#\/schema\/person\/e672ca8cea627fe715fa29bca7da95e0\"},\"headline\":\"Receita Federal: alta na arrecada\u00e7\u00e3o indica uma recupera\u00e7\u00e3o econ\u00f4mica\",\"datePublished\":\"2020-10-01T18:35:36+00:00\",\"mainEntityOfPage\":{\"@id\":\"https:\/\/www.suno.com.br\/noticias\/receita-alta-na-arrecadacao-indica-recuperacao-economica\/\"},\"wordCount\":622,\"publisher\":{\"@id\":\"https:\/\/www.suno.com.br\/noticias\/#organization\"},\"image\":{\"@id\":\"https:\/\/www.suno.com.br\/noticias\/receita-alta-na-arrecadacao-indica-recuperacao-economica\/#primaryimage\"},\"thumbnailUrl\":\"https:\/\/files.sunoresearch.com.br\/n\/uploads\/2020\/10\/b1fc616a-receita-federal-800x450-1-jpg.webp\",\"keywords\":[\"covid-19\",\"economia brasileira\",\"Receita Federal\"],\"articleSection\":[\"Economia\"],\"inLanguage\":\"pt-BR\"},{\"@type\":\"WebPage\",\"@id\":\"https:\/\/www.suno.com.br\/noticias\/receita-alta-na-arrecadacao-indica-recuperacao-economica\/\",\"url\":\"https:\/\/www.suno.com.br\/noticias\/receita-alta-na-arrecadacao-indica-recuperacao-economica\/\",\"name\":\"Receita Federal: alta na arrecada\u00e7\u00e3o indica uma recupera\u00e7\u00e3o econ\u00f4mica\",\"isPartOf\":{\"@id\":\"https:\/\/www.suno.com.br\/noticias\/#website\"},\"primaryImageOfPage\":{\"@id\":\"https:\/\/www.suno.com.br\/noticias\/receita-alta-na-arrecadacao-indica-recuperacao-economica\/#primaryimage\"},\"image\":{\"@id\":\"https:\/\/www.suno.com.br\/noticias\/receita-alta-na-arrecadacao-indica-recuperacao-economica\/#primaryimage\"},\"thumbnailUrl\":\"https:\/\/files.sunoresearch.com.br\/n\/uploads\/2020\/10\/b1fc616a-receita-federal-800x450-1-jpg.webp\",\"datePublished\":\"2020-10-01T18:35:36+00:00\",\"description\":\"Segundo a Receita Federal, o crescimento da arrecada\u00e7\u00e3o indica que a economia est\u00e1 se recuperando da crise. Clique aqui para saber mais.\",\"breadcrumb\":{\"@id\":\"https:\/\/www.suno.com.br\/noticias\/receita-alta-na-arrecadacao-indica-recuperacao-economica\/#breadcrumb\"},\"inLanguage\":\"pt-BR\",\"potentialAction\":[{\"@type\":\"ReadAction\",\"target\":[\"https:\/\/www.suno.com.br\/noticias\/receita-alta-na-arrecadacao-indica-recuperacao-economica\/\"]}]},{\"@type\":\"ImageObject\",\"inLanguage\":\"pt-BR\",\"@id\":\"https:\/\/www.suno.com.br\/noticias\/receita-alta-na-arrecadacao-indica-recuperacao-economica\/#primaryimage\",\"url\":\"https:\/\/files.sunoresearch.com.br\/n\/uploads\/2020\/10\/b1fc616a-receita-federal-800x450-1-jpg.webp\",\"contentUrl\":\"https:\/\/files.sunoresearch.com.br\/n\/uploads\/2020\/10\/b1fc616a-receita-federal-800x450-1-jpg.webp\",\"width\":800,\"height\":450,\"caption\":\"De acordo com a Receita Federal, o crescimento da arrecada\u00e7\u00e3o indica que a economia est\u00e1 se recuperando ap\u00f3s o pior momento da crise decorrente da pandemia do novo coronav\u00edrus (Covid-19).\"},{\"@type\":\"BreadcrumbList\",\"@id\":\"https:\/\/www.suno.com.br\/noticias\/receita-alta-na-arrecadacao-indica-recuperacao-economica\/#breadcrumb\",\"itemListElement\":[{\"@type\":\"ListItem\",\"position\":1,\"name\":\"Not\u00edcias\",\"item\":\"https:\/\/www.suno.com.br\/noticias\/\"},{\"@type\":\"ListItem\",\"position\":2,\"name\":\"Economia\",\"item\":\"https:\/\/www.suno.com.br\/noticias\/economia\/\"},{\"@type\":\"ListItem\",\"position\":3,\"name\":\"Receita Federal: alta na arrecada\u00e7\u00e3o indica uma recupera\u00e7\u00e3o econ\u00f4mica\"}]},{\"@type\":\"WebSite\",\"@id\":\"https:\/\/www.suno.com.br\/noticias\/#website\",\"url\":\"https:\/\/www.suno.com.br\/noticias\/\",\"name\":\"Suno Not\u00edcias\",\"description\":\"Seu portal de informa\u00e7\u00e3o sobre o mundo dos investimentos\",\"publisher\":{\"@id\":\"https:\/\/www.suno.com.br\/noticias\/#organization\"},\"potentialAction\":[{\"@type\":\"SearchAction\",\"target\":{\"@type\":\"EntryPoint\",\"urlTemplate\":\"https:\/\/www.suno.com.br\/noticias\/?s={search_term_string}\"},\"query-input\":{\"@type\":\"PropertyValueSpecification\",\"valueRequired\":true,\"valueName\":\"search_term_string\"}}],\"inLanguage\":\"pt-BR\"},{\"@type\":\"Organization\",\"@id\":\"https:\/\/www.suno.com.br\/noticias\/#organization\",\"name\":\"Suno Not\u00edcias\",\"url\":\"https:\/\/www.suno.com.br\/noticias\/\",\"logo\":{\"@type\":\"ImageObject\",\"inLanguage\":\"pt-BR\",\"@id\":\"https:\/\/www.suno.com.br\/noticias\/#\/schema\/logo\/image\/\",\"url\":\"https:\/\/files.sunoresearch.com.br\/n\/uploads\/2021\/09\/suno-logo.png\",\"contentUrl\":\"https:\/\/files.sunoresearch.com.br\/n\/uploads\/2021\/09\/suno-logo.png\",\"width\":180,\"height\":180,\"caption\":\"Suno Not\u00edcias\"},\"image\":{\"@id\":\"https:\/\/www.suno.com.br\/noticias\/#\/schema\/logo\/image\/\"},\"sameAs\":[\"https:\/\/facebook.com\/sunoresearch\",\"https:\/\/x.com\/sunoresearch\",\"https:\/\/www.instagram.com\/suno\",\"https:\/\/www.linkedin.com\/company\/suno-research\/\",\"https:\/\/www.youtube.com\/c\/sunoresearch\"]},{\"@type\":\"Person\",\"@id\":\"https:\/\/www.suno.com.br\/noticias\/#\/schema\/person\/e672ca8cea627fe715fa29bca7da95e0\",\"name\":\"Rafaela La Regina\",\"image\":{\"@type\":\"ImageObject\",\"inLanguage\":\"pt-BR\",\"@id\":\"https:\/\/www.suno.com.br\/noticias\/#\/schema\/person\/image\/\",\"url\":\"https:\/\/secure.gravatar.com\/avatar\/d2c75a52d243deb93d0465fdcb21bd37?s=96&r=g\",\"contentUrl\":\"https:\/\/secure.gravatar.com\/avatar\/d2c75a52d243deb93d0465fdcb21bd37?s=96&r=g\",\"caption\":\"Rafaela La Regina\"},\"description\":\"Estagi\u00e1ria no Suno Not\u00edcias. Escreve sobre economia, pol\u00edtica e neg\u00f3cios. Estuda Rela\u00e7\u00f5es Internacionais no IBMEC-SP.\",\"url\":\"https:\/\/www.suno.com.br\/noticias\/author\/rafaela-la-regina\/\"}]}<\/script>\n<!-- \/ Yoast SEO plugin. -->","yoast_head_json":{"title":"Receita Federal: alta na arrecada\u00e7\u00e3o indica uma recupera\u00e7\u00e3o econ\u00f4mica","description":"Segundo a Receita Federal, o crescimento da arrecada\u00e7\u00e3o indica que a economia est\u00e1 se recuperando da crise. Clique aqui para saber mais.","robots":{"index":"index","follow":"follow","max-snippet":"max-snippet:-1","max-image-preview":"max-image-preview:large","max-video-preview":"max-video-preview:-1"},"canonical":"https:\/\/www.suno.com.br\/noticias\/receita-alta-na-arrecadacao-indica-recuperacao-economica\/","og_locale":"pt_BR","og_type":"article","og_title":"Receita Federal: alta na arrecada\u00e7\u00e3o indica uma recupera\u00e7\u00e3o econ\u00f4mica","og_description":"Segundo a Receita Federal, o crescimento da arrecada\u00e7\u00e3o indica que a economia est\u00e1 se recuperando da crise. Clique aqui para saber mais.","og_url":"https:\/\/www.suno.com.br\/noticias\/receita-alta-na-arrecadacao-indica-recuperacao-economica\/","og_site_name":"Suno Not\u00edcias","article_publisher":"https:\/\/facebook.com\/sunoresearch","og_image":[{"width":800,"height":450,"url":"https:\/\/files.sunoresearch.com.br\/n\/uploads\/2020\/10\/b1fc616a-receita-federal-800x450-1.jpg","type":"image\/jpeg"}],"author":"Rafaela La Regina","twitter_card":"summary_large_image","twitter_creator":"@sunoresearch","twitter_site":"@sunoresearch","twitter_misc":{"Escrito por":"Rafaela La Regina","Est. tempo de leitura":"3 minutos"},"schema":{"@context":"https:\/\/schema.org","@graph":[{"@type":"NewsArticle","@id":"https:\/\/www.suno.com.br\/noticias\/receita-alta-na-arrecadacao-indica-recuperacao-economica\/#article","isPartOf":{"@id":"https:\/\/www.suno.com.br\/noticias\/receita-alta-na-arrecadacao-indica-recuperacao-economica\/"},"author":{"name":"Rafaela La Regina","@id":"https:\/\/www.suno.com.br\/noticias\/#\/schema\/person\/e672ca8cea627fe715fa29bca7da95e0"},"headline":"Receita Federal: alta na arrecada\u00e7\u00e3o indica uma recupera\u00e7\u00e3o econ\u00f4mica","datePublished":"2020-10-01T18:35:36+00:00","mainEntityOfPage":{"@id":"https:\/\/www.suno.com.br\/noticias\/receita-alta-na-arrecadacao-indica-recuperacao-economica\/"},"wordCount":622,"publisher":{"@id":"https:\/\/www.suno.com.br\/noticias\/#organization"},"image":{"@id":"https:\/\/www.suno.com.br\/noticias\/receita-alta-na-arrecadacao-indica-recuperacao-economica\/#primaryimage"},"thumbnailUrl":"https:\/\/files.sunoresearch.com.br\/n\/uploads\/2020\/10\/b1fc616a-receita-federal-800x450-1-jpg.webp","keywords":["covid-19","economia brasileira","Receita Federal"],"articleSection":["Economia"],"inLanguage":"pt-BR"},{"@type":"WebPage","@id":"https:\/\/www.suno.com.br\/noticias\/receita-alta-na-arrecadacao-indica-recuperacao-economica\/","url":"https:\/\/www.suno.com.br\/noticias\/receita-alta-na-arrecadacao-indica-recuperacao-economica\/","name":"Receita Federal: alta na arrecada\u00e7\u00e3o indica uma recupera\u00e7\u00e3o econ\u00f4mica","isPartOf":{"@id":"https:\/\/www.suno.com.br\/noticias\/#website"},"primaryImageOfPage":{"@id":"https:\/\/www.suno.com.br\/noticias\/receita-alta-na-arrecadacao-indica-recuperacao-economica\/#primaryimage"},"image":{"@id":"https:\/\/www.suno.com.br\/noticias\/receita-alta-na-arrecadacao-indica-recuperacao-economica\/#primaryimage"},"thumbnailUrl":"https:\/\/files.sunoresearch.com.br\/n\/uploads\/2020\/10\/b1fc616a-receita-federal-800x450-1-jpg.webp","datePublished":"2020-10-01T18:35:36+00:00","description":"Segundo a Receita Federal, o crescimento da arrecada\u00e7\u00e3o indica que a economia est\u00e1 se recuperando da crise. Clique aqui para saber mais.","breadcrumb":{"@id":"https:\/\/www.suno.com.br\/noticias\/receita-alta-na-arrecadacao-indica-recuperacao-economica\/#breadcrumb"},"inLanguage":"pt-BR","potentialAction":[{"@type":"ReadAction","target":["https:\/\/www.suno.com.br\/noticias\/receita-alta-na-arrecadacao-indica-recuperacao-economica\/"]}]},{"@type":"ImageObject","inLanguage":"pt-BR","@id":"https:\/\/www.suno.com.br\/noticias\/receita-alta-na-arrecadacao-indica-recuperacao-economica\/#primaryimage","url":"https:\/\/files.sunoresearch.com.br\/n\/uploads\/2020\/10\/b1fc616a-receita-federal-800x450-1-jpg.webp","contentUrl":"https:\/\/files.sunoresearch.com.br\/n\/uploads\/2020\/10\/b1fc616a-receita-federal-800x450-1-jpg.webp","width":800,"height":450,"caption":"De acordo com a Receita Federal, o crescimento da arrecada\u00e7\u00e3o indica que a economia est\u00e1 se recuperando ap\u00f3s o pior momento da crise decorrente da pandemia do novo coronav\u00edrus (Covid-19)."},{"@type":"BreadcrumbList","@id":"https:\/\/www.suno.com.br\/noticias\/receita-alta-na-arrecadacao-indica-recuperacao-economica\/#breadcrumb","itemListElement":[{"@type":"ListItem","position":1,"name":"Not\u00edcias","item":"https:\/\/www.suno.com.br\/noticias\/"},{"@type":"ListItem","position":2,"name":"Economia","item":"https:\/\/www.suno.com.br\/noticias\/economia\/"},{"@type":"ListItem","position":3,"name":"Receita Federal: alta na arrecada\u00e7\u00e3o indica uma recupera\u00e7\u00e3o econ\u00f4mica"}]},{"@type":"WebSite","@id":"https:\/\/www.suno.com.br\/noticias\/#website","url":"https:\/\/www.suno.com.br\/noticias\/","name":"Suno Not\u00edcias","description":"Seu portal de informa\u00e7\u00e3o sobre o mundo dos investimentos","publisher":{"@id":"https:\/\/www.suno.com.br\/noticias\/#organization"},"potentialAction":[{"@type":"SearchAction","target":{"@type":"EntryPoint","urlTemplate":"https:\/\/www.suno.com.br\/noticias\/?s={search_term_string}"},"query-input":{"@type":"PropertyValueSpecification","valueRequired":true,"valueName":"search_term_string"}}],"inLanguage":"pt-BR"},{"@type":"Organization","@id":"https:\/\/www.suno.com.br\/noticias\/#organization","name":"Suno Not\u00edcias","url":"https:\/\/www.suno.com.br\/noticias\/","logo":{"@type":"ImageObject","inLanguage":"pt-BR","@id":"https:\/\/www.suno.com.br\/noticias\/#\/schema\/logo\/image\/","url":"https:\/\/files.sunoresearch.com.br\/n\/uploads\/2021\/09\/suno-logo.png","contentUrl":"https:\/\/files.sunoresearch.com.br\/n\/uploads\/2021\/09\/suno-logo.png","width":180,"height":180,"caption":"Suno Not\u00edcias"},"image":{"@id":"https:\/\/www.suno.com.br\/noticias\/#\/schema\/logo\/image\/"},"sameAs":["https:\/\/facebook.com\/sunoresearch","https:\/\/x.com\/sunoresearch","https:\/\/www.instagram.com\/suno","https:\/\/www.linkedin.com\/company\/suno-research\/","https:\/\/www.youtube.com\/c\/sunoresearch"]},{"@type":"Person","@id":"https:\/\/www.suno.com.br\/noticias\/#\/schema\/person\/e672ca8cea627fe715fa29bca7da95e0","name":"Rafaela La Regina","image":{"@type":"ImageObject","inLanguage":"pt-BR","@id":"https:\/\/www.suno.com.br\/noticias\/#\/schema\/person\/image\/","url":"https:\/\/secure.gravatar.com\/avatar\/d2c75a52d243deb93d0465fdcb21bd37?s=96&r=g","contentUrl":"https:\/\/secure.gravatar.com\/avatar\/d2c75a52d243deb93d0465fdcb21bd37?s=96&r=g","caption":"Rafaela La Regina"},"description":"Estagi\u00e1ria no Suno Not\u00edcias. Escreve sobre economia, pol\u00edtica e neg\u00f3cios. Estuda Rela\u00e7\u00f5es Internacionais no IBMEC-SP.","url":"https:\/\/www.suno.com.br\/noticias\/author\/rafaela-la-regina\/"}]}},"default_loop_html":"<div class=\"cardsPage__listCard__boxs\"><div class=\"cardsPage__listCard__boxs__img\"><a href=\"https:\/\/www.suno.com.br\/noticias\/receita-alta-na-arrecadacao-indica-recuperacao-economica\/\"><img class=\"mask\" src=\"https:\/\/www.suno.com.br\/noticias\/wp-content\/themes\/suno\/resources\/images\/spotlight\/spotlight1img\/bg-mask.png\" alt=\"Image Mask\"\/><img src=\"https:\/\/files.sunoresearch.com.br\/n\/uploads\/2020\/10\/b1fc616a-receita-federal-800x450-1-400x200.webp\" alt=\"Receita Federal: alta na arrecada\u00e7\u00e3o indica uma recupera\u00e7\u00e3o econ\u00f4mica\"\/><\/a><span class=\"spotlightCategory\"><a href=\"https:\/\/www.suno.com.br\/noticias\/economia\/\">Economia<\/a><\/span><\/div><div class=\"cardsPage__listCard__boxs__content\"><a href=\"https:\/\/www.suno.com.br\/noticias\/receita-alta-na-arrecadacao-indica-recuperacao-economica\/\"><h2 class=\"content__title\">Receita Federal: alta na arrecada\u00e7\u00e3o indica uma recupera\u00e7\u00e3o econ\u00f4mica<\/h2><\/a><div class=\"newsContent__article__meta\"><div class=\"newsContent__article__meta__authorBox\"><a href=\"https:\/\/www.suno.com.br\/noticias\/author\/rafaela-la-regina\/\" class=\"authorBox__avatar noMobi\"><img src=\"https:\/\/secure.gravatar.com\/avatar\/d2c75a52d243deb93d0465fdcb21bd37?s=96&#038;r=g\" alt=\"Rafaela La Regina\"><\/a><div class=\"authorBox__name\"><span>por\n\t\t\t<a href=\"https:\/\/www.suno.com.br\/noticias\/author\/rafaela-la-regina\/\"><span itemprop=\"author\">Rafaela La Regina<\/span><\/a><\/span><time datetime=\"2020-10-01T15:35:36-03:00\" itemprop=\"datePublished\">01\/10\/2020 15:35<\/time><\/div><\/div><\/div><\/div><\/div>","single_layout":"posts","amp_enabled":true,"_links":{"self":[{"href":"https:\/\/www.suno.com.br\/noticias\/wp-json\/wp\/v2\/posts\/88840"}],"collection":[{"href":"https:\/\/www.suno.com.br\/noticias\/wp-json\/wp\/v2\/posts"}],"about":[{"href":"https:\/\/www.suno.com.br\/noticias\/wp-json\/wp\/v2\/types\/post"}],"author":[{"embeddable":true,"href":"https:\/\/www.suno.com.br\/noticias\/wp-json\/wp\/v2\/users\/56"}],"replies":[{"embeddable":true,"href":"https:\/\/www.suno.com.br\/noticias\/wp-json\/wp\/v2\/comments?post=88840"}],"version-history":[{"count":0,"href":"https:\/\/www.suno.com.br\/noticias\/wp-json\/wp\/v2\/posts\/88840\/revisions"}],"wp:featuredmedia":[{"embeddable":true,"href":"https:\/\/www.suno.com.br\/noticias\/wp-json\/wp\/v2\/media\/88851"}],"wp:attachment":[{"href":"https:\/\/www.suno.com.br\/noticias\/wp-json\/wp\/v2\/media?parent=88840"}],"wp:term":[{"taxonomy":"category","embeddable":true,"href":"https:\/\/www.suno.com.br\/noticias\/wp-json\/wp\/v2\/categories?post=88840"},{"taxonomy":"post_tag","embeddable":true,"href":"https:\/\/www.suno.com.br\/noticias\/wp-json\/wp\/v2\/tags?post=88840"},{"taxonomy":"suno_strategy","embeddable":true,"href":"https:\/\/www.suno.com.br\/noticias\/wp-json\/wp\/v2\/suno_strategy?post=88840"}],"curies":[{"name":"wp","href":"https:\/\/api.w.org\/{rel}","templated":true}]}}