{"id":88825,"date":"2020-10-01T14:34:58","date_gmt":"2020-10-01T17:34:58","guid":{"rendered":"https:\/\/www.suno.com.br\/noticias\/?p=88825"},"modified":"2021-02-17T22:54:23","modified_gmt":"2021-02-18T01:54:23","slug":"fed-nosso-trabalho-deve-ser-ampliado-para-alem-do-mundo-dos-bcs","status":"publish","type":"post","link":"https:\/\/www.suno.com.br\/noticias\/fed-nosso-trabalho-deve-ser-ampliado-para-alem-do-mundo-dos-bcs\/","title":{"rendered":"EUA: nosso trabalho deve ir al\u00e9m do mundo dos BCs, diz Fed"},"content":{"rendered":"<p>O presidente da distrital de Nova York do <a href=\"https:\/\/www.suno.com.br\/artigos\/fed\/\">Federal Reserve (Fed)<\/a>, John Williams, declarou nesta quinta-feira (1) que o trabalho da autoridade monet\u00e1ria deve ser ampliado para &#8220;al\u00e9m do mundo dos bancos centrais&#8221;, principalmente\u00a0 diante do desenvolvimento da tecnologia que vem ocorrendo atualmente.<\/p>\t<div class=\"wrapper-featured-image\">\n\t\t<figure class=\"spotlightImg\">\n\n\t\t\t<picture>\n\t\t\t\t<source media=\"(max-width: 768px)\" srcset=\"https:\/\/files.sunoresearch.com.br\/n\/uploads\/2020\/10\/430b88ae-fed2-400x200.webp\">\n\t\t\t\t<img loading=\"lazy\" decoding=\"async\" class=\"newsContent__article__imgCapa lazyloadDisabled \" src=\"https:\/\/files.sunoresearch.com.br\/n\/uploads\/2020\/10\/430b88ae-fed2-800x450.webp\" width=\"800\" height=\"450\" alt=\"EUA: nosso trabalho deve ir al\u00e9m do mundo dos BCs, diz Fed\" fetchpriority=high \/>\n\t\t\t<\/picture>\n\n\t\t\t<figcaption class=\"wp-caption-text wp-caption-text--show\">EUA: nosso trabalho deve ir al\u00e9m do mundo dos BCs, diz Fed<\/figcaption>\n\t\t<\/figure>\n\t<\/div>\n\n\n<div class=\"hubspot-form-wrapper\">\n\t<div id=\"single-form-target\"><\/div>\n<\/div>\n\n<p>&#8220;Se mantivermos nosso foco muito estreito, vamos perder oportunidades que a <strong>inova\u00e7\u00e3o<\/strong> pode nos oferecer. Neste ano, o <strong>Fed de<\/strong> <strong>Nova York<\/strong> se tornou parceiro estrat\u00e9gico do <strong>Bank of International Settlements Innovation Hub<\/strong>&#8220;, disse Williams, para exemplificar a aproxima\u00e7\u00e3o de bancos centrais com outras institui\u00e7\u00f5es.<\/p>\n<p>O discurso breve ocorreu atrav\u00e9s de um v\u00eddeo gravado e disponibilizado na abertura do evento &#8220;Confer\u00eancia do Fed sobre <strong>fintechs<\/strong>&#8220;.<\/p>\n<p><a href=\"https:\/\/lp.suno.com.br\/suno-one\/\">Suno One: acesse gratuitamente eBooks, Minicursos, Artigos e Video Aulas sobre investimentos com um \u00fanico cadastro. Clique para saber mais!<\/a><\/p>\n<h2>\u00a0Fed adia proibi\u00e7\u00e3o de dividendos para grandes bancos at\u00e9 o fim de 2020<\/h2>\n<p>Al\u00e9m da declara\u00e7\u00e3o feita nesta quinta-feira (1), o Federal Reserve ainda anunciou na \u00faltima quarta-feira (30) que manter\u00e1 as imposi\u00e7\u00f5es feitas em rela\u00e7\u00e3o \u00e0 recompra de a\u00e7\u00f5es e de um limite para o pagamento de dividendos aos grandes bancos americanos at\u00e9 o fim de 2020, dado que a proibi\u00e7\u00e3o, imposta para o terceiro trimestre, encerrou ontem.<\/p>\n<p>De acordo com o Fed, as restri\u00e7\u00f5es sobre dividendos e recompra de a\u00e7\u00f5es feitas aos bancos dos Estados Unidos com mais de US$ 100 bilh\u00f5es ocorrer\u00e3o por um per\u00edodo de mais tr\u00eas meses. O <strong>Banco Central americano<\/strong> tamb\u00e9m ressaltou a necessidade de conservar capital durante a desacelera\u00e7\u00e3o econ\u00f4mica induzida pela <a href=\"https:\/\/www.suno.com.br\/noticias\/tags\/coronavirus\/\">crise do coronav\u00edrus (Covid-19).<\/a><\/p>\n<p><a href=\"https:\/\/www.suno.com.br\/noticias\/eua-fed-adia-proibicao-de-dividendos-para-grandes-bancos-ate-o-fim-de-2020\/\">Saiba Mais: EUA: Fed adia proibi\u00e7\u00e3o de dividendos para grandes bancos at\u00e9 o fim de 2020<\/a><\/p>\n<p>A justificativa dada pela autoridade monet\u00e1ria para tal medida foi de \u201cgarantir que os grandes bancos mantenham um alto n\u00edvel de resili\u00eancia de capital\u201d, informou em comunicado. \u201cAs posi\u00e7\u00f5es de capital de grandes bancos permaneceram fortes durante o terceiro trimestre enquanto tais restri\u00e7\u00f5es existiam.\u201d<\/p>\n<p>Al\u00e9m disso, em fun\u00e7\u00e3o das preocupa\u00e7\u00f5es relacionadas \u00e0 recupera\u00e7\u00e3o da economia, o <strong>Fed<\/strong> solicitou que os grandes bancos americanos realizassem uma segunda rodada dos chamados <a href=\"https:\/\/www.suno.com.br\/artigos\/stress-test\/#:~:text=O%20teste%20de%20stress%20tamb%C3%A9m,ativo%20em%20compara%C3%A7%C3%A3o%20com%20outros.\">testes de estresse<\/a>, planejados para garantir que os bancos possam continuar a emprestar em per\u00edodos de crise. Os resultados dos testes ser\u00e3o anunciados at\u00e9 o fim deste ano.<\/p>\n<p><em>Com informa\u00e7\u00f5es do Estad\u00e3o Conte\u00fado<\/em><\/p>\n\t<p>\n\t\t<a href=\"https:\/\/lp.suno.com.br\/planilha-de-controle-de-investimentos\/\" target=\"_blank\" data-element=\"shortcode-suno-banner\" title=\"Banner SUNO, clique e saiba mais\">\n\t\t\t<picture>\n\t\t\t\t<source media=\"(max-width: 500px)\" srcset=\"https:\/\/files.sunoresearch.com.br\/n\/uploads\/2023\/03\/400x300-Controle-de-Investimentos.png\">\n\t\t\t\t<img class=\"newsContent__article__imgCapa newsContent__article__imgCapa--banner\"\n\t\t\t\t\tsrc=\"https:\/\/files.sunoresearch.com.br\/n\/uploads\/2023\/03\/1420x240-Controle-de-Investimentos.png\"\n\t\t\t\t\tdata-promo-id=\"75934\"\t\t\t\t\t\t\t\t\t\twidth='1420' height='240'\t\t\t\t\talt=\"https:\/\/files.sunoresearch.com.br\/n\/uploads\/2023\/03\/1420x240-Controle-de-Investimentos.png\"\n\t\t\t\t>\n\t\t\t<\/picture>\n\t\t<\/a>\n\t<\/p>\n\n\n","protected":false},"excerpt":{"rendered":"<p>O presidente da distrital de Nova York do Federal Reserve (Fed), John Williams, declarou nesta quinta-feira (1) que o trabalho da autoridade monet\u00e1ria deve ser ampliado para &#8220;al\u00e9m do mundo dos bancos centrais&#8221;, principalmente\u00a0 diante do desenvolvimento da tecnologia que vem ocorrendo atualmente. EUA: nosso trabalho deve ir al\u00e9m do mundo dos BCs, diz Fed [&hellip;]<\/p>\n","protected":false},"author":56,"featured_media":88837,"comment_status":"closed","ping_status":"closed","sticky":false,"template":"","format":"standard","meta":[],"categories":[63],"tags":[793,776],"suno_strategy":[],"class_list":["post-88825","post","type-post","status-publish","format-standard","has-post-thumbnail","hentry","category-internacional","tag-estados-unidos-eua","tag-federal-reseve-fed"],"yoast_head":"<!-- This site is optimized with the Yoast SEO plugin v24.4 - https:\/\/yoast.com\/wordpress\/plugins\/seo\/ -->\n<title>EUA: nosso trabalho deve ir al\u00e9m do mundo dos Bancos Centrais, diz Fed<\/title>\n<meta name=\"description\" content=\"&quot;Se mantivermos nosso foco muito estreito, vamos perder oportunidades que a inova\u00e7\u00e3o pode oferecer&quot;, disse o Fed. Clique aqui para saber mais.\" \/>\n<meta name=\"robots\" content=\"index, follow, max-snippet:-1, max-image-preview:large, max-video-preview:-1\" \/>\n<link rel=\"canonical\" href=\"https:\/\/www.suno.com.br\/noticias\/fed-nosso-trabalho-deve-ser-ampliado-para-alem-do-mundo-dos-bcs\/\" \/>\n<meta property=\"og:locale\" content=\"pt_BR\" \/>\n<meta property=\"og:type\" content=\"article\" \/>\n<meta property=\"og:title\" content=\"EUA: nosso trabalho deve ir al\u00e9m do mundo dos Bancos Centrais, diz Fed\" \/>\n<meta property=\"og:description\" content=\"&quot;Se mantivermos nosso foco muito estreito, vamos perder oportunidades que a inova\u00e7\u00e3o pode oferecer&quot;, disse o Fed. Clique aqui para saber mais.\" \/>\n<meta property=\"og:url\" content=\"https:\/\/www.suno.com.br\/noticias\/fed-nosso-trabalho-deve-ser-ampliado-para-alem-do-mundo-dos-bcs\/\" \/>\n<meta property=\"og:site_name\" content=\"Suno Not\u00edcias\" \/>\n<meta property=\"article:publisher\" content=\"https:\/\/facebook.com\/sunoresearch\" \/>\n<meta property=\"og:image\" content=\"https:\/\/files.sunoresearch.com.br\/n\/uploads\/2020\/10\/430b88ae-fed2.jpg\" \/>\n\t<meta property=\"og:image:width\" content=\"1140\" \/>\n\t<meta property=\"og:image:height\" content=\"760\" \/>\n\t<meta property=\"og:image:type\" content=\"image\/jpeg\" \/>\n<meta name=\"author\" content=\"Rafaela La Regina\" \/>\n<meta name=\"twitter:card\" content=\"summary_large_image\" \/>\n<meta name=\"twitter:creator\" content=\"@sunoresearch\" \/>\n<meta name=\"twitter:site\" content=\"@sunoresearch\" \/>\n<meta name=\"twitter:label1\" content=\"Escrito por\" \/>\n\t<meta name=\"twitter:data1\" content=\"Rafaela La Regina\" \/>\n\t<meta name=\"twitter:label2\" content=\"Est. tempo de leitura\" \/>\n\t<meta name=\"twitter:data2\" content=\"2 minutos\" \/>\n<script type=\"application\/ld+json\" class=\"yoast-schema-graph\">{\"@context\":\"https:\/\/schema.org\",\"@graph\":[{\"@type\":\"NewsArticle\",\"@id\":\"https:\/\/www.suno.com.br\/noticias\/fed-nosso-trabalho-deve-ser-ampliado-para-alem-do-mundo-dos-bcs\/#article\",\"isPartOf\":{\"@id\":\"https:\/\/www.suno.com.br\/noticias\/fed-nosso-trabalho-deve-ser-ampliado-para-alem-do-mundo-dos-bcs\/\"},\"author\":{\"name\":\"Rafaela La Regina\",\"@id\":\"https:\/\/www.suno.com.br\/noticias\/#\/schema\/person\/e672ca8cea627fe715fa29bca7da95e0\"},\"headline\":\"EUA: nosso trabalho deve ir al\u00e9m do mundo dos BCs, diz Fed\",\"datePublished\":\"2020-10-01T17:34:58+00:00\",\"dateModified\":\"2021-02-18T01:54:23+00:00\",\"mainEntityOfPage\":{\"@id\":\"https:\/\/www.suno.com.br\/noticias\/fed-nosso-trabalho-deve-ser-ampliado-para-alem-do-mundo-dos-bcs\/\"},\"wordCount\":430,\"publisher\":{\"@id\":\"https:\/\/www.suno.com.br\/noticias\/#organization\"},\"image\":{\"@id\":\"https:\/\/www.suno.com.br\/noticias\/fed-nosso-trabalho-deve-ser-ampliado-para-alem-do-mundo-dos-bcs\/#primaryimage\"},\"thumbnailUrl\":\"https:\/\/files.sunoresearch.com.br\/n\/uploads\/2020\/10\/430b88ae-fed2-jpg.webp\",\"keywords\":[\"Estados Unidos (EUA)\",\"Federal Reserve (FED)\"],\"articleSection\":[\"Internacional\"],\"inLanguage\":\"pt-BR\"},{\"@type\":\"WebPage\",\"@id\":\"https:\/\/www.suno.com.br\/noticias\/fed-nosso-trabalho-deve-ser-ampliado-para-alem-do-mundo-dos-bcs\/\",\"url\":\"https:\/\/www.suno.com.br\/noticias\/fed-nosso-trabalho-deve-ser-ampliado-para-alem-do-mundo-dos-bcs\/\",\"name\":\"EUA: nosso trabalho deve ir al\u00e9m do mundo dos Bancos Centrais, diz Fed\",\"isPartOf\":{\"@id\":\"https:\/\/www.suno.com.br\/noticias\/#website\"},\"primaryImageOfPage\":{\"@id\":\"https:\/\/www.suno.com.br\/noticias\/fed-nosso-trabalho-deve-ser-ampliado-para-alem-do-mundo-dos-bcs\/#primaryimage\"},\"image\":{\"@id\":\"https:\/\/www.suno.com.br\/noticias\/fed-nosso-trabalho-deve-ser-ampliado-para-alem-do-mundo-dos-bcs\/#primaryimage\"},\"thumbnailUrl\":\"https:\/\/files.sunoresearch.com.br\/n\/uploads\/2020\/10\/430b88ae-fed2-jpg.webp\",\"datePublished\":\"2020-10-01T17:34:58+00:00\",\"dateModified\":\"2021-02-18T01:54:23+00:00\",\"description\":\"\\\"Se mantivermos nosso foco muito estreito, vamos perder oportunidades que a inova\u00e7\u00e3o pode oferecer\\\", disse o Fed. Clique aqui para saber mais.\",\"breadcrumb\":{\"@id\":\"https:\/\/www.suno.com.br\/noticias\/fed-nosso-trabalho-deve-ser-ampliado-para-alem-do-mundo-dos-bcs\/#breadcrumb\"},\"inLanguage\":\"pt-BR\",\"potentialAction\":[{\"@type\":\"ReadAction\",\"target\":[\"https:\/\/www.suno.com.br\/noticias\/fed-nosso-trabalho-deve-ser-ampliado-para-alem-do-mundo-dos-bcs\/\"]}]},{\"@type\":\"ImageObject\",\"inLanguage\":\"pt-BR\",\"@id\":\"https:\/\/www.suno.com.br\/noticias\/fed-nosso-trabalho-deve-ser-ampliado-para-alem-do-mundo-dos-bcs\/#primaryimage\",\"url\":\"https:\/\/files.sunoresearch.com.br\/n\/uploads\/2020\/10\/430b88ae-fed2-jpg.webp\",\"contentUrl\":\"https:\/\/files.sunoresearch.com.br\/n\/uploads\/2020\/10\/430b88ae-fed2-jpg.webp\",\"width\":1140,\"height\":760,\"caption\":\"EUA: nosso trabalho deve ir al\u00e9m do mundo dos BCs, diz Fed\"},{\"@type\":\"BreadcrumbList\",\"@id\":\"https:\/\/www.suno.com.br\/noticias\/fed-nosso-trabalho-deve-ser-ampliado-para-alem-do-mundo-dos-bcs\/#breadcrumb\",\"itemListElement\":[{\"@type\":\"ListItem\",\"position\":1,\"name\":\"Not\u00edcias\",\"item\":\"https:\/\/www.suno.com.br\/noticias\/\"},{\"@type\":\"ListItem\",\"position\":2,\"name\":\"Internacional\",\"item\":\"https:\/\/www.suno.com.br\/noticias\/internacional\/\"},{\"@type\":\"ListItem\",\"position\":3,\"name\":\"EUA: nosso trabalho deve ir al\u00e9m do mundo dos BCs, diz Fed\"}]},{\"@type\":\"WebSite\",\"@id\":\"https:\/\/www.suno.com.br\/noticias\/#website\",\"url\":\"https:\/\/www.suno.com.br\/noticias\/\",\"name\":\"Suno Not\u00edcias\",\"description\":\"Seu portal de informa\u00e7\u00e3o sobre o mundo dos investimentos\",\"publisher\":{\"@id\":\"https:\/\/www.suno.com.br\/noticias\/#organization\"},\"potentialAction\":[{\"@type\":\"SearchAction\",\"target\":{\"@type\":\"EntryPoint\",\"urlTemplate\":\"https:\/\/www.suno.com.br\/noticias\/?s={search_term_string}\"},\"query-input\":{\"@type\":\"PropertyValueSpecification\",\"valueRequired\":true,\"valueName\":\"search_term_string\"}}],\"inLanguage\":\"pt-BR\"},{\"@type\":\"Organization\",\"@id\":\"https:\/\/www.suno.com.br\/noticias\/#organization\",\"name\":\"Suno Not\u00edcias\",\"url\":\"https:\/\/www.suno.com.br\/noticias\/\",\"logo\":{\"@type\":\"ImageObject\",\"inLanguage\":\"pt-BR\",\"@id\":\"https:\/\/www.suno.com.br\/noticias\/#\/schema\/logo\/image\/\",\"url\":\"https:\/\/files.sunoresearch.com.br\/n\/uploads\/2021\/09\/suno-logo.png\",\"contentUrl\":\"https:\/\/files.sunoresearch.com.br\/n\/uploads\/2021\/09\/suno-logo.png\",\"width\":180,\"height\":180,\"caption\":\"Suno Not\u00edcias\"},\"image\":{\"@id\":\"https:\/\/www.suno.com.br\/noticias\/#\/schema\/logo\/image\/\"},\"sameAs\":[\"https:\/\/facebook.com\/sunoresearch\",\"https:\/\/x.com\/sunoresearch\",\"https:\/\/www.instagram.com\/suno\",\"https:\/\/www.linkedin.com\/company\/suno-research\/\",\"https:\/\/www.youtube.com\/c\/sunoresearch\"]},{\"@type\":\"Person\",\"@id\":\"https:\/\/www.suno.com.br\/noticias\/#\/schema\/person\/e672ca8cea627fe715fa29bca7da95e0\",\"name\":\"Rafaela La Regina\",\"image\":{\"@type\":\"ImageObject\",\"inLanguage\":\"pt-BR\",\"@id\":\"https:\/\/www.suno.com.br\/noticias\/#\/schema\/person\/image\/\",\"url\":\"https:\/\/secure.gravatar.com\/avatar\/d2c75a52d243deb93d0465fdcb21bd37?s=96&r=g\",\"contentUrl\":\"https:\/\/secure.gravatar.com\/avatar\/d2c75a52d243deb93d0465fdcb21bd37?s=96&r=g\",\"caption\":\"Rafaela La Regina\"},\"description\":\"Estagi\u00e1ria no Suno Not\u00edcias. Escreve sobre economia, pol\u00edtica e neg\u00f3cios. Estuda Rela\u00e7\u00f5es Internacionais no IBMEC-SP.\",\"url\":\"https:\/\/www.suno.com.br\/noticias\/author\/rafaela-la-regina\/\"}]}<\/script>\n<!-- \/ Yoast SEO plugin. -->","yoast_head_json":{"title":"EUA: nosso trabalho deve ir al\u00e9m do mundo dos Bancos Centrais, diz Fed","description":"\"Se mantivermos nosso foco muito estreito, vamos perder oportunidades que a inova\u00e7\u00e3o pode oferecer\", disse o Fed. Clique aqui para saber mais.","robots":{"index":"index","follow":"follow","max-snippet":"max-snippet:-1","max-image-preview":"max-image-preview:large","max-video-preview":"max-video-preview:-1"},"canonical":"https:\/\/www.suno.com.br\/noticias\/fed-nosso-trabalho-deve-ser-ampliado-para-alem-do-mundo-dos-bcs\/","og_locale":"pt_BR","og_type":"article","og_title":"EUA: nosso trabalho deve ir al\u00e9m do mundo dos Bancos Centrais, diz Fed","og_description":"\"Se mantivermos nosso foco muito estreito, vamos perder oportunidades que a inova\u00e7\u00e3o pode oferecer\", disse o Fed. Clique aqui para saber mais.","og_url":"https:\/\/www.suno.com.br\/noticias\/fed-nosso-trabalho-deve-ser-ampliado-para-alem-do-mundo-dos-bcs\/","og_site_name":"Suno Not\u00edcias","article_publisher":"https:\/\/facebook.com\/sunoresearch","og_image":[{"width":1140,"height":760,"url":"https:\/\/files.sunoresearch.com.br\/n\/uploads\/2020\/10\/430b88ae-fed2.jpg","type":"image\/jpeg"}],"author":"Rafaela La Regina","twitter_card":"summary_large_image","twitter_creator":"@sunoresearch","twitter_site":"@sunoresearch","twitter_misc":{"Escrito por":"Rafaela La Regina","Est. tempo de leitura":"2 minutos"},"schema":{"@context":"https:\/\/schema.org","@graph":[{"@type":"NewsArticle","@id":"https:\/\/www.suno.com.br\/noticias\/fed-nosso-trabalho-deve-ser-ampliado-para-alem-do-mundo-dos-bcs\/#article","isPartOf":{"@id":"https:\/\/www.suno.com.br\/noticias\/fed-nosso-trabalho-deve-ser-ampliado-para-alem-do-mundo-dos-bcs\/"},"author":{"name":"Rafaela La Regina","@id":"https:\/\/www.suno.com.br\/noticias\/#\/schema\/person\/e672ca8cea627fe715fa29bca7da95e0"},"headline":"EUA: nosso trabalho deve ir al\u00e9m do mundo dos BCs, diz Fed","datePublished":"2020-10-01T17:34:58+00:00","dateModified":"2021-02-18T01:54:23+00:00","mainEntityOfPage":{"@id":"https:\/\/www.suno.com.br\/noticias\/fed-nosso-trabalho-deve-ser-ampliado-para-alem-do-mundo-dos-bcs\/"},"wordCount":430,"publisher":{"@id":"https:\/\/www.suno.com.br\/noticias\/#organization"},"image":{"@id":"https:\/\/www.suno.com.br\/noticias\/fed-nosso-trabalho-deve-ser-ampliado-para-alem-do-mundo-dos-bcs\/#primaryimage"},"thumbnailUrl":"https:\/\/files.sunoresearch.com.br\/n\/uploads\/2020\/10\/430b88ae-fed2-jpg.webp","keywords":["Estados Unidos (EUA)","Federal Reserve (FED)"],"articleSection":["Internacional"],"inLanguage":"pt-BR"},{"@type":"WebPage","@id":"https:\/\/www.suno.com.br\/noticias\/fed-nosso-trabalho-deve-ser-ampliado-para-alem-do-mundo-dos-bcs\/","url":"https:\/\/www.suno.com.br\/noticias\/fed-nosso-trabalho-deve-ser-ampliado-para-alem-do-mundo-dos-bcs\/","name":"EUA: nosso trabalho deve ir al\u00e9m do mundo dos Bancos Centrais, diz Fed","isPartOf":{"@id":"https:\/\/www.suno.com.br\/noticias\/#website"},"primaryImageOfPage":{"@id":"https:\/\/www.suno.com.br\/noticias\/fed-nosso-trabalho-deve-ser-ampliado-para-alem-do-mundo-dos-bcs\/#primaryimage"},"image":{"@id":"https:\/\/www.suno.com.br\/noticias\/fed-nosso-trabalho-deve-ser-ampliado-para-alem-do-mundo-dos-bcs\/#primaryimage"},"thumbnailUrl":"https:\/\/files.sunoresearch.com.br\/n\/uploads\/2020\/10\/430b88ae-fed2-jpg.webp","datePublished":"2020-10-01T17:34:58+00:00","dateModified":"2021-02-18T01:54:23+00:00","description":"\"Se mantivermos nosso foco muito estreito, vamos perder oportunidades que a inova\u00e7\u00e3o pode oferecer\", disse o Fed. Clique aqui para saber mais.","breadcrumb":{"@id":"https:\/\/www.suno.com.br\/noticias\/fed-nosso-trabalho-deve-ser-ampliado-para-alem-do-mundo-dos-bcs\/#breadcrumb"},"inLanguage":"pt-BR","potentialAction":[{"@type":"ReadAction","target":["https:\/\/www.suno.com.br\/noticias\/fed-nosso-trabalho-deve-ser-ampliado-para-alem-do-mundo-dos-bcs\/"]}]},{"@type":"ImageObject","inLanguage":"pt-BR","@id":"https:\/\/www.suno.com.br\/noticias\/fed-nosso-trabalho-deve-ser-ampliado-para-alem-do-mundo-dos-bcs\/#primaryimage","url":"https:\/\/files.sunoresearch.com.br\/n\/uploads\/2020\/10\/430b88ae-fed2-jpg.webp","contentUrl":"https:\/\/files.sunoresearch.com.br\/n\/uploads\/2020\/10\/430b88ae-fed2-jpg.webp","width":1140,"height":760,"caption":"EUA: nosso trabalho deve ir al\u00e9m do mundo dos BCs, diz Fed"},{"@type":"BreadcrumbList","@id":"https:\/\/www.suno.com.br\/noticias\/fed-nosso-trabalho-deve-ser-ampliado-para-alem-do-mundo-dos-bcs\/#breadcrumb","itemListElement":[{"@type":"ListItem","position":1,"name":"Not\u00edcias","item":"https:\/\/www.suno.com.br\/noticias\/"},{"@type":"ListItem","position":2,"name":"Internacional","item":"https:\/\/www.suno.com.br\/noticias\/internacional\/"},{"@type":"ListItem","position":3,"name":"EUA: nosso trabalho deve ir al\u00e9m do mundo dos BCs, diz Fed"}]},{"@type":"WebSite","@id":"https:\/\/www.suno.com.br\/noticias\/#website","url":"https:\/\/www.suno.com.br\/noticias\/","name":"Suno Not\u00edcias","description":"Seu portal de informa\u00e7\u00e3o sobre o mundo dos investimentos","publisher":{"@id":"https:\/\/www.suno.com.br\/noticias\/#organization"},"potentialAction":[{"@type":"SearchAction","target":{"@type":"EntryPoint","urlTemplate":"https:\/\/www.suno.com.br\/noticias\/?s={search_term_string}"},"query-input":{"@type":"PropertyValueSpecification","valueRequired":true,"valueName":"search_term_string"}}],"inLanguage":"pt-BR"},{"@type":"Organization","@id":"https:\/\/www.suno.com.br\/noticias\/#organization","name":"Suno Not\u00edcias","url":"https:\/\/www.suno.com.br\/noticias\/","logo":{"@type":"ImageObject","inLanguage":"pt-BR","@id":"https:\/\/www.suno.com.br\/noticias\/#\/schema\/logo\/image\/","url":"https:\/\/files.sunoresearch.com.br\/n\/uploads\/2021\/09\/suno-logo.png","contentUrl":"https:\/\/files.sunoresearch.com.br\/n\/uploads\/2021\/09\/suno-logo.png","width":180,"height":180,"caption":"Suno Not\u00edcias"},"image":{"@id":"https:\/\/www.suno.com.br\/noticias\/#\/schema\/logo\/image\/"},"sameAs":["https:\/\/facebook.com\/sunoresearch","https:\/\/x.com\/sunoresearch","https:\/\/www.instagram.com\/suno","https:\/\/www.linkedin.com\/company\/suno-research\/","https:\/\/www.youtube.com\/c\/sunoresearch"]},{"@type":"Person","@id":"https:\/\/www.suno.com.br\/noticias\/#\/schema\/person\/e672ca8cea627fe715fa29bca7da95e0","name":"Rafaela La Regina","image":{"@type":"ImageObject","inLanguage":"pt-BR","@id":"https:\/\/www.suno.com.br\/noticias\/#\/schema\/person\/image\/","url":"https:\/\/secure.gravatar.com\/avatar\/d2c75a52d243deb93d0465fdcb21bd37?s=96&r=g","contentUrl":"https:\/\/secure.gravatar.com\/avatar\/d2c75a52d243deb93d0465fdcb21bd37?s=96&r=g","caption":"Rafaela La Regina"},"description":"Estagi\u00e1ria no Suno Not\u00edcias. Escreve sobre economia, pol\u00edtica e neg\u00f3cios. Estuda Rela\u00e7\u00f5es Internacionais no IBMEC-SP.","url":"https:\/\/www.suno.com.br\/noticias\/author\/rafaela-la-regina\/"}]}},"default_loop_html":"<div class=\"cardsPage__listCard__boxs\"><div class=\"cardsPage__listCard__boxs__img\"><a href=\"https:\/\/www.suno.com.br\/noticias\/fed-nosso-trabalho-deve-ser-ampliado-para-alem-do-mundo-dos-bcs\/\"><img class=\"mask\" src=\"https:\/\/www.suno.com.br\/noticias\/wp-content\/themes\/suno\/resources\/images\/spotlight\/spotlight1img\/bg-mask.png\" alt=\"Image Mask\"\/><img src=\"https:\/\/files.sunoresearch.com.br\/n\/uploads\/2020\/10\/430b88ae-fed2-400x200.webp\" alt=\"EUA: nosso trabalho deve ir al\u00e9m do mundo dos BCs, diz Fed\"\/><\/a><span class=\"spotlightCategory\"><a href=\"https:\/\/www.suno.com.br\/noticias\/internacional\/\">Internacional<\/a><\/span><\/div><div class=\"cardsPage__listCard__boxs__content\"><a href=\"https:\/\/www.suno.com.br\/noticias\/fed-nosso-trabalho-deve-ser-ampliado-para-alem-do-mundo-dos-bcs\/\"><h2 class=\"content__title\">EUA: nosso trabalho deve ir al\u00e9m do mundo dos BCs, diz Fed<\/h2><\/a><div class=\"newsContent__article__meta\"><div class=\"newsContent__article__meta__authorBox\"><a href=\"https:\/\/www.suno.com.br\/noticias\/author\/rafaela-la-regina\/\" class=\"authorBox__avatar noMobi\"><img src=\"https:\/\/secure.gravatar.com\/avatar\/d2c75a52d243deb93d0465fdcb21bd37?s=96&#038;r=g\" alt=\"Rafaela La Regina\"><\/a><div class=\"authorBox__name\"><span>por\n\t\t\t<a href=\"https:\/\/www.suno.com.br\/noticias\/author\/rafaela-la-regina\/\"><span itemprop=\"author\">Rafaela La Regina<\/span><\/a><\/span><time datetime=\"2020-10-01T14:34:58-03:00\" itemprop=\"datePublished\">01\/10\/2020 14:34<\/time><\/div><\/div><\/div><\/div><\/div>","single_layout":"posts","amp_enabled":true,"_links":{"self":[{"href":"https:\/\/www.suno.com.br\/noticias\/wp-json\/wp\/v2\/posts\/88825"}],"collection":[{"href":"https:\/\/www.suno.com.br\/noticias\/wp-json\/wp\/v2\/posts"}],"about":[{"href":"https:\/\/www.suno.com.br\/noticias\/wp-json\/wp\/v2\/types\/post"}],"author":[{"embeddable":true,"href":"https:\/\/www.suno.com.br\/noticias\/wp-json\/wp\/v2\/users\/56"}],"replies":[{"embeddable":true,"href":"https:\/\/www.suno.com.br\/noticias\/wp-json\/wp\/v2\/comments?post=88825"}],"version-history":[{"count":0,"href":"https:\/\/www.suno.com.br\/noticias\/wp-json\/wp\/v2\/posts\/88825\/revisions"}],"wp:featuredmedia":[{"embeddable":true,"href":"https:\/\/www.suno.com.br\/noticias\/wp-json\/wp\/v2\/media\/88837"}],"wp:attachment":[{"href":"https:\/\/www.suno.com.br\/noticias\/wp-json\/wp\/v2\/media?parent=88825"}],"wp:term":[{"taxonomy":"category","embeddable":true,"href":"https:\/\/www.suno.com.br\/noticias\/wp-json\/wp\/v2\/categories?post=88825"},{"taxonomy":"post_tag","embeddable":true,"href":"https:\/\/www.suno.com.br\/noticias\/wp-json\/wp\/v2\/tags?post=88825"},{"taxonomy":"suno_strategy","embeddable":true,"href":"https:\/\/www.suno.com.br\/noticias\/wp-json\/wp\/v2\/suno_strategy?post=88825"}],"curies":[{"name":"wp","href":"https:\/\/api.w.org\/{rel}","templated":true}]}}