{"id":88763,"date":"2020-10-01T14:32:19","date_gmt":"2020-10-01T17:32:19","guid":{"rendered":"https:\/\/www.suno.com.br\/noticias\/?p=88763"},"modified":"2020-10-01T14:32:19","modified_gmt":"2020-10-01T17:32:19","slug":"cvc-recuperacao-2021","status":"publish","type":"post","link":"https:\/\/www.suno.com.br\/noticias\/cvc-recuperacao-2021\/","title":{"rendered":"CVC (CVCB3): pior ainda est\u00e1 por vir e recupera\u00e7\u00e3o deve ficar para 2021"},"content":{"rendered":"<p>Depois de cerca de quatro meses de atraso, a <strong><a href=\"https:\/\/www.suno.com.br\/acoes\/cvcb3\/\">CVC (CVCB3)<\/a><\/strong> divulgou, nesta quinta-feira (1), o balan\u00e7o cont\u00e1bil referente ao primeiro trimestre deste ano da empresa. A companhia de turismo viu uma soma do do in\u00edcio do impacto da pandemia causada pelo <a href=\"https:\/\/www.suno.com.br\/noticias\/tags\/coronavirus\/\">coronav\u00edrus (covid-19)<\/a> e problemas fiscais lev\u00e1-la a um<a href=\"https:\/\/www.suno.com.br\/noticias\/cvc-cvcb3-prejuizo-r-1-5-bilhao-1t-20\/\"> preju\u00edzo bilion\u00e1rio<\/a>.<\/p>\t<div class=\"wrapper-featured-image\">\n\t\t<figure class=\"spotlightImg\">\n\n\t\t\t<picture>\n\t\t\t\t<source media=\"(max-width: 768px)\" srcset=\"https:\/\/files.sunoresearch.com.br\/n\/uploads\/2019\/11\/89851e25-cvc-400x200.webp\">\n\t\t\t\t<img loading=\"lazy\" decoding=\"async\" class=\"newsContent__article__imgCapa lazyloadDisabled \" src=\"https:\/\/files.sunoresearch.com.br\/n\/uploads\/2019\/11\/89851e25-cvc-800x450.webp\" width=\"800\" height=\"450\" alt=\"CVC (CVCB3): pior ainda est\u00e1 por vir e recupera\u00e7\u00e3o deve ficar para 2021\" fetchpriority=high \/>\n\t\t\t<\/picture>\n\n\t\t\t<figcaption class=\"wp-caption-text wp-caption-text--show\">CVC (CVCB3) <\/figcaption>\n\t\t<\/figure>\n\t<\/div>\n\n\n<div class=\"hubspot-form-wrapper\">\n\t<div id=\"single-form-target\"><\/div>\n<\/div>\n\n<p>Mesmo no vermelho, especialistas ouvidos pelo <strong>SUNO Not\u00edcias<\/strong> afirmam que o pior ainda est\u00e1 por vir \u00e0 CVC. Como as maiores restri\u00e7\u00f5es de mobilidade pelo mundo come\u00e7aram pr\u00f3ximas a mar\u00e7o, o grande impacto do coronav\u00edrus deve se apresentar no segundo trimestre de 2020 e continuar a puxar o balan\u00e7o da companhia de viagens para baixo.<\/p>\n<p>&#8220;Esperamos que o resultado do segundo <strong>trimestre<\/strong> deste ano sofra forte impacto do covid-19 e volte a melhorar a partir do quarto trimestre de 2020, com mais \u00eanfase a partir do ano de 2021, com a expectativa da vacina para o covid-19 e a imuniza\u00e7\u00e3o da popula\u00e7\u00e3o&#8221;, disse Pedro Galdi, analista da Mirae.<\/p>\n<p><a href=\"https:\/\/lp.suno.com.br\/suno-one\/\">Suno One: acesse gratuitamente eBooks, Minicursos, Artigos e Video Aulas sobre investimentos com um \u00fanico cadastro. Clique para saber mais!<\/a><\/p>\n<p>Para o especialista da <strong>SUNO Research,<\/strong> Clecio Danilo, a linha de racioc\u00ednio \u00e9 a mesma. De acordo com ele, uma melhora poder\u00e1 ser sentida apenas no terceiro trimestre deste ano -quando a circula\u00e7\u00e3o das pessoas come\u00e7ou a ficar menos restrita.<\/p>\n<p>&#8220;O pr\u00f3ximo trimestre deve ser pior, uma vez que pegou o per\u00edodo da pandemia integralmente. Uma melhora nos resultados somente a partir do terceiro <strong>trimestre&#8221;,<\/strong> afirmou.<\/p>\n<h2>CVC tem queda na receita e alta nos custos<\/h2>\n<p>Como todo o setor de turismo, a CVC foi duramente afetada a partir de mar\u00e7o. Com janeiro e fevereiro relativamente &#8220;normais&#8221; e apenas um m\u00eas sem grandes vendas, o preju\u00edzo l\u00edquido da empresa seria menor: de R$ 72,9 milh\u00f5es.<\/p>\n<p>&#8220;O <a href=\"https:\/\/www.suno.com.br\/artigos\/ebitda-ajustado\/\">lucro antes de juros, impostos, deprecia\u00e7\u00e3o e amortiza\u00e7\u00e3o (Ebitda)<\/a> foi impactado por queda de receita, decorrente do covid-19 e eventos n\u00e3o recorrentes com provis\u00f5es. O forte preju\u00edzo foi decorrente de diversas provis\u00f5es e queda de receita&#8221;, disse Pedro Galdi.<\/p>\n\t<div data-element=\"shortcode-read-more\" class=\"knowMore\">\n\t\t\t\t<span class=\"knowMore__title\">Saiba mais<\/span>\n\t\t\t\t<a class=\"knowMore__link\" href=\"https:\/\/www.suno.com.br\/noticias\/cvc-cvcb3-so-teremos-um-ano-cheio-no-turismo-novamente-em-2023\/\">\n\t\t\tCVC (CVCB3): &quot;S\u00f3 teremos um ano cheio no turismo novamente em 2023&quot;\t\t<\/a>\n\t<\/div>\n\n\n<p>Dessa forma, o que anabolizou o preju\u00edzo da companhia para um n\u00famero bilion\u00e1rio foram os chamados &#8220;efeitos n\u00e3o recorrentes&#8221;.<\/p>\n<p>A soma de ao \u201cImpairment de intang\u00edveis\u201d, de R$ 637,5 milh\u00f5es, \u201cprovis\u00e3o PDD Covid-19\u201d de R$64,7 milh\u00f5es, referente a perdas futuras esperadas com o impacto da pandemia e a provis\u00e3o para perda de cr\u00e9ditos fiscais diferidos, no montante de R$302,7 milh\u00f5es, fizeram com que o preju\u00edzo subisse consideravelmente.<\/p>\n<p>Al\u00e9m disso, a CVC tamb\u00e9m teve alta em algumas despesas. As <a href=\"https:\/\/www.suno.com.br\/artigos\/despesas-administrativas\/#:~:text=Despesas%20administrativas%20s%C3%A3o%20os%20gastos,est%C3%A3o%20ligados%20diretamente%20a%20produ%C3%A7%C3%A3o.&amp;text=As%20despesas%20operacionais%20s%C3%A3o%20os,a%20atividade%20fim%20da%20empresa.\">despesas gerais e administrativas<\/a> tiveram alta de 17,9% no primeiro trimestre, ficando em R$ 179,4 milh\u00f5es.<\/p>\n<p>Segundo a companhia, o resultado se deu por conta da &#8220;maior estrutura administrativa advinda das aquisi\u00e7\u00f5es feitas no per\u00edodo e aumento do custo de m\u00e3o de obra pelos ajustes salariais no per\u00edodo&#8221;.<\/p>\n<p>A CVC destacou tamb\u00e9m que o n\u00famero cresceu dado a alta no or\u00e7amento do marketing para a entrada da companhia na Argentina.<\/p>\n<h2>Companhia deve atravessar tempestade perfeita<\/h2>\n<p>Apesar de o preju\u00edzo l\u00edquido do primeiro trimestre ser consider\u00e1vel e o pior ainda estar por vir, especialistas ouvidos pelo <strong>SUNO Not\u00edcias<\/strong> ainda se demonstram otimistas com a CVC.<\/p>\n<p>Para Clecio Danilo, especialista da SUNO Research, apesar dos grande desafio causado pelo novo coronav\u00edrus, a companhia de turismo deve sobreviver a crise.<\/p>\n<p>&#8220;A companhia tem grandes desafios pela frente, por\u00e9m eu vejo ela bem estruturada pra atravess\u00e1-los. O setor de turismo j\u00e1 vem se recuperando gradualmente, por\u00e9m ainda bem abaixo do que era observado no ano passado, em torno de 40% no m\u00eas de setembro&#8221;, disse.<\/p>\n<p>A <strong>CVC<\/strong> promete entregar o pr\u00f3ximo balan\u00e7o no m\u00eas de outubro. De acordo com especialistas, com o pr\u00f3ximo resultado divulgado, ser\u00e1 poss\u00edvel ter uma dimens\u00e3o maior dos impactos da pandemia na opera\u00e7\u00e3o da companhia.<\/p>\n\t<p>\n\t\t<a href=\"https:\/\/lp.suno.com.br\/planilha-de-controle-de-investimentos\/\" target=\"_blank\" data-element=\"shortcode-suno-banner\" title=\"Banner SUNO, clique e saiba mais\">\n\t\t\t<picture>\n\t\t\t\t<source media=\"(max-width: 500px)\" srcset=\"https:\/\/files.sunoresearch.com.br\/n\/uploads\/2023\/03\/400x300-Controle-de-Investimentos.png\">\n\t\t\t\t<img class=\"newsContent__article__imgCapa newsContent__article__imgCapa--banner\"\n\t\t\t\t\tsrc=\"https:\/\/files.sunoresearch.com.br\/n\/uploads\/2023\/03\/1420x240-Controle-de-Investimentos.png\"\n\t\t\t\t\tdata-promo-id=\"75934\"\t\t\t\t\t\t\t\t\t\twidth='1420' height='240'\t\t\t\t\talt=\"https:\/\/files.sunoresearch.com.br\/n\/uploads\/2023\/03\/1420x240-Controle-de-Investimentos.png\"\n\t\t\t\t>\n\t\t\t<\/picture>\n\t\t<\/a>\n\t<\/p>\n\n\n","protected":false},"excerpt":{"rendered":"<p>Depois de cerca de quatro meses de atraso, a CVC (CVCB3) divulgou, nesta quinta-feira (1), o balan\u00e7o cont\u00e1bil referente ao primeiro trimestre deste ano da empresa. A companhia de turismo viu uma soma do do in\u00edcio do impacto da pandemia causada pelo coronav\u00edrus (covid-19) e problemas fiscais lev\u00e1-la a um preju\u00edzo bilion\u00e1rio. CVC (CVCB3) Mesmo [&hellip;]<\/p>\n","protected":false},"author":27,"featured_media":45618,"comment_status":"closed","ping_status":"closed","sticky":false,"template":"","format":"standard","meta":[],"categories":[64],"tags":[286,442],"suno_strategy":[],"class_list":["post-88763","post","type-post","status-publish","format-standard","has-post-thumbnail","hentry","category-negocios","tag-acoes","tag-cvc-cvcb3"],"yoast_head":"<!-- This site is optimized with the Yoast SEO plugin v24.4 - https:\/\/yoast.com\/wordpress\/plugins\/seo\/ -->\n<title>CVC (CVCB3): pior ainda est\u00e1 por vir e recupera\u00e7\u00e3o deve ficar para 2021<\/title>\n<meta name=\"description\" content=\"Para especialistas, apesar de preju\u00edzo bilion\u00e1rio, CVC deve apresentar n\u00fameros ainda piores a frente. Clique aqui para ler mais.\" \/>\n<meta name=\"robots\" content=\"index, follow, max-snippet:-1, max-image-preview:large, max-video-preview:-1\" \/>\n<link rel=\"canonical\" href=\"https:\/\/www.suno.com.br\/noticias\/cvc-recuperacao-2021\/\" \/>\n<meta property=\"og:locale\" content=\"pt_BR\" \/>\n<meta property=\"og:type\" content=\"article\" \/>\n<meta property=\"og:title\" content=\"CVC (CVCB3): pior ainda est\u00e1 por vir e recupera\u00e7\u00e3o deve ficar para 2021\" \/>\n<meta property=\"og:description\" content=\"Para especialistas, apesar de preju\u00edzo bilion\u00e1rio, CVC deve apresentar n\u00fameros ainda piores a frente. Clique aqui para ler mais.\" \/>\n<meta property=\"og:url\" content=\"https:\/\/www.suno.com.br\/noticias\/cvc-recuperacao-2021\/\" \/>\n<meta property=\"og:site_name\" content=\"Suno Not\u00edcias\" \/>\n<meta property=\"article:publisher\" content=\"https:\/\/facebook.com\/sunoresearch\" \/>\n<meta property=\"og:image\" content=\"https:\/\/files.sunoresearch.com.br\/n\/uploads\/2019\/11\/89851e25-cvc.jpg\" \/>\n\t<meta property=\"og:image:width\" content=\"1380\" \/>\n\t<meta property=\"og:image:height\" content=\"920\" \/>\n\t<meta property=\"og:image:type\" content=\"image\/jpeg\" \/>\n<meta name=\"author\" content=\"Vinicius Pereira\" \/>\n<meta name=\"twitter:card\" content=\"summary_large_image\" \/>\n<meta name=\"twitter:creator\" content=\"@https:\/\/twitter.com\/viniciuspjornal\" \/>\n<meta name=\"twitter:site\" content=\"@sunoresearch\" \/>\n<meta name=\"twitter:label1\" content=\"Escrito por\" \/>\n\t<meta name=\"twitter:data1\" content=\"Vinicius Pereira\" \/>\n\t<meta name=\"twitter:label2\" content=\"Est. tempo de leitura\" \/>\n\t<meta name=\"twitter:data2\" content=\"3 minutos\" \/>\n<script type=\"application\/ld+json\" class=\"yoast-schema-graph\">{\"@context\":\"https:\/\/schema.org\",\"@graph\":[{\"@type\":\"NewsArticle\",\"@id\":\"https:\/\/www.suno.com.br\/noticias\/cvc-recuperacao-2021\/#article\",\"isPartOf\":{\"@id\":\"https:\/\/www.suno.com.br\/noticias\/cvc-recuperacao-2021\/\"},\"author\":{\"name\":\"Vinicius Pereira\",\"@id\":\"https:\/\/www.suno.com.br\/noticias\/#\/schema\/person\/a20761b96e4df7eb57f1f9e41be1dbf3\"},\"headline\":\"CVC (CVCB3): pior ainda est\u00e1 por vir e recupera\u00e7\u00e3o deve ficar para 2021\",\"datePublished\":\"2020-10-01T17:32:19+00:00\",\"mainEntityOfPage\":{\"@id\":\"https:\/\/www.suno.com.br\/noticias\/cvc-recuperacao-2021\/\"},\"wordCount\":712,\"publisher\":{\"@id\":\"https:\/\/www.suno.com.br\/noticias\/#organization\"},\"image\":{\"@id\":\"https:\/\/www.suno.com.br\/noticias\/cvc-recuperacao-2021\/#primaryimage\"},\"thumbnailUrl\":\"https:\/\/files.sunoresearch.com.br\/n\/uploads\/2019\/11\/89851e25-cvc-jpg.webp\",\"keywords\":[\"A\u00e7\u00f5es\",\"CVC (CVCB3)\"],\"articleSection\":[\"Neg\u00f3cios\"],\"inLanguage\":\"pt-BR\"},{\"@type\":\"WebPage\",\"@id\":\"https:\/\/www.suno.com.br\/noticias\/cvc-recuperacao-2021\/\",\"url\":\"https:\/\/www.suno.com.br\/noticias\/cvc-recuperacao-2021\/\",\"name\":\"CVC (CVCB3): pior ainda est\u00e1 por vir e recupera\u00e7\u00e3o deve ficar para 2021\",\"isPartOf\":{\"@id\":\"https:\/\/www.suno.com.br\/noticias\/#website\"},\"primaryImageOfPage\":{\"@id\":\"https:\/\/www.suno.com.br\/noticias\/cvc-recuperacao-2021\/#primaryimage\"},\"image\":{\"@id\":\"https:\/\/www.suno.com.br\/noticias\/cvc-recuperacao-2021\/#primaryimage\"},\"thumbnailUrl\":\"https:\/\/files.sunoresearch.com.br\/n\/uploads\/2019\/11\/89851e25-cvc-jpg.webp\",\"datePublished\":\"2020-10-01T17:32:19+00:00\",\"description\":\"Para especialistas, apesar de preju\u00edzo bilion\u00e1rio, CVC deve apresentar n\u00fameros ainda piores a frente. Clique aqui para ler mais.\",\"breadcrumb\":{\"@id\":\"https:\/\/www.suno.com.br\/noticias\/cvc-recuperacao-2021\/#breadcrumb\"},\"inLanguage\":\"pt-BR\",\"potentialAction\":[{\"@type\":\"ReadAction\",\"target\":[\"https:\/\/www.suno.com.br\/noticias\/cvc-recuperacao-2021\/\"]}]},{\"@type\":\"ImageObject\",\"inLanguage\":\"pt-BR\",\"@id\":\"https:\/\/www.suno.com.br\/noticias\/cvc-recuperacao-2021\/#primaryimage\",\"url\":\"https:\/\/files.sunoresearch.com.br\/n\/uploads\/2019\/11\/89851e25-cvc-jpg.webp\",\"contentUrl\":\"https:\/\/files.sunoresearch.com.br\/n\/uploads\/2019\/11\/89851e25-cvc-jpg.webp\",\"width\":1380,\"height\":920,\"caption\":\"CVC (CVCB3)\"},{\"@type\":\"BreadcrumbList\",\"@id\":\"https:\/\/www.suno.com.br\/noticias\/cvc-recuperacao-2021\/#breadcrumb\",\"itemListElement\":[{\"@type\":\"ListItem\",\"position\":1,\"name\":\"Not\u00edcias\",\"item\":\"https:\/\/www.suno.com.br\/noticias\/\"},{\"@type\":\"ListItem\",\"position\":2,\"name\":\"Neg\u00f3cios\",\"item\":\"https:\/\/www.suno.com.br\/noticias\/negocios\/\"},{\"@type\":\"ListItem\",\"position\":3,\"name\":\"CVC (CVCB3): pior ainda est\u00e1 por vir e recupera\u00e7\u00e3o deve ficar para 2021\"}]},{\"@type\":\"WebSite\",\"@id\":\"https:\/\/www.suno.com.br\/noticias\/#website\",\"url\":\"https:\/\/www.suno.com.br\/noticias\/\",\"name\":\"Suno Not\u00edcias\",\"description\":\"Seu portal de informa\u00e7\u00e3o sobre o mundo dos investimentos\",\"publisher\":{\"@id\":\"https:\/\/www.suno.com.br\/noticias\/#organization\"},\"potentialAction\":[{\"@type\":\"SearchAction\",\"target\":{\"@type\":\"EntryPoint\",\"urlTemplate\":\"https:\/\/www.suno.com.br\/noticias\/?s={search_term_string}\"},\"query-input\":{\"@type\":\"PropertyValueSpecification\",\"valueRequired\":true,\"valueName\":\"search_term_string\"}}],\"inLanguage\":\"pt-BR\"},{\"@type\":\"Organization\",\"@id\":\"https:\/\/www.suno.com.br\/noticias\/#organization\",\"name\":\"Suno Not\u00edcias\",\"url\":\"https:\/\/www.suno.com.br\/noticias\/\",\"logo\":{\"@type\":\"ImageObject\",\"inLanguage\":\"pt-BR\",\"@id\":\"https:\/\/www.suno.com.br\/noticias\/#\/schema\/logo\/image\/\",\"url\":\"https:\/\/files.sunoresearch.com.br\/n\/uploads\/2021\/09\/suno-logo.png\",\"contentUrl\":\"https:\/\/files.sunoresearch.com.br\/n\/uploads\/2021\/09\/suno-logo.png\",\"width\":180,\"height\":180,\"caption\":\"Suno Not\u00edcias\"},\"image\":{\"@id\":\"https:\/\/www.suno.com.br\/noticias\/#\/schema\/logo\/image\/\"},\"sameAs\":[\"https:\/\/facebook.com\/sunoresearch\",\"https:\/\/x.com\/sunoresearch\",\"https:\/\/www.instagram.com\/suno\",\"https:\/\/www.linkedin.com\/company\/suno-research\/\",\"https:\/\/www.youtube.com\/c\/sunoresearch\"]},{\"@type\":\"Person\",\"@id\":\"https:\/\/www.suno.com.br\/noticias\/#\/schema\/person\/a20761b96e4df7eb57f1f9e41be1dbf3\",\"name\":\"Vinicius Pereira\",\"image\":{\"@type\":\"ImageObject\",\"inLanguage\":\"pt-BR\",\"@id\":\"https:\/\/www.suno.com.br\/noticias\/#\/schema\/person\/image\/\",\"url\":\"https:\/\/secure.gravatar.com\/avatar\/783866b933198f5cc4c5d03fcc8b1301?s=96&r=g\",\"contentUrl\":\"https:\/\/secure.gravatar.com\/avatar\/783866b933198f5cc4c5d03fcc8b1301?s=96&r=g\",\"caption\":\"Vinicius Pereira\"},\"description\":\"Vinicius Pereira foi rep\u00f3rter de economia da Folha de S.Paulo, stringer do jornal no Canad\u00e1 e colaborador de VEJA. J\u00e1 escreveu tamb\u00e9m para BBC Brasil, The Intercept Brasil e UOL. Tem MBA em Informa\u00e7\u00f5es Econ\u00f4mico-Financeiras e Mercado de Capitais pela FIA\/B3.\",\"sameAs\":[\"https:\/\/x.com\/https:\/\/twitter.com\/viniciuspjornal\"],\"url\":\"https:\/\/www.suno.com.br\/noticias\/author\/vinicius-pereira\/\"}]}<\/script>\n<!-- \/ Yoast SEO plugin. -->","yoast_head_json":{"title":"CVC (CVCB3): pior ainda est\u00e1 por vir e recupera\u00e7\u00e3o deve ficar para 2021","description":"Para especialistas, apesar de preju\u00edzo bilion\u00e1rio, CVC deve apresentar n\u00fameros ainda piores a frente. Clique aqui para ler mais.","robots":{"index":"index","follow":"follow","max-snippet":"max-snippet:-1","max-image-preview":"max-image-preview:large","max-video-preview":"max-video-preview:-1"},"canonical":"https:\/\/www.suno.com.br\/noticias\/cvc-recuperacao-2021\/","og_locale":"pt_BR","og_type":"article","og_title":"CVC (CVCB3): pior ainda est\u00e1 por vir e recupera\u00e7\u00e3o deve ficar para 2021","og_description":"Para especialistas, apesar de preju\u00edzo bilion\u00e1rio, CVC deve apresentar n\u00fameros ainda piores a frente. Clique aqui para ler mais.","og_url":"https:\/\/www.suno.com.br\/noticias\/cvc-recuperacao-2021\/","og_site_name":"Suno Not\u00edcias","article_publisher":"https:\/\/facebook.com\/sunoresearch","og_image":[{"width":1380,"height":920,"url":"https:\/\/files.sunoresearch.com.br\/n\/uploads\/2019\/11\/89851e25-cvc.jpg","type":"image\/jpeg"}],"author":"Vinicius Pereira","twitter_card":"summary_large_image","twitter_creator":"@https:\/\/twitter.com\/viniciuspjornal","twitter_site":"@sunoresearch","twitter_misc":{"Escrito por":"Vinicius Pereira","Est. tempo de leitura":"3 minutos"},"schema":{"@context":"https:\/\/schema.org","@graph":[{"@type":"NewsArticle","@id":"https:\/\/www.suno.com.br\/noticias\/cvc-recuperacao-2021\/#article","isPartOf":{"@id":"https:\/\/www.suno.com.br\/noticias\/cvc-recuperacao-2021\/"},"author":{"name":"Vinicius Pereira","@id":"https:\/\/www.suno.com.br\/noticias\/#\/schema\/person\/a20761b96e4df7eb57f1f9e41be1dbf3"},"headline":"CVC (CVCB3): pior ainda est\u00e1 por vir e recupera\u00e7\u00e3o deve ficar para 2021","datePublished":"2020-10-01T17:32:19+00:00","mainEntityOfPage":{"@id":"https:\/\/www.suno.com.br\/noticias\/cvc-recuperacao-2021\/"},"wordCount":712,"publisher":{"@id":"https:\/\/www.suno.com.br\/noticias\/#organization"},"image":{"@id":"https:\/\/www.suno.com.br\/noticias\/cvc-recuperacao-2021\/#primaryimage"},"thumbnailUrl":"https:\/\/files.sunoresearch.com.br\/n\/uploads\/2019\/11\/89851e25-cvc-jpg.webp","keywords":["A\u00e7\u00f5es","CVC (CVCB3)"],"articleSection":["Neg\u00f3cios"],"inLanguage":"pt-BR"},{"@type":"WebPage","@id":"https:\/\/www.suno.com.br\/noticias\/cvc-recuperacao-2021\/","url":"https:\/\/www.suno.com.br\/noticias\/cvc-recuperacao-2021\/","name":"CVC (CVCB3): pior ainda est\u00e1 por vir e recupera\u00e7\u00e3o deve ficar para 2021","isPartOf":{"@id":"https:\/\/www.suno.com.br\/noticias\/#website"},"primaryImageOfPage":{"@id":"https:\/\/www.suno.com.br\/noticias\/cvc-recuperacao-2021\/#primaryimage"},"image":{"@id":"https:\/\/www.suno.com.br\/noticias\/cvc-recuperacao-2021\/#primaryimage"},"thumbnailUrl":"https:\/\/files.sunoresearch.com.br\/n\/uploads\/2019\/11\/89851e25-cvc-jpg.webp","datePublished":"2020-10-01T17:32:19+00:00","description":"Para especialistas, apesar de preju\u00edzo bilion\u00e1rio, CVC deve apresentar n\u00fameros ainda piores a frente. Clique aqui para ler mais.","breadcrumb":{"@id":"https:\/\/www.suno.com.br\/noticias\/cvc-recuperacao-2021\/#breadcrumb"},"inLanguage":"pt-BR","potentialAction":[{"@type":"ReadAction","target":["https:\/\/www.suno.com.br\/noticias\/cvc-recuperacao-2021\/"]}]},{"@type":"ImageObject","inLanguage":"pt-BR","@id":"https:\/\/www.suno.com.br\/noticias\/cvc-recuperacao-2021\/#primaryimage","url":"https:\/\/files.sunoresearch.com.br\/n\/uploads\/2019\/11\/89851e25-cvc-jpg.webp","contentUrl":"https:\/\/files.sunoresearch.com.br\/n\/uploads\/2019\/11\/89851e25-cvc-jpg.webp","width":1380,"height":920,"caption":"CVC (CVCB3)"},{"@type":"BreadcrumbList","@id":"https:\/\/www.suno.com.br\/noticias\/cvc-recuperacao-2021\/#breadcrumb","itemListElement":[{"@type":"ListItem","position":1,"name":"Not\u00edcias","item":"https:\/\/www.suno.com.br\/noticias\/"},{"@type":"ListItem","position":2,"name":"Neg\u00f3cios","item":"https:\/\/www.suno.com.br\/noticias\/negocios\/"},{"@type":"ListItem","position":3,"name":"CVC (CVCB3): pior ainda est\u00e1 por vir e recupera\u00e7\u00e3o deve ficar para 2021"}]},{"@type":"WebSite","@id":"https:\/\/www.suno.com.br\/noticias\/#website","url":"https:\/\/www.suno.com.br\/noticias\/","name":"Suno Not\u00edcias","description":"Seu portal de informa\u00e7\u00e3o sobre o mundo dos investimentos","publisher":{"@id":"https:\/\/www.suno.com.br\/noticias\/#organization"},"potentialAction":[{"@type":"SearchAction","target":{"@type":"EntryPoint","urlTemplate":"https:\/\/www.suno.com.br\/noticias\/?s={search_term_string}"},"query-input":{"@type":"PropertyValueSpecification","valueRequired":true,"valueName":"search_term_string"}}],"inLanguage":"pt-BR"},{"@type":"Organization","@id":"https:\/\/www.suno.com.br\/noticias\/#organization","name":"Suno Not\u00edcias","url":"https:\/\/www.suno.com.br\/noticias\/","logo":{"@type":"ImageObject","inLanguage":"pt-BR","@id":"https:\/\/www.suno.com.br\/noticias\/#\/schema\/logo\/image\/","url":"https:\/\/files.sunoresearch.com.br\/n\/uploads\/2021\/09\/suno-logo.png","contentUrl":"https:\/\/files.sunoresearch.com.br\/n\/uploads\/2021\/09\/suno-logo.png","width":180,"height":180,"caption":"Suno Not\u00edcias"},"image":{"@id":"https:\/\/www.suno.com.br\/noticias\/#\/schema\/logo\/image\/"},"sameAs":["https:\/\/facebook.com\/sunoresearch","https:\/\/x.com\/sunoresearch","https:\/\/www.instagram.com\/suno","https:\/\/www.linkedin.com\/company\/suno-research\/","https:\/\/www.youtube.com\/c\/sunoresearch"]},{"@type":"Person","@id":"https:\/\/www.suno.com.br\/noticias\/#\/schema\/person\/a20761b96e4df7eb57f1f9e41be1dbf3","name":"Vinicius Pereira","image":{"@type":"ImageObject","inLanguage":"pt-BR","@id":"https:\/\/www.suno.com.br\/noticias\/#\/schema\/person\/image\/","url":"https:\/\/secure.gravatar.com\/avatar\/783866b933198f5cc4c5d03fcc8b1301?s=96&r=g","contentUrl":"https:\/\/secure.gravatar.com\/avatar\/783866b933198f5cc4c5d03fcc8b1301?s=96&r=g","caption":"Vinicius Pereira"},"description":"Vinicius Pereira foi rep\u00f3rter de economia da Folha de S.Paulo, stringer do jornal no Canad\u00e1 e colaborador de VEJA. J\u00e1 escreveu tamb\u00e9m para BBC Brasil, The Intercept Brasil e UOL. Tem MBA em Informa\u00e7\u00f5es Econ\u00f4mico-Financeiras e Mercado de Capitais pela FIA\/B3.","sameAs":["https:\/\/x.com\/https:\/\/twitter.com\/viniciuspjornal"],"url":"https:\/\/www.suno.com.br\/noticias\/author\/vinicius-pereira\/"}]}},"default_loop_html":"<div class=\"cardsPage__listCard__boxs\"><div class=\"cardsPage__listCard__boxs__img\"><a href=\"https:\/\/www.suno.com.br\/noticias\/cvc-recuperacao-2021\/\"><img class=\"mask\" src=\"https:\/\/www.suno.com.br\/noticias\/wp-content\/themes\/suno\/resources\/images\/spotlight\/spotlight1img\/bg-mask.png\" alt=\"Image Mask\"\/><img src=\"https:\/\/files.sunoresearch.com.br\/n\/uploads\/2019\/11\/89851e25-cvc-400x200.webp\" alt=\"CVC (CVCB3): pior ainda est\u00e1 por vir e recupera\u00e7\u00e3o deve ficar para 2021\"\/><\/a><span class=\"spotlightCategory\"><a href=\"https:\/\/www.suno.com.br\/noticias\/negocios\/\">Neg\u00f3cios<\/a><\/span><\/div><div class=\"cardsPage__listCard__boxs__content\"><a href=\"https:\/\/www.suno.com.br\/noticias\/cvc-recuperacao-2021\/\"><h2 class=\"content__title\">CVC (CVCB3): pior ainda est\u00e1 por vir e recupera\u00e7\u00e3o deve ficar para 2021<\/h2><\/a><div class=\"newsContent__article__meta\"><div class=\"newsContent__article__meta__authorBox\"><a href=\"https:\/\/www.suno.com.br\/noticias\/author\/vinicius-pereira\/\" class=\"authorBox__avatar noMobi\"><img src=\"https:\/\/files.sunoresearch.com.br\/n\/uploads\/2020\/08\/77510613-whatsapp-image-2020-08-03-at-13.40.40-150x150.webp\" alt=\"Vinicius Pereira\"><\/a><div class=\"authorBox__name\"><span>por\n\t\t\t<a href=\"https:\/\/www.suno.com.br\/noticias\/author\/vinicius-pereira\/\"><span itemprop=\"author\">Vinicius Pereira<\/span><\/a><\/span><time datetime=\"2020-10-01T14:32:19-03:00\" itemprop=\"datePublished\">01\/10\/2020 14:32<\/time><\/div><\/div><\/div><\/div><\/div>","single_layout":"posts","amp_enabled":true,"_links":{"self":[{"href":"https:\/\/www.suno.com.br\/noticias\/wp-json\/wp\/v2\/posts\/88763"}],"collection":[{"href":"https:\/\/www.suno.com.br\/noticias\/wp-json\/wp\/v2\/posts"}],"about":[{"href":"https:\/\/www.suno.com.br\/noticias\/wp-json\/wp\/v2\/types\/post"}],"author":[{"embeddable":true,"href":"https:\/\/www.suno.com.br\/noticias\/wp-json\/wp\/v2\/users\/27"}],"replies":[{"embeddable":true,"href":"https:\/\/www.suno.com.br\/noticias\/wp-json\/wp\/v2\/comments?post=88763"}],"version-history":[{"count":0,"href":"https:\/\/www.suno.com.br\/noticias\/wp-json\/wp\/v2\/posts\/88763\/revisions"}],"wp:featuredmedia":[{"embeddable":true,"href":"https:\/\/www.suno.com.br\/noticias\/wp-json\/wp\/v2\/media\/45618"}],"wp:attachment":[{"href":"https:\/\/www.suno.com.br\/noticias\/wp-json\/wp\/v2\/media?parent=88763"}],"wp:term":[{"taxonomy":"category","embeddable":true,"href":"https:\/\/www.suno.com.br\/noticias\/wp-json\/wp\/v2\/categories?post=88763"},{"taxonomy":"post_tag","embeddable":true,"href":"https:\/\/www.suno.com.br\/noticias\/wp-json\/wp\/v2\/tags?post=88763"},{"taxonomy":"suno_strategy","embeddable":true,"href":"https:\/\/www.suno.com.br\/noticias\/wp-json\/wp\/v2\/suno_strategy?post=88763"}],"curies":[{"name":"wp","href":"https:\/\/api.w.org\/{rel}","templated":true}]}}