{"id":88609,"date":"2020-09-30T18:40:14","date_gmt":"2020-09-30T21:40:14","guid":{"rendered":"https:\/\/www.suno.com.br\/noticias\/?p=88609"},"modified":"2020-09-30T18:40:14","modified_gmt":"2020-09-30T21:40:14","slug":"facebook-whatsapp-tse-desinformacao-eleicoes","status":"publish","type":"post","link":"https:\/\/www.suno.com.br\/noticias\/facebook-whatsapp-tse-desinformacao-eleicoes\/","title":{"rendered":"Facebook e TSE fazem acordo para combater desinforma\u00e7\u00e3o em elei\u00e7\u00f5es"},"content":{"rendered":"<p>A assessoria de imprensa do Tribunal Superior Eleitoral (TSE) informou nessa quarta-feira (30) que o \u00f3rg\u00e3o fechou uma parceria com o <strong>Facebook<\/strong> (<a href=\"https:\/\/www.suno.com.br\/artigos\/nasdaq\/\">NASDAQ<\/a>: FB) e o WhatsApp com o intuito de combater a desinforma\u00e7\u00e3o e abusos durante as elei\u00e7\u00f5es de 2020.<\/p>\t<div class=\"wrapper-featured-image\">\n\t\t<figure class=\"spotlightImg\">\n\n\t\t\t<picture>\n\t\t\t\t<source media=\"(max-width: 768px)\" srcset=\"https:\/\/files.sunoresearch.com.br\/n\/uploads\/2020\/09\/100a533d-facebook-400x200.webp\">\n\t\t\t\t<img loading=\"lazy\" decoding=\"async\" class=\"newsContent__article__imgCapa lazyloadDisabled \" src=\"https:\/\/files.sunoresearch.com.br\/n\/uploads\/2020\/09\/100a533d-facebook-800x450.webp\" width=\"800\" height=\"450\" alt=\"Facebook e TSE fazem acordo para combater desinforma\u00e7\u00e3o em elei\u00e7\u00f5es\" fetchpriority=high \/>\n\t\t\t<\/picture>\n\n\t\t\t<figcaption class=\"wp-caption-text wp-caption-text--show\">O TSE fechou uma parceria com o Facebook e o WhatsApp para combater a desinforma\u00e7\u00e3o durante nas elei\u00e7\u00f5es de 2020. <\/figcaption>\n\t\t<\/figure>\n\t<\/div>\n\n\n<div class=\"hubspot-form-wrapper\">\n\t<div id=\"single-form-target\"><\/div>\n<\/div>\n\n<p>A parceria com o Facebook prev\u00ea que dias antes da <strong>elei\u00e7\u00e3o<\/strong>, uma ferramenta da plataforma divulgar\u00e1 mensagens sobre as elei\u00e7\u00f5es no feed de not\u00edcias dos usu\u00e1rios. As mensagens dever\u00e3o informar sobre a organiza\u00e7\u00e3o e tamb\u00e9m medidas de seguran\u00e7a sanit\u00e1ria, deviso ao per\u00edodo de pandemia.<\/p>\n<p>J\u00e1 no <strong>WhatsApp<\/strong>, a parceria prev\u00ea a cria\u00e7\u00e3o de um chatbox para apoiar a divulga\u00e7\u00e3o de dados oficiais do Tribunal Superior Eleitoral, referentes \u00e0 vota\u00e7\u00e3o e ao processo eleitoral.<\/p>\n<p><a href=\"https:\/\/lp.suno.com.br\/suno-one\/\">Suno One: acesse gratuitamente eBooks, Minicursos, Artigos e Video Aulas sobre investimentos com um \u00fanico cadastro. Clique para saber mais!<\/a><\/p>\n<p>Al\u00e9m disso, com a parceria, ser\u00e1 criado um canal de comunica\u00e7\u00e3o individual com o \u00f3rg\u00e3o, no qual poder\u00e3o ser feitas denuncias de contas suspeitas de realizar envios em massa.<\/p>\n<p>Segundo o presidente do TSE, Lu\u00eds Roberto Barroso, o acordo deve ajudar a eliminar, entre outras coisas, a circula\u00e7\u00e3o de fake news, o uso indevido de rob\u00f4s e impulsionamentos ilegais.<\/p>\n<h2>Facebook pode restringir usu\u00e1rios caso elei\u00e7\u00f5es dos EUA virem um &#8216;caos&#8217;<\/h2>\n<p>Caso as elei\u00e7\u00f5es presidenciais dos <strong>Estados Unidos,<\/strong> que acontecer\u00e3o em novembro deste ano, se tornem um &#8220;caos&#8221;, o Facebook \u00a0pode restringir a atua\u00e7\u00e3o de usu\u00e1rios como uma das medidas graves para apartar a &#8220;violenta agita\u00e7\u00e3o c\u00edvica&#8221;. As informa\u00e7\u00f5es foram reveladas pelo chefe de assuntos globais da companhia, Nick Clegg, em entrevista ao jornal brit\u00e2nico &#8220;Financial Times&#8221;.<\/p>\n<p>O executivo do Facebook afirmou que est\u00e3o sendo tra\u00e7adas estrat\u00e9gias para lidar com uma s\u00e9rie de resultados oriundos das <strong>elei\u00e7\u00f5es<\/strong>. Para ele, a rede social permanecer\u00e1 atenta aos &#8220;dilemas pol\u00edticos&#8221; de ter votos pessoais contados mais rapidamente do que as c\u00e9dulas pelo correio, procedimento que ser\u00e1 implementado em fun\u00e7\u00e3o da pandemia do <a href=\"https:\/\/www.suno.com.br\/noticias\/?s=coronav%C3%ADrus\">novo coronav\u00edrus (Covid-19)<\/a>.<\/p>\n<p>\u201cExistem algumas op\u00e7\u00f5es de quebra-vidros dispon\u00edveis para n\u00f3s se realmente houver um conjunto de circunst\u00e2ncias extremamente ca\u00f3ticas e, pior ainda, violentas\u201d, afirmou <strong>Clegg<\/strong>, embora n\u00e3o tenha dado mais detalhes sobre as medidas que est\u00e3o sendo discutidas.<\/p>\n\t<div data-element=\"shortcode-read-more\" class=\"knowMore\">\n\t\t\t\t<span class=\"knowMore__title\">Saiba mais<\/span>\n\t\t\t\t<a class=\"knowMore__link\" href=\"https:\/\/www.suno.com.br\/noticias\/facebook-deve-proibir-novos-anuncios-de-campanhas-politicas-nos-eua\/\">\n\t\t\tFacebook deve proibir novos an\u00fancios de campanhas pol\u00edticas nos EUA\t\t<\/a>\n\t<\/div>\n\n\n<p>Os planos que est\u00e3o sob a mesa, que podem ir para patamares sem precedentes na atua\u00e7\u00e3o do Facebook, vem \u00e0 tona em meio \u00e0 press\u00e3o que a companhia sofre para explicar de que forma ir\u00e1 combater a desinforma\u00e7\u00e3o relacionada ao processo eleitoral. Autoridades e cr\u00edticos quem saber de que maneira o grupo de tecnologia agir\u00e1 frente \u00e0 repress\u00e3o eleitoral, incitamento \u00e0 viol\u00eancia no dia das elei\u00e7\u00f5es, 3 de novembro, ou no p\u00f3s-elei\u00e7\u00f5es.<\/p>\n\t<p>\n\t\t<a href=\"https:\/\/lp.suno.com.br\/planilha-de-controle-de-investimentos\/\" target=\"_blank\" data-element=\"shortcode-suno-banner\" title=\"Banner SUNO, clique e saiba mais\">\n\t\t\t<picture>\n\t\t\t\t<source media=\"(max-width: 500px)\" srcset=\"https:\/\/files.sunoresearch.com.br\/n\/uploads\/2023\/03\/400x300-Controle-de-Investimentos.png\">\n\t\t\t\t<img class=\"newsContent__article__imgCapa newsContent__article__imgCapa--banner\"\n\t\t\t\t\tsrc=\"https:\/\/files.sunoresearch.com.br\/n\/uploads\/2023\/03\/1420x240-Controle-de-Investimentos.png\"\n\t\t\t\t\tdata-promo-id=\"75934\"\t\t\t\t\t\t\t\t\t\twidth='1420' height='240'\t\t\t\t\talt=\"https:\/\/files.sunoresearch.com.br\/n\/uploads\/2023\/03\/1420x240-Controle-de-Investimentos.png\"\n\t\t\t\t>\n\t\t\t<\/picture>\n\t\t<\/a>\n\t<\/p>\n\n\n","protected":false},"excerpt":{"rendered":"<p>A assessoria de imprensa do Tribunal Superior Eleitoral (TSE) informou nessa quarta-feira (30) que o \u00f3rg\u00e3o fechou uma parceria com o Facebook (NASDAQ: FB) e o WhatsApp com o intuito de combater a desinforma\u00e7\u00e3o e abusos durante as elei\u00e7\u00f5es de 2020. O TSE fechou uma parceria com o Facebook e o WhatsApp para combater a [&hellip;]<\/p>\n","protected":false},"author":39,"featured_media":88633,"comment_status":"closed","ping_status":"closed","sticky":false,"template":"","format":"standard","meta":[],"categories":[64,61],"tags":[697,733,741,895],"suno_strategy":[],"class_list":["post-88609","post","type-post","status-publish","format-standard","has-post-thumbnail","hentry","category-negocios","category-politica","tag-eleicoes","tag-facebook-fbok34","tag-tribunal-superior-eleitoral-tse","tag-whatsapp"],"yoast_head":"<!-- This site is optimized with the Yoast SEO plugin v24.4 - https:\/\/yoast.com\/wordpress\/plugins\/seo\/ -->\n<title>Facebook e TSE fazem acordo para combater desinforma\u00e7\u00e3o em elei\u00e7\u00f5es<\/title>\n<meta name=\"description\" content=\"O TSE fechou uma parceria com o Facebook e o WhatsApp para combater a desinforma\u00e7\u00e3odurante nas elei\u00e7\u00f5es de 2020. Clique aqui e saiba mais\" \/>\n<meta name=\"robots\" content=\"index, follow, max-snippet:-1, max-image-preview:large, max-video-preview:-1\" \/>\n<link rel=\"canonical\" href=\"https:\/\/www.suno.com.br\/noticias\/facebook-whatsapp-tse-desinformacao-eleicoes\/\" \/>\n<meta property=\"og:locale\" content=\"pt_BR\" \/>\n<meta property=\"og:type\" content=\"article\" \/>\n<meta property=\"og:title\" content=\"Facebook e TSE fazem acordo para combater desinforma\u00e7\u00e3o em elei\u00e7\u00f5es\" \/>\n<meta property=\"og:description\" content=\"O TSE fechou uma parceria com o Facebook e o WhatsApp para combater a desinforma\u00e7\u00e3odurante nas elei\u00e7\u00f5es de 2020. Clique aqui e saiba mais\" \/>\n<meta property=\"og:url\" content=\"https:\/\/www.suno.com.br\/noticias\/facebook-whatsapp-tse-desinformacao-eleicoes\/\" \/>\n<meta property=\"og:site_name\" content=\"Suno Not\u00edcias\" \/>\n<meta property=\"article:publisher\" content=\"https:\/\/facebook.com\/sunoresearch\" \/>\n<meta property=\"og:image\" content=\"https:\/\/files.sunoresearch.com.br\/n\/uploads\/2020\/09\/100a533d-facebook.jpg\" \/>\n\t<meta property=\"og:image:width\" content=\"1920\" \/>\n\t<meta property=\"og:image:height\" content=\"1023\" \/>\n\t<meta property=\"og:image:type\" content=\"image\/jpeg\" \/>\n<meta name=\"author\" content=\"Laura Moutinho\" \/>\n<meta name=\"twitter:card\" content=\"summary_large_image\" \/>\n<meta name=\"twitter:creator\" content=\"@sunoresearch\" \/>\n<meta name=\"twitter:site\" content=\"@sunoresearch\" \/>\n<meta name=\"twitter:label1\" content=\"Escrito por\" \/>\n\t<meta name=\"twitter:data1\" content=\"Laura Moutinho\" \/>\n\t<meta name=\"twitter:label2\" content=\"Est. tempo de leitura\" \/>\n\t<meta name=\"twitter:data2\" content=\"2 minutos\" \/>\n<script type=\"application\/ld+json\" class=\"yoast-schema-graph\">{\"@context\":\"https:\/\/schema.org\",\"@graph\":[{\"@type\":\"NewsArticle\",\"@id\":\"https:\/\/www.suno.com.br\/noticias\/facebook-whatsapp-tse-desinformacao-eleicoes\/#article\",\"isPartOf\":{\"@id\":\"https:\/\/www.suno.com.br\/noticias\/facebook-whatsapp-tse-desinformacao-eleicoes\/\"},\"author\":{\"name\":\"Laura Moutinho\",\"@id\":\"https:\/\/www.suno.com.br\/noticias\/#\/schema\/person\/3df0d2808748b74496efe5dbeaef2c72\"},\"headline\":\"Facebook e TSE fazem acordo para combater desinforma\u00e7\u00e3o em elei\u00e7\u00f5es\",\"datePublished\":\"2020-09-30T21:40:14+00:00\",\"mainEntityOfPage\":{\"@id\":\"https:\/\/www.suno.com.br\/noticias\/facebook-whatsapp-tse-desinformacao-eleicoes\/\"},\"wordCount\":509,\"publisher\":{\"@id\":\"https:\/\/www.suno.com.br\/noticias\/#organization\"},\"image\":{\"@id\":\"https:\/\/www.suno.com.br\/noticias\/facebook-whatsapp-tse-desinformacao-eleicoes\/#primaryimage\"},\"thumbnailUrl\":\"https:\/\/files.sunoresearch.com.br\/n\/uploads\/2020\/09\/100a533d-facebook-jpg.webp\",\"keywords\":[\"Elei\u00e7\u00f5es\",\"Facebook (FBOK34)\",\"Tribunal Superior Eleitoral (TSE)\",\"WhatsApp\"],\"articleSection\":[\"Neg\u00f3cios\",\"Pol\u00edtica\"],\"inLanguage\":\"pt-BR\"},{\"@type\":\"WebPage\",\"@id\":\"https:\/\/www.suno.com.br\/noticias\/facebook-whatsapp-tse-desinformacao-eleicoes\/\",\"url\":\"https:\/\/www.suno.com.br\/noticias\/facebook-whatsapp-tse-desinformacao-eleicoes\/\",\"name\":\"Facebook e TSE fazem acordo para combater desinforma\u00e7\u00e3o em elei\u00e7\u00f5es\",\"isPartOf\":{\"@id\":\"https:\/\/www.suno.com.br\/noticias\/#website\"},\"primaryImageOfPage\":{\"@id\":\"https:\/\/www.suno.com.br\/noticias\/facebook-whatsapp-tse-desinformacao-eleicoes\/#primaryimage\"},\"image\":{\"@id\":\"https:\/\/www.suno.com.br\/noticias\/facebook-whatsapp-tse-desinformacao-eleicoes\/#primaryimage\"},\"thumbnailUrl\":\"https:\/\/files.sunoresearch.com.br\/n\/uploads\/2020\/09\/100a533d-facebook-jpg.webp\",\"datePublished\":\"2020-09-30T21:40:14+00:00\",\"description\":\"O TSE fechou uma parceria com o Facebook e o WhatsApp para combater a desinforma\u00e7\u00e3odurante nas elei\u00e7\u00f5es de 2020. Clique aqui e saiba mais\",\"breadcrumb\":{\"@id\":\"https:\/\/www.suno.com.br\/noticias\/facebook-whatsapp-tse-desinformacao-eleicoes\/#breadcrumb\"},\"inLanguage\":\"pt-BR\",\"potentialAction\":[{\"@type\":\"ReadAction\",\"target\":[\"https:\/\/www.suno.com.br\/noticias\/facebook-whatsapp-tse-desinformacao-eleicoes\/\"]}]},{\"@type\":\"ImageObject\",\"inLanguage\":\"pt-BR\",\"@id\":\"https:\/\/www.suno.com.br\/noticias\/facebook-whatsapp-tse-desinformacao-eleicoes\/#primaryimage\",\"url\":\"https:\/\/files.sunoresearch.com.br\/n\/uploads\/2020\/09\/100a533d-facebook-jpg.webp\",\"contentUrl\":\"https:\/\/files.sunoresearch.com.br\/n\/uploads\/2020\/09\/100a533d-facebook-jpg.webp\",\"width\":1920,\"height\":1023,\"caption\":\"O TSE fechou uma parceria com o Facebook e o WhatsApp para combater a desinforma\u00e7\u00e3o durante nas elei\u00e7\u00f5es de 2020.\"},{\"@type\":\"BreadcrumbList\",\"@id\":\"https:\/\/www.suno.com.br\/noticias\/facebook-whatsapp-tse-desinformacao-eleicoes\/#breadcrumb\",\"itemListElement\":[{\"@type\":\"ListItem\",\"position\":1,\"name\":\"Not\u00edcias\",\"item\":\"https:\/\/www.suno.com.br\/noticias\/\"},{\"@type\":\"ListItem\",\"position\":2,\"name\":\"Neg\u00f3cios\",\"item\":\"https:\/\/www.suno.com.br\/noticias\/negocios\/\"},{\"@type\":\"ListItem\",\"position\":3,\"name\":\"Facebook e TSE fazem acordo para combater desinforma\u00e7\u00e3o em elei\u00e7\u00f5es\"}]},{\"@type\":\"WebSite\",\"@id\":\"https:\/\/www.suno.com.br\/noticias\/#website\",\"url\":\"https:\/\/www.suno.com.br\/noticias\/\",\"name\":\"Suno Not\u00edcias\",\"description\":\"Seu portal de informa\u00e7\u00e3o sobre o mundo dos investimentos\",\"publisher\":{\"@id\":\"https:\/\/www.suno.com.br\/noticias\/#organization\"},\"potentialAction\":[{\"@type\":\"SearchAction\",\"target\":{\"@type\":\"EntryPoint\",\"urlTemplate\":\"https:\/\/www.suno.com.br\/noticias\/?s={search_term_string}\"},\"query-input\":{\"@type\":\"PropertyValueSpecification\",\"valueRequired\":true,\"valueName\":\"search_term_string\"}}],\"inLanguage\":\"pt-BR\"},{\"@type\":\"Organization\",\"@id\":\"https:\/\/www.suno.com.br\/noticias\/#organization\",\"name\":\"Suno Not\u00edcias\",\"url\":\"https:\/\/www.suno.com.br\/noticias\/\",\"logo\":{\"@type\":\"ImageObject\",\"inLanguage\":\"pt-BR\",\"@id\":\"https:\/\/www.suno.com.br\/noticias\/#\/schema\/logo\/image\/\",\"url\":\"https:\/\/files.sunoresearch.com.br\/n\/uploads\/2021\/09\/suno-logo.png\",\"contentUrl\":\"https:\/\/files.sunoresearch.com.br\/n\/uploads\/2021\/09\/suno-logo.png\",\"width\":180,\"height\":180,\"caption\":\"Suno Not\u00edcias\"},\"image\":{\"@id\":\"https:\/\/www.suno.com.br\/noticias\/#\/schema\/logo\/image\/\"},\"sameAs\":[\"https:\/\/facebook.com\/sunoresearch\",\"https:\/\/x.com\/sunoresearch\",\"https:\/\/www.instagram.com\/suno\",\"https:\/\/www.linkedin.com\/company\/suno-research\/\",\"https:\/\/www.youtube.com\/c\/sunoresearch\"]},{\"@type\":\"Person\",\"@id\":\"https:\/\/www.suno.com.br\/noticias\/#\/schema\/person\/3df0d2808748b74496efe5dbeaef2c72\",\"name\":\"Laura Moutinho\",\"image\":{\"@type\":\"ImageObject\",\"inLanguage\":\"pt-BR\",\"@id\":\"https:\/\/www.suno.com.br\/noticias\/#\/schema\/person\/image\/\",\"url\":\"https:\/\/secure.gravatar.com\/avatar\/7571c7c8ca3a6fca5e41384ece5557ff?s=96&r=g\",\"contentUrl\":\"https:\/\/secure.gravatar.com\/avatar\/7571c7c8ca3a6fca5e41384ece5557ff?s=96&r=g\",\"caption\":\"Laura Moutinho\"},\"description\":\"Estagi\u00e1ria na Suno Not\u00edcias, escreve not\u00edcias que afetam o mercado financeiro. Estuda administra\u00e7\u00e3o na Universidade Presbiteriana Mackenzie.\",\"url\":\"https:\/\/www.suno.com.br\/noticias\/author\/laura-moutinho\/\"}]}<\/script>\n<!-- \/ Yoast SEO plugin. -->","yoast_head_json":{"title":"Facebook e TSE fazem acordo para combater desinforma\u00e7\u00e3o em elei\u00e7\u00f5es","description":"O TSE fechou uma parceria com o Facebook e o WhatsApp para combater a desinforma\u00e7\u00e3odurante nas elei\u00e7\u00f5es de 2020. Clique aqui e saiba mais","robots":{"index":"index","follow":"follow","max-snippet":"max-snippet:-1","max-image-preview":"max-image-preview:large","max-video-preview":"max-video-preview:-1"},"canonical":"https:\/\/www.suno.com.br\/noticias\/facebook-whatsapp-tse-desinformacao-eleicoes\/","og_locale":"pt_BR","og_type":"article","og_title":"Facebook e TSE fazem acordo para combater desinforma\u00e7\u00e3o em elei\u00e7\u00f5es","og_description":"O TSE fechou uma parceria com o Facebook e o WhatsApp para combater a desinforma\u00e7\u00e3odurante nas elei\u00e7\u00f5es de 2020. Clique aqui e saiba mais","og_url":"https:\/\/www.suno.com.br\/noticias\/facebook-whatsapp-tse-desinformacao-eleicoes\/","og_site_name":"Suno Not\u00edcias","article_publisher":"https:\/\/facebook.com\/sunoresearch","og_image":[{"width":1920,"height":1023,"url":"https:\/\/files.sunoresearch.com.br\/n\/uploads\/2020\/09\/100a533d-facebook.jpg","type":"image\/jpeg"}],"author":"Laura Moutinho","twitter_card":"summary_large_image","twitter_creator":"@sunoresearch","twitter_site":"@sunoresearch","twitter_misc":{"Escrito por":"Laura Moutinho","Est. tempo de leitura":"2 minutos"},"schema":{"@context":"https:\/\/schema.org","@graph":[{"@type":"NewsArticle","@id":"https:\/\/www.suno.com.br\/noticias\/facebook-whatsapp-tse-desinformacao-eleicoes\/#article","isPartOf":{"@id":"https:\/\/www.suno.com.br\/noticias\/facebook-whatsapp-tse-desinformacao-eleicoes\/"},"author":{"name":"Laura Moutinho","@id":"https:\/\/www.suno.com.br\/noticias\/#\/schema\/person\/3df0d2808748b74496efe5dbeaef2c72"},"headline":"Facebook e TSE fazem acordo para combater desinforma\u00e7\u00e3o em elei\u00e7\u00f5es","datePublished":"2020-09-30T21:40:14+00:00","mainEntityOfPage":{"@id":"https:\/\/www.suno.com.br\/noticias\/facebook-whatsapp-tse-desinformacao-eleicoes\/"},"wordCount":509,"publisher":{"@id":"https:\/\/www.suno.com.br\/noticias\/#organization"},"image":{"@id":"https:\/\/www.suno.com.br\/noticias\/facebook-whatsapp-tse-desinformacao-eleicoes\/#primaryimage"},"thumbnailUrl":"https:\/\/files.sunoresearch.com.br\/n\/uploads\/2020\/09\/100a533d-facebook-jpg.webp","keywords":["Elei\u00e7\u00f5es","Facebook (FBOK34)","Tribunal Superior Eleitoral (TSE)","WhatsApp"],"articleSection":["Neg\u00f3cios","Pol\u00edtica"],"inLanguage":"pt-BR"},{"@type":"WebPage","@id":"https:\/\/www.suno.com.br\/noticias\/facebook-whatsapp-tse-desinformacao-eleicoes\/","url":"https:\/\/www.suno.com.br\/noticias\/facebook-whatsapp-tse-desinformacao-eleicoes\/","name":"Facebook e TSE fazem acordo para combater desinforma\u00e7\u00e3o em elei\u00e7\u00f5es","isPartOf":{"@id":"https:\/\/www.suno.com.br\/noticias\/#website"},"primaryImageOfPage":{"@id":"https:\/\/www.suno.com.br\/noticias\/facebook-whatsapp-tse-desinformacao-eleicoes\/#primaryimage"},"image":{"@id":"https:\/\/www.suno.com.br\/noticias\/facebook-whatsapp-tse-desinformacao-eleicoes\/#primaryimage"},"thumbnailUrl":"https:\/\/files.sunoresearch.com.br\/n\/uploads\/2020\/09\/100a533d-facebook-jpg.webp","datePublished":"2020-09-30T21:40:14+00:00","description":"O TSE fechou uma parceria com o Facebook e o WhatsApp para combater a desinforma\u00e7\u00e3odurante nas elei\u00e7\u00f5es de 2020. Clique aqui e saiba mais","breadcrumb":{"@id":"https:\/\/www.suno.com.br\/noticias\/facebook-whatsapp-tse-desinformacao-eleicoes\/#breadcrumb"},"inLanguage":"pt-BR","potentialAction":[{"@type":"ReadAction","target":["https:\/\/www.suno.com.br\/noticias\/facebook-whatsapp-tse-desinformacao-eleicoes\/"]}]},{"@type":"ImageObject","inLanguage":"pt-BR","@id":"https:\/\/www.suno.com.br\/noticias\/facebook-whatsapp-tse-desinformacao-eleicoes\/#primaryimage","url":"https:\/\/files.sunoresearch.com.br\/n\/uploads\/2020\/09\/100a533d-facebook-jpg.webp","contentUrl":"https:\/\/files.sunoresearch.com.br\/n\/uploads\/2020\/09\/100a533d-facebook-jpg.webp","width":1920,"height":1023,"caption":"O TSE fechou uma parceria com o Facebook e o WhatsApp para combater a desinforma\u00e7\u00e3o durante nas elei\u00e7\u00f5es de 2020."},{"@type":"BreadcrumbList","@id":"https:\/\/www.suno.com.br\/noticias\/facebook-whatsapp-tse-desinformacao-eleicoes\/#breadcrumb","itemListElement":[{"@type":"ListItem","position":1,"name":"Not\u00edcias","item":"https:\/\/www.suno.com.br\/noticias\/"},{"@type":"ListItem","position":2,"name":"Neg\u00f3cios","item":"https:\/\/www.suno.com.br\/noticias\/negocios\/"},{"@type":"ListItem","position":3,"name":"Facebook e TSE fazem acordo para combater desinforma\u00e7\u00e3o em elei\u00e7\u00f5es"}]},{"@type":"WebSite","@id":"https:\/\/www.suno.com.br\/noticias\/#website","url":"https:\/\/www.suno.com.br\/noticias\/","name":"Suno Not\u00edcias","description":"Seu portal de informa\u00e7\u00e3o sobre o mundo dos investimentos","publisher":{"@id":"https:\/\/www.suno.com.br\/noticias\/#organization"},"potentialAction":[{"@type":"SearchAction","target":{"@type":"EntryPoint","urlTemplate":"https:\/\/www.suno.com.br\/noticias\/?s={search_term_string}"},"query-input":{"@type":"PropertyValueSpecification","valueRequired":true,"valueName":"search_term_string"}}],"inLanguage":"pt-BR"},{"@type":"Organization","@id":"https:\/\/www.suno.com.br\/noticias\/#organization","name":"Suno Not\u00edcias","url":"https:\/\/www.suno.com.br\/noticias\/","logo":{"@type":"ImageObject","inLanguage":"pt-BR","@id":"https:\/\/www.suno.com.br\/noticias\/#\/schema\/logo\/image\/","url":"https:\/\/files.sunoresearch.com.br\/n\/uploads\/2021\/09\/suno-logo.png","contentUrl":"https:\/\/files.sunoresearch.com.br\/n\/uploads\/2021\/09\/suno-logo.png","width":180,"height":180,"caption":"Suno Not\u00edcias"},"image":{"@id":"https:\/\/www.suno.com.br\/noticias\/#\/schema\/logo\/image\/"},"sameAs":["https:\/\/facebook.com\/sunoresearch","https:\/\/x.com\/sunoresearch","https:\/\/www.instagram.com\/suno","https:\/\/www.linkedin.com\/company\/suno-research\/","https:\/\/www.youtube.com\/c\/sunoresearch"]},{"@type":"Person","@id":"https:\/\/www.suno.com.br\/noticias\/#\/schema\/person\/3df0d2808748b74496efe5dbeaef2c72","name":"Laura Moutinho","image":{"@type":"ImageObject","inLanguage":"pt-BR","@id":"https:\/\/www.suno.com.br\/noticias\/#\/schema\/person\/image\/","url":"https:\/\/secure.gravatar.com\/avatar\/7571c7c8ca3a6fca5e41384ece5557ff?s=96&r=g","contentUrl":"https:\/\/secure.gravatar.com\/avatar\/7571c7c8ca3a6fca5e41384ece5557ff?s=96&r=g","caption":"Laura Moutinho"},"description":"Estagi\u00e1ria na Suno Not\u00edcias, escreve not\u00edcias que afetam o mercado financeiro. Estuda administra\u00e7\u00e3o na Universidade Presbiteriana Mackenzie.","url":"https:\/\/www.suno.com.br\/noticias\/author\/laura-moutinho\/"}]}},"default_loop_html":"<div class=\"cardsPage__listCard__boxs\"><div class=\"cardsPage__listCard__boxs__img\"><a href=\"https:\/\/www.suno.com.br\/noticias\/facebook-whatsapp-tse-desinformacao-eleicoes\/\"><img class=\"mask\" src=\"https:\/\/www.suno.com.br\/noticias\/wp-content\/themes\/suno\/resources\/images\/spotlight\/spotlight1img\/bg-mask.png\" alt=\"Image Mask\"\/><img src=\"https:\/\/files.sunoresearch.com.br\/n\/uploads\/2020\/09\/100a533d-facebook-400x200.webp\" alt=\"Facebook e TSE fazem acordo para combater desinforma\u00e7\u00e3o em elei\u00e7\u00f5es\"\/><\/a><span class=\"spotlightCategory\"><a href=\"https:\/\/www.suno.com.br\/noticias\/negocios\/\">Neg\u00f3cios<\/a><\/span><\/div><div class=\"cardsPage__listCard__boxs__content\"><a href=\"https:\/\/www.suno.com.br\/noticias\/facebook-whatsapp-tse-desinformacao-eleicoes\/\"><h2 class=\"content__title\">Facebook e TSE fazem acordo para combater desinforma\u00e7\u00e3o em elei\u00e7\u00f5es<\/h2><\/a><div class=\"newsContent__article__meta\"><div class=\"newsContent__article__meta__authorBox\"><a href=\"https:\/\/www.suno.com.br\/noticias\/author\/laura-moutinho\/\" class=\"authorBox__avatar noMobi\"><img src=\"https:\/\/files.sunoresearch.com.br\/n\/uploads\/2020\/08\/531ff69d-whatsapp-image-2020-08-03-at-14.54.38-150x150.webp\" alt=\"Laura Moutinho\"><\/a><div class=\"authorBox__name\"><span>por\n\t\t\t<a href=\"https:\/\/www.suno.com.br\/noticias\/author\/laura-moutinho\/\"><span itemprop=\"author\">Laura Moutinho<\/span><\/a><\/span><time datetime=\"2020-09-30T18:40:14-03:00\" itemprop=\"datePublished\">30\/09\/2020 18:40<\/time><\/div><\/div><\/div><\/div><\/div>","single_layout":"posts","amp_enabled":true,"_links":{"self":[{"href":"https:\/\/www.suno.com.br\/noticias\/wp-json\/wp\/v2\/posts\/88609"}],"collection":[{"href":"https:\/\/www.suno.com.br\/noticias\/wp-json\/wp\/v2\/posts"}],"about":[{"href":"https:\/\/www.suno.com.br\/noticias\/wp-json\/wp\/v2\/types\/post"}],"author":[{"embeddable":true,"href":"https:\/\/www.suno.com.br\/noticias\/wp-json\/wp\/v2\/users\/39"}],"replies":[{"embeddable":true,"href":"https:\/\/www.suno.com.br\/noticias\/wp-json\/wp\/v2\/comments?post=88609"}],"version-history":[{"count":0,"href":"https:\/\/www.suno.com.br\/noticias\/wp-json\/wp\/v2\/posts\/88609\/revisions"}],"wp:featuredmedia":[{"embeddable":true,"href":"https:\/\/www.suno.com.br\/noticias\/wp-json\/wp\/v2\/media\/88633"}],"wp:attachment":[{"href":"https:\/\/www.suno.com.br\/noticias\/wp-json\/wp\/v2\/media?parent=88609"}],"wp:term":[{"taxonomy":"category","embeddable":true,"href":"https:\/\/www.suno.com.br\/noticias\/wp-json\/wp\/v2\/categories?post=88609"},{"taxonomy":"post_tag","embeddable":true,"href":"https:\/\/www.suno.com.br\/noticias\/wp-json\/wp\/v2\/tags?post=88609"},{"taxonomy":"suno_strategy","embeddable":true,"href":"https:\/\/www.suno.com.br\/noticias\/wp-json\/wp\/v2\/suno_strategy?post=88609"}],"curies":[{"name":"wp","href":"https:\/\/api.w.org\/{rel}","templated":true}]}}