{"id":88583,"date":"2020-09-30T17:14:12","date_gmt":"2020-09-30T20:14:12","guid":{"rendered":"https:\/\/www.suno.com.br\/noticias\/?p=88583"},"modified":"2021-05-10T13:14:27","modified_gmt":"2021-05-10T16:14:27","slug":"latam-acordo-financiamento-sec","status":"publish","type":"post","link":"https:\/\/www.suno.com.br\/noticias\/latam-acordo-financiamento-sec\/","title":{"rendered":"Latam assina acordo para acessar financiamento de US$ 2,4 bilh\u00f5es"},"content":{"rendered":"<p>A <strong>Latam\u00a0<\/strong>Airlines assinou na \u00faltima ter\u00e7a-feira (29) o acordo DIP, que \u00e9 um modelo de financiamento que d\u00e1 prefer\u00eancia de pagamento a quem ajudou a empresa no momento de dificuldade, para captar US$ 2,4 bilh\u00f5es (cerca de R$ 13,2 bilh\u00f5es) com credores e <a href=\"https:\/\/www.suno.com.br\/artigos\/acionista-companhias-abertas\/\">acionistas<\/a>, segundo mostrou um comunicado enviado pela a\u00e9rea para a <a href=\"https:\/\/www.suno.com.br\/artigos\/sec\/\">Comiss\u00e3o de Valores Mobili\u00e1rios dos Estados Unidos (SEC<\/a>, na sigla em ingl\u00eas), nessa quarta-feira (30)<\/p>\t<div class=\"wrapper-featured-image\">\n\t\t<figure class=\"spotlightImg\">\n\n\t\t\t<picture>\n\t\t\t\t<source media=\"(max-width: 768px)\" srcset=\"https:\/\/files.sunoresearch.com.br\/n\/uploads\/2020\/09\/12916b14-latam-300x300-1-jpg.webp\">\n\t\t\t\t<img loading=\"lazy\" decoding=\"async\" class=\"newsContent__article__imgCapa lazyloadDisabled \" src=\"https:\/\/files.sunoresearch.com.br\/n\/uploads\/2020\/09\/12916b14-latam-300x300-1-jpg.webp\" width=\"800\" height=\"450\" alt=\"Latam assina acordo para acessar financiamento de US$ 2,4 bilh\u00f5es\" fetchpriority=high \/>\n\t\t\t<\/picture>\n\n\t\t\t<figcaption class=\"wp-caption-text wp-caption-text--show\">A Latam Airlines  anotou preju\u00edzo de US$ 573,1 milh\u00f5es no 3T20, revertendo o lucro de US$ 86,3 milh\u00f5es no 3T19. <\/figcaption>\n\t\t<\/figure>\n\t<\/div>\n\n\n<div class=\"hubspot-form-wrapper\">\n\t<div id=\"single-form-target\"><\/div>\n<\/div>\n\n<p>No comunicado, a Latam aponta que &#8220;de acordo com os termos da aprova\u00e7\u00e3o judicial e para os fins a que foi implementado, as diferentes partes envolvidas no financiamento <strong>DIP<\/strong> assinaram nesta data um acordo de cr\u00e9dito sujeito \u00e0s leis do Estado de Nova York, Estados Unidos&#8221;. Vale lembrar que a companhia a\u00e9rea est\u00e1 em processo de<a href=\"https:\/\/www.suno.com.br\/artigos\/recuperacao-judicial\/\"> <strong>recupera\u00e7\u00e3o judicial<\/strong><\/a> (Chapter 11) nos Estados Unidos.<\/p>\n<p>Al\u00e9m disso, o presidente da Latam no Brasil, <a href=\"https:\/\/www.suno.com.br\/tudo-sobre\/jerome-cadier\/\">Jerome Cadier,<\/a> afirmou em entrevista ao &#8216;Broadcast&#8217; que a empresa &#8220;pode voltar a focar no neg\u00f3cio&#8221; j\u00e1 que o tema do financiamento foi resolvido. O executivo disse que &#8220;agora conseguimos voltar nosso foco para o crescimento, aumento de frequ\u00eancia e de destinos&#8221;.<\/p>\n<p><a href=\"https:\/\/lp.suno.com.br\/suno-one\/\">Suno One: acesse gratuitamente eBooks, Minicursos, Artigos e Video Aulas sobre investimentos com um \u00fanico cadastro. Clique para saber mais!<\/a><\/p>\n<h2>Pedido de recupera\u00e7\u00e3o judicial da Latam<\/h2>\n<p>A companhia a\u00e9rea <strong>Latam Brasil<\/strong> apresentou em meados de julho um pedido de <a href=\"https:\/\/www.suno.com.br\/artigos\/recuperacao-judicial\/\"><strong>recupera\u00e7\u00e3o judicial<\/strong><\/a> nos <strong>Estados Unidos.<\/strong> \u00c9 a primeira vez que uma empresa brasileira apresenta um pedido de ativa\u00e7\u00e3o da lei americana de reestrutura\u00e7\u00e3o de empresas e prote\u00e7\u00e3o dos credores, o chamado &#8220;Chapter 11&#8221;.<\/p>\n<p>A a\u00e9rea j\u00e1 tinha apresentado pedido de recurso ao <strong>Chapter 11<\/strong> no final de maio, mas somente no caso de sua <strong><a href=\"https:\/\/www.suno.com.br\/artigos\/holding\/\">holding<\/a>,<\/strong> al\u00e9m de suas subsidi\u00e1rias no Chile, Col\u00f4mbia, Peru e Equador. Naquela ocasi\u00e3o, as opera\u00e7\u00f5es no Brasil &#8211; que representam 50% do total do grupo e 14% das passividades &#8211; tinham ficado de fora do pedido.<\/p>\n\n<p>A escolha de deixar fora do pedido as opera\u00e7\u00f5es brasileiras tinha sido tomada para tentar facilitar as negocia\u00e7\u00f5es com o <a href=\"https:\/\/www.suno.com.br\/artigos\/bancos-de-desenvolvimento\/\"><strong>Banco Nacional de Desenvolvimento Econ\u00f4mico e Social (BNDES)<\/strong><\/a> para um pacote de ajuda financeira. Entretanto, a <strong>Latam<\/strong> n\u00e3o conseguiu obter esses recursos do banco p\u00fablico de desenvolvimento.<\/p>\n<p><em>Com informa\u00e7\u00f5es do Estad\u00e3o Conte\u00fado.<\/em><\/p>\n\t<p>\n\t\t<a href=\"https:\/\/lp.suno.com.br\/planilha-de-controle-de-investimentos\/\" target=\"_blank\" data-element=\"shortcode-suno-banner\" title=\"Banner SUNO, clique e saiba mais\">\n\t\t\t<picture>\n\t\t\t\t<source media=\"(max-width: 500px)\" srcset=\"https:\/\/files.sunoresearch.com.br\/n\/uploads\/2023\/03\/400x300-Controle-de-Investimentos.png\">\n\t\t\t\t<img class=\"newsContent__article__imgCapa newsContent__article__imgCapa--banner\"\n\t\t\t\t\tsrc=\"https:\/\/files.sunoresearch.com.br\/n\/uploads\/2023\/03\/1420x240-Controle-de-Investimentos.png\"\n\t\t\t\t\tdata-promo-id=\"75934\"\t\t\t\t\t\t\t\t\t\twidth='1420' height='240'\t\t\t\t\talt=\"https:\/\/files.sunoresearch.com.br\/n\/uploads\/2023\/03\/1420x240-Controle-de-Investimentos.png\"\n\t\t\t\t>\n\t\t\t<\/picture>\n\t\t<\/a>\n\t<\/p>\n\n\n","protected":false},"excerpt":{"rendered":"<p>A Latam\u00a0Airlines assinou na \u00faltima ter\u00e7a-feira (29) o acordo DIP, que \u00e9 um modelo de financiamento que d\u00e1 prefer\u00eancia de pagamento a quem ajudou a empresa no momento de dificuldade, para captar US$ 2,4 bilh\u00f5es (cerca de R$ 13,2 bilh\u00f5es) com credores e acionistas, segundo mostrou um comunicado enviado pela a\u00e9rea para a Comiss\u00e3o de [&hellip;]<\/p>\n","protected":false},"author":39,"featured_media":88604,"comment_status":"closed","ping_status":"closed","sticky":false,"template":"","format":"standard","meta":[],"categories":[64],"tags":[739],"suno_strategy":[],"class_list":["post-88583","post","type-post","status-publish","format-standard","has-post-thumbnail","hentry","category-negocios","tag-latam"],"yoast_head":"<!-- This site is optimized with the Yoast SEO plugin v24.4 - https:\/\/yoast.com\/wordpress\/plugins\/seo\/ -->\n<title>Latam assina acordo para acessar financiamento de US$ 2,4 bilh\u00f5es<\/title>\n<meta name=\"description\" content=\"A Latam\u00a0Airlines assinou na \u00faltima ter\u00e7a-feira o acordo DIP , para captar US$ 2,4 bilh\u00f5es com credores e acionistas. Clique aqui e saiba mais\" \/>\n<meta name=\"robots\" content=\"index, follow, max-snippet:-1, max-image-preview:large, max-video-preview:-1\" \/>\n<link rel=\"canonical\" href=\"https:\/\/www.suno.com.br\/noticias\/latam-acordo-financiamento-sec\/\" \/>\n<meta property=\"og:locale\" content=\"pt_BR\" \/>\n<meta property=\"og:type\" content=\"article\" \/>\n<meta property=\"og:title\" content=\"Latam assina acordo para acessar financiamento de US$ 2,4 bilh\u00f5es\" \/>\n<meta property=\"og:description\" content=\"A Latam\u00a0Airlines assinou na \u00faltima ter\u00e7a-feira o acordo DIP , para captar US$ 2,4 bilh\u00f5es com credores e acionistas. Clique aqui e saiba mais\" \/>\n<meta property=\"og:url\" content=\"https:\/\/www.suno.com.br\/noticias\/latam-acordo-financiamento-sec\/\" \/>\n<meta property=\"og:site_name\" content=\"Suno Not\u00edcias\" \/>\n<meta property=\"article:publisher\" content=\"https:\/\/facebook.com\/sunoresearch\" \/>\n<meta property=\"og:image\" content=\"https:\/\/files.sunoresearch.com.br\/n\/uploads\/2020\/09\/12916b14-latam-300x300-1.jpg\" \/>\n\t<meta property=\"og:image:width\" content=\"300\" \/>\n\t<meta property=\"og:image:height\" content=\"300\" \/>\n\t<meta property=\"og:image:type\" content=\"image\/jpeg\" \/>\n<meta name=\"author\" content=\"Laura Moutinho\" \/>\n<meta name=\"twitter:card\" content=\"summary_large_image\" \/>\n<meta name=\"twitter:creator\" content=\"@sunoresearch\" \/>\n<meta name=\"twitter:site\" content=\"@sunoresearch\" \/>\n<meta name=\"twitter:label1\" content=\"Escrito por\" \/>\n\t<meta name=\"twitter:data1\" content=\"Laura Moutinho\" \/>\n\t<meta name=\"twitter:label2\" content=\"Est. tempo de leitura\" \/>\n\t<meta name=\"twitter:data2\" content=\"2 minutos\" \/>\n<script type=\"application\/ld+json\" class=\"yoast-schema-graph\">{\"@context\":\"https:\/\/schema.org\",\"@graph\":[{\"@type\":\"NewsArticle\",\"@id\":\"https:\/\/www.suno.com.br\/noticias\/latam-acordo-financiamento-sec\/#article\",\"isPartOf\":{\"@id\":\"https:\/\/www.suno.com.br\/noticias\/latam-acordo-financiamento-sec\/\"},\"author\":{\"name\":\"Laura Moutinho\",\"@id\":\"https:\/\/www.suno.com.br\/noticias\/#\/schema\/person\/3df0d2808748b74496efe5dbeaef2c72\"},\"headline\":\"Latam assina acordo para acessar financiamento de US$ 2,4 bilh\u00f5es\",\"datePublished\":\"2020-09-30T20:14:12+00:00\",\"dateModified\":\"2021-05-10T16:14:27+00:00\",\"mainEntityOfPage\":{\"@id\":\"https:\/\/www.suno.com.br\/noticias\/latam-acordo-financiamento-sec\/\"},\"wordCount\":421,\"publisher\":{\"@id\":\"https:\/\/www.suno.com.br\/noticias\/#organization\"},\"image\":{\"@id\":\"https:\/\/www.suno.com.br\/noticias\/latam-acordo-financiamento-sec\/#primaryimage\"},\"thumbnailUrl\":\"https:\/\/files.sunoresearch.com.br\/n\/uploads\/2020\/09\/12916b14-latam-300x300-1-jpg.webp\",\"keywords\":[\"Latam\"],\"articleSection\":[\"Neg\u00f3cios\"],\"inLanguage\":\"pt-BR\"},{\"@type\":\"WebPage\",\"@id\":\"https:\/\/www.suno.com.br\/noticias\/latam-acordo-financiamento-sec\/\",\"url\":\"https:\/\/www.suno.com.br\/noticias\/latam-acordo-financiamento-sec\/\",\"name\":\"Latam assina acordo para acessar financiamento de US$ 2,4 bilh\u00f5es\",\"isPartOf\":{\"@id\":\"https:\/\/www.suno.com.br\/noticias\/#website\"},\"primaryImageOfPage\":{\"@id\":\"https:\/\/www.suno.com.br\/noticias\/latam-acordo-financiamento-sec\/#primaryimage\"},\"image\":{\"@id\":\"https:\/\/www.suno.com.br\/noticias\/latam-acordo-financiamento-sec\/#primaryimage\"},\"thumbnailUrl\":\"https:\/\/files.sunoresearch.com.br\/n\/uploads\/2020\/09\/12916b14-latam-300x300-1-jpg.webp\",\"datePublished\":\"2020-09-30T20:14:12+00:00\",\"dateModified\":\"2021-05-10T16:14:27+00:00\",\"description\":\"A Latam\u00a0Airlines assinou na \u00faltima ter\u00e7a-feira o acordo DIP , para captar US$ 2,4 bilh\u00f5es com credores e acionistas. Clique aqui e saiba mais\",\"breadcrumb\":{\"@id\":\"https:\/\/www.suno.com.br\/noticias\/latam-acordo-financiamento-sec\/#breadcrumb\"},\"inLanguage\":\"pt-BR\",\"potentialAction\":[{\"@type\":\"ReadAction\",\"target\":[\"https:\/\/www.suno.com.br\/noticias\/latam-acordo-financiamento-sec\/\"]}]},{\"@type\":\"ImageObject\",\"inLanguage\":\"pt-BR\",\"@id\":\"https:\/\/www.suno.com.br\/noticias\/latam-acordo-financiamento-sec\/#primaryimage\",\"url\":\"https:\/\/files.sunoresearch.com.br\/n\/uploads\/2020\/09\/12916b14-latam-300x300-1-jpg.webp\",\"contentUrl\":\"https:\/\/files.sunoresearch.com.br\/n\/uploads\/2020\/09\/12916b14-latam-300x300-1-jpg.webp\",\"width\":300,\"height\":300,\"caption\":\"A Latam Airlines anotou preju\u00edzo de US$ 573,1 milh\u00f5es no 3T20, revertendo o lucro de US$ 86,3 milh\u00f5es no 3T19.\"},{\"@type\":\"BreadcrumbList\",\"@id\":\"https:\/\/www.suno.com.br\/noticias\/latam-acordo-financiamento-sec\/#breadcrumb\",\"itemListElement\":[{\"@type\":\"ListItem\",\"position\":1,\"name\":\"Not\u00edcias\",\"item\":\"https:\/\/www.suno.com.br\/noticias\/\"},{\"@type\":\"ListItem\",\"position\":2,\"name\":\"Neg\u00f3cios\",\"item\":\"https:\/\/www.suno.com.br\/noticias\/negocios\/\"},{\"@type\":\"ListItem\",\"position\":3,\"name\":\"Latam assina acordo para acessar financiamento de US$ 2,4 bilh\u00f5es\"}]},{\"@type\":\"WebSite\",\"@id\":\"https:\/\/www.suno.com.br\/noticias\/#website\",\"url\":\"https:\/\/www.suno.com.br\/noticias\/\",\"name\":\"Suno Not\u00edcias\",\"description\":\"Seu portal de informa\u00e7\u00e3o sobre o mundo dos investimentos\",\"publisher\":{\"@id\":\"https:\/\/www.suno.com.br\/noticias\/#organization\"},\"potentialAction\":[{\"@type\":\"SearchAction\",\"target\":{\"@type\":\"EntryPoint\",\"urlTemplate\":\"https:\/\/www.suno.com.br\/noticias\/?s={search_term_string}\"},\"query-input\":{\"@type\":\"PropertyValueSpecification\",\"valueRequired\":true,\"valueName\":\"search_term_string\"}}],\"inLanguage\":\"pt-BR\"},{\"@type\":\"Organization\",\"@id\":\"https:\/\/www.suno.com.br\/noticias\/#organization\",\"name\":\"Suno Not\u00edcias\",\"url\":\"https:\/\/www.suno.com.br\/noticias\/\",\"logo\":{\"@type\":\"ImageObject\",\"inLanguage\":\"pt-BR\",\"@id\":\"https:\/\/www.suno.com.br\/noticias\/#\/schema\/logo\/image\/\",\"url\":\"https:\/\/files.sunoresearch.com.br\/n\/uploads\/2021\/09\/suno-logo.png\",\"contentUrl\":\"https:\/\/files.sunoresearch.com.br\/n\/uploads\/2021\/09\/suno-logo.png\",\"width\":180,\"height\":180,\"caption\":\"Suno Not\u00edcias\"},\"image\":{\"@id\":\"https:\/\/www.suno.com.br\/noticias\/#\/schema\/logo\/image\/\"},\"sameAs\":[\"https:\/\/facebook.com\/sunoresearch\",\"https:\/\/x.com\/sunoresearch\",\"https:\/\/www.instagram.com\/suno\",\"https:\/\/www.linkedin.com\/company\/suno-research\/\",\"https:\/\/www.youtube.com\/c\/sunoresearch\"]},{\"@type\":\"Person\",\"@id\":\"https:\/\/www.suno.com.br\/noticias\/#\/schema\/person\/3df0d2808748b74496efe5dbeaef2c72\",\"name\":\"Laura Moutinho\",\"image\":{\"@type\":\"ImageObject\",\"inLanguage\":\"pt-BR\",\"@id\":\"https:\/\/www.suno.com.br\/noticias\/#\/schema\/person\/image\/\",\"url\":\"https:\/\/secure.gravatar.com\/avatar\/7571c7c8ca3a6fca5e41384ece5557ff?s=96&r=g\",\"contentUrl\":\"https:\/\/secure.gravatar.com\/avatar\/7571c7c8ca3a6fca5e41384ece5557ff?s=96&r=g\",\"caption\":\"Laura Moutinho\"},\"description\":\"Estagi\u00e1ria na Suno Not\u00edcias, escreve not\u00edcias que afetam o mercado financeiro. Estuda administra\u00e7\u00e3o na Universidade Presbiteriana Mackenzie.\",\"url\":\"https:\/\/www.suno.com.br\/noticias\/author\/laura-moutinho\/\"}]}<\/script>\n<!-- \/ Yoast SEO plugin. -->","yoast_head_json":{"title":"Latam assina acordo para acessar financiamento de US$ 2,4 bilh\u00f5es","description":"A Latam\u00a0Airlines assinou na \u00faltima ter\u00e7a-feira o acordo DIP , para captar US$ 2,4 bilh\u00f5es com credores e acionistas. Clique aqui e saiba mais","robots":{"index":"index","follow":"follow","max-snippet":"max-snippet:-1","max-image-preview":"max-image-preview:large","max-video-preview":"max-video-preview:-1"},"canonical":"https:\/\/www.suno.com.br\/noticias\/latam-acordo-financiamento-sec\/","og_locale":"pt_BR","og_type":"article","og_title":"Latam assina acordo para acessar financiamento de US$ 2,4 bilh\u00f5es","og_description":"A Latam\u00a0Airlines assinou na \u00faltima ter\u00e7a-feira o acordo DIP , para captar US$ 2,4 bilh\u00f5es com credores e acionistas. Clique aqui e saiba mais","og_url":"https:\/\/www.suno.com.br\/noticias\/latam-acordo-financiamento-sec\/","og_site_name":"Suno Not\u00edcias","article_publisher":"https:\/\/facebook.com\/sunoresearch","og_image":[{"width":300,"height":300,"url":"https:\/\/files.sunoresearch.com.br\/n\/uploads\/2020\/09\/12916b14-latam-300x300-1.jpg","type":"image\/jpeg"}],"author":"Laura Moutinho","twitter_card":"summary_large_image","twitter_creator":"@sunoresearch","twitter_site":"@sunoresearch","twitter_misc":{"Escrito por":"Laura Moutinho","Est. tempo de leitura":"2 minutos"},"schema":{"@context":"https:\/\/schema.org","@graph":[{"@type":"NewsArticle","@id":"https:\/\/www.suno.com.br\/noticias\/latam-acordo-financiamento-sec\/#article","isPartOf":{"@id":"https:\/\/www.suno.com.br\/noticias\/latam-acordo-financiamento-sec\/"},"author":{"name":"Laura Moutinho","@id":"https:\/\/www.suno.com.br\/noticias\/#\/schema\/person\/3df0d2808748b74496efe5dbeaef2c72"},"headline":"Latam assina acordo para acessar financiamento de US$ 2,4 bilh\u00f5es","datePublished":"2020-09-30T20:14:12+00:00","dateModified":"2021-05-10T16:14:27+00:00","mainEntityOfPage":{"@id":"https:\/\/www.suno.com.br\/noticias\/latam-acordo-financiamento-sec\/"},"wordCount":421,"publisher":{"@id":"https:\/\/www.suno.com.br\/noticias\/#organization"},"image":{"@id":"https:\/\/www.suno.com.br\/noticias\/latam-acordo-financiamento-sec\/#primaryimage"},"thumbnailUrl":"https:\/\/files.sunoresearch.com.br\/n\/uploads\/2020\/09\/12916b14-latam-300x300-1-jpg.webp","keywords":["Latam"],"articleSection":["Neg\u00f3cios"],"inLanguage":"pt-BR"},{"@type":"WebPage","@id":"https:\/\/www.suno.com.br\/noticias\/latam-acordo-financiamento-sec\/","url":"https:\/\/www.suno.com.br\/noticias\/latam-acordo-financiamento-sec\/","name":"Latam assina acordo para acessar financiamento de US$ 2,4 bilh\u00f5es","isPartOf":{"@id":"https:\/\/www.suno.com.br\/noticias\/#website"},"primaryImageOfPage":{"@id":"https:\/\/www.suno.com.br\/noticias\/latam-acordo-financiamento-sec\/#primaryimage"},"image":{"@id":"https:\/\/www.suno.com.br\/noticias\/latam-acordo-financiamento-sec\/#primaryimage"},"thumbnailUrl":"https:\/\/files.sunoresearch.com.br\/n\/uploads\/2020\/09\/12916b14-latam-300x300-1-jpg.webp","datePublished":"2020-09-30T20:14:12+00:00","dateModified":"2021-05-10T16:14:27+00:00","description":"A Latam\u00a0Airlines assinou na \u00faltima ter\u00e7a-feira o acordo DIP , para captar US$ 2,4 bilh\u00f5es com credores e acionistas. Clique aqui e saiba mais","breadcrumb":{"@id":"https:\/\/www.suno.com.br\/noticias\/latam-acordo-financiamento-sec\/#breadcrumb"},"inLanguage":"pt-BR","potentialAction":[{"@type":"ReadAction","target":["https:\/\/www.suno.com.br\/noticias\/latam-acordo-financiamento-sec\/"]}]},{"@type":"ImageObject","inLanguage":"pt-BR","@id":"https:\/\/www.suno.com.br\/noticias\/latam-acordo-financiamento-sec\/#primaryimage","url":"https:\/\/files.sunoresearch.com.br\/n\/uploads\/2020\/09\/12916b14-latam-300x300-1-jpg.webp","contentUrl":"https:\/\/files.sunoresearch.com.br\/n\/uploads\/2020\/09\/12916b14-latam-300x300-1-jpg.webp","width":300,"height":300,"caption":"A Latam Airlines anotou preju\u00edzo de US$ 573,1 milh\u00f5es no 3T20, revertendo o lucro de US$ 86,3 milh\u00f5es no 3T19."},{"@type":"BreadcrumbList","@id":"https:\/\/www.suno.com.br\/noticias\/latam-acordo-financiamento-sec\/#breadcrumb","itemListElement":[{"@type":"ListItem","position":1,"name":"Not\u00edcias","item":"https:\/\/www.suno.com.br\/noticias\/"},{"@type":"ListItem","position":2,"name":"Neg\u00f3cios","item":"https:\/\/www.suno.com.br\/noticias\/negocios\/"},{"@type":"ListItem","position":3,"name":"Latam assina acordo para acessar financiamento de US$ 2,4 bilh\u00f5es"}]},{"@type":"WebSite","@id":"https:\/\/www.suno.com.br\/noticias\/#website","url":"https:\/\/www.suno.com.br\/noticias\/","name":"Suno Not\u00edcias","description":"Seu portal de informa\u00e7\u00e3o sobre o mundo dos investimentos","publisher":{"@id":"https:\/\/www.suno.com.br\/noticias\/#organization"},"potentialAction":[{"@type":"SearchAction","target":{"@type":"EntryPoint","urlTemplate":"https:\/\/www.suno.com.br\/noticias\/?s={search_term_string}"},"query-input":{"@type":"PropertyValueSpecification","valueRequired":true,"valueName":"search_term_string"}}],"inLanguage":"pt-BR"},{"@type":"Organization","@id":"https:\/\/www.suno.com.br\/noticias\/#organization","name":"Suno Not\u00edcias","url":"https:\/\/www.suno.com.br\/noticias\/","logo":{"@type":"ImageObject","inLanguage":"pt-BR","@id":"https:\/\/www.suno.com.br\/noticias\/#\/schema\/logo\/image\/","url":"https:\/\/files.sunoresearch.com.br\/n\/uploads\/2021\/09\/suno-logo.png","contentUrl":"https:\/\/files.sunoresearch.com.br\/n\/uploads\/2021\/09\/suno-logo.png","width":180,"height":180,"caption":"Suno Not\u00edcias"},"image":{"@id":"https:\/\/www.suno.com.br\/noticias\/#\/schema\/logo\/image\/"},"sameAs":["https:\/\/facebook.com\/sunoresearch","https:\/\/x.com\/sunoresearch","https:\/\/www.instagram.com\/suno","https:\/\/www.linkedin.com\/company\/suno-research\/","https:\/\/www.youtube.com\/c\/sunoresearch"]},{"@type":"Person","@id":"https:\/\/www.suno.com.br\/noticias\/#\/schema\/person\/3df0d2808748b74496efe5dbeaef2c72","name":"Laura Moutinho","image":{"@type":"ImageObject","inLanguage":"pt-BR","@id":"https:\/\/www.suno.com.br\/noticias\/#\/schema\/person\/image\/","url":"https:\/\/secure.gravatar.com\/avatar\/7571c7c8ca3a6fca5e41384ece5557ff?s=96&r=g","contentUrl":"https:\/\/secure.gravatar.com\/avatar\/7571c7c8ca3a6fca5e41384ece5557ff?s=96&r=g","caption":"Laura Moutinho"},"description":"Estagi\u00e1ria na Suno Not\u00edcias, escreve not\u00edcias que afetam o mercado financeiro. Estuda administra\u00e7\u00e3o na Universidade Presbiteriana Mackenzie.","url":"https:\/\/www.suno.com.br\/noticias\/author\/laura-moutinho\/"}]}},"default_loop_html":"<div class=\"cardsPage__listCard__boxs\"><div class=\"cardsPage__listCard__boxs__img\"><a href=\"https:\/\/www.suno.com.br\/noticias\/latam-acordo-financiamento-sec\/\"><img class=\"mask\" src=\"https:\/\/www.suno.com.br\/noticias\/wp-content\/themes\/suno\/resources\/images\/spotlight\/spotlight1img\/bg-mask.png\" alt=\"Image Mask\"\/><img src=\"https:\/\/files.sunoresearch.com.br\/n\/uploads\/2020\/09\/12916b14-latam-300x300-1-jpg.webp\" alt=\"Latam assina acordo para acessar financiamento de US$ 2,4 bilh\u00f5es\"\/><\/a><span class=\"spotlightCategory\"><a href=\"https:\/\/www.suno.com.br\/noticias\/negocios\/\">Neg\u00f3cios<\/a><\/span><\/div><div class=\"cardsPage__listCard__boxs__content\"><a href=\"https:\/\/www.suno.com.br\/noticias\/latam-acordo-financiamento-sec\/\"><h2 class=\"content__title\">Latam assina acordo para acessar financiamento de US$ 2,4 bilh\u00f5es<\/h2><\/a><div class=\"newsContent__article__meta\"><div class=\"newsContent__article__meta__authorBox\"><a href=\"https:\/\/www.suno.com.br\/noticias\/author\/laura-moutinho\/\" class=\"authorBox__avatar noMobi\"><img src=\"https:\/\/files.sunoresearch.com.br\/n\/uploads\/2020\/08\/531ff69d-whatsapp-image-2020-08-03-at-14.54.38-150x150.webp\" alt=\"Laura Moutinho\"><\/a><div class=\"authorBox__name\"><span>por\n\t\t\t<a href=\"https:\/\/www.suno.com.br\/noticias\/author\/laura-moutinho\/\"><span itemprop=\"author\">Laura Moutinho<\/span><\/a><\/span><time datetime=\"2020-09-30T17:14:12-03:00\" itemprop=\"datePublished\">30\/09\/2020 17:14<\/time><\/div><\/div><\/div><\/div><\/div>","single_layout":"posts","amp_enabled":true,"_links":{"self":[{"href":"https:\/\/www.suno.com.br\/noticias\/wp-json\/wp\/v2\/posts\/88583"}],"collection":[{"href":"https:\/\/www.suno.com.br\/noticias\/wp-json\/wp\/v2\/posts"}],"about":[{"href":"https:\/\/www.suno.com.br\/noticias\/wp-json\/wp\/v2\/types\/post"}],"author":[{"embeddable":true,"href":"https:\/\/www.suno.com.br\/noticias\/wp-json\/wp\/v2\/users\/39"}],"replies":[{"embeddable":true,"href":"https:\/\/www.suno.com.br\/noticias\/wp-json\/wp\/v2\/comments?post=88583"}],"version-history":[{"count":1,"href":"https:\/\/www.suno.com.br\/noticias\/wp-json\/wp\/v2\/posts\/88583\/revisions"}],"predecessor-version":[{"id":146271,"href":"https:\/\/www.suno.com.br\/noticias\/wp-json\/wp\/v2\/posts\/88583\/revisions\/146271"}],"wp:featuredmedia":[{"embeddable":true,"href":"https:\/\/www.suno.com.br\/noticias\/wp-json\/wp\/v2\/media\/88604"}],"wp:attachment":[{"href":"https:\/\/www.suno.com.br\/noticias\/wp-json\/wp\/v2\/media?parent=88583"}],"wp:term":[{"taxonomy":"category","embeddable":true,"href":"https:\/\/www.suno.com.br\/noticias\/wp-json\/wp\/v2\/categories?post=88583"},{"taxonomy":"post_tag","embeddable":true,"href":"https:\/\/www.suno.com.br\/noticias\/wp-json\/wp\/v2\/tags?post=88583"},{"taxonomy":"suno_strategy","embeddable":true,"href":"https:\/\/www.suno.com.br\/noticias\/wp-json\/wp\/v2\/suno_strategy?post=88583"}],"curies":[{"name":"wp","href":"https:\/\/api.w.org\/{rel}","templated":true}]}}