{"id":88570,"date":"2020-09-30T16:27:31","date_gmt":"2020-09-30T19:27:31","guid":{"rendered":"https:\/\/www.suno.com.br\/noticias\/?p=88570"},"modified":"2020-09-30T16:27:31","modified_gmt":"2020-09-30T19:27:31","slug":"nikola-adia-evento-apresentacao","status":"publish","type":"post","link":"https:\/\/www.suno.com.br\/noticias\/nikola-adia-evento-apresentacao\/","title":{"rendered":"Nikola adia evento de apresenta\u00e7\u00e3o enquanto busca retomar confian\u00e7a"},"content":{"rendered":"<p>A montadora de caminh\u00f5es el\u00e9tricos <strong>Nikola<\/strong> (<a href=\"https:\/\/www.suno.com.br\/artigos\/nasdaq\/\">NASDAQ<\/a>: NKLA) adiou nesta quarta-feira (30) o evento para apresenta\u00e7\u00e3o de ve\u00edculos e tecnologias de bateria, enquanto a startup enfrenta a acusa\u00e7\u00f5es de fraude que culminaram na sa\u00edda de seu fundador e <a href=\"https:\/\/www.suno.com.br\/artigos\/ceo\/\">CEO Trevor Milton<\/a>.<\/p>\t<div class=\"wrapper-featured-image\">\n\t\t<figure class=\"spotlightImg\">\n\n\t\t\t<picture>\n\t\t\t\t<source media=\"(max-width: 768px)\" srcset=\"https:\/\/files.sunoresearch.com.br\/n\/uploads\/2020\/09\/9703d00f-nikola-400x200.webp\">\n\t\t\t\t<img loading=\"lazy\" decoding=\"async\" class=\"newsContent__article__imgCapa lazyloadDisabled \" src=\"https:\/\/files.sunoresearch.com.br\/n\/uploads\/2020\/09\/9703d00f-nikola-jpg.webp\" width=\"800\" height=\"450\" alt=\"Nikola adia evento de apresenta\u00e7\u00e3o enquanto busca retomar confian\u00e7a\" fetchpriority=high \/>\n\t\t\t<\/picture>\n\n\t\t\t<figcaption class=\"wp-caption-text wp-caption-text--show\">A Nikola postergou um evento de apresenta\u00e7\u00e3o de seus ve\u00edculos e suas tecnologias enquanto enfrenta acusa\u00e7\u00f5es de fraude<\/figcaption>\n\t\t<\/figure>\n\t<\/div>\n\n\n<div class=\"hubspot-form-wrapper\">\n\t<div id=\"single-form-target\"><\/div>\n<\/div>\n\n<p>A companhia comunicou que seu evento previsto para dezembro deste ano \u201cNikola World\u201d, quando a empresa deveria apresentar seu modelos, foi postergado, sem dar uma nova data.<\/p>\n<p>A fabricante atribui o cancelamento \u00e0s restri\u00e7\u00f5es do estado do Arizona nos Estados Unidos, onde est\u00e1 baseada sua sede, em raz\u00e3o da pandemia. A medida, no entanto, acontece tamb\u00e9m enquanto o grupo busca recuperar a confian\u00e7a dos investidores ap\u00f3s alega\u00e7\u00f5es de fraude, publicadas em relat\u00f3rio da <strong>Hindenburg Research<\/strong>.<\/p>\n<p><a href=\"https:\/\/lp.suno.com.br\/suno-one\/\">Suno One: acesse gratuitamente eBooks, Minicursos, Artigos e Video Aulas sobre investimentos com um \u00fanico cadastro. Clique para saber mais!<\/a><\/p>\n<p>Desde a divulga\u00e7\u00e3o do documento que acusou a startup e o seu ent\u00e3o CEO de enganar acionistas e investidores sobre a real posi\u00e7\u00e3o na qual estava sua tecnologia, em 10 de setembro, os pap\u00e9is da Nikola despencaram junto com o seu <a href=\"https:\/\/www.suno.com.br\/artigos\/valor-de-mercado\/\">valor de mercado<\/a>.<\/p>\n<p>Em resposta, Milton saiu em sua defesa e da montadora, argumentando que o relat\u00f3rio trazia &#8220;falsas alega\u00e7\u00f5es&#8221;, antes de renunciar \u00e0 posi\u00e7\u00e3o de diretor executivo na semana passada. A Nikola comunicou que as acusa\u00e7\u00f5es s\u00e3o &#8220;falsas e enganosas&#8221;.<\/p>\n<h2>Nikola divulga v\u00eddeo de caminh\u00f5es andando<\/h2>\n<p>Junto com o comunicado desta quarta-feira, a Nikola divulgou um v\u00eddeo de seu <strong>caminh\u00f5es<\/strong> dirigindo por diversos terrenos. A publica\u00e7\u00e3o ocorre depois da empresa ter sido obrigada a admitir mais cedo neste m\u00eas que um de seus ve\u00edculos n\u00e3o se movia por conta conta pr\u00f3pria, e descia por uma colina em realidade.<\/p>\n\n\t<div data-element=\"shortcode-read-more\" class=\"readToo\">\n\t\t\t\t<span class=\"readToo__title\">Saiba mais<\/span>\n\t\t\t\t<ul class=\"readToo__list\">\n\t\t\t<li><a href=\"https:\/\/www.suno.com.br\/noticias\/negociacoes-nikola-empresas-energia-paralisadas\/\">Negocia\u00e7\u00f5es entre Nikola e empresas de energia ficam paralisadas com acusa\u00e7\u00f5es de fraude<\/a><\/li><li><a href=\"https:\/\/www.suno.com.br\/noticias\/cfo-nikola-defende-modelo-negocios\/\">CFO da Nikola defende tecnologia e modelo de neg\u00f3cios da empresa<\/a><\/li><li><a href=\"https:\/\/www.suno.com.br\/noticias\/ceo-nikola-renuncia-acusacoes-fraude\/\">Em meio \u00e0 acusa\u00e7\u00f5es de fraude, CEO da Nikola renuncia<\/a><\/li>\t\t<\/ul>\n\t<\/div>\n\n\n<p>A companhia procurou se apresentar, no comunicado, como uma Fabricante de Equipamento Original (OEM, na sigla em ingl\u00eas), cuja especialidade est\u00e1 em design, inova\u00e7\u00e3o, software e engenharia\u201d.<\/p>\n<p>\u201cMontamos, integramos e comissionamos nossos ve\u00edculos em colabora\u00e7\u00e3o com o suporte de parceiros de neg\u00f3cios e fornecedores\u201d, salientou a fabricante.<\/p>\n<p>A <strong>Nikola<\/strong> ainda comunicou que &#8220;continua comprometida&#8221; em anunciar uma \u201cgrande colabora\u00e7\u00e3o para a produ\u00e7\u00e3o de hidrog\u00eanio e esta\u00e7\u00f5es de abastecimento de hidrog\u00eanio at\u00e9 o final do ano\u201d. A empresa pretende inaugurar sua primeira esta\u00e7\u00e3o comercial de hidrog\u00eanio no segundo trimestre de 2021.<\/p>\n\t<p>\n\t\t<a href=\"https:\/\/lp.suno.com.br\/planilha-de-controle-de-investimentos\/\" target=\"_blank\" data-element=\"shortcode-suno-banner\" title=\"Banner SUNO, clique e saiba mais\">\n\t\t\t<picture>\n\t\t\t\t<source media=\"(max-width: 500px)\" srcset=\"https:\/\/files.sunoresearch.com.br\/n\/uploads\/2023\/03\/400x300-Controle-de-Investimentos.png\">\n\t\t\t\t<img class=\"newsContent__article__imgCapa newsContent__article__imgCapa--banner\"\n\t\t\t\t\tsrc=\"https:\/\/files.sunoresearch.com.br\/n\/uploads\/2023\/03\/1420x240-Controle-de-Investimentos.png\"\n\t\t\t\t\tdata-promo-id=\"75934\"\t\t\t\t\t\t\t\t\t\twidth='1420' height='240'\t\t\t\t\talt=\"https:\/\/files.sunoresearch.com.br\/n\/uploads\/2023\/03\/1420x240-Controle-de-Investimentos.png\"\n\t\t\t\t>\n\t\t\t<\/picture>\n\t\t<\/a>\n\t<\/p>\n\n\n","protected":false},"excerpt":{"rendered":"<p>A montadora de caminh\u00f5es el\u00e9tricos Nikola (NASDAQ: NKLA) adiou nesta quarta-feira (30) o evento para apresenta\u00e7\u00e3o de ve\u00edculos e tecnologias de bateria, enquanto a startup enfrenta a acusa\u00e7\u00f5es de fraude que culminaram na sa\u00edda de seu fundador e CEO Trevor Milton. As negocia\u00e7\u00f5es entre a Nikola e empresas de energia ficaram paralisadas ap\u00f3s den\u00fancias de [&hellip;]<\/p>\n","protected":false},"author":35,"featured_media":86675,"comment_status":"closed","ping_status":"closed","sticky":false,"template":"","format":"standard","meta":[],"categories":[64],"tags":[1376,285,59978],"suno_strategy":[],"class_list":["post-88570","post","type-post","status-publish","format-standard","has-post-thumbnail","hentry","category-negocios","tag-carros-eletricos","tag-fraudes","tag-nikola"],"yoast_head":"<!-- This site is optimized with the Yoast SEO plugin v24.4 - https:\/\/yoast.com\/wordpress\/plugins\/seo\/ -->\n<title>Nikola adia evento de apresenta\u00e7\u00e3o enquanto busca retomar confian\u00e7a<\/title>\n<meta name=\"description\" content=\"A montadora de caminh\u00f5es el\u00e9tricos Nikola adiou o evento para apresenta\u00e7\u00e3o de ve\u00edculos e tecnologias de bateria. Clique para saber mais\" \/>\n<meta name=\"robots\" content=\"index, follow, max-snippet:-1, max-image-preview:large, max-video-preview:-1\" \/>\n<link rel=\"canonical\" href=\"https:\/\/www.suno.com.br\/noticias\/nikola-adia-evento-apresentacao\/\" \/>\n<meta property=\"og:locale\" content=\"pt_BR\" \/>\n<meta property=\"og:type\" content=\"article\" \/>\n<meta property=\"og:title\" content=\"Nikola adia evento de apresenta\u00e7\u00e3o enquanto busca retomar confian\u00e7a\" \/>\n<meta property=\"og:description\" content=\"A montadora de caminh\u00f5es el\u00e9tricos Nikola adiou o evento para apresenta\u00e7\u00e3o de ve\u00edculos e tecnologias de bateria. Clique para saber mais\" \/>\n<meta property=\"og:url\" content=\"https:\/\/www.suno.com.br\/noticias\/nikola-adia-evento-apresentacao\/\" \/>\n<meta property=\"og:site_name\" content=\"Suno Not\u00edcias\" \/>\n<meta property=\"article:publisher\" content=\"https:\/\/facebook.com\/sunoresearch\" \/>\n<meta property=\"og:image\" content=\"https:\/\/files.sunoresearch.com.br\/n\/uploads\/2020\/09\/9703d00f-nikola.jpg\" \/>\n\t<meta property=\"og:image:width\" content=\"507\" \/>\n\t<meta property=\"og:image:height\" content=\"380\" \/>\n\t<meta property=\"og:image:type\" content=\"image\/jpeg\" \/>\n<meta name=\"author\" content=\"Arthur Guimar\u00e3es\" \/>\n<meta name=\"twitter:card\" content=\"summary_large_image\" \/>\n<meta name=\"twitter:creator\" content=\"@sunoresearch\" \/>\n<meta name=\"twitter:site\" content=\"@sunoresearch\" \/>\n<meta name=\"twitter:label1\" content=\"Escrito por\" \/>\n\t<meta name=\"twitter:data1\" content=\"Arthur Guimar\u00e3es\" \/>\n\t<meta name=\"twitter:label2\" content=\"Est. tempo de leitura\" \/>\n\t<meta name=\"twitter:data2\" content=\"2 minutos\" \/>\n<script type=\"application\/ld+json\" class=\"yoast-schema-graph\">{\"@context\":\"https:\/\/schema.org\",\"@graph\":[{\"@type\":\"NewsArticle\",\"@id\":\"https:\/\/www.suno.com.br\/noticias\/nikola-adia-evento-apresentacao\/#article\",\"isPartOf\":{\"@id\":\"https:\/\/www.suno.com.br\/noticias\/nikola-adia-evento-apresentacao\/\"},\"author\":{\"name\":\"Arthur Guimar\u00e3es\",\"@id\":\"https:\/\/www.suno.com.br\/noticias\/#\/schema\/person\/053a750a709a263919a20f976caae91c\"},\"headline\":\"Nikola adia evento de apresenta\u00e7\u00e3o enquanto busca retomar confian\u00e7a\",\"datePublished\":\"2020-09-30T19:27:31+00:00\",\"mainEntityOfPage\":{\"@id\":\"https:\/\/www.suno.com.br\/noticias\/nikola-adia-evento-apresentacao\/\"},\"wordCount\":439,\"publisher\":{\"@id\":\"https:\/\/www.suno.com.br\/noticias\/#organization\"},\"image\":{\"@id\":\"https:\/\/www.suno.com.br\/noticias\/nikola-adia-evento-apresentacao\/#primaryimage\"},\"thumbnailUrl\":\"https:\/\/files.sunoresearch.com.br\/n\/uploads\/2020\/09\/9703d00f-nikola-jpg.webp\",\"keywords\":[\"carros el\u00e9tricos\",\"Fraudes\",\"Nikola\"],\"articleSection\":[\"Neg\u00f3cios\"],\"inLanguage\":\"pt-BR\"},{\"@type\":\"WebPage\",\"@id\":\"https:\/\/www.suno.com.br\/noticias\/nikola-adia-evento-apresentacao\/\",\"url\":\"https:\/\/www.suno.com.br\/noticias\/nikola-adia-evento-apresentacao\/\",\"name\":\"Nikola adia evento de apresenta\u00e7\u00e3o enquanto busca retomar confian\u00e7a\",\"isPartOf\":{\"@id\":\"https:\/\/www.suno.com.br\/noticias\/#website\"},\"primaryImageOfPage\":{\"@id\":\"https:\/\/www.suno.com.br\/noticias\/nikola-adia-evento-apresentacao\/#primaryimage\"},\"image\":{\"@id\":\"https:\/\/www.suno.com.br\/noticias\/nikola-adia-evento-apresentacao\/#primaryimage\"},\"thumbnailUrl\":\"https:\/\/files.sunoresearch.com.br\/n\/uploads\/2020\/09\/9703d00f-nikola-jpg.webp\",\"datePublished\":\"2020-09-30T19:27:31+00:00\",\"description\":\"A montadora de caminh\u00f5es el\u00e9tricos Nikola adiou o evento para apresenta\u00e7\u00e3o de ve\u00edculos e tecnologias de bateria. Clique para saber mais\",\"breadcrumb\":{\"@id\":\"https:\/\/www.suno.com.br\/noticias\/nikola-adia-evento-apresentacao\/#breadcrumb\"},\"inLanguage\":\"pt-BR\",\"potentialAction\":[{\"@type\":\"ReadAction\",\"target\":[\"https:\/\/www.suno.com.br\/noticias\/nikola-adia-evento-apresentacao\/\"]}]},{\"@type\":\"ImageObject\",\"inLanguage\":\"pt-BR\",\"@id\":\"https:\/\/www.suno.com.br\/noticias\/nikola-adia-evento-apresentacao\/#primaryimage\",\"url\":\"https:\/\/files.sunoresearch.com.br\/n\/uploads\/2020\/09\/9703d00f-nikola-jpg.webp\",\"contentUrl\":\"https:\/\/files.sunoresearch.com.br\/n\/uploads\/2020\/09\/9703d00f-nikola-jpg.webp\",\"width\":507,\"height\":380,\"caption\":\"A Nikola postergou um evento de apresenta\u00e7\u00e3o de seus ve\u00edculos e suas tecnologias enquanto enfrenta acusa\u00e7\u00f5es de fraude\"},{\"@type\":\"BreadcrumbList\",\"@id\":\"https:\/\/www.suno.com.br\/noticias\/nikola-adia-evento-apresentacao\/#breadcrumb\",\"itemListElement\":[{\"@type\":\"ListItem\",\"position\":1,\"name\":\"Not\u00edcias\",\"item\":\"https:\/\/www.suno.com.br\/noticias\/\"},{\"@type\":\"ListItem\",\"position\":2,\"name\":\"Neg\u00f3cios\",\"item\":\"https:\/\/www.suno.com.br\/noticias\/negocios\/\"},{\"@type\":\"ListItem\",\"position\":3,\"name\":\"Nikola adia evento de apresenta\u00e7\u00e3o enquanto busca retomar confian\u00e7a\"}]},{\"@type\":\"WebSite\",\"@id\":\"https:\/\/www.suno.com.br\/noticias\/#website\",\"url\":\"https:\/\/www.suno.com.br\/noticias\/\",\"name\":\"Suno Not\u00edcias\",\"description\":\"Seu portal de informa\u00e7\u00e3o sobre o mundo dos investimentos\",\"publisher\":{\"@id\":\"https:\/\/www.suno.com.br\/noticias\/#organization\"},\"potentialAction\":[{\"@type\":\"SearchAction\",\"target\":{\"@type\":\"EntryPoint\",\"urlTemplate\":\"https:\/\/www.suno.com.br\/noticias\/?s={search_term_string}\"},\"query-input\":{\"@type\":\"PropertyValueSpecification\",\"valueRequired\":true,\"valueName\":\"search_term_string\"}}],\"inLanguage\":\"pt-BR\"},{\"@type\":\"Organization\",\"@id\":\"https:\/\/www.suno.com.br\/noticias\/#organization\",\"name\":\"Suno Not\u00edcias\",\"url\":\"https:\/\/www.suno.com.br\/noticias\/\",\"logo\":{\"@type\":\"ImageObject\",\"inLanguage\":\"pt-BR\",\"@id\":\"https:\/\/www.suno.com.br\/noticias\/#\/schema\/logo\/image\/\",\"url\":\"https:\/\/files.sunoresearch.com.br\/n\/uploads\/2021\/09\/suno-logo.png\",\"contentUrl\":\"https:\/\/files.sunoresearch.com.br\/n\/uploads\/2021\/09\/suno-logo.png\",\"width\":180,\"height\":180,\"caption\":\"Suno Not\u00edcias\"},\"image\":{\"@id\":\"https:\/\/www.suno.com.br\/noticias\/#\/schema\/logo\/image\/\"},\"sameAs\":[\"https:\/\/facebook.com\/sunoresearch\",\"https:\/\/x.com\/sunoresearch\",\"https:\/\/www.instagram.com\/suno\",\"https:\/\/www.linkedin.com\/company\/suno-research\/\",\"https:\/\/www.youtube.com\/c\/sunoresearch\"]},{\"@type\":\"Person\",\"@id\":\"https:\/\/www.suno.com.br\/noticias\/#\/schema\/person\/053a750a709a263919a20f976caae91c\",\"name\":\"Arthur Guimar\u00e3es\",\"image\":{\"@type\":\"ImageObject\",\"inLanguage\":\"pt-BR\",\"@id\":\"https:\/\/www.suno.com.br\/noticias\/#\/schema\/person\/image\/\",\"url\":\"https:\/\/secure.gravatar.com\/avatar\/1affd86a11209ae09eb6dd3bcad3e96c?s=96&r=g\",\"contentUrl\":\"https:\/\/secure.gravatar.com\/avatar\/1affd86a11209ae09eb6dd3bcad3e96c?s=96&r=g\",\"caption\":\"Arthur Guimar\u00e3es\"},\"description\":\"Arthur Guimar\u00e3es escreve sobre pol\u00edtica, economia e neg\u00f3cios para o portal de not\u00edcias da Suno Research. Atualmente, \u00e9 estudante de jornalismo pela Faculdade C\u00e1sper L\u00edbero.\",\"url\":\"https:\/\/www.suno.com.br\/noticias\/author\/arthur-guimaraes\/\"}]}<\/script>\n<!-- \/ Yoast SEO plugin. -->","yoast_head_json":{"title":"Nikola adia evento de apresenta\u00e7\u00e3o enquanto busca retomar confian\u00e7a","description":"A montadora de caminh\u00f5es el\u00e9tricos Nikola adiou o evento para apresenta\u00e7\u00e3o de ve\u00edculos e tecnologias de bateria. Clique para saber mais","robots":{"index":"index","follow":"follow","max-snippet":"max-snippet:-1","max-image-preview":"max-image-preview:large","max-video-preview":"max-video-preview:-1"},"canonical":"https:\/\/www.suno.com.br\/noticias\/nikola-adia-evento-apresentacao\/","og_locale":"pt_BR","og_type":"article","og_title":"Nikola adia evento de apresenta\u00e7\u00e3o enquanto busca retomar confian\u00e7a","og_description":"A montadora de caminh\u00f5es el\u00e9tricos Nikola adiou o evento para apresenta\u00e7\u00e3o de ve\u00edculos e tecnologias de bateria. Clique para saber mais","og_url":"https:\/\/www.suno.com.br\/noticias\/nikola-adia-evento-apresentacao\/","og_site_name":"Suno Not\u00edcias","article_publisher":"https:\/\/facebook.com\/sunoresearch","og_image":[{"width":507,"height":380,"url":"https:\/\/files.sunoresearch.com.br\/n\/uploads\/2020\/09\/9703d00f-nikola.jpg","type":"image\/jpeg"}],"author":"Arthur Guimar\u00e3es","twitter_card":"summary_large_image","twitter_creator":"@sunoresearch","twitter_site":"@sunoresearch","twitter_misc":{"Escrito por":"Arthur Guimar\u00e3es","Est. tempo de leitura":"2 minutos"},"schema":{"@context":"https:\/\/schema.org","@graph":[{"@type":"NewsArticle","@id":"https:\/\/www.suno.com.br\/noticias\/nikola-adia-evento-apresentacao\/#article","isPartOf":{"@id":"https:\/\/www.suno.com.br\/noticias\/nikola-adia-evento-apresentacao\/"},"author":{"name":"Arthur Guimar\u00e3es","@id":"https:\/\/www.suno.com.br\/noticias\/#\/schema\/person\/053a750a709a263919a20f976caae91c"},"headline":"Nikola adia evento de apresenta\u00e7\u00e3o enquanto busca retomar confian\u00e7a","datePublished":"2020-09-30T19:27:31+00:00","mainEntityOfPage":{"@id":"https:\/\/www.suno.com.br\/noticias\/nikola-adia-evento-apresentacao\/"},"wordCount":439,"publisher":{"@id":"https:\/\/www.suno.com.br\/noticias\/#organization"},"image":{"@id":"https:\/\/www.suno.com.br\/noticias\/nikola-adia-evento-apresentacao\/#primaryimage"},"thumbnailUrl":"https:\/\/files.sunoresearch.com.br\/n\/uploads\/2020\/09\/9703d00f-nikola-jpg.webp","keywords":["carros el\u00e9tricos","Fraudes","Nikola"],"articleSection":["Neg\u00f3cios"],"inLanguage":"pt-BR"},{"@type":"WebPage","@id":"https:\/\/www.suno.com.br\/noticias\/nikola-adia-evento-apresentacao\/","url":"https:\/\/www.suno.com.br\/noticias\/nikola-adia-evento-apresentacao\/","name":"Nikola adia evento de apresenta\u00e7\u00e3o enquanto busca retomar confian\u00e7a","isPartOf":{"@id":"https:\/\/www.suno.com.br\/noticias\/#website"},"primaryImageOfPage":{"@id":"https:\/\/www.suno.com.br\/noticias\/nikola-adia-evento-apresentacao\/#primaryimage"},"image":{"@id":"https:\/\/www.suno.com.br\/noticias\/nikola-adia-evento-apresentacao\/#primaryimage"},"thumbnailUrl":"https:\/\/files.sunoresearch.com.br\/n\/uploads\/2020\/09\/9703d00f-nikola-jpg.webp","datePublished":"2020-09-30T19:27:31+00:00","description":"A montadora de caminh\u00f5es el\u00e9tricos Nikola adiou o evento para apresenta\u00e7\u00e3o de ve\u00edculos e tecnologias de bateria. Clique para saber mais","breadcrumb":{"@id":"https:\/\/www.suno.com.br\/noticias\/nikola-adia-evento-apresentacao\/#breadcrumb"},"inLanguage":"pt-BR","potentialAction":[{"@type":"ReadAction","target":["https:\/\/www.suno.com.br\/noticias\/nikola-adia-evento-apresentacao\/"]}]},{"@type":"ImageObject","inLanguage":"pt-BR","@id":"https:\/\/www.suno.com.br\/noticias\/nikola-adia-evento-apresentacao\/#primaryimage","url":"https:\/\/files.sunoresearch.com.br\/n\/uploads\/2020\/09\/9703d00f-nikola-jpg.webp","contentUrl":"https:\/\/files.sunoresearch.com.br\/n\/uploads\/2020\/09\/9703d00f-nikola-jpg.webp","width":507,"height":380,"caption":"A Nikola postergou um evento de apresenta\u00e7\u00e3o de seus ve\u00edculos e suas tecnologias enquanto enfrenta acusa\u00e7\u00f5es de fraude"},{"@type":"BreadcrumbList","@id":"https:\/\/www.suno.com.br\/noticias\/nikola-adia-evento-apresentacao\/#breadcrumb","itemListElement":[{"@type":"ListItem","position":1,"name":"Not\u00edcias","item":"https:\/\/www.suno.com.br\/noticias\/"},{"@type":"ListItem","position":2,"name":"Neg\u00f3cios","item":"https:\/\/www.suno.com.br\/noticias\/negocios\/"},{"@type":"ListItem","position":3,"name":"Nikola adia evento de apresenta\u00e7\u00e3o enquanto busca retomar confian\u00e7a"}]},{"@type":"WebSite","@id":"https:\/\/www.suno.com.br\/noticias\/#website","url":"https:\/\/www.suno.com.br\/noticias\/","name":"Suno Not\u00edcias","description":"Seu portal de informa\u00e7\u00e3o sobre o mundo dos investimentos","publisher":{"@id":"https:\/\/www.suno.com.br\/noticias\/#organization"},"potentialAction":[{"@type":"SearchAction","target":{"@type":"EntryPoint","urlTemplate":"https:\/\/www.suno.com.br\/noticias\/?s={search_term_string}"},"query-input":{"@type":"PropertyValueSpecification","valueRequired":true,"valueName":"search_term_string"}}],"inLanguage":"pt-BR"},{"@type":"Organization","@id":"https:\/\/www.suno.com.br\/noticias\/#organization","name":"Suno Not\u00edcias","url":"https:\/\/www.suno.com.br\/noticias\/","logo":{"@type":"ImageObject","inLanguage":"pt-BR","@id":"https:\/\/www.suno.com.br\/noticias\/#\/schema\/logo\/image\/","url":"https:\/\/files.sunoresearch.com.br\/n\/uploads\/2021\/09\/suno-logo.png","contentUrl":"https:\/\/files.sunoresearch.com.br\/n\/uploads\/2021\/09\/suno-logo.png","width":180,"height":180,"caption":"Suno Not\u00edcias"},"image":{"@id":"https:\/\/www.suno.com.br\/noticias\/#\/schema\/logo\/image\/"},"sameAs":["https:\/\/facebook.com\/sunoresearch","https:\/\/x.com\/sunoresearch","https:\/\/www.instagram.com\/suno","https:\/\/www.linkedin.com\/company\/suno-research\/","https:\/\/www.youtube.com\/c\/sunoresearch"]},{"@type":"Person","@id":"https:\/\/www.suno.com.br\/noticias\/#\/schema\/person\/053a750a709a263919a20f976caae91c","name":"Arthur Guimar\u00e3es","image":{"@type":"ImageObject","inLanguage":"pt-BR","@id":"https:\/\/www.suno.com.br\/noticias\/#\/schema\/person\/image\/","url":"https:\/\/secure.gravatar.com\/avatar\/1affd86a11209ae09eb6dd3bcad3e96c?s=96&r=g","contentUrl":"https:\/\/secure.gravatar.com\/avatar\/1affd86a11209ae09eb6dd3bcad3e96c?s=96&r=g","caption":"Arthur Guimar\u00e3es"},"description":"Arthur Guimar\u00e3es escreve sobre pol\u00edtica, economia e neg\u00f3cios para o portal de not\u00edcias da Suno Research. Atualmente, \u00e9 estudante de jornalismo pela Faculdade C\u00e1sper L\u00edbero.","url":"https:\/\/www.suno.com.br\/noticias\/author\/arthur-guimaraes\/"}]}},"default_loop_html":"<div class=\"cardsPage__listCard__boxs\"><div class=\"cardsPage__listCard__boxs__img\"><a href=\"https:\/\/www.suno.com.br\/noticias\/ceo-nikola-renuncia-acusacoes-fraude\/\"><img class=\"mask\" src=\"https:\/\/www.suno.com.br\/noticias\/wp-content\/themes\/suno\/resources\/images\/spotlight\/spotlight1img\/bg-mask.png\" alt=\"Image Mask\"\/><img src=\"https:\/\/files.sunoresearch.com.br\/n\/uploads\/2020\/09\/a511bd9c-5f0de26ef0f4190aef77c774-400x200.webp\" alt=\"Em meio \u00e0 acusa\u00e7\u00f5es de fraude, CEO da Nikola renuncia\"\/><\/a><span class=\"spotlightCategory\"><a href=\"https:\/\/www.suno.com.br\/noticias\/negocios\/\">Neg\u00f3cios<\/a><\/span><\/div><div class=\"cardsPage__listCard__boxs__content\"><a href=\"https:\/\/www.suno.com.br\/noticias\/ceo-nikola-renuncia-acusacoes-fraude\/\"><h2 class=\"content__title\">Em meio \u00e0 acusa\u00e7\u00f5es de fraude, CEO da Nikola renuncia<\/h2><\/a><div class=\"newsContent__article__meta\"><div class=\"newsContent__article__meta__authorBox\"><a href=\"https:\/\/www.suno.com.br\/noticias\/author\/jader-lazarini\/\" class=\"authorBox__avatar noMobi\"><img src=\"https:\/\/files.sunoresearch.com.br\/n\/uploads\/2021\/01\/178e6598-foto-perfil-2-150x150.jpg\" alt=\"Jader Lazarini\"><\/a><div class=\"authorBox__name\"><span>por\n\t\t\t<a href=\"https:\/\/www.suno.com.br\/noticias\/author\/jader-lazarini\/\"><span itemprop=\"author\">Jader Lazarini<\/span><\/a><\/span><time datetime=\"2020-09-21T08:13:22-03:00\" itemprop=\"datePublished\">21\/09\/2020 08:13<\/time><\/div><\/div><\/div><\/div><\/div>","single_layout":"posts","amp_enabled":true,"_links":{"self":[{"href":"https:\/\/www.suno.com.br\/noticias\/wp-json\/wp\/v2\/posts\/88570"}],"collection":[{"href":"https:\/\/www.suno.com.br\/noticias\/wp-json\/wp\/v2\/posts"}],"about":[{"href":"https:\/\/www.suno.com.br\/noticias\/wp-json\/wp\/v2\/types\/post"}],"author":[{"embeddable":true,"href":"https:\/\/www.suno.com.br\/noticias\/wp-json\/wp\/v2\/users\/35"}],"replies":[{"embeddable":true,"href":"https:\/\/www.suno.com.br\/noticias\/wp-json\/wp\/v2\/comments?post=88570"}],"version-history":[{"count":0,"href":"https:\/\/www.suno.com.br\/noticias\/wp-json\/wp\/v2\/posts\/88570\/revisions"}],"wp:featuredmedia":[{"embeddable":true,"href":"https:\/\/www.suno.com.br\/noticias\/wp-json\/wp\/v2\/media\/86675"}],"wp:attachment":[{"href":"https:\/\/www.suno.com.br\/noticias\/wp-json\/wp\/v2\/media?parent=88570"}],"wp:term":[{"taxonomy":"category","embeddable":true,"href":"https:\/\/www.suno.com.br\/noticias\/wp-json\/wp\/v2\/categories?post=88570"},{"taxonomy":"post_tag","embeddable":true,"href":"https:\/\/www.suno.com.br\/noticias\/wp-json\/wp\/v2\/tags?post=88570"},{"taxonomy":"suno_strategy","embeddable":true,"href":"https:\/\/www.suno.com.br\/noticias\/wp-json\/wp\/v2\/suno_strategy?post=88570"}],"curies":[{"name":"wp","href":"https:\/\/api.w.org\/{rel}","templated":true}]}}