{"id":88425,"date":"2020-09-30T09:44:53","date_gmt":"2020-09-30T12:44:53","guid":{"rendered":"https:\/\/www.suno.com.br\/noticias\/?p=88425"},"modified":"2020-09-30T09:55:02","modified_gmt":"2020-09-30T12:55:02","slug":"dolar-abre-em-alta-com-debate-dos-eua-e-renda-cidada-no-radar","status":"publish","type":"post","link":"https:\/\/www.suno.com.br\/noticias\/dolar-abre-em-alta-com-debate-dos-eua-e-renda-cidada-no-radar\/","title":{"rendered":"D\u00f3lar abre em alta com debate dos EUA e Renda Cidad\u00e3 no radar"},"content":{"rendered":"<p>Com o turbulento debate para a Presid\u00eancia dos Estados Unidos entre <a href=\"https:\/\/www.suno.com.br\/tudo-sobre\/donald-trump\/\">Donald Trump<\/a> e Joe Biden, e as incertezas sobre o programa social Renda Cidad\u00e3, o <strong><a href=\"https:\/\/www.suno.com.br\/artigos\/investir-em-dolar\/\">d\u00f3lar<\/a> <\/strong>abriu em alta nesta quarta-feira (30).<\/p>\t<div class=\"wrapper-featured-image\">\n\t\t<figure class=\"spotlightImg\">\n\n\t\t\t<picture>\n\t\t\t\t<source media=\"(max-width: 768px)\" srcset=\"https:\/\/files.sunoresearch.com.br\/n\/uploads\/2020\/09\/b053e93a-dolar-400x200.webp\">\n\t\t\t\t<img loading=\"lazy\" decoding=\"async\" class=\"newsContent__article__imgCapa lazyloadDisabled \" src=\"https:\/\/files.sunoresearch.com.br\/n\/uploads\/2020\/09\/b053e93a-dolar-800x450.webp\" width=\"800\" height=\"450\" alt=\"D\u00f3lar abre em alta com debate dos EUA e Renda Cidad\u00e3 no radar\" fetchpriority=high \/>\n\t\t\t<\/picture>\n\n\t\t\t<figcaption class=\"wp-caption-text wp-caption-text--show\">Por volta das 9h20, o d\u00f3lar subia a 0,2%, sendo negociado na compra a R$ 5,635.<\/figcaption>\n\t\t<\/figure>\n\t<\/div>\n\n\n<div class=\"hubspot-form-wrapper\">\n\t<div id=\"single-form-target\"><\/div>\n<\/div>\n\n<p>Por volta das 9h14, o <a href=\"https:\/\/www.suno.com.br\/artigos\/dolar\/\"><strong>d\u00f3lar<\/strong> <\/a>operava em alta de 0,41%, negociado a R$ 5,663. O mercado internacional acompanha o desdobramento do debate presidencial.<\/p>\n<p>O republicano Trump e o democrata Biden se enfrentaram pela primeira vez na noite da \u00faltima ter\u00e7a-feira (29) em debate na rede de &#8221; TV Fox News&#8221;, a 35 dias das elei\u00e7\u00f5es presidenciais. Ambos os candidatos j\u00e1 se atacavam por meio de suas rede sociais e na noite de ontem n\u00e3o foi diferente.<\/p>\n<p><a href=\"https:\/\/lp.suno.com.br\/suno-one\/\">Suno One: acesse gratuitamente eBooks, Minicursos, Artigos e Video Aulas sobre investimentos com um \u00fanico cadastro. Clique para saber mais!<\/a><\/p>\n<p>O democrata chegou a chamar o atual presidente dos EUA de &#8220;palha\u00e7o&#8221;, &#8220;mentiroso&#8221;, &#8220;racista&#8221; e &#8220;fantoche de Putin&#8221;. Por sua vez, Trump n\u00e3o respeitava o tempo de fala do rival. O moderador do debate, o jornalista Chris Wallace, teve, em alguns momentos, afirmar: &#8220;Senhor presidente, eu sou o moderador desse debate&#8221;.<\/p>\n<p>A CBS News realizou uma pesquisa pela internet ap\u00f3s o debate com eleitores que assistiram o programa. A pesquisa apontou que 48% deles acreditavam que Biden ganharia as elei\u00e7\u00f5es, contra 41% que acreditavam em Trump. E, 69% dos norte-americanos que assistiram se disseram irritados com o desdobramento do debate.<\/p>\n<p>J\u00e1 no mercado dom\u00e9stico repercute o novo programa social. O <a href=\"https:\/\/www.suno.com.br\/noticias\/renda-cidada-precatorios-fundeb\/\">an\u00fancio do <strong>Renda Cidad\u00e3<\/strong>, realizado na segunda-feira (28)<\/a>, por membros do governo de Jair Bolsonaro, pelo ministro da Economia, <a href=\"https:\/\/www.suno.com.br\/tudo-sobre\/paulo-guedes\/\">Paulo Guedes<\/a>, e congressistas, caiu como uma bomba no mercado de capitais brasileiro.<\/p>\n<p>De acordo com especialistas ouvidos pelo <strong>SUNO Not\u00edcias<\/strong>, a forma como o governo pretende arranjar recursos para financiar o Renda Cidad\u00e3 \u00e9 o principal ponto de descontentamento entre os agentes do mercado financeiro, que classificaram a estrat\u00e9gia como &#8220;populismo&#8221; e &#8220;descompromisso com a sa\u00fade fiscal brasileira&#8221;.<\/p>\n<p>Na proposta apresentada pelo governo Bolsonaro, o Renda Cidad\u00e3, programa social que dever\u00e1 substituir o Bolsa Fam\u00edlia, <a href=\"https:\/\/www.suno.com.br\/noticias\/renda-cidada-precatorios-fundeb\/\">dever\u00e1 ser bancado por recursos<\/a> que deveriam ser destinados a pagamentos de <a href=\"https:\/\/www.suno.com.br\/noticias\/precatorios-renda-cidada\/\"><strong>precat\u00f3rios<\/strong> <\/a>e ao Fundo de Manuten\u00e7\u00e3o e Desenvolvimento da Educa\u00e7\u00e3o B\u00e1sica (Fundeb).<\/p>\n<p>Ademais, segue no radar do investidor a empresa americana de biotecnologia Regeneron que informou na ter\u00e7a que seu rem\u00e9dio, conhecido como REGN-COV2, reduz a carga viral e o tempo de recupera\u00e7\u00e3o dos pacientes n\u00e3o hospitalizados em est\u00e1gio inicial do tratamento. &#8220;Estamos muito animados com a natureza robusta e consistente desses dados iniciais&#8221;, disse o diretor cient\u00edfico da empresa, George Yancopoulos.<\/p>\n<p>No mercado internacional, os \u00edndices dos Estados Unidos e da Europa operavam em queda \u00e0s 7h. J\u00e1 o mercado asi\u00e1tico encerrou em campo distinto nesta quarta.<\/p>\n<ul>\n<li>Nova York (<a href=\"https:\/\/www.suno.com.br\/artigos\/sp-500\/\">S&amp;P 500<\/a>): -0,77%<span class=\"IsqQVc NprOob XcVN5d\"><br \/>\n<\/span><\/li>\n<li>Nova York (<a href=\"https:\/\/www.suno.com.br\/artigos\/indice-dow-jones-djia\/\">Dow Jones<\/a>): -0,84%<\/li>\n<li>Nova York (<a href=\"https:\/\/www.suno.com.br\/artigos\/nasdaq\/\">Nasdaq<\/a>): -0,90%<\/li>\n<li>Frankfurt (<a href=\"https:\/\/www.suno.com.br\/artigos\/dax-30\/\">DAX 30)<\/a>: -0,58%<\/li>\n<li>Reino Unido (<a href=\"https:\/\/www.suno.com.br\/artigos\/ftse-100\/\">FTSE 100<\/a>): -0,17%%<\/li>\n<li>Paris (<a href=\"https:\/\/www.suno.com.br\/artigos\/cac-40\/\">CAC 40<\/a>): -0,46%<\/li>\n<li>It\u00e1lia (<a href=\"https:\/\/www.suno.com.br\/artigos\/ftse-mib\/\">FTSE MIB<\/a>):-0,19%<\/li>\n<li>Xangai (SSEC): -0,20%<\/li>\n<li>Hong Kong (<a href=\"https:\/\/www.suno.com.br\/artigos\/hang-seng\/\">Hang Seng<\/a>): +0,79%<\/li>\n<li>Jap\u00e3o (Nikkei): -1,50%<\/li>\n<\/ul>\n<h2>\u00daltima cota\u00e7\u00e3o do d\u00f3lar<\/h2>\n<p>Na \u00faltima sess\u00e3o, ter\u00e7a-feira (29), o <strong>d\u00f3lar<\/strong> encerrou em alta de 0,14%, negociado a R$ 5,641.<\/p>\n\t<p>\n\t\t<a href=\"https:\/\/lp.suno.com.br\/planilha-de-controle-de-investimentos\/\" target=\"_blank\" data-element=\"shortcode-suno-banner\" title=\"Banner SUNO, clique e saiba mais\">\n\t\t\t<picture>\n\t\t\t\t<source media=\"(max-width: 500px)\" srcset=\"https:\/\/files.sunoresearch.com.br\/n\/uploads\/2023\/03\/400x300-Controle-de-Investimentos.png\">\n\t\t\t\t<img class=\"newsContent__article__imgCapa newsContent__article__imgCapa--banner\"\n\t\t\t\t\tsrc=\"https:\/\/files.sunoresearch.com.br\/n\/uploads\/2023\/03\/1420x240-Controle-de-Investimentos.png\"\n\t\t\t\t\tdata-promo-id=\"75934\"\t\t\t\t\t\t\t\t\t\twidth='1420' height='240'\t\t\t\t\talt=\"https:\/\/files.sunoresearch.com.br\/n\/uploads\/2023\/03\/1420x240-Controle-de-Investimentos.png\"\n\t\t\t\t>\n\t\t\t<\/picture>\n\t\t<\/a>\n\t<\/p>\n\n\n","protected":false},"excerpt":{"rendered":"<p>Com o turbulento debate para a Presid\u00eancia dos Estados Unidos entre Donald Trump e Joe Biden, e as incertezas sobre o programa social Renda Cidad\u00e3, o d\u00f3lar abriu em alta nesta quarta-feira (30). Por volta das 9h20, o d\u00f3lar subia a 0,2%, sendo negociado na compra a R$ 5,635. Por volta das 9h14, o d\u00f3lar [&hellip;]<\/p>\n","protected":false},"author":15,"featured_media":86993,"comment_status":"closed","ping_status":"closed","sticky":false,"template":"","format":"standard","meta":[],"categories":[60],"tags":[326,724,697,73481,104572],"suno_strategy":[],"class_list":["post-88425","post","type-post","status-publish","format-standard","has-post-thumbnail","hentry","category-mercado","tag-dolar","tag-donald-trump","tag-eleicoes","tag-joe-biden","tag-renda-cidada"],"yoast_head":"<!-- This site is optimized with the Yoast SEO plugin v24.4 - https:\/\/yoast.com\/wordpress\/plugins\/seo\/ -->\n<title>D\u00f3lar abre em alta com debate dos EUA e Renda Cidad\u00e3 no radar<\/title>\n<meta name=\"description\" content=\"Por volta das 9h14, nesta quarta-feira (30), o d\u00f3lar operava em alta de 0,41%, negociado a R$ 5,663. Clique aqui e saiba mais\" \/>\n<meta name=\"robots\" content=\"index, follow, max-snippet:-1, max-image-preview:large, max-video-preview:-1\" \/>\n<link rel=\"canonical\" href=\"https:\/\/www.suno.com.br\/noticias\/dolar-abre-em-alta-com-debate-dos-eua-e-renda-cidada-no-radar\/\" \/>\n<meta property=\"og:locale\" content=\"pt_BR\" \/>\n<meta property=\"og:type\" content=\"article\" \/>\n<meta property=\"og:title\" content=\"D\u00f3lar abre em alta com debate dos EUA e Renda Cidad\u00e3 no radar\" \/>\n<meta property=\"og:description\" content=\"Por volta das 9h14, nesta quarta-feira (30), o d\u00f3lar operava em alta de 0,41%, negociado a R$ 5,663. Clique aqui e saiba mais\" \/>\n<meta property=\"og:url\" content=\"https:\/\/www.suno.com.br\/noticias\/dolar-abre-em-alta-com-debate-dos-eua-e-renda-cidada-no-radar\/\" \/>\n<meta property=\"og:site_name\" content=\"Suno Not\u00edcias\" \/>\n<meta property=\"article:publisher\" content=\"https:\/\/facebook.com\/sunoresearch\" \/>\n<meta property=\"og:image\" content=\"https:\/\/files.sunoresearch.com.br\/n\/uploads\/2020\/09\/b053e93a-dolar.jpg\" \/>\n\t<meta property=\"og:image:width\" content=\"960\" \/>\n\t<meta property=\"og:image:height\" content=\"540\" \/>\n\t<meta property=\"og:image:type\" content=\"image\/jpeg\" \/>\n<meta name=\"author\" content=\"Poliana Santos\" \/>\n<meta name=\"twitter:card\" content=\"summary_large_image\" \/>\n<meta name=\"twitter:creator\" content=\"@sunoresearch\" \/>\n<meta name=\"twitter:site\" content=\"@sunoresearch\" \/>\n<meta name=\"twitter:label1\" content=\"Escrito por\" \/>\n\t<meta name=\"twitter:data1\" content=\"Poliana Santos\" \/>\n\t<meta name=\"twitter:label2\" content=\"Est. tempo de leitura\" \/>\n\t<meta name=\"twitter:data2\" content=\"3 minutos\" \/>\n<script type=\"application\/ld+json\" class=\"yoast-schema-graph\">{\"@context\":\"https:\/\/schema.org\",\"@graph\":[{\"@type\":\"NewsArticle\",\"@id\":\"https:\/\/www.suno.com.br\/noticias\/dolar-abre-em-alta-com-debate-dos-eua-e-renda-cidada-no-radar\/#article\",\"isPartOf\":{\"@id\":\"https:\/\/www.suno.com.br\/noticias\/dolar-abre-em-alta-com-debate-dos-eua-e-renda-cidada-no-radar\/\"},\"author\":{\"name\":\"Poliana Santos\",\"@id\":\"https:\/\/www.suno.com.br\/noticias\/#\/schema\/person\/02ec1f752758247878a2bf4abee1aeda\"},\"headline\":\"D\u00f3lar abre em alta com debate dos EUA e Renda Cidad\u00e3 no radar\",\"datePublished\":\"2020-09-30T12:44:53+00:00\",\"dateModified\":\"2020-09-30T12:55:02+00:00\",\"mainEntityOfPage\":{\"@id\":\"https:\/\/www.suno.com.br\/noticias\/dolar-abre-em-alta-com-debate-dos-eua-e-renda-cidada-no-radar\/\"},\"wordCount\":554,\"publisher\":{\"@id\":\"https:\/\/www.suno.com.br\/noticias\/#organization\"},\"image\":{\"@id\":\"https:\/\/www.suno.com.br\/noticias\/dolar-abre-em-alta-com-debate-dos-eua-e-renda-cidada-no-radar\/#primaryimage\"},\"thumbnailUrl\":\"https:\/\/files.sunoresearch.com.br\/n\/uploads\/2020\/09\/b053e93a-dolar-jpg.webp\",\"keywords\":[\"d\u00f3lar\",\"Donald Trump\",\"Elei\u00e7\u00f5es\",\"Joe Biden\",\"Renda Cidad\u00e3\"],\"articleSection\":[\"Mercado\"],\"inLanguage\":\"pt-BR\"},{\"@type\":\"WebPage\",\"@id\":\"https:\/\/www.suno.com.br\/noticias\/dolar-abre-em-alta-com-debate-dos-eua-e-renda-cidada-no-radar\/\",\"url\":\"https:\/\/www.suno.com.br\/noticias\/dolar-abre-em-alta-com-debate-dos-eua-e-renda-cidada-no-radar\/\",\"name\":\"D\u00f3lar abre em alta com debate dos EUA e Renda Cidad\u00e3 no radar\",\"isPartOf\":{\"@id\":\"https:\/\/www.suno.com.br\/noticias\/#website\"},\"primaryImageOfPage\":{\"@id\":\"https:\/\/www.suno.com.br\/noticias\/dolar-abre-em-alta-com-debate-dos-eua-e-renda-cidada-no-radar\/#primaryimage\"},\"image\":{\"@id\":\"https:\/\/www.suno.com.br\/noticias\/dolar-abre-em-alta-com-debate-dos-eua-e-renda-cidada-no-radar\/#primaryimage\"},\"thumbnailUrl\":\"https:\/\/files.sunoresearch.com.br\/n\/uploads\/2020\/09\/b053e93a-dolar-jpg.webp\",\"datePublished\":\"2020-09-30T12:44:53+00:00\",\"dateModified\":\"2020-09-30T12:55:02+00:00\",\"description\":\"Por volta das 9h14, nesta quarta-feira (30), o d\u00f3lar operava em alta de 0,41%, negociado a R$ 5,663. Clique aqui e saiba mais\",\"breadcrumb\":{\"@id\":\"https:\/\/www.suno.com.br\/noticias\/dolar-abre-em-alta-com-debate-dos-eua-e-renda-cidada-no-radar\/#breadcrumb\"},\"inLanguage\":\"pt-BR\",\"potentialAction\":[{\"@type\":\"ReadAction\",\"target\":[\"https:\/\/www.suno.com.br\/noticias\/dolar-abre-em-alta-com-debate-dos-eua-e-renda-cidada-no-radar\/\"]}]},{\"@type\":\"ImageObject\",\"inLanguage\":\"pt-BR\",\"@id\":\"https:\/\/www.suno.com.br\/noticias\/dolar-abre-em-alta-com-debate-dos-eua-e-renda-cidada-no-radar\/#primaryimage\",\"url\":\"https:\/\/files.sunoresearch.com.br\/n\/uploads\/2020\/09\/b053e93a-dolar-jpg.webp\",\"contentUrl\":\"https:\/\/files.sunoresearch.com.br\/n\/uploads\/2020\/09\/b053e93a-dolar-jpg.webp\",\"width\":960,\"height\":540,\"caption\":\"Por volta das 9h20, o d\u00f3lar subia a 0,2%, sendo negociado na compra a R$ 5,635.\"},{\"@type\":\"BreadcrumbList\",\"@id\":\"https:\/\/www.suno.com.br\/noticias\/dolar-abre-em-alta-com-debate-dos-eua-e-renda-cidada-no-radar\/#breadcrumb\",\"itemListElement\":[{\"@type\":\"ListItem\",\"position\":1,\"name\":\"Not\u00edcias\",\"item\":\"https:\/\/www.suno.com.br\/noticias\/\"},{\"@type\":\"ListItem\",\"position\":2,\"name\":\"Mercado\",\"item\":\"https:\/\/www.suno.com.br\/noticias\/mercado\/\"},{\"@type\":\"ListItem\",\"position\":3,\"name\":\"D\u00f3lar abre em alta com debate dos EUA e Renda Cidad\u00e3 no radar\"}]},{\"@type\":\"WebSite\",\"@id\":\"https:\/\/www.suno.com.br\/noticias\/#website\",\"url\":\"https:\/\/www.suno.com.br\/noticias\/\",\"name\":\"Suno Not\u00edcias\",\"description\":\"Seu portal de informa\u00e7\u00e3o sobre o mundo dos investimentos\",\"publisher\":{\"@id\":\"https:\/\/www.suno.com.br\/noticias\/#organization\"},\"potentialAction\":[{\"@type\":\"SearchAction\",\"target\":{\"@type\":\"EntryPoint\",\"urlTemplate\":\"https:\/\/www.suno.com.br\/noticias\/?s={search_term_string}\"},\"query-input\":{\"@type\":\"PropertyValueSpecification\",\"valueRequired\":true,\"valueName\":\"search_term_string\"}}],\"inLanguage\":\"pt-BR\"},{\"@type\":\"Organization\",\"@id\":\"https:\/\/www.suno.com.br\/noticias\/#organization\",\"name\":\"Suno Not\u00edcias\",\"url\":\"https:\/\/www.suno.com.br\/noticias\/\",\"logo\":{\"@type\":\"ImageObject\",\"inLanguage\":\"pt-BR\",\"@id\":\"https:\/\/www.suno.com.br\/noticias\/#\/schema\/logo\/image\/\",\"url\":\"https:\/\/files.sunoresearch.com.br\/n\/uploads\/2021\/09\/suno-logo.png\",\"contentUrl\":\"https:\/\/files.sunoresearch.com.br\/n\/uploads\/2021\/09\/suno-logo.png\",\"width\":180,\"height\":180,\"caption\":\"Suno Not\u00edcias\"},\"image\":{\"@id\":\"https:\/\/www.suno.com.br\/noticias\/#\/schema\/logo\/image\/\"},\"sameAs\":[\"https:\/\/facebook.com\/sunoresearch\",\"https:\/\/x.com\/sunoresearch\",\"https:\/\/www.instagram.com\/suno\",\"https:\/\/www.linkedin.com\/company\/suno-research\/\",\"https:\/\/www.youtube.com\/c\/sunoresearch\"]},{\"@type\":\"Person\",\"@id\":\"https:\/\/www.suno.com.br\/noticias\/#\/schema\/person\/02ec1f752758247878a2bf4abee1aeda\",\"name\":\"Poliana Santos\",\"image\":{\"@type\":\"ImageObject\",\"inLanguage\":\"pt-BR\",\"@id\":\"https:\/\/www.suno.com.br\/noticias\/#\/schema\/person\/image\/\",\"url\":\"https:\/\/secure.gravatar.com\/avatar\/0645bd32f23d87b2130f2b2dff1d3f8d?s=96&r=g\",\"contentUrl\":\"https:\/\/secure.gravatar.com\/avatar\/0645bd32f23d87b2130f2b2dff1d3f8d?s=96&r=g\",\"caption\":\"Poliana Santos\"},\"description\":\"Rep\u00f3rter no Suno Not\u00edcias, com cobertura em mercado financeiro, economia, finan\u00e7as pessoais, renda fixa e varejo. Jornalista formada pela Faculdade C\u00e1sper L\u00edbero e possui passagem na R\u00e1dio Gazeta AM com a produ\u00e7\u00e3o de conte\u00fado sobre economia, pol\u00edtica, sa\u00fade, moda e m\u00fasica. Possui certificado de conclus\u00e3o do curso de An\u00e1lise de Balan\u00e7os pela Funda\u00e7\u00e3o Bradesco, Agenda Brasil pela FAAP, Educa\u00e7\u00e3o Pol\u00edtica por Alexandre Garcia e do Tesouro Direto e Mercado de A\u00e7\u00f5es pela B3.\",\"url\":\"https:\/\/www.suno.com.br\/noticias\/author\/poliana-santos\/\"}]}<\/script>\n<!-- \/ Yoast SEO plugin. -->","yoast_head_json":{"title":"D\u00f3lar abre em alta com debate dos EUA e Renda Cidad\u00e3 no radar","description":"Por volta das 9h14, nesta quarta-feira (30), o d\u00f3lar operava em alta de 0,41%, negociado a R$ 5,663. Clique aqui e saiba mais","robots":{"index":"index","follow":"follow","max-snippet":"max-snippet:-1","max-image-preview":"max-image-preview:large","max-video-preview":"max-video-preview:-1"},"canonical":"https:\/\/www.suno.com.br\/noticias\/dolar-abre-em-alta-com-debate-dos-eua-e-renda-cidada-no-radar\/","og_locale":"pt_BR","og_type":"article","og_title":"D\u00f3lar abre em alta com debate dos EUA e Renda Cidad\u00e3 no radar","og_description":"Por volta das 9h14, nesta quarta-feira (30), o d\u00f3lar operava em alta de 0,41%, negociado a R$ 5,663. Clique aqui e saiba mais","og_url":"https:\/\/www.suno.com.br\/noticias\/dolar-abre-em-alta-com-debate-dos-eua-e-renda-cidada-no-radar\/","og_site_name":"Suno Not\u00edcias","article_publisher":"https:\/\/facebook.com\/sunoresearch","og_image":[{"width":960,"height":540,"url":"https:\/\/files.sunoresearch.com.br\/n\/uploads\/2020\/09\/b053e93a-dolar.jpg","type":"image\/jpeg"}],"author":"Poliana Santos","twitter_card":"summary_large_image","twitter_creator":"@sunoresearch","twitter_site":"@sunoresearch","twitter_misc":{"Escrito por":"Poliana Santos","Est. tempo de leitura":"3 minutos"},"schema":{"@context":"https:\/\/schema.org","@graph":[{"@type":"NewsArticle","@id":"https:\/\/www.suno.com.br\/noticias\/dolar-abre-em-alta-com-debate-dos-eua-e-renda-cidada-no-radar\/#article","isPartOf":{"@id":"https:\/\/www.suno.com.br\/noticias\/dolar-abre-em-alta-com-debate-dos-eua-e-renda-cidada-no-radar\/"},"author":{"name":"Poliana Santos","@id":"https:\/\/www.suno.com.br\/noticias\/#\/schema\/person\/02ec1f752758247878a2bf4abee1aeda"},"headline":"D\u00f3lar abre em alta com debate dos EUA e Renda Cidad\u00e3 no radar","datePublished":"2020-09-30T12:44:53+00:00","dateModified":"2020-09-30T12:55:02+00:00","mainEntityOfPage":{"@id":"https:\/\/www.suno.com.br\/noticias\/dolar-abre-em-alta-com-debate-dos-eua-e-renda-cidada-no-radar\/"},"wordCount":554,"publisher":{"@id":"https:\/\/www.suno.com.br\/noticias\/#organization"},"image":{"@id":"https:\/\/www.suno.com.br\/noticias\/dolar-abre-em-alta-com-debate-dos-eua-e-renda-cidada-no-radar\/#primaryimage"},"thumbnailUrl":"https:\/\/files.sunoresearch.com.br\/n\/uploads\/2020\/09\/b053e93a-dolar-jpg.webp","keywords":["d\u00f3lar","Donald Trump","Elei\u00e7\u00f5es","Joe Biden","Renda Cidad\u00e3"],"articleSection":["Mercado"],"inLanguage":"pt-BR"},{"@type":"WebPage","@id":"https:\/\/www.suno.com.br\/noticias\/dolar-abre-em-alta-com-debate-dos-eua-e-renda-cidada-no-radar\/","url":"https:\/\/www.suno.com.br\/noticias\/dolar-abre-em-alta-com-debate-dos-eua-e-renda-cidada-no-radar\/","name":"D\u00f3lar abre em alta com debate dos EUA e Renda Cidad\u00e3 no radar","isPartOf":{"@id":"https:\/\/www.suno.com.br\/noticias\/#website"},"primaryImageOfPage":{"@id":"https:\/\/www.suno.com.br\/noticias\/dolar-abre-em-alta-com-debate-dos-eua-e-renda-cidada-no-radar\/#primaryimage"},"image":{"@id":"https:\/\/www.suno.com.br\/noticias\/dolar-abre-em-alta-com-debate-dos-eua-e-renda-cidada-no-radar\/#primaryimage"},"thumbnailUrl":"https:\/\/files.sunoresearch.com.br\/n\/uploads\/2020\/09\/b053e93a-dolar-jpg.webp","datePublished":"2020-09-30T12:44:53+00:00","dateModified":"2020-09-30T12:55:02+00:00","description":"Por volta das 9h14, nesta quarta-feira (30), o d\u00f3lar operava em alta de 0,41%, negociado a R$ 5,663. Clique aqui e saiba mais","breadcrumb":{"@id":"https:\/\/www.suno.com.br\/noticias\/dolar-abre-em-alta-com-debate-dos-eua-e-renda-cidada-no-radar\/#breadcrumb"},"inLanguage":"pt-BR","potentialAction":[{"@type":"ReadAction","target":["https:\/\/www.suno.com.br\/noticias\/dolar-abre-em-alta-com-debate-dos-eua-e-renda-cidada-no-radar\/"]}]},{"@type":"ImageObject","inLanguage":"pt-BR","@id":"https:\/\/www.suno.com.br\/noticias\/dolar-abre-em-alta-com-debate-dos-eua-e-renda-cidada-no-radar\/#primaryimage","url":"https:\/\/files.sunoresearch.com.br\/n\/uploads\/2020\/09\/b053e93a-dolar-jpg.webp","contentUrl":"https:\/\/files.sunoresearch.com.br\/n\/uploads\/2020\/09\/b053e93a-dolar-jpg.webp","width":960,"height":540,"caption":"Por volta das 9h20, o d\u00f3lar subia a 0,2%, sendo negociado na compra a R$ 5,635."},{"@type":"BreadcrumbList","@id":"https:\/\/www.suno.com.br\/noticias\/dolar-abre-em-alta-com-debate-dos-eua-e-renda-cidada-no-radar\/#breadcrumb","itemListElement":[{"@type":"ListItem","position":1,"name":"Not\u00edcias","item":"https:\/\/www.suno.com.br\/noticias\/"},{"@type":"ListItem","position":2,"name":"Mercado","item":"https:\/\/www.suno.com.br\/noticias\/mercado\/"},{"@type":"ListItem","position":3,"name":"D\u00f3lar abre em alta com debate dos EUA e Renda Cidad\u00e3 no radar"}]},{"@type":"WebSite","@id":"https:\/\/www.suno.com.br\/noticias\/#website","url":"https:\/\/www.suno.com.br\/noticias\/","name":"Suno Not\u00edcias","description":"Seu portal de informa\u00e7\u00e3o sobre o mundo dos investimentos","publisher":{"@id":"https:\/\/www.suno.com.br\/noticias\/#organization"},"potentialAction":[{"@type":"SearchAction","target":{"@type":"EntryPoint","urlTemplate":"https:\/\/www.suno.com.br\/noticias\/?s={search_term_string}"},"query-input":{"@type":"PropertyValueSpecification","valueRequired":true,"valueName":"search_term_string"}}],"inLanguage":"pt-BR"},{"@type":"Organization","@id":"https:\/\/www.suno.com.br\/noticias\/#organization","name":"Suno Not\u00edcias","url":"https:\/\/www.suno.com.br\/noticias\/","logo":{"@type":"ImageObject","inLanguage":"pt-BR","@id":"https:\/\/www.suno.com.br\/noticias\/#\/schema\/logo\/image\/","url":"https:\/\/files.sunoresearch.com.br\/n\/uploads\/2021\/09\/suno-logo.png","contentUrl":"https:\/\/files.sunoresearch.com.br\/n\/uploads\/2021\/09\/suno-logo.png","width":180,"height":180,"caption":"Suno Not\u00edcias"},"image":{"@id":"https:\/\/www.suno.com.br\/noticias\/#\/schema\/logo\/image\/"},"sameAs":["https:\/\/facebook.com\/sunoresearch","https:\/\/x.com\/sunoresearch","https:\/\/www.instagram.com\/suno","https:\/\/www.linkedin.com\/company\/suno-research\/","https:\/\/www.youtube.com\/c\/sunoresearch"]},{"@type":"Person","@id":"https:\/\/www.suno.com.br\/noticias\/#\/schema\/person\/02ec1f752758247878a2bf4abee1aeda","name":"Poliana Santos","image":{"@type":"ImageObject","inLanguage":"pt-BR","@id":"https:\/\/www.suno.com.br\/noticias\/#\/schema\/person\/image\/","url":"https:\/\/secure.gravatar.com\/avatar\/0645bd32f23d87b2130f2b2dff1d3f8d?s=96&r=g","contentUrl":"https:\/\/secure.gravatar.com\/avatar\/0645bd32f23d87b2130f2b2dff1d3f8d?s=96&r=g","caption":"Poliana Santos"},"description":"Rep\u00f3rter no Suno Not\u00edcias, com cobertura em mercado financeiro, economia, finan\u00e7as pessoais, renda fixa e varejo. Jornalista formada pela Faculdade C\u00e1sper L\u00edbero e possui passagem na R\u00e1dio Gazeta AM com a produ\u00e7\u00e3o de conte\u00fado sobre economia, pol\u00edtica, sa\u00fade, moda e m\u00fasica. Possui certificado de conclus\u00e3o do curso de An\u00e1lise de Balan\u00e7os pela Funda\u00e7\u00e3o Bradesco, Agenda Brasil pela FAAP, Educa\u00e7\u00e3o Pol\u00edtica por Alexandre Garcia e do Tesouro Direto e Mercado de A\u00e7\u00f5es pela B3.","url":"https:\/\/www.suno.com.br\/noticias\/author\/poliana-santos\/"}]}},"default_loop_html":"<div class=\"cardsPage__listCard__boxs\"><div class=\"cardsPage__listCard__boxs__img\"><a href=\"https:\/\/www.suno.com.br\/noticias\/dolar-abre-em-alta-com-debate-dos-eua-e-renda-cidada-no-radar\/\"><img class=\"mask\" src=\"https:\/\/www.suno.com.br\/noticias\/wp-content\/themes\/suno\/resources\/images\/spotlight\/spotlight1img\/bg-mask.png\" alt=\"Image Mask\"\/><img src=\"https:\/\/files.sunoresearch.com.br\/n\/uploads\/2020\/09\/b053e93a-dolar-400x200.webp\" alt=\"D\u00f3lar abre em alta com debate dos EUA e Renda Cidad\u00e3 no radar\"\/><\/a><span class=\"spotlightCategory\"><a href=\"https:\/\/www.suno.com.br\/noticias\/mercado\/\">Mercado<\/a><\/span><\/div><div class=\"cardsPage__listCard__boxs__content\"><a href=\"https:\/\/www.suno.com.br\/noticias\/dolar-abre-em-alta-com-debate-dos-eua-e-renda-cidada-no-radar\/\"><h2 class=\"content__title\">D\u00f3lar abre em alta com debate dos EUA e Renda Cidad\u00e3 no radar<\/h2><\/a><div class=\"newsContent__article__meta\"><div class=\"newsContent__article__meta__authorBox\"><a href=\"https:\/\/www.suno.com.br\/noticias\/author\/poliana-santos\/\" class=\"authorBox__avatar noMobi\"><img src=\"https:\/\/files.sunoresearch.com.br\/n\/uploads\/2020\/08\/7ef34026-whatsapp-image-2020-08-03-at-12.37.57-150x150.webp\" alt=\"Poliana Santos\"><\/a><div class=\"authorBox__name\"><span>por\n\t\t\t<a href=\"https:\/\/www.suno.com.br\/noticias\/author\/poliana-santos\/\"><span itemprop=\"author\">Poliana Santos<\/span><\/a><\/span><time datetime=\"2020-09-30T09:44:53-03:00\" itemprop=\"datePublished\">30\/09\/2020 09:44<\/time><\/div><\/div><\/div><\/div><\/div>","single_layout":"posts","amp_enabled":true,"_links":{"self":[{"href":"https:\/\/www.suno.com.br\/noticias\/wp-json\/wp\/v2\/posts\/88425"}],"collection":[{"href":"https:\/\/www.suno.com.br\/noticias\/wp-json\/wp\/v2\/posts"}],"about":[{"href":"https:\/\/www.suno.com.br\/noticias\/wp-json\/wp\/v2\/types\/post"}],"author":[{"embeddable":true,"href":"https:\/\/www.suno.com.br\/noticias\/wp-json\/wp\/v2\/users\/15"}],"replies":[{"embeddable":true,"href":"https:\/\/www.suno.com.br\/noticias\/wp-json\/wp\/v2\/comments?post=88425"}],"version-history":[{"count":0,"href":"https:\/\/www.suno.com.br\/noticias\/wp-json\/wp\/v2\/posts\/88425\/revisions"}],"wp:featuredmedia":[{"embeddable":true,"href":"https:\/\/www.suno.com.br\/noticias\/wp-json\/wp\/v2\/media\/86993"}],"wp:attachment":[{"href":"https:\/\/www.suno.com.br\/noticias\/wp-json\/wp\/v2\/media?parent=88425"}],"wp:term":[{"taxonomy":"category","embeddable":true,"href":"https:\/\/www.suno.com.br\/noticias\/wp-json\/wp\/v2\/categories?post=88425"},{"taxonomy":"post_tag","embeddable":true,"href":"https:\/\/www.suno.com.br\/noticias\/wp-json\/wp\/v2\/tags?post=88425"},{"taxonomy":"suno_strategy","embeddable":true,"href":"https:\/\/www.suno.com.br\/noticias\/wp-json\/wp\/v2\/suno_strategy?post=88425"}],"curies":[{"name":"wp","href":"https:\/\/api.w.org\/{rel}","templated":true}]}}