{"id":8834,"date":"2018-12-14T07:56:27","date_gmt":"2018-12-14T09:56:27","guid":{"rendered":"https:\/\/www.suno.com.br\/noticias\/?p=8834"},"modified":"2021-02-17T22:49:41","modified_gmt":"2021-02-18T01:49:41","slug":"bolsonaro-bc-monetaria","status":"publish","type":"post","link":"https:\/\/www.suno.com.br\/noticias\/bolsonaro-bc-monetaria\/","title":{"rendered":"Bolsonaro indica novo diretor de Pol\u00edtica Monet\u00e1ria do BC"},"content":{"rendered":"<p>Na quinta feira (12), o governo do presidente eleito Jair Bolsonaro indicou Bruno Serra Fernandes para a diretoria de <a href=\"https:\/\/www.suno.com.br\/artigos\/politica-monetaria\/\">Pol\u00edtica Monet\u00e1ria<\/a> do <a href=\"https:\/\/www.suno.com.br\/artigos\/bacen\/\">Banco Central<\/a>\u00a0(<strong>BC<\/strong>). A indica\u00e7\u00e3o ocorreu ap\u00f3s pedido de publica\u00e7\u00e3o do decreto de exonera\u00e7\u00e3o do ex-diretor Reinaldo Le Grazie, feito por raz\u00f5es pessoais.<\/p>\t<div class=\"wrapper-featured-image\">\n\t\t<figure class=\"spotlightImg\">\n\n\t\t\t<picture>\n\t\t\t\t<source media=\"(max-width: 768px)\" srcset=\"https:\/\/files.sunoresearch.com.br\/n\/uploads\/2018\/12\/2c1e4757-bolsonaro-400x200.webp\">\n\t\t\t\t<img loading=\"lazy\" decoding=\"async\" class=\"newsContent__article__imgCapa lazyloadDisabled newsContent__article__imgCapa--noCaption\" src=\"https:\/\/files.sunoresearch.com.br\/n\/uploads\/2018\/12\/2c1e4757-bolsonaro-800x450.webp\" width=\"800\" height=\"450\" alt=\"Bolsonaro indica novo diretor de Pol\u00edtica Monet\u00e1ria do BC\" fetchpriority=high \/>\n\t\t\t<\/picture>\n\n\t\t\t<figcaption class=\"wp-caption-text wp-caption-text--hide\">BC: uso de instrumentos cambiais ajudou mercados, diz diretor<\/figcaption>\n\t\t<\/figure>\n\t<\/div>\n\n\n<p>O governo <strong>Bolsonaro<\/strong> tamb\u00e9m designou Jo\u00e3o Manoel Pinho de Mello para tornar-se diretor da\u00a0Organiza\u00e7\u00e3o do Sistema Financeiro e de Resolu\u00e7\u00e3o do BC.\u00a0Sidnei Corr\u00eaa Marques, o ex-diretor, tamb\u00e9m pediu a sa\u00edda do cargo. Os decretos de exonera\u00e7\u00e3o foram publicados pelo presidente da rep\u00fablica Michel Temer.<\/p>\n<p>At\u00e9 que\u00a0 os novos nomes assumam os cargos em 2019, Carlos Viana de Carvalho, atual diretor de Pol\u00edtica Econ\u00f4mica do <strong>BC<\/strong> assumir\u00e1 a Pol\u00edtica Monet\u00e1ria.<\/p>\n<p>Assim, Tiago Couto Berriel, diretor de Assuntos Internacionais e de Gest\u00e3o de Riscos Corporativos, ficar\u00e1 encarregado tamb\u00e9m de Pol\u00edtica Econ\u00f4mica.<\/p>\n<p>Sidnei Corr\u00eaa permanecer\u00e1 em seu cargo at\u00e9 que Pinho de Mello seja oficialmente nomeado.<\/p>\n<p><a href=\"https:\/\/www.suno.com.br\/noticias\/presidente-do-bc-bolsonaro\/\">Saiba mais &#8211;\u00a0Presidente do BC do governo Bolsonaro \u00e9 anunciado\u00a0<\/a><\/p>\n<h2>Bruno Serra Fernandes<\/h2>\n<ul>\n<li>atualmente \u00e9 respons\u00e1vel pela mesa de renda fixa propriet\u00e1ria do Banco Ita\u00fa Unibanco;<\/li>\n<li>formado pelo Ibmec e com mestrado em Economia pela USP;<\/li>\n<li>trabalhou no BankBoston como estrategista de renda fixa e gestor de recursos para fundos multimercados.<\/li>\n<\/ul>\n<h2>Jo\u00e3o Manoel Pinho de Mello<\/h2>\n<ul>\n<li>\u00e9 professor titular do Insper;<\/li>\n<li>formado em administra\u00e7\u00e3o p\u00fablica, com mestrado em Economia pela PUC-Rio e PhD em Economia pela Universidade de Stanford;<\/li>\n<li>foi secret\u00e1rio de Promo\u00e7\u00e3o da Produtividade de Advocacia da Concorr\u00eancia;<\/li>\n<li>tamb\u00e9m foi secret\u00e1rio de Pol\u00edtica Econ\u00f4mica do Minist\u00e9rio da Fazenda;<\/li>\n<li>destaque para empenho em microeconomia no <strong>BC<\/strong>; se engajou em temas como cadastro positivo, distrato imobili\u00e1rio, duplicata eletr\u00f4nica, reforma da Lei de Recupera\u00e7\u00e3o Judicial, etc.<\/li>\n<\/ul>\n<p>Apesar da indica\u00e7\u00e3o do governo <strong>Bolsonaro<\/strong>, os nomes de ambos ter\u00e3o que passar pela aprova\u00e7\u00e3o do Senado Federal. Do mesmo modo, Roberto Campos Neto, que foi indicado para a presid\u00eancia do BC, tamb\u00e9m necessitar\u00e1 de consentimento do Senado para efetivar sua atua\u00e7\u00e3o.<\/p>\n","protected":false},"excerpt":{"rendered":"<p>Na quinta feira (12), o governo do presidente eleito Jair Bolsonaro indicou Bruno Serra Fernandes para a diretoria de Pol\u00edtica Monet\u00e1ria do Banco Central\u00a0(BC). A indica\u00e7\u00e3o ocorreu ap\u00f3s pedido de publica\u00e7\u00e3o do decreto de exonera\u00e7\u00e3o do ex-diretor Reinaldo Le Grazie, feito por raz\u00f5es pessoais. BC: uso de instrumentos cambiais ajudou mercados, diz diretor O governo [&hellip;]<\/p>\n","protected":false},"author":12,"featured_media":8835,"comment_status":"closed","ping_status":"closed","sticky":false,"template":"","format":"standard","meta":[],"categories":[62],"tags":[1842,719],"suno_strategy":[],"class_list":["post-8834","post","type-post","status-publish","format-standard","has-post-thumbnail","hentry","category-economia","tag-banco-central-bc","tag-jair-bolsonaro"],"yoast_head":"<!-- This site is optimized with the Yoast SEO plugin v24.4 - https:\/\/yoast.com\/wordpress\/plugins\/seo\/ -->\n<title>Bolsonaro indica novo diretor de Pol\u00edtica Monet\u00e1ria do BC<\/title>\n<meta name=\"description\" content=\"Jair Bolsonaro indicou na quinta-feira (13) Bruno Serra Fernandes para assumir diretoria de Pol\u00edtica Monet\u00e1ria do BC. Clique para saber mais.\" \/>\n<meta name=\"robots\" content=\"index, follow, max-snippet:-1, max-image-preview:large, max-video-preview:-1\" \/>\n<link rel=\"canonical\" href=\"https:\/\/www.suno.com.br\/noticias\/bolsonaro-bc-monetaria\/\" \/>\n<meta property=\"og:locale\" content=\"pt_BR\" \/>\n<meta property=\"og:type\" content=\"article\" \/>\n<meta property=\"og:title\" content=\"Bolsonaro indica novo diretor de Pol\u00edtica Monet\u00e1ria do BC\" \/>\n<meta property=\"og:description\" content=\"Jair Bolsonaro indicou na quinta-feira (13) Bruno Serra Fernandes para assumir diretoria de Pol\u00edtica Monet\u00e1ria do BC. Clique para saber mais.\" \/>\n<meta property=\"og:url\" content=\"https:\/\/www.suno.com.br\/noticias\/bolsonaro-bc-monetaria\/\" \/>\n<meta property=\"og:site_name\" content=\"Suno Not\u00edcias\" \/>\n<meta property=\"article:publisher\" content=\"https:\/\/facebook.com\/sunoresearch\" \/>\n<meta property=\"og:image\" content=\"https:\/\/files.sunoresearch.com.br\/n\/uploads\/2018\/12\/2c1e4757-bolsonaro.jpg\" \/>\n\t<meta property=\"og:image:width\" content=\"2051\" \/>\n\t<meta property=\"og:image:height\" content=\"3081\" \/>\n\t<meta property=\"og:image:type\" content=\"image\/jpeg\" \/>\n<meta name=\"author\" content=\"Amanda Gushiken\" \/>\n<meta name=\"twitter:card\" content=\"summary_large_image\" \/>\n<meta name=\"twitter:creator\" content=\"@sunoresearch\" \/>\n<meta name=\"twitter:site\" content=\"@sunoresearch\" \/>\n<meta name=\"twitter:label1\" content=\"Escrito por\" \/>\n\t<meta name=\"twitter:data1\" content=\"Amanda Gushiken\" \/>\n\t<meta name=\"twitter:label2\" content=\"Est. tempo de leitura\" \/>\n\t<meta name=\"twitter:data2\" content=\"2 minutos\" \/>\n<script type=\"application\/ld+json\" class=\"yoast-schema-graph\">{\"@context\":\"https:\/\/schema.org\",\"@graph\":[{\"@type\":\"NewsArticle\",\"@id\":\"https:\/\/www.suno.com.br\/noticias\/bolsonaro-bc-monetaria\/#article\",\"isPartOf\":{\"@id\":\"https:\/\/www.suno.com.br\/noticias\/bolsonaro-bc-monetaria\/\"},\"author\":{\"name\":\"Amanda Gushiken\",\"@id\":\"https:\/\/www.suno.com.br\/noticias\/#\/schema\/person\/a5b06fa4e879d8e8e119c6ed3cd630d1\"},\"headline\":\"Bolsonaro indica novo diretor de Pol\u00edtica Monet\u00e1ria do BC\",\"datePublished\":\"2018-12-14T09:56:27+00:00\",\"dateModified\":\"2021-02-18T01:49:41+00:00\",\"mainEntityOfPage\":{\"@id\":\"https:\/\/www.suno.com.br\/noticias\/bolsonaro-bc-monetaria\/\"},\"wordCount\":370,\"publisher\":{\"@id\":\"https:\/\/www.suno.com.br\/noticias\/#organization\"},\"image\":{\"@id\":\"https:\/\/www.suno.com.br\/noticias\/bolsonaro-bc-monetaria\/#primaryimage\"},\"thumbnailUrl\":\"https:\/\/files.sunoresearch.com.br\/n\/uploads\/2018\/12\/2c1e4757-bolsonaro-scaled.webp\",\"keywords\":[\"Banco Central (BC)\",\"Jair Bolsonaro\"],\"articleSection\":[\"Economia\"],\"inLanguage\":\"pt-BR\"},{\"@type\":\"WebPage\",\"@id\":\"https:\/\/www.suno.com.br\/noticias\/bolsonaro-bc-monetaria\/\",\"url\":\"https:\/\/www.suno.com.br\/noticias\/bolsonaro-bc-monetaria\/\",\"name\":\"Bolsonaro indica novo diretor de Pol\u00edtica Monet\u00e1ria do BC\",\"isPartOf\":{\"@id\":\"https:\/\/www.suno.com.br\/noticias\/#website\"},\"primaryImageOfPage\":{\"@id\":\"https:\/\/www.suno.com.br\/noticias\/bolsonaro-bc-monetaria\/#primaryimage\"},\"image\":{\"@id\":\"https:\/\/www.suno.com.br\/noticias\/bolsonaro-bc-monetaria\/#primaryimage\"},\"thumbnailUrl\":\"https:\/\/files.sunoresearch.com.br\/n\/uploads\/2018\/12\/2c1e4757-bolsonaro-scaled.webp\",\"datePublished\":\"2018-12-14T09:56:27+00:00\",\"dateModified\":\"2021-02-18T01:49:41+00:00\",\"description\":\"Jair Bolsonaro indicou na quinta-feira (13) Bruno Serra Fernandes para assumir diretoria de Pol\u00edtica Monet\u00e1ria do BC. Clique para saber mais.\",\"breadcrumb\":{\"@id\":\"https:\/\/www.suno.com.br\/noticias\/bolsonaro-bc-monetaria\/#breadcrumb\"},\"inLanguage\":\"pt-BR\",\"potentialAction\":[{\"@type\":\"ReadAction\",\"target\":[\"https:\/\/www.suno.com.br\/noticias\/bolsonaro-bc-monetaria\/\"]}]},{\"@type\":\"ImageObject\",\"inLanguage\":\"pt-BR\",\"@id\":\"https:\/\/www.suno.com.br\/noticias\/bolsonaro-bc-monetaria\/#primaryimage\",\"url\":\"https:\/\/files.sunoresearch.com.br\/n\/uploads\/2018\/12\/2c1e4757-bolsonaro-scaled.webp\",\"contentUrl\":\"https:\/\/files.sunoresearch.com.br\/n\/uploads\/2018\/12\/2c1e4757-bolsonaro-scaled.webp\",\"width\":1704,\"height\":2560,\"caption\":\"BC: uso de instrumentos cambiais ajudou mercados, diz diretor\"},{\"@type\":\"BreadcrumbList\",\"@id\":\"https:\/\/www.suno.com.br\/noticias\/bolsonaro-bc-monetaria\/#breadcrumb\",\"itemListElement\":[{\"@type\":\"ListItem\",\"position\":1,\"name\":\"Not\u00edcias\",\"item\":\"https:\/\/www.suno.com.br\/noticias\/\"},{\"@type\":\"ListItem\",\"position\":2,\"name\":\"Economia\",\"item\":\"https:\/\/www.suno.com.br\/noticias\/economia\/\"},{\"@type\":\"ListItem\",\"position\":3,\"name\":\"Bolsonaro indica novo diretor de Pol\u00edtica Monet\u00e1ria do BC\"}]},{\"@type\":\"WebSite\",\"@id\":\"https:\/\/www.suno.com.br\/noticias\/#website\",\"url\":\"https:\/\/www.suno.com.br\/noticias\/\",\"name\":\"Suno Not\u00edcias\",\"description\":\"Seu portal de informa\u00e7\u00e3o sobre o mundo dos investimentos\",\"publisher\":{\"@id\":\"https:\/\/www.suno.com.br\/noticias\/#organization\"},\"potentialAction\":[{\"@type\":\"SearchAction\",\"target\":{\"@type\":\"EntryPoint\",\"urlTemplate\":\"https:\/\/www.suno.com.br\/noticias\/?s={search_term_string}\"},\"query-input\":{\"@type\":\"PropertyValueSpecification\",\"valueRequired\":true,\"valueName\":\"search_term_string\"}}],\"inLanguage\":\"pt-BR\"},{\"@type\":\"Organization\",\"@id\":\"https:\/\/www.suno.com.br\/noticias\/#organization\",\"name\":\"Suno Not\u00edcias\",\"url\":\"https:\/\/www.suno.com.br\/noticias\/\",\"logo\":{\"@type\":\"ImageObject\",\"inLanguage\":\"pt-BR\",\"@id\":\"https:\/\/www.suno.com.br\/noticias\/#\/schema\/logo\/image\/\",\"url\":\"https:\/\/files.sunoresearch.com.br\/n\/uploads\/2021\/09\/suno-logo.png\",\"contentUrl\":\"https:\/\/files.sunoresearch.com.br\/n\/uploads\/2021\/09\/suno-logo.png\",\"width\":180,\"height\":180,\"caption\":\"Suno Not\u00edcias\"},\"image\":{\"@id\":\"https:\/\/www.suno.com.br\/noticias\/#\/schema\/logo\/image\/\"},\"sameAs\":[\"https:\/\/facebook.com\/sunoresearch\",\"https:\/\/x.com\/sunoresearch\",\"https:\/\/www.instagram.com\/suno\",\"https:\/\/www.linkedin.com\/company\/suno-research\/\",\"https:\/\/www.youtube.com\/c\/sunoresearch\"]},{\"@type\":\"Person\",\"@id\":\"https:\/\/www.suno.com.br\/noticias\/#\/schema\/person\/a5b06fa4e879d8e8e119c6ed3cd630d1\",\"name\":\"Amanda Gushiken\",\"image\":{\"@type\":\"ImageObject\",\"inLanguage\":\"pt-BR\",\"@id\":\"https:\/\/www.suno.com.br\/noticias\/#\/schema\/person\/image\/\",\"url\":\"https:\/\/secure.gravatar.com\/avatar\/ecd84705e6b65e3685ae80d725501fbe?s=96&r=g\",\"contentUrl\":\"https:\/\/secure.gravatar.com\/avatar\/ecd84705e6b65e3685ae80d725501fbe?s=96&r=g\",\"caption\":\"Amanda Gushiken\"},\"description\":\"Amanda Sayuri Gushiken escreve sobre finan\u00e7as e neg\u00f3cios para o portal Suno Not\u00edcias. Antes, trabalhou selecionando not\u00edcias da imprensa para clientes do mercado financeiro. Tamb\u00e9m desenvolveu pesquisa acad\u00eamica pela Universidade Anhembi Morumbi na \u00e1rea de Teorias da Comunica\u00e7\u00e3o e \u00e9 fot\u00f3grafa nas horas vagas.\",\"url\":\"https:\/\/www.suno.com.br\/noticias\/author\/amanda\/\"}]}<\/script>\n<!-- \/ Yoast SEO plugin. -->","yoast_head_json":{"title":"Bolsonaro indica novo diretor de Pol\u00edtica Monet\u00e1ria do BC","description":"Jair Bolsonaro indicou na quinta-feira (13) Bruno Serra Fernandes para assumir diretoria de Pol\u00edtica Monet\u00e1ria do BC. Clique para saber mais.","robots":{"index":"index","follow":"follow","max-snippet":"max-snippet:-1","max-image-preview":"max-image-preview:large","max-video-preview":"max-video-preview:-1"},"canonical":"https:\/\/www.suno.com.br\/noticias\/bolsonaro-bc-monetaria\/","og_locale":"pt_BR","og_type":"article","og_title":"Bolsonaro indica novo diretor de Pol\u00edtica Monet\u00e1ria do BC","og_description":"Jair Bolsonaro indicou na quinta-feira (13) Bruno Serra Fernandes para assumir diretoria de Pol\u00edtica Monet\u00e1ria do BC. Clique para saber mais.","og_url":"https:\/\/www.suno.com.br\/noticias\/bolsonaro-bc-monetaria\/","og_site_name":"Suno Not\u00edcias","article_publisher":"https:\/\/facebook.com\/sunoresearch","og_image":[{"width":2051,"height":3081,"url":"https:\/\/files.sunoresearch.com.br\/n\/uploads\/2018\/12\/2c1e4757-bolsonaro.jpg","type":"image\/jpeg"}],"author":"Amanda Gushiken","twitter_card":"summary_large_image","twitter_creator":"@sunoresearch","twitter_site":"@sunoresearch","twitter_misc":{"Escrito por":"Amanda Gushiken","Est. tempo de leitura":"2 minutos"},"schema":{"@context":"https:\/\/schema.org","@graph":[{"@type":"NewsArticle","@id":"https:\/\/www.suno.com.br\/noticias\/bolsonaro-bc-monetaria\/#article","isPartOf":{"@id":"https:\/\/www.suno.com.br\/noticias\/bolsonaro-bc-monetaria\/"},"author":{"name":"Amanda Gushiken","@id":"https:\/\/www.suno.com.br\/noticias\/#\/schema\/person\/a5b06fa4e879d8e8e119c6ed3cd630d1"},"headline":"Bolsonaro indica novo diretor de Pol\u00edtica Monet\u00e1ria do BC","datePublished":"2018-12-14T09:56:27+00:00","dateModified":"2021-02-18T01:49:41+00:00","mainEntityOfPage":{"@id":"https:\/\/www.suno.com.br\/noticias\/bolsonaro-bc-monetaria\/"},"wordCount":370,"publisher":{"@id":"https:\/\/www.suno.com.br\/noticias\/#organization"},"image":{"@id":"https:\/\/www.suno.com.br\/noticias\/bolsonaro-bc-monetaria\/#primaryimage"},"thumbnailUrl":"https:\/\/files.sunoresearch.com.br\/n\/uploads\/2018\/12\/2c1e4757-bolsonaro-scaled.webp","keywords":["Banco Central (BC)","Jair Bolsonaro"],"articleSection":["Economia"],"inLanguage":"pt-BR"},{"@type":"WebPage","@id":"https:\/\/www.suno.com.br\/noticias\/bolsonaro-bc-monetaria\/","url":"https:\/\/www.suno.com.br\/noticias\/bolsonaro-bc-monetaria\/","name":"Bolsonaro indica novo diretor de Pol\u00edtica Monet\u00e1ria do BC","isPartOf":{"@id":"https:\/\/www.suno.com.br\/noticias\/#website"},"primaryImageOfPage":{"@id":"https:\/\/www.suno.com.br\/noticias\/bolsonaro-bc-monetaria\/#primaryimage"},"image":{"@id":"https:\/\/www.suno.com.br\/noticias\/bolsonaro-bc-monetaria\/#primaryimage"},"thumbnailUrl":"https:\/\/files.sunoresearch.com.br\/n\/uploads\/2018\/12\/2c1e4757-bolsonaro-scaled.webp","datePublished":"2018-12-14T09:56:27+00:00","dateModified":"2021-02-18T01:49:41+00:00","description":"Jair Bolsonaro indicou na quinta-feira (13) Bruno Serra Fernandes para assumir diretoria de Pol\u00edtica Monet\u00e1ria do BC. Clique para saber mais.","breadcrumb":{"@id":"https:\/\/www.suno.com.br\/noticias\/bolsonaro-bc-monetaria\/#breadcrumb"},"inLanguage":"pt-BR","potentialAction":[{"@type":"ReadAction","target":["https:\/\/www.suno.com.br\/noticias\/bolsonaro-bc-monetaria\/"]}]},{"@type":"ImageObject","inLanguage":"pt-BR","@id":"https:\/\/www.suno.com.br\/noticias\/bolsonaro-bc-monetaria\/#primaryimage","url":"https:\/\/files.sunoresearch.com.br\/n\/uploads\/2018\/12\/2c1e4757-bolsonaro-scaled.webp","contentUrl":"https:\/\/files.sunoresearch.com.br\/n\/uploads\/2018\/12\/2c1e4757-bolsonaro-scaled.webp","width":1704,"height":2560,"caption":"BC: uso de instrumentos cambiais ajudou mercados, diz diretor"},{"@type":"BreadcrumbList","@id":"https:\/\/www.suno.com.br\/noticias\/bolsonaro-bc-monetaria\/#breadcrumb","itemListElement":[{"@type":"ListItem","position":1,"name":"Not\u00edcias","item":"https:\/\/www.suno.com.br\/noticias\/"},{"@type":"ListItem","position":2,"name":"Economia","item":"https:\/\/www.suno.com.br\/noticias\/economia\/"},{"@type":"ListItem","position":3,"name":"Bolsonaro indica novo diretor de Pol\u00edtica Monet\u00e1ria do BC"}]},{"@type":"WebSite","@id":"https:\/\/www.suno.com.br\/noticias\/#website","url":"https:\/\/www.suno.com.br\/noticias\/","name":"Suno Not\u00edcias","description":"Seu portal de informa\u00e7\u00e3o sobre o mundo dos investimentos","publisher":{"@id":"https:\/\/www.suno.com.br\/noticias\/#organization"},"potentialAction":[{"@type":"SearchAction","target":{"@type":"EntryPoint","urlTemplate":"https:\/\/www.suno.com.br\/noticias\/?s={search_term_string}"},"query-input":{"@type":"PropertyValueSpecification","valueRequired":true,"valueName":"search_term_string"}}],"inLanguage":"pt-BR"},{"@type":"Organization","@id":"https:\/\/www.suno.com.br\/noticias\/#organization","name":"Suno Not\u00edcias","url":"https:\/\/www.suno.com.br\/noticias\/","logo":{"@type":"ImageObject","inLanguage":"pt-BR","@id":"https:\/\/www.suno.com.br\/noticias\/#\/schema\/logo\/image\/","url":"https:\/\/files.sunoresearch.com.br\/n\/uploads\/2021\/09\/suno-logo.png","contentUrl":"https:\/\/files.sunoresearch.com.br\/n\/uploads\/2021\/09\/suno-logo.png","width":180,"height":180,"caption":"Suno Not\u00edcias"},"image":{"@id":"https:\/\/www.suno.com.br\/noticias\/#\/schema\/logo\/image\/"},"sameAs":["https:\/\/facebook.com\/sunoresearch","https:\/\/x.com\/sunoresearch","https:\/\/www.instagram.com\/suno","https:\/\/www.linkedin.com\/company\/suno-research\/","https:\/\/www.youtube.com\/c\/sunoresearch"]},{"@type":"Person","@id":"https:\/\/www.suno.com.br\/noticias\/#\/schema\/person\/a5b06fa4e879d8e8e119c6ed3cd630d1","name":"Amanda Gushiken","image":{"@type":"ImageObject","inLanguage":"pt-BR","@id":"https:\/\/www.suno.com.br\/noticias\/#\/schema\/person\/image\/","url":"https:\/\/secure.gravatar.com\/avatar\/ecd84705e6b65e3685ae80d725501fbe?s=96&r=g","contentUrl":"https:\/\/secure.gravatar.com\/avatar\/ecd84705e6b65e3685ae80d725501fbe?s=96&r=g","caption":"Amanda Gushiken"},"description":"Amanda Sayuri Gushiken escreve sobre finan\u00e7as e neg\u00f3cios para o portal Suno Not\u00edcias. Antes, trabalhou selecionando not\u00edcias da imprensa para clientes do mercado financeiro. Tamb\u00e9m desenvolveu pesquisa acad\u00eamica pela Universidade Anhembi Morumbi na \u00e1rea de Teorias da Comunica\u00e7\u00e3o e \u00e9 fot\u00f3grafa nas horas vagas.","url":"https:\/\/www.suno.com.br\/noticias\/author\/amanda\/"}]}},"default_loop_html":"<div class=\"cardsPage__listCard__boxs\"><div class=\"cardsPage__listCard__boxs__img\"><a href=\"https:\/\/www.suno.com.br\/noticias\/bolsonaro-bc-monetaria\/\"><img class=\"mask\" src=\"https:\/\/www.suno.com.br\/noticias\/wp-content\/themes\/suno\/resources\/images\/spotlight\/spotlight1img\/bg-mask.png\" alt=\"Image Mask\"\/><img src=\"https:\/\/files.sunoresearch.com.br\/n\/uploads\/2018\/12\/2c1e4757-bolsonaro-400x200.webp\" alt=\"Bolsonaro indica novo diretor de Pol\u00edtica Monet\u00e1ria do BC\"\/><\/a><span class=\"spotlightCategory\"><a href=\"https:\/\/www.suno.com.br\/noticias\/economia\/\">Economia<\/a><\/span><\/div><div class=\"cardsPage__listCard__boxs__content\"><a href=\"https:\/\/www.suno.com.br\/noticias\/bolsonaro-bc-monetaria\/\"><h2 class=\"content__title\">Bolsonaro indica novo diretor de Pol\u00edtica Monet\u00e1ria do BC<\/h2><\/a><div class=\"newsContent__article__meta\"><div class=\"newsContent__article__meta__authorBox\"><a href=\"https:\/\/www.suno.com.br\/noticias\/author\/amanda\/\" class=\"authorBox__avatar noMobi\"><img src=\"https:\/\/files.sunoresearch.com.br\/n\/uploads\/2018\/11\/c6ad30be-amanda-150x150.webp\" alt=\"Amanda Gushiken\"><\/a><div class=\"authorBox__name\"><span>por\n\t\t\t<a href=\"https:\/\/www.suno.com.br\/noticias\/author\/amanda\/\"><span itemprop=\"author\">Amanda Gushiken<\/span><\/a><\/span><time datetime=\"2018-12-14T07:56:27-02:00\" itemprop=\"datePublished\">14\/12\/2018 07:56<\/time><\/div><\/div><\/div><\/div><\/div>","single_layout":"posts","amp_enabled":true,"_links":{"self":[{"href":"https:\/\/www.suno.com.br\/noticias\/wp-json\/wp\/v2\/posts\/8834"}],"collection":[{"href":"https:\/\/www.suno.com.br\/noticias\/wp-json\/wp\/v2\/posts"}],"about":[{"href":"https:\/\/www.suno.com.br\/noticias\/wp-json\/wp\/v2\/types\/post"}],"author":[{"embeddable":true,"href":"https:\/\/www.suno.com.br\/noticias\/wp-json\/wp\/v2\/users\/12"}],"replies":[{"embeddable":true,"href":"https:\/\/www.suno.com.br\/noticias\/wp-json\/wp\/v2\/comments?post=8834"}],"version-history":[{"count":0,"href":"https:\/\/www.suno.com.br\/noticias\/wp-json\/wp\/v2\/posts\/8834\/revisions"}],"wp:featuredmedia":[{"embeddable":true,"href":"https:\/\/www.suno.com.br\/noticias\/wp-json\/wp\/v2\/media\/8835"}],"wp:attachment":[{"href":"https:\/\/www.suno.com.br\/noticias\/wp-json\/wp\/v2\/media?parent=8834"}],"wp:term":[{"taxonomy":"category","embeddable":true,"href":"https:\/\/www.suno.com.br\/noticias\/wp-json\/wp\/v2\/categories?post=8834"},{"taxonomy":"post_tag","embeddable":true,"href":"https:\/\/www.suno.com.br\/noticias\/wp-json\/wp\/v2\/tags?post=8834"},{"taxonomy":"suno_strategy","embeddable":true,"href":"https:\/\/www.suno.com.br\/noticias\/wp-json\/wp\/v2\/suno_strategy?post=8834"}],"curies":[{"name":"wp","href":"https:\/\/api.w.org\/{rel}","templated":true}]}}