{"id":88188,"date":"2020-09-29T13:01:39","date_gmt":"2020-09-29T16:01:39","guid":{"rendered":"https:\/\/www.suno.com.br\/noticias\/?p=88188"},"modified":"2020-09-29T13:01:55","modified_gmt":"2020-09-29T16:01:55","slug":"iata-demanda-global-transporte-aereo-2020","status":"publish","type":"post","link":"https:\/\/www.suno.com.br\/noticias\/iata-demanda-global-transporte-aereo-2020\/","title":{"rendered":"Iata: demanda global por transporte a\u00e9reo deve recuar 66% em 2020"},"content":{"rendered":"<p>A Associa\u00e7\u00e3o Internacional de Transporte A\u00e9reo (<strong>Iata<\/strong>, na sigla em ingl\u00eas) revisou suas previs\u00f5es para a demanda global (medida pela rela\u00e7\u00e3o passageiro-quil\u00f4metro transportados, ou RPK) por transporte a\u00e9reo neste ano. Segundo as estimativas divulgadas nesta ter\u00e7a-feira (29), a procura deve tombar 66% em compara\u00e7\u00e3o a 2019, frente a uma proje\u00e7\u00e3o de queda de 63% realizada anteriormente.<\/p>\t<div class=\"wrapper-featured-image\">\n\t\t<figure class=\"spotlightImg\">\n\n\t\t\t<picture>\n\t\t\t\t<source media=\"(max-width: 768px)\" srcset=\"https:\/\/files.sunoresearch.com.br\/n\/uploads\/2020\/09\/56c8a515-passageiros-contam-como-tem-sido-viajar-de-aviao-em-tempos-de-pandemia-do-coronavirus-1590776226855_v2_1920x1280-400x200.webp\">\n\t\t\t\t<img loading=\"lazy\" decoding=\"async\" class=\"newsContent__article__imgCapa lazyloadDisabled \" src=\"https:\/\/files.sunoresearch.com.br\/n\/uploads\/2020\/09\/56c8a515-passageiros-contam-como-tem-sido-viajar-de-aviao-em-tempos-de-pandemia-do-coronavirus-1590776226855_v2_1920x1280-800x450.webp\" width=\"800\" height=\"450\" alt=\"Iata: demanda global por transporte a\u00e9reo deve recuar 66% em 2020\" fetchpriority=high \/>\n\t\t\t<\/picture>\n\n\t\t\t<figcaption class=\"wp-caption-text wp-caption-text--show\">A Iata revisou suas previs\u00f5es para a demanda global por transporte a\u00e9reo neste ano, estimando um tombo de 66%. <\/figcaption>\n\t\t<\/figure>\n\t<\/div>\n\n\n<div class=\"hubspot-form-wrapper\">\n\t<div id=\"single-form-target\"><\/div>\n<\/div>\n\n<p>&#8220;Achamos que a temporada de inverno vai ser muito desafiadora para a ind\u00fastria&#8221;, informou o economista-chefe da Iata, <strong>Brian Pearce<\/strong>, durante evento com a imprensa. De acordo com a Iata, os dados de reservas para o quarto trimestre sinalizam um enfraquecimento na demanda, que demonstra uma dificuldade em retomar a tend\u00eancia de crescimento em fun\u00e7\u00e3o da pandemia do<a href=\"https:\/\/www.suno.com.br\/noticias\/?s=coronav%C3%ADrus\"> novo <strong>coronav\u00edrus<\/strong> (Covid-19)<\/a>.<\/p>\n<p>Para outubro, as reservas apresentaram uma baixa de 76%, atingindo 81% e 76% de queda em novembro e dezembro, respectivamente, e refor\u00e7ando um trimestre mais fraco do que o per\u00edodo entre julho e setembro. O economista salientou que o mercado dom\u00e9stico se mostra mais encorajador, enquanto a <strong>demanda<\/strong> internacional em agosto continuou atenuada. &#8220;Mesmo o mercado dom\u00e9stico, que est\u00e1 mostrando mais for\u00e7a, ele tamb\u00e9m est\u00e1 com muita volatilidade&#8221;, afirmou Pearce.<\/p>\n<p><a href=\"https:\/\/lp.suno.com.br\/suno-one\/\">Conhe\u00e7a o Suno One, a central gratuita de informa\u00e7\u00f5es da Suno para quem quer aprender a investir. Acesse clicando aqui.<\/a><\/p>\n<p>Enquanto na <strong>R\u00fassia<\/strong> o mercado dom\u00e9stico j\u00e1 atingiu os n\u00edveis de 2019 no m\u00eas passado, na esteira de um corte mais robusto nas taxas por parte do governo, na <strong>Austr\u00e1lia<\/strong> a demanda do mercado dom\u00e9stico permaneceu 91% abaixo em agosto. O pa\u00eds vem observando a ascens\u00e3o de uma segunda onda da doen\u00e7a, o que impacta os neg\u00f3cios.<\/p>\n<p>Esse segundo movimento da <strong>pandemia<\/strong>, inclusive, trouxe estresse ao mercado e imp\u00f4s dificuldade em regi\u00f5es como no Velho Continente. Por mais que as fronteiras n\u00e3o tenham sido interrompidas, existe uma resist\u00eancia por parte dos consumidores em viajar se eles forem obrigados a ficar em quarentena no pa\u00eds destino.<\/p>\n<h2>Demanda em agosto caiu 75,3%, diz Iata<\/h2>\n<p>A procura global por <strong>transporte a\u00e9reo<\/strong> medida pelo <strong>RPK<\/strong> apresentou queda de 75,3% em agosto na compara\u00e7\u00e3o com igual m\u00eas de 2019, segundo dados da associa\u00e7\u00e3o. As informa\u00e7\u00f5es mostram uma retomada t\u00edmida na compara\u00e7\u00e3o com julho, m\u00eas em que foi registrado queda contra o mesmo per\u00edodo do ano passado, de 79,5%.<\/p>\n<p>A <strong>oferta<\/strong> encerrou agosto com uma baixa de 63,8%. O fator de utiliza\u00e7\u00e3o tombou 27,2 pontos e atingiu o menor n\u00edvel para o m\u00eas, de 58,5%. A Iata piorou tamb\u00e9m as estimativas para a demanda no \u00faltimo m\u00eas do ano. Antes, a organiza\u00e7\u00e3o estimativa uma queda de 55% no RPK, passando a prever um recuo de 68% na compara\u00e7\u00e3o anualizada.<\/p>\n\t<div data-element=\"shortcode-read-more\" class=\"knowMore\">\n\t\t\t\t<span class=\"knowMore__title\">Saiba mais<\/span>\n\t\t\t\t<a class=\"knowMore__link\" href=\"https:\/\/www.suno.com.br\/noticias\/cvc-cvcb3-diz-ter-r-15-bi-em-caixa-e-estar-pronta-para-retomada-do-turismo\/\">\n\t\t\tCVC (CVCB3) diz ter R$ 1,5 bi em caixa e estar pronta para retomada do turismo\t\t<\/a>\n\t<\/div>\n\n\n<p>&#8220;O desempenho desastroso do tr\u00e1fego de agosto imp\u00f4s um teto para a que foi a pior temporada de ver\u00e3o do setor. A recupera\u00e7\u00e3o da demanda internacional \u00e9 virtualmente inexistente e os mercados dom\u00e9sticos na Austr\u00e1lia e no Jap\u00e3o realmente regrediram em face de novos surtos e restri\u00e7\u00f5es de viagens&#8221;, relatou o diretor-geral e CEO da Iata, Alexandre de Juniac.<\/p>\n<p>O cen\u00e1rio \u00e9 ainda mais nebuloso na <strong>Am\u00e9rica Latina<\/strong>, regi\u00e3o que abriga quatro dos 10 pa\u00edses mais impactos pelo coronav\u00edrus. A demanda fechou agosto em queda de 82,8%, superando a m\u00e9dia global para o setor. J\u00e1 a oferta apresentou uma baixa de 77,5%. A\u00a0demanda dom\u00e9stica no <strong>Brasil<\/strong> registrou uma queda de 67% em agosto na compara\u00e7\u00e3o anual. A oferta recuou 64,3%.<\/p>\n<p>Em fun\u00e7\u00e3o das novas previ\u00f5es da <strong>Iata<\/strong>, as companhias a\u00e9reas brasileiras <a href=\"https:\/\/www.suno.com.br\/acoes\/azul4\/\">Azul (AZUL4)<\/a> e <a href=\"https:\/\/www.suno.com.br\/acoes\/goll4\/\">Gol (GOLL4)<\/a> operam em forte queda no preg\u00e3o desta ter\u00e7a-feira. Por volta das 13h, os pap\u00e9is das companhias recuavam, 3,82% e 3,03%, respectivamente.<\/p>\n<p><em>Com informa\u00e7\u00f5es do Estad\u00e3o Conte\u00fado.<\/em><\/p>\n\t<p>\n\t\t<a href=\"https:\/\/lp.suno.com.br\/planilha-de-controle-de-investimentos\/\" target=\"_blank\" data-element=\"shortcode-suno-banner\" title=\"Banner SUNO, clique e saiba mais\">\n\t\t\t<picture>\n\t\t\t\t<source media=\"(max-width: 500px)\" srcset=\"https:\/\/files.sunoresearch.com.br\/n\/uploads\/2023\/03\/400x300-Controle-de-Investimentos.png\">\n\t\t\t\t<img class=\"newsContent__article__imgCapa newsContent__article__imgCapa--banner\"\n\t\t\t\t\tsrc=\"https:\/\/files.sunoresearch.com.br\/n\/uploads\/2023\/03\/1420x240-Controle-de-Investimentos.png\"\n\t\t\t\t\tdata-promo-id=\"75934\"\t\t\t\t\t\t\t\t\t\twidth='1420' height='240'\t\t\t\t\talt=\"https:\/\/files.sunoresearch.com.br\/n\/uploads\/2023\/03\/1420x240-Controle-de-Investimentos.png\"\n\t\t\t\t>\n\t\t\t<\/picture>\n\t\t<\/a>\n\t<\/p>\n\n\n","protected":false},"excerpt":{"rendered":"<p>A Associa\u00e7\u00e3o Internacional de Transporte A\u00e9reo (Iata, na sigla em ingl\u00eas) revisou suas previs\u00f5es para a demanda global (medida pela rela\u00e7\u00e3o passageiro-quil\u00f4metro transportados, ou RPK) por transporte a\u00e9reo neste ano. Segundo as estimativas divulgadas nesta ter\u00e7a-feira (29), a procura deve tombar 66% em compara\u00e7\u00e3o a 2019, frente a uma proje\u00e7\u00e3o de queda de 63% realizada [&hellip;]<\/p>\n","protected":false},"author":24,"featured_media":88200,"comment_status":"closed","ping_status":"closed","sticky":false,"template":"","format":"standard","meta":[],"categories":[63],"tags":[106932,2487,489,1542],"suno_strategy":[],"class_list":["post-88188","post","type-post","status-publish","format-standard","has-post-thumbnail","hentry","category-internacional","tag-azul-azul4","tag-coronavirus","tag-gol-linhas-aereas-goll11-goll4","tag-iata"],"yoast_head":"<!-- This site is optimized with the Yoast SEO plugin v24.4 - https:\/\/yoast.com\/wordpress\/plugins\/seo\/ -->\n<title>Iata: demanda global por transporte a\u00e9reo deve recuar 66% em 2020<\/title>\n<meta name=\"description\" content=\"A Iata revisou suas previs\u00f5es para a demanda global por transporte a\u00e9reo neste ano, estimando um tombo de 66%. Clique e saiba mais.\" \/>\n<meta name=\"robots\" content=\"index, follow, max-snippet:-1, max-image-preview:large, max-video-preview:-1\" \/>\n<link rel=\"canonical\" href=\"https:\/\/www.suno.com.br\/noticias\/iata-demanda-global-transporte-aereo-2020\/\" \/>\n<meta property=\"og:locale\" content=\"pt_BR\" \/>\n<meta property=\"og:type\" content=\"article\" \/>\n<meta property=\"og:title\" content=\"Iata: demanda global por transporte a\u00e9reo deve recuar 66% em 2020\" \/>\n<meta property=\"og:description\" content=\"A Iata revisou suas previs\u00f5es para a demanda global por transporte a\u00e9reo neste ano, estimando um tombo de 66%. Clique e saiba mais.\" \/>\n<meta property=\"og:url\" content=\"https:\/\/www.suno.com.br\/noticias\/iata-demanda-global-transporte-aereo-2020\/\" \/>\n<meta property=\"og:site_name\" content=\"Suno Not\u00edcias\" \/>\n<meta property=\"article:publisher\" content=\"https:\/\/facebook.com\/sunoresearch\" \/>\n<meta property=\"og:image\" content=\"https:\/\/files.sunoresearch.com.br\/n\/uploads\/2020\/09\/56c8a515-passageiros-contam-como-tem-sido-viajar-de-aviao-em-tempos-de-pandemia-do-coronavirus-1590776226855_v2_1920x1280.jpg\" \/>\n\t<meta property=\"og:image:width\" content=\"1920\" \/>\n\t<meta property=\"og:image:height\" content=\"1280\" \/>\n\t<meta property=\"og:image:type\" content=\"image\/jpeg\" \/>\n<meta name=\"author\" content=\"Jader Lazarini\" \/>\n<meta name=\"twitter:card\" content=\"summary_large_image\" \/>\n<meta name=\"twitter:creator\" content=\"@sunoresearch\" \/>\n<meta name=\"twitter:site\" content=\"@sunoresearch\" \/>\n<meta name=\"twitter:label1\" content=\"Escrito por\" \/>\n\t<meta name=\"twitter:data1\" content=\"Jader Lazarini\" \/>\n\t<meta name=\"twitter:label2\" content=\"Est. tempo de leitura\" \/>\n\t<meta name=\"twitter:data2\" content=\"3 minutos\" \/>\n<script type=\"application\/ld+json\" class=\"yoast-schema-graph\">{\"@context\":\"https:\/\/schema.org\",\"@graph\":[{\"@type\":\"NewsArticle\",\"@id\":\"https:\/\/www.suno.com.br\/noticias\/iata-demanda-global-transporte-aereo-2020\/#article\",\"isPartOf\":{\"@id\":\"https:\/\/www.suno.com.br\/noticias\/iata-demanda-global-transporte-aereo-2020\/\"},\"author\":{\"name\":\"Jader Lazarini\",\"@id\":\"https:\/\/www.suno.com.br\/noticias\/#\/schema\/person\/918d79de1f0281f01599b93f9ea6e23f\"},\"headline\":\"Iata: demanda global por transporte a\u00e9reo deve recuar 66% em 2020\",\"datePublished\":\"2020-09-29T16:01:39+00:00\",\"dateModified\":\"2020-09-29T16:01:55+00:00\",\"mainEntityOfPage\":{\"@id\":\"https:\/\/www.suno.com.br\/noticias\/iata-demanda-global-transporte-aereo-2020\/\"},\"wordCount\":677,\"publisher\":{\"@id\":\"https:\/\/www.suno.com.br\/noticias\/#organization\"},\"image\":{\"@id\":\"https:\/\/www.suno.com.br\/noticias\/iata-demanda-global-transporte-aereo-2020\/#primaryimage\"},\"thumbnailUrl\":\"https:\/\/files.sunoresearch.com.br\/n\/uploads\/2020\/09\/56c8a515-passageiros-contam-como-tem-sido-viajar-de-aviao-em-tempos-de-pandemia-do-coronavirus-1590776226855_v2_1920x1280-jpg.webp\",\"keywords\":[\"Azul (AZUL4)\",\"coronav\u00edrus\",\"Gol Linhas A\u00e9reas (GOLL11\/GOLL4)\",\"Iata\"],\"articleSection\":[\"Internacional\"],\"inLanguage\":\"pt-BR\"},{\"@type\":\"WebPage\",\"@id\":\"https:\/\/www.suno.com.br\/noticias\/iata-demanda-global-transporte-aereo-2020\/\",\"url\":\"https:\/\/www.suno.com.br\/noticias\/iata-demanda-global-transporte-aereo-2020\/\",\"name\":\"Iata: demanda global por transporte a\u00e9reo deve recuar 66% em 2020\",\"isPartOf\":{\"@id\":\"https:\/\/www.suno.com.br\/noticias\/#website\"},\"primaryImageOfPage\":{\"@id\":\"https:\/\/www.suno.com.br\/noticias\/iata-demanda-global-transporte-aereo-2020\/#primaryimage\"},\"image\":{\"@id\":\"https:\/\/www.suno.com.br\/noticias\/iata-demanda-global-transporte-aereo-2020\/#primaryimage\"},\"thumbnailUrl\":\"https:\/\/files.sunoresearch.com.br\/n\/uploads\/2020\/09\/56c8a515-passageiros-contam-como-tem-sido-viajar-de-aviao-em-tempos-de-pandemia-do-coronavirus-1590776226855_v2_1920x1280-jpg.webp\",\"datePublished\":\"2020-09-29T16:01:39+00:00\",\"dateModified\":\"2020-09-29T16:01:55+00:00\",\"description\":\"A Iata revisou suas previs\u00f5es para a demanda global por transporte a\u00e9reo neste ano, estimando um tombo de 66%. Clique e saiba mais.\",\"breadcrumb\":{\"@id\":\"https:\/\/www.suno.com.br\/noticias\/iata-demanda-global-transporte-aereo-2020\/#breadcrumb\"},\"inLanguage\":\"pt-BR\",\"potentialAction\":[{\"@type\":\"ReadAction\",\"target\":[\"https:\/\/www.suno.com.br\/noticias\/iata-demanda-global-transporte-aereo-2020\/\"]}]},{\"@type\":\"ImageObject\",\"inLanguage\":\"pt-BR\",\"@id\":\"https:\/\/www.suno.com.br\/noticias\/iata-demanda-global-transporte-aereo-2020\/#primaryimage\",\"url\":\"https:\/\/files.sunoresearch.com.br\/n\/uploads\/2020\/09\/56c8a515-passageiros-contam-como-tem-sido-viajar-de-aviao-em-tempos-de-pandemia-do-coronavirus-1590776226855_v2_1920x1280-jpg.webp\",\"contentUrl\":\"https:\/\/files.sunoresearch.com.br\/n\/uploads\/2020\/09\/56c8a515-passageiros-contam-como-tem-sido-viajar-de-aviao-em-tempos-de-pandemia-do-coronavirus-1590776226855_v2_1920x1280-jpg.webp\",\"width\":1920,\"height\":1280,\"caption\":\"A Iata revisou suas previs\u00f5es para a demanda global por transporte a\u00e9reo neste ano, estimando um tombo de 66%.\"},{\"@type\":\"BreadcrumbList\",\"@id\":\"https:\/\/www.suno.com.br\/noticias\/iata-demanda-global-transporte-aereo-2020\/#breadcrumb\",\"itemListElement\":[{\"@type\":\"ListItem\",\"position\":1,\"name\":\"Not\u00edcias\",\"item\":\"https:\/\/www.suno.com.br\/noticias\/\"},{\"@type\":\"ListItem\",\"position\":2,\"name\":\"Internacional\",\"item\":\"https:\/\/www.suno.com.br\/noticias\/internacional\/\"},{\"@type\":\"ListItem\",\"position\":3,\"name\":\"Iata: demanda global por transporte a\u00e9reo deve recuar 66% em 2020\"}]},{\"@type\":\"WebSite\",\"@id\":\"https:\/\/www.suno.com.br\/noticias\/#website\",\"url\":\"https:\/\/www.suno.com.br\/noticias\/\",\"name\":\"Suno Not\u00edcias\",\"description\":\"Seu portal de informa\u00e7\u00e3o sobre o mundo dos investimentos\",\"publisher\":{\"@id\":\"https:\/\/www.suno.com.br\/noticias\/#organization\"},\"potentialAction\":[{\"@type\":\"SearchAction\",\"target\":{\"@type\":\"EntryPoint\",\"urlTemplate\":\"https:\/\/www.suno.com.br\/noticias\/?s={search_term_string}\"},\"query-input\":{\"@type\":\"PropertyValueSpecification\",\"valueRequired\":true,\"valueName\":\"search_term_string\"}}],\"inLanguage\":\"pt-BR\"},{\"@type\":\"Organization\",\"@id\":\"https:\/\/www.suno.com.br\/noticias\/#organization\",\"name\":\"Suno Not\u00edcias\",\"url\":\"https:\/\/www.suno.com.br\/noticias\/\",\"logo\":{\"@type\":\"ImageObject\",\"inLanguage\":\"pt-BR\",\"@id\":\"https:\/\/www.suno.com.br\/noticias\/#\/schema\/logo\/image\/\",\"url\":\"https:\/\/files.sunoresearch.com.br\/n\/uploads\/2021\/09\/suno-logo.png\",\"contentUrl\":\"https:\/\/files.sunoresearch.com.br\/n\/uploads\/2021\/09\/suno-logo.png\",\"width\":180,\"height\":180,\"caption\":\"Suno Not\u00edcias\"},\"image\":{\"@id\":\"https:\/\/www.suno.com.br\/noticias\/#\/schema\/logo\/image\/\"},\"sameAs\":[\"https:\/\/facebook.com\/sunoresearch\",\"https:\/\/x.com\/sunoresearch\",\"https:\/\/www.instagram.com\/suno\",\"https:\/\/www.linkedin.com\/company\/suno-research\/\",\"https:\/\/www.youtube.com\/c\/sunoresearch\"]},{\"@type\":\"Person\",\"@id\":\"https:\/\/www.suno.com.br\/noticias\/#\/schema\/person\/918d79de1f0281f01599b93f9ea6e23f\",\"name\":\"Jader Lazarini\",\"image\":{\"@type\":\"ImageObject\",\"inLanguage\":\"pt-BR\",\"@id\":\"https:\/\/www.suno.com.br\/noticias\/#\/schema\/person\/image\/\",\"url\":\"https:\/\/secure.gravatar.com\/avatar\/3c1ad8caa51589841baeb923fcddea97?s=96&r=g\",\"contentUrl\":\"https:\/\/secure.gravatar.com\/avatar\/3c1ad8caa51589841baeb923fcddea97?s=96&r=g\",\"caption\":\"Jader Lazarini\"},\"description\":\"Jader Lazarini escreve sobre investimentos, finan\u00e7as, economia e neg\u00f3cios. \u00c9 bacharel em Rela\u00e7\u00f5es Internacionais e analista CNPI (2619).\",\"url\":\"https:\/\/www.suno.com.br\/noticias\/author\/jader-lazarini\/\"}]}<\/script>\n<!-- \/ Yoast SEO plugin. -->","yoast_head_json":{"title":"Iata: demanda global por transporte a\u00e9reo deve recuar 66% em 2020","description":"A Iata revisou suas previs\u00f5es para a demanda global por transporte a\u00e9reo neste ano, estimando um tombo de 66%. Clique e saiba mais.","robots":{"index":"index","follow":"follow","max-snippet":"max-snippet:-1","max-image-preview":"max-image-preview:large","max-video-preview":"max-video-preview:-1"},"canonical":"https:\/\/www.suno.com.br\/noticias\/iata-demanda-global-transporte-aereo-2020\/","og_locale":"pt_BR","og_type":"article","og_title":"Iata: demanda global por transporte a\u00e9reo deve recuar 66% em 2020","og_description":"A Iata revisou suas previs\u00f5es para a demanda global por transporte a\u00e9reo neste ano, estimando um tombo de 66%. Clique e saiba mais.","og_url":"https:\/\/www.suno.com.br\/noticias\/iata-demanda-global-transporte-aereo-2020\/","og_site_name":"Suno Not\u00edcias","article_publisher":"https:\/\/facebook.com\/sunoresearch","og_image":[{"width":1920,"height":1280,"url":"https:\/\/files.sunoresearch.com.br\/n\/uploads\/2020\/09\/56c8a515-passageiros-contam-como-tem-sido-viajar-de-aviao-em-tempos-de-pandemia-do-coronavirus-1590776226855_v2_1920x1280.jpg","type":"image\/jpeg"}],"author":"Jader Lazarini","twitter_card":"summary_large_image","twitter_creator":"@sunoresearch","twitter_site":"@sunoresearch","twitter_misc":{"Escrito por":"Jader Lazarini","Est. tempo de leitura":"3 minutos"},"schema":{"@context":"https:\/\/schema.org","@graph":[{"@type":"NewsArticle","@id":"https:\/\/www.suno.com.br\/noticias\/iata-demanda-global-transporte-aereo-2020\/#article","isPartOf":{"@id":"https:\/\/www.suno.com.br\/noticias\/iata-demanda-global-transporte-aereo-2020\/"},"author":{"name":"Jader Lazarini","@id":"https:\/\/www.suno.com.br\/noticias\/#\/schema\/person\/918d79de1f0281f01599b93f9ea6e23f"},"headline":"Iata: demanda global por transporte a\u00e9reo deve recuar 66% em 2020","datePublished":"2020-09-29T16:01:39+00:00","dateModified":"2020-09-29T16:01:55+00:00","mainEntityOfPage":{"@id":"https:\/\/www.suno.com.br\/noticias\/iata-demanda-global-transporte-aereo-2020\/"},"wordCount":677,"publisher":{"@id":"https:\/\/www.suno.com.br\/noticias\/#organization"},"image":{"@id":"https:\/\/www.suno.com.br\/noticias\/iata-demanda-global-transporte-aereo-2020\/#primaryimage"},"thumbnailUrl":"https:\/\/files.sunoresearch.com.br\/n\/uploads\/2020\/09\/56c8a515-passageiros-contam-como-tem-sido-viajar-de-aviao-em-tempos-de-pandemia-do-coronavirus-1590776226855_v2_1920x1280-jpg.webp","keywords":["Azul (AZUL4)","coronav\u00edrus","Gol Linhas A\u00e9reas (GOLL11\/GOLL4)","Iata"],"articleSection":["Internacional"],"inLanguage":"pt-BR"},{"@type":"WebPage","@id":"https:\/\/www.suno.com.br\/noticias\/iata-demanda-global-transporte-aereo-2020\/","url":"https:\/\/www.suno.com.br\/noticias\/iata-demanda-global-transporte-aereo-2020\/","name":"Iata: demanda global por transporte a\u00e9reo deve recuar 66% em 2020","isPartOf":{"@id":"https:\/\/www.suno.com.br\/noticias\/#website"},"primaryImageOfPage":{"@id":"https:\/\/www.suno.com.br\/noticias\/iata-demanda-global-transporte-aereo-2020\/#primaryimage"},"image":{"@id":"https:\/\/www.suno.com.br\/noticias\/iata-demanda-global-transporte-aereo-2020\/#primaryimage"},"thumbnailUrl":"https:\/\/files.sunoresearch.com.br\/n\/uploads\/2020\/09\/56c8a515-passageiros-contam-como-tem-sido-viajar-de-aviao-em-tempos-de-pandemia-do-coronavirus-1590776226855_v2_1920x1280-jpg.webp","datePublished":"2020-09-29T16:01:39+00:00","dateModified":"2020-09-29T16:01:55+00:00","description":"A Iata revisou suas previs\u00f5es para a demanda global por transporte a\u00e9reo neste ano, estimando um tombo de 66%. Clique e saiba mais.","breadcrumb":{"@id":"https:\/\/www.suno.com.br\/noticias\/iata-demanda-global-transporte-aereo-2020\/#breadcrumb"},"inLanguage":"pt-BR","potentialAction":[{"@type":"ReadAction","target":["https:\/\/www.suno.com.br\/noticias\/iata-demanda-global-transporte-aereo-2020\/"]}]},{"@type":"ImageObject","inLanguage":"pt-BR","@id":"https:\/\/www.suno.com.br\/noticias\/iata-demanda-global-transporte-aereo-2020\/#primaryimage","url":"https:\/\/files.sunoresearch.com.br\/n\/uploads\/2020\/09\/56c8a515-passageiros-contam-como-tem-sido-viajar-de-aviao-em-tempos-de-pandemia-do-coronavirus-1590776226855_v2_1920x1280-jpg.webp","contentUrl":"https:\/\/files.sunoresearch.com.br\/n\/uploads\/2020\/09\/56c8a515-passageiros-contam-como-tem-sido-viajar-de-aviao-em-tempos-de-pandemia-do-coronavirus-1590776226855_v2_1920x1280-jpg.webp","width":1920,"height":1280,"caption":"A Iata revisou suas previs\u00f5es para a demanda global por transporte a\u00e9reo neste ano, estimando um tombo de 66%."},{"@type":"BreadcrumbList","@id":"https:\/\/www.suno.com.br\/noticias\/iata-demanda-global-transporte-aereo-2020\/#breadcrumb","itemListElement":[{"@type":"ListItem","position":1,"name":"Not\u00edcias","item":"https:\/\/www.suno.com.br\/noticias\/"},{"@type":"ListItem","position":2,"name":"Internacional","item":"https:\/\/www.suno.com.br\/noticias\/internacional\/"},{"@type":"ListItem","position":3,"name":"Iata: demanda global por transporte a\u00e9reo deve recuar 66% em 2020"}]},{"@type":"WebSite","@id":"https:\/\/www.suno.com.br\/noticias\/#website","url":"https:\/\/www.suno.com.br\/noticias\/","name":"Suno Not\u00edcias","description":"Seu portal de informa\u00e7\u00e3o sobre o mundo dos investimentos","publisher":{"@id":"https:\/\/www.suno.com.br\/noticias\/#organization"},"potentialAction":[{"@type":"SearchAction","target":{"@type":"EntryPoint","urlTemplate":"https:\/\/www.suno.com.br\/noticias\/?s={search_term_string}"},"query-input":{"@type":"PropertyValueSpecification","valueRequired":true,"valueName":"search_term_string"}}],"inLanguage":"pt-BR"},{"@type":"Organization","@id":"https:\/\/www.suno.com.br\/noticias\/#organization","name":"Suno Not\u00edcias","url":"https:\/\/www.suno.com.br\/noticias\/","logo":{"@type":"ImageObject","inLanguage":"pt-BR","@id":"https:\/\/www.suno.com.br\/noticias\/#\/schema\/logo\/image\/","url":"https:\/\/files.sunoresearch.com.br\/n\/uploads\/2021\/09\/suno-logo.png","contentUrl":"https:\/\/files.sunoresearch.com.br\/n\/uploads\/2021\/09\/suno-logo.png","width":180,"height":180,"caption":"Suno Not\u00edcias"},"image":{"@id":"https:\/\/www.suno.com.br\/noticias\/#\/schema\/logo\/image\/"},"sameAs":["https:\/\/facebook.com\/sunoresearch","https:\/\/x.com\/sunoresearch","https:\/\/www.instagram.com\/suno","https:\/\/www.linkedin.com\/company\/suno-research\/","https:\/\/www.youtube.com\/c\/sunoresearch"]},{"@type":"Person","@id":"https:\/\/www.suno.com.br\/noticias\/#\/schema\/person\/918d79de1f0281f01599b93f9ea6e23f","name":"Jader Lazarini","image":{"@type":"ImageObject","inLanguage":"pt-BR","@id":"https:\/\/www.suno.com.br\/noticias\/#\/schema\/person\/image\/","url":"https:\/\/secure.gravatar.com\/avatar\/3c1ad8caa51589841baeb923fcddea97?s=96&r=g","contentUrl":"https:\/\/secure.gravatar.com\/avatar\/3c1ad8caa51589841baeb923fcddea97?s=96&r=g","caption":"Jader Lazarini"},"description":"Jader Lazarini escreve sobre investimentos, finan\u00e7as, economia e neg\u00f3cios. \u00c9 bacharel em Rela\u00e7\u00f5es Internacionais e analista CNPI (2619).","url":"https:\/\/www.suno.com.br\/noticias\/author\/jader-lazarini\/"}]}},"default_loop_html":"<div class=\"cardsPage__listCard__boxs\"><div class=\"cardsPage__listCard__boxs__img\"><a href=\"https:\/\/www.suno.com.br\/noticias\/iata-demanda-global-transporte-aereo-2020\/\"><img class=\"mask\" src=\"https:\/\/www.suno.com.br\/noticias\/wp-content\/themes\/suno\/resources\/images\/spotlight\/spotlight1img\/bg-mask.png\" alt=\"Image Mask\"\/><img src=\"https:\/\/files.sunoresearch.com.br\/n\/uploads\/2020\/09\/56c8a515-passageiros-contam-como-tem-sido-viajar-de-aviao-em-tempos-de-pandemia-do-coronavirus-1590776226855_v2_1920x1280-400x200.webp\" alt=\"Iata: demanda global por transporte a\u00e9reo deve recuar 66% em 2020\"\/><\/a><span class=\"spotlightCategory\"><a href=\"https:\/\/www.suno.com.br\/noticias\/internacional\/\">Internacional<\/a><\/span><\/div><div class=\"cardsPage__listCard__boxs__content\"><a href=\"https:\/\/www.suno.com.br\/noticias\/iata-demanda-global-transporte-aereo-2020\/\"><h2 class=\"content__title\">Iata: demanda global por transporte a\u00e9reo deve recuar 66% em 2020<\/h2><\/a><div class=\"newsContent__article__meta\"><div class=\"newsContent__article__meta__authorBox\"><a href=\"https:\/\/www.suno.com.br\/noticias\/author\/jader-lazarini\/\" class=\"authorBox__avatar noMobi\"><img src=\"https:\/\/files.sunoresearch.com.br\/n\/uploads\/2021\/01\/178e6598-foto-perfil-2-150x150.jpg\" alt=\"Jader Lazarini\"><\/a><div class=\"authorBox__name\"><span>por\n\t\t\t<a href=\"https:\/\/www.suno.com.br\/noticias\/author\/jader-lazarini\/\"><span itemprop=\"author\">Jader Lazarini<\/span><\/a><\/span><time datetime=\"2020-09-29T13:01:39-03:00\" itemprop=\"datePublished\">29\/09\/2020 13:01<\/time><\/div><\/div><\/div><\/div><\/div>","single_layout":"posts","amp_enabled":true,"_links":{"self":[{"href":"https:\/\/www.suno.com.br\/noticias\/wp-json\/wp\/v2\/posts\/88188"}],"collection":[{"href":"https:\/\/www.suno.com.br\/noticias\/wp-json\/wp\/v2\/posts"}],"about":[{"href":"https:\/\/www.suno.com.br\/noticias\/wp-json\/wp\/v2\/types\/post"}],"author":[{"embeddable":true,"href":"https:\/\/www.suno.com.br\/noticias\/wp-json\/wp\/v2\/users\/24"}],"replies":[{"embeddable":true,"href":"https:\/\/www.suno.com.br\/noticias\/wp-json\/wp\/v2\/comments?post=88188"}],"version-history":[{"count":0,"href":"https:\/\/www.suno.com.br\/noticias\/wp-json\/wp\/v2\/posts\/88188\/revisions"}],"wp:featuredmedia":[{"embeddable":true,"href":"https:\/\/www.suno.com.br\/noticias\/wp-json\/wp\/v2\/media\/88200"}],"wp:attachment":[{"href":"https:\/\/www.suno.com.br\/noticias\/wp-json\/wp\/v2\/media?parent=88188"}],"wp:term":[{"taxonomy":"category","embeddable":true,"href":"https:\/\/www.suno.com.br\/noticias\/wp-json\/wp\/v2\/categories?post=88188"},{"taxonomy":"post_tag","embeddable":true,"href":"https:\/\/www.suno.com.br\/noticias\/wp-json\/wp\/v2\/tags?post=88188"},{"taxonomy":"suno_strategy","embeddable":true,"href":"https:\/\/www.suno.com.br\/noticias\/wp-json\/wp\/v2\/suno_strategy?post=88188"}],"curies":[{"name":"wp","href":"https:\/\/api.w.org\/{rel}","templated":true}]}}